{"id":457998,"date":"2013-12-05T00:59:42","date_gmt":"2013-12-05T01:59:42","guid":{"rendered":"http:\/\/www.eldigitaldeasturias.com\/noticias\/?p=457998"},"modified":"2013-12-05T00:59:42","modified_gmt":"2013-12-05T01:59:42","slug":"alterio-y-tejero-defienden-los-festivales-de-cine-como-escaparates-de-talento","status":"publish","type":"post","link":"https:\/\/www.eldigitaldeasturias.com\/noticias\/alterio-y-tejero-defienden-los-festivales-de-cine-como-escaparates-de-talento\/","title":{"rendered":"Alterio y Tejero defienden los festivales de cine como escaparates de talento"},"content":{"rendered":"<p><img loading=\"lazy\" decoding=\"async\" class=\"alignleft size-medium wp-image-457999\" alt=\"5772597w\" src=\"https:\/\/www.eldigitaldeasturias.com\/noticias\/wp-content\/uploads\/2013\/12\/5772597w-360x264.jpg\" width=\"360\" height=\"264\" \/>Aguilar de Campoo (Palencia), 4 dic (EFE).- Los actores Fernando Tejero y Malena Alterio, galardonados con el Aguila de Oro del Festival Internacional de Cortometrajes (FICA) de Aguilar de Campoo (Palencia), han defendido la importancia de festivales como escaparate de talento y han lamentado la falta de apoyos al cine.<\/p>\n<p>\u00abFestivales como este son oro para dar cancha al mundo del cortometraje, un veh\u00edculo muy potente para experimentar sin presiones\u00bb, ha asegurado Malena Alterio, que ha recibido hoy, junto a su colega Fernando Tejero, el m\u00e1ximo reconocimiento del FICA, que proyectar\u00e1 en su vigesimoquinta edici\u00f3n 111 cortometrajes hasta el pr\u00f3ximo domingo.<\/p>\n<p>En rueda de prensa, Malena Alterio ha valorado \u00abla libertad\u00bb que da trabajar en cortometrajes \u00abdonde todo se hace m\u00e1s de coraz\u00f3n y la presi\u00f3n es mucho menor\u00bb, mientras que Fernando Tejero ha destacado la importancia de estos \u00abescaparates\u00bb donde se muestra el trabajo de \u00abla cantera\u00bb y el de gente ya consolidada.<\/p>\n<p>Ambos han lamentado la falta de apoyo por parte del Gobierno de Espa\u00f1a y del resto de la administraciones a la industria cinematogr\u00e1fica y han subrayado las dificultades que entra\u00f1a sacar adelante en estos tiempos cualquier proyecto.<\/p>\n<p>\u00abLa distribuci\u00f3n del cine se est\u00e1 complicando desde la llegada de internet, y la crisis econ\u00f3mica est\u00e1 afectando mucho a la industria. Sobre todo, la subida del IVA al 21 por ciento\u00bb, ha se\u00f1alado la actriz, quien ha puesto como ejemplo para imitar el modelo de protecci\u00f3n de la industria cinematogr\u00e1fica de Francia.<\/p>\n<p>\u00abFrancia es un buen ejemplo a seguir, pero los gobernantes no est\u00e1n por la labor y, en lugar de apoyar la cultura, parece que han iniciado una especie de venganza contra los actores y el cine\u00bb, ha manifestado Tejero.<\/p>\n<p>Sobre el premio con el que el Festival de Aguilar de Campoo reconoce su trayectoria, Tejero lo ha recibido como \u00abun mimo que necesitaba especialmente en este momento\u00bb.<\/p>\n<p>\u00abYo me he visto muy mayor recibiendo un premio a toda mi trayectoria\u00bb, ha bromeado Malena Alterio.<\/p>\n<p>Los dos han destacado la trayectoria del festival, que cumple 25 a\u00f1os, y han reconocido sentirse halagados por compartir este galard\u00f3n con compa\u00f1eros como Maribel Verd\u00fa, Alfredo Landa, Elena Anaya, Eduardo Noriega, Concha Velasco, Ic\u00edar Bolla\u00edn, \u00c1lex de la Iglesia o la familia Bardem, entre otros.<\/p>\n<p>Por su parte el director de cortometrajes Ram\u00f3n Margareto, que se estrena este a\u00f1o como director art\u00edstico del certamen, ha asegurado que se est\u00e1 produciendo un \u00abboom\u00bb del cortometraje y que en estos momentos la industria del corto tiene m\u00e1s solidez que la del largometraje.<\/p>\n<p>\u00abTanto que ya se est\u00e1n dando los pasos para crear una academia del cortometraje\u00bb, ha manifestado.<\/p>\n<p>En su opini\u00f3n, el Festival de Aguilar ha tenido grandes aciertos a lo largo de estos 25 a\u00f1os y uno de los m\u00e1s importantes ha sido conceder mil euros a cada uno de los cortometrajes seleccionados para competir en la secci\u00f3n nacional.<\/p>\n<p>\u00abEsta ha sido una de las razonas por las que el Festival de Aguilar es uno de los mejor valorados\u00bb, ha se\u00f1alado Margareto, incidiendo en que para un cortometrajista mil euros pueden ser el germen de un nuevo trabajo.<\/p>\n","protected":false},"excerpt":{"rendered":"<p>Aguilar de Campoo (Palencia), 4 dic (EFE).- Los actores Fernando Tejero y Malena Alterio, galardonados con el Aguila de Oro del Festival Internacional de Cortometrajes (FICA) de Aguilar de Campoo (Palencia), han defendido la importancia de festivales como escaparate de talento y han lamentado la falta de apoyos al cine. \u00abFestivales como este son oro [&hellip;]<\/p>\n","protected":false},"author":1,"featured_media":457999,"comment_status":"closed","ping_status":"open","sticky":false,"template":"","format":"standard","meta":{"footnotes":""},"categories":[50],"tags":[],"class_list":["post-457998","post","type-post","status-publish","format-standard","has-post-thumbnail","hentry","category-revista-de-ocio"],"aioseo_notices":[],"aioseo_head":"\n\t\t<!-- All in One SEO Pro 5.0.1 - aioseo.com -->\n\t<meta name=\"description\" content=\"Aguilar de Campoo (Palencia), 4 dic (EFE).- Los actores Fernando Tejero y Malena Alterio, galardonados con el Aguila de Oro del Festival Internacional de Cortometrajes (FICA) de Aguilar de Campoo (Palencia), han defendido la importancia de festivales como escaparate de talento y han lamentado la falta de apoyos al cine. &quot;Festivales como este son oro\" \/>\n\t<meta name=\"robots\" content=\"max-image-preview:large\" \/>\n\t<meta name=\"author\" content=\"El Digital de Asturias\"\/>\n\t<meta name=\"google-site-verification\" content=\"UA-38556648-1\" \/>\n\t<meta name=\"msvalidate.01\" content=\"7dfe9f3f1b24437ab69f4f2559babe99\" \/>\n\t<meta name=\"keywords\" content=\"revista de ocio\" \/>\n\t<link rel=\"canonical\" href=\"https:\/\/www.eldigitaldeasturias.com\/noticias\/alterio-y-tejero-defienden-los-festivales-de-cine-como-escaparates-de-talento\/\" \/>\n\t<meta name=\"generator\" content=\"All in One SEO Pro (AIOSEO) 5.0.1\" \/>\n\t\t<meta property=\"og:locale\" content=\"es_ES\" \/>\n\t\t<meta property=\"og:site_name\" content=\"El Digital de Asturias\" \/>\n\t\t<meta property=\"og:type\" content=\"article\" \/>\n\t\t<meta property=\"og:title\" content=\"Alterio y Tejero defienden los festivales de cine como escaparates de talento - El Digital de Asturias\" \/>\n\t\t<meta property=\"og:description\" content=\"Aguilar de Campoo (Palencia), 4 dic (EFE).- Los actores Fernando Tejero y Malena Alterio, galardonados con el Aguila de Oro del Festival Internacional de Cortometrajes (FICA) de Aguilar de Campoo (Palencia), han defendido la importancia de festivales como escaparate de talento y han lamentado la falta de apoyos al cine. &quot;Festivales como este son oro\" \/>\n\t\t<meta property=\"og:url\" content=\"https:\/\/www.eldigitaldeasturias.com\/noticias\/alterio-y-tejero-defienden-los-festivales-de-cine-como-escaparates-de-talento\/\" \/>\n\t\t<meta property=\"article:tag\" content=\"revista de ocio\" \/>\n\t\t<meta property=\"article:published_time\" content=\"2013-12-05T01:59:42+00:00\" \/>\n\t\t<meta property=\"article:modified_time\" content=\"2013-12-05T01:59:42+00:00\" \/>\n\t\t<meta property=\"article:publisher\" content=\"https:\/\/facebook.com\/eldigitaldeasturias\" \/>\n\t\t<meta name=\"twitter:card\" content=\"summary_large_image\" \/>\n\t\t<meta name=\"twitter:title\" content=\"Alterio y Tejero defienden los festivales de cine como escaparates de talento - El Digital de Asturias\" \/>\n\t\t<meta name=\"twitter:description\" content=\"Aguilar de Campoo (Palencia), 4 dic (EFE).- Los actores Fernando Tejero y Malena Alterio, galardonados con el Aguila de Oro del Festival Internacional de Cortometrajes (FICA) de Aguilar de Campoo (Palencia), han defendido la importancia de festivales como escaparate de talento y han lamentado la falta de apoyos al cine. &quot;Festivales como este son oro\" \/>\n\t\t<meta name=\"twitter:label1\" content=\"Escrito por\" \/>\n\t\t<meta name=\"twitter:data1\" content=\"El Digital de Asturias\" \/>\n\t\t<meta name=\"twitter:label2\" content=\"Tiempo de lectura estimado\" \/>\n\t\t<meta name=\"twitter:data2\" content=\"3 minutos\" \/>\n\t\t<script type=\"application\/ld+json\" class=\"aioseo-schema\">\n\t\t\t{\"@context\":\"https:\\\/\\\/schema.org\",\"@graph\":[{\"@type\":\"BlogPosting\",\"@id\":\"https:\\\/\\\/www.eldigitaldeasturias.com\\\/noticias\\\/alterio-y-tejero-defienden-los-festivales-de-cine-como-escaparates-de-talento\\\/#blogposting\",\"name\":\"Alterio y Tejero defienden los festivales de cine como escaparates de talento - El Digital de Asturias\",\"headline\":\"Alterio y Tejero defienden los festivales de cine como escaparates de talento\",\"author\":{\"@id\":\"https:\\\/\\\/www.eldigitaldeasturias.com\\\/noticias\\\/author\\\/admin\\\/#author\"},\"publisher\":{\"@id\":\"https:\\\/\\\/www.eldigitaldeasturias.com\\\/noticias\\\/#organization\"},\"image\":{\"@type\":\"ImageObject\",\"url\":457999},\"datePublished\":\"2013-12-05T00:59:42+01:00\",\"dateModified\":\"2013-12-05T00:59:42+01:00\",\"inLanguage\":\"es-ES\",\"mainEntityOfPage\":{\"@id\":\"https:\\\/\\\/www.eldigitaldeasturias.com\\\/noticias\\\/alterio-y-tejero-defienden-los-festivales-de-cine-como-escaparates-de-talento\\\/#webpage\"},\"isPartOf\":{\"@id\":\"https:\\\/\\\/www.eldigitaldeasturias.com\\\/noticias\\\/alterio-y-tejero-defienden-los-festivales-de-cine-como-escaparates-de-talento\\\/#webpage\"},\"articleSection\":\"Revista de Ocio\"},{\"@type\":\"BreadcrumbList\",\"@id\":\"https:\\\/\\\/www.eldigitaldeasturias.com\\\/noticias\\\/alterio-y-tejero-defienden-los-festivales-de-cine-como-escaparates-de-talento\\\/#breadcrumblist\",\"itemListElement\":[{\"@type\":\"ListItem\",\"@id\":\"https:\\\/\\\/www.eldigitaldeasturias.com\\\/noticias#listItem\",\"position\":1,\"name\":\"Home\",\"item\":\"https:\\\/\\\/www.eldigitaldeasturias.com\\\/noticias\",\"nextItem\":{\"@type\":\"ListItem\",\"@id\":\"https:\\\/\\\/www.eldigitaldeasturias.com\\\/noticias\\\/category\\\/revista-de-ocio\\\/#listItem\",\"name\":\"Revista de Ocio\"}},{\"@type\":\"ListItem\",\"@id\":\"https:\\\/\\\/www.eldigitaldeasturias.com\\\/noticias\\\/category\\\/revista-de-ocio\\\/#listItem\",\"position\":2,\"name\":\"Revista de Ocio\",\"item\":\"https:\\\/\\\/www.eldigitaldeasturias.com\\\/noticias\\\/category\\\/revista-de-ocio\\\/\",\"nextItem\":{\"@type\":\"ListItem\",\"@id\":\"https:\\\/\\\/www.eldigitaldeasturias.com\\\/noticias\\\/alterio-y-tejero-defienden-los-festivales-de-cine-como-escaparates-de-talento\\\/#listItem\",\"name\":\"Alterio y Tejero defienden los festivales de cine como escaparates de talento\"},\"previousItem\":{\"@type\":\"ListItem\",\"@id\":\"https:\\\/\\\/www.eldigitaldeasturias.com\\\/noticias#listItem\",\"name\":\"Home\"}},{\"@type\":\"ListItem\",\"@id\":\"https:\\\/\\\/www.eldigitaldeasturias.com\\\/noticias\\\/alterio-y-tejero-defienden-los-festivales-de-cine-como-escaparates-de-talento\\\/#listItem\",\"position\":3,\"name\":\"Alterio y Tejero defienden los festivales de cine como escaparates de talento\",\"previousItem\":{\"@type\":\"ListItem\",\"@id\":\"https:\\\/\\\/www.eldigitaldeasturias.com\\\/noticias\\\/category\\\/revista-de-ocio\\\/#listItem\",\"name\":\"Revista de Ocio\"}}]},{\"@type\":\"Organization\",\"@id\":\"https:\\\/\\\/www.eldigitaldeasturias.com\\\/noticias\\\/#organization\",\"name\":\"El Digital de Asturias\",\"description\":\"Hemeroteca\",\"url\":\"https:\\\/\\\/www.eldigitaldeasturias.com\\\/noticias\\\/\",\"email\":\"info@eldigitaldeasturias.com\",\"telephone\":\"+34652131393\",\"logo\":{\"@type\":\"ImageObject\",\"url\":\"https:\\\/\\\/www.eldigitaldeasturias.com\\\/noticias\\\/wp-content\\\/uploads\\\/2020\\\/12\\\/EDA.jpg\",\"@id\":\"https:\\\/\\\/www.eldigitaldeasturias.com\\\/noticias\\\/alterio-y-tejero-defienden-los-festivales-de-cine-como-escaparates-de-talento\\\/#organizationLogo\"},\"image\":{\"@id\":\"https:\\\/\\\/www.eldigitaldeasturias.com\\\/noticias\\\/alterio-y-tejero-defienden-los-festivales-de-cine-como-escaparates-de-talento\\\/#organizationLogo\"},\"sameAs\":[\"https:\\\/\\\/facebook.com\\\/eldigitaldeasturias\",\"https:\\\/\\\/www.youtube.com\\\/channel\\\/UCZP-2wLEB9Rv6erhFmqVnvg\"],\"address\":{\"@id\":\"https:\\\/\\\/www.eldigitaldeasturias.com\\\/noticias\\\/#postaladdress\",\"@type\":\"PostalAddress\",\"streetAddress\":\"san antonio 4\",\"postalCode\":\"33430\",\"addressLocality\":\"Cand\\u00e1s\",\"addressRegion\":\"Asturias\",\"addressCountry\":\"ES\"}},{\"@type\":\"Person\",\"@id\":\"https:\\\/\\\/www.eldigitaldeasturias.com\\\/noticias\\\/author\\\/admin\\\/#author\",\"url\":\"https:\\\/\\\/www.eldigitaldeasturias.com\\\/noticias\\\/author\\\/admin\\\/\",\"name\":\"El Digital de Asturias\",\"image\":{\"@type\":\"ImageObject\",\"@id\":\"https:\\\/\\\/www.eldigitaldeasturias.com\\\/noticias\\\/alterio-y-tejero-defienden-los-festivales-de-cine-como-escaparates-de-talento\\\/#authorImage\",\"url\":\"https:\\\/\\\/secure.gravatar.com\\\/avatar\\\/df2aeffc32bcd13f8d26072ef8a91b623d677766deac7f97ca815868cd41bf5e?s=96&d=mm&r=g\",\"width\":96,\"height\":96,\"caption\":\"El Digital de Asturias\"}},{\"@type\":\"WebPage\",\"@id\":\"https:\\\/\\\/www.eldigitaldeasturias.com\\\/noticias\\\/alterio-y-tejero-defienden-los-festivales-de-cine-como-escaparates-de-talento\\\/#webpage\",\"url\":\"https:\\\/\\\/www.eldigitaldeasturias.com\\\/noticias\\\/alterio-y-tejero-defienden-los-festivales-de-cine-como-escaparates-de-talento\\\/\",\"name\":\"Alterio y Tejero defienden los festivales de cine como escaparates de talento - El Digital de Asturias\",\"description\":\"Aguilar de Campoo (Palencia), 4 dic (EFE).- Los actores Fernando Tejero y Malena Alterio, galardonados con el Aguila de Oro del Festival Internacional de Cortometrajes (FICA) de Aguilar de Campoo (Palencia), han defendido la importancia de festivales como escaparate de talento y han lamentado la falta de apoyos al cine. \\\"Festivales como este son oro\",\"inLanguage\":\"es-ES\",\"isPartOf\":{\"@id\":\"https:\\\/\\\/www.eldigitaldeasturias.com\\\/noticias\\\/#website\"},\"breadcrumb\":{\"@id\":\"https:\\\/\\\/www.eldigitaldeasturias.com\\\/noticias\\\/alterio-y-tejero-defienden-los-festivales-de-cine-como-escaparates-de-talento\\\/#breadcrumblist\"},\"author\":{\"@id\":\"https:\\\/\\\/www.eldigitaldeasturias.com\\\/noticias\\\/author\\\/admin\\\/#author\"},\"creator\":{\"@id\":\"https:\\\/\\\/www.eldigitaldeasturias.com\\\/noticias\\\/author\\\/admin\\\/#author\"},\"image\":{\"@type\":\"ImageObject\",\"url\":457999,\"@id\":\"https:\\\/\\\/www.eldigitaldeasturias.com\\\/noticias\\\/alterio-y-tejero-defienden-los-festivales-de-cine-como-escaparates-de-talento\\\/#mainImage\"},\"primaryImageOfPage\":{\"@id\":\"https:\\\/\\\/www.eldigitaldeasturias.com\\\/noticias\\\/alterio-y-tejero-defienden-los-festivales-de-cine-como-escaparates-de-talento\\\/#mainImage\"},\"datePublished\":\"2013-12-05T00:59:42+01:00\",\"dateModified\":\"2013-12-05T00:59:42+01:00\"},{\"@type\":\"WebSite\",\"@id\":\"https:\\\/\\\/www.eldigitaldeasturias.com\\\/noticias\\\/#website\",\"url\":\"https:\\\/\\\/www.eldigitaldeasturias.com\\\/noticias\\\/\",\"name\":\"El Digital de Asturias - Diario de actualidad y noticias\",\"alternateName\":\"El Digital de Asturias - Diario de actualidad y noticias\",\"description\":\"Hemeroteca\",\"inLanguage\":\"es-ES\",\"publisher\":{\"@id\":\"https:\\\/\\\/www.eldigitaldeasturias.com\\\/noticias\\\/#organization\"}}]}\n\t\t<\/script>\n\t\t<!-- All in One SEO Pro -->\r\n\t\t<title>Alterio y Tejero defienden los festivales de cine como escaparates de talento - El Digital de Asturias<\/title>\n\n","aioseo_head_json":{"title":"Alterio y Tejero defienden los festivales de cine como escaparates de talento - El Digital de Asturias","description":"Aguilar de Campoo (Palencia), 4 dic (EFE).- Los actores Fernando Tejero y Malena Alterio, galardonados con el Aguila de Oro del Festival Internacional de Cortometrajes (FICA) de Aguilar de Campoo (Palencia), han defendido la importancia de festivales como escaparate de talento y han lamentado la falta de apoyos al cine. \"Festivales como este son oro","canonical_url":"https:\/\/www.eldigitaldeasturias.com\/noticias\/alterio-y-tejero-defienden-los-festivales-de-cine-como-escaparates-de-talento\/","robots":"max-image-preview:large","keywords":"revista de ocio","webmasterTools":{"google-site-verification":"UA-38556648-1","msvalidate.01":"7dfe9f3f1b24437ab69f4f2559babe99","miscellaneous":""},"schema":{"@context":"https:\/\/schema.org","@graph":[{"@type":"BlogPosting","@id":"https:\/\/www.eldigitaldeasturias.com\/noticias\/alterio-y-tejero-defienden-los-festivales-de-cine-como-escaparates-de-talento\/#blogposting","name":"Alterio y Tejero defienden los festivales de cine como escaparates de talento - El Digital de Asturias","headline":"Alterio y Tejero defienden los festivales de cine como escaparates de talento","author":{"@id":"https:\/\/www.eldigitaldeasturias.com\/noticias\/author\/admin\/#author"},"publisher":{"@id":"https:\/\/www.eldigitaldeasturias.com\/noticias\/#organization"},"image":{"@type":"ImageObject","url":457999},"datePublished":"2013-12-05T00:59:42+01:00","dateModified":"2013-12-05T00:59:42+01:00","inLanguage":"es-ES","mainEntityOfPage":{"@id":"https:\/\/www.eldigitaldeasturias.com\/noticias\/alterio-y-tejero-defienden-los-festivales-de-cine-como-escaparates-de-talento\/#webpage"},"isPartOf":{"@id":"https:\/\/www.eldigitaldeasturias.com\/noticias\/alterio-y-tejero-defienden-los-festivales-de-cine-como-escaparates-de-talento\/#webpage"},"articleSection":"Revista de Ocio"},{"@type":"BreadcrumbList","@id":"https:\/\/www.eldigitaldeasturias.com\/noticias\/alterio-y-tejero-defienden-los-festivales-de-cine-como-escaparates-de-talento\/#breadcrumblist","itemListElement":[{"@type":"ListItem","@id":"https:\/\/www.eldigitaldeasturias.com\/noticias#listItem","position":1,"name":"Home","item":"https:\/\/www.eldigitaldeasturias.com\/noticias","nextItem":{"@type":"ListItem","@id":"https:\/\/www.eldigitaldeasturias.com\/noticias\/category\/revista-de-ocio\/#listItem","name":"Revista de Ocio"}},{"@type":"ListItem","@id":"https:\/\/www.eldigitaldeasturias.com\/noticias\/category\/revista-de-ocio\/#listItem","position":2,"name":"Revista de Ocio","item":"https:\/\/www.eldigitaldeasturias.com\/noticias\/category\/revista-de-ocio\/","nextItem":{"@type":"ListItem","@id":"https:\/\/www.eldigitaldeasturias.com\/noticias\/alterio-y-tejero-defienden-los-festivales-de-cine-como-escaparates-de-talento\/#listItem","name":"Alterio y Tejero defienden los festivales de cine como escaparates de talento"},"previousItem":{"@type":"ListItem","@id":"https:\/\/www.eldigitaldeasturias.com\/noticias#listItem","name":"Home"}},{"@type":"ListItem","@id":"https:\/\/www.eldigitaldeasturias.com\/noticias\/alterio-y-tejero-defienden-los-festivales-de-cine-como-escaparates-de-talento\/#listItem","position":3,"name":"Alterio y Tejero defienden los festivales de cine como escaparates de talento","previousItem":{"@type":"ListItem","@id":"https:\/\/www.eldigitaldeasturias.com\/noticias\/category\/revista-de-ocio\/#listItem","name":"Revista de Ocio"}}]},{"@type":"Organization","@id":"https:\/\/www.eldigitaldeasturias.com\/noticias\/#organization","name":"El Digital de Asturias","description":"Hemeroteca","url":"https:\/\/www.eldigitaldeasturias.com\/noticias\/","email":"info@eldigitaldeasturias.com","telephone":"+34652131393","logo":{"@type":"ImageObject","url":"https:\/\/www.eldigitaldeasturias.com\/noticias\/wp-content\/uploads\/2020\/12\/EDA.jpg","@id":"https:\/\/www.eldigitaldeasturias.com\/noticias\/alterio-y-tejero-defienden-los-festivales-de-cine-como-escaparates-de-talento\/#organizationLogo"},"image":{"@id":"https:\/\/www.eldigitaldeasturias.com\/noticias\/alterio-y-tejero-defienden-los-festivales-de-cine-como-escaparates-de-talento\/#organizationLogo"},"sameAs":["https:\/\/facebook.com\/eldigitaldeasturias","https:\/\/www.youtube.com\/channel\/UCZP-2wLEB9Rv6erhFmqVnvg"],"address":{"@id":"https:\/\/www.eldigitaldeasturias.com\/noticias\/#postaladdress","@type":"PostalAddress","streetAddress":"san antonio 4","postalCode":"33430","addressLocality":"Cand\u00e1s","addressRegion":"Asturias","addressCountry":"ES"}},{"@type":"Person","@id":"https:\/\/www.eldigitaldeasturias.com\/noticias\/author\/admin\/#author","url":"https:\/\/www.eldigitaldeasturias.com\/noticias\/author\/admin\/","name":"El Digital de Asturias","image":{"@type":"ImageObject","@id":"https:\/\/www.eldigitaldeasturias.com\/noticias\/alterio-y-tejero-defienden-los-festivales-de-cine-como-escaparates-de-talento\/#authorImage","url":"https:\/\/secure.gravatar.com\/avatar\/df2aeffc32bcd13f8d26072ef8a91b623d677766deac7f97ca815868cd41bf5e?s=96&d=mm&r=g","width":96,"height":96,"caption":"El Digital de Asturias"}},{"@type":"WebPage","@id":"https:\/\/www.eldigitaldeasturias.com\/noticias\/alterio-y-tejero-defienden-los-festivales-de-cine-como-escaparates-de-talento\/#webpage","url":"https:\/\/www.eldigitaldeasturias.com\/noticias\/alterio-y-tejero-defienden-los-festivales-de-cine-como-escaparates-de-talento\/","name":"Alterio y Tejero defienden los festivales de cine como escaparates de talento - El Digital de Asturias","description":"Aguilar de Campoo (Palencia), 4 dic (EFE).- Los actores Fernando Tejero y Malena Alterio, galardonados con el Aguila de Oro del Festival Internacional de Cortometrajes (FICA) de Aguilar de Campoo (Palencia), han defendido la importancia de festivales como escaparate de talento y han lamentado la falta de apoyos al cine. \"Festivales como este son oro","inLanguage":"es-ES","isPartOf":{"@id":"https:\/\/www.eldigitaldeasturias.com\/noticias\/#website"},"breadcrumb":{"@id":"https:\/\/www.eldigitaldeasturias.com\/noticias\/alterio-y-tejero-defienden-los-festivales-de-cine-como-escaparates-de-talento\/#breadcrumblist"},"author":{"@id":"https:\/\/www.eldigitaldeasturias.com\/noticias\/author\/admin\/#author"},"creator":{"@id":"https:\/\/www.eldigitaldeasturias.com\/noticias\/author\/admin\/#author"},"image":{"@type":"ImageObject","url":457999,"@id":"https:\/\/www.eldigitaldeasturias.com\/noticias\/alterio-y-tejero-defienden-los-festivales-de-cine-como-escaparates-de-talento\/#mainImage"},"primaryImageOfPage":{"@id":"https:\/\/www.eldigitaldeasturias.com\/noticias\/alterio-y-tejero-defienden-los-festivales-de-cine-como-escaparates-de-talento\/#mainImage"},"datePublished":"2013-12-05T00:59:42+01:00","dateModified":"2013-12-05T00:59:42+01:00"},{"@type":"WebSite","@id":"https:\/\/www.eldigitaldeasturias.com\/noticias\/#website","url":"https:\/\/www.eldigitaldeasturias.com\/noticias\/","name":"El Digital de Asturias - Diario de actualidad y noticias","alternateName":"El Digital de Asturias - Diario de actualidad y noticias","description":"Hemeroteca","inLanguage":"es-ES","publisher":{"@id":"https:\/\/www.eldigitaldeasturias.com\/noticias\/#organization"}}]},"og:locale":"es_ES","og:site_name":"El Digital de Asturias","og:type":"article","og:title":"Alterio y Tejero defienden los festivales de cine como escaparates de talento - El Digital de Asturias","og:description":"Aguilar de Campoo (Palencia), 4 dic (EFE).- Los actores Fernando Tejero y Malena Alterio, galardonados con el Aguila de Oro del Festival Internacional de Cortometrajes (FICA) de Aguilar de Campoo (Palencia), han defendido la importancia de festivales como escaparate de talento y han lamentado la falta de apoyos al cine. &quot;Festivales como este son oro","og:url":"https:\/\/www.eldigitaldeasturias.com\/noticias\/alterio-y-tejero-defienden-los-festivales-de-cine-como-escaparates-de-talento\/","article:tag":["revista de ocio"],"article:published_time":"2013-12-05T01:59:42+00:00","article:modified_time":"2013-12-05T01:59:42+00:00","article:publisher":"https:\/\/facebook.com\/eldigitaldeasturias","twitter:card":"summary_large_image","twitter:title":"Alterio y Tejero defienden los festivales de cine como escaparates de talento - El Digital de Asturias","twitter:description":"Aguilar de Campoo (Palencia), 4 dic (EFE).- Los actores Fernando Tejero y Malena Alterio, galardonados con el Aguila de Oro del Festival Internacional de Cortometrajes (FICA) de Aguilar de Campoo (Palencia), han defendido la importancia de festivales como escaparate de talento y han lamentado la falta de apoyos al cine. &quot;Festivales como este son oro","twitter:label1":"Escrito por","twitter:data1":"El Digital de Asturias","twitter:label2":"Tiempo de lectura estimado","twitter:data2":"3 minutos"},"aioseo_meta_data":{"post_id":"457998","title":null,"description":null,"keywords":null,"keyphrases":null,"primary_term":null,"canonical_url":null,"og_title":null,"og_description":null,"og_object_type":"default","og_image_type":"default","og_image_url":null,"og_image_width":null,"og_image_height":null,"og_image_custom_url":null,"og_image_custom_fields":null,"og_video":null,"og_custom_url":null,"og_article_section":null,"og_article_tags":null,"twitter_use_og":true,"twitter_card":"default","twitter_image_type":"default","twitter_image_url":null,"twitter_image_custom_url":null,"twitter_image_custom_fields":null,"twitter_title":null,"twitter_description":null,"schema":{"blockGraphs":[],"customGraphs":[],"default":{"data":{"Article":[],"Course":[],"Dataset":[],"FAQPage":[],"Movie":[],"Person":[],"Product":[],"ProductReview":[],"Car":[],"Recipe":[],"Service":[],"SoftwareApplication":[],"WebPage":[]},"graphName":"","isEnabled":true},"graphs":[],"defaultGraph":"","defaultPostTypeGraph":""},"schema_type":null,"schema_type_options":null,"pillar_content":false,"robots_default":true,"robots_noindex":false,"robots_noarchive":false,"robots_nosnippet":false,"robots_nofollow":false,"robots_noimageindex":false,"robots_noodp":false,"robots_notranslate":false,"robots_max_snippet":null,"robots_max_videopreview":null,"robots_max_imagepreview":"none","priority":null,"frequency":null,"local_seo":null,"seo_analyzer_scan_date":"2026-05-30 03:59:00","breadcrumb_settings":null,"limit_modified_date":false,"open_ai":null,"ai":null,"created":"2020-11-14 22:46:13","updated":"2026-05-30 03:59:00","focus_keyword":null,"additional_keywords":null,"truseo_locale":null},"aioseo_breadcrumb":"<div class=\"aioseo-breadcrumbs\"><span class=\"aioseo-breadcrumb\">\n\t<a href=\"https:\/\/www.eldigitaldeasturias.com\/noticias\" title=\"Home\">Home<\/a>\n<\/span><span class=\"aioseo-breadcrumb-separator\">\u2013<\/span><span class=\"aioseo-breadcrumb\">\n\t<a href=\"https:\/\/www.eldigitaldeasturias.com\/noticias\/category\/revista-de-ocio\/\" title=\"Revista de Ocio\">Revista de Ocio<\/a>\n<\/span><span class=\"aioseo-breadcrumb-separator\">\u2013<\/span><span class=\"aioseo-breadcrumb\">\n\t<a href=\"https:\/\/www.eldigitaldeasturias.com\/noticias\/alterio-y-tejero-defienden-los-festivales-de-cine-como-escaparates-de-talento\/\" title=\"Alterio y Tejero defienden los festivales de cine como escaparates de talento\">Alterio y Tejero defienden los festivales de cine como escaparates de talento<\/a>\n<\/span><\/div>","aioseo_breadcrumb_json":[{"label":"Home","link":"https:\/\/www.eldigitaldeasturias.com\/noticias"},{"label":"Revista de Ocio","link":"https:\/\/www.eldigitaldeasturias.com\/noticias\/category\/revista-de-ocio\/"},{"label":"Alterio y Tejero defienden los festivales de cine como escaparates de talento","link":"https:\/\/www.eldigitaldeasturias.com\/noticias\/alterio-y-tejero-defienden-los-festivales-de-cine-como-escaparates-de-talento\/"}],"_links":{"self":[{"href":"https:\/\/www.eldigitaldeasturias.com\/noticias\/wp-json\/wp\/v2\/posts\/457998","targetHints":{"allow":["GET"]}}],"collection":[{"href":"https:\/\/www.eldigitaldeasturias.com\/noticias\/wp-json\/wp\/v2\/posts"}],"about":[{"href":"https:\/\/www.eldigitaldeasturias.com\/noticias\/wp-json\/wp\/v2\/types\/post"}],"author":[{"embeddable":true,"href":"https:\/\/www.eldigitaldeasturias.com\/noticias\/wp-json\/wp\/v2\/users\/1"}],"replies":[{"embeddable":true,"href":"https:\/\/www.eldigitaldeasturias.com\/noticias\/wp-json\/wp\/v2\/comments?post=457998"}],"version-history":[{"count":0,"href":"https:\/\/www.eldigitaldeasturias.com\/noticias\/wp-json\/wp\/v2\/posts\/457998\/revisions"}],"wp:attachment":[{"href":"https:\/\/www.eldigitaldeasturias.com\/noticias\/wp-json\/wp\/v2\/media?parent=457998"}],"wp:term":[{"taxonomy":"category","embeddable":true,"href":"https:\/\/www.eldigitaldeasturias.com\/noticias\/wp-json\/wp\/v2\/categories?post=457998"},{"taxonomy":"post_tag","embeddable":true,"href":"https:\/\/www.eldigitaldeasturias.com\/noticias\/wp-json\/wp\/v2\/tags?post=457998"}],"curies":[{"name":"wp","href":"https:\/\/api.w.org\/{rel}","templated":true}]}}