{"id":457995,"date":"2013-12-05T00:57:33","date_gmt":"2013-12-05T01:57:33","guid":{"rendered":"http:\/\/www.eldigitaldeasturias.com\/noticias\/?p=457995"},"modified":"2013-12-05T00:57:33","modified_gmt":"2013-12-05T01:57:33","slug":"the-blacklist-el-retorno-de-james-spader-a-la-television-en-canal-series","status":"publish","type":"post","link":"https:\/\/www.eldigitaldeasturias.com\/noticias\/the-blacklist-el-retorno-de-james-spader-a-la-television-en-canal-series\/","title":{"rendered":"\u00abThe Blacklist\u00bb, el retorno de James Spader a la televisi\u00f3n, en Canal Series"},"content":{"rendered":"<p><img loading=\"lazy\" decoding=\"async\" class=\"alignleft size-medium wp-image-457996\" alt=\"5772564w\" src=\"https:\/\/www.eldigitaldeasturias.com\/noticias\/wp-content\/uploads\/2013\/12\/5772564w-360x239.jpg\" width=\"360\" height=\"239\" \/>Madrid, 4 dic (EFE).- Canal+ Series estrena ma\u00f1ana \u00abThe Blacklist\u00bb, un \u00abtrhiller\u00bb de acci\u00f3n que supone la vuelta a la televisi\u00f3n del actor estadounidense James Spader, que se hizo famoso como protagonista de la cinta \u00abSexo, mentiras y cintas de v\u00eddeo\u00bb (1989), dirigida por Steven Soderbergh.<\/p>\n<p>Spader interpreta en la serie el papel del criminal Raymond Reddington, quien decide entregarse a la polic\u00eda para delatar a quienes han trabajado con \u00e9l en su carrera delictiva, a condici\u00f3n de tratar directamente con la agente del FBI Elizabeth Keene (Megan Boone).<\/p>\n<p>James Spader, ganador de tres premios Emmy, dos de ellos por \u00abBoston Legal\u00bb, en 2005 y 2007, y un tercero por \u00abThe Practice\u00bb (2004), hab\u00eda aparecido en la \u00faltima temporada de la versi\u00f3n estadounidense de \u00abThe Office\u00bb, en 2012.<\/p>\n<p>\u00abThe Blacklist\u00bb, que se ha convertido en la serie m\u00e1s vista en la NBC estadounidense en los \u00faltimos a\u00f1os, con una media de 10 millones de televidentes en su reci\u00e9n acabada primera temporada, ha sido creada por Jon Bokenkamp (\u00abThe Call\u00bb, \u00abSeduciendo a un extra\u00f1o\u00bb) y producida por John Eisendrath (\u00abAlias\u00bb) y John Davis (\u00abDepredador\u00bb).<\/p>\n<p>Diego Klattenhoff (\u00abHomeland\u00bb), Harry Lennix (\u00abMan of Steel\u00bb) y Ryan Eggold (\u00ab90210\u00bb) completan el reparto de esta ficci\u00f3n sobre un exagente del gobierno que, despu\u00e9s de pasarse al lado de la delincuencia, decide colaborar solamente con Elizabeth Keene, una crimin\u00f3loga novata que acaba de salir de la academia del FBI.<\/p>\n","protected":false},"excerpt":{"rendered":"<p>Madrid, 4 dic (EFE).- Canal+ Series estrena ma\u00f1ana \u00abThe Blacklist\u00bb, un \u00abtrhiller\u00bb de acci\u00f3n que supone la vuelta a la televisi\u00f3n del actor estadounidense James Spader, que se hizo famoso como protagonista de la cinta \u00abSexo, mentiras y cintas de v\u00eddeo\u00bb (1989), dirigida por Steven Soderbergh. Spader interpreta en la serie el papel del criminal [&hellip;]<\/p>\n","protected":false},"author":1,"featured_media":457996,"comment_status":"closed","ping_status":"open","sticky":false,"template":"","format":"standard","meta":{"footnotes":""},"categories":[50],"tags":[],"class_list":["post-457995","post","type-post","status-publish","format-standard","has-post-thumbnail","hentry","category-revista-de-ocio"],"aioseo_notices":[],"aioseo_head":"\n\t\t<!-- All in One SEO Pro 5.0.1 - aioseo.com -->\n\t<meta name=\"description\" content=\"Madrid, 4 dic (EFE).- Canal+ Series estrena ma\u00f1ana &quot;The Blacklist&quot;, un &quot;trhiller&quot; de acci\u00f3n que supone la vuelta a la televisi\u00f3n del actor estadounidense James Spader, que se hizo famoso como protagonista de la cinta &quot;Sexo, mentiras y cintas de v\u00eddeo&quot; (1989), dirigida por Steven Soderbergh. Spader interpreta en la serie el papel del criminal\" \/>\n\t<meta name=\"robots\" content=\"max-image-preview:large\" \/>\n\t<meta name=\"author\" content=\"El Digital de Asturias\"\/>\n\t<meta name=\"google-site-verification\" content=\"UA-38556648-1\" \/>\n\t<meta name=\"msvalidate.01\" content=\"7dfe9f3f1b24437ab69f4f2559babe99\" \/>\n\t<meta name=\"keywords\" content=\"revista de ocio\" \/>\n\t<link rel=\"canonical\" href=\"https:\/\/www.eldigitaldeasturias.com\/noticias\/the-blacklist-el-retorno-de-james-spader-a-la-television-en-canal-series\/\" \/>\n\t<meta name=\"generator\" content=\"All in One SEO Pro (AIOSEO) 5.0.1\" \/>\n\t\t<meta property=\"og:locale\" content=\"es_ES\" \/>\n\t\t<meta property=\"og:site_name\" content=\"El Digital de Asturias\" \/>\n\t\t<meta property=\"og:type\" content=\"article\" \/>\n\t\t<meta property=\"og:title\" content=\"\u00abThe Blacklist\u00bb, el retorno de James Spader a la televisi\u00f3n, en Canal Series - El Digital de Asturias\" \/>\n\t\t<meta property=\"og:description\" content=\"Madrid, 4 dic (EFE).- Canal+ Series estrena ma\u00f1ana &quot;The Blacklist&quot;, un &quot;trhiller&quot; de acci\u00f3n que supone la vuelta a la televisi\u00f3n del actor estadounidense James Spader, que se hizo famoso como protagonista de la cinta &quot;Sexo, mentiras y cintas de v\u00eddeo&quot; (1989), dirigida por Steven Soderbergh. Spader interpreta en la serie el papel del criminal\" \/>\n\t\t<meta property=\"og:url\" content=\"https:\/\/www.eldigitaldeasturias.com\/noticias\/the-blacklist-el-retorno-de-james-spader-a-la-television-en-canal-series\/\" \/>\n\t\t<meta property=\"article:tag\" content=\"revista de ocio\" \/>\n\t\t<meta property=\"article:published_time\" content=\"2013-12-05T01:57:33+00:00\" \/>\n\t\t<meta property=\"article:modified_time\" content=\"2013-12-05T01:57:33+00:00\" \/>\n\t\t<meta property=\"article:publisher\" content=\"https:\/\/facebook.com\/eldigitaldeasturias\" \/>\n\t\t<meta name=\"twitter:card\" content=\"summary_large_image\" \/>\n\t\t<meta name=\"twitter:title\" content=\"\u00abThe Blacklist\u00bb, el retorno de James Spader a la televisi\u00f3n, en Canal Series - El Digital de Asturias\" \/>\n\t\t<meta name=\"twitter:description\" content=\"Madrid, 4 dic (EFE).- Canal+ Series estrena ma\u00f1ana &quot;The Blacklist&quot;, un &quot;trhiller&quot; de acci\u00f3n que supone la vuelta a la televisi\u00f3n del actor estadounidense James Spader, que se hizo famoso como protagonista de la cinta &quot;Sexo, mentiras y cintas de v\u00eddeo&quot; (1989), dirigida por Steven Soderbergh. Spader interpreta en la serie el papel del criminal\" \/>\n\t\t<meta name=\"twitter:label1\" content=\"Escrito por\" \/>\n\t\t<meta name=\"twitter:data1\" content=\"El Digital de Asturias\" \/>\n\t\t<meta name=\"twitter:label2\" content=\"Tiempo de lectura estimado\" \/>\n\t\t<meta name=\"twitter:data2\" content=\"1 minuto\" \/>\n\t\t<script type=\"application\/ld+json\" class=\"aioseo-schema\">\n\t\t\t{\"@context\":\"https:\\\/\\\/schema.org\",\"@graph\":[{\"@type\":\"BlogPosting\",\"@id\":\"https:\\\/\\\/www.eldigitaldeasturias.com\\\/noticias\\\/the-blacklist-el-retorno-de-james-spader-a-la-television-en-canal-series\\\/#blogposting\",\"name\":\"\\u00abThe Blacklist\\u00bb, el retorno de James Spader a la televisi\\u00f3n, en Canal Series - El Digital de Asturias\",\"headline\":\"\\u00abThe Blacklist\\u00bb, el retorno de James Spader a la televisi\\u00f3n, en Canal Series\",\"author\":{\"@id\":\"https:\\\/\\\/www.eldigitaldeasturias.com\\\/noticias\\\/author\\\/admin\\\/#author\"},\"publisher\":{\"@id\":\"https:\\\/\\\/www.eldigitaldeasturias.com\\\/noticias\\\/#organization\"},\"image\":{\"@type\":\"ImageObject\",\"url\":457996},\"datePublished\":\"2013-12-05T00:57:33+01:00\",\"dateModified\":\"2013-12-05T00:57:33+01:00\",\"inLanguage\":\"es-ES\",\"mainEntityOfPage\":{\"@id\":\"https:\\\/\\\/www.eldigitaldeasturias.com\\\/noticias\\\/the-blacklist-el-retorno-de-james-spader-a-la-television-en-canal-series\\\/#webpage\"},\"isPartOf\":{\"@id\":\"https:\\\/\\\/www.eldigitaldeasturias.com\\\/noticias\\\/the-blacklist-el-retorno-de-james-spader-a-la-television-en-canal-series\\\/#webpage\"},\"articleSection\":\"Revista de Ocio\"},{\"@type\":\"BreadcrumbList\",\"@id\":\"https:\\\/\\\/www.eldigitaldeasturias.com\\\/noticias\\\/the-blacklist-el-retorno-de-james-spader-a-la-television-en-canal-series\\\/#breadcrumblist\",\"itemListElement\":[{\"@type\":\"ListItem\",\"@id\":\"https:\\\/\\\/www.eldigitaldeasturias.com\\\/noticias#listItem\",\"position\":1,\"name\":\"Home\",\"item\":\"https:\\\/\\\/www.eldigitaldeasturias.com\\\/noticias\",\"nextItem\":{\"@type\":\"ListItem\",\"@id\":\"https:\\\/\\\/www.eldigitaldeasturias.com\\\/noticias\\\/category\\\/revista-de-ocio\\\/#listItem\",\"name\":\"Revista de Ocio\"}},{\"@type\":\"ListItem\",\"@id\":\"https:\\\/\\\/www.eldigitaldeasturias.com\\\/noticias\\\/category\\\/revista-de-ocio\\\/#listItem\",\"position\":2,\"name\":\"Revista de Ocio\",\"item\":\"https:\\\/\\\/www.eldigitaldeasturias.com\\\/noticias\\\/category\\\/revista-de-ocio\\\/\",\"nextItem\":{\"@type\":\"ListItem\",\"@id\":\"https:\\\/\\\/www.eldigitaldeasturias.com\\\/noticias\\\/the-blacklist-el-retorno-de-james-spader-a-la-television-en-canal-series\\\/#listItem\",\"name\":\"\\u00abThe Blacklist\\u00bb, el retorno de James Spader a la televisi\\u00f3n, en Canal Series\"},\"previousItem\":{\"@type\":\"ListItem\",\"@id\":\"https:\\\/\\\/www.eldigitaldeasturias.com\\\/noticias#listItem\",\"name\":\"Home\"}},{\"@type\":\"ListItem\",\"@id\":\"https:\\\/\\\/www.eldigitaldeasturias.com\\\/noticias\\\/the-blacklist-el-retorno-de-james-spader-a-la-television-en-canal-series\\\/#listItem\",\"position\":3,\"name\":\"\\u00abThe Blacklist\\u00bb, el retorno de James Spader a la televisi\\u00f3n, en Canal Series\",\"previousItem\":{\"@type\":\"ListItem\",\"@id\":\"https:\\\/\\\/www.eldigitaldeasturias.com\\\/noticias\\\/category\\\/revista-de-ocio\\\/#listItem\",\"name\":\"Revista de Ocio\"}}]},{\"@type\":\"Organization\",\"@id\":\"https:\\\/\\\/www.eldigitaldeasturias.com\\\/noticias\\\/#organization\",\"name\":\"El Digital de Asturias\",\"description\":\"Hemeroteca\",\"url\":\"https:\\\/\\\/www.eldigitaldeasturias.com\\\/noticias\\\/\",\"email\":\"info@eldigitaldeasturias.com\",\"telephone\":\"+34652131393\",\"logo\":{\"@type\":\"ImageObject\",\"url\":\"https:\\\/\\\/www.eldigitaldeasturias.com\\\/noticias\\\/wp-content\\\/uploads\\\/2020\\\/12\\\/EDA.jpg\",\"@id\":\"https:\\\/\\\/www.eldigitaldeasturias.com\\\/noticias\\\/the-blacklist-el-retorno-de-james-spader-a-la-television-en-canal-series\\\/#organizationLogo\"},\"image\":{\"@id\":\"https:\\\/\\\/www.eldigitaldeasturias.com\\\/noticias\\\/the-blacklist-el-retorno-de-james-spader-a-la-television-en-canal-series\\\/#organizationLogo\"},\"sameAs\":[\"https:\\\/\\\/facebook.com\\\/eldigitaldeasturias\",\"https:\\\/\\\/www.youtube.com\\\/channel\\\/UCZP-2wLEB9Rv6erhFmqVnvg\"],\"address\":{\"@id\":\"https:\\\/\\\/www.eldigitaldeasturias.com\\\/noticias\\\/#postaladdress\",\"@type\":\"PostalAddress\",\"streetAddress\":\"san antonio 4\",\"postalCode\":\"33430\",\"addressLocality\":\"Cand\\u00e1s\",\"addressRegion\":\"Asturias\",\"addressCountry\":\"ES\"}},{\"@type\":\"Person\",\"@id\":\"https:\\\/\\\/www.eldigitaldeasturias.com\\\/noticias\\\/author\\\/admin\\\/#author\",\"url\":\"https:\\\/\\\/www.eldigitaldeasturias.com\\\/noticias\\\/author\\\/admin\\\/\",\"name\":\"El Digital de Asturias\",\"image\":{\"@type\":\"ImageObject\",\"@id\":\"https:\\\/\\\/www.eldigitaldeasturias.com\\\/noticias\\\/the-blacklist-el-retorno-de-james-spader-a-la-television-en-canal-series\\\/#authorImage\",\"url\":\"https:\\\/\\\/secure.gravatar.com\\\/avatar\\\/df2aeffc32bcd13f8d26072ef8a91b623d677766deac7f97ca815868cd41bf5e?s=96&d=mm&r=g\",\"width\":96,\"height\":96,\"caption\":\"El Digital de Asturias\"}},{\"@type\":\"WebPage\",\"@id\":\"https:\\\/\\\/www.eldigitaldeasturias.com\\\/noticias\\\/the-blacklist-el-retorno-de-james-spader-a-la-television-en-canal-series\\\/#webpage\",\"url\":\"https:\\\/\\\/www.eldigitaldeasturias.com\\\/noticias\\\/the-blacklist-el-retorno-de-james-spader-a-la-television-en-canal-series\\\/\",\"name\":\"\\u00abThe Blacklist\\u00bb, el retorno de James Spader a la televisi\\u00f3n, en Canal Series - El Digital de Asturias\",\"description\":\"Madrid, 4 dic (EFE).- Canal+ Series estrena ma\\u00f1ana \\\"The Blacklist\\\", un \\\"trhiller\\\" de acci\\u00f3n que supone la vuelta a la televisi\\u00f3n del actor estadounidense James Spader, que se hizo famoso como protagonista de la cinta \\\"Sexo, mentiras y cintas de v\\u00eddeo\\\" (1989), dirigida por Steven Soderbergh. Spader interpreta en la serie el papel del criminal\",\"inLanguage\":\"es-ES\",\"isPartOf\":{\"@id\":\"https:\\\/\\\/www.eldigitaldeasturias.com\\\/noticias\\\/#website\"},\"breadcrumb\":{\"@id\":\"https:\\\/\\\/www.eldigitaldeasturias.com\\\/noticias\\\/the-blacklist-el-retorno-de-james-spader-a-la-television-en-canal-series\\\/#breadcrumblist\"},\"author\":{\"@id\":\"https:\\\/\\\/www.eldigitaldeasturias.com\\\/noticias\\\/author\\\/admin\\\/#author\"},\"creator\":{\"@id\":\"https:\\\/\\\/www.eldigitaldeasturias.com\\\/noticias\\\/author\\\/admin\\\/#author\"},\"image\":{\"@type\":\"ImageObject\",\"url\":457996,\"@id\":\"https:\\\/\\\/www.eldigitaldeasturias.com\\\/noticias\\\/the-blacklist-el-retorno-de-james-spader-a-la-television-en-canal-series\\\/#mainImage\"},\"primaryImageOfPage\":{\"@id\":\"https:\\\/\\\/www.eldigitaldeasturias.com\\\/noticias\\\/the-blacklist-el-retorno-de-james-spader-a-la-television-en-canal-series\\\/#mainImage\"},\"datePublished\":\"2013-12-05T00:57:33+01:00\",\"dateModified\":\"2013-12-05T00:57:33+01:00\"},{\"@type\":\"WebSite\",\"@id\":\"https:\\\/\\\/www.eldigitaldeasturias.com\\\/noticias\\\/#website\",\"url\":\"https:\\\/\\\/www.eldigitaldeasturias.com\\\/noticias\\\/\",\"name\":\"El Digital de Asturias - Diario de actualidad y noticias\",\"alternateName\":\"El Digital de Asturias - Diario de actualidad y noticias\",\"description\":\"Hemeroteca\",\"inLanguage\":\"es-ES\",\"publisher\":{\"@id\":\"https:\\\/\\\/www.eldigitaldeasturias.com\\\/noticias\\\/#organization\"}}]}\n\t\t<\/script>\n\t\t<!-- All in One SEO Pro -->\r\n\t\t<title>\u00abThe Blacklist\u00bb, el retorno de James Spader a la televisi\u00f3n, en Canal Series - El Digital de Asturias<\/title>\n\n","aioseo_head_json":{"title":"\u00abThe Blacklist\u00bb, el retorno de James Spader a la televisi\u00f3n, en Canal Series - El Digital de Asturias","description":"Madrid, 4 dic (EFE).- Canal+ Series estrena ma\u00f1ana \"The Blacklist\", un \"trhiller\" de acci\u00f3n que supone la vuelta a la televisi\u00f3n del actor estadounidense James Spader, que se hizo famoso como protagonista de la cinta \"Sexo, mentiras y cintas de v\u00eddeo\" (1989), dirigida por Steven Soderbergh. Spader interpreta en la serie el papel del criminal","canonical_url":"https:\/\/www.eldigitaldeasturias.com\/noticias\/the-blacklist-el-retorno-de-james-spader-a-la-television-en-canal-series\/","robots":"max-image-preview:large","keywords":"revista de ocio","webmasterTools":{"google-site-verification":"UA-38556648-1","msvalidate.01":"7dfe9f3f1b24437ab69f4f2559babe99","miscellaneous":""},"schema":{"@context":"https:\/\/schema.org","@graph":[{"@type":"BlogPosting","@id":"https:\/\/www.eldigitaldeasturias.com\/noticias\/the-blacklist-el-retorno-de-james-spader-a-la-television-en-canal-series\/#blogposting","name":"\u00abThe Blacklist\u00bb, el retorno de James Spader a la televisi\u00f3n, en Canal Series - El Digital de Asturias","headline":"\u00abThe Blacklist\u00bb, el retorno de James Spader a la televisi\u00f3n, en Canal Series","author":{"@id":"https:\/\/www.eldigitaldeasturias.com\/noticias\/author\/admin\/#author"},"publisher":{"@id":"https:\/\/www.eldigitaldeasturias.com\/noticias\/#organization"},"image":{"@type":"ImageObject","url":457996},"datePublished":"2013-12-05T00:57:33+01:00","dateModified":"2013-12-05T00:57:33+01:00","inLanguage":"es-ES","mainEntityOfPage":{"@id":"https:\/\/www.eldigitaldeasturias.com\/noticias\/the-blacklist-el-retorno-de-james-spader-a-la-television-en-canal-series\/#webpage"},"isPartOf":{"@id":"https:\/\/www.eldigitaldeasturias.com\/noticias\/the-blacklist-el-retorno-de-james-spader-a-la-television-en-canal-series\/#webpage"},"articleSection":"Revista de Ocio"},{"@type":"BreadcrumbList","@id":"https:\/\/www.eldigitaldeasturias.com\/noticias\/the-blacklist-el-retorno-de-james-spader-a-la-television-en-canal-series\/#breadcrumblist","itemListElement":[{"@type":"ListItem","@id":"https:\/\/www.eldigitaldeasturias.com\/noticias#listItem","position":1,"name":"Home","item":"https:\/\/www.eldigitaldeasturias.com\/noticias","nextItem":{"@type":"ListItem","@id":"https:\/\/www.eldigitaldeasturias.com\/noticias\/category\/revista-de-ocio\/#listItem","name":"Revista de Ocio"}},{"@type":"ListItem","@id":"https:\/\/www.eldigitaldeasturias.com\/noticias\/category\/revista-de-ocio\/#listItem","position":2,"name":"Revista de Ocio","item":"https:\/\/www.eldigitaldeasturias.com\/noticias\/category\/revista-de-ocio\/","nextItem":{"@type":"ListItem","@id":"https:\/\/www.eldigitaldeasturias.com\/noticias\/the-blacklist-el-retorno-de-james-spader-a-la-television-en-canal-series\/#listItem","name":"\u00abThe Blacklist\u00bb, el retorno de James Spader a la televisi\u00f3n, en Canal Series"},"previousItem":{"@type":"ListItem","@id":"https:\/\/www.eldigitaldeasturias.com\/noticias#listItem","name":"Home"}},{"@type":"ListItem","@id":"https:\/\/www.eldigitaldeasturias.com\/noticias\/the-blacklist-el-retorno-de-james-spader-a-la-television-en-canal-series\/#listItem","position":3,"name":"\u00abThe Blacklist\u00bb, el retorno de James Spader a la televisi\u00f3n, en Canal Series","previousItem":{"@type":"ListItem","@id":"https:\/\/www.eldigitaldeasturias.com\/noticias\/category\/revista-de-ocio\/#listItem","name":"Revista de Ocio"}}]},{"@type":"Organization","@id":"https:\/\/www.eldigitaldeasturias.com\/noticias\/#organization","name":"El Digital de Asturias","description":"Hemeroteca","url":"https:\/\/www.eldigitaldeasturias.com\/noticias\/","email":"info@eldigitaldeasturias.com","telephone":"+34652131393","logo":{"@type":"ImageObject","url":"https:\/\/www.eldigitaldeasturias.com\/noticias\/wp-content\/uploads\/2020\/12\/EDA.jpg","@id":"https:\/\/www.eldigitaldeasturias.com\/noticias\/the-blacklist-el-retorno-de-james-spader-a-la-television-en-canal-series\/#organizationLogo"},"image":{"@id":"https:\/\/www.eldigitaldeasturias.com\/noticias\/the-blacklist-el-retorno-de-james-spader-a-la-television-en-canal-series\/#organizationLogo"},"sameAs":["https:\/\/facebook.com\/eldigitaldeasturias","https:\/\/www.youtube.com\/channel\/UCZP-2wLEB9Rv6erhFmqVnvg"],"address":{"@id":"https:\/\/www.eldigitaldeasturias.com\/noticias\/#postaladdress","@type":"PostalAddress","streetAddress":"san antonio 4","postalCode":"33430","addressLocality":"Cand\u00e1s","addressRegion":"Asturias","addressCountry":"ES"}},{"@type":"Person","@id":"https:\/\/www.eldigitaldeasturias.com\/noticias\/author\/admin\/#author","url":"https:\/\/www.eldigitaldeasturias.com\/noticias\/author\/admin\/","name":"El Digital de Asturias","image":{"@type":"ImageObject","@id":"https:\/\/www.eldigitaldeasturias.com\/noticias\/the-blacklist-el-retorno-de-james-spader-a-la-television-en-canal-series\/#authorImage","url":"https:\/\/secure.gravatar.com\/avatar\/df2aeffc32bcd13f8d26072ef8a91b623d677766deac7f97ca815868cd41bf5e?s=96&d=mm&r=g","width":96,"height":96,"caption":"El Digital de Asturias"}},{"@type":"WebPage","@id":"https:\/\/www.eldigitaldeasturias.com\/noticias\/the-blacklist-el-retorno-de-james-spader-a-la-television-en-canal-series\/#webpage","url":"https:\/\/www.eldigitaldeasturias.com\/noticias\/the-blacklist-el-retorno-de-james-spader-a-la-television-en-canal-series\/","name":"\u00abThe Blacklist\u00bb, el retorno de James Spader a la televisi\u00f3n, en Canal Series - El Digital de Asturias","description":"Madrid, 4 dic (EFE).- Canal+ Series estrena ma\u00f1ana \"The Blacklist\", un \"trhiller\" de acci\u00f3n que supone la vuelta a la televisi\u00f3n del actor estadounidense James Spader, que se hizo famoso como protagonista de la cinta \"Sexo, mentiras y cintas de v\u00eddeo\" (1989), dirigida por Steven Soderbergh. Spader interpreta en la serie el papel del criminal","inLanguage":"es-ES","isPartOf":{"@id":"https:\/\/www.eldigitaldeasturias.com\/noticias\/#website"},"breadcrumb":{"@id":"https:\/\/www.eldigitaldeasturias.com\/noticias\/the-blacklist-el-retorno-de-james-spader-a-la-television-en-canal-series\/#breadcrumblist"},"author":{"@id":"https:\/\/www.eldigitaldeasturias.com\/noticias\/author\/admin\/#author"},"creator":{"@id":"https:\/\/www.eldigitaldeasturias.com\/noticias\/author\/admin\/#author"},"image":{"@type":"ImageObject","url":457996,"@id":"https:\/\/www.eldigitaldeasturias.com\/noticias\/the-blacklist-el-retorno-de-james-spader-a-la-television-en-canal-series\/#mainImage"},"primaryImageOfPage":{"@id":"https:\/\/www.eldigitaldeasturias.com\/noticias\/the-blacklist-el-retorno-de-james-spader-a-la-television-en-canal-series\/#mainImage"},"datePublished":"2013-12-05T00:57:33+01:00","dateModified":"2013-12-05T00:57:33+01:00"},{"@type":"WebSite","@id":"https:\/\/www.eldigitaldeasturias.com\/noticias\/#website","url":"https:\/\/www.eldigitaldeasturias.com\/noticias\/","name":"El Digital de Asturias - Diario de actualidad y noticias","alternateName":"El Digital de Asturias - Diario de actualidad y noticias","description":"Hemeroteca","inLanguage":"es-ES","publisher":{"@id":"https:\/\/www.eldigitaldeasturias.com\/noticias\/#organization"}}]},"og:locale":"es_ES","og:site_name":"El Digital de Asturias","og:type":"article","og:title":"\u00abThe Blacklist\u00bb, el retorno de James Spader a la televisi\u00f3n, en Canal Series - El Digital de Asturias","og:description":"Madrid, 4 dic (EFE).- Canal+ Series estrena ma\u00f1ana &quot;The Blacklist&quot;, un &quot;trhiller&quot; de acci\u00f3n que supone la vuelta a la televisi\u00f3n del actor estadounidense James Spader, que se hizo famoso como protagonista de la cinta &quot;Sexo, mentiras y cintas de v\u00eddeo&quot; (1989), dirigida por Steven Soderbergh. Spader interpreta en la serie el papel del criminal","og:url":"https:\/\/www.eldigitaldeasturias.com\/noticias\/the-blacklist-el-retorno-de-james-spader-a-la-television-en-canal-series\/","article:tag":["revista de ocio"],"article:published_time":"2013-12-05T01:57:33+00:00","article:modified_time":"2013-12-05T01:57:33+00:00","article:publisher":"https:\/\/facebook.com\/eldigitaldeasturias","twitter:card":"summary_large_image","twitter:title":"\u00abThe Blacklist\u00bb, el retorno de James Spader a la televisi\u00f3n, en Canal Series - El Digital de Asturias","twitter:description":"Madrid, 4 dic (EFE).- Canal+ Series estrena ma\u00f1ana &quot;The Blacklist&quot;, un &quot;trhiller&quot; de acci\u00f3n que supone la vuelta a la televisi\u00f3n del actor estadounidense James Spader, que se hizo famoso como protagonista de la cinta &quot;Sexo, mentiras y cintas de v\u00eddeo&quot; (1989), dirigida por Steven Soderbergh. Spader interpreta en la serie el papel del criminal","twitter:label1":"Escrito por","twitter:data1":"El Digital de Asturias","twitter:label2":"Tiempo de lectura estimado","twitter:data2":"1 minuto"},"aioseo_meta_data":{"post_id":"457995","title":null,"description":null,"keywords":null,"keyphrases":null,"primary_term":null,"canonical_url":null,"og_title":null,"og_description":null,"og_object_type":"default","og_image_type":"default","og_image_url":null,"og_image_width":null,"og_image_height":null,"og_image_custom_url":null,"og_image_custom_fields":null,"og_video":null,"og_custom_url":null,"og_article_section":null,"og_article_tags":null,"twitter_use_og":true,"twitter_card":"default","twitter_image_type":"default","twitter_image_url":null,"twitter_image_custom_url":null,"twitter_image_custom_fields":null,"twitter_title":null,"twitter_description":null,"schema":{"blockGraphs":[],"customGraphs":[],"default":{"data":{"Article":[],"Course":[],"Dataset":[],"FAQPage":[],"Movie":[],"Person":[],"Product":[],"ProductReview":[],"Car":[],"Recipe":[],"Service":[],"SoftwareApplication":[],"WebPage":[]},"graphName":"","isEnabled":true},"graphs":[],"defaultGraph":"","defaultPostTypeGraph":""},"schema_type":null,"schema_type_options":null,"pillar_content":false,"robots_default":true,"robots_noindex":false,"robots_noarchive":false,"robots_nosnippet":false,"robots_nofollow":false,"robots_noimageindex":false,"robots_noodp":false,"robots_notranslate":false,"robots_max_snippet":null,"robots_max_videopreview":null,"robots_max_imagepreview":"none","priority":null,"frequency":null,"local_seo":null,"seo_analyzer_scan_date":"2026-05-30 03:59:00","breadcrumb_settings":null,"limit_modified_date":false,"open_ai":null,"ai":null,"created":"2020-11-14 22:46:13","updated":"2026-05-30 03:59:00","focus_keyword":null,"additional_keywords":null,"truseo_locale":null},"aioseo_breadcrumb":"<div class=\"aioseo-breadcrumbs\"><span class=\"aioseo-breadcrumb\">\n\t<a href=\"https:\/\/www.eldigitaldeasturias.com\/noticias\" title=\"Home\">Home<\/a>\n<\/span><span class=\"aioseo-breadcrumb-separator\">\u2013<\/span><span class=\"aioseo-breadcrumb\">\n\t<a href=\"https:\/\/www.eldigitaldeasturias.com\/noticias\/category\/revista-de-ocio\/\" title=\"Revista de Ocio\">Revista de Ocio<\/a>\n<\/span><span class=\"aioseo-breadcrumb-separator\">\u2013<\/span><span class=\"aioseo-breadcrumb\">\n\t<a href=\"https:\/\/www.eldigitaldeasturias.com\/noticias\/the-blacklist-el-retorno-de-james-spader-a-la-television-en-canal-series\/\" title=\"\u00abThe Blacklist\u00bb, el retorno de James Spader a la televisi\u00f3n, en Canal Series\">\u00abThe Blacklist\u00bb, el retorno de James Spader a la televisi\u00f3n, en Canal Series<\/a>\n<\/span><\/div>","aioseo_breadcrumb_json":[{"label":"Home","link":"https:\/\/www.eldigitaldeasturias.com\/noticias"},{"label":"Revista de Ocio","link":"https:\/\/www.eldigitaldeasturias.com\/noticias\/category\/revista-de-ocio\/"},{"label":"\u00abThe Blacklist\u00bb, el retorno de James Spader a la televisi\u00f3n, en Canal Series","link":"https:\/\/www.eldigitaldeasturias.com\/noticias\/the-blacklist-el-retorno-de-james-spader-a-la-television-en-canal-series\/"}],"_links":{"self":[{"href":"https:\/\/www.eldigitaldeasturias.com\/noticias\/wp-json\/wp\/v2\/posts\/457995","targetHints":{"allow":["GET"]}}],"collection":[{"href":"https:\/\/www.eldigitaldeasturias.com\/noticias\/wp-json\/wp\/v2\/posts"}],"about":[{"href":"https:\/\/www.eldigitaldeasturias.com\/noticias\/wp-json\/wp\/v2\/types\/post"}],"author":[{"embeddable":true,"href":"https:\/\/www.eldigitaldeasturias.com\/noticias\/wp-json\/wp\/v2\/users\/1"}],"replies":[{"embeddable":true,"href":"https:\/\/www.eldigitaldeasturias.com\/noticias\/wp-json\/wp\/v2\/comments?post=457995"}],"version-history":[{"count":0,"href":"https:\/\/www.eldigitaldeasturias.com\/noticias\/wp-json\/wp\/v2\/posts\/457995\/revisions"}],"wp:attachment":[{"href":"https:\/\/www.eldigitaldeasturias.com\/noticias\/wp-json\/wp\/v2\/media?parent=457995"}],"wp:term":[{"taxonomy":"category","embeddable":true,"href":"https:\/\/www.eldigitaldeasturias.com\/noticias\/wp-json\/wp\/v2\/categories?post=457995"},{"taxonomy":"post_tag","embeddable":true,"href":"https:\/\/www.eldigitaldeasturias.com\/noticias\/wp-json\/wp\/v2\/tags?post=457995"}],"curies":[{"name":"wp","href":"https:\/\/api.w.org\/{rel}","templated":true}]}}