{"id":457989,"date":"2013-12-05T00:54:36","date_gmt":"2013-12-05T01:54:36","guid":{"rendered":"http:\/\/www.eldigitaldeasturias.com\/noticias\/?p=457989"},"modified":"2013-12-05T00:54:36","modified_gmt":"2013-12-05T01:54:36","slug":"las-joyas-de-cartier-iluminan-una-exposicion-sobre-su-historia-en-paris","status":"publish","type":"post","link":"https:\/\/www.eldigitaldeasturias.com\/noticias\/las-joyas-de-cartier-iluminan-una-exposicion-sobre-su-historia-en-paris\/","title":{"rendered":"Las joyas de Cartier iluminan una exposici\u00f3n sobre su historia en Par\u00eds"},"content":{"rendered":"<p><img loading=\"lazy\" decoding=\"async\" class=\"alignleft size-medium wp-image-457990\" alt=\"5772461w\" src=\"https:\/\/www.eldigitaldeasturias.com\/noticias\/wp-content\/uploads\/2013\/12\/5772461w-344x320.jpg\" width=\"344\" height=\"320\" \/>Par\u00eds, 4 dic (EFE).- Las joyas y relojes dise\u00f1ados por Cartier son los protagonistas de una exposici\u00f3n sobre la historia de las creaciones de esta exclusiva marca de moda que puede visitarse desde hoy y hasta el 16 de febrero en el Grand Palais de Par\u00eds.<\/p>\n<p>Entre las m\u00e1s de 600 piezas reunidas, destacan algunas emblem\u00e1ticas como la tiara dise\u00f1ada por Cartier en 1936 y que luci\u00f3 la duquesa de Cambridge, Catalina, en su boda con el pr\u00edncipe Guillermo.<\/p>\n<p>Tambi\u00e9n llama la atenci\u00f3n un collar con miles de piedras preciosas engastadas que encarg\u00f3 el maraj\u00e1 Bhupindra Singh.<\/p>\n<p>\u00abLa exposici\u00f3n muestra de manera precisa la voluntad de Cartier de mantener un estilo propio, que hace que sus joyas se puedan reconocer f\u00e1cilmente\u00bb, explic\u00f3 a Efe el director de estilo, imagen y patrimonio de la marca, Pierre Rainero.<\/p>\n<p>La esencia de la casa reside, para Rainero, en \u00abuna cierta proporci\u00f3n, el sentido del volumen, el respeto a la piedra, el protagonismo del color y la apertura a las influencias culturales del mundo entero\u00bb.<\/p>\n<p>El recorrido por la exhibici\u00f3n, que incluye alhajas desde la creaci\u00f3n de la marca por parte de Louis-Fran\u00e7ois Cartier en 1847 hasta los a\u00f1os setenta del siglo pasado, permite ver la evoluci\u00f3n de los gustos y los c\u00f3digos sociales, desde el clasicismo de las creaciones destinadas a los reyes hasta el estilo moderno, marcado por la geometr\u00eda y el exotismo.<\/p>\n<p>\u00abEn el siglo XX la joyer\u00eda dej\u00f3 de ser tan ceremonial y empez\u00f3 a ser una expresi\u00f3n de los gustos personales\u00bb, explic\u00f3 Rainero, quien destac\u00f3 que las mujeres ganaron libertad, ya que hasta entonces deb\u00edan respetarse muchos c\u00f3digos.<\/p>\n<p>Las joyas y relojes se exhiben junto a vestidos, accesorios, fotograf\u00edas publicitarias y revistas de moda que reflejan la vida art\u00edstica de la \u00e9poca.<\/p>\n<p>Los visitantes podr\u00e1n tambi\u00e9n descubrir lo que ocurre entre bastidores en el proceso de creaci\u00f3n de una joya gracias a documentos que muestran los registros de los almacenes, los cuadernos de ideas y los moldes de yeso.<\/p>\n<p>Las piezas expuestas pertenecen fundamentalmente a la colecci\u00f3n Cartier, pero tambi\u00e9n se incluyen pr\u00e9stamos de instituciones p\u00fablicas y de colecciones particulares.<\/p>\n<p>Por ejemplo, se pueden admirar una veintena de joyas que luci\u00f3 Grace de M\u00f3naco y que el Principado ha cedido para esta exhibici\u00f3n.<\/p>\n<p>Entre las grandes clientas de la casa figuran desde actrices como Liz Taylor y Marlene Dietrich a herederas de fortunas como Barbara Hutton, que ocupan un lugar destacado a lo largo de la exposici\u00f3n.<\/p>\n<p>Entre todas las piezas sorprenden las joyas exuberantes, como un collar con forma de serpiente y un broche formado por un cocodrilo articulado, de la actriz mexicana Maria F\u00e9lix, conocida por sus actuaciones en pel\u00edculas de Jean Renoir y Luis Bu\u00f1uel.<\/p>\n<p>A la duquesa de Windsor, Walllis Simpson, que destacaba por el clasicismo en el vestuario y la originalidad en las joyas, tambi\u00e9n le gustaban las creaciones inspiradas en el mundo animal y fue la primera clienta en lucir un broche con una pantera en tres dimensiones, que luego se convirti\u00f3 en un emblema de la marca.<\/p>\n<p>Cartier, definido por el rey Eduardo VII como \u00abjoyero de reyes y rey de los joyeros\u00bb, fue el proveedor preferido de muchas casas reales, aunque su estilo tambi\u00e9n sedujo a artistas y a la alta burgues\u00eda.<\/p>\n<p>De hecho, la clienta m\u00e1s asidua en la tienda de Nueva York era Marjorie Merriweather Post, heredera de un gran imperio cerealista y coleccionista de arte ruso y franc\u00e9s.<\/p>\n<p>M\u00e1s all\u00e1 de la b\u00fasqueda de la belleza, Cartier perfeccion\u00f3 las t\u00e9cnicas de la joyer\u00eda y fue el primero en usar el platino, un material que resiste mejor el paso del tiempo a pesar de ser m\u00e1s dif\u00edcil de trabajar que el oro o la plata, explic\u00f3 a Efe la conservadora de la colecci\u00f3n, Pascale Lepeu.<\/p>\n<p>Otra de sus innovaciones fueron los \u00abp\u00e9ndulos misteriosos\u00bb, que tuvieron mucho \u00e9xito en los a\u00f1os veinte del pasado siglo, y en los que las agujas del reloj parec\u00eda que colgaran del vac\u00edo, gracias a los juegos \u00f3pticos con cristales.<\/p>\n<p>Y, en el campo de la est\u00e9tica, tambi\u00e9n hizo apuestas arriesgas, como mezclar en una misma joya zafiros y esmeraldas, una combinaci\u00f3n de piedras que hasta entonces se consideraba de mal gusto.<\/p>\n<p>Por Mar\u00eda Llort<\/p>\n","protected":false},"excerpt":{"rendered":"<p>Par\u00eds, 4 dic (EFE).- Las joyas y relojes dise\u00f1ados por Cartier son los protagonistas de una exposici\u00f3n sobre la historia de las creaciones de esta exclusiva marca de moda que puede visitarse desde hoy y hasta el 16 de febrero en el Grand Palais de Par\u00eds. Entre las m\u00e1s de 600 piezas reunidas, destacan algunas [&hellip;]<\/p>\n","protected":false},"author":1,"featured_media":457990,"comment_status":"closed","ping_status":"open","sticky":false,"template":"","format":"standard","meta":{"footnotes":""},"categories":[50],"tags":[],"class_list":["post-457989","post","type-post","status-publish","format-standard","has-post-thumbnail","hentry","category-revista-de-ocio"],"aioseo_notices":[],"aioseo_head":"\n\t\t<!-- All in One SEO Pro 5.0.1 - aioseo.com -->\n\t<meta name=\"description\" content=\"Par\u00eds, 4 dic (EFE).- Las joyas y relojes dise\u00f1ados por Cartier son los protagonistas de una exposici\u00f3n sobre la historia de las creaciones de esta exclusiva marca de moda que puede visitarse desde hoy y hasta el 16 de febrero en el Grand Palais de Par\u00eds. Entre las m\u00e1s de 600 piezas reunidas, destacan algunas\" \/>\n\t<meta name=\"robots\" content=\"max-image-preview:large\" \/>\n\t<meta name=\"author\" content=\"El Digital de Asturias\"\/>\n\t<meta name=\"google-site-verification\" content=\"UA-38556648-1\" \/>\n\t<meta name=\"msvalidate.01\" content=\"7dfe9f3f1b24437ab69f4f2559babe99\" \/>\n\t<meta name=\"keywords\" content=\"revista de ocio\" \/>\n\t<link rel=\"canonical\" href=\"https:\/\/www.eldigitaldeasturias.com\/noticias\/las-joyas-de-cartier-iluminan-una-exposicion-sobre-su-historia-en-paris\/\" \/>\n\t<meta name=\"generator\" content=\"All in One SEO Pro (AIOSEO) 5.0.1\" \/>\n\t\t<meta property=\"og:locale\" content=\"es_ES\" \/>\n\t\t<meta property=\"og:site_name\" content=\"El Digital de Asturias\" \/>\n\t\t<meta property=\"og:type\" content=\"article\" \/>\n\t\t<meta property=\"og:title\" content=\"Las joyas de Cartier iluminan una exposici\u00f3n sobre su historia en Par\u00eds - El Digital de Asturias\" \/>\n\t\t<meta property=\"og:description\" content=\"Par\u00eds, 4 dic (EFE).- Las joyas y relojes dise\u00f1ados por Cartier son los protagonistas de una exposici\u00f3n sobre la historia de las creaciones de esta exclusiva marca de moda que puede visitarse desde hoy y hasta el 16 de febrero en el Grand Palais de Par\u00eds. Entre las m\u00e1s de 600 piezas reunidas, destacan algunas\" \/>\n\t\t<meta property=\"og:url\" content=\"https:\/\/www.eldigitaldeasturias.com\/noticias\/las-joyas-de-cartier-iluminan-una-exposicion-sobre-su-historia-en-paris\/\" \/>\n\t\t<meta property=\"article:tag\" content=\"revista de ocio\" \/>\n\t\t<meta property=\"article:published_time\" content=\"2013-12-05T01:54:36+00:00\" \/>\n\t\t<meta property=\"article:modified_time\" content=\"2013-12-05T01:54:36+00:00\" \/>\n\t\t<meta property=\"article:publisher\" content=\"https:\/\/facebook.com\/eldigitaldeasturias\" \/>\n\t\t<meta name=\"twitter:card\" content=\"summary_large_image\" \/>\n\t\t<meta name=\"twitter:title\" content=\"Las joyas de Cartier iluminan una exposici\u00f3n sobre su historia en Par\u00eds - El Digital de Asturias\" \/>\n\t\t<meta name=\"twitter:description\" content=\"Par\u00eds, 4 dic (EFE).- Las joyas y relojes dise\u00f1ados por Cartier son los protagonistas de una exposici\u00f3n sobre la historia de las creaciones de esta exclusiva marca de moda que puede visitarse desde hoy y hasta el 16 de febrero en el Grand Palais de Par\u00eds. Entre las m\u00e1s de 600 piezas reunidas, destacan algunas\" \/>\n\t\t<meta name=\"twitter:label1\" content=\"Escrito por\" \/>\n\t\t<meta name=\"twitter:data1\" content=\"El Digital de Asturias\" \/>\n\t\t<meta name=\"twitter:label2\" content=\"Tiempo de lectura estimado\" \/>\n\t\t<meta name=\"twitter:data2\" content=\"4 minutos\" \/>\n\t\t<script type=\"application\/ld+json\" class=\"aioseo-schema\">\n\t\t\t{\"@context\":\"https:\\\/\\\/schema.org\",\"@graph\":[{\"@type\":\"BlogPosting\",\"@id\":\"https:\\\/\\\/www.eldigitaldeasturias.com\\\/noticias\\\/las-joyas-de-cartier-iluminan-una-exposicion-sobre-su-historia-en-paris\\\/#blogposting\",\"name\":\"Las joyas de Cartier iluminan una exposici\\u00f3n sobre su historia en Par\\u00eds - El Digital de Asturias\",\"headline\":\"Las joyas de Cartier iluminan una exposici\\u00f3n sobre su historia en Par\\u00eds\",\"author\":{\"@id\":\"https:\\\/\\\/www.eldigitaldeasturias.com\\\/noticias\\\/author\\\/admin\\\/#author\"},\"publisher\":{\"@id\":\"https:\\\/\\\/www.eldigitaldeasturias.com\\\/noticias\\\/#organization\"},\"image\":{\"@type\":\"ImageObject\",\"url\":457990},\"datePublished\":\"2013-12-05T00:54:36+01:00\",\"dateModified\":\"2013-12-05T00:54:36+01:00\",\"inLanguage\":\"es-ES\",\"mainEntityOfPage\":{\"@id\":\"https:\\\/\\\/www.eldigitaldeasturias.com\\\/noticias\\\/las-joyas-de-cartier-iluminan-una-exposicion-sobre-su-historia-en-paris\\\/#webpage\"},\"isPartOf\":{\"@id\":\"https:\\\/\\\/www.eldigitaldeasturias.com\\\/noticias\\\/las-joyas-de-cartier-iluminan-una-exposicion-sobre-su-historia-en-paris\\\/#webpage\"},\"articleSection\":\"Revista de Ocio\"},{\"@type\":\"BreadcrumbList\",\"@id\":\"https:\\\/\\\/www.eldigitaldeasturias.com\\\/noticias\\\/las-joyas-de-cartier-iluminan-una-exposicion-sobre-su-historia-en-paris\\\/#breadcrumblist\",\"itemListElement\":[{\"@type\":\"ListItem\",\"@id\":\"https:\\\/\\\/www.eldigitaldeasturias.com\\\/noticias#listItem\",\"position\":1,\"name\":\"Home\",\"item\":\"https:\\\/\\\/www.eldigitaldeasturias.com\\\/noticias\",\"nextItem\":{\"@type\":\"ListItem\",\"@id\":\"https:\\\/\\\/www.eldigitaldeasturias.com\\\/noticias\\\/category\\\/revista-de-ocio\\\/#listItem\",\"name\":\"Revista de Ocio\"}},{\"@type\":\"ListItem\",\"@id\":\"https:\\\/\\\/www.eldigitaldeasturias.com\\\/noticias\\\/category\\\/revista-de-ocio\\\/#listItem\",\"position\":2,\"name\":\"Revista de Ocio\",\"item\":\"https:\\\/\\\/www.eldigitaldeasturias.com\\\/noticias\\\/category\\\/revista-de-ocio\\\/\",\"nextItem\":{\"@type\":\"ListItem\",\"@id\":\"https:\\\/\\\/www.eldigitaldeasturias.com\\\/noticias\\\/las-joyas-de-cartier-iluminan-una-exposicion-sobre-su-historia-en-paris\\\/#listItem\",\"name\":\"Las joyas de Cartier iluminan una exposici\\u00f3n sobre su historia en Par\\u00eds\"},\"previousItem\":{\"@type\":\"ListItem\",\"@id\":\"https:\\\/\\\/www.eldigitaldeasturias.com\\\/noticias#listItem\",\"name\":\"Home\"}},{\"@type\":\"ListItem\",\"@id\":\"https:\\\/\\\/www.eldigitaldeasturias.com\\\/noticias\\\/las-joyas-de-cartier-iluminan-una-exposicion-sobre-su-historia-en-paris\\\/#listItem\",\"position\":3,\"name\":\"Las joyas de Cartier iluminan una exposici\\u00f3n sobre su historia en Par\\u00eds\",\"previousItem\":{\"@type\":\"ListItem\",\"@id\":\"https:\\\/\\\/www.eldigitaldeasturias.com\\\/noticias\\\/category\\\/revista-de-ocio\\\/#listItem\",\"name\":\"Revista de Ocio\"}}]},{\"@type\":\"Organization\",\"@id\":\"https:\\\/\\\/www.eldigitaldeasturias.com\\\/noticias\\\/#organization\",\"name\":\"El Digital de Asturias\",\"description\":\"Hemeroteca\",\"url\":\"https:\\\/\\\/www.eldigitaldeasturias.com\\\/noticias\\\/\",\"email\":\"info@eldigitaldeasturias.com\",\"telephone\":\"+34652131393\",\"logo\":{\"@type\":\"ImageObject\",\"url\":\"https:\\\/\\\/www.eldigitaldeasturias.com\\\/noticias\\\/wp-content\\\/uploads\\\/2020\\\/12\\\/EDA.jpg\",\"@id\":\"https:\\\/\\\/www.eldigitaldeasturias.com\\\/noticias\\\/las-joyas-de-cartier-iluminan-una-exposicion-sobre-su-historia-en-paris\\\/#organizationLogo\"},\"image\":{\"@id\":\"https:\\\/\\\/www.eldigitaldeasturias.com\\\/noticias\\\/las-joyas-de-cartier-iluminan-una-exposicion-sobre-su-historia-en-paris\\\/#organizationLogo\"},\"sameAs\":[\"https:\\\/\\\/facebook.com\\\/eldigitaldeasturias\",\"https:\\\/\\\/www.youtube.com\\\/channel\\\/UCZP-2wLEB9Rv6erhFmqVnvg\"],\"address\":{\"@id\":\"https:\\\/\\\/www.eldigitaldeasturias.com\\\/noticias\\\/#postaladdress\",\"@type\":\"PostalAddress\",\"streetAddress\":\"san antonio 4\",\"postalCode\":\"33430\",\"addressLocality\":\"Cand\\u00e1s\",\"addressRegion\":\"Asturias\",\"addressCountry\":\"ES\"}},{\"@type\":\"Person\",\"@id\":\"https:\\\/\\\/www.eldigitaldeasturias.com\\\/noticias\\\/author\\\/admin\\\/#author\",\"url\":\"https:\\\/\\\/www.eldigitaldeasturias.com\\\/noticias\\\/author\\\/admin\\\/\",\"name\":\"El Digital de Asturias\",\"image\":{\"@type\":\"ImageObject\",\"@id\":\"https:\\\/\\\/www.eldigitaldeasturias.com\\\/noticias\\\/las-joyas-de-cartier-iluminan-una-exposicion-sobre-su-historia-en-paris\\\/#authorImage\",\"url\":\"https:\\\/\\\/secure.gravatar.com\\\/avatar\\\/df2aeffc32bcd13f8d26072ef8a91b623d677766deac7f97ca815868cd41bf5e?s=96&d=mm&r=g\",\"width\":96,\"height\":96,\"caption\":\"El Digital de Asturias\"}},{\"@type\":\"WebPage\",\"@id\":\"https:\\\/\\\/www.eldigitaldeasturias.com\\\/noticias\\\/las-joyas-de-cartier-iluminan-una-exposicion-sobre-su-historia-en-paris\\\/#webpage\",\"url\":\"https:\\\/\\\/www.eldigitaldeasturias.com\\\/noticias\\\/las-joyas-de-cartier-iluminan-una-exposicion-sobre-su-historia-en-paris\\\/\",\"name\":\"Las joyas de Cartier iluminan una exposici\\u00f3n sobre su historia en Par\\u00eds - El Digital de Asturias\",\"description\":\"Par\\u00eds, 4 dic (EFE).- Las joyas y relojes dise\\u00f1ados por Cartier son los protagonistas de una exposici\\u00f3n sobre la historia de las creaciones de esta exclusiva marca de moda que puede visitarse desde hoy y hasta el 16 de febrero en el Grand Palais de Par\\u00eds. Entre las m\\u00e1s de 600 piezas reunidas, destacan algunas\",\"inLanguage\":\"es-ES\",\"isPartOf\":{\"@id\":\"https:\\\/\\\/www.eldigitaldeasturias.com\\\/noticias\\\/#website\"},\"breadcrumb\":{\"@id\":\"https:\\\/\\\/www.eldigitaldeasturias.com\\\/noticias\\\/las-joyas-de-cartier-iluminan-una-exposicion-sobre-su-historia-en-paris\\\/#breadcrumblist\"},\"author\":{\"@id\":\"https:\\\/\\\/www.eldigitaldeasturias.com\\\/noticias\\\/author\\\/admin\\\/#author\"},\"creator\":{\"@id\":\"https:\\\/\\\/www.eldigitaldeasturias.com\\\/noticias\\\/author\\\/admin\\\/#author\"},\"image\":{\"@type\":\"ImageObject\",\"url\":457990,\"@id\":\"https:\\\/\\\/www.eldigitaldeasturias.com\\\/noticias\\\/las-joyas-de-cartier-iluminan-una-exposicion-sobre-su-historia-en-paris\\\/#mainImage\"},\"primaryImageOfPage\":{\"@id\":\"https:\\\/\\\/www.eldigitaldeasturias.com\\\/noticias\\\/las-joyas-de-cartier-iluminan-una-exposicion-sobre-su-historia-en-paris\\\/#mainImage\"},\"datePublished\":\"2013-12-05T00:54:36+01:00\",\"dateModified\":\"2013-12-05T00:54:36+01:00\"},{\"@type\":\"WebSite\",\"@id\":\"https:\\\/\\\/www.eldigitaldeasturias.com\\\/noticias\\\/#website\",\"url\":\"https:\\\/\\\/www.eldigitaldeasturias.com\\\/noticias\\\/\",\"name\":\"El Digital de Asturias - Diario de actualidad y noticias\",\"alternateName\":\"El Digital de Asturias - Diario de actualidad y noticias\",\"description\":\"Hemeroteca\",\"inLanguage\":\"es-ES\",\"publisher\":{\"@id\":\"https:\\\/\\\/www.eldigitaldeasturias.com\\\/noticias\\\/#organization\"}}]}\n\t\t<\/script>\n\t\t<!-- All in One SEO Pro -->\r\n\t\t<title>Las joyas de Cartier iluminan una exposici\u00f3n sobre su historia en Par\u00eds - El Digital de Asturias<\/title>\n\n","aioseo_head_json":{"title":"Las joyas de Cartier iluminan una exposici\u00f3n sobre su historia en Par\u00eds - El Digital de Asturias","description":"Par\u00eds, 4 dic (EFE).- Las joyas y relojes dise\u00f1ados por Cartier son los protagonistas de una exposici\u00f3n sobre la historia de las creaciones de esta exclusiva marca de moda que puede visitarse desde hoy y hasta el 16 de febrero en el Grand Palais de Par\u00eds. Entre las m\u00e1s de 600 piezas reunidas, destacan algunas","canonical_url":"https:\/\/www.eldigitaldeasturias.com\/noticias\/las-joyas-de-cartier-iluminan-una-exposicion-sobre-su-historia-en-paris\/","robots":"max-image-preview:large","keywords":"revista de ocio","webmasterTools":{"google-site-verification":"UA-38556648-1","msvalidate.01":"7dfe9f3f1b24437ab69f4f2559babe99","miscellaneous":""},"schema":{"@context":"https:\/\/schema.org","@graph":[{"@type":"BlogPosting","@id":"https:\/\/www.eldigitaldeasturias.com\/noticias\/las-joyas-de-cartier-iluminan-una-exposicion-sobre-su-historia-en-paris\/#blogposting","name":"Las joyas de Cartier iluminan una exposici\u00f3n sobre su historia en Par\u00eds - El Digital de Asturias","headline":"Las joyas de Cartier iluminan una exposici\u00f3n sobre su historia en Par\u00eds","author":{"@id":"https:\/\/www.eldigitaldeasturias.com\/noticias\/author\/admin\/#author"},"publisher":{"@id":"https:\/\/www.eldigitaldeasturias.com\/noticias\/#organization"},"image":{"@type":"ImageObject","url":457990},"datePublished":"2013-12-05T00:54:36+01:00","dateModified":"2013-12-05T00:54:36+01:00","inLanguage":"es-ES","mainEntityOfPage":{"@id":"https:\/\/www.eldigitaldeasturias.com\/noticias\/las-joyas-de-cartier-iluminan-una-exposicion-sobre-su-historia-en-paris\/#webpage"},"isPartOf":{"@id":"https:\/\/www.eldigitaldeasturias.com\/noticias\/las-joyas-de-cartier-iluminan-una-exposicion-sobre-su-historia-en-paris\/#webpage"},"articleSection":"Revista de Ocio"},{"@type":"BreadcrumbList","@id":"https:\/\/www.eldigitaldeasturias.com\/noticias\/las-joyas-de-cartier-iluminan-una-exposicion-sobre-su-historia-en-paris\/#breadcrumblist","itemListElement":[{"@type":"ListItem","@id":"https:\/\/www.eldigitaldeasturias.com\/noticias#listItem","position":1,"name":"Home","item":"https:\/\/www.eldigitaldeasturias.com\/noticias","nextItem":{"@type":"ListItem","@id":"https:\/\/www.eldigitaldeasturias.com\/noticias\/category\/revista-de-ocio\/#listItem","name":"Revista de Ocio"}},{"@type":"ListItem","@id":"https:\/\/www.eldigitaldeasturias.com\/noticias\/category\/revista-de-ocio\/#listItem","position":2,"name":"Revista de Ocio","item":"https:\/\/www.eldigitaldeasturias.com\/noticias\/category\/revista-de-ocio\/","nextItem":{"@type":"ListItem","@id":"https:\/\/www.eldigitaldeasturias.com\/noticias\/las-joyas-de-cartier-iluminan-una-exposicion-sobre-su-historia-en-paris\/#listItem","name":"Las joyas de Cartier iluminan una exposici\u00f3n sobre su historia en Par\u00eds"},"previousItem":{"@type":"ListItem","@id":"https:\/\/www.eldigitaldeasturias.com\/noticias#listItem","name":"Home"}},{"@type":"ListItem","@id":"https:\/\/www.eldigitaldeasturias.com\/noticias\/las-joyas-de-cartier-iluminan-una-exposicion-sobre-su-historia-en-paris\/#listItem","position":3,"name":"Las joyas de Cartier iluminan una exposici\u00f3n sobre su historia en Par\u00eds","previousItem":{"@type":"ListItem","@id":"https:\/\/www.eldigitaldeasturias.com\/noticias\/category\/revista-de-ocio\/#listItem","name":"Revista de Ocio"}}]},{"@type":"Organization","@id":"https:\/\/www.eldigitaldeasturias.com\/noticias\/#organization","name":"El Digital de Asturias","description":"Hemeroteca","url":"https:\/\/www.eldigitaldeasturias.com\/noticias\/","email":"info@eldigitaldeasturias.com","telephone":"+34652131393","logo":{"@type":"ImageObject","url":"https:\/\/www.eldigitaldeasturias.com\/noticias\/wp-content\/uploads\/2020\/12\/EDA.jpg","@id":"https:\/\/www.eldigitaldeasturias.com\/noticias\/las-joyas-de-cartier-iluminan-una-exposicion-sobre-su-historia-en-paris\/#organizationLogo"},"image":{"@id":"https:\/\/www.eldigitaldeasturias.com\/noticias\/las-joyas-de-cartier-iluminan-una-exposicion-sobre-su-historia-en-paris\/#organizationLogo"},"sameAs":["https:\/\/facebook.com\/eldigitaldeasturias","https:\/\/www.youtube.com\/channel\/UCZP-2wLEB9Rv6erhFmqVnvg"],"address":{"@id":"https:\/\/www.eldigitaldeasturias.com\/noticias\/#postaladdress","@type":"PostalAddress","streetAddress":"san antonio 4","postalCode":"33430","addressLocality":"Cand\u00e1s","addressRegion":"Asturias","addressCountry":"ES"}},{"@type":"Person","@id":"https:\/\/www.eldigitaldeasturias.com\/noticias\/author\/admin\/#author","url":"https:\/\/www.eldigitaldeasturias.com\/noticias\/author\/admin\/","name":"El Digital de Asturias","image":{"@type":"ImageObject","@id":"https:\/\/www.eldigitaldeasturias.com\/noticias\/las-joyas-de-cartier-iluminan-una-exposicion-sobre-su-historia-en-paris\/#authorImage","url":"https:\/\/secure.gravatar.com\/avatar\/df2aeffc32bcd13f8d26072ef8a91b623d677766deac7f97ca815868cd41bf5e?s=96&d=mm&r=g","width":96,"height":96,"caption":"El Digital de Asturias"}},{"@type":"WebPage","@id":"https:\/\/www.eldigitaldeasturias.com\/noticias\/las-joyas-de-cartier-iluminan-una-exposicion-sobre-su-historia-en-paris\/#webpage","url":"https:\/\/www.eldigitaldeasturias.com\/noticias\/las-joyas-de-cartier-iluminan-una-exposicion-sobre-su-historia-en-paris\/","name":"Las joyas de Cartier iluminan una exposici\u00f3n sobre su historia en Par\u00eds - El Digital de Asturias","description":"Par\u00eds, 4 dic (EFE).- Las joyas y relojes dise\u00f1ados por Cartier son los protagonistas de una exposici\u00f3n sobre la historia de las creaciones de esta exclusiva marca de moda que puede visitarse desde hoy y hasta el 16 de febrero en el Grand Palais de Par\u00eds. Entre las m\u00e1s de 600 piezas reunidas, destacan algunas","inLanguage":"es-ES","isPartOf":{"@id":"https:\/\/www.eldigitaldeasturias.com\/noticias\/#website"},"breadcrumb":{"@id":"https:\/\/www.eldigitaldeasturias.com\/noticias\/las-joyas-de-cartier-iluminan-una-exposicion-sobre-su-historia-en-paris\/#breadcrumblist"},"author":{"@id":"https:\/\/www.eldigitaldeasturias.com\/noticias\/author\/admin\/#author"},"creator":{"@id":"https:\/\/www.eldigitaldeasturias.com\/noticias\/author\/admin\/#author"},"image":{"@type":"ImageObject","url":457990,"@id":"https:\/\/www.eldigitaldeasturias.com\/noticias\/las-joyas-de-cartier-iluminan-una-exposicion-sobre-su-historia-en-paris\/#mainImage"},"primaryImageOfPage":{"@id":"https:\/\/www.eldigitaldeasturias.com\/noticias\/las-joyas-de-cartier-iluminan-una-exposicion-sobre-su-historia-en-paris\/#mainImage"},"datePublished":"2013-12-05T00:54:36+01:00","dateModified":"2013-12-05T00:54:36+01:00"},{"@type":"WebSite","@id":"https:\/\/www.eldigitaldeasturias.com\/noticias\/#website","url":"https:\/\/www.eldigitaldeasturias.com\/noticias\/","name":"El Digital de Asturias - Diario de actualidad y noticias","alternateName":"El Digital de Asturias - Diario de actualidad y noticias","description":"Hemeroteca","inLanguage":"es-ES","publisher":{"@id":"https:\/\/www.eldigitaldeasturias.com\/noticias\/#organization"}}]},"og:locale":"es_ES","og:site_name":"El Digital de Asturias","og:type":"article","og:title":"Las joyas de Cartier iluminan una exposici\u00f3n sobre su historia en Par\u00eds - El Digital de Asturias","og:description":"Par\u00eds, 4 dic (EFE).- Las joyas y relojes dise\u00f1ados por Cartier son los protagonistas de una exposici\u00f3n sobre la historia de las creaciones de esta exclusiva marca de moda que puede visitarse desde hoy y hasta el 16 de febrero en el Grand Palais de Par\u00eds. Entre las m\u00e1s de 600 piezas reunidas, destacan algunas","og:url":"https:\/\/www.eldigitaldeasturias.com\/noticias\/las-joyas-de-cartier-iluminan-una-exposicion-sobre-su-historia-en-paris\/","article:tag":["revista de ocio"],"article:published_time":"2013-12-05T01:54:36+00:00","article:modified_time":"2013-12-05T01:54:36+00:00","article:publisher":"https:\/\/facebook.com\/eldigitaldeasturias","twitter:card":"summary_large_image","twitter:title":"Las joyas de Cartier iluminan una exposici\u00f3n sobre su historia en Par\u00eds - El Digital de Asturias","twitter:description":"Par\u00eds, 4 dic (EFE).- Las joyas y relojes dise\u00f1ados por Cartier son los protagonistas de una exposici\u00f3n sobre la historia de las creaciones de esta exclusiva marca de moda que puede visitarse desde hoy y hasta el 16 de febrero en el Grand Palais de Par\u00eds. Entre las m\u00e1s de 600 piezas reunidas, destacan algunas","twitter:label1":"Escrito por","twitter:data1":"El Digital de Asturias","twitter:label2":"Tiempo de lectura estimado","twitter:data2":"4 minutos"},"aioseo_meta_data":{"post_id":"457989","title":null,"description":null,"keywords":null,"keyphrases":null,"primary_term":null,"canonical_url":null,"og_title":null,"og_description":null,"og_object_type":"default","og_image_type":"default","og_image_url":null,"og_image_width":null,"og_image_height":null,"og_image_custom_url":null,"og_image_custom_fields":null,"og_video":null,"og_custom_url":null,"og_article_section":null,"og_article_tags":null,"twitter_use_og":true,"twitter_card":"default","twitter_image_type":"default","twitter_image_url":null,"twitter_image_custom_url":null,"twitter_image_custom_fields":null,"twitter_title":null,"twitter_description":null,"schema":{"blockGraphs":[],"customGraphs":[],"default":{"data":{"Article":[],"Course":[],"Dataset":[],"FAQPage":[],"Movie":[],"Person":[],"Product":[],"ProductReview":[],"Car":[],"Recipe":[],"Service":[],"SoftwareApplication":[],"WebPage":[]},"graphName":"","isEnabled":true},"graphs":[],"defaultGraph":"","defaultPostTypeGraph":""},"schema_type":null,"schema_type_options":null,"pillar_content":false,"robots_default":true,"robots_noindex":false,"robots_noarchive":false,"robots_nosnippet":false,"robots_nofollow":false,"robots_noimageindex":false,"robots_noodp":false,"robots_notranslate":false,"robots_max_snippet":null,"robots_max_videopreview":null,"robots_max_imagepreview":"none","priority":null,"frequency":null,"local_seo":null,"seo_analyzer_scan_date":"2026-05-30 03:58:59","breadcrumb_settings":null,"limit_modified_date":false,"open_ai":null,"ai":null,"created":"2020-11-14 22:46:13","updated":"2026-05-30 03:58:59","focus_keyword":null,"additional_keywords":null,"truseo_locale":null},"aioseo_breadcrumb":"<div class=\"aioseo-breadcrumbs\"><span class=\"aioseo-breadcrumb\">\n\t<a href=\"https:\/\/www.eldigitaldeasturias.com\/noticias\" title=\"Home\">Home<\/a>\n<\/span><span class=\"aioseo-breadcrumb-separator\">\u2013<\/span><span class=\"aioseo-breadcrumb\">\n\t<a href=\"https:\/\/www.eldigitaldeasturias.com\/noticias\/category\/revista-de-ocio\/\" title=\"Revista de Ocio\">Revista de Ocio<\/a>\n<\/span><span class=\"aioseo-breadcrumb-separator\">\u2013<\/span><span class=\"aioseo-breadcrumb\">\n\t<a href=\"https:\/\/www.eldigitaldeasturias.com\/noticias\/las-joyas-de-cartier-iluminan-una-exposicion-sobre-su-historia-en-paris\/\" title=\"Las joyas de Cartier iluminan una exposici\u00f3n sobre su historia en Par\u00eds\">Las joyas de Cartier iluminan una exposici\u00f3n sobre su historia en Par\u00eds<\/a>\n<\/span><\/div>","aioseo_breadcrumb_json":[{"label":"Home","link":"https:\/\/www.eldigitaldeasturias.com\/noticias"},{"label":"Revista de Ocio","link":"https:\/\/www.eldigitaldeasturias.com\/noticias\/category\/revista-de-ocio\/"},{"label":"Las joyas de Cartier iluminan una exposici\u00f3n sobre su historia en Par\u00eds","link":"https:\/\/www.eldigitaldeasturias.com\/noticias\/las-joyas-de-cartier-iluminan-una-exposicion-sobre-su-historia-en-paris\/"}],"_links":{"self":[{"href":"https:\/\/www.eldigitaldeasturias.com\/noticias\/wp-json\/wp\/v2\/posts\/457989","targetHints":{"allow":["GET"]}}],"collection":[{"href":"https:\/\/www.eldigitaldeasturias.com\/noticias\/wp-json\/wp\/v2\/posts"}],"about":[{"href":"https:\/\/www.eldigitaldeasturias.com\/noticias\/wp-json\/wp\/v2\/types\/post"}],"author":[{"embeddable":true,"href":"https:\/\/www.eldigitaldeasturias.com\/noticias\/wp-json\/wp\/v2\/users\/1"}],"replies":[{"embeddable":true,"href":"https:\/\/www.eldigitaldeasturias.com\/noticias\/wp-json\/wp\/v2\/comments?post=457989"}],"version-history":[{"count":0,"href":"https:\/\/www.eldigitaldeasturias.com\/noticias\/wp-json\/wp\/v2\/posts\/457989\/revisions"}],"wp:attachment":[{"href":"https:\/\/www.eldigitaldeasturias.com\/noticias\/wp-json\/wp\/v2\/media?parent=457989"}],"wp:term":[{"taxonomy":"category","embeddable":true,"href":"https:\/\/www.eldigitaldeasturias.com\/noticias\/wp-json\/wp\/v2\/categories?post=457989"},{"taxonomy":"post_tag","embeddable":true,"href":"https:\/\/www.eldigitaldeasturias.com\/noticias\/wp-json\/wp\/v2\/tags?post=457989"}],"curies":[{"name":"wp","href":"https:\/\/api.w.org\/{rel}","templated":true}]}}