{"id":457964,"date":"2013-12-05T00:28:30","date_gmt":"2013-12-05T01:28:30","guid":{"rendered":"http:\/\/www.eldigitaldeasturias.com\/noticias\/?p=457964"},"modified":"2013-12-05T00:28:30","modified_gmt":"2013-12-05T01:28:30","slug":"un-ano-sin-oscar-niemeyer","status":"publish","type":"post","link":"https:\/\/www.eldigitaldeasturias.com\/noticias\/un-ano-sin-oscar-niemeyer\/","title":{"rendered":"Un a\u00f1o sin Oscar Niemeyer"},"content":{"rendered":"<p><img loading=\"lazy\" decoding=\"async\" class=\"alignleft size-medium wp-image-457965\" alt=\"NIEMEYER--644x362\" src=\"https:\/\/www.eldigitaldeasturias.com\/noticias\/wp-content\/uploads\/2013\/12\/NIEMEYER-644x362-360x202.jpg\" width=\"360\" height=\"202\" \/>R\u00edo de Janeiro, 4 dic (dpa) &#8211; El arquitecto brasile\u00f1o Oscar Niemeyer estaba a punto de cumplir 105 a\u00f1os cuando el 5 de diciembre de 2012 falleci\u00f3 a causa de las complicaciones de una insuficiencia respiratoria. Justo en v\u00edsperas del primer aniversario de su muerte, una de sus obras m\u00e1s emblem\u00e1ticas protagoniz\u00f3 otra triste noticia.<\/p>\n<p>El auditorio Sim\u00f3n Bol\u00edvar de Sao Paulo, que integra el Memorial de Am\u00e9rica Latina, fue devastado por las llamas, al parecer provocadas por un cortocircuito. \u00c9stas no s\u00f3lo destruyeron el 90 por ciento del anfiteatro que tiene capacidad para 1.600 personas, sino que adem\u00e1s se teme que hayan devorado planos originales del laureado \u00abpadre\u00bb de la capital brasile\u00f1a Brasilia, que se presume estaban guardados en el lugar.<\/p>\n<p>Realizado junto al antrop\u00f3logo brasile\u00f1o Darcy Ribeiro, el Memorial fue construido como lugar de confluencia de las expresiones art\u00edsticas y culturales de todos los pa\u00edses latinoamericanos. El auditorio siniestrado, una de las obras centrales del centro cultural, puede llegar a tener que ser demolido seg\u00fan inform\u00f3 la Defensa Civil, que aguarda nuevos peritajes para tomar la decisi\u00f3n.<\/p>\n<p>La muerte del \u00abpen\u00faltimo comunista\u00bb, seg\u00fan lo calific\u00f3 hace unos a\u00f1os su entra\u00f1able amigo y \u00abcamarada\u00bb Fidel Castro, conmocion\u00f3 a Brasil y al mundo. En el primer aniversario de su muerte, el comunista convicto y ateo declarado ser\u00e1 homenajeado en su R\u00edo de Janeiro natal con una misa que organizar\u00e1 la fundaci\u00f3n que lleva su nombre, inform\u00f3 a dpa la entidad.<\/p>\n<p>Revolucionario y so\u00f1ador, el \u00abpoeta\u00bb de una arquitectura que, afirmaba, \u00abno acepta reglas\u00bb, dej\u00f3 como legado una obra que busc\u00f3 en las l\u00edneas curvas, a las que defend\u00eda frente a la \u00abfrialdad del \u00e1ngulo recto\u00bb. Una armon\u00eda con el universo, que \u00abest\u00e1 hecho de curvas\u00bb.<\/p>\n<p>Tras vivir m\u00e1s de un siglo y morir diez d\u00edas antes de cumplir 105 a\u00f1os reverenciado por el mundo, Niemeyer, quien siempre se consider\u00f3 \u00abun ser humano como cualquier otro, que naci\u00f3, vivi\u00f3 y muri\u00f3\u00bb, se despidi\u00f3 convencido de que la vida \u00abes un soplido, un minuto\u00bb.<\/p>\n<p>No obstante, su portentosa obra, que se puede apreciar en su Brasil natal y tambi\u00e9n en magistrales creaciones por el mundo, como las sedes del Partido Comunista Franc\u00e9s, la de la editorial Mondadori en Italia, el centro cultural que lleva su nombre en Espa\u00f1a, o en el Puerto de la M\u00fasica, en la ciudad argentina de Rosario, ha hecho lo que su materialismo marxista neg\u00f3 una y otra vez: lo hizo inmortal.<\/p>\n<p>Por Ana Mar\u00eda Pomi<\/p>\n","protected":false},"excerpt":{"rendered":"<p>R\u00edo de Janeiro, 4 dic (dpa) &#8211; El arquitecto brasile\u00f1o Oscar Niemeyer estaba a punto de cumplir 105 a\u00f1os cuando el 5 de diciembre de 2012 falleci\u00f3 a causa de las complicaciones de una insuficiencia respiratoria. Justo en v\u00edsperas del primer aniversario de su muerte, una de sus obras m\u00e1s emblem\u00e1ticas protagoniz\u00f3 otra triste noticia. [&hellip;]<\/p>\n","protected":false},"author":1,"featured_media":457965,"comment_status":"closed","ping_status":"open","sticky":false,"template":"","format":"standard","meta":{"footnotes":""},"categories":[28],"tags":[],"class_list":["post-457964","post","type-post","status-publish","format-standard","has-post-thumbnail","hentry","category-sociedad"],"aioseo_notices":[],"aioseo_head":"\n\t\t<!-- All in One SEO Pro 5.0.1 - aioseo.com -->\n\t<meta name=\"description\" content=\"R\u00edo de Janeiro, 4 dic (dpa) - El arquitecto brasile\u00f1o Oscar Niemeyer estaba a punto de cumplir 105 a\u00f1os cuando el 5 de diciembre de 2012 falleci\u00f3 a causa de las complicaciones de una insuficiencia respiratoria. Justo en v\u00edsperas del primer aniversario de su muerte, una de sus obras m\u00e1s emblem\u00e1ticas protagoniz\u00f3 otra triste noticia.\" \/>\n\t<meta name=\"robots\" content=\"max-image-preview:large\" \/>\n\t<meta name=\"author\" content=\"El Digital de Asturias\"\/>\n\t<meta name=\"google-site-verification\" content=\"UA-38556648-1\" \/>\n\t<meta name=\"msvalidate.01\" content=\"7dfe9f3f1b24437ab69f4f2559babe99\" \/>\n\t<meta name=\"keywords\" content=\"sociedad\" \/>\n\t<link rel=\"canonical\" href=\"https:\/\/www.eldigitaldeasturias.com\/noticias\/un-ano-sin-oscar-niemeyer\/\" \/>\n\t<meta name=\"generator\" content=\"All in One SEO Pro (AIOSEO) 5.0.1\" \/>\n\t\t<meta property=\"og:locale\" content=\"es_ES\" \/>\n\t\t<meta property=\"og:site_name\" content=\"El Digital de Asturias\" \/>\n\t\t<meta property=\"og:type\" content=\"article\" \/>\n\t\t<meta property=\"og:title\" content=\"Un a\u00f1o sin Oscar Niemeyer - El Digital de Asturias\" \/>\n\t\t<meta property=\"og:description\" content=\"R\u00edo de Janeiro, 4 dic (dpa) - El arquitecto brasile\u00f1o Oscar Niemeyer estaba a punto de cumplir 105 a\u00f1os cuando el 5 de diciembre de 2012 falleci\u00f3 a causa de las complicaciones de una insuficiencia respiratoria. Justo en v\u00edsperas del primer aniversario de su muerte, una de sus obras m\u00e1s emblem\u00e1ticas protagoniz\u00f3 otra triste noticia.\" \/>\n\t\t<meta property=\"og:url\" content=\"https:\/\/www.eldigitaldeasturias.com\/noticias\/un-ano-sin-oscar-niemeyer\/\" \/>\n\t\t<meta property=\"article:tag\" content=\"sociedad\" \/>\n\t\t<meta property=\"article:published_time\" content=\"2013-12-05T01:28:30+00:00\" \/>\n\t\t<meta property=\"article:modified_time\" content=\"2013-12-05T01:28:30+00:00\" \/>\n\t\t<meta property=\"article:publisher\" content=\"https:\/\/facebook.com\/eldigitaldeasturias\" \/>\n\t\t<meta name=\"twitter:card\" content=\"summary_large_image\" \/>\n\t\t<meta name=\"twitter:title\" content=\"Un a\u00f1o sin Oscar Niemeyer - El Digital de Asturias\" \/>\n\t\t<meta name=\"twitter:description\" content=\"R\u00edo de Janeiro, 4 dic (dpa) - El arquitecto brasile\u00f1o Oscar Niemeyer estaba a punto de cumplir 105 a\u00f1os cuando el 5 de diciembre de 2012 falleci\u00f3 a causa de las complicaciones de una insuficiencia respiratoria. Justo en v\u00edsperas del primer aniversario de su muerte, una de sus obras m\u00e1s emblem\u00e1ticas protagoniz\u00f3 otra triste noticia.\" \/>\n\t\t<meta name=\"twitter:label1\" content=\"Escrito por\" \/>\n\t\t<meta name=\"twitter:data1\" content=\"El Digital de Asturias\" \/>\n\t\t<meta name=\"twitter:label2\" content=\"Tiempo de lectura estimado\" \/>\n\t\t<meta name=\"twitter:data2\" content=\"2 minutos\" \/>\n\t\t<script type=\"application\/ld+json\" class=\"aioseo-schema\">\n\t\t\t{\"@context\":\"https:\\\/\\\/schema.org\",\"@graph\":[{\"@type\":\"BlogPosting\",\"@id\":\"https:\\\/\\\/www.eldigitaldeasturias.com\\\/noticias\\\/un-ano-sin-oscar-niemeyer\\\/#blogposting\",\"name\":\"Un a\\u00f1o sin Oscar Niemeyer - El Digital de Asturias\",\"headline\":\"Un a\\u00f1o sin Oscar Niemeyer\",\"author\":{\"@id\":\"https:\\\/\\\/www.eldigitaldeasturias.com\\\/noticias\\\/author\\\/admin\\\/#author\"},\"publisher\":{\"@id\":\"https:\\\/\\\/www.eldigitaldeasturias.com\\\/noticias\\\/#organization\"},\"image\":{\"@type\":\"ImageObject\",\"url\":457965},\"datePublished\":\"2013-12-05T00:28:30+01:00\",\"dateModified\":\"2013-12-05T00:28:30+01:00\",\"inLanguage\":\"es-ES\",\"mainEntityOfPage\":{\"@id\":\"https:\\\/\\\/www.eldigitaldeasturias.com\\\/noticias\\\/un-ano-sin-oscar-niemeyer\\\/#webpage\"},\"isPartOf\":{\"@id\":\"https:\\\/\\\/www.eldigitaldeasturias.com\\\/noticias\\\/un-ano-sin-oscar-niemeyer\\\/#webpage\"},\"articleSection\":\"Sociedad\"},{\"@type\":\"BreadcrumbList\",\"@id\":\"https:\\\/\\\/www.eldigitaldeasturias.com\\\/noticias\\\/un-ano-sin-oscar-niemeyer\\\/#breadcrumblist\",\"itemListElement\":[{\"@type\":\"ListItem\",\"@id\":\"https:\\\/\\\/www.eldigitaldeasturias.com\\\/noticias#listItem\",\"position\":1,\"name\":\"Home\",\"item\":\"https:\\\/\\\/www.eldigitaldeasturias.com\\\/noticias\",\"nextItem\":{\"@type\":\"ListItem\",\"@id\":\"https:\\\/\\\/www.eldigitaldeasturias.com\\\/noticias\\\/category\\\/sociedad\\\/#listItem\",\"name\":\"Sociedad\"}},{\"@type\":\"ListItem\",\"@id\":\"https:\\\/\\\/www.eldigitaldeasturias.com\\\/noticias\\\/category\\\/sociedad\\\/#listItem\",\"position\":2,\"name\":\"Sociedad\",\"item\":\"https:\\\/\\\/www.eldigitaldeasturias.com\\\/noticias\\\/category\\\/sociedad\\\/\",\"nextItem\":{\"@type\":\"ListItem\",\"@id\":\"https:\\\/\\\/www.eldigitaldeasturias.com\\\/noticias\\\/un-ano-sin-oscar-niemeyer\\\/#listItem\",\"name\":\"Un a\\u00f1o sin Oscar Niemeyer\"},\"previousItem\":{\"@type\":\"ListItem\",\"@id\":\"https:\\\/\\\/www.eldigitaldeasturias.com\\\/noticias#listItem\",\"name\":\"Home\"}},{\"@type\":\"ListItem\",\"@id\":\"https:\\\/\\\/www.eldigitaldeasturias.com\\\/noticias\\\/un-ano-sin-oscar-niemeyer\\\/#listItem\",\"position\":3,\"name\":\"Un a\\u00f1o sin Oscar Niemeyer\",\"previousItem\":{\"@type\":\"ListItem\",\"@id\":\"https:\\\/\\\/www.eldigitaldeasturias.com\\\/noticias\\\/category\\\/sociedad\\\/#listItem\",\"name\":\"Sociedad\"}}]},{\"@type\":\"Organization\",\"@id\":\"https:\\\/\\\/www.eldigitaldeasturias.com\\\/noticias\\\/#organization\",\"name\":\"El Digital de Asturias\",\"description\":\"Hemeroteca\",\"url\":\"https:\\\/\\\/www.eldigitaldeasturias.com\\\/noticias\\\/\",\"email\":\"info@eldigitaldeasturias.com\",\"telephone\":\"+34652131393\",\"logo\":{\"@type\":\"ImageObject\",\"url\":\"https:\\\/\\\/www.eldigitaldeasturias.com\\\/noticias\\\/wp-content\\\/uploads\\\/2020\\\/12\\\/EDA.jpg\",\"@id\":\"https:\\\/\\\/www.eldigitaldeasturias.com\\\/noticias\\\/un-ano-sin-oscar-niemeyer\\\/#organizationLogo\"},\"image\":{\"@id\":\"https:\\\/\\\/www.eldigitaldeasturias.com\\\/noticias\\\/un-ano-sin-oscar-niemeyer\\\/#organizationLogo\"},\"sameAs\":[\"https:\\\/\\\/facebook.com\\\/eldigitaldeasturias\",\"https:\\\/\\\/www.youtube.com\\\/channel\\\/UCZP-2wLEB9Rv6erhFmqVnvg\"],\"address\":{\"@id\":\"https:\\\/\\\/www.eldigitaldeasturias.com\\\/noticias\\\/#postaladdress\",\"@type\":\"PostalAddress\",\"streetAddress\":\"san antonio 4\",\"postalCode\":\"33430\",\"addressLocality\":\"Cand\\u00e1s\",\"addressRegion\":\"Asturias\",\"addressCountry\":\"ES\"}},{\"@type\":\"Person\",\"@id\":\"https:\\\/\\\/www.eldigitaldeasturias.com\\\/noticias\\\/author\\\/admin\\\/#author\",\"url\":\"https:\\\/\\\/www.eldigitaldeasturias.com\\\/noticias\\\/author\\\/admin\\\/\",\"name\":\"El Digital de Asturias\",\"image\":{\"@type\":\"ImageObject\",\"@id\":\"https:\\\/\\\/www.eldigitaldeasturias.com\\\/noticias\\\/un-ano-sin-oscar-niemeyer\\\/#authorImage\",\"url\":\"https:\\\/\\\/secure.gravatar.com\\\/avatar\\\/df2aeffc32bcd13f8d26072ef8a91b623d677766deac7f97ca815868cd41bf5e?s=96&d=mm&r=g\",\"width\":96,\"height\":96,\"caption\":\"El Digital de Asturias\"}},{\"@type\":\"WebPage\",\"@id\":\"https:\\\/\\\/www.eldigitaldeasturias.com\\\/noticias\\\/un-ano-sin-oscar-niemeyer\\\/#webpage\",\"url\":\"https:\\\/\\\/www.eldigitaldeasturias.com\\\/noticias\\\/un-ano-sin-oscar-niemeyer\\\/\",\"name\":\"Un a\\u00f1o sin Oscar Niemeyer - El Digital de Asturias\",\"description\":\"R\\u00edo de Janeiro, 4 dic (dpa) - El arquitecto brasile\\u00f1o Oscar Niemeyer estaba a punto de cumplir 105 a\\u00f1os cuando el 5 de diciembre de 2012 falleci\\u00f3 a causa de las complicaciones de una insuficiencia respiratoria. Justo en v\\u00edsperas del primer aniversario de su muerte, una de sus obras m\\u00e1s emblem\\u00e1ticas protagoniz\\u00f3 otra triste noticia.\",\"inLanguage\":\"es-ES\",\"isPartOf\":{\"@id\":\"https:\\\/\\\/www.eldigitaldeasturias.com\\\/noticias\\\/#website\"},\"breadcrumb\":{\"@id\":\"https:\\\/\\\/www.eldigitaldeasturias.com\\\/noticias\\\/un-ano-sin-oscar-niemeyer\\\/#breadcrumblist\"},\"author\":{\"@id\":\"https:\\\/\\\/www.eldigitaldeasturias.com\\\/noticias\\\/author\\\/admin\\\/#author\"},\"creator\":{\"@id\":\"https:\\\/\\\/www.eldigitaldeasturias.com\\\/noticias\\\/author\\\/admin\\\/#author\"},\"image\":{\"@type\":\"ImageObject\",\"url\":457965,\"@id\":\"https:\\\/\\\/www.eldigitaldeasturias.com\\\/noticias\\\/un-ano-sin-oscar-niemeyer\\\/#mainImage\"},\"primaryImageOfPage\":{\"@id\":\"https:\\\/\\\/www.eldigitaldeasturias.com\\\/noticias\\\/un-ano-sin-oscar-niemeyer\\\/#mainImage\"},\"datePublished\":\"2013-12-05T00:28:30+01:00\",\"dateModified\":\"2013-12-05T00:28:30+01:00\"},{\"@type\":\"WebSite\",\"@id\":\"https:\\\/\\\/www.eldigitaldeasturias.com\\\/noticias\\\/#website\",\"url\":\"https:\\\/\\\/www.eldigitaldeasturias.com\\\/noticias\\\/\",\"name\":\"El Digital de Asturias - Diario de actualidad y noticias\",\"alternateName\":\"El Digital de Asturias - Diario de actualidad y noticias\",\"description\":\"Hemeroteca\",\"inLanguage\":\"es-ES\",\"publisher\":{\"@id\":\"https:\\\/\\\/www.eldigitaldeasturias.com\\\/noticias\\\/#organization\"}}]}\n\t\t<\/script>\n\t\t<!-- All in One SEO Pro -->\r\n\t\t<title>Un a\u00f1o sin Oscar Niemeyer - El Digital de Asturias<\/title>\n\n","aioseo_head_json":{"title":"Un a\u00f1o sin Oscar Niemeyer - El Digital de Asturias","description":"R\u00edo de Janeiro, 4 dic (dpa) - El arquitecto brasile\u00f1o Oscar Niemeyer estaba a punto de cumplir 105 a\u00f1os cuando el 5 de diciembre de 2012 falleci\u00f3 a causa de las complicaciones de una insuficiencia respiratoria. Justo en v\u00edsperas del primer aniversario de su muerte, una de sus obras m\u00e1s emblem\u00e1ticas protagoniz\u00f3 otra triste noticia.","canonical_url":"https:\/\/www.eldigitaldeasturias.com\/noticias\/un-ano-sin-oscar-niemeyer\/","robots":"max-image-preview:large","keywords":"sociedad","webmasterTools":{"google-site-verification":"UA-38556648-1","msvalidate.01":"7dfe9f3f1b24437ab69f4f2559babe99","miscellaneous":""},"schema":{"@context":"https:\/\/schema.org","@graph":[{"@type":"BlogPosting","@id":"https:\/\/www.eldigitaldeasturias.com\/noticias\/un-ano-sin-oscar-niemeyer\/#blogposting","name":"Un a\u00f1o sin Oscar Niemeyer - El Digital de Asturias","headline":"Un a\u00f1o sin Oscar Niemeyer","author":{"@id":"https:\/\/www.eldigitaldeasturias.com\/noticias\/author\/admin\/#author"},"publisher":{"@id":"https:\/\/www.eldigitaldeasturias.com\/noticias\/#organization"},"image":{"@type":"ImageObject","url":457965},"datePublished":"2013-12-05T00:28:30+01:00","dateModified":"2013-12-05T00:28:30+01:00","inLanguage":"es-ES","mainEntityOfPage":{"@id":"https:\/\/www.eldigitaldeasturias.com\/noticias\/un-ano-sin-oscar-niemeyer\/#webpage"},"isPartOf":{"@id":"https:\/\/www.eldigitaldeasturias.com\/noticias\/un-ano-sin-oscar-niemeyer\/#webpage"},"articleSection":"Sociedad"},{"@type":"BreadcrumbList","@id":"https:\/\/www.eldigitaldeasturias.com\/noticias\/un-ano-sin-oscar-niemeyer\/#breadcrumblist","itemListElement":[{"@type":"ListItem","@id":"https:\/\/www.eldigitaldeasturias.com\/noticias#listItem","position":1,"name":"Home","item":"https:\/\/www.eldigitaldeasturias.com\/noticias","nextItem":{"@type":"ListItem","@id":"https:\/\/www.eldigitaldeasturias.com\/noticias\/category\/sociedad\/#listItem","name":"Sociedad"}},{"@type":"ListItem","@id":"https:\/\/www.eldigitaldeasturias.com\/noticias\/category\/sociedad\/#listItem","position":2,"name":"Sociedad","item":"https:\/\/www.eldigitaldeasturias.com\/noticias\/category\/sociedad\/","nextItem":{"@type":"ListItem","@id":"https:\/\/www.eldigitaldeasturias.com\/noticias\/un-ano-sin-oscar-niemeyer\/#listItem","name":"Un a\u00f1o sin Oscar Niemeyer"},"previousItem":{"@type":"ListItem","@id":"https:\/\/www.eldigitaldeasturias.com\/noticias#listItem","name":"Home"}},{"@type":"ListItem","@id":"https:\/\/www.eldigitaldeasturias.com\/noticias\/un-ano-sin-oscar-niemeyer\/#listItem","position":3,"name":"Un a\u00f1o sin Oscar Niemeyer","previousItem":{"@type":"ListItem","@id":"https:\/\/www.eldigitaldeasturias.com\/noticias\/category\/sociedad\/#listItem","name":"Sociedad"}}]},{"@type":"Organization","@id":"https:\/\/www.eldigitaldeasturias.com\/noticias\/#organization","name":"El Digital de Asturias","description":"Hemeroteca","url":"https:\/\/www.eldigitaldeasturias.com\/noticias\/","email":"info@eldigitaldeasturias.com","telephone":"+34652131393","logo":{"@type":"ImageObject","url":"https:\/\/www.eldigitaldeasturias.com\/noticias\/wp-content\/uploads\/2020\/12\/EDA.jpg","@id":"https:\/\/www.eldigitaldeasturias.com\/noticias\/un-ano-sin-oscar-niemeyer\/#organizationLogo"},"image":{"@id":"https:\/\/www.eldigitaldeasturias.com\/noticias\/un-ano-sin-oscar-niemeyer\/#organizationLogo"},"sameAs":["https:\/\/facebook.com\/eldigitaldeasturias","https:\/\/www.youtube.com\/channel\/UCZP-2wLEB9Rv6erhFmqVnvg"],"address":{"@id":"https:\/\/www.eldigitaldeasturias.com\/noticias\/#postaladdress","@type":"PostalAddress","streetAddress":"san antonio 4","postalCode":"33430","addressLocality":"Cand\u00e1s","addressRegion":"Asturias","addressCountry":"ES"}},{"@type":"Person","@id":"https:\/\/www.eldigitaldeasturias.com\/noticias\/author\/admin\/#author","url":"https:\/\/www.eldigitaldeasturias.com\/noticias\/author\/admin\/","name":"El Digital de Asturias","image":{"@type":"ImageObject","@id":"https:\/\/www.eldigitaldeasturias.com\/noticias\/un-ano-sin-oscar-niemeyer\/#authorImage","url":"https:\/\/secure.gravatar.com\/avatar\/df2aeffc32bcd13f8d26072ef8a91b623d677766deac7f97ca815868cd41bf5e?s=96&d=mm&r=g","width":96,"height":96,"caption":"El Digital de Asturias"}},{"@type":"WebPage","@id":"https:\/\/www.eldigitaldeasturias.com\/noticias\/un-ano-sin-oscar-niemeyer\/#webpage","url":"https:\/\/www.eldigitaldeasturias.com\/noticias\/un-ano-sin-oscar-niemeyer\/","name":"Un a\u00f1o sin Oscar Niemeyer - El Digital de Asturias","description":"R\u00edo de Janeiro, 4 dic (dpa) - El arquitecto brasile\u00f1o Oscar Niemeyer estaba a punto de cumplir 105 a\u00f1os cuando el 5 de diciembre de 2012 falleci\u00f3 a causa de las complicaciones de una insuficiencia respiratoria. Justo en v\u00edsperas del primer aniversario de su muerte, una de sus obras m\u00e1s emblem\u00e1ticas protagoniz\u00f3 otra triste noticia.","inLanguage":"es-ES","isPartOf":{"@id":"https:\/\/www.eldigitaldeasturias.com\/noticias\/#website"},"breadcrumb":{"@id":"https:\/\/www.eldigitaldeasturias.com\/noticias\/un-ano-sin-oscar-niemeyer\/#breadcrumblist"},"author":{"@id":"https:\/\/www.eldigitaldeasturias.com\/noticias\/author\/admin\/#author"},"creator":{"@id":"https:\/\/www.eldigitaldeasturias.com\/noticias\/author\/admin\/#author"},"image":{"@type":"ImageObject","url":457965,"@id":"https:\/\/www.eldigitaldeasturias.com\/noticias\/un-ano-sin-oscar-niemeyer\/#mainImage"},"primaryImageOfPage":{"@id":"https:\/\/www.eldigitaldeasturias.com\/noticias\/un-ano-sin-oscar-niemeyer\/#mainImage"},"datePublished":"2013-12-05T00:28:30+01:00","dateModified":"2013-12-05T00:28:30+01:00"},{"@type":"WebSite","@id":"https:\/\/www.eldigitaldeasturias.com\/noticias\/#website","url":"https:\/\/www.eldigitaldeasturias.com\/noticias\/","name":"El Digital de Asturias - Diario de actualidad y noticias","alternateName":"El Digital de Asturias - Diario de actualidad y noticias","description":"Hemeroteca","inLanguage":"es-ES","publisher":{"@id":"https:\/\/www.eldigitaldeasturias.com\/noticias\/#organization"}}]},"og:locale":"es_ES","og:site_name":"El Digital de Asturias","og:type":"article","og:title":"Un a\u00f1o sin Oscar Niemeyer - El Digital de Asturias","og:description":"R\u00edo de Janeiro, 4 dic (dpa) - El arquitecto brasile\u00f1o Oscar Niemeyer estaba a punto de cumplir 105 a\u00f1os cuando el 5 de diciembre de 2012 falleci\u00f3 a causa de las complicaciones de una insuficiencia respiratoria. Justo en v\u00edsperas del primer aniversario de su muerte, una de sus obras m\u00e1s emblem\u00e1ticas protagoniz\u00f3 otra triste noticia.","og:url":"https:\/\/www.eldigitaldeasturias.com\/noticias\/un-ano-sin-oscar-niemeyer\/","article:tag":["sociedad"],"article:published_time":"2013-12-05T01:28:30+00:00","article:modified_time":"2013-12-05T01:28:30+00:00","article:publisher":"https:\/\/facebook.com\/eldigitaldeasturias","twitter:card":"summary_large_image","twitter:title":"Un a\u00f1o sin Oscar Niemeyer - El Digital de Asturias","twitter:description":"R\u00edo de Janeiro, 4 dic (dpa) - El arquitecto brasile\u00f1o Oscar Niemeyer estaba a punto de cumplir 105 a\u00f1os cuando el 5 de diciembre de 2012 falleci\u00f3 a causa de las complicaciones de una insuficiencia respiratoria. Justo en v\u00edsperas del primer aniversario de su muerte, una de sus obras m\u00e1s emblem\u00e1ticas protagoniz\u00f3 otra triste noticia.","twitter:label1":"Escrito por","twitter:data1":"El Digital de Asturias","twitter:label2":"Tiempo de lectura estimado","twitter:data2":"2 minutos"},"aioseo_meta_data":{"post_id":"457964","title":null,"description":null,"keywords":null,"keyphrases":null,"primary_term":null,"canonical_url":null,"og_title":null,"og_description":null,"og_object_type":"default","og_image_type":"default","og_image_url":null,"og_image_width":null,"og_image_height":null,"og_image_custom_url":null,"og_image_custom_fields":null,"og_video":null,"og_custom_url":null,"og_article_section":null,"og_article_tags":null,"twitter_use_og":true,"twitter_card":"default","twitter_image_type":"default","twitter_image_url":null,"twitter_image_custom_url":null,"twitter_image_custom_fields":null,"twitter_title":null,"twitter_description":null,"schema":{"blockGraphs":[],"customGraphs":[],"default":{"data":{"Article":[],"Course":[],"Dataset":[],"FAQPage":[],"Movie":[],"Person":[],"Product":[],"ProductReview":[],"Car":[],"Recipe":[],"Service":[],"SoftwareApplication":[],"WebPage":[]},"graphName":"","isEnabled":true},"graphs":[],"defaultGraph":"","defaultPostTypeGraph":""},"schema_type":null,"schema_type_options":null,"pillar_content":false,"robots_default":true,"robots_noindex":false,"robots_noarchive":false,"robots_nosnippet":false,"robots_nofollow":false,"robots_noimageindex":false,"robots_noodp":false,"robots_notranslate":false,"robots_max_snippet":null,"robots_max_videopreview":null,"robots_max_imagepreview":"none","priority":null,"frequency":null,"local_seo":null,"seo_analyzer_scan_date":"2026-05-30 03:51:41","breadcrumb_settings":null,"limit_modified_date":false,"open_ai":null,"ai":null,"created":"2020-11-14 22:46:13","updated":"2026-05-30 03:51:41","focus_keyword":null,"additional_keywords":null,"truseo_locale":null},"aioseo_breadcrumb":"<div class=\"aioseo-breadcrumbs\"><span class=\"aioseo-breadcrumb\">\n\t<a href=\"https:\/\/www.eldigitaldeasturias.com\/noticias\" title=\"Home\">Home<\/a>\n<\/span><span class=\"aioseo-breadcrumb-separator\">\u2013<\/span><span class=\"aioseo-breadcrumb\">\n\t<a href=\"https:\/\/www.eldigitaldeasturias.com\/noticias\/category\/sociedad\/\" title=\"Sociedad\">Sociedad<\/a>\n<\/span><span class=\"aioseo-breadcrumb-separator\">\u2013<\/span><span class=\"aioseo-breadcrumb\">\n\t<a href=\"https:\/\/www.eldigitaldeasturias.com\/noticias\/un-ano-sin-oscar-niemeyer\/\" title=\"Un a\u00f1o sin Oscar Niemeyer\">Un a\u00f1o sin Oscar Niemeyer<\/a>\n<\/span><\/div>","aioseo_breadcrumb_json":[{"label":"Home","link":"https:\/\/www.eldigitaldeasturias.com\/noticias"},{"label":"Sociedad","link":"https:\/\/www.eldigitaldeasturias.com\/noticias\/category\/sociedad\/"},{"label":"Un a\u00f1o sin Oscar Niemeyer","link":"https:\/\/www.eldigitaldeasturias.com\/noticias\/un-ano-sin-oscar-niemeyer\/"}],"_links":{"self":[{"href":"https:\/\/www.eldigitaldeasturias.com\/noticias\/wp-json\/wp\/v2\/posts\/457964","targetHints":{"allow":["GET"]}}],"collection":[{"href":"https:\/\/www.eldigitaldeasturias.com\/noticias\/wp-json\/wp\/v2\/posts"}],"about":[{"href":"https:\/\/www.eldigitaldeasturias.com\/noticias\/wp-json\/wp\/v2\/types\/post"}],"author":[{"embeddable":true,"href":"https:\/\/www.eldigitaldeasturias.com\/noticias\/wp-json\/wp\/v2\/users\/1"}],"replies":[{"embeddable":true,"href":"https:\/\/www.eldigitaldeasturias.com\/noticias\/wp-json\/wp\/v2\/comments?post=457964"}],"version-history":[{"count":0,"href":"https:\/\/www.eldigitaldeasturias.com\/noticias\/wp-json\/wp\/v2\/posts\/457964\/revisions"}],"wp:attachment":[{"href":"https:\/\/www.eldigitaldeasturias.com\/noticias\/wp-json\/wp\/v2\/media?parent=457964"}],"wp:term":[{"taxonomy":"category","embeddable":true,"href":"https:\/\/www.eldigitaldeasturias.com\/noticias\/wp-json\/wp\/v2\/categories?post=457964"},{"taxonomy":"post_tag","embeddable":true,"href":"https:\/\/www.eldigitaldeasturias.com\/noticias\/wp-json\/wp\/v2\/tags?post=457964"}],"curies":[{"name":"wp","href":"https:\/\/api.w.org\/{rel}","templated":true}]}}