{"id":457961,"date":"2013-12-05T00:24:38","date_gmt":"2013-12-05T01:24:38","guid":{"rendered":"http:\/\/www.eldigitaldeasturias.com\/noticias\/?p=457961"},"modified":"2013-12-05T00:24:38","modified_gmt":"2013-12-05T01:24:38","slug":"el-norte-de-europa-se-prepara-para-recibir-un-potente-temporal","status":"publish","type":"post","link":"https:\/\/www.eldigitaldeasturias.com\/noticias\/el-norte-de-europa-se-prepara-para-recibir-un-potente-temporal\/","title":{"rendered":"El norte de Europa se prepara para recibir un potente temporal"},"content":{"rendered":"<p><img loading=\"lazy\" decoding=\"async\" class=\"alignleft size-medium wp-image-452122\" alt=\"nieve\" src=\"https:\/\/www.eldigitaldeasturias.com\/noticias\/wp-content\/uploads\/2013\/11\/5745422w-360x239.jpg\" width=\"360\" height=\"239\" \/>Berl\u00edn, 4 dic (dpa) &#8211; Alertas meteorol\u00f3gicas y avisos de corte en el transporte a\u00e9reo y ferroviario marcaron hoy los preparativos para la llegada de un fuerte temporal al norte de Europa.<\/p>\n<p>La oficina meteorol\u00f3gica de Reino Unido pronostic\u00f3 vientos de hasta 145 kil\u00f3metros por hora en el norte y oeste de Escocia. El temporal podr\u00eda provocar \u00abinundaciones significativas\u00bb en todo el pa\u00eds, advirtieron los expertos.<\/p>\n<p>Tambi\u00e9n el norte de Alemania espera vientos huracanados de hasta 140 kil\u00f3metros por hora, una brusca ca\u00edda de la temperatura y nevadas ante la llegada de la tormenta \u00abXaver\u00bb ma\u00f1ana y el viernes.<\/p>\n<p>Hamburgo, en el noroeste, ser\u00e1 una de las regiones m\u00e1s golpeadas. El aeropuerto de la ciudad pidi\u00f3 a los pasajeros que est\u00e9n atentos a cancelaciones y retrasos. Hamburgo ya sufri\u00f3 en 1962 una tormenta similar con inundaciones que dejaron 315 muertos en la zona.<\/p>\n<p>Incluso en el interior de Alemania se sentir\u00e1 la fuerza del temporal. Las autoridades pidieron a los comerciantes de los tradicionales mercadillos navide\u00f1os que pongan a resguardo sus mercader\u00edas y que apuntalen todo lo posible sus puestos callejeros.<\/p>\n<p>Tambi\u00e9n en Dinamarca el servicio meteorol\u00f3gico pronostic\u00f3 vientos huracanados en todo el pa\u00eds y la compa\u00f1\u00eda de ferrocarriles adelant\u00f3 que reducir\u00e1 el servicio en sus rutas locales y regionales. Advertencias similares rigen para el oeste y sur de Noruega y el sur y suroeste de Suecia.<\/p>\n","protected":false},"excerpt":{"rendered":"<p>Berl\u00edn, 4 dic (dpa) &#8211; Alertas meteorol\u00f3gicas y avisos de corte en el transporte a\u00e9reo y ferroviario marcaron hoy los preparativos para la llegada de un fuerte temporal al norte de Europa. La oficina meteorol\u00f3gica de Reino Unido pronostic\u00f3 vientos de hasta 145 kil\u00f3metros por hora en el norte y oeste de Escocia. El temporal [&hellip;]<\/p>\n","protected":false},"author":1,"featured_media":452122,"comment_status":"closed","ping_status":"open","sticky":false,"template":"","format":"standard","meta":{"footnotes":""},"categories":[28],"tags":[],"class_list":["post-457961","post","type-post","status-publish","format-standard","has-post-thumbnail","hentry","category-sociedad"],"aioseo_notices":[],"aioseo_head":"\n\t\t<!-- All in One SEO Pro 5.0.1 - aioseo.com -->\n\t<meta name=\"description\" content=\"Berl\u00edn, 4 dic (dpa) - Alertas meteorol\u00f3gicas y avisos de corte en el transporte a\u00e9reo y ferroviario marcaron hoy los preparativos para la llegada de un fuerte temporal al norte de Europa. La oficina meteorol\u00f3gica de Reino Unido pronostic\u00f3 vientos de hasta 145 kil\u00f3metros por hora en el norte y oeste de Escocia. El temporal\" \/>\n\t<meta name=\"robots\" content=\"max-image-preview:large\" \/>\n\t<meta name=\"author\" content=\"El Digital de Asturias\"\/>\n\t<meta name=\"google-site-verification\" content=\"UA-38556648-1\" \/>\n\t<meta name=\"msvalidate.01\" content=\"7dfe9f3f1b24437ab69f4f2559babe99\" \/>\n\t<meta name=\"keywords\" content=\"sociedad\" \/>\n\t<link rel=\"canonical\" href=\"https:\/\/www.eldigitaldeasturias.com\/noticias\/el-norte-de-europa-se-prepara-para-recibir-un-potente-temporal\/\" \/>\n\t<meta name=\"generator\" content=\"All in One SEO Pro (AIOSEO) 5.0.1\" \/>\n\t\t<meta property=\"og:locale\" content=\"es_ES\" \/>\n\t\t<meta property=\"og:site_name\" content=\"El Digital de Asturias\" \/>\n\t\t<meta property=\"og:type\" content=\"article\" \/>\n\t\t<meta property=\"og:title\" content=\"El norte de Europa se prepara para recibir un potente temporal - El Digital de Asturias\" \/>\n\t\t<meta property=\"og:description\" content=\"Berl\u00edn, 4 dic (dpa) - Alertas meteorol\u00f3gicas y avisos de corte en el transporte a\u00e9reo y ferroviario marcaron hoy los preparativos para la llegada de un fuerte temporal al norte de Europa. La oficina meteorol\u00f3gica de Reino Unido pronostic\u00f3 vientos de hasta 145 kil\u00f3metros por hora en el norte y oeste de Escocia. El temporal\" \/>\n\t\t<meta property=\"og:url\" content=\"https:\/\/www.eldigitaldeasturias.com\/noticias\/el-norte-de-europa-se-prepara-para-recibir-un-potente-temporal\/\" \/>\n\t\t<meta property=\"article:tag\" content=\"sociedad\" \/>\n\t\t<meta property=\"article:published_time\" content=\"2013-12-05T01:24:38+00:00\" \/>\n\t\t<meta property=\"article:modified_time\" content=\"2013-12-05T01:24:38+00:00\" \/>\n\t\t<meta property=\"article:publisher\" content=\"https:\/\/facebook.com\/eldigitaldeasturias\" \/>\n\t\t<meta name=\"twitter:card\" content=\"summary_large_image\" \/>\n\t\t<meta name=\"twitter:title\" content=\"El norte de Europa se prepara para recibir un potente temporal - El Digital de Asturias\" \/>\n\t\t<meta name=\"twitter:description\" content=\"Berl\u00edn, 4 dic (dpa) - Alertas meteorol\u00f3gicas y avisos de corte en el transporte a\u00e9reo y ferroviario marcaron hoy los preparativos para la llegada de un fuerte temporal al norte de Europa. La oficina meteorol\u00f3gica de Reino Unido pronostic\u00f3 vientos de hasta 145 kil\u00f3metros por hora en el norte y oeste de Escocia. El temporal\" \/>\n\t\t<meta name=\"twitter:label1\" content=\"Escrito por\" \/>\n\t\t<meta name=\"twitter:data1\" content=\"El Digital de Asturias\" \/>\n\t\t<meta name=\"twitter:label2\" content=\"Tiempo de lectura estimado\" \/>\n\t\t<meta name=\"twitter:data2\" content=\"1 minuto\" \/>\n\t\t<script type=\"application\/ld+json\" class=\"aioseo-schema\">\n\t\t\t{\"@context\":\"https:\\\/\\\/schema.org\",\"@graph\":[{\"@type\":\"BlogPosting\",\"@id\":\"https:\\\/\\\/www.eldigitaldeasturias.com\\\/noticias\\\/el-norte-de-europa-se-prepara-para-recibir-un-potente-temporal\\\/#blogposting\",\"name\":\"El norte de Europa se prepara para recibir un potente temporal - El Digital de Asturias\",\"headline\":\"El norte de Europa se prepara para recibir un potente temporal\",\"author\":{\"@id\":\"https:\\\/\\\/www.eldigitaldeasturias.com\\\/noticias\\\/author\\\/admin\\\/#author\"},\"publisher\":{\"@id\":\"https:\\\/\\\/www.eldigitaldeasturias.com\\\/noticias\\\/#organization\"},\"image\":{\"@type\":\"ImageObject\",\"url\":452122},\"datePublished\":\"2013-12-05T00:24:38+01:00\",\"dateModified\":\"2013-12-05T00:24:38+01:00\",\"inLanguage\":\"es-ES\",\"mainEntityOfPage\":{\"@id\":\"https:\\\/\\\/www.eldigitaldeasturias.com\\\/noticias\\\/el-norte-de-europa-se-prepara-para-recibir-un-potente-temporal\\\/#webpage\"},\"isPartOf\":{\"@id\":\"https:\\\/\\\/www.eldigitaldeasturias.com\\\/noticias\\\/el-norte-de-europa-se-prepara-para-recibir-un-potente-temporal\\\/#webpage\"},\"articleSection\":\"Sociedad\"},{\"@type\":\"BreadcrumbList\",\"@id\":\"https:\\\/\\\/www.eldigitaldeasturias.com\\\/noticias\\\/el-norte-de-europa-se-prepara-para-recibir-un-potente-temporal\\\/#breadcrumblist\",\"itemListElement\":[{\"@type\":\"ListItem\",\"@id\":\"https:\\\/\\\/www.eldigitaldeasturias.com\\\/noticias#listItem\",\"position\":1,\"name\":\"Home\",\"item\":\"https:\\\/\\\/www.eldigitaldeasturias.com\\\/noticias\",\"nextItem\":{\"@type\":\"ListItem\",\"@id\":\"https:\\\/\\\/www.eldigitaldeasturias.com\\\/noticias\\\/category\\\/sociedad\\\/#listItem\",\"name\":\"Sociedad\"}},{\"@type\":\"ListItem\",\"@id\":\"https:\\\/\\\/www.eldigitaldeasturias.com\\\/noticias\\\/category\\\/sociedad\\\/#listItem\",\"position\":2,\"name\":\"Sociedad\",\"item\":\"https:\\\/\\\/www.eldigitaldeasturias.com\\\/noticias\\\/category\\\/sociedad\\\/\",\"nextItem\":{\"@type\":\"ListItem\",\"@id\":\"https:\\\/\\\/www.eldigitaldeasturias.com\\\/noticias\\\/el-norte-de-europa-se-prepara-para-recibir-un-potente-temporal\\\/#listItem\",\"name\":\"El norte de Europa se prepara para recibir un potente temporal\"},\"previousItem\":{\"@type\":\"ListItem\",\"@id\":\"https:\\\/\\\/www.eldigitaldeasturias.com\\\/noticias#listItem\",\"name\":\"Home\"}},{\"@type\":\"ListItem\",\"@id\":\"https:\\\/\\\/www.eldigitaldeasturias.com\\\/noticias\\\/el-norte-de-europa-se-prepara-para-recibir-un-potente-temporal\\\/#listItem\",\"position\":3,\"name\":\"El norte de Europa se prepara para recibir un potente temporal\",\"previousItem\":{\"@type\":\"ListItem\",\"@id\":\"https:\\\/\\\/www.eldigitaldeasturias.com\\\/noticias\\\/category\\\/sociedad\\\/#listItem\",\"name\":\"Sociedad\"}}]},{\"@type\":\"Organization\",\"@id\":\"https:\\\/\\\/www.eldigitaldeasturias.com\\\/noticias\\\/#organization\",\"name\":\"El Digital de Asturias\",\"description\":\"Hemeroteca\",\"url\":\"https:\\\/\\\/www.eldigitaldeasturias.com\\\/noticias\\\/\",\"email\":\"info@eldigitaldeasturias.com\",\"telephone\":\"+34652131393\",\"logo\":{\"@type\":\"ImageObject\",\"url\":\"https:\\\/\\\/www.eldigitaldeasturias.com\\\/noticias\\\/wp-content\\\/uploads\\\/2020\\\/12\\\/EDA.jpg\",\"@id\":\"https:\\\/\\\/www.eldigitaldeasturias.com\\\/noticias\\\/el-norte-de-europa-se-prepara-para-recibir-un-potente-temporal\\\/#organizationLogo\"},\"image\":{\"@id\":\"https:\\\/\\\/www.eldigitaldeasturias.com\\\/noticias\\\/el-norte-de-europa-se-prepara-para-recibir-un-potente-temporal\\\/#organizationLogo\"},\"sameAs\":[\"https:\\\/\\\/facebook.com\\\/eldigitaldeasturias\",\"https:\\\/\\\/www.youtube.com\\\/channel\\\/UCZP-2wLEB9Rv6erhFmqVnvg\"],\"address\":{\"@id\":\"https:\\\/\\\/www.eldigitaldeasturias.com\\\/noticias\\\/#postaladdress\",\"@type\":\"PostalAddress\",\"streetAddress\":\"san antonio 4\",\"postalCode\":\"33430\",\"addressLocality\":\"Cand\\u00e1s\",\"addressRegion\":\"Asturias\",\"addressCountry\":\"ES\"}},{\"@type\":\"Person\",\"@id\":\"https:\\\/\\\/www.eldigitaldeasturias.com\\\/noticias\\\/author\\\/admin\\\/#author\",\"url\":\"https:\\\/\\\/www.eldigitaldeasturias.com\\\/noticias\\\/author\\\/admin\\\/\",\"name\":\"El Digital de Asturias\",\"image\":{\"@type\":\"ImageObject\",\"@id\":\"https:\\\/\\\/www.eldigitaldeasturias.com\\\/noticias\\\/el-norte-de-europa-se-prepara-para-recibir-un-potente-temporal\\\/#authorImage\",\"url\":\"https:\\\/\\\/secure.gravatar.com\\\/avatar\\\/df2aeffc32bcd13f8d26072ef8a91b623d677766deac7f97ca815868cd41bf5e?s=96&d=mm&r=g\",\"width\":96,\"height\":96,\"caption\":\"El Digital de Asturias\"}},{\"@type\":\"WebPage\",\"@id\":\"https:\\\/\\\/www.eldigitaldeasturias.com\\\/noticias\\\/el-norte-de-europa-se-prepara-para-recibir-un-potente-temporal\\\/#webpage\",\"url\":\"https:\\\/\\\/www.eldigitaldeasturias.com\\\/noticias\\\/el-norte-de-europa-se-prepara-para-recibir-un-potente-temporal\\\/\",\"name\":\"El norte de Europa se prepara para recibir un potente temporal - El Digital de Asturias\",\"description\":\"Berl\\u00edn, 4 dic (dpa) - Alertas meteorol\\u00f3gicas y avisos de corte en el transporte a\\u00e9reo y ferroviario marcaron hoy los preparativos para la llegada de un fuerte temporal al norte de Europa. La oficina meteorol\\u00f3gica de Reino Unido pronostic\\u00f3 vientos de hasta 145 kil\\u00f3metros por hora en el norte y oeste de Escocia. El temporal\",\"inLanguage\":\"es-ES\",\"isPartOf\":{\"@id\":\"https:\\\/\\\/www.eldigitaldeasturias.com\\\/noticias\\\/#website\"},\"breadcrumb\":{\"@id\":\"https:\\\/\\\/www.eldigitaldeasturias.com\\\/noticias\\\/el-norte-de-europa-se-prepara-para-recibir-un-potente-temporal\\\/#breadcrumblist\"},\"author\":{\"@id\":\"https:\\\/\\\/www.eldigitaldeasturias.com\\\/noticias\\\/author\\\/admin\\\/#author\"},\"creator\":{\"@id\":\"https:\\\/\\\/www.eldigitaldeasturias.com\\\/noticias\\\/author\\\/admin\\\/#author\"},\"image\":{\"@type\":\"ImageObject\",\"url\":452122,\"@id\":\"https:\\\/\\\/www.eldigitaldeasturias.com\\\/noticias\\\/el-norte-de-europa-se-prepara-para-recibir-un-potente-temporal\\\/#mainImage\"},\"primaryImageOfPage\":{\"@id\":\"https:\\\/\\\/www.eldigitaldeasturias.com\\\/noticias\\\/el-norte-de-europa-se-prepara-para-recibir-un-potente-temporal\\\/#mainImage\"},\"datePublished\":\"2013-12-05T00:24:38+01:00\",\"dateModified\":\"2013-12-05T00:24:38+01:00\"},{\"@type\":\"WebSite\",\"@id\":\"https:\\\/\\\/www.eldigitaldeasturias.com\\\/noticias\\\/#website\",\"url\":\"https:\\\/\\\/www.eldigitaldeasturias.com\\\/noticias\\\/\",\"name\":\"El Digital de Asturias - Diario de actualidad y noticias\",\"alternateName\":\"El Digital de Asturias - Diario de actualidad y noticias\",\"description\":\"Hemeroteca\",\"inLanguage\":\"es-ES\",\"publisher\":{\"@id\":\"https:\\\/\\\/www.eldigitaldeasturias.com\\\/noticias\\\/#organization\"}}]}\n\t\t<\/script>\n\t\t<!-- All in One SEO Pro -->\r\n\t\t<title>El norte de Europa se prepara para recibir un potente temporal - El Digital de Asturias<\/title>\n\n","aioseo_head_json":{"title":"El norte de Europa se prepara para recibir un potente temporal - El Digital de Asturias","description":"Berl\u00edn, 4 dic (dpa) - Alertas meteorol\u00f3gicas y avisos de corte en el transporte a\u00e9reo y ferroviario marcaron hoy los preparativos para la llegada de un fuerte temporal al norte de Europa. La oficina meteorol\u00f3gica de Reino Unido pronostic\u00f3 vientos de hasta 145 kil\u00f3metros por hora en el norte y oeste de Escocia. El temporal","canonical_url":"https:\/\/www.eldigitaldeasturias.com\/noticias\/el-norte-de-europa-se-prepara-para-recibir-un-potente-temporal\/","robots":"max-image-preview:large","keywords":"sociedad","webmasterTools":{"google-site-verification":"UA-38556648-1","msvalidate.01":"7dfe9f3f1b24437ab69f4f2559babe99","miscellaneous":""},"schema":{"@context":"https:\/\/schema.org","@graph":[{"@type":"BlogPosting","@id":"https:\/\/www.eldigitaldeasturias.com\/noticias\/el-norte-de-europa-se-prepara-para-recibir-un-potente-temporal\/#blogposting","name":"El norte de Europa se prepara para recibir un potente temporal - El Digital de Asturias","headline":"El norte de Europa se prepara para recibir un potente temporal","author":{"@id":"https:\/\/www.eldigitaldeasturias.com\/noticias\/author\/admin\/#author"},"publisher":{"@id":"https:\/\/www.eldigitaldeasturias.com\/noticias\/#organization"},"image":{"@type":"ImageObject","url":452122},"datePublished":"2013-12-05T00:24:38+01:00","dateModified":"2013-12-05T00:24:38+01:00","inLanguage":"es-ES","mainEntityOfPage":{"@id":"https:\/\/www.eldigitaldeasturias.com\/noticias\/el-norte-de-europa-se-prepara-para-recibir-un-potente-temporal\/#webpage"},"isPartOf":{"@id":"https:\/\/www.eldigitaldeasturias.com\/noticias\/el-norte-de-europa-se-prepara-para-recibir-un-potente-temporal\/#webpage"},"articleSection":"Sociedad"},{"@type":"BreadcrumbList","@id":"https:\/\/www.eldigitaldeasturias.com\/noticias\/el-norte-de-europa-se-prepara-para-recibir-un-potente-temporal\/#breadcrumblist","itemListElement":[{"@type":"ListItem","@id":"https:\/\/www.eldigitaldeasturias.com\/noticias#listItem","position":1,"name":"Home","item":"https:\/\/www.eldigitaldeasturias.com\/noticias","nextItem":{"@type":"ListItem","@id":"https:\/\/www.eldigitaldeasturias.com\/noticias\/category\/sociedad\/#listItem","name":"Sociedad"}},{"@type":"ListItem","@id":"https:\/\/www.eldigitaldeasturias.com\/noticias\/category\/sociedad\/#listItem","position":2,"name":"Sociedad","item":"https:\/\/www.eldigitaldeasturias.com\/noticias\/category\/sociedad\/","nextItem":{"@type":"ListItem","@id":"https:\/\/www.eldigitaldeasturias.com\/noticias\/el-norte-de-europa-se-prepara-para-recibir-un-potente-temporal\/#listItem","name":"El norte de Europa se prepara para recibir un potente temporal"},"previousItem":{"@type":"ListItem","@id":"https:\/\/www.eldigitaldeasturias.com\/noticias#listItem","name":"Home"}},{"@type":"ListItem","@id":"https:\/\/www.eldigitaldeasturias.com\/noticias\/el-norte-de-europa-se-prepara-para-recibir-un-potente-temporal\/#listItem","position":3,"name":"El norte de Europa se prepara para recibir un potente temporal","previousItem":{"@type":"ListItem","@id":"https:\/\/www.eldigitaldeasturias.com\/noticias\/category\/sociedad\/#listItem","name":"Sociedad"}}]},{"@type":"Organization","@id":"https:\/\/www.eldigitaldeasturias.com\/noticias\/#organization","name":"El Digital de Asturias","description":"Hemeroteca","url":"https:\/\/www.eldigitaldeasturias.com\/noticias\/","email":"info@eldigitaldeasturias.com","telephone":"+34652131393","logo":{"@type":"ImageObject","url":"https:\/\/www.eldigitaldeasturias.com\/noticias\/wp-content\/uploads\/2020\/12\/EDA.jpg","@id":"https:\/\/www.eldigitaldeasturias.com\/noticias\/el-norte-de-europa-se-prepara-para-recibir-un-potente-temporal\/#organizationLogo"},"image":{"@id":"https:\/\/www.eldigitaldeasturias.com\/noticias\/el-norte-de-europa-se-prepara-para-recibir-un-potente-temporal\/#organizationLogo"},"sameAs":["https:\/\/facebook.com\/eldigitaldeasturias","https:\/\/www.youtube.com\/channel\/UCZP-2wLEB9Rv6erhFmqVnvg"],"address":{"@id":"https:\/\/www.eldigitaldeasturias.com\/noticias\/#postaladdress","@type":"PostalAddress","streetAddress":"san antonio 4","postalCode":"33430","addressLocality":"Cand\u00e1s","addressRegion":"Asturias","addressCountry":"ES"}},{"@type":"Person","@id":"https:\/\/www.eldigitaldeasturias.com\/noticias\/author\/admin\/#author","url":"https:\/\/www.eldigitaldeasturias.com\/noticias\/author\/admin\/","name":"El Digital de Asturias","image":{"@type":"ImageObject","@id":"https:\/\/www.eldigitaldeasturias.com\/noticias\/el-norte-de-europa-se-prepara-para-recibir-un-potente-temporal\/#authorImage","url":"https:\/\/secure.gravatar.com\/avatar\/df2aeffc32bcd13f8d26072ef8a91b623d677766deac7f97ca815868cd41bf5e?s=96&d=mm&r=g","width":96,"height":96,"caption":"El Digital de Asturias"}},{"@type":"WebPage","@id":"https:\/\/www.eldigitaldeasturias.com\/noticias\/el-norte-de-europa-se-prepara-para-recibir-un-potente-temporal\/#webpage","url":"https:\/\/www.eldigitaldeasturias.com\/noticias\/el-norte-de-europa-se-prepara-para-recibir-un-potente-temporal\/","name":"El norte de Europa se prepara para recibir un potente temporal - El Digital de Asturias","description":"Berl\u00edn, 4 dic (dpa) - Alertas meteorol\u00f3gicas y avisos de corte en el transporte a\u00e9reo y ferroviario marcaron hoy los preparativos para la llegada de un fuerte temporal al norte de Europa. La oficina meteorol\u00f3gica de Reino Unido pronostic\u00f3 vientos de hasta 145 kil\u00f3metros por hora en el norte y oeste de Escocia. El temporal","inLanguage":"es-ES","isPartOf":{"@id":"https:\/\/www.eldigitaldeasturias.com\/noticias\/#website"},"breadcrumb":{"@id":"https:\/\/www.eldigitaldeasturias.com\/noticias\/el-norte-de-europa-se-prepara-para-recibir-un-potente-temporal\/#breadcrumblist"},"author":{"@id":"https:\/\/www.eldigitaldeasturias.com\/noticias\/author\/admin\/#author"},"creator":{"@id":"https:\/\/www.eldigitaldeasturias.com\/noticias\/author\/admin\/#author"},"image":{"@type":"ImageObject","url":452122,"@id":"https:\/\/www.eldigitaldeasturias.com\/noticias\/el-norte-de-europa-se-prepara-para-recibir-un-potente-temporal\/#mainImage"},"primaryImageOfPage":{"@id":"https:\/\/www.eldigitaldeasturias.com\/noticias\/el-norte-de-europa-se-prepara-para-recibir-un-potente-temporal\/#mainImage"},"datePublished":"2013-12-05T00:24:38+01:00","dateModified":"2013-12-05T00:24:38+01:00"},{"@type":"WebSite","@id":"https:\/\/www.eldigitaldeasturias.com\/noticias\/#website","url":"https:\/\/www.eldigitaldeasturias.com\/noticias\/","name":"El Digital de Asturias - Diario de actualidad y noticias","alternateName":"El Digital de Asturias - Diario de actualidad y noticias","description":"Hemeroteca","inLanguage":"es-ES","publisher":{"@id":"https:\/\/www.eldigitaldeasturias.com\/noticias\/#organization"}}]},"og:locale":"es_ES","og:site_name":"El Digital de Asturias","og:type":"article","og:title":"El norte de Europa se prepara para recibir un potente temporal - El Digital de Asturias","og:description":"Berl\u00edn, 4 dic (dpa) - Alertas meteorol\u00f3gicas y avisos de corte en el transporte a\u00e9reo y ferroviario marcaron hoy los preparativos para la llegada de un fuerte temporal al norte de Europa. La oficina meteorol\u00f3gica de Reino Unido pronostic\u00f3 vientos de hasta 145 kil\u00f3metros por hora en el norte y oeste de Escocia. El temporal","og:url":"https:\/\/www.eldigitaldeasturias.com\/noticias\/el-norte-de-europa-se-prepara-para-recibir-un-potente-temporal\/","article:tag":["sociedad"],"article:published_time":"2013-12-05T01:24:38+00:00","article:modified_time":"2013-12-05T01:24:38+00:00","article:publisher":"https:\/\/facebook.com\/eldigitaldeasturias","twitter:card":"summary_large_image","twitter:title":"El norte de Europa se prepara para recibir un potente temporal - El Digital de Asturias","twitter:description":"Berl\u00edn, 4 dic (dpa) - Alertas meteorol\u00f3gicas y avisos de corte en el transporte a\u00e9reo y ferroviario marcaron hoy los preparativos para la llegada de un fuerte temporal al norte de Europa. La oficina meteorol\u00f3gica de Reino Unido pronostic\u00f3 vientos de hasta 145 kil\u00f3metros por hora en el norte y oeste de Escocia. El temporal","twitter:label1":"Escrito por","twitter:data1":"El Digital de Asturias","twitter:label2":"Tiempo de lectura estimado","twitter:data2":"1 minuto"},"aioseo_meta_data":{"post_id":"457961","title":null,"description":null,"keywords":null,"keyphrases":null,"primary_term":null,"canonical_url":null,"og_title":null,"og_description":null,"og_object_type":"default","og_image_type":"default","og_image_url":null,"og_image_width":null,"og_image_height":null,"og_image_custom_url":null,"og_image_custom_fields":null,"og_video":null,"og_custom_url":null,"og_article_section":null,"og_article_tags":null,"twitter_use_og":true,"twitter_card":"default","twitter_image_type":"default","twitter_image_url":null,"twitter_image_custom_url":null,"twitter_image_custom_fields":null,"twitter_title":null,"twitter_description":null,"schema":{"blockGraphs":[],"customGraphs":[],"default":{"data":{"Article":[],"Course":[],"Dataset":[],"FAQPage":[],"Movie":[],"Person":[],"Product":[],"ProductReview":[],"Car":[],"Recipe":[],"Service":[],"SoftwareApplication":[],"WebPage":[]},"graphName":"","isEnabled":true},"graphs":[],"defaultGraph":"","defaultPostTypeGraph":""},"schema_type":null,"schema_type_options":null,"pillar_content":false,"robots_default":true,"robots_noindex":false,"robots_noarchive":false,"robots_nosnippet":false,"robots_nofollow":false,"robots_noimageindex":false,"robots_noodp":false,"robots_notranslate":false,"robots_max_snippet":null,"robots_max_videopreview":null,"robots_max_imagepreview":"none","priority":null,"frequency":null,"local_seo":null,"seo_analyzer_scan_date":"2026-05-30 03:51:40","breadcrumb_settings":null,"limit_modified_date":false,"open_ai":null,"ai":null,"created":"2020-11-14 22:46:13","updated":"2026-05-30 03:51:40","focus_keyword":null,"additional_keywords":null,"truseo_locale":null},"aioseo_breadcrumb":"<div class=\"aioseo-breadcrumbs\"><span class=\"aioseo-breadcrumb\">\n\t<a href=\"https:\/\/www.eldigitaldeasturias.com\/noticias\" title=\"Home\">Home<\/a>\n<\/span><span class=\"aioseo-breadcrumb-separator\">\u2013<\/span><span class=\"aioseo-breadcrumb\">\n\t<a href=\"https:\/\/www.eldigitaldeasturias.com\/noticias\/category\/sociedad\/\" title=\"Sociedad\">Sociedad<\/a>\n<\/span><span class=\"aioseo-breadcrumb-separator\">\u2013<\/span><span class=\"aioseo-breadcrumb\">\n\t<a href=\"https:\/\/www.eldigitaldeasturias.com\/noticias\/el-norte-de-europa-se-prepara-para-recibir-un-potente-temporal\/\" title=\"El norte de Europa se prepara para recibir un potente temporal\">El norte de Europa se prepara para recibir un potente temporal<\/a>\n<\/span><\/div>","aioseo_breadcrumb_json":[{"label":"Home","link":"https:\/\/www.eldigitaldeasturias.com\/noticias"},{"label":"Sociedad","link":"https:\/\/www.eldigitaldeasturias.com\/noticias\/category\/sociedad\/"},{"label":"El norte de Europa se prepara para recibir un potente temporal","link":"https:\/\/www.eldigitaldeasturias.com\/noticias\/el-norte-de-europa-se-prepara-para-recibir-un-potente-temporal\/"}],"_links":{"self":[{"href":"https:\/\/www.eldigitaldeasturias.com\/noticias\/wp-json\/wp\/v2\/posts\/457961","targetHints":{"allow":["GET"]}}],"collection":[{"href":"https:\/\/www.eldigitaldeasturias.com\/noticias\/wp-json\/wp\/v2\/posts"}],"about":[{"href":"https:\/\/www.eldigitaldeasturias.com\/noticias\/wp-json\/wp\/v2\/types\/post"}],"author":[{"embeddable":true,"href":"https:\/\/www.eldigitaldeasturias.com\/noticias\/wp-json\/wp\/v2\/users\/1"}],"replies":[{"embeddable":true,"href":"https:\/\/www.eldigitaldeasturias.com\/noticias\/wp-json\/wp\/v2\/comments?post=457961"}],"version-history":[{"count":0,"href":"https:\/\/www.eldigitaldeasturias.com\/noticias\/wp-json\/wp\/v2\/posts\/457961\/revisions"}],"wp:attachment":[{"href":"https:\/\/www.eldigitaldeasturias.com\/noticias\/wp-json\/wp\/v2\/media?parent=457961"}],"wp:term":[{"taxonomy":"category","embeddable":true,"href":"https:\/\/www.eldigitaldeasturias.com\/noticias\/wp-json\/wp\/v2\/categories?post=457961"},{"taxonomy":"post_tag","embeddable":true,"href":"https:\/\/www.eldigitaldeasturias.com\/noticias\/wp-json\/wp\/v2\/tags?post=457961"}],"curies":[{"name":"wp","href":"https:\/\/api.w.org\/{rel}","templated":true}]}}