{"id":457957,"date":"2013-12-05T00:20:01","date_gmt":"2013-12-05T01:20:01","guid":{"rendered":"http:\/\/www.eldigitaldeasturias.com\/noticias\/?p=457957"},"modified":"2013-12-05T00:20:01","modified_gmt":"2013-12-05T01:20:01","slug":"el-papa-llama-a-rezar-por-las-monjas-secuestradas-en-siria","status":"publish","type":"post","link":"https:\/\/www.eldigitaldeasturias.com\/noticias\/el-papa-llama-a-rezar-por-las-monjas-secuestradas-en-siria\/","title":{"rendered":"El papa llama a rezar por las monjas secuestradas en Siria"},"content":{"rendered":"<p><img loading=\"lazy\" decoding=\"async\" class=\"alignleft size-medium wp-image-1417\" alt=\"papa\" src=\"https:\/\/www.eldigitaldeasturias.com\/noticias\/wp-content\/uploads\/2013\/09\/papa-360x237.jpg\" width=\"360\" height=\"237\" \/>Damasco\/Roma, 4 dic (dpa) &#8211; El papa Francisco llam\u00f3 hoy durante una audiencia general en Roma a rezar por las monjas secuestradas hace dos d\u00edas al parecer por una brigada islamista tras la toma de la peque\u00f1a localidad de Maalula, de mayor\u00eda cristiana, por parte de los rebeldes sirios.<\/p>\n<p>Seg\u00fan informaciones de Radio Vaticano, cinco monjas -la hermana superiora y otras cuatro- fueron secuestradas de un convento en Maalula.<\/p>\n<p>Mientras, informaciones que llegan de c\u00edrculos opositores en Siria se\u00f1alaron que 12 religiosas fueron trasladadas por los revolucionarios del convento de Santa Tecla a un lugar seguro a las afueras de la capital Damasco.<\/p>\n<p>La web cr\u00edtica con el r\u00e9gimen \u00abAll4Syria\u00bb inform\u00f3 que las mujeres se encuentran en la casa de una familia cristiana, pero otras informaciones aseguran que miembros de la milicia radical islamista Frente al Nusra las secuestraron durante los combates en Maalula.<\/p>\n<p>\u00abDeseo invitar a todos a rezar por las religiosas del Monasterio greco-ortodoxo de Santa Tecla en Maalula, Siria, que hace dos d\u00edas fueron secuestradas por hombres armados. Recemos por estas hermanas y por todas las personas secuestradas a causa del conflicto en curso. \u00a1Sigamos rezando y obrando juntos por la paz! Ave Mar\u00eda, Reina de la Paz\u00bb, dijo el papa Francisco.<\/p>\n<p>El arzobispo ortodoxo sirio Timotheos Matta al Churi dijo a dpa que no hay novedades y que la situaci\u00f3n en las ciudades cristianas de Maalua y Sednaja sigue siendo muy dif\u00edcil en estos momentos.<\/p>\n<p>En abril fueron secuestrados el arzobispo ortodoxo sirio de Alepo, Gregorios Yohanna Ibrahim, y el obispo ortodoxo griego de la misma ciudad, Bulos Jasiyi, y trasladados a las afueras de Damasco. Dede entonces contin\u00faan desaparecidos.<\/p>\n<p>La mayor\u00eda de cristianos intentaron en Siria mantenerse al margen de la guerra civil. El r\u00e9gimen de Bashar al Assad ha intentado presentarse como protector de las minor\u00edas religiosas frente a los opositores sunitas, pero en la oposici\u00f3n tambi\u00e9n hay destacadas figuras cristianas como George Sabra o Michel Kilo.<\/p>\n","protected":false},"excerpt":{"rendered":"<p>Damasco\/Roma, 4 dic (dpa) &#8211; El papa Francisco llam\u00f3 hoy durante una audiencia general en Roma a rezar por las monjas secuestradas hace dos d\u00edas al parecer por una brigada islamista tras la toma de la peque\u00f1a localidad de Maalula, de mayor\u00eda cristiana, por parte de los rebeldes sirios. Seg\u00fan informaciones de Radio Vaticano, cinco [&hellip;]<\/p>\n","protected":false},"author":1,"featured_media":1132184,"comment_status":"closed","ping_status":"open","sticky":false,"template":"","format":"standard","meta":{"footnotes":""},"categories":[28],"tags":[],"class_list":["post-457957","post","type-post","status-publish","format-standard","has-post-thumbnail","hentry","category-sociedad"],"aioseo_notices":[],"aioseo_head":"\n\t\t<!-- All in One SEO Pro 5.0.1 - aioseo.com -->\n\t<meta name=\"description\" content=\"Damasco\/Roma, 4 dic (dpa) - El papa Francisco llam\u00f3 hoy durante una audiencia general en Roma a rezar por las monjas secuestradas hace dos d\u00edas al parecer por una brigada islamista tras la toma de la peque\u00f1a localidad de Maalula, de mayor\u00eda cristiana, por parte de los rebeldes sirios. Seg\u00fan informaciones de Radio Vaticano, cinco\" \/>\n\t<meta name=\"robots\" content=\"max-image-preview:large\" \/>\n\t<meta name=\"author\" content=\"El Digital de Asturias\"\/>\n\t<meta name=\"google-site-verification\" content=\"UA-38556648-1\" \/>\n\t<meta name=\"msvalidate.01\" content=\"7dfe9f3f1b24437ab69f4f2559babe99\" \/>\n\t<meta name=\"keywords\" content=\"sociedad\" \/>\n\t<link rel=\"canonical\" href=\"https:\/\/www.eldigitaldeasturias.com\/noticias\/el-papa-llama-a-rezar-por-las-monjas-secuestradas-en-siria\/\" \/>\n\t<meta name=\"generator\" content=\"All in One SEO Pro (AIOSEO) 5.0.1\" \/>\n\t\t<meta property=\"og:locale\" content=\"es_ES\" \/>\n\t\t<meta property=\"og:site_name\" content=\"El Digital de Asturias\" \/>\n\t\t<meta property=\"og:type\" content=\"article\" \/>\n\t\t<meta property=\"og:title\" content=\"El papa llama a rezar por las monjas secuestradas en Siria - El Digital de Asturias\" \/>\n\t\t<meta property=\"og:description\" content=\"Damasco\/Roma, 4 dic (dpa) - El papa Francisco llam\u00f3 hoy durante una audiencia general en Roma a rezar por las monjas secuestradas hace dos d\u00edas al parecer por una brigada islamista tras la toma de la peque\u00f1a localidad de Maalula, de mayor\u00eda cristiana, por parte de los rebeldes sirios. Seg\u00fan informaciones de Radio Vaticano, cinco\" \/>\n\t\t<meta property=\"og:url\" content=\"https:\/\/www.eldigitaldeasturias.com\/noticias\/el-papa-llama-a-rezar-por-las-monjas-secuestradas-en-siria\/\" \/>\n\t\t<meta property=\"og:image\" content=\"https:\/\/www.eldigitaldeasturias.com\/noticias\/wp-content\/uploads\/2026\/06\/Contenidos.jpg\" \/>\n\t\t<meta property=\"og:image:secure_url\" content=\"https:\/\/www.eldigitaldeasturias.com\/noticias\/wp-content\/uploads\/2026\/06\/Contenidos.jpg\" \/>\n\t\t<meta property=\"og:image:width\" content=\"1265\" \/>\n\t\t<meta property=\"og:image:height\" content=\"697\" \/>\n\t\t<meta property=\"article:tag\" content=\"sociedad\" \/>\n\t\t<meta property=\"article:published_time\" content=\"2013-12-05T01:20:01+00:00\" \/>\n\t\t<meta property=\"article:modified_time\" content=\"2013-12-05T01:20:01+00:00\" \/>\n\t\t<meta property=\"article:publisher\" content=\"https:\/\/facebook.com\/eldigitaldeasturias\" \/>\n\t\t<meta name=\"twitter:card\" content=\"summary_large_image\" \/>\n\t\t<meta name=\"twitter:title\" content=\"El papa llama a rezar por las monjas secuestradas en Siria - El Digital de Asturias\" \/>\n\t\t<meta name=\"twitter:description\" content=\"Damasco\/Roma, 4 dic (dpa) - El papa Francisco llam\u00f3 hoy durante una audiencia general en Roma a rezar por las monjas secuestradas hace dos d\u00edas al parecer por una brigada islamista tras la toma de la peque\u00f1a localidad de Maalula, de mayor\u00eda cristiana, por parte de los rebeldes sirios. Seg\u00fan informaciones de Radio Vaticano, cinco\" \/>\n\t\t<meta name=\"twitter:image\" content=\"https:\/\/www.eldigitaldeasturias.com\/noticias\/wp-content\/uploads\/2026\/06\/Contenidos.jpg\" \/>\n\t\t<meta name=\"twitter:label1\" content=\"Escrito por\" \/>\n\t\t<meta name=\"twitter:data1\" content=\"El Digital de Asturias\" \/>\n\t\t<meta name=\"twitter:label2\" content=\"Tiempo de lectura estimado\" \/>\n\t\t<meta name=\"twitter:data2\" content=\"2 minutos\" \/>\n\t\t<script type=\"application\/ld+json\" class=\"aioseo-schema\">\n\t\t\t{\"@context\":\"https:\\\/\\\/schema.org\",\"@graph\":[{\"@type\":\"BlogPosting\",\"@id\":\"https:\\\/\\\/www.eldigitaldeasturias.com\\\/noticias\\\/el-papa-llama-a-rezar-por-las-monjas-secuestradas-en-siria\\\/#blogposting\",\"name\":\"El papa llama a rezar por las monjas secuestradas en Siria - El Digital de Asturias\",\"headline\":\"El papa llama a rezar por las monjas secuestradas en Siria\",\"author\":{\"@id\":\"https:\\\/\\\/www.eldigitaldeasturias.com\\\/noticias\\\/author\\\/admin\\\/#author\"},\"publisher\":{\"@id\":\"https:\\\/\\\/www.eldigitaldeasturias.com\\\/noticias\\\/#organization\"},\"image\":{\"@type\":\"ImageObject\",\"url\":\"https:\\\/\\\/www.eldigitaldeasturias.com\\\/noticias\\\/wp-content\\\/uploads\\\/2026\\\/06\\\/Contenidos.jpg\",\"width\":1265,\"height\":697,\"caption\":\"Contenidos\"},\"datePublished\":\"2013-12-05T00:20:01+01:00\",\"dateModified\":\"2013-12-05T00:20:01+01:00\",\"inLanguage\":\"es-ES\",\"mainEntityOfPage\":{\"@id\":\"https:\\\/\\\/www.eldigitaldeasturias.com\\\/noticias\\\/el-papa-llama-a-rezar-por-las-monjas-secuestradas-en-siria\\\/#webpage\"},\"isPartOf\":{\"@id\":\"https:\\\/\\\/www.eldigitaldeasturias.com\\\/noticias\\\/el-papa-llama-a-rezar-por-las-monjas-secuestradas-en-siria\\\/#webpage\"},\"articleSection\":\"Sociedad\"},{\"@type\":\"BreadcrumbList\",\"@id\":\"https:\\\/\\\/www.eldigitaldeasturias.com\\\/noticias\\\/el-papa-llama-a-rezar-por-las-monjas-secuestradas-en-siria\\\/#breadcrumblist\",\"itemListElement\":[{\"@type\":\"ListItem\",\"@id\":\"https:\\\/\\\/www.eldigitaldeasturias.com\\\/noticias#listItem\",\"position\":1,\"name\":\"Home\",\"item\":\"https:\\\/\\\/www.eldigitaldeasturias.com\\\/noticias\",\"nextItem\":{\"@type\":\"ListItem\",\"@id\":\"https:\\\/\\\/www.eldigitaldeasturias.com\\\/noticias\\\/category\\\/sociedad\\\/#listItem\",\"name\":\"Sociedad\"}},{\"@type\":\"ListItem\",\"@id\":\"https:\\\/\\\/www.eldigitaldeasturias.com\\\/noticias\\\/category\\\/sociedad\\\/#listItem\",\"position\":2,\"name\":\"Sociedad\",\"item\":\"https:\\\/\\\/www.eldigitaldeasturias.com\\\/noticias\\\/category\\\/sociedad\\\/\",\"nextItem\":{\"@type\":\"ListItem\",\"@id\":\"https:\\\/\\\/www.eldigitaldeasturias.com\\\/noticias\\\/el-papa-llama-a-rezar-por-las-monjas-secuestradas-en-siria\\\/#listItem\",\"name\":\"El papa llama a rezar por las monjas secuestradas en Siria\"},\"previousItem\":{\"@type\":\"ListItem\",\"@id\":\"https:\\\/\\\/www.eldigitaldeasturias.com\\\/noticias#listItem\",\"name\":\"Home\"}},{\"@type\":\"ListItem\",\"@id\":\"https:\\\/\\\/www.eldigitaldeasturias.com\\\/noticias\\\/el-papa-llama-a-rezar-por-las-monjas-secuestradas-en-siria\\\/#listItem\",\"position\":3,\"name\":\"El papa llama a rezar por las monjas secuestradas en Siria\",\"previousItem\":{\"@type\":\"ListItem\",\"@id\":\"https:\\\/\\\/www.eldigitaldeasturias.com\\\/noticias\\\/category\\\/sociedad\\\/#listItem\",\"name\":\"Sociedad\"}}]},{\"@type\":\"Organization\",\"@id\":\"https:\\\/\\\/www.eldigitaldeasturias.com\\\/noticias\\\/#organization\",\"name\":\"El Digital de Asturias\",\"description\":\"Hemeroteca\",\"url\":\"https:\\\/\\\/www.eldigitaldeasturias.com\\\/noticias\\\/\",\"email\":\"info@eldigitaldeasturias.com\",\"telephone\":\"+34652131393\",\"logo\":{\"@type\":\"ImageObject\",\"url\":\"https:\\\/\\\/www.eldigitaldeasturias.com\\\/noticias\\\/wp-content\\\/uploads\\\/2020\\\/12\\\/EDA.jpg\",\"@id\":\"https:\\\/\\\/www.eldigitaldeasturias.com\\\/noticias\\\/el-papa-llama-a-rezar-por-las-monjas-secuestradas-en-siria\\\/#organizationLogo\"},\"image\":{\"@id\":\"https:\\\/\\\/www.eldigitaldeasturias.com\\\/noticias\\\/el-papa-llama-a-rezar-por-las-monjas-secuestradas-en-siria\\\/#organizationLogo\"},\"sameAs\":[\"https:\\\/\\\/facebook.com\\\/eldigitaldeasturias\",\"https:\\\/\\\/www.youtube.com\\\/channel\\\/UCZP-2wLEB9Rv6erhFmqVnvg\"],\"address\":{\"@id\":\"https:\\\/\\\/www.eldigitaldeasturias.com\\\/noticias\\\/#postaladdress\",\"@type\":\"PostalAddress\",\"streetAddress\":\"san antonio 4\",\"postalCode\":\"33430\",\"addressLocality\":\"Cand\\u00e1s\",\"addressRegion\":\"Asturias\",\"addressCountry\":\"ES\"}},{\"@type\":\"Person\",\"@id\":\"https:\\\/\\\/www.eldigitaldeasturias.com\\\/noticias\\\/author\\\/admin\\\/#author\",\"url\":\"https:\\\/\\\/www.eldigitaldeasturias.com\\\/noticias\\\/author\\\/admin\\\/\",\"name\":\"El Digital de Asturias\",\"image\":{\"@type\":\"ImageObject\",\"@id\":\"https:\\\/\\\/www.eldigitaldeasturias.com\\\/noticias\\\/el-papa-llama-a-rezar-por-las-monjas-secuestradas-en-siria\\\/#authorImage\",\"url\":\"https:\\\/\\\/secure.gravatar.com\\\/avatar\\\/df2aeffc32bcd13f8d26072ef8a91b623d677766deac7f97ca815868cd41bf5e?s=96&d=mm&r=g\",\"width\":96,\"height\":96,\"caption\":\"El Digital de Asturias\"}},{\"@type\":\"WebPage\",\"@id\":\"https:\\\/\\\/www.eldigitaldeasturias.com\\\/noticias\\\/el-papa-llama-a-rezar-por-las-monjas-secuestradas-en-siria\\\/#webpage\",\"url\":\"https:\\\/\\\/www.eldigitaldeasturias.com\\\/noticias\\\/el-papa-llama-a-rezar-por-las-monjas-secuestradas-en-siria\\\/\",\"name\":\"El papa llama a rezar por las monjas secuestradas en Siria - El Digital de Asturias\",\"description\":\"Damasco\\\/Roma, 4 dic (dpa) - El papa Francisco llam\\u00f3 hoy durante una audiencia general en Roma a rezar por las monjas secuestradas hace dos d\\u00edas al parecer por una brigada islamista tras la toma de la peque\\u00f1a localidad de Maalula, de mayor\\u00eda cristiana, por parte de los rebeldes sirios. Seg\\u00fan informaciones de Radio Vaticano, cinco\",\"inLanguage\":\"es-ES\",\"isPartOf\":{\"@id\":\"https:\\\/\\\/www.eldigitaldeasturias.com\\\/noticias\\\/#website\"},\"breadcrumb\":{\"@id\":\"https:\\\/\\\/www.eldigitaldeasturias.com\\\/noticias\\\/el-papa-llama-a-rezar-por-las-monjas-secuestradas-en-siria\\\/#breadcrumblist\"},\"author\":{\"@id\":\"https:\\\/\\\/www.eldigitaldeasturias.com\\\/noticias\\\/author\\\/admin\\\/#author\"},\"creator\":{\"@id\":\"https:\\\/\\\/www.eldigitaldeasturias.com\\\/noticias\\\/author\\\/admin\\\/#author\"},\"image\":{\"@type\":\"ImageObject\",\"url\":\"https:\\\/\\\/www.eldigitaldeasturias.com\\\/noticias\\\/wp-content\\\/uploads\\\/2026\\\/06\\\/Contenidos.jpg\",\"@id\":\"https:\\\/\\\/www.eldigitaldeasturias.com\\\/noticias\\\/el-papa-llama-a-rezar-por-las-monjas-secuestradas-en-siria\\\/#mainImage\",\"width\":1265,\"height\":697,\"caption\":\"Contenidos\"},\"primaryImageOfPage\":{\"@id\":\"https:\\\/\\\/www.eldigitaldeasturias.com\\\/noticias\\\/el-papa-llama-a-rezar-por-las-monjas-secuestradas-en-siria\\\/#mainImage\"},\"datePublished\":\"2013-12-05T00:20:01+01:00\",\"dateModified\":\"2013-12-05T00:20:01+01:00\"},{\"@type\":\"WebSite\",\"@id\":\"https:\\\/\\\/www.eldigitaldeasturias.com\\\/noticias\\\/#website\",\"url\":\"https:\\\/\\\/www.eldigitaldeasturias.com\\\/noticias\\\/\",\"name\":\"El Digital de Asturias - Diario de actualidad y noticias\",\"alternateName\":\"El Digital de Asturias - Diario de actualidad y noticias\",\"description\":\"Hemeroteca\",\"inLanguage\":\"es-ES\",\"publisher\":{\"@id\":\"https:\\\/\\\/www.eldigitaldeasturias.com\\\/noticias\\\/#organization\"}}]}\n\t\t<\/script>\n\t\t<!-- All in One SEO Pro -->\r\n\t\t<title>El papa llama a rezar por las monjas secuestradas en Siria - El Digital de Asturias<\/title>\n\n","aioseo_head_json":{"title":"El papa llama a rezar por las monjas secuestradas en Siria - El Digital de Asturias","description":"Damasco\/Roma, 4 dic (dpa) - El papa Francisco llam\u00f3 hoy durante una audiencia general en Roma a rezar por las monjas secuestradas hace dos d\u00edas al parecer por una brigada islamista tras la toma de la peque\u00f1a localidad de Maalula, de mayor\u00eda cristiana, por parte de los rebeldes sirios. Seg\u00fan informaciones de Radio Vaticano, cinco","canonical_url":"https:\/\/www.eldigitaldeasturias.com\/noticias\/el-papa-llama-a-rezar-por-las-monjas-secuestradas-en-siria\/","robots":"max-image-preview:large","keywords":"sociedad","webmasterTools":{"google-site-verification":"UA-38556648-1","msvalidate.01":"7dfe9f3f1b24437ab69f4f2559babe99","miscellaneous":""},"schema":{"@context":"https:\/\/schema.org","@graph":[{"@type":"BlogPosting","@id":"https:\/\/www.eldigitaldeasturias.com\/noticias\/el-papa-llama-a-rezar-por-las-monjas-secuestradas-en-siria\/#blogposting","name":"El papa llama a rezar por las monjas secuestradas en Siria - El Digital de Asturias","headline":"El papa llama a rezar por las monjas secuestradas en Siria","author":{"@id":"https:\/\/www.eldigitaldeasturias.com\/noticias\/author\/admin\/#author"},"publisher":{"@id":"https:\/\/www.eldigitaldeasturias.com\/noticias\/#organization"},"image":{"@type":"ImageObject","url":"https:\/\/www.eldigitaldeasturias.com\/noticias\/wp-content\/uploads\/2026\/06\/Contenidos.jpg","width":1265,"height":697,"caption":"Contenidos"},"datePublished":"2013-12-05T00:20:01+01:00","dateModified":"2013-12-05T00:20:01+01:00","inLanguage":"es-ES","mainEntityOfPage":{"@id":"https:\/\/www.eldigitaldeasturias.com\/noticias\/el-papa-llama-a-rezar-por-las-monjas-secuestradas-en-siria\/#webpage"},"isPartOf":{"@id":"https:\/\/www.eldigitaldeasturias.com\/noticias\/el-papa-llama-a-rezar-por-las-monjas-secuestradas-en-siria\/#webpage"},"articleSection":"Sociedad"},{"@type":"BreadcrumbList","@id":"https:\/\/www.eldigitaldeasturias.com\/noticias\/el-papa-llama-a-rezar-por-las-monjas-secuestradas-en-siria\/#breadcrumblist","itemListElement":[{"@type":"ListItem","@id":"https:\/\/www.eldigitaldeasturias.com\/noticias#listItem","position":1,"name":"Home","item":"https:\/\/www.eldigitaldeasturias.com\/noticias","nextItem":{"@type":"ListItem","@id":"https:\/\/www.eldigitaldeasturias.com\/noticias\/category\/sociedad\/#listItem","name":"Sociedad"}},{"@type":"ListItem","@id":"https:\/\/www.eldigitaldeasturias.com\/noticias\/category\/sociedad\/#listItem","position":2,"name":"Sociedad","item":"https:\/\/www.eldigitaldeasturias.com\/noticias\/category\/sociedad\/","nextItem":{"@type":"ListItem","@id":"https:\/\/www.eldigitaldeasturias.com\/noticias\/el-papa-llama-a-rezar-por-las-monjas-secuestradas-en-siria\/#listItem","name":"El papa llama a rezar por las monjas secuestradas en Siria"},"previousItem":{"@type":"ListItem","@id":"https:\/\/www.eldigitaldeasturias.com\/noticias#listItem","name":"Home"}},{"@type":"ListItem","@id":"https:\/\/www.eldigitaldeasturias.com\/noticias\/el-papa-llama-a-rezar-por-las-monjas-secuestradas-en-siria\/#listItem","position":3,"name":"El papa llama a rezar por las monjas secuestradas en Siria","previousItem":{"@type":"ListItem","@id":"https:\/\/www.eldigitaldeasturias.com\/noticias\/category\/sociedad\/#listItem","name":"Sociedad"}}]},{"@type":"Organization","@id":"https:\/\/www.eldigitaldeasturias.com\/noticias\/#organization","name":"El Digital de Asturias","description":"Hemeroteca","url":"https:\/\/www.eldigitaldeasturias.com\/noticias\/","email":"info@eldigitaldeasturias.com","telephone":"+34652131393","logo":{"@type":"ImageObject","url":"https:\/\/www.eldigitaldeasturias.com\/noticias\/wp-content\/uploads\/2020\/12\/EDA.jpg","@id":"https:\/\/www.eldigitaldeasturias.com\/noticias\/el-papa-llama-a-rezar-por-las-monjas-secuestradas-en-siria\/#organizationLogo"},"image":{"@id":"https:\/\/www.eldigitaldeasturias.com\/noticias\/el-papa-llama-a-rezar-por-las-monjas-secuestradas-en-siria\/#organizationLogo"},"sameAs":["https:\/\/facebook.com\/eldigitaldeasturias","https:\/\/www.youtube.com\/channel\/UCZP-2wLEB9Rv6erhFmqVnvg"],"address":{"@id":"https:\/\/www.eldigitaldeasturias.com\/noticias\/#postaladdress","@type":"PostalAddress","streetAddress":"san antonio 4","postalCode":"33430","addressLocality":"Cand\u00e1s","addressRegion":"Asturias","addressCountry":"ES"}},{"@type":"Person","@id":"https:\/\/www.eldigitaldeasturias.com\/noticias\/author\/admin\/#author","url":"https:\/\/www.eldigitaldeasturias.com\/noticias\/author\/admin\/","name":"El Digital de Asturias","image":{"@type":"ImageObject","@id":"https:\/\/www.eldigitaldeasturias.com\/noticias\/el-papa-llama-a-rezar-por-las-monjas-secuestradas-en-siria\/#authorImage","url":"https:\/\/secure.gravatar.com\/avatar\/df2aeffc32bcd13f8d26072ef8a91b623d677766deac7f97ca815868cd41bf5e?s=96&d=mm&r=g","width":96,"height":96,"caption":"El Digital de Asturias"}},{"@type":"WebPage","@id":"https:\/\/www.eldigitaldeasturias.com\/noticias\/el-papa-llama-a-rezar-por-las-monjas-secuestradas-en-siria\/#webpage","url":"https:\/\/www.eldigitaldeasturias.com\/noticias\/el-papa-llama-a-rezar-por-las-monjas-secuestradas-en-siria\/","name":"El papa llama a rezar por las monjas secuestradas en Siria - El Digital de Asturias","description":"Damasco\/Roma, 4 dic (dpa) - El papa Francisco llam\u00f3 hoy durante una audiencia general en Roma a rezar por las monjas secuestradas hace dos d\u00edas al parecer por una brigada islamista tras la toma de la peque\u00f1a localidad de Maalula, de mayor\u00eda cristiana, por parte de los rebeldes sirios. Seg\u00fan informaciones de Radio Vaticano, cinco","inLanguage":"es-ES","isPartOf":{"@id":"https:\/\/www.eldigitaldeasturias.com\/noticias\/#website"},"breadcrumb":{"@id":"https:\/\/www.eldigitaldeasturias.com\/noticias\/el-papa-llama-a-rezar-por-las-monjas-secuestradas-en-siria\/#breadcrumblist"},"author":{"@id":"https:\/\/www.eldigitaldeasturias.com\/noticias\/author\/admin\/#author"},"creator":{"@id":"https:\/\/www.eldigitaldeasturias.com\/noticias\/author\/admin\/#author"},"image":{"@type":"ImageObject","url":"https:\/\/www.eldigitaldeasturias.com\/noticias\/wp-content\/uploads\/2026\/06\/Contenidos.jpg","@id":"https:\/\/www.eldigitaldeasturias.com\/noticias\/el-papa-llama-a-rezar-por-las-monjas-secuestradas-en-siria\/#mainImage","width":1265,"height":697,"caption":"Contenidos"},"primaryImageOfPage":{"@id":"https:\/\/www.eldigitaldeasturias.com\/noticias\/el-papa-llama-a-rezar-por-las-monjas-secuestradas-en-siria\/#mainImage"},"datePublished":"2013-12-05T00:20:01+01:00","dateModified":"2013-12-05T00:20:01+01:00"},{"@type":"WebSite","@id":"https:\/\/www.eldigitaldeasturias.com\/noticias\/#website","url":"https:\/\/www.eldigitaldeasturias.com\/noticias\/","name":"El Digital de Asturias - Diario de actualidad y noticias","alternateName":"El Digital de Asturias - Diario de actualidad y noticias","description":"Hemeroteca","inLanguage":"es-ES","publisher":{"@id":"https:\/\/www.eldigitaldeasturias.com\/noticias\/#organization"}}]},"og:locale":"es_ES","og:site_name":"El Digital de Asturias","og:type":"article","og:title":"El papa llama a rezar por las monjas secuestradas en Siria - El Digital de Asturias","og:description":"Damasco\/Roma, 4 dic (dpa) - El papa Francisco llam\u00f3 hoy durante una audiencia general en Roma a rezar por las monjas secuestradas hace dos d\u00edas al parecer por una brigada islamista tras la toma de la peque\u00f1a localidad de Maalula, de mayor\u00eda cristiana, por parte de los rebeldes sirios. Seg\u00fan informaciones de Radio Vaticano, cinco","og:url":"https:\/\/www.eldigitaldeasturias.com\/noticias\/el-papa-llama-a-rezar-por-las-monjas-secuestradas-en-siria\/","og:image":"https:\/\/www.eldigitaldeasturias.com\/noticias\/wp-content\/uploads\/2026\/06\/Contenidos.jpg","og:image:secure_url":"https:\/\/www.eldigitaldeasturias.com\/noticias\/wp-content\/uploads\/2026\/06\/Contenidos.jpg","og:image:width":1265,"og:image:height":697,"article:tag":["sociedad"],"article:published_time":"2013-12-05T01:20:01+00:00","article:modified_time":"2013-12-05T01:20:01+00:00","article:publisher":"https:\/\/facebook.com\/eldigitaldeasturias","twitter:card":"summary_large_image","twitter:title":"El papa llama a rezar por las monjas secuestradas en Siria - El Digital de Asturias","twitter:description":"Damasco\/Roma, 4 dic (dpa) - El papa Francisco llam\u00f3 hoy durante una audiencia general en Roma a rezar por las monjas secuestradas hace dos d\u00edas al parecer por una brigada islamista tras la toma de la peque\u00f1a localidad de Maalula, de mayor\u00eda cristiana, por parte de los rebeldes sirios. Seg\u00fan informaciones de Radio Vaticano, cinco","twitter:image":"https:\/\/www.eldigitaldeasturias.com\/noticias\/wp-content\/uploads\/2026\/06\/Contenidos.jpg","twitter:label1":"Escrito por","twitter:data1":"El Digital de Asturias","twitter:label2":"Tiempo de lectura estimado","twitter:data2":"2 minutos"},"aioseo_meta_data":{"post_id":"457957","title":null,"description":null,"keywords":null,"keyphrases":null,"primary_term":null,"canonical_url":null,"og_title":null,"og_description":null,"og_object_type":"default","og_image_type":"default","og_image_url":null,"og_image_width":null,"og_image_height":null,"og_image_custom_url":null,"og_image_custom_fields":null,"og_video":null,"og_custom_url":null,"og_article_section":null,"og_article_tags":null,"twitter_use_og":true,"twitter_card":"default","twitter_image_type":"default","twitter_image_url":null,"twitter_image_custom_url":null,"twitter_image_custom_fields":null,"twitter_title":null,"twitter_description":null,"schema":{"blockGraphs":[],"customGraphs":[],"default":{"data":{"Article":[],"Course":[],"Dataset":[],"FAQPage":[],"Movie":[],"Person":[],"Product":[],"ProductReview":[],"Car":[],"Recipe":[],"Service":[],"SoftwareApplication":[],"WebPage":[]},"graphName":"","isEnabled":true},"graphs":[],"defaultGraph":"","defaultPostTypeGraph":""},"schema_type":null,"schema_type_options":null,"pillar_content":false,"robots_default":true,"robots_noindex":false,"robots_noarchive":false,"robots_nosnippet":false,"robots_nofollow":false,"robots_noimageindex":false,"robots_noodp":false,"robots_notranslate":false,"robots_max_snippet":null,"robots_max_videopreview":null,"robots_max_imagepreview":"none","priority":null,"frequency":null,"local_seo":null,"seo_analyzer_scan_date":"2026-05-30 03:51:39","breadcrumb_settings":null,"limit_modified_date":false,"open_ai":null,"ai":null,"created":"2020-11-14 22:46:13","updated":"2026-05-30 03:51:39","focus_keyword":null,"additional_keywords":null,"truseo_locale":null},"aioseo_breadcrumb":"<div class=\"aioseo-breadcrumbs\"><span class=\"aioseo-breadcrumb\">\n\t<a href=\"https:\/\/www.eldigitaldeasturias.com\/noticias\" title=\"Home\">Home<\/a>\n<\/span><span class=\"aioseo-breadcrumb-separator\">\u2013<\/span><span class=\"aioseo-breadcrumb\">\n\t<a href=\"https:\/\/www.eldigitaldeasturias.com\/noticias\/category\/sociedad\/\" title=\"Sociedad\">Sociedad<\/a>\n<\/span><span class=\"aioseo-breadcrumb-separator\">\u2013<\/span><span class=\"aioseo-breadcrumb\">\n\t<a href=\"https:\/\/www.eldigitaldeasturias.com\/noticias\/el-papa-llama-a-rezar-por-las-monjas-secuestradas-en-siria\/\" title=\"El papa llama a rezar por las monjas secuestradas en Siria\">El papa llama a rezar por las monjas secuestradas en Siria<\/a>\n<\/span><\/div>","aioseo_breadcrumb_json":[{"label":"Home","link":"https:\/\/www.eldigitaldeasturias.com\/noticias"},{"label":"Sociedad","link":"https:\/\/www.eldigitaldeasturias.com\/noticias\/category\/sociedad\/"},{"label":"El papa llama a rezar por las monjas secuestradas en Siria","link":"https:\/\/www.eldigitaldeasturias.com\/noticias\/el-papa-llama-a-rezar-por-las-monjas-secuestradas-en-siria\/"}],"_links":{"self":[{"href":"https:\/\/www.eldigitaldeasturias.com\/noticias\/wp-json\/wp\/v2\/posts\/457957","targetHints":{"allow":["GET"]}}],"collection":[{"href":"https:\/\/www.eldigitaldeasturias.com\/noticias\/wp-json\/wp\/v2\/posts"}],"about":[{"href":"https:\/\/www.eldigitaldeasturias.com\/noticias\/wp-json\/wp\/v2\/types\/post"}],"author":[{"embeddable":true,"href":"https:\/\/www.eldigitaldeasturias.com\/noticias\/wp-json\/wp\/v2\/users\/1"}],"replies":[{"embeddable":true,"href":"https:\/\/www.eldigitaldeasturias.com\/noticias\/wp-json\/wp\/v2\/comments?post=457957"}],"version-history":[{"count":0,"href":"https:\/\/www.eldigitaldeasturias.com\/noticias\/wp-json\/wp\/v2\/posts\/457957\/revisions"}],"wp:featuredmedia":[{"embeddable":true,"href":"https:\/\/www.eldigitaldeasturias.com\/noticias\/wp-json\/wp\/v2\/media\/1132184"}],"wp:attachment":[{"href":"https:\/\/www.eldigitaldeasturias.com\/noticias\/wp-json\/wp\/v2\/media?parent=457957"}],"wp:term":[{"taxonomy":"category","embeddable":true,"href":"https:\/\/www.eldigitaldeasturias.com\/noticias\/wp-json\/wp\/v2\/categories?post=457957"},{"taxonomy":"post_tag","embeddable":true,"href":"https:\/\/www.eldigitaldeasturias.com\/noticias\/wp-json\/wp\/v2\/tags?post=457957"}],"curies":[{"name":"wp","href":"https:\/\/api.w.org\/{rel}","templated":true}]}}