{"id":457940,"date":"2013-12-04T23:51:27","date_gmt":"2013-12-05T00:51:27","guid":{"rendered":"http:\/\/www.eldigitaldeasturias.com\/noticias\/?p=457940"},"modified":"2013-12-04T23:51:40","modified_gmt":"2013-12-05T00:51:40","slug":"entrevista-con-low-las-protestas-en-brasil-hay-que-tomarlas-en-serio","status":"publish","type":"post","link":"https:\/\/www.eldigitaldeasturias.com\/noticias\/entrevista-con-low-las-protestas-en-brasil-hay-que-tomarlas-en-serio\/","title":{"rendered":"Entrevista con L\u00f6w : \u00abLas protestas en Brasil hay que tomarlas en serio\u00bb"},"content":{"rendered":"<p><img loading=\"lazy\" decoding=\"async\" class=\"alignleft size-medium wp-image-457616\" alt=\"5770873w\" src=\"https:\/\/www.eldigitaldeasturias.com\/noticias\/wp-content\/uploads\/2013\/12\/5770873w-360x264.jpg\" width=\"360\" height=\"264\" \/>Costa do Sau\u00edpe (Brasil), 4 dic (dpa) &#8211; Joachim L\u00f6w no cree que durante el Mundial de Brasil 2014 s\u00f3lo haya que prestarle atenci\u00f3n a figuras como Lionel Messi, Cristiano Ronaldo o Neymar: el entrenador de la selecci\u00f3n alemana tambi\u00e9n advierte sobre las protestas sociales que amenazan con empa\u00f1ar la gran cita del f\u00fatbol.<\/p>\n<p>\u00abNaturalmente he observado que la gente sali\u00f3 a las calles y reclam\u00f3 por mejores condiciones de salud, de educaci\u00f3n y de infraestructura. Son necesidades muy importantes. Pienso que hay que tomar en serio las protestas\u00bb, dijo L\u00f6w en una entrevista con la agencia dpa en el paradis\u00edaco balneario de Costa do Sau\u00edpe, donde el viernes se realizar\u00e1 el sorteo del Mundial.<\/p>\n<p>\u00abPuedo comprender perfectamente que la poblaci\u00f3n quiera mayores inversiones en asuntos tan elementales, son condiciones b\u00e1sicas y es el futuro de la gente. Mi deseo, sin embargo, es que las protestas transcurran siempre en paz\u00bb, a\u00f1adi\u00f3 el t\u00e9cnico de la \u00abMannschaft\u00bb.<\/p>\n<p>No hay detalle alguno sobre lo que ocurre en Brasil que escape al conocimiento de L\u00f6w, que ya est\u00e1 diagramando una meticulosa preparaci\u00f3n para la incursi\u00f3n de su equipo en tierras sudamericanas.<\/p>\n<p>\u00abViajaremos un par de d\u00edas antes del inicio del torneo a Sudam\u00e9rica para sumar experiencia\u00bb, asegur\u00f3 el alem\u00e1n en una entrevista en la que no dej\u00f3 toma sin mencionar: desde el poder\u00edo del equipo anfitri\u00f3n hasta las posibilidades de Alemania, pasando por sus \u00eddolos mundialistas y las lecciones que tom\u00f3 como espectador en la Copa Confederaciones.<\/p>\n<p><strong><em>dpa: El Mundial de Brasil tendr\u00e1 ya el viernes un rostro con la definici\u00f3n de los grupos. \u00bfYa tiene la gu\u00eda de viajes en la maleta?<\/em><\/strong><\/p>\n<p>L\u00f6w: Este verano (boreal) ya me ocup\u00e9 bastante de Brasil. En cualquier caso, la ilusi\u00f3n es muy grande. Brasil es el pa\u00eds del f\u00fatbol, lo viv\u00ed y lo sent\u00ed en la Copa Confederaciones. En ning\u00fan lugar se vive y se ama el f\u00fatbol de forma m\u00e1s intensa que en Brasil. Por eso me alegro de conocer un poco m\u00e1s de cerca a la gente, incluso aunque el viaje no sea tan largo. Me qued\u00e9 impresionado con la intensidad, con el amor y con la pasi\u00f3n por el f\u00fatbol. Es impresionante.<\/p>\n<p><strong><em>dpa: \u00bfEs para usted tambi\u00e9n el pa\u00eds de ensue\u00f1o para el f\u00fatbol?<\/em><\/strong><\/p>\n<p>L\u00f6w: S\u00ed. Brasil tiene una historia futbol\u00edstica gigantesca. Los cinco t\u00edtulos mundiales ya hablan por s\u00ed solos. Todos hemos visto las im\u00e1genes por televisi\u00f3n de c\u00f3mo los ni\u00f1os crecen con el bal\u00f3n en los pies. Hay un incre\u00edble n\u00famero de talentos. El ni\u00f1o m\u00e1s peque\u00f1o es un loco por el f\u00fatbol. Por todas partes se juega y adem\u00e1s gente de todos los rangos de edad. El f\u00fatbol es probablemente lo m\u00e1s importante para la gente despu\u00e9s de la religi\u00f3n.<\/p>\n<p><strong><em>dpa: En 1970 Brasil fue campe\u00f3n del mundo por tercera vez. Usted ten\u00eda diez a\u00f1os, \u00bfjugaba en la calle como un peque\u00f1o Pel\u00e9?<\/em><\/strong><\/p>\n<p>L\u00f6w: Pel\u00e9 era en nuestro tiempo uno de nuestros \u00eddolos, como en Alemania Franz Beckenbauer. Mi \u00eddolo era tambi\u00e9n G\u00fcnter Netzer, pero a ese mago del bal\u00f3n brasile\u00f1o lo conoc\u00edamos y lo admir\u00e1bamos.<\/p>\n<p><strong><em>dpa: \u00bfHa estudiado a los grandes entrenadores brasile\u00f1os, como Mario Zagallo, Felipe Scolari o Carlos Alberto Parreira?<\/em><\/strong><\/p>\n<p>L\u00f6w: Durante toda mi carrera como entrenador, siempre intent\u00e9 estudiar el estilo de juego sudamericano para orientarme. Es naturalmente otro estilo. Brasil me impresion\u00f3 mucho en la Copa Confederaciones. Buen trabajo defensivo, orden, organizaci\u00f3n: todo ello al lado de clase individual. Adem\u00e1s, en comparaci\u00f3n con a\u00f1os anteriores los brasile\u00f1os tienen una muy buena forma f\u00edsica.<\/p>\n<p><strong><em>dpa: Brasil es entonces su principal favorito. Usted tambi\u00e9n aspira al t\u00edtulo con su equipo. \u00bfQu\u00e9 cree que deber\u00eda hacer para lograrlo?<\/em><\/strong><\/p>\n<p>L\u00f6w: Todo debe encajar. Los jugadores deben estar en una excelente forma. Debemos lograr compenetrarnos bien en las tres, cuatro semanas de preparaci\u00f3n. Despu\u00e9s tenemos que estar libres de lesiones en los meses previos. Para ello se necesita un poquito de suerte. Ya hemos visto que asuntos totalmente min\u00fasculos pueden definir si llegamos a la final o somos eliminados antes. El equipo debe funcionar al 100 por ciento. Si alguien piensa que solo debemos volar al Pan de Az\u00facar y simplemente tomar la Copa, ignora la situaci\u00f3n<\/p>\n<p><strong><em>dpa: Ya advirti\u00f3 de las particulares condiciones en Brasil&#8230;<\/em><\/strong><\/p>\n<p>L\u00f6w: Viajes largos, cambios de horario, diferentes condiciones clim\u00e1ticas. Ser\u00e1 decisivo ver qu\u00e9 equipo puede adaptarse mejor a esas circunstancias. Los brasile\u00f1os y todos los sud- y centroamericanos est\u00e1n acostumbrados. Para los europeos son otras condiciones. No las conocemos en detalle.<\/p>\n<p><strong><em>dpa: \u00bfC\u00f3mo espera que su equipo pueda adaptarse? Pese a la experiencia internacional, muchos jugadores no estuvieron nunca o muy pocas veces en Sudam\u00e9rica.<\/em><\/strong><\/p>\n<p>L\u00f6w: Brindaremos toda la informaci\u00f3n al equipo. En especial sobre cuestiones que a nosotros nos parecen tal vez complicadas pero que son all\u00ed totalmente normales. Los jugadores deben ser conscientes de que hay circunstancias imprevisibles que deben ser aceptadas sin desperdiciar energ\u00eda. Viajaremos un par de d\u00edas antes del inicio del torneo a Sudam\u00e9rica para sumar experiencia.<\/p>\n<p><strong><em>dpa: \u00bfA qu\u00e9 se refiere en especial?<\/em><\/strong><\/p>\n<p>L\u00f6w: A qu\u00e9 tan r\u00e1pido uno se adapta sin tener que lamentarse. Lamentarse es perder. Ocurrir\u00e1n muchas cosas a las que no estamos acostumbrados. Si luchamos contra el destino, nos enojamos y eso tal vez lo llevamos al campo de juego, entonces ya habremos perdido. Con una postura as\u00ed no se puede ser campe\u00f3n del mundo.<\/p>\n<p><strong><em>dpa: \u00bfYa ha mirado la lista de posibles rivales en la primera ronda? A diferencia de otros Mundiales, podr\u00eda tocar un \u00abs\u00faper-grupo\u00bb.<\/em><\/strong><\/p>\n<p>L\u00f6w: Un \u00abs\u00faper-grupo\u00bb es posible, s\u00ed. Pero es como en la Eurocopa de 2012, entonces tuvimos a tres rivales fuertes en la primera ronda. A veces es una ventaja que desde el principio del torneo debas elevar la concentraci\u00f3n. A diferencia de hace 8 o 12 a\u00f1os, ya nadie se hace ilusiones de tener en la primera ronda dos o hasta tres rivales f\u00e1ciles.<\/p>\n<p><strong><em>dpa: La Copa Confederaciones estuvo afectada por protestas de parte de la poblaci\u00f3n que criticaron la realizaci\u00f3n de un Mundial en un pa\u00eds con diferencias sociales extremas. \u00bfC\u00f3mo eval\u00faa las protestas?<\/em><\/strong><\/p>\n<p>L\u00f6w: Naturalmente he observado que la gente sali\u00f3 a las calles y reclam\u00f3 por mejores condiciones de salud, de educaci\u00f3n y de infraestructura. Son necesidades muy importantes. Pienso que hay que tomar en serio las protestas. Seg\u00fan entiendo, el gobierno est\u00e1 intentando ocuparse. Tambi\u00e9n la selecci\u00f3n brasile\u00f1a se ha puesto de lado de los manifestantes. Puedo comprender perfectamente que la poblaci\u00f3n quiera mayores inversiones en asuntos tan elementales, son condiciones b\u00e1sicas y es el futuro de la gente. Mi deseo, sin embargo, es que las protestas transcurran siempre en paz.<\/p>\n<p><strong><em>dpa: El Mundial es lo m\u00e1ximo para jugadores e hinchas. \u00bfQu\u00e9 es lo que m\u00e1s lo seduce de ser campe\u00f3n?<\/em><\/strong><\/p>\n<p>L\u00f6w: Para un jugador, un Mundial est\u00e1 por encima de todo. Es un asunto nacional. No hay hinchas del Borussia o del Bayern o del Real Madrid. Est\u00e1 toda Alemania detr\u00e1s de un equipo. Los mayores jugadores, los inolvidables, han impreso su sello en los Mundiales. 1966, 1974, todos saben a\u00fan hoy qui\u00e9n anot\u00f3 cada gol a cada minuto. Gerd M\u00fcller, G\u00fcnter Netzer, luego Lothar Matth\u00e4us, J\u00fcrgen Klinsmann, Rudi V\u00f6ller: ellos han quedado grabados en nuestra memoria por los Mundiales.<\/p>\n<p>Por Jens Mende<\/p>\n","protected":false},"excerpt":{"rendered":"<p>Costa do Sau\u00edpe (Brasil), 4 dic (dpa) &#8211; Joachim L\u00f6w no cree que durante el Mundial de Brasil 2014 s\u00f3lo haya que prestarle atenci\u00f3n a figuras como Lionel Messi, Cristiano Ronaldo o Neymar: el entrenador de la selecci\u00f3n alemana tambi\u00e9n advierte sobre las protestas sociales que amenazan con empa\u00f1ar la gran cita del f\u00fatbol. \u00abNaturalmente [&hellip;]<\/p>\n","protected":false},"author":1,"featured_media":457616,"comment_status":"closed","ping_status":"open","sticky":false,"template":"","format":"standard","meta":{"footnotes":""},"categories":[28],"tags":[],"class_list":["post-457940","post","type-post","status-publish","format-standard","has-post-thumbnail","hentry","category-sociedad"],"aioseo_notices":[],"aioseo_head":"\n\t\t<!-- All in One SEO Pro 5.0.1 - aioseo.com -->\n\t<meta name=\"description\" content=\"Costa do Sau\u00edpe (Brasil), 4 dic (dpa) - Joachim L\u00f6w no cree que durante el Mundial de Brasil 2014 s\u00f3lo haya que prestarle atenci\u00f3n a figuras como Lionel Messi, Cristiano Ronaldo o Neymar: el entrenador de la selecci\u00f3n alemana tambi\u00e9n advierte sobre las protestas sociales que amenazan con empa\u00f1ar la gran cita del f\u00fatbol. &quot;Naturalmente\" \/>\n\t<meta name=\"robots\" content=\"max-image-preview:large\" \/>\n\t<meta name=\"author\" content=\"El Digital de Asturias\"\/>\n\t<meta name=\"google-site-verification\" content=\"UA-38556648-1\" \/>\n\t<meta name=\"msvalidate.01\" content=\"7dfe9f3f1b24437ab69f4f2559babe99\" \/>\n\t<meta name=\"keywords\" content=\"sociedad\" \/>\n\t<link rel=\"canonical\" href=\"https:\/\/www.eldigitaldeasturias.com\/noticias\/entrevista-con-low-las-protestas-en-brasil-hay-que-tomarlas-en-serio\/\" \/>\n\t<meta name=\"generator\" content=\"All in One SEO Pro (AIOSEO) 5.0.1\" \/>\n\t\t<meta property=\"og:locale\" content=\"es_ES\" \/>\n\t\t<meta property=\"og:site_name\" content=\"El Digital de Asturias\" \/>\n\t\t<meta property=\"og:type\" content=\"article\" \/>\n\t\t<meta property=\"og:title\" content=\"Entrevista con L\u00f6w : \u00abLas protestas en Brasil hay que tomarlas en serio\u00bb - El Digital de Asturias\" \/>\n\t\t<meta property=\"og:description\" content=\"Costa do Sau\u00edpe (Brasil), 4 dic (dpa) - Joachim L\u00f6w no cree que durante el Mundial de Brasil 2014 s\u00f3lo haya que prestarle atenci\u00f3n a figuras como Lionel Messi, Cristiano Ronaldo o Neymar: el entrenador de la selecci\u00f3n alemana tambi\u00e9n advierte sobre las protestas sociales que amenazan con empa\u00f1ar la gran cita del f\u00fatbol. &quot;Naturalmente\" \/>\n\t\t<meta property=\"og:url\" content=\"https:\/\/www.eldigitaldeasturias.com\/noticias\/entrevista-con-low-las-protestas-en-brasil-hay-que-tomarlas-en-serio\/\" \/>\n\t\t<meta property=\"article:tag\" content=\"sociedad\" \/>\n\t\t<meta property=\"article:published_time\" content=\"2013-12-05T00:51:27+00:00\" \/>\n\t\t<meta property=\"article:modified_time\" content=\"2013-12-05T00:51:40+00:00\" \/>\n\t\t<meta property=\"article:publisher\" content=\"https:\/\/facebook.com\/eldigitaldeasturias\" \/>\n\t\t<meta name=\"twitter:card\" content=\"summary_large_image\" \/>\n\t\t<meta name=\"twitter:title\" content=\"Entrevista con L\u00f6w : \u00abLas protestas en Brasil hay que tomarlas en serio\u00bb - El Digital de Asturias\" \/>\n\t\t<meta name=\"twitter:description\" content=\"Costa do Sau\u00edpe (Brasil), 4 dic (dpa) - Joachim L\u00f6w no cree que durante el Mundial de Brasil 2014 s\u00f3lo haya que prestarle atenci\u00f3n a figuras como Lionel Messi, Cristiano Ronaldo o Neymar: el entrenador de la selecci\u00f3n alemana tambi\u00e9n advierte sobre las protestas sociales que amenazan con empa\u00f1ar la gran cita del f\u00fatbol. &quot;Naturalmente\" \/>\n\t\t<meta name=\"twitter:label1\" content=\"Escrito por\" \/>\n\t\t<meta name=\"twitter:data1\" content=\"El Digital de Asturias\" \/>\n\t\t<meta name=\"twitter:label2\" content=\"Tiempo de lectura estimado\" \/>\n\t\t<meta name=\"twitter:data2\" content=\"7 minutos\" \/>\n\t\t<script type=\"application\/ld+json\" class=\"aioseo-schema\">\n\t\t\t{\"@context\":\"https:\\\/\\\/schema.org\",\"@graph\":[{\"@type\":\"BlogPosting\",\"@id\":\"https:\\\/\\\/www.eldigitaldeasturias.com\\\/noticias\\\/entrevista-con-low-las-protestas-en-brasil-hay-que-tomarlas-en-serio\\\/#blogposting\",\"name\":\"Entrevista con L\\u00f6w : \\u00abLas protestas en Brasil hay que tomarlas en serio\\u00bb - El Digital de Asturias\",\"headline\":\"Entrevista con L\\u00f6w : \\u00abLas protestas en Brasil hay que tomarlas en serio\\u00bb\",\"author\":{\"@id\":\"https:\\\/\\\/www.eldigitaldeasturias.com\\\/noticias\\\/author\\\/admin\\\/#author\"},\"publisher\":{\"@id\":\"https:\\\/\\\/www.eldigitaldeasturias.com\\\/noticias\\\/#organization\"},\"image\":{\"@type\":\"ImageObject\",\"url\":457616},\"datePublished\":\"2013-12-04T23:51:27+01:00\",\"dateModified\":\"2013-12-04T23:51:40+01:00\",\"inLanguage\":\"es-ES\",\"mainEntityOfPage\":{\"@id\":\"https:\\\/\\\/www.eldigitaldeasturias.com\\\/noticias\\\/entrevista-con-low-las-protestas-en-brasil-hay-que-tomarlas-en-serio\\\/#webpage\"},\"isPartOf\":{\"@id\":\"https:\\\/\\\/www.eldigitaldeasturias.com\\\/noticias\\\/entrevista-con-low-las-protestas-en-brasil-hay-que-tomarlas-en-serio\\\/#webpage\"},\"articleSection\":\"Sociedad\"},{\"@type\":\"BreadcrumbList\",\"@id\":\"https:\\\/\\\/www.eldigitaldeasturias.com\\\/noticias\\\/entrevista-con-low-las-protestas-en-brasil-hay-que-tomarlas-en-serio\\\/#breadcrumblist\",\"itemListElement\":[{\"@type\":\"ListItem\",\"@id\":\"https:\\\/\\\/www.eldigitaldeasturias.com\\\/noticias#listItem\",\"position\":1,\"name\":\"Home\",\"item\":\"https:\\\/\\\/www.eldigitaldeasturias.com\\\/noticias\",\"nextItem\":{\"@type\":\"ListItem\",\"@id\":\"https:\\\/\\\/www.eldigitaldeasturias.com\\\/noticias\\\/category\\\/sociedad\\\/#listItem\",\"name\":\"Sociedad\"}},{\"@type\":\"ListItem\",\"@id\":\"https:\\\/\\\/www.eldigitaldeasturias.com\\\/noticias\\\/category\\\/sociedad\\\/#listItem\",\"position\":2,\"name\":\"Sociedad\",\"item\":\"https:\\\/\\\/www.eldigitaldeasturias.com\\\/noticias\\\/category\\\/sociedad\\\/\",\"nextItem\":{\"@type\":\"ListItem\",\"@id\":\"https:\\\/\\\/www.eldigitaldeasturias.com\\\/noticias\\\/entrevista-con-low-las-protestas-en-brasil-hay-que-tomarlas-en-serio\\\/#listItem\",\"name\":\"Entrevista con L\\u00f6w : \\u00abLas protestas en Brasil hay que tomarlas en serio\\u00bb\"},\"previousItem\":{\"@type\":\"ListItem\",\"@id\":\"https:\\\/\\\/www.eldigitaldeasturias.com\\\/noticias#listItem\",\"name\":\"Home\"}},{\"@type\":\"ListItem\",\"@id\":\"https:\\\/\\\/www.eldigitaldeasturias.com\\\/noticias\\\/entrevista-con-low-las-protestas-en-brasil-hay-que-tomarlas-en-serio\\\/#listItem\",\"position\":3,\"name\":\"Entrevista con L\\u00f6w : \\u00abLas protestas en Brasil hay que tomarlas en serio\\u00bb\",\"previousItem\":{\"@type\":\"ListItem\",\"@id\":\"https:\\\/\\\/www.eldigitaldeasturias.com\\\/noticias\\\/category\\\/sociedad\\\/#listItem\",\"name\":\"Sociedad\"}}]},{\"@type\":\"Organization\",\"@id\":\"https:\\\/\\\/www.eldigitaldeasturias.com\\\/noticias\\\/#organization\",\"name\":\"El Digital de Asturias\",\"description\":\"Hemeroteca\",\"url\":\"https:\\\/\\\/www.eldigitaldeasturias.com\\\/noticias\\\/\",\"email\":\"info@eldigitaldeasturias.com\",\"telephone\":\"+34652131393\",\"logo\":{\"@type\":\"ImageObject\",\"url\":\"https:\\\/\\\/www.eldigitaldeasturias.com\\\/noticias\\\/wp-content\\\/uploads\\\/2020\\\/12\\\/EDA.jpg\",\"@id\":\"https:\\\/\\\/www.eldigitaldeasturias.com\\\/noticias\\\/entrevista-con-low-las-protestas-en-brasil-hay-que-tomarlas-en-serio\\\/#organizationLogo\"},\"image\":{\"@id\":\"https:\\\/\\\/www.eldigitaldeasturias.com\\\/noticias\\\/entrevista-con-low-las-protestas-en-brasil-hay-que-tomarlas-en-serio\\\/#organizationLogo\"},\"sameAs\":[\"https:\\\/\\\/facebook.com\\\/eldigitaldeasturias\",\"https:\\\/\\\/www.youtube.com\\\/channel\\\/UCZP-2wLEB9Rv6erhFmqVnvg\"],\"address\":{\"@id\":\"https:\\\/\\\/www.eldigitaldeasturias.com\\\/noticias\\\/#postaladdress\",\"@type\":\"PostalAddress\",\"streetAddress\":\"san antonio 4\",\"postalCode\":\"33430\",\"addressLocality\":\"Cand\\u00e1s\",\"addressRegion\":\"Asturias\",\"addressCountry\":\"ES\"}},{\"@type\":\"Person\",\"@id\":\"https:\\\/\\\/www.eldigitaldeasturias.com\\\/noticias\\\/author\\\/admin\\\/#author\",\"url\":\"https:\\\/\\\/www.eldigitaldeasturias.com\\\/noticias\\\/author\\\/admin\\\/\",\"name\":\"El Digital de Asturias\",\"image\":{\"@type\":\"ImageObject\",\"@id\":\"https:\\\/\\\/www.eldigitaldeasturias.com\\\/noticias\\\/entrevista-con-low-las-protestas-en-brasil-hay-que-tomarlas-en-serio\\\/#authorImage\",\"url\":\"https:\\\/\\\/secure.gravatar.com\\\/avatar\\\/df2aeffc32bcd13f8d26072ef8a91b623d677766deac7f97ca815868cd41bf5e?s=96&d=mm&r=g\",\"width\":96,\"height\":96,\"caption\":\"El Digital de Asturias\"}},{\"@type\":\"WebPage\",\"@id\":\"https:\\\/\\\/www.eldigitaldeasturias.com\\\/noticias\\\/entrevista-con-low-las-protestas-en-brasil-hay-que-tomarlas-en-serio\\\/#webpage\",\"url\":\"https:\\\/\\\/www.eldigitaldeasturias.com\\\/noticias\\\/entrevista-con-low-las-protestas-en-brasil-hay-que-tomarlas-en-serio\\\/\",\"name\":\"Entrevista con L\\u00f6w : \\u00abLas protestas en Brasil hay que tomarlas en serio\\u00bb - El Digital de Asturias\",\"description\":\"Costa do Sau\\u00edpe (Brasil), 4 dic (dpa) - Joachim L\\u00f6w no cree que durante el Mundial de Brasil 2014 s\\u00f3lo haya que prestarle atenci\\u00f3n a figuras como Lionel Messi, Cristiano Ronaldo o Neymar: el entrenador de la selecci\\u00f3n alemana tambi\\u00e9n advierte sobre las protestas sociales que amenazan con empa\\u00f1ar la gran cita del f\\u00fatbol. \\\"Naturalmente\",\"inLanguage\":\"es-ES\",\"isPartOf\":{\"@id\":\"https:\\\/\\\/www.eldigitaldeasturias.com\\\/noticias\\\/#website\"},\"breadcrumb\":{\"@id\":\"https:\\\/\\\/www.eldigitaldeasturias.com\\\/noticias\\\/entrevista-con-low-las-protestas-en-brasil-hay-que-tomarlas-en-serio\\\/#breadcrumblist\"},\"author\":{\"@id\":\"https:\\\/\\\/www.eldigitaldeasturias.com\\\/noticias\\\/author\\\/admin\\\/#author\"},\"creator\":{\"@id\":\"https:\\\/\\\/www.eldigitaldeasturias.com\\\/noticias\\\/author\\\/admin\\\/#author\"},\"image\":{\"@type\":\"ImageObject\",\"url\":457616,\"@id\":\"https:\\\/\\\/www.eldigitaldeasturias.com\\\/noticias\\\/entrevista-con-low-las-protestas-en-brasil-hay-que-tomarlas-en-serio\\\/#mainImage\"},\"primaryImageOfPage\":{\"@id\":\"https:\\\/\\\/www.eldigitaldeasturias.com\\\/noticias\\\/entrevista-con-low-las-protestas-en-brasil-hay-que-tomarlas-en-serio\\\/#mainImage\"},\"datePublished\":\"2013-12-04T23:51:27+01:00\",\"dateModified\":\"2013-12-04T23:51:40+01:00\"},{\"@type\":\"WebSite\",\"@id\":\"https:\\\/\\\/www.eldigitaldeasturias.com\\\/noticias\\\/#website\",\"url\":\"https:\\\/\\\/www.eldigitaldeasturias.com\\\/noticias\\\/\",\"name\":\"El Digital de Asturias - Diario de actualidad y noticias\",\"alternateName\":\"El Digital de Asturias - Diario de actualidad y noticias\",\"description\":\"Hemeroteca\",\"inLanguage\":\"es-ES\",\"publisher\":{\"@id\":\"https:\\\/\\\/www.eldigitaldeasturias.com\\\/noticias\\\/#organization\"}}]}\n\t\t<\/script>\n\t\t<!-- All in One SEO Pro -->\r\n\t\t<title>Entrevista con L\u00f6w : \u00abLas protestas en Brasil hay que tomarlas en serio\u00bb - El Digital de Asturias<\/title>\n\n","aioseo_head_json":{"title":"Entrevista con L\u00f6w : \u00abLas protestas en Brasil hay que tomarlas en serio\u00bb - El Digital de Asturias","description":"Costa do Sau\u00edpe (Brasil), 4 dic (dpa) - Joachim L\u00f6w no cree que durante el Mundial de Brasil 2014 s\u00f3lo haya que prestarle atenci\u00f3n a figuras como Lionel Messi, Cristiano Ronaldo o Neymar: el entrenador de la selecci\u00f3n alemana tambi\u00e9n advierte sobre las protestas sociales que amenazan con empa\u00f1ar la gran cita del f\u00fatbol. \"Naturalmente","canonical_url":"https:\/\/www.eldigitaldeasturias.com\/noticias\/entrevista-con-low-las-protestas-en-brasil-hay-que-tomarlas-en-serio\/","robots":"max-image-preview:large","keywords":"sociedad","webmasterTools":{"google-site-verification":"UA-38556648-1","msvalidate.01":"7dfe9f3f1b24437ab69f4f2559babe99","miscellaneous":""},"schema":{"@context":"https:\/\/schema.org","@graph":[{"@type":"BlogPosting","@id":"https:\/\/www.eldigitaldeasturias.com\/noticias\/entrevista-con-low-las-protestas-en-brasil-hay-que-tomarlas-en-serio\/#blogposting","name":"Entrevista con L\u00f6w : \u00abLas protestas en Brasil hay que tomarlas en serio\u00bb - El Digital de Asturias","headline":"Entrevista con L\u00f6w : \u00abLas protestas en Brasil hay que tomarlas en serio\u00bb","author":{"@id":"https:\/\/www.eldigitaldeasturias.com\/noticias\/author\/admin\/#author"},"publisher":{"@id":"https:\/\/www.eldigitaldeasturias.com\/noticias\/#organization"},"image":{"@type":"ImageObject","url":457616},"datePublished":"2013-12-04T23:51:27+01:00","dateModified":"2013-12-04T23:51:40+01:00","inLanguage":"es-ES","mainEntityOfPage":{"@id":"https:\/\/www.eldigitaldeasturias.com\/noticias\/entrevista-con-low-las-protestas-en-brasil-hay-que-tomarlas-en-serio\/#webpage"},"isPartOf":{"@id":"https:\/\/www.eldigitaldeasturias.com\/noticias\/entrevista-con-low-las-protestas-en-brasil-hay-que-tomarlas-en-serio\/#webpage"},"articleSection":"Sociedad"},{"@type":"BreadcrumbList","@id":"https:\/\/www.eldigitaldeasturias.com\/noticias\/entrevista-con-low-las-protestas-en-brasil-hay-que-tomarlas-en-serio\/#breadcrumblist","itemListElement":[{"@type":"ListItem","@id":"https:\/\/www.eldigitaldeasturias.com\/noticias#listItem","position":1,"name":"Home","item":"https:\/\/www.eldigitaldeasturias.com\/noticias","nextItem":{"@type":"ListItem","@id":"https:\/\/www.eldigitaldeasturias.com\/noticias\/category\/sociedad\/#listItem","name":"Sociedad"}},{"@type":"ListItem","@id":"https:\/\/www.eldigitaldeasturias.com\/noticias\/category\/sociedad\/#listItem","position":2,"name":"Sociedad","item":"https:\/\/www.eldigitaldeasturias.com\/noticias\/category\/sociedad\/","nextItem":{"@type":"ListItem","@id":"https:\/\/www.eldigitaldeasturias.com\/noticias\/entrevista-con-low-las-protestas-en-brasil-hay-que-tomarlas-en-serio\/#listItem","name":"Entrevista con L\u00f6w : \u00abLas protestas en Brasil hay que tomarlas en serio\u00bb"},"previousItem":{"@type":"ListItem","@id":"https:\/\/www.eldigitaldeasturias.com\/noticias#listItem","name":"Home"}},{"@type":"ListItem","@id":"https:\/\/www.eldigitaldeasturias.com\/noticias\/entrevista-con-low-las-protestas-en-brasil-hay-que-tomarlas-en-serio\/#listItem","position":3,"name":"Entrevista con L\u00f6w : \u00abLas protestas en Brasil hay que tomarlas en serio\u00bb","previousItem":{"@type":"ListItem","@id":"https:\/\/www.eldigitaldeasturias.com\/noticias\/category\/sociedad\/#listItem","name":"Sociedad"}}]},{"@type":"Organization","@id":"https:\/\/www.eldigitaldeasturias.com\/noticias\/#organization","name":"El Digital de Asturias","description":"Hemeroteca","url":"https:\/\/www.eldigitaldeasturias.com\/noticias\/","email":"info@eldigitaldeasturias.com","telephone":"+34652131393","logo":{"@type":"ImageObject","url":"https:\/\/www.eldigitaldeasturias.com\/noticias\/wp-content\/uploads\/2020\/12\/EDA.jpg","@id":"https:\/\/www.eldigitaldeasturias.com\/noticias\/entrevista-con-low-las-protestas-en-brasil-hay-que-tomarlas-en-serio\/#organizationLogo"},"image":{"@id":"https:\/\/www.eldigitaldeasturias.com\/noticias\/entrevista-con-low-las-protestas-en-brasil-hay-que-tomarlas-en-serio\/#organizationLogo"},"sameAs":["https:\/\/facebook.com\/eldigitaldeasturias","https:\/\/www.youtube.com\/channel\/UCZP-2wLEB9Rv6erhFmqVnvg"],"address":{"@id":"https:\/\/www.eldigitaldeasturias.com\/noticias\/#postaladdress","@type":"PostalAddress","streetAddress":"san antonio 4","postalCode":"33430","addressLocality":"Cand\u00e1s","addressRegion":"Asturias","addressCountry":"ES"}},{"@type":"Person","@id":"https:\/\/www.eldigitaldeasturias.com\/noticias\/author\/admin\/#author","url":"https:\/\/www.eldigitaldeasturias.com\/noticias\/author\/admin\/","name":"El Digital de Asturias","image":{"@type":"ImageObject","@id":"https:\/\/www.eldigitaldeasturias.com\/noticias\/entrevista-con-low-las-protestas-en-brasil-hay-que-tomarlas-en-serio\/#authorImage","url":"https:\/\/secure.gravatar.com\/avatar\/df2aeffc32bcd13f8d26072ef8a91b623d677766deac7f97ca815868cd41bf5e?s=96&d=mm&r=g","width":96,"height":96,"caption":"El Digital de Asturias"}},{"@type":"WebPage","@id":"https:\/\/www.eldigitaldeasturias.com\/noticias\/entrevista-con-low-las-protestas-en-brasil-hay-que-tomarlas-en-serio\/#webpage","url":"https:\/\/www.eldigitaldeasturias.com\/noticias\/entrevista-con-low-las-protestas-en-brasil-hay-que-tomarlas-en-serio\/","name":"Entrevista con L\u00f6w : \u00abLas protestas en Brasil hay que tomarlas en serio\u00bb - El Digital de Asturias","description":"Costa do Sau\u00edpe (Brasil), 4 dic (dpa) - Joachim L\u00f6w no cree que durante el Mundial de Brasil 2014 s\u00f3lo haya que prestarle atenci\u00f3n a figuras como Lionel Messi, Cristiano Ronaldo o Neymar: el entrenador de la selecci\u00f3n alemana tambi\u00e9n advierte sobre las protestas sociales que amenazan con empa\u00f1ar la gran cita del f\u00fatbol. \"Naturalmente","inLanguage":"es-ES","isPartOf":{"@id":"https:\/\/www.eldigitaldeasturias.com\/noticias\/#website"},"breadcrumb":{"@id":"https:\/\/www.eldigitaldeasturias.com\/noticias\/entrevista-con-low-las-protestas-en-brasil-hay-que-tomarlas-en-serio\/#breadcrumblist"},"author":{"@id":"https:\/\/www.eldigitaldeasturias.com\/noticias\/author\/admin\/#author"},"creator":{"@id":"https:\/\/www.eldigitaldeasturias.com\/noticias\/author\/admin\/#author"},"image":{"@type":"ImageObject","url":457616,"@id":"https:\/\/www.eldigitaldeasturias.com\/noticias\/entrevista-con-low-las-protestas-en-brasil-hay-que-tomarlas-en-serio\/#mainImage"},"primaryImageOfPage":{"@id":"https:\/\/www.eldigitaldeasturias.com\/noticias\/entrevista-con-low-las-protestas-en-brasil-hay-que-tomarlas-en-serio\/#mainImage"},"datePublished":"2013-12-04T23:51:27+01:00","dateModified":"2013-12-04T23:51:40+01:00"},{"@type":"WebSite","@id":"https:\/\/www.eldigitaldeasturias.com\/noticias\/#website","url":"https:\/\/www.eldigitaldeasturias.com\/noticias\/","name":"El Digital de Asturias - Diario de actualidad y noticias","alternateName":"El Digital de Asturias - Diario de actualidad y noticias","description":"Hemeroteca","inLanguage":"es-ES","publisher":{"@id":"https:\/\/www.eldigitaldeasturias.com\/noticias\/#organization"}}]},"og:locale":"es_ES","og:site_name":"El Digital de Asturias","og:type":"article","og:title":"Entrevista con L\u00f6w : \u00abLas protestas en Brasil hay que tomarlas en serio\u00bb - El Digital de Asturias","og:description":"Costa do Sau\u00edpe (Brasil), 4 dic (dpa) - Joachim L\u00f6w no cree que durante el Mundial de Brasil 2014 s\u00f3lo haya que prestarle atenci\u00f3n a figuras como Lionel Messi, Cristiano Ronaldo o Neymar: el entrenador de la selecci\u00f3n alemana tambi\u00e9n advierte sobre las protestas sociales que amenazan con empa\u00f1ar la gran cita del f\u00fatbol. &quot;Naturalmente","og:url":"https:\/\/www.eldigitaldeasturias.com\/noticias\/entrevista-con-low-las-protestas-en-brasil-hay-que-tomarlas-en-serio\/","article:tag":["sociedad"],"article:published_time":"2013-12-05T00:51:27+00:00","article:modified_time":"2013-12-05T00:51:40+00:00","article:publisher":"https:\/\/facebook.com\/eldigitaldeasturias","twitter:card":"summary_large_image","twitter:title":"Entrevista con L\u00f6w : \u00abLas protestas en Brasil hay que tomarlas en serio\u00bb - El Digital de Asturias","twitter:description":"Costa do Sau\u00edpe (Brasil), 4 dic (dpa) - Joachim L\u00f6w no cree que durante el Mundial de Brasil 2014 s\u00f3lo haya que prestarle atenci\u00f3n a figuras como Lionel Messi, Cristiano Ronaldo o Neymar: el entrenador de la selecci\u00f3n alemana tambi\u00e9n advierte sobre las protestas sociales que amenazan con empa\u00f1ar la gran cita del f\u00fatbol. &quot;Naturalmente","twitter:label1":"Escrito por","twitter:data1":"El Digital de Asturias","twitter:label2":"Tiempo de lectura estimado","twitter:data2":"7 minutos"},"aioseo_meta_data":{"post_id":"457940","title":null,"description":null,"keywords":null,"keyphrases":null,"primary_term":null,"canonical_url":null,"og_title":null,"og_description":null,"og_object_type":"default","og_image_type":"default","og_image_url":null,"og_image_width":null,"og_image_height":null,"og_image_custom_url":null,"og_image_custom_fields":null,"og_video":null,"og_custom_url":null,"og_article_section":null,"og_article_tags":null,"twitter_use_og":true,"twitter_card":"default","twitter_image_type":"default","twitter_image_url":null,"twitter_image_custom_url":null,"twitter_image_custom_fields":null,"twitter_title":null,"twitter_description":null,"schema":{"blockGraphs":[],"customGraphs":[],"default":{"data":{"Article":[],"Course":[],"Dataset":[],"FAQPage":[],"Movie":[],"Person":[],"Product":[],"ProductReview":[],"Car":[],"Recipe":[],"Service":[],"SoftwareApplication":[],"WebPage":[]},"graphName":"","isEnabled":true},"graphs":[],"defaultGraph":"","defaultPostTypeGraph":""},"schema_type":null,"schema_type_options":null,"pillar_content":false,"robots_default":true,"robots_noindex":false,"robots_noarchive":false,"robots_nosnippet":false,"robots_nofollow":false,"robots_noimageindex":false,"robots_noodp":false,"robots_notranslate":false,"robots_max_snippet":null,"robots_max_videopreview":null,"robots_max_imagepreview":"none","priority":null,"frequency":null,"local_seo":null,"seo_analyzer_scan_date":"2026-05-30 03:46:15","breadcrumb_settings":null,"limit_modified_date":false,"open_ai":null,"ai":null,"created":"2020-11-14 22:46:13","updated":"2026-05-30 03:46:15","focus_keyword":null,"additional_keywords":null,"truseo_locale":null},"aioseo_breadcrumb":"<div class=\"aioseo-breadcrumbs\"><span class=\"aioseo-breadcrumb\">\n\t<a href=\"https:\/\/www.eldigitaldeasturias.com\/noticias\" title=\"Home\">Home<\/a>\n<\/span><span class=\"aioseo-breadcrumb-separator\">\u2013<\/span><span class=\"aioseo-breadcrumb\">\n\t<a href=\"https:\/\/www.eldigitaldeasturias.com\/noticias\/category\/sociedad\/\" title=\"Sociedad\">Sociedad<\/a>\n<\/span><span class=\"aioseo-breadcrumb-separator\">\u2013<\/span><span class=\"aioseo-breadcrumb\">\n\t<a href=\"https:\/\/www.eldigitaldeasturias.com\/noticias\/entrevista-con-low-las-protestas-en-brasil-hay-que-tomarlas-en-serio\/\" title=\"Entrevista con L\u00f6w : \u00abLas protestas en Brasil hay que tomarlas en serio\u00bb\">Entrevista con L\u00f6w : \u00abLas protestas en Brasil hay que tomarlas en serio\u00bb<\/a>\n<\/span><\/div>","aioseo_breadcrumb_json":[{"label":"Home","link":"https:\/\/www.eldigitaldeasturias.com\/noticias"},{"label":"Sociedad","link":"https:\/\/www.eldigitaldeasturias.com\/noticias\/category\/sociedad\/"},{"label":"Entrevista con L\u00f6w : \u00abLas protestas en Brasil hay que tomarlas en serio\u00bb","link":"https:\/\/www.eldigitaldeasturias.com\/noticias\/entrevista-con-low-las-protestas-en-brasil-hay-que-tomarlas-en-serio\/"}],"_links":{"self":[{"href":"https:\/\/www.eldigitaldeasturias.com\/noticias\/wp-json\/wp\/v2\/posts\/457940","targetHints":{"allow":["GET"]}}],"collection":[{"href":"https:\/\/www.eldigitaldeasturias.com\/noticias\/wp-json\/wp\/v2\/posts"}],"about":[{"href":"https:\/\/www.eldigitaldeasturias.com\/noticias\/wp-json\/wp\/v2\/types\/post"}],"author":[{"embeddable":true,"href":"https:\/\/www.eldigitaldeasturias.com\/noticias\/wp-json\/wp\/v2\/users\/1"}],"replies":[{"embeddable":true,"href":"https:\/\/www.eldigitaldeasturias.com\/noticias\/wp-json\/wp\/v2\/comments?post=457940"}],"version-history":[{"count":0,"href":"https:\/\/www.eldigitaldeasturias.com\/noticias\/wp-json\/wp\/v2\/posts\/457940\/revisions"}],"wp:attachment":[{"href":"https:\/\/www.eldigitaldeasturias.com\/noticias\/wp-json\/wp\/v2\/media?parent=457940"}],"wp:term":[{"taxonomy":"category","embeddable":true,"href":"https:\/\/www.eldigitaldeasturias.com\/noticias\/wp-json\/wp\/v2\/categories?post=457940"},{"taxonomy":"post_tag","embeddable":true,"href":"https:\/\/www.eldigitaldeasturias.com\/noticias\/wp-json\/wp\/v2\/tags?post=457940"}],"curies":[{"name":"wp","href":"https:\/\/api.w.org\/{rel}","templated":true}]}}