{"id":457931,"date":"2013-12-04T23:38:39","date_gmt":"2013-12-05T00:38:39","guid":{"rendered":"http:\/\/www.eldigitaldeasturias.com\/noticias\/?p=457931"},"modified":"2013-12-04T23:38:39","modified_gmt":"2013-12-05T00:38:39","slug":"la-abogacia-del-estado-anuncia-un-recurso-contra-la-excarcelacion-de-ricart","status":"publish","type":"post","link":"https:\/\/www.eldigitaldeasturias.com\/noticias\/la-abogacia-del-estado-anuncia-un-recurso-contra-la-excarcelacion-de-ricart\/","title":{"rendered":"La Abogac\u00eda del Estado anuncia un recurso contra la excarcelaci\u00f3n de Ricart"},"content":{"rendered":"<p><img loading=\"lazy\" decoding=\"async\" class=\"alignleft size-medium wp-image-457932\" alt=\"5771122w\" src=\"https:\/\/www.eldigitaldeasturias.com\/noticias\/wp-content\/uploads\/2013\/12\/5771122w-360x280.jpg\" width=\"360\" height=\"280\" \/>Valencia, 4 dic (EFE).- La Abogac\u00eda del Estado ha anunciado a la Audiencia de Valencia la interposici\u00f3n de recurso de casaci\u00f3n ante el Tribunal Supremo contra la excarcelaci\u00f3n de Miguel Ricart, el \u00fanico condenado por el triple crimen de Alc\u00e0sser y que cumpl\u00eda 170 a\u00f1os de prisi\u00f3n en la c\u00e1rcel de Herrera de la Mancha (Ciudad Real).<\/p>\n<p>El pasado 29 de noviembre, la Secci\u00f3n Segunda de la Audiencia de Valencia declar\u00f3 cumplidas las penas impuestas y acord\u00f3 la inmediata puesta en libertad de Ricart, que esa misma tarde abandon\u00f3 la prisi\u00f3n, gracias a la derogaci\u00f3n de la aplicaci\u00f3n retroactiva de la doctrina Parot dictada por el Tribunal de Estrasburgo.<\/p>\n<p>La Abogac\u00eda afirma que la sentencia del Tribunal Europeo de Derechos Humanos sobre la etarra In\u00e9s del R\u00edo establece que no cabe la aplicaci\u00f3n de la doctrina Parot con car\u00e1cter retroactivo pero \u00abno considera dicha doctrina contraria al Convenio Europeo de Derechos Humanos\u00bb.<\/p>\n<p>Seg\u00fan el escrito de la Abogac\u00eda del Estado, el modo en que la Audiencia ha procedido a liquidar la condena de Ricart deja sin efecto la doctrina del Tribunal Supremo sobre la redenci\u00f3n de penas, que el Alto Tribunal estableci\u00f3 en 2006 que debe descontarse del total de condenas y no de los 30 a\u00f1os de cumplimiento m\u00e1ximo, la denominada doctrina Parot.<\/p>\n<p>Por esa raz\u00f3n, considera la Abogac\u00eda que la doctrina Parot se debe aplicar a Miguel Ricart, condenado en 1997, a partir del 28 de febrero de 2006, cuando el Supremo la estableci\u00f3.<\/p>\n<p>La resoluci\u00f3n de la excarcelaci\u00f3n de Ricart no era firme y contra la misma cab\u00eda recurso de s\u00faplica y tanto la Abogac\u00eda del Estado como la asociaci\u00f3n Clara Campoamor, que ejerci\u00f3 la acusaci\u00f3n popular en el juicio, expresaron su intenci\u00f3n de recurrirla una vez estudiada la resoluci\u00f3n de la Audiencia de Valencia.<\/p>\n<p>En su anuncio de recurso de hoy, la Abogac\u00eda del Estado considera adem\u00e1s infringidos varios art\u00edculos del C\u00f3digo Penal en cuanto a la liquidaci\u00f3n de la condena.<\/p>\n<p>Igualmente, estima que se infringen los art\u00edculos de la Constituci\u00f3n respecto a la interpretaci\u00f3n de derechos fundamentales y libertades p\u00fablicas.<\/p>\n<p>A juicio de la Abogac\u00eda del Estado, la forma de la Sala de liquidar la condena de Ricart \u00absupone dejar sin efecto\u00bb la denominada doctrina Parot sobre redenci\u00f3n de penas.<\/p>\n","protected":false},"excerpt":{"rendered":"<p>Valencia, 4 dic (EFE).- La Abogac\u00eda del Estado ha anunciado a la Audiencia de Valencia la interposici\u00f3n de recurso de casaci\u00f3n ante el Tribunal Supremo contra la excarcelaci\u00f3n de Miguel Ricart, el \u00fanico condenado por el triple crimen de Alc\u00e0sser y que cumpl\u00eda 170 a\u00f1os de prisi\u00f3n en la c\u00e1rcel de Herrera de la Mancha [&hellip;]<\/p>\n","protected":false},"author":1,"featured_media":457932,"comment_status":"closed","ping_status":"open","sticky":false,"template":"","format":"standard","meta":{"footnotes":""},"categories":[5],"tags":[],"class_list":["post-457931","post","type-post","status-publish","format-standard","has-post-thumbnail","hentry","category-sucesos"],"aioseo_notices":[],"aioseo_head":"\n\t\t<!-- All in One SEO Pro 5.0.1 - aioseo.com -->\n\t<meta name=\"description\" content=\"Valencia, 4 dic (EFE).- La Abogac\u00eda del Estado ha anunciado a la Audiencia de Valencia la interposici\u00f3n de recurso de casaci\u00f3n ante el Tribunal Supremo contra la excarcelaci\u00f3n de Miguel Ricart, el \u00fanico condenado por el triple crimen de Alc\u00e0sser y que cumpl\u00eda 170 a\u00f1os de prisi\u00f3n en la c\u00e1rcel de Herrera de la Mancha\" \/>\n\t<meta name=\"robots\" content=\"max-image-preview:large\" \/>\n\t<meta name=\"author\" content=\"El Digital de Asturias\"\/>\n\t<meta name=\"google-site-verification\" content=\"UA-38556648-1\" \/>\n\t<meta name=\"msvalidate.01\" content=\"7dfe9f3f1b24437ab69f4f2559babe99\" \/>\n\t<meta name=\"keywords\" content=\"sucesos\" \/>\n\t<link rel=\"canonical\" href=\"https:\/\/www.eldigitaldeasturias.com\/noticias\/la-abogacia-del-estado-anuncia-un-recurso-contra-la-excarcelacion-de-ricart\/\" \/>\n\t<meta name=\"generator\" content=\"All in One SEO Pro (AIOSEO) 5.0.1\" \/>\n\t\t<meta property=\"og:locale\" content=\"es_ES\" \/>\n\t\t<meta property=\"og:site_name\" content=\"El Digital de Asturias\" \/>\n\t\t<meta property=\"og:type\" content=\"article\" \/>\n\t\t<meta property=\"og:title\" content=\"La Abogac\u00eda del Estado anuncia un recurso contra la excarcelaci\u00f3n de Ricart - El Digital de Asturias\" \/>\n\t\t<meta property=\"og:description\" content=\"Valencia, 4 dic (EFE).- La Abogac\u00eda del Estado ha anunciado a la Audiencia de Valencia la interposici\u00f3n de recurso de casaci\u00f3n ante el Tribunal Supremo contra la excarcelaci\u00f3n de Miguel Ricart, el \u00fanico condenado por el triple crimen de Alc\u00e0sser y que cumpl\u00eda 170 a\u00f1os de prisi\u00f3n en la c\u00e1rcel de Herrera de la Mancha\" \/>\n\t\t<meta property=\"og:url\" content=\"https:\/\/www.eldigitaldeasturias.com\/noticias\/la-abogacia-del-estado-anuncia-un-recurso-contra-la-excarcelacion-de-ricart\/\" \/>\n\t\t<meta property=\"article:tag\" content=\"sucesos\" \/>\n\t\t<meta property=\"article:published_time\" content=\"2013-12-05T00:38:39+00:00\" \/>\n\t\t<meta property=\"article:modified_time\" content=\"2013-12-05T00:38:39+00:00\" \/>\n\t\t<meta property=\"article:publisher\" content=\"https:\/\/facebook.com\/eldigitaldeasturias\" \/>\n\t\t<meta name=\"twitter:card\" content=\"summary_large_image\" \/>\n\t\t<meta name=\"twitter:title\" content=\"La Abogac\u00eda del Estado anuncia un recurso contra la excarcelaci\u00f3n de Ricart - El Digital de Asturias\" \/>\n\t\t<meta name=\"twitter:description\" content=\"Valencia, 4 dic (EFE).- La Abogac\u00eda del Estado ha anunciado a la Audiencia de Valencia la interposici\u00f3n de recurso de casaci\u00f3n ante el Tribunal Supremo contra la excarcelaci\u00f3n de Miguel Ricart, el \u00fanico condenado por el triple crimen de Alc\u00e0sser y que cumpl\u00eda 170 a\u00f1os de prisi\u00f3n en la c\u00e1rcel de Herrera de la Mancha\" \/>\n\t\t<meta name=\"twitter:label1\" content=\"Escrito por\" \/>\n\t\t<meta name=\"twitter:data1\" content=\"El Digital de Asturias\" \/>\n\t\t<meta name=\"twitter:label2\" content=\"Tiempo de lectura estimado\" \/>\n\t\t<meta name=\"twitter:data2\" content=\"2 minutos\" \/>\n\t\t<script type=\"application\/ld+json\" class=\"aioseo-schema\">\n\t\t\t{\"@context\":\"https:\\\/\\\/schema.org\",\"@graph\":[{\"@type\":\"BlogPosting\",\"@id\":\"https:\\\/\\\/www.eldigitaldeasturias.com\\\/noticias\\\/la-abogacia-del-estado-anuncia-un-recurso-contra-la-excarcelacion-de-ricart\\\/#blogposting\",\"name\":\"La Abogac\\u00eda del Estado anuncia un recurso contra la excarcelaci\\u00f3n de Ricart - El Digital de Asturias\",\"headline\":\"La Abogac\\u00eda del Estado anuncia un recurso contra la excarcelaci\\u00f3n de Ricart\",\"author\":{\"@id\":\"https:\\\/\\\/www.eldigitaldeasturias.com\\\/noticias\\\/author\\\/admin\\\/#author\"},\"publisher\":{\"@id\":\"https:\\\/\\\/www.eldigitaldeasturias.com\\\/noticias\\\/#organization\"},\"image\":{\"@type\":\"ImageObject\",\"url\":457932},\"datePublished\":\"2013-12-04T23:38:39+01:00\",\"dateModified\":\"2013-12-04T23:38:39+01:00\",\"inLanguage\":\"es-ES\",\"mainEntityOfPage\":{\"@id\":\"https:\\\/\\\/www.eldigitaldeasturias.com\\\/noticias\\\/la-abogacia-del-estado-anuncia-un-recurso-contra-la-excarcelacion-de-ricart\\\/#webpage\"},\"isPartOf\":{\"@id\":\"https:\\\/\\\/www.eldigitaldeasturias.com\\\/noticias\\\/la-abogacia-del-estado-anuncia-un-recurso-contra-la-excarcelacion-de-ricart\\\/#webpage\"},\"articleSection\":\"Sucesos\"},{\"@type\":\"BreadcrumbList\",\"@id\":\"https:\\\/\\\/www.eldigitaldeasturias.com\\\/noticias\\\/la-abogacia-del-estado-anuncia-un-recurso-contra-la-excarcelacion-de-ricart\\\/#breadcrumblist\",\"itemListElement\":[{\"@type\":\"ListItem\",\"@id\":\"https:\\\/\\\/www.eldigitaldeasturias.com\\\/noticias#listItem\",\"position\":1,\"name\":\"Home\",\"item\":\"https:\\\/\\\/www.eldigitaldeasturias.com\\\/noticias\",\"nextItem\":{\"@type\":\"ListItem\",\"@id\":\"https:\\\/\\\/www.eldigitaldeasturias.com\\\/noticias\\\/category\\\/sucesos\\\/#listItem\",\"name\":\"Sucesos\"}},{\"@type\":\"ListItem\",\"@id\":\"https:\\\/\\\/www.eldigitaldeasturias.com\\\/noticias\\\/category\\\/sucesos\\\/#listItem\",\"position\":2,\"name\":\"Sucesos\",\"item\":\"https:\\\/\\\/www.eldigitaldeasturias.com\\\/noticias\\\/category\\\/sucesos\\\/\",\"nextItem\":{\"@type\":\"ListItem\",\"@id\":\"https:\\\/\\\/www.eldigitaldeasturias.com\\\/noticias\\\/la-abogacia-del-estado-anuncia-un-recurso-contra-la-excarcelacion-de-ricart\\\/#listItem\",\"name\":\"La Abogac\\u00eda del Estado anuncia un recurso contra la excarcelaci\\u00f3n de Ricart\"},\"previousItem\":{\"@type\":\"ListItem\",\"@id\":\"https:\\\/\\\/www.eldigitaldeasturias.com\\\/noticias#listItem\",\"name\":\"Home\"}},{\"@type\":\"ListItem\",\"@id\":\"https:\\\/\\\/www.eldigitaldeasturias.com\\\/noticias\\\/la-abogacia-del-estado-anuncia-un-recurso-contra-la-excarcelacion-de-ricart\\\/#listItem\",\"position\":3,\"name\":\"La Abogac\\u00eda del Estado anuncia un recurso contra la excarcelaci\\u00f3n de Ricart\",\"previousItem\":{\"@type\":\"ListItem\",\"@id\":\"https:\\\/\\\/www.eldigitaldeasturias.com\\\/noticias\\\/category\\\/sucesos\\\/#listItem\",\"name\":\"Sucesos\"}}]},{\"@type\":\"Organization\",\"@id\":\"https:\\\/\\\/www.eldigitaldeasturias.com\\\/noticias\\\/#organization\",\"name\":\"El Digital de Asturias\",\"description\":\"Hemeroteca\",\"url\":\"https:\\\/\\\/www.eldigitaldeasturias.com\\\/noticias\\\/\",\"email\":\"info@eldigitaldeasturias.com\",\"telephone\":\"+34652131393\",\"logo\":{\"@type\":\"ImageObject\",\"url\":\"https:\\\/\\\/www.eldigitaldeasturias.com\\\/noticias\\\/wp-content\\\/uploads\\\/2020\\\/12\\\/EDA.jpg\",\"@id\":\"https:\\\/\\\/www.eldigitaldeasturias.com\\\/noticias\\\/la-abogacia-del-estado-anuncia-un-recurso-contra-la-excarcelacion-de-ricart\\\/#organizationLogo\"},\"image\":{\"@id\":\"https:\\\/\\\/www.eldigitaldeasturias.com\\\/noticias\\\/la-abogacia-del-estado-anuncia-un-recurso-contra-la-excarcelacion-de-ricart\\\/#organizationLogo\"},\"sameAs\":[\"https:\\\/\\\/facebook.com\\\/eldigitaldeasturias\",\"https:\\\/\\\/www.youtube.com\\\/channel\\\/UCZP-2wLEB9Rv6erhFmqVnvg\"],\"address\":{\"@id\":\"https:\\\/\\\/www.eldigitaldeasturias.com\\\/noticias\\\/#postaladdress\",\"@type\":\"PostalAddress\",\"streetAddress\":\"san antonio 4\",\"postalCode\":\"33430\",\"addressLocality\":\"Cand\\u00e1s\",\"addressRegion\":\"Asturias\",\"addressCountry\":\"ES\"}},{\"@type\":\"Person\",\"@id\":\"https:\\\/\\\/www.eldigitaldeasturias.com\\\/noticias\\\/author\\\/admin\\\/#author\",\"url\":\"https:\\\/\\\/www.eldigitaldeasturias.com\\\/noticias\\\/author\\\/admin\\\/\",\"name\":\"El Digital de Asturias\",\"image\":{\"@type\":\"ImageObject\",\"@id\":\"https:\\\/\\\/www.eldigitaldeasturias.com\\\/noticias\\\/la-abogacia-del-estado-anuncia-un-recurso-contra-la-excarcelacion-de-ricart\\\/#authorImage\",\"url\":\"https:\\\/\\\/secure.gravatar.com\\\/avatar\\\/df2aeffc32bcd13f8d26072ef8a91b623d677766deac7f97ca815868cd41bf5e?s=96&d=mm&r=g\",\"width\":96,\"height\":96,\"caption\":\"El Digital de Asturias\"}},{\"@type\":\"WebPage\",\"@id\":\"https:\\\/\\\/www.eldigitaldeasturias.com\\\/noticias\\\/la-abogacia-del-estado-anuncia-un-recurso-contra-la-excarcelacion-de-ricart\\\/#webpage\",\"url\":\"https:\\\/\\\/www.eldigitaldeasturias.com\\\/noticias\\\/la-abogacia-del-estado-anuncia-un-recurso-contra-la-excarcelacion-de-ricart\\\/\",\"name\":\"La Abogac\\u00eda del Estado anuncia un recurso contra la excarcelaci\\u00f3n de Ricart - El Digital de Asturias\",\"description\":\"Valencia, 4 dic (EFE).- La Abogac\\u00eda del Estado ha anunciado a la Audiencia de Valencia la interposici\\u00f3n de recurso de casaci\\u00f3n ante el Tribunal Supremo contra la excarcelaci\\u00f3n de Miguel Ricart, el \\u00fanico condenado por el triple crimen de Alc\\u00e0sser y que cumpl\\u00eda 170 a\\u00f1os de prisi\\u00f3n en la c\\u00e1rcel de Herrera de la Mancha\",\"inLanguage\":\"es-ES\",\"isPartOf\":{\"@id\":\"https:\\\/\\\/www.eldigitaldeasturias.com\\\/noticias\\\/#website\"},\"breadcrumb\":{\"@id\":\"https:\\\/\\\/www.eldigitaldeasturias.com\\\/noticias\\\/la-abogacia-del-estado-anuncia-un-recurso-contra-la-excarcelacion-de-ricart\\\/#breadcrumblist\"},\"author\":{\"@id\":\"https:\\\/\\\/www.eldigitaldeasturias.com\\\/noticias\\\/author\\\/admin\\\/#author\"},\"creator\":{\"@id\":\"https:\\\/\\\/www.eldigitaldeasturias.com\\\/noticias\\\/author\\\/admin\\\/#author\"},\"image\":{\"@type\":\"ImageObject\",\"url\":457932,\"@id\":\"https:\\\/\\\/www.eldigitaldeasturias.com\\\/noticias\\\/la-abogacia-del-estado-anuncia-un-recurso-contra-la-excarcelacion-de-ricart\\\/#mainImage\"},\"primaryImageOfPage\":{\"@id\":\"https:\\\/\\\/www.eldigitaldeasturias.com\\\/noticias\\\/la-abogacia-del-estado-anuncia-un-recurso-contra-la-excarcelacion-de-ricart\\\/#mainImage\"},\"datePublished\":\"2013-12-04T23:38:39+01:00\",\"dateModified\":\"2013-12-04T23:38:39+01:00\"},{\"@type\":\"WebSite\",\"@id\":\"https:\\\/\\\/www.eldigitaldeasturias.com\\\/noticias\\\/#website\",\"url\":\"https:\\\/\\\/www.eldigitaldeasturias.com\\\/noticias\\\/\",\"name\":\"El Digital de Asturias - Diario de actualidad y noticias\",\"alternateName\":\"El Digital de Asturias - Diario de actualidad y noticias\",\"description\":\"Hemeroteca\",\"inLanguage\":\"es-ES\",\"publisher\":{\"@id\":\"https:\\\/\\\/www.eldigitaldeasturias.com\\\/noticias\\\/#organization\"}}]}\n\t\t<\/script>\n\t\t<!-- All in One SEO Pro -->\r\n\t\t<title>La Abogac\u00eda del Estado anuncia un recurso contra la excarcelaci\u00f3n de Ricart - El Digital de Asturias<\/title>\n\n","aioseo_head_json":{"title":"La Abogac\u00eda del Estado anuncia un recurso contra la excarcelaci\u00f3n de Ricart - El Digital de Asturias","description":"Valencia, 4 dic (EFE).- La Abogac\u00eda del Estado ha anunciado a la Audiencia de Valencia la interposici\u00f3n de recurso de casaci\u00f3n ante el Tribunal Supremo contra la excarcelaci\u00f3n de Miguel Ricart, el \u00fanico condenado por el triple crimen de Alc\u00e0sser y que cumpl\u00eda 170 a\u00f1os de prisi\u00f3n en la c\u00e1rcel de Herrera de la Mancha","canonical_url":"https:\/\/www.eldigitaldeasturias.com\/noticias\/la-abogacia-del-estado-anuncia-un-recurso-contra-la-excarcelacion-de-ricart\/","robots":"max-image-preview:large","keywords":"sucesos","webmasterTools":{"google-site-verification":"UA-38556648-1","msvalidate.01":"7dfe9f3f1b24437ab69f4f2559babe99","miscellaneous":""},"schema":{"@context":"https:\/\/schema.org","@graph":[{"@type":"BlogPosting","@id":"https:\/\/www.eldigitaldeasturias.com\/noticias\/la-abogacia-del-estado-anuncia-un-recurso-contra-la-excarcelacion-de-ricart\/#blogposting","name":"La Abogac\u00eda del Estado anuncia un recurso contra la excarcelaci\u00f3n de Ricart - El Digital de Asturias","headline":"La Abogac\u00eda del Estado anuncia un recurso contra la excarcelaci\u00f3n de Ricart","author":{"@id":"https:\/\/www.eldigitaldeasturias.com\/noticias\/author\/admin\/#author"},"publisher":{"@id":"https:\/\/www.eldigitaldeasturias.com\/noticias\/#organization"},"image":{"@type":"ImageObject","url":457932},"datePublished":"2013-12-04T23:38:39+01:00","dateModified":"2013-12-04T23:38:39+01:00","inLanguage":"es-ES","mainEntityOfPage":{"@id":"https:\/\/www.eldigitaldeasturias.com\/noticias\/la-abogacia-del-estado-anuncia-un-recurso-contra-la-excarcelacion-de-ricart\/#webpage"},"isPartOf":{"@id":"https:\/\/www.eldigitaldeasturias.com\/noticias\/la-abogacia-del-estado-anuncia-un-recurso-contra-la-excarcelacion-de-ricart\/#webpage"},"articleSection":"Sucesos"},{"@type":"BreadcrumbList","@id":"https:\/\/www.eldigitaldeasturias.com\/noticias\/la-abogacia-del-estado-anuncia-un-recurso-contra-la-excarcelacion-de-ricart\/#breadcrumblist","itemListElement":[{"@type":"ListItem","@id":"https:\/\/www.eldigitaldeasturias.com\/noticias#listItem","position":1,"name":"Home","item":"https:\/\/www.eldigitaldeasturias.com\/noticias","nextItem":{"@type":"ListItem","@id":"https:\/\/www.eldigitaldeasturias.com\/noticias\/category\/sucesos\/#listItem","name":"Sucesos"}},{"@type":"ListItem","@id":"https:\/\/www.eldigitaldeasturias.com\/noticias\/category\/sucesos\/#listItem","position":2,"name":"Sucesos","item":"https:\/\/www.eldigitaldeasturias.com\/noticias\/category\/sucesos\/","nextItem":{"@type":"ListItem","@id":"https:\/\/www.eldigitaldeasturias.com\/noticias\/la-abogacia-del-estado-anuncia-un-recurso-contra-la-excarcelacion-de-ricart\/#listItem","name":"La Abogac\u00eda del Estado anuncia un recurso contra la excarcelaci\u00f3n de Ricart"},"previousItem":{"@type":"ListItem","@id":"https:\/\/www.eldigitaldeasturias.com\/noticias#listItem","name":"Home"}},{"@type":"ListItem","@id":"https:\/\/www.eldigitaldeasturias.com\/noticias\/la-abogacia-del-estado-anuncia-un-recurso-contra-la-excarcelacion-de-ricart\/#listItem","position":3,"name":"La Abogac\u00eda del Estado anuncia un recurso contra la excarcelaci\u00f3n de Ricart","previousItem":{"@type":"ListItem","@id":"https:\/\/www.eldigitaldeasturias.com\/noticias\/category\/sucesos\/#listItem","name":"Sucesos"}}]},{"@type":"Organization","@id":"https:\/\/www.eldigitaldeasturias.com\/noticias\/#organization","name":"El Digital de Asturias","description":"Hemeroteca","url":"https:\/\/www.eldigitaldeasturias.com\/noticias\/","email":"info@eldigitaldeasturias.com","telephone":"+34652131393","logo":{"@type":"ImageObject","url":"https:\/\/www.eldigitaldeasturias.com\/noticias\/wp-content\/uploads\/2020\/12\/EDA.jpg","@id":"https:\/\/www.eldigitaldeasturias.com\/noticias\/la-abogacia-del-estado-anuncia-un-recurso-contra-la-excarcelacion-de-ricart\/#organizationLogo"},"image":{"@id":"https:\/\/www.eldigitaldeasturias.com\/noticias\/la-abogacia-del-estado-anuncia-un-recurso-contra-la-excarcelacion-de-ricart\/#organizationLogo"},"sameAs":["https:\/\/facebook.com\/eldigitaldeasturias","https:\/\/www.youtube.com\/channel\/UCZP-2wLEB9Rv6erhFmqVnvg"],"address":{"@id":"https:\/\/www.eldigitaldeasturias.com\/noticias\/#postaladdress","@type":"PostalAddress","streetAddress":"san antonio 4","postalCode":"33430","addressLocality":"Cand\u00e1s","addressRegion":"Asturias","addressCountry":"ES"}},{"@type":"Person","@id":"https:\/\/www.eldigitaldeasturias.com\/noticias\/author\/admin\/#author","url":"https:\/\/www.eldigitaldeasturias.com\/noticias\/author\/admin\/","name":"El Digital de Asturias","image":{"@type":"ImageObject","@id":"https:\/\/www.eldigitaldeasturias.com\/noticias\/la-abogacia-del-estado-anuncia-un-recurso-contra-la-excarcelacion-de-ricart\/#authorImage","url":"https:\/\/secure.gravatar.com\/avatar\/df2aeffc32bcd13f8d26072ef8a91b623d677766deac7f97ca815868cd41bf5e?s=96&d=mm&r=g","width":96,"height":96,"caption":"El Digital de Asturias"}},{"@type":"WebPage","@id":"https:\/\/www.eldigitaldeasturias.com\/noticias\/la-abogacia-del-estado-anuncia-un-recurso-contra-la-excarcelacion-de-ricart\/#webpage","url":"https:\/\/www.eldigitaldeasturias.com\/noticias\/la-abogacia-del-estado-anuncia-un-recurso-contra-la-excarcelacion-de-ricart\/","name":"La Abogac\u00eda del Estado anuncia un recurso contra la excarcelaci\u00f3n de Ricart - El Digital de Asturias","description":"Valencia, 4 dic (EFE).- La Abogac\u00eda del Estado ha anunciado a la Audiencia de Valencia la interposici\u00f3n de recurso de casaci\u00f3n ante el Tribunal Supremo contra la excarcelaci\u00f3n de Miguel Ricart, el \u00fanico condenado por el triple crimen de Alc\u00e0sser y que cumpl\u00eda 170 a\u00f1os de prisi\u00f3n en la c\u00e1rcel de Herrera de la Mancha","inLanguage":"es-ES","isPartOf":{"@id":"https:\/\/www.eldigitaldeasturias.com\/noticias\/#website"},"breadcrumb":{"@id":"https:\/\/www.eldigitaldeasturias.com\/noticias\/la-abogacia-del-estado-anuncia-un-recurso-contra-la-excarcelacion-de-ricart\/#breadcrumblist"},"author":{"@id":"https:\/\/www.eldigitaldeasturias.com\/noticias\/author\/admin\/#author"},"creator":{"@id":"https:\/\/www.eldigitaldeasturias.com\/noticias\/author\/admin\/#author"},"image":{"@type":"ImageObject","url":457932,"@id":"https:\/\/www.eldigitaldeasturias.com\/noticias\/la-abogacia-del-estado-anuncia-un-recurso-contra-la-excarcelacion-de-ricart\/#mainImage"},"primaryImageOfPage":{"@id":"https:\/\/www.eldigitaldeasturias.com\/noticias\/la-abogacia-del-estado-anuncia-un-recurso-contra-la-excarcelacion-de-ricart\/#mainImage"},"datePublished":"2013-12-04T23:38:39+01:00","dateModified":"2013-12-04T23:38:39+01:00"},{"@type":"WebSite","@id":"https:\/\/www.eldigitaldeasturias.com\/noticias\/#website","url":"https:\/\/www.eldigitaldeasturias.com\/noticias\/","name":"El Digital de Asturias - Diario de actualidad y noticias","alternateName":"El Digital de Asturias - Diario de actualidad y noticias","description":"Hemeroteca","inLanguage":"es-ES","publisher":{"@id":"https:\/\/www.eldigitaldeasturias.com\/noticias\/#organization"}}]},"og:locale":"es_ES","og:site_name":"El Digital de Asturias","og:type":"article","og:title":"La Abogac\u00eda del Estado anuncia un recurso contra la excarcelaci\u00f3n de Ricart - El Digital de Asturias","og:description":"Valencia, 4 dic (EFE).- La Abogac\u00eda del Estado ha anunciado a la Audiencia de Valencia la interposici\u00f3n de recurso de casaci\u00f3n ante el Tribunal Supremo contra la excarcelaci\u00f3n de Miguel Ricart, el \u00fanico condenado por el triple crimen de Alc\u00e0sser y que cumpl\u00eda 170 a\u00f1os de prisi\u00f3n en la c\u00e1rcel de Herrera de la Mancha","og:url":"https:\/\/www.eldigitaldeasturias.com\/noticias\/la-abogacia-del-estado-anuncia-un-recurso-contra-la-excarcelacion-de-ricart\/","article:tag":["sucesos"],"article:published_time":"2013-12-05T00:38:39+00:00","article:modified_time":"2013-12-05T00:38:39+00:00","article:publisher":"https:\/\/facebook.com\/eldigitaldeasturias","twitter:card":"summary_large_image","twitter:title":"La Abogac\u00eda del Estado anuncia un recurso contra la excarcelaci\u00f3n de Ricart - El Digital de Asturias","twitter:description":"Valencia, 4 dic (EFE).- La Abogac\u00eda del Estado ha anunciado a la Audiencia de Valencia la interposici\u00f3n de recurso de casaci\u00f3n ante el Tribunal Supremo contra la excarcelaci\u00f3n de Miguel Ricart, el \u00fanico condenado por el triple crimen de Alc\u00e0sser y que cumpl\u00eda 170 a\u00f1os de prisi\u00f3n en la c\u00e1rcel de Herrera de la Mancha","twitter:label1":"Escrito por","twitter:data1":"El Digital de Asturias","twitter:label2":"Tiempo de lectura estimado","twitter:data2":"2 minutos"},"aioseo_meta_data":{"post_id":"457931","title":null,"description":null,"keywords":null,"keyphrases":null,"primary_term":null,"canonical_url":null,"og_title":null,"og_description":null,"og_object_type":"default","og_image_type":"default","og_image_url":null,"og_image_width":null,"og_image_height":null,"og_image_custom_url":null,"og_image_custom_fields":null,"og_video":null,"og_custom_url":null,"og_article_section":null,"og_article_tags":null,"twitter_use_og":true,"twitter_card":"default","twitter_image_type":"default","twitter_image_url":null,"twitter_image_custom_url":null,"twitter_image_custom_fields":null,"twitter_title":null,"twitter_description":null,"schema":{"blockGraphs":[],"customGraphs":[],"default":{"data":{"Article":[],"Course":[],"Dataset":[],"FAQPage":[],"Movie":[],"Person":[],"Product":[],"ProductReview":[],"Car":[],"Recipe":[],"Service":[],"SoftwareApplication":[],"WebPage":[]},"graphName":"","isEnabled":true},"graphs":[],"defaultGraph":"","defaultPostTypeGraph":""},"schema_type":null,"schema_type_options":null,"pillar_content":false,"robots_default":true,"robots_noindex":false,"robots_noarchive":false,"robots_nosnippet":false,"robots_nofollow":false,"robots_noimageindex":false,"robots_noodp":false,"robots_notranslate":false,"robots_max_snippet":null,"robots_max_videopreview":null,"robots_max_imagepreview":"none","priority":null,"frequency":null,"local_seo":null,"seo_analyzer_scan_date":"2026-05-30 03:43:57","breadcrumb_settings":null,"limit_modified_date":false,"open_ai":null,"ai":null,"created":"2020-11-14 22:46:13","updated":"2026-05-30 03:43:57","focus_keyword":null,"additional_keywords":null,"truseo_locale":null},"aioseo_breadcrumb":"<div class=\"aioseo-breadcrumbs\"><span class=\"aioseo-breadcrumb\">\n\t<a href=\"https:\/\/www.eldigitaldeasturias.com\/noticias\" title=\"Home\">Home<\/a>\n<\/span><span class=\"aioseo-breadcrumb-separator\">\u2013<\/span><span class=\"aioseo-breadcrumb\">\n\t<a href=\"https:\/\/www.eldigitaldeasturias.com\/noticias\/category\/sucesos\/\" title=\"Sucesos\">Sucesos<\/a>\n<\/span><span class=\"aioseo-breadcrumb-separator\">\u2013<\/span><span class=\"aioseo-breadcrumb\">\n\t<a href=\"https:\/\/www.eldigitaldeasturias.com\/noticias\/la-abogacia-del-estado-anuncia-un-recurso-contra-la-excarcelacion-de-ricart\/\" title=\"La Abogac\u00eda del Estado anuncia un recurso contra la excarcelaci\u00f3n de Ricart\">La Abogac\u00eda del Estado anuncia un recurso contra la excarcelaci\u00f3n de Ricart<\/a>\n<\/span><\/div>","aioseo_breadcrumb_json":[{"label":"Home","link":"https:\/\/www.eldigitaldeasturias.com\/noticias"},{"label":"Sucesos","link":"https:\/\/www.eldigitaldeasturias.com\/noticias\/category\/sucesos\/"},{"label":"La Abogac\u00eda del Estado anuncia un recurso contra la excarcelaci\u00f3n de Ricart","link":"https:\/\/www.eldigitaldeasturias.com\/noticias\/la-abogacia-del-estado-anuncia-un-recurso-contra-la-excarcelacion-de-ricart\/"}],"_links":{"self":[{"href":"https:\/\/www.eldigitaldeasturias.com\/noticias\/wp-json\/wp\/v2\/posts\/457931","targetHints":{"allow":["GET"]}}],"collection":[{"href":"https:\/\/www.eldigitaldeasturias.com\/noticias\/wp-json\/wp\/v2\/posts"}],"about":[{"href":"https:\/\/www.eldigitaldeasturias.com\/noticias\/wp-json\/wp\/v2\/types\/post"}],"author":[{"embeddable":true,"href":"https:\/\/www.eldigitaldeasturias.com\/noticias\/wp-json\/wp\/v2\/users\/1"}],"replies":[{"embeddable":true,"href":"https:\/\/www.eldigitaldeasturias.com\/noticias\/wp-json\/wp\/v2\/comments?post=457931"}],"version-history":[{"count":0,"href":"https:\/\/www.eldigitaldeasturias.com\/noticias\/wp-json\/wp\/v2\/posts\/457931\/revisions"}],"wp:attachment":[{"href":"https:\/\/www.eldigitaldeasturias.com\/noticias\/wp-json\/wp\/v2\/media?parent=457931"}],"wp:term":[{"taxonomy":"category","embeddable":true,"href":"https:\/\/www.eldigitaldeasturias.com\/noticias\/wp-json\/wp\/v2\/categories?post=457931"},{"taxonomy":"post_tag","embeddable":true,"href":"https:\/\/www.eldigitaldeasturias.com\/noticias\/wp-json\/wp\/v2\/tags?post=457931"}],"curies":[{"name":"wp","href":"https:\/\/api.w.org\/{rel}","templated":true}]}}