{"id":457928,"date":"2013-12-04T23:35:06","date_gmt":"2013-12-05T00:35:06","guid":{"rendered":"http:\/\/www.eldigitaldeasturias.com\/noticias\/?p=457928"},"modified":"2013-12-04T23:35:06","modified_gmt":"2013-12-05T00:35:06","slug":"juan-manuel-cotelo-se-lanza-a-indagar-en-la-fe-en-tierra-de-maria","status":"publish","type":"post","link":"https:\/\/www.eldigitaldeasturias.com\/noticias\/juan-manuel-cotelo-se-lanza-a-indagar-en-la-fe-en-tierra-de-maria\/","title":{"rendered":"Juan Manuel Cotelo se lanza a indagar en la fe en \u00abTierra de Mar\u00eda\u00bb"},"content":{"rendered":"<p><img loading=\"lazy\" decoding=\"async\" class=\"alignleft size-medium wp-image-457929\" alt=\"5772077w\" src=\"https:\/\/www.eldigitaldeasturias.com\/noticias\/wp-content\/uploads\/2013\/12\/5772077w-360x240.jpg\" width=\"360\" height=\"240\" \/>Madrid, 4 dic (EFE).- Quince d\u00edas antes de recibir la subvenci\u00f3n para su primera pel\u00edcula (\u00abEl sudor de los ruise\u00f1ores\u00bb, 1998), a Juan Manuel Cotelo le ficharon como reportero del programa televisivo \u00abCaiga quien caiga\u00bb, y ya entonces el periodista y guionista eligi\u00f3 la apuesta m\u00e1s arriesgada.<\/p>\n<p>Quince a\u00f1os despu\u00e9s, Cotelo ha vuelto a hacerlo con \u00abTierra de Mar\u00eda\u00bb, su tercera pel\u00edcula, en la que combina ficci\u00f3n y documental, con dosis de humor, para indagar nada m\u00e1s y nada menos que en la existencia de la Virgen Mar\u00eda.<\/p>\n<p>\u00abHago escalada desde los 12 a\u00f1os, as\u00ed que no es por m\u00e9rito ni por virtud adquirida (el correr riesgos). Lo hago por un sentido bestial de la libertad: no me paro a pensar qu\u00e9 va a pasar, qu\u00e9 dir\u00e1 la cr\u00edtica, gustar\u00e1 o no. A m\u00ed me interesa la historia, y har\u00e9 todo lo posible por contarla\u00bb, asegura en una entrevista con Efe.<\/p>\n<p>En \u00abTierra de Mar\u00eda\u00bb, con gui\u00f3n suyo y de Alexis Mart\u00ednez, el propio Cotelo asume tambi\u00e9n el papel principal, el de \u00ababogado del diablo\u00bb, que recibe el encargo de entrevistar a una serie de personajes \u00abque han puesto a Dios en el centro de su vida\u00bb.<\/p>\n<p>\u00abLa pel\u00edcula resume mi propio proceso personal de vencer el escepticismo\u00bb, relata, \u00abe ir entrando poco a poco en un territorio que asusta un poco, que es la realidad espiritual del ser humano\u00bb.<\/p>\n<p>El tema religioso, en cualquier caso, no es nuevo para Cotelo, que en 2010 vivi\u00f3 un \u00e9xito inesperado con \u00abLa \u00faltima cima\u00bb, un documental rodado casi sin presupuesto, basado en la vida del sacerdote madrile\u00f1o Pablo Dom\u00ednguez, que falleci\u00f3 un a\u00f1o antes en un accidente de escalada.<\/p>\n<p>Conseguir las primeras cuatro salas para estrenar fue toda una haza\u00f1a que tuvo su recompensa.<\/p>\n<p>\u00abPas\u00f3 de cuatro a 66 salas en una semana, dobl\u00f3 la media de espectadores de &#8216;Sexo en Nueva York 2&#8217; en las dos primeras semanas y ha sido estrenada en 17 pa\u00edses\u00bb, resume orgulloso. \u00ab\u00bfQuien me iba a decir eso?. Nadie\u00bb.<\/p>\n<p>Fue un viaje a Ruman\u00eda en 1991 lo que puso la vida de Cotelo patas arriba. All\u00ed conoci\u00f3 al violonchelista que protagoniz\u00f3 su primera pel\u00edcula y a otra serie de personas que hab\u00edan pasado por situaciones de pobreza o delincuencia, los cuales, para su sorpresa, le dieron grandes lecciones.<\/p>\n<p>M\u00e1s tarde lleg\u00f3 el sacerdote de \u00abLa \u00faltima cima\u00bb, a quien conoci\u00f3 despu\u00e9s de que el cura lo persiguiera durante tres meses. \u00abQued\u00e9 con \u00e9l para librarme de \u00e9l\u00bb, se\u00f1ala. Pero acab\u00f3 enganchado y con otra pel\u00edcula en marcha.<\/p>\n<p>\u00abEn mi vida hubo un cambio muy fuerte, de tener la fe como un adorno en la pared, una casilla en la identidad cultural\u00bb, a recomendarla como \u00abuna receta que funciona\u00bb.<\/p>\n<p>Dice Cotelo que las experiencias m\u00e1s gratificantes con sus pel\u00edculas las ha vivido en la calle. Desde un chico de 31 a\u00f1os que le par\u00f3 para darle un abrazo y contarle que empez\u00f3 la catequesis gracias a \u00e9l y que acababa de bautizarse, a una mujer francesa la cual decidi\u00f3 no abortar despu\u00e9s de ver su anterior filme.<\/p>\n<p>\u00abQui\u00e9n te iba a decir que haces una pel\u00edcula y en Par\u00eds nace una ni\u00f1a\u00bb, exclama. \u00abYo me siento pagado\u00bb. Sobre el tema del aborto, que Cotelo vuelve a abordar en su nuevo trabajo, subraya que no desea entrar en pol\u00e9micas y defiende que \u00abel modo en que se trata es respetuoso\u00bb.<\/p>\n<p>\u00abTierra de Mar\u00eda\u00bb se estrena el 5 de diciembre en once salas de Barcelona, Madrid, Valencia, Pamplona, Murcia, Palma de Mallorca y Toledo y en cinco m\u00e1s de otras tantas ciudades a partir del 13 de diciembre.<\/p>\n<p>La idea es crecer en funci\u00f3n las solicitudes que los propios espectadores hagan a trav\u00e9s de la web del filme. La oficina de Cotelo busca salas en funci\u00f3n de esas listas, aplicando los sondeos de mercado t\u00edpicos en otros sectores y a los que \u00abel cine no est\u00e1 acostumbrado\u00bb.<\/p>\n<p>\u00abEs un term\u00f3metro absolutamente fiable\u00bb, asegura.<\/p>\n<p>Despu\u00e9s de Espa\u00f1a, la presentar\u00e1n en Am\u00e9rica Latina a partir de febrero, en mayo en Estados Unidos y despu\u00e9s en el resto de Europa. Ya tienen peticiones de 23 pa\u00edses.<\/p>\n<p>Magdalena Tsanis<\/p>\n","protected":false},"excerpt":{"rendered":"<p>Madrid, 4 dic (EFE).- Quince d\u00edas antes de recibir la subvenci\u00f3n para su primera pel\u00edcula (\u00abEl sudor de los ruise\u00f1ores\u00bb, 1998), a Juan Manuel Cotelo le ficharon como reportero del programa televisivo \u00abCaiga quien caiga\u00bb, y ya entonces el periodista y guionista eligi\u00f3 la apuesta m\u00e1s arriesgada. Quince a\u00f1os despu\u00e9s, Cotelo ha vuelto a hacerlo [&hellip;]<\/p>\n","protected":false},"author":1,"featured_media":457929,"comment_status":"closed","ping_status":"open","sticky":false,"template":"","format":"standard","meta":{"footnotes":""},"categories":[50],"tags":[],"class_list":["post-457928","post","type-post","status-publish","format-standard","has-post-thumbnail","hentry","category-revista-de-ocio"],"aioseo_notices":[],"aioseo_head":"\n\t\t<!-- All in One SEO Pro 5.0.1 - aioseo.com -->\n\t<meta name=\"description\" content=\"Madrid, 4 dic (EFE).- Quince d\u00edas antes de recibir la subvenci\u00f3n para su primera pel\u00edcula (&quot;El sudor de los ruise\u00f1ores&quot;, 1998), a Juan Manuel Cotelo le ficharon como reportero del programa televisivo &quot;Caiga quien caiga&quot;, y ya entonces el periodista y guionista eligi\u00f3 la apuesta m\u00e1s arriesgada. Quince a\u00f1os despu\u00e9s, Cotelo ha vuelto a hacerlo\" \/>\n\t<meta name=\"robots\" content=\"max-image-preview:large\" \/>\n\t<meta name=\"author\" content=\"El Digital de Asturias\"\/>\n\t<meta name=\"google-site-verification\" content=\"UA-38556648-1\" \/>\n\t<meta name=\"msvalidate.01\" content=\"7dfe9f3f1b24437ab69f4f2559babe99\" \/>\n\t<meta name=\"keywords\" content=\"revista de ocio\" \/>\n\t<link rel=\"canonical\" href=\"https:\/\/www.eldigitaldeasturias.com\/noticias\/juan-manuel-cotelo-se-lanza-a-indagar-en-la-fe-en-tierra-de-maria\/\" \/>\n\t<meta name=\"generator\" content=\"All in One SEO Pro (AIOSEO) 5.0.1\" \/>\n\t\t<meta property=\"og:locale\" content=\"es_ES\" \/>\n\t\t<meta property=\"og:site_name\" content=\"El Digital de Asturias\" \/>\n\t\t<meta property=\"og:type\" content=\"article\" \/>\n\t\t<meta property=\"og:title\" content=\"Juan Manuel Cotelo se lanza a indagar en la fe en \u00abTierra de Mar\u00eda\u00bb - El Digital de Asturias\" \/>\n\t\t<meta property=\"og:description\" content=\"Madrid, 4 dic (EFE).- Quince d\u00edas antes de recibir la subvenci\u00f3n para su primera pel\u00edcula (&quot;El sudor de los ruise\u00f1ores&quot;, 1998), a Juan Manuel Cotelo le ficharon como reportero del programa televisivo &quot;Caiga quien caiga&quot;, y ya entonces el periodista y guionista eligi\u00f3 la apuesta m\u00e1s arriesgada. Quince a\u00f1os despu\u00e9s, Cotelo ha vuelto a hacerlo\" \/>\n\t\t<meta property=\"og:url\" content=\"https:\/\/www.eldigitaldeasturias.com\/noticias\/juan-manuel-cotelo-se-lanza-a-indagar-en-la-fe-en-tierra-de-maria\/\" \/>\n\t\t<meta property=\"article:tag\" content=\"revista de ocio\" \/>\n\t\t<meta property=\"article:published_time\" content=\"2013-12-05T00:35:06+00:00\" \/>\n\t\t<meta property=\"article:modified_time\" content=\"2013-12-05T00:35:06+00:00\" \/>\n\t\t<meta property=\"article:publisher\" content=\"https:\/\/facebook.com\/eldigitaldeasturias\" \/>\n\t\t<meta name=\"twitter:card\" content=\"summary_large_image\" \/>\n\t\t<meta name=\"twitter:title\" content=\"Juan Manuel Cotelo se lanza a indagar en la fe en \u00abTierra de Mar\u00eda\u00bb - El Digital de Asturias\" \/>\n\t\t<meta name=\"twitter:description\" content=\"Madrid, 4 dic (EFE).- Quince d\u00edas antes de recibir la subvenci\u00f3n para su primera pel\u00edcula (&quot;El sudor de los ruise\u00f1ores&quot;, 1998), a Juan Manuel Cotelo le ficharon como reportero del programa televisivo &quot;Caiga quien caiga&quot;, y ya entonces el periodista y guionista eligi\u00f3 la apuesta m\u00e1s arriesgada. Quince a\u00f1os despu\u00e9s, Cotelo ha vuelto a hacerlo\" \/>\n\t\t<meta name=\"twitter:label1\" content=\"Escrito por\" \/>\n\t\t<meta name=\"twitter:data1\" content=\"El Digital de Asturias\" \/>\n\t\t<meta name=\"twitter:label2\" content=\"Tiempo de lectura estimado\" \/>\n\t\t<meta name=\"twitter:data2\" content=\"4 minutos\" \/>\n\t\t<script type=\"application\/ld+json\" class=\"aioseo-schema\">\n\t\t\t{\"@context\":\"https:\\\/\\\/schema.org\",\"@graph\":[{\"@type\":\"BlogPosting\",\"@id\":\"https:\\\/\\\/www.eldigitaldeasturias.com\\\/noticias\\\/juan-manuel-cotelo-se-lanza-a-indagar-en-la-fe-en-tierra-de-maria\\\/#blogposting\",\"name\":\"Juan Manuel Cotelo se lanza a indagar en la fe en \\u00abTierra de Mar\\u00eda\\u00bb - El Digital de Asturias\",\"headline\":\"Juan Manuel Cotelo se lanza a indagar en la fe en \\u00abTierra de Mar\\u00eda\\u00bb\",\"author\":{\"@id\":\"https:\\\/\\\/www.eldigitaldeasturias.com\\\/noticias\\\/author\\\/admin\\\/#author\"},\"publisher\":{\"@id\":\"https:\\\/\\\/www.eldigitaldeasturias.com\\\/noticias\\\/#organization\"},\"image\":{\"@type\":\"ImageObject\",\"url\":457929},\"datePublished\":\"2013-12-04T23:35:06+01:00\",\"dateModified\":\"2013-12-04T23:35:06+01:00\",\"inLanguage\":\"es-ES\",\"mainEntityOfPage\":{\"@id\":\"https:\\\/\\\/www.eldigitaldeasturias.com\\\/noticias\\\/juan-manuel-cotelo-se-lanza-a-indagar-en-la-fe-en-tierra-de-maria\\\/#webpage\"},\"isPartOf\":{\"@id\":\"https:\\\/\\\/www.eldigitaldeasturias.com\\\/noticias\\\/juan-manuel-cotelo-se-lanza-a-indagar-en-la-fe-en-tierra-de-maria\\\/#webpage\"},\"articleSection\":\"Revista de Ocio\"},{\"@type\":\"BreadcrumbList\",\"@id\":\"https:\\\/\\\/www.eldigitaldeasturias.com\\\/noticias\\\/juan-manuel-cotelo-se-lanza-a-indagar-en-la-fe-en-tierra-de-maria\\\/#breadcrumblist\",\"itemListElement\":[{\"@type\":\"ListItem\",\"@id\":\"https:\\\/\\\/www.eldigitaldeasturias.com\\\/noticias#listItem\",\"position\":1,\"name\":\"Home\",\"item\":\"https:\\\/\\\/www.eldigitaldeasturias.com\\\/noticias\",\"nextItem\":{\"@type\":\"ListItem\",\"@id\":\"https:\\\/\\\/www.eldigitaldeasturias.com\\\/noticias\\\/category\\\/revista-de-ocio\\\/#listItem\",\"name\":\"Revista de Ocio\"}},{\"@type\":\"ListItem\",\"@id\":\"https:\\\/\\\/www.eldigitaldeasturias.com\\\/noticias\\\/category\\\/revista-de-ocio\\\/#listItem\",\"position\":2,\"name\":\"Revista de Ocio\",\"item\":\"https:\\\/\\\/www.eldigitaldeasturias.com\\\/noticias\\\/category\\\/revista-de-ocio\\\/\",\"nextItem\":{\"@type\":\"ListItem\",\"@id\":\"https:\\\/\\\/www.eldigitaldeasturias.com\\\/noticias\\\/juan-manuel-cotelo-se-lanza-a-indagar-en-la-fe-en-tierra-de-maria\\\/#listItem\",\"name\":\"Juan Manuel Cotelo se lanza a indagar en la fe en \\u00abTierra de Mar\\u00eda\\u00bb\"},\"previousItem\":{\"@type\":\"ListItem\",\"@id\":\"https:\\\/\\\/www.eldigitaldeasturias.com\\\/noticias#listItem\",\"name\":\"Home\"}},{\"@type\":\"ListItem\",\"@id\":\"https:\\\/\\\/www.eldigitaldeasturias.com\\\/noticias\\\/juan-manuel-cotelo-se-lanza-a-indagar-en-la-fe-en-tierra-de-maria\\\/#listItem\",\"position\":3,\"name\":\"Juan Manuel Cotelo se lanza a indagar en la fe en \\u00abTierra de Mar\\u00eda\\u00bb\",\"previousItem\":{\"@type\":\"ListItem\",\"@id\":\"https:\\\/\\\/www.eldigitaldeasturias.com\\\/noticias\\\/category\\\/revista-de-ocio\\\/#listItem\",\"name\":\"Revista de Ocio\"}}]},{\"@type\":\"Organization\",\"@id\":\"https:\\\/\\\/www.eldigitaldeasturias.com\\\/noticias\\\/#organization\",\"name\":\"El Digital de Asturias\",\"description\":\"Hemeroteca\",\"url\":\"https:\\\/\\\/www.eldigitaldeasturias.com\\\/noticias\\\/\",\"email\":\"info@eldigitaldeasturias.com\",\"telephone\":\"+34652131393\",\"logo\":{\"@type\":\"ImageObject\",\"url\":\"https:\\\/\\\/www.eldigitaldeasturias.com\\\/noticias\\\/wp-content\\\/uploads\\\/2020\\\/12\\\/EDA.jpg\",\"@id\":\"https:\\\/\\\/www.eldigitaldeasturias.com\\\/noticias\\\/juan-manuel-cotelo-se-lanza-a-indagar-en-la-fe-en-tierra-de-maria\\\/#organizationLogo\"},\"image\":{\"@id\":\"https:\\\/\\\/www.eldigitaldeasturias.com\\\/noticias\\\/juan-manuel-cotelo-se-lanza-a-indagar-en-la-fe-en-tierra-de-maria\\\/#organizationLogo\"},\"sameAs\":[\"https:\\\/\\\/facebook.com\\\/eldigitaldeasturias\",\"https:\\\/\\\/www.youtube.com\\\/channel\\\/UCZP-2wLEB9Rv6erhFmqVnvg\"],\"address\":{\"@id\":\"https:\\\/\\\/www.eldigitaldeasturias.com\\\/noticias\\\/#postaladdress\",\"@type\":\"PostalAddress\",\"streetAddress\":\"san antonio 4\",\"postalCode\":\"33430\",\"addressLocality\":\"Cand\\u00e1s\",\"addressRegion\":\"Asturias\",\"addressCountry\":\"ES\"}},{\"@type\":\"Person\",\"@id\":\"https:\\\/\\\/www.eldigitaldeasturias.com\\\/noticias\\\/author\\\/admin\\\/#author\",\"url\":\"https:\\\/\\\/www.eldigitaldeasturias.com\\\/noticias\\\/author\\\/admin\\\/\",\"name\":\"El Digital de Asturias\",\"image\":{\"@type\":\"ImageObject\",\"@id\":\"https:\\\/\\\/www.eldigitaldeasturias.com\\\/noticias\\\/juan-manuel-cotelo-se-lanza-a-indagar-en-la-fe-en-tierra-de-maria\\\/#authorImage\",\"url\":\"https:\\\/\\\/secure.gravatar.com\\\/avatar\\\/df2aeffc32bcd13f8d26072ef8a91b623d677766deac7f97ca815868cd41bf5e?s=96&d=mm&r=g\",\"width\":96,\"height\":96,\"caption\":\"El Digital de Asturias\"}},{\"@type\":\"WebPage\",\"@id\":\"https:\\\/\\\/www.eldigitaldeasturias.com\\\/noticias\\\/juan-manuel-cotelo-se-lanza-a-indagar-en-la-fe-en-tierra-de-maria\\\/#webpage\",\"url\":\"https:\\\/\\\/www.eldigitaldeasturias.com\\\/noticias\\\/juan-manuel-cotelo-se-lanza-a-indagar-en-la-fe-en-tierra-de-maria\\\/\",\"name\":\"Juan Manuel Cotelo se lanza a indagar en la fe en \\u00abTierra de Mar\\u00eda\\u00bb - El Digital de Asturias\",\"description\":\"Madrid, 4 dic (EFE).- Quince d\\u00edas antes de recibir la subvenci\\u00f3n para su primera pel\\u00edcula (\\\"El sudor de los ruise\\u00f1ores\\\", 1998), a Juan Manuel Cotelo le ficharon como reportero del programa televisivo \\\"Caiga quien caiga\\\", y ya entonces el periodista y guionista eligi\\u00f3 la apuesta m\\u00e1s arriesgada. Quince a\\u00f1os despu\\u00e9s, Cotelo ha vuelto a hacerlo\",\"inLanguage\":\"es-ES\",\"isPartOf\":{\"@id\":\"https:\\\/\\\/www.eldigitaldeasturias.com\\\/noticias\\\/#website\"},\"breadcrumb\":{\"@id\":\"https:\\\/\\\/www.eldigitaldeasturias.com\\\/noticias\\\/juan-manuel-cotelo-se-lanza-a-indagar-en-la-fe-en-tierra-de-maria\\\/#breadcrumblist\"},\"author\":{\"@id\":\"https:\\\/\\\/www.eldigitaldeasturias.com\\\/noticias\\\/author\\\/admin\\\/#author\"},\"creator\":{\"@id\":\"https:\\\/\\\/www.eldigitaldeasturias.com\\\/noticias\\\/author\\\/admin\\\/#author\"},\"image\":{\"@type\":\"ImageObject\",\"url\":457929,\"@id\":\"https:\\\/\\\/www.eldigitaldeasturias.com\\\/noticias\\\/juan-manuel-cotelo-se-lanza-a-indagar-en-la-fe-en-tierra-de-maria\\\/#mainImage\"},\"primaryImageOfPage\":{\"@id\":\"https:\\\/\\\/www.eldigitaldeasturias.com\\\/noticias\\\/juan-manuel-cotelo-se-lanza-a-indagar-en-la-fe-en-tierra-de-maria\\\/#mainImage\"},\"datePublished\":\"2013-12-04T23:35:06+01:00\",\"dateModified\":\"2013-12-04T23:35:06+01:00\"},{\"@type\":\"WebSite\",\"@id\":\"https:\\\/\\\/www.eldigitaldeasturias.com\\\/noticias\\\/#website\",\"url\":\"https:\\\/\\\/www.eldigitaldeasturias.com\\\/noticias\\\/\",\"name\":\"El Digital de Asturias - Diario de actualidad y noticias\",\"alternateName\":\"El Digital de Asturias - Diario de actualidad y noticias\",\"description\":\"Hemeroteca\",\"inLanguage\":\"es-ES\",\"publisher\":{\"@id\":\"https:\\\/\\\/www.eldigitaldeasturias.com\\\/noticias\\\/#organization\"}}]}\n\t\t<\/script>\n\t\t<!-- All in One SEO Pro -->\r\n\t\t<title>Juan Manuel Cotelo se lanza a indagar en la fe en \u00abTierra de Mar\u00eda\u00bb - El Digital de Asturias<\/title>\n\n","aioseo_head_json":{"title":"Juan Manuel Cotelo se lanza a indagar en la fe en \u00abTierra de Mar\u00eda\u00bb - El Digital de Asturias","description":"Madrid, 4 dic (EFE).- Quince d\u00edas antes de recibir la subvenci\u00f3n para su primera pel\u00edcula (\"El sudor de los ruise\u00f1ores\", 1998), a Juan Manuel Cotelo le ficharon como reportero del programa televisivo \"Caiga quien caiga\", y ya entonces el periodista y guionista eligi\u00f3 la apuesta m\u00e1s arriesgada. Quince a\u00f1os despu\u00e9s, Cotelo ha vuelto a hacerlo","canonical_url":"https:\/\/www.eldigitaldeasturias.com\/noticias\/juan-manuel-cotelo-se-lanza-a-indagar-en-la-fe-en-tierra-de-maria\/","robots":"max-image-preview:large","keywords":"revista de ocio","webmasterTools":{"google-site-verification":"UA-38556648-1","msvalidate.01":"7dfe9f3f1b24437ab69f4f2559babe99","miscellaneous":""},"schema":{"@context":"https:\/\/schema.org","@graph":[{"@type":"BlogPosting","@id":"https:\/\/www.eldigitaldeasturias.com\/noticias\/juan-manuel-cotelo-se-lanza-a-indagar-en-la-fe-en-tierra-de-maria\/#blogposting","name":"Juan Manuel Cotelo se lanza a indagar en la fe en \u00abTierra de Mar\u00eda\u00bb - El Digital de Asturias","headline":"Juan Manuel Cotelo se lanza a indagar en la fe en \u00abTierra de Mar\u00eda\u00bb","author":{"@id":"https:\/\/www.eldigitaldeasturias.com\/noticias\/author\/admin\/#author"},"publisher":{"@id":"https:\/\/www.eldigitaldeasturias.com\/noticias\/#organization"},"image":{"@type":"ImageObject","url":457929},"datePublished":"2013-12-04T23:35:06+01:00","dateModified":"2013-12-04T23:35:06+01:00","inLanguage":"es-ES","mainEntityOfPage":{"@id":"https:\/\/www.eldigitaldeasturias.com\/noticias\/juan-manuel-cotelo-se-lanza-a-indagar-en-la-fe-en-tierra-de-maria\/#webpage"},"isPartOf":{"@id":"https:\/\/www.eldigitaldeasturias.com\/noticias\/juan-manuel-cotelo-se-lanza-a-indagar-en-la-fe-en-tierra-de-maria\/#webpage"},"articleSection":"Revista de Ocio"},{"@type":"BreadcrumbList","@id":"https:\/\/www.eldigitaldeasturias.com\/noticias\/juan-manuel-cotelo-se-lanza-a-indagar-en-la-fe-en-tierra-de-maria\/#breadcrumblist","itemListElement":[{"@type":"ListItem","@id":"https:\/\/www.eldigitaldeasturias.com\/noticias#listItem","position":1,"name":"Home","item":"https:\/\/www.eldigitaldeasturias.com\/noticias","nextItem":{"@type":"ListItem","@id":"https:\/\/www.eldigitaldeasturias.com\/noticias\/category\/revista-de-ocio\/#listItem","name":"Revista de Ocio"}},{"@type":"ListItem","@id":"https:\/\/www.eldigitaldeasturias.com\/noticias\/category\/revista-de-ocio\/#listItem","position":2,"name":"Revista de Ocio","item":"https:\/\/www.eldigitaldeasturias.com\/noticias\/category\/revista-de-ocio\/","nextItem":{"@type":"ListItem","@id":"https:\/\/www.eldigitaldeasturias.com\/noticias\/juan-manuel-cotelo-se-lanza-a-indagar-en-la-fe-en-tierra-de-maria\/#listItem","name":"Juan Manuel Cotelo se lanza a indagar en la fe en \u00abTierra de Mar\u00eda\u00bb"},"previousItem":{"@type":"ListItem","@id":"https:\/\/www.eldigitaldeasturias.com\/noticias#listItem","name":"Home"}},{"@type":"ListItem","@id":"https:\/\/www.eldigitaldeasturias.com\/noticias\/juan-manuel-cotelo-se-lanza-a-indagar-en-la-fe-en-tierra-de-maria\/#listItem","position":3,"name":"Juan Manuel Cotelo se lanza a indagar en la fe en \u00abTierra de Mar\u00eda\u00bb","previousItem":{"@type":"ListItem","@id":"https:\/\/www.eldigitaldeasturias.com\/noticias\/category\/revista-de-ocio\/#listItem","name":"Revista de Ocio"}}]},{"@type":"Organization","@id":"https:\/\/www.eldigitaldeasturias.com\/noticias\/#organization","name":"El Digital de Asturias","description":"Hemeroteca","url":"https:\/\/www.eldigitaldeasturias.com\/noticias\/","email":"info@eldigitaldeasturias.com","telephone":"+34652131393","logo":{"@type":"ImageObject","url":"https:\/\/www.eldigitaldeasturias.com\/noticias\/wp-content\/uploads\/2020\/12\/EDA.jpg","@id":"https:\/\/www.eldigitaldeasturias.com\/noticias\/juan-manuel-cotelo-se-lanza-a-indagar-en-la-fe-en-tierra-de-maria\/#organizationLogo"},"image":{"@id":"https:\/\/www.eldigitaldeasturias.com\/noticias\/juan-manuel-cotelo-se-lanza-a-indagar-en-la-fe-en-tierra-de-maria\/#organizationLogo"},"sameAs":["https:\/\/facebook.com\/eldigitaldeasturias","https:\/\/www.youtube.com\/channel\/UCZP-2wLEB9Rv6erhFmqVnvg"],"address":{"@id":"https:\/\/www.eldigitaldeasturias.com\/noticias\/#postaladdress","@type":"PostalAddress","streetAddress":"san antonio 4","postalCode":"33430","addressLocality":"Cand\u00e1s","addressRegion":"Asturias","addressCountry":"ES"}},{"@type":"Person","@id":"https:\/\/www.eldigitaldeasturias.com\/noticias\/author\/admin\/#author","url":"https:\/\/www.eldigitaldeasturias.com\/noticias\/author\/admin\/","name":"El Digital de Asturias","image":{"@type":"ImageObject","@id":"https:\/\/www.eldigitaldeasturias.com\/noticias\/juan-manuel-cotelo-se-lanza-a-indagar-en-la-fe-en-tierra-de-maria\/#authorImage","url":"https:\/\/secure.gravatar.com\/avatar\/df2aeffc32bcd13f8d26072ef8a91b623d677766deac7f97ca815868cd41bf5e?s=96&d=mm&r=g","width":96,"height":96,"caption":"El Digital de Asturias"}},{"@type":"WebPage","@id":"https:\/\/www.eldigitaldeasturias.com\/noticias\/juan-manuel-cotelo-se-lanza-a-indagar-en-la-fe-en-tierra-de-maria\/#webpage","url":"https:\/\/www.eldigitaldeasturias.com\/noticias\/juan-manuel-cotelo-se-lanza-a-indagar-en-la-fe-en-tierra-de-maria\/","name":"Juan Manuel Cotelo se lanza a indagar en la fe en \u00abTierra de Mar\u00eda\u00bb - El Digital de Asturias","description":"Madrid, 4 dic (EFE).- Quince d\u00edas antes de recibir la subvenci\u00f3n para su primera pel\u00edcula (\"El sudor de los ruise\u00f1ores\", 1998), a Juan Manuel Cotelo le ficharon como reportero del programa televisivo \"Caiga quien caiga\", y ya entonces el periodista y guionista eligi\u00f3 la apuesta m\u00e1s arriesgada. Quince a\u00f1os despu\u00e9s, Cotelo ha vuelto a hacerlo","inLanguage":"es-ES","isPartOf":{"@id":"https:\/\/www.eldigitaldeasturias.com\/noticias\/#website"},"breadcrumb":{"@id":"https:\/\/www.eldigitaldeasturias.com\/noticias\/juan-manuel-cotelo-se-lanza-a-indagar-en-la-fe-en-tierra-de-maria\/#breadcrumblist"},"author":{"@id":"https:\/\/www.eldigitaldeasturias.com\/noticias\/author\/admin\/#author"},"creator":{"@id":"https:\/\/www.eldigitaldeasturias.com\/noticias\/author\/admin\/#author"},"image":{"@type":"ImageObject","url":457929,"@id":"https:\/\/www.eldigitaldeasturias.com\/noticias\/juan-manuel-cotelo-se-lanza-a-indagar-en-la-fe-en-tierra-de-maria\/#mainImage"},"primaryImageOfPage":{"@id":"https:\/\/www.eldigitaldeasturias.com\/noticias\/juan-manuel-cotelo-se-lanza-a-indagar-en-la-fe-en-tierra-de-maria\/#mainImage"},"datePublished":"2013-12-04T23:35:06+01:00","dateModified":"2013-12-04T23:35:06+01:00"},{"@type":"WebSite","@id":"https:\/\/www.eldigitaldeasturias.com\/noticias\/#website","url":"https:\/\/www.eldigitaldeasturias.com\/noticias\/","name":"El Digital de Asturias - Diario de actualidad y noticias","alternateName":"El Digital de Asturias - Diario de actualidad y noticias","description":"Hemeroteca","inLanguage":"es-ES","publisher":{"@id":"https:\/\/www.eldigitaldeasturias.com\/noticias\/#organization"}}]},"og:locale":"es_ES","og:site_name":"El Digital de Asturias","og:type":"article","og:title":"Juan Manuel Cotelo se lanza a indagar en la fe en \u00abTierra de Mar\u00eda\u00bb - El Digital de Asturias","og:description":"Madrid, 4 dic (EFE).- Quince d\u00edas antes de recibir la subvenci\u00f3n para su primera pel\u00edcula (&quot;El sudor de los ruise\u00f1ores&quot;, 1998), a Juan Manuel Cotelo le ficharon como reportero del programa televisivo &quot;Caiga quien caiga&quot;, y ya entonces el periodista y guionista eligi\u00f3 la apuesta m\u00e1s arriesgada. Quince a\u00f1os despu\u00e9s, Cotelo ha vuelto a hacerlo","og:url":"https:\/\/www.eldigitaldeasturias.com\/noticias\/juan-manuel-cotelo-se-lanza-a-indagar-en-la-fe-en-tierra-de-maria\/","article:tag":["revista de ocio"],"article:published_time":"2013-12-05T00:35:06+00:00","article:modified_time":"2013-12-05T00:35:06+00:00","article:publisher":"https:\/\/facebook.com\/eldigitaldeasturias","twitter:card":"summary_large_image","twitter:title":"Juan Manuel Cotelo se lanza a indagar en la fe en \u00abTierra de Mar\u00eda\u00bb - El Digital de Asturias","twitter:description":"Madrid, 4 dic (EFE).- Quince d\u00edas antes de recibir la subvenci\u00f3n para su primera pel\u00edcula (&quot;El sudor de los ruise\u00f1ores&quot;, 1998), a Juan Manuel Cotelo le ficharon como reportero del programa televisivo &quot;Caiga quien caiga&quot;, y ya entonces el periodista y guionista eligi\u00f3 la apuesta m\u00e1s arriesgada. Quince a\u00f1os despu\u00e9s, Cotelo ha vuelto a hacerlo","twitter:label1":"Escrito por","twitter:data1":"El Digital de Asturias","twitter:label2":"Tiempo de lectura estimado","twitter:data2":"4 minutos"},"aioseo_meta_data":{"post_id":"457928","title":null,"description":null,"keywords":null,"keyphrases":null,"primary_term":null,"canonical_url":null,"og_title":null,"og_description":null,"og_object_type":"default","og_image_type":"default","og_image_url":null,"og_image_width":null,"og_image_height":null,"og_image_custom_url":null,"og_image_custom_fields":null,"og_video":null,"og_custom_url":null,"og_article_section":null,"og_article_tags":null,"twitter_use_og":true,"twitter_card":"default","twitter_image_type":"default","twitter_image_url":null,"twitter_image_custom_url":null,"twitter_image_custom_fields":null,"twitter_title":null,"twitter_description":null,"schema":{"blockGraphs":[],"customGraphs":[],"default":{"data":{"Article":[],"Course":[],"Dataset":[],"FAQPage":[],"Movie":[],"Person":[],"Product":[],"ProductReview":[],"Car":[],"Recipe":[],"Service":[],"SoftwareApplication":[],"WebPage":[]},"graphName":"","isEnabled":true},"graphs":[],"defaultGraph":"","defaultPostTypeGraph":""},"schema_type":null,"schema_type_options":null,"pillar_content":false,"robots_default":true,"robots_noindex":false,"robots_noarchive":false,"robots_nosnippet":false,"robots_nofollow":false,"robots_noimageindex":false,"robots_noodp":false,"robots_notranslate":false,"robots_max_snippet":null,"robots_max_videopreview":null,"robots_max_imagepreview":"none","priority":null,"frequency":null,"local_seo":null,"seo_analyzer_scan_date":"2026-05-30 03:43:56","breadcrumb_settings":null,"limit_modified_date":false,"open_ai":null,"ai":null,"created":"2020-11-14 22:46:13","updated":"2026-05-30 03:43:56","focus_keyword":null,"additional_keywords":null,"truseo_locale":null},"aioseo_breadcrumb":"<div class=\"aioseo-breadcrumbs\"><span class=\"aioseo-breadcrumb\">\n\t<a href=\"https:\/\/www.eldigitaldeasturias.com\/noticias\" title=\"Home\">Home<\/a>\n<\/span><span class=\"aioseo-breadcrumb-separator\">\u2013<\/span><span class=\"aioseo-breadcrumb\">\n\t<a href=\"https:\/\/www.eldigitaldeasturias.com\/noticias\/category\/revista-de-ocio\/\" title=\"Revista de Ocio\">Revista de Ocio<\/a>\n<\/span><span class=\"aioseo-breadcrumb-separator\">\u2013<\/span><span class=\"aioseo-breadcrumb\">\n\t<a href=\"https:\/\/www.eldigitaldeasturias.com\/noticias\/juan-manuel-cotelo-se-lanza-a-indagar-en-la-fe-en-tierra-de-maria\/\" title=\"Juan Manuel Cotelo se lanza a indagar en la fe en \u00abTierra de Mar\u00eda\u00bb\">Juan Manuel Cotelo se lanza a indagar en la fe en \u00abTierra de Mar\u00eda\u00bb<\/a>\n<\/span><\/div>","aioseo_breadcrumb_json":[{"label":"Home","link":"https:\/\/www.eldigitaldeasturias.com\/noticias"},{"label":"Revista de Ocio","link":"https:\/\/www.eldigitaldeasturias.com\/noticias\/category\/revista-de-ocio\/"},{"label":"Juan Manuel Cotelo se lanza a indagar en la fe en \u00abTierra de Mar\u00eda\u00bb","link":"https:\/\/www.eldigitaldeasturias.com\/noticias\/juan-manuel-cotelo-se-lanza-a-indagar-en-la-fe-en-tierra-de-maria\/"}],"_links":{"self":[{"href":"https:\/\/www.eldigitaldeasturias.com\/noticias\/wp-json\/wp\/v2\/posts\/457928","targetHints":{"allow":["GET"]}}],"collection":[{"href":"https:\/\/www.eldigitaldeasturias.com\/noticias\/wp-json\/wp\/v2\/posts"}],"about":[{"href":"https:\/\/www.eldigitaldeasturias.com\/noticias\/wp-json\/wp\/v2\/types\/post"}],"author":[{"embeddable":true,"href":"https:\/\/www.eldigitaldeasturias.com\/noticias\/wp-json\/wp\/v2\/users\/1"}],"replies":[{"embeddable":true,"href":"https:\/\/www.eldigitaldeasturias.com\/noticias\/wp-json\/wp\/v2\/comments?post=457928"}],"version-history":[{"count":0,"href":"https:\/\/www.eldigitaldeasturias.com\/noticias\/wp-json\/wp\/v2\/posts\/457928\/revisions"}],"wp:attachment":[{"href":"https:\/\/www.eldigitaldeasturias.com\/noticias\/wp-json\/wp\/v2\/media?parent=457928"}],"wp:term":[{"taxonomy":"category","embeddable":true,"href":"https:\/\/www.eldigitaldeasturias.com\/noticias\/wp-json\/wp\/v2\/categories?post=457928"},{"taxonomy":"post_tag","embeddable":true,"href":"https:\/\/www.eldigitaldeasturias.com\/noticias\/wp-json\/wp\/v2\/tags?post=457928"}],"curies":[{"name":"wp","href":"https:\/\/api.w.org\/{rel}","templated":true}]}}