{"id":457922,"date":"2013-12-04T23:30:31","date_gmt":"2013-12-05T00:30:31","guid":{"rendered":"http:\/\/www.eldigitaldeasturias.com\/noticias\/?p=457922"},"modified":"2013-12-04T23:30:31","modified_gmt":"2013-12-05T00:30:31","slug":"luz-casal-dona-la-recaudacion-de-su-festival-como-colofon-a-la-buena-musica","status":"publish","type":"post","link":"https:\/\/www.eldigitaldeasturias.com\/noticias\/luz-casal-dona-la-recaudacion-de-su-festival-como-colofon-a-la-buena-musica\/","title":{"rendered":"Luz Casal dona la recaudaci\u00f3n de su festival como \u00abcolof\u00f3n\u00bb a la buena m\u00fasica"},"content":{"rendered":"<p><img loading=\"lazy\" decoding=\"async\" class=\"alignleft size-medium wp-image-457923\" alt=\"5772012w\" src=\"https:\/\/www.eldigitaldeasturias.com\/noticias\/wp-content\/uploads\/2013\/12\/5772012w-360x239.jpg\" width=\"360\" height=\"239\" \/>A Coru\u00f1a, 4 dic (EFE).- La cantante Luz Casal ha entregado hoy a la Federaci\u00f3n Gallega del Banco de Alimentos la donaci\u00f3n solidaria recaudada este a\u00f1o en la segunda edici\u00f3n del festival que lleva su nombre, un gesto que ha considerado, en una charla con Efe, el \u00abcolof\u00f3n\u00bb a un certamen \u00ab\u00fanico\u00bb que a\u00fana solidaridad y buena m\u00fasica.<\/p>\n<p>Reciente premio nacional de las M\u00fasicas Actuales y anfitriona del Festival de la Luz, que se celebra en Boimorto (A Coru\u00f1a), la artista ha entregado esta ma\u00f1ana la recaudaci\u00f3n del festival del pasado verano, que ascendi\u00f3 a 70.000 euros, a la Federaci\u00f3n Gallega del Banco de Alimentos en un acto celebrado en la Fundacion Paideia.<\/p>\n<p>\u00abEl cheque es el colof\u00f3n\u00bb de un festival que cuenta con dos razones principales, ha explicado, que son \u00abhacer m\u00fasica y entretener a la gente, que lo pase bien, que se sienta como en su casa pero que tambi\u00e9n tenga ese aspecto de que, cada persona que paga su entrada sabe que va al Banco de Alimentos\u00bb.<\/p>\n<p>Luz prepara ya la tercera edici\u00f3n de un festival que el pr\u00f3ximo a\u00f1o dar\u00e1 a los ni\u00f1os m\u00e1s protagonismo, ha avanzado, y en el que contar\u00e1 con m\u00fasicos de panorama gallego y nacional que todav\u00eda no han participado en ediciones anteriores.<\/p>\n<p>En el transcurso del acto, la cantante ha argumentado que \u00abhay muchos festivales en Espa\u00f1a con buena m\u00fasica, y en esta celebraci\u00f3n la m\u00fasica es muy importante, pero m\u00e1s el apoyo de la gente que trae su dinero para que podamos hacer donaciones cada a\u00f1o\u00bb a fundaciones y asociaciones que ayudan a personas que \u00abest\u00e1n pasando por momentos de dificultades\u00bb.<\/p>\n<p>Luz Casal ha expresado su \u00abenorme satisfacci\u00f3n\u00bb por poder realizar esta donaci\u00f3n solidaria que, ha dicho, es superior a la cantidad recaudada en la primera edici\u00f3n del festival el a\u00f1o pasado, cuando tuvo que suspenderse la segunda jornada por alerta de temporal, y que don\u00f3 a la Asociaci\u00f3n Espa\u00f1ola Contra el C\u00e1ncer.<\/p>\n<p>El Festival de la Luz tiene una \u00abcaracter\u00edstica \u00fanica\u00bb porque aunque est\u00e1 sostenido por la m\u00fasica, el concepto es que sea \u00absolidario\u00bb, ha enfatizado la cantante, quien ha se\u00f1alado que la esencia el mismo es que se concibe como una \u00abromer\u00eda\u00bb con invitaci\u00f3n privada, aunque en lugar de hacerlo para un centenar de amigos se extiende a m\u00e1s de 8.000.<\/p>\n<p>Fito y los Fitipaldis o Rosendo fueron algunas de las estrellas que participaron en la segunda edici\u00f3n del Festival de la Luz y, de cara al pr\u00f3ximo verano, la artista conf\u00eda en \u00abseguir mejorando aspectos, cruzamos los dedos, y contar con los mejores colegas para que entretengan y sorprendan a la gente, y que esos d\u00edas resulten una celebraci\u00f3n\u00bb.<\/p>\n<p>Luz ha recibido los aplausos del p\u00fablico asistente al acto solidario en el que la Federaci\u00f3n Gallega de Banco de Alimentos ha agradecido la donaci\u00f3n.<\/p>\n<p>\u00abMenci\u00f3n especial\u00bb al Ayuntamiento coru\u00f1\u00e9s de Boimorto, donde se celebra este festival, porque \u00abde bien nacidos es ser agradecidos\u00bb, ha querido destacar la artista, por ser \u00abparte important\u00edsima en el desarrollo del evento y en \u00abc\u00f3mo hemos conseguido hacer realidad un sue\u00f1o\u00bb.<\/p>\n<p>Tambi\u00e9n palabras de agradecimiento para el productor Farruco Castrom\u00e1n, que es \u00abla otra pata de la mesa y alma\u00bb de esta cita.<\/p>\n<p>Y para terminar un deseo, que adem\u00e1s del apoyo con el que ha contado hasta ahora se sumen al festival empresas y entidades que colaboren en este \u00abesfuerzo\u00bb solidario.<\/p>\n<p>\u00abSi contamos con todo eso, por mi parte mi esfuerzo no decaer\u00e1 en los pr\u00f3ximos a\u00f1os\u00bb, ha asegurado Luz, que tiene la suerte, reconoce, de dedicarse a una profesi\u00f3n \u00abque ofrece much\u00edsimas posibilidades\u00bb diariamente para \u00abbuscar aventuras que sorprendan y entretengan\u00bb.<\/p>\n<p>\u00abPienso hacerlo muchos a\u00f1os\u00bb, ha concluido.<\/p>\n","protected":false},"excerpt":{"rendered":"<p>A Coru\u00f1a, 4 dic (EFE).- La cantante Luz Casal ha entregado hoy a la Federaci\u00f3n Gallega del Banco de Alimentos la donaci\u00f3n solidaria recaudada este a\u00f1o en la segunda edici\u00f3n del festival que lleva su nombre, un gesto que ha considerado, en una charla con Efe, el \u00abcolof\u00f3n\u00bb a un certamen \u00ab\u00fanico\u00bb que a\u00fana solidaridad [&hellip;]<\/p>\n","protected":false},"author":1,"featured_media":457923,"comment_status":"closed","ping_status":"open","sticky":false,"template":"","format":"standard","meta":{"footnotes":""},"categories":[50],"tags":[],"class_list":["post-457922","post","type-post","status-publish","format-standard","has-post-thumbnail","hentry","category-revista-de-ocio"],"aioseo_notices":[],"aioseo_head":"\n\t\t<!-- All in One SEO Pro 5.0.1 - aioseo.com -->\n\t<meta name=\"description\" content=\"A Coru\u00f1a, 4 dic (EFE).- La cantante Luz Casal ha entregado hoy a la Federaci\u00f3n Gallega del Banco de Alimentos la donaci\u00f3n solidaria recaudada este a\u00f1o en la segunda edici\u00f3n del festival que lleva su nombre, un gesto que ha considerado, en una charla con Efe, el &quot;colof\u00f3n&quot; a un certamen &quot;\u00fanico&quot; que a\u00fana solidaridad\" \/>\n\t<meta name=\"robots\" content=\"max-image-preview:large\" \/>\n\t<meta name=\"author\" content=\"El Digital de Asturias\"\/>\n\t<meta name=\"google-site-verification\" content=\"UA-38556648-1\" \/>\n\t<meta name=\"msvalidate.01\" content=\"7dfe9f3f1b24437ab69f4f2559babe99\" \/>\n\t<meta name=\"keywords\" content=\"revista de ocio\" \/>\n\t<link rel=\"canonical\" href=\"https:\/\/www.eldigitaldeasturias.com\/noticias\/luz-casal-dona-la-recaudacion-de-su-festival-como-colofon-a-la-buena-musica\/\" \/>\n\t<meta name=\"generator\" content=\"All in One SEO Pro (AIOSEO) 5.0.1\" \/>\n\t\t<meta property=\"og:locale\" content=\"es_ES\" \/>\n\t\t<meta property=\"og:site_name\" content=\"El Digital de Asturias\" \/>\n\t\t<meta property=\"og:type\" content=\"article\" \/>\n\t\t<meta property=\"og:title\" content=\"Luz Casal dona la recaudaci\u00f3n de su festival como \u00abcolof\u00f3n\u00bb a la buena m\u00fasica - El Digital de Asturias\" \/>\n\t\t<meta property=\"og:description\" content=\"A Coru\u00f1a, 4 dic (EFE).- La cantante Luz Casal ha entregado hoy a la Federaci\u00f3n Gallega del Banco de Alimentos la donaci\u00f3n solidaria recaudada este a\u00f1o en la segunda edici\u00f3n del festival que lleva su nombre, un gesto que ha considerado, en una charla con Efe, el &quot;colof\u00f3n&quot; a un certamen &quot;\u00fanico&quot; que a\u00fana solidaridad\" \/>\n\t\t<meta property=\"og:url\" content=\"https:\/\/www.eldigitaldeasturias.com\/noticias\/luz-casal-dona-la-recaudacion-de-su-festival-como-colofon-a-la-buena-musica\/\" \/>\n\t\t<meta property=\"article:tag\" content=\"revista de ocio\" \/>\n\t\t<meta property=\"article:published_time\" content=\"2013-12-05T00:30:31+00:00\" \/>\n\t\t<meta property=\"article:modified_time\" content=\"2013-12-05T00:30:31+00:00\" \/>\n\t\t<meta property=\"article:publisher\" content=\"https:\/\/facebook.com\/eldigitaldeasturias\" \/>\n\t\t<meta name=\"twitter:card\" content=\"summary_large_image\" \/>\n\t\t<meta name=\"twitter:title\" content=\"Luz Casal dona la recaudaci\u00f3n de su festival como \u00abcolof\u00f3n\u00bb a la buena m\u00fasica - El Digital de Asturias\" \/>\n\t\t<meta name=\"twitter:description\" content=\"A Coru\u00f1a, 4 dic (EFE).- La cantante Luz Casal ha entregado hoy a la Federaci\u00f3n Gallega del Banco de Alimentos la donaci\u00f3n solidaria recaudada este a\u00f1o en la segunda edici\u00f3n del festival que lleva su nombre, un gesto que ha considerado, en una charla con Efe, el &quot;colof\u00f3n&quot; a un certamen &quot;\u00fanico&quot; que a\u00fana solidaridad\" \/>\n\t\t<meta name=\"twitter:label1\" content=\"Escrito por\" \/>\n\t\t<meta name=\"twitter:data1\" content=\"El Digital de Asturias\" \/>\n\t\t<meta name=\"twitter:label2\" content=\"Tiempo de lectura estimado\" \/>\n\t\t<meta name=\"twitter:data2\" content=\"3 minutos\" \/>\n\t\t<script type=\"application\/ld+json\" class=\"aioseo-schema\">\n\t\t\t{\"@context\":\"https:\\\/\\\/schema.org\",\"@graph\":[{\"@type\":\"BlogPosting\",\"@id\":\"https:\\\/\\\/www.eldigitaldeasturias.com\\\/noticias\\\/luz-casal-dona-la-recaudacion-de-su-festival-como-colofon-a-la-buena-musica\\\/#blogposting\",\"name\":\"Luz Casal dona la recaudaci\\u00f3n de su festival como \\u00abcolof\\u00f3n\\u00bb a la buena m\\u00fasica - El Digital de Asturias\",\"headline\":\"Luz Casal dona la recaudaci\\u00f3n de su festival como \\u00abcolof\\u00f3n\\u00bb a la buena m\\u00fasica\",\"author\":{\"@id\":\"https:\\\/\\\/www.eldigitaldeasturias.com\\\/noticias\\\/author\\\/admin\\\/#author\"},\"publisher\":{\"@id\":\"https:\\\/\\\/www.eldigitaldeasturias.com\\\/noticias\\\/#organization\"},\"image\":{\"@type\":\"ImageObject\",\"url\":457923},\"datePublished\":\"2013-12-04T23:30:31+01:00\",\"dateModified\":\"2013-12-04T23:30:31+01:00\",\"inLanguage\":\"es-ES\",\"mainEntityOfPage\":{\"@id\":\"https:\\\/\\\/www.eldigitaldeasturias.com\\\/noticias\\\/luz-casal-dona-la-recaudacion-de-su-festival-como-colofon-a-la-buena-musica\\\/#webpage\"},\"isPartOf\":{\"@id\":\"https:\\\/\\\/www.eldigitaldeasturias.com\\\/noticias\\\/luz-casal-dona-la-recaudacion-de-su-festival-como-colofon-a-la-buena-musica\\\/#webpage\"},\"articleSection\":\"Revista de Ocio\"},{\"@type\":\"BreadcrumbList\",\"@id\":\"https:\\\/\\\/www.eldigitaldeasturias.com\\\/noticias\\\/luz-casal-dona-la-recaudacion-de-su-festival-como-colofon-a-la-buena-musica\\\/#breadcrumblist\",\"itemListElement\":[{\"@type\":\"ListItem\",\"@id\":\"https:\\\/\\\/www.eldigitaldeasturias.com\\\/noticias#listItem\",\"position\":1,\"name\":\"Home\",\"item\":\"https:\\\/\\\/www.eldigitaldeasturias.com\\\/noticias\",\"nextItem\":{\"@type\":\"ListItem\",\"@id\":\"https:\\\/\\\/www.eldigitaldeasturias.com\\\/noticias\\\/category\\\/revista-de-ocio\\\/#listItem\",\"name\":\"Revista de Ocio\"}},{\"@type\":\"ListItem\",\"@id\":\"https:\\\/\\\/www.eldigitaldeasturias.com\\\/noticias\\\/category\\\/revista-de-ocio\\\/#listItem\",\"position\":2,\"name\":\"Revista de Ocio\",\"item\":\"https:\\\/\\\/www.eldigitaldeasturias.com\\\/noticias\\\/category\\\/revista-de-ocio\\\/\",\"nextItem\":{\"@type\":\"ListItem\",\"@id\":\"https:\\\/\\\/www.eldigitaldeasturias.com\\\/noticias\\\/luz-casal-dona-la-recaudacion-de-su-festival-como-colofon-a-la-buena-musica\\\/#listItem\",\"name\":\"Luz Casal dona la recaudaci\\u00f3n de su festival como \\u00abcolof\\u00f3n\\u00bb a la buena m\\u00fasica\"},\"previousItem\":{\"@type\":\"ListItem\",\"@id\":\"https:\\\/\\\/www.eldigitaldeasturias.com\\\/noticias#listItem\",\"name\":\"Home\"}},{\"@type\":\"ListItem\",\"@id\":\"https:\\\/\\\/www.eldigitaldeasturias.com\\\/noticias\\\/luz-casal-dona-la-recaudacion-de-su-festival-como-colofon-a-la-buena-musica\\\/#listItem\",\"position\":3,\"name\":\"Luz Casal dona la recaudaci\\u00f3n de su festival como \\u00abcolof\\u00f3n\\u00bb a la buena m\\u00fasica\",\"previousItem\":{\"@type\":\"ListItem\",\"@id\":\"https:\\\/\\\/www.eldigitaldeasturias.com\\\/noticias\\\/category\\\/revista-de-ocio\\\/#listItem\",\"name\":\"Revista de Ocio\"}}]},{\"@type\":\"Organization\",\"@id\":\"https:\\\/\\\/www.eldigitaldeasturias.com\\\/noticias\\\/#organization\",\"name\":\"El Digital de Asturias\",\"description\":\"Hemeroteca\",\"url\":\"https:\\\/\\\/www.eldigitaldeasturias.com\\\/noticias\\\/\",\"email\":\"info@eldigitaldeasturias.com\",\"telephone\":\"+34652131393\",\"logo\":{\"@type\":\"ImageObject\",\"url\":\"https:\\\/\\\/www.eldigitaldeasturias.com\\\/noticias\\\/wp-content\\\/uploads\\\/2020\\\/12\\\/EDA.jpg\",\"@id\":\"https:\\\/\\\/www.eldigitaldeasturias.com\\\/noticias\\\/luz-casal-dona-la-recaudacion-de-su-festival-como-colofon-a-la-buena-musica\\\/#organizationLogo\"},\"image\":{\"@id\":\"https:\\\/\\\/www.eldigitaldeasturias.com\\\/noticias\\\/luz-casal-dona-la-recaudacion-de-su-festival-como-colofon-a-la-buena-musica\\\/#organizationLogo\"},\"sameAs\":[\"https:\\\/\\\/facebook.com\\\/eldigitaldeasturias\",\"https:\\\/\\\/www.youtube.com\\\/channel\\\/UCZP-2wLEB9Rv6erhFmqVnvg\"],\"address\":{\"@id\":\"https:\\\/\\\/www.eldigitaldeasturias.com\\\/noticias\\\/#postaladdress\",\"@type\":\"PostalAddress\",\"streetAddress\":\"san antonio 4\",\"postalCode\":\"33430\",\"addressLocality\":\"Cand\\u00e1s\",\"addressRegion\":\"Asturias\",\"addressCountry\":\"ES\"}},{\"@type\":\"Person\",\"@id\":\"https:\\\/\\\/www.eldigitaldeasturias.com\\\/noticias\\\/author\\\/admin\\\/#author\",\"url\":\"https:\\\/\\\/www.eldigitaldeasturias.com\\\/noticias\\\/author\\\/admin\\\/\",\"name\":\"El Digital de Asturias\",\"image\":{\"@type\":\"ImageObject\",\"@id\":\"https:\\\/\\\/www.eldigitaldeasturias.com\\\/noticias\\\/luz-casal-dona-la-recaudacion-de-su-festival-como-colofon-a-la-buena-musica\\\/#authorImage\",\"url\":\"https:\\\/\\\/secure.gravatar.com\\\/avatar\\\/df2aeffc32bcd13f8d26072ef8a91b623d677766deac7f97ca815868cd41bf5e?s=96&d=mm&r=g\",\"width\":96,\"height\":96,\"caption\":\"El Digital de Asturias\"}},{\"@type\":\"WebPage\",\"@id\":\"https:\\\/\\\/www.eldigitaldeasturias.com\\\/noticias\\\/luz-casal-dona-la-recaudacion-de-su-festival-como-colofon-a-la-buena-musica\\\/#webpage\",\"url\":\"https:\\\/\\\/www.eldigitaldeasturias.com\\\/noticias\\\/luz-casal-dona-la-recaudacion-de-su-festival-como-colofon-a-la-buena-musica\\\/\",\"name\":\"Luz Casal dona la recaudaci\\u00f3n de su festival como \\u00abcolof\\u00f3n\\u00bb a la buena m\\u00fasica - El Digital de Asturias\",\"description\":\"A Coru\\u00f1a, 4 dic (EFE).- La cantante Luz Casal ha entregado hoy a la Federaci\\u00f3n Gallega del Banco de Alimentos la donaci\\u00f3n solidaria recaudada este a\\u00f1o en la segunda edici\\u00f3n del festival que lleva su nombre, un gesto que ha considerado, en una charla con Efe, el \\\"colof\\u00f3n\\\" a un certamen \\\"\\u00fanico\\\" que a\\u00fana solidaridad\",\"inLanguage\":\"es-ES\",\"isPartOf\":{\"@id\":\"https:\\\/\\\/www.eldigitaldeasturias.com\\\/noticias\\\/#website\"},\"breadcrumb\":{\"@id\":\"https:\\\/\\\/www.eldigitaldeasturias.com\\\/noticias\\\/luz-casal-dona-la-recaudacion-de-su-festival-como-colofon-a-la-buena-musica\\\/#breadcrumblist\"},\"author\":{\"@id\":\"https:\\\/\\\/www.eldigitaldeasturias.com\\\/noticias\\\/author\\\/admin\\\/#author\"},\"creator\":{\"@id\":\"https:\\\/\\\/www.eldigitaldeasturias.com\\\/noticias\\\/author\\\/admin\\\/#author\"},\"image\":{\"@type\":\"ImageObject\",\"url\":457923,\"@id\":\"https:\\\/\\\/www.eldigitaldeasturias.com\\\/noticias\\\/luz-casal-dona-la-recaudacion-de-su-festival-como-colofon-a-la-buena-musica\\\/#mainImage\"},\"primaryImageOfPage\":{\"@id\":\"https:\\\/\\\/www.eldigitaldeasturias.com\\\/noticias\\\/luz-casal-dona-la-recaudacion-de-su-festival-como-colofon-a-la-buena-musica\\\/#mainImage\"},\"datePublished\":\"2013-12-04T23:30:31+01:00\",\"dateModified\":\"2013-12-04T23:30:31+01:00\"},{\"@type\":\"WebSite\",\"@id\":\"https:\\\/\\\/www.eldigitaldeasturias.com\\\/noticias\\\/#website\",\"url\":\"https:\\\/\\\/www.eldigitaldeasturias.com\\\/noticias\\\/\",\"name\":\"El Digital de Asturias - Diario de actualidad y noticias\",\"alternateName\":\"El Digital de Asturias - Diario de actualidad y noticias\",\"description\":\"Hemeroteca\",\"inLanguage\":\"es-ES\",\"publisher\":{\"@id\":\"https:\\\/\\\/www.eldigitaldeasturias.com\\\/noticias\\\/#organization\"}}]}\n\t\t<\/script>\n\t\t<!-- All in One SEO Pro -->\r\n\t\t<title>Luz Casal dona la recaudaci\u00f3n de su festival como \u00abcolof\u00f3n\u00bb a la buena m\u00fasica - El Digital de Asturias<\/title>\n\n","aioseo_head_json":{"title":"Luz Casal dona la recaudaci\u00f3n de su festival como \u00abcolof\u00f3n\u00bb a la buena m\u00fasica - El Digital de Asturias","description":"A Coru\u00f1a, 4 dic (EFE).- La cantante Luz Casal ha entregado hoy a la Federaci\u00f3n Gallega del Banco de Alimentos la donaci\u00f3n solidaria recaudada este a\u00f1o en la segunda edici\u00f3n del festival que lleva su nombre, un gesto que ha considerado, en una charla con Efe, el \"colof\u00f3n\" a un certamen \"\u00fanico\" que a\u00fana solidaridad","canonical_url":"https:\/\/www.eldigitaldeasturias.com\/noticias\/luz-casal-dona-la-recaudacion-de-su-festival-como-colofon-a-la-buena-musica\/","robots":"max-image-preview:large","keywords":"revista de ocio","webmasterTools":{"google-site-verification":"UA-38556648-1","msvalidate.01":"7dfe9f3f1b24437ab69f4f2559babe99","miscellaneous":""},"schema":{"@context":"https:\/\/schema.org","@graph":[{"@type":"BlogPosting","@id":"https:\/\/www.eldigitaldeasturias.com\/noticias\/luz-casal-dona-la-recaudacion-de-su-festival-como-colofon-a-la-buena-musica\/#blogposting","name":"Luz Casal dona la recaudaci\u00f3n de su festival como \u00abcolof\u00f3n\u00bb a la buena m\u00fasica - El Digital de Asturias","headline":"Luz Casal dona la recaudaci\u00f3n de su festival como \u00abcolof\u00f3n\u00bb a la buena m\u00fasica","author":{"@id":"https:\/\/www.eldigitaldeasturias.com\/noticias\/author\/admin\/#author"},"publisher":{"@id":"https:\/\/www.eldigitaldeasturias.com\/noticias\/#organization"},"image":{"@type":"ImageObject","url":457923},"datePublished":"2013-12-04T23:30:31+01:00","dateModified":"2013-12-04T23:30:31+01:00","inLanguage":"es-ES","mainEntityOfPage":{"@id":"https:\/\/www.eldigitaldeasturias.com\/noticias\/luz-casal-dona-la-recaudacion-de-su-festival-como-colofon-a-la-buena-musica\/#webpage"},"isPartOf":{"@id":"https:\/\/www.eldigitaldeasturias.com\/noticias\/luz-casal-dona-la-recaudacion-de-su-festival-como-colofon-a-la-buena-musica\/#webpage"},"articleSection":"Revista de Ocio"},{"@type":"BreadcrumbList","@id":"https:\/\/www.eldigitaldeasturias.com\/noticias\/luz-casal-dona-la-recaudacion-de-su-festival-como-colofon-a-la-buena-musica\/#breadcrumblist","itemListElement":[{"@type":"ListItem","@id":"https:\/\/www.eldigitaldeasturias.com\/noticias#listItem","position":1,"name":"Home","item":"https:\/\/www.eldigitaldeasturias.com\/noticias","nextItem":{"@type":"ListItem","@id":"https:\/\/www.eldigitaldeasturias.com\/noticias\/category\/revista-de-ocio\/#listItem","name":"Revista de Ocio"}},{"@type":"ListItem","@id":"https:\/\/www.eldigitaldeasturias.com\/noticias\/category\/revista-de-ocio\/#listItem","position":2,"name":"Revista de Ocio","item":"https:\/\/www.eldigitaldeasturias.com\/noticias\/category\/revista-de-ocio\/","nextItem":{"@type":"ListItem","@id":"https:\/\/www.eldigitaldeasturias.com\/noticias\/luz-casal-dona-la-recaudacion-de-su-festival-como-colofon-a-la-buena-musica\/#listItem","name":"Luz Casal dona la recaudaci\u00f3n de su festival como \u00abcolof\u00f3n\u00bb a la buena m\u00fasica"},"previousItem":{"@type":"ListItem","@id":"https:\/\/www.eldigitaldeasturias.com\/noticias#listItem","name":"Home"}},{"@type":"ListItem","@id":"https:\/\/www.eldigitaldeasturias.com\/noticias\/luz-casal-dona-la-recaudacion-de-su-festival-como-colofon-a-la-buena-musica\/#listItem","position":3,"name":"Luz Casal dona la recaudaci\u00f3n de su festival como \u00abcolof\u00f3n\u00bb a la buena m\u00fasica","previousItem":{"@type":"ListItem","@id":"https:\/\/www.eldigitaldeasturias.com\/noticias\/category\/revista-de-ocio\/#listItem","name":"Revista de Ocio"}}]},{"@type":"Organization","@id":"https:\/\/www.eldigitaldeasturias.com\/noticias\/#organization","name":"El Digital de Asturias","description":"Hemeroteca","url":"https:\/\/www.eldigitaldeasturias.com\/noticias\/","email":"info@eldigitaldeasturias.com","telephone":"+34652131393","logo":{"@type":"ImageObject","url":"https:\/\/www.eldigitaldeasturias.com\/noticias\/wp-content\/uploads\/2020\/12\/EDA.jpg","@id":"https:\/\/www.eldigitaldeasturias.com\/noticias\/luz-casal-dona-la-recaudacion-de-su-festival-como-colofon-a-la-buena-musica\/#organizationLogo"},"image":{"@id":"https:\/\/www.eldigitaldeasturias.com\/noticias\/luz-casal-dona-la-recaudacion-de-su-festival-como-colofon-a-la-buena-musica\/#organizationLogo"},"sameAs":["https:\/\/facebook.com\/eldigitaldeasturias","https:\/\/www.youtube.com\/channel\/UCZP-2wLEB9Rv6erhFmqVnvg"],"address":{"@id":"https:\/\/www.eldigitaldeasturias.com\/noticias\/#postaladdress","@type":"PostalAddress","streetAddress":"san antonio 4","postalCode":"33430","addressLocality":"Cand\u00e1s","addressRegion":"Asturias","addressCountry":"ES"}},{"@type":"Person","@id":"https:\/\/www.eldigitaldeasturias.com\/noticias\/author\/admin\/#author","url":"https:\/\/www.eldigitaldeasturias.com\/noticias\/author\/admin\/","name":"El Digital de Asturias","image":{"@type":"ImageObject","@id":"https:\/\/www.eldigitaldeasturias.com\/noticias\/luz-casal-dona-la-recaudacion-de-su-festival-como-colofon-a-la-buena-musica\/#authorImage","url":"https:\/\/secure.gravatar.com\/avatar\/df2aeffc32bcd13f8d26072ef8a91b623d677766deac7f97ca815868cd41bf5e?s=96&d=mm&r=g","width":96,"height":96,"caption":"El Digital de Asturias"}},{"@type":"WebPage","@id":"https:\/\/www.eldigitaldeasturias.com\/noticias\/luz-casal-dona-la-recaudacion-de-su-festival-como-colofon-a-la-buena-musica\/#webpage","url":"https:\/\/www.eldigitaldeasturias.com\/noticias\/luz-casal-dona-la-recaudacion-de-su-festival-como-colofon-a-la-buena-musica\/","name":"Luz Casal dona la recaudaci\u00f3n de su festival como \u00abcolof\u00f3n\u00bb a la buena m\u00fasica - El Digital de Asturias","description":"A Coru\u00f1a, 4 dic (EFE).- La cantante Luz Casal ha entregado hoy a la Federaci\u00f3n Gallega del Banco de Alimentos la donaci\u00f3n solidaria recaudada este a\u00f1o en la segunda edici\u00f3n del festival que lleva su nombre, un gesto que ha considerado, en una charla con Efe, el \"colof\u00f3n\" a un certamen \"\u00fanico\" que a\u00fana solidaridad","inLanguage":"es-ES","isPartOf":{"@id":"https:\/\/www.eldigitaldeasturias.com\/noticias\/#website"},"breadcrumb":{"@id":"https:\/\/www.eldigitaldeasturias.com\/noticias\/luz-casal-dona-la-recaudacion-de-su-festival-como-colofon-a-la-buena-musica\/#breadcrumblist"},"author":{"@id":"https:\/\/www.eldigitaldeasturias.com\/noticias\/author\/admin\/#author"},"creator":{"@id":"https:\/\/www.eldigitaldeasturias.com\/noticias\/author\/admin\/#author"},"image":{"@type":"ImageObject","url":457923,"@id":"https:\/\/www.eldigitaldeasturias.com\/noticias\/luz-casal-dona-la-recaudacion-de-su-festival-como-colofon-a-la-buena-musica\/#mainImage"},"primaryImageOfPage":{"@id":"https:\/\/www.eldigitaldeasturias.com\/noticias\/luz-casal-dona-la-recaudacion-de-su-festival-como-colofon-a-la-buena-musica\/#mainImage"},"datePublished":"2013-12-04T23:30:31+01:00","dateModified":"2013-12-04T23:30:31+01:00"},{"@type":"WebSite","@id":"https:\/\/www.eldigitaldeasturias.com\/noticias\/#website","url":"https:\/\/www.eldigitaldeasturias.com\/noticias\/","name":"El Digital de Asturias - Diario de actualidad y noticias","alternateName":"El Digital de Asturias - Diario de actualidad y noticias","description":"Hemeroteca","inLanguage":"es-ES","publisher":{"@id":"https:\/\/www.eldigitaldeasturias.com\/noticias\/#organization"}}]},"og:locale":"es_ES","og:site_name":"El Digital de Asturias","og:type":"article","og:title":"Luz Casal dona la recaudaci\u00f3n de su festival como \u00abcolof\u00f3n\u00bb a la buena m\u00fasica - El Digital de Asturias","og:description":"A Coru\u00f1a, 4 dic (EFE).- La cantante Luz Casal ha entregado hoy a la Federaci\u00f3n Gallega del Banco de Alimentos la donaci\u00f3n solidaria recaudada este a\u00f1o en la segunda edici\u00f3n del festival que lleva su nombre, un gesto que ha considerado, en una charla con Efe, el &quot;colof\u00f3n&quot; a un certamen &quot;\u00fanico&quot; que a\u00fana solidaridad","og:url":"https:\/\/www.eldigitaldeasturias.com\/noticias\/luz-casal-dona-la-recaudacion-de-su-festival-como-colofon-a-la-buena-musica\/","article:tag":["revista de ocio"],"article:published_time":"2013-12-05T00:30:31+00:00","article:modified_time":"2013-12-05T00:30:31+00:00","article:publisher":"https:\/\/facebook.com\/eldigitaldeasturias","twitter:card":"summary_large_image","twitter:title":"Luz Casal dona la recaudaci\u00f3n de su festival como \u00abcolof\u00f3n\u00bb a la buena m\u00fasica - El Digital de Asturias","twitter:description":"A Coru\u00f1a, 4 dic (EFE).- La cantante Luz Casal ha entregado hoy a la Federaci\u00f3n Gallega del Banco de Alimentos la donaci\u00f3n solidaria recaudada este a\u00f1o en la segunda edici\u00f3n del festival que lleva su nombre, un gesto que ha considerado, en una charla con Efe, el &quot;colof\u00f3n&quot; a un certamen &quot;\u00fanico&quot; que a\u00fana solidaridad","twitter:label1":"Escrito por","twitter:data1":"El Digital de Asturias","twitter:label2":"Tiempo de lectura estimado","twitter:data2":"3 minutos"},"aioseo_meta_data":{"post_id":"457922","title":null,"description":null,"keywords":null,"keyphrases":null,"primary_term":null,"canonical_url":null,"og_title":null,"og_description":null,"og_object_type":"default","og_image_type":"default","og_image_url":null,"og_image_width":null,"og_image_height":null,"og_image_custom_url":null,"og_image_custom_fields":null,"og_video":null,"og_custom_url":null,"og_article_section":null,"og_article_tags":null,"twitter_use_og":true,"twitter_card":"default","twitter_image_type":"default","twitter_image_url":null,"twitter_image_custom_url":null,"twitter_image_custom_fields":null,"twitter_title":null,"twitter_description":null,"schema":{"blockGraphs":[],"customGraphs":[],"default":{"data":{"Article":[],"Course":[],"Dataset":[],"FAQPage":[],"Movie":[],"Person":[],"Product":[],"ProductReview":[],"Car":[],"Recipe":[],"Service":[],"SoftwareApplication":[],"WebPage":[]},"graphName":"","isEnabled":true},"graphs":[],"defaultGraph":"","defaultPostTypeGraph":""},"schema_type":null,"schema_type_options":null,"pillar_content":false,"robots_default":true,"robots_noindex":false,"robots_noarchive":false,"robots_nosnippet":false,"robots_nofollow":false,"robots_noimageindex":false,"robots_noodp":false,"robots_notranslate":false,"robots_max_snippet":null,"robots_max_videopreview":null,"robots_max_imagepreview":"none","priority":null,"frequency":null,"local_seo":null,"seo_analyzer_scan_date":"2026-05-30 03:42:12","breadcrumb_settings":null,"limit_modified_date":false,"open_ai":null,"ai":null,"created":"2020-11-14 22:46:13","updated":"2026-05-30 03:42:12","focus_keyword":null,"additional_keywords":null,"truseo_locale":null},"aioseo_breadcrumb":"<div class=\"aioseo-breadcrumbs\"><span class=\"aioseo-breadcrumb\">\n\t<a href=\"https:\/\/www.eldigitaldeasturias.com\/noticias\" title=\"Home\">Home<\/a>\n<\/span><span class=\"aioseo-breadcrumb-separator\">\u2013<\/span><span class=\"aioseo-breadcrumb\">\n\t<a href=\"https:\/\/www.eldigitaldeasturias.com\/noticias\/category\/revista-de-ocio\/\" title=\"Revista de Ocio\">Revista de Ocio<\/a>\n<\/span><span class=\"aioseo-breadcrumb-separator\">\u2013<\/span><span class=\"aioseo-breadcrumb\">\n\t<a href=\"https:\/\/www.eldigitaldeasturias.com\/noticias\/luz-casal-dona-la-recaudacion-de-su-festival-como-colofon-a-la-buena-musica\/\" title=\"Luz Casal dona la recaudaci\u00f3n de su festival como \u00abcolof\u00f3n\u00bb a la buena m\u00fasica\">Luz Casal dona la recaudaci\u00f3n de su festival como \u00abcolof\u00f3n\u00bb a la buena m\u00fasica<\/a>\n<\/span><\/div>","aioseo_breadcrumb_json":[{"label":"Home","link":"https:\/\/www.eldigitaldeasturias.com\/noticias"},{"label":"Revista de Ocio","link":"https:\/\/www.eldigitaldeasturias.com\/noticias\/category\/revista-de-ocio\/"},{"label":"Luz Casal dona la recaudaci\u00f3n de su festival como \u00abcolof\u00f3n\u00bb a la buena m\u00fasica","link":"https:\/\/www.eldigitaldeasturias.com\/noticias\/luz-casal-dona-la-recaudacion-de-su-festival-como-colofon-a-la-buena-musica\/"}],"_links":{"self":[{"href":"https:\/\/www.eldigitaldeasturias.com\/noticias\/wp-json\/wp\/v2\/posts\/457922","targetHints":{"allow":["GET"]}}],"collection":[{"href":"https:\/\/www.eldigitaldeasturias.com\/noticias\/wp-json\/wp\/v2\/posts"}],"about":[{"href":"https:\/\/www.eldigitaldeasturias.com\/noticias\/wp-json\/wp\/v2\/types\/post"}],"author":[{"embeddable":true,"href":"https:\/\/www.eldigitaldeasturias.com\/noticias\/wp-json\/wp\/v2\/users\/1"}],"replies":[{"embeddable":true,"href":"https:\/\/www.eldigitaldeasturias.com\/noticias\/wp-json\/wp\/v2\/comments?post=457922"}],"version-history":[{"count":0,"href":"https:\/\/www.eldigitaldeasturias.com\/noticias\/wp-json\/wp\/v2\/posts\/457922\/revisions"}],"wp:attachment":[{"href":"https:\/\/www.eldigitaldeasturias.com\/noticias\/wp-json\/wp\/v2\/media?parent=457922"}],"wp:term":[{"taxonomy":"category","embeddable":true,"href":"https:\/\/www.eldigitaldeasturias.com\/noticias\/wp-json\/wp\/v2\/categories?post=457922"},{"taxonomy":"post_tag","embeddable":true,"href":"https:\/\/www.eldigitaldeasturias.com\/noticias\/wp-json\/wp\/v2\/tags?post=457922"}],"curies":[{"name":"wp","href":"https:\/\/api.w.org\/{rel}","templated":true}]}}