{"id":457916,"date":"2013-12-04T23:25:35","date_gmt":"2013-12-05T00:25:35","guid":{"rendered":"http:\/\/www.eldigitaldeasturias.com\/noticias\/?p=457916"},"modified":"2013-12-04T23:25:35","modified_gmt":"2013-12-05T00:25:35","slug":"matas-proclama-su-inocencia-ante-el-fiscal-empenado-en-probar-que-miente","status":"publish","type":"post","link":"https:\/\/www.eldigitaldeasturias.com\/noticias\/matas-proclama-su-inocencia-ante-el-fiscal-empenado-en-probar-que-miente\/","title":{"rendered":"Matas proclama su \u00abinocencia\u00bb ante el fiscal, empe\u00f1ado en probar que \u00abmiente\u00bb"},"content":{"rendered":"<p><img loading=\"lazy\" decoding=\"async\" class=\"alignleft size-medium wp-image-457917\" alt=\"5771398w\" src=\"https:\/\/www.eldigitaldeasturias.com\/noticias\/wp-content\/uploads\/2013\/12\/5771398w-360x272.jpg\" width=\"360\" height=\"272\" \/>Palma, 4 dic (EFE).- El expresidente balear Jaume Matas ha proclamado hoy su \u00abinocencia\u00bb, tanto de la acusaci\u00f3n de cohecho por la que se le ha juzgado desde el lunes, como en la veintena de piezas del caso Palma Arena en las que est\u00e1 imputado a petici\u00f3n del fiscal anticorrupci\u00f3n Pedro Horrach, quien est\u00e1 convencido de que \u00abmiente\u00bb.<\/p>\n<p>\u00abTengo la conciencia tranquila, quiero seguir demostrando mi inocencia\u00bb, ha afirmado Matas para cerrar el juicio con jurado por haber exigido presuntamente a un hotelero que contratara a su mujer, Maite Areal, por 42.000 euros anuales sin que ella hiciera a cambio trabajo alguno.<\/p>\n<p>El exministro de Medio Ambiente, que ha defendido que pidi\u00f3 al hotelero un favor como amigo, ha aprovechado su intervenci\u00f3n para defender su honestidad en este caso y en el resto de los procesos judiciales en los que est\u00e1 involucrado, incluido el que le supuso una condena firme de 9 meses de prisi\u00f3n por tr\u00e1fico de influencias.<\/p>\n<p>\u00abHe podido demostrar que el 95 % de las acusaciones contra m\u00ed no correspond\u00edan a la realidad\u00bb, ha afirmado en alusi\u00f3n a la rebaja a nueve meses por parte del Tribunal Supremo de la pena de seis a\u00f1os que inicialmente le impuso la Audiencia de Palma por la primera pieza juzgada del caso Palma Arena.<\/p>\n<p>Pero el fiscal Pedro Horrach, que sostiene la acusaci\u00f3n p\u00fablica en todos los procesos del caso Palma Arena, incluido el caso N\u00f3os, ha afirmado en sus conclusiones que todos los testimonios y pruebas aportados en el juicio por cohecho demuestran que \u00abmiente Matas y miente su mujer\u00bb.<\/p>\n<p>El acusador p\u00fablico, que al inicio de la vista describi\u00f3 la \u00faltima legislatura en la que gobern\u00f3 el exministro como un periodo dominado por los abusos de pol\u00edticos que se cre\u00edan \u00absemidioses\u00bb, ha instado hoy al jurado a \u00abno tolerar\u00bb la utilizaci\u00f3n del cargo de presidente auton\u00f3mico para \u00abexigir una comisi\u00f3n en especie\u00bb de \u00abmodo sibilino\u00bb.<\/p>\n<p>A las 14.00 horas el juez Juan Jim\u00e9nez, que ha dirigido el juicio de esta sexta pieza del caso Palma Arena, ha entregado el objeto del veredicto al jurado popular, desde ese momento incomunicado para deliberar sobre la inocencia o culpabilidad de Jaume Matas, al que la Fiscal\u00eda demanda una multa de 9.000 euros.<\/p>\n<p>Los nueve integrantes del jurado tendr\u00e1n que sopesar las pruebas y testimonios de las dos jornadas previas y los argumentos expuestos esta ma\u00f1ana por Horrach y el defensor de Matas, Miquel Arbona, que ha planteado que tanto el hotelero que contrat\u00f3 a Areal en 2007 como su anterior patr\u00f3n en una asesor\u00eda fiscal y laboral han afirmado que lo hicieron por \u00abamistad\u00bb, luego no hay delito.<\/p>\n<p>Arbona, que reclama la libre absoluci\u00f3n, ha recordado al jurado que su funci\u00f3n es juzgar los hechos que se atribuyen a su cliente y no \u00abajustar cuentas con nadie, ni hacer pagar al se\u00f1or Matas ni por la crisis, ni por otros pol\u00edticos\u00bb.<\/p>\n<p>\u00abSe trata de decidir si el contrato que se firm\u00f3 era cierto o no\u00bb, algo para lo que debe ser definitivo el testimonio de Ramis, quien declar\u00f3 que era amigo de Matas y que por ello dio trabajo a su esposa.<\/p>\n<p>Arbona ha rebatido tambi\u00e9n que los testigos que refuerzan sus tesis hayan mentido, como ha sostenido la Fiscal\u00eda, puesto que nada tienen que perder diciendo la supuesta verdad y nada que temer de Matas, un hombre cuya \u00abcarrera pol\u00edtica no es que est\u00e9 acabada, es que est\u00e1 absolutamente enterrada\u00bb.<\/p>\n<p>Para el fiscal, por contra, para el hotelero darle trabajo a la mujer del entonces presidente constitu\u00eda \u00abuna inversi\u00f3n privada para captar dinero p\u00fablico\u00bb, algo que justifica que la despidiera despu\u00e9s de que el PP perdi\u00f3 la mayor\u00eda absoluta en los comicios regionales de 2007.<\/p>\n<p>\u00abSi Matas hubiera ganado las elecciones ella habr\u00eda seguido siendo la supuesta relaciones p\u00fablicas del hotel Valpara\u00edso\u00bb, ha insistido el acusador p\u00fablico, que ha recordado que entre 2000 y 2007 el establecimiento factur\u00f3 400.000 euros a instituciones gobernadas por el PP y al propio partido.<\/p>\n<p>Tambi\u00e9n ha expuesto al jurado que en toda su experiencia laboral despu\u00e9s de ejercer de maestra, Areal \u00ablo \u00fanico que puede vender es que es la mujer del se\u00f1or Matas\u00bb y los contactos como relaciones p\u00fablicas de los que ha dado cuenta en el juicio est\u00e1n todos ligados al entorno pol\u00edtico de su marido.<\/p>\n","protected":false},"excerpt":{"rendered":"<p>Palma, 4 dic (EFE).- El expresidente balear Jaume Matas ha proclamado hoy su \u00abinocencia\u00bb, tanto de la acusaci\u00f3n de cohecho por la que se le ha juzgado desde el lunes, como en la veintena de piezas del caso Palma Arena en las que est\u00e1 imputado a petici\u00f3n del fiscal anticorrupci\u00f3n Pedro Horrach, quien est\u00e1 convencido [&hellip;]<\/p>\n","protected":false},"author":1,"featured_media":457917,"comment_status":"closed","ping_status":"open","sticky":false,"template":"","format":"standard","meta":{"footnotes":""},"categories":[5],"tags":[],"class_list":["post-457916","post","type-post","status-publish","format-standard","has-post-thumbnail","hentry","category-sucesos"],"aioseo_notices":[],"aioseo_head":"\n\t\t<!-- All in One SEO Pro 5.0.1 - aioseo.com -->\n\t<meta name=\"description\" content=\"Palma, 4 dic (EFE).- El expresidente balear Jaume Matas ha proclamado hoy su &quot;inocencia&quot;, tanto de la acusaci\u00f3n de cohecho por la que se le ha juzgado desde el lunes, como en la veintena de piezas del caso Palma Arena en las que est\u00e1 imputado a petici\u00f3n del fiscal anticorrupci\u00f3n Pedro Horrach, quien est\u00e1 convencido\" \/>\n\t<meta name=\"robots\" content=\"max-image-preview:large\" \/>\n\t<meta name=\"author\" content=\"El Digital de Asturias\"\/>\n\t<meta name=\"google-site-verification\" content=\"UA-38556648-1\" \/>\n\t<meta name=\"msvalidate.01\" content=\"7dfe9f3f1b24437ab69f4f2559babe99\" \/>\n\t<meta name=\"keywords\" content=\"sucesos\" \/>\n\t<link rel=\"canonical\" href=\"https:\/\/www.eldigitaldeasturias.com\/noticias\/matas-proclama-su-inocencia-ante-el-fiscal-empenado-en-probar-que-miente\/\" \/>\n\t<meta name=\"generator\" content=\"All in One SEO Pro (AIOSEO) 5.0.1\" \/>\n\t\t<meta property=\"og:locale\" content=\"es_ES\" \/>\n\t\t<meta property=\"og:site_name\" content=\"El Digital de Asturias\" \/>\n\t\t<meta property=\"og:type\" content=\"article\" \/>\n\t\t<meta property=\"og:title\" content=\"Matas proclama su \u00abinocencia\u00bb ante el fiscal, empe\u00f1ado en probar que \u00abmiente\u00bb - El Digital de Asturias\" \/>\n\t\t<meta property=\"og:description\" content=\"Palma, 4 dic (EFE).- El expresidente balear Jaume Matas ha proclamado hoy su &quot;inocencia&quot;, tanto de la acusaci\u00f3n de cohecho por la que se le ha juzgado desde el lunes, como en la veintena de piezas del caso Palma Arena en las que est\u00e1 imputado a petici\u00f3n del fiscal anticorrupci\u00f3n Pedro Horrach, quien est\u00e1 convencido\" \/>\n\t\t<meta property=\"og:url\" content=\"https:\/\/www.eldigitaldeasturias.com\/noticias\/matas-proclama-su-inocencia-ante-el-fiscal-empenado-en-probar-que-miente\/\" \/>\n\t\t<meta property=\"article:tag\" content=\"sucesos\" \/>\n\t\t<meta property=\"article:published_time\" content=\"2013-12-05T00:25:35+00:00\" \/>\n\t\t<meta property=\"article:modified_time\" content=\"2013-12-05T00:25:35+00:00\" \/>\n\t\t<meta property=\"article:publisher\" content=\"https:\/\/facebook.com\/eldigitaldeasturias\" \/>\n\t\t<meta name=\"twitter:card\" content=\"summary_large_image\" \/>\n\t\t<meta name=\"twitter:title\" content=\"Matas proclama su \u00abinocencia\u00bb ante el fiscal, empe\u00f1ado en probar que \u00abmiente\u00bb - El Digital de Asturias\" \/>\n\t\t<meta name=\"twitter:description\" content=\"Palma, 4 dic (EFE).- El expresidente balear Jaume Matas ha proclamado hoy su &quot;inocencia&quot;, tanto de la acusaci\u00f3n de cohecho por la que se le ha juzgado desde el lunes, como en la veintena de piezas del caso Palma Arena en las que est\u00e1 imputado a petici\u00f3n del fiscal anticorrupci\u00f3n Pedro Horrach, quien est\u00e1 convencido\" \/>\n\t\t<meta name=\"twitter:label1\" content=\"Escrito por\" \/>\n\t\t<meta name=\"twitter:data1\" content=\"El Digital de Asturias\" \/>\n\t\t<meta name=\"twitter:label2\" content=\"Tiempo de lectura estimado\" \/>\n\t\t<meta name=\"twitter:data2\" content=\"4 minutos\" \/>\n\t\t<script type=\"application\/ld+json\" class=\"aioseo-schema\">\n\t\t\t{\"@context\":\"https:\\\/\\\/schema.org\",\"@graph\":[{\"@type\":\"BlogPosting\",\"@id\":\"https:\\\/\\\/www.eldigitaldeasturias.com\\\/noticias\\\/matas-proclama-su-inocencia-ante-el-fiscal-empenado-en-probar-que-miente\\\/#blogposting\",\"name\":\"Matas proclama su \\u00abinocencia\\u00bb ante el fiscal, empe\\u00f1ado en probar que \\u00abmiente\\u00bb - El Digital de Asturias\",\"headline\":\"Matas proclama su \\u00abinocencia\\u00bb ante el fiscal, empe\\u00f1ado en probar que \\u00abmiente\\u00bb\",\"author\":{\"@id\":\"https:\\\/\\\/www.eldigitaldeasturias.com\\\/noticias\\\/author\\\/admin\\\/#author\"},\"publisher\":{\"@id\":\"https:\\\/\\\/www.eldigitaldeasturias.com\\\/noticias\\\/#organization\"},\"image\":{\"@type\":\"ImageObject\",\"url\":457917},\"datePublished\":\"2013-12-04T23:25:35+01:00\",\"dateModified\":\"2013-12-04T23:25:35+01:00\",\"inLanguage\":\"es-ES\",\"mainEntityOfPage\":{\"@id\":\"https:\\\/\\\/www.eldigitaldeasturias.com\\\/noticias\\\/matas-proclama-su-inocencia-ante-el-fiscal-empenado-en-probar-que-miente\\\/#webpage\"},\"isPartOf\":{\"@id\":\"https:\\\/\\\/www.eldigitaldeasturias.com\\\/noticias\\\/matas-proclama-su-inocencia-ante-el-fiscal-empenado-en-probar-que-miente\\\/#webpage\"},\"articleSection\":\"Sucesos\"},{\"@type\":\"BreadcrumbList\",\"@id\":\"https:\\\/\\\/www.eldigitaldeasturias.com\\\/noticias\\\/matas-proclama-su-inocencia-ante-el-fiscal-empenado-en-probar-que-miente\\\/#breadcrumblist\",\"itemListElement\":[{\"@type\":\"ListItem\",\"@id\":\"https:\\\/\\\/www.eldigitaldeasturias.com\\\/noticias#listItem\",\"position\":1,\"name\":\"Home\",\"item\":\"https:\\\/\\\/www.eldigitaldeasturias.com\\\/noticias\",\"nextItem\":{\"@type\":\"ListItem\",\"@id\":\"https:\\\/\\\/www.eldigitaldeasturias.com\\\/noticias\\\/category\\\/sucesos\\\/#listItem\",\"name\":\"Sucesos\"}},{\"@type\":\"ListItem\",\"@id\":\"https:\\\/\\\/www.eldigitaldeasturias.com\\\/noticias\\\/category\\\/sucesos\\\/#listItem\",\"position\":2,\"name\":\"Sucesos\",\"item\":\"https:\\\/\\\/www.eldigitaldeasturias.com\\\/noticias\\\/category\\\/sucesos\\\/\",\"nextItem\":{\"@type\":\"ListItem\",\"@id\":\"https:\\\/\\\/www.eldigitaldeasturias.com\\\/noticias\\\/matas-proclama-su-inocencia-ante-el-fiscal-empenado-en-probar-que-miente\\\/#listItem\",\"name\":\"Matas proclama su \\u00abinocencia\\u00bb ante el fiscal, empe\\u00f1ado en probar que \\u00abmiente\\u00bb\"},\"previousItem\":{\"@type\":\"ListItem\",\"@id\":\"https:\\\/\\\/www.eldigitaldeasturias.com\\\/noticias#listItem\",\"name\":\"Home\"}},{\"@type\":\"ListItem\",\"@id\":\"https:\\\/\\\/www.eldigitaldeasturias.com\\\/noticias\\\/matas-proclama-su-inocencia-ante-el-fiscal-empenado-en-probar-que-miente\\\/#listItem\",\"position\":3,\"name\":\"Matas proclama su \\u00abinocencia\\u00bb ante el fiscal, empe\\u00f1ado en probar que \\u00abmiente\\u00bb\",\"previousItem\":{\"@type\":\"ListItem\",\"@id\":\"https:\\\/\\\/www.eldigitaldeasturias.com\\\/noticias\\\/category\\\/sucesos\\\/#listItem\",\"name\":\"Sucesos\"}}]},{\"@type\":\"Organization\",\"@id\":\"https:\\\/\\\/www.eldigitaldeasturias.com\\\/noticias\\\/#organization\",\"name\":\"El Digital de Asturias\",\"description\":\"Hemeroteca\",\"url\":\"https:\\\/\\\/www.eldigitaldeasturias.com\\\/noticias\\\/\",\"email\":\"info@eldigitaldeasturias.com\",\"telephone\":\"+34652131393\",\"logo\":{\"@type\":\"ImageObject\",\"url\":\"https:\\\/\\\/www.eldigitaldeasturias.com\\\/noticias\\\/wp-content\\\/uploads\\\/2020\\\/12\\\/EDA.jpg\",\"@id\":\"https:\\\/\\\/www.eldigitaldeasturias.com\\\/noticias\\\/matas-proclama-su-inocencia-ante-el-fiscal-empenado-en-probar-que-miente\\\/#organizationLogo\"},\"image\":{\"@id\":\"https:\\\/\\\/www.eldigitaldeasturias.com\\\/noticias\\\/matas-proclama-su-inocencia-ante-el-fiscal-empenado-en-probar-que-miente\\\/#organizationLogo\"},\"sameAs\":[\"https:\\\/\\\/facebook.com\\\/eldigitaldeasturias\",\"https:\\\/\\\/www.youtube.com\\\/channel\\\/UCZP-2wLEB9Rv6erhFmqVnvg\"],\"address\":{\"@id\":\"https:\\\/\\\/www.eldigitaldeasturias.com\\\/noticias\\\/#postaladdress\",\"@type\":\"PostalAddress\",\"streetAddress\":\"san antonio 4\",\"postalCode\":\"33430\",\"addressLocality\":\"Cand\\u00e1s\",\"addressRegion\":\"Asturias\",\"addressCountry\":\"ES\"}},{\"@type\":\"Person\",\"@id\":\"https:\\\/\\\/www.eldigitaldeasturias.com\\\/noticias\\\/author\\\/admin\\\/#author\",\"url\":\"https:\\\/\\\/www.eldigitaldeasturias.com\\\/noticias\\\/author\\\/admin\\\/\",\"name\":\"El Digital de Asturias\",\"image\":{\"@type\":\"ImageObject\",\"@id\":\"https:\\\/\\\/www.eldigitaldeasturias.com\\\/noticias\\\/matas-proclama-su-inocencia-ante-el-fiscal-empenado-en-probar-que-miente\\\/#authorImage\",\"url\":\"https:\\\/\\\/secure.gravatar.com\\\/avatar\\\/df2aeffc32bcd13f8d26072ef8a91b623d677766deac7f97ca815868cd41bf5e?s=96&d=mm&r=g\",\"width\":96,\"height\":96,\"caption\":\"El Digital de Asturias\"}},{\"@type\":\"WebPage\",\"@id\":\"https:\\\/\\\/www.eldigitaldeasturias.com\\\/noticias\\\/matas-proclama-su-inocencia-ante-el-fiscal-empenado-en-probar-que-miente\\\/#webpage\",\"url\":\"https:\\\/\\\/www.eldigitaldeasturias.com\\\/noticias\\\/matas-proclama-su-inocencia-ante-el-fiscal-empenado-en-probar-que-miente\\\/\",\"name\":\"Matas proclama su \\u00abinocencia\\u00bb ante el fiscal, empe\\u00f1ado en probar que \\u00abmiente\\u00bb - El Digital de Asturias\",\"description\":\"Palma, 4 dic (EFE).- El expresidente balear Jaume Matas ha proclamado hoy su \\\"inocencia\\\", tanto de la acusaci\\u00f3n de cohecho por la que se le ha juzgado desde el lunes, como en la veintena de piezas del caso Palma Arena en las que est\\u00e1 imputado a petici\\u00f3n del fiscal anticorrupci\\u00f3n Pedro Horrach, quien est\\u00e1 convencido\",\"inLanguage\":\"es-ES\",\"isPartOf\":{\"@id\":\"https:\\\/\\\/www.eldigitaldeasturias.com\\\/noticias\\\/#website\"},\"breadcrumb\":{\"@id\":\"https:\\\/\\\/www.eldigitaldeasturias.com\\\/noticias\\\/matas-proclama-su-inocencia-ante-el-fiscal-empenado-en-probar-que-miente\\\/#breadcrumblist\"},\"author\":{\"@id\":\"https:\\\/\\\/www.eldigitaldeasturias.com\\\/noticias\\\/author\\\/admin\\\/#author\"},\"creator\":{\"@id\":\"https:\\\/\\\/www.eldigitaldeasturias.com\\\/noticias\\\/author\\\/admin\\\/#author\"},\"image\":{\"@type\":\"ImageObject\",\"url\":457917,\"@id\":\"https:\\\/\\\/www.eldigitaldeasturias.com\\\/noticias\\\/matas-proclama-su-inocencia-ante-el-fiscal-empenado-en-probar-que-miente\\\/#mainImage\"},\"primaryImageOfPage\":{\"@id\":\"https:\\\/\\\/www.eldigitaldeasturias.com\\\/noticias\\\/matas-proclama-su-inocencia-ante-el-fiscal-empenado-en-probar-que-miente\\\/#mainImage\"},\"datePublished\":\"2013-12-04T23:25:35+01:00\",\"dateModified\":\"2013-12-04T23:25:35+01:00\"},{\"@type\":\"WebSite\",\"@id\":\"https:\\\/\\\/www.eldigitaldeasturias.com\\\/noticias\\\/#website\",\"url\":\"https:\\\/\\\/www.eldigitaldeasturias.com\\\/noticias\\\/\",\"name\":\"El Digital de Asturias - Diario de actualidad y noticias\",\"alternateName\":\"El Digital de Asturias - Diario de actualidad y noticias\",\"description\":\"Hemeroteca\",\"inLanguage\":\"es-ES\",\"publisher\":{\"@id\":\"https:\\\/\\\/www.eldigitaldeasturias.com\\\/noticias\\\/#organization\"}}]}\n\t\t<\/script>\n\t\t<!-- All in One SEO Pro -->\r\n\t\t<title>Matas proclama su \u00abinocencia\u00bb ante el fiscal, empe\u00f1ado en probar que \u00abmiente\u00bb - El Digital de Asturias<\/title>\n\n","aioseo_head_json":{"title":"Matas proclama su \u00abinocencia\u00bb ante el fiscal, empe\u00f1ado en probar que \u00abmiente\u00bb - El Digital de Asturias","description":"Palma, 4 dic (EFE).- El expresidente balear Jaume Matas ha proclamado hoy su \"inocencia\", tanto de la acusaci\u00f3n de cohecho por la que se le ha juzgado desde el lunes, como en la veintena de piezas del caso Palma Arena en las que est\u00e1 imputado a petici\u00f3n del fiscal anticorrupci\u00f3n Pedro Horrach, quien est\u00e1 convencido","canonical_url":"https:\/\/www.eldigitaldeasturias.com\/noticias\/matas-proclama-su-inocencia-ante-el-fiscal-empenado-en-probar-que-miente\/","robots":"max-image-preview:large","keywords":"sucesos","webmasterTools":{"google-site-verification":"UA-38556648-1","msvalidate.01":"7dfe9f3f1b24437ab69f4f2559babe99","miscellaneous":""},"schema":{"@context":"https:\/\/schema.org","@graph":[{"@type":"BlogPosting","@id":"https:\/\/www.eldigitaldeasturias.com\/noticias\/matas-proclama-su-inocencia-ante-el-fiscal-empenado-en-probar-que-miente\/#blogposting","name":"Matas proclama su \u00abinocencia\u00bb ante el fiscal, empe\u00f1ado en probar que \u00abmiente\u00bb - El Digital de Asturias","headline":"Matas proclama su \u00abinocencia\u00bb ante el fiscal, empe\u00f1ado en probar que \u00abmiente\u00bb","author":{"@id":"https:\/\/www.eldigitaldeasturias.com\/noticias\/author\/admin\/#author"},"publisher":{"@id":"https:\/\/www.eldigitaldeasturias.com\/noticias\/#organization"},"image":{"@type":"ImageObject","url":457917},"datePublished":"2013-12-04T23:25:35+01:00","dateModified":"2013-12-04T23:25:35+01:00","inLanguage":"es-ES","mainEntityOfPage":{"@id":"https:\/\/www.eldigitaldeasturias.com\/noticias\/matas-proclama-su-inocencia-ante-el-fiscal-empenado-en-probar-que-miente\/#webpage"},"isPartOf":{"@id":"https:\/\/www.eldigitaldeasturias.com\/noticias\/matas-proclama-su-inocencia-ante-el-fiscal-empenado-en-probar-que-miente\/#webpage"},"articleSection":"Sucesos"},{"@type":"BreadcrumbList","@id":"https:\/\/www.eldigitaldeasturias.com\/noticias\/matas-proclama-su-inocencia-ante-el-fiscal-empenado-en-probar-que-miente\/#breadcrumblist","itemListElement":[{"@type":"ListItem","@id":"https:\/\/www.eldigitaldeasturias.com\/noticias#listItem","position":1,"name":"Home","item":"https:\/\/www.eldigitaldeasturias.com\/noticias","nextItem":{"@type":"ListItem","@id":"https:\/\/www.eldigitaldeasturias.com\/noticias\/category\/sucesos\/#listItem","name":"Sucesos"}},{"@type":"ListItem","@id":"https:\/\/www.eldigitaldeasturias.com\/noticias\/category\/sucesos\/#listItem","position":2,"name":"Sucesos","item":"https:\/\/www.eldigitaldeasturias.com\/noticias\/category\/sucesos\/","nextItem":{"@type":"ListItem","@id":"https:\/\/www.eldigitaldeasturias.com\/noticias\/matas-proclama-su-inocencia-ante-el-fiscal-empenado-en-probar-que-miente\/#listItem","name":"Matas proclama su \u00abinocencia\u00bb ante el fiscal, empe\u00f1ado en probar que \u00abmiente\u00bb"},"previousItem":{"@type":"ListItem","@id":"https:\/\/www.eldigitaldeasturias.com\/noticias#listItem","name":"Home"}},{"@type":"ListItem","@id":"https:\/\/www.eldigitaldeasturias.com\/noticias\/matas-proclama-su-inocencia-ante-el-fiscal-empenado-en-probar-que-miente\/#listItem","position":3,"name":"Matas proclama su \u00abinocencia\u00bb ante el fiscal, empe\u00f1ado en probar que \u00abmiente\u00bb","previousItem":{"@type":"ListItem","@id":"https:\/\/www.eldigitaldeasturias.com\/noticias\/category\/sucesos\/#listItem","name":"Sucesos"}}]},{"@type":"Organization","@id":"https:\/\/www.eldigitaldeasturias.com\/noticias\/#organization","name":"El Digital de Asturias","description":"Hemeroteca","url":"https:\/\/www.eldigitaldeasturias.com\/noticias\/","email":"info@eldigitaldeasturias.com","telephone":"+34652131393","logo":{"@type":"ImageObject","url":"https:\/\/www.eldigitaldeasturias.com\/noticias\/wp-content\/uploads\/2020\/12\/EDA.jpg","@id":"https:\/\/www.eldigitaldeasturias.com\/noticias\/matas-proclama-su-inocencia-ante-el-fiscal-empenado-en-probar-que-miente\/#organizationLogo"},"image":{"@id":"https:\/\/www.eldigitaldeasturias.com\/noticias\/matas-proclama-su-inocencia-ante-el-fiscal-empenado-en-probar-que-miente\/#organizationLogo"},"sameAs":["https:\/\/facebook.com\/eldigitaldeasturias","https:\/\/www.youtube.com\/channel\/UCZP-2wLEB9Rv6erhFmqVnvg"],"address":{"@id":"https:\/\/www.eldigitaldeasturias.com\/noticias\/#postaladdress","@type":"PostalAddress","streetAddress":"san antonio 4","postalCode":"33430","addressLocality":"Cand\u00e1s","addressRegion":"Asturias","addressCountry":"ES"}},{"@type":"Person","@id":"https:\/\/www.eldigitaldeasturias.com\/noticias\/author\/admin\/#author","url":"https:\/\/www.eldigitaldeasturias.com\/noticias\/author\/admin\/","name":"El Digital de Asturias","image":{"@type":"ImageObject","@id":"https:\/\/www.eldigitaldeasturias.com\/noticias\/matas-proclama-su-inocencia-ante-el-fiscal-empenado-en-probar-que-miente\/#authorImage","url":"https:\/\/secure.gravatar.com\/avatar\/df2aeffc32bcd13f8d26072ef8a91b623d677766deac7f97ca815868cd41bf5e?s=96&d=mm&r=g","width":96,"height":96,"caption":"El Digital de Asturias"}},{"@type":"WebPage","@id":"https:\/\/www.eldigitaldeasturias.com\/noticias\/matas-proclama-su-inocencia-ante-el-fiscal-empenado-en-probar-que-miente\/#webpage","url":"https:\/\/www.eldigitaldeasturias.com\/noticias\/matas-proclama-su-inocencia-ante-el-fiscal-empenado-en-probar-que-miente\/","name":"Matas proclama su \u00abinocencia\u00bb ante el fiscal, empe\u00f1ado en probar que \u00abmiente\u00bb - El Digital de Asturias","description":"Palma, 4 dic (EFE).- El expresidente balear Jaume Matas ha proclamado hoy su \"inocencia\", tanto de la acusaci\u00f3n de cohecho por la que se le ha juzgado desde el lunes, como en la veintena de piezas del caso Palma Arena en las que est\u00e1 imputado a petici\u00f3n del fiscal anticorrupci\u00f3n Pedro Horrach, quien est\u00e1 convencido","inLanguage":"es-ES","isPartOf":{"@id":"https:\/\/www.eldigitaldeasturias.com\/noticias\/#website"},"breadcrumb":{"@id":"https:\/\/www.eldigitaldeasturias.com\/noticias\/matas-proclama-su-inocencia-ante-el-fiscal-empenado-en-probar-que-miente\/#breadcrumblist"},"author":{"@id":"https:\/\/www.eldigitaldeasturias.com\/noticias\/author\/admin\/#author"},"creator":{"@id":"https:\/\/www.eldigitaldeasturias.com\/noticias\/author\/admin\/#author"},"image":{"@type":"ImageObject","url":457917,"@id":"https:\/\/www.eldigitaldeasturias.com\/noticias\/matas-proclama-su-inocencia-ante-el-fiscal-empenado-en-probar-que-miente\/#mainImage"},"primaryImageOfPage":{"@id":"https:\/\/www.eldigitaldeasturias.com\/noticias\/matas-proclama-su-inocencia-ante-el-fiscal-empenado-en-probar-que-miente\/#mainImage"},"datePublished":"2013-12-04T23:25:35+01:00","dateModified":"2013-12-04T23:25:35+01:00"},{"@type":"WebSite","@id":"https:\/\/www.eldigitaldeasturias.com\/noticias\/#website","url":"https:\/\/www.eldigitaldeasturias.com\/noticias\/","name":"El Digital de Asturias - Diario de actualidad y noticias","alternateName":"El Digital de Asturias - Diario de actualidad y noticias","description":"Hemeroteca","inLanguage":"es-ES","publisher":{"@id":"https:\/\/www.eldigitaldeasturias.com\/noticias\/#organization"}}]},"og:locale":"es_ES","og:site_name":"El Digital de Asturias","og:type":"article","og:title":"Matas proclama su \u00abinocencia\u00bb ante el fiscal, empe\u00f1ado en probar que \u00abmiente\u00bb - El Digital de Asturias","og:description":"Palma, 4 dic (EFE).- El expresidente balear Jaume Matas ha proclamado hoy su &quot;inocencia&quot;, tanto de la acusaci\u00f3n de cohecho por la que se le ha juzgado desde el lunes, como en la veintena de piezas del caso Palma Arena en las que est\u00e1 imputado a petici\u00f3n del fiscal anticorrupci\u00f3n Pedro Horrach, quien est\u00e1 convencido","og:url":"https:\/\/www.eldigitaldeasturias.com\/noticias\/matas-proclama-su-inocencia-ante-el-fiscal-empenado-en-probar-que-miente\/","article:tag":["sucesos"],"article:published_time":"2013-12-05T00:25:35+00:00","article:modified_time":"2013-12-05T00:25:35+00:00","article:publisher":"https:\/\/facebook.com\/eldigitaldeasturias","twitter:card":"summary_large_image","twitter:title":"Matas proclama su \u00abinocencia\u00bb ante el fiscal, empe\u00f1ado en probar que \u00abmiente\u00bb - El Digital de Asturias","twitter:description":"Palma, 4 dic (EFE).- El expresidente balear Jaume Matas ha proclamado hoy su &quot;inocencia&quot;, tanto de la acusaci\u00f3n de cohecho por la que se le ha juzgado desde el lunes, como en la veintena de piezas del caso Palma Arena en las que est\u00e1 imputado a petici\u00f3n del fiscal anticorrupci\u00f3n Pedro Horrach, quien est\u00e1 convencido","twitter:label1":"Escrito por","twitter:data1":"El Digital de Asturias","twitter:label2":"Tiempo de lectura estimado","twitter:data2":"4 minutos"},"aioseo_meta_data":{"post_id":"457916","title":null,"description":null,"keywords":null,"keyphrases":null,"primary_term":null,"canonical_url":null,"og_title":null,"og_description":null,"og_object_type":"default","og_image_type":"default","og_image_url":null,"og_image_width":null,"og_image_height":null,"og_image_custom_url":null,"og_image_custom_fields":null,"og_video":null,"og_custom_url":null,"og_article_section":null,"og_article_tags":null,"twitter_use_og":true,"twitter_card":"default","twitter_image_type":"default","twitter_image_url":null,"twitter_image_custom_url":null,"twitter_image_custom_fields":null,"twitter_title":null,"twitter_description":null,"schema":{"blockGraphs":[],"customGraphs":[],"default":{"data":{"Article":[],"Course":[],"Dataset":[],"FAQPage":[],"Movie":[],"Person":[],"Product":[],"ProductReview":[],"Car":[],"Recipe":[],"Service":[],"SoftwareApplication":[],"WebPage":[]},"graphName":"","isEnabled":true},"graphs":[]},"schema_type":null,"schema_type_options":null,"pillar_content":false,"robots_default":true,"robots_noindex":false,"robots_noarchive":false,"robots_nosnippet":false,"robots_nofollow":false,"robots_noimageindex":false,"robots_noodp":false,"robots_notranslate":false,"robots_max_snippet":null,"robots_max_videopreview":null,"robots_max_imagepreview":"none","priority":null,"frequency":null,"local_seo":null,"seo_analyzer_scan_date":"2026-05-30 03:42:10","breadcrumb_settings":null,"limit_modified_date":false,"open_ai":null,"ai":null,"created":"2020-11-14 22:46:13","updated":"2026-05-30 03:42:10","focus_keyword":null,"additional_keywords":null,"truseo_locale":null},"aioseo_breadcrumb":"<div class=\"aioseo-breadcrumbs\"><span class=\"aioseo-breadcrumb\">\n\t<a href=\"https:\/\/www.eldigitaldeasturias.com\/noticias\" title=\"Home\">Home<\/a>\n<\/span><span class=\"aioseo-breadcrumb-separator\">\u2013<\/span><span class=\"aioseo-breadcrumb\">\n\t<a href=\"https:\/\/www.eldigitaldeasturias.com\/noticias\/category\/sucesos\/\" title=\"Sucesos\">Sucesos<\/a>\n<\/span><span class=\"aioseo-breadcrumb-separator\">\u2013<\/span><span class=\"aioseo-breadcrumb\">\n\t<a href=\"https:\/\/www.eldigitaldeasturias.com\/noticias\/matas-proclama-su-inocencia-ante-el-fiscal-empenado-en-probar-que-miente\/\" title=\"Matas proclama su \u00abinocencia\u00bb ante el fiscal, empe\u00f1ado en probar que \u00abmiente\u00bb\">Matas proclama su \u00abinocencia\u00bb ante el fiscal, empe\u00f1ado en probar que \u00abmiente\u00bb<\/a>\n<\/span><\/div>","aioseo_breadcrumb_json":[{"label":"Home","link":"https:\/\/www.eldigitaldeasturias.com\/noticias"},{"label":"Sucesos","link":"https:\/\/www.eldigitaldeasturias.com\/noticias\/category\/sucesos\/"},{"label":"Matas proclama su \u00abinocencia\u00bb ante el fiscal, empe\u00f1ado en probar que \u00abmiente\u00bb","link":"https:\/\/www.eldigitaldeasturias.com\/noticias\/matas-proclama-su-inocencia-ante-el-fiscal-empenado-en-probar-que-miente\/"}],"_links":{"self":[{"href":"https:\/\/www.eldigitaldeasturias.com\/noticias\/wp-json\/wp\/v2\/posts\/457916","targetHints":{"allow":["GET"]}}],"collection":[{"href":"https:\/\/www.eldigitaldeasturias.com\/noticias\/wp-json\/wp\/v2\/posts"}],"about":[{"href":"https:\/\/www.eldigitaldeasturias.com\/noticias\/wp-json\/wp\/v2\/types\/post"}],"author":[{"embeddable":true,"href":"https:\/\/www.eldigitaldeasturias.com\/noticias\/wp-json\/wp\/v2\/users\/1"}],"replies":[{"embeddable":true,"href":"https:\/\/www.eldigitaldeasturias.com\/noticias\/wp-json\/wp\/v2\/comments?post=457916"}],"version-history":[{"count":0,"href":"https:\/\/www.eldigitaldeasturias.com\/noticias\/wp-json\/wp\/v2\/posts\/457916\/revisions"}],"wp:attachment":[{"href":"https:\/\/www.eldigitaldeasturias.com\/noticias\/wp-json\/wp\/v2\/media?parent=457916"}],"wp:term":[{"taxonomy":"category","embeddable":true,"href":"https:\/\/www.eldigitaldeasturias.com\/noticias\/wp-json\/wp\/v2\/categories?post=457916"},{"taxonomy":"post_tag","embeddable":true,"href":"https:\/\/www.eldigitaldeasturias.com\/noticias\/wp-json\/wp\/v2\/tags?post=457916"}],"curies":[{"name":"wp","href":"https:\/\/api.w.org\/{rel}","templated":true}]}}