{"id":457910,"date":"2013-12-04T23:03:25","date_gmt":"2013-12-05T00:03:25","guid":{"rendered":"http:\/\/www.eldigitaldeasturias.com\/noticias\/?p=457910"},"modified":"2013-12-04T23:03:25","modified_gmt":"2013-12-05T00:03:25","slug":"la-audiencia-desestima-el-recurso-de-excarcelacion-del-padre-de-asunta","status":"publish","type":"post","link":"https:\/\/www.eldigitaldeasturias.com\/noticias\/la-audiencia-desestima-el-recurso-de-excarcelacion-del-padre-de-asunta\/","title":{"rendered":"La Audiencia desestima el recurso de excarcelaci\u00f3n del padre de Asunta"},"content":{"rendered":"<p><img loading=\"lazy\" decoding=\"async\" class=\"alignleft size-medium wp-image-457911\" alt=\"5771717w\" src=\"https:\/\/www.eldigitaldeasturias.com\/noticias\/wp-content\/uploads\/2013\/12\/5771717w-360x239.jpg\" width=\"360\" height=\"239\" \/>Santiago de Compostela, 4 dic (EFE).- La secci\u00f3n sexta de la Audiencia Provincial de A Coru\u00f1a, con sede en Santiago, ha decidido hoy desestimar el recurso de apelaci\u00f3n interpuesto por Alfonso Basterra, el padre de la ni\u00f1a Asunta hallada muerta el pasado 22 de septiembre, en el que solicitaba su inmediata puesta en libertad.<\/p>\n<p>Este mismo \u00f3rgano, informa el Tribunal Superior de Justicia de Galicia, tambi\u00e9n ha rechazado el recurso interpuesto por la abogada Rosario Porto, madre de la v\u00edctima, en el que se solicitaba que el procedimiento no continuase por la Ley del Jurado.<\/p>\n<p>La menor de 12 a\u00f1os fue localizada sin vida, por dos viandantes, en una pista forestal de Teo (A Coru\u00f1a) y los \u00fanicos imputados por este crimen son sus padres, encarcelados desde el 27 de septiembre en el penal coru\u00f1\u00e9s de Teixeiro y acusados de la presunta comisi\u00f3n de un delito de asesinato.<\/p>\n<p>Los di\u00e1logos grabados entre ambos en los calabozos de la comandancia de la Guardia Civil en Lonzas (A Coru\u00f1a) y reproducidos en Antena 3 y en la edici\u00f3n impresa del peri\u00f3dico La Raz\u00f3n muestran al periodista Basterra aconsejando a la que hab\u00eda sido su mujer que dejase de hablar porque estaban grabando.<\/p>\n<p>La llama \u00abmi vida\u00bb, \u00abnena\u00bb, \u00abguapa\u00bb y \u00ablentejita\u00bb y le recomienda no decir \u00abnada inconveniente\u00bb y estar tranquila porque \u00abtodo va a salir bien\u00bb. \u00abNo s\u00e9 quien nos quiere hacer esta faena tan gorda pero tarde o temprano caer\u00e1\u00bb, comenta.<\/p>\n<p>Rosario Porto indica que los investigadores deben \u00abtener un mont\u00f3n de indicios\u00bb para el ingreso en prisi\u00f3n de ambos, le dice a Alfonso Basterra que su \u00abimaginaci\u00f3n calenturienta\u00bb acarrear\u00e1 problemas y luego espera que \u00abestando aqu\u00ed dentro\u00bb, en la c\u00e1rcel, \u00abla persona que lo hizo se conf\u00ede y la pillen\u00bb.<\/p>\n<p>Rosario Porto cuenta que se recuper\u00f3 de su estado an\u00edmico delicado por Asunta, que es la primera interesada en saber qu\u00e9 le ha pasado a la cr\u00eda, que no puede vivir sin ella, y exclama que la menor no va a volver y se est\u00e1 \u00abrompiendo entera\u00bb al pensarlo.<\/p>\n<p>Basterra replica \u00abrespira por la nariz, echa el aire por la boca, y rel\u00e1jate, venga. Calma, cuando nos queramos dar cuenta estaremos en la calle en plena libertad\u00bb, mientras que de Asunta, a\u00f1ade, \u00abya lo s\u00e9 mi vida, ya s\u00e9 que no volver\u00e1 nunca, ya lo s\u00e9 Charo, ya lo s\u00e9\u00bb.<\/p>\n","protected":false},"excerpt":{"rendered":"<p>Santiago de Compostela, 4 dic (EFE).- La secci\u00f3n sexta de la Audiencia Provincial de A Coru\u00f1a, con sede en Santiago, ha decidido hoy desestimar el recurso de apelaci\u00f3n interpuesto por Alfonso Basterra, el padre de la ni\u00f1a Asunta hallada muerta el pasado 22 de septiembre, en el que solicitaba su inmediata puesta en libertad. Este [&hellip;]<\/p>\n","protected":false},"author":1,"featured_media":457911,"comment_status":"closed","ping_status":"open","sticky":false,"template":"","format":"standard","meta":{"footnotes":""},"categories":[5],"tags":[],"class_list":["post-457910","post","type-post","status-publish","format-standard","has-post-thumbnail","hentry","category-sucesos"],"aioseo_notices":[],"aioseo_head":"\n\t\t<!-- All in One SEO Pro 5.0.1 - aioseo.com -->\n\t<meta name=\"description\" content=\"Santiago de Compostela, 4 dic (EFE).- La secci\u00f3n sexta de la Audiencia Provincial de A Coru\u00f1a, con sede en Santiago, ha decidido hoy desestimar el recurso de apelaci\u00f3n interpuesto por Alfonso Basterra, el padre de la ni\u00f1a Asunta hallada muerta el pasado 22 de septiembre, en el que solicitaba su inmediata puesta en libertad. Este\" \/>\n\t<meta name=\"robots\" content=\"max-image-preview:large\" \/>\n\t<meta name=\"author\" content=\"El Digital de Asturias\"\/>\n\t<meta name=\"google-site-verification\" content=\"UA-38556648-1\" \/>\n\t<meta name=\"msvalidate.01\" content=\"7dfe9f3f1b24437ab69f4f2559babe99\" \/>\n\t<meta name=\"keywords\" content=\"sucesos\" \/>\n\t<link rel=\"canonical\" href=\"https:\/\/www.eldigitaldeasturias.com\/noticias\/la-audiencia-desestima-el-recurso-de-excarcelacion-del-padre-de-asunta\/\" \/>\n\t<meta name=\"generator\" content=\"All in One SEO Pro (AIOSEO) 5.0.1\" \/>\n\t\t<meta property=\"og:locale\" content=\"es_ES\" \/>\n\t\t<meta property=\"og:site_name\" content=\"El Digital de Asturias\" \/>\n\t\t<meta property=\"og:type\" content=\"article\" \/>\n\t\t<meta property=\"og:title\" content=\"La Audiencia desestima el recurso de excarcelaci\u00f3n del padre de Asunta - El Digital de Asturias\" \/>\n\t\t<meta property=\"og:description\" content=\"Santiago de Compostela, 4 dic (EFE).- La secci\u00f3n sexta de la Audiencia Provincial de A Coru\u00f1a, con sede en Santiago, ha decidido hoy desestimar el recurso de apelaci\u00f3n interpuesto por Alfonso Basterra, el padre de la ni\u00f1a Asunta hallada muerta el pasado 22 de septiembre, en el que solicitaba su inmediata puesta en libertad. Este\" \/>\n\t\t<meta property=\"og:url\" content=\"https:\/\/www.eldigitaldeasturias.com\/noticias\/la-audiencia-desestima-el-recurso-de-excarcelacion-del-padre-de-asunta\/\" \/>\n\t\t<meta property=\"article:tag\" content=\"sucesos\" \/>\n\t\t<meta property=\"article:published_time\" content=\"2013-12-05T00:03:25+00:00\" \/>\n\t\t<meta property=\"article:modified_time\" content=\"2013-12-05T00:03:25+00:00\" \/>\n\t\t<meta property=\"article:publisher\" content=\"https:\/\/facebook.com\/eldigitaldeasturias\" \/>\n\t\t<meta name=\"twitter:card\" content=\"summary_large_image\" \/>\n\t\t<meta name=\"twitter:title\" content=\"La Audiencia desestima el recurso de excarcelaci\u00f3n del padre de Asunta - El Digital de Asturias\" \/>\n\t\t<meta name=\"twitter:description\" content=\"Santiago de Compostela, 4 dic (EFE).- La secci\u00f3n sexta de la Audiencia Provincial de A Coru\u00f1a, con sede en Santiago, ha decidido hoy desestimar el recurso de apelaci\u00f3n interpuesto por Alfonso Basterra, el padre de la ni\u00f1a Asunta hallada muerta el pasado 22 de septiembre, en el que solicitaba su inmediata puesta en libertad. Este\" \/>\n\t\t<meta name=\"twitter:label1\" content=\"Escrito por\" \/>\n\t\t<meta name=\"twitter:data1\" content=\"El Digital de Asturias\" \/>\n\t\t<meta name=\"twitter:label2\" content=\"Tiempo de lectura estimado\" \/>\n\t\t<meta name=\"twitter:data2\" content=\"2 minutos\" \/>\n\t\t<script type=\"application\/ld+json\" class=\"aioseo-schema\">\n\t\t\t{\"@context\":\"https:\\\/\\\/schema.org\",\"@graph\":[{\"@type\":\"BlogPosting\",\"@id\":\"https:\\\/\\\/www.eldigitaldeasturias.com\\\/noticias\\\/la-audiencia-desestima-el-recurso-de-excarcelacion-del-padre-de-asunta\\\/#blogposting\",\"name\":\"La Audiencia desestima el recurso de excarcelaci\\u00f3n del padre de Asunta - El Digital de Asturias\",\"headline\":\"La Audiencia desestima el recurso de excarcelaci\\u00f3n del padre de Asunta\",\"author\":{\"@id\":\"https:\\\/\\\/www.eldigitaldeasturias.com\\\/noticias\\\/author\\\/admin\\\/#author\"},\"publisher\":{\"@id\":\"https:\\\/\\\/www.eldigitaldeasturias.com\\\/noticias\\\/#organization\"},\"image\":{\"@type\":\"ImageObject\",\"url\":457911},\"datePublished\":\"2013-12-04T23:03:25+01:00\",\"dateModified\":\"2013-12-04T23:03:25+01:00\",\"inLanguage\":\"es-ES\",\"mainEntityOfPage\":{\"@id\":\"https:\\\/\\\/www.eldigitaldeasturias.com\\\/noticias\\\/la-audiencia-desestima-el-recurso-de-excarcelacion-del-padre-de-asunta\\\/#webpage\"},\"isPartOf\":{\"@id\":\"https:\\\/\\\/www.eldigitaldeasturias.com\\\/noticias\\\/la-audiencia-desestima-el-recurso-de-excarcelacion-del-padre-de-asunta\\\/#webpage\"},\"articleSection\":\"Sucesos\"},{\"@type\":\"BreadcrumbList\",\"@id\":\"https:\\\/\\\/www.eldigitaldeasturias.com\\\/noticias\\\/la-audiencia-desestima-el-recurso-de-excarcelacion-del-padre-de-asunta\\\/#breadcrumblist\",\"itemListElement\":[{\"@type\":\"ListItem\",\"@id\":\"https:\\\/\\\/www.eldigitaldeasturias.com\\\/noticias#listItem\",\"position\":1,\"name\":\"Home\",\"item\":\"https:\\\/\\\/www.eldigitaldeasturias.com\\\/noticias\",\"nextItem\":{\"@type\":\"ListItem\",\"@id\":\"https:\\\/\\\/www.eldigitaldeasturias.com\\\/noticias\\\/category\\\/sucesos\\\/#listItem\",\"name\":\"Sucesos\"}},{\"@type\":\"ListItem\",\"@id\":\"https:\\\/\\\/www.eldigitaldeasturias.com\\\/noticias\\\/category\\\/sucesos\\\/#listItem\",\"position\":2,\"name\":\"Sucesos\",\"item\":\"https:\\\/\\\/www.eldigitaldeasturias.com\\\/noticias\\\/category\\\/sucesos\\\/\",\"nextItem\":{\"@type\":\"ListItem\",\"@id\":\"https:\\\/\\\/www.eldigitaldeasturias.com\\\/noticias\\\/la-audiencia-desestima-el-recurso-de-excarcelacion-del-padre-de-asunta\\\/#listItem\",\"name\":\"La Audiencia desestima el recurso de excarcelaci\\u00f3n del padre de Asunta\"},\"previousItem\":{\"@type\":\"ListItem\",\"@id\":\"https:\\\/\\\/www.eldigitaldeasturias.com\\\/noticias#listItem\",\"name\":\"Home\"}},{\"@type\":\"ListItem\",\"@id\":\"https:\\\/\\\/www.eldigitaldeasturias.com\\\/noticias\\\/la-audiencia-desestima-el-recurso-de-excarcelacion-del-padre-de-asunta\\\/#listItem\",\"position\":3,\"name\":\"La Audiencia desestima el recurso de excarcelaci\\u00f3n del padre de Asunta\",\"previousItem\":{\"@type\":\"ListItem\",\"@id\":\"https:\\\/\\\/www.eldigitaldeasturias.com\\\/noticias\\\/category\\\/sucesos\\\/#listItem\",\"name\":\"Sucesos\"}}]},{\"@type\":\"Organization\",\"@id\":\"https:\\\/\\\/www.eldigitaldeasturias.com\\\/noticias\\\/#organization\",\"name\":\"El Digital de Asturias\",\"description\":\"Hemeroteca\",\"url\":\"https:\\\/\\\/www.eldigitaldeasturias.com\\\/noticias\\\/\",\"email\":\"info@eldigitaldeasturias.com\",\"telephone\":\"+34652131393\",\"logo\":{\"@type\":\"ImageObject\",\"url\":\"https:\\\/\\\/www.eldigitaldeasturias.com\\\/noticias\\\/wp-content\\\/uploads\\\/2020\\\/12\\\/EDA.jpg\",\"@id\":\"https:\\\/\\\/www.eldigitaldeasturias.com\\\/noticias\\\/la-audiencia-desestima-el-recurso-de-excarcelacion-del-padre-de-asunta\\\/#organizationLogo\"},\"image\":{\"@id\":\"https:\\\/\\\/www.eldigitaldeasturias.com\\\/noticias\\\/la-audiencia-desestima-el-recurso-de-excarcelacion-del-padre-de-asunta\\\/#organizationLogo\"},\"sameAs\":[\"https:\\\/\\\/facebook.com\\\/eldigitaldeasturias\",\"https:\\\/\\\/www.youtube.com\\\/channel\\\/UCZP-2wLEB9Rv6erhFmqVnvg\"],\"address\":{\"@id\":\"https:\\\/\\\/www.eldigitaldeasturias.com\\\/noticias\\\/#postaladdress\",\"@type\":\"PostalAddress\",\"streetAddress\":\"san antonio 4\",\"postalCode\":\"33430\",\"addressLocality\":\"Cand\\u00e1s\",\"addressRegion\":\"Asturias\",\"addressCountry\":\"ES\"}},{\"@type\":\"Person\",\"@id\":\"https:\\\/\\\/www.eldigitaldeasturias.com\\\/noticias\\\/author\\\/admin\\\/#author\",\"url\":\"https:\\\/\\\/www.eldigitaldeasturias.com\\\/noticias\\\/author\\\/admin\\\/\",\"name\":\"El Digital de Asturias\",\"image\":{\"@type\":\"ImageObject\",\"@id\":\"https:\\\/\\\/www.eldigitaldeasturias.com\\\/noticias\\\/la-audiencia-desestima-el-recurso-de-excarcelacion-del-padre-de-asunta\\\/#authorImage\",\"url\":\"https:\\\/\\\/secure.gravatar.com\\\/avatar\\\/df2aeffc32bcd13f8d26072ef8a91b623d677766deac7f97ca815868cd41bf5e?s=96&d=mm&r=g\",\"width\":96,\"height\":96,\"caption\":\"El Digital de Asturias\"}},{\"@type\":\"WebPage\",\"@id\":\"https:\\\/\\\/www.eldigitaldeasturias.com\\\/noticias\\\/la-audiencia-desestima-el-recurso-de-excarcelacion-del-padre-de-asunta\\\/#webpage\",\"url\":\"https:\\\/\\\/www.eldigitaldeasturias.com\\\/noticias\\\/la-audiencia-desestima-el-recurso-de-excarcelacion-del-padre-de-asunta\\\/\",\"name\":\"La Audiencia desestima el recurso de excarcelaci\\u00f3n del padre de Asunta - El Digital de Asturias\",\"description\":\"Santiago de Compostela, 4 dic (EFE).- La secci\\u00f3n sexta de la Audiencia Provincial de A Coru\\u00f1a, con sede en Santiago, ha decidido hoy desestimar el recurso de apelaci\\u00f3n interpuesto por Alfonso Basterra, el padre de la ni\\u00f1a Asunta hallada muerta el pasado 22 de septiembre, en el que solicitaba su inmediata puesta en libertad. Este\",\"inLanguage\":\"es-ES\",\"isPartOf\":{\"@id\":\"https:\\\/\\\/www.eldigitaldeasturias.com\\\/noticias\\\/#website\"},\"breadcrumb\":{\"@id\":\"https:\\\/\\\/www.eldigitaldeasturias.com\\\/noticias\\\/la-audiencia-desestima-el-recurso-de-excarcelacion-del-padre-de-asunta\\\/#breadcrumblist\"},\"author\":{\"@id\":\"https:\\\/\\\/www.eldigitaldeasturias.com\\\/noticias\\\/author\\\/admin\\\/#author\"},\"creator\":{\"@id\":\"https:\\\/\\\/www.eldigitaldeasturias.com\\\/noticias\\\/author\\\/admin\\\/#author\"},\"image\":{\"@type\":\"ImageObject\",\"url\":457911,\"@id\":\"https:\\\/\\\/www.eldigitaldeasturias.com\\\/noticias\\\/la-audiencia-desestima-el-recurso-de-excarcelacion-del-padre-de-asunta\\\/#mainImage\"},\"primaryImageOfPage\":{\"@id\":\"https:\\\/\\\/www.eldigitaldeasturias.com\\\/noticias\\\/la-audiencia-desestima-el-recurso-de-excarcelacion-del-padre-de-asunta\\\/#mainImage\"},\"datePublished\":\"2013-12-04T23:03:25+01:00\",\"dateModified\":\"2013-12-04T23:03:25+01:00\"},{\"@type\":\"WebSite\",\"@id\":\"https:\\\/\\\/www.eldigitaldeasturias.com\\\/noticias\\\/#website\",\"url\":\"https:\\\/\\\/www.eldigitaldeasturias.com\\\/noticias\\\/\",\"name\":\"El Digital de Asturias - Diario de actualidad y noticias\",\"alternateName\":\"El Digital de Asturias - Diario de actualidad y noticias\",\"description\":\"Hemeroteca\",\"inLanguage\":\"es-ES\",\"publisher\":{\"@id\":\"https:\\\/\\\/www.eldigitaldeasturias.com\\\/noticias\\\/#organization\"}}]}\n\t\t<\/script>\n\t\t<!-- All in One SEO Pro -->\r\n\t\t<title>La Audiencia desestima el recurso de excarcelaci\u00f3n del padre de Asunta - El Digital de Asturias<\/title>\n\n","aioseo_head_json":{"title":"La Audiencia desestima el recurso de excarcelaci\u00f3n del padre de Asunta - El Digital de Asturias","description":"Santiago de Compostela, 4 dic (EFE).- La secci\u00f3n sexta de la Audiencia Provincial de A Coru\u00f1a, con sede en Santiago, ha decidido hoy desestimar el recurso de apelaci\u00f3n interpuesto por Alfonso Basterra, el padre de la ni\u00f1a Asunta hallada muerta el pasado 22 de septiembre, en el que solicitaba su inmediata puesta en libertad. Este","canonical_url":"https:\/\/www.eldigitaldeasturias.com\/noticias\/la-audiencia-desestima-el-recurso-de-excarcelacion-del-padre-de-asunta\/","robots":"max-image-preview:large","keywords":"sucesos","webmasterTools":{"google-site-verification":"UA-38556648-1","msvalidate.01":"7dfe9f3f1b24437ab69f4f2559babe99","miscellaneous":""},"schema":{"@context":"https:\/\/schema.org","@graph":[{"@type":"BlogPosting","@id":"https:\/\/www.eldigitaldeasturias.com\/noticias\/la-audiencia-desestima-el-recurso-de-excarcelacion-del-padre-de-asunta\/#blogposting","name":"La Audiencia desestima el recurso de excarcelaci\u00f3n del padre de Asunta - El Digital de Asturias","headline":"La Audiencia desestima el recurso de excarcelaci\u00f3n del padre de Asunta","author":{"@id":"https:\/\/www.eldigitaldeasturias.com\/noticias\/author\/admin\/#author"},"publisher":{"@id":"https:\/\/www.eldigitaldeasturias.com\/noticias\/#organization"},"image":{"@type":"ImageObject","url":457911},"datePublished":"2013-12-04T23:03:25+01:00","dateModified":"2013-12-04T23:03:25+01:00","inLanguage":"es-ES","mainEntityOfPage":{"@id":"https:\/\/www.eldigitaldeasturias.com\/noticias\/la-audiencia-desestima-el-recurso-de-excarcelacion-del-padre-de-asunta\/#webpage"},"isPartOf":{"@id":"https:\/\/www.eldigitaldeasturias.com\/noticias\/la-audiencia-desestima-el-recurso-de-excarcelacion-del-padre-de-asunta\/#webpage"},"articleSection":"Sucesos"},{"@type":"BreadcrumbList","@id":"https:\/\/www.eldigitaldeasturias.com\/noticias\/la-audiencia-desestima-el-recurso-de-excarcelacion-del-padre-de-asunta\/#breadcrumblist","itemListElement":[{"@type":"ListItem","@id":"https:\/\/www.eldigitaldeasturias.com\/noticias#listItem","position":1,"name":"Home","item":"https:\/\/www.eldigitaldeasturias.com\/noticias","nextItem":{"@type":"ListItem","@id":"https:\/\/www.eldigitaldeasturias.com\/noticias\/category\/sucesos\/#listItem","name":"Sucesos"}},{"@type":"ListItem","@id":"https:\/\/www.eldigitaldeasturias.com\/noticias\/category\/sucesos\/#listItem","position":2,"name":"Sucesos","item":"https:\/\/www.eldigitaldeasturias.com\/noticias\/category\/sucesos\/","nextItem":{"@type":"ListItem","@id":"https:\/\/www.eldigitaldeasturias.com\/noticias\/la-audiencia-desestima-el-recurso-de-excarcelacion-del-padre-de-asunta\/#listItem","name":"La Audiencia desestima el recurso de excarcelaci\u00f3n del padre de Asunta"},"previousItem":{"@type":"ListItem","@id":"https:\/\/www.eldigitaldeasturias.com\/noticias#listItem","name":"Home"}},{"@type":"ListItem","@id":"https:\/\/www.eldigitaldeasturias.com\/noticias\/la-audiencia-desestima-el-recurso-de-excarcelacion-del-padre-de-asunta\/#listItem","position":3,"name":"La Audiencia desestima el recurso de excarcelaci\u00f3n del padre de Asunta","previousItem":{"@type":"ListItem","@id":"https:\/\/www.eldigitaldeasturias.com\/noticias\/category\/sucesos\/#listItem","name":"Sucesos"}}]},{"@type":"Organization","@id":"https:\/\/www.eldigitaldeasturias.com\/noticias\/#organization","name":"El Digital de Asturias","description":"Hemeroteca","url":"https:\/\/www.eldigitaldeasturias.com\/noticias\/","email":"info@eldigitaldeasturias.com","telephone":"+34652131393","logo":{"@type":"ImageObject","url":"https:\/\/www.eldigitaldeasturias.com\/noticias\/wp-content\/uploads\/2020\/12\/EDA.jpg","@id":"https:\/\/www.eldigitaldeasturias.com\/noticias\/la-audiencia-desestima-el-recurso-de-excarcelacion-del-padre-de-asunta\/#organizationLogo"},"image":{"@id":"https:\/\/www.eldigitaldeasturias.com\/noticias\/la-audiencia-desestima-el-recurso-de-excarcelacion-del-padre-de-asunta\/#organizationLogo"},"sameAs":["https:\/\/facebook.com\/eldigitaldeasturias","https:\/\/www.youtube.com\/channel\/UCZP-2wLEB9Rv6erhFmqVnvg"],"address":{"@id":"https:\/\/www.eldigitaldeasturias.com\/noticias\/#postaladdress","@type":"PostalAddress","streetAddress":"san antonio 4","postalCode":"33430","addressLocality":"Cand\u00e1s","addressRegion":"Asturias","addressCountry":"ES"}},{"@type":"Person","@id":"https:\/\/www.eldigitaldeasturias.com\/noticias\/author\/admin\/#author","url":"https:\/\/www.eldigitaldeasturias.com\/noticias\/author\/admin\/","name":"El Digital de Asturias","image":{"@type":"ImageObject","@id":"https:\/\/www.eldigitaldeasturias.com\/noticias\/la-audiencia-desestima-el-recurso-de-excarcelacion-del-padre-de-asunta\/#authorImage","url":"https:\/\/secure.gravatar.com\/avatar\/df2aeffc32bcd13f8d26072ef8a91b623d677766deac7f97ca815868cd41bf5e?s=96&d=mm&r=g","width":96,"height":96,"caption":"El Digital de Asturias"}},{"@type":"WebPage","@id":"https:\/\/www.eldigitaldeasturias.com\/noticias\/la-audiencia-desestima-el-recurso-de-excarcelacion-del-padre-de-asunta\/#webpage","url":"https:\/\/www.eldigitaldeasturias.com\/noticias\/la-audiencia-desestima-el-recurso-de-excarcelacion-del-padre-de-asunta\/","name":"La Audiencia desestima el recurso de excarcelaci\u00f3n del padre de Asunta - El Digital de Asturias","description":"Santiago de Compostela, 4 dic (EFE).- La secci\u00f3n sexta de la Audiencia Provincial de A Coru\u00f1a, con sede en Santiago, ha decidido hoy desestimar el recurso de apelaci\u00f3n interpuesto por Alfonso Basterra, el padre de la ni\u00f1a Asunta hallada muerta el pasado 22 de septiembre, en el que solicitaba su inmediata puesta en libertad. Este","inLanguage":"es-ES","isPartOf":{"@id":"https:\/\/www.eldigitaldeasturias.com\/noticias\/#website"},"breadcrumb":{"@id":"https:\/\/www.eldigitaldeasturias.com\/noticias\/la-audiencia-desestima-el-recurso-de-excarcelacion-del-padre-de-asunta\/#breadcrumblist"},"author":{"@id":"https:\/\/www.eldigitaldeasturias.com\/noticias\/author\/admin\/#author"},"creator":{"@id":"https:\/\/www.eldigitaldeasturias.com\/noticias\/author\/admin\/#author"},"image":{"@type":"ImageObject","url":457911,"@id":"https:\/\/www.eldigitaldeasturias.com\/noticias\/la-audiencia-desestima-el-recurso-de-excarcelacion-del-padre-de-asunta\/#mainImage"},"primaryImageOfPage":{"@id":"https:\/\/www.eldigitaldeasturias.com\/noticias\/la-audiencia-desestima-el-recurso-de-excarcelacion-del-padre-de-asunta\/#mainImage"},"datePublished":"2013-12-04T23:03:25+01:00","dateModified":"2013-12-04T23:03:25+01:00"},{"@type":"WebSite","@id":"https:\/\/www.eldigitaldeasturias.com\/noticias\/#website","url":"https:\/\/www.eldigitaldeasturias.com\/noticias\/","name":"El Digital de Asturias - Diario de actualidad y noticias","alternateName":"El Digital de Asturias - Diario de actualidad y noticias","description":"Hemeroteca","inLanguage":"es-ES","publisher":{"@id":"https:\/\/www.eldigitaldeasturias.com\/noticias\/#organization"}}]},"og:locale":"es_ES","og:site_name":"El Digital de Asturias","og:type":"article","og:title":"La Audiencia desestima el recurso de excarcelaci\u00f3n del padre de Asunta - El Digital de Asturias","og:description":"Santiago de Compostela, 4 dic (EFE).- La secci\u00f3n sexta de la Audiencia Provincial de A Coru\u00f1a, con sede en Santiago, ha decidido hoy desestimar el recurso de apelaci\u00f3n interpuesto por Alfonso Basterra, el padre de la ni\u00f1a Asunta hallada muerta el pasado 22 de septiembre, en el que solicitaba su inmediata puesta en libertad. Este","og:url":"https:\/\/www.eldigitaldeasturias.com\/noticias\/la-audiencia-desestima-el-recurso-de-excarcelacion-del-padre-de-asunta\/","article:tag":["sucesos"],"article:published_time":"2013-12-05T00:03:25+00:00","article:modified_time":"2013-12-05T00:03:25+00:00","article:publisher":"https:\/\/facebook.com\/eldigitaldeasturias","twitter:card":"summary_large_image","twitter:title":"La Audiencia desestima el recurso de excarcelaci\u00f3n del padre de Asunta - El Digital de Asturias","twitter:description":"Santiago de Compostela, 4 dic (EFE).- La secci\u00f3n sexta de la Audiencia Provincial de A Coru\u00f1a, con sede en Santiago, ha decidido hoy desestimar el recurso de apelaci\u00f3n interpuesto por Alfonso Basterra, el padre de la ni\u00f1a Asunta hallada muerta el pasado 22 de septiembre, en el que solicitaba su inmediata puesta en libertad. Este","twitter:label1":"Escrito por","twitter:data1":"El Digital de Asturias","twitter:label2":"Tiempo de lectura estimado","twitter:data2":"2 minutos"},"aioseo_meta_data":{"post_id":"457910","title":null,"description":null,"keywords":null,"keyphrases":null,"primary_term":null,"canonical_url":null,"og_title":null,"og_description":null,"og_object_type":"default","og_image_type":"default","og_image_url":null,"og_image_width":null,"og_image_height":null,"og_image_custom_url":null,"og_image_custom_fields":null,"og_video":null,"og_custom_url":null,"og_article_section":null,"og_article_tags":null,"twitter_use_og":true,"twitter_card":"default","twitter_image_type":"default","twitter_image_url":null,"twitter_image_custom_url":null,"twitter_image_custom_fields":null,"twitter_title":null,"twitter_description":null,"schema":{"blockGraphs":[],"customGraphs":[],"default":{"data":{"Article":[],"Course":[],"Dataset":[],"FAQPage":[],"Movie":[],"Person":[],"Product":[],"ProductReview":[],"Car":[],"Recipe":[],"Service":[],"SoftwareApplication":[],"WebPage":[]},"graphName":"","isEnabled":true},"graphs":[],"defaultGraph":"","defaultPostTypeGraph":""},"schema_type":null,"schema_type_options":null,"pillar_content":false,"robots_default":true,"robots_noindex":false,"robots_noarchive":false,"robots_nosnippet":false,"robots_nofollow":false,"robots_noimageindex":false,"robots_noodp":false,"robots_notranslate":false,"robots_max_snippet":null,"robots_max_videopreview":null,"robots_max_imagepreview":"none","priority":null,"frequency":null,"local_seo":null,"seo_analyzer_scan_date":"2026-05-30 03:40:10","breadcrumb_settings":null,"limit_modified_date":false,"open_ai":null,"ai":null,"created":"2020-11-14 22:46:13","updated":"2026-05-30 03:40:10","focus_keyword":null,"additional_keywords":null,"truseo_locale":null},"aioseo_breadcrumb":"<div class=\"aioseo-breadcrumbs\"><span class=\"aioseo-breadcrumb\">\n\t<a href=\"https:\/\/www.eldigitaldeasturias.com\/noticias\" title=\"Home\">Home<\/a>\n<\/span><span class=\"aioseo-breadcrumb-separator\">\u2013<\/span><span class=\"aioseo-breadcrumb\">\n\t<a href=\"https:\/\/www.eldigitaldeasturias.com\/noticias\/category\/sucesos\/\" title=\"Sucesos\">Sucesos<\/a>\n<\/span><span class=\"aioseo-breadcrumb-separator\">\u2013<\/span><span class=\"aioseo-breadcrumb\">\n\t<a href=\"https:\/\/www.eldigitaldeasturias.com\/noticias\/la-audiencia-desestima-el-recurso-de-excarcelacion-del-padre-de-asunta\/\" title=\"La Audiencia desestima el recurso de excarcelaci\u00f3n del padre de Asunta\">La Audiencia desestima el recurso de excarcelaci\u00f3n del padre de Asunta<\/a>\n<\/span><\/div>","aioseo_breadcrumb_json":[{"label":"Home","link":"https:\/\/www.eldigitaldeasturias.com\/noticias"},{"label":"Sucesos","link":"https:\/\/www.eldigitaldeasturias.com\/noticias\/category\/sucesos\/"},{"label":"La Audiencia desestima el recurso de excarcelaci\u00f3n del padre de Asunta","link":"https:\/\/www.eldigitaldeasturias.com\/noticias\/la-audiencia-desestima-el-recurso-de-excarcelacion-del-padre-de-asunta\/"}],"_links":{"self":[{"href":"https:\/\/www.eldigitaldeasturias.com\/noticias\/wp-json\/wp\/v2\/posts\/457910","targetHints":{"allow":["GET"]}}],"collection":[{"href":"https:\/\/www.eldigitaldeasturias.com\/noticias\/wp-json\/wp\/v2\/posts"}],"about":[{"href":"https:\/\/www.eldigitaldeasturias.com\/noticias\/wp-json\/wp\/v2\/types\/post"}],"author":[{"embeddable":true,"href":"https:\/\/www.eldigitaldeasturias.com\/noticias\/wp-json\/wp\/v2\/users\/1"}],"replies":[{"embeddable":true,"href":"https:\/\/www.eldigitaldeasturias.com\/noticias\/wp-json\/wp\/v2\/comments?post=457910"}],"version-history":[{"count":0,"href":"https:\/\/www.eldigitaldeasturias.com\/noticias\/wp-json\/wp\/v2\/posts\/457910\/revisions"}],"wp:attachment":[{"href":"https:\/\/www.eldigitaldeasturias.com\/noticias\/wp-json\/wp\/v2\/media?parent=457910"}],"wp:term":[{"taxonomy":"category","embeddable":true,"href":"https:\/\/www.eldigitaldeasturias.com\/noticias\/wp-json\/wp\/v2\/categories?post=457910"},{"taxonomy":"post_tag","embeddable":true,"href":"https:\/\/www.eldigitaldeasturias.com\/noticias\/wp-json\/wp\/v2\/tags?post=457910"}],"curies":[{"name":"wp","href":"https:\/\/api.w.org\/{rel}","templated":true}]}}