{"id":457907,"date":"2013-12-04T23:00:27","date_gmt":"2013-12-05T00:00:27","guid":{"rendered":"http:\/\/www.eldigitaldeasturias.com\/noticias\/?p=457907"},"modified":"2013-12-04T23:00:27","modified_gmt":"2013-12-05T00:00:27","slug":"los-diarios-de-humboldt-en-america-entran-en-el-patrimonio-cultural-de-berlin","status":"publish","type":"post","link":"https:\/\/www.eldigitaldeasturias.com\/noticias\/los-diarios-de-humboldt-en-america-entran-en-el-patrimonio-cultural-de-berlin\/","title":{"rendered":"Los diarios de Humboldt en Am\u00e9rica entran en el patrimonio cultural de Berl\u00edn"},"content":{"rendered":"<p><img loading=\"lazy\" decoding=\"async\" class=\"alignleft size-medium wp-image-457908\" alt=\"5771907w\" src=\"https:\/\/www.eldigitaldeasturias.com\/noticias\/wp-content\/uploads\/2013\/12\/5771907w-354x320.jpg\" width=\"354\" height=\"320\" \/>Berl\u00edn, 4 dic (EFE).- La Fundaci\u00f3n del Patrimonio Cultural de Berl\u00edn ha adquirido los diarios escritos por Alexander von Humboldt en su larga exploraci\u00f3n por Am\u00e9rica, hasta ahora propiedad de un descendiente del naturalista alem\u00e1n, informaron hoy fuentes de esa instituci\u00f3n.<\/p>\n<p>Los diarios constan de unas 4.000 p\u00e1ginas escritas a lo largo de sus cinco a\u00f1os de expedici\u00f3n por el Nuevo Continente, de 1799 a 1804, y documentan lo que se consider\u00f3 el \u00absegundo descubrimiento de Am\u00e9rica\u00bb, realizado por este explorador.<\/p>\n<p>Los textos fueron adquiridos a propietario, Ulrich von Heinz, descendiente de Humboldt, por una cantidad no revelada y tras una larga negociaci\u00f3n entre el heredero y la instituci\u00f3n que tutela el patrimonio cultural de Berl\u00edn.<\/p>\n<p>Se trata de \u00abuno de los documentos cient\u00edficos m\u00e1s importantes del siglo XIX\u00bb, seg\u00fan destac\u00f3 en un comunicado el presidente de la Fundaci\u00f3n, Hermann Parzinger, y quedar\u00e1 conservado en la Biblioteca P\u00fablica Nacional de la capital alemana.<\/p>\n<p>Humboldt, nacido en 1769 en Berl\u00edn y muerto en 1859 en la misma ciudad, ilustr\u00f3 los textos escritos durante su larga exploraci\u00f3n con dibujos de cuanto encontraba a su paso, as\u00ed como abundantes notas a pie de p\u00e1gina.<\/p>\n<p>Sus diarios se consideran mucho m\u00e1s completos que su obra m\u00e1s famosa, escrita en franc\u00e9s bajo el t\u00edtulo \u00abVoyage aux r\u00e9gions \u00e9quinoxiales du Nouveau Continent\u00bb, ya que esta se refiere a dos tercios de su expedici\u00f3n.<\/p>\n<p>Humboldt parti\u00f3 en 1799 de la ciudad espa\u00f1ola de La Coru\u00f1a (noroeste) en una expedici\u00f3n que se prolong\u00f3 durante cinco a\u00f1os, en los que recorri\u00f3 Cuba, Venezuela, Colombia, Ecuador, Per\u00fa, M\u00e9xico y Estados Unidos.<\/p>\n<p>Dej\u00f3 constancia de sus exploraciones a trav\u00e9s de dibujos y textos, as\u00ed como estudios geol\u00f3gicos, bot\u00e1nicos, zool\u00f3gicos o clim\u00e1ticos.<\/p>\n<p>Esto dio al explorador el apelativo de aut\u00e9ntico \u00abdescubridor\u00bb europeo del Nuevo Continente, puesto que no consagr\u00f3 sus esfuerzos a conquistarlo, sino que lo investig\u00f3 desde el profundo respeto por el entorno natural y sin amagos de racismo hacia la poblaci\u00f3n ind\u00edgena.<\/p>\n<p>Repudi\u00f3 la esclavitud, que calific\u00f3 en sus escritos como \u00abel mayor mal perpetrado por la Humanidad\u00bb, aunque ello no le libr\u00f3 de las cr\u00edticas de quienes le responsabilizan del posterior uso dado a sus estudios cient\u00edficos y mapas por oportunistas, aventureros y buscadores de oro.<\/p>\n<p>Las anotaciones escritas por Alexander von Humboldt sufrieron su propia odisea tras el fin de la II Guerra Mundial, ya que en 1945 quedaron confiscadas por el Ej\u00e9rcito sovi\u00e9tico y fueron trasladadas a la Biblioteca Lenin de Mosc\u00fa.<\/p>\n<p>Regresaron a Berl\u00edn en 1959, dentro de una gran acci\u00f3n de restituci\u00f3n de textos, pero quedaron bajo tutela de las autoridades germano-orientales hasta que tras la reunificaci\u00f3n alemana (1990) fueron restituidas a los herederos del explorador.<\/p>\n<p>Los textos, compilados en nueve vol\u00famenes, ser\u00e1n presentados oficialmente a los medios a principios del pr\u00f3ximo a\u00f1o, tras una completa restauraci\u00f3n.<\/p>\n","protected":false},"excerpt":{"rendered":"<p>Berl\u00edn, 4 dic (EFE).- La Fundaci\u00f3n del Patrimonio Cultural de Berl\u00edn ha adquirido los diarios escritos por Alexander von Humboldt en su larga exploraci\u00f3n por Am\u00e9rica, hasta ahora propiedad de un descendiente del naturalista alem\u00e1n, informaron hoy fuentes de esa instituci\u00f3n. Los diarios constan de unas 4.000 p\u00e1ginas escritas a lo largo de sus cinco [&hellip;]<\/p>\n","protected":false},"author":1,"featured_media":457908,"comment_status":"closed","ping_status":"open","sticky":false,"template":"","format":"standard","meta":{"footnotes":""},"categories":[50],"tags":[],"class_list":["post-457907","post","type-post","status-publish","format-standard","has-post-thumbnail","hentry","category-revista-de-ocio"],"aioseo_notices":[],"aioseo_head":"\n\t\t<!-- All in One SEO Pro 5.0.1 - aioseo.com -->\n\t<meta name=\"description\" content=\"Berl\u00edn, 4 dic (EFE).- La Fundaci\u00f3n del Patrimonio Cultural de Berl\u00edn ha adquirido los diarios escritos por Alexander von Humboldt en su larga exploraci\u00f3n por Am\u00e9rica, hasta ahora propiedad de un descendiente del naturalista alem\u00e1n, informaron hoy fuentes de esa instituci\u00f3n. Los diarios constan de unas 4.000 p\u00e1ginas escritas a lo largo de sus cinco\" \/>\n\t<meta name=\"robots\" content=\"max-image-preview:large\" \/>\n\t<meta name=\"author\" content=\"El Digital de Asturias\"\/>\n\t<meta name=\"google-site-verification\" content=\"UA-38556648-1\" \/>\n\t<meta name=\"msvalidate.01\" content=\"7dfe9f3f1b24437ab69f4f2559babe99\" \/>\n\t<meta name=\"keywords\" content=\"revista de ocio\" \/>\n\t<link rel=\"canonical\" href=\"https:\/\/www.eldigitaldeasturias.com\/noticias\/los-diarios-de-humboldt-en-america-entran-en-el-patrimonio-cultural-de-berlin\/\" \/>\n\t<meta name=\"generator\" content=\"All in One SEO Pro (AIOSEO) 5.0.1\" \/>\n\t\t<meta property=\"og:locale\" content=\"es_ES\" \/>\n\t\t<meta property=\"og:site_name\" content=\"El Digital de Asturias\" \/>\n\t\t<meta property=\"og:type\" content=\"article\" \/>\n\t\t<meta property=\"og:title\" content=\"Los diarios de Humboldt en Am\u00e9rica entran en el patrimonio cultural de Berl\u00edn - El Digital de Asturias\" \/>\n\t\t<meta property=\"og:description\" content=\"Berl\u00edn, 4 dic (EFE).- La Fundaci\u00f3n del Patrimonio Cultural de Berl\u00edn ha adquirido los diarios escritos por Alexander von Humboldt en su larga exploraci\u00f3n por Am\u00e9rica, hasta ahora propiedad de un descendiente del naturalista alem\u00e1n, informaron hoy fuentes de esa instituci\u00f3n. Los diarios constan de unas 4.000 p\u00e1ginas escritas a lo largo de sus cinco\" \/>\n\t\t<meta property=\"og:url\" content=\"https:\/\/www.eldigitaldeasturias.com\/noticias\/los-diarios-de-humboldt-en-america-entran-en-el-patrimonio-cultural-de-berlin\/\" \/>\n\t\t<meta property=\"article:tag\" content=\"revista de ocio\" \/>\n\t\t<meta property=\"article:published_time\" content=\"2013-12-05T00:00:27+00:00\" \/>\n\t\t<meta property=\"article:modified_time\" content=\"2013-12-05T00:00:27+00:00\" \/>\n\t\t<meta property=\"article:publisher\" content=\"https:\/\/facebook.com\/eldigitaldeasturias\" \/>\n\t\t<meta name=\"twitter:card\" content=\"summary_large_image\" \/>\n\t\t<meta name=\"twitter:title\" content=\"Los diarios de Humboldt en Am\u00e9rica entran en el patrimonio cultural de Berl\u00edn - El Digital de Asturias\" \/>\n\t\t<meta name=\"twitter:description\" content=\"Berl\u00edn, 4 dic (EFE).- La Fundaci\u00f3n del Patrimonio Cultural de Berl\u00edn ha adquirido los diarios escritos por Alexander von Humboldt en su larga exploraci\u00f3n por Am\u00e9rica, hasta ahora propiedad de un descendiente del naturalista alem\u00e1n, informaron hoy fuentes de esa instituci\u00f3n. Los diarios constan de unas 4.000 p\u00e1ginas escritas a lo largo de sus cinco\" \/>\n\t\t<meta name=\"twitter:label1\" content=\"Escrito por\" \/>\n\t\t<meta name=\"twitter:data1\" content=\"El Digital de Asturias\" \/>\n\t\t<meta name=\"twitter:label2\" content=\"Tiempo de lectura estimado\" \/>\n\t\t<meta name=\"twitter:data2\" content=\"3 minutos\" \/>\n\t\t<script type=\"application\/ld+json\" class=\"aioseo-schema\">\n\t\t\t{\"@context\":\"https:\\\/\\\/schema.org\",\"@graph\":[{\"@type\":\"BlogPosting\",\"@id\":\"https:\\\/\\\/www.eldigitaldeasturias.com\\\/noticias\\\/los-diarios-de-humboldt-en-america-entran-en-el-patrimonio-cultural-de-berlin\\\/#blogposting\",\"name\":\"Los diarios de Humboldt en Am\\u00e9rica entran en el patrimonio cultural de Berl\\u00edn - El Digital de Asturias\",\"headline\":\"Los diarios de Humboldt en Am\\u00e9rica entran en el patrimonio cultural de Berl\\u00edn\",\"author\":{\"@id\":\"https:\\\/\\\/www.eldigitaldeasturias.com\\\/noticias\\\/author\\\/admin\\\/#author\"},\"publisher\":{\"@id\":\"https:\\\/\\\/www.eldigitaldeasturias.com\\\/noticias\\\/#organization\"},\"image\":{\"@type\":\"ImageObject\",\"url\":457908},\"datePublished\":\"2013-12-04T23:00:27+01:00\",\"dateModified\":\"2013-12-04T23:00:27+01:00\",\"inLanguage\":\"es-ES\",\"mainEntityOfPage\":{\"@id\":\"https:\\\/\\\/www.eldigitaldeasturias.com\\\/noticias\\\/los-diarios-de-humboldt-en-america-entran-en-el-patrimonio-cultural-de-berlin\\\/#webpage\"},\"isPartOf\":{\"@id\":\"https:\\\/\\\/www.eldigitaldeasturias.com\\\/noticias\\\/los-diarios-de-humboldt-en-america-entran-en-el-patrimonio-cultural-de-berlin\\\/#webpage\"},\"articleSection\":\"Revista de Ocio\"},{\"@type\":\"BreadcrumbList\",\"@id\":\"https:\\\/\\\/www.eldigitaldeasturias.com\\\/noticias\\\/los-diarios-de-humboldt-en-america-entran-en-el-patrimonio-cultural-de-berlin\\\/#breadcrumblist\",\"itemListElement\":[{\"@type\":\"ListItem\",\"@id\":\"https:\\\/\\\/www.eldigitaldeasturias.com\\\/noticias#listItem\",\"position\":1,\"name\":\"Home\",\"item\":\"https:\\\/\\\/www.eldigitaldeasturias.com\\\/noticias\",\"nextItem\":{\"@type\":\"ListItem\",\"@id\":\"https:\\\/\\\/www.eldigitaldeasturias.com\\\/noticias\\\/category\\\/revista-de-ocio\\\/#listItem\",\"name\":\"Revista de Ocio\"}},{\"@type\":\"ListItem\",\"@id\":\"https:\\\/\\\/www.eldigitaldeasturias.com\\\/noticias\\\/category\\\/revista-de-ocio\\\/#listItem\",\"position\":2,\"name\":\"Revista de Ocio\",\"item\":\"https:\\\/\\\/www.eldigitaldeasturias.com\\\/noticias\\\/category\\\/revista-de-ocio\\\/\",\"nextItem\":{\"@type\":\"ListItem\",\"@id\":\"https:\\\/\\\/www.eldigitaldeasturias.com\\\/noticias\\\/los-diarios-de-humboldt-en-america-entran-en-el-patrimonio-cultural-de-berlin\\\/#listItem\",\"name\":\"Los diarios de Humboldt en Am\\u00e9rica entran en el patrimonio cultural de Berl\\u00edn\"},\"previousItem\":{\"@type\":\"ListItem\",\"@id\":\"https:\\\/\\\/www.eldigitaldeasturias.com\\\/noticias#listItem\",\"name\":\"Home\"}},{\"@type\":\"ListItem\",\"@id\":\"https:\\\/\\\/www.eldigitaldeasturias.com\\\/noticias\\\/los-diarios-de-humboldt-en-america-entran-en-el-patrimonio-cultural-de-berlin\\\/#listItem\",\"position\":3,\"name\":\"Los diarios de Humboldt en Am\\u00e9rica entran en el patrimonio cultural de Berl\\u00edn\",\"previousItem\":{\"@type\":\"ListItem\",\"@id\":\"https:\\\/\\\/www.eldigitaldeasturias.com\\\/noticias\\\/category\\\/revista-de-ocio\\\/#listItem\",\"name\":\"Revista de Ocio\"}}]},{\"@type\":\"Organization\",\"@id\":\"https:\\\/\\\/www.eldigitaldeasturias.com\\\/noticias\\\/#organization\",\"name\":\"El Digital de Asturias\",\"description\":\"Hemeroteca\",\"url\":\"https:\\\/\\\/www.eldigitaldeasturias.com\\\/noticias\\\/\",\"email\":\"info@eldigitaldeasturias.com\",\"telephone\":\"+34652131393\",\"logo\":{\"@type\":\"ImageObject\",\"url\":\"https:\\\/\\\/www.eldigitaldeasturias.com\\\/noticias\\\/wp-content\\\/uploads\\\/2020\\\/12\\\/EDA.jpg\",\"@id\":\"https:\\\/\\\/www.eldigitaldeasturias.com\\\/noticias\\\/los-diarios-de-humboldt-en-america-entran-en-el-patrimonio-cultural-de-berlin\\\/#organizationLogo\"},\"image\":{\"@id\":\"https:\\\/\\\/www.eldigitaldeasturias.com\\\/noticias\\\/los-diarios-de-humboldt-en-america-entran-en-el-patrimonio-cultural-de-berlin\\\/#organizationLogo\"},\"sameAs\":[\"https:\\\/\\\/facebook.com\\\/eldigitaldeasturias\",\"https:\\\/\\\/www.youtube.com\\\/channel\\\/UCZP-2wLEB9Rv6erhFmqVnvg\"],\"address\":{\"@id\":\"https:\\\/\\\/www.eldigitaldeasturias.com\\\/noticias\\\/#postaladdress\",\"@type\":\"PostalAddress\",\"streetAddress\":\"san antonio 4\",\"postalCode\":\"33430\",\"addressLocality\":\"Cand\\u00e1s\",\"addressRegion\":\"Asturias\",\"addressCountry\":\"ES\"}},{\"@type\":\"Person\",\"@id\":\"https:\\\/\\\/www.eldigitaldeasturias.com\\\/noticias\\\/author\\\/admin\\\/#author\",\"url\":\"https:\\\/\\\/www.eldigitaldeasturias.com\\\/noticias\\\/author\\\/admin\\\/\",\"name\":\"El Digital de Asturias\",\"image\":{\"@type\":\"ImageObject\",\"@id\":\"https:\\\/\\\/www.eldigitaldeasturias.com\\\/noticias\\\/los-diarios-de-humboldt-en-america-entran-en-el-patrimonio-cultural-de-berlin\\\/#authorImage\",\"url\":\"https:\\\/\\\/secure.gravatar.com\\\/avatar\\\/df2aeffc32bcd13f8d26072ef8a91b623d677766deac7f97ca815868cd41bf5e?s=96&d=mm&r=g\",\"width\":96,\"height\":96,\"caption\":\"El Digital de Asturias\"}},{\"@type\":\"WebPage\",\"@id\":\"https:\\\/\\\/www.eldigitaldeasturias.com\\\/noticias\\\/los-diarios-de-humboldt-en-america-entran-en-el-patrimonio-cultural-de-berlin\\\/#webpage\",\"url\":\"https:\\\/\\\/www.eldigitaldeasturias.com\\\/noticias\\\/los-diarios-de-humboldt-en-america-entran-en-el-patrimonio-cultural-de-berlin\\\/\",\"name\":\"Los diarios de Humboldt en Am\\u00e9rica entran en el patrimonio cultural de Berl\\u00edn - El Digital de Asturias\",\"description\":\"Berl\\u00edn, 4 dic (EFE).- La Fundaci\\u00f3n del Patrimonio Cultural de Berl\\u00edn ha adquirido los diarios escritos por Alexander von Humboldt en su larga exploraci\\u00f3n por Am\\u00e9rica, hasta ahora propiedad de un descendiente del naturalista alem\\u00e1n, informaron hoy fuentes de esa instituci\\u00f3n. Los diarios constan de unas 4.000 p\\u00e1ginas escritas a lo largo de sus cinco\",\"inLanguage\":\"es-ES\",\"isPartOf\":{\"@id\":\"https:\\\/\\\/www.eldigitaldeasturias.com\\\/noticias\\\/#website\"},\"breadcrumb\":{\"@id\":\"https:\\\/\\\/www.eldigitaldeasturias.com\\\/noticias\\\/los-diarios-de-humboldt-en-america-entran-en-el-patrimonio-cultural-de-berlin\\\/#breadcrumblist\"},\"author\":{\"@id\":\"https:\\\/\\\/www.eldigitaldeasturias.com\\\/noticias\\\/author\\\/admin\\\/#author\"},\"creator\":{\"@id\":\"https:\\\/\\\/www.eldigitaldeasturias.com\\\/noticias\\\/author\\\/admin\\\/#author\"},\"image\":{\"@type\":\"ImageObject\",\"url\":457908,\"@id\":\"https:\\\/\\\/www.eldigitaldeasturias.com\\\/noticias\\\/los-diarios-de-humboldt-en-america-entran-en-el-patrimonio-cultural-de-berlin\\\/#mainImage\"},\"primaryImageOfPage\":{\"@id\":\"https:\\\/\\\/www.eldigitaldeasturias.com\\\/noticias\\\/los-diarios-de-humboldt-en-america-entran-en-el-patrimonio-cultural-de-berlin\\\/#mainImage\"},\"datePublished\":\"2013-12-04T23:00:27+01:00\",\"dateModified\":\"2013-12-04T23:00:27+01:00\"},{\"@type\":\"WebSite\",\"@id\":\"https:\\\/\\\/www.eldigitaldeasturias.com\\\/noticias\\\/#website\",\"url\":\"https:\\\/\\\/www.eldigitaldeasturias.com\\\/noticias\\\/\",\"name\":\"El Digital de Asturias - Diario de actualidad y noticias\",\"alternateName\":\"El Digital de Asturias - Diario de actualidad y noticias\",\"description\":\"Hemeroteca\",\"inLanguage\":\"es-ES\",\"publisher\":{\"@id\":\"https:\\\/\\\/www.eldigitaldeasturias.com\\\/noticias\\\/#organization\"}}]}\n\t\t<\/script>\n\t\t<!-- All in One SEO Pro -->\r\n\t\t<title>Los diarios de Humboldt en Am\u00e9rica entran en el patrimonio cultural de Berl\u00edn - El Digital de Asturias<\/title>\n\n","aioseo_head_json":{"title":"Los diarios de Humboldt en Am\u00e9rica entran en el patrimonio cultural de Berl\u00edn - El Digital de Asturias","description":"Berl\u00edn, 4 dic (EFE).- La Fundaci\u00f3n del Patrimonio Cultural de Berl\u00edn ha adquirido los diarios escritos por Alexander von Humboldt en su larga exploraci\u00f3n por Am\u00e9rica, hasta ahora propiedad de un descendiente del naturalista alem\u00e1n, informaron hoy fuentes de esa instituci\u00f3n. Los diarios constan de unas 4.000 p\u00e1ginas escritas a lo largo de sus cinco","canonical_url":"https:\/\/www.eldigitaldeasturias.com\/noticias\/los-diarios-de-humboldt-en-america-entran-en-el-patrimonio-cultural-de-berlin\/","robots":"max-image-preview:large","keywords":"revista de ocio","webmasterTools":{"google-site-verification":"UA-38556648-1","msvalidate.01":"7dfe9f3f1b24437ab69f4f2559babe99","miscellaneous":""},"schema":{"@context":"https:\/\/schema.org","@graph":[{"@type":"BlogPosting","@id":"https:\/\/www.eldigitaldeasturias.com\/noticias\/los-diarios-de-humboldt-en-america-entran-en-el-patrimonio-cultural-de-berlin\/#blogposting","name":"Los diarios de Humboldt en Am\u00e9rica entran en el patrimonio cultural de Berl\u00edn - El Digital de Asturias","headline":"Los diarios de Humboldt en Am\u00e9rica entran en el patrimonio cultural de Berl\u00edn","author":{"@id":"https:\/\/www.eldigitaldeasturias.com\/noticias\/author\/admin\/#author"},"publisher":{"@id":"https:\/\/www.eldigitaldeasturias.com\/noticias\/#organization"},"image":{"@type":"ImageObject","url":457908},"datePublished":"2013-12-04T23:00:27+01:00","dateModified":"2013-12-04T23:00:27+01:00","inLanguage":"es-ES","mainEntityOfPage":{"@id":"https:\/\/www.eldigitaldeasturias.com\/noticias\/los-diarios-de-humboldt-en-america-entran-en-el-patrimonio-cultural-de-berlin\/#webpage"},"isPartOf":{"@id":"https:\/\/www.eldigitaldeasturias.com\/noticias\/los-diarios-de-humboldt-en-america-entran-en-el-patrimonio-cultural-de-berlin\/#webpage"},"articleSection":"Revista de Ocio"},{"@type":"BreadcrumbList","@id":"https:\/\/www.eldigitaldeasturias.com\/noticias\/los-diarios-de-humboldt-en-america-entran-en-el-patrimonio-cultural-de-berlin\/#breadcrumblist","itemListElement":[{"@type":"ListItem","@id":"https:\/\/www.eldigitaldeasturias.com\/noticias#listItem","position":1,"name":"Home","item":"https:\/\/www.eldigitaldeasturias.com\/noticias","nextItem":{"@type":"ListItem","@id":"https:\/\/www.eldigitaldeasturias.com\/noticias\/category\/revista-de-ocio\/#listItem","name":"Revista de Ocio"}},{"@type":"ListItem","@id":"https:\/\/www.eldigitaldeasturias.com\/noticias\/category\/revista-de-ocio\/#listItem","position":2,"name":"Revista de Ocio","item":"https:\/\/www.eldigitaldeasturias.com\/noticias\/category\/revista-de-ocio\/","nextItem":{"@type":"ListItem","@id":"https:\/\/www.eldigitaldeasturias.com\/noticias\/los-diarios-de-humboldt-en-america-entran-en-el-patrimonio-cultural-de-berlin\/#listItem","name":"Los diarios de Humboldt en Am\u00e9rica entran en el patrimonio cultural de Berl\u00edn"},"previousItem":{"@type":"ListItem","@id":"https:\/\/www.eldigitaldeasturias.com\/noticias#listItem","name":"Home"}},{"@type":"ListItem","@id":"https:\/\/www.eldigitaldeasturias.com\/noticias\/los-diarios-de-humboldt-en-america-entran-en-el-patrimonio-cultural-de-berlin\/#listItem","position":3,"name":"Los diarios de Humboldt en Am\u00e9rica entran en el patrimonio cultural de Berl\u00edn","previousItem":{"@type":"ListItem","@id":"https:\/\/www.eldigitaldeasturias.com\/noticias\/category\/revista-de-ocio\/#listItem","name":"Revista de Ocio"}}]},{"@type":"Organization","@id":"https:\/\/www.eldigitaldeasturias.com\/noticias\/#organization","name":"El Digital de Asturias","description":"Hemeroteca","url":"https:\/\/www.eldigitaldeasturias.com\/noticias\/","email":"info@eldigitaldeasturias.com","telephone":"+34652131393","logo":{"@type":"ImageObject","url":"https:\/\/www.eldigitaldeasturias.com\/noticias\/wp-content\/uploads\/2020\/12\/EDA.jpg","@id":"https:\/\/www.eldigitaldeasturias.com\/noticias\/los-diarios-de-humboldt-en-america-entran-en-el-patrimonio-cultural-de-berlin\/#organizationLogo"},"image":{"@id":"https:\/\/www.eldigitaldeasturias.com\/noticias\/los-diarios-de-humboldt-en-america-entran-en-el-patrimonio-cultural-de-berlin\/#organizationLogo"},"sameAs":["https:\/\/facebook.com\/eldigitaldeasturias","https:\/\/www.youtube.com\/channel\/UCZP-2wLEB9Rv6erhFmqVnvg"],"address":{"@id":"https:\/\/www.eldigitaldeasturias.com\/noticias\/#postaladdress","@type":"PostalAddress","streetAddress":"san antonio 4","postalCode":"33430","addressLocality":"Cand\u00e1s","addressRegion":"Asturias","addressCountry":"ES"}},{"@type":"Person","@id":"https:\/\/www.eldigitaldeasturias.com\/noticias\/author\/admin\/#author","url":"https:\/\/www.eldigitaldeasturias.com\/noticias\/author\/admin\/","name":"El Digital de Asturias","image":{"@type":"ImageObject","@id":"https:\/\/www.eldigitaldeasturias.com\/noticias\/los-diarios-de-humboldt-en-america-entran-en-el-patrimonio-cultural-de-berlin\/#authorImage","url":"https:\/\/secure.gravatar.com\/avatar\/df2aeffc32bcd13f8d26072ef8a91b623d677766deac7f97ca815868cd41bf5e?s=96&d=mm&r=g","width":96,"height":96,"caption":"El Digital de Asturias"}},{"@type":"WebPage","@id":"https:\/\/www.eldigitaldeasturias.com\/noticias\/los-diarios-de-humboldt-en-america-entran-en-el-patrimonio-cultural-de-berlin\/#webpage","url":"https:\/\/www.eldigitaldeasturias.com\/noticias\/los-diarios-de-humboldt-en-america-entran-en-el-patrimonio-cultural-de-berlin\/","name":"Los diarios de Humboldt en Am\u00e9rica entran en el patrimonio cultural de Berl\u00edn - El Digital de Asturias","description":"Berl\u00edn, 4 dic (EFE).- La Fundaci\u00f3n del Patrimonio Cultural de Berl\u00edn ha adquirido los diarios escritos por Alexander von Humboldt en su larga exploraci\u00f3n por Am\u00e9rica, hasta ahora propiedad de un descendiente del naturalista alem\u00e1n, informaron hoy fuentes de esa instituci\u00f3n. Los diarios constan de unas 4.000 p\u00e1ginas escritas a lo largo de sus cinco","inLanguage":"es-ES","isPartOf":{"@id":"https:\/\/www.eldigitaldeasturias.com\/noticias\/#website"},"breadcrumb":{"@id":"https:\/\/www.eldigitaldeasturias.com\/noticias\/los-diarios-de-humboldt-en-america-entran-en-el-patrimonio-cultural-de-berlin\/#breadcrumblist"},"author":{"@id":"https:\/\/www.eldigitaldeasturias.com\/noticias\/author\/admin\/#author"},"creator":{"@id":"https:\/\/www.eldigitaldeasturias.com\/noticias\/author\/admin\/#author"},"image":{"@type":"ImageObject","url":457908,"@id":"https:\/\/www.eldigitaldeasturias.com\/noticias\/los-diarios-de-humboldt-en-america-entran-en-el-patrimonio-cultural-de-berlin\/#mainImage"},"primaryImageOfPage":{"@id":"https:\/\/www.eldigitaldeasturias.com\/noticias\/los-diarios-de-humboldt-en-america-entran-en-el-patrimonio-cultural-de-berlin\/#mainImage"},"datePublished":"2013-12-04T23:00:27+01:00","dateModified":"2013-12-04T23:00:27+01:00"},{"@type":"WebSite","@id":"https:\/\/www.eldigitaldeasturias.com\/noticias\/#website","url":"https:\/\/www.eldigitaldeasturias.com\/noticias\/","name":"El Digital de Asturias - Diario de actualidad y noticias","alternateName":"El Digital de Asturias - Diario de actualidad y noticias","description":"Hemeroteca","inLanguage":"es-ES","publisher":{"@id":"https:\/\/www.eldigitaldeasturias.com\/noticias\/#organization"}}]},"og:locale":"es_ES","og:site_name":"El Digital de Asturias","og:type":"article","og:title":"Los diarios de Humboldt en Am\u00e9rica entran en el patrimonio cultural de Berl\u00edn - El Digital de Asturias","og:description":"Berl\u00edn, 4 dic (EFE).- La Fundaci\u00f3n del Patrimonio Cultural de Berl\u00edn ha adquirido los diarios escritos por Alexander von Humboldt en su larga exploraci\u00f3n por Am\u00e9rica, hasta ahora propiedad de un descendiente del naturalista alem\u00e1n, informaron hoy fuentes de esa instituci\u00f3n. Los diarios constan de unas 4.000 p\u00e1ginas escritas a lo largo de sus cinco","og:url":"https:\/\/www.eldigitaldeasturias.com\/noticias\/los-diarios-de-humboldt-en-america-entran-en-el-patrimonio-cultural-de-berlin\/","article:tag":["revista de ocio"],"article:published_time":"2013-12-05T00:00:27+00:00","article:modified_time":"2013-12-05T00:00:27+00:00","article:publisher":"https:\/\/facebook.com\/eldigitaldeasturias","twitter:card":"summary_large_image","twitter:title":"Los diarios de Humboldt en Am\u00e9rica entran en el patrimonio cultural de Berl\u00edn - El Digital de Asturias","twitter:description":"Berl\u00edn, 4 dic (EFE).- La Fundaci\u00f3n del Patrimonio Cultural de Berl\u00edn ha adquirido los diarios escritos por Alexander von Humboldt en su larga exploraci\u00f3n por Am\u00e9rica, hasta ahora propiedad de un descendiente del naturalista alem\u00e1n, informaron hoy fuentes de esa instituci\u00f3n. Los diarios constan de unas 4.000 p\u00e1ginas escritas a lo largo de sus cinco","twitter:label1":"Escrito por","twitter:data1":"El Digital de Asturias","twitter:label2":"Tiempo de lectura estimado","twitter:data2":"3 minutos"},"aioseo_meta_data":{"post_id":"457907","title":null,"description":null,"keywords":null,"keyphrases":null,"primary_term":null,"canonical_url":null,"og_title":null,"og_description":null,"og_object_type":"default","og_image_type":"default","og_image_url":null,"og_image_width":null,"og_image_height":null,"og_image_custom_url":null,"og_image_custom_fields":null,"og_video":null,"og_custom_url":null,"og_article_section":null,"og_article_tags":null,"twitter_use_og":true,"twitter_card":"default","twitter_image_type":"default","twitter_image_url":null,"twitter_image_custom_url":null,"twitter_image_custom_fields":null,"twitter_title":null,"twitter_description":null,"schema":{"blockGraphs":[],"customGraphs":[],"default":{"data":{"Article":[],"Course":[],"Dataset":[],"FAQPage":[],"Movie":[],"Person":[],"Product":[],"ProductReview":[],"Car":[],"Recipe":[],"Service":[],"SoftwareApplication":[],"WebPage":[]},"graphName":"","isEnabled":true},"graphs":[],"defaultGraph":"","defaultPostTypeGraph":""},"schema_type":null,"schema_type_options":null,"pillar_content":false,"robots_default":true,"robots_noindex":false,"robots_noarchive":false,"robots_nosnippet":false,"robots_nofollow":false,"robots_noimageindex":false,"robots_noodp":false,"robots_notranslate":false,"robots_max_snippet":null,"robots_max_videopreview":null,"robots_max_imagepreview":"none","priority":null,"frequency":null,"local_seo":null,"seo_analyzer_scan_date":"2026-05-30 03:40:07","breadcrumb_settings":null,"limit_modified_date":false,"open_ai":null,"ai":null,"created":"2020-11-14 22:46:13","updated":"2026-05-30 03:40:07","focus_keyword":null,"additional_keywords":null,"truseo_locale":null},"aioseo_breadcrumb":"<div class=\"aioseo-breadcrumbs\"><span class=\"aioseo-breadcrumb\">\n\t<a href=\"https:\/\/www.eldigitaldeasturias.com\/noticias\" title=\"Home\">Home<\/a>\n<\/span><span class=\"aioseo-breadcrumb-separator\">\u2013<\/span><span class=\"aioseo-breadcrumb\">\n\t<a href=\"https:\/\/www.eldigitaldeasturias.com\/noticias\/category\/revista-de-ocio\/\" title=\"Revista de Ocio\">Revista de Ocio<\/a>\n<\/span><span class=\"aioseo-breadcrumb-separator\">\u2013<\/span><span class=\"aioseo-breadcrumb\">\n\t<a href=\"https:\/\/www.eldigitaldeasturias.com\/noticias\/los-diarios-de-humboldt-en-america-entran-en-el-patrimonio-cultural-de-berlin\/\" title=\"Los diarios de Humboldt en Am\u00e9rica entran en el patrimonio cultural de Berl\u00edn\">Los diarios de Humboldt en Am\u00e9rica entran en el patrimonio cultural de Berl\u00edn<\/a>\n<\/span><\/div>","aioseo_breadcrumb_json":[{"label":"Home","link":"https:\/\/www.eldigitaldeasturias.com\/noticias"},{"label":"Revista de Ocio","link":"https:\/\/www.eldigitaldeasturias.com\/noticias\/category\/revista-de-ocio\/"},{"label":"Los diarios de Humboldt en Am\u00e9rica entran en el patrimonio cultural de Berl\u00edn","link":"https:\/\/www.eldigitaldeasturias.com\/noticias\/los-diarios-de-humboldt-en-america-entran-en-el-patrimonio-cultural-de-berlin\/"}],"_links":{"self":[{"href":"https:\/\/www.eldigitaldeasturias.com\/noticias\/wp-json\/wp\/v2\/posts\/457907","targetHints":{"allow":["GET"]}}],"collection":[{"href":"https:\/\/www.eldigitaldeasturias.com\/noticias\/wp-json\/wp\/v2\/posts"}],"about":[{"href":"https:\/\/www.eldigitaldeasturias.com\/noticias\/wp-json\/wp\/v2\/types\/post"}],"author":[{"embeddable":true,"href":"https:\/\/www.eldigitaldeasturias.com\/noticias\/wp-json\/wp\/v2\/users\/1"}],"replies":[{"embeddable":true,"href":"https:\/\/www.eldigitaldeasturias.com\/noticias\/wp-json\/wp\/v2\/comments?post=457907"}],"version-history":[{"count":0,"href":"https:\/\/www.eldigitaldeasturias.com\/noticias\/wp-json\/wp\/v2\/posts\/457907\/revisions"}],"wp:attachment":[{"href":"https:\/\/www.eldigitaldeasturias.com\/noticias\/wp-json\/wp\/v2\/media?parent=457907"}],"wp:term":[{"taxonomy":"category","embeddable":true,"href":"https:\/\/www.eldigitaldeasturias.com\/noticias\/wp-json\/wp\/v2\/categories?post=457907"},{"taxonomy":"post_tag","embeddable":true,"href":"https:\/\/www.eldigitaldeasturias.com\/noticias\/wp-json\/wp\/v2\/tags?post=457907"}],"curies":[{"name":"wp","href":"https:\/\/api.w.org\/{rel}","templated":true}]}}