{"id":457895,"date":"2013-12-04T22:37:59","date_gmt":"2013-12-04T23:37:59","guid":{"rendered":"http:\/\/www.eldigitaldeasturias.com\/noticias\/?p=457895"},"modified":"2013-12-04T22:37:59","modified_gmt":"2013-12-04T23:37:59","slug":"la-corrupcion-vuelve-a-ser-el-segundo-problema-de-los-espanoles-tras-el-paro-segun-el-cis","status":"publish","type":"post","link":"https:\/\/www.eldigitaldeasturias.com\/noticias\/la-corrupcion-vuelve-a-ser-el-segundo-problema-de-los-espanoles-tras-el-paro-segun-el-cis\/","title":{"rendered":"La corrupci\u00f3n vuelve a ser el segundo problema de los espa\u00f1oles tras el paro, seg\u00fan el CIS"},"content":{"rendered":"<p><img loading=\"lazy\" decoding=\"async\" class=\"alignleft size-medium wp-image-457896\" alt=\"5771402w\" src=\"https:\/\/www.eldigitaldeasturias.com\/noticias\/wp-content\/uploads\/2013\/12\/5771402w-360x240.jpg\" width=\"360\" height=\"240\" \/>Madrid, 4 dic (EFE).- La corrupci\u00f3n vuelve a ocupar, aunque por escaso margen, el segundo lugar en la lista de problemas de los espa\u00f1oles s\u00f3lo por detr\u00e1s del paro y desplazando a los problemas econ\u00f3micos que pasan al tercer puesto, seg\u00fan el bar\u00f3metro del Centro de Investigaciones Sociol\u00f3gicas (CIS) del pasado mes de noviembre,<\/p>\n<p>En la encuesta, realizada entre el 1 y el 13 de noviembre, el paro es citado por el 77,7 por ciento de los espa\u00f1oles -77,4 en octubre-, seguido de la corrupci\u00f3n, con el 31,8 -31,1 en el anterior bar\u00f3metro- y los problemas de \u00edndole econ\u00f3mica con el 31,1 por ciento, frente al 32,7 del mes anterior.<\/p>\n<p>En noviembre aument\u00f3 tambi\u00e9n la inquietud que provocan los pol\u00edticos y los partidos, mencionados por un 29,7 por ciento de los espa\u00f1oles, frente al 28,6 de octubre.<\/p>\n<p>En quinto lugar los ciudadanos citan a la sanidad -13 por ciento- y la educaci\u00f3n, que escala dos puntos, del 9,1 hasta 11,8, en pleno debate sobre la llamada \u00abLey Wert\u00bb.<\/p>\n<p>A la educaci\u00f3n le segu\u00edan los \u00abproblemas de \u00edndole social\u00bb, que caen del 7,4 de octubre al 5,9 en noviembre, y \u00ablos recortes\u00bb, mencionados por un 5,7 por ciento de los ciudadanos frente a un 5,2 de la anterior encuesta.<\/p>\n<p>La falta de confianza en la pol\u00edtica tiene tambi\u00e9n su reflejo en que s\u00f3lo un 1,9 por ciento de los espa\u00f1oles reconoce que milita y que participa activamente en un partido pol\u00edtico o la percepci\u00f3n sobre la actual situaci\u00f3n pol\u00edtica.<\/p>\n<p>Aunque en la encuesta se aprecian leves cambios, sigue siendo aplastante mayor\u00eda los que califican la situaci\u00f3n pol\u00edtica de \u00abmala o muy mala\u00bb -81,2 frente al 82,2 en octubre-, un 13,8 piensa que la situaci\u00f3n est\u00e1 \u00abregular\u00bb y un 1,8 que es \u00abbuena o muy buena\u00bb -1,6 en octubre-.<\/p>\n<p>Dentro de un a\u00f1o, un 48 por ciento cree que todo seguir\u00e1 igual, un 31,7 que ir\u00e1 a peor, y un 9,3 que mejorar\u00e1, datos pr\u00e1cticamente calcados a los del anterior bar\u00f3metro del mes de octubre.<\/p>\n<p>Por su parte, la percepci\u00f3n de la situaci\u00f3n econ\u00f3mica tampoco cambia y un 88,3 la considera \u00abmala o muy mala\u00bb, mientras que el 10,6 la califica de \u00abregular\u00bb y s\u00f3lo un 0,7 -igual que en octubre- dice que es \u00abbuena o muy buena\u00bb.<\/p>\n<p>Mirando al futuro, una mayor\u00eda del 39,5 cree que la econom\u00eda estar\u00e1 igual dentro de un a\u00f1o, aunque mejora algo la percepci\u00f3n porque bajan algo los que piensan que estar\u00e1 peor, del 32 al 29,5 y, al mismo tiempo, aumentan los que opinan que mejorar\u00e1, del 18,1 al 20,7 por ciento.<\/p>\n<p>El \u00faltimo bar\u00f3metro incluye tambi\u00e9n un amplio estudio sobre la participaci\u00f3n de los ciudadanos en asociaciones o movimientos civiles.<\/p>\n<p>Menos de un 2 por ciento milita en partidos pol\u00edticos frente al 8,4 por ciento que pertenece a un club deportivo o el 6,2 por ciento que colabora en asociaciones de caridad o ayuda social.<\/p>\n<p>As\u00ed, queda claro que los espa\u00f1oles prefieren el asociacionismo civil, cultural o vecinal a las organizaciones pol\u00edticas o sindicales, que concitan a un 3,4 por ciento de los encuestados.<\/p>\n<p>Los motivos que mayoritariamente llevan a los ciudadanos a pertenecer a alg\u00fan grupo son, en el caso de las formaciones pol\u00edticas, a poner en pr\u00e1ctica sus ideas y valores y a defender sus intereses si se trata de un sindicato.<\/p>\n<p>Quienes est\u00e1n en alguna asociaci\u00f3n de caridad o ayuda social es porque est\u00e1n convencidos de que es necesario la implicaci\u00f3n personal, raz\u00f3n citada por un 33 por ciento.<\/p>\n<p>Hay ciudadanos que no participan en ning\u00fan grupo c\u00edvico y no lo hacen porque \u00abtienen cosas m\u00e1s importantes que hacer\u00bb, como se\u00f1ala el 29,5 por ciento de los entrevistados; un 24,4 por ciento no encuentra organizaciones que le motiven a participar y un 21,6 \u00abno quiere complicarse la vida\u00bb.<\/p>\n<p>El voluntariado tiene escaso arraigo social en Espa\u00f1a tal como se desprende del bar\u00f3metro ya que, de manera global, m\u00e1s del 93 por ciento de los ciudadanos no participa en ninguna actividad de forma desinteresada.<\/p>\n<p>Cuidar enfermos o tareas relacionadas con la promoci\u00f3n de la salud es la tarea voluntaria que despierta m\u00e1s inter\u00e9s -5 por ciento-, seguida de la ayuda a discapacitados y dependientes -4,3- y el apoyo educativo y cultural -3,9-.<\/p>\n<p>Adem\u00e1s, un 24,3 por ciento de los encuestados ha hecho en el \u00faltimo a\u00f1o donativos a organizaciones no gubernamentales frente al 75,5 por ciento que no lo ha hecho.<\/p>\n","protected":false},"excerpt":{"rendered":"<p>Madrid, 4 dic (EFE).- La corrupci\u00f3n vuelve a ocupar, aunque por escaso margen, el segundo lugar en la lista de problemas de los espa\u00f1oles s\u00f3lo por detr\u00e1s del paro y desplazando a los problemas econ\u00f3micos que pasan al tercer puesto, seg\u00fan el bar\u00f3metro del Centro de Investigaciones Sociol\u00f3gicas (CIS) del pasado mes de noviembre, En [&hellip;]<\/p>\n","protected":false},"author":1,"featured_media":457896,"comment_status":"closed","ping_status":"open","sticky":false,"template":"","format":"standard","meta":{"footnotes":""},"categories":[28],"tags":[],"class_list":["post-457895","post","type-post","status-publish","format-standard","has-post-thumbnail","hentry","category-sociedad"],"aioseo_notices":[],"aioseo_head":"\n\t\t<!-- All in One SEO Pro 5.0.1 - aioseo.com -->\n\t<meta name=\"description\" content=\"Madrid, 4 dic (EFE).- La corrupci\u00f3n vuelve a ocupar, aunque por escaso margen, el segundo lugar en la lista de problemas de los espa\u00f1oles s\u00f3lo por detr\u00e1s del paro y desplazando a los problemas econ\u00f3micos que pasan al tercer puesto, seg\u00fan el bar\u00f3metro del Centro de Investigaciones Sociol\u00f3gicas (CIS) del pasado mes de noviembre, En\" \/>\n\t<meta name=\"robots\" content=\"max-image-preview:large\" \/>\n\t<meta name=\"author\" content=\"El Digital de Asturias\"\/>\n\t<meta name=\"google-site-verification\" content=\"UA-38556648-1\" \/>\n\t<meta name=\"msvalidate.01\" content=\"7dfe9f3f1b24437ab69f4f2559babe99\" \/>\n\t<meta name=\"keywords\" content=\"sociedad\" \/>\n\t<link rel=\"canonical\" href=\"https:\/\/www.eldigitaldeasturias.com\/noticias\/la-corrupcion-vuelve-a-ser-el-segundo-problema-de-los-espanoles-tras-el-paro-segun-el-cis\/\" \/>\n\t<meta name=\"generator\" content=\"All in One SEO Pro (AIOSEO) 5.0.1\" \/>\n\t\t<meta property=\"og:locale\" content=\"es_ES\" \/>\n\t\t<meta property=\"og:site_name\" content=\"El Digital de Asturias\" \/>\n\t\t<meta property=\"og:type\" content=\"article\" \/>\n\t\t<meta property=\"og:title\" content=\"La corrupci\u00f3n vuelve a ser el segundo problema de los espa\u00f1oles tras el paro, seg\u00fan el CIS - El Digital de Asturias\" \/>\n\t\t<meta property=\"og:description\" content=\"Madrid, 4 dic (EFE).- La corrupci\u00f3n vuelve a ocupar, aunque por escaso margen, el segundo lugar en la lista de problemas de los espa\u00f1oles s\u00f3lo por detr\u00e1s del paro y desplazando a los problemas econ\u00f3micos que pasan al tercer puesto, seg\u00fan el bar\u00f3metro del Centro de Investigaciones Sociol\u00f3gicas (CIS) del pasado mes de noviembre, En\" \/>\n\t\t<meta property=\"og:url\" content=\"https:\/\/www.eldigitaldeasturias.com\/noticias\/la-corrupcion-vuelve-a-ser-el-segundo-problema-de-los-espanoles-tras-el-paro-segun-el-cis\/\" \/>\n\t\t<meta property=\"article:tag\" content=\"sociedad\" \/>\n\t\t<meta property=\"article:published_time\" content=\"2013-12-04T23:37:59+00:00\" \/>\n\t\t<meta property=\"article:modified_time\" content=\"2013-12-04T23:37:59+00:00\" \/>\n\t\t<meta property=\"article:publisher\" content=\"https:\/\/facebook.com\/eldigitaldeasturias\" \/>\n\t\t<meta name=\"twitter:card\" content=\"summary_large_image\" \/>\n\t\t<meta name=\"twitter:title\" content=\"La corrupci\u00f3n vuelve a ser el segundo problema de los espa\u00f1oles tras el paro, seg\u00fan el CIS - El Digital de Asturias\" \/>\n\t\t<meta name=\"twitter:description\" content=\"Madrid, 4 dic (EFE).- La corrupci\u00f3n vuelve a ocupar, aunque por escaso margen, el segundo lugar en la lista de problemas de los espa\u00f1oles s\u00f3lo por detr\u00e1s del paro y desplazando a los problemas econ\u00f3micos que pasan al tercer puesto, seg\u00fan el bar\u00f3metro del Centro de Investigaciones Sociol\u00f3gicas (CIS) del pasado mes de noviembre, En\" \/>\n\t\t<meta name=\"twitter:label1\" content=\"Escrito por\" \/>\n\t\t<meta name=\"twitter:data1\" content=\"El Digital de Asturias\" \/>\n\t\t<meta name=\"twitter:label2\" content=\"Tiempo de lectura estimado\" \/>\n\t\t<meta name=\"twitter:data2\" content=\"4 minutos\" \/>\n\t\t<script type=\"application\/ld+json\" class=\"aioseo-schema\">\n\t\t\t{\"@context\":\"https:\\\/\\\/schema.org\",\"@graph\":[{\"@type\":\"BlogPosting\",\"@id\":\"https:\\\/\\\/www.eldigitaldeasturias.com\\\/noticias\\\/la-corrupcion-vuelve-a-ser-el-segundo-problema-de-los-espanoles-tras-el-paro-segun-el-cis\\\/#blogposting\",\"name\":\"La corrupci\\u00f3n vuelve a ser el segundo problema de los espa\\u00f1oles tras el paro, seg\\u00fan el CIS - El Digital de Asturias\",\"headline\":\"La corrupci\\u00f3n vuelve a ser el segundo problema de los espa\\u00f1oles tras el paro, seg\\u00fan el CIS\",\"author\":{\"@id\":\"https:\\\/\\\/www.eldigitaldeasturias.com\\\/noticias\\\/author\\\/admin\\\/#author\"},\"publisher\":{\"@id\":\"https:\\\/\\\/www.eldigitaldeasturias.com\\\/noticias\\\/#organization\"},\"image\":{\"@type\":\"ImageObject\",\"url\":457896},\"datePublished\":\"2013-12-04T22:37:59+01:00\",\"dateModified\":\"2013-12-04T22:37:59+01:00\",\"inLanguage\":\"es-ES\",\"mainEntityOfPage\":{\"@id\":\"https:\\\/\\\/www.eldigitaldeasturias.com\\\/noticias\\\/la-corrupcion-vuelve-a-ser-el-segundo-problema-de-los-espanoles-tras-el-paro-segun-el-cis\\\/#webpage\"},\"isPartOf\":{\"@id\":\"https:\\\/\\\/www.eldigitaldeasturias.com\\\/noticias\\\/la-corrupcion-vuelve-a-ser-el-segundo-problema-de-los-espanoles-tras-el-paro-segun-el-cis\\\/#webpage\"},\"articleSection\":\"Sociedad\"},{\"@type\":\"BreadcrumbList\",\"@id\":\"https:\\\/\\\/www.eldigitaldeasturias.com\\\/noticias\\\/la-corrupcion-vuelve-a-ser-el-segundo-problema-de-los-espanoles-tras-el-paro-segun-el-cis\\\/#breadcrumblist\",\"itemListElement\":[{\"@type\":\"ListItem\",\"@id\":\"https:\\\/\\\/www.eldigitaldeasturias.com\\\/noticias#listItem\",\"position\":1,\"name\":\"Home\",\"item\":\"https:\\\/\\\/www.eldigitaldeasturias.com\\\/noticias\",\"nextItem\":{\"@type\":\"ListItem\",\"@id\":\"https:\\\/\\\/www.eldigitaldeasturias.com\\\/noticias\\\/category\\\/sociedad\\\/#listItem\",\"name\":\"Sociedad\"}},{\"@type\":\"ListItem\",\"@id\":\"https:\\\/\\\/www.eldigitaldeasturias.com\\\/noticias\\\/category\\\/sociedad\\\/#listItem\",\"position\":2,\"name\":\"Sociedad\",\"item\":\"https:\\\/\\\/www.eldigitaldeasturias.com\\\/noticias\\\/category\\\/sociedad\\\/\",\"nextItem\":{\"@type\":\"ListItem\",\"@id\":\"https:\\\/\\\/www.eldigitaldeasturias.com\\\/noticias\\\/la-corrupcion-vuelve-a-ser-el-segundo-problema-de-los-espanoles-tras-el-paro-segun-el-cis\\\/#listItem\",\"name\":\"La corrupci\\u00f3n vuelve a ser el segundo problema de los espa\\u00f1oles tras el paro, seg\\u00fan el CIS\"},\"previousItem\":{\"@type\":\"ListItem\",\"@id\":\"https:\\\/\\\/www.eldigitaldeasturias.com\\\/noticias#listItem\",\"name\":\"Home\"}},{\"@type\":\"ListItem\",\"@id\":\"https:\\\/\\\/www.eldigitaldeasturias.com\\\/noticias\\\/la-corrupcion-vuelve-a-ser-el-segundo-problema-de-los-espanoles-tras-el-paro-segun-el-cis\\\/#listItem\",\"position\":3,\"name\":\"La corrupci\\u00f3n vuelve a ser el segundo problema de los espa\\u00f1oles tras el paro, seg\\u00fan el CIS\",\"previousItem\":{\"@type\":\"ListItem\",\"@id\":\"https:\\\/\\\/www.eldigitaldeasturias.com\\\/noticias\\\/category\\\/sociedad\\\/#listItem\",\"name\":\"Sociedad\"}}]},{\"@type\":\"Organization\",\"@id\":\"https:\\\/\\\/www.eldigitaldeasturias.com\\\/noticias\\\/#organization\",\"name\":\"El Digital de Asturias\",\"description\":\"Hemeroteca\",\"url\":\"https:\\\/\\\/www.eldigitaldeasturias.com\\\/noticias\\\/\",\"email\":\"info@eldigitaldeasturias.com\",\"telephone\":\"+34652131393\",\"logo\":{\"@type\":\"ImageObject\",\"url\":\"https:\\\/\\\/www.eldigitaldeasturias.com\\\/noticias\\\/wp-content\\\/uploads\\\/2020\\\/12\\\/EDA.jpg\",\"@id\":\"https:\\\/\\\/www.eldigitaldeasturias.com\\\/noticias\\\/la-corrupcion-vuelve-a-ser-el-segundo-problema-de-los-espanoles-tras-el-paro-segun-el-cis\\\/#organizationLogo\"},\"image\":{\"@id\":\"https:\\\/\\\/www.eldigitaldeasturias.com\\\/noticias\\\/la-corrupcion-vuelve-a-ser-el-segundo-problema-de-los-espanoles-tras-el-paro-segun-el-cis\\\/#organizationLogo\"},\"sameAs\":[\"https:\\\/\\\/facebook.com\\\/eldigitaldeasturias\",\"https:\\\/\\\/www.youtube.com\\\/channel\\\/UCZP-2wLEB9Rv6erhFmqVnvg\"],\"address\":{\"@id\":\"https:\\\/\\\/www.eldigitaldeasturias.com\\\/noticias\\\/#postaladdress\",\"@type\":\"PostalAddress\",\"streetAddress\":\"san antonio 4\",\"postalCode\":\"33430\",\"addressLocality\":\"Cand\\u00e1s\",\"addressRegion\":\"Asturias\",\"addressCountry\":\"ES\"}},{\"@type\":\"Person\",\"@id\":\"https:\\\/\\\/www.eldigitaldeasturias.com\\\/noticias\\\/author\\\/admin\\\/#author\",\"url\":\"https:\\\/\\\/www.eldigitaldeasturias.com\\\/noticias\\\/author\\\/admin\\\/\",\"name\":\"El Digital de Asturias\",\"image\":{\"@type\":\"ImageObject\",\"@id\":\"https:\\\/\\\/www.eldigitaldeasturias.com\\\/noticias\\\/la-corrupcion-vuelve-a-ser-el-segundo-problema-de-los-espanoles-tras-el-paro-segun-el-cis\\\/#authorImage\",\"url\":\"https:\\\/\\\/secure.gravatar.com\\\/avatar\\\/df2aeffc32bcd13f8d26072ef8a91b623d677766deac7f97ca815868cd41bf5e?s=96&d=mm&r=g\",\"width\":96,\"height\":96,\"caption\":\"El Digital de Asturias\"}},{\"@type\":\"WebPage\",\"@id\":\"https:\\\/\\\/www.eldigitaldeasturias.com\\\/noticias\\\/la-corrupcion-vuelve-a-ser-el-segundo-problema-de-los-espanoles-tras-el-paro-segun-el-cis\\\/#webpage\",\"url\":\"https:\\\/\\\/www.eldigitaldeasturias.com\\\/noticias\\\/la-corrupcion-vuelve-a-ser-el-segundo-problema-de-los-espanoles-tras-el-paro-segun-el-cis\\\/\",\"name\":\"La corrupci\\u00f3n vuelve a ser el segundo problema de los espa\\u00f1oles tras el paro, seg\\u00fan el CIS - El Digital de Asturias\",\"description\":\"Madrid, 4 dic (EFE).- La corrupci\\u00f3n vuelve a ocupar, aunque por escaso margen, el segundo lugar en la lista de problemas de los espa\\u00f1oles s\\u00f3lo por detr\\u00e1s del paro y desplazando a los problemas econ\\u00f3micos que pasan al tercer puesto, seg\\u00fan el bar\\u00f3metro del Centro de Investigaciones Sociol\\u00f3gicas (CIS) del pasado mes de noviembre, En\",\"inLanguage\":\"es-ES\",\"isPartOf\":{\"@id\":\"https:\\\/\\\/www.eldigitaldeasturias.com\\\/noticias\\\/#website\"},\"breadcrumb\":{\"@id\":\"https:\\\/\\\/www.eldigitaldeasturias.com\\\/noticias\\\/la-corrupcion-vuelve-a-ser-el-segundo-problema-de-los-espanoles-tras-el-paro-segun-el-cis\\\/#breadcrumblist\"},\"author\":{\"@id\":\"https:\\\/\\\/www.eldigitaldeasturias.com\\\/noticias\\\/author\\\/admin\\\/#author\"},\"creator\":{\"@id\":\"https:\\\/\\\/www.eldigitaldeasturias.com\\\/noticias\\\/author\\\/admin\\\/#author\"},\"image\":{\"@type\":\"ImageObject\",\"url\":457896,\"@id\":\"https:\\\/\\\/www.eldigitaldeasturias.com\\\/noticias\\\/la-corrupcion-vuelve-a-ser-el-segundo-problema-de-los-espanoles-tras-el-paro-segun-el-cis\\\/#mainImage\"},\"primaryImageOfPage\":{\"@id\":\"https:\\\/\\\/www.eldigitaldeasturias.com\\\/noticias\\\/la-corrupcion-vuelve-a-ser-el-segundo-problema-de-los-espanoles-tras-el-paro-segun-el-cis\\\/#mainImage\"},\"datePublished\":\"2013-12-04T22:37:59+01:00\",\"dateModified\":\"2013-12-04T22:37:59+01:00\"},{\"@type\":\"WebSite\",\"@id\":\"https:\\\/\\\/www.eldigitaldeasturias.com\\\/noticias\\\/#website\",\"url\":\"https:\\\/\\\/www.eldigitaldeasturias.com\\\/noticias\\\/\",\"name\":\"El Digital de Asturias - Diario de actualidad y noticias\",\"alternateName\":\"El Digital de Asturias - Diario de actualidad y noticias\",\"description\":\"Hemeroteca\",\"inLanguage\":\"es-ES\",\"publisher\":{\"@id\":\"https:\\\/\\\/www.eldigitaldeasturias.com\\\/noticias\\\/#organization\"}}]}\n\t\t<\/script>\n\t\t<!-- All in One SEO Pro -->\r\n\t\t<title>La corrupci\u00f3n vuelve a ser el segundo problema de los espa\u00f1oles tras el paro, seg\u00fan el CIS - El Digital de Asturias<\/title>\n\n","aioseo_head_json":{"title":"La corrupci\u00f3n vuelve a ser el segundo problema de los espa\u00f1oles tras el paro, seg\u00fan el CIS - El Digital de Asturias","description":"Madrid, 4 dic (EFE).- La corrupci\u00f3n vuelve a ocupar, aunque por escaso margen, el segundo lugar en la lista de problemas de los espa\u00f1oles s\u00f3lo por detr\u00e1s del paro y desplazando a los problemas econ\u00f3micos que pasan al tercer puesto, seg\u00fan el bar\u00f3metro del Centro de Investigaciones Sociol\u00f3gicas (CIS) del pasado mes de noviembre, En","canonical_url":"https:\/\/www.eldigitaldeasturias.com\/noticias\/la-corrupcion-vuelve-a-ser-el-segundo-problema-de-los-espanoles-tras-el-paro-segun-el-cis\/","robots":"max-image-preview:large","keywords":"sociedad","webmasterTools":{"google-site-verification":"UA-38556648-1","msvalidate.01":"7dfe9f3f1b24437ab69f4f2559babe99","miscellaneous":""},"schema":{"@context":"https:\/\/schema.org","@graph":[{"@type":"BlogPosting","@id":"https:\/\/www.eldigitaldeasturias.com\/noticias\/la-corrupcion-vuelve-a-ser-el-segundo-problema-de-los-espanoles-tras-el-paro-segun-el-cis\/#blogposting","name":"La corrupci\u00f3n vuelve a ser el segundo problema de los espa\u00f1oles tras el paro, seg\u00fan el CIS - El Digital de Asturias","headline":"La corrupci\u00f3n vuelve a ser el segundo problema de los espa\u00f1oles tras el paro, seg\u00fan el CIS","author":{"@id":"https:\/\/www.eldigitaldeasturias.com\/noticias\/author\/admin\/#author"},"publisher":{"@id":"https:\/\/www.eldigitaldeasturias.com\/noticias\/#organization"},"image":{"@type":"ImageObject","url":457896},"datePublished":"2013-12-04T22:37:59+01:00","dateModified":"2013-12-04T22:37:59+01:00","inLanguage":"es-ES","mainEntityOfPage":{"@id":"https:\/\/www.eldigitaldeasturias.com\/noticias\/la-corrupcion-vuelve-a-ser-el-segundo-problema-de-los-espanoles-tras-el-paro-segun-el-cis\/#webpage"},"isPartOf":{"@id":"https:\/\/www.eldigitaldeasturias.com\/noticias\/la-corrupcion-vuelve-a-ser-el-segundo-problema-de-los-espanoles-tras-el-paro-segun-el-cis\/#webpage"},"articleSection":"Sociedad"},{"@type":"BreadcrumbList","@id":"https:\/\/www.eldigitaldeasturias.com\/noticias\/la-corrupcion-vuelve-a-ser-el-segundo-problema-de-los-espanoles-tras-el-paro-segun-el-cis\/#breadcrumblist","itemListElement":[{"@type":"ListItem","@id":"https:\/\/www.eldigitaldeasturias.com\/noticias#listItem","position":1,"name":"Home","item":"https:\/\/www.eldigitaldeasturias.com\/noticias","nextItem":{"@type":"ListItem","@id":"https:\/\/www.eldigitaldeasturias.com\/noticias\/category\/sociedad\/#listItem","name":"Sociedad"}},{"@type":"ListItem","@id":"https:\/\/www.eldigitaldeasturias.com\/noticias\/category\/sociedad\/#listItem","position":2,"name":"Sociedad","item":"https:\/\/www.eldigitaldeasturias.com\/noticias\/category\/sociedad\/","nextItem":{"@type":"ListItem","@id":"https:\/\/www.eldigitaldeasturias.com\/noticias\/la-corrupcion-vuelve-a-ser-el-segundo-problema-de-los-espanoles-tras-el-paro-segun-el-cis\/#listItem","name":"La corrupci\u00f3n vuelve a ser el segundo problema de los espa\u00f1oles tras el paro, seg\u00fan el CIS"},"previousItem":{"@type":"ListItem","@id":"https:\/\/www.eldigitaldeasturias.com\/noticias#listItem","name":"Home"}},{"@type":"ListItem","@id":"https:\/\/www.eldigitaldeasturias.com\/noticias\/la-corrupcion-vuelve-a-ser-el-segundo-problema-de-los-espanoles-tras-el-paro-segun-el-cis\/#listItem","position":3,"name":"La corrupci\u00f3n vuelve a ser el segundo problema de los espa\u00f1oles tras el paro, seg\u00fan el CIS","previousItem":{"@type":"ListItem","@id":"https:\/\/www.eldigitaldeasturias.com\/noticias\/category\/sociedad\/#listItem","name":"Sociedad"}}]},{"@type":"Organization","@id":"https:\/\/www.eldigitaldeasturias.com\/noticias\/#organization","name":"El Digital de Asturias","description":"Hemeroteca","url":"https:\/\/www.eldigitaldeasturias.com\/noticias\/","email":"info@eldigitaldeasturias.com","telephone":"+34652131393","logo":{"@type":"ImageObject","url":"https:\/\/www.eldigitaldeasturias.com\/noticias\/wp-content\/uploads\/2020\/12\/EDA.jpg","@id":"https:\/\/www.eldigitaldeasturias.com\/noticias\/la-corrupcion-vuelve-a-ser-el-segundo-problema-de-los-espanoles-tras-el-paro-segun-el-cis\/#organizationLogo"},"image":{"@id":"https:\/\/www.eldigitaldeasturias.com\/noticias\/la-corrupcion-vuelve-a-ser-el-segundo-problema-de-los-espanoles-tras-el-paro-segun-el-cis\/#organizationLogo"},"sameAs":["https:\/\/facebook.com\/eldigitaldeasturias","https:\/\/www.youtube.com\/channel\/UCZP-2wLEB9Rv6erhFmqVnvg"],"address":{"@id":"https:\/\/www.eldigitaldeasturias.com\/noticias\/#postaladdress","@type":"PostalAddress","streetAddress":"san antonio 4","postalCode":"33430","addressLocality":"Cand\u00e1s","addressRegion":"Asturias","addressCountry":"ES"}},{"@type":"Person","@id":"https:\/\/www.eldigitaldeasturias.com\/noticias\/author\/admin\/#author","url":"https:\/\/www.eldigitaldeasturias.com\/noticias\/author\/admin\/","name":"El Digital de Asturias","image":{"@type":"ImageObject","@id":"https:\/\/www.eldigitaldeasturias.com\/noticias\/la-corrupcion-vuelve-a-ser-el-segundo-problema-de-los-espanoles-tras-el-paro-segun-el-cis\/#authorImage","url":"https:\/\/secure.gravatar.com\/avatar\/df2aeffc32bcd13f8d26072ef8a91b623d677766deac7f97ca815868cd41bf5e?s=96&d=mm&r=g","width":96,"height":96,"caption":"El Digital de Asturias"}},{"@type":"WebPage","@id":"https:\/\/www.eldigitaldeasturias.com\/noticias\/la-corrupcion-vuelve-a-ser-el-segundo-problema-de-los-espanoles-tras-el-paro-segun-el-cis\/#webpage","url":"https:\/\/www.eldigitaldeasturias.com\/noticias\/la-corrupcion-vuelve-a-ser-el-segundo-problema-de-los-espanoles-tras-el-paro-segun-el-cis\/","name":"La corrupci\u00f3n vuelve a ser el segundo problema de los espa\u00f1oles tras el paro, seg\u00fan el CIS - El Digital de Asturias","description":"Madrid, 4 dic (EFE).- La corrupci\u00f3n vuelve a ocupar, aunque por escaso margen, el segundo lugar en la lista de problemas de los espa\u00f1oles s\u00f3lo por detr\u00e1s del paro y desplazando a los problemas econ\u00f3micos que pasan al tercer puesto, seg\u00fan el bar\u00f3metro del Centro de Investigaciones Sociol\u00f3gicas (CIS) del pasado mes de noviembre, En","inLanguage":"es-ES","isPartOf":{"@id":"https:\/\/www.eldigitaldeasturias.com\/noticias\/#website"},"breadcrumb":{"@id":"https:\/\/www.eldigitaldeasturias.com\/noticias\/la-corrupcion-vuelve-a-ser-el-segundo-problema-de-los-espanoles-tras-el-paro-segun-el-cis\/#breadcrumblist"},"author":{"@id":"https:\/\/www.eldigitaldeasturias.com\/noticias\/author\/admin\/#author"},"creator":{"@id":"https:\/\/www.eldigitaldeasturias.com\/noticias\/author\/admin\/#author"},"image":{"@type":"ImageObject","url":457896,"@id":"https:\/\/www.eldigitaldeasturias.com\/noticias\/la-corrupcion-vuelve-a-ser-el-segundo-problema-de-los-espanoles-tras-el-paro-segun-el-cis\/#mainImage"},"primaryImageOfPage":{"@id":"https:\/\/www.eldigitaldeasturias.com\/noticias\/la-corrupcion-vuelve-a-ser-el-segundo-problema-de-los-espanoles-tras-el-paro-segun-el-cis\/#mainImage"},"datePublished":"2013-12-04T22:37:59+01:00","dateModified":"2013-12-04T22:37:59+01:00"},{"@type":"WebSite","@id":"https:\/\/www.eldigitaldeasturias.com\/noticias\/#website","url":"https:\/\/www.eldigitaldeasturias.com\/noticias\/","name":"El Digital de Asturias - Diario de actualidad y noticias","alternateName":"El Digital de Asturias - Diario de actualidad y noticias","description":"Hemeroteca","inLanguage":"es-ES","publisher":{"@id":"https:\/\/www.eldigitaldeasturias.com\/noticias\/#organization"}}]},"og:locale":"es_ES","og:site_name":"El Digital de Asturias","og:type":"article","og:title":"La corrupci\u00f3n vuelve a ser el segundo problema de los espa\u00f1oles tras el paro, seg\u00fan el CIS - El Digital de Asturias","og:description":"Madrid, 4 dic (EFE).- La corrupci\u00f3n vuelve a ocupar, aunque por escaso margen, el segundo lugar en la lista de problemas de los espa\u00f1oles s\u00f3lo por detr\u00e1s del paro y desplazando a los problemas econ\u00f3micos que pasan al tercer puesto, seg\u00fan el bar\u00f3metro del Centro de Investigaciones Sociol\u00f3gicas (CIS) del pasado mes de noviembre, En","og:url":"https:\/\/www.eldigitaldeasturias.com\/noticias\/la-corrupcion-vuelve-a-ser-el-segundo-problema-de-los-espanoles-tras-el-paro-segun-el-cis\/","article:tag":["sociedad"],"article:published_time":"2013-12-04T23:37:59+00:00","article:modified_time":"2013-12-04T23:37:59+00:00","article:publisher":"https:\/\/facebook.com\/eldigitaldeasturias","twitter:card":"summary_large_image","twitter:title":"La corrupci\u00f3n vuelve a ser el segundo problema de los espa\u00f1oles tras el paro, seg\u00fan el CIS - El Digital de Asturias","twitter:description":"Madrid, 4 dic (EFE).- La corrupci\u00f3n vuelve a ocupar, aunque por escaso margen, el segundo lugar en la lista de problemas de los espa\u00f1oles s\u00f3lo por detr\u00e1s del paro y desplazando a los problemas econ\u00f3micos que pasan al tercer puesto, seg\u00fan el bar\u00f3metro del Centro de Investigaciones Sociol\u00f3gicas (CIS) del pasado mes de noviembre, En","twitter:label1":"Escrito por","twitter:data1":"El Digital de Asturias","twitter:label2":"Tiempo de lectura estimado","twitter:data2":"4 minutos"},"aioseo_meta_data":{"post_id":"457895","title":null,"description":null,"keywords":null,"keyphrases":null,"primary_term":null,"canonical_url":null,"og_title":null,"og_description":null,"og_object_type":"default","og_image_type":"default","og_image_url":null,"og_image_width":null,"og_image_height":null,"og_image_custom_url":null,"og_image_custom_fields":null,"og_video":null,"og_custom_url":null,"og_article_section":null,"og_article_tags":null,"twitter_use_og":true,"twitter_card":"default","twitter_image_type":"default","twitter_image_url":null,"twitter_image_custom_url":null,"twitter_image_custom_fields":null,"twitter_title":null,"twitter_description":null,"schema":{"blockGraphs":[],"customGraphs":[],"default":{"data":{"Article":[],"Course":[],"Dataset":[],"FAQPage":[],"Movie":[],"Person":[],"Product":[],"ProductReview":[],"Car":[],"Recipe":[],"Service":[],"SoftwareApplication":[],"WebPage":[]},"graphName":"","isEnabled":true},"graphs":[],"defaultGraph":"","defaultPostTypeGraph":""},"schema_type":null,"schema_type_options":null,"pillar_content":false,"robots_default":true,"robots_noindex":false,"robots_noarchive":false,"robots_nosnippet":false,"robots_nofollow":false,"robots_noimageindex":false,"robots_noodp":false,"robots_notranslate":false,"robots_max_snippet":null,"robots_max_videopreview":null,"robots_max_imagepreview":"none","priority":null,"frequency":null,"local_seo":null,"seo_analyzer_scan_date":"2026-05-30 03:37:06","breadcrumb_settings":null,"limit_modified_date":false,"open_ai":null,"ai":null,"created":"2020-11-14 22:46:13","updated":"2026-05-30 03:37:06","focus_keyword":null,"additional_keywords":null,"truseo_locale":null},"aioseo_breadcrumb":"<div class=\"aioseo-breadcrumbs\"><span class=\"aioseo-breadcrumb\">\n\t<a href=\"https:\/\/www.eldigitaldeasturias.com\/noticias\" title=\"Home\">Home<\/a>\n<\/span><span class=\"aioseo-breadcrumb-separator\">\u2013<\/span><span class=\"aioseo-breadcrumb\">\n\t<a href=\"https:\/\/www.eldigitaldeasturias.com\/noticias\/category\/sociedad\/\" title=\"Sociedad\">Sociedad<\/a>\n<\/span><span class=\"aioseo-breadcrumb-separator\">\u2013<\/span><span class=\"aioseo-breadcrumb\">\n\t<a href=\"https:\/\/www.eldigitaldeasturias.com\/noticias\/la-corrupcion-vuelve-a-ser-el-segundo-problema-de-los-espanoles-tras-el-paro-segun-el-cis\/\" title=\"La corrupci\u00f3n vuelve a ser el segundo problema de los espa\u00f1oles tras el paro, seg\u00fan el CIS\">La corrupci\u00f3n vuelve a ser el segundo problema de los espa\u00f1oles tras el paro, seg\u00fan el CIS<\/a>\n<\/span><\/div>","aioseo_breadcrumb_json":[{"label":"Home","link":"https:\/\/www.eldigitaldeasturias.com\/noticias"},{"label":"Sociedad","link":"https:\/\/www.eldigitaldeasturias.com\/noticias\/category\/sociedad\/"},{"label":"La corrupci\u00f3n vuelve a ser el segundo problema de los espa\u00f1oles tras el paro, seg\u00fan el CIS","link":"https:\/\/www.eldigitaldeasturias.com\/noticias\/la-corrupcion-vuelve-a-ser-el-segundo-problema-de-los-espanoles-tras-el-paro-segun-el-cis\/"}],"_links":{"self":[{"href":"https:\/\/www.eldigitaldeasturias.com\/noticias\/wp-json\/wp\/v2\/posts\/457895","targetHints":{"allow":["GET"]}}],"collection":[{"href":"https:\/\/www.eldigitaldeasturias.com\/noticias\/wp-json\/wp\/v2\/posts"}],"about":[{"href":"https:\/\/www.eldigitaldeasturias.com\/noticias\/wp-json\/wp\/v2\/types\/post"}],"author":[{"embeddable":true,"href":"https:\/\/www.eldigitaldeasturias.com\/noticias\/wp-json\/wp\/v2\/users\/1"}],"replies":[{"embeddable":true,"href":"https:\/\/www.eldigitaldeasturias.com\/noticias\/wp-json\/wp\/v2\/comments?post=457895"}],"version-history":[{"count":0,"href":"https:\/\/www.eldigitaldeasturias.com\/noticias\/wp-json\/wp\/v2\/posts\/457895\/revisions"}],"wp:attachment":[{"href":"https:\/\/www.eldigitaldeasturias.com\/noticias\/wp-json\/wp\/v2\/media?parent=457895"}],"wp:term":[{"taxonomy":"category","embeddable":true,"href":"https:\/\/www.eldigitaldeasturias.com\/noticias\/wp-json\/wp\/v2\/categories?post=457895"},{"taxonomy":"post_tag","embeddable":true,"href":"https:\/\/www.eldigitaldeasturias.com\/noticias\/wp-json\/wp\/v2\/tags?post=457895"}],"curies":[{"name":"wp","href":"https:\/\/api.w.org\/{rel}","templated":true}]}}