{"id":457889,"date":"2013-12-04T22:35:00","date_gmt":"2013-12-04T23:35:00","guid":{"rendered":"http:\/\/www.eldigitaldeasturias.com\/noticias\/?p=457889"},"modified":"2013-12-04T22:35:00","modified_gmt":"2013-12-04T23:35:00","slug":"atxaga-aplica-el-caleidoscopio-a-su-evocacion-interior-en-nevadako-egunak","status":"publish","type":"post","link":"https:\/\/www.eldigitaldeasturias.com\/noticias\/atxaga-aplica-el-caleidoscopio-a-su-evocacion-interior-en-nevadako-egunak\/","title":{"rendered":"Atxaga aplica el caleidoscopio a su evocaci\u00f3n interior en \u00abNevadako egunak\u00bb"},"content":{"rendered":"<p><img loading=\"lazy\" decoding=\"async\" class=\"alignleft size-medium wp-image-457890\" alt=\"5771779w\" src=\"https:\/\/www.eldigitaldeasturias.com\/noticias\/wp-content\/uploads\/2013\/12\/5771779w-360x264.jpg\" width=\"360\" height=\"264\" \/>San Sebasti\u00e1n, 4 dic (EFE).- Recuerdos, impresiones o incluso evocaciones cinematogr\u00e1ficas de su estancia en Reno constituyen la base sobre la que Bernardo Atxaga ha \u00abconstruido\u00bb su \u00faltima novela, \u00abNevadako Egunak\u00bb (Los d\u00edas de Nevada), una visi\u00f3n caleidosc\u00f3pica impregnada de desierto protagonizada por \u00abpersonajes del interior\u00bb.<\/p>\n<p>Atxaga, pseud\u00f3nimo de Jose Irazu (Asteasu 1951), ha presentado hoy en San Sebasti\u00e1n \u00abNevadako Egunak\u00bb (Pamiela), su \u00faltimo libro, publicado en euskera, que en el primer cuatrimestre del pr\u00f3ximo a\u00f1o ver\u00e1 la luz en castellano en la editorial Alfaguara con la traducci\u00f3n del autor guipuzcoano.<\/p>\n<p>En esta obra Atxaga cambia de escenario y, tras situar su anterior novela \u00abSiete casas en Francia\u00bb en el infierno de explotaci\u00f3n del Congo colonial, se desplaza al estado de Nevada (EEUU), donde ejerci\u00f3 de profesor entre agosto de 2007 y junio de 2008.<\/p>\n<p>Sobre la memoria de ese tiempo, el autor de \u00abObabakoak\u00bb elabor\u00f3 m\u00e1s de 250 piezas, entre \u00abapuntes, art\u00edculos o incluso anuncios\u00bb, de los cuales 150 pasaron su criba personal y constituyen el contenido de las m\u00e1s de 450 p\u00e1ginas de \u00abNevadako Egunak\u00bb.<\/p>\n<p>Seg\u00fan ha reconocido Atxaga, al comenzar otros trabajos ten\u00eda claro qu\u00e9 tipo de resultado iba a obtener.<\/p>\n<p>\u00abSab\u00eda que &#8216;Obabakoak&#8217; tendr\u00eda forma de cuento o que \u00abEl hijo del acordeonista\u00bb ser\u00eda una novela\u00bb, sin embargo en esta ocasi\u00f3n ha querido hacer una obra sin etiquetas, \u00abfuera de los g\u00e9neros,\u00bb y ha \u00aborganizado el texto de manera diferente\u00bb.<\/p>\n<p>A la hora de explicar su sensaci\u00f3n al abordar el trabajo, Atxaga se ha comparado con Ferdinand Cheval (1836-1924), un cartero franc\u00e9s que invirti\u00f3 33 a\u00f1os de su vida en construir un \u00abPalacio ideal\u00bb con las piedras que fue recogiendo en los caminos mientas repart\u00eda las cartas.<\/p>\n<p>Atxaga ha ido tambi\u00e9n \u00aba la b\u00fasqueda\u00bb de las \u00abpiezas\u00bb que constituyen las \u00abpiedras\u00bb de su \u00faltima novela, que \u00abno son cap\u00edtulos para colocar uno encima de otro en un \u00edndice\u00bb.<\/p>\n<p>Los apuntes son de tem\u00e1tica diversa y recogen tanto la \u00abparte consciente\u00bb de sus evocaciones de Reno como \u00abla inconsciente\u00bb, \u00abla que hace que cuando se reside un tiempo fuera del entorno habitual aparezcan los fantasmas del pasado o los sue\u00f1os agitados\u00bb.<\/p>\n<p>En una de ellas recuerda Atxaga el d\u00eda que conoci\u00f3 \u00abPyramid Lake\u00bb un lugar \u00abasombroso\u00bb donde en pleno desierto emerge un \u00ablago turquesa\u00bb que adem\u00e1s fue escenario del rodaje de la pel\u00edcula \u00abVidas rebeldes\u00bb, protagonizada por Marilyn Monroe con gui\u00f3n de Arthur Miller.<\/p>\n<p>Adem\u00e1s el lago cuenta con una leyenda que asegura que se escuchan gritos de ni\u00f1os ahogados en sus aguas, una circunstancia que lleva a Atxaga a rememorar un episodio de unos peque\u00f1os que se ahogaron en su pueblo cuando tambi\u00e9n \u00e9l era un ni\u00f1o.<\/p>\n<p>El problema, ha confesado, surgi\u00f3 al intentar organizar este material porque \u00abla literatura requiere de equilibrio\u00bb, para lo cual ha recurrido a varios ejes que dan coherencia a libro.<\/p>\n<p>Uno de ellos es el orden cronol\u00f3gico, aunque tambi\u00e9n cumplen un papel vertebrador \u00ablos banquetes\u00bb y el desierto, una presencia que ha comparado con el \u00absonido de las baquetas en una banda de jazz.<\/p>\n<p>Con estos elementos Atxaga considera que ha dotado de \u00absolidez\u00bb a la obra y que este es uno de sus trabajos \u00abm\u00e1s compactos\u00bb a pesar de que los primeros textos los escribi\u00f3 en 2007 y los \u00faltimos \u00abhace 15 d\u00edas\u00bb.<\/p>\n<p>Los paisajes \u00abson conocidos por todos\u00bb porque son los de \u00ablos c\u00f3mics de vaqueros\u00bb y \u00abtodos hemos estado all\u00ed de alguna manera\u00bb.<\/p>\n<p>Sin embargo, con \u00abNevadako Egunak\u00bb Atxaga lleva a cabo un viaje \u00abdesde la cr\u00f3nica a la novela\u00bb en la que habitan \u00abpersonajes del interior\u00bb.<\/p>\n<p>\u00abEl paisaje, incluso el del desierto, termina, pero el interior no se acaba nunca y se podr\u00eda escribir, si tuviera energ\u00eda para ello, durante a\u00f1os.<\/p>\n","protected":false},"excerpt":{"rendered":"<p>San Sebasti\u00e1n, 4 dic (EFE).- Recuerdos, impresiones o incluso evocaciones cinematogr\u00e1ficas de su estancia en Reno constituyen la base sobre la que Bernardo Atxaga ha \u00abconstruido\u00bb su \u00faltima novela, \u00abNevadako Egunak\u00bb (Los d\u00edas de Nevada), una visi\u00f3n caleidosc\u00f3pica impregnada de desierto protagonizada por \u00abpersonajes del interior\u00bb. Atxaga, pseud\u00f3nimo de Jose Irazu (Asteasu 1951), ha presentado [&hellip;]<\/p>\n","protected":false},"author":1,"featured_media":457890,"comment_status":"closed","ping_status":"open","sticky":false,"template":"","format":"standard","meta":{"footnotes":""},"categories":[50],"tags":[],"class_list":["post-457889","post","type-post","status-publish","format-standard","has-post-thumbnail","hentry","category-revista-de-ocio"],"aioseo_notices":[],"aioseo_head":"\n\t\t<!-- All in One SEO Pro 5.0.1 - aioseo.com -->\n\t<meta name=\"description\" content=\"San Sebasti\u00e1n, 4 dic (EFE).- Recuerdos, impresiones o incluso evocaciones cinematogr\u00e1ficas de su estancia en Reno constituyen la base sobre la que Bernardo Atxaga ha &quot;construido&quot; su \u00faltima novela, &quot;Nevadako Egunak&quot; (Los d\u00edas de Nevada), una visi\u00f3n caleidosc\u00f3pica impregnada de desierto protagonizada por &quot;personajes del interior&quot;. Atxaga, pseud\u00f3nimo de Jose Irazu (Asteasu 1951), ha presentado\" \/>\n\t<meta name=\"robots\" content=\"max-image-preview:large\" \/>\n\t<meta name=\"author\" content=\"El Digital de Asturias\"\/>\n\t<meta name=\"google-site-verification\" content=\"UA-38556648-1\" \/>\n\t<meta name=\"msvalidate.01\" content=\"7dfe9f3f1b24437ab69f4f2559babe99\" \/>\n\t<meta name=\"keywords\" content=\"revista de ocio\" \/>\n\t<link rel=\"canonical\" href=\"https:\/\/www.eldigitaldeasturias.com\/noticias\/atxaga-aplica-el-caleidoscopio-a-su-evocacion-interior-en-nevadako-egunak\/\" \/>\n\t<meta name=\"generator\" content=\"All in One SEO Pro (AIOSEO) 5.0.1\" \/>\n\t\t<meta property=\"og:locale\" content=\"es_ES\" \/>\n\t\t<meta property=\"og:site_name\" content=\"El Digital de Asturias\" \/>\n\t\t<meta property=\"og:type\" content=\"article\" \/>\n\t\t<meta property=\"og:title\" content=\"Atxaga aplica el caleidoscopio a su evocaci\u00f3n interior en \u00abNevadako egunak\u00bb - El Digital de Asturias\" \/>\n\t\t<meta property=\"og:description\" content=\"San Sebasti\u00e1n, 4 dic (EFE).- Recuerdos, impresiones o incluso evocaciones cinematogr\u00e1ficas de su estancia en Reno constituyen la base sobre la que Bernardo Atxaga ha &quot;construido&quot; su \u00faltima novela, &quot;Nevadako Egunak&quot; (Los d\u00edas de Nevada), una visi\u00f3n caleidosc\u00f3pica impregnada de desierto protagonizada por &quot;personajes del interior&quot;. Atxaga, pseud\u00f3nimo de Jose Irazu (Asteasu 1951), ha presentado\" \/>\n\t\t<meta property=\"og:url\" content=\"https:\/\/www.eldigitaldeasturias.com\/noticias\/atxaga-aplica-el-caleidoscopio-a-su-evocacion-interior-en-nevadako-egunak\/\" \/>\n\t\t<meta property=\"article:tag\" content=\"revista de ocio\" \/>\n\t\t<meta property=\"article:published_time\" content=\"2013-12-04T23:35:00+00:00\" \/>\n\t\t<meta property=\"article:modified_time\" content=\"2013-12-04T23:35:00+00:00\" \/>\n\t\t<meta property=\"article:publisher\" content=\"https:\/\/facebook.com\/eldigitaldeasturias\" \/>\n\t\t<meta name=\"twitter:card\" content=\"summary_large_image\" \/>\n\t\t<meta name=\"twitter:title\" content=\"Atxaga aplica el caleidoscopio a su evocaci\u00f3n interior en \u00abNevadako egunak\u00bb - El Digital de Asturias\" \/>\n\t\t<meta name=\"twitter:description\" content=\"San Sebasti\u00e1n, 4 dic (EFE).- Recuerdos, impresiones o incluso evocaciones cinematogr\u00e1ficas de su estancia en Reno constituyen la base sobre la que Bernardo Atxaga ha &quot;construido&quot; su \u00faltima novela, &quot;Nevadako Egunak&quot; (Los d\u00edas de Nevada), una visi\u00f3n caleidosc\u00f3pica impregnada de desierto protagonizada por &quot;personajes del interior&quot;. Atxaga, pseud\u00f3nimo de Jose Irazu (Asteasu 1951), ha presentado\" \/>\n\t\t<meta name=\"twitter:label1\" content=\"Escrito por\" \/>\n\t\t<meta name=\"twitter:data1\" content=\"El Digital de Asturias\" \/>\n\t\t<meta name=\"twitter:label2\" content=\"Tiempo de lectura estimado\" \/>\n\t\t<meta name=\"twitter:data2\" content=\"3 minutos\" \/>\n\t\t<script type=\"application\/ld+json\" class=\"aioseo-schema\">\n\t\t\t{\"@context\":\"https:\\\/\\\/schema.org\",\"@graph\":[{\"@type\":\"BlogPosting\",\"@id\":\"https:\\\/\\\/www.eldigitaldeasturias.com\\\/noticias\\\/atxaga-aplica-el-caleidoscopio-a-su-evocacion-interior-en-nevadako-egunak\\\/#blogposting\",\"name\":\"Atxaga aplica el caleidoscopio a su evocaci\\u00f3n interior en \\u00abNevadako egunak\\u00bb - El Digital de Asturias\",\"headline\":\"Atxaga aplica el caleidoscopio a su evocaci\\u00f3n interior en \\u00abNevadako egunak\\u00bb\",\"author\":{\"@id\":\"https:\\\/\\\/www.eldigitaldeasturias.com\\\/noticias\\\/author\\\/admin\\\/#author\"},\"publisher\":{\"@id\":\"https:\\\/\\\/www.eldigitaldeasturias.com\\\/noticias\\\/#organization\"},\"image\":{\"@type\":\"ImageObject\",\"url\":457890},\"datePublished\":\"2013-12-04T22:35:00+01:00\",\"dateModified\":\"2013-12-04T22:35:00+01:00\",\"inLanguage\":\"es-ES\",\"mainEntityOfPage\":{\"@id\":\"https:\\\/\\\/www.eldigitaldeasturias.com\\\/noticias\\\/atxaga-aplica-el-caleidoscopio-a-su-evocacion-interior-en-nevadako-egunak\\\/#webpage\"},\"isPartOf\":{\"@id\":\"https:\\\/\\\/www.eldigitaldeasturias.com\\\/noticias\\\/atxaga-aplica-el-caleidoscopio-a-su-evocacion-interior-en-nevadako-egunak\\\/#webpage\"},\"articleSection\":\"Revista de Ocio\"},{\"@type\":\"BreadcrumbList\",\"@id\":\"https:\\\/\\\/www.eldigitaldeasturias.com\\\/noticias\\\/atxaga-aplica-el-caleidoscopio-a-su-evocacion-interior-en-nevadako-egunak\\\/#breadcrumblist\",\"itemListElement\":[{\"@type\":\"ListItem\",\"@id\":\"https:\\\/\\\/www.eldigitaldeasturias.com\\\/noticias#listItem\",\"position\":1,\"name\":\"Home\",\"item\":\"https:\\\/\\\/www.eldigitaldeasturias.com\\\/noticias\",\"nextItem\":{\"@type\":\"ListItem\",\"@id\":\"https:\\\/\\\/www.eldigitaldeasturias.com\\\/noticias\\\/category\\\/revista-de-ocio\\\/#listItem\",\"name\":\"Revista de Ocio\"}},{\"@type\":\"ListItem\",\"@id\":\"https:\\\/\\\/www.eldigitaldeasturias.com\\\/noticias\\\/category\\\/revista-de-ocio\\\/#listItem\",\"position\":2,\"name\":\"Revista de Ocio\",\"item\":\"https:\\\/\\\/www.eldigitaldeasturias.com\\\/noticias\\\/category\\\/revista-de-ocio\\\/\",\"nextItem\":{\"@type\":\"ListItem\",\"@id\":\"https:\\\/\\\/www.eldigitaldeasturias.com\\\/noticias\\\/atxaga-aplica-el-caleidoscopio-a-su-evocacion-interior-en-nevadako-egunak\\\/#listItem\",\"name\":\"Atxaga aplica el caleidoscopio a su evocaci\\u00f3n interior en \\u00abNevadako egunak\\u00bb\"},\"previousItem\":{\"@type\":\"ListItem\",\"@id\":\"https:\\\/\\\/www.eldigitaldeasturias.com\\\/noticias#listItem\",\"name\":\"Home\"}},{\"@type\":\"ListItem\",\"@id\":\"https:\\\/\\\/www.eldigitaldeasturias.com\\\/noticias\\\/atxaga-aplica-el-caleidoscopio-a-su-evocacion-interior-en-nevadako-egunak\\\/#listItem\",\"position\":3,\"name\":\"Atxaga aplica el caleidoscopio a su evocaci\\u00f3n interior en \\u00abNevadako egunak\\u00bb\",\"previousItem\":{\"@type\":\"ListItem\",\"@id\":\"https:\\\/\\\/www.eldigitaldeasturias.com\\\/noticias\\\/category\\\/revista-de-ocio\\\/#listItem\",\"name\":\"Revista de Ocio\"}}]},{\"@type\":\"Organization\",\"@id\":\"https:\\\/\\\/www.eldigitaldeasturias.com\\\/noticias\\\/#organization\",\"name\":\"El Digital de Asturias\",\"description\":\"Hemeroteca\",\"url\":\"https:\\\/\\\/www.eldigitaldeasturias.com\\\/noticias\\\/\",\"email\":\"info@eldigitaldeasturias.com\",\"telephone\":\"+34652131393\",\"logo\":{\"@type\":\"ImageObject\",\"url\":\"https:\\\/\\\/www.eldigitaldeasturias.com\\\/noticias\\\/wp-content\\\/uploads\\\/2020\\\/12\\\/EDA.jpg\",\"@id\":\"https:\\\/\\\/www.eldigitaldeasturias.com\\\/noticias\\\/atxaga-aplica-el-caleidoscopio-a-su-evocacion-interior-en-nevadako-egunak\\\/#organizationLogo\"},\"image\":{\"@id\":\"https:\\\/\\\/www.eldigitaldeasturias.com\\\/noticias\\\/atxaga-aplica-el-caleidoscopio-a-su-evocacion-interior-en-nevadako-egunak\\\/#organizationLogo\"},\"sameAs\":[\"https:\\\/\\\/facebook.com\\\/eldigitaldeasturias\",\"https:\\\/\\\/www.youtube.com\\\/channel\\\/UCZP-2wLEB9Rv6erhFmqVnvg\"],\"address\":{\"@id\":\"https:\\\/\\\/www.eldigitaldeasturias.com\\\/noticias\\\/#postaladdress\",\"@type\":\"PostalAddress\",\"streetAddress\":\"san antonio 4\",\"postalCode\":\"33430\",\"addressLocality\":\"Cand\\u00e1s\",\"addressRegion\":\"Asturias\",\"addressCountry\":\"ES\"}},{\"@type\":\"Person\",\"@id\":\"https:\\\/\\\/www.eldigitaldeasturias.com\\\/noticias\\\/author\\\/admin\\\/#author\",\"url\":\"https:\\\/\\\/www.eldigitaldeasturias.com\\\/noticias\\\/author\\\/admin\\\/\",\"name\":\"El Digital de Asturias\",\"image\":{\"@type\":\"ImageObject\",\"@id\":\"https:\\\/\\\/www.eldigitaldeasturias.com\\\/noticias\\\/atxaga-aplica-el-caleidoscopio-a-su-evocacion-interior-en-nevadako-egunak\\\/#authorImage\",\"url\":\"https:\\\/\\\/secure.gravatar.com\\\/avatar\\\/df2aeffc32bcd13f8d26072ef8a91b623d677766deac7f97ca815868cd41bf5e?s=96&d=mm&r=g\",\"width\":96,\"height\":96,\"caption\":\"El Digital de Asturias\"}},{\"@type\":\"WebPage\",\"@id\":\"https:\\\/\\\/www.eldigitaldeasturias.com\\\/noticias\\\/atxaga-aplica-el-caleidoscopio-a-su-evocacion-interior-en-nevadako-egunak\\\/#webpage\",\"url\":\"https:\\\/\\\/www.eldigitaldeasturias.com\\\/noticias\\\/atxaga-aplica-el-caleidoscopio-a-su-evocacion-interior-en-nevadako-egunak\\\/\",\"name\":\"Atxaga aplica el caleidoscopio a su evocaci\\u00f3n interior en \\u00abNevadako egunak\\u00bb - El Digital de Asturias\",\"description\":\"San Sebasti\\u00e1n, 4 dic (EFE).- Recuerdos, impresiones o incluso evocaciones cinematogr\\u00e1ficas de su estancia en Reno constituyen la base sobre la que Bernardo Atxaga ha \\\"construido\\\" su \\u00faltima novela, \\\"Nevadako Egunak\\\" (Los d\\u00edas de Nevada), una visi\\u00f3n caleidosc\\u00f3pica impregnada de desierto protagonizada por \\\"personajes del interior\\\". Atxaga, pseud\\u00f3nimo de Jose Irazu (Asteasu 1951), ha presentado\",\"inLanguage\":\"es-ES\",\"isPartOf\":{\"@id\":\"https:\\\/\\\/www.eldigitaldeasturias.com\\\/noticias\\\/#website\"},\"breadcrumb\":{\"@id\":\"https:\\\/\\\/www.eldigitaldeasturias.com\\\/noticias\\\/atxaga-aplica-el-caleidoscopio-a-su-evocacion-interior-en-nevadako-egunak\\\/#breadcrumblist\"},\"author\":{\"@id\":\"https:\\\/\\\/www.eldigitaldeasturias.com\\\/noticias\\\/author\\\/admin\\\/#author\"},\"creator\":{\"@id\":\"https:\\\/\\\/www.eldigitaldeasturias.com\\\/noticias\\\/author\\\/admin\\\/#author\"},\"image\":{\"@type\":\"ImageObject\",\"url\":457890,\"@id\":\"https:\\\/\\\/www.eldigitaldeasturias.com\\\/noticias\\\/atxaga-aplica-el-caleidoscopio-a-su-evocacion-interior-en-nevadako-egunak\\\/#mainImage\"},\"primaryImageOfPage\":{\"@id\":\"https:\\\/\\\/www.eldigitaldeasturias.com\\\/noticias\\\/atxaga-aplica-el-caleidoscopio-a-su-evocacion-interior-en-nevadako-egunak\\\/#mainImage\"},\"datePublished\":\"2013-12-04T22:35:00+01:00\",\"dateModified\":\"2013-12-04T22:35:00+01:00\"},{\"@type\":\"WebSite\",\"@id\":\"https:\\\/\\\/www.eldigitaldeasturias.com\\\/noticias\\\/#website\",\"url\":\"https:\\\/\\\/www.eldigitaldeasturias.com\\\/noticias\\\/\",\"name\":\"El Digital de Asturias - Diario de actualidad y noticias\",\"alternateName\":\"El Digital de Asturias - Diario de actualidad y noticias\",\"description\":\"Hemeroteca\",\"inLanguage\":\"es-ES\",\"publisher\":{\"@id\":\"https:\\\/\\\/www.eldigitaldeasturias.com\\\/noticias\\\/#organization\"}}]}\n\t\t<\/script>\n\t\t<!-- All in One SEO Pro -->\r\n\t\t<title>Atxaga aplica el caleidoscopio a su evocaci\u00f3n interior en \u00abNevadako egunak\u00bb - El Digital de Asturias<\/title>\n\n","aioseo_head_json":{"title":"Atxaga aplica el caleidoscopio a su evocaci\u00f3n interior en \u00abNevadako egunak\u00bb - El Digital de Asturias","description":"San Sebasti\u00e1n, 4 dic (EFE).- Recuerdos, impresiones o incluso evocaciones cinematogr\u00e1ficas de su estancia en Reno constituyen la base sobre la que Bernardo Atxaga ha \"construido\" su \u00faltima novela, \"Nevadako Egunak\" (Los d\u00edas de Nevada), una visi\u00f3n caleidosc\u00f3pica impregnada de desierto protagonizada por \"personajes del interior\". Atxaga, pseud\u00f3nimo de Jose Irazu (Asteasu 1951), ha presentado","canonical_url":"https:\/\/www.eldigitaldeasturias.com\/noticias\/atxaga-aplica-el-caleidoscopio-a-su-evocacion-interior-en-nevadako-egunak\/","robots":"max-image-preview:large","keywords":"revista de ocio","webmasterTools":{"google-site-verification":"UA-38556648-1","msvalidate.01":"7dfe9f3f1b24437ab69f4f2559babe99","miscellaneous":""},"schema":{"@context":"https:\/\/schema.org","@graph":[{"@type":"BlogPosting","@id":"https:\/\/www.eldigitaldeasturias.com\/noticias\/atxaga-aplica-el-caleidoscopio-a-su-evocacion-interior-en-nevadako-egunak\/#blogposting","name":"Atxaga aplica el caleidoscopio a su evocaci\u00f3n interior en \u00abNevadako egunak\u00bb - El Digital de Asturias","headline":"Atxaga aplica el caleidoscopio a su evocaci\u00f3n interior en \u00abNevadako egunak\u00bb","author":{"@id":"https:\/\/www.eldigitaldeasturias.com\/noticias\/author\/admin\/#author"},"publisher":{"@id":"https:\/\/www.eldigitaldeasturias.com\/noticias\/#organization"},"image":{"@type":"ImageObject","url":457890},"datePublished":"2013-12-04T22:35:00+01:00","dateModified":"2013-12-04T22:35:00+01:00","inLanguage":"es-ES","mainEntityOfPage":{"@id":"https:\/\/www.eldigitaldeasturias.com\/noticias\/atxaga-aplica-el-caleidoscopio-a-su-evocacion-interior-en-nevadako-egunak\/#webpage"},"isPartOf":{"@id":"https:\/\/www.eldigitaldeasturias.com\/noticias\/atxaga-aplica-el-caleidoscopio-a-su-evocacion-interior-en-nevadako-egunak\/#webpage"},"articleSection":"Revista de Ocio"},{"@type":"BreadcrumbList","@id":"https:\/\/www.eldigitaldeasturias.com\/noticias\/atxaga-aplica-el-caleidoscopio-a-su-evocacion-interior-en-nevadako-egunak\/#breadcrumblist","itemListElement":[{"@type":"ListItem","@id":"https:\/\/www.eldigitaldeasturias.com\/noticias#listItem","position":1,"name":"Home","item":"https:\/\/www.eldigitaldeasturias.com\/noticias","nextItem":{"@type":"ListItem","@id":"https:\/\/www.eldigitaldeasturias.com\/noticias\/category\/revista-de-ocio\/#listItem","name":"Revista de Ocio"}},{"@type":"ListItem","@id":"https:\/\/www.eldigitaldeasturias.com\/noticias\/category\/revista-de-ocio\/#listItem","position":2,"name":"Revista de Ocio","item":"https:\/\/www.eldigitaldeasturias.com\/noticias\/category\/revista-de-ocio\/","nextItem":{"@type":"ListItem","@id":"https:\/\/www.eldigitaldeasturias.com\/noticias\/atxaga-aplica-el-caleidoscopio-a-su-evocacion-interior-en-nevadako-egunak\/#listItem","name":"Atxaga aplica el caleidoscopio a su evocaci\u00f3n interior en \u00abNevadako egunak\u00bb"},"previousItem":{"@type":"ListItem","@id":"https:\/\/www.eldigitaldeasturias.com\/noticias#listItem","name":"Home"}},{"@type":"ListItem","@id":"https:\/\/www.eldigitaldeasturias.com\/noticias\/atxaga-aplica-el-caleidoscopio-a-su-evocacion-interior-en-nevadako-egunak\/#listItem","position":3,"name":"Atxaga aplica el caleidoscopio a su evocaci\u00f3n interior en \u00abNevadako egunak\u00bb","previousItem":{"@type":"ListItem","@id":"https:\/\/www.eldigitaldeasturias.com\/noticias\/category\/revista-de-ocio\/#listItem","name":"Revista de Ocio"}}]},{"@type":"Organization","@id":"https:\/\/www.eldigitaldeasturias.com\/noticias\/#organization","name":"El Digital de Asturias","description":"Hemeroteca","url":"https:\/\/www.eldigitaldeasturias.com\/noticias\/","email":"info@eldigitaldeasturias.com","telephone":"+34652131393","logo":{"@type":"ImageObject","url":"https:\/\/www.eldigitaldeasturias.com\/noticias\/wp-content\/uploads\/2020\/12\/EDA.jpg","@id":"https:\/\/www.eldigitaldeasturias.com\/noticias\/atxaga-aplica-el-caleidoscopio-a-su-evocacion-interior-en-nevadako-egunak\/#organizationLogo"},"image":{"@id":"https:\/\/www.eldigitaldeasturias.com\/noticias\/atxaga-aplica-el-caleidoscopio-a-su-evocacion-interior-en-nevadako-egunak\/#organizationLogo"},"sameAs":["https:\/\/facebook.com\/eldigitaldeasturias","https:\/\/www.youtube.com\/channel\/UCZP-2wLEB9Rv6erhFmqVnvg"],"address":{"@id":"https:\/\/www.eldigitaldeasturias.com\/noticias\/#postaladdress","@type":"PostalAddress","streetAddress":"san antonio 4","postalCode":"33430","addressLocality":"Cand\u00e1s","addressRegion":"Asturias","addressCountry":"ES"}},{"@type":"Person","@id":"https:\/\/www.eldigitaldeasturias.com\/noticias\/author\/admin\/#author","url":"https:\/\/www.eldigitaldeasturias.com\/noticias\/author\/admin\/","name":"El Digital de Asturias","image":{"@type":"ImageObject","@id":"https:\/\/www.eldigitaldeasturias.com\/noticias\/atxaga-aplica-el-caleidoscopio-a-su-evocacion-interior-en-nevadako-egunak\/#authorImage","url":"https:\/\/secure.gravatar.com\/avatar\/df2aeffc32bcd13f8d26072ef8a91b623d677766deac7f97ca815868cd41bf5e?s=96&d=mm&r=g","width":96,"height":96,"caption":"El Digital de Asturias"}},{"@type":"WebPage","@id":"https:\/\/www.eldigitaldeasturias.com\/noticias\/atxaga-aplica-el-caleidoscopio-a-su-evocacion-interior-en-nevadako-egunak\/#webpage","url":"https:\/\/www.eldigitaldeasturias.com\/noticias\/atxaga-aplica-el-caleidoscopio-a-su-evocacion-interior-en-nevadako-egunak\/","name":"Atxaga aplica el caleidoscopio a su evocaci\u00f3n interior en \u00abNevadako egunak\u00bb - El Digital de Asturias","description":"San Sebasti\u00e1n, 4 dic (EFE).- Recuerdos, impresiones o incluso evocaciones cinematogr\u00e1ficas de su estancia en Reno constituyen la base sobre la que Bernardo Atxaga ha \"construido\" su \u00faltima novela, \"Nevadako Egunak\" (Los d\u00edas de Nevada), una visi\u00f3n caleidosc\u00f3pica impregnada de desierto protagonizada por \"personajes del interior\". Atxaga, pseud\u00f3nimo de Jose Irazu (Asteasu 1951), ha presentado","inLanguage":"es-ES","isPartOf":{"@id":"https:\/\/www.eldigitaldeasturias.com\/noticias\/#website"},"breadcrumb":{"@id":"https:\/\/www.eldigitaldeasturias.com\/noticias\/atxaga-aplica-el-caleidoscopio-a-su-evocacion-interior-en-nevadako-egunak\/#breadcrumblist"},"author":{"@id":"https:\/\/www.eldigitaldeasturias.com\/noticias\/author\/admin\/#author"},"creator":{"@id":"https:\/\/www.eldigitaldeasturias.com\/noticias\/author\/admin\/#author"},"image":{"@type":"ImageObject","url":457890,"@id":"https:\/\/www.eldigitaldeasturias.com\/noticias\/atxaga-aplica-el-caleidoscopio-a-su-evocacion-interior-en-nevadako-egunak\/#mainImage"},"primaryImageOfPage":{"@id":"https:\/\/www.eldigitaldeasturias.com\/noticias\/atxaga-aplica-el-caleidoscopio-a-su-evocacion-interior-en-nevadako-egunak\/#mainImage"},"datePublished":"2013-12-04T22:35:00+01:00","dateModified":"2013-12-04T22:35:00+01:00"},{"@type":"WebSite","@id":"https:\/\/www.eldigitaldeasturias.com\/noticias\/#website","url":"https:\/\/www.eldigitaldeasturias.com\/noticias\/","name":"El Digital de Asturias - Diario de actualidad y noticias","alternateName":"El Digital de Asturias - Diario de actualidad y noticias","description":"Hemeroteca","inLanguage":"es-ES","publisher":{"@id":"https:\/\/www.eldigitaldeasturias.com\/noticias\/#organization"}}]},"og:locale":"es_ES","og:site_name":"El Digital de Asturias","og:type":"article","og:title":"Atxaga aplica el caleidoscopio a su evocaci\u00f3n interior en \u00abNevadako egunak\u00bb - El Digital de Asturias","og:description":"San Sebasti\u00e1n, 4 dic (EFE).- Recuerdos, impresiones o incluso evocaciones cinematogr\u00e1ficas de su estancia en Reno constituyen la base sobre la que Bernardo Atxaga ha &quot;construido&quot; su \u00faltima novela, &quot;Nevadako Egunak&quot; (Los d\u00edas de Nevada), una visi\u00f3n caleidosc\u00f3pica impregnada de desierto protagonizada por &quot;personajes del interior&quot;. Atxaga, pseud\u00f3nimo de Jose Irazu (Asteasu 1951), ha presentado","og:url":"https:\/\/www.eldigitaldeasturias.com\/noticias\/atxaga-aplica-el-caleidoscopio-a-su-evocacion-interior-en-nevadako-egunak\/","article:tag":["revista de ocio"],"article:published_time":"2013-12-04T23:35:00+00:00","article:modified_time":"2013-12-04T23:35:00+00:00","article:publisher":"https:\/\/facebook.com\/eldigitaldeasturias","twitter:card":"summary_large_image","twitter:title":"Atxaga aplica el caleidoscopio a su evocaci\u00f3n interior en \u00abNevadako egunak\u00bb - El Digital de Asturias","twitter:description":"San Sebasti\u00e1n, 4 dic (EFE).- Recuerdos, impresiones o incluso evocaciones cinematogr\u00e1ficas de su estancia en Reno constituyen la base sobre la que Bernardo Atxaga ha &quot;construido&quot; su \u00faltima novela, &quot;Nevadako Egunak&quot; (Los d\u00edas de Nevada), una visi\u00f3n caleidosc\u00f3pica impregnada de desierto protagonizada por &quot;personajes del interior&quot;. Atxaga, pseud\u00f3nimo de Jose Irazu (Asteasu 1951), ha presentado","twitter:label1":"Escrito por","twitter:data1":"El Digital de Asturias","twitter:label2":"Tiempo de lectura estimado","twitter:data2":"3 minutos"},"aioseo_meta_data":{"post_id":"457889","title":null,"description":null,"keywords":null,"keyphrases":null,"primary_term":null,"canonical_url":null,"og_title":null,"og_description":null,"og_object_type":"default","og_image_type":"default","og_image_url":null,"og_image_width":null,"og_image_height":null,"og_image_custom_url":null,"og_image_custom_fields":null,"og_video":null,"og_custom_url":null,"og_article_section":null,"og_article_tags":null,"twitter_use_og":true,"twitter_card":"default","twitter_image_type":"default","twitter_image_url":null,"twitter_image_custom_url":null,"twitter_image_custom_fields":null,"twitter_title":null,"twitter_description":null,"schema":{"blockGraphs":[],"customGraphs":[],"default":{"data":{"Article":[],"Course":[],"Dataset":[],"FAQPage":[],"Movie":[],"Person":[],"Product":[],"ProductReview":[],"Car":[],"Recipe":[],"Service":[],"SoftwareApplication":[],"WebPage":[]},"graphName":"","isEnabled":true},"graphs":[],"defaultGraph":"","defaultPostTypeGraph":""},"schema_type":null,"schema_type_options":null,"pillar_content":false,"robots_default":true,"robots_noindex":false,"robots_noarchive":false,"robots_nosnippet":false,"robots_nofollow":false,"robots_noimageindex":false,"robots_noodp":false,"robots_notranslate":false,"robots_max_snippet":null,"robots_max_videopreview":null,"robots_max_imagepreview":"none","priority":null,"frequency":null,"local_seo":null,"seo_analyzer_scan_date":"2026-05-30 03:34:55","breadcrumb_settings":null,"limit_modified_date":false,"open_ai":null,"ai":null,"created":"2020-11-14 22:46:13","updated":"2026-05-30 03:34:55","focus_keyword":null,"additional_keywords":null,"truseo_locale":null},"aioseo_breadcrumb":"<div class=\"aioseo-breadcrumbs\"><span class=\"aioseo-breadcrumb\">\n\t<a href=\"https:\/\/www.eldigitaldeasturias.com\/noticias\" title=\"Home\">Home<\/a>\n<\/span><span class=\"aioseo-breadcrumb-separator\">\u2013<\/span><span class=\"aioseo-breadcrumb\">\n\t<a href=\"https:\/\/www.eldigitaldeasturias.com\/noticias\/category\/revista-de-ocio\/\" title=\"Revista de Ocio\">Revista de Ocio<\/a>\n<\/span><span class=\"aioseo-breadcrumb-separator\">\u2013<\/span><span class=\"aioseo-breadcrumb\">\n\t<a href=\"https:\/\/www.eldigitaldeasturias.com\/noticias\/atxaga-aplica-el-caleidoscopio-a-su-evocacion-interior-en-nevadako-egunak\/\" title=\"Atxaga aplica el caleidoscopio a su evocaci\u00f3n interior en \u00abNevadako egunak\u00bb\">Atxaga aplica el caleidoscopio a su evocaci\u00f3n interior en \u00abNevadako egunak\u00bb<\/a>\n<\/span><\/div>","aioseo_breadcrumb_json":[{"label":"Home","link":"https:\/\/www.eldigitaldeasturias.com\/noticias"},{"label":"Revista de Ocio","link":"https:\/\/www.eldigitaldeasturias.com\/noticias\/category\/revista-de-ocio\/"},{"label":"Atxaga aplica el caleidoscopio a su evocaci\u00f3n interior en \u00abNevadako egunak\u00bb","link":"https:\/\/www.eldigitaldeasturias.com\/noticias\/atxaga-aplica-el-caleidoscopio-a-su-evocacion-interior-en-nevadako-egunak\/"}],"_links":{"self":[{"href":"https:\/\/www.eldigitaldeasturias.com\/noticias\/wp-json\/wp\/v2\/posts\/457889","targetHints":{"allow":["GET"]}}],"collection":[{"href":"https:\/\/www.eldigitaldeasturias.com\/noticias\/wp-json\/wp\/v2\/posts"}],"about":[{"href":"https:\/\/www.eldigitaldeasturias.com\/noticias\/wp-json\/wp\/v2\/types\/post"}],"author":[{"embeddable":true,"href":"https:\/\/www.eldigitaldeasturias.com\/noticias\/wp-json\/wp\/v2\/users\/1"}],"replies":[{"embeddable":true,"href":"https:\/\/www.eldigitaldeasturias.com\/noticias\/wp-json\/wp\/v2\/comments?post=457889"}],"version-history":[{"count":0,"href":"https:\/\/www.eldigitaldeasturias.com\/noticias\/wp-json\/wp\/v2\/posts\/457889\/revisions"}],"wp:attachment":[{"href":"https:\/\/www.eldigitaldeasturias.com\/noticias\/wp-json\/wp\/v2\/media?parent=457889"}],"wp:term":[{"taxonomy":"category","embeddable":true,"href":"https:\/\/www.eldigitaldeasturias.com\/noticias\/wp-json\/wp\/v2\/categories?post=457889"},{"taxonomy":"post_tag","embeddable":true,"href":"https:\/\/www.eldigitaldeasturias.com\/noticias\/wp-json\/wp\/v2\/tags?post=457889"}],"curies":[{"name":"wp","href":"https:\/\/api.w.org\/{rel}","templated":true}]}}