{"id":457883,"date":"2013-12-04T22:31:27","date_gmt":"2013-12-04T23:31:27","guid":{"rendered":"http:\/\/www.eldigitaldeasturias.com\/noticias\/?p=457883"},"modified":"2013-12-04T22:31:27","modified_gmt":"2013-12-04T23:31:27","slug":"dani-sordo-comienza-su-labor-de-amigo-de-unicef-recaudando-fondos-para-filipinas","status":"publish","type":"post","link":"https:\/\/www.eldigitaldeasturias.com\/noticias\/dani-sordo-comienza-su-labor-de-amigo-de-unicef-recaudando-fondos-para-filipinas\/","title":{"rendered":"Dani Sordo comienza su labor de amigo de Unicef recaudando fondos para Filipinas"},"content":{"rendered":"<p><img loading=\"lazy\" decoding=\"async\" class=\"alignleft size-medium wp-image-457884\" alt=\"5771733w\" src=\"https:\/\/www.eldigitaldeasturias.com\/noticias\/wp-content\/uploads\/2013\/12\/5771733w-360x297.jpg\" width=\"360\" height=\"297\" \/>Santander, 4 dic (EFE).- El piloto de rally Dani Sordo ha sido nombrado hoy Amigo de Unicef por el comit\u00e9 de la organizaci\u00f3n humanitaria en Cantabria y se ha marcado como primer reto personal recaudar fondos para los damnificados por el tif\u00f3n que asol\u00f3 Filipinas en noviembre.<\/p>\n<p>El deportista c\u00e1ntabro y el presidente de Unicef en la comunidad aut\u00f3noma, Fernando Jimeno, han firmado el acuerdo que oficializa el nombramiento de Sordo, que ya ven\u00eda colaborando con esta organizaci\u00f3n en distintas iniciativas.<\/p>\n<p>Con este nombramiento, Sordo se compromete a trabajar por los derechos de los ni\u00f1os y por mejorar sus vidas, difundiendo los programas de Unicef all\u00e1 donde vaya y contribuyendo as\u00ed a multiplicar los apoyos a la organizaci\u00f3n, ha explicado Jimeno.<\/p>\n<p>Y en ese papel tambi\u00e9n fomentar\u00e1 entre los m\u00e1s j\u00f3venes los valores del deporte como el esp\u00edritu de superaci\u00f3n, la constancia, el respeto a los dem\u00e1s y la lucha por alcanzar los sue\u00f1os.<\/p>\n<p>Unicef decidi\u00f3 ofrecerle este nombramiento porque \u00abes un deportista de primer nivel y por su perfil solidario\u00bb.<\/p>\n<p>Sordo ha mostrado su \u00aborgullo\u00bb de trabajar con Unicef, de poder ayudar a quienes m\u00e1s lo necesitan y de difundir entre los m\u00e1s j\u00f3venes los valores deportivos del esfuerzo y la solidaridad.<\/p>\n<p>Como primer reto se ha marcado recaudar 5.000 euros para la campa\u00f1a de Unicef de ayuda a Filipinas.<\/p>\n<p>El piloto ha se\u00f1alado que son \u00abmomentos dif\u00edciles para todos\u00bb, pero ha llamado a contribuir con \u00abun peque\u00f1o esfuerzo\u00bb con la campa\u00f1a de la organizaci\u00f3n humanitaria, que empez\u00f3 a ayudar desde el primer d\u00eda a los afectados por el paso del tif\u00f3n Haiy\u00e1n, m\u00e1s de 13 millones de personas, de los que m\u00e1s de 5 millones son ni\u00f1os.<\/p>\n<p>El reto ha sido lanzado a trav\u00e9s de la plataforma \u00bfMe ayudas? (httpos:\/\/meayudas.unicef.es\/danisordo\/conduciendo-a-filipinas-a-la- felicidad).<\/p>\n<p>Y Sordo cuenta para ese objetivo con sus muchos amigos en las redes sociales, que superan los 150.000, seg\u00fan ha apuntado.<\/p>\n<p>Tras el nombramiento, los periodistas le han preguntado por su futuro deportivo, despu\u00e9s de que distintos medios de comunicaci\u00f3n hayan publicado en los \u00faltimos d\u00edas que dejar\u00e1 Citro\u00ebn para fichar por Hyundai, pero el piloto les ha respondido que, por el momento, no puede decir nada. \u00abDentro de un tiempo se enterar\u00e1n\u00bb, les ha emplazado.<\/p>\n","protected":false},"excerpt":{"rendered":"<p>Santander, 4 dic (EFE).- El piloto de rally Dani Sordo ha sido nombrado hoy Amigo de Unicef por el comit\u00e9 de la organizaci\u00f3n humanitaria en Cantabria y se ha marcado como primer reto personal recaudar fondos para los damnificados por el tif\u00f3n que asol\u00f3 Filipinas en noviembre. El deportista c\u00e1ntabro y el presidente de Unicef [&hellip;]<\/p>\n","protected":false},"author":1,"featured_media":457884,"comment_status":"closed","ping_status":"open","sticky":false,"template":"","format":"standard","meta":{"footnotes":""},"categories":[28],"tags":[],"class_list":["post-457883","post","type-post","status-publish","format-standard","has-post-thumbnail","hentry","category-sociedad"],"aioseo_notices":[],"aioseo_head":"\n\t\t<!-- All in One SEO Pro 5.0.1 - aioseo.com -->\n\t<meta name=\"description\" content=\"Santander, 4 dic (EFE).- El piloto de rally Dani Sordo ha sido nombrado hoy Amigo de Unicef por el comit\u00e9 de la organizaci\u00f3n humanitaria en Cantabria y se ha marcado como primer reto personal recaudar fondos para los damnificados por el tif\u00f3n que asol\u00f3 Filipinas en noviembre. El deportista c\u00e1ntabro y el presidente de Unicef\" \/>\n\t<meta name=\"robots\" content=\"max-image-preview:large\" \/>\n\t<meta name=\"author\" content=\"El Digital de Asturias\"\/>\n\t<meta name=\"google-site-verification\" content=\"UA-38556648-1\" \/>\n\t<meta name=\"msvalidate.01\" content=\"7dfe9f3f1b24437ab69f4f2559babe99\" \/>\n\t<meta name=\"keywords\" content=\"sociedad\" \/>\n\t<link rel=\"canonical\" href=\"https:\/\/www.eldigitaldeasturias.com\/noticias\/dani-sordo-comienza-su-labor-de-amigo-de-unicef-recaudando-fondos-para-filipinas\/\" \/>\n\t<meta name=\"generator\" content=\"All in One SEO Pro (AIOSEO) 5.0.1\" \/>\n\t\t<meta property=\"og:locale\" content=\"es_ES\" \/>\n\t\t<meta property=\"og:site_name\" content=\"El Digital de Asturias\" \/>\n\t\t<meta property=\"og:type\" content=\"article\" \/>\n\t\t<meta property=\"og:title\" content=\"Dani Sordo comienza su labor de amigo de Unicef recaudando fondos para Filipinas - El Digital de Asturias\" \/>\n\t\t<meta property=\"og:description\" content=\"Santander, 4 dic (EFE).- El piloto de rally Dani Sordo ha sido nombrado hoy Amigo de Unicef por el comit\u00e9 de la organizaci\u00f3n humanitaria en Cantabria y se ha marcado como primer reto personal recaudar fondos para los damnificados por el tif\u00f3n que asol\u00f3 Filipinas en noviembre. El deportista c\u00e1ntabro y el presidente de Unicef\" \/>\n\t\t<meta property=\"og:url\" content=\"https:\/\/www.eldigitaldeasturias.com\/noticias\/dani-sordo-comienza-su-labor-de-amigo-de-unicef-recaudando-fondos-para-filipinas\/\" \/>\n\t\t<meta property=\"article:tag\" content=\"sociedad\" \/>\n\t\t<meta property=\"article:published_time\" content=\"2013-12-04T23:31:27+00:00\" \/>\n\t\t<meta property=\"article:modified_time\" content=\"2013-12-04T23:31:27+00:00\" \/>\n\t\t<meta property=\"article:publisher\" content=\"https:\/\/facebook.com\/eldigitaldeasturias\" \/>\n\t\t<meta name=\"twitter:card\" content=\"summary_large_image\" \/>\n\t\t<meta name=\"twitter:title\" content=\"Dani Sordo comienza su labor de amigo de Unicef recaudando fondos para Filipinas - El Digital de Asturias\" \/>\n\t\t<meta name=\"twitter:description\" content=\"Santander, 4 dic (EFE).- El piloto de rally Dani Sordo ha sido nombrado hoy Amigo de Unicef por el comit\u00e9 de la organizaci\u00f3n humanitaria en Cantabria y se ha marcado como primer reto personal recaudar fondos para los damnificados por el tif\u00f3n que asol\u00f3 Filipinas en noviembre. El deportista c\u00e1ntabro y el presidente de Unicef\" \/>\n\t\t<meta name=\"twitter:label1\" content=\"Escrito por\" \/>\n\t\t<meta name=\"twitter:data1\" content=\"El Digital de Asturias\" \/>\n\t\t<meta name=\"twitter:label2\" content=\"Tiempo de lectura estimado\" \/>\n\t\t<meta name=\"twitter:data2\" content=\"2 minutos\" \/>\n\t\t<script type=\"application\/ld+json\" class=\"aioseo-schema\">\n\t\t\t{\"@context\":\"https:\\\/\\\/schema.org\",\"@graph\":[{\"@type\":\"BlogPosting\",\"@id\":\"https:\\\/\\\/www.eldigitaldeasturias.com\\\/noticias\\\/dani-sordo-comienza-su-labor-de-amigo-de-unicef-recaudando-fondos-para-filipinas\\\/#blogposting\",\"name\":\"Dani Sordo comienza su labor de amigo de Unicef recaudando fondos para Filipinas - El Digital de Asturias\",\"headline\":\"Dani Sordo comienza su labor de amigo de Unicef recaudando fondos para Filipinas\",\"author\":{\"@id\":\"https:\\\/\\\/www.eldigitaldeasturias.com\\\/noticias\\\/author\\\/admin\\\/#author\"},\"publisher\":{\"@id\":\"https:\\\/\\\/www.eldigitaldeasturias.com\\\/noticias\\\/#organization\"},\"image\":{\"@type\":\"ImageObject\",\"url\":457884},\"datePublished\":\"2013-12-04T22:31:27+01:00\",\"dateModified\":\"2013-12-04T22:31:27+01:00\",\"inLanguage\":\"es-ES\",\"mainEntityOfPage\":{\"@id\":\"https:\\\/\\\/www.eldigitaldeasturias.com\\\/noticias\\\/dani-sordo-comienza-su-labor-de-amigo-de-unicef-recaudando-fondos-para-filipinas\\\/#webpage\"},\"isPartOf\":{\"@id\":\"https:\\\/\\\/www.eldigitaldeasturias.com\\\/noticias\\\/dani-sordo-comienza-su-labor-de-amigo-de-unicef-recaudando-fondos-para-filipinas\\\/#webpage\"},\"articleSection\":\"Sociedad\"},{\"@type\":\"BreadcrumbList\",\"@id\":\"https:\\\/\\\/www.eldigitaldeasturias.com\\\/noticias\\\/dani-sordo-comienza-su-labor-de-amigo-de-unicef-recaudando-fondos-para-filipinas\\\/#breadcrumblist\",\"itemListElement\":[{\"@type\":\"ListItem\",\"@id\":\"https:\\\/\\\/www.eldigitaldeasturias.com\\\/noticias#listItem\",\"position\":1,\"name\":\"Home\",\"item\":\"https:\\\/\\\/www.eldigitaldeasturias.com\\\/noticias\",\"nextItem\":{\"@type\":\"ListItem\",\"@id\":\"https:\\\/\\\/www.eldigitaldeasturias.com\\\/noticias\\\/category\\\/sociedad\\\/#listItem\",\"name\":\"Sociedad\"}},{\"@type\":\"ListItem\",\"@id\":\"https:\\\/\\\/www.eldigitaldeasturias.com\\\/noticias\\\/category\\\/sociedad\\\/#listItem\",\"position\":2,\"name\":\"Sociedad\",\"item\":\"https:\\\/\\\/www.eldigitaldeasturias.com\\\/noticias\\\/category\\\/sociedad\\\/\",\"nextItem\":{\"@type\":\"ListItem\",\"@id\":\"https:\\\/\\\/www.eldigitaldeasturias.com\\\/noticias\\\/dani-sordo-comienza-su-labor-de-amigo-de-unicef-recaudando-fondos-para-filipinas\\\/#listItem\",\"name\":\"Dani Sordo comienza su labor de amigo de Unicef recaudando fondos para Filipinas\"},\"previousItem\":{\"@type\":\"ListItem\",\"@id\":\"https:\\\/\\\/www.eldigitaldeasturias.com\\\/noticias#listItem\",\"name\":\"Home\"}},{\"@type\":\"ListItem\",\"@id\":\"https:\\\/\\\/www.eldigitaldeasturias.com\\\/noticias\\\/dani-sordo-comienza-su-labor-de-amigo-de-unicef-recaudando-fondos-para-filipinas\\\/#listItem\",\"position\":3,\"name\":\"Dani Sordo comienza su labor de amigo de Unicef recaudando fondos para Filipinas\",\"previousItem\":{\"@type\":\"ListItem\",\"@id\":\"https:\\\/\\\/www.eldigitaldeasturias.com\\\/noticias\\\/category\\\/sociedad\\\/#listItem\",\"name\":\"Sociedad\"}}]},{\"@type\":\"Organization\",\"@id\":\"https:\\\/\\\/www.eldigitaldeasturias.com\\\/noticias\\\/#organization\",\"name\":\"El Digital de Asturias\",\"description\":\"Hemeroteca\",\"url\":\"https:\\\/\\\/www.eldigitaldeasturias.com\\\/noticias\\\/\",\"email\":\"info@eldigitaldeasturias.com\",\"telephone\":\"+34652131393\",\"logo\":{\"@type\":\"ImageObject\",\"url\":\"https:\\\/\\\/www.eldigitaldeasturias.com\\\/noticias\\\/wp-content\\\/uploads\\\/2020\\\/12\\\/EDA.jpg\",\"@id\":\"https:\\\/\\\/www.eldigitaldeasturias.com\\\/noticias\\\/dani-sordo-comienza-su-labor-de-amigo-de-unicef-recaudando-fondos-para-filipinas\\\/#organizationLogo\"},\"image\":{\"@id\":\"https:\\\/\\\/www.eldigitaldeasturias.com\\\/noticias\\\/dani-sordo-comienza-su-labor-de-amigo-de-unicef-recaudando-fondos-para-filipinas\\\/#organizationLogo\"},\"sameAs\":[\"https:\\\/\\\/facebook.com\\\/eldigitaldeasturias\",\"https:\\\/\\\/www.youtube.com\\\/channel\\\/UCZP-2wLEB9Rv6erhFmqVnvg\"],\"address\":{\"@id\":\"https:\\\/\\\/www.eldigitaldeasturias.com\\\/noticias\\\/#postaladdress\",\"@type\":\"PostalAddress\",\"streetAddress\":\"san antonio 4\",\"postalCode\":\"33430\",\"addressLocality\":\"Cand\\u00e1s\",\"addressRegion\":\"Asturias\",\"addressCountry\":\"ES\"}},{\"@type\":\"Person\",\"@id\":\"https:\\\/\\\/www.eldigitaldeasturias.com\\\/noticias\\\/author\\\/admin\\\/#author\",\"url\":\"https:\\\/\\\/www.eldigitaldeasturias.com\\\/noticias\\\/author\\\/admin\\\/\",\"name\":\"El Digital de Asturias\",\"image\":{\"@type\":\"ImageObject\",\"@id\":\"https:\\\/\\\/www.eldigitaldeasturias.com\\\/noticias\\\/dani-sordo-comienza-su-labor-de-amigo-de-unicef-recaudando-fondos-para-filipinas\\\/#authorImage\",\"url\":\"https:\\\/\\\/secure.gravatar.com\\\/avatar\\\/df2aeffc32bcd13f8d26072ef8a91b623d677766deac7f97ca815868cd41bf5e?s=96&d=mm&r=g\",\"width\":96,\"height\":96,\"caption\":\"El Digital de Asturias\"}},{\"@type\":\"WebPage\",\"@id\":\"https:\\\/\\\/www.eldigitaldeasturias.com\\\/noticias\\\/dani-sordo-comienza-su-labor-de-amigo-de-unicef-recaudando-fondos-para-filipinas\\\/#webpage\",\"url\":\"https:\\\/\\\/www.eldigitaldeasturias.com\\\/noticias\\\/dani-sordo-comienza-su-labor-de-amigo-de-unicef-recaudando-fondos-para-filipinas\\\/\",\"name\":\"Dani Sordo comienza su labor de amigo de Unicef recaudando fondos para Filipinas - El Digital de Asturias\",\"description\":\"Santander, 4 dic (EFE).- El piloto de rally Dani Sordo ha sido nombrado hoy Amigo de Unicef por el comit\\u00e9 de la organizaci\\u00f3n humanitaria en Cantabria y se ha marcado como primer reto personal recaudar fondos para los damnificados por el tif\\u00f3n que asol\\u00f3 Filipinas en noviembre. El deportista c\\u00e1ntabro y el presidente de Unicef\",\"inLanguage\":\"es-ES\",\"isPartOf\":{\"@id\":\"https:\\\/\\\/www.eldigitaldeasturias.com\\\/noticias\\\/#website\"},\"breadcrumb\":{\"@id\":\"https:\\\/\\\/www.eldigitaldeasturias.com\\\/noticias\\\/dani-sordo-comienza-su-labor-de-amigo-de-unicef-recaudando-fondos-para-filipinas\\\/#breadcrumblist\"},\"author\":{\"@id\":\"https:\\\/\\\/www.eldigitaldeasturias.com\\\/noticias\\\/author\\\/admin\\\/#author\"},\"creator\":{\"@id\":\"https:\\\/\\\/www.eldigitaldeasturias.com\\\/noticias\\\/author\\\/admin\\\/#author\"},\"image\":{\"@type\":\"ImageObject\",\"url\":457884,\"@id\":\"https:\\\/\\\/www.eldigitaldeasturias.com\\\/noticias\\\/dani-sordo-comienza-su-labor-de-amigo-de-unicef-recaudando-fondos-para-filipinas\\\/#mainImage\"},\"primaryImageOfPage\":{\"@id\":\"https:\\\/\\\/www.eldigitaldeasturias.com\\\/noticias\\\/dani-sordo-comienza-su-labor-de-amigo-de-unicef-recaudando-fondos-para-filipinas\\\/#mainImage\"},\"datePublished\":\"2013-12-04T22:31:27+01:00\",\"dateModified\":\"2013-12-04T22:31:27+01:00\"},{\"@type\":\"WebSite\",\"@id\":\"https:\\\/\\\/www.eldigitaldeasturias.com\\\/noticias\\\/#website\",\"url\":\"https:\\\/\\\/www.eldigitaldeasturias.com\\\/noticias\\\/\",\"name\":\"El Digital de Asturias - Diario de actualidad y noticias\",\"alternateName\":\"El Digital de Asturias - Diario de actualidad y noticias\",\"description\":\"Hemeroteca\",\"inLanguage\":\"es-ES\",\"publisher\":{\"@id\":\"https:\\\/\\\/www.eldigitaldeasturias.com\\\/noticias\\\/#organization\"}}]}\n\t\t<\/script>\n\t\t<!-- All in One SEO Pro -->\r\n\t\t<title>Dani Sordo comienza su labor de amigo de Unicef recaudando fondos para Filipinas - El Digital de Asturias<\/title>\n\n","aioseo_head_json":{"title":"Dani Sordo comienza su labor de amigo de Unicef recaudando fondos para Filipinas - El Digital de Asturias","description":"Santander, 4 dic (EFE).- El piloto de rally Dani Sordo ha sido nombrado hoy Amigo de Unicef por el comit\u00e9 de la organizaci\u00f3n humanitaria en Cantabria y se ha marcado como primer reto personal recaudar fondos para los damnificados por el tif\u00f3n que asol\u00f3 Filipinas en noviembre. El deportista c\u00e1ntabro y el presidente de Unicef","canonical_url":"https:\/\/www.eldigitaldeasturias.com\/noticias\/dani-sordo-comienza-su-labor-de-amigo-de-unicef-recaudando-fondos-para-filipinas\/","robots":"max-image-preview:large","keywords":"sociedad","webmasterTools":{"google-site-verification":"UA-38556648-1","msvalidate.01":"7dfe9f3f1b24437ab69f4f2559babe99","miscellaneous":""},"schema":{"@context":"https:\/\/schema.org","@graph":[{"@type":"BlogPosting","@id":"https:\/\/www.eldigitaldeasturias.com\/noticias\/dani-sordo-comienza-su-labor-de-amigo-de-unicef-recaudando-fondos-para-filipinas\/#blogposting","name":"Dani Sordo comienza su labor de amigo de Unicef recaudando fondos para Filipinas - El Digital de Asturias","headline":"Dani Sordo comienza su labor de amigo de Unicef recaudando fondos para Filipinas","author":{"@id":"https:\/\/www.eldigitaldeasturias.com\/noticias\/author\/admin\/#author"},"publisher":{"@id":"https:\/\/www.eldigitaldeasturias.com\/noticias\/#organization"},"image":{"@type":"ImageObject","url":457884},"datePublished":"2013-12-04T22:31:27+01:00","dateModified":"2013-12-04T22:31:27+01:00","inLanguage":"es-ES","mainEntityOfPage":{"@id":"https:\/\/www.eldigitaldeasturias.com\/noticias\/dani-sordo-comienza-su-labor-de-amigo-de-unicef-recaudando-fondos-para-filipinas\/#webpage"},"isPartOf":{"@id":"https:\/\/www.eldigitaldeasturias.com\/noticias\/dani-sordo-comienza-su-labor-de-amigo-de-unicef-recaudando-fondos-para-filipinas\/#webpage"},"articleSection":"Sociedad"},{"@type":"BreadcrumbList","@id":"https:\/\/www.eldigitaldeasturias.com\/noticias\/dani-sordo-comienza-su-labor-de-amigo-de-unicef-recaudando-fondos-para-filipinas\/#breadcrumblist","itemListElement":[{"@type":"ListItem","@id":"https:\/\/www.eldigitaldeasturias.com\/noticias#listItem","position":1,"name":"Home","item":"https:\/\/www.eldigitaldeasturias.com\/noticias","nextItem":{"@type":"ListItem","@id":"https:\/\/www.eldigitaldeasturias.com\/noticias\/category\/sociedad\/#listItem","name":"Sociedad"}},{"@type":"ListItem","@id":"https:\/\/www.eldigitaldeasturias.com\/noticias\/category\/sociedad\/#listItem","position":2,"name":"Sociedad","item":"https:\/\/www.eldigitaldeasturias.com\/noticias\/category\/sociedad\/","nextItem":{"@type":"ListItem","@id":"https:\/\/www.eldigitaldeasturias.com\/noticias\/dani-sordo-comienza-su-labor-de-amigo-de-unicef-recaudando-fondos-para-filipinas\/#listItem","name":"Dani Sordo comienza su labor de amigo de Unicef recaudando fondos para Filipinas"},"previousItem":{"@type":"ListItem","@id":"https:\/\/www.eldigitaldeasturias.com\/noticias#listItem","name":"Home"}},{"@type":"ListItem","@id":"https:\/\/www.eldigitaldeasturias.com\/noticias\/dani-sordo-comienza-su-labor-de-amigo-de-unicef-recaudando-fondos-para-filipinas\/#listItem","position":3,"name":"Dani Sordo comienza su labor de amigo de Unicef recaudando fondos para Filipinas","previousItem":{"@type":"ListItem","@id":"https:\/\/www.eldigitaldeasturias.com\/noticias\/category\/sociedad\/#listItem","name":"Sociedad"}}]},{"@type":"Organization","@id":"https:\/\/www.eldigitaldeasturias.com\/noticias\/#organization","name":"El Digital de Asturias","description":"Hemeroteca","url":"https:\/\/www.eldigitaldeasturias.com\/noticias\/","email":"info@eldigitaldeasturias.com","telephone":"+34652131393","logo":{"@type":"ImageObject","url":"https:\/\/www.eldigitaldeasturias.com\/noticias\/wp-content\/uploads\/2020\/12\/EDA.jpg","@id":"https:\/\/www.eldigitaldeasturias.com\/noticias\/dani-sordo-comienza-su-labor-de-amigo-de-unicef-recaudando-fondos-para-filipinas\/#organizationLogo"},"image":{"@id":"https:\/\/www.eldigitaldeasturias.com\/noticias\/dani-sordo-comienza-su-labor-de-amigo-de-unicef-recaudando-fondos-para-filipinas\/#organizationLogo"},"sameAs":["https:\/\/facebook.com\/eldigitaldeasturias","https:\/\/www.youtube.com\/channel\/UCZP-2wLEB9Rv6erhFmqVnvg"],"address":{"@id":"https:\/\/www.eldigitaldeasturias.com\/noticias\/#postaladdress","@type":"PostalAddress","streetAddress":"san antonio 4","postalCode":"33430","addressLocality":"Cand\u00e1s","addressRegion":"Asturias","addressCountry":"ES"}},{"@type":"Person","@id":"https:\/\/www.eldigitaldeasturias.com\/noticias\/author\/admin\/#author","url":"https:\/\/www.eldigitaldeasturias.com\/noticias\/author\/admin\/","name":"El Digital de Asturias","image":{"@type":"ImageObject","@id":"https:\/\/www.eldigitaldeasturias.com\/noticias\/dani-sordo-comienza-su-labor-de-amigo-de-unicef-recaudando-fondos-para-filipinas\/#authorImage","url":"https:\/\/secure.gravatar.com\/avatar\/df2aeffc32bcd13f8d26072ef8a91b623d677766deac7f97ca815868cd41bf5e?s=96&d=mm&r=g","width":96,"height":96,"caption":"El Digital de Asturias"}},{"@type":"WebPage","@id":"https:\/\/www.eldigitaldeasturias.com\/noticias\/dani-sordo-comienza-su-labor-de-amigo-de-unicef-recaudando-fondos-para-filipinas\/#webpage","url":"https:\/\/www.eldigitaldeasturias.com\/noticias\/dani-sordo-comienza-su-labor-de-amigo-de-unicef-recaudando-fondos-para-filipinas\/","name":"Dani Sordo comienza su labor de amigo de Unicef recaudando fondos para Filipinas - El Digital de Asturias","description":"Santander, 4 dic (EFE).- El piloto de rally Dani Sordo ha sido nombrado hoy Amigo de Unicef por el comit\u00e9 de la organizaci\u00f3n humanitaria en Cantabria y se ha marcado como primer reto personal recaudar fondos para los damnificados por el tif\u00f3n que asol\u00f3 Filipinas en noviembre. El deportista c\u00e1ntabro y el presidente de Unicef","inLanguage":"es-ES","isPartOf":{"@id":"https:\/\/www.eldigitaldeasturias.com\/noticias\/#website"},"breadcrumb":{"@id":"https:\/\/www.eldigitaldeasturias.com\/noticias\/dani-sordo-comienza-su-labor-de-amigo-de-unicef-recaudando-fondos-para-filipinas\/#breadcrumblist"},"author":{"@id":"https:\/\/www.eldigitaldeasturias.com\/noticias\/author\/admin\/#author"},"creator":{"@id":"https:\/\/www.eldigitaldeasturias.com\/noticias\/author\/admin\/#author"},"image":{"@type":"ImageObject","url":457884,"@id":"https:\/\/www.eldigitaldeasturias.com\/noticias\/dani-sordo-comienza-su-labor-de-amigo-de-unicef-recaudando-fondos-para-filipinas\/#mainImage"},"primaryImageOfPage":{"@id":"https:\/\/www.eldigitaldeasturias.com\/noticias\/dani-sordo-comienza-su-labor-de-amigo-de-unicef-recaudando-fondos-para-filipinas\/#mainImage"},"datePublished":"2013-12-04T22:31:27+01:00","dateModified":"2013-12-04T22:31:27+01:00"},{"@type":"WebSite","@id":"https:\/\/www.eldigitaldeasturias.com\/noticias\/#website","url":"https:\/\/www.eldigitaldeasturias.com\/noticias\/","name":"El Digital de Asturias - Diario de actualidad y noticias","alternateName":"El Digital de Asturias - Diario de actualidad y noticias","description":"Hemeroteca","inLanguage":"es-ES","publisher":{"@id":"https:\/\/www.eldigitaldeasturias.com\/noticias\/#organization"}}]},"og:locale":"es_ES","og:site_name":"El Digital de Asturias","og:type":"article","og:title":"Dani Sordo comienza su labor de amigo de Unicef recaudando fondos para Filipinas - El Digital de Asturias","og:description":"Santander, 4 dic (EFE).- El piloto de rally Dani Sordo ha sido nombrado hoy Amigo de Unicef por el comit\u00e9 de la organizaci\u00f3n humanitaria en Cantabria y se ha marcado como primer reto personal recaudar fondos para los damnificados por el tif\u00f3n que asol\u00f3 Filipinas en noviembre. El deportista c\u00e1ntabro y el presidente de Unicef","og:url":"https:\/\/www.eldigitaldeasturias.com\/noticias\/dani-sordo-comienza-su-labor-de-amigo-de-unicef-recaudando-fondos-para-filipinas\/","article:tag":["sociedad"],"article:published_time":"2013-12-04T23:31:27+00:00","article:modified_time":"2013-12-04T23:31:27+00:00","article:publisher":"https:\/\/facebook.com\/eldigitaldeasturias","twitter:card":"summary_large_image","twitter:title":"Dani Sordo comienza su labor de amigo de Unicef recaudando fondos para Filipinas - El Digital de Asturias","twitter:description":"Santander, 4 dic (EFE).- El piloto de rally Dani Sordo ha sido nombrado hoy Amigo de Unicef por el comit\u00e9 de la organizaci\u00f3n humanitaria en Cantabria y se ha marcado como primer reto personal recaudar fondos para los damnificados por el tif\u00f3n que asol\u00f3 Filipinas en noviembre. El deportista c\u00e1ntabro y el presidente de Unicef","twitter:label1":"Escrito por","twitter:data1":"El Digital de Asturias","twitter:label2":"Tiempo de lectura estimado","twitter:data2":"2 minutos"},"aioseo_meta_data":{"post_id":"457883","title":null,"description":null,"keywords":null,"keyphrases":null,"primary_term":null,"canonical_url":null,"og_title":null,"og_description":null,"og_object_type":"default","og_image_type":"default","og_image_url":null,"og_image_width":null,"og_image_height":null,"og_image_custom_url":null,"og_image_custom_fields":null,"og_video":null,"og_custom_url":null,"og_article_section":null,"og_article_tags":null,"twitter_use_og":true,"twitter_card":"default","twitter_image_type":"default","twitter_image_url":null,"twitter_image_custom_url":null,"twitter_image_custom_fields":null,"twitter_title":null,"twitter_description":null,"schema":{"blockGraphs":[],"customGraphs":[],"default":{"data":{"Article":[],"Course":[],"Dataset":[],"FAQPage":[],"Movie":[],"Person":[],"Product":[],"ProductReview":[],"Car":[],"Recipe":[],"Service":[],"SoftwareApplication":[],"WebPage":[]},"graphName":"","isEnabled":true},"graphs":[]},"schema_type":null,"schema_type_options":null,"pillar_content":false,"robots_default":true,"robots_noindex":false,"robots_noarchive":false,"robots_nosnippet":false,"robots_nofollow":false,"robots_noimageindex":false,"robots_noodp":false,"robots_notranslate":false,"robots_max_snippet":null,"robots_max_videopreview":null,"robots_max_imagepreview":"none","priority":null,"frequency":null,"local_seo":null,"seo_analyzer_scan_date":"2026-05-30 03:34:54","breadcrumb_settings":null,"limit_modified_date":false,"open_ai":null,"ai":null,"created":"2020-11-14 22:46:10","updated":"2026-05-30 03:34:54","focus_keyword":null,"additional_keywords":null,"truseo_locale":null},"aioseo_breadcrumb":"<div class=\"aioseo-breadcrumbs\"><span class=\"aioseo-breadcrumb\">\n\t<a href=\"https:\/\/www.eldigitaldeasturias.com\/noticias\" title=\"Home\">Home<\/a>\n<\/span><span class=\"aioseo-breadcrumb-separator\">\u2013<\/span><span class=\"aioseo-breadcrumb\">\n\t<a href=\"https:\/\/www.eldigitaldeasturias.com\/noticias\/category\/sociedad\/\" title=\"Sociedad\">Sociedad<\/a>\n<\/span><span class=\"aioseo-breadcrumb-separator\">\u2013<\/span><span class=\"aioseo-breadcrumb\">\n\t<a href=\"https:\/\/www.eldigitaldeasturias.com\/noticias\/dani-sordo-comienza-su-labor-de-amigo-de-unicef-recaudando-fondos-para-filipinas\/\" title=\"Dani Sordo comienza su labor de amigo de Unicef recaudando fondos para Filipinas\">Dani Sordo comienza su labor de amigo de Unicef recaudando fondos para Filipinas<\/a>\n<\/span><\/div>","aioseo_breadcrumb_json":[{"label":"Home","link":"https:\/\/www.eldigitaldeasturias.com\/noticias"},{"label":"Sociedad","link":"https:\/\/www.eldigitaldeasturias.com\/noticias\/category\/sociedad\/"},{"label":"Dani Sordo comienza su labor de amigo de Unicef recaudando fondos para Filipinas","link":"https:\/\/www.eldigitaldeasturias.com\/noticias\/dani-sordo-comienza-su-labor-de-amigo-de-unicef-recaudando-fondos-para-filipinas\/"}],"_links":{"self":[{"href":"https:\/\/www.eldigitaldeasturias.com\/noticias\/wp-json\/wp\/v2\/posts\/457883","targetHints":{"allow":["GET"]}}],"collection":[{"href":"https:\/\/www.eldigitaldeasturias.com\/noticias\/wp-json\/wp\/v2\/posts"}],"about":[{"href":"https:\/\/www.eldigitaldeasturias.com\/noticias\/wp-json\/wp\/v2\/types\/post"}],"author":[{"embeddable":true,"href":"https:\/\/www.eldigitaldeasturias.com\/noticias\/wp-json\/wp\/v2\/users\/1"}],"replies":[{"embeddable":true,"href":"https:\/\/www.eldigitaldeasturias.com\/noticias\/wp-json\/wp\/v2\/comments?post=457883"}],"version-history":[{"count":0,"href":"https:\/\/www.eldigitaldeasturias.com\/noticias\/wp-json\/wp\/v2\/posts\/457883\/revisions"}],"wp:attachment":[{"href":"https:\/\/www.eldigitaldeasturias.com\/noticias\/wp-json\/wp\/v2\/media?parent=457883"}],"wp:term":[{"taxonomy":"category","embeddable":true,"href":"https:\/\/www.eldigitaldeasturias.com\/noticias\/wp-json\/wp\/v2\/categories?post=457883"},{"taxonomy":"post_tag","embeddable":true,"href":"https:\/\/www.eldigitaldeasturias.com\/noticias\/wp-json\/wp\/v2\/tags?post=457883"}],"curies":[{"name":"wp","href":"https:\/\/api.w.org\/{rel}","templated":true}]}}