{"id":457874,"date":"2013-12-04T22:26:34","date_gmt":"2013-12-04T23:26:34","guid":{"rendered":"http:\/\/www.eldigitaldeasturias.com\/noticias\/?p=457874"},"modified":"2013-12-04T22:26:34","modified_gmt":"2013-12-04T23:26:34","slug":"convocado-el-ii-premio-promesas-de-la-alta-cocina-de-le-cordon-bleu","status":"publish","type":"post","link":"https:\/\/www.eldigitaldeasturias.com\/noticias\/convocado-el-ii-premio-promesas-de-la-alta-cocina-de-le-cordon-bleu\/","title":{"rendered":"Convocado el II Premio Promesas de la Alta Cocina de Le Cordon Bleu"},"content":{"rendered":"<p><img loading=\"lazy\" decoding=\"async\" class=\"alignleft size-medium wp-image-457875\" alt=\"5771533w\" src=\"https:\/\/www.eldigitaldeasturias.com\/noticias\/wp-content\/uploads\/2013\/12\/5771533w-360x238.jpg\" width=\"360\" height=\"238\" \/>Madrid, 4 dic (EFE).- La escuela de alta cocina Le Cordon Bleu, la m\u00e1s antigua y prestigiosa del mundo, ha convocado el II Premio Promesas de Alta Cocina, dirigido a alumnos menores de 25 a\u00f1os que cursen su \u00faltimo a\u00f1o de formaci\u00f3n de un programa de cocina en Espa\u00f1a.<\/p>\n<p>El primer clasificado recibir\u00e1 una beca por el importe \u00edntegro del curso para obtener un Diploma de Cocina, Pasteler\u00eda o Cocina Espa\u00f1ola en la sede madrile\u00f1a de Le Cordon Bleu, valorado en m\u00e1s de 21.000 euros, y el segundo una beca de 7.000 euros para un Certificado en cualquiera de las citadas disciplinas.<\/p>\n<p>En su primera edici\u00f3n participaron m\u00e1s de un centenar de estudiantes de cocina, entre los que el jurado presidido por Mart\u00edn Berasategui eligi\u00f3 ganador a Crist\u00f3bal Mu\u00f1oz, estudiante del I.E.S. Almeraya (Almer\u00eda), quien actualmente cursa en Le Cordon Bleu Madrid el Diploma de Cocina.<\/p>\n<p>El plazo de presentaci\u00f3n de candidaturas, que puede partir del centro educativo o de los estudiantes, se cerrar\u00e1 el 20 de febrero, tras lo que el jurado seleccionar\u00e1 a 50 candidatos que deber\u00e1n presentar una receta junto a un v\u00eddeo de participaci\u00f3n.<\/p>\n<p>Esta prueba servir\u00e1 para seleccionar a los diez finalistas que acudir\u00e1n a la fase final en Le Cordon Bleu Madrid el 31 de mayo, donde tendr\u00e1n que elaborar sus recetas para que los jurados eval\u00faen las t\u00e9cnicas utilizadas, la originalidad, el sabor, la presentaci\u00f3n y la exposici\u00f3n del plato preparado.<\/p>\n","protected":false},"excerpt":{"rendered":"<p>Madrid, 4 dic (EFE).- La escuela de alta cocina Le Cordon Bleu, la m\u00e1s antigua y prestigiosa del mundo, ha convocado el II Premio Promesas de Alta Cocina, dirigido a alumnos menores de 25 a\u00f1os que cursen su \u00faltimo a\u00f1o de formaci\u00f3n de un programa de cocina en Espa\u00f1a. El primer clasificado recibir\u00e1 una beca [&hellip;]<\/p>\n","protected":false},"author":1,"featured_media":457875,"comment_status":"closed","ping_status":"open","sticky":false,"template":"","format":"standard","meta":{"footnotes":""},"categories":[50],"tags":[],"class_list":["post-457874","post","type-post","status-publish","format-standard","has-post-thumbnail","hentry","category-revista-de-ocio"],"aioseo_notices":[],"aioseo_head":"\n\t\t<!-- All in One SEO Pro 5.0.1 - aioseo.com -->\n\t<meta name=\"description\" content=\"Madrid, 4 dic (EFE).- La escuela de alta cocina Le Cordon Bleu, la m\u00e1s antigua y prestigiosa del mundo, ha convocado el II Premio Promesas de Alta Cocina, dirigido a alumnos menores de 25 a\u00f1os que cursen su \u00faltimo a\u00f1o de formaci\u00f3n de un programa de cocina en Espa\u00f1a. El primer clasificado recibir\u00e1 una beca\" \/>\n\t<meta name=\"robots\" content=\"max-image-preview:large\" \/>\n\t<meta name=\"author\" content=\"El Digital de Asturias\"\/>\n\t<meta name=\"google-site-verification\" content=\"UA-38556648-1\" \/>\n\t<meta name=\"msvalidate.01\" content=\"7dfe9f3f1b24437ab69f4f2559babe99\" \/>\n\t<meta name=\"keywords\" content=\"revista de ocio\" \/>\n\t<link rel=\"canonical\" href=\"https:\/\/www.eldigitaldeasturias.com\/noticias\/convocado-el-ii-premio-promesas-de-la-alta-cocina-de-le-cordon-bleu\/\" \/>\n\t<meta name=\"generator\" content=\"All in One SEO Pro (AIOSEO) 5.0.1\" \/>\n\t\t<meta property=\"og:locale\" content=\"es_ES\" \/>\n\t\t<meta property=\"og:site_name\" content=\"El Digital de Asturias\" \/>\n\t\t<meta property=\"og:type\" content=\"article\" \/>\n\t\t<meta property=\"og:title\" content=\"Convocado el II Premio Promesas de la Alta Cocina de Le Cordon Bleu - El Digital de Asturias\" \/>\n\t\t<meta property=\"og:description\" content=\"Madrid, 4 dic (EFE).- La escuela de alta cocina Le Cordon Bleu, la m\u00e1s antigua y prestigiosa del mundo, ha convocado el II Premio Promesas de Alta Cocina, dirigido a alumnos menores de 25 a\u00f1os que cursen su \u00faltimo a\u00f1o de formaci\u00f3n de un programa de cocina en Espa\u00f1a. El primer clasificado recibir\u00e1 una beca\" \/>\n\t\t<meta property=\"og:url\" content=\"https:\/\/www.eldigitaldeasturias.com\/noticias\/convocado-el-ii-premio-promesas-de-la-alta-cocina-de-le-cordon-bleu\/\" \/>\n\t\t<meta property=\"article:tag\" content=\"revista de ocio\" \/>\n\t\t<meta property=\"article:published_time\" content=\"2013-12-04T23:26:34+00:00\" \/>\n\t\t<meta property=\"article:modified_time\" content=\"2013-12-04T23:26:34+00:00\" \/>\n\t\t<meta property=\"article:publisher\" content=\"https:\/\/facebook.com\/eldigitaldeasturias\" \/>\n\t\t<meta name=\"twitter:card\" content=\"summary_large_image\" \/>\n\t\t<meta name=\"twitter:title\" content=\"Convocado el II Premio Promesas de la Alta Cocina de Le Cordon Bleu - El Digital de Asturias\" \/>\n\t\t<meta name=\"twitter:description\" content=\"Madrid, 4 dic (EFE).- La escuela de alta cocina Le Cordon Bleu, la m\u00e1s antigua y prestigiosa del mundo, ha convocado el II Premio Promesas de Alta Cocina, dirigido a alumnos menores de 25 a\u00f1os que cursen su \u00faltimo a\u00f1o de formaci\u00f3n de un programa de cocina en Espa\u00f1a. El primer clasificado recibir\u00e1 una beca\" \/>\n\t\t<meta name=\"twitter:label1\" content=\"Escrito por\" \/>\n\t\t<meta name=\"twitter:data1\" content=\"El Digital de Asturias\" \/>\n\t\t<meta name=\"twitter:label2\" content=\"Tiempo de lectura estimado\" \/>\n\t\t<meta name=\"twitter:data2\" content=\"1 minuto\" \/>\n\t\t<script type=\"application\/ld+json\" class=\"aioseo-schema\">\n\t\t\t{\"@context\":\"https:\\\/\\\/schema.org\",\"@graph\":[{\"@type\":\"BlogPosting\",\"@id\":\"https:\\\/\\\/www.eldigitaldeasturias.com\\\/noticias\\\/convocado-el-ii-premio-promesas-de-la-alta-cocina-de-le-cordon-bleu\\\/#blogposting\",\"name\":\"Convocado el II Premio Promesas de la Alta Cocina de Le Cordon Bleu - El Digital de Asturias\",\"headline\":\"Convocado el II Premio Promesas de la Alta Cocina de Le Cordon Bleu\",\"author\":{\"@id\":\"https:\\\/\\\/www.eldigitaldeasturias.com\\\/noticias\\\/author\\\/admin\\\/#author\"},\"publisher\":{\"@id\":\"https:\\\/\\\/www.eldigitaldeasturias.com\\\/noticias\\\/#organization\"},\"image\":{\"@type\":\"ImageObject\",\"url\":457875},\"datePublished\":\"2013-12-04T22:26:34+01:00\",\"dateModified\":\"2013-12-04T22:26:34+01:00\",\"inLanguage\":\"es-ES\",\"mainEntityOfPage\":{\"@id\":\"https:\\\/\\\/www.eldigitaldeasturias.com\\\/noticias\\\/convocado-el-ii-premio-promesas-de-la-alta-cocina-de-le-cordon-bleu\\\/#webpage\"},\"isPartOf\":{\"@id\":\"https:\\\/\\\/www.eldigitaldeasturias.com\\\/noticias\\\/convocado-el-ii-premio-promesas-de-la-alta-cocina-de-le-cordon-bleu\\\/#webpage\"},\"articleSection\":\"Revista de Ocio\"},{\"@type\":\"BreadcrumbList\",\"@id\":\"https:\\\/\\\/www.eldigitaldeasturias.com\\\/noticias\\\/convocado-el-ii-premio-promesas-de-la-alta-cocina-de-le-cordon-bleu\\\/#breadcrumblist\",\"itemListElement\":[{\"@type\":\"ListItem\",\"@id\":\"https:\\\/\\\/www.eldigitaldeasturias.com\\\/noticias#listItem\",\"position\":1,\"name\":\"Home\",\"item\":\"https:\\\/\\\/www.eldigitaldeasturias.com\\\/noticias\",\"nextItem\":{\"@type\":\"ListItem\",\"@id\":\"https:\\\/\\\/www.eldigitaldeasturias.com\\\/noticias\\\/category\\\/revista-de-ocio\\\/#listItem\",\"name\":\"Revista de Ocio\"}},{\"@type\":\"ListItem\",\"@id\":\"https:\\\/\\\/www.eldigitaldeasturias.com\\\/noticias\\\/category\\\/revista-de-ocio\\\/#listItem\",\"position\":2,\"name\":\"Revista de Ocio\",\"item\":\"https:\\\/\\\/www.eldigitaldeasturias.com\\\/noticias\\\/category\\\/revista-de-ocio\\\/\",\"nextItem\":{\"@type\":\"ListItem\",\"@id\":\"https:\\\/\\\/www.eldigitaldeasturias.com\\\/noticias\\\/convocado-el-ii-premio-promesas-de-la-alta-cocina-de-le-cordon-bleu\\\/#listItem\",\"name\":\"Convocado el II Premio Promesas de la Alta Cocina de Le Cordon Bleu\"},\"previousItem\":{\"@type\":\"ListItem\",\"@id\":\"https:\\\/\\\/www.eldigitaldeasturias.com\\\/noticias#listItem\",\"name\":\"Home\"}},{\"@type\":\"ListItem\",\"@id\":\"https:\\\/\\\/www.eldigitaldeasturias.com\\\/noticias\\\/convocado-el-ii-premio-promesas-de-la-alta-cocina-de-le-cordon-bleu\\\/#listItem\",\"position\":3,\"name\":\"Convocado el II Premio Promesas de la Alta Cocina de Le Cordon Bleu\",\"previousItem\":{\"@type\":\"ListItem\",\"@id\":\"https:\\\/\\\/www.eldigitaldeasturias.com\\\/noticias\\\/category\\\/revista-de-ocio\\\/#listItem\",\"name\":\"Revista de Ocio\"}}]},{\"@type\":\"Organization\",\"@id\":\"https:\\\/\\\/www.eldigitaldeasturias.com\\\/noticias\\\/#organization\",\"name\":\"El Digital de Asturias\",\"description\":\"Hemeroteca\",\"url\":\"https:\\\/\\\/www.eldigitaldeasturias.com\\\/noticias\\\/\",\"email\":\"info@eldigitaldeasturias.com\",\"telephone\":\"+34652131393\",\"logo\":{\"@type\":\"ImageObject\",\"url\":\"https:\\\/\\\/www.eldigitaldeasturias.com\\\/noticias\\\/wp-content\\\/uploads\\\/2020\\\/12\\\/EDA.jpg\",\"@id\":\"https:\\\/\\\/www.eldigitaldeasturias.com\\\/noticias\\\/convocado-el-ii-premio-promesas-de-la-alta-cocina-de-le-cordon-bleu\\\/#organizationLogo\"},\"image\":{\"@id\":\"https:\\\/\\\/www.eldigitaldeasturias.com\\\/noticias\\\/convocado-el-ii-premio-promesas-de-la-alta-cocina-de-le-cordon-bleu\\\/#organizationLogo\"},\"sameAs\":[\"https:\\\/\\\/facebook.com\\\/eldigitaldeasturias\",\"https:\\\/\\\/www.youtube.com\\\/channel\\\/UCZP-2wLEB9Rv6erhFmqVnvg\"],\"address\":{\"@id\":\"https:\\\/\\\/www.eldigitaldeasturias.com\\\/noticias\\\/#postaladdress\",\"@type\":\"PostalAddress\",\"streetAddress\":\"san antonio 4\",\"postalCode\":\"33430\",\"addressLocality\":\"Cand\\u00e1s\",\"addressRegion\":\"Asturias\",\"addressCountry\":\"ES\"}},{\"@type\":\"Person\",\"@id\":\"https:\\\/\\\/www.eldigitaldeasturias.com\\\/noticias\\\/author\\\/admin\\\/#author\",\"url\":\"https:\\\/\\\/www.eldigitaldeasturias.com\\\/noticias\\\/author\\\/admin\\\/\",\"name\":\"El Digital de Asturias\",\"image\":{\"@type\":\"ImageObject\",\"@id\":\"https:\\\/\\\/www.eldigitaldeasturias.com\\\/noticias\\\/convocado-el-ii-premio-promesas-de-la-alta-cocina-de-le-cordon-bleu\\\/#authorImage\",\"url\":\"https:\\\/\\\/secure.gravatar.com\\\/avatar\\\/df2aeffc32bcd13f8d26072ef8a91b623d677766deac7f97ca815868cd41bf5e?s=96&d=mm&r=g\",\"width\":96,\"height\":96,\"caption\":\"El Digital de Asturias\"}},{\"@type\":\"WebPage\",\"@id\":\"https:\\\/\\\/www.eldigitaldeasturias.com\\\/noticias\\\/convocado-el-ii-premio-promesas-de-la-alta-cocina-de-le-cordon-bleu\\\/#webpage\",\"url\":\"https:\\\/\\\/www.eldigitaldeasturias.com\\\/noticias\\\/convocado-el-ii-premio-promesas-de-la-alta-cocina-de-le-cordon-bleu\\\/\",\"name\":\"Convocado el II Premio Promesas de la Alta Cocina de Le Cordon Bleu - El Digital de Asturias\",\"description\":\"Madrid, 4 dic (EFE).- La escuela de alta cocina Le Cordon Bleu, la m\\u00e1s antigua y prestigiosa del mundo, ha convocado el II Premio Promesas de Alta Cocina, dirigido a alumnos menores de 25 a\\u00f1os que cursen su \\u00faltimo a\\u00f1o de formaci\\u00f3n de un programa de cocina en Espa\\u00f1a. El primer clasificado recibir\\u00e1 una beca\",\"inLanguage\":\"es-ES\",\"isPartOf\":{\"@id\":\"https:\\\/\\\/www.eldigitaldeasturias.com\\\/noticias\\\/#website\"},\"breadcrumb\":{\"@id\":\"https:\\\/\\\/www.eldigitaldeasturias.com\\\/noticias\\\/convocado-el-ii-premio-promesas-de-la-alta-cocina-de-le-cordon-bleu\\\/#breadcrumblist\"},\"author\":{\"@id\":\"https:\\\/\\\/www.eldigitaldeasturias.com\\\/noticias\\\/author\\\/admin\\\/#author\"},\"creator\":{\"@id\":\"https:\\\/\\\/www.eldigitaldeasturias.com\\\/noticias\\\/author\\\/admin\\\/#author\"},\"image\":{\"@type\":\"ImageObject\",\"url\":457875,\"@id\":\"https:\\\/\\\/www.eldigitaldeasturias.com\\\/noticias\\\/convocado-el-ii-premio-promesas-de-la-alta-cocina-de-le-cordon-bleu\\\/#mainImage\"},\"primaryImageOfPage\":{\"@id\":\"https:\\\/\\\/www.eldigitaldeasturias.com\\\/noticias\\\/convocado-el-ii-premio-promesas-de-la-alta-cocina-de-le-cordon-bleu\\\/#mainImage\"},\"datePublished\":\"2013-12-04T22:26:34+01:00\",\"dateModified\":\"2013-12-04T22:26:34+01:00\"},{\"@type\":\"WebSite\",\"@id\":\"https:\\\/\\\/www.eldigitaldeasturias.com\\\/noticias\\\/#website\",\"url\":\"https:\\\/\\\/www.eldigitaldeasturias.com\\\/noticias\\\/\",\"name\":\"El Digital de Asturias - Diario de actualidad y noticias\",\"alternateName\":\"El Digital de Asturias - Diario de actualidad y noticias\",\"description\":\"Hemeroteca\",\"inLanguage\":\"es-ES\",\"publisher\":{\"@id\":\"https:\\\/\\\/www.eldigitaldeasturias.com\\\/noticias\\\/#organization\"}}]}\n\t\t<\/script>\n\t\t<!-- All in One SEO Pro -->\r\n\t\t<title>Convocado el II Premio Promesas de la Alta Cocina de Le Cordon Bleu - El Digital de Asturias<\/title>\n\n","aioseo_head_json":{"title":"Convocado el II Premio Promesas de la Alta Cocina de Le Cordon Bleu - El Digital de Asturias","description":"Madrid, 4 dic (EFE).- La escuela de alta cocina Le Cordon Bleu, la m\u00e1s antigua y prestigiosa del mundo, ha convocado el II Premio Promesas de Alta Cocina, dirigido a alumnos menores de 25 a\u00f1os que cursen su \u00faltimo a\u00f1o de formaci\u00f3n de un programa de cocina en Espa\u00f1a. El primer clasificado recibir\u00e1 una beca","canonical_url":"https:\/\/www.eldigitaldeasturias.com\/noticias\/convocado-el-ii-premio-promesas-de-la-alta-cocina-de-le-cordon-bleu\/","robots":"max-image-preview:large","keywords":"revista de ocio","webmasterTools":{"google-site-verification":"UA-38556648-1","msvalidate.01":"7dfe9f3f1b24437ab69f4f2559babe99","miscellaneous":""},"schema":{"@context":"https:\/\/schema.org","@graph":[{"@type":"BlogPosting","@id":"https:\/\/www.eldigitaldeasturias.com\/noticias\/convocado-el-ii-premio-promesas-de-la-alta-cocina-de-le-cordon-bleu\/#blogposting","name":"Convocado el II Premio Promesas de la Alta Cocina de Le Cordon Bleu - El Digital de Asturias","headline":"Convocado el II Premio Promesas de la Alta Cocina de Le Cordon Bleu","author":{"@id":"https:\/\/www.eldigitaldeasturias.com\/noticias\/author\/admin\/#author"},"publisher":{"@id":"https:\/\/www.eldigitaldeasturias.com\/noticias\/#organization"},"image":{"@type":"ImageObject","url":457875},"datePublished":"2013-12-04T22:26:34+01:00","dateModified":"2013-12-04T22:26:34+01:00","inLanguage":"es-ES","mainEntityOfPage":{"@id":"https:\/\/www.eldigitaldeasturias.com\/noticias\/convocado-el-ii-premio-promesas-de-la-alta-cocina-de-le-cordon-bleu\/#webpage"},"isPartOf":{"@id":"https:\/\/www.eldigitaldeasturias.com\/noticias\/convocado-el-ii-premio-promesas-de-la-alta-cocina-de-le-cordon-bleu\/#webpage"},"articleSection":"Revista de Ocio"},{"@type":"BreadcrumbList","@id":"https:\/\/www.eldigitaldeasturias.com\/noticias\/convocado-el-ii-premio-promesas-de-la-alta-cocina-de-le-cordon-bleu\/#breadcrumblist","itemListElement":[{"@type":"ListItem","@id":"https:\/\/www.eldigitaldeasturias.com\/noticias#listItem","position":1,"name":"Home","item":"https:\/\/www.eldigitaldeasturias.com\/noticias","nextItem":{"@type":"ListItem","@id":"https:\/\/www.eldigitaldeasturias.com\/noticias\/category\/revista-de-ocio\/#listItem","name":"Revista de Ocio"}},{"@type":"ListItem","@id":"https:\/\/www.eldigitaldeasturias.com\/noticias\/category\/revista-de-ocio\/#listItem","position":2,"name":"Revista de Ocio","item":"https:\/\/www.eldigitaldeasturias.com\/noticias\/category\/revista-de-ocio\/","nextItem":{"@type":"ListItem","@id":"https:\/\/www.eldigitaldeasturias.com\/noticias\/convocado-el-ii-premio-promesas-de-la-alta-cocina-de-le-cordon-bleu\/#listItem","name":"Convocado el II Premio Promesas de la Alta Cocina de Le Cordon Bleu"},"previousItem":{"@type":"ListItem","@id":"https:\/\/www.eldigitaldeasturias.com\/noticias#listItem","name":"Home"}},{"@type":"ListItem","@id":"https:\/\/www.eldigitaldeasturias.com\/noticias\/convocado-el-ii-premio-promesas-de-la-alta-cocina-de-le-cordon-bleu\/#listItem","position":3,"name":"Convocado el II Premio Promesas de la Alta Cocina de Le Cordon Bleu","previousItem":{"@type":"ListItem","@id":"https:\/\/www.eldigitaldeasturias.com\/noticias\/category\/revista-de-ocio\/#listItem","name":"Revista de Ocio"}}]},{"@type":"Organization","@id":"https:\/\/www.eldigitaldeasturias.com\/noticias\/#organization","name":"El Digital de Asturias","description":"Hemeroteca","url":"https:\/\/www.eldigitaldeasturias.com\/noticias\/","email":"info@eldigitaldeasturias.com","telephone":"+34652131393","logo":{"@type":"ImageObject","url":"https:\/\/www.eldigitaldeasturias.com\/noticias\/wp-content\/uploads\/2020\/12\/EDA.jpg","@id":"https:\/\/www.eldigitaldeasturias.com\/noticias\/convocado-el-ii-premio-promesas-de-la-alta-cocina-de-le-cordon-bleu\/#organizationLogo"},"image":{"@id":"https:\/\/www.eldigitaldeasturias.com\/noticias\/convocado-el-ii-premio-promesas-de-la-alta-cocina-de-le-cordon-bleu\/#organizationLogo"},"sameAs":["https:\/\/facebook.com\/eldigitaldeasturias","https:\/\/www.youtube.com\/channel\/UCZP-2wLEB9Rv6erhFmqVnvg"],"address":{"@id":"https:\/\/www.eldigitaldeasturias.com\/noticias\/#postaladdress","@type":"PostalAddress","streetAddress":"san antonio 4","postalCode":"33430","addressLocality":"Cand\u00e1s","addressRegion":"Asturias","addressCountry":"ES"}},{"@type":"Person","@id":"https:\/\/www.eldigitaldeasturias.com\/noticias\/author\/admin\/#author","url":"https:\/\/www.eldigitaldeasturias.com\/noticias\/author\/admin\/","name":"El Digital de Asturias","image":{"@type":"ImageObject","@id":"https:\/\/www.eldigitaldeasturias.com\/noticias\/convocado-el-ii-premio-promesas-de-la-alta-cocina-de-le-cordon-bleu\/#authorImage","url":"https:\/\/secure.gravatar.com\/avatar\/df2aeffc32bcd13f8d26072ef8a91b623d677766deac7f97ca815868cd41bf5e?s=96&d=mm&r=g","width":96,"height":96,"caption":"El Digital de Asturias"}},{"@type":"WebPage","@id":"https:\/\/www.eldigitaldeasturias.com\/noticias\/convocado-el-ii-premio-promesas-de-la-alta-cocina-de-le-cordon-bleu\/#webpage","url":"https:\/\/www.eldigitaldeasturias.com\/noticias\/convocado-el-ii-premio-promesas-de-la-alta-cocina-de-le-cordon-bleu\/","name":"Convocado el II Premio Promesas de la Alta Cocina de Le Cordon Bleu - El Digital de Asturias","description":"Madrid, 4 dic (EFE).- La escuela de alta cocina Le Cordon Bleu, la m\u00e1s antigua y prestigiosa del mundo, ha convocado el II Premio Promesas de Alta Cocina, dirigido a alumnos menores de 25 a\u00f1os que cursen su \u00faltimo a\u00f1o de formaci\u00f3n de un programa de cocina en Espa\u00f1a. El primer clasificado recibir\u00e1 una beca","inLanguage":"es-ES","isPartOf":{"@id":"https:\/\/www.eldigitaldeasturias.com\/noticias\/#website"},"breadcrumb":{"@id":"https:\/\/www.eldigitaldeasturias.com\/noticias\/convocado-el-ii-premio-promesas-de-la-alta-cocina-de-le-cordon-bleu\/#breadcrumblist"},"author":{"@id":"https:\/\/www.eldigitaldeasturias.com\/noticias\/author\/admin\/#author"},"creator":{"@id":"https:\/\/www.eldigitaldeasturias.com\/noticias\/author\/admin\/#author"},"image":{"@type":"ImageObject","url":457875,"@id":"https:\/\/www.eldigitaldeasturias.com\/noticias\/convocado-el-ii-premio-promesas-de-la-alta-cocina-de-le-cordon-bleu\/#mainImage"},"primaryImageOfPage":{"@id":"https:\/\/www.eldigitaldeasturias.com\/noticias\/convocado-el-ii-premio-promesas-de-la-alta-cocina-de-le-cordon-bleu\/#mainImage"},"datePublished":"2013-12-04T22:26:34+01:00","dateModified":"2013-12-04T22:26:34+01:00"},{"@type":"WebSite","@id":"https:\/\/www.eldigitaldeasturias.com\/noticias\/#website","url":"https:\/\/www.eldigitaldeasturias.com\/noticias\/","name":"El Digital de Asturias - Diario de actualidad y noticias","alternateName":"El Digital de Asturias - Diario de actualidad y noticias","description":"Hemeroteca","inLanguage":"es-ES","publisher":{"@id":"https:\/\/www.eldigitaldeasturias.com\/noticias\/#organization"}}]},"og:locale":"es_ES","og:site_name":"El Digital de Asturias","og:type":"article","og:title":"Convocado el II Premio Promesas de la Alta Cocina de Le Cordon Bleu - El Digital de Asturias","og:description":"Madrid, 4 dic (EFE).- La escuela de alta cocina Le Cordon Bleu, la m\u00e1s antigua y prestigiosa del mundo, ha convocado el II Premio Promesas de Alta Cocina, dirigido a alumnos menores de 25 a\u00f1os que cursen su \u00faltimo a\u00f1o de formaci\u00f3n de un programa de cocina en Espa\u00f1a. El primer clasificado recibir\u00e1 una beca","og:url":"https:\/\/www.eldigitaldeasturias.com\/noticias\/convocado-el-ii-premio-promesas-de-la-alta-cocina-de-le-cordon-bleu\/","article:tag":["revista de ocio"],"article:published_time":"2013-12-04T23:26:34+00:00","article:modified_time":"2013-12-04T23:26:34+00:00","article:publisher":"https:\/\/facebook.com\/eldigitaldeasturias","twitter:card":"summary_large_image","twitter:title":"Convocado el II Premio Promesas de la Alta Cocina de Le Cordon Bleu - El Digital de Asturias","twitter:description":"Madrid, 4 dic (EFE).- La escuela de alta cocina Le Cordon Bleu, la m\u00e1s antigua y prestigiosa del mundo, ha convocado el II Premio Promesas de Alta Cocina, dirigido a alumnos menores de 25 a\u00f1os que cursen su \u00faltimo a\u00f1o de formaci\u00f3n de un programa de cocina en Espa\u00f1a. El primer clasificado recibir\u00e1 una beca","twitter:label1":"Escrito por","twitter:data1":"El Digital de Asturias","twitter:label2":"Tiempo de lectura estimado","twitter:data2":"1 minuto"},"aioseo_meta_data":{"post_id":"457874","title":null,"description":null,"keywords":null,"keyphrases":null,"primary_term":null,"canonical_url":null,"og_title":null,"og_description":null,"og_object_type":"default","og_image_type":"default","og_image_url":null,"og_image_width":null,"og_image_height":null,"og_image_custom_url":null,"og_image_custom_fields":null,"og_video":null,"og_custom_url":null,"og_article_section":null,"og_article_tags":null,"twitter_use_og":true,"twitter_card":"default","twitter_image_type":"default","twitter_image_url":null,"twitter_image_custom_url":null,"twitter_image_custom_fields":null,"twitter_title":null,"twitter_description":null,"schema":{"blockGraphs":[],"customGraphs":[],"default":{"data":{"Article":[],"Course":[],"Dataset":[],"FAQPage":[],"Movie":[],"Person":[],"Product":[],"ProductReview":[],"Car":[],"Recipe":[],"Service":[],"SoftwareApplication":[],"WebPage":[]},"graphName":"","isEnabled":true},"graphs":[],"defaultGraph":"","defaultPostTypeGraph":""},"schema_type":null,"schema_type_options":null,"pillar_content":false,"robots_default":true,"robots_noindex":false,"robots_noarchive":false,"robots_nosnippet":false,"robots_nofollow":false,"robots_noimageindex":false,"robots_noodp":false,"robots_notranslate":false,"robots_max_snippet":null,"robots_max_videopreview":null,"robots_max_imagepreview":"none","priority":null,"frequency":null,"local_seo":null,"seo_analyzer_scan_date":"2026-05-30 03:33:13","breadcrumb_settings":null,"limit_modified_date":false,"open_ai":null,"ai":null,"created":"2020-11-14 22:46:10","updated":"2026-05-30 03:33:13","focus_keyword":null,"additional_keywords":null,"truseo_locale":null},"aioseo_breadcrumb":"<div class=\"aioseo-breadcrumbs\"><span class=\"aioseo-breadcrumb\">\n\t<a href=\"https:\/\/www.eldigitaldeasturias.com\/noticias\" title=\"Home\">Home<\/a>\n<\/span><span class=\"aioseo-breadcrumb-separator\">\u2013<\/span><span class=\"aioseo-breadcrumb\">\n\t<a href=\"https:\/\/www.eldigitaldeasturias.com\/noticias\/category\/revista-de-ocio\/\" title=\"Revista de Ocio\">Revista de Ocio<\/a>\n<\/span><span class=\"aioseo-breadcrumb-separator\">\u2013<\/span><span class=\"aioseo-breadcrumb\">\n\t<a href=\"https:\/\/www.eldigitaldeasturias.com\/noticias\/convocado-el-ii-premio-promesas-de-la-alta-cocina-de-le-cordon-bleu\/\" title=\"Convocado el II Premio Promesas de la Alta Cocina de Le Cordon Bleu\">Convocado el II Premio Promesas de la Alta Cocina de Le Cordon Bleu<\/a>\n<\/span><\/div>","aioseo_breadcrumb_json":[{"label":"Home","link":"https:\/\/www.eldigitaldeasturias.com\/noticias"},{"label":"Revista de Ocio","link":"https:\/\/www.eldigitaldeasturias.com\/noticias\/category\/revista-de-ocio\/"},{"label":"Convocado el II Premio Promesas de la Alta Cocina de Le Cordon Bleu","link":"https:\/\/www.eldigitaldeasturias.com\/noticias\/convocado-el-ii-premio-promesas-de-la-alta-cocina-de-le-cordon-bleu\/"}],"_links":{"self":[{"href":"https:\/\/www.eldigitaldeasturias.com\/noticias\/wp-json\/wp\/v2\/posts\/457874","targetHints":{"allow":["GET"]}}],"collection":[{"href":"https:\/\/www.eldigitaldeasturias.com\/noticias\/wp-json\/wp\/v2\/posts"}],"about":[{"href":"https:\/\/www.eldigitaldeasturias.com\/noticias\/wp-json\/wp\/v2\/types\/post"}],"author":[{"embeddable":true,"href":"https:\/\/www.eldigitaldeasturias.com\/noticias\/wp-json\/wp\/v2\/users\/1"}],"replies":[{"embeddable":true,"href":"https:\/\/www.eldigitaldeasturias.com\/noticias\/wp-json\/wp\/v2\/comments?post=457874"}],"version-history":[{"count":0,"href":"https:\/\/www.eldigitaldeasturias.com\/noticias\/wp-json\/wp\/v2\/posts\/457874\/revisions"}],"wp:attachment":[{"href":"https:\/\/www.eldigitaldeasturias.com\/noticias\/wp-json\/wp\/v2\/media?parent=457874"}],"wp:term":[{"taxonomy":"category","embeddable":true,"href":"https:\/\/www.eldigitaldeasturias.com\/noticias\/wp-json\/wp\/v2\/categories?post=457874"},{"taxonomy":"post_tag","embeddable":true,"href":"https:\/\/www.eldigitaldeasturias.com\/noticias\/wp-json\/wp\/v2\/tags?post=457874"}],"curies":[{"name":"wp","href":"https:\/\/api.w.org\/{rel}","templated":true}]}}