{"id":457842,"date":"2013-12-04T20:42:11","date_gmt":"2013-12-04T21:42:11","guid":{"rendered":"http:\/\/www.eldigitaldeasturias.com\/noticias\/?p=457842"},"modified":"2013-12-04T20:42:11","modified_gmt":"2013-12-04T21:42:11","slug":"el-papa-nombra-al-espanol-cifres-jefe-de-la-oficina-de-la-congregacion-de-la-fe","status":"publish","type":"post","link":"https:\/\/www.eldigitaldeasturias.com\/noticias\/el-papa-nombra-al-espanol-cifres-jefe-de-la-oficina-de-la-congregacion-de-la-fe\/","title":{"rendered":"El Papa nombra al espa\u00f1ol Cifres jefe de la oficina de la Congregaci\u00f3n de la Fe"},"content":{"rendered":"<p><img loading=\"lazy\" decoding=\"async\" class=\"alignleft size-medium wp-image-457843\" alt=\"5771387w\" src=\"https:\/\/www.eldigitaldeasturias.com\/noticias\/wp-content\/uploads\/2013\/12\/5771387w-360x228.jpg\" width=\"360\" height=\"228\" \/>Ciudad del Vaticano, 4 dic (EFE).- El papa Francisco nombr\u00f3 hoy jefe de la oficina de la Congregaci\u00f3n para la Doctrina de la Fe al monse\u00f1or espa\u00f1ol Alejandro Cifres Gim\u00e9nez, hasta ahora ayudante en este dicasterio, encargado de promover y tutelar la doctrina cat\u00f3lica en el mundo cat\u00f3lico.<\/p>\n<p>El nombramiento de Cifres Gim\u00e9nez fue anunciado por el gabinete de comunicaci\u00f3n de la Santa Sede.<\/p>\n<p>Nacido en Valencia el 27 de diciembre de 1960, Cifres fue alumno del Seminario de la Inmaculada de su ciudad natal, estudi\u00f3 Teolog\u00eda en la Facultad \u00abSan Vicente Ferrer\u00bb y se orden\u00f3 sacerdote el 28 de junio de 1986.<\/p>\n<p>Fue p\u00e1rroco en las localidades valencianas de Gayanes y Navarr\u00e9s, y vicario de Muro de Alcoy, hasta que en 1991 se traslad\u00f3 al Vaticano como te\u00f3logo en el Dicasterio de la Congregaci\u00f3n para la Doctrina de la Fe.<\/p>\n<p>All\u00ed trabaj\u00f3 bajo las \u00f3rdenes del prelado de la Congregaci\u00f3n para la Doctrina de la Fe, el por entonces cardenal alem\u00e1n Joseph Ratzinger que ocup\u00f3 este cargo entre 1981 y el 2005, a\u00f1o en el que fue elegido papa Benedicto XVI.<\/p>\n<p>El papa alem\u00e1n le nombr\u00f3 director del archivo de la Congregaci\u00f3n, que conserva los fondos antiguos de la Inquisici\u00f3n Romana y el \u00cdndice de los libros prohibidos.<\/p>\n<p>Adem\u00e1s el papa te\u00f3logo le otorg\u00f3 el t\u00edtulo de Prelado de Honor, que corresponde al antiguo encargo de Prelado Dom\u00e9stico de Su Santidad como signo de reconocimiento por su labor en el Dicasterio, especialmente por la completa renovaci\u00f3n, reordenaci\u00f3n de los archivos hist\u00f3ricos y su apertura.<\/p>\n","protected":false},"excerpt":{"rendered":"<p>Ciudad del Vaticano, 4 dic (EFE).- El papa Francisco nombr\u00f3 hoy jefe de la oficina de la Congregaci\u00f3n para la Doctrina de la Fe al monse\u00f1or espa\u00f1ol Alejandro Cifres Gim\u00e9nez, hasta ahora ayudante en este dicasterio, encargado de promover y tutelar la doctrina cat\u00f3lica en el mundo cat\u00f3lico. El nombramiento de Cifres Gim\u00e9nez fue anunciado [&hellip;]<\/p>\n","protected":false},"author":1,"featured_media":457843,"comment_status":"closed","ping_status":"open","sticky":false,"template":"","format":"standard","meta":{"footnotes":""},"categories":[28],"tags":[],"class_list":["post-457842","post","type-post","status-publish","format-standard","has-post-thumbnail","hentry","category-sociedad"],"aioseo_notices":[],"aioseo_head":"\n\t\t<!-- All in One SEO Pro 5.0.1 - aioseo.com -->\n\t<meta name=\"description\" content=\"Ciudad del Vaticano, 4 dic (EFE).- El papa Francisco nombr\u00f3 hoy jefe de la oficina de la Congregaci\u00f3n para la Doctrina de la Fe al monse\u00f1or espa\u00f1ol Alejandro Cifres Gim\u00e9nez, hasta ahora ayudante en este dicasterio, encargado de promover y tutelar la doctrina cat\u00f3lica en el mundo cat\u00f3lico. El nombramiento de Cifres Gim\u00e9nez fue anunciado\" \/>\n\t<meta name=\"robots\" content=\"max-image-preview:large\" \/>\n\t<meta name=\"author\" content=\"El Digital de Asturias\"\/>\n\t<meta name=\"google-site-verification\" content=\"UA-38556648-1\" \/>\n\t<meta name=\"msvalidate.01\" content=\"7dfe9f3f1b24437ab69f4f2559babe99\" \/>\n\t<meta name=\"keywords\" content=\"sociedad\" \/>\n\t<link rel=\"canonical\" href=\"https:\/\/www.eldigitaldeasturias.com\/noticias\/el-papa-nombra-al-espanol-cifres-jefe-de-la-oficina-de-la-congregacion-de-la-fe\/\" \/>\n\t<meta name=\"generator\" content=\"All in One SEO Pro (AIOSEO) 5.0.1\" \/>\n\t\t<meta property=\"og:locale\" content=\"es_ES\" \/>\n\t\t<meta property=\"og:site_name\" content=\"El Digital de Asturias\" \/>\n\t\t<meta property=\"og:type\" content=\"article\" \/>\n\t\t<meta property=\"og:title\" content=\"El Papa nombra al espa\u00f1ol Cifres jefe de la oficina de la Congregaci\u00f3n de la Fe - El Digital de Asturias\" \/>\n\t\t<meta property=\"og:description\" content=\"Ciudad del Vaticano, 4 dic (EFE).- El papa Francisco nombr\u00f3 hoy jefe de la oficina de la Congregaci\u00f3n para la Doctrina de la Fe al monse\u00f1or espa\u00f1ol Alejandro Cifres Gim\u00e9nez, hasta ahora ayudante en este dicasterio, encargado de promover y tutelar la doctrina cat\u00f3lica en el mundo cat\u00f3lico. El nombramiento de Cifres Gim\u00e9nez fue anunciado\" \/>\n\t\t<meta property=\"og:url\" content=\"https:\/\/www.eldigitaldeasturias.com\/noticias\/el-papa-nombra-al-espanol-cifres-jefe-de-la-oficina-de-la-congregacion-de-la-fe\/\" \/>\n\t\t<meta property=\"article:tag\" content=\"sociedad\" \/>\n\t\t<meta property=\"article:published_time\" content=\"2013-12-04T21:42:11+00:00\" \/>\n\t\t<meta property=\"article:modified_time\" content=\"2013-12-04T21:42:11+00:00\" \/>\n\t\t<meta property=\"article:publisher\" content=\"https:\/\/facebook.com\/eldigitaldeasturias\" \/>\n\t\t<meta name=\"twitter:card\" content=\"summary_large_image\" \/>\n\t\t<meta name=\"twitter:title\" content=\"El Papa nombra al espa\u00f1ol Cifres jefe de la oficina de la Congregaci\u00f3n de la Fe - El Digital de Asturias\" \/>\n\t\t<meta name=\"twitter:description\" content=\"Ciudad del Vaticano, 4 dic (EFE).- El papa Francisco nombr\u00f3 hoy jefe de la oficina de la Congregaci\u00f3n para la Doctrina de la Fe al monse\u00f1or espa\u00f1ol Alejandro Cifres Gim\u00e9nez, hasta ahora ayudante en este dicasterio, encargado de promover y tutelar la doctrina cat\u00f3lica en el mundo cat\u00f3lico. El nombramiento de Cifres Gim\u00e9nez fue anunciado\" \/>\n\t\t<meta name=\"twitter:label1\" content=\"Escrito por\" \/>\n\t\t<meta name=\"twitter:data1\" content=\"El Digital de Asturias\" \/>\n\t\t<meta name=\"twitter:label2\" content=\"Tiempo de lectura estimado\" \/>\n\t\t<meta name=\"twitter:data2\" content=\"1 minuto\" \/>\n\t\t<script type=\"application\/ld+json\" class=\"aioseo-schema\">\n\t\t\t{\"@context\":\"https:\\\/\\\/schema.org\",\"@graph\":[{\"@type\":\"BlogPosting\",\"@id\":\"https:\\\/\\\/www.eldigitaldeasturias.com\\\/noticias\\\/el-papa-nombra-al-espanol-cifres-jefe-de-la-oficina-de-la-congregacion-de-la-fe\\\/#blogposting\",\"name\":\"El Papa nombra al espa\\u00f1ol Cifres jefe de la oficina de la Congregaci\\u00f3n de la Fe - El Digital de Asturias\",\"headline\":\"El Papa nombra al espa\\u00f1ol Cifres jefe de la oficina de la Congregaci\\u00f3n de la Fe\",\"author\":{\"@id\":\"https:\\\/\\\/www.eldigitaldeasturias.com\\\/noticias\\\/author\\\/admin\\\/#author\"},\"publisher\":{\"@id\":\"https:\\\/\\\/www.eldigitaldeasturias.com\\\/noticias\\\/#organization\"},\"image\":{\"@type\":\"ImageObject\",\"url\":457843},\"datePublished\":\"2013-12-04T20:42:11+01:00\",\"dateModified\":\"2013-12-04T20:42:11+01:00\",\"inLanguage\":\"es-ES\",\"mainEntityOfPage\":{\"@id\":\"https:\\\/\\\/www.eldigitaldeasturias.com\\\/noticias\\\/el-papa-nombra-al-espanol-cifres-jefe-de-la-oficina-de-la-congregacion-de-la-fe\\\/#webpage\"},\"isPartOf\":{\"@id\":\"https:\\\/\\\/www.eldigitaldeasturias.com\\\/noticias\\\/el-papa-nombra-al-espanol-cifres-jefe-de-la-oficina-de-la-congregacion-de-la-fe\\\/#webpage\"},\"articleSection\":\"Sociedad\"},{\"@type\":\"BreadcrumbList\",\"@id\":\"https:\\\/\\\/www.eldigitaldeasturias.com\\\/noticias\\\/el-papa-nombra-al-espanol-cifres-jefe-de-la-oficina-de-la-congregacion-de-la-fe\\\/#breadcrumblist\",\"itemListElement\":[{\"@type\":\"ListItem\",\"@id\":\"https:\\\/\\\/www.eldigitaldeasturias.com\\\/noticias#listItem\",\"position\":1,\"name\":\"Home\",\"item\":\"https:\\\/\\\/www.eldigitaldeasturias.com\\\/noticias\",\"nextItem\":{\"@type\":\"ListItem\",\"@id\":\"https:\\\/\\\/www.eldigitaldeasturias.com\\\/noticias\\\/category\\\/sociedad\\\/#listItem\",\"name\":\"Sociedad\"}},{\"@type\":\"ListItem\",\"@id\":\"https:\\\/\\\/www.eldigitaldeasturias.com\\\/noticias\\\/category\\\/sociedad\\\/#listItem\",\"position\":2,\"name\":\"Sociedad\",\"item\":\"https:\\\/\\\/www.eldigitaldeasturias.com\\\/noticias\\\/category\\\/sociedad\\\/\",\"nextItem\":{\"@type\":\"ListItem\",\"@id\":\"https:\\\/\\\/www.eldigitaldeasturias.com\\\/noticias\\\/el-papa-nombra-al-espanol-cifres-jefe-de-la-oficina-de-la-congregacion-de-la-fe\\\/#listItem\",\"name\":\"El Papa nombra al espa\\u00f1ol Cifres jefe de la oficina de la Congregaci\\u00f3n de la Fe\"},\"previousItem\":{\"@type\":\"ListItem\",\"@id\":\"https:\\\/\\\/www.eldigitaldeasturias.com\\\/noticias#listItem\",\"name\":\"Home\"}},{\"@type\":\"ListItem\",\"@id\":\"https:\\\/\\\/www.eldigitaldeasturias.com\\\/noticias\\\/el-papa-nombra-al-espanol-cifres-jefe-de-la-oficina-de-la-congregacion-de-la-fe\\\/#listItem\",\"position\":3,\"name\":\"El Papa nombra al espa\\u00f1ol Cifres jefe de la oficina de la Congregaci\\u00f3n de la Fe\",\"previousItem\":{\"@type\":\"ListItem\",\"@id\":\"https:\\\/\\\/www.eldigitaldeasturias.com\\\/noticias\\\/category\\\/sociedad\\\/#listItem\",\"name\":\"Sociedad\"}}]},{\"@type\":\"Organization\",\"@id\":\"https:\\\/\\\/www.eldigitaldeasturias.com\\\/noticias\\\/#organization\",\"name\":\"El Digital de Asturias\",\"description\":\"Hemeroteca\",\"url\":\"https:\\\/\\\/www.eldigitaldeasturias.com\\\/noticias\\\/\",\"email\":\"info@eldigitaldeasturias.com\",\"telephone\":\"+34652131393\",\"logo\":{\"@type\":\"ImageObject\",\"url\":\"https:\\\/\\\/www.eldigitaldeasturias.com\\\/noticias\\\/wp-content\\\/uploads\\\/2020\\\/12\\\/EDA.jpg\",\"@id\":\"https:\\\/\\\/www.eldigitaldeasturias.com\\\/noticias\\\/el-papa-nombra-al-espanol-cifres-jefe-de-la-oficina-de-la-congregacion-de-la-fe\\\/#organizationLogo\"},\"image\":{\"@id\":\"https:\\\/\\\/www.eldigitaldeasturias.com\\\/noticias\\\/el-papa-nombra-al-espanol-cifres-jefe-de-la-oficina-de-la-congregacion-de-la-fe\\\/#organizationLogo\"},\"sameAs\":[\"https:\\\/\\\/facebook.com\\\/eldigitaldeasturias\",\"https:\\\/\\\/www.youtube.com\\\/channel\\\/UCZP-2wLEB9Rv6erhFmqVnvg\"],\"address\":{\"@id\":\"https:\\\/\\\/www.eldigitaldeasturias.com\\\/noticias\\\/#postaladdress\",\"@type\":\"PostalAddress\",\"streetAddress\":\"san antonio 4\",\"postalCode\":\"33430\",\"addressLocality\":\"Cand\\u00e1s\",\"addressRegion\":\"Asturias\",\"addressCountry\":\"ES\"}},{\"@type\":\"Person\",\"@id\":\"https:\\\/\\\/www.eldigitaldeasturias.com\\\/noticias\\\/author\\\/admin\\\/#author\",\"url\":\"https:\\\/\\\/www.eldigitaldeasturias.com\\\/noticias\\\/author\\\/admin\\\/\",\"name\":\"El Digital de Asturias\",\"image\":{\"@type\":\"ImageObject\",\"@id\":\"https:\\\/\\\/www.eldigitaldeasturias.com\\\/noticias\\\/el-papa-nombra-al-espanol-cifres-jefe-de-la-oficina-de-la-congregacion-de-la-fe\\\/#authorImage\",\"url\":\"https:\\\/\\\/secure.gravatar.com\\\/avatar\\\/df2aeffc32bcd13f8d26072ef8a91b623d677766deac7f97ca815868cd41bf5e?s=96&d=mm&r=g\",\"width\":96,\"height\":96,\"caption\":\"El Digital de Asturias\"}},{\"@type\":\"WebPage\",\"@id\":\"https:\\\/\\\/www.eldigitaldeasturias.com\\\/noticias\\\/el-papa-nombra-al-espanol-cifres-jefe-de-la-oficina-de-la-congregacion-de-la-fe\\\/#webpage\",\"url\":\"https:\\\/\\\/www.eldigitaldeasturias.com\\\/noticias\\\/el-papa-nombra-al-espanol-cifres-jefe-de-la-oficina-de-la-congregacion-de-la-fe\\\/\",\"name\":\"El Papa nombra al espa\\u00f1ol Cifres jefe de la oficina de la Congregaci\\u00f3n de la Fe - El Digital de Asturias\",\"description\":\"Ciudad del Vaticano, 4 dic (EFE).- El papa Francisco nombr\\u00f3 hoy jefe de la oficina de la Congregaci\\u00f3n para la Doctrina de la Fe al monse\\u00f1or espa\\u00f1ol Alejandro Cifres Gim\\u00e9nez, hasta ahora ayudante en este dicasterio, encargado de promover y tutelar la doctrina cat\\u00f3lica en el mundo cat\\u00f3lico. El nombramiento de Cifres Gim\\u00e9nez fue anunciado\",\"inLanguage\":\"es-ES\",\"isPartOf\":{\"@id\":\"https:\\\/\\\/www.eldigitaldeasturias.com\\\/noticias\\\/#website\"},\"breadcrumb\":{\"@id\":\"https:\\\/\\\/www.eldigitaldeasturias.com\\\/noticias\\\/el-papa-nombra-al-espanol-cifres-jefe-de-la-oficina-de-la-congregacion-de-la-fe\\\/#breadcrumblist\"},\"author\":{\"@id\":\"https:\\\/\\\/www.eldigitaldeasturias.com\\\/noticias\\\/author\\\/admin\\\/#author\"},\"creator\":{\"@id\":\"https:\\\/\\\/www.eldigitaldeasturias.com\\\/noticias\\\/author\\\/admin\\\/#author\"},\"image\":{\"@type\":\"ImageObject\",\"url\":457843,\"@id\":\"https:\\\/\\\/www.eldigitaldeasturias.com\\\/noticias\\\/el-papa-nombra-al-espanol-cifres-jefe-de-la-oficina-de-la-congregacion-de-la-fe\\\/#mainImage\"},\"primaryImageOfPage\":{\"@id\":\"https:\\\/\\\/www.eldigitaldeasturias.com\\\/noticias\\\/el-papa-nombra-al-espanol-cifres-jefe-de-la-oficina-de-la-congregacion-de-la-fe\\\/#mainImage\"},\"datePublished\":\"2013-12-04T20:42:11+01:00\",\"dateModified\":\"2013-12-04T20:42:11+01:00\"},{\"@type\":\"WebSite\",\"@id\":\"https:\\\/\\\/www.eldigitaldeasturias.com\\\/noticias\\\/#website\",\"url\":\"https:\\\/\\\/www.eldigitaldeasturias.com\\\/noticias\\\/\",\"name\":\"El Digital de Asturias - Diario de actualidad y noticias\",\"alternateName\":\"El Digital de Asturias - Diario de actualidad y noticias\",\"description\":\"Hemeroteca\",\"inLanguage\":\"es-ES\",\"publisher\":{\"@id\":\"https:\\\/\\\/www.eldigitaldeasturias.com\\\/noticias\\\/#organization\"}}]}\n\t\t<\/script>\n\t\t<!-- All in One SEO Pro -->\r\n\t\t<title>El Papa nombra al espa\u00f1ol Cifres jefe de la oficina de la Congregaci\u00f3n de la Fe - El Digital de Asturias<\/title>\n\n","aioseo_head_json":{"title":"El Papa nombra al espa\u00f1ol Cifres jefe de la oficina de la Congregaci\u00f3n de la Fe - El Digital de Asturias","description":"Ciudad del Vaticano, 4 dic (EFE).- El papa Francisco nombr\u00f3 hoy jefe de la oficina de la Congregaci\u00f3n para la Doctrina de la Fe al monse\u00f1or espa\u00f1ol Alejandro Cifres Gim\u00e9nez, hasta ahora ayudante en este dicasterio, encargado de promover y tutelar la doctrina cat\u00f3lica en el mundo cat\u00f3lico. El nombramiento de Cifres Gim\u00e9nez fue anunciado","canonical_url":"https:\/\/www.eldigitaldeasturias.com\/noticias\/el-papa-nombra-al-espanol-cifres-jefe-de-la-oficina-de-la-congregacion-de-la-fe\/","robots":"max-image-preview:large","keywords":"sociedad","webmasterTools":{"google-site-verification":"UA-38556648-1","msvalidate.01":"7dfe9f3f1b24437ab69f4f2559babe99","miscellaneous":""},"schema":{"@context":"https:\/\/schema.org","@graph":[{"@type":"BlogPosting","@id":"https:\/\/www.eldigitaldeasturias.com\/noticias\/el-papa-nombra-al-espanol-cifres-jefe-de-la-oficina-de-la-congregacion-de-la-fe\/#blogposting","name":"El Papa nombra al espa\u00f1ol Cifres jefe de la oficina de la Congregaci\u00f3n de la Fe - El Digital de Asturias","headline":"El Papa nombra al espa\u00f1ol Cifres jefe de la oficina de la Congregaci\u00f3n de la Fe","author":{"@id":"https:\/\/www.eldigitaldeasturias.com\/noticias\/author\/admin\/#author"},"publisher":{"@id":"https:\/\/www.eldigitaldeasturias.com\/noticias\/#organization"},"image":{"@type":"ImageObject","url":457843},"datePublished":"2013-12-04T20:42:11+01:00","dateModified":"2013-12-04T20:42:11+01:00","inLanguage":"es-ES","mainEntityOfPage":{"@id":"https:\/\/www.eldigitaldeasturias.com\/noticias\/el-papa-nombra-al-espanol-cifres-jefe-de-la-oficina-de-la-congregacion-de-la-fe\/#webpage"},"isPartOf":{"@id":"https:\/\/www.eldigitaldeasturias.com\/noticias\/el-papa-nombra-al-espanol-cifres-jefe-de-la-oficina-de-la-congregacion-de-la-fe\/#webpage"},"articleSection":"Sociedad"},{"@type":"BreadcrumbList","@id":"https:\/\/www.eldigitaldeasturias.com\/noticias\/el-papa-nombra-al-espanol-cifres-jefe-de-la-oficina-de-la-congregacion-de-la-fe\/#breadcrumblist","itemListElement":[{"@type":"ListItem","@id":"https:\/\/www.eldigitaldeasturias.com\/noticias#listItem","position":1,"name":"Home","item":"https:\/\/www.eldigitaldeasturias.com\/noticias","nextItem":{"@type":"ListItem","@id":"https:\/\/www.eldigitaldeasturias.com\/noticias\/category\/sociedad\/#listItem","name":"Sociedad"}},{"@type":"ListItem","@id":"https:\/\/www.eldigitaldeasturias.com\/noticias\/category\/sociedad\/#listItem","position":2,"name":"Sociedad","item":"https:\/\/www.eldigitaldeasturias.com\/noticias\/category\/sociedad\/","nextItem":{"@type":"ListItem","@id":"https:\/\/www.eldigitaldeasturias.com\/noticias\/el-papa-nombra-al-espanol-cifres-jefe-de-la-oficina-de-la-congregacion-de-la-fe\/#listItem","name":"El Papa nombra al espa\u00f1ol Cifres jefe de la oficina de la Congregaci\u00f3n de la Fe"},"previousItem":{"@type":"ListItem","@id":"https:\/\/www.eldigitaldeasturias.com\/noticias#listItem","name":"Home"}},{"@type":"ListItem","@id":"https:\/\/www.eldigitaldeasturias.com\/noticias\/el-papa-nombra-al-espanol-cifres-jefe-de-la-oficina-de-la-congregacion-de-la-fe\/#listItem","position":3,"name":"El Papa nombra al espa\u00f1ol Cifres jefe de la oficina de la Congregaci\u00f3n de la Fe","previousItem":{"@type":"ListItem","@id":"https:\/\/www.eldigitaldeasturias.com\/noticias\/category\/sociedad\/#listItem","name":"Sociedad"}}]},{"@type":"Organization","@id":"https:\/\/www.eldigitaldeasturias.com\/noticias\/#organization","name":"El Digital de Asturias","description":"Hemeroteca","url":"https:\/\/www.eldigitaldeasturias.com\/noticias\/","email":"info@eldigitaldeasturias.com","telephone":"+34652131393","logo":{"@type":"ImageObject","url":"https:\/\/www.eldigitaldeasturias.com\/noticias\/wp-content\/uploads\/2020\/12\/EDA.jpg","@id":"https:\/\/www.eldigitaldeasturias.com\/noticias\/el-papa-nombra-al-espanol-cifres-jefe-de-la-oficina-de-la-congregacion-de-la-fe\/#organizationLogo"},"image":{"@id":"https:\/\/www.eldigitaldeasturias.com\/noticias\/el-papa-nombra-al-espanol-cifres-jefe-de-la-oficina-de-la-congregacion-de-la-fe\/#organizationLogo"},"sameAs":["https:\/\/facebook.com\/eldigitaldeasturias","https:\/\/www.youtube.com\/channel\/UCZP-2wLEB9Rv6erhFmqVnvg"],"address":{"@id":"https:\/\/www.eldigitaldeasturias.com\/noticias\/#postaladdress","@type":"PostalAddress","streetAddress":"san antonio 4","postalCode":"33430","addressLocality":"Cand\u00e1s","addressRegion":"Asturias","addressCountry":"ES"}},{"@type":"Person","@id":"https:\/\/www.eldigitaldeasturias.com\/noticias\/author\/admin\/#author","url":"https:\/\/www.eldigitaldeasturias.com\/noticias\/author\/admin\/","name":"El Digital de Asturias","image":{"@type":"ImageObject","@id":"https:\/\/www.eldigitaldeasturias.com\/noticias\/el-papa-nombra-al-espanol-cifres-jefe-de-la-oficina-de-la-congregacion-de-la-fe\/#authorImage","url":"https:\/\/secure.gravatar.com\/avatar\/df2aeffc32bcd13f8d26072ef8a91b623d677766deac7f97ca815868cd41bf5e?s=96&d=mm&r=g","width":96,"height":96,"caption":"El Digital de Asturias"}},{"@type":"WebPage","@id":"https:\/\/www.eldigitaldeasturias.com\/noticias\/el-papa-nombra-al-espanol-cifres-jefe-de-la-oficina-de-la-congregacion-de-la-fe\/#webpage","url":"https:\/\/www.eldigitaldeasturias.com\/noticias\/el-papa-nombra-al-espanol-cifres-jefe-de-la-oficina-de-la-congregacion-de-la-fe\/","name":"El Papa nombra al espa\u00f1ol Cifres jefe de la oficina de la Congregaci\u00f3n de la Fe - El Digital de Asturias","description":"Ciudad del Vaticano, 4 dic (EFE).- El papa Francisco nombr\u00f3 hoy jefe de la oficina de la Congregaci\u00f3n para la Doctrina de la Fe al monse\u00f1or espa\u00f1ol Alejandro Cifres Gim\u00e9nez, hasta ahora ayudante en este dicasterio, encargado de promover y tutelar la doctrina cat\u00f3lica en el mundo cat\u00f3lico. El nombramiento de Cifres Gim\u00e9nez fue anunciado","inLanguage":"es-ES","isPartOf":{"@id":"https:\/\/www.eldigitaldeasturias.com\/noticias\/#website"},"breadcrumb":{"@id":"https:\/\/www.eldigitaldeasturias.com\/noticias\/el-papa-nombra-al-espanol-cifres-jefe-de-la-oficina-de-la-congregacion-de-la-fe\/#breadcrumblist"},"author":{"@id":"https:\/\/www.eldigitaldeasturias.com\/noticias\/author\/admin\/#author"},"creator":{"@id":"https:\/\/www.eldigitaldeasturias.com\/noticias\/author\/admin\/#author"},"image":{"@type":"ImageObject","url":457843,"@id":"https:\/\/www.eldigitaldeasturias.com\/noticias\/el-papa-nombra-al-espanol-cifres-jefe-de-la-oficina-de-la-congregacion-de-la-fe\/#mainImage"},"primaryImageOfPage":{"@id":"https:\/\/www.eldigitaldeasturias.com\/noticias\/el-papa-nombra-al-espanol-cifres-jefe-de-la-oficina-de-la-congregacion-de-la-fe\/#mainImage"},"datePublished":"2013-12-04T20:42:11+01:00","dateModified":"2013-12-04T20:42:11+01:00"},{"@type":"WebSite","@id":"https:\/\/www.eldigitaldeasturias.com\/noticias\/#website","url":"https:\/\/www.eldigitaldeasturias.com\/noticias\/","name":"El Digital de Asturias - Diario de actualidad y noticias","alternateName":"El Digital de Asturias - Diario de actualidad y noticias","description":"Hemeroteca","inLanguage":"es-ES","publisher":{"@id":"https:\/\/www.eldigitaldeasturias.com\/noticias\/#organization"}}]},"og:locale":"es_ES","og:site_name":"El Digital de Asturias","og:type":"article","og:title":"El Papa nombra al espa\u00f1ol Cifres jefe de la oficina de la Congregaci\u00f3n de la Fe - El Digital de Asturias","og:description":"Ciudad del Vaticano, 4 dic (EFE).- El papa Francisco nombr\u00f3 hoy jefe de la oficina de la Congregaci\u00f3n para la Doctrina de la Fe al monse\u00f1or espa\u00f1ol Alejandro Cifres Gim\u00e9nez, hasta ahora ayudante en este dicasterio, encargado de promover y tutelar la doctrina cat\u00f3lica en el mundo cat\u00f3lico. El nombramiento de Cifres Gim\u00e9nez fue anunciado","og:url":"https:\/\/www.eldigitaldeasturias.com\/noticias\/el-papa-nombra-al-espanol-cifres-jefe-de-la-oficina-de-la-congregacion-de-la-fe\/","article:tag":["sociedad"],"article:published_time":"2013-12-04T21:42:11+00:00","article:modified_time":"2013-12-04T21:42:11+00:00","article:publisher":"https:\/\/facebook.com\/eldigitaldeasturias","twitter:card":"summary_large_image","twitter:title":"El Papa nombra al espa\u00f1ol Cifres jefe de la oficina de la Congregaci\u00f3n de la Fe - El Digital de Asturias","twitter:description":"Ciudad del Vaticano, 4 dic (EFE).- El papa Francisco nombr\u00f3 hoy jefe de la oficina de la Congregaci\u00f3n para la Doctrina de la Fe al monse\u00f1or espa\u00f1ol Alejandro Cifres Gim\u00e9nez, hasta ahora ayudante en este dicasterio, encargado de promover y tutelar la doctrina cat\u00f3lica en el mundo cat\u00f3lico. El nombramiento de Cifres Gim\u00e9nez fue anunciado","twitter:label1":"Escrito por","twitter:data1":"El Digital de Asturias","twitter:label2":"Tiempo de lectura estimado","twitter:data2":"1 minuto"},"aioseo_meta_data":{"post_id":"457842","title":null,"description":null,"keywords":null,"keyphrases":null,"primary_term":null,"canonical_url":null,"og_title":null,"og_description":null,"og_object_type":"default","og_image_type":"default","og_image_url":null,"og_image_width":null,"og_image_height":null,"og_image_custom_url":null,"og_image_custom_fields":null,"og_video":null,"og_custom_url":null,"og_article_section":null,"og_article_tags":null,"twitter_use_og":true,"twitter_card":"default","twitter_image_type":"default","twitter_image_url":null,"twitter_image_custom_url":null,"twitter_image_custom_fields":null,"twitter_title":null,"twitter_description":null,"schema":{"blockGraphs":[],"customGraphs":[],"default":{"data":{"Article":[],"Course":[],"Dataset":[],"FAQPage":[],"Movie":[],"Person":[],"Product":[],"ProductReview":[],"Car":[],"Recipe":[],"Service":[],"SoftwareApplication":[],"WebPage":[]},"graphName":"","isEnabled":true},"graphs":[],"defaultGraph":"","defaultPostTypeGraph":""},"schema_type":null,"schema_type_options":null,"pillar_content":false,"robots_default":true,"robots_noindex":false,"robots_noarchive":false,"robots_nosnippet":false,"robots_nofollow":false,"robots_noimageindex":false,"robots_noodp":false,"robots_notranslate":false,"robots_max_snippet":null,"robots_max_videopreview":null,"robots_max_imagepreview":"none","priority":null,"frequency":null,"local_seo":null,"seo_analyzer_scan_date":"2026-05-30 03:28:11","breadcrumb_settings":null,"limit_modified_date":false,"open_ai":null,"ai":null,"created":"2020-11-14 22:46:10","updated":"2026-05-30 03:28:11","focus_keyword":null,"additional_keywords":null,"truseo_locale":null},"aioseo_breadcrumb":"<div class=\"aioseo-breadcrumbs\"><span class=\"aioseo-breadcrumb\">\n\t<a href=\"https:\/\/www.eldigitaldeasturias.com\/noticias\" title=\"Home\">Home<\/a>\n<\/span><span class=\"aioseo-breadcrumb-separator\">\u2013<\/span><span class=\"aioseo-breadcrumb\">\n\t<a href=\"https:\/\/www.eldigitaldeasturias.com\/noticias\/category\/sociedad\/\" title=\"Sociedad\">Sociedad<\/a>\n<\/span><span class=\"aioseo-breadcrumb-separator\">\u2013<\/span><span class=\"aioseo-breadcrumb\">\n\t<a href=\"https:\/\/www.eldigitaldeasturias.com\/noticias\/el-papa-nombra-al-espanol-cifres-jefe-de-la-oficina-de-la-congregacion-de-la-fe\/\" title=\"El Papa nombra al espa\u00f1ol Cifres jefe de la oficina de la Congregaci\u00f3n de la Fe\">El Papa nombra al espa\u00f1ol Cifres jefe de la oficina de la Congregaci\u00f3n de la Fe<\/a>\n<\/span><\/div>","aioseo_breadcrumb_json":[{"label":"Home","link":"https:\/\/www.eldigitaldeasturias.com\/noticias"},{"label":"Sociedad","link":"https:\/\/www.eldigitaldeasturias.com\/noticias\/category\/sociedad\/"},{"label":"El Papa nombra al espa\u00f1ol Cifres jefe de la oficina de la Congregaci\u00f3n de la Fe","link":"https:\/\/www.eldigitaldeasturias.com\/noticias\/el-papa-nombra-al-espanol-cifres-jefe-de-la-oficina-de-la-congregacion-de-la-fe\/"}],"_links":{"self":[{"href":"https:\/\/www.eldigitaldeasturias.com\/noticias\/wp-json\/wp\/v2\/posts\/457842","targetHints":{"allow":["GET"]}}],"collection":[{"href":"https:\/\/www.eldigitaldeasturias.com\/noticias\/wp-json\/wp\/v2\/posts"}],"about":[{"href":"https:\/\/www.eldigitaldeasturias.com\/noticias\/wp-json\/wp\/v2\/types\/post"}],"author":[{"embeddable":true,"href":"https:\/\/www.eldigitaldeasturias.com\/noticias\/wp-json\/wp\/v2\/users\/1"}],"replies":[{"embeddable":true,"href":"https:\/\/www.eldigitaldeasturias.com\/noticias\/wp-json\/wp\/v2\/comments?post=457842"}],"version-history":[{"count":0,"href":"https:\/\/www.eldigitaldeasturias.com\/noticias\/wp-json\/wp\/v2\/posts\/457842\/revisions"}],"wp:attachment":[{"href":"https:\/\/www.eldigitaldeasturias.com\/noticias\/wp-json\/wp\/v2\/media?parent=457842"}],"wp:term":[{"taxonomy":"category","embeddable":true,"href":"https:\/\/www.eldigitaldeasturias.com\/noticias\/wp-json\/wp\/v2\/categories?post=457842"},{"taxonomy":"post_tag","embeddable":true,"href":"https:\/\/www.eldigitaldeasturias.com\/noticias\/wp-json\/wp\/v2\/tags?post=457842"}],"curies":[{"name":"wp","href":"https:\/\/api.w.org\/{rel}","templated":true}]}}