{"id":457791,"date":"2013-12-04T19:23:08","date_gmt":"2013-12-04T20:23:08","guid":{"rendered":"http:\/\/www.eldigitaldeasturias.com\/noticias\/?p=457791"},"modified":"2013-12-04T19:23:08","modified_gmt":"2013-12-04T20:23:08","slug":"beady-eye-la-banda-de-liam-gallagher-volvera-a-espana-en-febrero-con-be","status":"publish","type":"post","link":"https:\/\/www.eldigitaldeasturias.com\/noticias\/beady-eye-la-banda-de-liam-gallagher-volvera-a-espana-en-febrero-con-be\/","title":{"rendered":"Beady Eye, la banda de Liam Gallagher, volver\u00e1 a Espa\u00f1a en febrero con \u00abBe\u00bb"},"content":{"rendered":"<p><img loading=\"lazy\" decoding=\"async\" class=\"alignleft size-medium wp-image-457792\" alt=\"5771232w\" src=\"https:\/\/www.eldigitaldeasturias.com\/noticias\/wp-content\/uploads\/2013\/12\/5771232w-360x251.jpg\" width=\"360\" height=\"251\" \/>Madrid, 4 dic (EFE).- Beady Eye, la banda del deslenguado Liam Gallagher nacida de las cenizas de Oasis, presentar\u00e1 su disco \u00abBe\u00bb en Madrid y Barcelona el 12 y 13 de febrero, respectivamente, seg\u00fan ha anunciado su promotora, que precisa que las entradas se pondr\u00e1n ma\u00f1ana a la venta.<\/p>\n<p>Tras su paso este verano por el Festival Internacional de Benic\u00e1ssim (FIB), en su nueva visita a Espa\u00f1a los brit\u00e1nicos tocar\u00e1n en la sala Razzmatazz de la ciudad condal y en la sala La Riviera de la capital, donde actuaron por \u00faltima vez en marzo de 2011.<\/p>\n<p>Si entonces presentaron su debut discogr\u00e1fico, \u00abDifferent Gear, Still Speeding\u00bb, esta vez su carta de presentaci\u00f3n ser\u00e1 \u00abBe\u00bb, publicado en junio de 2013, con producci\u00f3n de Dave Sitek (colaborador previo de bandas como Foals).<\/p>\n<p>Tras la disoluci\u00f3n de Oasis, Liam Gallagher se apart\u00f3 musical y personalmente de su hermano Noel, principal compositor de la banda, y form\u00f3 Beady Eye con varios de sus ex compa\u00f1eros: Gem Archer, Andy Bell y Chris Sharrock.<\/p>\n","protected":false},"excerpt":{"rendered":"<p>Madrid, 4 dic (EFE).- Beady Eye, la banda del deslenguado Liam Gallagher nacida de las cenizas de Oasis, presentar\u00e1 su disco \u00abBe\u00bb en Madrid y Barcelona el 12 y 13 de febrero, respectivamente, seg\u00fan ha anunciado su promotora, que precisa que las entradas se pondr\u00e1n ma\u00f1ana a la venta. Tras su paso este verano por [&hellip;]<\/p>\n","protected":false},"author":1,"featured_media":457792,"comment_status":"closed","ping_status":"open","sticky":false,"template":"","format":"standard","meta":{"footnotes":""},"categories":[50],"tags":[],"class_list":["post-457791","post","type-post","status-publish","format-standard","has-post-thumbnail","hentry","category-revista-de-ocio"],"aioseo_notices":[],"aioseo_head":"\n\t\t<!-- All in One SEO Pro 5.0.1 - aioseo.com -->\n\t<meta name=\"description\" content=\"Madrid, 4 dic (EFE).- Beady Eye, la banda del deslenguado Liam Gallagher nacida de las cenizas de Oasis, presentar\u00e1 su disco &quot;Be&quot; en Madrid y Barcelona el 12 y 13 de febrero, respectivamente, seg\u00fan ha anunciado su promotora, que precisa que las entradas se pondr\u00e1n ma\u00f1ana a la venta. Tras su paso este verano por\" \/>\n\t<meta name=\"robots\" content=\"max-image-preview:large\" \/>\n\t<meta name=\"author\" content=\"El Digital de Asturias\"\/>\n\t<meta name=\"google-site-verification\" content=\"UA-38556648-1\" \/>\n\t<meta name=\"msvalidate.01\" content=\"7dfe9f3f1b24437ab69f4f2559babe99\" \/>\n\t<meta name=\"keywords\" content=\"revista de ocio\" \/>\n\t<link rel=\"canonical\" href=\"https:\/\/www.eldigitaldeasturias.com\/noticias\/beady-eye-la-banda-de-liam-gallagher-volvera-a-espana-en-febrero-con-be\/\" \/>\n\t<meta name=\"generator\" content=\"All in One SEO Pro (AIOSEO) 5.0.1\" \/>\n\t\t<meta property=\"og:locale\" content=\"es_ES\" \/>\n\t\t<meta property=\"og:site_name\" content=\"El Digital de Asturias\" \/>\n\t\t<meta property=\"og:type\" content=\"article\" \/>\n\t\t<meta property=\"og:title\" content=\"Beady Eye, la banda de Liam Gallagher, volver\u00e1 a Espa\u00f1a en febrero con \u00abBe\u00bb - El Digital de Asturias\" \/>\n\t\t<meta property=\"og:description\" content=\"Madrid, 4 dic (EFE).- Beady Eye, la banda del deslenguado Liam Gallagher nacida de las cenizas de Oasis, presentar\u00e1 su disco &quot;Be&quot; en Madrid y Barcelona el 12 y 13 de febrero, respectivamente, seg\u00fan ha anunciado su promotora, que precisa que las entradas se pondr\u00e1n ma\u00f1ana a la venta. Tras su paso este verano por\" \/>\n\t\t<meta property=\"og:url\" content=\"https:\/\/www.eldigitaldeasturias.com\/noticias\/beady-eye-la-banda-de-liam-gallagher-volvera-a-espana-en-febrero-con-be\/\" \/>\n\t\t<meta property=\"article:tag\" content=\"revista de ocio\" \/>\n\t\t<meta property=\"article:published_time\" content=\"2013-12-04T20:23:08+00:00\" \/>\n\t\t<meta property=\"article:modified_time\" content=\"2013-12-04T20:23:08+00:00\" \/>\n\t\t<meta property=\"article:publisher\" content=\"https:\/\/facebook.com\/eldigitaldeasturias\" \/>\n\t\t<meta name=\"twitter:card\" content=\"summary_large_image\" \/>\n\t\t<meta name=\"twitter:title\" content=\"Beady Eye, la banda de Liam Gallagher, volver\u00e1 a Espa\u00f1a en febrero con \u00abBe\u00bb - El Digital de Asturias\" \/>\n\t\t<meta name=\"twitter:description\" content=\"Madrid, 4 dic (EFE).- Beady Eye, la banda del deslenguado Liam Gallagher nacida de las cenizas de Oasis, presentar\u00e1 su disco &quot;Be&quot; en Madrid y Barcelona el 12 y 13 de febrero, respectivamente, seg\u00fan ha anunciado su promotora, que precisa que las entradas se pondr\u00e1n ma\u00f1ana a la venta. Tras su paso este verano por\" \/>\n\t\t<meta name=\"twitter:label1\" content=\"Escrito por\" \/>\n\t\t<meta name=\"twitter:data1\" content=\"El Digital de Asturias\" \/>\n\t\t<meta name=\"twitter:label2\" content=\"Tiempo de lectura estimado\" \/>\n\t\t<meta name=\"twitter:data2\" content=\"1 minuto\" \/>\n\t\t<script type=\"application\/ld+json\" class=\"aioseo-schema\">\n\t\t\t{\"@context\":\"https:\\\/\\\/schema.org\",\"@graph\":[{\"@type\":\"BlogPosting\",\"@id\":\"https:\\\/\\\/www.eldigitaldeasturias.com\\\/noticias\\\/beady-eye-la-banda-de-liam-gallagher-volvera-a-espana-en-febrero-con-be\\\/#blogposting\",\"name\":\"Beady Eye, la banda de Liam Gallagher, volver\\u00e1 a Espa\\u00f1a en febrero con \\u00abBe\\u00bb - El Digital de Asturias\",\"headline\":\"Beady Eye, la banda de Liam Gallagher, volver\\u00e1 a Espa\\u00f1a en febrero con \\u00abBe\\u00bb\",\"author\":{\"@id\":\"https:\\\/\\\/www.eldigitaldeasturias.com\\\/noticias\\\/author\\\/admin\\\/#author\"},\"publisher\":{\"@id\":\"https:\\\/\\\/www.eldigitaldeasturias.com\\\/noticias\\\/#organization\"},\"image\":{\"@type\":\"ImageObject\",\"url\":457792},\"datePublished\":\"2013-12-04T19:23:08+01:00\",\"dateModified\":\"2013-12-04T19:23:08+01:00\",\"inLanguage\":\"es-ES\",\"mainEntityOfPage\":{\"@id\":\"https:\\\/\\\/www.eldigitaldeasturias.com\\\/noticias\\\/beady-eye-la-banda-de-liam-gallagher-volvera-a-espana-en-febrero-con-be\\\/#webpage\"},\"isPartOf\":{\"@id\":\"https:\\\/\\\/www.eldigitaldeasturias.com\\\/noticias\\\/beady-eye-la-banda-de-liam-gallagher-volvera-a-espana-en-febrero-con-be\\\/#webpage\"},\"articleSection\":\"Revista de Ocio\"},{\"@type\":\"BreadcrumbList\",\"@id\":\"https:\\\/\\\/www.eldigitaldeasturias.com\\\/noticias\\\/beady-eye-la-banda-de-liam-gallagher-volvera-a-espana-en-febrero-con-be\\\/#breadcrumblist\",\"itemListElement\":[{\"@type\":\"ListItem\",\"@id\":\"https:\\\/\\\/www.eldigitaldeasturias.com\\\/noticias#listItem\",\"position\":1,\"name\":\"Home\",\"item\":\"https:\\\/\\\/www.eldigitaldeasturias.com\\\/noticias\",\"nextItem\":{\"@type\":\"ListItem\",\"@id\":\"https:\\\/\\\/www.eldigitaldeasturias.com\\\/noticias\\\/category\\\/revista-de-ocio\\\/#listItem\",\"name\":\"Revista de Ocio\"}},{\"@type\":\"ListItem\",\"@id\":\"https:\\\/\\\/www.eldigitaldeasturias.com\\\/noticias\\\/category\\\/revista-de-ocio\\\/#listItem\",\"position\":2,\"name\":\"Revista de Ocio\",\"item\":\"https:\\\/\\\/www.eldigitaldeasturias.com\\\/noticias\\\/category\\\/revista-de-ocio\\\/\",\"nextItem\":{\"@type\":\"ListItem\",\"@id\":\"https:\\\/\\\/www.eldigitaldeasturias.com\\\/noticias\\\/beady-eye-la-banda-de-liam-gallagher-volvera-a-espana-en-febrero-con-be\\\/#listItem\",\"name\":\"Beady Eye, la banda de Liam Gallagher, volver\\u00e1 a Espa\\u00f1a en febrero con \\u00abBe\\u00bb\"},\"previousItem\":{\"@type\":\"ListItem\",\"@id\":\"https:\\\/\\\/www.eldigitaldeasturias.com\\\/noticias#listItem\",\"name\":\"Home\"}},{\"@type\":\"ListItem\",\"@id\":\"https:\\\/\\\/www.eldigitaldeasturias.com\\\/noticias\\\/beady-eye-la-banda-de-liam-gallagher-volvera-a-espana-en-febrero-con-be\\\/#listItem\",\"position\":3,\"name\":\"Beady Eye, la banda de Liam Gallagher, volver\\u00e1 a Espa\\u00f1a en febrero con \\u00abBe\\u00bb\",\"previousItem\":{\"@type\":\"ListItem\",\"@id\":\"https:\\\/\\\/www.eldigitaldeasturias.com\\\/noticias\\\/category\\\/revista-de-ocio\\\/#listItem\",\"name\":\"Revista de Ocio\"}}]},{\"@type\":\"Organization\",\"@id\":\"https:\\\/\\\/www.eldigitaldeasturias.com\\\/noticias\\\/#organization\",\"name\":\"El Digital de Asturias\",\"description\":\"Hemeroteca\",\"url\":\"https:\\\/\\\/www.eldigitaldeasturias.com\\\/noticias\\\/\",\"email\":\"info@eldigitaldeasturias.com\",\"telephone\":\"+34652131393\",\"logo\":{\"@type\":\"ImageObject\",\"url\":\"https:\\\/\\\/www.eldigitaldeasturias.com\\\/noticias\\\/wp-content\\\/uploads\\\/2020\\\/12\\\/EDA.jpg\",\"@id\":\"https:\\\/\\\/www.eldigitaldeasturias.com\\\/noticias\\\/beady-eye-la-banda-de-liam-gallagher-volvera-a-espana-en-febrero-con-be\\\/#organizationLogo\"},\"image\":{\"@id\":\"https:\\\/\\\/www.eldigitaldeasturias.com\\\/noticias\\\/beady-eye-la-banda-de-liam-gallagher-volvera-a-espana-en-febrero-con-be\\\/#organizationLogo\"},\"sameAs\":[\"https:\\\/\\\/facebook.com\\\/eldigitaldeasturias\",\"https:\\\/\\\/www.youtube.com\\\/channel\\\/UCZP-2wLEB9Rv6erhFmqVnvg\"],\"address\":{\"@id\":\"https:\\\/\\\/www.eldigitaldeasturias.com\\\/noticias\\\/#postaladdress\",\"@type\":\"PostalAddress\",\"streetAddress\":\"san antonio 4\",\"postalCode\":\"33430\",\"addressLocality\":\"Cand\\u00e1s\",\"addressRegion\":\"Asturias\",\"addressCountry\":\"ES\"}},{\"@type\":\"Person\",\"@id\":\"https:\\\/\\\/www.eldigitaldeasturias.com\\\/noticias\\\/author\\\/admin\\\/#author\",\"url\":\"https:\\\/\\\/www.eldigitaldeasturias.com\\\/noticias\\\/author\\\/admin\\\/\",\"name\":\"El Digital de Asturias\",\"image\":{\"@type\":\"ImageObject\",\"@id\":\"https:\\\/\\\/www.eldigitaldeasturias.com\\\/noticias\\\/beady-eye-la-banda-de-liam-gallagher-volvera-a-espana-en-febrero-con-be\\\/#authorImage\",\"url\":\"https:\\\/\\\/secure.gravatar.com\\\/avatar\\\/df2aeffc32bcd13f8d26072ef8a91b623d677766deac7f97ca815868cd41bf5e?s=96&d=mm&r=g\",\"width\":96,\"height\":96,\"caption\":\"El Digital de Asturias\"}},{\"@type\":\"WebPage\",\"@id\":\"https:\\\/\\\/www.eldigitaldeasturias.com\\\/noticias\\\/beady-eye-la-banda-de-liam-gallagher-volvera-a-espana-en-febrero-con-be\\\/#webpage\",\"url\":\"https:\\\/\\\/www.eldigitaldeasturias.com\\\/noticias\\\/beady-eye-la-banda-de-liam-gallagher-volvera-a-espana-en-febrero-con-be\\\/\",\"name\":\"Beady Eye, la banda de Liam Gallagher, volver\\u00e1 a Espa\\u00f1a en febrero con \\u00abBe\\u00bb - El Digital de Asturias\",\"description\":\"Madrid, 4 dic (EFE).- Beady Eye, la banda del deslenguado Liam Gallagher nacida de las cenizas de Oasis, presentar\\u00e1 su disco \\\"Be\\\" en Madrid y Barcelona el 12 y 13 de febrero, respectivamente, seg\\u00fan ha anunciado su promotora, que precisa que las entradas se pondr\\u00e1n ma\\u00f1ana a la venta. Tras su paso este verano por\",\"inLanguage\":\"es-ES\",\"isPartOf\":{\"@id\":\"https:\\\/\\\/www.eldigitaldeasturias.com\\\/noticias\\\/#website\"},\"breadcrumb\":{\"@id\":\"https:\\\/\\\/www.eldigitaldeasturias.com\\\/noticias\\\/beady-eye-la-banda-de-liam-gallagher-volvera-a-espana-en-febrero-con-be\\\/#breadcrumblist\"},\"author\":{\"@id\":\"https:\\\/\\\/www.eldigitaldeasturias.com\\\/noticias\\\/author\\\/admin\\\/#author\"},\"creator\":{\"@id\":\"https:\\\/\\\/www.eldigitaldeasturias.com\\\/noticias\\\/author\\\/admin\\\/#author\"},\"image\":{\"@type\":\"ImageObject\",\"url\":457792,\"@id\":\"https:\\\/\\\/www.eldigitaldeasturias.com\\\/noticias\\\/beady-eye-la-banda-de-liam-gallagher-volvera-a-espana-en-febrero-con-be\\\/#mainImage\"},\"primaryImageOfPage\":{\"@id\":\"https:\\\/\\\/www.eldigitaldeasturias.com\\\/noticias\\\/beady-eye-la-banda-de-liam-gallagher-volvera-a-espana-en-febrero-con-be\\\/#mainImage\"},\"datePublished\":\"2013-12-04T19:23:08+01:00\",\"dateModified\":\"2013-12-04T19:23:08+01:00\"},{\"@type\":\"WebSite\",\"@id\":\"https:\\\/\\\/www.eldigitaldeasturias.com\\\/noticias\\\/#website\",\"url\":\"https:\\\/\\\/www.eldigitaldeasturias.com\\\/noticias\\\/\",\"name\":\"El Digital de Asturias - Diario de actualidad y noticias\",\"alternateName\":\"El Digital de Asturias - Diario de actualidad y noticias\",\"description\":\"Hemeroteca\",\"inLanguage\":\"es-ES\",\"publisher\":{\"@id\":\"https:\\\/\\\/www.eldigitaldeasturias.com\\\/noticias\\\/#organization\"}}]}\n\t\t<\/script>\n\t\t<!-- All in One SEO Pro -->\r\n\t\t<title>Beady Eye, la banda de Liam Gallagher, volver\u00e1 a Espa\u00f1a en febrero con \u00abBe\u00bb - El Digital de Asturias<\/title>\n\n","aioseo_head_json":{"title":"Beady Eye, la banda de Liam Gallagher, volver\u00e1 a Espa\u00f1a en febrero con \u00abBe\u00bb - El Digital de Asturias","description":"Madrid, 4 dic (EFE).- Beady Eye, la banda del deslenguado Liam Gallagher nacida de las cenizas de Oasis, presentar\u00e1 su disco \"Be\" en Madrid y Barcelona el 12 y 13 de febrero, respectivamente, seg\u00fan ha anunciado su promotora, que precisa que las entradas se pondr\u00e1n ma\u00f1ana a la venta. Tras su paso este verano por","canonical_url":"https:\/\/www.eldigitaldeasturias.com\/noticias\/beady-eye-la-banda-de-liam-gallagher-volvera-a-espana-en-febrero-con-be\/","robots":"max-image-preview:large","keywords":"revista de ocio","webmasterTools":{"google-site-verification":"UA-38556648-1","msvalidate.01":"7dfe9f3f1b24437ab69f4f2559babe99","miscellaneous":""},"schema":{"@context":"https:\/\/schema.org","@graph":[{"@type":"BlogPosting","@id":"https:\/\/www.eldigitaldeasturias.com\/noticias\/beady-eye-la-banda-de-liam-gallagher-volvera-a-espana-en-febrero-con-be\/#blogposting","name":"Beady Eye, la banda de Liam Gallagher, volver\u00e1 a Espa\u00f1a en febrero con \u00abBe\u00bb - El Digital de Asturias","headline":"Beady Eye, la banda de Liam Gallagher, volver\u00e1 a Espa\u00f1a en febrero con \u00abBe\u00bb","author":{"@id":"https:\/\/www.eldigitaldeasturias.com\/noticias\/author\/admin\/#author"},"publisher":{"@id":"https:\/\/www.eldigitaldeasturias.com\/noticias\/#organization"},"image":{"@type":"ImageObject","url":457792},"datePublished":"2013-12-04T19:23:08+01:00","dateModified":"2013-12-04T19:23:08+01:00","inLanguage":"es-ES","mainEntityOfPage":{"@id":"https:\/\/www.eldigitaldeasturias.com\/noticias\/beady-eye-la-banda-de-liam-gallagher-volvera-a-espana-en-febrero-con-be\/#webpage"},"isPartOf":{"@id":"https:\/\/www.eldigitaldeasturias.com\/noticias\/beady-eye-la-banda-de-liam-gallagher-volvera-a-espana-en-febrero-con-be\/#webpage"},"articleSection":"Revista de Ocio"},{"@type":"BreadcrumbList","@id":"https:\/\/www.eldigitaldeasturias.com\/noticias\/beady-eye-la-banda-de-liam-gallagher-volvera-a-espana-en-febrero-con-be\/#breadcrumblist","itemListElement":[{"@type":"ListItem","@id":"https:\/\/www.eldigitaldeasturias.com\/noticias#listItem","position":1,"name":"Home","item":"https:\/\/www.eldigitaldeasturias.com\/noticias","nextItem":{"@type":"ListItem","@id":"https:\/\/www.eldigitaldeasturias.com\/noticias\/category\/revista-de-ocio\/#listItem","name":"Revista de Ocio"}},{"@type":"ListItem","@id":"https:\/\/www.eldigitaldeasturias.com\/noticias\/category\/revista-de-ocio\/#listItem","position":2,"name":"Revista de Ocio","item":"https:\/\/www.eldigitaldeasturias.com\/noticias\/category\/revista-de-ocio\/","nextItem":{"@type":"ListItem","@id":"https:\/\/www.eldigitaldeasturias.com\/noticias\/beady-eye-la-banda-de-liam-gallagher-volvera-a-espana-en-febrero-con-be\/#listItem","name":"Beady Eye, la banda de Liam Gallagher, volver\u00e1 a Espa\u00f1a en febrero con \u00abBe\u00bb"},"previousItem":{"@type":"ListItem","@id":"https:\/\/www.eldigitaldeasturias.com\/noticias#listItem","name":"Home"}},{"@type":"ListItem","@id":"https:\/\/www.eldigitaldeasturias.com\/noticias\/beady-eye-la-banda-de-liam-gallagher-volvera-a-espana-en-febrero-con-be\/#listItem","position":3,"name":"Beady Eye, la banda de Liam Gallagher, volver\u00e1 a Espa\u00f1a en febrero con \u00abBe\u00bb","previousItem":{"@type":"ListItem","@id":"https:\/\/www.eldigitaldeasturias.com\/noticias\/category\/revista-de-ocio\/#listItem","name":"Revista de Ocio"}}]},{"@type":"Organization","@id":"https:\/\/www.eldigitaldeasturias.com\/noticias\/#organization","name":"El Digital de Asturias","description":"Hemeroteca","url":"https:\/\/www.eldigitaldeasturias.com\/noticias\/","email":"info@eldigitaldeasturias.com","telephone":"+34652131393","logo":{"@type":"ImageObject","url":"https:\/\/www.eldigitaldeasturias.com\/noticias\/wp-content\/uploads\/2020\/12\/EDA.jpg","@id":"https:\/\/www.eldigitaldeasturias.com\/noticias\/beady-eye-la-banda-de-liam-gallagher-volvera-a-espana-en-febrero-con-be\/#organizationLogo"},"image":{"@id":"https:\/\/www.eldigitaldeasturias.com\/noticias\/beady-eye-la-banda-de-liam-gallagher-volvera-a-espana-en-febrero-con-be\/#organizationLogo"},"sameAs":["https:\/\/facebook.com\/eldigitaldeasturias","https:\/\/www.youtube.com\/channel\/UCZP-2wLEB9Rv6erhFmqVnvg"],"address":{"@id":"https:\/\/www.eldigitaldeasturias.com\/noticias\/#postaladdress","@type":"PostalAddress","streetAddress":"san antonio 4","postalCode":"33430","addressLocality":"Cand\u00e1s","addressRegion":"Asturias","addressCountry":"ES"}},{"@type":"Person","@id":"https:\/\/www.eldigitaldeasturias.com\/noticias\/author\/admin\/#author","url":"https:\/\/www.eldigitaldeasturias.com\/noticias\/author\/admin\/","name":"El Digital de Asturias","image":{"@type":"ImageObject","@id":"https:\/\/www.eldigitaldeasturias.com\/noticias\/beady-eye-la-banda-de-liam-gallagher-volvera-a-espana-en-febrero-con-be\/#authorImage","url":"https:\/\/secure.gravatar.com\/avatar\/df2aeffc32bcd13f8d26072ef8a91b623d677766deac7f97ca815868cd41bf5e?s=96&d=mm&r=g","width":96,"height":96,"caption":"El Digital de Asturias"}},{"@type":"WebPage","@id":"https:\/\/www.eldigitaldeasturias.com\/noticias\/beady-eye-la-banda-de-liam-gallagher-volvera-a-espana-en-febrero-con-be\/#webpage","url":"https:\/\/www.eldigitaldeasturias.com\/noticias\/beady-eye-la-banda-de-liam-gallagher-volvera-a-espana-en-febrero-con-be\/","name":"Beady Eye, la banda de Liam Gallagher, volver\u00e1 a Espa\u00f1a en febrero con \u00abBe\u00bb - El Digital de Asturias","description":"Madrid, 4 dic (EFE).- Beady Eye, la banda del deslenguado Liam Gallagher nacida de las cenizas de Oasis, presentar\u00e1 su disco \"Be\" en Madrid y Barcelona el 12 y 13 de febrero, respectivamente, seg\u00fan ha anunciado su promotora, que precisa que las entradas se pondr\u00e1n ma\u00f1ana a la venta. Tras su paso este verano por","inLanguage":"es-ES","isPartOf":{"@id":"https:\/\/www.eldigitaldeasturias.com\/noticias\/#website"},"breadcrumb":{"@id":"https:\/\/www.eldigitaldeasturias.com\/noticias\/beady-eye-la-banda-de-liam-gallagher-volvera-a-espana-en-febrero-con-be\/#breadcrumblist"},"author":{"@id":"https:\/\/www.eldigitaldeasturias.com\/noticias\/author\/admin\/#author"},"creator":{"@id":"https:\/\/www.eldigitaldeasturias.com\/noticias\/author\/admin\/#author"},"image":{"@type":"ImageObject","url":457792,"@id":"https:\/\/www.eldigitaldeasturias.com\/noticias\/beady-eye-la-banda-de-liam-gallagher-volvera-a-espana-en-febrero-con-be\/#mainImage"},"primaryImageOfPage":{"@id":"https:\/\/www.eldigitaldeasturias.com\/noticias\/beady-eye-la-banda-de-liam-gallagher-volvera-a-espana-en-febrero-con-be\/#mainImage"},"datePublished":"2013-12-04T19:23:08+01:00","dateModified":"2013-12-04T19:23:08+01:00"},{"@type":"WebSite","@id":"https:\/\/www.eldigitaldeasturias.com\/noticias\/#website","url":"https:\/\/www.eldigitaldeasturias.com\/noticias\/","name":"El Digital de Asturias - Diario de actualidad y noticias","alternateName":"El Digital de Asturias - Diario de actualidad y noticias","description":"Hemeroteca","inLanguage":"es-ES","publisher":{"@id":"https:\/\/www.eldigitaldeasturias.com\/noticias\/#organization"}}]},"og:locale":"es_ES","og:site_name":"El Digital de Asturias","og:type":"article","og:title":"Beady Eye, la banda de Liam Gallagher, volver\u00e1 a Espa\u00f1a en febrero con \u00abBe\u00bb - El Digital de Asturias","og:description":"Madrid, 4 dic (EFE).- Beady Eye, la banda del deslenguado Liam Gallagher nacida de las cenizas de Oasis, presentar\u00e1 su disco &quot;Be&quot; en Madrid y Barcelona el 12 y 13 de febrero, respectivamente, seg\u00fan ha anunciado su promotora, que precisa que las entradas se pondr\u00e1n ma\u00f1ana a la venta. Tras su paso este verano por","og:url":"https:\/\/www.eldigitaldeasturias.com\/noticias\/beady-eye-la-banda-de-liam-gallagher-volvera-a-espana-en-febrero-con-be\/","article:tag":["revista de ocio"],"article:published_time":"2013-12-04T20:23:08+00:00","article:modified_time":"2013-12-04T20:23:08+00:00","article:publisher":"https:\/\/facebook.com\/eldigitaldeasturias","twitter:card":"summary_large_image","twitter:title":"Beady Eye, la banda de Liam Gallagher, volver\u00e1 a Espa\u00f1a en febrero con \u00abBe\u00bb - El Digital de Asturias","twitter:description":"Madrid, 4 dic (EFE).- Beady Eye, la banda del deslenguado Liam Gallagher nacida de las cenizas de Oasis, presentar\u00e1 su disco &quot;Be&quot; en Madrid y Barcelona el 12 y 13 de febrero, respectivamente, seg\u00fan ha anunciado su promotora, que precisa que las entradas se pondr\u00e1n ma\u00f1ana a la venta. Tras su paso este verano por","twitter:label1":"Escrito por","twitter:data1":"El Digital de Asturias","twitter:label2":"Tiempo de lectura estimado","twitter:data2":"1 minuto"},"aioseo_meta_data":{"post_id":"457791","title":null,"description":null,"keywords":null,"keyphrases":null,"primary_term":null,"canonical_url":null,"og_title":null,"og_description":null,"og_object_type":"default","og_image_type":"default","og_image_url":null,"og_image_width":null,"og_image_height":null,"og_image_custom_url":null,"og_image_custom_fields":null,"og_video":null,"og_custom_url":null,"og_article_section":null,"og_article_tags":null,"twitter_use_og":true,"twitter_card":"default","twitter_image_type":"default","twitter_image_url":null,"twitter_image_custom_url":null,"twitter_image_custom_fields":null,"twitter_title":null,"twitter_description":null,"schema":{"blockGraphs":[],"customGraphs":[],"default":{"data":{"Article":[],"Course":[],"Dataset":[],"FAQPage":[],"Movie":[],"Person":[],"Product":[],"ProductReview":[],"Car":[],"Recipe":[],"Service":[],"SoftwareApplication":[],"WebPage":[]},"graphName":"","isEnabled":true},"graphs":[],"defaultGraph":"","defaultPostTypeGraph":""},"schema_type":null,"schema_type_options":null,"pillar_content":false,"robots_default":true,"robots_noindex":false,"robots_noarchive":false,"robots_nosnippet":false,"robots_nofollow":false,"robots_noimageindex":false,"robots_noodp":false,"robots_notranslate":false,"robots_max_snippet":null,"robots_max_videopreview":null,"robots_max_imagepreview":"none","priority":null,"frequency":null,"local_seo":null,"seo_analyzer_scan_date":"2026-05-30 03:17:59","breadcrumb_settings":null,"limit_modified_date":false,"open_ai":null,"ai":null,"created":"2020-11-14 22:46:10","updated":"2026-05-30 03:17:59","focus_keyword":null,"additional_keywords":null,"truseo_locale":null},"aioseo_breadcrumb":"<div class=\"aioseo-breadcrumbs\"><span class=\"aioseo-breadcrumb\">\n\t<a href=\"https:\/\/www.eldigitaldeasturias.com\/noticias\" title=\"Home\">Home<\/a>\n<\/span><span class=\"aioseo-breadcrumb-separator\">\u2013<\/span><span class=\"aioseo-breadcrumb\">\n\t<a href=\"https:\/\/www.eldigitaldeasturias.com\/noticias\/category\/revista-de-ocio\/\" title=\"Revista de Ocio\">Revista de Ocio<\/a>\n<\/span><span class=\"aioseo-breadcrumb-separator\">\u2013<\/span><span class=\"aioseo-breadcrumb\">\n\t<a href=\"https:\/\/www.eldigitaldeasturias.com\/noticias\/beady-eye-la-banda-de-liam-gallagher-volvera-a-espana-en-febrero-con-be\/\" title=\"Beady Eye, la banda de Liam Gallagher, volver\u00e1 a Espa\u00f1a en febrero con \u00abBe\u00bb\">Beady Eye, la banda de Liam Gallagher, volver\u00e1 a Espa\u00f1a en febrero con \u00abBe\u00bb<\/a>\n<\/span><\/div>","aioseo_breadcrumb_json":[{"label":"Home","link":"https:\/\/www.eldigitaldeasturias.com\/noticias"},{"label":"Revista de Ocio","link":"https:\/\/www.eldigitaldeasturias.com\/noticias\/category\/revista-de-ocio\/"},{"label":"Beady Eye, la banda de Liam Gallagher, volver\u00e1 a Espa\u00f1a en febrero con \u00abBe\u00bb","link":"https:\/\/www.eldigitaldeasturias.com\/noticias\/beady-eye-la-banda-de-liam-gallagher-volvera-a-espana-en-febrero-con-be\/"}],"_links":{"self":[{"href":"https:\/\/www.eldigitaldeasturias.com\/noticias\/wp-json\/wp\/v2\/posts\/457791","targetHints":{"allow":["GET"]}}],"collection":[{"href":"https:\/\/www.eldigitaldeasturias.com\/noticias\/wp-json\/wp\/v2\/posts"}],"about":[{"href":"https:\/\/www.eldigitaldeasturias.com\/noticias\/wp-json\/wp\/v2\/types\/post"}],"author":[{"embeddable":true,"href":"https:\/\/www.eldigitaldeasturias.com\/noticias\/wp-json\/wp\/v2\/users\/1"}],"replies":[{"embeddable":true,"href":"https:\/\/www.eldigitaldeasturias.com\/noticias\/wp-json\/wp\/v2\/comments?post=457791"}],"version-history":[{"count":0,"href":"https:\/\/www.eldigitaldeasturias.com\/noticias\/wp-json\/wp\/v2\/posts\/457791\/revisions"}],"wp:attachment":[{"href":"https:\/\/www.eldigitaldeasturias.com\/noticias\/wp-json\/wp\/v2\/media?parent=457791"}],"wp:term":[{"taxonomy":"category","embeddable":true,"href":"https:\/\/www.eldigitaldeasturias.com\/noticias\/wp-json\/wp\/v2\/categories?post=457791"},{"taxonomy":"post_tag","embeddable":true,"href":"https:\/\/www.eldigitaldeasturias.com\/noticias\/wp-json\/wp\/v2\/tags?post=457791"}],"curies":[{"name":"wp","href":"https:\/\/api.w.org\/{rel}","templated":true}]}}