{"id":457768,"date":"2013-12-04T19:05:40","date_gmt":"2013-12-04T20:05:40","guid":{"rendered":"http:\/\/www.eldigitaldeasturias.com\/noticias\/?p=457768"},"modified":"2013-12-04T19:05:40","modified_gmt":"2013-12-04T20:05:40","slug":"oviedo-enciende-su-alumbrado-navideno-al-que-destinara-257-738-euros","status":"publish","type":"post","link":"https:\/\/www.eldigitaldeasturias.com\/noticias\/oviedo-enciende-su-alumbrado-navideno-al-que-destinara-257-738-euros\/","title":{"rendered":"Oviedo enciende su alumbrado navide\u00f1o al que destinar\u00e1 257.738 euros"},"content":{"rendered":"<p><img loading=\"lazy\" decoding=\"async\" class=\"alignleft size-medium wp-image-457769\" alt=\"IMG_8703baja\" src=\"https:\/\/www.eldigitaldeasturias.com\/noticias\/wp-content\/uploads\/2013\/12\/IMG_8703baja-360x240.jpg\" width=\"360\" height=\"240\" \/>Oviedo, 4 dic (EFE).- El alcalde de Oviedo, Agust\u00edn Iglesias Caunedo, ha asistido hoy al encendido de las luces navide\u00f1as que adornar\u00e1n 161 calles del casco urbano de la ciudad y que tendr\u00e1n un coste de 257.738 euros, seg\u00fan ha informado el Ayuntamiento.<\/p>\n<p>As\u00ed, en la zona urbana se instalar\u00e1 alumbrado ornamental en el centro y en los barrios en 161 calles, con 429 arcos, 79 motivos, 38 orlas, siete letreros en las entradas de la ciudad, y se iluminar\u00e1n adem\u00e1s un total de 300 \u00e1rboles.<\/p>\n<p>Tambi\u00e9n se ubicar\u00e1n 196 puntos de megafon\u00eda con m\u00fasica de ambiente en las principales calles del centro de la ciudad mientras que en la zona rural se colocar\u00e1n motivos en los 29 centros sociales y se adornar\u00e1n calles en Colloto, Fitoria, La Carisa, La Corredoria, Las Caldas-Caces, Siones, Olloniego, Puerto, San Claudio, Sograndio, Pria\u00f1es, Trubia y Tudela Vegu\u00edn.<\/p>\n<p>En total, el Ayuntamiento prev\u00e9 instalar en todo el concejo unos 500.000 puntos de luz, todos ellos con tecnolog\u00eda led, que tendr\u00e1 un consumo energ\u00e9tico de 39.445 kWh durante las 171,5 horas que estar\u00e1n funcionando entre hoy y el pr\u00f3ximo 6 de enero en horario de 17:45 a 23:00 horas excepto en Nochebuena y Nochevieja, que se mantendr\u00e1n encendidas hasta las 07:00 horas<\/p>\n","protected":false},"excerpt":{"rendered":"<p>Oviedo, 4 dic (EFE).- El alcalde de Oviedo, Agust\u00edn Iglesias Caunedo, ha asistido hoy al encendido de las luces navide\u00f1as que adornar\u00e1n 161 calles del casco urbano de la ciudad y que tendr\u00e1n un coste de 257.738 euros, seg\u00fan ha informado el Ayuntamiento. As\u00ed, en la zona urbana se instalar\u00e1 alumbrado ornamental en el centro [&hellip;]<\/p>\n","protected":false},"author":1,"featured_media":457769,"comment_status":"closed","ping_status":"open","sticky":false,"template":"","format":"standard","meta":{"footnotes":""},"categories":[12],"tags":[],"class_list":["post-457768","post","type-post","status-publish","format-standard","has-post-thumbnail","hentry","category-actualidad-asturias"],"aioseo_notices":[],"aioseo_head":"\n\t\t<!-- All in One SEO Pro 5.0.1 - aioseo.com -->\n\t<meta name=\"description\" content=\"Oviedo, 4 dic (EFE).- El alcalde de Oviedo, Agust\u00edn Iglesias Caunedo, ha asistido hoy al encendido de las luces navide\u00f1as que adornar\u00e1n 161 calles del casco urbano de la ciudad y que tendr\u00e1n un coste de 257.738 euros, seg\u00fan ha informado el Ayuntamiento. As\u00ed, en la zona urbana se instalar\u00e1 alumbrado ornamental en el centro\" \/>\n\t<meta name=\"robots\" content=\"max-image-preview:large\" \/>\n\t<meta name=\"author\" content=\"El Digital de Asturias\"\/>\n\t<meta name=\"google-site-verification\" content=\"UA-38556648-1\" \/>\n\t<meta name=\"msvalidate.01\" content=\"7dfe9f3f1b24437ab69f4f2559babe99\" \/>\n\t<meta name=\"keywords\" content=\"actualidad asturias\" \/>\n\t<link rel=\"canonical\" href=\"https:\/\/www.eldigitaldeasturias.com\/noticias\/oviedo-enciende-su-alumbrado-navideno-al-que-destinara-257-738-euros\/\" \/>\n\t<meta name=\"generator\" content=\"All in One SEO Pro (AIOSEO) 5.0.1\" \/>\n\t\t<meta property=\"og:locale\" content=\"es_ES\" \/>\n\t\t<meta property=\"og:site_name\" content=\"El Digital de Asturias\" \/>\n\t\t<meta property=\"og:type\" content=\"article\" \/>\n\t\t<meta property=\"og:title\" content=\"Oviedo enciende su alumbrado navide\u00f1o al que destinar\u00e1 257.738 euros - El Digital de Asturias\" \/>\n\t\t<meta property=\"og:description\" content=\"Oviedo, 4 dic (EFE).- El alcalde de Oviedo, Agust\u00edn Iglesias Caunedo, ha asistido hoy al encendido de las luces navide\u00f1as que adornar\u00e1n 161 calles del casco urbano de la ciudad y que tendr\u00e1n un coste de 257.738 euros, seg\u00fan ha informado el Ayuntamiento. As\u00ed, en la zona urbana se instalar\u00e1 alumbrado ornamental en el centro\" \/>\n\t\t<meta property=\"og:url\" content=\"https:\/\/www.eldigitaldeasturias.com\/noticias\/oviedo-enciende-su-alumbrado-navideno-al-que-destinara-257-738-euros\/\" \/>\n\t\t<meta property=\"article:tag\" content=\"actualidad asturias\" \/>\n\t\t<meta property=\"article:published_time\" content=\"2013-12-04T20:05:40+00:00\" \/>\n\t\t<meta property=\"article:modified_time\" content=\"2013-12-04T20:05:40+00:00\" \/>\n\t\t<meta property=\"article:publisher\" content=\"https:\/\/facebook.com\/eldigitaldeasturias\" \/>\n\t\t<meta name=\"twitter:card\" content=\"summary_large_image\" \/>\n\t\t<meta name=\"twitter:title\" content=\"Oviedo enciende su alumbrado navide\u00f1o al que destinar\u00e1 257.738 euros - El Digital de Asturias\" \/>\n\t\t<meta name=\"twitter:description\" content=\"Oviedo, 4 dic (EFE).- El alcalde de Oviedo, Agust\u00edn Iglesias Caunedo, ha asistido hoy al encendido de las luces navide\u00f1as que adornar\u00e1n 161 calles del casco urbano de la ciudad y que tendr\u00e1n un coste de 257.738 euros, seg\u00fan ha informado el Ayuntamiento. As\u00ed, en la zona urbana se instalar\u00e1 alumbrado ornamental en el centro\" \/>\n\t\t<meta name=\"twitter:label1\" content=\"Escrito por\" \/>\n\t\t<meta name=\"twitter:data1\" content=\"El Digital de Asturias\" \/>\n\t\t<meta name=\"twitter:label2\" content=\"Tiempo de lectura estimado\" \/>\n\t\t<meta name=\"twitter:data2\" content=\"1 minuto\" \/>\n\t\t<script type=\"application\/ld+json\" class=\"aioseo-schema\">\n\t\t\t{\"@context\":\"https:\\\/\\\/schema.org\",\"@graph\":[{\"@type\":\"BlogPosting\",\"@id\":\"https:\\\/\\\/www.eldigitaldeasturias.com\\\/noticias\\\/oviedo-enciende-su-alumbrado-navideno-al-que-destinara-257-738-euros\\\/#blogposting\",\"name\":\"Oviedo enciende su alumbrado navide\\u00f1o al que destinar\\u00e1 257.738 euros - El Digital de Asturias\",\"headline\":\"Oviedo enciende su alumbrado navide\\u00f1o al que destinar\\u00e1 257.738 euros\",\"author\":{\"@id\":\"https:\\\/\\\/www.eldigitaldeasturias.com\\\/noticias\\\/author\\\/admin\\\/#author\"},\"publisher\":{\"@id\":\"https:\\\/\\\/www.eldigitaldeasturias.com\\\/noticias\\\/#organization\"},\"image\":{\"@type\":\"ImageObject\",\"url\":457769},\"datePublished\":\"2013-12-04T19:05:40+01:00\",\"dateModified\":\"2013-12-04T19:05:40+01:00\",\"inLanguage\":\"es-ES\",\"mainEntityOfPage\":{\"@id\":\"https:\\\/\\\/www.eldigitaldeasturias.com\\\/noticias\\\/oviedo-enciende-su-alumbrado-navideno-al-que-destinara-257-738-euros\\\/#webpage\"},\"isPartOf\":{\"@id\":\"https:\\\/\\\/www.eldigitaldeasturias.com\\\/noticias\\\/oviedo-enciende-su-alumbrado-navideno-al-que-destinara-257-738-euros\\\/#webpage\"},\"articleSection\":\"Actualidad Asturias\"},{\"@type\":\"BreadcrumbList\",\"@id\":\"https:\\\/\\\/www.eldigitaldeasturias.com\\\/noticias\\\/oviedo-enciende-su-alumbrado-navideno-al-que-destinara-257-738-euros\\\/#breadcrumblist\",\"itemListElement\":[{\"@type\":\"ListItem\",\"@id\":\"https:\\\/\\\/www.eldigitaldeasturias.com\\\/noticias#listItem\",\"position\":1,\"name\":\"Home\",\"item\":\"https:\\\/\\\/www.eldigitaldeasturias.com\\\/noticias\",\"nextItem\":{\"@type\":\"ListItem\",\"@id\":\"https:\\\/\\\/www.eldigitaldeasturias.com\\\/noticias\\\/category\\\/actualidad-asturias\\\/#listItem\",\"name\":\"Actualidad Asturias\"}},{\"@type\":\"ListItem\",\"@id\":\"https:\\\/\\\/www.eldigitaldeasturias.com\\\/noticias\\\/category\\\/actualidad-asturias\\\/#listItem\",\"position\":2,\"name\":\"Actualidad Asturias\",\"item\":\"https:\\\/\\\/www.eldigitaldeasturias.com\\\/noticias\\\/category\\\/actualidad-asturias\\\/\",\"nextItem\":{\"@type\":\"ListItem\",\"@id\":\"https:\\\/\\\/www.eldigitaldeasturias.com\\\/noticias\\\/oviedo-enciende-su-alumbrado-navideno-al-que-destinara-257-738-euros\\\/#listItem\",\"name\":\"Oviedo enciende su alumbrado navide\\u00f1o al que destinar\\u00e1 257.738 euros\"},\"previousItem\":{\"@type\":\"ListItem\",\"@id\":\"https:\\\/\\\/www.eldigitaldeasturias.com\\\/noticias#listItem\",\"name\":\"Home\"}},{\"@type\":\"ListItem\",\"@id\":\"https:\\\/\\\/www.eldigitaldeasturias.com\\\/noticias\\\/oviedo-enciende-su-alumbrado-navideno-al-que-destinara-257-738-euros\\\/#listItem\",\"position\":3,\"name\":\"Oviedo enciende su alumbrado navide\\u00f1o al que destinar\\u00e1 257.738 euros\",\"previousItem\":{\"@type\":\"ListItem\",\"@id\":\"https:\\\/\\\/www.eldigitaldeasturias.com\\\/noticias\\\/category\\\/actualidad-asturias\\\/#listItem\",\"name\":\"Actualidad Asturias\"}}]},{\"@type\":\"Organization\",\"@id\":\"https:\\\/\\\/www.eldigitaldeasturias.com\\\/noticias\\\/#organization\",\"name\":\"El Digital de Asturias\",\"description\":\"Hemeroteca\",\"url\":\"https:\\\/\\\/www.eldigitaldeasturias.com\\\/noticias\\\/\",\"email\":\"info@eldigitaldeasturias.com\",\"telephone\":\"+34652131393\",\"logo\":{\"@type\":\"ImageObject\",\"url\":\"https:\\\/\\\/www.eldigitaldeasturias.com\\\/noticias\\\/wp-content\\\/uploads\\\/2020\\\/12\\\/EDA.jpg\",\"@id\":\"https:\\\/\\\/www.eldigitaldeasturias.com\\\/noticias\\\/oviedo-enciende-su-alumbrado-navideno-al-que-destinara-257-738-euros\\\/#organizationLogo\"},\"image\":{\"@id\":\"https:\\\/\\\/www.eldigitaldeasturias.com\\\/noticias\\\/oviedo-enciende-su-alumbrado-navideno-al-que-destinara-257-738-euros\\\/#organizationLogo\"},\"sameAs\":[\"https:\\\/\\\/facebook.com\\\/eldigitaldeasturias\",\"https:\\\/\\\/www.youtube.com\\\/channel\\\/UCZP-2wLEB9Rv6erhFmqVnvg\"],\"address\":{\"@id\":\"https:\\\/\\\/www.eldigitaldeasturias.com\\\/noticias\\\/#postaladdress\",\"@type\":\"PostalAddress\",\"streetAddress\":\"san antonio 4\",\"postalCode\":\"33430\",\"addressLocality\":\"Cand\\u00e1s\",\"addressRegion\":\"Asturias\",\"addressCountry\":\"ES\"}},{\"@type\":\"Person\",\"@id\":\"https:\\\/\\\/www.eldigitaldeasturias.com\\\/noticias\\\/author\\\/admin\\\/#author\",\"url\":\"https:\\\/\\\/www.eldigitaldeasturias.com\\\/noticias\\\/author\\\/admin\\\/\",\"name\":\"El Digital de Asturias\",\"image\":{\"@type\":\"ImageObject\",\"@id\":\"https:\\\/\\\/www.eldigitaldeasturias.com\\\/noticias\\\/oviedo-enciende-su-alumbrado-navideno-al-que-destinara-257-738-euros\\\/#authorImage\",\"url\":\"https:\\\/\\\/secure.gravatar.com\\\/avatar\\\/df2aeffc32bcd13f8d26072ef8a91b623d677766deac7f97ca815868cd41bf5e?s=96&d=mm&r=g\",\"width\":96,\"height\":96,\"caption\":\"El Digital de Asturias\"}},{\"@type\":\"WebPage\",\"@id\":\"https:\\\/\\\/www.eldigitaldeasturias.com\\\/noticias\\\/oviedo-enciende-su-alumbrado-navideno-al-que-destinara-257-738-euros\\\/#webpage\",\"url\":\"https:\\\/\\\/www.eldigitaldeasturias.com\\\/noticias\\\/oviedo-enciende-su-alumbrado-navideno-al-que-destinara-257-738-euros\\\/\",\"name\":\"Oviedo enciende su alumbrado navide\\u00f1o al que destinar\\u00e1 257.738 euros - El Digital de Asturias\",\"description\":\"Oviedo, 4 dic (EFE).- El alcalde de Oviedo, Agust\\u00edn Iglesias Caunedo, ha asistido hoy al encendido de las luces navide\\u00f1as que adornar\\u00e1n 161 calles del casco urbano de la ciudad y que tendr\\u00e1n un coste de 257.738 euros, seg\\u00fan ha informado el Ayuntamiento. As\\u00ed, en la zona urbana se instalar\\u00e1 alumbrado ornamental en el centro\",\"inLanguage\":\"es-ES\",\"isPartOf\":{\"@id\":\"https:\\\/\\\/www.eldigitaldeasturias.com\\\/noticias\\\/#website\"},\"breadcrumb\":{\"@id\":\"https:\\\/\\\/www.eldigitaldeasturias.com\\\/noticias\\\/oviedo-enciende-su-alumbrado-navideno-al-que-destinara-257-738-euros\\\/#breadcrumblist\"},\"author\":{\"@id\":\"https:\\\/\\\/www.eldigitaldeasturias.com\\\/noticias\\\/author\\\/admin\\\/#author\"},\"creator\":{\"@id\":\"https:\\\/\\\/www.eldigitaldeasturias.com\\\/noticias\\\/author\\\/admin\\\/#author\"},\"image\":{\"@type\":\"ImageObject\",\"url\":457769,\"@id\":\"https:\\\/\\\/www.eldigitaldeasturias.com\\\/noticias\\\/oviedo-enciende-su-alumbrado-navideno-al-que-destinara-257-738-euros\\\/#mainImage\"},\"primaryImageOfPage\":{\"@id\":\"https:\\\/\\\/www.eldigitaldeasturias.com\\\/noticias\\\/oviedo-enciende-su-alumbrado-navideno-al-que-destinara-257-738-euros\\\/#mainImage\"},\"datePublished\":\"2013-12-04T19:05:40+01:00\",\"dateModified\":\"2013-12-04T19:05:40+01:00\"},{\"@type\":\"WebSite\",\"@id\":\"https:\\\/\\\/www.eldigitaldeasturias.com\\\/noticias\\\/#website\",\"url\":\"https:\\\/\\\/www.eldigitaldeasturias.com\\\/noticias\\\/\",\"name\":\"El Digital de Asturias - Diario de actualidad y noticias\",\"alternateName\":\"El Digital de Asturias - Diario de actualidad y noticias\",\"description\":\"Hemeroteca\",\"inLanguage\":\"es-ES\",\"publisher\":{\"@id\":\"https:\\\/\\\/www.eldigitaldeasturias.com\\\/noticias\\\/#organization\"}}]}\n\t\t<\/script>\n\t\t<!-- All in One SEO Pro -->\r\n\t\t<title>Oviedo enciende su alumbrado navide\u00f1o al que destinar\u00e1 257.738 euros - El Digital de Asturias<\/title>\n\n","aioseo_head_json":{"title":"Oviedo enciende su alumbrado navide\u00f1o al que destinar\u00e1 257.738 euros - El Digital de Asturias","description":"Oviedo, 4 dic (EFE).- El alcalde de Oviedo, Agust\u00edn Iglesias Caunedo, ha asistido hoy al encendido de las luces navide\u00f1as que adornar\u00e1n 161 calles del casco urbano de la ciudad y que tendr\u00e1n un coste de 257.738 euros, seg\u00fan ha informado el Ayuntamiento. As\u00ed, en la zona urbana se instalar\u00e1 alumbrado ornamental en el centro","canonical_url":"https:\/\/www.eldigitaldeasturias.com\/noticias\/oviedo-enciende-su-alumbrado-navideno-al-que-destinara-257-738-euros\/","robots":"max-image-preview:large","keywords":"actualidad asturias","webmasterTools":{"google-site-verification":"UA-38556648-1","msvalidate.01":"7dfe9f3f1b24437ab69f4f2559babe99","miscellaneous":""},"schema":{"@context":"https:\/\/schema.org","@graph":[{"@type":"BlogPosting","@id":"https:\/\/www.eldigitaldeasturias.com\/noticias\/oviedo-enciende-su-alumbrado-navideno-al-que-destinara-257-738-euros\/#blogposting","name":"Oviedo enciende su alumbrado navide\u00f1o al que destinar\u00e1 257.738 euros - El Digital de Asturias","headline":"Oviedo enciende su alumbrado navide\u00f1o al que destinar\u00e1 257.738 euros","author":{"@id":"https:\/\/www.eldigitaldeasturias.com\/noticias\/author\/admin\/#author"},"publisher":{"@id":"https:\/\/www.eldigitaldeasturias.com\/noticias\/#organization"},"image":{"@type":"ImageObject","url":457769},"datePublished":"2013-12-04T19:05:40+01:00","dateModified":"2013-12-04T19:05:40+01:00","inLanguage":"es-ES","mainEntityOfPage":{"@id":"https:\/\/www.eldigitaldeasturias.com\/noticias\/oviedo-enciende-su-alumbrado-navideno-al-que-destinara-257-738-euros\/#webpage"},"isPartOf":{"@id":"https:\/\/www.eldigitaldeasturias.com\/noticias\/oviedo-enciende-su-alumbrado-navideno-al-que-destinara-257-738-euros\/#webpage"},"articleSection":"Actualidad Asturias"},{"@type":"BreadcrumbList","@id":"https:\/\/www.eldigitaldeasturias.com\/noticias\/oviedo-enciende-su-alumbrado-navideno-al-que-destinara-257-738-euros\/#breadcrumblist","itemListElement":[{"@type":"ListItem","@id":"https:\/\/www.eldigitaldeasturias.com\/noticias#listItem","position":1,"name":"Home","item":"https:\/\/www.eldigitaldeasturias.com\/noticias","nextItem":{"@type":"ListItem","@id":"https:\/\/www.eldigitaldeasturias.com\/noticias\/category\/actualidad-asturias\/#listItem","name":"Actualidad Asturias"}},{"@type":"ListItem","@id":"https:\/\/www.eldigitaldeasturias.com\/noticias\/category\/actualidad-asturias\/#listItem","position":2,"name":"Actualidad Asturias","item":"https:\/\/www.eldigitaldeasturias.com\/noticias\/category\/actualidad-asturias\/","nextItem":{"@type":"ListItem","@id":"https:\/\/www.eldigitaldeasturias.com\/noticias\/oviedo-enciende-su-alumbrado-navideno-al-que-destinara-257-738-euros\/#listItem","name":"Oviedo enciende su alumbrado navide\u00f1o al que destinar\u00e1 257.738 euros"},"previousItem":{"@type":"ListItem","@id":"https:\/\/www.eldigitaldeasturias.com\/noticias#listItem","name":"Home"}},{"@type":"ListItem","@id":"https:\/\/www.eldigitaldeasturias.com\/noticias\/oviedo-enciende-su-alumbrado-navideno-al-que-destinara-257-738-euros\/#listItem","position":3,"name":"Oviedo enciende su alumbrado navide\u00f1o al que destinar\u00e1 257.738 euros","previousItem":{"@type":"ListItem","@id":"https:\/\/www.eldigitaldeasturias.com\/noticias\/category\/actualidad-asturias\/#listItem","name":"Actualidad Asturias"}}]},{"@type":"Organization","@id":"https:\/\/www.eldigitaldeasturias.com\/noticias\/#organization","name":"El Digital de Asturias","description":"Hemeroteca","url":"https:\/\/www.eldigitaldeasturias.com\/noticias\/","email":"info@eldigitaldeasturias.com","telephone":"+34652131393","logo":{"@type":"ImageObject","url":"https:\/\/www.eldigitaldeasturias.com\/noticias\/wp-content\/uploads\/2020\/12\/EDA.jpg","@id":"https:\/\/www.eldigitaldeasturias.com\/noticias\/oviedo-enciende-su-alumbrado-navideno-al-que-destinara-257-738-euros\/#organizationLogo"},"image":{"@id":"https:\/\/www.eldigitaldeasturias.com\/noticias\/oviedo-enciende-su-alumbrado-navideno-al-que-destinara-257-738-euros\/#organizationLogo"},"sameAs":["https:\/\/facebook.com\/eldigitaldeasturias","https:\/\/www.youtube.com\/channel\/UCZP-2wLEB9Rv6erhFmqVnvg"],"address":{"@id":"https:\/\/www.eldigitaldeasturias.com\/noticias\/#postaladdress","@type":"PostalAddress","streetAddress":"san antonio 4","postalCode":"33430","addressLocality":"Cand\u00e1s","addressRegion":"Asturias","addressCountry":"ES"}},{"@type":"Person","@id":"https:\/\/www.eldigitaldeasturias.com\/noticias\/author\/admin\/#author","url":"https:\/\/www.eldigitaldeasturias.com\/noticias\/author\/admin\/","name":"El Digital de Asturias","image":{"@type":"ImageObject","@id":"https:\/\/www.eldigitaldeasturias.com\/noticias\/oviedo-enciende-su-alumbrado-navideno-al-que-destinara-257-738-euros\/#authorImage","url":"https:\/\/secure.gravatar.com\/avatar\/df2aeffc32bcd13f8d26072ef8a91b623d677766deac7f97ca815868cd41bf5e?s=96&d=mm&r=g","width":96,"height":96,"caption":"El Digital de Asturias"}},{"@type":"WebPage","@id":"https:\/\/www.eldigitaldeasturias.com\/noticias\/oviedo-enciende-su-alumbrado-navideno-al-que-destinara-257-738-euros\/#webpage","url":"https:\/\/www.eldigitaldeasturias.com\/noticias\/oviedo-enciende-su-alumbrado-navideno-al-que-destinara-257-738-euros\/","name":"Oviedo enciende su alumbrado navide\u00f1o al que destinar\u00e1 257.738 euros - El Digital de Asturias","description":"Oviedo, 4 dic (EFE).- El alcalde de Oviedo, Agust\u00edn Iglesias Caunedo, ha asistido hoy al encendido de las luces navide\u00f1as que adornar\u00e1n 161 calles del casco urbano de la ciudad y que tendr\u00e1n un coste de 257.738 euros, seg\u00fan ha informado el Ayuntamiento. As\u00ed, en la zona urbana se instalar\u00e1 alumbrado ornamental en el centro","inLanguage":"es-ES","isPartOf":{"@id":"https:\/\/www.eldigitaldeasturias.com\/noticias\/#website"},"breadcrumb":{"@id":"https:\/\/www.eldigitaldeasturias.com\/noticias\/oviedo-enciende-su-alumbrado-navideno-al-que-destinara-257-738-euros\/#breadcrumblist"},"author":{"@id":"https:\/\/www.eldigitaldeasturias.com\/noticias\/author\/admin\/#author"},"creator":{"@id":"https:\/\/www.eldigitaldeasturias.com\/noticias\/author\/admin\/#author"},"image":{"@type":"ImageObject","url":457769,"@id":"https:\/\/www.eldigitaldeasturias.com\/noticias\/oviedo-enciende-su-alumbrado-navideno-al-que-destinara-257-738-euros\/#mainImage"},"primaryImageOfPage":{"@id":"https:\/\/www.eldigitaldeasturias.com\/noticias\/oviedo-enciende-su-alumbrado-navideno-al-que-destinara-257-738-euros\/#mainImage"},"datePublished":"2013-12-04T19:05:40+01:00","dateModified":"2013-12-04T19:05:40+01:00"},{"@type":"WebSite","@id":"https:\/\/www.eldigitaldeasturias.com\/noticias\/#website","url":"https:\/\/www.eldigitaldeasturias.com\/noticias\/","name":"El Digital de Asturias - Diario de actualidad y noticias","alternateName":"El Digital de Asturias - Diario de actualidad y noticias","description":"Hemeroteca","inLanguage":"es-ES","publisher":{"@id":"https:\/\/www.eldigitaldeasturias.com\/noticias\/#organization"}}]},"og:locale":"es_ES","og:site_name":"El Digital de Asturias","og:type":"article","og:title":"Oviedo enciende su alumbrado navide\u00f1o al que destinar\u00e1 257.738 euros - El Digital de Asturias","og:description":"Oviedo, 4 dic (EFE).- El alcalde de Oviedo, Agust\u00edn Iglesias Caunedo, ha asistido hoy al encendido de las luces navide\u00f1as que adornar\u00e1n 161 calles del casco urbano de la ciudad y que tendr\u00e1n un coste de 257.738 euros, seg\u00fan ha informado el Ayuntamiento. As\u00ed, en la zona urbana se instalar\u00e1 alumbrado ornamental en el centro","og:url":"https:\/\/www.eldigitaldeasturias.com\/noticias\/oviedo-enciende-su-alumbrado-navideno-al-que-destinara-257-738-euros\/","article:tag":["actualidad asturias"],"article:published_time":"2013-12-04T20:05:40+00:00","article:modified_time":"2013-12-04T20:05:40+00:00","article:publisher":"https:\/\/facebook.com\/eldigitaldeasturias","twitter:card":"summary_large_image","twitter:title":"Oviedo enciende su alumbrado navide\u00f1o al que destinar\u00e1 257.738 euros - El Digital de Asturias","twitter:description":"Oviedo, 4 dic (EFE).- El alcalde de Oviedo, Agust\u00edn Iglesias Caunedo, ha asistido hoy al encendido de las luces navide\u00f1as que adornar\u00e1n 161 calles del casco urbano de la ciudad y que tendr\u00e1n un coste de 257.738 euros, seg\u00fan ha informado el Ayuntamiento. As\u00ed, en la zona urbana se instalar\u00e1 alumbrado ornamental en el centro","twitter:label1":"Escrito por","twitter:data1":"El Digital de Asturias","twitter:label2":"Tiempo de lectura estimado","twitter:data2":"1 minuto"},"aioseo_meta_data":{"post_id":"457768","title":null,"description":null,"keywords":null,"keyphrases":null,"primary_term":null,"canonical_url":null,"og_title":null,"og_description":null,"og_object_type":"default","og_image_type":"default","og_image_url":null,"og_image_width":null,"og_image_height":null,"og_image_custom_url":null,"og_image_custom_fields":null,"og_video":null,"og_custom_url":null,"og_article_section":null,"og_article_tags":null,"twitter_use_og":true,"twitter_card":"default","twitter_image_type":"default","twitter_image_url":null,"twitter_image_custom_url":null,"twitter_image_custom_fields":null,"twitter_title":null,"twitter_description":null,"schema":{"blockGraphs":[],"customGraphs":[],"default":{"data":{"Article":[],"Course":[],"Dataset":[],"FAQPage":[],"Movie":[],"Person":[],"Product":[],"ProductReview":[],"Car":[],"Recipe":[],"Service":[],"SoftwareApplication":[],"WebPage":[]},"graphName":"","isEnabled":true},"graphs":[],"defaultGraph":"","defaultPostTypeGraph":""},"schema_type":null,"schema_type_options":null,"pillar_content":false,"robots_default":true,"robots_noindex":false,"robots_noarchive":false,"robots_nosnippet":false,"robots_nofollow":false,"robots_noimageindex":false,"robots_noodp":false,"robots_notranslate":false,"robots_max_snippet":null,"robots_max_videopreview":null,"robots_max_imagepreview":"none","priority":null,"frequency":null,"local_seo":null,"seo_analyzer_scan_date":"2026-05-30 03:12:40","breadcrumb_settings":null,"limit_modified_date":false,"open_ai":null,"ai":null,"created":"2020-11-14 22:46:10","updated":"2026-05-30 03:12:40","focus_keyword":null,"additional_keywords":null,"truseo_locale":null},"aioseo_breadcrumb":"<div class=\"aioseo-breadcrumbs\"><span class=\"aioseo-breadcrumb\">\n\t<a href=\"https:\/\/www.eldigitaldeasturias.com\/noticias\" title=\"Home\">Home<\/a>\n<\/span><span class=\"aioseo-breadcrumb-separator\">\u2013<\/span><span class=\"aioseo-breadcrumb\">\n\t<a href=\"https:\/\/www.eldigitaldeasturias.com\/noticias\/category\/actualidad-asturias\/\" title=\"Actualidad Asturias\">Actualidad Asturias<\/a>\n<\/span><span class=\"aioseo-breadcrumb-separator\">\u2013<\/span><span class=\"aioseo-breadcrumb\">\n\t<a href=\"https:\/\/www.eldigitaldeasturias.com\/noticias\/oviedo-enciende-su-alumbrado-navideno-al-que-destinara-257-738-euros\/\" title=\"Oviedo enciende su alumbrado navide\u00f1o al que destinar\u00e1 257.738 euros\">Oviedo enciende su alumbrado navide\u00f1o al que destinar\u00e1 257.738 euros<\/a>\n<\/span><\/div>","aioseo_breadcrumb_json":[{"label":"Home","link":"https:\/\/www.eldigitaldeasturias.com\/noticias"},{"label":"Actualidad Asturias","link":"https:\/\/www.eldigitaldeasturias.com\/noticias\/category\/actualidad-asturias\/"},{"label":"Oviedo enciende su alumbrado navide\u00f1o al que destinar\u00e1 257.738 euros","link":"https:\/\/www.eldigitaldeasturias.com\/noticias\/oviedo-enciende-su-alumbrado-navideno-al-que-destinara-257-738-euros\/"}],"_links":{"self":[{"href":"https:\/\/www.eldigitaldeasturias.com\/noticias\/wp-json\/wp\/v2\/posts\/457768","targetHints":{"allow":["GET"]}}],"collection":[{"href":"https:\/\/www.eldigitaldeasturias.com\/noticias\/wp-json\/wp\/v2\/posts"}],"about":[{"href":"https:\/\/www.eldigitaldeasturias.com\/noticias\/wp-json\/wp\/v2\/types\/post"}],"author":[{"embeddable":true,"href":"https:\/\/www.eldigitaldeasturias.com\/noticias\/wp-json\/wp\/v2\/users\/1"}],"replies":[{"embeddable":true,"href":"https:\/\/www.eldigitaldeasturias.com\/noticias\/wp-json\/wp\/v2\/comments?post=457768"}],"version-history":[{"count":0,"href":"https:\/\/www.eldigitaldeasturias.com\/noticias\/wp-json\/wp\/v2\/posts\/457768\/revisions"}],"wp:attachment":[{"href":"https:\/\/www.eldigitaldeasturias.com\/noticias\/wp-json\/wp\/v2\/media?parent=457768"}],"wp:term":[{"taxonomy":"category","embeddable":true,"href":"https:\/\/www.eldigitaldeasturias.com\/noticias\/wp-json\/wp\/v2\/categories?post=457768"},{"taxonomy":"post_tag","embeddable":true,"href":"https:\/\/www.eldigitaldeasturias.com\/noticias\/wp-json\/wp\/v2\/tags?post=457768"}],"curies":[{"name":"wp","href":"https:\/\/api.w.org\/{rel}","templated":true}]}}