{"id":457744,"date":"2013-12-04T18:37:30","date_gmt":"2013-12-04T19:37:30","guid":{"rendered":"http:\/\/www.eldigitaldeasturias.com\/noticias\/?p=457744"},"modified":"2013-12-04T18:37:30","modified_gmt":"2013-12-04T19:37:30","slug":"detenido-en-gijon-un-fugitivo-buscado-por-la-justicia-de-montenegro","status":"publish","type":"post","link":"https:\/\/www.eldigitaldeasturias.com\/noticias\/detenido-en-gijon-un-fugitivo-buscado-por-la-justicia-de-montenegro\/","title":{"rendered":"Detenido en Gij\u00f3n un fugitivo buscado por la justicia de Montenegro"},"content":{"rendered":"<p><img loading=\"lazy\" decoding=\"async\" class=\"alignleft size-full wp-image-430512\" alt=\"Detenido\" src=\"https:\/\/www.eldigitaldeasturias.com\/noticias\/wp-content\/uploads\/2013\/09\/Detenido.jpg\" width=\"300\" height=\"213\" \/>Gij\u00f3n, 4 dic (EFE).- La Polic\u00eda Nacional ha detenido en Gij\u00f3n a un hombre de 40 a\u00f1os que estaba reclamado por la justicia de Montenegro desde el a\u00f1o 2006 por un delito de homicidio.<\/p>\n<p>Seg\u00fan ha informado hoy la Comisar\u00eda de Gij\u00f3n, el ciudadano estaba siendo buscando por un delito de homicidio doloso con arma de fuego cometido en ese pa\u00eds, por lo que se curs\u00f3 una orden internacional de detenci\u00f3n.<\/p>\n<p>Adem\u00e1s, pesaba sobre \u00e9l una orden de prohibici\u00f3n de entrada en el territorio espa\u00f1ol vigente hasta el a\u00f1o 2016.<\/p>\n<p>La Polic\u00eda descubri\u00f3 que este ciudadano serbio estaba residiendo temporalmente en Gij\u00f3n, por lo que se estableci\u00f3 un dispositivo para evitar su huida y proceder a su detenci\u00f3n.<\/p>\n<p>Al ser arrestado el domingo, present\u00f3 un documentaci\u00f3n falsa para encubrir su verdadera filiaci\u00f3n.<\/p>\n<p>En las dependencias policiales se comprob\u00f3 que utilizaba tres identidades para eludir los controles de las fuerzas de seguridad, pero una vez verificada su rese\u00f1a aut\u00e9ntica y la vigencia de las b\u00fasquedas, se realizaron los tr\u00e1mites necesarios para ejecutar la orden internacional de extradici\u00f3n.<\/p>\n<p>A trav\u00e9s de Interpol, se dio comunicaci\u00f3n de la localizaci\u00f3n de este individuo por si pudiera estar implicado en otras acciones delictivas en m\u00e1s pa\u00edses.<\/p>\n<p>El Juez Central de Instrucci\u00f3n determin\u00f3 su ingreso en prisi\u00f3n, a la espera de poder ejecutar el tr\u00e1mite de entrega a las autoridades reclamantes.<\/p>\n","protected":false},"excerpt":{"rendered":"<p>Gij\u00f3n, 4 dic (EFE).- La Polic\u00eda Nacional ha detenido en Gij\u00f3n a un hombre de 40 a\u00f1os que estaba reclamado por la justicia de Montenegro desde el a\u00f1o 2006 por un delito de homicidio. Seg\u00fan ha informado hoy la Comisar\u00eda de Gij\u00f3n, el ciudadano estaba siendo buscando por un delito de homicidio doloso con arma [&hellip;]<\/p>\n","protected":false},"author":1,"featured_media":1132184,"comment_status":"closed","ping_status":"open","sticky":false,"template":"","format":"standard","meta":{"footnotes":""},"categories":[12],"tags":[],"class_list":["post-457744","post","type-post","status-publish","format-standard","has-post-thumbnail","hentry","category-actualidad-asturias"],"aioseo_notices":[],"aioseo_head":"\n\t\t<!-- All in One SEO Pro 5.0.1 - aioseo.com -->\n\t<meta name=\"description\" content=\"Gij\u00f3n, 4 dic (EFE).- La Polic\u00eda Nacional ha detenido en Gij\u00f3n a un hombre de 40 a\u00f1os que estaba reclamado por la justicia de Montenegro desde el a\u00f1o 2006 por un delito de homicidio. Seg\u00fan ha informado hoy la Comisar\u00eda de Gij\u00f3n, el ciudadano estaba siendo buscando por un delito de homicidio doloso con arma\" \/>\n\t<meta name=\"robots\" content=\"max-image-preview:large\" \/>\n\t<meta name=\"author\" content=\"El Digital de Asturias\"\/>\n\t<meta name=\"google-site-verification\" content=\"UA-38556648-1\" \/>\n\t<meta name=\"msvalidate.01\" content=\"7dfe9f3f1b24437ab69f4f2559babe99\" \/>\n\t<meta name=\"keywords\" content=\"actualidad asturias\" \/>\n\t<link rel=\"canonical\" href=\"https:\/\/www.eldigitaldeasturias.com\/noticias\/detenido-en-gijon-un-fugitivo-buscado-por-la-justicia-de-montenegro\/\" \/>\n\t<meta name=\"generator\" content=\"All in One SEO Pro (AIOSEO) 5.0.1\" \/>\n\t\t<meta property=\"og:locale\" content=\"es_ES\" \/>\n\t\t<meta property=\"og:site_name\" content=\"El Digital de Asturias\" \/>\n\t\t<meta property=\"og:type\" content=\"article\" \/>\n\t\t<meta property=\"og:title\" content=\"Detenido en Gij\u00f3n un fugitivo buscado por la justicia de Montenegro - El Digital de Asturias\" \/>\n\t\t<meta property=\"og:description\" content=\"Gij\u00f3n, 4 dic (EFE).- La Polic\u00eda Nacional ha detenido en Gij\u00f3n a un hombre de 40 a\u00f1os que estaba reclamado por la justicia de Montenegro desde el a\u00f1o 2006 por un delito de homicidio. Seg\u00fan ha informado hoy la Comisar\u00eda de Gij\u00f3n, el ciudadano estaba siendo buscando por un delito de homicidio doloso con arma\" \/>\n\t\t<meta property=\"og:url\" content=\"https:\/\/www.eldigitaldeasturias.com\/noticias\/detenido-en-gijon-un-fugitivo-buscado-por-la-justicia-de-montenegro\/\" \/>\n\t\t<meta property=\"og:image\" content=\"https:\/\/www.eldigitaldeasturias.com\/noticias\/wp-content\/uploads\/2026\/06\/Contenidos.jpg\" \/>\n\t\t<meta property=\"og:image:secure_url\" content=\"https:\/\/www.eldigitaldeasturias.com\/noticias\/wp-content\/uploads\/2026\/06\/Contenidos.jpg\" \/>\n\t\t<meta property=\"og:image:width\" content=\"1265\" \/>\n\t\t<meta property=\"og:image:height\" content=\"697\" \/>\n\t\t<meta property=\"article:tag\" content=\"actualidad asturias\" \/>\n\t\t<meta property=\"article:published_time\" content=\"2013-12-04T19:37:30+00:00\" \/>\n\t\t<meta property=\"article:modified_time\" content=\"2013-12-04T19:37:30+00:00\" \/>\n\t\t<meta property=\"article:publisher\" content=\"https:\/\/facebook.com\/eldigitaldeasturias\" \/>\n\t\t<meta name=\"twitter:card\" content=\"summary_large_image\" \/>\n\t\t<meta name=\"twitter:title\" content=\"Detenido en Gij\u00f3n un fugitivo buscado por la justicia de Montenegro - El Digital de Asturias\" \/>\n\t\t<meta name=\"twitter:description\" content=\"Gij\u00f3n, 4 dic (EFE).- La Polic\u00eda Nacional ha detenido en Gij\u00f3n a un hombre de 40 a\u00f1os que estaba reclamado por la justicia de Montenegro desde el a\u00f1o 2006 por un delito de homicidio. Seg\u00fan ha informado hoy la Comisar\u00eda de Gij\u00f3n, el ciudadano estaba siendo buscando por un delito de homicidio doloso con arma\" \/>\n\t\t<meta name=\"twitter:image\" content=\"https:\/\/www.eldigitaldeasturias.com\/noticias\/wp-content\/uploads\/2026\/06\/Contenidos.jpg\" \/>\n\t\t<meta name=\"twitter:label1\" content=\"Escrito por\" \/>\n\t\t<meta name=\"twitter:data1\" content=\"El Digital de Asturias\" \/>\n\t\t<meta name=\"twitter:label2\" content=\"Tiempo de lectura estimado\" \/>\n\t\t<meta name=\"twitter:data2\" content=\"1 minuto\" \/>\n\t\t<script type=\"application\/ld+json\" class=\"aioseo-schema\">\n\t\t\t{\"@context\":\"https:\\\/\\\/schema.org\",\"@graph\":[{\"@type\":\"BlogPosting\",\"@id\":\"https:\\\/\\\/www.eldigitaldeasturias.com\\\/noticias\\\/detenido-en-gijon-un-fugitivo-buscado-por-la-justicia-de-montenegro\\\/#blogposting\",\"name\":\"Detenido en Gij\\u00f3n un fugitivo buscado por la justicia de Montenegro - El Digital de Asturias\",\"headline\":\"Detenido en Gij\\u00f3n un fugitivo buscado por la justicia de Montenegro\",\"author\":{\"@id\":\"https:\\\/\\\/www.eldigitaldeasturias.com\\\/noticias\\\/author\\\/admin\\\/#author\"},\"publisher\":{\"@id\":\"https:\\\/\\\/www.eldigitaldeasturias.com\\\/noticias\\\/#organization\"},\"image\":{\"@type\":\"ImageObject\",\"url\":\"https:\\\/\\\/www.eldigitaldeasturias.com\\\/noticias\\\/wp-content\\\/uploads\\\/2026\\\/06\\\/Contenidos.jpg\",\"width\":1265,\"height\":697,\"caption\":\"Contenidos\"},\"datePublished\":\"2013-12-04T18:37:30+01:00\",\"dateModified\":\"2013-12-04T18:37:30+01:00\",\"inLanguage\":\"es-ES\",\"mainEntityOfPage\":{\"@id\":\"https:\\\/\\\/www.eldigitaldeasturias.com\\\/noticias\\\/detenido-en-gijon-un-fugitivo-buscado-por-la-justicia-de-montenegro\\\/#webpage\"},\"isPartOf\":{\"@id\":\"https:\\\/\\\/www.eldigitaldeasturias.com\\\/noticias\\\/detenido-en-gijon-un-fugitivo-buscado-por-la-justicia-de-montenegro\\\/#webpage\"},\"articleSection\":\"Actualidad Asturias\"},{\"@type\":\"BreadcrumbList\",\"@id\":\"https:\\\/\\\/www.eldigitaldeasturias.com\\\/noticias\\\/detenido-en-gijon-un-fugitivo-buscado-por-la-justicia-de-montenegro\\\/#breadcrumblist\",\"itemListElement\":[{\"@type\":\"ListItem\",\"@id\":\"https:\\\/\\\/www.eldigitaldeasturias.com\\\/noticias#listItem\",\"position\":1,\"name\":\"Home\",\"item\":\"https:\\\/\\\/www.eldigitaldeasturias.com\\\/noticias\",\"nextItem\":{\"@type\":\"ListItem\",\"@id\":\"https:\\\/\\\/www.eldigitaldeasturias.com\\\/noticias\\\/category\\\/actualidad-asturias\\\/#listItem\",\"name\":\"Actualidad Asturias\"}},{\"@type\":\"ListItem\",\"@id\":\"https:\\\/\\\/www.eldigitaldeasturias.com\\\/noticias\\\/category\\\/actualidad-asturias\\\/#listItem\",\"position\":2,\"name\":\"Actualidad Asturias\",\"item\":\"https:\\\/\\\/www.eldigitaldeasturias.com\\\/noticias\\\/category\\\/actualidad-asturias\\\/\",\"nextItem\":{\"@type\":\"ListItem\",\"@id\":\"https:\\\/\\\/www.eldigitaldeasturias.com\\\/noticias\\\/detenido-en-gijon-un-fugitivo-buscado-por-la-justicia-de-montenegro\\\/#listItem\",\"name\":\"Detenido en Gij\\u00f3n un fugitivo buscado por la justicia de Montenegro\"},\"previousItem\":{\"@type\":\"ListItem\",\"@id\":\"https:\\\/\\\/www.eldigitaldeasturias.com\\\/noticias#listItem\",\"name\":\"Home\"}},{\"@type\":\"ListItem\",\"@id\":\"https:\\\/\\\/www.eldigitaldeasturias.com\\\/noticias\\\/detenido-en-gijon-un-fugitivo-buscado-por-la-justicia-de-montenegro\\\/#listItem\",\"position\":3,\"name\":\"Detenido en Gij\\u00f3n un fugitivo buscado por la justicia de Montenegro\",\"previousItem\":{\"@type\":\"ListItem\",\"@id\":\"https:\\\/\\\/www.eldigitaldeasturias.com\\\/noticias\\\/category\\\/actualidad-asturias\\\/#listItem\",\"name\":\"Actualidad Asturias\"}}]},{\"@type\":\"Organization\",\"@id\":\"https:\\\/\\\/www.eldigitaldeasturias.com\\\/noticias\\\/#organization\",\"name\":\"El Digital de Asturias\",\"description\":\"Hemeroteca\",\"url\":\"https:\\\/\\\/www.eldigitaldeasturias.com\\\/noticias\\\/\",\"email\":\"info@eldigitaldeasturias.com\",\"telephone\":\"+34652131393\",\"logo\":{\"@type\":\"ImageObject\",\"url\":\"https:\\\/\\\/www.eldigitaldeasturias.com\\\/noticias\\\/wp-content\\\/uploads\\\/2020\\\/12\\\/EDA.jpg\",\"@id\":\"https:\\\/\\\/www.eldigitaldeasturias.com\\\/noticias\\\/detenido-en-gijon-un-fugitivo-buscado-por-la-justicia-de-montenegro\\\/#organizationLogo\"},\"image\":{\"@id\":\"https:\\\/\\\/www.eldigitaldeasturias.com\\\/noticias\\\/detenido-en-gijon-un-fugitivo-buscado-por-la-justicia-de-montenegro\\\/#organizationLogo\"},\"sameAs\":[\"https:\\\/\\\/facebook.com\\\/eldigitaldeasturias\",\"https:\\\/\\\/www.youtube.com\\\/channel\\\/UCZP-2wLEB9Rv6erhFmqVnvg\"],\"address\":{\"@id\":\"https:\\\/\\\/www.eldigitaldeasturias.com\\\/noticias\\\/#postaladdress\",\"@type\":\"PostalAddress\",\"streetAddress\":\"san antonio 4\",\"postalCode\":\"33430\",\"addressLocality\":\"Cand\\u00e1s\",\"addressRegion\":\"Asturias\",\"addressCountry\":\"ES\"}},{\"@type\":\"Person\",\"@id\":\"https:\\\/\\\/www.eldigitaldeasturias.com\\\/noticias\\\/author\\\/admin\\\/#author\",\"url\":\"https:\\\/\\\/www.eldigitaldeasturias.com\\\/noticias\\\/author\\\/admin\\\/\",\"name\":\"El Digital de Asturias\",\"image\":{\"@type\":\"ImageObject\",\"@id\":\"https:\\\/\\\/www.eldigitaldeasturias.com\\\/noticias\\\/detenido-en-gijon-un-fugitivo-buscado-por-la-justicia-de-montenegro\\\/#authorImage\",\"url\":\"https:\\\/\\\/secure.gravatar.com\\\/avatar\\\/df2aeffc32bcd13f8d26072ef8a91b623d677766deac7f97ca815868cd41bf5e?s=96&d=mm&r=g\",\"width\":96,\"height\":96,\"caption\":\"El Digital de Asturias\"}},{\"@type\":\"WebPage\",\"@id\":\"https:\\\/\\\/www.eldigitaldeasturias.com\\\/noticias\\\/detenido-en-gijon-un-fugitivo-buscado-por-la-justicia-de-montenegro\\\/#webpage\",\"url\":\"https:\\\/\\\/www.eldigitaldeasturias.com\\\/noticias\\\/detenido-en-gijon-un-fugitivo-buscado-por-la-justicia-de-montenegro\\\/\",\"name\":\"Detenido en Gij\\u00f3n un fugitivo buscado por la justicia de Montenegro - El Digital de Asturias\",\"description\":\"Gij\\u00f3n, 4 dic (EFE).- La Polic\\u00eda Nacional ha detenido en Gij\\u00f3n a un hombre de 40 a\\u00f1os que estaba reclamado por la justicia de Montenegro desde el a\\u00f1o 2006 por un delito de homicidio. Seg\\u00fan ha informado hoy la Comisar\\u00eda de Gij\\u00f3n, el ciudadano estaba siendo buscando por un delito de homicidio doloso con arma\",\"inLanguage\":\"es-ES\",\"isPartOf\":{\"@id\":\"https:\\\/\\\/www.eldigitaldeasturias.com\\\/noticias\\\/#website\"},\"breadcrumb\":{\"@id\":\"https:\\\/\\\/www.eldigitaldeasturias.com\\\/noticias\\\/detenido-en-gijon-un-fugitivo-buscado-por-la-justicia-de-montenegro\\\/#breadcrumblist\"},\"author\":{\"@id\":\"https:\\\/\\\/www.eldigitaldeasturias.com\\\/noticias\\\/author\\\/admin\\\/#author\"},\"creator\":{\"@id\":\"https:\\\/\\\/www.eldigitaldeasturias.com\\\/noticias\\\/author\\\/admin\\\/#author\"},\"image\":{\"@type\":\"ImageObject\",\"url\":\"https:\\\/\\\/www.eldigitaldeasturias.com\\\/noticias\\\/wp-content\\\/uploads\\\/2026\\\/06\\\/Contenidos.jpg\",\"@id\":\"https:\\\/\\\/www.eldigitaldeasturias.com\\\/noticias\\\/detenido-en-gijon-un-fugitivo-buscado-por-la-justicia-de-montenegro\\\/#mainImage\",\"width\":1265,\"height\":697,\"caption\":\"Contenidos\"},\"primaryImageOfPage\":{\"@id\":\"https:\\\/\\\/www.eldigitaldeasturias.com\\\/noticias\\\/detenido-en-gijon-un-fugitivo-buscado-por-la-justicia-de-montenegro\\\/#mainImage\"},\"datePublished\":\"2013-12-04T18:37:30+01:00\",\"dateModified\":\"2013-12-04T18:37:30+01:00\"},{\"@type\":\"WebSite\",\"@id\":\"https:\\\/\\\/www.eldigitaldeasturias.com\\\/noticias\\\/#website\",\"url\":\"https:\\\/\\\/www.eldigitaldeasturias.com\\\/noticias\\\/\",\"name\":\"El Digital de Asturias - Diario de actualidad y noticias\",\"alternateName\":\"El Digital de Asturias - Diario de actualidad y noticias\",\"description\":\"Hemeroteca\",\"inLanguage\":\"es-ES\",\"publisher\":{\"@id\":\"https:\\\/\\\/www.eldigitaldeasturias.com\\\/noticias\\\/#organization\"}}]}\n\t\t<\/script>\n\t\t<!-- All in One SEO Pro -->\r\n\t\t<title>Detenido en Gij\u00f3n un fugitivo buscado por la justicia de Montenegro - El Digital de Asturias<\/title>\n\n","aioseo_head_json":{"title":"Detenido en Gij\u00f3n un fugitivo buscado por la justicia de Montenegro - El Digital de Asturias","description":"Gij\u00f3n, 4 dic (EFE).- La Polic\u00eda Nacional ha detenido en Gij\u00f3n a un hombre de 40 a\u00f1os que estaba reclamado por la justicia de Montenegro desde el a\u00f1o 2006 por un delito de homicidio. Seg\u00fan ha informado hoy la Comisar\u00eda de Gij\u00f3n, el ciudadano estaba siendo buscando por un delito de homicidio doloso con arma","canonical_url":"https:\/\/www.eldigitaldeasturias.com\/noticias\/detenido-en-gijon-un-fugitivo-buscado-por-la-justicia-de-montenegro\/","robots":"max-image-preview:large","keywords":"actualidad asturias","webmasterTools":{"google-site-verification":"UA-38556648-1","msvalidate.01":"7dfe9f3f1b24437ab69f4f2559babe99","miscellaneous":""},"schema":{"@context":"https:\/\/schema.org","@graph":[{"@type":"BlogPosting","@id":"https:\/\/www.eldigitaldeasturias.com\/noticias\/detenido-en-gijon-un-fugitivo-buscado-por-la-justicia-de-montenegro\/#blogposting","name":"Detenido en Gij\u00f3n un fugitivo buscado por la justicia de Montenegro - El Digital de Asturias","headline":"Detenido en Gij\u00f3n un fugitivo buscado por la justicia de Montenegro","author":{"@id":"https:\/\/www.eldigitaldeasturias.com\/noticias\/author\/admin\/#author"},"publisher":{"@id":"https:\/\/www.eldigitaldeasturias.com\/noticias\/#organization"},"image":{"@type":"ImageObject","url":"https:\/\/www.eldigitaldeasturias.com\/noticias\/wp-content\/uploads\/2026\/06\/Contenidos.jpg","width":1265,"height":697,"caption":"Contenidos"},"datePublished":"2013-12-04T18:37:30+01:00","dateModified":"2013-12-04T18:37:30+01:00","inLanguage":"es-ES","mainEntityOfPage":{"@id":"https:\/\/www.eldigitaldeasturias.com\/noticias\/detenido-en-gijon-un-fugitivo-buscado-por-la-justicia-de-montenegro\/#webpage"},"isPartOf":{"@id":"https:\/\/www.eldigitaldeasturias.com\/noticias\/detenido-en-gijon-un-fugitivo-buscado-por-la-justicia-de-montenegro\/#webpage"},"articleSection":"Actualidad Asturias"},{"@type":"BreadcrumbList","@id":"https:\/\/www.eldigitaldeasturias.com\/noticias\/detenido-en-gijon-un-fugitivo-buscado-por-la-justicia-de-montenegro\/#breadcrumblist","itemListElement":[{"@type":"ListItem","@id":"https:\/\/www.eldigitaldeasturias.com\/noticias#listItem","position":1,"name":"Home","item":"https:\/\/www.eldigitaldeasturias.com\/noticias","nextItem":{"@type":"ListItem","@id":"https:\/\/www.eldigitaldeasturias.com\/noticias\/category\/actualidad-asturias\/#listItem","name":"Actualidad Asturias"}},{"@type":"ListItem","@id":"https:\/\/www.eldigitaldeasturias.com\/noticias\/category\/actualidad-asturias\/#listItem","position":2,"name":"Actualidad Asturias","item":"https:\/\/www.eldigitaldeasturias.com\/noticias\/category\/actualidad-asturias\/","nextItem":{"@type":"ListItem","@id":"https:\/\/www.eldigitaldeasturias.com\/noticias\/detenido-en-gijon-un-fugitivo-buscado-por-la-justicia-de-montenegro\/#listItem","name":"Detenido en Gij\u00f3n un fugitivo buscado por la justicia de Montenegro"},"previousItem":{"@type":"ListItem","@id":"https:\/\/www.eldigitaldeasturias.com\/noticias#listItem","name":"Home"}},{"@type":"ListItem","@id":"https:\/\/www.eldigitaldeasturias.com\/noticias\/detenido-en-gijon-un-fugitivo-buscado-por-la-justicia-de-montenegro\/#listItem","position":3,"name":"Detenido en Gij\u00f3n un fugitivo buscado por la justicia de Montenegro","previousItem":{"@type":"ListItem","@id":"https:\/\/www.eldigitaldeasturias.com\/noticias\/category\/actualidad-asturias\/#listItem","name":"Actualidad Asturias"}}]},{"@type":"Organization","@id":"https:\/\/www.eldigitaldeasturias.com\/noticias\/#organization","name":"El Digital de Asturias","description":"Hemeroteca","url":"https:\/\/www.eldigitaldeasturias.com\/noticias\/","email":"info@eldigitaldeasturias.com","telephone":"+34652131393","logo":{"@type":"ImageObject","url":"https:\/\/www.eldigitaldeasturias.com\/noticias\/wp-content\/uploads\/2020\/12\/EDA.jpg","@id":"https:\/\/www.eldigitaldeasturias.com\/noticias\/detenido-en-gijon-un-fugitivo-buscado-por-la-justicia-de-montenegro\/#organizationLogo"},"image":{"@id":"https:\/\/www.eldigitaldeasturias.com\/noticias\/detenido-en-gijon-un-fugitivo-buscado-por-la-justicia-de-montenegro\/#organizationLogo"},"sameAs":["https:\/\/facebook.com\/eldigitaldeasturias","https:\/\/www.youtube.com\/channel\/UCZP-2wLEB9Rv6erhFmqVnvg"],"address":{"@id":"https:\/\/www.eldigitaldeasturias.com\/noticias\/#postaladdress","@type":"PostalAddress","streetAddress":"san antonio 4","postalCode":"33430","addressLocality":"Cand\u00e1s","addressRegion":"Asturias","addressCountry":"ES"}},{"@type":"Person","@id":"https:\/\/www.eldigitaldeasturias.com\/noticias\/author\/admin\/#author","url":"https:\/\/www.eldigitaldeasturias.com\/noticias\/author\/admin\/","name":"El Digital de Asturias","image":{"@type":"ImageObject","@id":"https:\/\/www.eldigitaldeasturias.com\/noticias\/detenido-en-gijon-un-fugitivo-buscado-por-la-justicia-de-montenegro\/#authorImage","url":"https:\/\/secure.gravatar.com\/avatar\/df2aeffc32bcd13f8d26072ef8a91b623d677766deac7f97ca815868cd41bf5e?s=96&d=mm&r=g","width":96,"height":96,"caption":"El Digital de Asturias"}},{"@type":"WebPage","@id":"https:\/\/www.eldigitaldeasturias.com\/noticias\/detenido-en-gijon-un-fugitivo-buscado-por-la-justicia-de-montenegro\/#webpage","url":"https:\/\/www.eldigitaldeasturias.com\/noticias\/detenido-en-gijon-un-fugitivo-buscado-por-la-justicia-de-montenegro\/","name":"Detenido en Gij\u00f3n un fugitivo buscado por la justicia de Montenegro - El Digital de Asturias","description":"Gij\u00f3n, 4 dic (EFE).- La Polic\u00eda Nacional ha detenido en Gij\u00f3n a un hombre de 40 a\u00f1os que estaba reclamado por la justicia de Montenegro desde el a\u00f1o 2006 por un delito de homicidio. Seg\u00fan ha informado hoy la Comisar\u00eda de Gij\u00f3n, el ciudadano estaba siendo buscando por un delito de homicidio doloso con arma","inLanguage":"es-ES","isPartOf":{"@id":"https:\/\/www.eldigitaldeasturias.com\/noticias\/#website"},"breadcrumb":{"@id":"https:\/\/www.eldigitaldeasturias.com\/noticias\/detenido-en-gijon-un-fugitivo-buscado-por-la-justicia-de-montenegro\/#breadcrumblist"},"author":{"@id":"https:\/\/www.eldigitaldeasturias.com\/noticias\/author\/admin\/#author"},"creator":{"@id":"https:\/\/www.eldigitaldeasturias.com\/noticias\/author\/admin\/#author"},"image":{"@type":"ImageObject","url":"https:\/\/www.eldigitaldeasturias.com\/noticias\/wp-content\/uploads\/2026\/06\/Contenidos.jpg","@id":"https:\/\/www.eldigitaldeasturias.com\/noticias\/detenido-en-gijon-un-fugitivo-buscado-por-la-justicia-de-montenegro\/#mainImage","width":1265,"height":697,"caption":"Contenidos"},"primaryImageOfPage":{"@id":"https:\/\/www.eldigitaldeasturias.com\/noticias\/detenido-en-gijon-un-fugitivo-buscado-por-la-justicia-de-montenegro\/#mainImage"},"datePublished":"2013-12-04T18:37:30+01:00","dateModified":"2013-12-04T18:37:30+01:00"},{"@type":"WebSite","@id":"https:\/\/www.eldigitaldeasturias.com\/noticias\/#website","url":"https:\/\/www.eldigitaldeasturias.com\/noticias\/","name":"El Digital de Asturias - Diario de actualidad y noticias","alternateName":"El Digital de Asturias - Diario de actualidad y noticias","description":"Hemeroteca","inLanguage":"es-ES","publisher":{"@id":"https:\/\/www.eldigitaldeasturias.com\/noticias\/#organization"}}]},"og:locale":"es_ES","og:site_name":"El Digital de Asturias","og:type":"article","og:title":"Detenido en Gij\u00f3n un fugitivo buscado por la justicia de Montenegro - El Digital de Asturias","og:description":"Gij\u00f3n, 4 dic (EFE).- La Polic\u00eda Nacional ha detenido en Gij\u00f3n a un hombre de 40 a\u00f1os que estaba reclamado por la justicia de Montenegro desde el a\u00f1o 2006 por un delito de homicidio. Seg\u00fan ha informado hoy la Comisar\u00eda de Gij\u00f3n, el ciudadano estaba siendo buscando por un delito de homicidio doloso con arma","og:url":"https:\/\/www.eldigitaldeasturias.com\/noticias\/detenido-en-gijon-un-fugitivo-buscado-por-la-justicia-de-montenegro\/","og:image":"https:\/\/www.eldigitaldeasturias.com\/noticias\/wp-content\/uploads\/2026\/06\/Contenidos.jpg","og:image:secure_url":"https:\/\/www.eldigitaldeasturias.com\/noticias\/wp-content\/uploads\/2026\/06\/Contenidos.jpg","og:image:width":1265,"og:image:height":697,"article:tag":["actualidad asturias"],"article:published_time":"2013-12-04T19:37:30+00:00","article:modified_time":"2013-12-04T19:37:30+00:00","article:publisher":"https:\/\/facebook.com\/eldigitaldeasturias","twitter:card":"summary_large_image","twitter:title":"Detenido en Gij\u00f3n un fugitivo buscado por la justicia de Montenegro - El Digital de Asturias","twitter:description":"Gij\u00f3n, 4 dic (EFE).- La Polic\u00eda Nacional ha detenido en Gij\u00f3n a un hombre de 40 a\u00f1os que estaba reclamado por la justicia de Montenegro desde el a\u00f1o 2006 por un delito de homicidio. Seg\u00fan ha informado hoy la Comisar\u00eda de Gij\u00f3n, el ciudadano estaba siendo buscando por un delito de homicidio doloso con arma","twitter:image":"https:\/\/www.eldigitaldeasturias.com\/noticias\/wp-content\/uploads\/2026\/06\/Contenidos.jpg","twitter:label1":"Escrito por","twitter:data1":"El Digital de Asturias","twitter:label2":"Tiempo de lectura estimado","twitter:data2":"1 minuto"},"aioseo_meta_data":{"post_id":"457744","title":null,"description":null,"keywords":null,"keyphrases":null,"primary_term":null,"canonical_url":null,"og_title":null,"og_description":null,"og_object_type":"default","og_image_type":"default","og_image_url":null,"og_image_width":null,"og_image_height":null,"og_image_custom_url":null,"og_image_custom_fields":null,"og_video":null,"og_custom_url":null,"og_article_section":null,"og_article_tags":null,"twitter_use_og":true,"twitter_card":"default","twitter_image_type":"default","twitter_image_url":null,"twitter_image_custom_url":null,"twitter_image_custom_fields":null,"twitter_title":null,"twitter_description":null,"schema":{"blockGraphs":[],"customGraphs":[],"default":{"data":{"Article":[],"Course":[],"Dataset":[],"FAQPage":[],"Movie":[],"Person":[],"Product":[],"ProductReview":[],"Car":[],"Recipe":[],"Service":[],"SoftwareApplication":[],"WebPage":[]},"graphName":"","isEnabled":true},"graphs":[],"defaultGraph":"","defaultPostTypeGraph":""},"schema_type":null,"schema_type_options":null,"pillar_content":false,"robots_default":true,"robots_noindex":false,"robots_noarchive":false,"robots_nosnippet":false,"robots_nofollow":false,"robots_noimageindex":false,"robots_noodp":false,"robots_notranslate":false,"robots_max_snippet":null,"robots_max_videopreview":null,"robots_max_imagepreview":"none","priority":null,"frequency":null,"local_seo":null,"seo_analyzer_scan_date":"2026-05-30 03:06:06","breadcrumb_settings":null,"limit_modified_date":false,"open_ai":null,"ai":null,"created":"2020-11-14 22:46:10","updated":"2026-05-30 03:06:06","focus_keyword":null,"additional_keywords":null,"truseo_locale":null},"aioseo_breadcrumb":"<div class=\"aioseo-breadcrumbs\"><span class=\"aioseo-breadcrumb\">\n\t<a href=\"https:\/\/www.eldigitaldeasturias.com\/noticias\" title=\"Home\">Home<\/a>\n<\/span><span class=\"aioseo-breadcrumb-separator\">\u2013<\/span><span class=\"aioseo-breadcrumb\">\n\t<a href=\"https:\/\/www.eldigitaldeasturias.com\/noticias\/category\/actualidad-asturias\/\" title=\"Actualidad Asturias\">Actualidad Asturias<\/a>\n<\/span><span class=\"aioseo-breadcrumb-separator\">\u2013<\/span><span class=\"aioseo-breadcrumb\">\n\t<a href=\"https:\/\/www.eldigitaldeasturias.com\/noticias\/detenido-en-gijon-un-fugitivo-buscado-por-la-justicia-de-montenegro\/\" title=\"Detenido en Gij\u00f3n un fugitivo buscado por la justicia de Montenegro\">Detenido en Gij\u00f3n un fugitivo buscado por la justicia de Montenegro<\/a>\n<\/span><\/div>","aioseo_breadcrumb_json":[{"label":"Home","link":"https:\/\/www.eldigitaldeasturias.com\/noticias"},{"label":"Actualidad Asturias","link":"https:\/\/www.eldigitaldeasturias.com\/noticias\/category\/actualidad-asturias\/"},{"label":"Detenido en Gij\u00f3n un fugitivo buscado por la justicia de Montenegro","link":"https:\/\/www.eldigitaldeasturias.com\/noticias\/detenido-en-gijon-un-fugitivo-buscado-por-la-justicia-de-montenegro\/"}],"_links":{"self":[{"href":"https:\/\/www.eldigitaldeasturias.com\/noticias\/wp-json\/wp\/v2\/posts\/457744","targetHints":{"allow":["GET"]}}],"collection":[{"href":"https:\/\/www.eldigitaldeasturias.com\/noticias\/wp-json\/wp\/v2\/posts"}],"about":[{"href":"https:\/\/www.eldigitaldeasturias.com\/noticias\/wp-json\/wp\/v2\/types\/post"}],"author":[{"embeddable":true,"href":"https:\/\/www.eldigitaldeasturias.com\/noticias\/wp-json\/wp\/v2\/users\/1"}],"replies":[{"embeddable":true,"href":"https:\/\/www.eldigitaldeasturias.com\/noticias\/wp-json\/wp\/v2\/comments?post=457744"}],"version-history":[{"count":0,"href":"https:\/\/www.eldigitaldeasturias.com\/noticias\/wp-json\/wp\/v2\/posts\/457744\/revisions"}],"wp:featuredmedia":[{"embeddable":true,"href":"https:\/\/www.eldigitaldeasturias.com\/noticias\/wp-json\/wp\/v2\/media\/1132184"}],"wp:attachment":[{"href":"https:\/\/www.eldigitaldeasturias.com\/noticias\/wp-json\/wp\/v2\/media?parent=457744"}],"wp:term":[{"taxonomy":"category","embeddable":true,"href":"https:\/\/www.eldigitaldeasturias.com\/noticias\/wp-json\/wp\/v2\/categories?post=457744"},{"taxonomy":"post_tag","embeddable":true,"href":"https:\/\/www.eldigitaldeasturias.com\/noticias\/wp-json\/wp\/v2\/tags?post=457744"}],"curies":[{"name":"wp","href":"https:\/\/api.w.org\/{rel}","templated":true}]}}