{"id":457738,"date":"2013-12-04T18:32:28","date_gmt":"2013-12-04T19:32:28","guid":{"rendered":"http:\/\/www.eldigitaldeasturias.com\/noticias\/?p=457738"},"modified":"2013-12-04T18:32:28","modified_gmt":"2013-12-04T19:32:28","slug":"gijon-iu-pide-que-moriyon-explique-la-intencion-del-ayuntamiento-en-la-zalia","status":"publish","type":"post","link":"https:\/\/www.eldigitaldeasturias.com\/noticias\/gijon-iu-pide-que-moriyon-explique-la-intencion-del-ayuntamiento-en-la-zalia\/","title":{"rendered":"Gij\u00f3n : IU pide que Moriy\u00f3n explique la intenci\u00f3n del Ayuntamiento en la Zalia"},"content":{"rendered":"<p><img loading=\"lazy\" decoding=\"async\" class=\"alignleft size-medium wp-image-186\" alt=\"gijon\" src=\"https:\/\/www.eldigitaldeasturias.com\/noticias\/wp-content\/uploads\/2013\/09\/gijon-360x270.jpg\" width=\"360\" height=\"270\" \/>Gij\u00f3n, 4 dic (EFE).- IU-LV ha pedido la comparecencia de la alcaldesa de Gij\u00f3n, Carmen Moriy\u00f3n, en el pr\u00f3ximo Pleno municipal para que explique cu\u00e1l es la posici\u00f3n del Ayuntamiento en relaci\u00f3n a la Zona de Actividades Log\u00edsticas e Industriales de Asturias (Zalia).<\/p>\n<p>El portavoz de la coalici\u00f3n, Jorge Espina, ha explicado en rueda de prensa que es una infraestructura \u00abvital\u00bb para la regi\u00f3n, en la que se han invertido \u00abm\u00faltiples recursos p\u00fablicos\u00bb durante los \u00faltimos a\u00f1os.<\/p>\n<p>Para Espina, es prioritario la finalizaci\u00f3n de los accesos a la Zalia y que se agilice, por tanto, el ritmo de comercializaci\u00f3n de las parcelas.<\/p>\n<p>Adem\u00e1s, ha dicho que el Ayuntamiento de Gij\u00f3n no puede caer en la irresponsabilidad del resto de socios de la Zalia y no aportar el 10 por ciento del pr\u00e9stamo participativo, porcentaje equivalente a su participaci\u00f3n accionarial.<\/p>\n","protected":false},"excerpt":{"rendered":"<p>Gij\u00f3n, 4 dic (EFE).- IU-LV ha pedido la comparecencia de la alcaldesa de Gij\u00f3n, Carmen Moriy\u00f3n, en el pr\u00f3ximo Pleno municipal para que explique cu\u00e1l es la posici\u00f3n del Ayuntamiento en relaci\u00f3n a la Zona de Actividades Log\u00edsticas e Industriales de Asturias (Zalia). El portavoz de la coalici\u00f3n, Jorge Espina, ha explicado en rueda de [&hellip;]<\/p>\n","protected":false},"author":1,"featured_media":1132184,"comment_status":"closed","ping_status":"open","sticky":false,"template":"","format":"standard","meta":{"footnotes":""},"categories":[12],"tags":[],"class_list":["post-457738","post","type-post","status-publish","format-standard","has-post-thumbnail","hentry","category-actualidad-asturias"],"aioseo_notices":[],"aioseo_head":"\n\t\t<!-- All in One SEO Pro 5.0.1 - aioseo.com -->\n\t<meta name=\"description\" content=\"Gij\u00f3n, 4 dic (EFE).- IU-LV ha pedido la comparecencia de la alcaldesa de Gij\u00f3n, Carmen Moriy\u00f3n, en el pr\u00f3ximo Pleno municipal para que explique cu\u00e1l es la posici\u00f3n del Ayuntamiento en relaci\u00f3n a la Zona de Actividades Log\u00edsticas e Industriales de Asturias (Zalia). El portavoz de la coalici\u00f3n, Jorge Espina, ha explicado en rueda de\" \/>\n\t<meta name=\"robots\" content=\"max-image-preview:large\" \/>\n\t<meta name=\"author\" content=\"El Digital de Asturias\"\/>\n\t<meta name=\"google-site-verification\" content=\"UA-38556648-1\" \/>\n\t<meta name=\"msvalidate.01\" content=\"7dfe9f3f1b24437ab69f4f2559babe99\" \/>\n\t<meta name=\"keywords\" content=\"actualidad asturias\" \/>\n\t<link rel=\"canonical\" href=\"https:\/\/www.eldigitaldeasturias.com\/noticias\/gijon-iu-pide-que-moriyon-explique-la-intencion-del-ayuntamiento-en-la-zalia\/\" \/>\n\t<meta name=\"generator\" content=\"All in One SEO Pro (AIOSEO) 5.0.1\" \/>\n\t\t<meta property=\"og:locale\" content=\"es_ES\" \/>\n\t\t<meta property=\"og:site_name\" content=\"El Digital de Asturias\" \/>\n\t\t<meta property=\"og:type\" content=\"article\" \/>\n\t\t<meta property=\"og:title\" content=\"Gij\u00f3n : IU pide que Moriy\u00f3n explique la intenci\u00f3n del Ayuntamiento en la Zalia - El Digital de Asturias\" \/>\n\t\t<meta property=\"og:description\" content=\"Gij\u00f3n, 4 dic (EFE).- IU-LV ha pedido la comparecencia de la alcaldesa de Gij\u00f3n, Carmen Moriy\u00f3n, en el pr\u00f3ximo Pleno municipal para que explique cu\u00e1l es la posici\u00f3n del Ayuntamiento en relaci\u00f3n a la Zona de Actividades Log\u00edsticas e Industriales de Asturias (Zalia). El portavoz de la coalici\u00f3n, Jorge Espina, ha explicado en rueda de\" \/>\n\t\t<meta property=\"og:url\" content=\"https:\/\/www.eldigitaldeasturias.com\/noticias\/gijon-iu-pide-que-moriyon-explique-la-intencion-del-ayuntamiento-en-la-zalia\/\" \/>\n\t\t<meta property=\"og:image\" content=\"https:\/\/www.eldigitaldeasturias.com\/noticias\/wp-content\/uploads\/2026\/06\/Contenidos.jpg\" \/>\n\t\t<meta property=\"og:image:secure_url\" content=\"https:\/\/www.eldigitaldeasturias.com\/noticias\/wp-content\/uploads\/2026\/06\/Contenidos.jpg\" \/>\n\t\t<meta property=\"og:image:width\" content=\"1265\" \/>\n\t\t<meta property=\"og:image:height\" content=\"697\" \/>\n\t\t<meta property=\"article:tag\" content=\"actualidad asturias\" \/>\n\t\t<meta property=\"article:published_time\" content=\"2013-12-04T19:32:28+00:00\" \/>\n\t\t<meta property=\"article:modified_time\" content=\"2013-12-04T19:32:28+00:00\" \/>\n\t\t<meta property=\"article:publisher\" content=\"https:\/\/facebook.com\/eldigitaldeasturias\" \/>\n\t\t<meta name=\"twitter:card\" content=\"summary_large_image\" \/>\n\t\t<meta name=\"twitter:title\" content=\"Gij\u00f3n : IU pide que Moriy\u00f3n explique la intenci\u00f3n del Ayuntamiento en la Zalia - El Digital de Asturias\" \/>\n\t\t<meta name=\"twitter:description\" content=\"Gij\u00f3n, 4 dic (EFE).- IU-LV ha pedido la comparecencia de la alcaldesa de Gij\u00f3n, Carmen Moriy\u00f3n, en el pr\u00f3ximo Pleno municipal para que explique cu\u00e1l es la posici\u00f3n del Ayuntamiento en relaci\u00f3n a la Zona de Actividades Log\u00edsticas e Industriales de Asturias (Zalia). El portavoz de la coalici\u00f3n, Jorge Espina, ha explicado en rueda de\" \/>\n\t\t<meta name=\"twitter:image\" content=\"https:\/\/www.eldigitaldeasturias.com\/noticias\/wp-content\/uploads\/2026\/06\/Contenidos.jpg\" \/>\n\t\t<meta name=\"twitter:label1\" content=\"Escrito por\" \/>\n\t\t<meta name=\"twitter:data1\" content=\"El Digital de Asturias\" \/>\n\t\t<meta name=\"twitter:label2\" content=\"Tiempo de lectura estimado\" \/>\n\t\t<meta name=\"twitter:data2\" content=\"1 minuto\" \/>\n\t\t<script type=\"application\/ld+json\" class=\"aioseo-schema\">\n\t\t\t{\"@context\":\"https:\\\/\\\/schema.org\",\"@graph\":[{\"@type\":\"BlogPosting\",\"@id\":\"https:\\\/\\\/www.eldigitaldeasturias.com\\\/noticias\\\/gijon-iu-pide-que-moriyon-explique-la-intencion-del-ayuntamiento-en-la-zalia\\\/#blogposting\",\"name\":\"Gij\\u00f3n : IU pide que Moriy\\u00f3n explique la intenci\\u00f3n del Ayuntamiento en la Zalia - El Digital de Asturias\",\"headline\":\"Gij\\u00f3n : IU pide que Moriy\\u00f3n explique la intenci\\u00f3n del Ayuntamiento en la Zalia\",\"author\":{\"@id\":\"https:\\\/\\\/www.eldigitaldeasturias.com\\\/noticias\\\/author\\\/admin\\\/#author\"},\"publisher\":{\"@id\":\"https:\\\/\\\/www.eldigitaldeasturias.com\\\/noticias\\\/#organization\"},\"image\":{\"@type\":\"ImageObject\",\"url\":\"https:\\\/\\\/www.eldigitaldeasturias.com\\\/noticias\\\/wp-content\\\/uploads\\\/2026\\\/06\\\/Contenidos.jpg\",\"width\":1265,\"height\":697,\"caption\":\"Contenidos\"},\"datePublished\":\"2013-12-04T18:32:28+01:00\",\"dateModified\":\"2013-12-04T18:32:28+01:00\",\"inLanguage\":\"es-ES\",\"mainEntityOfPage\":{\"@id\":\"https:\\\/\\\/www.eldigitaldeasturias.com\\\/noticias\\\/gijon-iu-pide-que-moriyon-explique-la-intencion-del-ayuntamiento-en-la-zalia\\\/#webpage\"},\"isPartOf\":{\"@id\":\"https:\\\/\\\/www.eldigitaldeasturias.com\\\/noticias\\\/gijon-iu-pide-que-moriyon-explique-la-intencion-del-ayuntamiento-en-la-zalia\\\/#webpage\"},\"articleSection\":\"Actualidad Asturias\"},{\"@type\":\"BreadcrumbList\",\"@id\":\"https:\\\/\\\/www.eldigitaldeasturias.com\\\/noticias\\\/gijon-iu-pide-que-moriyon-explique-la-intencion-del-ayuntamiento-en-la-zalia\\\/#breadcrumblist\",\"itemListElement\":[{\"@type\":\"ListItem\",\"@id\":\"https:\\\/\\\/www.eldigitaldeasturias.com\\\/noticias#listItem\",\"position\":1,\"name\":\"Home\",\"item\":\"https:\\\/\\\/www.eldigitaldeasturias.com\\\/noticias\",\"nextItem\":{\"@type\":\"ListItem\",\"@id\":\"https:\\\/\\\/www.eldigitaldeasturias.com\\\/noticias\\\/category\\\/actualidad-asturias\\\/#listItem\",\"name\":\"Actualidad Asturias\"}},{\"@type\":\"ListItem\",\"@id\":\"https:\\\/\\\/www.eldigitaldeasturias.com\\\/noticias\\\/category\\\/actualidad-asturias\\\/#listItem\",\"position\":2,\"name\":\"Actualidad Asturias\",\"item\":\"https:\\\/\\\/www.eldigitaldeasturias.com\\\/noticias\\\/category\\\/actualidad-asturias\\\/\",\"nextItem\":{\"@type\":\"ListItem\",\"@id\":\"https:\\\/\\\/www.eldigitaldeasturias.com\\\/noticias\\\/gijon-iu-pide-que-moriyon-explique-la-intencion-del-ayuntamiento-en-la-zalia\\\/#listItem\",\"name\":\"Gij\\u00f3n : IU pide que Moriy\\u00f3n explique la intenci\\u00f3n del Ayuntamiento en la Zalia\"},\"previousItem\":{\"@type\":\"ListItem\",\"@id\":\"https:\\\/\\\/www.eldigitaldeasturias.com\\\/noticias#listItem\",\"name\":\"Home\"}},{\"@type\":\"ListItem\",\"@id\":\"https:\\\/\\\/www.eldigitaldeasturias.com\\\/noticias\\\/gijon-iu-pide-que-moriyon-explique-la-intencion-del-ayuntamiento-en-la-zalia\\\/#listItem\",\"position\":3,\"name\":\"Gij\\u00f3n : IU pide que Moriy\\u00f3n explique la intenci\\u00f3n del Ayuntamiento en la Zalia\",\"previousItem\":{\"@type\":\"ListItem\",\"@id\":\"https:\\\/\\\/www.eldigitaldeasturias.com\\\/noticias\\\/category\\\/actualidad-asturias\\\/#listItem\",\"name\":\"Actualidad Asturias\"}}]},{\"@type\":\"Organization\",\"@id\":\"https:\\\/\\\/www.eldigitaldeasturias.com\\\/noticias\\\/#organization\",\"name\":\"El Digital de Asturias\",\"description\":\"Hemeroteca\",\"url\":\"https:\\\/\\\/www.eldigitaldeasturias.com\\\/noticias\\\/\",\"email\":\"info@eldigitaldeasturias.com\",\"telephone\":\"+34652131393\",\"logo\":{\"@type\":\"ImageObject\",\"url\":\"https:\\\/\\\/www.eldigitaldeasturias.com\\\/noticias\\\/wp-content\\\/uploads\\\/2020\\\/12\\\/EDA.jpg\",\"@id\":\"https:\\\/\\\/www.eldigitaldeasturias.com\\\/noticias\\\/gijon-iu-pide-que-moriyon-explique-la-intencion-del-ayuntamiento-en-la-zalia\\\/#organizationLogo\"},\"image\":{\"@id\":\"https:\\\/\\\/www.eldigitaldeasturias.com\\\/noticias\\\/gijon-iu-pide-que-moriyon-explique-la-intencion-del-ayuntamiento-en-la-zalia\\\/#organizationLogo\"},\"sameAs\":[\"https:\\\/\\\/facebook.com\\\/eldigitaldeasturias\",\"https:\\\/\\\/www.youtube.com\\\/channel\\\/UCZP-2wLEB9Rv6erhFmqVnvg\"],\"address\":{\"@id\":\"https:\\\/\\\/www.eldigitaldeasturias.com\\\/noticias\\\/#postaladdress\",\"@type\":\"PostalAddress\",\"streetAddress\":\"san antonio 4\",\"postalCode\":\"33430\",\"addressLocality\":\"Cand\\u00e1s\",\"addressRegion\":\"Asturias\",\"addressCountry\":\"ES\"}},{\"@type\":\"Person\",\"@id\":\"https:\\\/\\\/www.eldigitaldeasturias.com\\\/noticias\\\/author\\\/admin\\\/#author\",\"url\":\"https:\\\/\\\/www.eldigitaldeasturias.com\\\/noticias\\\/author\\\/admin\\\/\",\"name\":\"El Digital de Asturias\",\"image\":{\"@type\":\"ImageObject\",\"@id\":\"https:\\\/\\\/www.eldigitaldeasturias.com\\\/noticias\\\/gijon-iu-pide-que-moriyon-explique-la-intencion-del-ayuntamiento-en-la-zalia\\\/#authorImage\",\"url\":\"https:\\\/\\\/secure.gravatar.com\\\/avatar\\\/df2aeffc32bcd13f8d26072ef8a91b623d677766deac7f97ca815868cd41bf5e?s=96&d=mm&r=g\",\"width\":96,\"height\":96,\"caption\":\"El Digital de Asturias\"}},{\"@type\":\"WebPage\",\"@id\":\"https:\\\/\\\/www.eldigitaldeasturias.com\\\/noticias\\\/gijon-iu-pide-que-moriyon-explique-la-intencion-del-ayuntamiento-en-la-zalia\\\/#webpage\",\"url\":\"https:\\\/\\\/www.eldigitaldeasturias.com\\\/noticias\\\/gijon-iu-pide-que-moriyon-explique-la-intencion-del-ayuntamiento-en-la-zalia\\\/\",\"name\":\"Gij\\u00f3n : IU pide que Moriy\\u00f3n explique la intenci\\u00f3n del Ayuntamiento en la Zalia - El Digital de Asturias\",\"description\":\"Gij\\u00f3n, 4 dic (EFE).- IU-LV ha pedido la comparecencia de la alcaldesa de Gij\\u00f3n, Carmen Moriy\\u00f3n, en el pr\\u00f3ximo Pleno municipal para que explique cu\\u00e1l es la posici\\u00f3n del Ayuntamiento en relaci\\u00f3n a la Zona de Actividades Log\\u00edsticas e Industriales de Asturias (Zalia). El portavoz de la coalici\\u00f3n, Jorge Espina, ha explicado en rueda de\",\"inLanguage\":\"es-ES\",\"isPartOf\":{\"@id\":\"https:\\\/\\\/www.eldigitaldeasturias.com\\\/noticias\\\/#website\"},\"breadcrumb\":{\"@id\":\"https:\\\/\\\/www.eldigitaldeasturias.com\\\/noticias\\\/gijon-iu-pide-que-moriyon-explique-la-intencion-del-ayuntamiento-en-la-zalia\\\/#breadcrumblist\"},\"author\":{\"@id\":\"https:\\\/\\\/www.eldigitaldeasturias.com\\\/noticias\\\/author\\\/admin\\\/#author\"},\"creator\":{\"@id\":\"https:\\\/\\\/www.eldigitaldeasturias.com\\\/noticias\\\/author\\\/admin\\\/#author\"},\"image\":{\"@type\":\"ImageObject\",\"url\":\"https:\\\/\\\/www.eldigitaldeasturias.com\\\/noticias\\\/wp-content\\\/uploads\\\/2026\\\/06\\\/Contenidos.jpg\",\"@id\":\"https:\\\/\\\/www.eldigitaldeasturias.com\\\/noticias\\\/gijon-iu-pide-que-moriyon-explique-la-intencion-del-ayuntamiento-en-la-zalia\\\/#mainImage\",\"width\":1265,\"height\":697,\"caption\":\"Contenidos\"},\"primaryImageOfPage\":{\"@id\":\"https:\\\/\\\/www.eldigitaldeasturias.com\\\/noticias\\\/gijon-iu-pide-que-moriyon-explique-la-intencion-del-ayuntamiento-en-la-zalia\\\/#mainImage\"},\"datePublished\":\"2013-12-04T18:32:28+01:00\",\"dateModified\":\"2013-12-04T18:32:28+01:00\"},{\"@type\":\"WebSite\",\"@id\":\"https:\\\/\\\/www.eldigitaldeasturias.com\\\/noticias\\\/#website\",\"url\":\"https:\\\/\\\/www.eldigitaldeasturias.com\\\/noticias\\\/\",\"name\":\"El Digital de Asturias - Diario de actualidad y noticias\",\"alternateName\":\"El Digital de Asturias - Diario de actualidad y noticias\",\"description\":\"Hemeroteca\",\"inLanguage\":\"es-ES\",\"publisher\":{\"@id\":\"https:\\\/\\\/www.eldigitaldeasturias.com\\\/noticias\\\/#organization\"}}]}\n\t\t<\/script>\n\t\t<!-- All in One SEO Pro -->\r\n\t\t<title>Gij\u00f3n : IU pide que Moriy\u00f3n explique la intenci\u00f3n del Ayuntamiento en la Zalia - El Digital de Asturias<\/title>\n\n","aioseo_head_json":{"title":"Gij\u00f3n : IU pide que Moriy\u00f3n explique la intenci\u00f3n del Ayuntamiento en la Zalia - El Digital de Asturias","description":"Gij\u00f3n, 4 dic (EFE).- IU-LV ha pedido la comparecencia de la alcaldesa de Gij\u00f3n, Carmen Moriy\u00f3n, en el pr\u00f3ximo Pleno municipal para que explique cu\u00e1l es la posici\u00f3n del Ayuntamiento en relaci\u00f3n a la Zona de Actividades Log\u00edsticas e Industriales de Asturias (Zalia). El portavoz de la coalici\u00f3n, Jorge Espina, ha explicado en rueda de","canonical_url":"https:\/\/www.eldigitaldeasturias.com\/noticias\/gijon-iu-pide-que-moriyon-explique-la-intencion-del-ayuntamiento-en-la-zalia\/","robots":"max-image-preview:large","keywords":"actualidad asturias","webmasterTools":{"google-site-verification":"UA-38556648-1","msvalidate.01":"7dfe9f3f1b24437ab69f4f2559babe99","miscellaneous":""},"schema":{"@context":"https:\/\/schema.org","@graph":[{"@type":"BlogPosting","@id":"https:\/\/www.eldigitaldeasturias.com\/noticias\/gijon-iu-pide-que-moriyon-explique-la-intencion-del-ayuntamiento-en-la-zalia\/#blogposting","name":"Gij\u00f3n : IU pide que Moriy\u00f3n explique la intenci\u00f3n del Ayuntamiento en la Zalia - El Digital de Asturias","headline":"Gij\u00f3n : IU pide que Moriy\u00f3n explique la intenci\u00f3n del Ayuntamiento en la Zalia","author":{"@id":"https:\/\/www.eldigitaldeasturias.com\/noticias\/author\/admin\/#author"},"publisher":{"@id":"https:\/\/www.eldigitaldeasturias.com\/noticias\/#organization"},"image":{"@type":"ImageObject","url":"https:\/\/www.eldigitaldeasturias.com\/noticias\/wp-content\/uploads\/2026\/06\/Contenidos.jpg","width":1265,"height":697,"caption":"Contenidos"},"datePublished":"2013-12-04T18:32:28+01:00","dateModified":"2013-12-04T18:32:28+01:00","inLanguage":"es-ES","mainEntityOfPage":{"@id":"https:\/\/www.eldigitaldeasturias.com\/noticias\/gijon-iu-pide-que-moriyon-explique-la-intencion-del-ayuntamiento-en-la-zalia\/#webpage"},"isPartOf":{"@id":"https:\/\/www.eldigitaldeasturias.com\/noticias\/gijon-iu-pide-que-moriyon-explique-la-intencion-del-ayuntamiento-en-la-zalia\/#webpage"},"articleSection":"Actualidad Asturias"},{"@type":"BreadcrumbList","@id":"https:\/\/www.eldigitaldeasturias.com\/noticias\/gijon-iu-pide-que-moriyon-explique-la-intencion-del-ayuntamiento-en-la-zalia\/#breadcrumblist","itemListElement":[{"@type":"ListItem","@id":"https:\/\/www.eldigitaldeasturias.com\/noticias#listItem","position":1,"name":"Home","item":"https:\/\/www.eldigitaldeasturias.com\/noticias","nextItem":{"@type":"ListItem","@id":"https:\/\/www.eldigitaldeasturias.com\/noticias\/category\/actualidad-asturias\/#listItem","name":"Actualidad Asturias"}},{"@type":"ListItem","@id":"https:\/\/www.eldigitaldeasturias.com\/noticias\/category\/actualidad-asturias\/#listItem","position":2,"name":"Actualidad Asturias","item":"https:\/\/www.eldigitaldeasturias.com\/noticias\/category\/actualidad-asturias\/","nextItem":{"@type":"ListItem","@id":"https:\/\/www.eldigitaldeasturias.com\/noticias\/gijon-iu-pide-que-moriyon-explique-la-intencion-del-ayuntamiento-en-la-zalia\/#listItem","name":"Gij\u00f3n : IU pide que Moriy\u00f3n explique la intenci\u00f3n del Ayuntamiento en la Zalia"},"previousItem":{"@type":"ListItem","@id":"https:\/\/www.eldigitaldeasturias.com\/noticias#listItem","name":"Home"}},{"@type":"ListItem","@id":"https:\/\/www.eldigitaldeasturias.com\/noticias\/gijon-iu-pide-que-moriyon-explique-la-intencion-del-ayuntamiento-en-la-zalia\/#listItem","position":3,"name":"Gij\u00f3n : IU pide que Moriy\u00f3n explique la intenci\u00f3n del Ayuntamiento en la Zalia","previousItem":{"@type":"ListItem","@id":"https:\/\/www.eldigitaldeasturias.com\/noticias\/category\/actualidad-asturias\/#listItem","name":"Actualidad Asturias"}}]},{"@type":"Organization","@id":"https:\/\/www.eldigitaldeasturias.com\/noticias\/#organization","name":"El Digital de Asturias","description":"Hemeroteca","url":"https:\/\/www.eldigitaldeasturias.com\/noticias\/","email":"info@eldigitaldeasturias.com","telephone":"+34652131393","logo":{"@type":"ImageObject","url":"https:\/\/www.eldigitaldeasturias.com\/noticias\/wp-content\/uploads\/2020\/12\/EDA.jpg","@id":"https:\/\/www.eldigitaldeasturias.com\/noticias\/gijon-iu-pide-que-moriyon-explique-la-intencion-del-ayuntamiento-en-la-zalia\/#organizationLogo"},"image":{"@id":"https:\/\/www.eldigitaldeasturias.com\/noticias\/gijon-iu-pide-que-moriyon-explique-la-intencion-del-ayuntamiento-en-la-zalia\/#organizationLogo"},"sameAs":["https:\/\/facebook.com\/eldigitaldeasturias","https:\/\/www.youtube.com\/channel\/UCZP-2wLEB9Rv6erhFmqVnvg"],"address":{"@id":"https:\/\/www.eldigitaldeasturias.com\/noticias\/#postaladdress","@type":"PostalAddress","streetAddress":"san antonio 4","postalCode":"33430","addressLocality":"Cand\u00e1s","addressRegion":"Asturias","addressCountry":"ES"}},{"@type":"Person","@id":"https:\/\/www.eldigitaldeasturias.com\/noticias\/author\/admin\/#author","url":"https:\/\/www.eldigitaldeasturias.com\/noticias\/author\/admin\/","name":"El Digital de Asturias","image":{"@type":"ImageObject","@id":"https:\/\/www.eldigitaldeasturias.com\/noticias\/gijon-iu-pide-que-moriyon-explique-la-intencion-del-ayuntamiento-en-la-zalia\/#authorImage","url":"https:\/\/secure.gravatar.com\/avatar\/df2aeffc32bcd13f8d26072ef8a91b623d677766deac7f97ca815868cd41bf5e?s=96&d=mm&r=g","width":96,"height":96,"caption":"El Digital de Asturias"}},{"@type":"WebPage","@id":"https:\/\/www.eldigitaldeasturias.com\/noticias\/gijon-iu-pide-que-moriyon-explique-la-intencion-del-ayuntamiento-en-la-zalia\/#webpage","url":"https:\/\/www.eldigitaldeasturias.com\/noticias\/gijon-iu-pide-que-moriyon-explique-la-intencion-del-ayuntamiento-en-la-zalia\/","name":"Gij\u00f3n : IU pide que Moriy\u00f3n explique la intenci\u00f3n del Ayuntamiento en la Zalia - El Digital de Asturias","description":"Gij\u00f3n, 4 dic (EFE).- IU-LV ha pedido la comparecencia de la alcaldesa de Gij\u00f3n, Carmen Moriy\u00f3n, en el pr\u00f3ximo Pleno municipal para que explique cu\u00e1l es la posici\u00f3n del Ayuntamiento en relaci\u00f3n a la Zona de Actividades Log\u00edsticas e Industriales de Asturias (Zalia). El portavoz de la coalici\u00f3n, Jorge Espina, ha explicado en rueda de","inLanguage":"es-ES","isPartOf":{"@id":"https:\/\/www.eldigitaldeasturias.com\/noticias\/#website"},"breadcrumb":{"@id":"https:\/\/www.eldigitaldeasturias.com\/noticias\/gijon-iu-pide-que-moriyon-explique-la-intencion-del-ayuntamiento-en-la-zalia\/#breadcrumblist"},"author":{"@id":"https:\/\/www.eldigitaldeasturias.com\/noticias\/author\/admin\/#author"},"creator":{"@id":"https:\/\/www.eldigitaldeasturias.com\/noticias\/author\/admin\/#author"},"image":{"@type":"ImageObject","url":"https:\/\/www.eldigitaldeasturias.com\/noticias\/wp-content\/uploads\/2026\/06\/Contenidos.jpg","@id":"https:\/\/www.eldigitaldeasturias.com\/noticias\/gijon-iu-pide-que-moriyon-explique-la-intencion-del-ayuntamiento-en-la-zalia\/#mainImage","width":1265,"height":697,"caption":"Contenidos"},"primaryImageOfPage":{"@id":"https:\/\/www.eldigitaldeasturias.com\/noticias\/gijon-iu-pide-que-moriyon-explique-la-intencion-del-ayuntamiento-en-la-zalia\/#mainImage"},"datePublished":"2013-12-04T18:32:28+01:00","dateModified":"2013-12-04T18:32:28+01:00"},{"@type":"WebSite","@id":"https:\/\/www.eldigitaldeasturias.com\/noticias\/#website","url":"https:\/\/www.eldigitaldeasturias.com\/noticias\/","name":"El Digital de Asturias - Diario de actualidad y noticias","alternateName":"El Digital de Asturias - Diario de actualidad y noticias","description":"Hemeroteca","inLanguage":"es-ES","publisher":{"@id":"https:\/\/www.eldigitaldeasturias.com\/noticias\/#organization"}}]},"og:locale":"es_ES","og:site_name":"El Digital de Asturias","og:type":"article","og:title":"Gij\u00f3n : IU pide que Moriy\u00f3n explique la intenci\u00f3n del Ayuntamiento en la Zalia - El Digital de Asturias","og:description":"Gij\u00f3n, 4 dic (EFE).- IU-LV ha pedido la comparecencia de la alcaldesa de Gij\u00f3n, Carmen Moriy\u00f3n, en el pr\u00f3ximo Pleno municipal para que explique cu\u00e1l es la posici\u00f3n del Ayuntamiento en relaci\u00f3n a la Zona de Actividades Log\u00edsticas e Industriales de Asturias (Zalia). El portavoz de la coalici\u00f3n, Jorge Espina, ha explicado en rueda de","og:url":"https:\/\/www.eldigitaldeasturias.com\/noticias\/gijon-iu-pide-que-moriyon-explique-la-intencion-del-ayuntamiento-en-la-zalia\/","og:image":"https:\/\/www.eldigitaldeasturias.com\/noticias\/wp-content\/uploads\/2026\/06\/Contenidos.jpg","og:image:secure_url":"https:\/\/www.eldigitaldeasturias.com\/noticias\/wp-content\/uploads\/2026\/06\/Contenidos.jpg","og:image:width":1265,"og:image:height":697,"article:tag":["actualidad asturias"],"article:published_time":"2013-12-04T19:32:28+00:00","article:modified_time":"2013-12-04T19:32:28+00:00","article:publisher":"https:\/\/facebook.com\/eldigitaldeasturias","twitter:card":"summary_large_image","twitter:title":"Gij\u00f3n : IU pide que Moriy\u00f3n explique la intenci\u00f3n del Ayuntamiento en la Zalia - El Digital de Asturias","twitter:description":"Gij\u00f3n, 4 dic (EFE).- IU-LV ha pedido la comparecencia de la alcaldesa de Gij\u00f3n, Carmen Moriy\u00f3n, en el pr\u00f3ximo Pleno municipal para que explique cu\u00e1l es la posici\u00f3n del Ayuntamiento en relaci\u00f3n a la Zona de Actividades Log\u00edsticas e Industriales de Asturias (Zalia). El portavoz de la coalici\u00f3n, Jorge Espina, ha explicado en rueda de","twitter:image":"https:\/\/www.eldigitaldeasturias.com\/noticias\/wp-content\/uploads\/2026\/06\/Contenidos.jpg","twitter:label1":"Escrito por","twitter:data1":"El Digital de Asturias","twitter:label2":"Tiempo de lectura estimado","twitter:data2":"1 minuto"},"aioseo_meta_data":{"post_id":"457738","title":null,"description":null,"keywords":null,"keyphrases":null,"primary_term":null,"canonical_url":null,"og_title":null,"og_description":null,"og_object_type":"default","og_image_type":"default","og_image_url":null,"og_image_width":null,"og_image_height":null,"og_image_custom_url":null,"og_image_custom_fields":null,"og_video":null,"og_custom_url":null,"og_article_section":null,"og_article_tags":null,"twitter_use_og":true,"twitter_card":"default","twitter_image_type":"default","twitter_image_url":null,"twitter_image_custom_url":null,"twitter_image_custom_fields":null,"twitter_title":null,"twitter_description":null,"schema":{"blockGraphs":[],"customGraphs":[],"default":{"data":{"Article":[],"Course":[],"Dataset":[],"FAQPage":[],"Movie":[],"Person":[],"Product":[],"ProductReview":[],"Car":[],"Recipe":[],"Service":[],"SoftwareApplication":[],"WebPage":[]},"graphName":"","isEnabled":true},"graphs":[],"defaultGraph":"","defaultPostTypeGraph":""},"schema_type":null,"schema_type_options":null,"pillar_content":false,"robots_default":true,"robots_noindex":false,"robots_noarchive":false,"robots_nosnippet":false,"robots_nofollow":false,"robots_noimageindex":false,"robots_noodp":false,"robots_notranslate":false,"robots_max_snippet":null,"robots_max_videopreview":null,"robots_max_imagepreview":"none","priority":null,"frequency":null,"local_seo":null,"seo_analyzer_scan_date":"2026-05-30 03:06:04","breadcrumb_settings":null,"limit_modified_date":false,"open_ai":null,"ai":null,"created":"2020-11-14 22:46:10","updated":"2026-05-30 03:06:04","focus_keyword":null,"additional_keywords":null,"truseo_locale":null},"aioseo_breadcrumb":"<div class=\"aioseo-breadcrumbs\"><span class=\"aioseo-breadcrumb\">\n\t<a href=\"https:\/\/www.eldigitaldeasturias.com\/noticias\" title=\"Home\">Home<\/a>\n<\/span><span class=\"aioseo-breadcrumb-separator\">\u2013<\/span><span class=\"aioseo-breadcrumb\">\n\t<a href=\"https:\/\/www.eldigitaldeasturias.com\/noticias\/category\/actualidad-asturias\/\" title=\"Actualidad Asturias\">Actualidad Asturias<\/a>\n<\/span><span class=\"aioseo-breadcrumb-separator\">\u2013<\/span><span class=\"aioseo-breadcrumb\">\n\t<a href=\"https:\/\/www.eldigitaldeasturias.com\/noticias\/gijon-iu-pide-que-moriyon-explique-la-intencion-del-ayuntamiento-en-la-zalia\/\" title=\"Gij\u00f3n : IU pide que Moriy\u00f3n explique la intenci\u00f3n del Ayuntamiento en la Zalia\">Gij\u00f3n : IU pide que Moriy\u00f3n explique la intenci\u00f3n del Ayuntamiento en la Zalia<\/a>\n<\/span><\/div>","aioseo_breadcrumb_json":[{"label":"Home","link":"https:\/\/www.eldigitaldeasturias.com\/noticias"},{"label":"Actualidad Asturias","link":"https:\/\/www.eldigitaldeasturias.com\/noticias\/category\/actualidad-asturias\/"},{"label":"Gij\u00f3n : IU pide que Moriy\u00f3n explique la intenci\u00f3n del Ayuntamiento en la Zalia","link":"https:\/\/www.eldigitaldeasturias.com\/noticias\/gijon-iu-pide-que-moriyon-explique-la-intencion-del-ayuntamiento-en-la-zalia\/"}],"_links":{"self":[{"href":"https:\/\/www.eldigitaldeasturias.com\/noticias\/wp-json\/wp\/v2\/posts\/457738","targetHints":{"allow":["GET"]}}],"collection":[{"href":"https:\/\/www.eldigitaldeasturias.com\/noticias\/wp-json\/wp\/v2\/posts"}],"about":[{"href":"https:\/\/www.eldigitaldeasturias.com\/noticias\/wp-json\/wp\/v2\/types\/post"}],"author":[{"embeddable":true,"href":"https:\/\/www.eldigitaldeasturias.com\/noticias\/wp-json\/wp\/v2\/users\/1"}],"replies":[{"embeddable":true,"href":"https:\/\/www.eldigitaldeasturias.com\/noticias\/wp-json\/wp\/v2\/comments?post=457738"}],"version-history":[{"count":0,"href":"https:\/\/www.eldigitaldeasturias.com\/noticias\/wp-json\/wp\/v2\/posts\/457738\/revisions"}],"wp:featuredmedia":[{"embeddable":true,"href":"https:\/\/www.eldigitaldeasturias.com\/noticias\/wp-json\/wp\/v2\/media\/1132184"}],"wp:attachment":[{"href":"https:\/\/www.eldigitaldeasturias.com\/noticias\/wp-json\/wp\/v2\/media?parent=457738"}],"wp:term":[{"taxonomy":"category","embeddable":true,"href":"https:\/\/www.eldigitaldeasturias.com\/noticias\/wp-json\/wp\/v2\/categories?post=457738"},{"taxonomy":"post_tag","embeddable":true,"href":"https:\/\/www.eldigitaldeasturias.com\/noticias\/wp-json\/wp\/v2\/tags?post=457738"}],"curies":[{"name":"wp","href":"https:\/\/api.w.org\/{rel}","templated":true}]}}