{"id":457730,"date":"2013-12-04T18:23:32","date_gmt":"2013-12-04T19:23:32","guid":{"rendered":"http:\/\/www.eldigitaldeasturias.com\/noticias\/?p=457730"},"modified":"2013-12-04T18:23:32","modified_gmt":"2013-12-04T19:23:32","slug":"el-gobierno-de-asaturias-impulsa-el-traslado-del-centro-de-la-madera-a-pumarabule","status":"publish","type":"post","link":"https:\/\/www.eldigitaldeasturias.com\/noticias\/el-gobierno-de-asaturias-impulsa-el-traslado-del-centro-de-la-madera-a-pumarabule\/","title":{"rendered":"El Gobierno de Asaturias impulsa el traslado del Centro de la Madera a Pumarabule"},"content":{"rendered":"<p><img loading=\"lazy\" decoding=\"async\" class=\"alignleft size-medium wp-image-3048\" alt=\"2013_09_25 Reunion Consejo Gobierno 1\" src=\"https:\/\/www.eldigitaldeasturias.com\/noticias\/wp-content\/uploads\/2013\/09\/2013_09_25-Reunion-Consejo-Gobierno-1-360x224.jpg\" width=\"360\" height=\"224\" \/>Oviedo, 4 dic (EFE).- El Consejo de Gobierno ha aprobado hoy las condiciones que regir\u00e1n la cesi\u00f3n de una finca e instalaciones p\u00fablicas situadas en Pumararabule (Siero) para que albergue la sede del Centro Tecnol\u00f3gico y Forestal de la Madera (CETEMAS), actualmente ubicado en Grado.<\/p>\n<p>Las nuevas instalaciones ocupan una parcela de 12.800 metros cuadrados y un edificio de 3.100 metros que albergar\u00e1n distintos laboratorios y equipamientos.<\/p>\n<p>El plazo de duraci\u00f3n de la concesi\u00f3n ser\u00e1 de cinco a\u00f1os contados a partir de la fecha de suscripci\u00f3n del documento administrativo y, una vez transcurrido este tiempo, la concesi\u00f3n se prorrogar\u00e1 por otros cinco, salvo que medie denuncia de alguna de las partes.<\/p>\n<p>La Fundaci\u00f3n Centro Tecnol\u00f3gico Forestal y de la Madera (CETEMAS) es una entidad privada sin \u00e1nimo de lucro constituida en 2009 por iniciativa de un grupo de empresas del sector y el Gobierno regional y est\u00e1 integrada en la red de Centros Tecnol\u00f3gicos del Principado de Asturias.<\/p>\n<p>CETEMAS tiene por objeto todos aquellos fines o acciones que redunden en el fomento y promoci\u00f3n de la actividad de investigaci\u00f3n, desarrollo e innovaci\u00f3n (I+D+i) en el \u00e1mbito de los distintos sectores implicados en la cadena de valor monte-industria.<\/p>\n<p>Esta fundaci\u00f3n desarrolla principalmente su actividad de I+D+i y de servicios en Asturias, aunque tiene presencia en todo el noroeste espa\u00f1ol y participa en proyectos regionales, nacionales y europeos.<\/p>\n<p>En la actualidad, comparte instalaciones en un edificio antiguo con el personal del Programa Forestal de Investigaci\u00f3n del Servicio Regional de Investigaci\u00f3n y Desarrollo Agroalimentario (Serida), en la finca experimental de La Mata, Grado.<\/p>\n","protected":false},"excerpt":{"rendered":"<p>Oviedo, 4 dic (EFE).- El Consejo de Gobierno ha aprobado hoy las condiciones que regir\u00e1n la cesi\u00f3n de una finca e instalaciones p\u00fablicas situadas en Pumararabule (Siero) para que albergue la sede del Centro Tecnol\u00f3gico y Forestal de la Madera (CETEMAS), actualmente ubicado en Grado. Las nuevas instalaciones ocupan una parcela de 12.800 metros cuadrados [&hellip;]<\/p>\n","protected":false},"author":1,"featured_media":1132184,"comment_status":"closed","ping_status":"open","sticky":false,"template":"","format":"standard","meta":{"footnotes":""},"categories":[12],"tags":[],"class_list":["post-457730","post","type-post","status-publish","format-standard","has-post-thumbnail","hentry","category-actualidad-asturias"],"aioseo_notices":[],"aioseo_head":"\n\t\t<!-- All in One SEO Pro 5.0.1 - aioseo.com -->\n\t<meta name=\"description\" content=\"Oviedo, 4 dic (EFE).- El Consejo de Gobierno ha aprobado hoy las condiciones que regir\u00e1n la cesi\u00f3n de una finca e instalaciones p\u00fablicas situadas en Pumararabule (Siero) para que albergue la sede del Centro Tecnol\u00f3gico y Forestal de la Madera (CETEMAS), actualmente ubicado en Grado. Las nuevas instalaciones ocupan una parcela de 12.800 metros cuadrados\" \/>\n\t<meta name=\"robots\" content=\"max-image-preview:large\" \/>\n\t<meta name=\"author\" content=\"El Digital de Asturias\"\/>\n\t<meta name=\"google-site-verification\" content=\"UA-38556648-1\" \/>\n\t<meta name=\"msvalidate.01\" content=\"7dfe9f3f1b24437ab69f4f2559babe99\" \/>\n\t<meta name=\"keywords\" content=\"actualidad asturias\" \/>\n\t<link rel=\"canonical\" href=\"https:\/\/www.eldigitaldeasturias.com\/noticias\/el-gobierno-de-asaturias-impulsa-el-traslado-del-centro-de-la-madera-a-pumarabule\/\" \/>\n\t<meta name=\"generator\" content=\"All in One SEO Pro (AIOSEO) 5.0.1\" \/>\n\t\t<meta property=\"og:locale\" content=\"es_ES\" \/>\n\t\t<meta property=\"og:site_name\" content=\"El Digital de Asturias\" \/>\n\t\t<meta property=\"og:type\" content=\"article\" \/>\n\t\t<meta property=\"og:title\" content=\"El Gobierno de Asaturias impulsa el traslado del Centro de la Madera a Pumarabule - El Digital de Asturias\" \/>\n\t\t<meta property=\"og:description\" content=\"Oviedo, 4 dic (EFE).- El Consejo de Gobierno ha aprobado hoy las condiciones que regir\u00e1n la cesi\u00f3n de una finca e instalaciones p\u00fablicas situadas en Pumararabule (Siero) para que albergue la sede del Centro Tecnol\u00f3gico y Forestal de la Madera (CETEMAS), actualmente ubicado en Grado. Las nuevas instalaciones ocupan una parcela de 12.800 metros cuadrados\" \/>\n\t\t<meta property=\"og:url\" content=\"https:\/\/www.eldigitaldeasturias.com\/noticias\/el-gobierno-de-asaturias-impulsa-el-traslado-del-centro-de-la-madera-a-pumarabule\/\" \/>\n\t\t<meta property=\"og:image\" content=\"https:\/\/www.eldigitaldeasturias.com\/noticias\/wp-content\/uploads\/2026\/06\/Contenidos.jpg\" \/>\n\t\t<meta property=\"og:image:secure_url\" content=\"https:\/\/www.eldigitaldeasturias.com\/noticias\/wp-content\/uploads\/2026\/06\/Contenidos.jpg\" \/>\n\t\t<meta property=\"og:image:width\" content=\"1265\" \/>\n\t\t<meta property=\"og:image:height\" content=\"697\" \/>\n\t\t<meta property=\"article:tag\" content=\"actualidad asturias\" \/>\n\t\t<meta property=\"article:published_time\" content=\"2013-12-04T19:23:32+00:00\" \/>\n\t\t<meta property=\"article:modified_time\" content=\"2013-12-04T19:23:32+00:00\" \/>\n\t\t<meta property=\"article:publisher\" content=\"https:\/\/facebook.com\/eldigitaldeasturias\" \/>\n\t\t<meta name=\"twitter:card\" content=\"summary_large_image\" \/>\n\t\t<meta name=\"twitter:title\" content=\"El Gobierno de Asaturias impulsa el traslado del Centro de la Madera a Pumarabule - El Digital de Asturias\" \/>\n\t\t<meta name=\"twitter:description\" content=\"Oviedo, 4 dic (EFE).- El Consejo de Gobierno ha aprobado hoy las condiciones que regir\u00e1n la cesi\u00f3n de una finca e instalaciones p\u00fablicas situadas en Pumararabule (Siero) para que albergue la sede del Centro Tecnol\u00f3gico y Forestal de la Madera (CETEMAS), actualmente ubicado en Grado. Las nuevas instalaciones ocupan una parcela de 12.800 metros cuadrados\" \/>\n\t\t<meta name=\"twitter:image\" content=\"https:\/\/www.eldigitaldeasturias.com\/noticias\/wp-content\/uploads\/2026\/06\/Contenidos.jpg\" \/>\n\t\t<meta name=\"twitter:label1\" content=\"Escrito por\" \/>\n\t\t<meta name=\"twitter:data1\" content=\"El Digital de Asturias\" \/>\n\t\t<meta name=\"twitter:label2\" content=\"Tiempo de lectura estimado\" \/>\n\t\t<meta name=\"twitter:data2\" content=\"1 minuto\" \/>\n\t\t<script type=\"application\/ld+json\" class=\"aioseo-schema\">\n\t\t\t{\"@context\":\"https:\\\/\\\/schema.org\",\"@graph\":[{\"@type\":\"BlogPosting\",\"@id\":\"https:\\\/\\\/www.eldigitaldeasturias.com\\\/noticias\\\/el-gobierno-de-asaturias-impulsa-el-traslado-del-centro-de-la-madera-a-pumarabule\\\/#blogposting\",\"name\":\"El Gobierno de Asaturias impulsa el traslado del Centro de la Madera a Pumarabule - El Digital de Asturias\",\"headline\":\"El Gobierno de Asaturias impulsa el traslado del Centro de la Madera a Pumarabule\",\"author\":{\"@id\":\"https:\\\/\\\/www.eldigitaldeasturias.com\\\/noticias\\\/author\\\/admin\\\/#author\"},\"publisher\":{\"@id\":\"https:\\\/\\\/www.eldigitaldeasturias.com\\\/noticias\\\/#organization\"},\"image\":{\"@type\":\"ImageObject\",\"url\":\"https:\\\/\\\/www.eldigitaldeasturias.com\\\/noticias\\\/wp-content\\\/uploads\\\/2026\\\/06\\\/Contenidos.jpg\",\"width\":1265,\"height\":697,\"caption\":\"Contenidos\"},\"datePublished\":\"2013-12-04T18:23:32+01:00\",\"dateModified\":\"2013-12-04T18:23:32+01:00\",\"inLanguage\":\"es-ES\",\"mainEntityOfPage\":{\"@id\":\"https:\\\/\\\/www.eldigitaldeasturias.com\\\/noticias\\\/el-gobierno-de-asaturias-impulsa-el-traslado-del-centro-de-la-madera-a-pumarabule\\\/#webpage\"},\"isPartOf\":{\"@id\":\"https:\\\/\\\/www.eldigitaldeasturias.com\\\/noticias\\\/el-gobierno-de-asaturias-impulsa-el-traslado-del-centro-de-la-madera-a-pumarabule\\\/#webpage\"},\"articleSection\":\"Actualidad Asturias\"},{\"@type\":\"BreadcrumbList\",\"@id\":\"https:\\\/\\\/www.eldigitaldeasturias.com\\\/noticias\\\/el-gobierno-de-asaturias-impulsa-el-traslado-del-centro-de-la-madera-a-pumarabule\\\/#breadcrumblist\",\"itemListElement\":[{\"@type\":\"ListItem\",\"@id\":\"https:\\\/\\\/www.eldigitaldeasturias.com\\\/noticias#listItem\",\"position\":1,\"name\":\"Home\",\"item\":\"https:\\\/\\\/www.eldigitaldeasturias.com\\\/noticias\",\"nextItem\":{\"@type\":\"ListItem\",\"@id\":\"https:\\\/\\\/www.eldigitaldeasturias.com\\\/noticias\\\/category\\\/actualidad-asturias\\\/#listItem\",\"name\":\"Actualidad Asturias\"}},{\"@type\":\"ListItem\",\"@id\":\"https:\\\/\\\/www.eldigitaldeasturias.com\\\/noticias\\\/category\\\/actualidad-asturias\\\/#listItem\",\"position\":2,\"name\":\"Actualidad Asturias\",\"item\":\"https:\\\/\\\/www.eldigitaldeasturias.com\\\/noticias\\\/category\\\/actualidad-asturias\\\/\",\"nextItem\":{\"@type\":\"ListItem\",\"@id\":\"https:\\\/\\\/www.eldigitaldeasturias.com\\\/noticias\\\/el-gobierno-de-asaturias-impulsa-el-traslado-del-centro-de-la-madera-a-pumarabule\\\/#listItem\",\"name\":\"El Gobierno de Asaturias impulsa el traslado del Centro de la Madera a Pumarabule\"},\"previousItem\":{\"@type\":\"ListItem\",\"@id\":\"https:\\\/\\\/www.eldigitaldeasturias.com\\\/noticias#listItem\",\"name\":\"Home\"}},{\"@type\":\"ListItem\",\"@id\":\"https:\\\/\\\/www.eldigitaldeasturias.com\\\/noticias\\\/el-gobierno-de-asaturias-impulsa-el-traslado-del-centro-de-la-madera-a-pumarabule\\\/#listItem\",\"position\":3,\"name\":\"El Gobierno de Asaturias impulsa el traslado del Centro de la Madera a Pumarabule\",\"previousItem\":{\"@type\":\"ListItem\",\"@id\":\"https:\\\/\\\/www.eldigitaldeasturias.com\\\/noticias\\\/category\\\/actualidad-asturias\\\/#listItem\",\"name\":\"Actualidad Asturias\"}}]},{\"@type\":\"Organization\",\"@id\":\"https:\\\/\\\/www.eldigitaldeasturias.com\\\/noticias\\\/#organization\",\"name\":\"El Digital de Asturias\",\"description\":\"Hemeroteca\",\"url\":\"https:\\\/\\\/www.eldigitaldeasturias.com\\\/noticias\\\/\",\"email\":\"info@eldigitaldeasturias.com\",\"telephone\":\"+34652131393\",\"logo\":{\"@type\":\"ImageObject\",\"url\":\"https:\\\/\\\/www.eldigitaldeasturias.com\\\/noticias\\\/wp-content\\\/uploads\\\/2020\\\/12\\\/EDA.jpg\",\"@id\":\"https:\\\/\\\/www.eldigitaldeasturias.com\\\/noticias\\\/el-gobierno-de-asaturias-impulsa-el-traslado-del-centro-de-la-madera-a-pumarabule\\\/#organizationLogo\"},\"image\":{\"@id\":\"https:\\\/\\\/www.eldigitaldeasturias.com\\\/noticias\\\/el-gobierno-de-asaturias-impulsa-el-traslado-del-centro-de-la-madera-a-pumarabule\\\/#organizationLogo\"},\"sameAs\":[\"https:\\\/\\\/facebook.com\\\/eldigitaldeasturias\",\"https:\\\/\\\/www.youtube.com\\\/channel\\\/UCZP-2wLEB9Rv6erhFmqVnvg\"],\"address\":{\"@id\":\"https:\\\/\\\/www.eldigitaldeasturias.com\\\/noticias\\\/#postaladdress\",\"@type\":\"PostalAddress\",\"streetAddress\":\"san antonio 4\",\"postalCode\":\"33430\",\"addressLocality\":\"Cand\\u00e1s\",\"addressRegion\":\"Asturias\",\"addressCountry\":\"ES\"}},{\"@type\":\"Person\",\"@id\":\"https:\\\/\\\/www.eldigitaldeasturias.com\\\/noticias\\\/author\\\/admin\\\/#author\",\"url\":\"https:\\\/\\\/www.eldigitaldeasturias.com\\\/noticias\\\/author\\\/admin\\\/\",\"name\":\"El Digital de Asturias\",\"image\":{\"@type\":\"ImageObject\",\"@id\":\"https:\\\/\\\/www.eldigitaldeasturias.com\\\/noticias\\\/el-gobierno-de-asaturias-impulsa-el-traslado-del-centro-de-la-madera-a-pumarabule\\\/#authorImage\",\"url\":\"https:\\\/\\\/secure.gravatar.com\\\/avatar\\\/df2aeffc32bcd13f8d26072ef8a91b623d677766deac7f97ca815868cd41bf5e?s=96&d=mm&r=g\",\"width\":96,\"height\":96,\"caption\":\"El Digital de Asturias\"}},{\"@type\":\"WebPage\",\"@id\":\"https:\\\/\\\/www.eldigitaldeasturias.com\\\/noticias\\\/el-gobierno-de-asaturias-impulsa-el-traslado-del-centro-de-la-madera-a-pumarabule\\\/#webpage\",\"url\":\"https:\\\/\\\/www.eldigitaldeasturias.com\\\/noticias\\\/el-gobierno-de-asaturias-impulsa-el-traslado-del-centro-de-la-madera-a-pumarabule\\\/\",\"name\":\"El Gobierno de Asaturias impulsa el traslado del Centro de la Madera a Pumarabule - El Digital de Asturias\",\"description\":\"Oviedo, 4 dic (EFE).- El Consejo de Gobierno ha aprobado hoy las condiciones que regir\\u00e1n la cesi\\u00f3n de una finca e instalaciones p\\u00fablicas situadas en Pumararabule (Siero) para que albergue la sede del Centro Tecnol\\u00f3gico y Forestal de la Madera (CETEMAS), actualmente ubicado en Grado. Las nuevas instalaciones ocupan una parcela de 12.800 metros cuadrados\",\"inLanguage\":\"es-ES\",\"isPartOf\":{\"@id\":\"https:\\\/\\\/www.eldigitaldeasturias.com\\\/noticias\\\/#website\"},\"breadcrumb\":{\"@id\":\"https:\\\/\\\/www.eldigitaldeasturias.com\\\/noticias\\\/el-gobierno-de-asaturias-impulsa-el-traslado-del-centro-de-la-madera-a-pumarabule\\\/#breadcrumblist\"},\"author\":{\"@id\":\"https:\\\/\\\/www.eldigitaldeasturias.com\\\/noticias\\\/author\\\/admin\\\/#author\"},\"creator\":{\"@id\":\"https:\\\/\\\/www.eldigitaldeasturias.com\\\/noticias\\\/author\\\/admin\\\/#author\"},\"image\":{\"@type\":\"ImageObject\",\"url\":\"https:\\\/\\\/www.eldigitaldeasturias.com\\\/noticias\\\/wp-content\\\/uploads\\\/2026\\\/06\\\/Contenidos.jpg\",\"@id\":\"https:\\\/\\\/www.eldigitaldeasturias.com\\\/noticias\\\/el-gobierno-de-asaturias-impulsa-el-traslado-del-centro-de-la-madera-a-pumarabule\\\/#mainImage\",\"width\":1265,\"height\":697,\"caption\":\"Contenidos\"},\"primaryImageOfPage\":{\"@id\":\"https:\\\/\\\/www.eldigitaldeasturias.com\\\/noticias\\\/el-gobierno-de-asaturias-impulsa-el-traslado-del-centro-de-la-madera-a-pumarabule\\\/#mainImage\"},\"datePublished\":\"2013-12-04T18:23:32+01:00\",\"dateModified\":\"2013-12-04T18:23:32+01:00\"},{\"@type\":\"WebSite\",\"@id\":\"https:\\\/\\\/www.eldigitaldeasturias.com\\\/noticias\\\/#website\",\"url\":\"https:\\\/\\\/www.eldigitaldeasturias.com\\\/noticias\\\/\",\"name\":\"El Digital de Asturias - Diario de actualidad y noticias\",\"alternateName\":\"El Digital de Asturias - Diario de actualidad y noticias\",\"description\":\"Hemeroteca\",\"inLanguage\":\"es-ES\",\"publisher\":{\"@id\":\"https:\\\/\\\/www.eldigitaldeasturias.com\\\/noticias\\\/#organization\"}}]}\n\t\t<\/script>\n\t\t<!-- All in One SEO Pro -->\r\n\t\t<title>El Gobierno de Asaturias impulsa el traslado del Centro de la Madera a Pumarabule - El Digital de Asturias<\/title>\n\n","aioseo_head_json":{"title":"El Gobierno de Asaturias impulsa el traslado del Centro de la Madera a Pumarabule - El Digital de Asturias","description":"Oviedo, 4 dic (EFE).- El Consejo de Gobierno ha aprobado hoy las condiciones que regir\u00e1n la cesi\u00f3n de una finca e instalaciones p\u00fablicas situadas en Pumararabule (Siero) para que albergue la sede del Centro Tecnol\u00f3gico y Forestal de la Madera (CETEMAS), actualmente ubicado en Grado. Las nuevas instalaciones ocupan una parcela de 12.800 metros cuadrados","canonical_url":"https:\/\/www.eldigitaldeasturias.com\/noticias\/el-gobierno-de-asaturias-impulsa-el-traslado-del-centro-de-la-madera-a-pumarabule\/","robots":"max-image-preview:large","keywords":"actualidad asturias","webmasterTools":{"google-site-verification":"UA-38556648-1","msvalidate.01":"7dfe9f3f1b24437ab69f4f2559babe99","miscellaneous":""},"schema":{"@context":"https:\/\/schema.org","@graph":[{"@type":"BlogPosting","@id":"https:\/\/www.eldigitaldeasturias.com\/noticias\/el-gobierno-de-asaturias-impulsa-el-traslado-del-centro-de-la-madera-a-pumarabule\/#blogposting","name":"El Gobierno de Asaturias impulsa el traslado del Centro de la Madera a Pumarabule - El Digital de Asturias","headline":"El Gobierno de Asaturias impulsa el traslado del Centro de la Madera a Pumarabule","author":{"@id":"https:\/\/www.eldigitaldeasturias.com\/noticias\/author\/admin\/#author"},"publisher":{"@id":"https:\/\/www.eldigitaldeasturias.com\/noticias\/#organization"},"image":{"@type":"ImageObject","url":"https:\/\/www.eldigitaldeasturias.com\/noticias\/wp-content\/uploads\/2026\/06\/Contenidos.jpg","width":1265,"height":697,"caption":"Contenidos"},"datePublished":"2013-12-04T18:23:32+01:00","dateModified":"2013-12-04T18:23:32+01:00","inLanguage":"es-ES","mainEntityOfPage":{"@id":"https:\/\/www.eldigitaldeasturias.com\/noticias\/el-gobierno-de-asaturias-impulsa-el-traslado-del-centro-de-la-madera-a-pumarabule\/#webpage"},"isPartOf":{"@id":"https:\/\/www.eldigitaldeasturias.com\/noticias\/el-gobierno-de-asaturias-impulsa-el-traslado-del-centro-de-la-madera-a-pumarabule\/#webpage"},"articleSection":"Actualidad Asturias"},{"@type":"BreadcrumbList","@id":"https:\/\/www.eldigitaldeasturias.com\/noticias\/el-gobierno-de-asaturias-impulsa-el-traslado-del-centro-de-la-madera-a-pumarabule\/#breadcrumblist","itemListElement":[{"@type":"ListItem","@id":"https:\/\/www.eldigitaldeasturias.com\/noticias#listItem","position":1,"name":"Home","item":"https:\/\/www.eldigitaldeasturias.com\/noticias","nextItem":{"@type":"ListItem","@id":"https:\/\/www.eldigitaldeasturias.com\/noticias\/category\/actualidad-asturias\/#listItem","name":"Actualidad Asturias"}},{"@type":"ListItem","@id":"https:\/\/www.eldigitaldeasturias.com\/noticias\/category\/actualidad-asturias\/#listItem","position":2,"name":"Actualidad Asturias","item":"https:\/\/www.eldigitaldeasturias.com\/noticias\/category\/actualidad-asturias\/","nextItem":{"@type":"ListItem","@id":"https:\/\/www.eldigitaldeasturias.com\/noticias\/el-gobierno-de-asaturias-impulsa-el-traslado-del-centro-de-la-madera-a-pumarabule\/#listItem","name":"El Gobierno de Asaturias impulsa el traslado del Centro de la Madera a Pumarabule"},"previousItem":{"@type":"ListItem","@id":"https:\/\/www.eldigitaldeasturias.com\/noticias#listItem","name":"Home"}},{"@type":"ListItem","@id":"https:\/\/www.eldigitaldeasturias.com\/noticias\/el-gobierno-de-asaturias-impulsa-el-traslado-del-centro-de-la-madera-a-pumarabule\/#listItem","position":3,"name":"El Gobierno de Asaturias impulsa el traslado del Centro de la Madera a Pumarabule","previousItem":{"@type":"ListItem","@id":"https:\/\/www.eldigitaldeasturias.com\/noticias\/category\/actualidad-asturias\/#listItem","name":"Actualidad Asturias"}}]},{"@type":"Organization","@id":"https:\/\/www.eldigitaldeasturias.com\/noticias\/#organization","name":"El Digital de Asturias","description":"Hemeroteca","url":"https:\/\/www.eldigitaldeasturias.com\/noticias\/","email":"info@eldigitaldeasturias.com","telephone":"+34652131393","logo":{"@type":"ImageObject","url":"https:\/\/www.eldigitaldeasturias.com\/noticias\/wp-content\/uploads\/2020\/12\/EDA.jpg","@id":"https:\/\/www.eldigitaldeasturias.com\/noticias\/el-gobierno-de-asaturias-impulsa-el-traslado-del-centro-de-la-madera-a-pumarabule\/#organizationLogo"},"image":{"@id":"https:\/\/www.eldigitaldeasturias.com\/noticias\/el-gobierno-de-asaturias-impulsa-el-traslado-del-centro-de-la-madera-a-pumarabule\/#organizationLogo"},"sameAs":["https:\/\/facebook.com\/eldigitaldeasturias","https:\/\/www.youtube.com\/channel\/UCZP-2wLEB9Rv6erhFmqVnvg"],"address":{"@id":"https:\/\/www.eldigitaldeasturias.com\/noticias\/#postaladdress","@type":"PostalAddress","streetAddress":"san antonio 4","postalCode":"33430","addressLocality":"Cand\u00e1s","addressRegion":"Asturias","addressCountry":"ES"}},{"@type":"Person","@id":"https:\/\/www.eldigitaldeasturias.com\/noticias\/author\/admin\/#author","url":"https:\/\/www.eldigitaldeasturias.com\/noticias\/author\/admin\/","name":"El Digital de Asturias","image":{"@type":"ImageObject","@id":"https:\/\/www.eldigitaldeasturias.com\/noticias\/el-gobierno-de-asaturias-impulsa-el-traslado-del-centro-de-la-madera-a-pumarabule\/#authorImage","url":"https:\/\/secure.gravatar.com\/avatar\/df2aeffc32bcd13f8d26072ef8a91b623d677766deac7f97ca815868cd41bf5e?s=96&d=mm&r=g","width":96,"height":96,"caption":"El Digital de Asturias"}},{"@type":"WebPage","@id":"https:\/\/www.eldigitaldeasturias.com\/noticias\/el-gobierno-de-asaturias-impulsa-el-traslado-del-centro-de-la-madera-a-pumarabule\/#webpage","url":"https:\/\/www.eldigitaldeasturias.com\/noticias\/el-gobierno-de-asaturias-impulsa-el-traslado-del-centro-de-la-madera-a-pumarabule\/","name":"El Gobierno de Asaturias impulsa el traslado del Centro de la Madera a Pumarabule - El Digital de Asturias","description":"Oviedo, 4 dic (EFE).- El Consejo de Gobierno ha aprobado hoy las condiciones que regir\u00e1n la cesi\u00f3n de una finca e instalaciones p\u00fablicas situadas en Pumararabule (Siero) para que albergue la sede del Centro Tecnol\u00f3gico y Forestal de la Madera (CETEMAS), actualmente ubicado en Grado. Las nuevas instalaciones ocupan una parcela de 12.800 metros cuadrados","inLanguage":"es-ES","isPartOf":{"@id":"https:\/\/www.eldigitaldeasturias.com\/noticias\/#website"},"breadcrumb":{"@id":"https:\/\/www.eldigitaldeasturias.com\/noticias\/el-gobierno-de-asaturias-impulsa-el-traslado-del-centro-de-la-madera-a-pumarabule\/#breadcrumblist"},"author":{"@id":"https:\/\/www.eldigitaldeasturias.com\/noticias\/author\/admin\/#author"},"creator":{"@id":"https:\/\/www.eldigitaldeasturias.com\/noticias\/author\/admin\/#author"},"image":{"@type":"ImageObject","url":"https:\/\/www.eldigitaldeasturias.com\/noticias\/wp-content\/uploads\/2026\/06\/Contenidos.jpg","@id":"https:\/\/www.eldigitaldeasturias.com\/noticias\/el-gobierno-de-asaturias-impulsa-el-traslado-del-centro-de-la-madera-a-pumarabule\/#mainImage","width":1265,"height":697,"caption":"Contenidos"},"primaryImageOfPage":{"@id":"https:\/\/www.eldigitaldeasturias.com\/noticias\/el-gobierno-de-asaturias-impulsa-el-traslado-del-centro-de-la-madera-a-pumarabule\/#mainImage"},"datePublished":"2013-12-04T18:23:32+01:00","dateModified":"2013-12-04T18:23:32+01:00"},{"@type":"WebSite","@id":"https:\/\/www.eldigitaldeasturias.com\/noticias\/#website","url":"https:\/\/www.eldigitaldeasturias.com\/noticias\/","name":"El Digital de Asturias - Diario de actualidad y noticias","alternateName":"El Digital de Asturias - Diario de actualidad y noticias","description":"Hemeroteca","inLanguage":"es-ES","publisher":{"@id":"https:\/\/www.eldigitaldeasturias.com\/noticias\/#organization"}}]},"og:locale":"es_ES","og:site_name":"El Digital de Asturias","og:type":"article","og:title":"El Gobierno de Asaturias impulsa el traslado del Centro de la Madera a Pumarabule - El Digital de Asturias","og:description":"Oviedo, 4 dic (EFE).- El Consejo de Gobierno ha aprobado hoy las condiciones que regir\u00e1n la cesi\u00f3n de una finca e instalaciones p\u00fablicas situadas en Pumararabule (Siero) para que albergue la sede del Centro Tecnol\u00f3gico y Forestal de la Madera (CETEMAS), actualmente ubicado en Grado. Las nuevas instalaciones ocupan una parcela de 12.800 metros cuadrados","og:url":"https:\/\/www.eldigitaldeasturias.com\/noticias\/el-gobierno-de-asaturias-impulsa-el-traslado-del-centro-de-la-madera-a-pumarabule\/","og:image":"https:\/\/www.eldigitaldeasturias.com\/noticias\/wp-content\/uploads\/2026\/06\/Contenidos.jpg","og:image:secure_url":"https:\/\/www.eldigitaldeasturias.com\/noticias\/wp-content\/uploads\/2026\/06\/Contenidos.jpg","og:image:width":1265,"og:image:height":697,"article:tag":["actualidad asturias"],"article:published_time":"2013-12-04T19:23:32+00:00","article:modified_time":"2013-12-04T19:23:32+00:00","article:publisher":"https:\/\/facebook.com\/eldigitaldeasturias","twitter:card":"summary_large_image","twitter:title":"El Gobierno de Asaturias impulsa el traslado del Centro de la Madera a Pumarabule - El Digital de Asturias","twitter:description":"Oviedo, 4 dic (EFE).- El Consejo de Gobierno ha aprobado hoy las condiciones que regir\u00e1n la cesi\u00f3n de una finca e instalaciones p\u00fablicas situadas en Pumararabule (Siero) para que albergue la sede del Centro Tecnol\u00f3gico y Forestal de la Madera (CETEMAS), actualmente ubicado en Grado. Las nuevas instalaciones ocupan una parcela de 12.800 metros cuadrados","twitter:image":"https:\/\/www.eldigitaldeasturias.com\/noticias\/wp-content\/uploads\/2026\/06\/Contenidos.jpg","twitter:label1":"Escrito por","twitter:data1":"El Digital de Asturias","twitter:label2":"Tiempo de lectura estimado","twitter:data2":"1 minuto"},"aioseo_meta_data":{"post_id":"457730","title":null,"description":null,"keywords":null,"keyphrases":null,"primary_term":null,"canonical_url":null,"og_title":null,"og_description":null,"og_object_type":"default","og_image_type":"default","og_image_url":null,"og_image_width":null,"og_image_height":null,"og_image_custom_url":null,"og_image_custom_fields":null,"og_video":null,"og_custom_url":null,"og_article_section":null,"og_article_tags":null,"twitter_use_og":true,"twitter_card":"default","twitter_image_type":"default","twitter_image_url":null,"twitter_image_custom_url":null,"twitter_image_custom_fields":null,"twitter_title":null,"twitter_description":null,"schema":{"blockGraphs":[],"customGraphs":[],"default":{"data":{"Article":[],"Course":[],"Dataset":[],"FAQPage":[],"Movie":[],"Person":[],"Product":[],"ProductReview":[],"Car":[],"Recipe":[],"Service":[],"SoftwareApplication":[],"WebPage":[]},"graphName":"","isEnabled":true},"graphs":[],"defaultGraph":"","defaultPostTypeGraph":""},"schema_type":null,"schema_type_options":null,"pillar_content":false,"robots_default":true,"robots_noindex":false,"robots_noarchive":false,"robots_nosnippet":false,"robots_nofollow":false,"robots_noimageindex":false,"robots_noodp":false,"robots_notranslate":false,"robots_max_snippet":null,"robots_max_videopreview":null,"robots_max_imagepreview":"none","priority":null,"frequency":null,"local_seo":null,"seo_analyzer_scan_date":"2026-05-30 03:03:07","breadcrumb_settings":null,"limit_modified_date":false,"open_ai":null,"ai":null,"created":"2020-11-14 22:46:09","updated":"2026-05-30 03:03:07","focus_keyword":null,"additional_keywords":null,"truseo_locale":null},"aioseo_breadcrumb":"<div class=\"aioseo-breadcrumbs\"><span class=\"aioseo-breadcrumb\">\n\t<a href=\"https:\/\/www.eldigitaldeasturias.com\/noticias\" title=\"Home\">Home<\/a>\n<\/span><span class=\"aioseo-breadcrumb-separator\">\u2013<\/span><span class=\"aioseo-breadcrumb\">\n\t<a href=\"https:\/\/www.eldigitaldeasturias.com\/noticias\/category\/actualidad-asturias\/\" title=\"Actualidad Asturias\">Actualidad Asturias<\/a>\n<\/span><span class=\"aioseo-breadcrumb-separator\">\u2013<\/span><span class=\"aioseo-breadcrumb\">\n\t<a href=\"https:\/\/www.eldigitaldeasturias.com\/noticias\/el-gobierno-de-asaturias-impulsa-el-traslado-del-centro-de-la-madera-a-pumarabule\/\" title=\"El Gobierno de Asaturias impulsa el traslado del Centro de la Madera a Pumarabule\">El Gobierno de Asaturias impulsa el traslado del Centro de la Madera a Pumarabule<\/a>\n<\/span><\/div>","aioseo_breadcrumb_json":[{"label":"Home","link":"https:\/\/www.eldigitaldeasturias.com\/noticias"},{"label":"Actualidad Asturias","link":"https:\/\/www.eldigitaldeasturias.com\/noticias\/category\/actualidad-asturias\/"},{"label":"El Gobierno de Asaturias impulsa el traslado del Centro de la Madera a Pumarabule","link":"https:\/\/www.eldigitaldeasturias.com\/noticias\/el-gobierno-de-asaturias-impulsa-el-traslado-del-centro-de-la-madera-a-pumarabule\/"}],"_links":{"self":[{"href":"https:\/\/www.eldigitaldeasturias.com\/noticias\/wp-json\/wp\/v2\/posts\/457730","targetHints":{"allow":["GET"]}}],"collection":[{"href":"https:\/\/www.eldigitaldeasturias.com\/noticias\/wp-json\/wp\/v2\/posts"}],"about":[{"href":"https:\/\/www.eldigitaldeasturias.com\/noticias\/wp-json\/wp\/v2\/types\/post"}],"author":[{"embeddable":true,"href":"https:\/\/www.eldigitaldeasturias.com\/noticias\/wp-json\/wp\/v2\/users\/1"}],"replies":[{"embeddable":true,"href":"https:\/\/www.eldigitaldeasturias.com\/noticias\/wp-json\/wp\/v2\/comments?post=457730"}],"version-history":[{"count":0,"href":"https:\/\/www.eldigitaldeasturias.com\/noticias\/wp-json\/wp\/v2\/posts\/457730\/revisions"}],"wp:featuredmedia":[{"embeddable":true,"href":"https:\/\/www.eldigitaldeasturias.com\/noticias\/wp-json\/wp\/v2\/media\/1132184"}],"wp:attachment":[{"href":"https:\/\/www.eldigitaldeasturias.com\/noticias\/wp-json\/wp\/v2\/media?parent=457730"}],"wp:term":[{"taxonomy":"category","embeddable":true,"href":"https:\/\/www.eldigitaldeasturias.com\/noticias\/wp-json\/wp\/v2\/categories?post=457730"},{"taxonomy":"post_tag","embeddable":true,"href":"https:\/\/www.eldigitaldeasturias.com\/noticias\/wp-json\/wp\/v2\/tags?post=457730"}],"curies":[{"name":"wp","href":"https:\/\/api.w.org\/{rel}","templated":true}]}}