{"id":457724,"date":"2013-12-04T18:18:52","date_gmt":"2013-12-04T19:18:52","guid":{"rendered":"http:\/\/www.eldigitaldeasturias.com\/noticias\/?p=457724"},"modified":"2013-12-04T18:18:52","modified_gmt":"2013-12-04T19:18:52","slug":"una-educadora-denuncia-a-un-menor-de-14-anos-por-agresion-y-amenazas","status":"publish","type":"post","link":"https:\/\/www.eldigitaldeasturias.com\/noticias\/una-educadora-denuncia-a-un-menor-de-14-anos-por-agresion-y-amenazas\/","title":{"rendered":"Una educadora denuncia a un menor de 14 a\u00f1os por agresi\u00f3n y amenazas"},"content":{"rendered":"<p><img loading=\"lazy\" decoding=\"async\" class=\"alignleft size-medium wp-image-455587\" alt=\"policia\" src=\"https:\/\/www.eldigitaldeasturias.com\/noticias\/wp-content\/uploads\/2013\/11\/policia-360x226.jpg\" width=\"360\" height=\"226\" \/>Oviedo, 4 dic (EFE).- La Polic\u00eda Nacional ha trasladado a la Fiscal\u00eda de Menores la denuncia formulada por una educadora contra un chico de 14 a\u00f1os por agresi\u00f3n, lesiones y amenazas.<\/p>\n<p>La educadora, que trabaja en un centro de menores, acudi\u00f3 a la comisar\u00eda con un parte de lesiones despu\u00e9s de sufrir la agresi\u00f3n, ha informado la Polic\u00eda Nacional en un comunicado.<\/p>\n<p>Seg\u00fan relat\u00f3 la denunciante, cuando se encontraba cuidando a unos menores observ\u00f3 a uno de ellos que estaba pegando a otro m\u00e1s peque\u00f1o con gran violencia, por lo que se dirigi\u00f3 r\u00e1pidamente para separarlos, de modo que sujet\u00f3 al agresor.<\/p>\n<p>El chico reaccion\u00f3 violentamente contra la educadora y le tir\u00f3 del pelo, le mordi\u00f3 en una mano y le golpe\u00f3 en la cara con un trozo de madera.<\/p>\n<p>Otra educadora, que tambi\u00e9n estaba presente, ayud\u00f3 a su compa\u00f1era y entre ambas consiguieron reducir al menor.<\/p>\n<p>Entonces, seg\u00fan la educadora, el menor comenz\u00f3 a insultarla diciendo que tan pronto pudiera coger\u00eda un cuchillo y la matar\u00eda.<\/p>\n<p>Asimismo, dijo que a \u00e9l le internar\u00edan en un \u00abcorreccional\u00bb pero que en un a\u00f1o o dos saldr\u00eda, pero ella no lo har\u00eda del cementerio.<\/p>\n<p>La educadora asegur\u00f3 que no era la primera vez que el menor se mostraba tan violento y que ya hab\u00eda dado varios partes a la direcci\u00f3n.<\/p>\n<p>La mujer decidi\u00f3 denunciar los hechos ante la polic\u00eda al temer que el menor pudiera llevar a cabo su amenaza, seg\u00fan relat\u00f3 a los agentes.<\/p>\n","protected":false},"excerpt":{"rendered":"<p>Oviedo, 4 dic (EFE).- La Polic\u00eda Nacional ha trasladado a la Fiscal\u00eda de Menores la denuncia formulada por una educadora contra un chico de 14 a\u00f1os por agresi\u00f3n, lesiones y amenazas. La educadora, que trabaja en un centro de menores, acudi\u00f3 a la comisar\u00eda con un parte de lesiones despu\u00e9s de sufrir la agresi\u00f3n, ha [&hellip;]<\/p>\n","protected":false},"author":1,"featured_media":455587,"comment_status":"closed","ping_status":"open","sticky":false,"template":"","format":"standard","meta":{"footnotes":""},"categories":[12],"tags":[],"class_list":["post-457724","post","type-post","status-publish","format-standard","has-post-thumbnail","hentry","category-actualidad-asturias"],"aioseo_notices":[],"aioseo_head":"\n\t\t<!-- All in One SEO Pro 5.0.1 - aioseo.com -->\n\t<meta name=\"description\" content=\"Oviedo, 4 dic (EFE).- La Polic\u00eda Nacional ha trasladado a la Fiscal\u00eda de Menores la denuncia formulada por una educadora contra un chico de 14 a\u00f1os por agresi\u00f3n, lesiones y amenazas. La educadora, que trabaja en un centro de menores, acudi\u00f3 a la comisar\u00eda con un parte de lesiones despu\u00e9s de sufrir la agresi\u00f3n, ha\" \/>\n\t<meta name=\"robots\" content=\"max-image-preview:large\" \/>\n\t<meta name=\"author\" content=\"El Digital de Asturias\"\/>\n\t<meta name=\"google-site-verification\" content=\"UA-38556648-1\" \/>\n\t<meta name=\"msvalidate.01\" content=\"7dfe9f3f1b24437ab69f4f2559babe99\" \/>\n\t<meta name=\"keywords\" content=\"actualidad asturias\" \/>\n\t<link rel=\"canonical\" href=\"https:\/\/www.eldigitaldeasturias.com\/noticias\/una-educadora-denuncia-a-un-menor-de-14-anos-por-agresion-y-amenazas\/\" \/>\n\t<meta name=\"generator\" content=\"All in One SEO Pro (AIOSEO) 5.0.1\" \/>\n\t\t<meta property=\"og:locale\" content=\"es_ES\" \/>\n\t\t<meta property=\"og:site_name\" content=\"El Digital de Asturias\" \/>\n\t\t<meta property=\"og:type\" content=\"article\" \/>\n\t\t<meta property=\"og:title\" content=\"Una educadora denuncia a un menor de 14 a\u00f1os por agresi\u00f3n y amenazas - El Digital de Asturias\" \/>\n\t\t<meta property=\"og:description\" content=\"Oviedo, 4 dic (EFE).- La Polic\u00eda Nacional ha trasladado a la Fiscal\u00eda de Menores la denuncia formulada por una educadora contra un chico de 14 a\u00f1os por agresi\u00f3n, lesiones y amenazas. La educadora, que trabaja en un centro de menores, acudi\u00f3 a la comisar\u00eda con un parte de lesiones despu\u00e9s de sufrir la agresi\u00f3n, ha\" \/>\n\t\t<meta property=\"og:url\" content=\"https:\/\/www.eldigitaldeasturias.com\/noticias\/una-educadora-denuncia-a-un-menor-de-14-anos-por-agresion-y-amenazas\/\" \/>\n\t\t<meta property=\"article:tag\" content=\"actualidad asturias\" \/>\n\t\t<meta property=\"article:published_time\" content=\"2013-12-04T19:18:52+00:00\" \/>\n\t\t<meta property=\"article:modified_time\" content=\"2013-12-04T19:18:52+00:00\" \/>\n\t\t<meta property=\"article:publisher\" content=\"https:\/\/facebook.com\/eldigitaldeasturias\" \/>\n\t\t<meta name=\"twitter:card\" content=\"summary_large_image\" \/>\n\t\t<meta name=\"twitter:title\" content=\"Una educadora denuncia a un menor de 14 a\u00f1os por agresi\u00f3n y amenazas - El Digital de Asturias\" \/>\n\t\t<meta name=\"twitter:description\" content=\"Oviedo, 4 dic (EFE).- La Polic\u00eda Nacional ha trasladado a la Fiscal\u00eda de Menores la denuncia formulada por una educadora contra un chico de 14 a\u00f1os por agresi\u00f3n, lesiones y amenazas. La educadora, que trabaja en un centro de menores, acudi\u00f3 a la comisar\u00eda con un parte de lesiones despu\u00e9s de sufrir la agresi\u00f3n, ha\" \/>\n\t\t<meta name=\"twitter:label1\" content=\"Escrito por\" \/>\n\t\t<meta name=\"twitter:data1\" content=\"El Digital de Asturias\" \/>\n\t\t<meta name=\"twitter:label2\" content=\"Tiempo de lectura estimado\" \/>\n\t\t<meta name=\"twitter:data2\" content=\"1 minuto\" \/>\n\t\t<script type=\"application\/ld+json\" class=\"aioseo-schema\">\n\t\t\t{\"@context\":\"https:\\\/\\\/schema.org\",\"@graph\":[{\"@type\":\"BlogPosting\",\"@id\":\"https:\\\/\\\/www.eldigitaldeasturias.com\\\/noticias\\\/una-educadora-denuncia-a-un-menor-de-14-anos-por-agresion-y-amenazas\\\/#blogposting\",\"name\":\"Una educadora denuncia a un menor de 14 a\\u00f1os por agresi\\u00f3n y amenazas - El Digital de Asturias\",\"headline\":\"Una educadora denuncia a un menor de 14 a\\u00f1os por agresi\\u00f3n y amenazas\",\"author\":{\"@id\":\"https:\\\/\\\/www.eldigitaldeasturias.com\\\/noticias\\\/author\\\/admin\\\/#author\"},\"publisher\":{\"@id\":\"https:\\\/\\\/www.eldigitaldeasturias.com\\\/noticias\\\/#organization\"},\"image\":{\"@type\":\"ImageObject\",\"url\":455587},\"datePublished\":\"2013-12-04T18:18:52+01:00\",\"dateModified\":\"2013-12-04T18:18:52+01:00\",\"inLanguage\":\"es-ES\",\"mainEntityOfPage\":{\"@id\":\"https:\\\/\\\/www.eldigitaldeasturias.com\\\/noticias\\\/una-educadora-denuncia-a-un-menor-de-14-anos-por-agresion-y-amenazas\\\/#webpage\"},\"isPartOf\":{\"@id\":\"https:\\\/\\\/www.eldigitaldeasturias.com\\\/noticias\\\/una-educadora-denuncia-a-un-menor-de-14-anos-por-agresion-y-amenazas\\\/#webpage\"},\"articleSection\":\"Actualidad Asturias\"},{\"@type\":\"BreadcrumbList\",\"@id\":\"https:\\\/\\\/www.eldigitaldeasturias.com\\\/noticias\\\/una-educadora-denuncia-a-un-menor-de-14-anos-por-agresion-y-amenazas\\\/#breadcrumblist\",\"itemListElement\":[{\"@type\":\"ListItem\",\"@id\":\"https:\\\/\\\/www.eldigitaldeasturias.com\\\/noticias#listItem\",\"position\":1,\"name\":\"Home\",\"item\":\"https:\\\/\\\/www.eldigitaldeasturias.com\\\/noticias\",\"nextItem\":{\"@type\":\"ListItem\",\"@id\":\"https:\\\/\\\/www.eldigitaldeasturias.com\\\/noticias\\\/category\\\/actualidad-asturias\\\/#listItem\",\"name\":\"Actualidad Asturias\"}},{\"@type\":\"ListItem\",\"@id\":\"https:\\\/\\\/www.eldigitaldeasturias.com\\\/noticias\\\/category\\\/actualidad-asturias\\\/#listItem\",\"position\":2,\"name\":\"Actualidad Asturias\",\"item\":\"https:\\\/\\\/www.eldigitaldeasturias.com\\\/noticias\\\/category\\\/actualidad-asturias\\\/\",\"nextItem\":{\"@type\":\"ListItem\",\"@id\":\"https:\\\/\\\/www.eldigitaldeasturias.com\\\/noticias\\\/una-educadora-denuncia-a-un-menor-de-14-anos-por-agresion-y-amenazas\\\/#listItem\",\"name\":\"Una educadora denuncia a un menor de 14 a\\u00f1os por agresi\\u00f3n y amenazas\"},\"previousItem\":{\"@type\":\"ListItem\",\"@id\":\"https:\\\/\\\/www.eldigitaldeasturias.com\\\/noticias#listItem\",\"name\":\"Home\"}},{\"@type\":\"ListItem\",\"@id\":\"https:\\\/\\\/www.eldigitaldeasturias.com\\\/noticias\\\/una-educadora-denuncia-a-un-menor-de-14-anos-por-agresion-y-amenazas\\\/#listItem\",\"position\":3,\"name\":\"Una educadora denuncia a un menor de 14 a\\u00f1os por agresi\\u00f3n y amenazas\",\"previousItem\":{\"@type\":\"ListItem\",\"@id\":\"https:\\\/\\\/www.eldigitaldeasturias.com\\\/noticias\\\/category\\\/actualidad-asturias\\\/#listItem\",\"name\":\"Actualidad Asturias\"}}]},{\"@type\":\"Organization\",\"@id\":\"https:\\\/\\\/www.eldigitaldeasturias.com\\\/noticias\\\/#organization\",\"name\":\"El Digital de Asturias\",\"description\":\"Hemeroteca\",\"url\":\"https:\\\/\\\/www.eldigitaldeasturias.com\\\/noticias\\\/\",\"email\":\"info@eldigitaldeasturias.com\",\"telephone\":\"+34652131393\",\"logo\":{\"@type\":\"ImageObject\",\"url\":\"https:\\\/\\\/www.eldigitaldeasturias.com\\\/noticias\\\/wp-content\\\/uploads\\\/2020\\\/12\\\/EDA.jpg\",\"@id\":\"https:\\\/\\\/www.eldigitaldeasturias.com\\\/noticias\\\/una-educadora-denuncia-a-un-menor-de-14-anos-por-agresion-y-amenazas\\\/#organizationLogo\"},\"image\":{\"@id\":\"https:\\\/\\\/www.eldigitaldeasturias.com\\\/noticias\\\/una-educadora-denuncia-a-un-menor-de-14-anos-por-agresion-y-amenazas\\\/#organizationLogo\"},\"sameAs\":[\"https:\\\/\\\/facebook.com\\\/eldigitaldeasturias\",\"https:\\\/\\\/www.youtube.com\\\/channel\\\/UCZP-2wLEB9Rv6erhFmqVnvg\"],\"address\":{\"@id\":\"https:\\\/\\\/www.eldigitaldeasturias.com\\\/noticias\\\/#postaladdress\",\"@type\":\"PostalAddress\",\"streetAddress\":\"san antonio 4\",\"postalCode\":\"33430\",\"addressLocality\":\"Cand\\u00e1s\",\"addressRegion\":\"Asturias\",\"addressCountry\":\"ES\"}},{\"@type\":\"Person\",\"@id\":\"https:\\\/\\\/www.eldigitaldeasturias.com\\\/noticias\\\/author\\\/admin\\\/#author\",\"url\":\"https:\\\/\\\/www.eldigitaldeasturias.com\\\/noticias\\\/author\\\/admin\\\/\",\"name\":\"El Digital de Asturias\",\"image\":{\"@type\":\"ImageObject\",\"@id\":\"https:\\\/\\\/www.eldigitaldeasturias.com\\\/noticias\\\/una-educadora-denuncia-a-un-menor-de-14-anos-por-agresion-y-amenazas\\\/#authorImage\",\"url\":\"https:\\\/\\\/secure.gravatar.com\\\/avatar\\\/df2aeffc32bcd13f8d26072ef8a91b623d677766deac7f97ca815868cd41bf5e?s=96&d=mm&r=g\",\"width\":96,\"height\":96,\"caption\":\"El Digital de Asturias\"}},{\"@type\":\"WebPage\",\"@id\":\"https:\\\/\\\/www.eldigitaldeasturias.com\\\/noticias\\\/una-educadora-denuncia-a-un-menor-de-14-anos-por-agresion-y-amenazas\\\/#webpage\",\"url\":\"https:\\\/\\\/www.eldigitaldeasturias.com\\\/noticias\\\/una-educadora-denuncia-a-un-menor-de-14-anos-por-agresion-y-amenazas\\\/\",\"name\":\"Una educadora denuncia a un menor de 14 a\\u00f1os por agresi\\u00f3n y amenazas - El Digital de Asturias\",\"description\":\"Oviedo, 4 dic (EFE).- La Polic\\u00eda Nacional ha trasladado a la Fiscal\\u00eda de Menores la denuncia formulada por una educadora contra un chico de 14 a\\u00f1os por agresi\\u00f3n, lesiones y amenazas. La educadora, que trabaja en un centro de menores, acudi\\u00f3 a la comisar\\u00eda con un parte de lesiones despu\\u00e9s de sufrir la agresi\\u00f3n, ha\",\"inLanguage\":\"es-ES\",\"isPartOf\":{\"@id\":\"https:\\\/\\\/www.eldigitaldeasturias.com\\\/noticias\\\/#website\"},\"breadcrumb\":{\"@id\":\"https:\\\/\\\/www.eldigitaldeasturias.com\\\/noticias\\\/una-educadora-denuncia-a-un-menor-de-14-anos-por-agresion-y-amenazas\\\/#breadcrumblist\"},\"author\":{\"@id\":\"https:\\\/\\\/www.eldigitaldeasturias.com\\\/noticias\\\/author\\\/admin\\\/#author\"},\"creator\":{\"@id\":\"https:\\\/\\\/www.eldigitaldeasturias.com\\\/noticias\\\/author\\\/admin\\\/#author\"},\"image\":{\"@type\":\"ImageObject\",\"url\":455587,\"@id\":\"https:\\\/\\\/www.eldigitaldeasturias.com\\\/noticias\\\/una-educadora-denuncia-a-un-menor-de-14-anos-por-agresion-y-amenazas\\\/#mainImage\"},\"primaryImageOfPage\":{\"@id\":\"https:\\\/\\\/www.eldigitaldeasturias.com\\\/noticias\\\/una-educadora-denuncia-a-un-menor-de-14-anos-por-agresion-y-amenazas\\\/#mainImage\"},\"datePublished\":\"2013-12-04T18:18:52+01:00\",\"dateModified\":\"2013-12-04T18:18:52+01:00\"},{\"@type\":\"WebSite\",\"@id\":\"https:\\\/\\\/www.eldigitaldeasturias.com\\\/noticias\\\/#website\",\"url\":\"https:\\\/\\\/www.eldigitaldeasturias.com\\\/noticias\\\/\",\"name\":\"El Digital de Asturias - Diario de actualidad y noticias\",\"alternateName\":\"El Digital de Asturias - Diario de actualidad y noticias\",\"description\":\"Hemeroteca\",\"inLanguage\":\"es-ES\",\"publisher\":{\"@id\":\"https:\\\/\\\/www.eldigitaldeasturias.com\\\/noticias\\\/#organization\"}}]}\n\t\t<\/script>\n\t\t<!-- All in One SEO Pro -->\r\n\t\t<title>Una educadora denuncia a un menor de 14 a\u00f1os por agresi\u00f3n y amenazas - El Digital de Asturias<\/title>\n\n","aioseo_head_json":{"title":"Una educadora denuncia a un menor de 14 a\u00f1os por agresi\u00f3n y amenazas - El Digital de Asturias","description":"Oviedo, 4 dic (EFE).- La Polic\u00eda Nacional ha trasladado a la Fiscal\u00eda de Menores la denuncia formulada por una educadora contra un chico de 14 a\u00f1os por agresi\u00f3n, lesiones y amenazas. La educadora, que trabaja en un centro de menores, acudi\u00f3 a la comisar\u00eda con un parte de lesiones despu\u00e9s de sufrir la agresi\u00f3n, ha","canonical_url":"https:\/\/www.eldigitaldeasturias.com\/noticias\/una-educadora-denuncia-a-un-menor-de-14-anos-por-agresion-y-amenazas\/","robots":"max-image-preview:large","keywords":"actualidad asturias","webmasterTools":{"google-site-verification":"UA-38556648-1","msvalidate.01":"7dfe9f3f1b24437ab69f4f2559babe99","miscellaneous":""},"schema":{"@context":"https:\/\/schema.org","@graph":[{"@type":"BlogPosting","@id":"https:\/\/www.eldigitaldeasturias.com\/noticias\/una-educadora-denuncia-a-un-menor-de-14-anos-por-agresion-y-amenazas\/#blogposting","name":"Una educadora denuncia a un menor de 14 a\u00f1os por agresi\u00f3n y amenazas - El Digital de Asturias","headline":"Una educadora denuncia a un menor de 14 a\u00f1os por agresi\u00f3n y amenazas","author":{"@id":"https:\/\/www.eldigitaldeasturias.com\/noticias\/author\/admin\/#author"},"publisher":{"@id":"https:\/\/www.eldigitaldeasturias.com\/noticias\/#organization"},"image":{"@type":"ImageObject","url":455587},"datePublished":"2013-12-04T18:18:52+01:00","dateModified":"2013-12-04T18:18:52+01:00","inLanguage":"es-ES","mainEntityOfPage":{"@id":"https:\/\/www.eldigitaldeasturias.com\/noticias\/una-educadora-denuncia-a-un-menor-de-14-anos-por-agresion-y-amenazas\/#webpage"},"isPartOf":{"@id":"https:\/\/www.eldigitaldeasturias.com\/noticias\/una-educadora-denuncia-a-un-menor-de-14-anos-por-agresion-y-amenazas\/#webpage"},"articleSection":"Actualidad Asturias"},{"@type":"BreadcrumbList","@id":"https:\/\/www.eldigitaldeasturias.com\/noticias\/una-educadora-denuncia-a-un-menor-de-14-anos-por-agresion-y-amenazas\/#breadcrumblist","itemListElement":[{"@type":"ListItem","@id":"https:\/\/www.eldigitaldeasturias.com\/noticias#listItem","position":1,"name":"Home","item":"https:\/\/www.eldigitaldeasturias.com\/noticias","nextItem":{"@type":"ListItem","@id":"https:\/\/www.eldigitaldeasturias.com\/noticias\/category\/actualidad-asturias\/#listItem","name":"Actualidad Asturias"}},{"@type":"ListItem","@id":"https:\/\/www.eldigitaldeasturias.com\/noticias\/category\/actualidad-asturias\/#listItem","position":2,"name":"Actualidad Asturias","item":"https:\/\/www.eldigitaldeasturias.com\/noticias\/category\/actualidad-asturias\/","nextItem":{"@type":"ListItem","@id":"https:\/\/www.eldigitaldeasturias.com\/noticias\/una-educadora-denuncia-a-un-menor-de-14-anos-por-agresion-y-amenazas\/#listItem","name":"Una educadora denuncia a un menor de 14 a\u00f1os por agresi\u00f3n y amenazas"},"previousItem":{"@type":"ListItem","@id":"https:\/\/www.eldigitaldeasturias.com\/noticias#listItem","name":"Home"}},{"@type":"ListItem","@id":"https:\/\/www.eldigitaldeasturias.com\/noticias\/una-educadora-denuncia-a-un-menor-de-14-anos-por-agresion-y-amenazas\/#listItem","position":3,"name":"Una educadora denuncia a un menor de 14 a\u00f1os por agresi\u00f3n y amenazas","previousItem":{"@type":"ListItem","@id":"https:\/\/www.eldigitaldeasturias.com\/noticias\/category\/actualidad-asturias\/#listItem","name":"Actualidad Asturias"}}]},{"@type":"Organization","@id":"https:\/\/www.eldigitaldeasturias.com\/noticias\/#organization","name":"El Digital de Asturias","description":"Hemeroteca","url":"https:\/\/www.eldigitaldeasturias.com\/noticias\/","email":"info@eldigitaldeasturias.com","telephone":"+34652131393","logo":{"@type":"ImageObject","url":"https:\/\/www.eldigitaldeasturias.com\/noticias\/wp-content\/uploads\/2020\/12\/EDA.jpg","@id":"https:\/\/www.eldigitaldeasturias.com\/noticias\/una-educadora-denuncia-a-un-menor-de-14-anos-por-agresion-y-amenazas\/#organizationLogo"},"image":{"@id":"https:\/\/www.eldigitaldeasturias.com\/noticias\/una-educadora-denuncia-a-un-menor-de-14-anos-por-agresion-y-amenazas\/#organizationLogo"},"sameAs":["https:\/\/facebook.com\/eldigitaldeasturias","https:\/\/www.youtube.com\/channel\/UCZP-2wLEB9Rv6erhFmqVnvg"],"address":{"@id":"https:\/\/www.eldigitaldeasturias.com\/noticias\/#postaladdress","@type":"PostalAddress","streetAddress":"san antonio 4","postalCode":"33430","addressLocality":"Cand\u00e1s","addressRegion":"Asturias","addressCountry":"ES"}},{"@type":"Person","@id":"https:\/\/www.eldigitaldeasturias.com\/noticias\/author\/admin\/#author","url":"https:\/\/www.eldigitaldeasturias.com\/noticias\/author\/admin\/","name":"El Digital de Asturias","image":{"@type":"ImageObject","@id":"https:\/\/www.eldigitaldeasturias.com\/noticias\/una-educadora-denuncia-a-un-menor-de-14-anos-por-agresion-y-amenazas\/#authorImage","url":"https:\/\/secure.gravatar.com\/avatar\/df2aeffc32bcd13f8d26072ef8a91b623d677766deac7f97ca815868cd41bf5e?s=96&d=mm&r=g","width":96,"height":96,"caption":"El Digital de Asturias"}},{"@type":"WebPage","@id":"https:\/\/www.eldigitaldeasturias.com\/noticias\/una-educadora-denuncia-a-un-menor-de-14-anos-por-agresion-y-amenazas\/#webpage","url":"https:\/\/www.eldigitaldeasturias.com\/noticias\/una-educadora-denuncia-a-un-menor-de-14-anos-por-agresion-y-amenazas\/","name":"Una educadora denuncia a un menor de 14 a\u00f1os por agresi\u00f3n y amenazas - El Digital de Asturias","description":"Oviedo, 4 dic (EFE).- La Polic\u00eda Nacional ha trasladado a la Fiscal\u00eda de Menores la denuncia formulada por una educadora contra un chico de 14 a\u00f1os por agresi\u00f3n, lesiones y amenazas. La educadora, que trabaja en un centro de menores, acudi\u00f3 a la comisar\u00eda con un parte de lesiones despu\u00e9s de sufrir la agresi\u00f3n, ha","inLanguage":"es-ES","isPartOf":{"@id":"https:\/\/www.eldigitaldeasturias.com\/noticias\/#website"},"breadcrumb":{"@id":"https:\/\/www.eldigitaldeasturias.com\/noticias\/una-educadora-denuncia-a-un-menor-de-14-anos-por-agresion-y-amenazas\/#breadcrumblist"},"author":{"@id":"https:\/\/www.eldigitaldeasturias.com\/noticias\/author\/admin\/#author"},"creator":{"@id":"https:\/\/www.eldigitaldeasturias.com\/noticias\/author\/admin\/#author"},"image":{"@type":"ImageObject","url":455587,"@id":"https:\/\/www.eldigitaldeasturias.com\/noticias\/una-educadora-denuncia-a-un-menor-de-14-anos-por-agresion-y-amenazas\/#mainImage"},"primaryImageOfPage":{"@id":"https:\/\/www.eldigitaldeasturias.com\/noticias\/una-educadora-denuncia-a-un-menor-de-14-anos-por-agresion-y-amenazas\/#mainImage"},"datePublished":"2013-12-04T18:18:52+01:00","dateModified":"2013-12-04T18:18:52+01:00"},{"@type":"WebSite","@id":"https:\/\/www.eldigitaldeasturias.com\/noticias\/#website","url":"https:\/\/www.eldigitaldeasturias.com\/noticias\/","name":"El Digital de Asturias - Diario de actualidad y noticias","alternateName":"El Digital de Asturias - Diario de actualidad y noticias","description":"Hemeroteca","inLanguage":"es-ES","publisher":{"@id":"https:\/\/www.eldigitaldeasturias.com\/noticias\/#organization"}}]},"og:locale":"es_ES","og:site_name":"El Digital de Asturias","og:type":"article","og:title":"Una educadora denuncia a un menor de 14 a\u00f1os por agresi\u00f3n y amenazas - El Digital de Asturias","og:description":"Oviedo, 4 dic (EFE).- La Polic\u00eda Nacional ha trasladado a la Fiscal\u00eda de Menores la denuncia formulada por una educadora contra un chico de 14 a\u00f1os por agresi\u00f3n, lesiones y amenazas. La educadora, que trabaja en un centro de menores, acudi\u00f3 a la comisar\u00eda con un parte de lesiones despu\u00e9s de sufrir la agresi\u00f3n, ha","og:url":"https:\/\/www.eldigitaldeasturias.com\/noticias\/una-educadora-denuncia-a-un-menor-de-14-anos-por-agresion-y-amenazas\/","article:tag":["actualidad asturias"],"article:published_time":"2013-12-04T19:18:52+00:00","article:modified_time":"2013-12-04T19:18:52+00:00","article:publisher":"https:\/\/facebook.com\/eldigitaldeasturias","twitter:card":"summary_large_image","twitter:title":"Una educadora denuncia a un menor de 14 a\u00f1os por agresi\u00f3n y amenazas - El Digital de Asturias","twitter:description":"Oviedo, 4 dic (EFE).- La Polic\u00eda Nacional ha trasladado a la Fiscal\u00eda de Menores la denuncia formulada por una educadora contra un chico de 14 a\u00f1os por agresi\u00f3n, lesiones y amenazas. La educadora, que trabaja en un centro de menores, acudi\u00f3 a la comisar\u00eda con un parte de lesiones despu\u00e9s de sufrir la agresi\u00f3n, ha","twitter:label1":"Escrito por","twitter:data1":"El Digital de Asturias","twitter:label2":"Tiempo de lectura estimado","twitter:data2":"1 minuto"},"aioseo_meta_data":{"post_id":"457724","title":null,"description":null,"keywords":null,"keyphrases":null,"primary_term":null,"canonical_url":null,"og_title":null,"og_description":null,"og_object_type":"default","og_image_type":"default","og_image_url":null,"og_image_width":null,"og_image_height":null,"og_image_custom_url":null,"og_image_custom_fields":null,"og_video":null,"og_custom_url":null,"og_article_section":null,"og_article_tags":null,"twitter_use_og":true,"twitter_card":"default","twitter_image_type":"default","twitter_image_url":null,"twitter_image_custom_url":null,"twitter_image_custom_fields":null,"twitter_title":null,"twitter_description":null,"schema":{"blockGraphs":[],"customGraphs":[],"default":{"data":{"Article":[],"Course":[],"Dataset":[],"FAQPage":[],"Movie":[],"Person":[],"Product":[],"ProductReview":[],"Car":[],"Recipe":[],"Service":[],"SoftwareApplication":[],"WebPage":[]},"graphName":"","isEnabled":true},"graphs":[],"defaultGraph":"","defaultPostTypeGraph":""},"schema_type":null,"schema_type_options":null,"pillar_content":false,"robots_default":true,"robots_noindex":false,"robots_noarchive":false,"robots_nosnippet":false,"robots_nofollow":false,"robots_noimageindex":false,"robots_noodp":false,"robots_notranslate":false,"robots_max_snippet":null,"robots_max_videopreview":null,"robots_max_imagepreview":"none","priority":null,"frequency":null,"local_seo":null,"seo_analyzer_scan_date":"2026-05-30 03:01:39","breadcrumb_settings":null,"limit_modified_date":false,"open_ai":null,"ai":null,"created":"2020-11-14 22:46:09","updated":"2026-05-30 03:01:39","focus_keyword":null,"additional_keywords":null,"truseo_locale":null},"aioseo_breadcrumb":"<div class=\"aioseo-breadcrumbs\"><span class=\"aioseo-breadcrumb\">\n\t<a href=\"https:\/\/www.eldigitaldeasturias.com\/noticias\" title=\"Home\">Home<\/a>\n<\/span><span class=\"aioseo-breadcrumb-separator\">\u2013<\/span><span class=\"aioseo-breadcrumb\">\n\t<a href=\"https:\/\/www.eldigitaldeasturias.com\/noticias\/category\/actualidad-asturias\/\" title=\"Actualidad Asturias\">Actualidad Asturias<\/a>\n<\/span><span class=\"aioseo-breadcrumb-separator\">\u2013<\/span><span class=\"aioseo-breadcrumb\">\n\t<a href=\"https:\/\/www.eldigitaldeasturias.com\/noticias\/una-educadora-denuncia-a-un-menor-de-14-anos-por-agresion-y-amenazas\/\" title=\"Una educadora denuncia a un menor de 14 a\u00f1os por agresi\u00f3n y amenazas\">Una educadora denuncia a un menor de 14 a\u00f1os por agresi\u00f3n y amenazas<\/a>\n<\/span><\/div>","aioseo_breadcrumb_json":[{"label":"Home","link":"https:\/\/www.eldigitaldeasturias.com\/noticias"},{"label":"Actualidad Asturias","link":"https:\/\/www.eldigitaldeasturias.com\/noticias\/category\/actualidad-asturias\/"},{"label":"Una educadora denuncia a un menor de 14 a\u00f1os por agresi\u00f3n y amenazas","link":"https:\/\/www.eldigitaldeasturias.com\/noticias\/una-educadora-denuncia-a-un-menor-de-14-anos-por-agresion-y-amenazas\/"}],"_links":{"self":[{"href":"https:\/\/www.eldigitaldeasturias.com\/noticias\/wp-json\/wp\/v2\/posts\/457724","targetHints":{"allow":["GET"]}}],"collection":[{"href":"https:\/\/www.eldigitaldeasturias.com\/noticias\/wp-json\/wp\/v2\/posts"}],"about":[{"href":"https:\/\/www.eldigitaldeasturias.com\/noticias\/wp-json\/wp\/v2\/types\/post"}],"author":[{"embeddable":true,"href":"https:\/\/www.eldigitaldeasturias.com\/noticias\/wp-json\/wp\/v2\/users\/1"}],"replies":[{"embeddable":true,"href":"https:\/\/www.eldigitaldeasturias.com\/noticias\/wp-json\/wp\/v2\/comments?post=457724"}],"version-history":[{"count":0,"href":"https:\/\/www.eldigitaldeasturias.com\/noticias\/wp-json\/wp\/v2\/posts\/457724\/revisions"}],"wp:attachment":[{"href":"https:\/\/www.eldigitaldeasturias.com\/noticias\/wp-json\/wp\/v2\/media?parent=457724"}],"wp:term":[{"taxonomy":"category","embeddable":true,"href":"https:\/\/www.eldigitaldeasturias.com\/noticias\/wp-json\/wp\/v2\/categories?post=457724"},{"taxonomy":"post_tag","embeddable":true,"href":"https:\/\/www.eldigitaldeasturias.com\/noticias\/wp-json\/wp\/v2\/tags?post=457724"}],"curies":[{"name":"wp","href":"https:\/\/api.w.org\/{rel}","templated":true}]}}