{"id":457716,"date":"2013-12-04T18:11:57","date_gmt":"2013-12-04T19:11:57","guid":{"rendered":"http:\/\/www.eldigitaldeasturias.com\/noticias\/?p=457716"},"modified":"2013-12-04T18:11:57","modified_gmt":"2013-12-04T19:11:57","slug":"guillermo-martinez-dice-que-es-insolito-que-haya-politicos-que-no-quieran-presupuestos","status":"publish","type":"post","link":"https:\/\/www.eldigitaldeasturias.com\/noticias\/guillermo-martinez-dice-que-es-insolito-que-haya-politicos-que-no-quieran-presupuestos\/","title":{"rendered":"Guillermo Mart\u00ednez dice que es ins\u00f3lito que haya pol\u00edticos que no quieran presupuestos"},"content":{"rendered":"<p><img loading=\"lazy\" decoding=\"async\" class=\"alignleft size-medium wp-image-451220\" alt=\"2013_11_20 Consejero Presidencia rueda prensa CG\" src=\"https:\/\/www.eldigitaldeasturias.com\/noticias\/wp-content\/uploads\/2013\/11\/2013_11_20-Consejero-Presidencia-rueda-prensa-CG-360x255.jpg\" width=\"360\" height=\"255\" \/>Oviedo, 4 dic (EFE).- El portavoz del Gobierno asturiano, Guillermo Mart\u00ednez, no considera \u00abalgo ins\u00f3lito\u00bb que haya dirigentes del PP que se pronuncien a favor de que Asturias tenga presupuestos en 2014, frente a la \u00abfrivolidad e irresponsabilidad\u00bb de quienes se oponen a \u00e9l, antes incluso de conocerlo.<\/p>\n<p>Mart\u00ednez se ha referido as\u00ed a las declaraciones efectuadas ayer por el delegado del Gobierno, Gabino de Lorenzo, del PP, que dijo que su partido \u00absabr\u00e1 entenderse\u00bb para que Asturias tenga presupuesto, y al diputado de UPyD, que anunci\u00f3 el lunes que no apoyar\u00eda las cuentas regionales, a pesar de que \u00e9stas no fueron aprobadas por el Consejo de Gobierno hasta el d\u00eda siguiente.<\/p>\n<p>\u00ab\u00c9sa es una actitud fr\u00edvola e irresponsable\u00bb, ha incidido Mart\u00ednez en referencia al diputado de la formaci\u00f3n magenta, Ignacio Prendes, aunque tambi\u00e9n ha se\u00f1alado que para el Gobierno \u00ablo razonable\u00bb ser\u00eda un entendimiento con esta formaci\u00f3n y con IU, al igual que ya hicieron para aprobar los presupuestos de este a\u00f1o.<\/p>\n<p>En la rueda de prensa posterior a la reuni\u00f3n semanal del Consejo de Gobierno, Mart\u00ednez ha advertido de que el proyecto de ley de Presupuestos de 2014 ha sido remitido ya a la Junta General del Principado y que ahora son los grupos parlamentarios quienes tienen la \u00faltima palabra.<\/p>\n<p>Este proyecto de presupuestos de la comunidad aut\u00f3noma se eleva a 3.910 millones, lo que representa un incremento del 2,61 por ciento respecto al del ejercicio anterior.<\/p>\n<p>\u00abEl Gobierno espera que los grupos lo analicen con seriedad y luego propongan medidas oportunas\u00bb, ha se\u00f1alado en respuesta a la oferta lanzada por Gabino de Lorenzo y antes de incidir en que lo ins\u00f3lito deber\u00eda ser que haya dirigentes que se pronuncien en contra de que Asturias tenga presupuesto en 2014<\/p>\n<p>Se ha mostrado convencido de que los asturianos saben con qui\u00e9n pueden contar y con quien no en esta comunidad aut\u00f3noma, y que est\u00e1 claro que una pr\u00f3rroga del presupuesto actual siempre ser\u00e1 peor que un nuevo presupuesto.<\/p>\n<p>\u00abHa sido imposible un acuerdo previo pero el Gobierno no renuncia a que el presupuesto tenga el apoyo de los grupos parlamentarios\u00bb, ha incidido Mart\u00ednez, que ha incidido en que evitar la pr\u00f3rroga es una responsabilidad pol\u00edtica compartida por todos los grupos de la C\u00e1mara, y no s\u00f3lo por el Gobierno.<\/p>\n","protected":false},"excerpt":{"rendered":"<p>Oviedo, 4 dic (EFE).- El portavoz del Gobierno asturiano, Guillermo Mart\u00ednez, no considera \u00abalgo ins\u00f3lito\u00bb que haya dirigentes del PP que se pronuncien a favor de que Asturias tenga presupuestos en 2014, frente a la \u00abfrivolidad e irresponsabilidad\u00bb de quienes se oponen a \u00e9l, antes incluso de conocerlo. Mart\u00ednez se ha referido as\u00ed a las [&hellip;]<\/p>\n","protected":false},"author":1,"featured_media":451220,"comment_status":"closed","ping_status":"open","sticky":false,"template":"","format":"standard","meta":{"footnotes":""},"categories":[12],"tags":[],"class_list":["post-457716","post","type-post","status-publish","format-standard","has-post-thumbnail","hentry","category-actualidad-asturias"],"aioseo_notices":[],"aioseo_head":"\n\t\t<!-- All in One SEO Pro 5.0.1 - aioseo.com -->\n\t<meta name=\"description\" content=\"Oviedo, 4 dic (EFE).- El portavoz del Gobierno asturiano, Guillermo Mart\u00ednez, no considera &quot;algo ins\u00f3lito&quot; que haya dirigentes del PP que se pronuncien a favor de que Asturias tenga presupuestos en 2014, frente a la &quot;frivolidad e irresponsabilidad&quot; de quienes se oponen a \u00e9l, antes incluso de conocerlo. Mart\u00ednez se ha referido as\u00ed a las\" \/>\n\t<meta name=\"robots\" content=\"max-image-preview:large\" \/>\n\t<meta name=\"author\" content=\"El Digital de Asturias\"\/>\n\t<meta name=\"google-site-verification\" content=\"UA-38556648-1\" \/>\n\t<meta name=\"msvalidate.01\" content=\"7dfe9f3f1b24437ab69f4f2559babe99\" \/>\n\t<meta name=\"keywords\" content=\"actualidad asturias\" \/>\n\t<link rel=\"canonical\" href=\"https:\/\/www.eldigitaldeasturias.com\/noticias\/guillermo-martinez-dice-que-es-insolito-que-haya-politicos-que-no-quieran-presupuestos\/\" \/>\n\t<meta name=\"generator\" content=\"All in One SEO Pro (AIOSEO) 5.0.1\" \/>\n\t\t<meta property=\"og:locale\" content=\"es_ES\" \/>\n\t\t<meta property=\"og:site_name\" content=\"El Digital de Asturias\" \/>\n\t\t<meta property=\"og:type\" content=\"article\" \/>\n\t\t<meta property=\"og:title\" content=\"Guillermo Mart\u00ednez dice que es ins\u00f3lito que haya pol\u00edticos que no quieran presupuestos - El Digital de Asturias\" \/>\n\t\t<meta property=\"og:description\" content=\"Oviedo, 4 dic (EFE).- El portavoz del Gobierno asturiano, Guillermo Mart\u00ednez, no considera &quot;algo ins\u00f3lito&quot; que haya dirigentes del PP que se pronuncien a favor de que Asturias tenga presupuestos en 2014, frente a la &quot;frivolidad e irresponsabilidad&quot; de quienes se oponen a \u00e9l, antes incluso de conocerlo. Mart\u00ednez se ha referido as\u00ed a las\" \/>\n\t\t<meta property=\"og:url\" content=\"https:\/\/www.eldigitaldeasturias.com\/noticias\/guillermo-martinez-dice-que-es-insolito-que-haya-politicos-que-no-quieran-presupuestos\/\" \/>\n\t\t<meta property=\"article:tag\" content=\"actualidad asturias\" \/>\n\t\t<meta property=\"article:published_time\" content=\"2013-12-04T19:11:57+00:00\" \/>\n\t\t<meta property=\"article:modified_time\" content=\"2013-12-04T19:11:57+00:00\" \/>\n\t\t<meta property=\"article:publisher\" content=\"https:\/\/facebook.com\/eldigitaldeasturias\" \/>\n\t\t<meta name=\"twitter:card\" content=\"summary_large_image\" \/>\n\t\t<meta name=\"twitter:title\" content=\"Guillermo Mart\u00ednez dice que es ins\u00f3lito que haya pol\u00edticos que no quieran presupuestos - El Digital de Asturias\" \/>\n\t\t<meta name=\"twitter:description\" content=\"Oviedo, 4 dic (EFE).- El portavoz del Gobierno asturiano, Guillermo Mart\u00ednez, no considera &quot;algo ins\u00f3lito&quot; que haya dirigentes del PP que se pronuncien a favor de que Asturias tenga presupuestos en 2014, frente a la &quot;frivolidad e irresponsabilidad&quot; de quienes se oponen a \u00e9l, antes incluso de conocerlo. Mart\u00ednez se ha referido as\u00ed a las\" \/>\n\t\t<meta name=\"twitter:label1\" content=\"Escrito por\" \/>\n\t\t<meta name=\"twitter:data1\" content=\"El Digital de Asturias\" \/>\n\t\t<meta name=\"twitter:label2\" content=\"Tiempo de lectura estimado\" \/>\n\t\t<meta name=\"twitter:data2\" content=\"2 minutos\" \/>\n\t\t<script type=\"application\/ld+json\" class=\"aioseo-schema\">\n\t\t\t{\"@context\":\"https:\\\/\\\/schema.org\",\"@graph\":[{\"@type\":\"BlogPosting\",\"@id\":\"https:\\\/\\\/www.eldigitaldeasturias.com\\\/noticias\\\/guillermo-martinez-dice-que-es-insolito-que-haya-politicos-que-no-quieran-presupuestos\\\/#blogposting\",\"name\":\"Guillermo Mart\\u00ednez dice que es ins\\u00f3lito que haya pol\\u00edticos que no quieran presupuestos - El Digital de Asturias\",\"headline\":\"Guillermo Mart\\u00ednez dice que es ins\\u00f3lito que haya pol\\u00edticos que no quieran presupuestos\",\"author\":{\"@id\":\"https:\\\/\\\/www.eldigitaldeasturias.com\\\/noticias\\\/author\\\/admin\\\/#author\"},\"publisher\":{\"@id\":\"https:\\\/\\\/www.eldigitaldeasturias.com\\\/noticias\\\/#organization\"},\"image\":{\"@type\":\"ImageObject\",\"url\":451220},\"datePublished\":\"2013-12-04T18:11:57+01:00\",\"dateModified\":\"2013-12-04T18:11:57+01:00\",\"inLanguage\":\"es-ES\",\"mainEntityOfPage\":{\"@id\":\"https:\\\/\\\/www.eldigitaldeasturias.com\\\/noticias\\\/guillermo-martinez-dice-que-es-insolito-que-haya-politicos-que-no-quieran-presupuestos\\\/#webpage\"},\"isPartOf\":{\"@id\":\"https:\\\/\\\/www.eldigitaldeasturias.com\\\/noticias\\\/guillermo-martinez-dice-que-es-insolito-que-haya-politicos-que-no-quieran-presupuestos\\\/#webpage\"},\"articleSection\":\"Actualidad Asturias\"},{\"@type\":\"BreadcrumbList\",\"@id\":\"https:\\\/\\\/www.eldigitaldeasturias.com\\\/noticias\\\/guillermo-martinez-dice-que-es-insolito-que-haya-politicos-que-no-quieran-presupuestos\\\/#breadcrumblist\",\"itemListElement\":[{\"@type\":\"ListItem\",\"@id\":\"https:\\\/\\\/www.eldigitaldeasturias.com\\\/noticias#listItem\",\"position\":1,\"name\":\"Home\",\"item\":\"https:\\\/\\\/www.eldigitaldeasturias.com\\\/noticias\",\"nextItem\":{\"@type\":\"ListItem\",\"@id\":\"https:\\\/\\\/www.eldigitaldeasturias.com\\\/noticias\\\/category\\\/actualidad-asturias\\\/#listItem\",\"name\":\"Actualidad Asturias\"}},{\"@type\":\"ListItem\",\"@id\":\"https:\\\/\\\/www.eldigitaldeasturias.com\\\/noticias\\\/category\\\/actualidad-asturias\\\/#listItem\",\"position\":2,\"name\":\"Actualidad Asturias\",\"item\":\"https:\\\/\\\/www.eldigitaldeasturias.com\\\/noticias\\\/category\\\/actualidad-asturias\\\/\",\"nextItem\":{\"@type\":\"ListItem\",\"@id\":\"https:\\\/\\\/www.eldigitaldeasturias.com\\\/noticias\\\/guillermo-martinez-dice-que-es-insolito-que-haya-politicos-que-no-quieran-presupuestos\\\/#listItem\",\"name\":\"Guillermo Mart\\u00ednez dice que es ins\\u00f3lito que haya pol\\u00edticos que no quieran presupuestos\"},\"previousItem\":{\"@type\":\"ListItem\",\"@id\":\"https:\\\/\\\/www.eldigitaldeasturias.com\\\/noticias#listItem\",\"name\":\"Home\"}},{\"@type\":\"ListItem\",\"@id\":\"https:\\\/\\\/www.eldigitaldeasturias.com\\\/noticias\\\/guillermo-martinez-dice-que-es-insolito-que-haya-politicos-que-no-quieran-presupuestos\\\/#listItem\",\"position\":3,\"name\":\"Guillermo Mart\\u00ednez dice que es ins\\u00f3lito que haya pol\\u00edticos que no quieran presupuestos\",\"previousItem\":{\"@type\":\"ListItem\",\"@id\":\"https:\\\/\\\/www.eldigitaldeasturias.com\\\/noticias\\\/category\\\/actualidad-asturias\\\/#listItem\",\"name\":\"Actualidad Asturias\"}}]},{\"@type\":\"Organization\",\"@id\":\"https:\\\/\\\/www.eldigitaldeasturias.com\\\/noticias\\\/#organization\",\"name\":\"El Digital de Asturias\",\"description\":\"Hemeroteca\",\"url\":\"https:\\\/\\\/www.eldigitaldeasturias.com\\\/noticias\\\/\",\"email\":\"info@eldigitaldeasturias.com\",\"telephone\":\"+34652131393\",\"logo\":{\"@type\":\"ImageObject\",\"url\":\"https:\\\/\\\/www.eldigitaldeasturias.com\\\/noticias\\\/wp-content\\\/uploads\\\/2020\\\/12\\\/EDA.jpg\",\"@id\":\"https:\\\/\\\/www.eldigitaldeasturias.com\\\/noticias\\\/guillermo-martinez-dice-que-es-insolito-que-haya-politicos-que-no-quieran-presupuestos\\\/#organizationLogo\"},\"image\":{\"@id\":\"https:\\\/\\\/www.eldigitaldeasturias.com\\\/noticias\\\/guillermo-martinez-dice-que-es-insolito-que-haya-politicos-que-no-quieran-presupuestos\\\/#organizationLogo\"},\"sameAs\":[\"https:\\\/\\\/facebook.com\\\/eldigitaldeasturias\",\"https:\\\/\\\/www.youtube.com\\\/channel\\\/UCZP-2wLEB9Rv6erhFmqVnvg\"],\"address\":{\"@id\":\"https:\\\/\\\/www.eldigitaldeasturias.com\\\/noticias\\\/#postaladdress\",\"@type\":\"PostalAddress\",\"streetAddress\":\"san antonio 4\",\"postalCode\":\"33430\",\"addressLocality\":\"Cand\\u00e1s\",\"addressRegion\":\"Asturias\",\"addressCountry\":\"ES\"}},{\"@type\":\"Person\",\"@id\":\"https:\\\/\\\/www.eldigitaldeasturias.com\\\/noticias\\\/author\\\/admin\\\/#author\",\"url\":\"https:\\\/\\\/www.eldigitaldeasturias.com\\\/noticias\\\/author\\\/admin\\\/\",\"name\":\"El Digital de Asturias\",\"image\":{\"@type\":\"ImageObject\",\"@id\":\"https:\\\/\\\/www.eldigitaldeasturias.com\\\/noticias\\\/guillermo-martinez-dice-que-es-insolito-que-haya-politicos-que-no-quieran-presupuestos\\\/#authorImage\",\"url\":\"https:\\\/\\\/secure.gravatar.com\\\/avatar\\\/df2aeffc32bcd13f8d26072ef8a91b623d677766deac7f97ca815868cd41bf5e?s=96&d=mm&r=g\",\"width\":96,\"height\":96,\"caption\":\"El Digital de Asturias\"}},{\"@type\":\"WebPage\",\"@id\":\"https:\\\/\\\/www.eldigitaldeasturias.com\\\/noticias\\\/guillermo-martinez-dice-que-es-insolito-que-haya-politicos-que-no-quieran-presupuestos\\\/#webpage\",\"url\":\"https:\\\/\\\/www.eldigitaldeasturias.com\\\/noticias\\\/guillermo-martinez-dice-que-es-insolito-que-haya-politicos-que-no-quieran-presupuestos\\\/\",\"name\":\"Guillermo Mart\\u00ednez dice que es ins\\u00f3lito que haya pol\\u00edticos que no quieran presupuestos - El Digital de Asturias\",\"description\":\"Oviedo, 4 dic (EFE).- El portavoz del Gobierno asturiano, Guillermo Mart\\u00ednez, no considera \\\"algo ins\\u00f3lito\\\" que haya dirigentes del PP que se pronuncien a favor de que Asturias tenga presupuestos en 2014, frente a la \\\"frivolidad e irresponsabilidad\\\" de quienes se oponen a \\u00e9l, antes incluso de conocerlo. Mart\\u00ednez se ha referido as\\u00ed a las\",\"inLanguage\":\"es-ES\",\"isPartOf\":{\"@id\":\"https:\\\/\\\/www.eldigitaldeasturias.com\\\/noticias\\\/#website\"},\"breadcrumb\":{\"@id\":\"https:\\\/\\\/www.eldigitaldeasturias.com\\\/noticias\\\/guillermo-martinez-dice-que-es-insolito-que-haya-politicos-que-no-quieran-presupuestos\\\/#breadcrumblist\"},\"author\":{\"@id\":\"https:\\\/\\\/www.eldigitaldeasturias.com\\\/noticias\\\/author\\\/admin\\\/#author\"},\"creator\":{\"@id\":\"https:\\\/\\\/www.eldigitaldeasturias.com\\\/noticias\\\/author\\\/admin\\\/#author\"},\"image\":{\"@type\":\"ImageObject\",\"url\":451220,\"@id\":\"https:\\\/\\\/www.eldigitaldeasturias.com\\\/noticias\\\/guillermo-martinez-dice-que-es-insolito-que-haya-politicos-que-no-quieran-presupuestos\\\/#mainImage\"},\"primaryImageOfPage\":{\"@id\":\"https:\\\/\\\/www.eldigitaldeasturias.com\\\/noticias\\\/guillermo-martinez-dice-que-es-insolito-que-haya-politicos-que-no-quieran-presupuestos\\\/#mainImage\"},\"datePublished\":\"2013-12-04T18:11:57+01:00\",\"dateModified\":\"2013-12-04T18:11:57+01:00\"},{\"@type\":\"WebSite\",\"@id\":\"https:\\\/\\\/www.eldigitaldeasturias.com\\\/noticias\\\/#website\",\"url\":\"https:\\\/\\\/www.eldigitaldeasturias.com\\\/noticias\\\/\",\"name\":\"El Digital de Asturias - Diario de actualidad y noticias\",\"alternateName\":\"El Digital de Asturias - Diario de actualidad y noticias\",\"description\":\"Hemeroteca\",\"inLanguage\":\"es-ES\",\"publisher\":{\"@id\":\"https:\\\/\\\/www.eldigitaldeasturias.com\\\/noticias\\\/#organization\"}}]}\n\t\t<\/script>\n\t\t<!-- All in One SEO Pro -->\r\n\t\t<title>Guillermo Mart\u00ednez dice que es ins\u00f3lito que haya pol\u00edticos que no quieran presupuestos - El Digital de Asturias<\/title>\n\n","aioseo_head_json":{"title":"Guillermo Mart\u00ednez dice que es ins\u00f3lito que haya pol\u00edticos que no quieran presupuestos - El Digital de Asturias","description":"Oviedo, 4 dic (EFE).- El portavoz del Gobierno asturiano, Guillermo Mart\u00ednez, no considera \"algo ins\u00f3lito\" que haya dirigentes del PP que se pronuncien a favor de que Asturias tenga presupuestos en 2014, frente a la \"frivolidad e irresponsabilidad\" de quienes se oponen a \u00e9l, antes incluso de conocerlo. Mart\u00ednez se ha referido as\u00ed a las","canonical_url":"https:\/\/www.eldigitaldeasturias.com\/noticias\/guillermo-martinez-dice-que-es-insolito-que-haya-politicos-que-no-quieran-presupuestos\/","robots":"max-image-preview:large","keywords":"actualidad asturias","webmasterTools":{"google-site-verification":"UA-38556648-1","msvalidate.01":"7dfe9f3f1b24437ab69f4f2559babe99","miscellaneous":""},"schema":{"@context":"https:\/\/schema.org","@graph":[{"@type":"BlogPosting","@id":"https:\/\/www.eldigitaldeasturias.com\/noticias\/guillermo-martinez-dice-que-es-insolito-que-haya-politicos-que-no-quieran-presupuestos\/#blogposting","name":"Guillermo Mart\u00ednez dice que es ins\u00f3lito que haya pol\u00edticos que no quieran presupuestos - El Digital de Asturias","headline":"Guillermo Mart\u00ednez dice que es ins\u00f3lito que haya pol\u00edticos que no quieran presupuestos","author":{"@id":"https:\/\/www.eldigitaldeasturias.com\/noticias\/author\/admin\/#author"},"publisher":{"@id":"https:\/\/www.eldigitaldeasturias.com\/noticias\/#organization"},"image":{"@type":"ImageObject","url":451220},"datePublished":"2013-12-04T18:11:57+01:00","dateModified":"2013-12-04T18:11:57+01:00","inLanguage":"es-ES","mainEntityOfPage":{"@id":"https:\/\/www.eldigitaldeasturias.com\/noticias\/guillermo-martinez-dice-que-es-insolito-que-haya-politicos-que-no-quieran-presupuestos\/#webpage"},"isPartOf":{"@id":"https:\/\/www.eldigitaldeasturias.com\/noticias\/guillermo-martinez-dice-que-es-insolito-que-haya-politicos-que-no-quieran-presupuestos\/#webpage"},"articleSection":"Actualidad Asturias"},{"@type":"BreadcrumbList","@id":"https:\/\/www.eldigitaldeasturias.com\/noticias\/guillermo-martinez-dice-que-es-insolito-que-haya-politicos-que-no-quieran-presupuestos\/#breadcrumblist","itemListElement":[{"@type":"ListItem","@id":"https:\/\/www.eldigitaldeasturias.com\/noticias#listItem","position":1,"name":"Home","item":"https:\/\/www.eldigitaldeasturias.com\/noticias","nextItem":{"@type":"ListItem","@id":"https:\/\/www.eldigitaldeasturias.com\/noticias\/category\/actualidad-asturias\/#listItem","name":"Actualidad Asturias"}},{"@type":"ListItem","@id":"https:\/\/www.eldigitaldeasturias.com\/noticias\/category\/actualidad-asturias\/#listItem","position":2,"name":"Actualidad Asturias","item":"https:\/\/www.eldigitaldeasturias.com\/noticias\/category\/actualidad-asturias\/","nextItem":{"@type":"ListItem","@id":"https:\/\/www.eldigitaldeasturias.com\/noticias\/guillermo-martinez-dice-que-es-insolito-que-haya-politicos-que-no-quieran-presupuestos\/#listItem","name":"Guillermo Mart\u00ednez dice que es ins\u00f3lito que haya pol\u00edticos que no quieran presupuestos"},"previousItem":{"@type":"ListItem","@id":"https:\/\/www.eldigitaldeasturias.com\/noticias#listItem","name":"Home"}},{"@type":"ListItem","@id":"https:\/\/www.eldigitaldeasturias.com\/noticias\/guillermo-martinez-dice-que-es-insolito-que-haya-politicos-que-no-quieran-presupuestos\/#listItem","position":3,"name":"Guillermo Mart\u00ednez dice que es ins\u00f3lito que haya pol\u00edticos que no quieran presupuestos","previousItem":{"@type":"ListItem","@id":"https:\/\/www.eldigitaldeasturias.com\/noticias\/category\/actualidad-asturias\/#listItem","name":"Actualidad Asturias"}}]},{"@type":"Organization","@id":"https:\/\/www.eldigitaldeasturias.com\/noticias\/#organization","name":"El Digital de Asturias","description":"Hemeroteca","url":"https:\/\/www.eldigitaldeasturias.com\/noticias\/","email":"info@eldigitaldeasturias.com","telephone":"+34652131393","logo":{"@type":"ImageObject","url":"https:\/\/www.eldigitaldeasturias.com\/noticias\/wp-content\/uploads\/2020\/12\/EDA.jpg","@id":"https:\/\/www.eldigitaldeasturias.com\/noticias\/guillermo-martinez-dice-que-es-insolito-que-haya-politicos-que-no-quieran-presupuestos\/#organizationLogo"},"image":{"@id":"https:\/\/www.eldigitaldeasturias.com\/noticias\/guillermo-martinez-dice-que-es-insolito-que-haya-politicos-que-no-quieran-presupuestos\/#organizationLogo"},"sameAs":["https:\/\/facebook.com\/eldigitaldeasturias","https:\/\/www.youtube.com\/channel\/UCZP-2wLEB9Rv6erhFmqVnvg"],"address":{"@id":"https:\/\/www.eldigitaldeasturias.com\/noticias\/#postaladdress","@type":"PostalAddress","streetAddress":"san antonio 4","postalCode":"33430","addressLocality":"Cand\u00e1s","addressRegion":"Asturias","addressCountry":"ES"}},{"@type":"Person","@id":"https:\/\/www.eldigitaldeasturias.com\/noticias\/author\/admin\/#author","url":"https:\/\/www.eldigitaldeasturias.com\/noticias\/author\/admin\/","name":"El Digital de Asturias","image":{"@type":"ImageObject","@id":"https:\/\/www.eldigitaldeasturias.com\/noticias\/guillermo-martinez-dice-que-es-insolito-que-haya-politicos-que-no-quieran-presupuestos\/#authorImage","url":"https:\/\/secure.gravatar.com\/avatar\/df2aeffc32bcd13f8d26072ef8a91b623d677766deac7f97ca815868cd41bf5e?s=96&d=mm&r=g","width":96,"height":96,"caption":"El Digital de Asturias"}},{"@type":"WebPage","@id":"https:\/\/www.eldigitaldeasturias.com\/noticias\/guillermo-martinez-dice-que-es-insolito-que-haya-politicos-que-no-quieran-presupuestos\/#webpage","url":"https:\/\/www.eldigitaldeasturias.com\/noticias\/guillermo-martinez-dice-que-es-insolito-que-haya-politicos-que-no-quieran-presupuestos\/","name":"Guillermo Mart\u00ednez dice que es ins\u00f3lito que haya pol\u00edticos que no quieran presupuestos - El Digital de Asturias","description":"Oviedo, 4 dic (EFE).- El portavoz del Gobierno asturiano, Guillermo Mart\u00ednez, no considera \"algo ins\u00f3lito\" que haya dirigentes del PP que se pronuncien a favor de que Asturias tenga presupuestos en 2014, frente a la \"frivolidad e irresponsabilidad\" de quienes se oponen a \u00e9l, antes incluso de conocerlo. Mart\u00ednez se ha referido as\u00ed a las","inLanguage":"es-ES","isPartOf":{"@id":"https:\/\/www.eldigitaldeasturias.com\/noticias\/#website"},"breadcrumb":{"@id":"https:\/\/www.eldigitaldeasturias.com\/noticias\/guillermo-martinez-dice-que-es-insolito-que-haya-politicos-que-no-quieran-presupuestos\/#breadcrumblist"},"author":{"@id":"https:\/\/www.eldigitaldeasturias.com\/noticias\/author\/admin\/#author"},"creator":{"@id":"https:\/\/www.eldigitaldeasturias.com\/noticias\/author\/admin\/#author"},"image":{"@type":"ImageObject","url":451220,"@id":"https:\/\/www.eldigitaldeasturias.com\/noticias\/guillermo-martinez-dice-que-es-insolito-que-haya-politicos-que-no-quieran-presupuestos\/#mainImage"},"primaryImageOfPage":{"@id":"https:\/\/www.eldigitaldeasturias.com\/noticias\/guillermo-martinez-dice-que-es-insolito-que-haya-politicos-que-no-quieran-presupuestos\/#mainImage"},"datePublished":"2013-12-04T18:11:57+01:00","dateModified":"2013-12-04T18:11:57+01:00"},{"@type":"WebSite","@id":"https:\/\/www.eldigitaldeasturias.com\/noticias\/#website","url":"https:\/\/www.eldigitaldeasturias.com\/noticias\/","name":"El Digital de Asturias - Diario de actualidad y noticias","alternateName":"El Digital de Asturias - Diario de actualidad y noticias","description":"Hemeroteca","inLanguage":"es-ES","publisher":{"@id":"https:\/\/www.eldigitaldeasturias.com\/noticias\/#organization"}}]},"og:locale":"es_ES","og:site_name":"El Digital de Asturias","og:type":"article","og:title":"Guillermo Mart\u00ednez dice que es ins\u00f3lito que haya pol\u00edticos que no quieran presupuestos - El Digital de Asturias","og:description":"Oviedo, 4 dic (EFE).- El portavoz del Gobierno asturiano, Guillermo Mart\u00ednez, no considera &quot;algo ins\u00f3lito&quot; que haya dirigentes del PP que se pronuncien a favor de que Asturias tenga presupuestos en 2014, frente a la &quot;frivolidad e irresponsabilidad&quot; de quienes se oponen a \u00e9l, antes incluso de conocerlo. Mart\u00ednez se ha referido as\u00ed a las","og:url":"https:\/\/www.eldigitaldeasturias.com\/noticias\/guillermo-martinez-dice-que-es-insolito-que-haya-politicos-que-no-quieran-presupuestos\/","article:tag":["actualidad asturias"],"article:published_time":"2013-12-04T19:11:57+00:00","article:modified_time":"2013-12-04T19:11:57+00:00","article:publisher":"https:\/\/facebook.com\/eldigitaldeasturias","twitter:card":"summary_large_image","twitter:title":"Guillermo Mart\u00ednez dice que es ins\u00f3lito que haya pol\u00edticos que no quieran presupuestos - El Digital de Asturias","twitter:description":"Oviedo, 4 dic (EFE).- El portavoz del Gobierno asturiano, Guillermo Mart\u00ednez, no considera &quot;algo ins\u00f3lito&quot; que haya dirigentes del PP que se pronuncien a favor de que Asturias tenga presupuestos en 2014, frente a la &quot;frivolidad e irresponsabilidad&quot; de quienes se oponen a \u00e9l, antes incluso de conocerlo. Mart\u00ednez se ha referido as\u00ed a las","twitter:label1":"Escrito por","twitter:data1":"El Digital de Asturias","twitter:label2":"Tiempo de lectura estimado","twitter:data2":"2 minutos"},"aioseo_meta_data":{"post_id":"457716","title":null,"description":null,"keywords":null,"keyphrases":null,"primary_term":null,"canonical_url":null,"og_title":null,"og_description":null,"og_object_type":"default","og_image_type":"default","og_image_url":null,"og_image_width":null,"og_image_height":null,"og_image_custom_url":null,"og_image_custom_fields":null,"og_video":null,"og_custom_url":null,"og_article_section":null,"og_article_tags":null,"twitter_use_og":true,"twitter_card":"default","twitter_image_type":"default","twitter_image_url":null,"twitter_image_custom_url":null,"twitter_image_custom_fields":null,"twitter_title":null,"twitter_description":null,"schema":{"blockGraphs":[],"customGraphs":[],"default":{"data":{"Article":[],"Course":[],"Dataset":[],"FAQPage":[],"Movie":[],"Person":[],"Product":[],"ProductReview":[],"Car":[],"Recipe":[],"Service":[],"SoftwareApplication":[],"WebPage":[]},"graphName":"","isEnabled":true},"graphs":[],"defaultGraph":"","defaultPostTypeGraph":""},"schema_type":null,"schema_type_options":null,"pillar_content":false,"robots_default":true,"robots_noindex":false,"robots_noarchive":false,"robots_nosnippet":false,"robots_nofollow":false,"robots_noimageindex":false,"robots_noodp":false,"robots_notranslate":false,"robots_max_snippet":null,"robots_max_videopreview":null,"robots_max_imagepreview":"none","priority":null,"frequency":null,"local_seo":null,"seo_analyzer_scan_date":"2026-05-30 02:58:11","breadcrumb_settings":null,"limit_modified_date":false,"open_ai":null,"ai":null,"created":"2020-11-14 22:46:09","updated":"2026-05-30 02:58:11","focus_keyword":null,"additional_keywords":null,"truseo_locale":null},"aioseo_breadcrumb":"<div class=\"aioseo-breadcrumbs\"><span class=\"aioseo-breadcrumb\">\n\t<a href=\"https:\/\/www.eldigitaldeasturias.com\/noticias\" title=\"Home\">Home<\/a>\n<\/span><span class=\"aioseo-breadcrumb-separator\">\u2013<\/span><span class=\"aioseo-breadcrumb\">\n\t<a href=\"https:\/\/www.eldigitaldeasturias.com\/noticias\/category\/actualidad-asturias\/\" title=\"Actualidad Asturias\">Actualidad Asturias<\/a>\n<\/span><span class=\"aioseo-breadcrumb-separator\">\u2013<\/span><span class=\"aioseo-breadcrumb\">\n\t<a href=\"https:\/\/www.eldigitaldeasturias.com\/noticias\/guillermo-martinez-dice-que-es-insolito-que-haya-politicos-que-no-quieran-presupuestos\/\" title=\"Guillermo Mart\u00ednez dice que es ins\u00f3lito que haya pol\u00edticos que no quieran presupuestos\">Guillermo Mart\u00ednez dice que es ins\u00f3lito que haya pol\u00edticos que no quieran presupuestos<\/a>\n<\/span><\/div>","aioseo_breadcrumb_json":[{"label":"Home","link":"https:\/\/www.eldigitaldeasturias.com\/noticias"},{"label":"Actualidad Asturias","link":"https:\/\/www.eldigitaldeasturias.com\/noticias\/category\/actualidad-asturias\/"},{"label":"Guillermo Mart\u00ednez dice que es ins\u00f3lito que haya pol\u00edticos que no quieran presupuestos","link":"https:\/\/www.eldigitaldeasturias.com\/noticias\/guillermo-martinez-dice-que-es-insolito-que-haya-politicos-que-no-quieran-presupuestos\/"}],"_links":{"self":[{"href":"https:\/\/www.eldigitaldeasturias.com\/noticias\/wp-json\/wp\/v2\/posts\/457716","targetHints":{"allow":["GET"]}}],"collection":[{"href":"https:\/\/www.eldigitaldeasturias.com\/noticias\/wp-json\/wp\/v2\/posts"}],"about":[{"href":"https:\/\/www.eldigitaldeasturias.com\/noticias\/wp-json\/wp\/v2\/types\/post"}],"author":[{"embeddable":true,"href":"https:\/\/www.eldigitaldeasturias.com\/noticias\/wp-json\/wp\/v2\/users\/1"}],"replies":[{"embeddable":true,"href":"https:\/\/www.eldigitaldeasturias.com\/noticias\/wp-json\/wp\/v2\/comments?post=457716"}],"version-history":[{"count":0,"href":"https:\/\/www.eldigitaldeasturias.com\/noticias\/wp-json\/wp\/v2\/posts\/457716\/revisions"}],"wp:attachment":[{"href":"https:\/\/www.eldigitaldeasturias.com\/noticias\/wp-json\/wp\/v2\/media?parent=457716"}],"wp:term":[{"taxonomy":"category","embeddable":true,"href":"https:\/\/www.eldigitaldeasturias.com\/noticias\/wp-json\/wp\/v2\/categories?post=457716"},{"taxonomy":"post_tag","embeddable":true,"href":"https:\/\/www.eldigitaldeasturias.com\/noticias\/wp-json\/wp\/v2\/tags?post=457716"}],"curies":[{"name":"wp","href":"https:\/\/api.w.org\/{rel}","templated":true}]}}