{"id":457714,"date":"2013-12-04T18:09:49","date_gmt":"2013-12-04T19:09:49","guid":{"rendered":"http:\/\/www.eldigitaldeasturias.com\/noticias\/?p=457714"},"modified":"2013-12-04T18:09:49","modified_gmt":"2013-12-04T19:09:49","slug":"el-pp-de-asturias-invita-al-gobierno-a-un-dialogo-abierto-y-sin-sectarismos","status":"publish","type":"post","link":"https:\/\/www.eldigitaldeasturias.com\/noticias\/el-pp-de-asturias-invita-al-gobierno-a-un-dialogo-abierto-y-sin-sectarismos\/","title":{"rendered":"El PP de Asturias invita al Gobierno a un di\u00e1logo abierto y sin sectarismos"},"content":{"rendered":"<p><img loading=\"lazy\" decoding=\"async\" class=\"alignleft size-medium wp-image-239\" alt=\"mercedes\" src=\"https:\/\/www.eldigitaldeasturias.com\/noticias\/wp-content\/uploads\/2013\/09\/mercedes2-360x201.jpg\" width=\"360\" height=\"201\" \/>Oviedo, 4 dic (EFE).- La presidenta del PP de Asturias, Mercedes Fern\u00e1ndez, ha emplazado hoy al Gobierno regional a abrir un di\u00e1logo \u00ababierto y sin sectarismos\u00bb sobre el presupuesto de 2014 para definir un proyecto \u00abrazonable, sensato y que convenga a los intereses generales\u00bb ante la situaci\u00f3n \u00abde gran dificultad\u00bb que atraviesa la regi\u00f3n.<\/p>\n<p>En declaraciones a los periodistas, Fern\u00e1ndez ha se\u00f1alado, no obstante, que su grupo no se pronunciar\u00e1 sobre el contenido de las cuentas aprobadas ayer por el Ejecutivo hasta que no estudie \u00aben profundidad\u00bb el texto, \u00abque es lo que corresponde a gente seria\u00bb.<\/p>\n<p>Despu\u00e9s de que el delegado del Gobierno en Asturias, Gabino de Lorenzo, asegurara ayer que el PP estar\u00e1 \u00aba la altura de las circunstancias\u00bb y \u00absabr\u00e1 entenderse\u00bb para que el Principado \u00abno se quede sin presupuesto\u00bb, Fern\u00e1ndez ha recordado que \u00absiempre que haya algo que decir\u00bb sobre este asunto \u00ablo dir\u00e1 su presidenta, \u00abcomo as\u00ed lo determinaron los militantes en un Congreso\u00bb.<\/p>\n<p>La l\u00edder del PP ha incidido en que, tras la ruptura por parte de UPyD de su pacto de legislatura con el PSOE, se dirigi\u00f3 a todas las fuerzas pol\u00edticas para iniciar una ronda de reuniones que el jefe del Ejecutivo, Javier Fern\u00e1ndez, declin\u00f3 aceptar a trav\u00e9s de una respuesta \u00abque se situaba entre la cortes\u00eda y el desd\u00e9n\u00bb.<\/p>\n<p>\u00abCreo que un presidente del Gobierno en franca minor\u00eda est\u00e1 obligado a hablar con todo el mundo y a dejar atr\u00e1s sectarismos que no convienen nada a los intereses de Asturias. Tendremos que hablar porque en pol\u00edtica estamos para hablar y para defender nuestra tierra\u00bb, ha subrayado la presidenta regional del PP.<\/p>\n<p>As\u00ed, y tras garantizar que en esas hipot\u00e9ticas conversaciones el PP podr\u00eda sus ojos en Asturias y no en su propio ombligo, ha se\u00f1alado que permanecer\u00e1 en la regi\u00f3n durante el pr\u00f3ximo puente festivo y que espera que los tel\u00e9fonos \u00abest\u00e9n abiertos\u00bb a las \u00abofertas de di\u00e1logo\u00bb porque as\u00ed lo requiere \u00abel inter\u00e9s general\u00bb.<\/p>\n<p>Como prioridades del PP a la hora de definir un presupuesto, Fern\u00e1ndez ha mencionado la necesidad de bajar impuestos -\u00abno puede ser que a las clases medias se las asfixie\u00bb, ha apuntado- as\u00ed como de aligerar un sector p\u00fablico \u00abmastod\u00f3ntico\u00bb, apostar por las pol\u00edticas de innovaci\u00f3n y dar \u00abun respaldo\u00bb a la Universidad.<\/p>\n<p>Fern\u00e1ndez ha hecho estas afirmaciones tras la reuni\u00f3n que ha mantenido con la Asociaci\u00f3n Empresa Mujer dentro de la ronda de encuentros que est\u00e1 manteniendo con diversos sectores econ\u00f3micos para disponer de un diagn\u00f3stico del tejido productivo asturiano.<\/p>\n<p>En este sentido, ha incidido en que es necesaria una mayor colaboraci\u00f3n las instituciones con la iniciativa privada, \u00abque es la gran creadora de empleo\u00bb, no s\u00f3lo en forma de ayudas sino evitando que se pongan trabas a su actividad y a su crecimiento.<\/p>\n","protected":false},"excerpt":{"rendered":"<p>Oviedo, 4 dic (EFE).- La presidenta del PP de Asturias, Mercedes Fern\u00e1ndez, ha emplazado hoy al Gobierno regional a abrir un di\u00e1logo \u00ababierto y sin sectarismos\u00bb sobre el presupuesto de 2014 para definir un proyecto \u00abrazonable, sensato y que convenga a los intereses generales\u00bb ante la situaci\u00f3n \u00abde gran dificultad\u00bb que atraviesa la regi\u00f3n. En [&hellip;]<\/p>\n","protected":false},"author":1,"featured_media":1132184,"comment_status":"closed","ping_status":"open","sticky":false,"template":"","format":"standard","meta":{"footnotes":""},"categories":[12],"tags":[],"class_list":["post-457714","post","type-post","status-publish","format-standard","has-post-thumbnail","hentry","category-actualidad-asturias"],"aioseo_notices":[],"aioseo_head":"\n\t\t<!-- All in One SEO Pro 5.0.1 - aioseo.com -->\n\t<meta name=\"description\" content=\"Oviedo, 4 dic (EFE).- La presidenta del PP de Asturias, Mercedes Fern\u00e1ndez, ha emplazado hoy al Gobierno regional a abrir un di\u00e1logo &quot;abierto y sin sectarismos&quot; sobre el presupuesto de 2014 para definir un proyecto &quot;razonable, sensato y que convenga a los intereses generales&quot; ante la situaci\u00f3n &quot;de gran dificultad&quot; que atraviesa la regi\u00f3n. En\" \/>\n\t<meta name=\"robots\" content=\"max-image-preview:large\" \/>\n\t<meta name=\"author\" content=\"El Digital de Asturias\"\/>\n\t<meta name=\"google-site-verification\" content=\"UA-38556648-1\" \/>\n\t<meta name=\"msvalidate.01\" content=\"7dfe9f3f1b24437ab69f4f2559babe99\" \/>\n\t<meta name=\"keywords\" content=\"actualidad asturias\" \/>\n\t<link rel=\"canonical\" href=\"https:\/\/www.eldigitaldeasturias.com\/noticias\/el-pp-de-asturias-invita-al-gobierno-a-un-dialogo-abierto-y-sin-sectarismos\/\" \/>\n\t<meta name=\"generator\" content=\"All in One SEO Pro (AIOSEO) 5.0.1\" \/>\n\t\t<meta property=\"og:locale\" content=\"es_ES\" \/>\n\t\t<meta property=\"og:site_name\" content=\"El Digital de Asturias\" \/>\n\t\t<meta property=\"og:type\" content=\"article\" \/>\n\t\t<meta property=\"og:title\" content=\"El PP de Asturias invita al Gobierno a un di\u00e1logo abierto y sin sectarismos - El Digital de Asturias\" \/>\n\t\t<meta property=\"og:description\" content=\"Oviedo, 4 dic (EFE).- La presidenta del PP de Asturias, Mercedes Fern\u00e1ndez, ha emplazado hoy al Gobierno regional a abrir un di\u00e1logo &quot;abierto y sin sectarismos&quot; sobre el presupuesto de 2014 para definir un proyecto &quot;razonable, sensato y que convenga a los intereses generales&quot; ante la situaci\u00f3n &quot;de gran dificultad&quot; que atraviesa la regi\u00f3n. En\" \/>\n\t\t<meta property=\"og:url\" content=\"https:\/\/www.eldigitaldeasturias.com\/noticias\/el-pp-de-asturias-invita-al-gobierno-a-un-dialogo-abierto-y-sin-sectarismos\/\" \/>\n\t\t<meta property=\"og:image\" content=\"https:\/\/www.eldigitaldeasturias.com\/noticias\/wp-content\/uploads\/2026\/06\/Contenidos.jpg\" \/>\n\t\t<meta property=\"og:image:secure_url\" content=\"https:\/\/www.eldigitaldeasturias.com\/noticias\/wp-content\/uploads\/2026\/06\/Contenidos.jpg\" \/>\n\t\t<meta property=\"og:image:width\" content=\"1265\" \/>\n\t\t<meta property=\"og:image:height\" content=\"697\" \/>\n\t\t<meta property=\"article:tag\" content=\"actualidad asturias\" \/>\n\t\t<meta property=\"article:published_time\" content=\"2013-12-04T19:09:49+00:00\" \/>\n\t\t<meta property=\"article:modified_time\" content=\"2013-12-04T19:09:49+00:00\" \/>\n\t\t<meta property=\"article:publisher\" content=\"https:\/\/facebook.com\/eldigitaldeasturias\" \/>\n\t\t<meta name=\"twitter:card\" content=\"summary_large_image\" \/>\n\t\t<meta name=\"twitter:title\" content=\"El PP de Asturias invita al Gobierno a un di\u00e1logo abierto y sin sectarismos - El Digital de Asturias\" \/>\n\t\t<meta name=\"twitter:description\" content=\"Oviedo, 4 dic (EFE).- La presidenta del PP de Asturias, Mercedes Fern\u00e1ndez, ha emplazado hoy al Gobierno regional a abrir un di\u00e1logo &quot;abierto y sin sectarismos&quot; sobre el presupuesto de 2014 para definir un proyecto &quot;razonable, sensato y que convenga a los intereses generales&quot; ante la situaci\u00f3n &quot;de gran dificultad&quot; que atraviesa la regi\u00f3n. En\" \/>\n\t\t<meta name=\"twitter:image\" content=\"https:\/\/www.eldigitaldeasturias.com\/noticias\/wp-content\/uploads\/2026\/06\/Contenidos.jpg\" \/>\n\t\t<meta name=\"twitter:label1\" content=\"Escrito por\" \/>\n\t\t<meta name=\"twitter:data1\" content=\"El Digital de Asturias\" \/>\n\t\t<meta name=\"twitter:label2\" content=\"Tiempo de lectura estimado\" \/>\n\t\t<meta name=\"twitter:data2\" content=\"2 minutos\" \/>\n\t\t<script type=\"application\/ld+json\" class=\"aioseo-schema\">\n\t\t\t{\"@context\":\"https:\\\/\\\/schema.org\",\"@graph\":[{\"@type\":\"BlogPosting\",\"@id\":\"https:\\\/\\\/www.eldigitaldeasturias.com\\\/noticias\\\/el-pp-de-asturias-invita-al-gobierno-a-un-dialogo-abierto-y-sin-sectarismos\\\/#blogposting\",\"name\":\"El PP de Asturias invita al Gobierno a un di\\u00e1logo abierto y sin sectarismos - El Digital de Asturias\",\"headline\":\"El PP de Asturias invita al Gobierno a un di\\u00e1logo abierto y sin sectarismos\",\"author\":{\"@id\":\"https:\\\/\\\/www.eldigitaldeasturias.com\\\/noticias\\\/author\\\/admin\\\/#author\"},\"publisher\":{\"@id\":\"https:\\\/\\\/www.eldigitaldeasturias.com\\\/noticias\\\/#organization\"},\"image\":{\"@type\":\"ImageObject\",\"url\":\"https:\\\/\\\/www.eldigitaldeasturias.com\\\/noticias\\\/wp-content\\\/uploads\\\/2026\\\/06\\\/Contenidos.jpg\",\"width\":1265,\"height\":697,\"caption\":\"Contenidos\"},\"datePublished\":\"2013-12-04T18:09:49+01:00\",\"dateModified\":\"2013-12-04T18:09:49+01:00\",\"inLanguage\":\"es-ES\",\"mainEntityOfPage\":{\"@id\":\"https:\\\/\\\/www.eldigitaldeasturias.com\\\/noticias\\\/el-pp-de-asturias-invita-al-gobierno-a-un-dialogo-abierto-y-sin-sectarismos\\\/#webpage\"},\"isPartOf\":{\"@id\":\"https:\\\/\\\/www.eldigitaldeasturias.com\\\/noticias\\\/el-pp-de-asturias-invita-al-gobierno-a-un-dialogo-abierto-y-sin-sectarismos\\\/#webpage\"},\"articleSection\":\"Actualidad Asturias\"},{\"@type\":\"BreadcrumbList\",\"@id\":\"https:\\\/\\\/www.eldigitaldeasturias.com\\\/noticias\\\/el-pp-de-asturias-invita-al-gobierno-a-un-dialogo-abierto-y-sin-sectarismos\\\/#breadcrumblist\",\"itemListElement\":[{\"@type\":\"ListItem\",\"@id\":\"https:\\\/\\\/www.eldigitaldeasturias.com\\\/noticias#listItem\",\"position\":1,\"name\":\"Home\",\"item\":\"https:\\\/\\\/www.eldigitaldeasturias.com\\\/noticias\",\"nextItem\":{\"@type\":\"ListItem\",\"@id\":\"https:\\\/\\\/www.eldigitaldeasturias.com\\\/noticias\\\/category\\\/actualidad-asturias\\\/#listItem\",\"name\":\"Actualidad Asturias\"}},{\"@type\":\"ListItem\",\"@id\":\"https:\\\/\\\/www.eldigitaldeasturias.com\\\/noticias\\\/category\\\/actualidad-asturias\\\/#listItem\",\"position\":2,\"name\":\"Actualidad Asturias\",\"item\":\"https:\\\/\\\/www.eldigitaldeasturias.com\\\/noticias\\\/category\\\/actualidad-asturias\\\/\",\"nextItem\":{\"@type\":\"ListItem\",\"@id\":\"https:\\\/\\\/www.eldigitaldeasturias.com\\\/noticias\\\/el-pp-de-asturias-invita-al-gobierno-a-un-dialogo-abierto-y-sin-sectarismos\\\/#listItem\",\"name\":\"El PP de Asturias invita al Gobierno a un di\\u00e1logo abierto y sin sectarismos\"},\"previousItem\":{\"@type\":\"ListItem\",\"@id\":\"https:\\\/\\\/www.eldigitaldeasturias.com\\\/noticias#listItem\",\"name\":\"Home\"}},{\"@type\":\"ListItem\",\"@id\":\"https:\\\/\\\/www.eldigitaldeasturias.com\\\/noticias\\\/el-pp-de-asturias-invita-al-gobierno-a-un-dialogo-abierto-y-sin-sectarismos\\\/#listItem\",\"position\":3,\"name\":\"El PP de Asturias invita al Gobierno a un di\\u00e1logo abierto y sin sectarismos\",\"previousItem\":{\"@type\":\"ListItem\",\"@id\":\"https:\\\/\\\/www.eldigitaldeasturias.com\\\/noticias\\\/category\\\/actualidad-asturias\\\/#listItem\",\"name\":\"Actualidad Asturias\"}}]},{\"@type\":\"Organization\",\"@id\":\"https:\\\/\\\/www.eldigitaldeasturias.com\\\/noticias\\\/#organization\",\"name\":\"El Digital de Asturias\",\"description\":\"Hemeroteca\",\"url\":\"https:\\\/\\\/www.eldigitaldeasturias.com\\\/noticias\\\/\",\"email\":\"info@eldigitaldeasturias.com\",\"telephone\":\"+34652131393\",\"logo\":{\"@type\":\"ImageObject\",\"url\":\"https:\\\/\\\/www.eldigitaldeasturias.com\\\/noticias\\\/wp-content\\\/uploads\\\/2020\\\/12\\\/EDA.jpg\",\"@id\":\"https:\\\/\\\/www.eldigitaldeasturias.com\\\/noticias\\\/el-pp-de-asturias-invita-al-gobierno-a-un-dialogo-abierto-y-sin-sectarismos\\\/#organizationLogo\"},\"image\":{\"@id\":\"https:\\\/\\\/www.eldigitaldeasturias.com\\\/noticias\\\/el-pp-de-asturias-invita-al-gobierno-a-un-dialogo-abierto-y-sin-sectarismos\\\/#organizationLogo\"},\"sameAs\":[\"https:\\\/\\\/facebook.com\\\/eldigitaldeasturias\",\"https:\\\/\\\/www.youtube.com\\\/channel\\\/UCZP-2wLEB9Rv6erhFmqVnvg\"],\"address\":{\"@id\":\"https:\\\/\\\/www.eldigitaldeasturias.com\\\/noticias\\\/#postaladdress\",\"@type\":\"PostalAddress\",\"streetAddress\":\"san antonio 4\",\"postalCode\":\"33430\",\"addressLocality\":\"Cand\\u00e1s\",\"addressRegion\":\"Asturias\",\"addressCountry\":\"ES\"}},{\"@type\":\"Person\",\"@id\":\"https:\\\/\\\/www.eldigitaldeasturias.com\\\/noticias\\\/author\\\/admin\\\/#author\",\"url\":\"https:\\\/\\\/www.eldigitaldeasturias.com\\\/noticias\\\/author\\\/admin\\\/\",\"name\":\"El Digital de Asturias\",\"image\":{\"@type\":\"ImageObject\",\"@id\":\"https:\\\/\\\/www.eldigitaldeasturias.com\\\/noticias\\\/el-pp-de-asturias-invita-al-gobierno-a-un-dialogo-abierto-y-sin-sectarismos\\\/#authorImage\",\"url\":\"https:\\\/\\\/secure.gravatar.com\\\/avatar\\\/df2aeffc32bcd13f8d26072ef8a91b623d677766deac7f97ca815868cd41bf5e?s=96&d=mm&r=g\",\"width\":96,\"height\":96,\"caption\":\"El Digital de Asturias\"}},{\"@type\":\"WebPage\",\"@id\":\"https:\\\/\\\/www.eldigitaldeasturias.com\\\/noticias\\\/el-pp-de-asturias-invita-al-gobierno-a-un-dialogo-abierto-y-sin-sectarismos\\\/#webpage\",\"url\":\"https:\\\/\\\/www.eldigitaldeasturias.com\\\/noticias\\\/el-pp-de-asturias-invita-al-gobierno-a-un-dialogo-abierto-y-sin-sectarismos\\\/\",\"name\":\"El PP de Asturias invita al Gobierno a un di\\u00e1logo abierto y sin sectarismos - El Digital de Asturias\",\"description\":\"Oviedo, 4 dic (EFE).- La presidenta del PP de Asturias, Mercedes Fern\\u00e1ndez, ha emplazado hoy al Gobierno regional a abrir un di\\u00e1logo \\\"abierto y sin sectarismos\\\" sobre el presupuesto de 2014 para definir un proyecto \\\"razonable, sensato y que convenga a los intereses generales\\\" ante la situaci\\u00f3n \\\"de gran dificultad\\\" que atraviesa la regi\\u00f3n. En\",\"inLanguage\":\"es-ES\",\"isPartOf\":{\"@id\":\"https:\\\/\\\/www.eldigitaldeasturias.com\\\/noticias\\\/#website\"},\"breadcrumb\":{\"@id\":\"https:\\\/\\\/www.eldigitaldeasturias.com\\\/noticias\\\/el-pp-de-asturias-invita-al-gobierno-a-un-dialogo-abierto-y-sin-sectarismos\\\/#breadcrumblist\"},\"author\":{\"@id\":\"https:\\\/\\\/www.eldigitaldeasturias.com\\\/noticias\\\/author\\\/admin\\\/#author\"},\"creator\":{\"@id\":\"https:\\\/\\\/www.eldigitaldeasturias.com\\\/noticias\\\/author\\\/admin\\\/#author\"},\"image\":{\"@type\":\"ImageObject\",\"url\":\"https:\\\/\\\/www.eldigitaldeasturias.com\\\/noticias\\\/wp-content\\\/uploads\\\/2026\\\/06\\\/Contenidos.jpg\",\"@id\":\"https:\\\/\\\/www.eldigitaldeasturias.com\\\/noticias\\\/el-pp-de-asturias-invita-al-gobierno-a-un-dialogo-abierto-y-sin-sectarismos\\\/#mainImage\",\"width\":1265,\"height\":697,\"caption\":\"Contenidos\"},\"primaryImageOfPage\":{\"@id\":\"https:\\\/\\\/www.eldigitaldeasturias.com\\\/noticias\\\/el-pp-de-asturias-invita-al-gobierno-a-un-dialogo-abierto-y-sin-sectarismos\\\/#mainImage\"},\"datePublished\":\"2013-12-04T18:09:49+01:00\",\"dateModified\":\"2013-12-04T18:09:49+01:00\"},{\"@type\":\"WebSite\",\"@id\":\"https:\\\/\\\/www.eldigitaldeasturias.com\\\/noticias\\\/#website\",\"url\":\"https:\\\/\\\/www.eldigitaldeasturias.com\\\/noticias\\\/\",\"name\":\"El Digital de Asturias - Diario de actualidad y noticias\",\"alternateName\":\"El Digital de Asturias - Diario de actualidad y noticias\",\"description\":\"Hemeroteca\",\"inLanguage\":\"es-ES\",\"publisher\":{\"@id\":\"https:\\\/\\\/www.eldigitaldeasturias.com\\\/noticias\\\/#organization\"}}]}\n\t\t<\/script>\n\t\t<!-- All in One SEO Pro -->\r\n\t\t<title>El PP de Asturias invita al Gobierno a un di\u00e1logo abierto y sin sectarismos - El Digital de Asturias<\/title>\n\n","aioseo_head_json":{"title":"El PP de Asturias invita al Gobierno a un di\u00e1logo abierto y sin sectarismos - El Digital de Asturias","description":"Oviedo, 4 dic (EFE).- La presidenta del PP de Asturias, Mercedes Fern\u00e1ndez, ha emplazado hoy al Gobierno regional a abrir un di\u00e1logo \"abierto y sin sectarismos\" sobre el presupuesto de 2014 para definir un proyecto \"razonable, sensato y que convenga a los intereses generales\" ante la situaci\u00f3n \"de gran dificultad\" que atraviesa la regi\u00f3n. En","canonical_url":"https:\/\/www.eldigitaldeasturias.com\/noticias\/el-pp-de-asturias-invita-al-gobierno-a-un-dialogo-abierto-y-sin-sectarismos\/","robots":"max-image-preview:large","keywords":"actualidad asturias","webmasterTools":{"google-site-verification":"UA-38556648-1","msvalidate.01":"7dfe9f3f1b24437ab69f4f2559babe99","miscellaneous":""},"schema":{"@context":"https:\/\/schema.org","@graph":[{"@type":"BlogPosting","@id":"https:\/\/www.eldigitaldeasturias.com\/noticias\/el-pp-de-asturias-invita-al-gobierno-a-un-dialogo-abierto-y-sin-sectarismos\/#blogposting","name":"El PP de Asturias invita al Gobierno a un di\u00e1logo abierto y sin sectarismos - El Digital de Asturias","headline":"El PP de Asturias invita al Gobierno a un di\u00e1logo abierto y sin sectarismos","author":{"@id":"https:\/\/www.eldigitaldeasturias.com\/noticias\/author\/admin\/#author"},"publisher":{"@id":"https:\/\/www.eldigitaldeasturias.com\/noticias\/#organization"},"image":{"@type":"ImageObject","url":"https:\/\/www.eldigitaldeasturias.com\/noticias\/wp-content\/uploads\/2026\/06\/Contenidos.jpg","width":1265,"height":697,"caption":"Contenidos"},"datePublished":"2013-12-04T18:09:49+01:00","dateModified":"2013-12-04T18:09:49+01:00","inLanguage":"es-ES","mainEntityOfPage":{"@id":"https:\/\/www.eldigitaldeasturias.com\/noticias\/el-pp-de-asturias-invita-al-gobierno-a-un-dialogo-abierto-y-sin-sectarismos\/#webpage"},"isPartOf":{"@id":"https:\/\/www.eldigitaldeasturias.com\/noticias\/el-pp-de-asturias-invita-al-gobierno-a-un-dialogo-abierto-y-sin-sectarismos\/#webpage"},"articleSection":"Actualidad Asturias"},{"@type":"BreadcrumbList","@id":"https:\/\/www.eldigitaldeasturias.com\/noticias\/el-pp-de-asturias-invita-al-gobierno-a-un-dialogo-abierto-y-sin-sectarismos\/#breadcrumblist","itemListElement":[{"@type":"ListItem","@id":"https:\/\/www.eldigitaldeasturias.com\/noticias#listItem","position":1,"name":"Home","item":"https:\/\/www.eldigitaldeasturias.com\/noticias","nextItem":{"@type":"ListItem","@id":"https:\/\/www.eldigitaldeasturias.com\/noticias\/category\/actualidad-asturias\/#listItem","name":"Actualidad Asturias"}},{"@type":"ListItem","@id":"https:\/\/www.eldigitaldeasturias.com\/noticias\/category\/actualidad-asturias\/#listItem","position":2,"name":"Actualidad Asturias","item":"https:\/\/www.eldigitaldeasturias.com\/noticias\/category\/actualidad-asturias\/","nextItem":{"@type":"ListItem","@id":"https:\/\/www.eldigitaldeasturias.com\/noticias\/el-pp-de-asturias-invita-al-gobierno-a-un-dialogo-abierto-y-sin-sectarismos\/#listItem","name":"El PP de Asturias invita al Gobierno a un di\u00e1logo abierto y sin sectarismos"},"previousItem":{"@type":"ListItem","@id":"https:\/\/www.eldigitaldeasturias.com\/noticias#listItem","name":"Home"}},{"@type":"ListItem","@id":"https:\/\/www.eldigitaldeasturias.com\/noticias\/el-pp-de-asturias-invita-al-gobierno-a-un-dialogo-abierto-y-sin-sectarismos\/#listItem","position":3,"name":"El PP de Asturias invita al Gobierno a un di\u00e1logo abierto y sin sectarismos","previousItem":{"@type":"ListItem","@id":"https:\/\/www.eldigitaldeasturias.com\/noticias\/category\/actualidad-asturias\/#listItem","name":"Actualidad Asturias"}}]},{"@type":"Organization","@id":"https:\/\/www.eldigitaldeasturias.com\/noticias\/#organization","name":"El Digital de Asturias","description":"Hemeroteca","url":"https:\/\/www.eldigitaldeasturias.com\/noticias\/","email":"info@eldigitaldeasturias.com","telephone":"+34652131393","logo":{"@type":"ImageObject","url":"https:\/\/www.eldigitaldeasturias.com\/noticias\/wp-content\/uploads\/2020\/12\/EDA.jpg","@id":"https:\/\/www.eldigitaldeasturias.com\/noticias\/el-pp-de-asturias-invita-al-gobierno-a-un-dialogo-abierto-y-sin-sectarismos\/#organizationLogo"},"image":{"@id":"https:\/\/www.eldigitaldeasturias.com\/noticias\/el-pp-de-asturias-invita-al-gobierno-a-un-dialogo-abierto-y-sin-sectarismos\/#organizationLogo"},"sameAs":["https:\/\/facebook.com\/eldigitaldeasturias","https:\/\/www.youtube.com\/channel\/UCZP-2wLEB9Rv6erhFmqVnvg"],"address":{"@id":"https:\/\/www.eldigitaldeasturias.com\/noticias\/#postaladdress","@type":"PostalAddress","streetAddress":"san antonio 4","postalCode":"33430","addressLocality":"Cand\u00e1s","addressRegion":"Asturias","addressCountry":"ES"}},{"@type":"Person","@id":"https:\/\/www.eldigitaldeasturias.com\/noticias\/author\/admin\/#author","url":"https:\/\/www.eldigitaldeasturias.com\/noticias\/author\/admin\/","name":"El Digital de Asturias","image":{"@type":"ImageObject","@id":"https:\/\/www.eldigitaldeasturias.com\/noticias\/el-pp-de-asturias-invita-al-gobierno-a-un-dialogo-abierto-y-sin-sectarismos\/#authorImage","url":"https:\/\/secure.gravatar.com\/avatar\/df2aeffc32bcd13f8d26072ef8a91b623d677766deac7f97ca815868cd41bf5e?s=96&d=mm&r=g","width":96,"height":96,"caption":"El Digital de Asturias"}},{"@type":"WebPage","@id":"https:\/\/www.eldigitaldeasturias.com\/noticias\/el-pp-de-asturias-invita-al-gobierno-a-un-dialogo-abierto-y-sin-sectarismos\/#webpage","url":"https:\/\/www.eldigitaldeasturias.com\/noticias\/el-pp-de-asturias-invita-al-gobierno-a-un-dialogo-abierto-y-sin-sectarismos\/","name":"El PP de Asturias invita al Gobierno a un di\u00e1logo abierto y sin sectarismos - El Digital de Asturias","description":"Oviedo, 4 dic (EFE).- La presidenta del PP de Asturias, Mercedes Fern\u00e1ndez, ha emplazado hoy al Gobierno regional a abrir un di\u00e1logo \"abierto y sin sectarismos\" sobre el presupuesto de 2014 para definir un proyecto \"razonable, sensato y que convenga a los intereses generales\" ante la situaci\u00f3n \"de gran dificultad\" que atraviesa la regi\u00f3n. En","inLanguage":"es-ES","isPartOf":{"@id":"https:\/\/www.eldigitaldeasturias.com\/noticias\/#website"},"breadcrumb":{"@id":"https:\/\/www.eldigitaldeasturias.com\/noticias\/el-pp-de-asturias-invita-al-gobierno-a-un-dialogo-abierto-y-sin-sectarismos\/#breadcrumblist"},"author":{"@id":"https:\/\/www.eldigitaldeasturias.com\/noticias\/author\/admin\/#author"},"creator":{"@id":"https:\/\/www.eldigitaldeasturias.com\/noticias\/author\/admin\/#author"},"image":{"@type":"ImageObject","url":"https:\/\/www.eldigitaldeasturias.com\/noticias\/wp-content\/uploads\/2026\/06\/Contenidos.jpg","@id":"https:\/\/www.eldigitaldeasturias.com\/noticias\/el-pp-de-asturias-invita-al-gobierno-a-un-dialogo-abierto-y-sin-sectarismos\/#mainImage","width":1265,"height":697,"caption":"Contenidos"},"primaryImageOfPage":{"@id":"https:\/\/www.eldigitaldeasturias.com\/noticias\/el-pp-de-asturias-invita-al-gobierno-a-un-dialogo-abierto-y-sin-sectarismos\/#mainImage"},"datePublished":"2013-12-04T18:09:49+01:00","dateModified":"2013-12-04T18:09:49+01:00"},{"@type":"WebSite","@id":"https:\/\/www.eldigitaldeasturias.com\/noticias\/#website","url":"https:\/\/www.eldigitaldeasturias.com\/noticias\/","name":"El Digital de Asturias - Diario de actualidad y noticias","alternateName":"El Digital de Asturias - Diario de actualidad y noticias","description":"Hemeroteca","inLanguage":"es-ES","publisher":{"@id":"https:\/\/www.eldigitaldeasturias.com\/noticias\/#organization"}}]},"og:locale":"es_ES","og:site_name":"El Digital de Asturias","og:type":"article","og:title":"El PP de Asturias invita al Gobierno a un di\u00e1logo abierto y sin sectarismos - El Digital de Asturias","og:description":"Oviedo, 4 dic (EFE).- La presidenta del PP de Asturias, Mercedes Fern\u00e1ndez, ha emplazado hoy al Gobierno regional a abrir un di\u00e1logo &quot;abierto y sin sectarismos&quot; sobre el presupuesto de 2014 para definir un proyecto &quot;razonable, sensato y que convenga a los intereses generales&quot; ante la situaci\u00f3n &quot;de gran dificultad&quot; que atraviesa la regi\u00f3n. En","og:url":"https:\/\/www.eldigitaldeasturias.com\/noticias\/el-pp-de-asturias-invita-al-gobierno-a-un-dialogo-abierto-y-sin-sectarismos\/","og:image":"https:\/\/www.eldigitaldeasturias.com\/noticias\/wp-content\/uploads\/2026\/06\/Contenidos.jpg","og:image:secure_url":"https:\/\/www.eldigitaldeasturias.com\/noticias\/wp-content\/uploads\/2026\/06\/Contenidos.jpg","og:image:width":1265,"og:image:height":697,"article:tag":["actualidad asturias"],"article:published_time":"2013-12-04T19:09:49+00:00","article:modified_time":"2013-12-04T19:09:49+00:00","article:publisher":"https:\/\/facebook.com\/eldigitaldeasturias","twitter:card":"summary_large_image","twitter:title":"El PP de Asturias invita al Gobierno a un di\u00e1logo abierto y sin sectarismos - El Digital de Asturias","twitter:description":"Oviedo, 4 dic (EFE).- La presidenta del PP de Asturias, Mercedes Fern\u00e1ndez, ha emplazado hoy al Gobierno regional a abrir un di\u00e1logo &quot;abierto y sin sectarismos&quot; sobre el presupuesto de 2014 para definir un proyecto &quot;razonable, sensato y que convenga a los intereses generales&quot; ante la situaci\u00f3n &quot;de gran dificultad&quot; que atraviesa la regi\u00f3n. En","twitter:image":"https:\/\/www.eldigitaldeasturias.com\/noticias\/wp-content\/uploads\/2026\/06\/Contenidos.jpg","twitter:label1":"Escrito por","twitter:data1":"El Digital de Asturias","twitter:label2":"Tiempo de lectura estimado","twitter:data2":"2 minutos"},"aioseo_meta_data":{"post_id":"457714","title":null,"description":null,"keywords":null,"keyphrases":null,"primary_term":null,"canonical_url":null,"og_title":null,"og_description":null,"og_object_type":"default","og_image_type":"default","og_image_url":null,"og_image_width":null,"og_image_height":null,"og_image_custom_url":null,"og_image_custom_fields":null,"og_video":null,"og_custom_url":null,"og_article_section":null,"og_article_tags":null,"twitter_use_og":true,"twitter_card":"default","twitter_image_type":"default","twitter_image_url":null,"twitter_image_custom_url":null,"twitter_image_custom_fields":null,"twitter_title":null,"twitter_description":null,"schema":{"blockGraphs":[],"customGraphs":[],"default":{"data":{"Article":[],"Course":[],"Dataset":[],"FAQPage":[],"Movie":[],"Person":[],"Product":[],"ProductReview":[],"Car":[],"Recipe":[],"Service":[],"SoftwareApplication":[],"WebPage":[]},"graphName":"","isEnabled":true},"graphs":[],"defaultGraph":"","defaultPostTypeGraph":""},"schema_type":null,"schema_type_options":null,"pillar_content":false,"robots_default":true,"robots_noindex":false,"robots_noarchive":false,"robots_nosnippet":false,"robots_nofollow":false,"robots_noimageindex":false,"robots_noodp":false,"robots_notranslate":false,"robots_max_snippet":null,"robots_max_videopreview":null,"robots_max_imagepreview":"none","priority":null,"frequency":null,"local_seo":null,"seo_analyzer_scan_date":"2026-05-30 02:58:10","breadcrumb_settings":null,"limit_modified_date":false,"open_ai":null,"ai":null,"created":"2020-11-14 22:46:09","updated":"2026-05-30 02:58:10","focus_keyword":null,"additional_keywords":null,"truseo_locale":null},"aioseo_breadcrumb":"<div class=\"aioseo-breadcrumbs\"><span class=\"aioseo-breadcrumb\">\n\t<a href=\"https:\/\/www.eldigitaldeasturias.com\/noticias\" title=\"Home\">Home<\/a>\n<\/span><span class=\"aioseo-breadcrumb-separator\">\u2013<\/span><span class=\"aioseo-breadcrumb\">\n\t<a href=\"https:\/\/www.eldigitaldeasturias.com\/noticias\/category\/actualidad-asturias\/\" title=\"Actualidad Asturias\">Actualidad Asturias<\/a>\n<\/span><span class=\"aioseo-breadcrumb-separator\">\u2013<\/span><span class=\"aioseo-breadcrumb\">\n\t<a href=\"https:\/\/www.eldigitaldeasturias.com\/noticias\/el-pp-de-asturias-invita-al-gobierno-a-un-dialogo-abierto-y-sin-sectarismos\/\" title=\"El PP de Asturias invita al Gobierno a un di\u00e1logo abierto y sin sectarismos\">El PP de Asturias invita al Gobierno a un di\u00e1logo abierto y sin sectarismos<\/a>\n<\/span><\/div>","aioseo_breadcrumb_json":[{"label":"Home","link":"https:\/\/www.eldigitaldeasturias.com\/noticias"},{"label":"Actualidad Asturias","link":"https:\/\/www.eldigitaldeasturias.com\/noticias\/category\/actualidad-asturias\/"},{"label":"El PP de Asturias invita al Gobierno a un di\u00e1logo abierto y sin sectarismos","link":"https:\/\/www.eldigitaldeasturias.com\/noticias\/el-pp-de-asturias-invita-al-gobierno-a-un-dialogo-abierto-y-sin-sectarismos\/"}],"_links":{"self":[{"href":"https:\/\/www.eldigitaldeasturias.com\/noticias\/wp-json\/wp\/v2\/posts\/457714","targetHints":{"allow":["GET"]}}],"collection":[{"href":"https:\/\/www.eldigitaldeasturias.com\/noticias\/wp-json\/wp\/v2\/posts"}],"about":[{"href":"https:\/\/www.eldigitaldeasturias.com\/noticias\/wp-json\/wp\/v2\/types\/post"}],"author":[{"embeddable":true,"href":"https:\/\/www.eldigitaldeasturias.com\/noticias\/wp-json\/wp\/v2\/users\/1"}],"replies":[{"embeddable":true,"href":"https:\/\/www.eldigitaldeasturias.com\/noticias\/wp-json\/wp\/v2\/comments?post=457714"}],"version-history":[{"count":0,"href":"https:\/\/www.eldigitaldeasturias.com\/noticias\/wp-json\/wp\/v2\/posts\/457714\/revisions"}],"wp:featuredmedia":[{"embeddable":true,"href":"https:\/\/www.eldigitaldeasturias.com\/noticias\/wp-json\/wp\/v2\/media\/1132184"}],"wp:attachment":[{"href":"https:\/\/www.eldigitaldeasturias.com\/noticias\/wp-json\/wp\/v2\/media?parent=457714"}],"wp:term":[{"taxonomy":"category","embeddable":true,"href":"https:\/\/www.eldigitaldeasturias.com\/noticias\/wp-json\/wp\/v2\/categories?post=457714"},{"taxonomy":"post_tag","embeddable":true,"href":"https:\/\/www.eldigitaldeasturias.com\/noticias\/wp-json\/wp\/v2\/tags?post=457714"}],"curies":[{"name":"wp","href":"https:\/\/api.w.org\/{rel}","templated":true}]}}