{"id":457682,"date":"2013-12-04T12:13:21","date_gmt":"2013-12-04T13:13:21","guid":{"rendered":"http:\/\/www.eldigitaldeasturias.com\/noticias\/?p=457682"},"modified":"2013-12-04T12:13:21","modified_gmt":"2013-12-04T13:13:21","slug":"grupo-de-paises-pide-una-accion-urgente-a-la-omc-para-proteger-las-reservas-de-pesca","status":"publish","type":"post","link":"https:\/\/www.eldigitaldeasturias.com\/noticias\/grupo-de-paises-pide-una-accion-urgente-a-la-omc-para-proteger-las-reservas-de-pesca\/","title":{"rendered":"Grupo de pa\u00edses pide una acci\u00f3n urgente a la OMC para proteger las reservas de pesca"},"content":{"rendered":"<p><img loading=\"lazy\" decoding=\"async\" class=\"alignleft size-medium wp-image-457683\" alt=\"5770943w\" src=\"https:\/\/www.eldigitaldeasturias.com\/noticias\/wp-content\/uploads\/2013\/12\/5770943w-360x239.jpg\" width=\"360\" height=\"239\" \/>Bangkok, 4 dic (EFE).- El ministro de Comercio de Nueva Zelanda, Tim Groser, reclam\u00f3 hoy en la conferencia ministerial que la Organizaci\u00f3n Mundial del Comercio (OMC) celebra en Bali (Indonesia) una acci\u00f3n urgente para proteger las reservas pesqueras mundiales a trav\u00e9s de la reducci\u00f3n de las subvenciones nocivas.<\/p>\n<p>Nueva Zelanda habl\u00f3 en nombre de un grupo de pa\u00edses entre los que ejerce como coordinador y que incluye a Argentina, Chile, Colombia, Ecuador, Estados Unidos, Islandia, Noruega y Per\u00fa.<\/p>\n<p>Groser se\u00f1al\u00f3 que el 85 por ciento de las reservas pesqueras del mundo est\u00e1n agotadas, sobreexplotadas, explotadas en toda su capacidad o en proceso de recuperaci\u00f3n, seg\u00fan un comunicado de prensa.<\/p>\n<p>\u00abNecesitamos acci\u00f3n en varios frentes y la reducci\u00f3n de los subsidios que contribuyen a la sobreexplotaci\u00f3n es una parte principal de cualquier soluci\u00f3n\u00bb, indic\u00f3 el ministro neozeland\u00e9s.<\/p>\n<p>\u00abObviamente, ning\u00fan pa\u00eds quiere la destrucci\u00f3n de las reservas pesqueras del mundo, pero ese es el peligro que se cierne sobre ciertas reservas de pesca fundamentales a menos que exista una cooperaci\u00f3n internacional m\u00e1s eficaz\u00bb, opin\u00f3 Groser.<\/p>\n<p>El llamamiento de Nueva Zelanda hecho en Bali en nombre del grupo de pa\u00edses del que es coordinador es el mismo que hicieron el a\u00f1o pasado la Conferencia de las Naciones Unidas sobre el Desarrollo Sostenible (R\u00edo +20).<\/p>\n<p>La OMC inaugur\u00f3 ayer en Nusa Dua, poblaci\u00f3n de la isla indonesia de Bali, una conferencia que dispondr\u00e1 hasta el viernes para resucitar las negociaciones de la Ronda de Doha para liberalizar el comercio mundial.<\/p>\n","protected":false},"excerpt":{"rendered":"<p>Bangkok, 4 dic (EFE).- El ministro de Comercio de Nueva Zelanda, Tim Groser, reclam\u00f3 hoy en la conferencia ministerial que la Organizaci\u00f3n Mundial del Comercio (OMC) celebra en Bali (Indonesia) una acci\u00f3n urgente para proteger las reservas pesqueras mundiales a trav\u00e9s de la reducci\u00f3n de las subvenciones nocivas. Nueva Zelanda habl\u00f3 en nombre de un [&hellip;]<\/p>\n","protected":false},"author":1,"featured_media":457683,"comment_status":"closed","ping_status":"open","sticky":false,"template":"","format":"standard","meta":{"footnotes":""},"categories":[28],"tags":[],"class_list":["post-457682","post","type-post","status-publish","format-standard","has-post-thumbnail","hentry","category-sociedad"],"aioseo_notices":[],"aioseo_head":"\n\t\t<!-- All in One SEO Pro 5.0.1 - aioseo.com -->\n\t<meta name=\"description\" content=\"Bangkok, 4 dic (EFE).- El ministro de Comercio de Nueva Zelanda, Tim Groser, reclam\u00f3 hoy en la conferencia ministerial que la Organizaci\u00f3n Mundial del Comercio (OMC) celebra en Bali (Indonesia) una acci\u00f3n urgente para proteger las reservas pesqueras mundiales a trav\u00e9s de la reducci\u00f3n de las subvenciones nocivas. Nueva Zelanda habl\u00f3 en nombre de un\" \/>\n\t<meta name=\"robots\" content=\"max-image-preview:large\" \/>\n\t<meta name=\"author\" content=\"El Digital de Asturias\"\/>\n\t<meta name=\"google-site-verification\" content=\"UA-38556648-1\" \/>\n\t<meta name=\"msvalidate.01\" content=\"7dfe9f3f1b24437ab69f4f2559babe99\" \/>\n\t<meta name=\"keywords\" content=\"sociedad\" \/>\n\t<link rel=\"canonical\" href=\"https:\/\/www.eldigitaldeasturias.com\/noticias\/grupo-de-paises-pide-una-accion-urgente-a-la-omc-para-proteger-las-reservas-de-pesca\/\" \/>\n\t<meta name=\"generator\" content=\"All in One SEO Pro (AIOSEO) 5.0.1\" \/>\n\t\t<meta property=\"og:locale\" content=\"es_ES\" \/>\n\t\t<meta property=\"og:site_name\" content=\"El Digital de Asturias\" \/>\n\t\t<meta property=\"og:type\" content=\"article\" \/>\n\t\t<meta property=\"og:title\" content=\"Grupo de pa\u00edses pide una acci\u00f3n urgente a la OMC para proteger las reservas de pesca - El Digital de Asturias\" \/>\n\t\t<meta property=\"og:description\" content=\"Bangkok, 4 dic (EFE).- El ministro de Comercio de Nueva Zelanda, Tim Groser, reclam\u00f3 hoy en la conferencia ministerial que la Organizaci\u00f3n Mundial del Comercio (OMC) celebra en Bali (Indonesia) una acci\u00f3n urgente para proteger las reservas pesqueras mundiales a trav\u00e9s de la reducci\u00f3n de las subvenciones nocivas. Nueva Zelanda habl\u00f3 en nombre de un\" \/>\n\t\t<meta property=\"og:url\" content=\"https:\/\/www.eldigitaldeasturias.com\/noticias\/grupo-de-paises-pide-una-accion-urgente-a-la-omc-para-proteger-las-reservas-de-pesca\/\" \/>\n\t\t<meta property=\"article:tag\" content=\"sociedad\" \/>\n\t\t<meta property=\"article:published_time\" content=\"2013-12-04T13:13:21+00:00\" \/>\n\t\t<meta property=\"article:modified_time\" content=\"2013-12-04T13:13:21+00:00\" \/>\n\t\t<meta property=\"article:publisher\" content=\"https:\/\/facebook.com\/eldigitaldeasturias\" \/>\n\t\t<meta name=\"twitter:card\" content=\"summary_large_image\" \/>\n\t\t<meta name=\"twitter:title\" content=\"Grupo de pa\u00edses pide una acci\u00f3n urgente a la OMC para proteger las reservas de pesca - El Digital de Asturias\" \/>\n\t\t<meta name=\"twitter:description\" content=\"Bangkok, 4 dic (EFE).- El ministro de Comercio de Nueva Zelanda, Tim Groser, reclam\u00f3 hoy en la conferencia ministerial que la Organizaci\u00f3n Mundial del Comercio (OMC) celebra en Bali (Indonesia) una acci\u00f3n urgente para proteger las reservas pesqueras mundiales a trav\u00e9s de la reducci\u00f3n de las subvenciones nocivas. Nueva Zelanda habl\u00f3 en nombre de un\" \/>\n\t\t<meta name=\"twitter:label1\" content=\"Escrito por\" \/>\n\t\t<meta name=\"twitter:data1\" content=\"El Digital de Asturias\" \/>\n\t\t<meta name=\"twitter:label2\" content=\"Tiempo de lectura estimado\" \/>\n\t\t<meta name=\"twitter:data2\" content=\"1 minuto\" \/>\n\t\t<script type=\"application\/ld+json\" class=\"aioseo-schema\">\n\t\t\t{\"@context\":\"https:\\\/\\\/schema.org\",\"@graph\":[{\"@type\":\"BlogPosting\",\"@id\":\"https:\\\/\\\/www.eldigitaldeasturias.com\\\/noticias\\\/grupo-de-paises-pide-una-accion-urgente-a-la-omc-para-proteger-las-reservas-de-pesca\\\/#blogposting\",\"name\":\"Grupo de pa\\u00edses pide una acci\\u00f3n urgente a la OMC para proteger las reservas de pesca - El Digital de Asturias\",\"headline\":\"Grupo de pa\\u00edses pide una acci\\u00f3n urgente a la OMC para proteger las reservas de pesca\",\"author\":{\"@id\":\"https:\\\/\\\/www.eldigitaldeasturias.com\\\/noticias\\\/author\\\/admin\\\/#author\"},\"publisher\":{\"@id\":\"https:\\\/\\\/www.eldigitaldeasturias.com\\\/noticias\\\/#organization\"},\"image\":{\"@type\":\"ImageObject\",\"url\":457683},\"datePublished\":\"2013-12-04T12:13:21+01:00\",\"dateModified\":\"2013-12-04T12:13:21+01:00\",\"inLanguage\":\"es-ES\",\"mainEntityOfPage\":{\"@id\":\"https:\\\/\\\/www.eldigitaldeasturias.com\\\/noticias\\\/grupo-de-paises-pide-una-accion-urgente-a-la-omc-para-proteger-las-reservas-de-pesca\\\/#webpage\"},\"isPartOf\":{\"@id\":\"https:\\\/\\\/www.eldigitaldeasturias.com\\\/noticias\\\/grupo-de-paises-pide-una-accion-urgente-a-la-omc-para-proteger-las-reservas-de-pesca\\\/#webpage\"},\"articleSection\":\"Sociedad\"},{\"@type\":\"BreadcrumbList\",\"@id\":\"https:\\\/\\\/www.eldigitaldeasturias.com\\\/noticias\\\/grupo-de-paises-pide-una-accion-urgente-a-la-omc-para-proteger-las-reservas-de-pesca\\\/#breadcrumblist\",\"itemListElement\":[{\"@type\":\"ListItem\",\"@id\":\"https:\\\/\\\/www.eldigitaldeasturias.com\\\/noticias#listItem\",\"position\":1,\"name\":\"Home\",\"item\":\"https:\\\/\\\/www.eldigitaldeasturias.com\\\/noticias\",\"nextItem\":{\"@type\":\"ListItem\",\"@id\":\"https:\\\/\\\/www.eldigitaldeasturias.com\\\/noticias\\\/category\\\/sociedad\\\/#listItem\",\"name\":\"Sociedad\"}},{\"@type\":\"ListItem\",\"@id\":\"https:\\\/\\\/www.eldigitaldeasturias.com\\\/noticias\\\/category\\\/sociedad\\\/#listItem\",\"position\":2,\"name\":\"Sociedad\",\"item\":\"https:\\\/\\\/www.eldigitaldeasturias.com\\\/noticias\\\/category\\\/sociedad\\\/\",\"nextItem\":{\"@type\":\"ListItem\",\"@id\":\"https:\\\/\\\/www.eldigitaldeasturias.com\\\/noticias\\\/grupo-de-paises-pide-una-accion-urgente-a-la-omc-para-proteger-las-reservas-de-pesca\\\/#listItem\",\"name\":\"Grupo de pa\\u00edses pide una acci\\u00f3n urgente a la OMC para proteger las reservas de pesca\"},\"previousItem\":{\"@type\":\"ListItem\",\"@id\":\"https:\\\/\\\/www.eldigitaldeasturias.com\\\/noticias#listItem\",\"name\":\"Home\"}},{\"@type\":\"ListItem\",\"@id\":\"https:\\\/\\\/www.eldigitaldeasturias.com\\\/noticias\\\/grupo-de-paises-pide-una-accion-urgente-a-la-omc-para-proteger-las-reservas-de-pesca\\\/#listItem\",\"position\":3,\"name\":\"Grupo de pa\\u00edses pide una acci\\u00f3n urgente a la OMC para proteger las reservas de pesca\",\"previousItem\":{\"@type\":\"ListItem\",\"@id\":\"https:\\\/\\\/www.eldigitaldeasturias.com\\\/noticias\\\/category\\\/sociedad\\\/#listItem\",\"name\":\"Sociedad\"}}]},{\"@type\":\"Organization\",\"@id\":\"https:\\\/\\\/www.eldigitaldeasturias.com\\\/noticias\\\/#organization\",\"name\":\"El Digital de Asturias\",\"description\":\"Hemeroteca\",\"url\":\"https:\\\/\\\/www.eldigitaldeasturias.com\\\/noticias\\\/\",\"email\":\"info@eldigitaldeasturias.com\",\"telephone\":\"+34652131393\",\"logo\":{\"@type\":\"ImageObject\",\"url\":\"https:\\\/\\\/www.eldigitaldeasturias.com\\\/noticias\\\/wp-content\\\/uploads\\\/2020\\\/12\\\/EDA.jpg\",\"@id\":\"https:\\\/\\\/www.eldigitaldeasturias.com\\\/noticias\\\/grupo-de-paises-pide-una-accion-urgente-a-la-omc-para-proteger-las-reservas-de-pesca\\\/#organizationLogo\"},\"image\":{\"@id\":\"https:\\\/\\\/www.eldigitaldeasturias.com\\\/noticias\\\/grupo-de-paises-pide-una-accion-urgente-a-la-omc-para-proteger-las-reservas-de-pesca\\\/#organizationLogo\"},\"sameAs\":[\"https:\\\/\\\/facebook.com\\\/eldigitaldeasturias\",\"https:\\\/\\\/www.youtube.com\\\/channel\\\/UCZP-2wLEB9Rv6erhFmqVnvg\"],\"address\":{\"@id\":\"https:\\\/\\\/www.eldigitaldeasturias.com\\\/noticias\\\/#postaladdress\",\"@type\":\"PostalAddress\",\"streetAddress\":\"san antonio 4\",\"postalCode\":\"33430\",\"addressLocality\":\"Cand\\u00e1s\",\"addressRegion\":\"Asturias\",\"addressCountry\":\"ES\"}},{\"@type\":\"Person\",\"@id\":\"https:\\\/\\\/www.eldigitaldeasturias.com\\\/noticias\\\/author\\\/admin\\\/#author\",\"url\":\"https:\\\/\\\/www.eldigitaldeasturias.com\\\/noticias\\\/author\\\/admin\\\/\",\"name\":\"El Digital de Asturias\",\"image\":{\"@type\":\"ImageObject\",\"@id\":\"https:\\\/\\\/www.eldigitaldeasturias.com\\\/noticias\\\/grupo-de-paises-pide-una-accion-urgente-a-la-omc-para-proteger-las-reservas-de-pesca\\\/#authorImage\",\"url\":\"https:\\\/\\\/secure.gravatar.com\\\/avatar\\\/df2aeffc32bcd13f8d26072ef8a91b623d677766deac7f97ca815868cd41bf5e?s=96&d=mm&r=g\",\"width\":96,\"height\":96,\"caption\":\"El Digital de Asturias\"}},{\"@type\":\"WebPage\",\"@id\":\"https:\\\/\\\/www.eldigitaldeasturias.com\\\/noticias\\\/grupo-de-paises-pide-una-accion-urgente-a-la-omc-para-proteger-las-reservas-de-pesca\\\/#webpage\",\"url\":\"https:\\\/\\\/www.eldigitaldeasturias.com\\\/noticias\\\/grupo-de-paises-pide-una-accion-urgente-a-la-omc-para-proteger-las-reservas-de-pesca\\\/\",\"name\":\"Grupo de pa\\u00edses pide una acci\\u00f3n urgente a la OMC para proteger las reservas de pesca - El Digital de Asturias\",\"description\":\"Bangkok, 4 dic (EFE).- El ministro de Comercio de Nueva Zelanda, Tim Groser, reclam\\u00f3 hoy en la conferencia ministerial que la Organizaci\\u00f3n Mundial del Comercio (OMC) celebra en Bali (Indonesia) una acci\\u00f3n urgente para proteger las reservas pesqueras mundiales a trav\\u00e9s de la reducci\\u00f3n de las subvenciones nocivas. Nueva Zelanda habl\\u00f3 en nombre de un\",\"inLanguage\":\"es-ES\",\"isPartOf\":{\"@id\":\"https:\\\/\\\/www.eldigitaldeasturias.com\\\/noticias\\\/#website\"},\"breadcrumb\":{\"@id\":\"https:\\\/\\\/www.eldigitaldeasturias.com\\\/noticias\\\/grupo-de-paises-pide-una-accion-urgente-a-la-omc-para-proteger-las-reservas-de-pesca\\\/#breadcrumblist\"},\"author\":{\"@id\":\"https:\\\/\\\/www.eldigitaldeasturias.com\\\/noticias\\\/author\\\/admin\\\/#author\"},\"creator\":{\"@id\":\"https:\\\/\\\/www.eldigitaldeasturias.com\\\/noticias\\\/author\\\/admin\\\/#author\"},\"image\":{\"@type\":\"ImageObject\",\"url\":457683,\"@id\":\"https:\\\/\\\/www.eldigitaldeasturias.com\\\/noticias\\\/grupo-de-paises-pide-una-accion-urgente-a-la-omc-para-proteger-las-reservas-de-pesca\\\/#mainImage\"},\"primaryImageOfPage\":{\"@id\":\"https:\\\/\\\/www.eldigitaldeasturias.com\\\/noticias\\\/grupo-de-paises-pide-una-accion-urgente-a-la-omc-para-proteger-las-reservas-de-pesca\\\/#mainImage\"},\"datePublished\":\"2013-12-04T12:13:21+01:00\",\"dateModified\":\"2013-12-04T12:13:21+01:00\"},{\"@type\":\"WebSite\",\"@id\":\"https:\\\/\\\/www.eldigitaldeasturias.com\\\/noticias\\\/#website\",\"url\":\"https:\\\/\\\/www.eldigitaldeasturias.com\\\/noticias\\\/\",\"name\":\"El Digital de Asturias - Diario de actualidad y noticias\",\"alternateName\":\"El Digital de Asturias - Diario de actualidad y noticias\",\"description\":\"Hemeroteca\",\"inLanguage\":\"es-ES\",\"publisher\":{\"@id\":\"https:\\\/\\\/www.eldigitaldeasturias.com\\\/noticias\\\/#organization\"}}]}\n\t\t<\/script>\n\t\t<!-- All in One SEO Pro -->\r\n\t\t<title>Grupo de pa\u00edses pide una acci\u00f3n urgente a la OMC para proteger las reservas de pesca - El Digital de Asturias<\/title>\n\n","aioseo_head_json":{"title":"Grupo de pa\u00edses pide una acci\u00f3n urgente a la OMC para proteger las reservas de pesca - El Digital de Asturias","description":"Bangkok, 4 dic (EFE).- El ministro de Comercio de Nueva Zelanda, Tim Groser, reclam\u00f3 hoy en la conferencia ministerial que la Organizaci\u00f3n Mundial del Comercio (OMC) celebra en Bali (Indonesia) una acci\u00f3n urgente para proteger las reservas pesqueras mundiales a trav\u00e9s de la reducci\u00f3n de las subvenciones nocivas. Nueva Zelanda habl\u00f3 en nombre de un","canonical_url":"https:\/\/www.eldigitaldeasturias.com\/noticias\/grupo-de-paises-pide-una-accion-urgente-a-la-omc-para-proteger-las-reservas-de-pesca\/","robots":"max-image-preview:large","keywords":"sociedad","webmasterTools":{"google-site-verification":"UA-38556648-1","msvalidate.01":"7dfe9f3f1b24437ab69f4f2559babe99","miscellaneous":""},"schema":{"@context":"https:\/\/schema.org","@graph":[{"@type":"BlogPosting","@id":"https:\/\/www.eldigitaldeasturias.com\/noticias\/grupo-de-paises-pide-una-accion-urgente-a-la-omc-para-proteger-las-reservas-de-pesca\/#blogposting","name":"Grupo de pa\u00edses pide una acci\u00f3n urgente a la OMC para proteger las reservas de pesca - El Digital de Asturias","headline":"Grupo de pa\u00edses pide una acci\u00f3n urgente a la OMC para proteger las reservas de pesca","author":{"@id":"https:\/\/www.eldigitaldeasturias.com\/noticias\/author\/admin\/#author"},"publisher":{"@id":"https:\/\/www.eldigitaldeasturias.com\/noticias\/#organization"},"image":{"@type":"ImageObject","url":457683},"datePublished":"2013-12-04T12:13:21+01:00","dateModified":"2013-12-04T12:13:21+01:00","inLanguage":"es-ES","mainEntityOfPage":{"@id":"https:\/\/www.eldigitaldeasturias.com\/noticias\/grupo-de-paises-pide-una-accion-urgente-a-la-omc-para-proteger-las-reservas-de-pesca\/#webpage"},"isPartOf":{"@id":"https:\/\/www.eldigitaldeasturias.com\/noticias\/grupo-de-paises-pide-una-accion-urgente-a-la-omc-para-proteger-las-reservas-de-pesca\/#webpage"},"articleSection":"Sociedad"},{"@type":"BreadcrumbList","@id":"https:\/\/www.eldigitaldeasturias.com\/noticias\/grupo-de-paises-pide-una-accion-urgente-a-la-omc-para-proteger-las-reservas-de-pesca\/#breadcrumblist","itemListElement":[{"@type":"ListItem","@id":"https:\/\/www.eldigitaldeasturias.com\/noticias#listItem","position":1,"name":"Home","item":"https:\/\/www.eldigitaldeasturias.com\/noticias","nextItem":{"@type":"ListItem","@id":"https:\/\/www.eldigitaldeasturias.com\/noticias\/category\/sociedad\/#listItem","name":"Sociedad"}},{"@type":"ListItem","@id":"https:\/\/www.eldigitaldeasturias.com\/noticias\/category\/sociedad\/#listItem","position":2,"name":"Sociedad","item":"https:\/\/www.eldigitaldeasturias.com\/noticias\/category\/sociedad\/","nextItem":{"@type":"ListItem","@id":"https:\/\/www.eldigitaldeasturias.com\/noticias\/grupo-de-paises-pide-una-accion-urgente-a-la-omc-para-proteger-las-reservas-de-pesca\/#listItem","name":"Grupo de pa\u00edses pide una acci\u00f3n urgente a la OMC para proteger las reservas de pesca"},"previousItem":{"@type":"ListItem","@id":"https:\/\/www.eldigitaldeasturias.com\/noticias#listItem","name":"Home"}},{"@type":"ListItem","@id":"https:\/\/www.eldigitaldeasturias.com\/noticias\/grupo-de-paises-pide-una-accion-urgente-a-la-omc-para-proteger-las-reservas-de-pesca\/#listItem","position":3,"name":"Grupo de pa\u00edses pide una acci\u00f3n urgente a la OMC para proteger las reservas de pesca","previousItem":{"@type":"ListItem","@id":"https:\/\/www.eldigitaldeasturias.com\/noticias\/category\/sociedad\/#listItem","name":"Sociedad"}}]},{"@type":"Organization","@id":"https:\/\/www.eldigitaldeasturias.com\/noticias\/#organization","name":"El Digital de Asturias","description":"Hemeroteca","url":"https:\/\/www.eldigitaldeasturias.com\/noticias\/","email":"info@eldigitaldeasturias.com","telephone":"+34652131393","logo":{"@type":"ImageObject","url":"https:\/\/www.eldigitaldeasturias.com\/noticias\/wp-content\/uploads\/2020\/12\/EDA.jpg","@id":"https:\/\/www.eldigitaldeasturias.com\/noticias\/grupo-de-paises-pide-una-accion-urgente-a-la-omc-para-proteger-las-reservas-de-pesca\/#organizationLogo"},"image":{"@id":"https:\/\/www.eldigitaldeasturias.com\/noticias\/grupo-de-paises-pide-una-accion-urgente-a-la-omc-para-proteger-las-reservas-de-pesca\/#organizationLogo"},"sameAs":["https:\/\/facebook.com\/eldigitaldeasturias","https:\/\/www.youtube.com\/channel\/UCZP-2wLEB9Rv6erhFmqVnvg"],"address":{"@id":"https:\/\/www.eldigitaldeasturias.com\/noticias\/#postaladdress","@type":"PostalAddress","streetAddress":"san antonio 4","postalCode":"33430","addressLocality":"Cand\u00e1s","addressRegion":"Asturias","addressCountry":"ES"}},{"@type":"Person","@id":"https:\/\/www.eldigitaldeasturias.com\/noticias\/author\/admin\/#author","url":"https:\/\/www.eldigitaldeasturias.com\/noticias\/author\/admin\/","name":"El Digital de Asturias","image":{"@type":"ImageObject","@id":"https:\/\/www.eldigitaldeasturias.com\/noticias\/grupo-de-paises-pide-una-accion-urgente-a-la-omc-para-proteger-las-reservas-de-pesca\/#authorImage","url":"https:\/\/secure.gravatar.com\/avatar\/df2aeffc32bcd13f8d26072ef8a91b623d677766deac7f97ca815868cd41bf5e?s=96&d=mm&r=g","width":96,"height":96,"caption":"El Digital de Asturias"}},{"@type":"WebPage","@id":"https:\/\/www.eldigitaldeasturias.com\/noticias\/grupo-de-paises-pide-una-accion-urgente-a-la-omc-para-proteger-las-reservas-de-pesca\/#webpage","url":"https:\/\/www.eldigitaldeasturias.com\/noticias\/grupo-de-paises-pide-una-accion-urgente-a-la-omc-para-proteger-las-reservas-de-pesca\/","name":"Grupo de pa\u00edses pide una acci\u00f3n urgente a la OMC para proteger las reservas de pesca - El Digital de Asturias","description":"Bangkok, 4 dic (EFE).- El ministro de Comercio de Nueva Zelanda, Tim Groser, reclam\u00f3 hoy en la conferencia ministerial que la Organizaci\u00f3n Mundial del Comercio (OMC) celebra en Bali (Indonesia) una acci\u00f3n urgente para proteger las reservas pesqueras mundiales a trav\u00e9s de la reducci\u00f3n de las subvenciones nocivas. Nueva Zelanda habl\u00f3 en nombre de un","inLanguage":"es-ES","isPartOf":{"@id":"https:\/\/www.eldigitaldeasturias.com\/noticias\/#website"},"breadcrumb":{"@id":"https:\/\/www.eldigitaldeasturias.com\/noticias\/grupo-de-paises-pide-una-accion-urgente-a-la-omc-para-proteger-las-reservas-de-pesca\/#breadcrumblist"},"author":{"@id":"https:\/\/www.eldigitaldeasturias.com\/noticias\/author\/admin\/#author"},"creator":{"@id":"https:\/\/www.eldigitaldeasturias.com\/noticias\/author\/admin\/#author"},"image":{"@type":"ImageObject","url":457683,"@id":"https:\/\/www.eldigitaldeasturias.com\/noticias\/grupo-de-paises-pide-una-accion-urgente-a-la-omc-para-proteger-las-reservas-de-pesca\/#mainImage"},"primaryImageOfPage":{"@id":"https:\/\/www.eldigitaldeasturias.com\/noticias\/grupo-de-paises-pide-una-accion-urgente-a-la-omc-para-proteger-las-reservas-de-pesca\/#mainImage"},"datePublished":"2013-12-04T12:13:21+01:00","dateModified":"2013-12-04T12:13:21+01:00"},{"@type":"WebSite","@id":"https:\/\/www.eldigitaldeasturias.com\/noticias\/#website","url":"https:\/\/www.eldigitaldeasturias.com\/noticias\/","name":"El Digital de Asturias - Diario de actualidad y noticias","alternateName":"El Digital de Asturias - Diario de actualidad y noticias","description":"Hemeroteca","inLanguage":"es-ES","publisher":{"@id":"https:\/\/www.eldigitaldeasturias.com\/noticias\/#organization"}}]},"og:locale":"es_ES","og:site_name":"El Digital de Asturias","og:type":"article","og:title":"Grupo de pa\u00edses pide una acci\u00f3n urgente a la OMC para proteger las reservas de pesca - El Digital de Asturias","og:description":"Bangkok, 4 dic (EFE).- El ministro de Comercio de Nueva Zelanda, Tim Groser, reclam\u00f3 hoy en la conferencia ministerial que la Organizaci\u00f3n Mundial del Comercio (OMC) celebra en Bali (Indonesia) una acci\u00f3n urgente para proteger las reservas pesqueras mundiales a trav\u00e9s de la reducci\u00f3n de las subvenciones nocivas. Nueva Zelanda habl\u00f3 en nombre de un","og:url":"https:\/\/www.eldigitaldeasturias.com\/noticias\/grupo-de-paises-pide-una-accion-urgente-a-la-omc-para-proteger-las-reservas-de-pesca\/","article:tag":["sociedad"],"article:published_time":"2013-12-04T13:13:21+00:00","article:modified_time":"2013-12-04T13:13:21+00:00","article:publisher":"https:\/\/facebook.com\/eldigitaldeasturias","twitter:card":"summary_large_image","twitter:title":"Grupo de pa\u00edses pide una acci\u00f3n urgente a la OMC para proteger las reservas de pesca - El Digital de Asturias","twitter:description":"Bangkok, 4 dic (EFE).- El ministro de Comercio de Nueva Zelanda, Tim Groser, reclam\u00f3 hoy en la conferencia ministerial que la Organizaci\u00f3n Mundial del Comercio (OMC) celebra en Bali (Indonesia) una acci\u00f3n urgente para proteger las reservas pesqueras mundiales a trav\u00e9s de la reducci\u00f3n de las subvenciones nocivas. Nueva Zelanda habl\u00f3 en nombre de un","twitter:label1":"Escrito por","twitter:data1":"El Digital de Asturias","twitter:label2":"Tiempo de lectura estimado","twitter:data2":"1 minuto"},"aioseo_meta_data":{"post_id":"457682","title":null,"description":null,"keywords":null,"keyphrases":null,"primary_term":null,"canonical_url":null,"og_title":null,"og_description":null,"og_object_type":"default","og_image_type":"default","og_image_url":null,"og_image_width":null,"og_image_height":null,"og_image_custom_url":null,"og_image_custom_fields":null,"og_video":null,"og_custom_url":null,"og_article_section":null,"og_article_tags":null,"twitter_use_og":true,"twitter_card":"default","twitter_image_type":"default","twitter_image_url":null,"twitter_image_custom_url":null,"twitter_image_custom_fields":null,"twitter_title":null,"twitter_description":null,"schema":{"blockGraphs":[],"customGraphs":[],"default":{"data":{"Article":[],"Course":[],"Dataset":[],"FAQPage":[],"Movie":[],"Person":[],"Product":[],"ProductReview":[],"Car":[],"Recipe":[],"Service":[],"SoftwareApplication":[],"WebPage":[]},"graphName":"","isEnabled":true},"graphs":[],"defaultGraph":"","defaultPostTypeGraph":""},"schema_type":null,"schema_type_options":null,"pillar_content":false,"robots_default":true,"robots_noindex":false,"robots_noarchive":false,"robots_nosnippet":false,"robots_nofollow":false,"robots_noimageindex":false,"robots_noodp":false,"robots_notranslate":false,"robots_max_snippet":null,"robots_max_videopreview":null,"robots_max_imagepreview":"none","priority":null,"frequency":null,"local_seo":null,"seo_analyzer_scan_date":"2026-05-30 02:49:07","breadcrumb_settings":null,"limit_modified_date":false,"open_ai":null,"ai":null,"created":"2020-11-14 22:46:09","updated":"2026-05-30 02:49:07","focus_keyword":null,"additional_keywords":null,"truseo_locale":null},"aioseo_breadcrumb":"<div class=\"aioseo-breadcrumbs\"><span class=\"aioseo-breadcrumb\">\n\t<a href=\"https:\/\/www.eldigitaldeasturias.com\/noticias\" title=\"Home\">Home<\/a>\n<\/span><span class=\"aioseo-breadcrumb-separator\">\u2013<\/span><span class=\"aioseo-breadcrumb\">\n\t<a href=\"https:\/\/www.eldigitaldeasturias.com\/noticias\/category\/sociedad\/\" title=\"Sociedad\">Sociedad<\/a>\n<\/span><span class=\"aioseo-breadcrumb-separator\">\u2013<\/span><span class=\"aioseo-breadcrumb\">\n\t<a href=\"https:\/\/www.eldigitaldeasturias.com\/noticias\/grupo-de-paises-pide-una-accion-urgente-a-la-omc-para-proteger-las-reservas-de-pesca\/\" title=\"Grupo de pa\u00edses pide una acci\u00f3n urgente a la OMC para proteger las reservas de pesca\">Grupo de pa\u00edses pide una acci\u00f3n urgente a la OMC para proteger las reservas de pesca<\/a>\n<\/span><\/div>","aioseo_breadcrumb_json":[{"label":"Home","link":"https:\/\/www.eldigitaldeasturias.com\/noticias"},{"label":"Sociedad","link":"https:\/\/www.eldigitaldeasturias.com\/noticias\/category\/sociedad\/"},{"label":"Grupo de pa\u00edses pide una acci\u00f3n urgente a la OMC para proteger las reservas de pesca","link":"https:\/\/www.eldigitaldeasturias.com\/noticias\/grupo-de-paises-pide-una-accion-urgente-a-la-omc-para-proteger-las-reservas-de-pesca\/"}],"_links":{"self":[{"href":"https:\/\/www.eldigitaldeasturias.com\/noticias\/wp-json\/wp\/v2\/posts\/457682","targetHints":{"allow":["GET"]}}],"collection":[{"href":"https:\/\/www.eldigitaldeasturias.com\/noticias\/wp-json\/wp\/v2\/posts"}],"about":[{"href":"https:\/\/www.eldigitaldeasturias.com\/noticias\/wp-json\/wp\/v2\/types\/post"}],"author":[{"embeddable":true,"href":"https:\/\/www.eldigitaldeasturias.com\/noticias\/wp-json\/wp\/v2\/users\/1"}],"replies":[{"embeddable":true,"href":"https:\/\/www.eldigitaldeasturias.com\/noticias\/wp-json\/wp\/v2\/comments?post=457682"}],"version-history":[{"count":0,"href":"https:\/\/www.eldigitaldeasturias.com\/noticias\/wp-json\/wp\/v2\/posts\/457682\/revisions"}],"wp:attachment":[{"href":"https:\/\/www.eldigitaldeasturias.com\/noticias\/wp-json\/wp\/v2\/media?parent=457682"}],"wp:term":[{"taxonomy":"category","embeddable":true,"href":"https:\/\/www.eldigitaldeasturias.com\/noticias\/wp-json\/wp\/v2\/categories?post=457682"},{"taxonomy":"post_tag","embeddable":true,"href":"https:\/\/www.eldigitaldeasturias.com\/noticias\/wp-json\/wp\/v2\/tags?post=457682"}],"curies":[{"name":"wp","href":"https:\/\/api.w.org\/{rel}","templated":true}]}}