{"id":457545,"date":"2013-12-04T08:03:21","date_gmt":"2013-12-04T09:03:21","guid":{"rendered":"http:\/\/www.eldigitaldeasturias.com\/noticias\/?p=457545"},"modified":"2013-12-04T08:03:21","modified_gmt":"2013-12-04T09:03:21","slug":"el-bailarin-vladimir-malakhov-traera-a-cuba-el-espectaculo-un-regalo-de-malakhov","status":"publish","type":"post","link":"https:\/\/www.eldigitaldeasturias.com\/noticias\/el-bailarin-vladimir-malakhov-traera-a-cuba-el-espectaculo-un-regalo-de-malakhov\/","title":{"rendered":"El bailar\u00edn Vladimir Malakhov traer\u00e1 a Cuba el espect\u00e1culo \u00abUn regalo de Malakhov\u00bb"},"content":{"rendered":"<p><img loading=\"lazy\" decoding=\"async\" class=\"alignleft size-medium wp-image-457547\" alt=\"5770565w\" src=\"https:\/\/www.eldigitaldeasturias.com\/noticias\/wp-content\/uploads\/2013\/12\/5770565w-360x209.jpg\" width=\"360\" height=\"209\" \/>La Habana, 3 dic (EFE).- El bailar\u00edn Vladimir Malakhov, una de las grandes figuras de la escuela rusa de ballet, actuar\u00e1 en Cuba el pr\u00f3ximo fin de semana y ofrecer\u00e1 una clase magistral de coreograf\u00eda y t\u00e9cnica de la danza, informaron hoy medios locales.<\/p>\n<p>El artista, de origen ucraniano, ofrecer\u00e1 el espect\u00e1culo titulado \u00abUn regalo de Malakhov\u00bb el viernes y s\u00e1bado pr\u00f3ximos en Holgu\u00edn, junto al Ballet de C\u00e1mara de esa ciudad suroriental cubana y la compa\u00f1\u00eda Codanza.<\/p>\n<p>Malakhov interpretar\u00e1 \u00abVoyage\u00bb, una pieza del estilo neocl\u00e1sico realizada especialmente para \u00e9l por el core\u00f3grafo italiano Renato Zanella, y el solo \u00abLa muerte del cisne\u00bb.<\/p>\n<p>Antes de sus presentaciones, el bailar\u00edn realizar\u00e1 este mi\u00e9rcoles una clase magistral sobre coreograf\u00eda y t\u00e9cnicas de la danza, en la que expondr\u00e1 su visi\u00f3n personal del ballet cl\u00e1sico.<\/p>\n<p>\u00abQuiero a trav\u00e9s del mundo de la danza construir nuevos puentes entre esta isla y Rusia, pues tienen una historia en com\u00fan muy fuerte\u00bb, declar\u00f3 a la agencia cubana Prensa Latina.<\/p>\n<p>Este es el segundo viaje de Malakhov a la isla caribe\u00f1a donde se present\u00f3 en 2010 en el Gran Teatro de La Habana y, seg\u00fan dijo, le \u00abquedaron muchos deseos de regresar a los escenarios cubanos\u00bb.<\/p>\n<p>Malakhov, actualmente director art\u00edstico y core\u00f3grafo del Ballet de la \u00d3pera de Berl\u00edn, ha sido primera figura de reconocidas compa\u00f1\u00edas como el American Ballet Theatre, de Nueva York, el Tokio Ballet, el Ballet Cl\u00e1sico de Mosc\u00fa, la \u00d3pera de Viena, el Stuttgart Ballet, de Alemania; y el Ballet Nacional, de Canad\u00e1.<\/p>\n","protected":false},"excerpt":{"rendered":"<p>La Habana, 3 dic (EFE).- El bailar\u00edn Vladimir Malakhov, una de las grandes figuras de la escuela rusa de ballet, actuar\u00e1 en Cuba el pr\u00f3ximo fin de semana y ofrecer\u00e1 una clase magistral de coreograf\u00eda y t\u00e9cnica de la danza, informaron hoy medios locales. El artista, de origen ucraniano, ofrecer\u00e1 el espect\u00e1culo titulado \u00abUn regalo [&hellip;]<\/p>\n","protected":false},"author":1,"featured_media":457547,"comment_status":"closed","ping_status":"open","sticky":false,"template":"","format":"standard","meta":{"footnotes":""},"categories":[50],"tags":[],"class_list":["post-457545","post","type-post","status-publish","format-standard","has-post-thumbnail","hentry","category-revista-de-ocio"],"aioseo_notices":[],"aioseo_head":"\n\t\t<!-- All in One SEO Pro 5.0.1 - aioseo.com -->\n\t<meta name=\"description\" content=\"La Habana, 3 dic (EFE).- El bailar\u00edn Vladimir Malakhov, una de las grandes figuras de la escuela rusa de ballet, actuar\u00e1 en Cuba el pr\u00f3ximo fin de semana y ofrecer\u00e1 una clase magistral de coreograf\u00eda y t\u00e9cnica de la danza, informaron hoy medios locales. El artista, de origen ucraniano, ofrecer\u00e1 el espect\u00e1culo titulado &quot;Un regalo\" \/>\n\t<meta name=\"robots\" content=\"max-image-preview:large\" \/>\n\t<meta name=\"author\" content=\"El Digital de Asturias\"\/>\n\t<meta name=\"google-site-verification\" content=\"UA-38556648-1\" \/>\n\t<meta name=\"msvalidate.01\" content=\"7dfe9f3f1b24437ab69f4f2559babe99\" \/>\n\t<meta name=\"keywords\" content=\"revista de ocio\" \/>\n\t<link rel=\"canonical\" href=\"https:\/\/www.eldigitaldeasturias.com\/noticias\/el-bailarin-vladimir-malakhov-traera-a-cuba-el-espectaculo-un-regalo-de-malakhov\/\" \/>\n\t<meta name=\"generator\" content=\"All in One SEO Pro (AIOSEO) 5.0.1\" \/>\n\t\t<meta property=\"og:locale\" content=\"es_ES\" \/>\n\t\t<meta property=\"og:site_name\" content=\"El Digital de Asturias\" \/>\n\t\t<meta property=\"og:type\" content=\"article\" \/>\n\t\t<meta property=\"og:title\" content=\"El bailar\u00edn Vladimir Malakhov traer\u00e1 a Cuba el espect\u00e1culo \u00abUn regalo de Malakhov\u00bb - El Digital de Asturias\" \/>\n\t\t<meta property=\"og:description\" content=\"La Habana, 3 dic (EFE).- El bailar\u00edn Vladimir Malakhov, una de las grandes figuras de la escuela rusa de ballet, actuar\u00e1 en Cuba el pr\u00f3ximo fin de semana y ofrecer\u00e1 una clase magistral de coreograf\u00eda y t\u00e9cnica de la danza, informaron hoy medios locales. El artista, de origen ucraniano, ofrecer\u00e1 el espect\u00e1culo titulado &quot;Un regalo\" \/>\n\t\t<meta property=\"og:url\" content=\"https:\/\/www.eldigitaldeasturias.com\/noticias\/el-bailarin-vladimir-malakhov-traera-a-cuba-el-espectaculo-un-regalo-de-malakhov\/\" \/>\n\t\t<meta property=\"article:tag\" content=\"revista de ocio\" \/>\n\t\t<meta property=\"article:published_time\" content=\"2013-12-04T09:03:21+00:00\" \/>\n\t\t<meta property=\"article:modified_time\" content=\"2013-12-04T09:03:21+00:00\" \/>\n\t\t<meta property=\"article:publisher\" content=\"https:\/\/facebook.com\/eldigitaldeasturias\" \/>\n\t\t<meta name=\"twitter:card\" content=\"summary_large_image\" \/>\n\t\t<meta name=\"twitter:title\" content=\"El bailar\u00edn Vladimir Malakhov traer\u00e1 a Cuba el espect\u00e1culo \u00abUn regalo de Malakhov\u00bb - El Digital de Asturias\" \/>\n\t\t<meta name=\"twitter:description\" content=\"La Habana, 3 dic (EFE).- El bailar\u00edn Vladimir Malakhov, una de las grandes figuras de la escuela rusa de ballet, actuar\u00e1 en Cuba el pr\u00f3ximo fin de semana y ofrecer\u00e1 una clase magistral de coreograf\u00eda y t\u00e9cnica de la danza, informaron hoy medios locales. El artista, de origen ucraniano, ofrecer\u00e1 el espect\u00e1culo titulado &quot;Un regalo\" \/>\n\t\t<meta name=\"twitter:label1\" content=\"Escrito por\" \/>\n\t\t<meta name=\"twitter:data1\" content=\"El Digital de Asturias\" \/>\n\t\t<meta name=\"twitter:label2\" content=\"Tiempo de lectura estimado\" \/>\n\t\t<meta name=\"twitter:data2\" content=\"1 minuto\" \/>\n\t\t<script type=\"application\/ld+json\" class=\"aioseo-schema\">\n\t\t\t{\"@context\":\"https:\\\/\\\/schema.org\",\"@graph\":[{\"@type\":\"BlogPosting\",\"@id\":\"https:\\\/\\\/www.eldigitaldeasturias.com\\\/noticias\\\/el-bailarin-vladimir-malakhov-traera-a-cuba-el-espectaculo-un-regalo-de-malakhov\\\/#blogposting\",\"name\":\"El bailar\\u00edn Vladimir Malakhov traer\\u00e1 a Cuba el espect\\u00e1culo \\u00abUn regalo de Malakhov\\u00bb - El Digital de Asturias\",\"headline\":\"El bailar\\u00edn Vladimir Malakhov traer\\u00e1 a Cuba el espect\\u00e1culo \\u00abUn regalo de Malakhov\\u00bb\",\"author\":{\"@id\":\"https:\\\/\\\/www.eldigitaldeasturias.com\\\/noticias\\\/author\\\/admin\\\/#author\"},\"publisher\":{\"@id\":\"https:\\\/\\\/www.eldigitaldeasturias.com\\\/noticias\\\/#organization\"},\"image\":{\"@type\":\"ImageObject\",\"url\":457547},\"datePublished\":\"2013-12-04T08:03:21+01:00\",\"dateModified\":\"2013-12-04T08:03:21+01:00\",\"inLanguage\":\"es-ES\",\"mainEntityOfPage\":{\"@id\":\"https:\\\/\\\/www.eldigitaldeasturias.com\\\/noticias\\\/el-bailarin-vladimir-malakhov-traera-a-cuba-el-espectaculo-un-regalo-de-malakhov\\\/#webpage\"},\"isPartOf\":{\"@id\":\"https:\\\/\\\/www.eldigitaldeasturias.com\\\/noticias\\\/el-bailarin-vladimir-malakhov-traera-a-cuba-el-espectaculo-un-regalo-de-malakhov\\\/#webpage\"},\"articleSection\":\"Revista de Ocio\"},{\"@type\":\"BreadcrumbList\",\"@id\":\"https:\\\/\\\/www.eldigitaldeasturias.com\\\/noticias\\\/el-bailarin-vladimir-malakhov-traera-a-cuba-el-espectaculo-un-regalo-de-malakhov\\\/#breadcrumblist\",\"itemListElement\":[{\"@type\":\"ListItem\",\"@id\":\"https:\\\/\\\/www.eldigitaldeasturias.com\\\/noticias#listItem\",\"position\":1,\"name\":\"Home\",\"item\":\"https:\\\/\\\/www.eldigitaldeasturias.com\\\/noticias\",\"nextItem\":{\"@type\":\"ListItem\",\"@id\":\"https:\\\/\\\/www.eldigitaldeasturias.com\\\/noticias\\\/category\\\/revista-de-ocio\\\/#listItem\",\"name\":\"Revista de Ocio\"}},{\"@type\":\"ListItem\",\"@id\":\"https:\\\/\\\/www.eldigitaldeasturias.com\\\/noticias\\\/category\\\/revista-de-ocio\\\/#listItem\",\"position\":2,\"name\":\"Revista de Ocio\",\"item\":\"https:\\\/\\\/www.eldigitaldeasturias.com\\\/noticias\\\/category\\\/revista-de-ocio\\\/\",\"nextItem\":{\"@type\":\"ListItem\",\"@id\":\"https:\\\/\\\/www.eldigitaldeasturias.com\\\/noticias\\\/el-bailarin-vladimir-malakhov-traera-a-cuba-el-espectaculo-un-regalo-de-malakhov\\\/#listItem\",\"name\":\"El bailar\\u00edn Vladimir Malakhov traer\\u00e1 a Cuba el espect\\u00e1culo \\u00abUn regalo de Malakhov\\u00bb\"},\"previousItem\":{\"@type\":\"ListItem\",\"@id\":\"https:\\\/\\\/www.eldigitaldeasturias.com\\\/noticias#listItem\",\"name\":\"Home\"}},{\"@type\":\"ListItem\",\"@id\":\"https:\\\/\\\/www.eldigitaldeasturias.com\\\/noticias\\\/el-bailarin-vladimir-malakhov-traera-a-cuba-el-espectaculo-un-regalo-de-malakhov\\\/#listItem\",\"position\":3,\"name\":\"El bailar\\u00edn Vladimir Malakhov traer\\u00e1 a Cuba el espect\\u00e1culo \\u00abUn regalo de Malakhov\\u00bb\",\"previousItem\":{\"@type\":\"ListItem\",\"@id\":\"https:\\\/\\\/www.eldigitaldeasturias.com\\\/noticias\\\/category\\\/revista-de-ocio\\\/#listItem\",\"name\":\"Revista de Ocio\"}}]},{\"@type\":\"Organization\",\"@id\":\"https:\\\/\\\/www.eldigitaldeasturias.com\\\/noticias\\\/#organization\",\"name\":\"El Digital de Asturias\",\"description\":\"Hemeroteca\",\"url\":\"https:\\\/\\\/www.eldigitaldeasturias.com\\\/noticias\\\/\",\"email\":\"info@eldigitaldeasturias.com\",\"telephone\":\"+34652131393\",\"logo\":{\"@type\":\"ImageObject\",\"url\":\"https:\\\/\\\/www.eldigitaldeasturias.com\\\/noticias\\\/wp-content\\\/uploads\\\/2020\\\/12\\\/EDA.jpg\",\"@id\":\"https:\\\/\\\/www.eldigitaldeasturias.com\\\/noticias\\\/el-bailarin-vladimir-malakhov-traera-a-cuba-el-espectaculo-un-regalo-de-malakhov\\\/#organizationLogo\"},\"image\":{\"@id\":\"https:\\\/\\\/www.eldigitaldeasturias.com\\\/noticias\\\/el-bailarin-vladimir-malakhov-traera-a-cuba-el-espectaculo-un-regalo-de-malakhov\\\/#organizationLogo\"},\"sameAs\":[\"https:\\\/\\\/facebook.com\\\/eldigitaldeasturias\",\"https:\\\/\\\/www.youtube.com\\\/channel\\\/UCZP-2wLEB9Rv6erhFmqVnvg\"],\"address\":{\"@id\":\"https:\\\/\\\/www.eldigitaldeasturias.com\\\/noticias\\\/#postaladdress\",\"@type\":\"PostalAddress\",\"streetAddress\":\"san antonio 4\",\"postalCode\":\"33430\",\"addressLocality\":\"Cand\\u00e1s\",\"addressRegion\":\"Asturias\",\"addressCountry\":\"ES\"}},{\"@type\":\"Person\",\"@id\":\"https:\\\/\\\/www.eldigitaldeasturias.com\\\/noticias\\\/author\\\/admin\\\/#author\",\"url\":\"https:\\\/\\\/www.eldigitaldeasturias.com\\\/noticias\\\/author\\\/admin\\\/\",\"name\":\"El Digital de Asturias\",\"image\":{\"@type\":\"ImageObject\",\"@id\":\"https:\\\/\\\/www.eldigitaldeasturias.com\\\/noticias\\\/el-bailarin-vladimir-malakhov-traera-a-cuba-el-espectaculo-un-regalo-de-malakhov\\\/#authorImage\",\"url\":\"https:\\\/\\\/secure.gravatar.com\\\/avatar\\\/df2aeffc32bcd13f8d26072ef8a91b623d677766deac7f97ca815868cd41bf5e?s=96&d=mm&r=g\",\"width\":96,\"height\":96,\"caption\":\"El Digital de Asturias\"}},{\"@type\":\"WebPage\",\"@id\":\"https:\\\/\\\/www.eldigitaldeasturias.com\\\/noticias\\\/el-bailarin-vladimir-malakhov-traera-a-cuba-el-espectaculo-un-regalo-de-malakhov\\\/#webpage\",\"url\":\"https:\\\/\\\/www.eldigitaldeasturias.com\\\/noticias\\\/el-bailarin-vladimir-malakhov-traera-a-cuba-el-espectaculo-un-regalo-de-malakhov\\\/\",\"name\":\"El bailar\\u00edn Vladimir Malakhov traer\\u00e1 a Cuba el espect\\u00e1culo \\u00abUn regalo de Malakhov\\u00bb - El Digital de Asturias\",\"description\":\"La Habana, 3 dic (EFE).- El bailar\\u00edn Vladimir Malakhov, una de las grandes figuras de la escuela rusa de ballet, actuar\\u00e1 en Cuba el pr\\u00f3ximo fin de semana y ofrecer\\u00e1 una clase magistral de coreograf\\u00eda y t\\u00e9cnica de la danza, informaron hoy medios locales. El artista, de origen ucraniano, ofrecer\\u00e1 el espect\\u00e1culo titulado \\\"Un regalo\",\"inLanguage\":\"es-ES\",\"isPartOf\":{\"@id\":\"https:\\\/\\\/www.eldigitaldeasturias.com\\\/noticias\\\/#website\"},\"breadcrumb\":{\"@id\":\"https:\\\/\\\/www.eldigitaldeasturias.com\\\/noticias\\\/el-bailarin-vladimir-malakhov-traera-a-cuba-el-espectaculo-un-regalo-de-malakhov\\\/#breadcrumblist\"},\"author\":{\"@id\":\"https:\\\/\\\/www.eldigitaldeasturias.com\\\/noticias\\\/author\\\/admin\\\/#author\"},\"creator\":{\"@id\":\"https:\\\/\\\/www.eldigitaldeasturias.com\\\/noticias\\\/author\\\/admin\\\/#author\"},\"image\":{\"@type\":\"ImageObject\",\"url\":457547,\"@id\":\"https:\\\/\\\/www.eldigitaldeasturias.com\\\/noticias\\\/el-bailarin-vladimir-malakhov-traera-a-cuba-el-espectaculo-un-regalo-de-malakhov\\\/#mainImage\"},\"primaryImageOfPage\":{\"@id\":\"https:\\\/\\\/www.eldigitaldeasturias.com\\\/noticias\\\/el-bailarin-vladimir-malakhov-traera-a-cuba-el-espectaculo-un-regalo-de-malakhov\\\/#mainImage\"},\"datePublished\":\"2013-12-04T08:03:21+01:00\",\"dateModified\":\"2013-12-04T08:03:21+01:00\"},{\"@type\":\"WebSite\",\"@id\":\"https:\\\/\\\/www.eldigitaldeasturias.com\\\/noticias\\\/#website\",\"url\":\"https:\\\/\\\/www.eldigitaldeasturias.com\\\/noticias\\\/\",\"name\":\"El Digital de Asturias - Diario de actualidad y noticias\",\"alternateName\":\"El Digital de Asturias - Diario de actualidad y noticias\",\"description\":\"Hemeroteca\",\"inLanguage\":\"es-ES\",\"publisher\":{\"@id\":\"https:\\\/\\\/www.eldigitaldeasturias.com\\\/noticias\\\/#organization\"}}]}\n\t\t<\/script>\n\t\t<!-- All in One SEO Pro -->\r\n\t\t<title>El bailar\u00edn Vladimir Malakhov traer\u00e1 a Cuba el espect\u00e1culo \u00abUn regalo de Malakhov\u00bb - El Digital de Asturias<\/title>\n\n","aioseo_head_json":{"title":"El bailar\u00edn Vladimir Malakhov traer\u00e1 a Cuba el espect\u00e1culo \u00abUn regalo de Malakhov\u00bb - El Digital de Asturias","description":"La Habana, 3 dic (EFE).- El bailar\u00edn Vladimir Malakhov, una de las grandes figuras de la escuela rusa de ballet, actuar\u00e1 en Cuba el pr\u00f3ximo fin de semana y ofrecer\u00e1 una clase magistral de coreograf\u00eda y t\u00e9cnica de la danza, informaron hoy medios locales. El artista, de origen ucraniano, ofrecer\u00e1 el espect\u00e1culo titulado \"Un regalo","canonical_url":"https:\/\/www.eldigitaldeasturias.com\/noticias\/el-bailarin-vladimir-malakhov-traera-a-cuba-el-espectaculo-un-regalo-de-malakhov\/","robots":"max-image-preview:large","keywords":"revista de ocio","webmasterTools":{"google-site-verification":"UA-38556648-1","msvalidate.01":"7dfe9f3f1b24437ab69f4f2559babe99","miscellaneous":""},"schema":{"@context":"https:\/\/schema.org","@graph":[{"@type":"BlogPosting","@id":"https:\/\/www.eldigitaldeasturias.com\/noticias\/el-bailarin-vladimir-malakhov-traera-a-cuba-el-espectaculo-un-regalo-de-malakhov\/#blogposting","name":"El bailar\u00edn Vladimir Malakhov traer\u00e1 a Cuba el espect\u00e1culo \u00abUn regalo de Malakhov\u00bb - El Digital de Asturias","headline":"El bailar\u00edn Vladimir Malakhov traer\u00e1 a Cuba el espect\u00e1culo \u00abUn regalo de Malakhov\u00bb","author":{"@id":"https:\/\/www.eldigitaldeasturias.com\/noticias\/author\/admin\/#author"},"publisher":{"@id":"https:\/\/www.eldigitaldeasturias.com\/noticias\/#organization"},"image":{"@type":"ImageObject","url":457547},"datePublished":"2013-12-04T08:03:21+01:00","dateModified":"2013-12-04T08:03:21+01:00","inLanguage":"es-ES","mainEntityOfPage":{"@id":"https:\/\/www.eldigitaldeasturias.com\/noticias\/el-bailarin-vladimir-malakhov-traera-a-cuba-el-espectaculo-un-regalo-de-malakhov\/#webpage"},"isPartOf":{"@id":"https:\/\/www.eldigitaldeasturias.com\/noticias\/el-bailarin-vladimir-malakhov-traera-a-cuba-el-espectaculo-un-regalo-de-malakhov\/#webpage"},"articleSection":"Revista de Ocio"},{"@type":"BreadcrumbList","@id":"https:\/\/www.eldigitaldeasturias.com\/noticias\/el-bailarin-vladimir-malakhov-traera-a-cuba-el-espectaculo-un-regalo-de-malakhov\/#breadcrumblist","itemListElement":[{"@type":"ListItem","@id":"https:\/\/www.eldigitaldeasturias.com\/noticias#listItem","position":1,"name":"Home","item":"https:\/\/www.eldigitaldeasturias.com\/noticias","nextItem":{"@type":"ListItem","@id":"https:\/\/www.eldigitaldeasturias.com\/noticias\/category\/revista-de-ocio\/#listItem","name":"Revista de Ocio"}},{"@type":"ListItem","@id":"https:\/\/www.eldigitaldeasturias.com\/noticias\/category\/revista-de-ocio\/#listItem","position":2,"name":"Revista de Ocio","item":"https:\/\/www.eldigitaldeasturias.com\/noticias\/category\/revista-de-ocio\/","nextItem":{"@type":"ListItem","@id":"https:\/\/www.eldigitaldeasturias.com\/noticias\/el-bailarin-vladimir-malakhov-traera-a-cuba-el-espectaculo-un-regalo-de-malakhov\/#listItem","name":"El bailar\u00edn Vladimir Malakhov traer\u00e1 a Cuba el espect\u00e1culo \u00abUn regalo de Malakhov\u00bb"},"previousItem":{"@type":"ListItem","@id":"https:\/\/www.eldigitaldeasturias.com\/noticias#listItem","name":"Home"}},{"@type":"ListItem","@id":"https:\/\/www.eldigitaldeasturias.com\/noticias\/el-bailarin-vladimir-malakhov-traera-a-cuba-el-espectaculo-un-regalo-de-malakhov\/#listItem","position":3,"name":"El bailar\u00edn Vladimir Malakhov traer\u00e1 a Cuba el espect\u00e1culo \u00abUn regalo de Malakhov\u00bb","previousItem":{"@type":"ListItem","@id":"https:\/\/www.eldigitaldeasturias.com\/noticias\/category\/revista-de-ocio\/#listItem","name":"Revista de Ocio"}}]},{"@type":"Organization","@id":"https:\/\/www.eldigitaldeasturias.com\/noticias\/#organization","name":"El Digital de Asturias","description":"Hemeroteca","url":"https:\/\/www.eldigitaldeasturias.com\/noticias\/","email":"info@eldigitaldeasturias.com","telephone":"+34652131393","logo":{"@type":"ImageObject","url":"https:\/\/www.eldigitaldeasturias.com\/noticias\/wp-content\/uploads\/2020\/12\/EDA.jpg","@id":"https:\/\/www.eldigitaldeasturias.com\/noticias\/el-bailarin-vladimir-malakhov-traera-a-cuba-el-espectaculo-un-regalo-de-malakhov\/#organizationLogo"},"image":{"@id":"https:\/\/www.eldigitaldeasturias.com\/noticias\/el-bailarin-vladimir-malakhov-traera-a-cuba-el-espectaculo-un-regalo-de-malakhov\/#organizationLogo"},"sameAs":["https:\/\/facebook.com\/eldigitaldeasturias","https:\/\/www.youtube.com\/channel\/UCZP-2wLEB9Rv6erhFmqVnvg"],"address":{"@id":"https:\/\/www.eldigitaldeasturias.com\/noticias\/#postaladdress","@type":"PostalAddress","streetAddress":"san antonio 4","postalCode":"33430","addressLocality":"Cand\u00e1s","addressRegion":"Asturias","addressCountry":"ES"}},{"@type":"Person","@id":"https:\/\/www.eldigitaldeasturias.com\/noticias\/author\/admin\/#author","url":"https:\/\/www.eldigitaldeasturias.com\/noticias\/author\/admin\/","name":"El Digital de Asturias","image":{"@type":"ImageObject","@id":"https:\/\/www.eldigitaldeasturias.com\/noticias\/el-bailarin-vladimir-malakhov-traera-a-cuba-el-espectaculo-un-regalo-de-malakhov\/#authorImage","url":"https:\/\/secure.gravatar.com\/avatar\/df2aeffc32bcd13f8d26072ef8a91b623d677766deac7f97ca815868cd41bf5e?s=96&d=mm&r=g","width":96,"height":96,"caption":"El Digital de Asturias"}},{"@type":"WebPage","@id":"https:\/\/www.eldigitaldeasturias.com\/noticias\/el-bailarin-vladimir-malakhov-traera-a-cuba-el-espectaculo-un-regalo-de-malakhov\/#webpage","url":"https:\/\/www.eldigitaldeasturias.com\/noticias\/el-bailarin-vladimir-malakhov-traera-a-cuba-el-espectaculo-un-regalo-de-malakhov\/","name":"El bailar\u00edn Vladimir Malakhov traer\u00e1 a Cuba el espect\u00e1culo \u00abUn regalo de Malakhov\u00bb - El Digital de Asturias","description":"La Habana, 3 dic (EFE).- El bailar\u00edn Vladimir Malakhov, una de las grandes figuras de la escuela rusa de ballet, actuar\u00e1 en Cuba el pr\u00f3ximo fin de semana y ofrecer\u00e1 una clase magistral de coreograf\u00eda y t\u00e9cnica de la danza, informaron hoy medios locales. El artista, de origen ucraniano, ofrecer\u00e1 el espect\u00e1culo titulado \"Un regalo","inLanguage":"es-ES","isPartOf":{"@id":"https:\/\/www.eldigitaldeasturias.com\/noticias\/#website"},"breadcrumb":{"@id":"https:\/\/www.eldigitaldeasturias.com\/noticias\/el-bailarin-vladimir-malakhov-traera-a-cuba-el-espectaculo-un-regalo-de-malakhov\/#breadcrumblist"},"author":{"@id":"https:\/\/www.eldigitaldeasturias.com\/noticias\/author\/admin\/#author"},"creator":{"@id":"https:\/\/www.eldigitaldeasturias.com\/noticias\/author\/admin\/#author"},"image":{"@type":"ImageObject","url":457547,"@id":"https:\/\/www.eldigitaldeasturias.com\/noticias\/el-bailarin-vladimir-malakhov-traera-a-cuba-el-espectaculo-un-regalo-de-malakhov\/#mainImage"},"primaryImageOfPage":{"@id":"https:\/\/www.eldigitaldeasturias.com\/noticias\/el-bailarin-vladimir-malakhov-traera-a-cuba-el-espectaculo-un-regalo-de-malakhov\/#mainImage"},"datePublished":"2013-12-04T08:03:21+01:00","dateModified":"2013-12-04T08:03:21+01:00"},{"@type":"WebSite","@id":"https:\/\/www.eldigitaldeasturias.com\/noticias\/#website","url":"https:\/\/www.eldigitaldeasturias.com\/noticias\/","name":"El Digital de Asturias - Diario de actualidad y noticias","alternateName":"El Digital de Asturias - Diario de actualidad y noticias","description":"Hemeroteca","inLanguage":"es-ES","publisher":{"@id":"https:\/\/www.eldigitaldeasturias.com\/noticias\/#organization"}}]},"og:locale":"es_ES","og:site_name":"El Digital de Asturias","og:type":"article","og:title":"El bailar\u00edn Vladimir Malakhov traer\u00e1 a Cuba el espect\u00e1culo \u00abUn regalo de Malakhov\u00bb - El Digital de Asturias","og:description":"La Habana, 3 dic (EFE).- El bailar\u00edn Vladimir Malakhov, una de las grandes figuras de la escuela rusa de ballet, actuar\u00e1 en Cuba el pr\u00f3ximo fin de semana y ofrecer\u00e1 una clase magistral de coreograf\u00eda y t\u00e9cnica de la danza, informaron hoy medios locales. El artista, de origen ucraniano, ofrecer\u00e1 el espect\u00e1culo titulado &quot;Un regalo","og:url":"https:\/\/www.eldigitaldeasturias.com\/noticias\/el-bailarin-vladimir-malakhov-traera-a-cuba-el-espectaculo-un-regalo-de-malakhov\/","article:tag":["revista de ocio"],"article:published_time":"2013-12-04T09:03:21+00:00","article:modified_time":"2013-12-04T09:03:21+00:00","article:publisher":"https:\/\/facebook.com\/eldigitaldeasturias","twitter:card":"summary_large_image","twitter:title":"El bailar\u00edn Vladimir Malakhov traer\u00e1 a Cuba el espect\u00e1culo \u00abUn regalo de Malakhov\u00bb - El Digital de Asturias","twitter:description":"La Habana, 3 dic (EFE).- El bailar\u00edn Vladimir Malakhov, una de las grandes figuras de la escuela rusa de ballet, actuar\u00e1 en Cuba el pr\u00f3ximo fin de semana y ofrecer\u00e1 una clase magistral de coreograf\u00eda y t\u00e9cnica de la danza, informaron hoy medios locales. El artista, de origen ucraniano, ofrecer\u00e1 el espect\u00e1culo titulado &quot;Un regalo","twitter:label1":"Escrito por","twitter:data1":"El Digital de Asturias","twitter:label2":"Tiempo de lectura estimado","twitter:data2":"1 minuto"},"aioseo_meta_data":{"post_id":"457545","title":null,"description":null,"keywords":null,"keyphrases":null,"primary_term":null,"canonical_url":null,"og_title":null,"og_description":null,"og_object_type":"default","og_image_type":"default","og_image_url":null,"og_image_width":null,"og_image_height":null,"og_image_custom_url":null,"og_image_custom_fields":null,"og_video":null,"og_custom_url":null,"og_article_section":null,"og_article_tags":null,"twitter_use_og":true,"twitter_card":"default","twitter_image_type":"default","twitter_image_url":null,"twitter_image_custom_url":null,"twitter_image_custom_fields":null,"twitter_title":null,"twitter_description":null,"schema":{"blockGraphs":[],"customGraphs":[],"default":{"data":{"Article":[],"Course":[],"Dataset":[],"FAQPage":[],"Movie":[],"Person":[],"Product":[],"ProductReview":[],"Car":[],"Recipe":[],"Service":[],"SoftwareApplication":[],"WebPage":[]},"graphName":"","isEnabled":true},"graphs":[],"defaultGraph":"","defaultPostTypeGraph":""},"schema_type":null,"schema_type_options":null,"pillar_content":false,"robots_default":true,"robots_noindex":false,"robots_noarchive":false,"robots_nosnippet":false,"robots_nofollow":false,"robots_noimageindex":false,"robots_noodp":false,"robots_notranslate":false,"robots_max_snippet":null,"robots_max_videopreview":null,"robots_max_imagepreview":"none","priority":null,"frequency":null,"local_seo":null,"seo_analyzer_scan_date":"2026-05-30 02:11:07","breadcrumb_settings":null,"limit_modified_date":false,"open_ai":null,"ai":null,"created":"2020-11-14 22:46:08","updated":"2026-05-30 02:11:07","focus_keyword":null,"additional_keywords":null,"truseo_locale":null},"aioseo_breadcrumb":"<div class=\"aioseo-breadcrumbs\"><span class=\"aioseo-breadcrumb\">\n\t<a href=\"https:\/\/www.eldigitaldeasturias.com\/noticias\" title=\"Home\">Home<\/a>\n<\/span><span class=\"aioseo-breadcrumb-separator\">\u2013<\/span><span class=\"aioseo-breadcrumb\">\n\t<a href=\"https:\/\/www.eldigitaldeasturias.com\/noticias\/category\/revista-de-ocio\/\" title=\"Revista de Ocio\">Revista de Ocio<\/a>\n<\/span><span class=\"aioseo-breadcrumb-separator\">\u2013<\/span><span class=\"aioseo-breadcrumb\">\n\t<a href=\"https:\/\/www.eldigitaldeasturias.com\/noticias\/el-bailarin-vladimir-malakhov-traera-a-cuba-el-espectaculo-un-regalo-de-malakhov\/\" title=\"El bailar\u00edn Vladimir Malakhov traer\u00e1 a Cuba el espect\u00e1culo \u00abUn regalo de Malakhov\u00bb\">El bailar\u00edn Vladimir Malakhov traer\u00e1 a Cuba el espect\u00e1culo \u00abUn regalo de Malakhov\u00bb<\/a>\n<\/span><\/div>","aioseo_breadcrumb_json":[{"label":"Home","link":"https:\/\/www.eldigitaldeasturias.com\/noticias"},{"label":"Revista de Ocio","link":"https:\/\/www.eldigitaldeasturias.com\/noticias\/category\/revista-de-ocio\/"},{"label":"El bailar\u00edn Vladimir Malakhov traer\u00e1 a Cuba el espect\u00e1culo \u00abUn regalo de Malakhov\u00bb","link":"https:\/\/www.eldigitaldeasturias.com\/noticias\/el-bailarin-vladimir-malakhov-traera-a-cuba-el-espectaculo-un-regalo-de-malakhov\/"}],"_links":{"self":[{"href":"https:\/\/www.eldigitaldeasturias.com\/noticias\/wp-json\/wp\/v2\/posts\/457545","targetHints":{"allow":["GET"]}}],"collection":[{"href":"https:\/\/www.eldigitaldeasturias.com\/noticias\/wp-json\/wp\/v2\/posts"}],"about":[{"href":"https:\/\/www.eldigitaldeasturias.com\/noticias\/wp-json\/wp\/v2\/types\/post"}],"author":[{"embeddable":true,"href":"https:\/\/www.eldigitaldeasturias.com\/noticias\/wp-json\/wp\/v2\/users\/1"}],"replies":[{"embeddable":true,"href":"https:\/\/www.eldigitaldeasturias.com\/noticias\/wp-json\/wp\/v2\/comments?post=457545"}],"version-history":[{"count":0,"href":"https:\/\/www.eldigitaldeasturias.com\/noticias\/wp-json\/wp\/v2\/posts\/457545\/revisions"}],"wp:attachment":[{"href":"https:\/\/www.eldigitaldeasturias.com\/noticias\/wp-json\/wp\/v2\/media?parent=457545"}],"wp:term":[{"taxonomy":"category","embeddable":true,"href":"https:\/\/www.eldigitaldeasturias.com\/noticias\/wp-json\/wp\/v2\/categories?post=457545"},{"taxonomy":"post_tag","embeddable":true,"href":"https:\/\/www.eldigitaldeasturias.com\/noticias\/wp-json\/wp\/v2\/tags?post=457545"}],"curies":[{"name":"wp","href":"https:\/\/api.w.org\/{rel}","templated":true}]}}