{"id":457502,"date":"2013-12-04T07:27:31","date_gmt":"2013-12-04T08:27:31","guid":{"rendered":"http:\/\/www.eldigitaldeasturias.com\/noticias\/?p=457502"},"modified":"2013-12-04T07:27:31","modified_gmt":"2013-12-04T08:27:31","slug":"el-86-de-realojados-en-casas-temporales-por-el-tsunami-de-2011-aun-vive-ahi","status":"publish","type":"post","link":"https:\/\/www.eldigitaldeasturias.com\/noticias\/el-86-de-realojados-en-casas-temporales-por-el-tsunami-de-2011-aun-vive-ahi\/","title":{"rendered":"El 86 % de realojados en casas temporales por el tsunami de 2011 a\u00fan vive ah\u00ed"},"content":{"rendered":"<p><img loading=\"lazy\" decoding=\"async\" class=\"alignleft size-medium wp-image-457503\" alt=\"5770688w\" src=\"https:\/\/www.eldigitaldeasturias.com\/noticias\/wp-content\/uploads\/2013\/12\/5770688w-360x239.jpg\" width=\"360\" height=\"239\" \/>Tokio, 4 dic (EFE).- El 86,7 por ciento de las familias realojadas en viviendas temporales tras perder sus hogares en marzo de 2011 a causa del tsunami y la crisis nuclear de Fukushima a\u00fan permanece ah\u00ed alojado, seg\u00fan explicaron hoy las autoridades.<\/p>\n<p>A d\u00eda de hoy, cuando se cumplen 1.000 d\u00edas de la tragedia que golpe\u00f3 el noreste japon\u00e9s, la inmensa mayor\u00eda de estas casas sigue ocupada en las tres provincias m\u00e1s afectadas: Iwate, Miyagi y Fukushima.<\/p>\n<p>De las 278.000 personas que no han recuperado sus casas, unas 210.000 permanecen, m\u00e1s de dos a\u00f1os y siete meses despu\u00e9s, repartidas en unas 45.900 de estas viviendas adosadas (de menos de 30 metros cuadrados cada una) construidas con materiales pl\u00e1sticos y met\u00e1licos tras la cat\u00e1strofe.<\/p>\n<p>Los casi 70.000 restantes viven en su mayor\u00eda en apartamentos cuyo alquiler sufraga la administraci\u00f3n japonesa.<\/p>\n<p>Seg\u00fan explicaron a la agencia Kyodo funcionarios de las autoridades locales, la tremenda lentitud a la hora de realojar a estos afectados se debe a la dificultad para construir nuevas casas en esta regi\u00f3n.<\/p>\n<p>El principal problema reside en que la mayor\u00eda de municipios afectados por la cat\u00e1strofe carece de espacios llanos para construir las viviendas en zonas elevadas y m\u00e1s alejadas del mar.<\/p>\n<p>Todo el proceso para que los diversos ayuntamientos afectados concluyan los estudios de viabilidad, la recalificaci\u00f3n de los terrenos, las obras necesarias para allanarlos y la venta de los mismos llevar\u00e1 a\u00fan algunos a\u00f1os m\u00e1s.<\/p>\n<p>\u00abExiste una gran probabilidad de que transcurran cinco a\u00f1os o m\u00e1s desde el terremoto y tsunami para que todos los actuales ocupantes abandonen estas viviendas temporales\u00bb, explic\u00f3 a Kyodo un funcionario de la provincia de Iwate.<\/p>\n<p>De momento, Fukushima, Miyagi e Iwate han extendido los periodos de funcionamiento de estas casas prefabricadas hasta 2015, aunque cabe la posibilidad de que sea necesario ampliar a\u00fan m\u00e1s el plazo.<\/p>\n<p>Otro dato sacado a relucir por el diario Nikkei con motivo de los 1.000 d\u00edas de la tragedia es la fuerte ca\u00edda de poblaci\u00f3n en la mayor\u00eda de las localidades afectadas.<\/p>\n<p>Por ejemplo, municipios como Onagawa (Miyagi) u Otsuchi (Iwate), que no superaban, respectivamente, los 16.000 y los 10.000 habitantes antes de la tragedia, han visto recortado el censo en un 26,4 y un 22 por ciento.<\/p>\n<p>El terremoto y tsunami del 11 de marzo de 2011 dejaron m\u00e1s de 18.000 muertos y desaparecidos, adem\u00e1s de provocar en la central de Fukushima el peor accidente nuclear desde el de Chern\u00f3bil en 1986.<\/p>\n","protected":false},"excerpt":{"rendered":"<p>Tokio, 4 dic (EFE).- El 86,7 por ciento de las familias realojadas en viviendas temporales tras perder sus hogares en marzo de 2011 a causa del tsunami y la crisis nuclear de Fukushima a\u00fan permanece ah\u00ed alojado, seg\u00fan explicaron hoy las autoridades. A d\u00eda de hoy, cuando se cumplen 1.000 d\u00edas de la tragedia que [&hellip;]<\/p>\n","protected":false},"author":1,"featured_media":457503,"comment_status":"closed","ping_status":"open","sticky":false,"template":"","format":"standard","meta":{"footnotes":""},"categories":[28],"tags":[],"class_list":["post-457502","post","type-post","status-publish","format-standard","has-post-thumbnail","hentry","category-sociedad"],"aioseo_notices":[],"aioseo_head":"\n\t\t<!-- All in One SEO Pro 5.0.1 - aioseo.com -->\n\t<meta name=\"description\" content=\"Tokio, 4 dic (EFE).- El 86,7 por ciento de las familias realojadas en viviendas temporales tras perder sus hogares en marzo de 2011 a causa del tsunami y la crisis nuclear de Fukushima a\u00fan permanece ah\u00ed alojado, seg\u00fan explicaron hoy las autoridades. A d\u00eda de hoy, cuando se cumplen 1.000 d\u00edas de la tragedia que\" \/>\n\t<meta name=\"robots\" content=\"max-image-preview:large\" \/>\n\t<meta name=\"author\" content=\"El Digital de Asturias\"\/>\n\t<meta name=\"google-site-verification\" content=\"UA-38556648-1\" \/>\n\t<meta name=\"msvalidate.01\" content=\"7dfe9f3f1b24437ab69f4f2559babe99\" \/>\n\t<meta name=\"keywords\" content=\"sociedad\" \/>\n\t<link rel=\"canonical\" href=\"https:\/\/www.eldigitaldeasturias.com\/noticias\/el-86-de-realojados-en-casas-temporales-por-el-tsunami-de-2011-aun-vive-ahi\/\" \/>\n\t<meta name=\"generator\" content=\"All in One SEO Pro (AIOSEO) 5.0.1\" \/>\n\t\t<meta property=\"og:locale\" content=\"es_ES\" \/>\n\t\t<meta property=\"og:site_name\" content=\"El Digital de Asturias\" \/>\n\t\t<meta property=\"og:type\" content=\"article\" \/>\n\t\t<meta property=\"og:title\" content=\"El 86 % de realojados en casas temporales por el tsunami de 2011 a\u00fan vive ah\u00ed - El Digital de Asturias\" \/>\n\t\t<meta property=\"og:description\" content=\"Tokio, 4 dic (EFE).- El 86,7 por ciento de las familias realojadas en viviendas temporales tras perder sus hogares en marzo de 2011 a causa del tsunami y la crisis nuclear de Fukushima a\u00fan permanece ah\u00ed alojado, seg\u00fan explicaron hoy las autoridades. A d\u00eda de hoy, cuando se cumplen 1.000 d\u00edas de la tragedia que\" \/>\n\t\t<meta property=\"og:url\" content=\"https:\/\/www.eldigitaldeasturias.com\/noticias\/el-86-de-realojados-en-casas-temporales-por-el-tsunami-de-2011-aun-vive-ahi\/\" \/>\n\t\t<meta property=\"article:tag\" content=\"sociedad\" \/>\n\t\t<meta property=\"article:published_time\" content=\"2013-12-04T08:27:31+00:00\" \/>\n\t\t<meta property=\"article:modified_time\" content=\"2013-12-04T08:27:31+00:00\" \/>\n\t\t<meta property=\"article:publisher\" content=\"https:\/\/facebook.com\/eldigitaldeasturias\" \/>\n\t\t<meta name=\"twitter:card\" content=\"summary_large_image\" \/>\n\t\t<meta name=\"twitter:title\" content=\"El 86 % de realojados en casas temporales por el tsunami de 2011 a\u00fan vive ah\u00ed - El Digital de Asturias\" \/>\n\t\t<meta name=\"twitter:description\" content=\"Tokio, 4 dic (EFE).- El 86,7 por ciento de las familias realojadas en viviendas temporales tras perder sus hogares en marzo de 2011 a causa del tsunami y la crisis nuclear de Fukushima a\u00fan permanece ah\u00ed alojado, seg\u00fan explicaron hoy las autoridades. A d\u00eda de hoy, cuando se cumplen 1.000 d\u00edas de la tragedia que\" \/>\n\t\t<meta name=\"twitter:label1\" content=\"Escrito por\" \/>\n\t\t<meta name=\"twitter:data1\" content=\"El Digital de Asturias\" \/>\n\t\t<meta name=\"twitter:label2\" content=\"Tiempo de lectura estimado\" \/>\n\t\t<meta name=\"twitter:data2\" content=\"2 minutos\" \/>\n\t\t<script type=\"application\/ld+json\" class=\"aioseo-schema\">\n\t\t\t{\"@context\":\"https:\\\/\\\/schema.org\",\"@graph\":[{\"@type\":\"BlogPosting\",\"@id\":\"https:\\\/\\\/www.eldigitaldeasturias.com\\\/noticias\\\/el-86-de-realojados-en-casas-temporales-por-el-tsunami-de-2011-aun-vive-ahi\\\/#blogposting\",\"name\":\"El 86 % de realojados en casas temporales por el tsunami de 2011 a\\u00fan vive ah\\u00ed - El Digital de Asturias\",\"headline\":\"El 86 % de realojados en casas temporales por el tsunami de 2011 a\\u00fan vive ah\\u00ed\",\"author\":{\"@id\":\"https:\\\/\\\/www.eldigitaldeasturias.com\\\/noticias\\\/author\\\/admin\\\/#author\"},\"publisher\":{\"@id\":\"https:\\\/\\\/www.eldigitaldeasturias.com\\\/noticias\\\/#organization\"},\"image\":{\"@type\":\"ImageObject\",\"url\":457503},\"datePublished\":\"2013-12-04T07:27:31+01:00\",\"dateModified\":\"2013-12-04T07:27:31+01:00\",\"inLanguage\":\"es-ES\",\"mainEntityOfPage\":{\"@id\":\"https:\\\/\\\/www.eldigitaldeasturias.com\\\/noticias\\\/el-86-de-realojados-en-casas-temporales-por-el-tsunami-de-2011-aun-vive-ahi\\\/#webpage\"},\"isPartOf\":{\"@id\":\"https:\\\/\\\/www.eldigitaldeasturias.com\\\/noticias\\\/el-86-de-realojados-en-casas-temporales-por-el-tsunami-de-2011-aun-vive-ahi\\\/#webpage\"},\"articleSection\":\"Sociedad\"},{\"@type\":\"BreadcrumbList\",\"@id\":\"https:\\\/\\\/www.eldigitaldeasturias.com\\\/noticias\\\/el-86-de-realojados-en-casas-temporales-por-el-tsunami-de-2011-aun-vive-ahi\\\/#breadcrumblist\",\"itemListElement\":[{\"@type\":\"ListItem\",\"@id\":\"https:\\\/\\\/www.eldigitaldeasturias.com\\\/noticias#listItem\",\"position\":1,\"name\":\"Home\",\"item\":\"https:\\\/\\\/www.eldigitaldeasturias.com\\\/noticias\",\"nextItem\":{\"@type\":\"ListItem\",\"@id\":\"https:\\\/\\\/www.eldigitaldeasturias.com\\\/noticias\\\/category\\\/sociedad\\\/#listItem\",\"name\":\"Sociedad\"}},{\"@type\":\"ListItem\",\"@id\":\"https:\\\/\\\/www.eldigitaldeasturias.com\\\/noticias\\\/category\\\/sociedad\\\/#listItem\",\"position\":2,\"name\":\"Sociedad\",\"item\":\"https:\\\/\\\/www.eldigitaldeasturias.com\\\/noticias\\\/category\\\/sociedad\\\/\",\"nextItem\":{\"@type\":\"ListItem\",\"@id\":\"https:\\\/\\\/www.eldigitaldeasturias.com\\\/noticias\\\/el-86-de-realojados-en-casas-temporales-por-el-tsunami-de-2011-aun-vive-ahi\\\/#listItem\",\"name\":\"El 86 % de realojados en casas temporales por el tsunami de 2011 a\\u00fan vive ah\\u00ed\"},\"previousItem\":{\"@type\":\"ListItem\",\"@id\":\"https:\\\/\\\/www.eldigitaldeasturias.com\\\/noticias#listItem\",\"name\":\"Home\"}},{\"@type\":\"ListItem\",\"@id\":\"https:\\\/\\\/www.eldigitaldeasturias.com\\\/noticias\\\/el-86-de-realojados-en-casas-temporales-por-el-tsunami-de-2011-aun-vive-ahi\\\/#listItem\",\"position\":3,\"name\":\"El 86 % de realojados en casas temporales por el tsunami de 2011 a\\u00fan vive ah\\u00ed\",\"previousItem\":{\"@type\":\"ListItem\",\"@id\":\"https:\\\/\\\/www.eldigitaldeasturias.com\\\/noticias\\\/category\\\/sociedad\\\/#listItem\",\"name\":\"Sociedad\"}}]},{\"@type\":\"Organization\",\"@id\":\"https:\\\/\\\/www.eldigitaldeasturias.com\\\/noticias\\\/#organization\",\"name\":\"El Digital de Asturias\",\"description\":\"Hemeroteca\",\"url\":\"https:\\\/\\\/www.eldigitaldeasturias.com\\\/noticias\\\/\",\"email\":\"info@eldigitaldeasturias.com\",\"telephone\":\"+34652131393\",\"logo\":{\"@type\":\"ImageObject\",\"url\":\"https:\\\/\\\/www.eldigitaldeasturias.com\\\/noticias\\\/wp-content\\\/uploads\\\/2020\\\/12\\\/EDA.jpg\",\"@id\":\"https:\\\/\\\/www.eldigitaldeasturias.com\\\/noticias\\\/el-86-de-realojados-en-casas-temporales-por-el-tsunami-de-2011-aun-vive-ahi\\\/#organizationLogo\"},\"image\":{\"@id\":\"https:\\\/\\\/www.eldigitaldeasturias.com\\\/noticias\\\/el-86-de-realojados-en-casas-temporales-por-el-tsunami-de-2011-aun-vive-ahi\\\/#organizationLogo\"},\"sameAs\":[\"https:\\\/\\\/facebook.com\\\/eldigitaldeasturias\",\"https:\\\/\\\/www.youtube.com\\\/channel\\\/UCZP-2wLEB9Rv6erhFmqVnvg\"],\"address\":{\"@id\":\"https:\\\/\\\/www.eldigitaldeasturias.com\\\/noticias\\\/#postaladdress\",\"@type\":\"PostalAddress\",\"streetAddress\":\"san antonio 4\",\"postalCode\":\"33430\",\"addressLocality\":\"Cand\\u00e1s\",\"addressRegion\":\"Asturias\",\"addressCountry\":\"ES\"}},{\"@type\":\"Person\",\"@id\":\"https:\\\/\\\/www.eldigitaldeasturias.com\\\/noticias\\\/author\\\/admin\\\/#author\",\"url\":\"https:\\\/\\\/www.eldigitaldeasturias.com\\\/noticias\\\/author\\\/admin\\\/\",\"name\":\"El Digital de Asturias\",\"image\":{\"@type\":\"ImageObject\",\"@id\":\"https:\\\/\\\/www.eldigitaldeasturias.com\\\/noticias\\\/el-86-de-realojados-en-casas-temporales-por-el-tsunami-de-2011-aun-vive-ahi\\\/#authorImage\",\"url\":\"https:\\\/\\\/secure.gravatar.com\\\/avatar\\\/df2aeffc32bcd13f8d26072ef8a91b623d677766deac7f97ca815868cd41bf5e?s=96&d=mm&r=g\",\"width\":96,\"height\":96,\"caption\":\"El Digital de Asturias\"}},{\"@type\":\"WebPage\",\"@id\":\"https:\\\/\\\/www.eldigitaldeasturias.com\\\/noticias\\\/el-86-de-realojados-en-casas-temporales-por-el-tsunami-de-2011-aun-vive-ahi\\\/#webpage\",\"url\":\"https:\\\/\\\/www.eldigitaldeasturias.com\\\/noticias\\\/el-86-de-realojados-en-casas-temporales-por-el-tsunami-de-2011-aun-vive-ahi\\\/\",\"name\":\"El 86 % de realojados en casas temporales por el tsunami de 2011 a\\u00fan vive ah\\u00ed - El Digital de Asturias\",\"description\":\"Tokio, 4 dic (EFE).- El 86,7 por ciento de las familias realojadas en viviendas temporales tras perder sus hogares en marzo de 2011 a causa del tsunami y la crisis nuclear de Fukushima a\\u00fan permanece ah\\u00ed alojado, seg\\u00fan explicaron hoy las autoridades. A d\\u00eda de hoy, cuando se cumplen 1.000 d\\u00edas de la tragedia que\",\"inLanguage\":\"es-ES\",\"isPartOf\":{\"@id\":\"https:\\\/\\\/www.eldigitaldeasturias.com\\\/noticias\\\/#website\"},\"breadcrumb\":{\"@id\":\"https:\\\/\\\/www.eldigitaldeasturias.com\\\/noticias\\\/el-86-de-realojados-en-casas-temporales-por-el-tsunami-de-2011-aun-vive-ahi\\\/#breadcrumblist\"},\"author\":{\"@id\":\"https:\\\/\\\/www.eldigitaldeasturias.com\\\/noticias\\\/author\\\/admin\\\/#author\"},\"creator\":{\"@id\":\"https:\\\/\\\/www.eldigitaldeasturias.com\\\/noticias\\\/author\\\/admin\\\/#author\"},\"image\":{\"@type\":\"ImageObject\",\"url\":457503,\"@id\":\"https:\\\/\\\/www.eldigitaldeasturias.com\\\/noticias\\\/el-86-de-realojados-en-casas-temporales-por-el-tsunami-de-2011-aun-vive-ahi\\\/#mainImage\"},\"primaryImageOfPage\":{\"@id\":\"https:\\\/\\\/www.eldigitaldeasturias.com\\\/noticias\\\/el-86-de-realojados-en-casas-temporales-por-el-tsunami-de-2011-aun-vive-ahi\\\/#mainImage\"},\"datePublished\":\"2013-12-04T07:27:31+01:00\",\"dateModified\":\"2013-12-04T07:27:31+01:00\"},{\"@type\":\"WebSite\",\"@id\":\"https:\\\/\\\/www.eldigitaldeasturias.com\\\/noticias\\\/#website\",\"url\":\"https:\\\/\\\/www.eldigitaldeasturias.com\\\/noticias\\\/\",\"name\":\"El Digital de Asturias - Diario de actualidad y noticias\",\"alternateName\":\"El Digital de Asturias - Diario de actualidad y noticias\",\"description\":\"Hemeroteca\",\"inLanguage\":\"es-ES\",\"publisher\":{\"@id\":\"https:\\\/\\\/www.eldigitaldeasturias.com\\\/noticias\\\/#organization\"}}]}\n\t\t<\/script>\n\t\t<!-- All in One SEO Pro -->\r\n\t\t<title>El 86 % de realojados en casas temporales por el tsunami de 2011 a\u00fan vive ah\u00ed - El Digital de Asturias<\/title>\n\n","aioseo_head_json":{"title":"El 86 % de realojados en casas temporales por el tsunami de 2011 a\u00fan vive ah\u00ed - El Digital de Asturias","description":"Tokio, 4 dic (EFE).- El 86,7 por ciento de las familias realojadas en viviendas temporales tras perder sus hogares en marzo de 2011 a causa del tsunami y la crisis nuclear de Fukushima a\u00fan permanece ah\u00ed alojado, seg\u00fan explicaron hoy las autoridades. A d\u00eda de hoy, cuando se cumplen 1.000 d\u00edas de la tragedia que","canonical_url":"https:\/\/www.eldigitaldeasturias.com\/noticias\/el-86-de-realojados-en-casas-temporales-por-el-tsunami-de-2011-aun-vive-ahi\/","robots":"max-image-preview:large","keywords":"sociedad","webmasterTools":{"google-site-verification":"UA-38556648-1","msvalidate.01":"7dfe9f3f1b24437ab69f4f2559babe99","miscellaneous":""},"schema":{"@context":"https:\/\/schema.org","@graph":[{"@type":"BlogPosting","@id":"https:\/\/www.eldigitaldeasturias.com\/noticias\/el-86-de-realojados-en-casas-temporales-por-el-tsunami-de-2011-aun-vive-ahi\/#blogposting","name":"El 86 % de realojados en casas temporales por el tsunami de 2011 a\u00fan vive ah\u00ed - El Digital de Asturias","headline":"El 86 % de realojados en casas temporales por el tsunami de 2011 a\u00fan vive ah\u00ed","author":{"@id":"https:\/\/www.eldigitaldeasturias.com\/noticias\/author\/admin\/#author"},"publisher":{"@id":"https:\/\/www.eldigitaldeasturias.com\/noticias\/#organization"},"image":{"@type":"ImageObject","url":457503},"datePublished":"2013-12-04T07:27:31+01:00","dateModified":"2013-12-04T07:27:31+01:00","inLanguage":"es-ES","mainEntityOfPage":{"@id":"https:\/\/www.eldigitaldeasturias.com\/noticias\/el-86-de-realojados-en-casas-temporales-por-el-tsunami-de-2011-aun-vive-ahi\/#webpage"},"isPartOf":{"@id":"https:\/\/www.eldigitaldeasturias.com\/noticias\/el-86-de-realojados-en-casas-temporales-por-el-tsunami-de-2011-aun-vive-ahi\/#webpage"},"articleSection":"Sociedad"},{"@type":"BreadcrumbList","@id":"https:\/\/www.eldigitaldeasturias.com\/noticias\/el-86-de-realojados-en-casas-temporales-por-el-tsunami-de-2011-aun-vive-ahi\/#breadcrumblist","itemListElement":[{"@type":"ListItem","@id":"https:\/\/www.eldigitaldeasturias.com\/noticias#listItem","position":1,"name":"Home","item":"https:\/\/www.eldigitaldeasturias.com\/noticias","nextItem":{"@type":"ListItem","@id":"https:\/\/www.eldigitaldeasturias.com\/noticias\/category\/sociedad\/#listItem","name":"Sociedad"}},{"@type":"ListItem","@id":"https:\/\/www.eldigitaldeasturias.com\/noticias\/category\/sociedad\/#listItem","position":2,"name":"Sociedad","item":"https:\/\/www.eldigitaldeasturias.com\/noticias\/category\/sociedad\/","nextItem":{"@type":"ListItem","@id":"https:\/\/www.eldigitaldeasturias.com\/noticias\/el-86-de-realojados-en-casas-temporales-por-el-tsunami-de-2011-aun-vive-ahi\/#listItem","name":"El 86 % de realojados en casas temporales por el tsunami de 2011 a\u00fan vive ah\u00ed"},"previousItem":{"@type":"ListItem","@id":"https:\/\/www.eldigitaldeasturias.com\/noticias#listItem","name":"Home"}},{"@type":"ListItem","@id":"https:\/\/www.eldigitaldeasturias.com\/noticias\/el-86-de-realojados-en-casas-temporales-por-el-tsunami-de-2011-aun-vive-ahi\/#listItem","position":3,"name":"El 86 % de realojados en casas temporales por el tsunami de 2011 a\u00fan vive ah\u00ed","previousItem":{"@type":"ListItem","@id":"https:\/\/www.eldigitaldeasturias.com\/noticias\/category\/sociedad\/#listItem","name":"Sociedad"}}]},{"@type":"Organization","@id":"https:\/\/www.eldigitaldeasturias.com\/noticias\/#organization","name":"El Digital de Asturias","description":"Hemeroteca","url":"https:\/\/www.eldigitaldeasturias.com\/noticias\/","email":"info@eldigitaldeasturias.com","telephone":"+34652131393","logo":{"@type":"ImageObject","url":"https:\/\/www.eldigitaldeasturias.com\/noticias\/wp-content\/uploads\/2020\/12\/EDA.jpg","@id":"https:\/\/www.eldigitaldeasturias.com\/noticias\/el-86-de-realojados-en-casas-temporales-por-el-tsunami-de-2011-aun-vive-ahi\/#organizationLogo"},"image":{"@id":"https:\/\/www.eldigitaldeasturias.com\/noticias\/el-86-de-realojados-en-casas-temporales-por-el-tsunami-de-2011-aun-vive-ahi\/#organizationLogo"},"sameAs":["https:\/\/facebook.com\/eldigitaldeasturias","https:\/\/www.youtube.com\/channel\/UCZP-2wLEB9Rv6erhFmqVnvg"],"address":{"@id":"https:\/\/www.eldigitaldeasturias.com\/noticias\/#postaladdress","@type":"PostalAddress","streetAddress":"san antonio 4","postalCode":"33430","addressLocality":"Cand\u00e1s","addressRegion":"Asturias","addressCountry":"ES"}},{"@type":"Person","@id":"https:\/\/www.eldigitaldeasturias.com\/noticias\/author\/admin\/#author","url":"https:\/\/www.eldigitaldeasturias.com\/noticias\/author\/admin\/","name":"El Digital de Asturias","image":{"@type":"ImageObject","@id":"https:\/\/www.eldigitaldeasturias.com\/noticias\/el-86-de-realojados-en-casas-temporales-por-el-tsunami-de-2011-aun-vive-ahi\/#authorImage","url":"https:\/\/secure.gravatar.com\/avatar\/df2aeffc32bcd13f8d26072ef8a91b623d677766deac7f97ca815868cd41bf5e?s=96&d=mm&r=g","width":96,"height":96,"caption":"El Digital de Asturias"}},{"@type":"WebPage","@id":"https:\/\/www.eldigitaldeasturias.com\/noticias\/el-86-de-realojados-en-casas-temporales-por-el-tsunami-de-2011-aun-vive-ahi\/#webpage","url":"https:\/\/www.eldigitaldeasturias.com\/noticias\/el-86-de-realojados-en-casas-temporales-por-el-tsunami-de-2011-aun-vive-ahi\/","name":"El 86 % de realojados en casas temporales por el tsunami de 2011 a\u00fan vive ah\u00ed - El Digital de Asturias","description":"Tokio, 4 dic (EFE).- El 86,7 por ciento de las familias realojadas en viviendas temporales tras perder sus hogares en marzo de 2011 a causa del tsunami y la crisis nuclear de Fukushima a\u00fan permanece ah\u00ed alojado, seg\u00fan explicaron hoy las autoridades. A d\u00eda de hoy, cuando se cumplen 1.000 d\u00edas de la tragedia que","inLanguage":"es-ES","isPartOf":{"@id":"https:\/\/www.eldigitaldeasturias.com\/noticias\/#website"},"breadcrumb":{"@id":"https:\/\/www.eldigitaldeasturias.com\/noticias\/el-86-de-realojados-en-casas-temporales-por-el-tsunami-de-2011-aun-vive-ahi\/#breadcrumblist"},"author":{"@id":"https:\/\/www.eldigitaldeasturias.com\/noticias\/author\/admin\/#author"},"creator":{"@id":"https:\/\/www.eldigitaldeasturias.com\/noticias\/author\/admin\/#author"},"image":{"@type":"ImageObject","url":457503,"@id":"https:\/\/www.eldigitaldeasturias.com\/noticias\/el-86-de-realojados-en-casas-temporales-por-el-tsunami-de-2011-aun-vive-ahi\/#mainImage"},"primaryImageOfPage":{"@id":"https:\/\/www.eldigitaldeasturias.com\/noticias\/el-86-de-realojados-en-casas-temporales-por-el-tsunami-de-2011-aun-vive-ahi\/#mainImage"},"datePublished":"2013-12-04T07:27:31+01:00","dateModified":"2013-12-04T07:27:31+01:00"},{"@type":"WebSite","@id":"https:\/\/www.eldigitaldeasturias.com\/noticias\/#website","url":"https:\/\/www.eldigitaldeasturias.com\/noticias\/","name":"El Digital de Asturias - Diario de actualidad y noticias","alternateName":"El Digital de Asturias - Diario de actualidad y noticias","description":"Hemeroteca","inLanguage":"es-ES","publisher":{"@id":"https:\/\/www.eldigitaldeasturias.com\/noticias\/#organization"}}]},"og:locale":"es_ES","og:site_name":"El Digital de Asturias","og:type":"article","og:title":"El 86 % de realojados en casas temporales por el tsunami de 2011 a\u00fan vive ah\u00ed - El Digital de Asturias","og:description":"Tokio, 4 dic (EFE).- El 86,7 por ciento de las familias realojadas en viviendas temporales tras perder sus hogares en marzo de 2011 a causa del tsunami y la crisis nuclear de Fukushima a\u00fan permanece ah\u00ed alojado, seg\u00fan explicaron hoy las autoridades. A d\u00eda de hoy, cuando se cumplen 1.000 d\u00edas de la tragedia que","og:url":"https:\/\/www.eldigitaldeasturias.com\/noticias\/el-86-de-realojados-en-casas-temporales-por-el-tsunami-de-2011-aun-vive-ahi\/","article:tag":["sociedad"],"article:published_time":"2013-12-04T08:27:31+00:00","article:modified_time":"2013-12-04T08:27:31+00:00","article:publisher":"https:\/\/facebook.com\/eldigitaldeasturias","twitter:card":"summary_large_image","twitter:title":"El 86 % de realojados en casas temporales por el tsunami de 2011 a\u00fan vive ah\u00ed - El Digital de Asturias","twitter:description":"Tokio, 4 dic (EFE).- El 86,7 por ciento de las familias realojadas en viviendas temporales tras perder sus hogares en marzo de 2011 a causa del tsunami y la crisis nuclear de Fukushima a\u00fan permanece ah\u00ed alojado, seg\u00fan explicaron hoy las autoridades. A d\u00eda de hoy, cuando se cumplen 1.000 d\u00edas de la tragedia que","twitter:label1":"Escrito por","twitter:data1":"El Digital de Asturias","twitter:label2":"Tiempo de lectura estimado","twitter:data2":"2 minutos"},"aioseo_meta_data":{"post_id":"457502","title":null,"description":null,"keywords":null,"keyphrases":null,"primary_term":null,"canonical_url":null,"og_title":null,"og_description":null,"og_object_type":"default","og_image_type":"default","og_image_url":null,"og_image_width":null,"og_image_height":null,"og_image_custom_url":null,"og_image_custom_fields":null,"og_video":null,"og_custom_url":null,"og_article_section":null,"og_article_tags":null,"twitter_use_og":true,"twitter_card":"default","twitter_image_type":"default","twitter_image_url":null,"twitter_image_custom_url":null,"twitter_image_custom_fields":null,"twitter_title":null,"twitter_description":null,"schema":{"blockGraphs":[],"customGraphs":[],"default":{"data":{"Article":[],"Course":[],"Dataset":[],"FAQPage":[],"Movie":[],"Person":[],"Product":[],"ProductReview":[],"Car":[],"Recipe":[],"Service":[],"SoftwareApplication":[],"WebPage":[]},"graphName":"","isEnabled":true},"graphs":[],"defaultGraph":"","defaultPostTypeGraph":""},"schema_type":null,"schema_type_options":null,"pillar_content":false,"robots_default":true,"robots_noindex":false,"robots_noarchive":false,"robots_nosnippet":false,"robots_nofollow":false,"robots_noimageindex":false,"robots_noodp":false,"robots_notranslate":false,"robots_max_snippet":null,"robots_max_videopreview":null,"robots_max_imagepreview":"none","priority":null,"frequency":null,"local_seo":null,"seo_analyzer_scan_date":"2026-05-30 01:55:35","breadcrumb_settings":null,"limit_modified_date":false,"open_ai":null,"ai":null,"created":"2020-11-14 22:46:08","updated":"2026-05-30 01:55:35","focus_keyword":null,"additional_keywords":null,"truseo_locale":null},"aioseo_breadcrumb":"<div class=\"aioseo-breadcrumbs\"><span class=\"aioseo-breadcrumb\">\n\t<a href=\"https:\/\/www.eldigitaldeasturias.com\/noticias\" title=\"Home\">Home<\/a>\n<\/span><span class=\"aioseo-breadcrumb-separator\">\u2013<\/span><span class=\"aioseo-breadcrumb\">\n\t<a href=\"https:\/\/www.eldigitaldeasturias.com\/noticias\/category\/sociedad\/\" title=\"Sociedad\">Sociedad<\/a>\n<\/span><span class=\"aioseo-breadcrumb-separator\">\u2013<\/span><span class=\"aioseo-breadcrumb\">\n\t<a href=\"https:\/\/www.eldigitaldeasturias.com\/noticias\/el-86-de-realojados-en-casas-temporales-por-el-tsunami-de-2011-aun-vive-ahi\/\" title=\"El 86 % de realojados en casas temporales por el tsunami de 2011 a\u00fan vive ah\u00ed\">El 86 % de realojados en casas temporales por el tsunami de 2011 a\u00fan vive ah\u00ed<\/a>\n<\/span><\/div>","aioseo_breadcrumb_json":[{"label":"Home","link":"https:\/\/www.eldigitaldeasturias.com\/noticias"},{"label":"Sociedad","link":"https:\/\/www.eldigitaldeasturias.com\/noticias\/category\/sociedad\/"},{"label":"El 86 % de realojados en casas temporales por el tsunami de 2011 a\u00fan vive ah\u00ed","link":"https:\/\/www.eldigitaldeasturias.com\/noticias\/el-86-de-realojados-en-casas-temporales-por-el-tsunami-de-2011-aun-vive-ahi\/"}],"_links":{"self":[{"href":"https:\/\/www.eldigitaldeasturias.com\/noticias\/wp-json\/wp\/v2\/posts\/457502","targetHints":{"allow":["GET"]}}],"collection":[{"href":"https:\/\/www.eldigitaldeasturias.com\/noticias\/wp-json\/wp\/v2\/posts"}],"about":[{"href":"https:\/\/www.eldigitaldeasturias.com\/noticias\/wp-json\/wp\/v2\/types\/post"}],"author":[{"embeddable":true,"href":"https:\/\/www.eldigitaldeasturias.com\/noticias\/wp-json\/wp\/v2\/users\/1"}],"replies":[{"embeddable":true,"href":"https:\/\/www.eldigitaldeasturias.com\/noticias\/wp-json\/wp\/v2\/comments?post=457502"}],"version-history":[{"count":0,"href":"https:\/\/www.eldigitaldeasturias.com\/noticias\/wp-json\/wp\/v2\/posts\/457502\/revisions"}],"wp:attachment":[{"href":"https:\/\/www.eldigitaldeasturias.com\/noticias\/wp-json\/wp\/v2\/media?parent=457502"}],"wp:term":[{"taxonomy":"category","embeddable":true,"href":"https:\/\/www.eldigitaldeasturias.com\/noticias\/wp-json\/wp\/v2\/categories?post=457502"},{"taxonomy":"post_tag","embeddable":true,"href":"https:\/\/www.eldigitaldeasturias.com\/noticias\/wp-json\/wp\/v2\/tags?post=457502"}],"curies":[{"name":"wp","href":"https:\/\/api.w.org\/{rel}","templated":true}]}}