{"id":457463,"date":"2013-12-04T06:53:05","date_gmt":"2013-12-04T07:53:05","guid":{"rendered":"http:\/\/www.eldigitaldeasturias.com\/noticias\/?p=457463"},"modified":"2013-12-04T06:53:05","modified_gmt":"2013-12-04T07:53:05","slug":"argentina-celebra-la-figura-de-manuel-de-falla-con-un-festival-en-su-memoria","status":"publish","type":"post","link":"https:\/\/www.eldigitaldeasturias.com\/noticias\/argentina-celebra-la-figura-de-manuel-de-falla-con-un-festival-en-su-memoria\/","title":{"rendered":"Argentina celebra la figura de Manuel de Falla con un festival en su memoria"},"content":{"rendered":"<p><img loading=\"lazy\" decoding=\"async\" class=\"alignleft size-large wp-image-457464\" alt=\"5770582w\" src=\"https:\/\/www.eldigitaldeasturias.com\/noticias\/wp-content\/uploads\/2013\/12\/5770582w-448x650.jpg\" width=\"448\" height=\"650\" \/>Buenos Aires, 3 dic (EFE).- La embajada espa\u00f1ola en Buenos Aires present\u00f3 hoy el relanzamiento del Festival Internacional Manuel de Falla, en el que se recuerda la obra del m\u00fasico espa\u00f1ol y los \u00faltimos a\u00f1os de su vida, que pas\u00f3 exiliado en Argentina tras la Guerra Civil espa\u00f1ola.<\/p>\n<p>El encuentro se celebra hasta el pr\u00f3ximo domingo en la ciudad de Alta Gracia, en la central provincia argentina de C\u00f3rdoba, donde Falla residi\u00f3 hasta su muerte en 1946, y supone la recuperaci\u00f3n de un festival celebrado de forma espor\u00e1dica durante la \u00faltima d\u00e9cada del siglo XX.<\/p>\n<p>En el acto de presentaci\u00f3n en la Canciller\u00eda de la Embajada espa\u00f1ola, la sobrina nieta del compositor, Elena Garc\u00eda de Paredes, agradeci\u00f3 \u00abel cari\u00f1o\u00bb que Argentina dio a su familiar, y mostr\u00f3 su esperanza de que el festival ayude a \u00abque su figura se celebre mundialmente\u00bb.<\/p>\n<p>Entre otras actividades, se emitir\u00e1n dos pel\u00edculas sobre la vida del artista, actuar\u00e1n diversas figuras del flamenco y se abrir\u00e1n al p\u00fablico la Casa Museo Manuel de Falla y diversos lugares claves en su vida en Argentina, como la Estancia Jesu\u00edtica y Casa del Virrey Liniers.<\/p>\n","protected":false},"excerpt":{"rendered":"<p>Buenos Aires, 3 dic (EFE).- La embajada espa\u00f1ola en Buenos Aires present\u00f3 hoy el relanzamiento del Festival Internacional Manuel de Falla, en el que se recuerda la obra del m\u00fasico espa\u00f1ol y los \u00faltimos a\u00f1os de su vida, que pas\u00f3 exiliado en Argentina tras la Guerra Civil espa\u00f1ola. El encuentro se celebra hasta el pr\u00f3ximo [&hellip;]<\/p>\n","protected":false},"author":1,"featured_media":457464,"comment_status":"closed","ping_status":"open","sticky":false,"template":"","format":"standard","meta":{"footnotes":""},"categories":[50],"tags":[],"class_list":["post-457463","post","type-post","status-publish","format-standard","has-post-thumbnail","hentry","category-revista-de-ocio"],"aioseo_notices":[],"aioseo_head":"\n\t\t<!-- All in One SEO Pro 5.0.1 - aioseo.com -->\n\t<meta name=\"description\" content=\"Buenos Aires, 3 dic (EFE).- La embajada espa\u00f1ola en Buenos Aires present\u00f3 hoy el relanzamiento del Festival Internacional Manuel de Falla, en el que se recuerda la obra del m\u00fasico espa\u00f1ol y los \u00faltimos a\u00f1os de su vida, que pas\u00f3 exiliado en Argentina tras la Guerra Civil espa\u00f1ola. El encuentro se celebra hasta el pr\u00f3ximo\" \/>\n\t<meta name=\"robots\" content=\"max-image-preview:large\" \/>\n\t<meta name=\"author\" content=\"El Digital de Asturias\"\/>\n\t<meta name=\"google-site-verification\" content=\"UA-38556648-1\" \/>\n\t<meta name=\"msvalidate.01\" content=\"7dfe9f3f1b24437ab69f4f2559babe99\" \/>\n\t<meta name=\"keywords\" content=\"revista de ocio\" \/>\n\t<link rel=\"canonical\" href=\"https:\/\/www.eldigitaldeasturias.com\/noticias\/argentina-celebra-la-figura-de-manuel-de-falla-con-un-festival-en-su-memoria\/\" \/>\n\t<meta name=\"generator\" content=\"All in One SEO Pro (AIOSEO) 5.0.1\" \/>\n\t\t<meta property=\"og:locale\" content=\"es_ES\" \/>\n\t\t<meta property=\"og:site_name\" content=\"El Digital de Asturias\" \/>\n\t\t<meta property=\"og:type\" content=\"article\" \/>\n\t\t<meta property=\"og:title\" content=\"Argentina celebra la figura de Manuel de Falla con un festival en su memoria - El Digital de Asturias\" \/>\n\t\t<meta property=\"og:description\" content=\"Buenos Aires, 3 dic (EFE).- La embajada espa\u00f1ola en Buenos Aires present\u00f3 hoy el relanzamiento del Festival Internacional Manuel de Falla, en el que se recuerda la obra del m\u00fasico espa\u00f1ol y los \u00faltimos a\u00f1os de su vida, que pas\u00f3 exiliado en Argentina tras la Guerra Civil espa\u00f1ola. El encuentro se celebra hasta el pr\u00f3ximo\" \/>\n\t\t<meta property=\"og:url\" content=\"https:\/\/www.eldigitaldeasturias.com\/noticias\/argentina-celebra-la-figura-de-manuel-de-falla-con-un-festival-en-su-memoria\/\" \/>\n\t\t<meta property=\"article:tag\" content=\"revista de ocio\" \/>\n\t\t<meta property=\"article:published_time\" content=\"2013-12-04T07:53:05+00:00\" \/>\n\t\t<meta property=\"article:modified_time\" content=\"2013-12-04T07:53:05+00:00\" \/>\n\t\t<meta property=\"article:publisher\" content=\"https:\/\/facebook.com\/eldigitaldeasturias\" \/>\n\t\t<meta name=\"twitter:card\" content=\"summary_large_image\" \/>\n\t\t<meta name=\"twitter:title\" content=\"Argentina celebra la figura de Manuel de Falla con un festival en su memoria - El Digital de Asturias\" \/>\n\t\t<meta name=\"twitter:description\" content=\"Buenos Aires, 3 dic (EFE).- La embajada espa\u00f1ola en Buenos Aires present\u00f3 hoy el relanzamiento del Festival Internacional Manuel de Falla, en el que se recuerda la obra del m\u00fasico espa\u00f1ol y los \u00faltimos a\u00f1os de su vida, que pas\u00f3 exiliado en Argentina tras la Guerra Civil espa\u00f1ola. El encuentro se celebra hasta el pr\u00f3ximo\" \/>\n\t\t<meta name=\"twitter:label1\" content=\"Escrito por\" \/>\n\t\t<meta name=\"twitter:data1\" content=\"El Digital de Asturias\" \/>\n\t\t<meta name=\"twitter:label2\" content=\"Tiempo de lectura estimado\" \/>\n\t\t<meta name=\"twitter:data2\" content=\"1 minuto\" \/>\n\t\t<script type=\"application\/ld+json\" class=\"aioseo-schema\">\n\t\t\t{\"@context\":\"https:\\\/\\\/schema.org\",\"@graph\":[{\"@type\":\"BlogPosting\",\"@id\":\"https:\\\/\\\/www.eldigitaldeasturias.com\\\/noticias\\\/argentina-celebra-la-figura-de-manuel-de-falla-con-un-festival-en-su-memoria\\\/#blogposting\",\"name\":\"Argentina celebra la figura de Manuel de Falla con un festival en su memoria - El Digital de Asturias\",\"headline\":\"Argentina celebra la figura de Manuel de Falla con un festival en su memoria\",\"author\":{\"@id\":\"https:\\\/\\\/www.eldigitaldeasturias.com\\\/noticias\\\/author\\\/admin\\\/#author\"},\"publisher\":{\"@id\":\"https:\\\/\\\/www.eldigitaldeasturias.com\\\/noticias\\\/#organization\"},\"image\":{\"@type\":\"ImageObject\",\"url\":457464},\"datePublished\":\"2013-12-04T06:53:05+01:00\",\"dateModified\":\"2013-12-04T06:53:05+01:00\",\"inLanguage\":\"es-ES\",\"mainEntityOfPage\":{\"@id\":\"https:\\\/\\\/www.eldigitaldeasturias.com\\\/noticias\\\/argentina-celebra-la-figura-de-manuel-de-falla-con-un-festival-en-su-memoria\\\/#webpage\"},\"isPartOf\":{\"@id\":\"https:\\\/\\\/www.eldigitaldeasturias.com\\\/noticias\\\/argentina-celebra-la-figura-de-manuel-de-falla-con-un-festival-en-su-memoria\\\/#webpage\"},\"articleSection\":\"Revista de Ocio\"},{\"@type\":\"BreadcrumbList\",\"@id\":\"https:\\\/\\\/www.eldigitaldeasturias.com\\\/noticias\\\/argentina-celebra-la-figura-de-manuel-de-falla-con-un-festival-en-su-memoria\\\/#breadcrumblist\",\"itemListElement\":[{\"@type\":\"ListItem\",\"@id\":\"https:\\\/\\\/www.eldigitaldeasturias.com\\\/noticias#listItem\",\"position\":1,\"name\":\"Home\",\"item\":\"https:\\\/\\\/www.eldigitaldeasturias.com\\\/noticias\",\"nextItem\":{\"@type\":\"ListItem\",\"@id\":\"https:\\\/\\\/www.eldigitaldeasturias.com\\\/noticias\\\/category\\\/revista-de-ocio\\\/#listItem\",\"name\":\"Revista de Ocio\"}},{\"@type\":\"ListItem\",\"@id\":\"https:\\\/\\\/www.eldigitaldeasturias.com\\\/noticias\\\/category\\\/revista-de-ocio\\\/#listItem\",\"position\":2,\"name\":\"Revista de Ocio\",\"item\":\"https:\\\/\\\/www.eldigitaldeasturias.com\\\/noticias\\\/category\\\/revista-de-ocio\\\/\",\"nextItem\":{\"@type\":\"ListItem\",\"@id\":\"https:\\\/\\\/www.eldigitaldeasturias.com\\\/noticias\\\/argentina-celebra-la-figura-de-manuel-de-falla-con-un-festival-en-su-memoria\\\/#listItem\",\"name\":\"Argentina celebra la figura de Manuel de Falla con un festival en su memoria\"},\"previousItem\":{\"@type\":\"ListItem\",\"@id\":\"https:\\\/\\\/www.eldigitaldeasturias.com\\\/noticias#listItem\",\"name\":\"Home\"}},{\"@type\":\"ListItem\",\"@id\":\"https:\\\/\\\/www.eldigitaldeasturias.com\\\/noticias\\\/argentina-celebra-la-figura-de-manuel-de-falla-con-un-festival-en-su-memoria\\\/#listItem\",\"position\":3,\"name\":\"Argentina celebra la figura de Manuel de Falla con un festival en su memoria\",\"previousItem\":{\"@type\":\"ListItem\",\"@id\":\"https:\\\/\\\/www.eldigitaldeasturias.com\\\/noticias\\\/category\\\/revista-de-ocio\\\/#listItem\",\"name\":\"Revista de Ocio\"}}]},{\"@type\":\"Organization\",\"@id\":\"https:\\\/\\\/www.eldigitaldeasturias.com\\\/noticias\\\/#organization\",\"name\":\"El Digital de Asturias\",\"description\":\"Hemeroteca\",\"url\":\"https:\\\/\\\/www.eldigitaldeasturias.com\\\/noticias\\\/\",\"email\":\"info@eldigitaldeasturias.com\",\"telephone\":\"+34652131393\",\"logo\":{\"@type\":\"ImageObject\",\"url\":\"https:\\\/\\\/www.eldigitaldeasturias.com\\\/noticias\\\/wp-content\\\/uploads\\\/2020\\\/12\\\/EDA.jpg\",\"@id\":\"https:\\\/\\\/www.eldigitaldeasturias.com\\\/noticias\\\/argentina-celebra-la-figura-de-manuel-de-falla-con-un-festival-en-su-memoria\\\/#organizationLogo\"},\"image\":{\"@id\":\"https:\\\/\\\/www.eldigitaldeasturias.com\\\/noticias\\\/argentina-celebra-la-figura-de-manuel-de-falla-con-un-festival-en-su-memoria\\\/#organizationLogo\"},\"sameAs\":[\"https:\\\/\\\/facebook.com\\\/eldigitaldeasturias\",\"https:\\\/\\\/www.youtube.com\\\/channel\\\/UCZP-2wLEB9Rv6erhFmqVnvg\"],\"address\":{\"@id\":\"https:\\\/\\\/www.eldigitaldeasturias.com\\\/noticias\\\/#postaladdress\",\"@type\":\"PostalAddress\",\"streetAddress\":\"san antonio 4\",\"postalCode\":\"33430\",\"addressLocality\":\"Cand\\u00e1s\",\"addressRegion\":\"Asturias\",\"addressCountry\":\"ES\"}},{\"@type\":\"Person\",\"@id\":\"https:\\\/\\\/www.eldigitaldeasturias.com\\\/noticias\\\/author\\\/admin\\\/#author\",\"url\":\"https:\\\/\\\/www.eldigitaldeasturias.com\\\/noticias\\\/author\\\/admin\\\/\",\"name\":\"El Digital de Asturias\",\"image\":{\"@type\":\"ImageObject\",\"@id\":\"https:\\\/\\\/www.eldigitaldeasturias.com\\\/noticias\\\/argentina-celebra-la-figura-de-manuel-de-falla-con-un-festival-en-su-memoria\\\/#authorImage\",\"url\":\"https:\\\/\\\/secure.gravatar.com\\\/avatar\\\/df2aeffc32bcd13f8d26072ef8a91b623d677766deac7f97ca815868cd41bf5e?s=96&d=mm&r=g\",\"width\":96,\"height\":96,\"caption\":\"El Digital de Asturias\"}},{\"@type\":\"WebPage\",\"@id\":\"https:\\\/\\\/www.eldigitaldeasturias.com\\\/noticias\\\/argentina-celebra-la-figura-de-manuel-de-falla-con-un-festival-en-su-memoria\\\/#webpage\",\"url\":\"https:\\\/\\\/www.eldigitaldeasturias.com\\\/noticias\\\/argentina-celebra-la-figura-de-manuel-de-falla-con-un-festival-en-su-memoria\\\/\",\"name\":\"Argentina celebra la figura de Manuel de Falla con un festival en su memoria - El Digital de Asturias\",\"description\":\"Buenos Aires, 3 dic (EFE).- La embajada espa\\u00f1ola en Buenos Aires present\\u00f3 hoy el relanzamiento del Festival Internacional Manuel de Falla, en el que se recuerda la obra del m\\u00fasico espa\\u00f1ol y los \\u00faltimos a\\u00f1os de su vida, que pas\\u00f3 exiliado en Argentina tras la Guerra Civil espa\\u00f1ola. El encuentro se celebra hasta el pr\\u00f3ximo\",\"inLanguage\":\"es-ES\",\"isPartOf\":{\"@id\":\"https:\\\/\\\/www.eldigitaldeasturias.com\\\/noticias\\\/#website\"},\"breadcrumb\":{\"@id\":\"https:\\\/\\\/www.eldigitaldeasturias.com\\\/noticias\\\/argentina-celebra-la-figura-de-manuel-de-falla-con-un-festival-en-su-memoria\\\/#breadcrumblist\"},\"author\":{\"@id\":\"https:\\\/\\\/www.eldigitaldeasturias.com\\\/noticias\\\/author\\\/admin\\\/#author\"},\"creator\":{\"@id\":\"https:\\\/\\\/www.eldigitaldeasturias.com\\\/noticias\\\/author\\\/admin\\\/#author\"},\"image\":{\"@type\":\"ImageObject\",\"url\":457464,\"@id\":\"https:\\\/\\\/www.eldigitaldeasturias.com\\\/noticias\\\/argentina-celebra-la-figura-de-manuel-de-falla-con-un-festival-en-su-memoria\\\/#mainImage\"},\"primaryImageOfPage\":{\"@id\":\"https:\\\/\\\/www.eldigitaldeasturias.com\\\/noticias\\\/argentina-celebra-la-figura-de-manuel-de-falla-con-un-festival-en-su-memoria\\\/#mainImage\"},\"datePublished\":\"2013-12-04T06:53:05+01:00\",\"dateModified\":\"2013-12-04T06:53:05+01:00\"},{\"@type\":\"WebSite\",\"@id\":\"https:\\\/\\\/www.eldigitaldeasturias.com\\\/noticias\\\/#website\",\"url\":\"https:\\\/\\\/www.eldigitaldeasturias.com\\\/noticias\\\/\",\"name\":\"El Digital de Asturias - Diario de actualidad y noticias\",\"alternateName\":\"El Digital de Asturias - Diario de actualidad y noticias\",\"description\":\"Hemeroteca\",\"inLanguage\":\"es-ES\",\"publisher\":{\"@id\":\"https:\\\/\\\/www.eldigitaldeasturias.com\\\/noticias\\\/#organization\"}}]}\n\t\t<\/script>\n\t\t<!-- All in One SEO Pro -->\r\n\t\t<title>Argentina celebra la figura de Manuel de Falla con un festival en su memoria - El Digital de Asturias<\/title>\n\n","aioseo_head_json":{"title":"Argentina celebra la figura de Manuel de Falla con un festival en su memoria - El Digital de Asturias","description":"Buenos Aires, 3 dic (EFE).- La embajada espa\u00f1ola en Buenos Aires present\u00f3 hoy el relanzamiento del Festival Internacional Manuel de Falla, en el que se recuerda la obra del m\u00fasico espa\u00f1ol y los \u00faltimos a\u00f1os de su vida, que pas\u00f3 exiliado en Argentina tras la Guerra Civil espa\u00f1ola. El encuentro se celebra hasta el pr\u00f3ximo","canonical_url":"https:\/\/www.eldigitaldeasturias.com\/noticias\/argentina-celebra-la-figura-de-manuel-de-falla-con-un-festival-en-su-memoria\/","robots":"max-image-preview:large","keywords":"revista de ocio","webmasterTools":{"google-site-verification":"UA-38556648-1","msvalidate.01":"7dfe9f3f1b24437ab69f4f2559babe99","miscellaneous":""},"schema":{"@context":"https:\/\/schema.org","@graph":[{"@type":"BlogPosting","@id":"https:\/\/www.eldigitaldeasturias.com\/noticias\/argentina-celebra-la-figura-de-manuel-de-falla-con-un-festival-en-su-memoria\/#blogposting","name":"Argentina celebra la figura de Manuel de Falla con un festival en su memoria - El Digital de Asturias","headline":"Argentina celebra la figura de Manuel de Falla con un festival en su memoria","author":{"@id":"https:\/\/www.eldigitaldeasturias.com\/noticias\/author\/admin\/#author"},"publisher":{"@id":"https:\/\/www.eldigitaldeasturias.com\/noticias\/#organization"},"image":{"@type":"ImageObject","url":457464},"datePublished":"2013-12-04T06:53:05+01:00","dateModified":"2013-12-04T06:53:05+01:00","inLanguage":"es-ES","mainEntityOfPage":{"@id":"https:\/\/www.eldigitaldeasturias.com\/noticias\/argentina-celebra-la-figura-de-manuel-de-falla-con-un-festival-en-su-memoria\/#webpage"},"isPartOf":{"@id":"https:\/\/www.eldigitaldeasturias.com\/noticias\/argentina-celebra-la-figura-de-manuel-de-falla-con-un-festival-en-su-memoria\/#webpage"},"articleSection":"Revista de Ocio"},{"@type":"BreadcrumbList","@id":"https:\/\/www.eldigitaldeasturias.com\/noticias\/argentina-celebra-la-figura-de-manuel-de-falla-con-un-festival-en-su-memoria\/#breadcrumblist","itemListElement":[{"@type":"ListItem","@id":"https:\/\/www.eldigitaldeasturias.com\/noticias#listItem","position":1,"name":"Home","item":"https:\/\/www.eldigitaldeasturias.com\/noticias","nextItem":{"@type":"ListItem","@id":"https:\/\/www.eldigitaldeasturias.com\/noticias\/category\/revista-de-ocio\/#listItem","name":"Revista de Ocio"}},{"@type":"ListItem","@id":"https:\/\/www.eldigitaldeasturias.com\/noticias\/category\/revista-de-ocio\/#listItem","position":2,"name":"Revista de Ocio","item":"https:\/\/www.eldigitaldeasturias.com\/noticias\/category\/revista-de-ocio\/","nextItem":{"@type":"ListItem","@id":"https:\/\/www.eldigitaldeasturias.com\/noticias\/argentina-celebra-la-figura-de-manuel-de-falla-con-un-festival-en-su-memoria\/#listItem","name":"Argentina celebra la figura de Manuel de Falla con un festival en su memoria"},"previousItem":{"@type":"ListItem","@id":"https:\/\/www.eldigitaldeasturias.com\/noticias#listItem","name":"Home"}},{"@type":"ListItem","@id":"https:\/\/www.eldigitaldeasturias.com\/noticias\/argentina-celebra-la-figura-de-manuel-de-falla-con-un-festival-en-su-memoria\/#listItem","position":3,"name":"Argentina celebra la figura de Manuel de Falla con un festival en su memoria","previousItem":{"@type":"ListItem","@id":"https:\/\/www.eldigitaldeasturias.com\/noticias\/category\/revista-de-ocio\/#listItem","name":"Revista de Ocio"}}]},{"@type":"Organization","@id":"https:\/\/www.eldigitaldeasturias.com\/noticias\/#organization","name":"El Digital de Asturias","description":"Hemeroteca","url":"https:\/\/www.eldigitaldeasturias.com\/noticias\/","email":"info@eldigitaldeasturias.com","telephone":"+34652131393","logo":{"@type":"ImageObject","url":"https:\/\/www.eldigitaldeasturias.com\/noticias\/wp-content\/uploads\/2020\/12\/EDA.jpg","@id":"https:\/\/www.eldigitaldeasturias.com\/noticias\/argentina-celebra-la-figura-de-manuel-de-falla-con-un-festival-en-su-memoria\/#organizationLogo"},"image":{"@id":"https:\/\/www.eldigitaldeasturias.com\/noticias\/argentina-celebra-la-figura-de-manuel-de-falla-con-un-festival-en-su-memoria\/#organizationLogo"},"sameAs":["https:\/\/facebook.com\/eldigitaldeasturias","https:\/\/www.youtube.com\/channel\/UCZP-2wLEB9Rv6erhFmqVnvg"],"address":{"@id":"https:\/\/www.eldigitaldeasturias.com\/noticias\/#postaladdress","@type":"PostalAddress","streetAddress":"san antonio 4","postalCode":"33430","addressLocality":"Cand\u00e1s","addressRegion":"Asturias","addressCountry":"ES"}},{"@type":"Person","@id":"https:\/\/www.eldigitaldeasturias.com\/noticias\/author\/admin\/#author","url":"https:\/\/www.eldigitaldeasturias.com\/noticias\/author\/admin\/","name":"El Digital de Asturias","image":{"@type":"ImageObject","@id":"https:\/\/www.eldigitaldeasturias.com\/noticias\/argentina-celebra-la-figura-de-manuel-de-falla-con-un-festival-en-su-memoria\/#authorImage","url":"https:\/\/secure.gravatar.com\/avatar\/df2aeffc32bcd13f8d26072ef8a91b623d677766deac7f97ca815868cd41bf5e?s=96&d=mm&r=g","width":96,"height":96,"caption":"El Digital de Asturias"}},{"@type":"WebPage","@id":"https:\/\/www.eldigitaldeasturias.com\/noticias\/argentina-celebra-la-figura-de-manuel-de-falla-con-un-festival-en-su-memoria\/#webpage","url":"https:\/\/www.eldigitaldeasturias.com\/noticias\/argentina-celebra-la-figura-de-manuel-de-falla-con-un-festival-en-su-memoria\/","name":"Argentina celebra la figura de Manuel de Falla con un festival en su memoria - El Digital de Asturias","description":"Buenos Aires, 3 dic (EFE).- La embajada espa\u00f1ola en Buenos Aires present\u00f3 hoy el relanzamiento del Festival Internacional Manuel de Falla, en el que se recuerda la obra del m\u00fasico espa\u00f1ol y los \u00faltimos a\u00f1os de su vida, que pas\u00f3 exiliado en Argentina tras la Guerra Civil espa\u00f1ola. El encuentro se celebra hasta el pr\u00f3ximo","inLanguage":"es-ES","isPartOf":{"@id":"https:\/\/www.eldigitaldeasturias.com\/noticias\/#website"},"breadcrumb":{"@id":"https:\/\/www.eldigitaldeasturias.com\/noticias\/argentina-celebra-la-figura-de-manuel-de-falla-con-un-festival-en-su-memoria\/#breadcrumblist"},"author":{"@id":"https:\/\/www.eldigitaldeasturias.com\/noticias\/author\/admin\/#author"},"creator":{"@id":"https:\/\/www.eldigitaldeasturias.com\/noticias\/author\/admin\/#author"},"image":{"@type":"ImageObject","url":457464,"@id":"https:\/\/www.eldigitaldeasturias.com\/noticias\/argentina-celebra-la-figura-de-manuel-de-falla-con-un-festival-en-su-memoria\/#mainImage"},"primaryImageOfPage":{"@id":"https:\/\/www.eldigitaldeasturias.com\/noticias\/argentina-celebra-la-figura-de-manuel-de-falla-con-un-festival-en-su-memoria\/#mainImage"},"datePublished":"2013-12-04T06:53:05+01:00","dateModified":"2013-12-04T06:53:05+01:00"},{"@type":"WebSite","@id":"https:\/\/www.eldigitaldeasturias.com\/noticias\/#website","url":"https:\/\/www.eldigitaldeasturias.com\/noticias\/","name":"El Digital de Asturias - Diario de actualidad y noticias","alternateName":"El Digital de Asturias - Diario de actualidad y noticias","description":"Hemeroteca","inLanguage":"es-ES","publisher":{"@id":"https:\/\/www.eldigitaldeasturias.com\/noticias\/#organization"}}]},"og:locale":"es_ES","og:site_name":"El Digital de Asturias","og:type":"article","og:title":"Argentina celebra la figura de Manuel de Falla con un festival en su memoria - El Digital de Asturias","og:description":"Buenos Aires, 3 dic (EFE).- La embajada espa\u00f1ola en Buenos Aires present\u00f3 hoy el relanzamiento del Festival Internacional Manuel de Falla, en el que se recuerda la obra del m\u00fasico espa\u00f1ol y los \u00faltimos a\u00f1os de su vida, que pas\u00f3 exiliado en Argentina tras la Guerra Civil espa\u00f1ola. El encuentro se celebra hasta el pr\u00f3ximo","og:url":"https:\/\/www.eldigitaldeasturias.com\/noticias\/argentina-celebra-la-figura-de-manuel-de-falla-con-un-festival-en-su-memoria\/","article:tag":["revista de ocio"],"article:published_time":"2013-12-04T07:53:05+00:00","article:modified_time":"2013-12-04T07:53:05+00:00","article:publisher":"https:\/\/facebook.com\/eldigitaldeasturias","twitter:card":"summary_large_image","twitter:title":"Argentina celebra la figura de Manuel de Falla con un festival en su memoria - El Digital de Asturias","twitter:description":"Buenos Aires, 3 dic (EFE).- La embajada espa\u00f1ola en Buenos Aires present\u00f3 hoy el relanzamiento del Festival Internacional Manuel de Falla, en el que se recuerda la obra del m\u00fasico espa\u00f1ol y los \u00faltimos a\u00f1os de su vida, que pas\u00f3 exiliado en Argentina tras la Guerra Civil espa\u00f1ola. El encuentro se celebra hasta el pr\u00f3ximo","twitter:label1":"Escrito por","twitter:data1":"El Digital de Asturias","twitter:label2":"Tiempo de lectura estimado","twitter:data2":"1 minuto"},"aioseo_meta_data":{"post_id":"457463","title":null,"description":null,"keywords":null,"keyphrases":null,"primary_term":null,"canonical_url":null,"og_title":null,"og_description":null,"og_object_type":"default","og_image_type":"default","og_image_url":null,"og_image_width":null,"og_image_height":null,"og_image_custom_url":null,"og_image_custom_fields":null,"og_video":null,"og_custom_url":null,"og_article_section":null,"og_article_tags":null,"twitter_use_og":true,"twitter_card":"default","twitter_image_type":"default","twitter_image_url":null,"twitter_image_custom_url":null,"twitter_image_custom_fields":null,"twitter_title":null,"twitter_description":null,"schema":{"blockGraphs":[],"customGraphs":[],"default":{"data":{"Article":[],"Course":[],"Dataset":[],"FAQPage":[],"Movie":[],"Person":[],"Product":[],"ProductReview":[],"Car":[],"Recipe":[],"Service":[],"SoftwareApplication":[],"WebPage":[]},"graphName":"","isEnabled":true},"graphs":[],"defaultGraph":"","defaultPostTypeGraph":""},"schema_type":null,"schema_type_options":null,"pillar_content":false,"robots_default":true,"robots_noindex":false,"robots_noarchive":false,"robots_nosnippet":false,"robots_nofollow":false,"robots_noimageindex":false,"robots_noodp":false,"robots_notranslate":false,"robots_max_snippet":null,"robots_max_videopreview":null,"robots_max_imagepreview":"none","priority":null,"frequency":null,"local_seo":null,"seo_analyzer_scan_date":"2026-05-30 01:44:13","breadcrumb_settings":null,"limit_modified_date":false,"open_ai":null,"ai":null,"created":"2020-11-14 22:46:08","updated":"2026-05-30 01:44:13","focus_keyword":null,"additional_keywords":null,"truseo_locale":null},"aioseo_breadcrumb":"<div class=\"aioseo-breadcrumbs\"><span class=\"aioseo-breadcrumb\">\n\t<a href=\"https:\/\/www.eldigitaldeasturias.com\/noticias\" title=\"Home\">Home<\/a>\n<\/span><span class=\"aioseo-breadcrumb-separator\">\u2013<\/span><span class=\"aioseo-breadcrumb\">\n\t<a href=\"https:\/\/www.eldigitaldeasturias.com\/noticias\/category\/revista-de-ocio\/\" title=\"Revista de Ocio\">Revista de Ocio<\/a>\n<\/span><span class=\"aioseo-breadcrumb-separator\">\u2013<\/span><span class=\"aioseo-breadcrumb\">\n\t<a href=\"https:\/\/www.eldigitaldeasturias.com\/noticias\/argentina-celebra-la-figura-de-manuel-de-falla-con-un-festival-en-su-memoria\/\" title=\"Argentina celebra la figura de Manuel de Falla con un festival en su memoria\">Argentina celebra la figura de Manuel de Falla con un festival en su memoria<\/a>\n<\/span><\/div>","aioseo_breadcrumb_json":[{"label":"Home","link":"https:\/\/www.eldigitaldeasturias.com\/noticias"},{"label":"Revista de Ocio","link":"https:\/\/www.eldigitaldeasturias.com\/noticias\/category\/revista-de-ocio\/"},{"label":"Argentina celebra la figura de Manuel de Falla con un festival en su memoria","link":"https:\/\/www.eldigitaldeasturias.com\/noticias\/argentina-celebra-la-figura-de-manuel-de-falla-con-un-festival-en-su-memoria\/"}],"_links":{"self":[{"href":"https:\/\/www.eldigitaldeasturias.com\/noticias\/wp-json\/wp\/v2\/posts\/457463","targetHints":{"allow":["GET"]}}],"collection":[{"href":"https:\/\/www.eldigitaldeasturias.com\/noticias\/wp-json\/wp\/v2\/posts"}],"about":[{"href":"https:\/\/www.eldigitaldeasturias.com\/noticias\/wp-json\/wp\/v2\/types\/post"}],"author":[{"embeddable":true,"href":"https:\/\/www.eldigitaldeasturias.com\/noticias\/wp-json\/wp\/v2\/users\/1"}],"replies":[{"embeddable":true,"href":"https:\/\/www.eldigitaldeasturias.com\/noticias\/wp-json\/wp\/v2\/comments?post=457463"}],"version-history":[{"count":0,"href":"https:\/\/www.eldigitaldeasturias.com\/noticias\/wp-json\/wp\/v2\/posts\/457463\/revisions"}],"wp:attachment":[{"href":"https:\/\/www.eldigitaldeasturias.com\/noticias\/wp-json\/wp\/v2\/media?parent=457463"}],"wp:term":[{"taxonomy":"category","embeddable":true,"href":"https:\/\/www.eldigitaldeasturias.com\/noticias\/wp-json\/wp\/v2\/categories?post=457463"},{"taxonomy":"post_tag","embeddable":true,"href":"https:\/\/www.eldigitaldeasturias.com\/noticias\/wp-json\/wp\/v2\/tags?post=457463"}],"curies":[{"name":"wp","href":"https:\/\/api.w.org\/{rel}","templated":true}]}}