{"id":457442,"date":"2013-12-04T06:41:25","date_gmt":"2013-12-04T07:41:25","guid":{"rendered":"http:\/\/www.eldigitaldeasturias.com\/noticias\/?p=457442"},"modified":"2013-12-04T06:41:25","modified_gmt":"2013-12-04T07:41:25","slug":"victimas-del-franquismo-se-muestran-esperanzadas-tras-declarar-en-argentina","status":"publish","type":"post","link":"https:\/\/www.eldigitaldeasturias.com\/noticias\/victimas-del-franquismo-se-muestran-esperanzadas-tras-declarar-en-argentina\/","title":{"rendered":"V\u00edctimas del franquismo se muestran esperanzadas tras declarar en Argentina"},"content":{"rendered":"<p><img loading=\"lazy\" decoding=\"async\" class=\"alignleft size-medium wp-image-457443\" alt=\"5769964w\" src=\"https:\/\/www.eldigitaldeasturias.com\/noticias\/wp-content\/uploads\/2013\/12\/5769964w-360x261.jpg\" width=\"360\" height=\"261\" \/>Buenos Aires, 3 dic (EFE).- V\u00edctimas del r\u00e9gimen franquista comenzaron hoy a declarar en Buenos Aires ante una jueza argentina y se mostraron contentas y esperanzadas de lograr nuevas imputaciones por los cr\u00edmenes cometidos durante la dictadura que rigi\u00f3 Espa\u00f1a entre 1939 y 1975.<\/p>\n<p>\u00abEstoy contenta pero agotada\u00bb, dijo a Efe Mer\u00e7ona Puig Antich con una sonrisa, tras testificar durante casi dos horas en el juzgado a cargo de la magistrada Mar\u00eda Servini de Cubr\u00eda.<\/p>\n<p>Durante su declaraci\u00f3n, Puig Antich relat\u00f3 la detenci\u00f3n, el juicio sumar\u00edsimo, la sentencia a muerte y el ajusticiamiento por garrote vil de su hermano Salvador, el 2 de marzo de 1974.<\/p>\n<p>Salvador Puig, integrado en un grupo anarquista, hab\u00eda sido acusado de la muerte de un subinspector de la polic\u00eda en un tiroteo y su ejecuci\u00f3n motiv\u00f3 muchas peticiones de clemencia de organismos internacionales.<\/p>\n<p>El testimonio de su hermana lleg\u00f3 con siete meses de retraso, ya que la videoconferencia prevista para el pasado mayo fue cancelada en el \u00faltimo momento a petici\u00f3n del Ministerio espa\u00f1ol de Asuntos Exteriores.<\/p>\n<p>\u00abEstoy muy esperanzado y muy contento. Despu\u00e9s de tantos a\u00f1os pude ejercer la acusaci\u00f3n contra una dictadura criminal y genocida y contra los responsables que a\u00fan est\u00e1n vivos del asesinato de mis compa\u00f1eros\u00bb, asegur\u00f3 a Efe Pablo Mayoral, otro de los querellantes.<\/p>\n<p>Mayoral fue procesado en uno de los \u00faltimos consejos de guerra del r\u00e9gimen franquista y condenado a 30 a\u00f1os de c\u00e1rcel, de los que cumpli\u00f3 tres.<\/p>\n<p>A su salida del Juzgado Criminal y Correccional Federal n\u00famero 1 de Buenos Aires, los declarantes fueron recibidos con preguntas y abrazos por parte del resto de la comitiva espa\u00f1ola, que lleg\u00f3 a la capital argentina para impulsar la investigaci\u00f3n por cr\u00edmenes del franquismo abierta en 2010.<\/p>\n<p>\u00abEl momento en el que llega el 2 de marzo fue doloroso, porque acaba todo. Pero tuve que remontar y continuar explicando todo lo que hemos ido haciendo desde entonces\u00bb, se\u00f1al\u00f3 visiblemente emocionada Puig Antich.<\/p>\n<p>\u00abEstoy buscando que se haga justicia, que se sepa y se piense en c\u00f3mo lo pas\u00f3 mi hermano y todos los que fueron maltratados\u00bb, afirm\u00f3.<\/p>\n<p>Puig Antich conf\u00eda en que su testimonio allane el camino para nuevas imputaciones, en especial la del firmante de la condena de muerte de Salvador, el exministro del r\u00e9gimen Jos\u00e9 Utrera Molina, suegro del actual ministro de Justicia, Alberto Ruiz-Gallard\u00f3n.<\/p>\n<p>Los querellantes buscan tambi\u00e9n la imputaci\u00f3n de otros dos altos cargos de la dictadura: el exministro de Relaciones Sindicales Rodolfo Mart\u00edn Villa y el exministro de Trabajo Fernando S\u00faarez Gonz\u00e1lez.<\/p>\n<p>La delegaci\u00f3n espa\u00f1ola, integrada tambi\u00e9n por abogados, familiares de v\u00edctimas y diputados vascos, se mostr\u00f3 agradecida por la colaboraci\u00f3n del tribunal y por el apoyo recibido desde numerosas organizaciones de derechos humanos argentinas.<\/p>\n<p>Adem\u00e1s, celebraron las \u00f3rdenes de b\u00fasqueda y captura dictadas el pasado septiembre por Servini de Cubr\u00eda contra cuatro exmiembros de las fuerzas de seguridad del r\u00e9gimen supuestamente involucrados en delitos de represi\u00f3n durante la dictadura franquista.<\/p>\n<p>Los dos que siguen vivos, los expolic\u00edas Juan Antonio Gonz\u00e1lez Pacheco y Jes\u00fas Mu\u00f1ecas Aguilar, deber\u00e1n presentarse el pr\u00f3ximo jueves en la Audiencia Nacional espa\u00f1ola para responder si quieren ser extraditados a Argentina.<\/p>\n<p>\u00ab(La citaci\u00f3n judicial) es un paso muy importante\u00bb, dijo a Efe Soledad Luque Delgado, presidenta de la asociaci\u00f3n \u00abTodos los ni\u00f1os robados son tambi\u00e9n mis ni\u00f1os\u00bb, quien se sum\u00f3 a la querella como parte de su b\u00fasqueda a su hermano mellizo, Francisco.<\/p>\n<p>\u00abHa habido un r\u00e1pido avance en los \u00faltimos seis meses gracias a la presi\u00f3n popular\u00bb, agreg\u00f3 Luque.<\/p>\n<p>Las nuevas 13 declaraciones de querellantes espa\u00f1oles se suceder\u00e1n a diario hasta el pr\u00f3ximo viernes, un d\u00eda antes de que la comitiva espa\u00f1ola emprenda el viaje de vuelta.<\/p>\n<p>Como parte de su actividad en Buenos Aires, la delegaci\u00f3n espa\u00f1ola visit\u00f3 hoy la comisi\u00f3n de Derechos Humanos de la C\u00e1mara de Diputados de Argentina, cuyos integrantes renovaron su compromiso con el trabajo de las v\u00edctimas y los familiares.<\/p>\n<p>El presidente de la comisi\u00f3n y diputado por el gobernante Frente para la Victoria, Remo Carlotto, expres\u00f3 que la delegaci\u00f3n espa\u00f1ola tiene \u00ablas puertas abiertas, no solo de esta comisi\u00f3n sino de toda la C\u00e1mara de Diputados\u00bb de Argentina.<\/p>\n<p>En este sentido, el legislador asegur\u00f3 a Efe que la l\u00ednea de acci\u00f3n \u00abes de solidaridad, de acompa\u00f1amiento y de compromiso para que cada una de las acciones que se realicen a trav\u00e9s de la querella en la Argentina tenga el camino de esclarecimiento, de reparaci\u00f3n que debe tener la Justicia\u00bb.<\/p>\n","protected":false},"excerpt":{"rendered":"<p>Buenos Aires, 3 dic (EFE).- V\u00edctimas del r\u00e9gimen franquista comenzaron hoy a declarar en Buenos Aires ante una jueza argentina y se mostraron contentas y esperanzadas de lograr nuevas imputaciones por los cr\u00edmenes cometidos durante la dictadura que rigi\u00f3 Espa\u00f1a entre 1939 y 1975. \u00abEstoy contenta pero agotada\u00bb, dijo a Efe Mer\u00e7ona Puig Antich con [&hellip;]<\/p>\n","protected":false},"author":1,"featured_media":457443,"comment_status":"closed","ping_status":"open","sticky":false,"template":"","format":"standard","meta":{"footnotes":""},"categories":[5],"tags":[],"class_list":["post-457442","post","type-post","status-publish","format-standard","has-post-thumbnail","hentry","category-sucesos"],"aioseo_notices":[],"aioseo_head":"\n\t\t<!-- All in One SEO Pro 5.0.1 - aioseo.com -->\n\t<meta name=\"description\" content=\"Buenos Aires, 3 dic (EFE).- V\u00edctimas del r\u00e9gimen franquista comenzaron hoy a declarar en Buenos Aires ante una jueza argentina y se mostraron contentas y esperanzadas de lograr nuevas imputaciones por los cr\u00edmenes cometidos durante la dictadura que rigi\u00f3 Espa\u00f1a entre 1939 y 1975. &quot;Estoy contenta pero agotada&quot;, dijo a Efe Mer\u00e7ona Puig Antich con\" \/>\n\t<meta name=\"robots\" content=\"max-image-preview:large\" \/>\n\t<meta name=\"author\" content=\"El Digital de Asturias\"\/>\n\t<meta name=\"google-site-verification\" content=\"UA-38556648-1\" \/>\n\t<meta name=\"msvalidate.01\" content=\"7dfe9f3f1b24437ab69f4f2559babe99\" \/>\n\t<meta name=\"keywords\" content=\"sucesos\" \/>\n\t<link rel=\"canonical\" href=\"https:\/\/www.eldigitaldeasturias.com\/noticias\/victimas-del-franquismo-se-muestran-esperanzadas-tras-declarar-en-argentina\/\" \/>\n\t<meta name=\"generator\" content=\"All in One SEO Pro (AIOSEO) 5.0.1\" \/>\n\t\t<meta property=\"og:locale\" content=\"es_ES\" \/>\n\t\t<meta property=\"og:site_name\" content=\"El Digital de Asturias\" \/>\n\t\t<meta property=\"og:type\" content=\"article\" \/>\n\t\t<meta property=\"og:title\" content=\"V\u00edctimas del franquismo se muestran esperanzadas tras declarar en Argentina - El Digital de Asturias\" \/>\n\t\t<meta property=\"og:description\" content=\"Buenos Aires, 3 dic (EFE).- V\u00edctimas del r\u00e9gimen franquista comenzaron hoy a declarar en Buenos Aires ante una jueza argentina y se mostraron contentas y esperanzadas de lograr nuevas imputaciones por los cr\u00edmenes cometidos durante la dictadura que rigi\u00f3 Espa\u00f1a entre 1939 y 1975. &quot;Estoy contenta pero agotada&quot;, dijo a Efe Mer\u00e7ona Puig Antich con\" \/>\n\t\t<meta property=\"og:url\" content=\"https:\/\/www.eldigitaldeasturias.com\/noticias\/victimas-del-franquismo-se-muestran-esperanzadas-tras-declarar-en-argentina\/\" \/>\n\t\t<meta property=\"article:tag\" content=\"sucesos\" \/>\n\t\t<meta property=\"article:published_time\" content=\"2013-12-04T07:41:25+00:00\" \/>\n\t\t<meta property=\"article:modified_time\" content=\"2013-12-04T07:41:25+00:00\" \/>\n\t\t<meta property=\"article:publisher\" content=\"https:\/\/facebook.com\/eldigitaldeasturias\" \/>\n\t\t<meta name=\"twitter:card\" content=\"summary_large_image\" \/>\n\t\t<meta name=\"twitter:title\" content=\"V\u00edctimas del franquismo se muestran esperanzadas tras declarar en Argentina - El Digital de Asturias\" \/>\n\t\t<meta name=\"twitter:description\" content=\"Buenos Aires, 3 dic (EFE).- V\u00edctimas del r\u00e9gimen franquista comenzaron hoy a declarar en Buenos Aires ante una jueza argentina y se mostraron contentas y esperanzadas de lograr nuevas imputaciones por los cr\u00edmenes cometidos durante la dictadura que rigi\u00f3 Espa\u00f1a entre 1939 y 1975. &quot;Estoy contenta pero agotada&quot;, dijo a Efe Mer\u00e7ona Puig Antich con\" \/>\n\t\t<meta name=\"twitter:label1\" content=\"Escrito por\" \/>\n\t\t<meta name=\"twitter:data1\" content=\"El Digital de Asturias\" \/>\n\t\t<meta name=\"twitter:label2\" content=\"Tiempo de lectura estimado\" \/>\n\t\t<meta name=\"twitter:data2\" content=\"4 minutos\" \/>\n\t\t<script type=\"application\/ld+json\" class=\"aioseo-schema\">\n\t\t\t{\"@context\":\"https:\\\/\\\/schema.org\",\"@graph\":[{\"@type\":\"BlogPosting\",\"@id\":\"https:\\\/\\\/www.eldigitaldeasturias.com\\\/noticias\\\/victimas-del-franquismo-se-muestran-esperanzadas-tras-declarar-en-argentina\\\/#blogposting\",\"name\":\"V\\u00edctimas del franquismo se muestran esperanzadas tras declarar en Argentina - El Digital de Asturias\",\"headline\":\"V\\u00edctimas del franquismo se muestran esperanzadas tras declarar en Argentina\",\"author\":{\"@id\":\"https:\\\/\\\/www.eldigitaldeasturias.com\\\/noticias\\\/author\\\/admin\\\/#author\"},\"publisher\":{\"@id\":\"https:\\\/\\\/www.eldigitaldeasturias.com\\\/noticias\\\/#organization\"},\"image\":{\"@type\":\"ImageObject\",\"url\":457443},\"datePublished\":\"2013-12-04T06:41:25+01:00\",\"dateModified\":\"2013-12-04T06:41:25+01:00\",\"inLanguage\":\"es-ES\",\"mainEntityOfPage\":{\"@id\":\"https:\\\/\\\/www.eldigitaldeasturias.com\\\/noticias\\\/victimas-del-franquismo-se-muestran-esperanzadas-tras-declarar-en-argentina\\\/#webpage\"},\"isPartOf\":{\"@id\":\"https:\\\/\\\/www.eldigitaldeasturias.com\\\/noticias\\\/victimas-del-franquismo-se-muestran-esperanzadas-tras-declarar-en-argentina\\\/#webpage\"},\"articleSection\":\"Sucesos\"},{\"@type\":\"BreadcrumbList\",\"@id\":\"https:\\\/\\\/www.eldigitaldeasturias.com\\\/noticias\\\/victimas-del-franquismo-se-muestran-esperanzadas-tras-declarar-en-argentina\\\/#breadcrumblist\",\"itemListElement\":[{\"@type\":\"ListItem\",\"@id\":\"https:\\\/\\\/www.eldigitaldeasturias.com\\\/noticias#listItem\",\"position\":1,\"name\":\"Home\",\"item\":\"https:\\\/\\\/www.eldigitaldeasturias.com\\\/noticias\",\"nextItem\":{\"@type\":\"ListItem\",\"@id\":\"https:\\\/\\\/www.eldigitaldeasturias.com\\\/noticias\\\/category\\\/sucesos\\\/#listItem\",\"name\":\"Sucesos\"}},{\"@type\":\"ListItem\",\"@id\":\"https:\\\/\\\/www.eldigitaldeasturias.com\\\/noticias\\\/category\\\/sucesos\\\/#listItem\",\"position\":2,\"name\":\"Sucesos\",\"item\":\"https:\\\/\\\/www.eldigitaldeasturias.com\\\/noticias\\\/category\\\/sucesos\\\/\",\"nextItem\":{\"@type\":\"ListItem\",\"@id\":\"https:\\\/\\\/www.eldigitaldeasturias.com\\\/noticias\\\/victimas-del-franquismo-se-muestran-esperanzadas-tras-declarar-en-argentina\\\/#listItem\",\"name\":\"V\\u00edctimas del franquismo se muestran esperanzadas tras declarar en Argentina\"},\"previousItem\":{\"@type\":\"ListItem\",\"@id\":\"https:\\\/\\\/www.eldigitaldeasturias.com\\\/noticias#listItem\",\"name\":\"Home\"}},{\"@type\":\"ListItem\",\"@id\":\"https:\\\/\\\/www.eldigitaldeasturias.com\\\/noticias\\\/victimas-del-franquismo-se-muestran-esperanzadas-tras-declarar-en-argentina\\\/#listItem\",\"position\":3,\"name\":\"V\\u00edctimas del franquismo se muestran esperanzadas tras declarar en Argentina\",\"previousItem\":{\"@type\":\"ListItem\",\"@id\":\"https:\\\/\\\/www.eldigitaldeasturias.com\\\/noticias\\\/category\\\/sucesos\\\/#listItem\",\"name\":\"Sucesos\"}}]},{\"@type\":\"Organization\",\"@id\":\"https:\\\/\\\/www.eldigitaldeasturias.com\\\/noticias\\\/#organization\",\"name\":\"El Digital de Asturias\",\"description\":\"Hemeroteca\",\"url\":\"https:\\\/\\\/www.eldigitaldeasturias.com\\\/noticias\\\/\",\"email\":\"info@eldigitaldeasturias.com\",\"telephone\":\"+34652131393\",\"logo\":{\"@type\":\"ImageObject\",\"url\":\"https:\\\/\\\/www.eldigitaldeasturias.com\\\/noticias\\\/wp-content\\\/uploads\\\/2020\\\/12\\\/EDA.jpg\",\"@id\":\"https:\\\/\\\/www.eldigitaldeasturias.com\\\/noticias\\\/victimas-del-franquismo-se-muestran-esperanzadas-tras-declarar-en-argentina\\\/#organizationLogo\"},\"image\":{\"@id\":\"https:\\\/\\\/www.eldigitaldeasturias.com\\\/noticias\\\/victimas-del-franquismo-se-muestran-esperanzadas-tras-declarar-en-argentina\\\/#organizationLogo\"},\"sameAs\":[\"https:\\\/\\\/facebook.com\\\/eldigitaldeasturias\",\"https:\\\/\\\/www.youtube.com\\\/channel\\\/UCZP-2wLEB9Rv6erhFmqVnvg\"],\"address\":{\"@id\":\"https:\\\/\\\/www.eldigitaldeasturias.com\\\/noticias\\\/#postaladdress\",\"@type\":\"PostalAddress\",\"streetAddress\":\"san antonio 4\",\"postalCode\":\"33430\",\"addressLocality\":\"Cand\\u00e1s\",\"addressRegion\":\"Asturias\",\"addressCountry\":\"ES\"}},{\"@type\":\"Person\",\"@id\":\"https:\\\/\\\/www.eldigitaldeasturias.com\\\/noticias\\\/author\\\/admin\\\/#author\",\"url\":\"https:\\\/\\\/www.eldigitaldeasturias.com\\\/noticias\\\/author\\\/admin\\\/\",\"name\":\"El Digital de Asturias\",\"image\":{\"@type\":\"ImageObject\",\"@id\":\"https:\\\/\\\/www.eldigitaldeasturias.com\\\/noticias\\\/victimas-del-franquismo-se-muestran-esperanzadas-tras-declarar-en-argentina\\\/#authorImage\",\"url\":\"https:\\\/\\\/secure.gravatar.com\\\/avatar\\\/df2aeffc32bcd13f8d26072ef8a91b623d677766deac7f97ca815868cd41bf5e?s=96&d=mm&r=g\",\"width\":96,\"height\":96,\"caption\":\"El Digital de Asturias\"}},{\"@type\":\"WebPage\",\"@id\":\"https:\\\/\\\/www.eldigitaldeasturias.com\\\/noticias\\\/victimas-del-franquismo-se-muestran-esperanzadas-tras-declarar-en-argentina\\\/#webpage\",\"url\":\"https:\\\/\\\/www.eldigitaldeasturias.com\\\/noticias\\\/victimas-del-franquismo-se-muestran-esperanzadas-tras-declarar-en-argentina\\\/\",\"name\":\"V\\u00edctimas del franquismo se muestran esperanzadas tras declarar en Argentina - El Digital de Asturias\",\"description\":\"Buenos Aires, 3 dic (EFE).- V\\u00edctimas del r\\u00e9gimen franquista comenzaron hoy a declarar en Buenos Aires ante una jueza argentina y se mostraron contentas y esperanzadas de lograr nuevas imputaciones por los cr\\u00edmenes cometidos durante la dictadura que rigi\\u00f3 Espa\\u00f1a entre 1939 y 1975. \\\"Estoy contenta pero agotada\\\", dijo a Efe Mer\\u00e7ona Puig Antich con\",\"inLanguage\":\"es-ES\",\"isPartOf\":{\"@id\":\"https:\\\/\\\/www.eldigitaldeasturias.com\\\/noticias\\\/#website\"},\"breadcrumb\":{\"@id\":\"https:\\\/\\\/www.eldigitaldeasturias.com\\\/noticias\\\/victimas-del-franquismo-se-muestran-esperanzadas-tras-declarar-en-argentina\\\/#breadcrumblist\"},\"author\":{\"@id\":\"https:\\\/\\\/www.eldigitaldeasturias.com\\\/noticias\\\/author\\\/admin\\\/#author\"},\"creator\":{\"@id\":\"https:\\\/\\\/www.eldigitaldeasturias.com\\\/noticias\\\/author\\\/admin\\\/#author\"},\"image\":{\"@type\":\"ImageObject\",\"url\":457443,\"@id\":\"https:\\\/\\\/www.eldigitaldeasturias.com\\\/noticias\\\/victimas-del-franquismo-se-muestran-esperanzadas-tras-declarar-en-argentina\\\/#mainImage\"},\"primaryImageOfPage\":{\"@id\":\"https:\\\/\\\/www.eldigitaldeasturias.com\\\/noticias\\\/victimas-del-franquismo-se-muestran-esperanzadas-tras-declarar-en-argentina\\\/#mainImage\"},\"datePublished\":\"2013-12-04T06:41:25+01:00\",\"dateModified\":\"2013-12-04T06:41:25+01:00\"},{\"@type\":\"WebSite\",\"@id\":\"https:\\\/\\\/www.eldigitaldeasturias.com\\\/noticias\\\/#website\",\"url\":\"https:\\\/\\\/www.eldigitaldeasturias.com\\\/noticias\\\/\",\"name\":\"El Digital de Asturias - Diario de actualidad y noticias\",\"alternateName\":\"El Digital de Asturias - Diario de actualidad y noticias\",\"description\":\"Hemeroteca\",\"inLanguage\":\"es-ES\",\"publisher\":{\"@id\":\"https:\\\/\\\/www.eldigitaldeasturias.com\\\/noticias\\\/#organization\"}}]}\n\t\t<\/script>\n\t\t<!-- All in One SEO Pro -->\r\n\t\t<title>V\u00edctimas del franquismo se muestran esperanzadas tras declarar en Argentina - El Digital de Asturias<\/title>\n\n","aioseo_head_json":{"title":"V\u00edctimas del franquismo se muestran esperanzadas tras declarar en Argentina - El Digital de Asturias","description":"Buenos Aires, 3 dic (EFE).- V\u00edctimas del r\u00e9gimen franquista comenzaron hoy a declarar en Buenos Aires ante una jueza argentina y se mostraron contentas y esperanzadas de lograr nuevas imputaciones por los cr\u00edmenes cometidos durante la dictadura que rigi\u00f3 Espa\u00f1a entre 1939 y 1975. \"Estoy contenta pero agotada\", dijo a Efe Mer\u00e7ona Puig Antich con","canonical_url":"https:\/\/www.eldigitaldeasturias.com\/noticias\/victimas-del-franquismo-se-muestran-esperanzadas-tras-declarar-en-argentina\/","robots":"max-image-preview:large","keywords":"sucesos","webmasterTools":{"google-site-verification":"UA-38556648-1","msvalidate.01":"7dfe9f3f1b24437ab69f4f2559babe99","miscellaneous":""},"schema":{"@context":"https:\/\/schema.org","@graph":[{"@type":"BlogPosting","@id":"https:\/\/www.eldigitaldeasturias.com\/noticias\/victimas-del-franquismo-se-muestran-esperanzadas-tras-declarar-en-argentina\/#blogposting","name":"V\u00edctimas del franquismo se muestran esperanzadas tras declarar en Argentina - El Digital de Asturias","headline":"V\u00edctimas del franquismo se muestran esperanzadas tras declarar en Argentina","author":{"@id":"https:\/\/www.eldigitaldeasturias.com\/noticias\/author\/admin\/#author"},"publisher":{"@id":"https:\/\/www.eldigitaldeasturias.com\/noticias\/#organization"},"image":{"@type":"ImageObject","url":457443},"datePublished":"2013-12-04T06:41:25+01:00","dateModified":"2013-12-04T06:41:25+01:00","inLanguage":"es-ES","mainEntityOfPage":{"@id":"https:\/\/www.eldigitaldeasturias.com\/noticias\/victimas-del-franquismo-se-muestran-esperanzadas-tras-declarar-en-argentina\/#webpage"},"isPartOf":{"@id":"https:\/\/www.eldigitaldeasturias.com\/noticias\/victimas-del-franquismo-se-muestran-esperanzadas-tras-declarar-en-argentina\/#webpage"},"articleSection":"Sucesos"},{"@type":"BreadcrumbList","@id":"https:\/\/www.eldigitaldeasturias.com\/noticias\/victimas-del-franquismo-se-muestran-esperanzadas-tras-declarar-en-argentina\/#breadcrumblist","itemListElement":[{"@type":"ListItem","@id":"https:\/\/www.eldigitaldeasturias.com\/noticias#listItem","position":1,"name":"Home","item":"https:\/\/www.eldigitaldeasturias.com\/noticias","nextItem":{"@type":"ListItem","@id":"https:\/\/www.eldigitaldeasturias.com\/noticias\/category\/sucesos\/#listItem","name":"Sucesos"}},{"@type":"ListItem","@id":"https:\/\/www.eldigitaldeasturias.com\/noticias\/category\/sucesos\/#listItem","position":2,"name":"Sucesos","item":"https:\/\/www.eldigitaldeasturias.com\/noticias\/category\/sucesos\/","nextItem":{"@type":"ListItem","@id":"https:\/\/www.eldigitaldeasturias.com\/noticias\/victimas-del-franquismo-se-muestran-esperanzadas-tras-declarar-en-argentina\/#listItem","name":"V\u00edctimas del franquismo se muestran esperanzadas tras declarar en Argentina"},"previousItem":{"@type":"ListItem","@id":"https:\/\/www.eldigitaldeasturias.com\/noticias#listItem","name":"Home"}},{"@type":"ListItem","@id":"https:\/\/www.eldigitaldeasturias.com\/noticias\/victimas-del-franquismo-se-muestran-esperanzadas-tras-declarar-en-argentina\/#listItem","position":3,"name":"V\u00edctimas del franquismo se muestran esperanzadas tras declarar en Argentina","previousItem":{"@type":"ListItem","@id":"https:\/\/www.eldigitaldeasturias.com\/noticias\/category\/sucesos\/#listItem","name":"Sucesos"}}]},{"@type":"Organization","@id":"https:\/\/www.eldigitaldeasturias.com\/noticias\/#organization","name":"El Digital de Asturias","description":"Hemeroteca","url":"https:\/\/www.eldigitaldeasturias.com\/noticias\/","email":"info@eldigitaldeasturias.com","telephone":"+34652131393","logo":{"@type":"ImageObject","url":"https:\/\/www.eldigitaldeasturias.com\/noticias\/wp-content\/uploads\/2020\/12\/EDA.jpg","@id":"https:\/\/www.eldigitaldeasturias.com\/noticias\/victimas-del-franquismo-se-muestran-esperanzadas-tras-declarar-en-argentina\/#organizationLogo"},"image":{"@id":"https:\/\/www.eldigitaldeasturias.com\/noticias\/victimas-del-franquismo-se-muestran-esperanzadas-tras-declarar-en-argentina\/#organizationLogo"},"sameAs":["https:\/\/facebook.com\/eldigitaldeasturias","https:\/\/www.youtube.com\/channel\/UCZP-2wLEB9Rv6erhFmqVnvg"],"address":{"@id":"https:\/\/www.eldigitaldeasturias.com\/noticias\/#postaladdress","@type":"PostalAddress","streetAddress":"san antonio 4","postalCode":"33430","addressLocality":"Cand\u00e1s","addressRegion":"Asturias","addressCountry":"ES"}},{"@type":"Person","@id":"https:\/\/www.eldigitaldeasturias.com\/noticias\/author\/admin\/#author","url":"https:\/\/www.eldigitaldeasturias.com\/noticias\/author\/admin\/","name":"El Digital de Asturias","image":{"@type":"ImageObject","@id":"https:\/\/www.eldigitaldeasturias.com\/noticias\/victimas-del-franquismo-se-muestran-esperanzadas-tras-declarar-en-argentina\/#authorImage","url":"https:\/\/secure.gravatar.com\/avatar\/df2aeffc32bcd13f8d26072ef8a91b623d677766deac7f97ca815868cd41bf5e?s=96&d=mm&r=g","width":96,"height":96,"caption":"El Digital de Asturias"}},{"@type":"WebPage","@id":"https:\/\/www.eldigitaldeasturias.com\/noticias\/victimas-del-franquismo-se-muestran-esperanzadas-tras-declarar-en-argentina\/#webpage","url":"https:\/\/www.eldigitaldeasturias.com\/noticias\/victimas-del-franquismo-se-muestran-esperanzadas-tras-declarar-en-argentina\/","name":"V\u00edctimas del franquismo se muestran esperanzadas tras declarar en Argentina - El Digital de Asturias","description":"Buenos Aires, 3 dic (EFE).- V\u00edctimas del r\u00e9gimen franquista comenzaron hoy a declarar en Buenos Aires ante una jueza argentina y se mostraron contentas y esperanzadas de lograr nuevas imputaciones por los cr\u00edmenes cometidos durante la dictadura que rigi\u00f3 Espa\u00f1a entre 1939 y 1975. \"Estoy contenta pero agotada\", dijo a Efe Mer\u00e7ona Puig Antich con","inLanguage":"es-ES","isPartOf":{"@id":"https:\/\/www.eldigitaldeasturias.com\/noticias\/#website"},"breadcrumb":{"@id":"https:\/\/www.eldigitaldeasturias.com\/noticias\/victimas-del-franquismo-se-muestran-esperanzadas-tras-declarar-en-argentina\/#breadcrumblist"},"author":{"@id":"https:\/\/www.eldigitaldeasturias.com\/noticias\/author\/admin\/#author"},"creator":{"@id":"https:\/\/www.eldigitaldeasturias.com\/noticias\/author\/admin\/#author"},"image":{"@type":"ImageObject","url":457443,"@id":"https:\/\/www.eldigitaldeasturias.com\/noticias\/victimas-del-franquismo-se-muestran-esperanzadas-tras-declarar-en-argentina\/#mainImage"},"primaryImageOfPage":{"@id":"https:\/\/www.eldigitaldeasturias.com\/noticias\/victimas-del-franquismo-se-muestran-esperanzadas-tras-declarar-en-argentina\/#mainImage"},"datePublished":"2013-12-04T06:41:25+01:00","dateModified":"2013-12-04T06:41:25+01:00"},{"@type":"WebSite","@id":"https:\/\/www.eldigitaldeasturias.com\/noticias\/#website","url":"https:\/\/www.eldigitaldeasturias.com\/noticias\/","name":"El Digital de Asturias - Diario de actualidad y noticias","alternateName":"El Digital de Asturias - Diario de actualidad y noticias","description":"Hemeroteca","inLanguage":"es-ES","publisher":{"@id":"https:\/\/www.eldigitaldeasturias.com\/noticias\/#organization"}}]},"og:locale":"es_ES","og:site_name":"El Digital de Asturias","og:type":"article","og:title":"V\u00edctimas del franquismo se muestran esperanzadas tras declarar en Argentina - El Digital de Asturias","og:description":"Buenos Aires, 3 dic (EFE).- V\u00edctimas del r\u00e9gimen franquista comenzaron hoy a declarar en Buenos Aires ante una jueza argentina y se mostraron contentas y esperanzadas de lograr nuevas imputaciones por los cr\u00edmenes cometidos durante la dictadura que rigi\u00f3 Espa\u00f1a entre 1939 y 1975. &quot;Estoy contenta pero agotada&quot;, dijo a Efe Mer\u00e7ona Puig Antich con","og:url":"https:\/\/www.eldigitaldeasturias.com\/noticias\/victimas-del-franquismo-se-muestran-esperanzadas-tras-declarar-en-argentina\/","article:tag":["sucesos"],"article:published_time":"2013-12-04T07:41:25+00:00","article:modified_time":"2013-12-04T07:41:25+00:00","article:publisher":"https:\/\/facebook.com\/eldigitaldeasturias","twitter:card":"summary_large_image","twitter:title":"V\u00edctimas del franquismo se muestran esperanzadas tras declarar en Argentina - El Digital de Asturias","twitter:description":"Buenos Aires, 3 dic (EFE).- V\u00edctimas del r\u00e9gimen franquista comenzaron hoy a declarar en Buenos Aires ante una jueza argentina y se mostraron contentas y esperanzadas de lograr nuevas imputaciones por los cr\u00edmenes cometidos durante la dictadura que rigi\u00f3 Espa\u00f1a entre 1939 y 1975. &quot;Estoy contenta pero agotada&quot;, dijo a Efe Mer\u00e7ona Puig Antich con","twitter:label1":"Escrito por","twitter:data1":"El Digital de Asturias","twitter:label2":"Tiempo de lectura estimado","twitter:data2":"4 minutos"},"aioseo_meta_data":{"post_id":"457442","title":null,"description":null,"keywords":null,"keyphrases":null,"primary_term":null,"canonical_url":null,"og_title":null,"og_description":null,"og_object_type":"default","og_image_type":"default","og_image_url":null,"og_image_width":null,"og_image_height":null,"og_image_custom_url":null,"og_image_custom_fields":null,"og_video":null,"og_custom_url":null,"og_article_section":null,"og_article_tags":null,"twitter_use_og":true,"twitter_card":"default","twitter_image_type":"default","twitter_image_url":null,"twitter_image_custom_url":null,"twitter_image_custom_fields":null,"twitter_title":null,"twitter_description":null,"schema":{"blockGraphs":[],"customGraphs":[],"default":{"data":{"Article":[],"Course":[],"Dataset":[],"FAQPage":[],"Movie":[],"Person":[],"Product":[],"ProductReview":[],"Car":[],"Recipe":[],"Service":[],"SoftwareApplication":[],"WebPage":[]},"graphName":"","isEnabled":true},"graphs":[],"defaultGraph":"","defaultPostTypeGraph":""},"schema_type":null,"schema_type_options":null,"pillar_content":false,"robots_default":true,"robots_noindex":false,"robots_noarchive":false,"robots_nosnippet":false,"robots_nofollow":false,"robots_noimageindex":false,"robots_noodp":false,"robots_notranslate":false,"robots_max_snippet":null,"robots_max_videopreview":null,"robots_max_imagepreview":"none","priority":null,"frequency":null,"local_seo":null,"seo_analyzer_scan_date":"2026-05-30 01:36:21","breadcrumb_settings":null,"limit_modified_date":false,"open_ai":null,"ai":null,"created":"2020-11-14 22:46:07","updated":"2026-05-30 01:36:21","focus_keyword":null,"additional_keywords":null,"truseo_locale":null},"aioseo_breadcrumb":"<div class=\"aioseo-breadcrumbs\"><span class=\"aioseo-breadcrumb\">\n\t<a href=\"https:\/\/www.eldigitaldeasturias.com\/noticias\" title=\"Home\">Home<\/a>\n<\/span><span class=\"aioseo-breadcrumb-separator\">\u2013<\/span><span class=\"aioseo-breadcrumb\">\n\t<a href=\"https:\/\/www.eldigitaldeasturias.com\/noticias\/category\/sucesos\/\" title=\"Sucesos\">Sucesos<\/a>\n<\/span><span class=\"aioseo-breadcrumb-separator\">\u2013<\/span><span class=\"aioseo-breadcrumb\">\n\t<a href=\"https:\/\/www.eldigitaldeasturias.com\/noticias\/victimas-del-franquismo-se-muestran-esperanzadas-tras-declarar-en-argentina\/\" title=\"V\u00edctimas del franquismo se muestran esperanzadas tras declarar en Argentina\">V\u00edctimas del franquismo se muestran esperanzadas tras declarar en Argentina<\/a>\n<\/span><\/div>","aioseo_breadcrumb_json":[{"label":"Home","link":"https:\/\/www.eldigitaldeasturias.com\/noticias"},{"label":"Sucesos","link":"https:\/\/www.eldigitaldeasturias.com\/noticias\/category\/sucesos\/"},{"label":"V\u00edctimas del franquismo se muestran esperanzadas tras declarar en Argentina","link":"https:\/\/www.eldigitaldeasturias.com\/noticias\/victimas-del-franquismo-se-muestran-esperanzadas-tras-declarar-en-argentina\/"}],"_links":{"self":[{"href":"https:\/\/www.eldigitaldeasturias.com\/noticias\/wp-json\/wp\/v2\/posts\/457442","targetHints":{"allow":["GET"]}}],"collection":[{"href":"https:\/\/www.eldigitaldeasturias.com\/noticias\/wp-json\/wp\/v2\/posts"}],"about":[{"href":"https:\/\/www.eldigitaldeasturias.com\/noticias\/wp-json\/wp\/v2\/types\/post"}],"author":[{"embeddable":true,"href":"https:\/\/www.eldigitaldeasturias.com\/noticias\/wp-json\/wp\/v2\/users\/1"}],"replies":[{"embeddable":true,"href":"https:\/\/www.eldigitaldeasturias.com\/noticias\/wp-json\/wp\/v2\/comments?post=457442"}],"version-history":[{"count":0,"href":"https:\/\/www.eldigitaldeasturias.com\/noticias\/wp-json\/wp\/v2\/posts\/457442\/revisions"}],"wp:attachment":[{"href":"https:\/\/www.eldigitaldeasturias.com\/noticias\/wp-json\/wp\/v2\/media?parent=457442"}],"wp:term":[{"taxonomy":"category","embeddable":true,"href":"https:\/\/www.eldigitaldeasturias.com\/noticias\/wp-json\/wp\/v2\/categories?post=457442"},{"taxonomy":"post_tag","embeddable":true,"href":"https:\/\/www.eldigitaldeasturias.com\/noticias\/wp-json\/wp\/v2\/tags?post=457442"}],"curies":[{"name":"wp","href":"https:\/\/api.w.org\/{rel}","templated":true}]}}