{"id":457436,"date":"2013-12-04T06:37:04","date_gmt":"2013-12-04T07:37:04","guid":{"rendered":"http:\/\/www.eldigitaldeasturias.com\/noticias\/?p=457436"},"modified":"2013-12-04T06:37:04","modified_gmt":"2013-12-04T07:37:04","slug":"costa-rica-abrira-al-publico-museo-y-sitio-arqueologico-de-esferas-de-piedra","status":"publish","type":"post","link":"https:\/\/www.eldigitaldeasturias.com\/noticias\/costa-rica-abrira-al-publico-museo-y-sitio-arqueologico-de-esferas-de-piedra\/","title":{"rendered":"Costa Rica abrir\u00e1 al p\u00fablico museo y sitio arqueol\u00f3gico de esferas de piedra"},"content":{"rendered":"<p><img loading=\"lazy\" decoding=\"async\" class=\"alignleft size-medium wp-image-457437\" alt=\"5770517w\" src=\"https:\/\/www.eldigitaldeasturias.com\/noticias\/wp-content\/uploads\/2013\/12\/5770517w-360x270.jpg\" width=\"360\" height=\"270\" \/>San Jos\u00e9, 3 dic (EFE).- El Gobierno de Costa Rica anunci\u00f3 hoy que a partir del pr\u00f3ximo s\u00e1bado abrir\u00e1 al p\u00fablico un museo y el sitio arqueol\u00f3gico Finca 6, en el sur del pa\u00eds, hogar de las m\u00edsticas esferas precolombinas de piedra, \u00fanicas en su tipo.<\/p>\n<p>El director del Museo Nacional, Christian Kandler, dijo en un comunicado que la Finca 6 \u00abes uno de los sitios arqueol\u00f3gicos m\u00e1s significativos y m\u00e1s emblem\u00e1ticos\u00bb, ya que \u00abconservan rasgos de gran importancia y \u00fanicos en el pa\u00eds\u00bb, los cuales podr\u00e1n ser conocidos por turistas locales y extranjeros.<\/p>\n<p>El sitio arqueol\u00f3gico cuenta con un centro para visitantes de 300 metros cuadrados, as\u00ed como con un peque\u00f1o museo en el que se mostrar\u00e1 la exhibici\u00f3n \u00abD\u00edv Cr\u00edv: cacicazgos en el Delta del Diqu\u00eds\u00bb e informaci\u00f3n de las sociedades antiguas que habitaron la zona y los objetos asociados a las esferas de piedra.<\/p>\n<p>\u00abLa muestra recoge informaci\u00f3n sobre la relaci\u00f3n de estas comunidades con el medio ambiente que les sirvi\u00f3 de sustento e inspir\u00f3 su visi\u00f3n de mundo, presenta tambi\u00e9n datos sobre la complejidad social y cultural alcanzada\u00bb, indic\u00f3 en el comunicado el Ministerio de Cultura.<\/p>\n<p>Tambi\u00e9n se explicar\u00e1 a los visitantes la manera en c\u00f3mo los ind\u00edgenas construyeron aldeas y utilizaron la escultura p\u00fablica como una manera de demostrar el poder, expresar ideas y afianzar la identidad comunitaria.<\/p>\n<p>Los visitantes tambi\u00e9n podr\u00e1n realizar recorridos para apreciar de cerca las esferas de piedra, algunas de ellas en sus alineamientos originales, que seg\u00fan las investigaciones pueden estar relacionados a constelaciones, los equinoccios y solsticios.<\/p>\n<p>Adem\u00e1s se han hallado esferas en los que fueron sitios p\u00fablicos de los asentamientos ind\u00edgenas y algunas muy estilizadas en la entrada de casas en las que habit\u00f3 alguien importante de la comunidad.<\/p>\n<p>En enero pasado Costa Rica postul\u00f3 ante la Unesco las esferas y cuatro sitios arqueol\u00f3gicos como candidato a Patrimonio Cultural de la Humanidad.<\/p>\n<p>Las esferas de piedra, con una perfecci\u00f3n en su redondez del 95 %, fueron creadas por los ind\u00edgenas borucas del sur de Costa Rica entre el a\u00f1o 400 y el 1.500 despu\u00e9s de Cristo, y hasta el momento han sido descubiertas unas 200 de ellas.<\/p>\n<p>La candidatura ante la Unesco involucra las esferas en su contexto en cuatro sitios arqueol\u00f3gicos: Finca 6, Batambal, Grijalba y El Silencio, ubicados en el Delta de El Diqu\u00eds, provincia de Puntarenas, en el Pac\u00edfico sur de Costa Rica.<\/p>\n<p>En estos lugares se encuentran decenas de esferas, la m\u00e1s grande de 2,57 metros de di\u00e1metro y 15 toneladas de peso, as\u00ed como bases de piedra de las antiguas viviendas ind\u00edgenas y calzadas que conformaron los asentamientos de esta poblaci\u00f3n.<\/p>\n<p>Las esferas fueron descubiertas en 1939 en una antigua finca bananera de 10 hect\u00e1reas, llamada Finca 6.<\/p>\n<p>Muchas de estas esculturas fueron removidas de sus sitios originales, destruidas o da\u00f1adas por el mito de que en su interior se escond\u00edan tesoros.<\/p>\n","protected":false},"excerpt":{"rendered":"<p>San Jos\u00e9, 3 dic (EFE).- El Gobierno de Costa Rica anunci\u00f3 hoy que a partir del pr\u00f3ximo s\u00e1bado abrir\u00e1 al p\u00fablico un museo y el sitio arqueol\u00f3gico Finca 6, en el sur del pa\u00eds, hogar de las m\u00edsticas esferas precolombinas de piedra, \u00fanicas en su tipo. El director del Museo Nacional, Christian Kandler, dijo en [&hellip;]<\/p>\n","protected":false},"author":1,"featured_media":457437,"comment_status":"closed","ping_status":"open","sticky":false,"template":"","format":"standard","meta":{"footnotes":""},"categories":[2],"tags":[],"class_list":["post-457436","post","type-post","status-publish","format-standard","has-post-thumbnail","hentry","category-agenda"],"aioseo_notices":[],"aioseo_head":"\n\t\t<!-- All in One SEO Pro 5.0.1 - aioseo.com -->\n\t<meta name=\"description\" content=\"San Jos\u00e9, 3 dic (EFE).- El Gobierno de Costa Rica anunci\u00f3 hoy que a partir del pr\u00f3ximo s\u00e1bado abrir\u00e1 al p\u00fablico un museo y el sitio arqueol\u00f3gico Finca 6, en el sur del pa\u00eds, hogar de las m\u00edsticas esferas precolombinas de piedra, \u00fanicas en su tipo. El director del Museo Nacional, Christian Kandler, dijo en\" \/>\n\t<meta name=\"robots\" content=\"max-image-preview:large\" \/>\n\t<meta name=\"author\" content=\"El Digital de Asturias\"\/>\n\t<meta name=\"google-site-verification\" content=\"UA-38556648-1\" \/>\n\t<meta name=\"msvalidate.01\" content=\"7dfe9f3f1b24437ab69f4f2559babe99\" \/>\n\t<meta name=\"keywords\" content=\"agenda\" \/>\n\t<link rel=\"canonical\" href=\"https:\/\/www.eldigitaldeasturias.com\/noticias\/costa-rica-abrira-al-publico-museo-y-sitio-arqueologico-de-esferas-de-piedra\/\" \/>\n\t<meta name=\"generator\" content=\"All in One SEO Pro (AIOSEO) 5.0.1\" \/>\n\t\t<meta property=\"og:locale\" content=\"es_ES\" \/>\n\t\t<meta property=\"og:site_name\" content=\"El Digital de Asturias\" \/>\n\t\t<meta property=\"og:type\" content=\"article\" \/>\n\t\t<meta property=\"og:title\" content=\"Costa Rica abrir\u00e1 al p\u00fablico museo y sitio arqueol\u00f3gico de esferas de piedra - El Digital de Asturias\" \/>\n\t\t<meta property=\"og:description\" content=\"San Jos\u00e9, 3 dic (EFE).- El Gobierno de Costa Rica anunci\u00f3 hoy que a partir del pr\u00f3ximo s\u00e1bado abrir\u00e1 al p\u00fablico un museo y el sitio arqueol\u00f3gico Finca 6, en el sur del pa\u00eds, hogar de las m\u00edsticas esferas precolombinas de piedra, \u00fanicas en su tipo. El director del Museo Nacional, Christian Kandler, dijo en\" \/>\n\t\t<meta property=\"og:url\" content=\"https:\/\/www.eldigitaldeasturias.com\/noticias\/costa-rica-abrira-al-publico-museo-y-sitio-arqueologico-de-esferas-de-piedra\/\" \/>\n\t\t<meta property=\"article:tag\" content=\"agenda\" \/>\n\t\t<meta property=\"article:published_time\" content=\"2013-12-04T07:37:04+00:00\" \/>\n\t\t<meta property=\"article:modified_time\" content=\"2013-12-04T07:37:04+00:00\" \/>\n\t\t<meta property=\"article:publisher\" content=\"https:\/\/facebook.com\/eldigitaldeasturias\" \/>\n\t\t<meta name=\"twitter:card\" content=\"summary_large_image\" \/>\n\t\t<meta name=\"twitter:title\" content=\"Costa Rica abrir\u00e1 al p\u00fablico museo y sitio arqueol\u00f3gico de esferas de piedra - El Digital de Asturias\" \/>\n\t\t<meta name=\"twitter:description\" content=\"San Jos\u00e9, 3 dic (EFE).- El Gobierno de Costa Rica anunci\u00f3 hoy que a partir del pr\u00f3ximo s\u00e1bado abrir\u00e1 al p\u00fablico un museo y el sitio arqueol\u00f3gico Finca 6, en el sur del pa\u00eds, hogar de las m\u00edsticas esferas precolombinas de piedra, \u00fanicas en su tipo. El director del Museo Nacional, Christian Kandler, dijo en\" \/>\n\t\t<meta name=\"twitter:label1\" content=\"Escrito por\" \/>\n\t\t<meta name=\"twitter:data1\" content=\"El Digital de Asturias\" \/>\n\t\t<meta name=\"twitter:label2\" content=\"Tiempo de lectura estimado\" \/>\n\t\t<meta name=\"twitter:data2\" content=\"3 minutos\" \/>\n\t\t<script type=\"application\/ld+json\" class=\"aioseo-schema\">\n\t\t\t{\"@context\":\"https:\\\/\\\/schema.org\",\"@graph\":[{\"@type\":\"BlogPosting\",\"@id\":\"https:\\\/\\\/www.eldigitaldeasturias.com\\\/noticias\\\/costa-rica-abrira-al-publico-museo-y-sitio-arqueologico-de-esferas-de-piedra\\\/#blogposting\",\"name\":\"Costa Rica abrir\\u00e1 al p\\u00fablico museo y sitio arqueol\\u00f3gico de esferas de piedra - El Digital de Asturias\",\"headline\":\"Costa Rica abrir\\u00e1 al p\\u00fablico museo y sitio arqueol\\u00f3gico de esferas de piedra\",\"author\":{\"@id\":\"https:\\\/\\\/www.eldigitaldeasturias.com\\\/noticias\\\/author\\\/admin\\\/#author\"},\"publisher\":{\"@id\":\"https:\\\/\\\/www.eldigitaldeasturias.com\\\/noticias\\\/#organization\"},\"image\":{\"@type\":\"ImageObject\",\"url\":457437},\"datePublished\":\"2013-12-04T06:37:04+01:00\",\"dateModified\":\"2013-12-04T06:37:04+01:00\",\"inLanguage\":\"es-ES\",\"mainEntityOfPage\":{\"@id\":\"https:\\\/\\\/www.eldigitaldeasturias.com\\\/noticias\\\/costa-rica-abrira-al-publico-museo-y-sitio-arqueologico-de-esferas-de-piedra\\\/#webpage\"},\"isPartOf\":{\"@id\":\"https:\\\/\\\/www.eldigitaldeasturias.com\\\/noticias\\\/costa-rica-abrira-al-publico-museo-y-sitio-arqueologico-de-esferas-de-piedra\\\/#webpage\"},\"articleSection\":\"Agenda\"},{\"@type\":\"BreadcrumbList\",\"@id\":\"https:\\\/\\\/www.eldigitaldeasturias.com\\\/noticias\\\/costa-rica-abrira-al-publico-museo-y-sitio-arqueologico-de-esferas-de-piedra\\\/#breadcrumblist\",\"itemListElement\":[{\"@type\":\"ListItem\",\"@id\":\"https:\\\/\\\/www.eldigitaldeasturias.com\\\/noticias#listItem\",\"position\":1,\"name\":\"Home\",\"item\":\"https:\\\/\\\/www.eldigitaldeasturias.com\\\/noticias\",\"nextItem\":{\"@type\":\"ListItem\",\"@id\":\"https:\\\/\\\/www.eldigitaldeasturias.com\\\/noticias\\\/category\\\/agenda\\\/#listItem\",\"name\":\"Agenda\"}},{\"@type\":\"ListItem\",\"@id\":\"https:\\\/\\\/www.eldigitaldeasturias.com\\\/noticias\\\/category\\\/agenda\\\/#listItem\",\"position\":2,\"name\":\"Agenda\",\"item\":\"https:\\\/\\\/www.eldigitaldeasturias.com\\\/noticias\\\/category\\\/agenda\\\/\",\"nextItem\":{\"@type\":\"ListItem\",\"@id\":\"https:\\\/\\\/www.eldigitaldeasturias.com\\\/noticias\\\/costa-rica-abrira-al-publico-museo-y-sitio-arqueologico-de-esferas-de-piedra\\\/#listItem\",\"name\":\"Costa Rica abrir\\u00e1 al p\\u00fablico museo y sitio arqueol\\u00f3gico de esferas de piedra\"},\"previousItem\":{\"@type\":\"ListItem\",\"@id\":\"https:\\\/\\\/www.eldigitaldeasturias.com\\\/noticias#listItem\",\"name\":\"Home\"}},{\"@type\":\"ListItem\",\"@id\":\"https:\\\/\\\/www.eldigitaldeasturias.com\\\/noticias\\\/costa-rica-abrira-al-publico-museo-y-sitio-arqueologico-de-esferas-de-piedra\\\/#listItem\",\"position\":3,\"name\":\"Costa Rica abrir\\u00e1 al p\\u00fablico museo y sitio arqueol\\u00f3gico de esferas de piedra\",\"previousItem\":{\"@type\":\"ListItem\",\"@id\":\"https:\\\/\\\/www.eldigitaldeasturias.com\\\/noticias\\\/category\\\/agenda\\\/#listItem\",\"name\":\"Agenda\"}}]},{\"@type\":\"Organization\",\"@id\":\"https:\\\/\\\/www.eldigitaldeasturias.com\\\/noticias\\\/#organization\",\"name\":\"El Digital de Asturias\",\"description\":\"Hemeroteca\",\"url\":\"https:\\\/\\\/www.eldigitaldeasturias.com\\\/noticias\\\/\",\"email\":\"info@eldigitaldeasturias.com\",\"telephone\":\"+34652131393\",\"logo\":{\"@type\":\"ImageObject\",\"url\":\"https:\\\/\\\/www.eldigitaldeasturias.com\\\/noticias\\\/wp-content\\\/uploads\\\/2020\\\/12\\\/EDA.jpg\",\"@id\":\"https:\\\/\\\/www.eldigitaldeasturias.com\\\/noticias\\\/costa-rica-abrira-al-publico-museo-y-sitio-arqueologico-de-esferas-de-piedra\\\/#organizationLogo\"},\"image\":{\"@id\":\"https:\\\/\\\/www.eldigitaldeasturias.com\\\/noticias\\\/costa-rica-abrira-al-publico-museo-y-sitio-arqueologico-de-esferas-de-piedra\\\/#organizationLogo\"},\"sameAs\":[\"https:\\\/\\\/facebook.com\\\/eldigitaldeasturias\",\"https:\\\/\\\/www.youtube.com\\\/channel\\\/UCZP-2wLEB9Rv6erhFmqVnvg\"],\"address\":{\"@id\":\"https:\\\/\\\/www.eldigitaldeasturias.com\\\/noticias\\\/#postaladdress\",\"@type\":\"PostalAddress\",\"streetAddress\":\"san antonio 4\",\"postalCode\":\"33430\",\"addressLocality\":\"Cand\\u00e1s\",\"addressRegion\":\"Asturias\",\"addressCountry\":\"ES\"}},{\"@type\":\"Person\",\"@id\":\"https:\\\/\\\/www.eldigitaldeasturias.com\\\/noticias\\\/author\\\/admin\\\/#author\",\"url\":\"https:\\\/\\\/www.eldigitaldeasturias.com\\\/noticias\\\/author\\\/admin\\\/\",\"name\":\"El Digital de Asturias\",\"image\":{\"@type\":\"ImageObject\",\"@id\":\"https:\\\/\\\/www.eldigitaldeasturias.com\\\/noticias\\\/costa-rica-abrira-al-publico-museo-y-sitio-arqueologico-de-esferas-de-piedra\\\/#authorImage\",\"url\":\"https:\\\/\\\/secure.gravatar.com\\\/avatar\\\/df2aeffc32bcd13f8d26072ef8a91b623d677766deac7f97ca815868cd41bf5e?s=96&d=mm&r=g\",\"width\":96,\"height\":96,\"caption\":\"El Digital de Asturias\"}},{\"@type\":\"WebPage\",\"@id\":\"https:\\\/\\\/www.eldigitaldeasturias.com\\\/noticias\\\/costa-rica-abrira-al-publico-museo-y-sitio-arqueologico-de-esferas-de-piedra\\\/#webpage\",\"url\":\"https:\\\/\\\/www.eldigitaldeasturias.com\\\/noticias\\\/costa-rica-abrira-al-publico-museo-y-sitio-arqueologico-de-esferas-de-piedra\\\/\",\"name\":\"Costa Rica abrir\\u00e1 al p\\u00fablico museo y sitio arqueol\\u00f3gico de esferas de piedra - El Digital de Asturias\",\"description\":\"San Jos\\u00e9, 3 dic (EFE).- El Gobierno de Costa Rica anunci\\u00f3 hoy que a partir del pr\\u00f3ximo s\\u00e1bado abrir\\u00e1 al p\\u00fablico un museo y el sitio arqueol\\u00f3gico Finca 6, en el sur del pa\\u00eds, hogar de las m\\u00edsticas esferas precolombinas de piedra, \\u00fanicas en su tipo. El director del Museo Nacional, Christian Kandler, dijo en\",\"inLanguage\":\"es-ES\",\"isPartOf\":{\"@id\":\"https:\\\/\\\/www.eldigitaldeasturias.com\\\/noticias\\\/#website\"},\"breadcrumb\":{\"@id\":\"https:\\\/\\\/www.eldigitaldeasturias.com\\\/noticias\\\/costa-rica-abrira-al-publico-museo-y-sitio-arqueologico-de-esferas-de-piedra\\\/#breadcrumblist\"},\"author\":{\"@id\":\"https:\\\/\\\/www.eldigitaldeasturias.com\\\/noticias\\\/author\\\/admin\\\/#author\"},\"creator\":{\"@id\":\"https:\\\/\\\/www.eldigitaldeasturias.com\\\/noticias\\\/author\\\/admin\\\/#author\"},\"image\":{\"@type\":\"ImageObject\",\"url\":457437,\"@id\":\"https:\\\/\\\/www.eldigitaldeasturias.com\\\/noticias\\\/costa-rica-abrira-al-publico-museo-y-sitio-arqueologico-de-esferas-de-piedra\\\/#mainImage\"},\"primaryImageOfPage\":{\"@id\":\"https:\\\/\\\/www.eldigitaldeasturias.com\\\/noticias\\\/costa-rica-abrira-al-publico-museo-y-sitio-arqueologico-de-esferas-de-piedra\\\/#mainImage\"},\"datePublished\":\"2013-12-04T06:37:04+01:00\",\"dateModified\":\"2013-12-04T06:37:04+01:00\"},{\"@type\":\"WebSite\",\"@id\":\"https:\\\/\\\/www.eldigitaldeasturias.com\\\/noticias\\\/#website\",\"url\":\"https:\\\/\\\/www.eldigitaldeasturias.com\\\/noticias\\\/\",\"name\":\"El Digital de Asturias - Diario de actualidad y noticias\",\"alternateName\":\"El Digital de Asturias - Diario de actualidad y noticias\",\"description\":\"Hemeroteca\",\"inLanguage\":\"es-ES\",\"publisher\":{\"@id\":\"https:\\\/\\\/www.eldigitaldeasturias.com\\\/noticias\\\/#organization\"}}]}\n\t\t<\/script>\n\t\t<!-- All in One SEO Pro -->\r\n\t\t<title>Costa Rica abrir\u00e1 al p\u00fablico museo y sitio arqueol\u00f3gico de esferas de piedra - El Digital de Asturias<\/title>\n\n","aioseo_head_json":{"title":"Costa Rica abrir\u00e1 al p\u00fablico museo y sitio arqueol\u00f3gico de esferas de piedra - El Digital de Asturias","description":"San Jos\u00e9, 3 dic (EFE).- El Gobierno de Costa Rica anunci\u00f3 hoy que a partir del pr\u00f3ximo s\u00e1bado abrir\u00e1 al p\u00fablico un museo y el sitio arqueol\u00f3gico Finca 6, en el sur del pa\u00eds, hogar de las m\u00edsticas esferas precolombinas de piedra, \u00fanicas en su tipo. El director del Museo Nacional, Christian Kandler, dijo en","canonical_url":"https:\/\/www.eldigitaldeasturias.com\/noticias\/costa-rica-abrira-al-publico-museo-y-sitio-arqueologico-de-esferas-de-piedra\/","robots":"max-image-preview:large","keywords":"agenda","webmasterTools":{"google-site-verification":"UA-38556648-1","msvalidate.01":"7dfe9f3f1b24437ab69f4f2559babe99","miscellaneous":""},"schema":{"@context":"https:\/\/schema.org","@graph":[{"@type":"BlogPosting","@id":"https:\/\/www.eldigitaldeasturias.com\/noticias\/costa-rica-abrira-al-publico-museo-y-sitio-arqueologico-de-esferas-de-piedra\/#blogposting","name":"Costa Rica abrir\u00e1 al p\u00fablico museo y sitio arqueol\u00f3gico de esferas de piedra - El Digital de Asturias","headline":"Costa Rica abrir\u00e1 al p\u00fablico museo y sitio arqueol\u00f3gico de esferas de piedra","author":{"@id":"https:\/\/www.eldigitaldeasturias.com\/noticias\/author\/admin\/#author"},"publisher":{"@id":"https:\/\/www.eldigitaldeasturias.com\/noticias\/#organization"},"image":{"@type":"ImageObject","url":457437},"datePublished":"2013-12-04T06:37:04+01:00","dateModified":"2013-12-04T06:37:04+01:00","inLanguage":"es-ES","mainEntityOfPage":{"@id":"https:\/\/www.eldigitaldeasturias.com\/noticias\/costa-rica-abrira-al-publico-museo-y-sitio-arqueologico-de-esferas-de-piedra\/#webpage"},"isPartOf":{"@id":"https:\/\/www.eldigitaldeasturias.com\/noticias\/costa-rica-abrira-al-publico-museo-y-sitio-arqueologico-de-esferas-de-piedra\/#webpage"},"articleSection":"Agenda"},{"@type":"BreadcrumbList","@id":"https:\/\/www.eldigitaldeasturias.com\/noticias\/costa-rica-abrira-al-publico-museo-y-sitio-arqueologico-de-esferas-de-piedra\/#breadcrumblist","itemListElement":[{"@type":"ListItem","@id":"https:\/\/www.eldigitaldeasturias.com\/noticias#listItem","position":1,"name":"Home","item":"https:\/\/www.eldigitaldeasturias.com\/noticias","nextItem":{"@type":"ListItem","@id":"https:\/\/www.eldigitaldeasturias.com\/noticias\/category\/agenda\/#listItem","name":"Agenda"}},{"@type":"ListItem","@id":"https:\/\/www.eldigitaldeasturias.com\/noticias\/category\/agenda\/#listItem","position":2,"name":"Agenda","item":"https:\/\/www.eldigitaldeasturias.com\/noticias\/category\/agenda\/","nextItem":{"@type":"ListItem","@id":"https:\/\/www.eldigitaldeasturias.com\/noticias\/costa-rica-abrira-al-publico-museo-y-sitio-arqueologico-de-esferas-de-piedra\/#listItem","name":"Costa Rica abrir\u00e1 al p\u00fablico museo y sitio arqueol\u00f3gico de esferas de piedra"},"previousItem":{"@type":"ListItem","@id":"https:\/\/www.eldigitaldeasturias.com\/noticias#listItem","name":"Home"}},{"@type":"ListItem","@id":"https:\/\/www.eldigitaldeasturias.com\/noticias\/costa-rica-abrira-al-publico-museo-y-sitio-arqueologico-de-esferas-de-piedra\/#listItem","position":3,"name":"Costa Rica abrir\u00e1 al p\u00fablico museo y sitio arqueol\u00f3gico de esferas de piedra","previousItem":{"@type":"ListItem","@id":"https:\/\/www.eldigitaldeasturias.com\/noticias\/category\/agenda\/#listItem","name":"Agenda"}}]},{"@type":"Organization","@id":"https:\/\/www.eldigitaldeasturias.com\/noticias\/#organization","name":"El Digital de Asturias","description":"Hemeroteca","url":"https:\/\/www.eldigitaldeasturias.com\/noticias\/","email":"info@eldigitaldeasturias.com","telephone":"+34652131393","logo":{"@type":"ImageObject","url":"https:\/\/www.eldigitaldeasturias.com\/noticias\/wp-content\/uploads\/2020\/12\/EDA.jpg","@id":"https:\/\/www.eldigitaldeasturias.com\/noticias\/costa-rica-abrira-al-publico-museo-y-sitio-arqueologico-de-esferas-de-piedra\/#organizationLogo"},"image":{"@id":"https:\/\/www.eldigitaldeasturias.com\/noticias\/costa-rica-abrira-al-publico-museo-y-sitio-arqueologico-de-esferas-de-piedra\/#organizationLogo"},"sameAs":["https:\/\/facebook.com\/eldigitaldeasturias","https:\/\/www.youtube.com\/channel\/UCZP-2wLEB9Rv6erhFmqVnvg"],"address":{"@id":"https:\/\/www.eldigitaldeasturias.com\/noticias\/#postaladdress","@type":"PostalAddress","streetAddress":"san antonio 4","postalCode":"33430","addressLocality":"Cand\u00e1s","addressRegion":"Asturias","addressCountry":"ES"}},{"@type":"Person","@id":"https:\/\/www.eldigitaldeasturias.com\/noticias\/author\/admin\/#author","url":"https:\/\/www.eldigitaldeasturias.com\/noticias\/author\/admin\/","name":"El Digital de Asturias","image":{"@type":"ImageObject","@id":"https:\/\/www.eldigitaldeasturias.com\/noticias\/costa-rica-abrira-al-publico-museo-y-sitio-arqueologico-de-esferas-de-piedra\/#authorImage","url":"https:\/\/secure.gravatar.com\/avatar\/df2aeffc32bcd13f8d26072ef8a91b623d677766deac7f97ca815868cd41bf5e?s=96&d=mm&r=g","width":96,"height":96,"caption":"El Digital de Asturias"}},{"@type":"WebPage","@id":"https:\/\/www.eldigitaldeasturias.com\/noticias\/costa-rica-abrira-al-publico-museo-y-sitio-arqueologico-de-esferas-de-piedra\/#webpage","url":"https:\/\/www.eldigitaldeasturias.com\/noticias\/costa-rica-abrira-al-publico-museo-y-sitio-arqueologico-de-esferas-de-piedra\/","name":"Costa Rica abrir\u00e1 al p\u00fablico museo y sitio arqueol\u00f3gico de esferas de piedra - El Digital de Asturias","description":"San Jos\u00e9, 3 dic (EFE).- El Gobierno de Costa Rica anunci\u00f3 hoy que a partir del pr\u00f3ximo s\u00e1bado abrir\u00e1 al p\u00fablico un museo y el sitio arqueol\u00f3gico Finca 6, en el sur del pa\u00eds, hogar de las m\u00edsticas esferas precolombinas de piedra, \u00fanicas en su tipo. El director del Museo Nacional, Christian Kandler, dijo en","inLanguage":"es-ES","isPartOf":{"@id":"https:\/\/www.eldigitaldeasturias.com\/noticias\/#website"},"breadcrumb":{"@id":"https:\/\/www.eldigitaldeasturias.com\/noticias\/costa-rica-abrira-al-publico-museo-y-sitio-arqueologico-de-esferas-de-piedra\/#breadcrumblist"},"author":{"@id":"https:\/\/www.eldigitaldeasturias.com\/noticias\/author\/admin\/#author"},"creator":{"@id":"https:\/\/www.eldigitaldeasturias.com\/noticias\/author\/admin\/#author"},"image":{"@type":"ImageObject","url":457437,"@id":"https:\/\/www.eldigitaldeasturias.com\/noticias\/costa-rica-abrira-al-publico-museo-y-sitio-arqueologico-de-esferas-de-piedra\/#mainImage"},"primaryImageOfPage":{"@id":"https:\/\/www.eldigitaldeasturias.com\/noticias\/costa-rica-abrira-al-publico-museo-y-sitio-arqueologico-de-esferas-de-piedra\/#mainImage"},"datePublished":"2013-12-04T06:37:04+01:00","dateModified":"2013-12-04T06:37:04+01:00"},{"@type":"WebSite","@id":"https:\/\/www.eldigitaldeasturias.com\/noticias\/#website","url":"https:\/\/www.eldigitaldeasturias.com\/noticias\/","name":"El Digital de Asturias - Diario de actualidad y noticias","alternateName":"El Digital de Asturias - Diario de actualidad y noticias","description":"Hemeroteca","inLanguage":"es-ES","publisher":{"@id":"https:\/\/www.eldigitaldeasturias.com\/noticias\/#organization"}}]},"og:locale":"es_ES","og:site_name":"El Digital de Asturias","og:type":"article","og:title":"Costa Rica abrir\u00e1 al p\u00fablico museo y sitio arqueol\u00f3gico de esferas de piedra - El Digital de Asturias","og:description":"San Jos\u00e9, 3 dic (EFE).- El Gobierno de Costa Rica anunci\u00f3 hoy que a partir del pr\u00f3ximo s\u00e1bado abrir\u00e1 al p\u00fablico un museo y el sitio arqueol\u00f3gico Finca 6, en el sur del pa\u00eds, hogar de las m\u00edsticas esferas precolombinas de piedra, \u00fanicas en su tipo. El director del Museo Nacional, Christian Kandler, dijo en","og:url":"https:\/\/www.eldigitaldeasturias.com\/noticias\/costa-rica-abrira-al-publico-museo-y-sitio-arqueologico-de-esferas-de-piedra\/","article:tag":["agenda"],"article:published_time":"2013-12-04T07:37:04+00:00","article:modified_time":"2013-12-04T07:37:04+00:00","article:publisher":"https:\/\/facebook.com\/eldigitaldeasturias","twitter:card":"summary_large_image","twitter:title":"Costa Rica abrir\u00e1 al p\u00fablico museo y sitio arqueol\u00f3gico de esferas de piedra - El Digital de Asturias","twitter:description":"San Jos\u00e9, 3 dic (EFE).- El Gobierno de Costa Rica anunci\u00f3 hoy que a partir del pr\u00f3ximo s\u00e1bado abrir\u00e1 al p\u00fablico un museo y el sitio arqueol\u00f3gico Finca 6, en el sur del pa\u00eds, hogar de las m\u00edsticas esferas precolombinas de piedra, \u00fanicas en su tipo. El director del Museo Nacional, Christian Kandler, dijo en","twitter:label1":"Escrito por","twitter:data1":"El Digital de Asturias","twitter:label2":"Tiempo de lectura estimado","twitter:data2":"3 minutos"},"aioseo_meta_data":{"post_id":"457436","title":null,"description":null,"keywords":null,"keyphrases":null,"primary_term":null,"canonical_url":null,"og_title":null,"og_description":null,"og_object_type":"default","og_image_type":"default","og_image_url":null,"og_image_width":null,"og_image_height":null,"og_image_custom_url":null,"og_image_custom_fields":null,"og_video":null,"og_custom_url":null,"og_article_section":null,"og_article_tags":null,"twitter_use_og":true,"twitter_card":"default","twitter_image_type":"default","twitter_image_url":null,"twitter_image_custom_url":null,"twitter_image_custom_fields":null,"twitter_title":null,"twitter_description":null,"schema":{"blockGraphs":[],"customGraphs":[],"default":{"data":{"Article":[],"Course":[],"Dataset":[],"FAQPage":[],"Movie":[],"Person":[],"Product":[],"ProductReview":[],"Car":[],"Recipe":[],"Service":[],"SoftwareApplication":[],"WebPage":[]},"graphName":"","isEnabled":true},"graphs":[],"defaultGraph":"","defaultPostTypeGraph":""},"schema_type":null,"schema_type_options":null,"pillar_content":false,"robots_default":true,"robots_noindex":false,"robots_noarchive":false,"robots_nosnippet":false,"robots_nofollow":false,"robots_noimageindex":false,"robots_noodp":false,"robots_notranslate":false,"robots_max_snippet":null,"robots_max_videopreview":null,"robots_max_imagepreview":"none","priority":null,"frequency":null,"local_seo":null,"seo_analyzer_scan_date":"2026-05-30 01:36:20","breadcrumb_settings":null,"limit_modified_date":false,"open_ai":null,"ai":null,"created":"2020-11-14 22:46:07","updated":"2026-05-30 01:36:20","focus_keyword":null,"additional_keywords":null,"truseo_locale":null},"aioseo_breadcrumb":"<div class=\"aioseo-breadcrumbs\"><span class=\"aioseo-breadcrumb\">\n\t<a href=\"https:\/\/www.eldigitaldeasturias.com\/noticias\" title=\"Home\">Home<\/a>\n<\/span><span class=\"aioseo-breadcrumb-separator\">\u2013<\/span><span class=\"aioseo-breadcrumb\">\n\t<a href=\"https:\/\/www.eldigitaldeasturias.com\/noticias\/category\/agenda\/\" title=\"Agenda\">Agenda<\/a>\n<\/span><span class=\"aioseo-breadcrumb-separator\">\u2013<\/span><span class=\"aioseo-breadcrumb\">\n\t<a href=\"https:\/\/www.eldigitaldeasturias.com\/noticias\/costa-rica-abrira-al-publico-museo-y-sitio-arqueologico-de-esferas-de-piedra\/\" title=\"Costa Rica abrir\u00e1 al p\u00fablico museo y sitio arqueol\u00f3gico de esferas de piedra\">Costa Rica abrir\u00e1 al p\u00fablico museo y sitio arqueol\u00f3gico de esferas de piedra<\/a>\n<\/span><\/div>","aioseo_breadcrumb_json":[{"label":"Home","link":"https:\/\/www.eldigitaldeasturias.com\/noticias"},{"label":"Agenda","link":"https:\/\/www.eldigitaldeasturias.com\/noticias\/category\/agenda\/"},{"label":"Costa Rica abrir\u00e1 al p\u00fablico museo y sitio arqueol\u00f3gico de esferas de piedra","link":"https:\/\/www.eldigitaldeasturias.com\/noticias\/costa-rica-abrira-al-publico-museo-y-sitio-arqueologico-de-esferas-de-piedra\/"}],"_links":{"self":[{"href":"https:\/\/www.eldigitaldeasturias.com\/noticias\/wp-json\/wp\/v2\/posts\/457436","targetHints":{"allow":["GET"]}}],"collection":[{"href":"https:\/\/www.eldigitaldeasturias.com\/noticias\/wp-json\/wp\/v2\/posts"}],"about":[{"href":"https:\/\/www.eldigitaldeasturias.com\/noticias\/wp-json\/wp\/v2\/types\/post"}],"author":[{"embeddable":true,"href":"https:\/\/www.eldigitaldeasturias.com\/noticias\/wp-json\/wp\/v2\/users\/1"}],"replies":[{"embeddable":true,"href":"https:\/\/www.eldigitaldeasturias.com\/noticias\/wp-json\/wp\/v2\/comments?post=457436"}],"version-history":[{"count":0,"href":"https:\/\/www.eldigitaldeasturias.com\/noticias\/wp-json\/wp\/v2\/posts\/457436\/revisions"}],"wp:attachment":[{"href":"https:\/\/www.eldigitaldeasturias.com\/noticias\/wp-json\/wp\/v2\/media?parent=457436"}],"wp:term":[{"taxonomy":"category","embeddable":true,"href":"https:\/\/www.eldigitaldeasturias.com\/noticias\/wp-json\/wp\/v2\/categories?post=457436"},{"taxonomy":"post_tag","embeddable":true,"href":"https:\/\/www.eldigitaldeasturias.com\/noticias\/wp-json\/wp\/v2\/tags?post=457436"}],"curies":[{"name":"wp","href":"https:\/\/api.w.org\/{rel}","templated":true}]}}