{"id":457427,"date":"2013-12-04T06:32:38","date_gmt":"2013-12-04T07:32:38","guid":{"rendered":"http:\/\/www.eldigitaldeasturias.com\/noticias\/?p=457427"},"modified":"2013-12-04T06:32:38","modified_gmt":"2013-12-04T07:32:38","slug":"confirmada-la-intencion-de-ricart-de-establecerse-en-cordoba","status":"publish","type":"post","link":"https:\/\/www.eldigitaldeasturias.com\/noticias\/confirmada-la-intencion-de-ricart-de-establecerse-en-cordoba\/","title":{"rendered":"Confirmada la intenci\u00f3n de Ricart de establecerse en C\u00f3rdoba"},"content":{"rendered":"<p><img loading=\"lazy\" decoding=\"async\" class=\"alignleft size-medium wp-image-457428\" alt=\"5769908w\" src=\"https:\/\/www.eldigitaldeasturias.com\/noticias\/wp-content\/uploads\/2013\/12\/5769908w-360x280.jpg\" width=\"360\" height=\"280\" \/>C\u00f3rdoba, 3 dic (EFE).- El subdelegado del Gobierno en C\u00f3rdoba, Juan Jos\u00e9 Primo Jurado, ha confirmado hoy que Miguel Ricart, \u00fanico condenado por el triple crimen de Alc\u00e0sser, tiene intenci\u00f3n de instalarse en la capital cordobesa.<\/p>\n<p>Durante un acto por el D\u00eda de la Constituci\u00f3n, Primo Jurado ha lamentado que \u00abuna persona as\u00ed viniese a esta ciudad\u00bb, por lo que ha asegurado que se van a extremar \u00ablas medidas de vigilancia y custodia\u00bb.<\/p>\n<p>Sin entrar en detalles, el subdelegado del Gobierno ha considerado que \u00abhay personas que quieren traerlo\u00bb a C\u00f3rdoba, mientras que ha recordado que \u00abse va a recurrir esa excarcelaci\u00f3n\u00bb.<\/p>\n<p>Miguel Ricart sali\u00f3 de la prisi\u00f3n de Herrera de La Mancha el pasado 29 de noviembre tras pasar casi 21 a\u00f1os en la c\u00e1rcel y una vez que la Audiencia de Valencia declarara cumplidas sus penas por el fin de la aplicaci\u00f3n retroactiva de la doctrina Parot.<\/p>\n<p>Fue detenido en enero de 1993 y condenado a 170 a\u00f1os de prisi\u00f3n por el secuestro, violaci\u00f3n y asesinato de M\u00edriam, To\u00f1i y Desir\u00e9e, las tres ni\u00f1as de Alc\u00e0sser (Valencia) que fueron encontradas en una casa abandonada del paraje de La Romana.<\/p>\n","protected":false},"excerpt":{"rendered":"<p>C\u00f3rdoba, 3 dic (EFE).- El subdelegado del Gobierno en C\u00f3rdoba, Juan Jos\u00e9 Primo Jurado, ha confirmado hoy que Miguel Ricart, \u00fanico condenado por el triple crimen de Alc\u00e0sser, tiene intenci\u00f3n de instalarse en la capital cordobesa. Durante un acto por el D\u00eda de la Constituci\u00f3n, Primo Jurado ha lamentado que \u00abuna persona as\u00ed viniese a [&hellip;]<\/p>\n","protected":false},"author":1,"featured_media":457428,"comment_status":"closed","ping_status":"open","sticky":false,"template":"","format":"standard","meta":{"footnotes":""},"categories":[5],"tags":[],"class_list":["post-457427","post","type-post","status-publish","format-standard","has-post-thumbnail","hentry","category-sucesos"],"aioseo_notices":[],"aioseo_head":"\n\t\t<!-- All in One SEO Pro 5.0.1 - aioseo.com -->\n\t<meta name=\"description\" content=\"C\u00f3rdoba, 3 dic (EFE).- El subdelegado del Gobierno en C\u00f3rdoba, Juan Jos\u00e9 Primo Jurado, ha confirmado hoy que Miguel Ricart, \u00fanico condenado por el triple crimen de Alc\u00e0sser, tiene intenci\u00f3n de instalarse en la capital cordobesa. Durante un acto por el D\u00eda de la Constituci\u00f3n, Primo Jurado ha lamentado que &quot;una persona as\u00ed viniese a\" \/>\n\t<meta name=\"robots\" content=\"max-image-preview:large\" \/>\n\t<meta name=\"author\" content=\"El Digital de Asturias\"\/>\n\t<meta name=\"google-site-verification\" content=\"UA-38556648-1\" \/>\n\t<meta name=\"msvalidate.01\" content=\"7dfe9f3f1b24437ab69f4f2559babe99\" \/>\n\t<meta name=\"keywords\" content=\"sucesos\" \/>\n\t<link rel=\"canonical\" href=\"https:\/\/www.eldigitaldeasturias.com\/noticias\/confirmada-la-intencion-de-ricart-de-establecerse-en-cordoba\/\" \/>\n\t<meta name=\"generator\" content=\"All in One SEO Pro (AIOSEO) 5.0.1\" \/>\n\t\t<meta property=\"og:locale\" content=\"es_ES\" \/>\n\t\t<meta property=\"og:site_name\" content=\"El Digital de Asturias\" \/>\n\t\t<meta property=\"og:type\" content=\"article\" \/>\n\t\t<meta property=\"og:title\" content=\"Confirmada la intenci\u00f3n de Ricart de establecerse en C\u00f3rdoba - El Digital de Asturias\" \/>\n\t\t<meta property=\"og:description\" content=\"C\u00f3rdoba, 3 dic (EFE).- El subdelegado del Gobierno en C\u00f3rdoba, Juan Jos\u00e9 Primo Jurado, ha confirmado hoy que Miguel Ricart, \u00fanico condenado por el triple crimen de Alc\u00e0sser, tiene intenci\u00f3n de instalarse en la capital cordobesa. Durante un acto por el D\u00eda de la Constituci\u00f3n, Primo Jurado ha lamentado que &quot;una persona as\u00ed viniese a\" \/>\n\t\t<meta property=\"og:url\" content=\"https:\/\/www.eldigitaldeasturias.com\/noticias\/confirmada-la-intencion-de-ricart-de-establecerse-en-cordoba\/\" \/>\n\t\t<meta property=\"article:tag\" content=\"sucesos\" \/>\n\t\t<meta property=\"article:published_time\" content=\"2013-12-04T07:32:38+00:00\" \/>\n\t\t<meta property=\"article:modified_time\" content=\"2013-12-04T07:32:38+00:00\" \/>\n\t\t<meta property=\"article:publisher\" content=\"https:\/\/facebook.com\/eldigitaldeasturias\" \/>\n\t\t<meta name=\"twitter:card\" content=\"summary_large_image\" \/>\n\t\t<meta name=\"twitter:title\" content=\"Confirmada la intenci\u00f3n de Ricart de establecerse en C\u00f3rdoba - El Digital de Asturias\" \/>\n\t\t<meta name=\"twitter:description\" content=\"C\u00f3rdoba, 3 dic (EFE).- El subdelegado del Gobierno en C\u00f3rdoba, Juan Jos\u00e9 Primo Jurado, ha confirmado hoy que Miguel Ricart, \u00fanico condenado por el triple crimen de Alc\u00e0sser, tiene intenci\u00f3n de instalarse en la capital cordobesa. Durante un acto por el D\u00eda de la Constituci\u00f3n, Primo Jurado ha lamentado que &quot;una persona as\u00ed viniese a\" \/>\n\t\t<meta name=\"twitter:label1\" content=\"Escrito por\" \/>\n\t\t<meta name=\"twitter:data1\" content=\"El Digital de Asturias\" \/>\n\t\t<meta name=\"twitter:label2\" content=\"Tiempo de lectura estimado\" \/>\n\t\t<meta name=\"twitter:data2\" content=\"1 minuto\" \/>\n\t\t<script type=\"application\/ld+json\" class=\"aioseo-schema\">\n\t\t\t{\"@context\":\"https:\\\/\\\/schema.org\",\"@graph\":[{\"@type\":\"BlogPosting\",\"@id\":\"https:\\\/\\\/www.eldigitaldeasturias.com\\\/noticias\\\/confirmada-la-intencion-de-ricart-de-establecerse-en-cordoba\\\/#blogposting\",\"name\":\"Confirmada la intenci\\u00f3n de Ricart de establecerse en C\\u00f3rdoba - El Digital de Asturias\",\"headline\":\"Confirmada la intenci\\u00f3n de Ricart de establecerse en C\\u00f3rdoba\",\"author\":{\"@id\":\"https:\\\/\\\/www.eldigitaldeasturias.com\\\/noticias\\\/author\\\/admin\\\/#author\"},\"publisher\":{\"@id\":\"https:\\\/\\\/www.eldigitaldeasturias.com\\\/noticias\\\/#organization\"},\"image\":{\"@type\":\"ImageObject\",\"url\":457428},\"datePublished\":\"2013-12-04T06:32:38+01:00\",\"dateModified\":\"2013-12-04T06:32:38+01:00\",\"inLanguage\":\"es-ES\",\"mainEntityOfPage\":{\"@id\":\"https:\\\/\\\/www.eldigitaldeasturias.com\\\/noticias\\\/confirmada-la-intencion-de-ricart-de-establecerse-en-cordoba\\\/#webpage\"},\"isPartOf\":{\"@id\":\"https:\\\/\\\/www.eldigitaldeasturias.com\\\/noticias\\\/confirmada-la-intencion-de-ricart-de-establecerse-en-cordoba\\\/#webpage\"},\"articleSection\":\"Sucesos\"},{\"@type\":\"BreadcrumbList\",\"@id\":\"https:\\\/\\\/www.eldigitaldeasturias.com\\\/noticias\\\/confirmada-la-intencion-de-ricart-de-establecerse-en-cordoba\\\/#breadcrumblist\",\"itemListElement\":[{\"@type\":\"ListItem\",\"@id\":\"https:\\\/\\\/www.eldigitaldeasturias.com\\\/noticias#listItem\",\"position\":1,\"name\":\"Home\",\"item\":\"https:\\\/\\\/www.eldigitaldeasturias.com\\\/noticias\",\"nextItem\":{\"@type\":\"ListItem\",\"@id\":\"https:\\\/\\\/www.eldigitaldeasturias.com\\\/noticias\\\/category\\\/sucesos\\\/#listItem\",\"name\":\"Sucesos\"}},{\"@type\":\"ListItem\",\"@id\":\"https:\\\/\\\/www.eldigitaldeasturias.com\\\/noticias\\\/category\\\/sucesos\\\/#listItem\",\"position\":2,\"name\":\"Sucesos\",\"item\":\"https:\\\/\\\/www.eldigitaldeasturias.com\\\/noticias\\\/category\\\/sucesos\\\/\",\"nextItem\":{\"@type\":\"ListItem\",\"@id\":\"https:\\\/\\\/www.eldigitaldeasturias.com\\\/noticias\\\/confirmada-la-intencion-de-ricart-de-establecerse-en-cordoba\\\/#listItem\",\"name\":\"Confirmada la intenci\\u00f3n de Ricart de establecerse en C\\u00f3rdoba\"},\"previousItem\":{\"@type\":\"ListItem\",\"@id\":\"https:\\\/\\\/www.eldigitaldeasturias.com\\\/noticias#listItem\",\"name\":\"Home\"}},{\"@type\":\"ListItem\",\"@id\":\"https:\\\/\\\/www.eldigitaldeasturias.com\\\/noticias\\\/confirmada-la-intencion-de-ricart-de-establecerse-en-cordoba\\\/#listItem\",\"position\":3,\"name\":\"Confirmada la intenci\\u00f3n de Ricart de establecerse en C\\u00f3rdoba\",\"previousItem\":{\"@type\":\"ListItem\",\"@id\":\"https:\\\/\\\/www.eldigitaldeasturias.com\\\/noticias\\\/category\\\/sucesos\\\/#listItem\",\"name\":\"Sucesos\"}}]},{\"@type\":\"Organization\",\"@id\":\"https:\\\/\\\/www.eldigitaldeasturias.com\\\/noticias\\\/#organization\",\"name\":\"El Digital de Asturias\",\"description\":\"Hemeroteca\",\"url\":\"https:\\\/\\\/www.eldigitaldeasturias.com\\\/noticias\\\/\",\"email\":\"info@eldigitaldeasturias.com\",\"telephone\":\"+34652131393\",\"logo\":{\"@type\":\"ImageObject\",\"url\":\"https:\\\/\\\/www.eldigitaldeasturias.com\\\/noticias\\\/wp-content\\\/uploads\\\/2020\\\/12\\\/EDA.jpg\",\"@id\":\"https:\\\/\\\/www.eldigitaldeasturias.com\\\/noticias\\\/confirmada-la-intencion-de-ricart-de-establecerse-en-cordoba\\\/#organizationLogo\"},\"image\":{\"@id\":\"https:\\\/\\\/www.eldigitaldeasturias.com\\\/noticias\\\/confirmada-la-intencion-de-ricart-de-establecerse-en-cordoba\\\/#organizationLogo\"},\"sameAs\":[\"https:\\\/\\\/facebook.com\\\/eldigitaldeasturias\",\"https:\\\/\\\/www.youtube.com\\\/channel\\\/UCZP-2wLEB9Rv6erhFmqVnvg\"],\"address\":{\"@id\":\"https:\\\/\\\/www.eldigitaldeasturias.com\\\/noticias\\\/#postaladdress\",\"@type\":\"PostalAddress\",\"streetAddress\":\"san antonio 4\",\"postalCode\":\"33430\",\"addressLocality\":\"Cand\\u00e1s\",\"addressRegion\":\"Asturias\",\"addressCountry\":\"ES\"}},{\"@type\":\"Person\",\"@id\":\"https:\\\/\\\/www.eldigitaldeasturias.com\\\/noticias\\\/author\\\/admin\\\/#author\",\"url\":\"https:\\\/\\\/www.eldigitaldeasturias.com\\\/noticias\\\/author\\\/admin\\\/\",\"name\":\"El Digital de Asturias\",\"image\":{\"@type\":\"ImageObject\",\"@id\":\"https:\\\/\\\/www.eldigitaldeasturias.com\\\/noticias\\\/confirmada-la-intencion-de-ricart-de-establecerse-en-cordoba\\\/#authorImage\",\"url\":\"https:\\\/\\\/secure.gravatar.com\\\/avatar\\\/df2aeffc32bcd13f8d26072ef8a91b623d677766deac7f97ca815868cd41bf5e?s=96&d=mm&r=g\",\"width\":96,\"height\":96,\"caption\":\"El Digital de Asturias\"}},{\"@type\":\"WebPage\",\"@id\":\"https:\\\/\\\/www.eldigitaldeasturias.com\\\/noticias\\\/confirmada-la-intencion-de-ricart-de-establecerse-en-cordoba\\\/#webpage\",\"url\":\"https:\\\/\\\/www.eldigitaldeasturias.com\\\/noticias\\\/confirmada-la-intencion-de-ricart-de-establecerse-en-cordoba\\\/\",\"name\":\"Confirmada la intenci\\u00f3n de Ricart de establecerse en C\\u00f3rdoba - El Digital de Asturias\",\"description\":\"C\\u00f3rdoba, 3 dic (EFE).- El subdelegado del Gobierno en C\\u00f3rdoba, Juan Jos\\u00e9 Primo Jurado, ha confirmado hoy que Miguel Ricart, \\u00fanico condenado por el triple crimen de Alc\\u00e0sser, tiene intenci\\u00f3n de instalarse en la capital cordobesa. Durante un acto por el D\\u00eda de la Constituci\\u00f3n, Primo Jurado ha lamentado que \\\"una persona as\\u00ed viniese a\",\"inLanguage\":\"es-ES\",\"isPartOf\":{\"@id\":\"https:\\\/\\\/www.eldigitaldeasturias.com\\\/noticias\\\/#website\"},\"breadcrumb\":{\"@id\":\"https:\\\/\\\/www.eldigitaldeasturias.com\\\/noticias\\\/confirmada-la-intencion-de-ricart-de-establecerse-en-cordoba\\\/#breadcrumblist\"},\"author\":{\"@id\":\"https:\\\/\\\/www.eldigitaldeasturias.com\\\/noticias\\\/author\\\/admin\\\/#author\"},\"creator\":{\"@id\":\"https:\\\/\\\/www.eldigitaldeasturias.com\\\/noticias\\\/author\\\/admin\\\/#author\"},\"image\":{\"@type\":\"ImageObject\",\"url\":457428,\"@id\":\"https:\\\/\\\/www.eldigitaldeasturias.com\\\/noticias\\\/confirmada-la-intencion-de-ricart-de-establecerse-en-cordoba\\\/#mainImage\"},\"primaryImageOfPage\":{\"@id\":\"https:\\\/\\\/www.eldigitaldeasturias.com\\\/noticias\\\/confirmada-la-intencion-de-ricart-de-establecerse-en-cordoba\\\/#mainImage\"},\"datePublished\":\"2013-12-04T06:32:38+01:00\",\"dateModified\":\"2013-12-04T06:32:38+01:00\"},{\"@type\":\"WebSite\",\"@id\":\"https:\\\/\\\/www.eldigitaldeasturias.com\\\/noticias\\\/#website\",\"url\":\"https:\\\/\\\/www.eldigitaldeasturias.com\\\/noticias\\\/\",\"name\":\"El Digital de Asturias - Diario de actualidad y noticias\",\"alternateName\":\"El Digital de Asturias - Diario de actualidad y noticias\",\"description\":\"Hemeroteca\",\"inLanguage\":\"es-ES\",\"publisher\":{\"@id\":\"https:\\\/\\\/www.eldigitaldeasturias.com\\\/noticias\\\/#organization\"}}]}\n\t\t<\/script>\n\t\t<!-- All in One SEO Pro -->\r\n\t\t<title>Confirmada la intenci\u00f3n de Ricart de establecerse en C\u00f3rdoba - El Digital de Asturias<\/title>\n\n","aioseo_head_json":{"title":"Confirmada la intenci\u00f3n de Ricart de establecerse en C\u00f3rdoba - El Digital de Asturias","description":"C\u00f3rdoba, 3 dic (EFE).- El subdelegado del Gobierno en C\u00f3rdoba, Juan Jos\u00e9 Primo Jurado, ha confirmado hoy que Miguel Ricart, \u00fanico condenado por el triple crimen de Alc\u00e0sser, tiene intenci\u00f3n de instalarse en la capital cordobesa. Durante un acto por el D\u00eda de la Constituci\u00f3n, Primo Jurado ha lamentado que \"una persona as\u00ed viniese a","canonical_url":"https:\/\/www.eldigitaldeasturias.com\/noticias\/confirmada-la-intencion-de-ricart-de-establecerse-en-cordoba\/","robots":"max-image-preview:large","keywords":"sucesos","webmasterTools":{"google-site-verification":"UA-38556648-1","msvalidate.01":"7dfe9f3f1b24437ab69f4f2559babe99","miscellaneous":""},"schema":{"@context":"https:\/\/schema.org","@graph":[{"@type":"BlogPosting","@id":"https:\/\/www.eldigitaldeasturias.com\/noticias\/confirmada-la-intencion-de-ricart-de-establecerse-en-cordoba\/#blogposting","name":"Confirmada la intenci\u00f3n de Ricart de establecerse en C\u00f3rdoba - El Digital de Asturias","headline":"Confirmada la intenci\u00f3n de Ricart de establecerse en C\u00f3rdoba","author":{"@id":"https:\/\/www.eldigitaldeasturias.com\/noticias\/author\/admin\/#author"},"publisher":{"@id":"https:\/\/www.eldigitaldeasturias.com\/noticias\/#organization"},"image":{"@type":"ImageObject","url":457428},"datePublished":"2013-12-04T06:32:38+01:00","dateModified":"2013-12-04T06:32:38+01:00","inLanguage":"es-ES","mainEntityOfPage":{"@id":"https:\/\/www.eldigitaldeasturias.com\/noticias\/confirmada-la-intencion-de-ricart-de-establecerse-en-cordoba\/#webpage"},"isPartOf":{"@id":"https:\/\/www.eldigitaldeasturias.com\/noticias\/confirmada-la-intencion-de-ricart-de-establecerse-en-cordoba\/#webpage"},"articleSection":"Sucesos"},{"@type":"BreadcrumbList","@id":"https:\/\/www.eldigitaldeasturias.com\/noticias\/confirmada-la-intencion-de-ricart-de-establecerse-en-cordoba\/#breadcrumblist","itemListElement":[{"@type":"ListItem","@id":"https:\/\/www.eldigitaldeasturias.com\/noticias#listItem","position":1,"name":"Home","item":"https:\/\/www.eldigitaldeasturias.com\/noticias","nextItem":{"@type":"ListItem","@id":"https:\/\/www.eldigitaldeasturias.com\/noticias\/category\/sucesos\/#listItem","name":"Sucesos"}},{"@type":"ListItem","@id":"https:\/\/www.eldigitaldeasturias.com\/noticias\/category\/sucesos\/#listItem","position":2,"name":"Sucesos","item":"https:\/\/www.eldigitaldeasturias.com\/noticias\/category\/sucesos\/","nextItem":{"@type":"ListItem","@id":"https:\/\/www.eldigitaldeasturias.com\/noticias\/confirmada-la-intencion-de-ricart-de-establecerse-en-cordoba\/#listItem","name":"Confirmada la intenci\u00f3n de Ricart de establecerse en C\u00f3rdoba"},"previousItem":{"@type":"ListItem","@id":"https:\/\/www.eldigitaldeasturias.com\/noticias#listItem","name":"Home"}},{"@type":"ListItem","@id":"https:\/\/www.eldigitaldeasturias.com\/noticias\/confirmada-la-intencion-de-ricart-de-establecerse-en-cordoba\/#listItem","position":3,"name":"Confirmada la intenci\u00f3n de Ricart de establecerse en C\u00f3rdoba","previousItem":{"@type":"ListItem","@id":"https:\/\/www.eldigitaldeasturias.com\/noticias\/category\/sucesos\/#listItem","name":"Sucesos"}}]},{"@type":"Organization","@id":"https:\/\/www.eldigitaldeasturias.com\/noticias\/#organization","name":"El Digital de Asturias","description":"Hemeroteca","url":"https:\/\/www.eldigitaldeasturias.com\/noticias\/","email":"info@eldigitaldeasturias.com","telephone":"+34652131393","logo":{"@type":"ImageObject","url":"https:\/\/www.eldigitaldeasturias.com\/noticias\/wp-content\/uploads\/2020\/12\/EDA.jpg","@id":"https:\/\/www.eldigitaldeasturias.com\/noticias\/confirmada-la-intencion-de-ricart-de-establecerse-en-cordoba\/#organizationLogo"},"image":{"@id":"https:\/\/www.eldigitaldeasturias.com\/noticias\/confirmada-la-intencion-de-ricart-de-establecerse-en-cordoba\/#organizationLogo"},"sameAs":["https:\/\/facebook.com\/eldigitaldeasturias","https:\/\/www.youtube.com\/channel\/UCZP-2wLEB9Rv6erhFmqVnvg"],"address":{"@id":"https:\/\/www.eldigitaldeasturias.com\/noticias\/#postaladdress","@type":"PostalAddress","streetAddress":"san antonio 4","postalCode":"33430","addressLocality":"Cand\u00e1s","addressRegion":"Asturias","addressCountry":"ES"}},{"@type":"Person","@id":"https:\/\/www.eldigitaldeasturias.com\/noticias\/author\/admin\/#author","url":"https:\/\/www.eldigitaldeasturias.com\/noticias\/author\/admin\/","name":"El Digital de Asturias","image":{"@type":"ImageObject","@id":"https:\/\/www.eldigitaldeasturias.com\/noticias\/confirmada-la-intencion-de-ricart-de-establecerse-en-cordoba\/#authorImage","url":"https:\/\/secure.gravatar.com\/avatar\/df2aeffc32bcd13f8d26072ef8a91b623d677766deac7f97ca815868cd41bf5e?s=96&d=mm&r=g","width":96,"height":96,"caption":"El Digital de Asturias"}},{"@type":"WebPage","@id":"https:\/\/www.eldigitaldeasturias.com\/noticias\/confirmada-la-intencion-de-ricart-de-establecerse-en-cordoba\/#webpage","url":"https:\/\/www.eldigitaldeasturias.com\/noticias\/confirmada-la-intencion-de-ricart-de-establecerse-en-cordoba\/","name":"Confirmada la intenci\u00f3n de Ricart de establecerse en C\u00f3rdoba - El Digital de Asturias","description":"C\u00f3rdoba, 3 dic (EFE).- El subdelegado del Gobierno en C\u00f3rdoba, Juan Jos\u00e9 Primo Jurado, ha confirmado hoy que Miguel Ricart, \u00fanico condenado por el triple crimen de Alc\u00e0sser, tiene intenci\u00f3n de instalarse en la capital cordobesa. Durante un acto por el D\u00eda de la Constituci\u00f3n, Primo Jurado ha lamentado que \"una persona as\u00ed viniese a","inLanguage":"es-ES","isPartOf":{"@id":"https:\/\/www.eldigitaldeasturias.com\/noticias\/#website"},"breadcrumb":{"@id":"https:\/\/www.eldigitaldeasturias.com\/noticias\/confirmada-la-intencion-de-ricart-de-establecerse-en-cordoba\/#breadcrumblist"},"author":{"@id":"https:\/\/www.eldigitaldeasturias.com\/noticias\/author\/admin\/#author"},"creator":{"@id":"https:\/\/www.eldigitaldeasturias.com\/noticias\/author\/admin\/#author"},"image":{"@type":"ImageObject","url":457428,"@id":"https:\/\/www.eldigitaldeasturias.com\/noticias\/confirmada-la-intencion-de-ricart-de-establecerse-en-cordoba\/#mainImage"},"primaryImageOfPage":{"@id":"https:\/\/www.eldigitaldeasturias.com\/noticias\/confirmada-la-intencion-de-ricart-de-establecerse-en-cordoba\/#mainImage"},"datePublished":"2013-12-04T06:32:38+01:00","dateModified":"2013-12-04T06:32:38+01:00"},{"@type":"WebSite","@id":"https:\/\/www.eldigitaldeasturias.com\/noticias\/#website","url":"https:\/\/www.eldigitaldeasturias.com\/noticias\/","name":"El Digital de Asturias - Diario de actualidad y noticias","alternateName":"El Digital de Asturias - Diario de actualidad y noticias","description":"Hemeroteca","inLanguage":"es-ES","publisher":{"@id":"https:\/\/www.eldigitaldeasturias.com\/noticias\/#organization"}}]},"og:locale":"es_ES","og:site_name":"El Digital de Asturias","og:type":"article","og:title":"Confirmada la intenci\u00f3n de Ricart de establecerse en C\u00f3rdoba - El Digital de Asturias","og:description":"C\u00f3rdoba, 3 dic (EFE).- El subdelegado del Gobierno en C\u00f3rdoba, Juan Jos\u00e9 Primo Jurado, ha confirmado hoy que Miguel Ricart, \u00fanico condenado por el triple crimen de Alc\u00e0sser, tiene intenci\u00f3n de instalarse en la capital cordobesa. Durante un acto por el D\u00eda de la Constituci\u00f3n, Primo Jurado ha lamentado que &quot;una persona as\u00ed viniese a","og:url":"https:\/\/www.eldigitaldeasturias.com\/noticias\/confirmada-la-intencion-de-ricart-de-establecerse-en-cordoba\/","article:tag":["sucesos"],"article:published_time":"2013-12-04T07:32:38+00:00","article:modified_time":"2013-12-04T07:32:38+00:00","article:publisher":"https:\/\/facebook.com\/eldigitaldeasturias","twitter:card":"summary_large_image","twitter:title":"Confirmada la intenci\u00f3n de Ricart de establecerse en C\u00f3rdoba - El Digital de Asturias","twitter:description":"C\u00f3rdoba, 3 dic (EFE).- El subdelegado del Gobierno en C\u00f3rdoba, Juan Jos\u00e9 Primo Jurado, ha confirmado hoy que Miguel Ricart, \u00fanico condenado por el triple crimen de Alc\u00e0sser, tiene intenci\u00f3n de instalarse en la capital cordobesa. Durante un acto por el D\u00eda de la Constituci\u00f3n, Primo Jurado ha lamentado que &quot;una persona as\u00ed viniese a","twitter:label1":"Escrito por","twitter:data1":"El Digital de Asturias","twitter:label2":"Tiempo de lectura estimado","twitter:data2":"1 minuto"},"aioseo_meta_data":{"post_id":"457427","title":null,"description":null,"keywords":null,"keyphrases":null,"primary_term":null,"canonical_url":null,"og_title":null,"og_description":null,"og_object_type":"default","og_image_type":"default","og_image_url":null,"og_image_width":null,"og_image_height":null,"og_image_custom_url":null,"og_image_custom_fields":null,"og_video":null,"og_custom_url":null,"og_article_section":null,"og_article_tags":null,"twitter_use_og":true,"twitter_card":"default","twitter_image_type":"default","twitter_image_url":null,"twitter_image_custom_url":null,"twitter_image_custom_fields":null,"twitter_title":null,"twitter_description":null,"schema":{"blockGraphs":[],"customGraphs":[],"default":{"data":{"Article":[],"Course":[],"Dataset":[],"FAQPage":[],"Movie":[],"Person":[],"Product":[],"ProductReview":[],"Car":[],"Recipe":[],"Service":[],"SoftwareApplication":[],"WebPage":[]},"graphName":"","isEnabled":true},"graphs":[],"defaultGraph":"","defaultPostTypeGraph":""},"schema_type":null,"schema_type_options":null,"pillar_content":false,"robots_default":true,"robots_noindex":false,"robots_noarchive":false,"robots_nosnippet":false,"robots_nofollow":false,"robots_noimageindex":false,"robots_noodp":false,"robots_notranslate":false,"robots_max_snippet":null,"robots_max_videopreview":null,"robots_max_imagepreview":"none","priority":null,"frequency":null,"local_seo":null,"seo_analyzer_scan_date":"2026-05-30 01:33:36","breadcrumb_settings":null,"limit_modified_date":false,"open_ai":null,"ai":null,"created":"2020-11-14 22:46:07","updated":"2026-05-30 01:33:36","focus_keyword":null,"additional_keywords":null,"truseo_locale":null},"aioseo_breadcrumb":"<div class=\"aioseo-breadcrumbs\"><span class=\"aioseo-breadcrumb\">\n\t<a href=\"https:\/\/www.eldigitaldeasturias.com\/noticias\" title=\"Home\">Home<\/a>\n<\/span><span class=\"aioseo-breadcrumb-separator\">\u2013<\/span><span class=\"aioseo-breadcrumb\">\n\t<a href=\"https:\/\/www.eldigitaldeasturias.com\/noticias\/category\/sucesos\/\" title=\"Sucesos\">Sucesos<\/a>\n<\/span><span class=\"aioseo-breadcrumb-separator\">\u2013<\/span><span class=\"aioseo-breadcrumb\">\n\t<a href=\"https:\/\/www.eldigitaldeasturias.com\/noticias\/confirmada-la-intencion-de-ricart-de-establecerse-en-cordoba\/\" title=\"Confirmada la intenci\u00f3n de Ricart de establecerse en C\u00f3rdoba\">Confirmada la intenci\u00f3n de Ricart de establecerse en C\u00f3rdoba<\/a>\n<\/span><\/div>","aioseo_breadcrumb_json":[{"label":"Home","link":"https:\/\/www.eldigitaldeasturias.com\/noticias"},{"label":"Sucesos","link":"https:\/\/www.eldigitaldeasturias.com\/noticias\/category\/sucesos\/"},{"label":"Confirmada la intenci\u00f3n de Ricart de establecerse en C\u00f3rdoba","link":"https:\/\/www.eldigitaldeasturias.com\/noticias\/confirmada-la-intencion-de-ricart-de-establecerse-en-cordoba\/"}],"_links":{"self":[{"href":"https:\/\/www.eldigitaldeasturias.com\/noticias\/wp-json\/wp\/v2\/posts\/457427","targetHints":{"allow":["GET"]}}],"collection":[{"href":"https:\/\/www.eldigitaldeasturias.com\/noticias\/wp-json\/wp\/v2\/posts"}],"about":[{"href":"https:\/\/www.eldigitaldeasturias.com\/noticias\/wp-json\/wp\/v2\/types\/post"}],"author":[{"embeddable":true,"href":"https:\/\/www.eldigitaldeasturias.com\/noticias\/wp-json\/wp\/v2\/users\/1"}],"replies":[{"embeddable":true,"href":"https:\/\/www.eldigitaldeasturias.com\/noticias\/wp-json\/wp\/v2\/comments?post=457427"}],"version-history":[{"count":0,"href":"https:\/\/www.eldigitaldeasturias.com\/noticias\/wp-json\/wp\/v2\/posts\/457427\/revisions"}],"wp:attachment":[{"href":"https:\/\/www.eldigitaldeasturias.com\/noticias\/wp-json\/wp\/v2\/media?parent=457427"}],"wp:term":[{"taxonomy":"category","embeddable":true,"href":"https:\/\/www.eldigitaldeasturias.com\/noticias\/wp-json\/wp\/v2\/categories?post=457427"},{"taxonomy":"post_tag","embeddable":true,"href":"https:\/\/www.eldigitaldeasturias.com\/noticias\/wp-json\/wp\/v2\/tags?post=457427"}],"curies":[{"name":"wp","href":"https:\/\/api.w.org\/{rel}","templated":true}]}}