{"id":457397,"date":"2013-12-04T06:11:31","date_gmt":"2013-12-04T07:11:31","guid":{"rendered":"http:\/\/www.eldigitaldeasturias.com\/noticias\/?p=457397"},"modified":"2013-12-04T06:11:31","modified_gmt":"2013-12-04T07:11:31","slug":"katy-perry-nueva-embajadora-de-buena-voluntad-de-unicef","status":"publish","type":"post","link":"https:\/\/www.eldigitaldeasturias.com\/noticias\/katy-perry-nueva-embajadora-de-buena-voluntad-de-unicef\/","title":{"rendered":"Katy Perry, nueva embajadora de Buena Voluntad de Unicef"},"content":{"rendered":"<p><img loading=\"lazy\" decoding=\"async\" class=\"alignleft size-medium wp-image-457398\" alt=\"5770396w\" src=\"https:\/\/www.eldigitaldeasturias.com\/noticias\/wp-content\/uploads\/2013\/12\/5770396w-360x233.jpg\" width=\"360\" height=\"233\" \/>Nueva York, 3 dic (EFE).- La cantante estadounidense Katy Perry fue designada hoy nueva embajadora de Buena Voluntad del Fondo de Naciones Unidas para la Infancia (Unicef) con la misi\u00f3n principal de hacer participar a los j\u00f3venes en la labor que realiza el organismo para mejorar las vidas de los ni\u00f1os y adolescentes m\u00e1s vulnerables.<\/p>\n<p>\u00abLos j\u00f3venes tienen el poder de cambiar sus propias vidas, con nuestra ayuda. Es un honor unirme a Unicef como embajadora de Buena Voluntad, y me comprometo a hacer lo que pueda para ayudar a estos j\u00f3venes que proceden de entornos muy diferentes, pero quieren lo mismo: un futuro m\u00e1s brillante\u00bb, expres\u00f3 Perry en un comunicado.<\/p>\n<p>Como embajadora de Unicef, la estrella del pop californiana trabajar\u00e1 para hacer que los j\u00f3venes hablen en voz alta sobre las cuestiones que creen que son m\u00e1s importantes para sus vidas y movilizarlos de forma m\u00e1s directa para que ofrezcan soluciones a estos desaf\u00edos.<\/p>\n<p>\u00abPerry es ya una defensora de la infancia y esperamos escucharla &#8216;rugir&#8217; en favor de Unicef. Nos complace enormemente que se una a nosotros y que nos preste su extraordinaria voz para extender las voces de los ni\u00f1os y los j\u00f3venes de todo el mundo\u00bb, dijo el director ejecutivo de Unicef, Anthony Lake.<\/p>\n<p>Perry centrar\u00e1 su labor de promoci\u00f3n especialmente en los ni\u00f1os y los adolescentes m\u00e1s vulnerables, incluidos los que viven en condiciones graves de pobreza, afectados por la violencia, el abuso y el abandono, y los que sufren situaciones de emergencia y de conflicto.<\/p>\n<p>Este a\u00f1o visit\u00f3 Madagascar, uno de los pa\u00edses m\u00e1s pobres del mundo, como parte de una misi\u00f3n de Unicef. En octubre se uni\u00f3 a la celebraci\u00f3n del D\u00eda Internacional de la Ni\u00f1a, prestando su canci\u00f3n \u00abRoar\u00bb para la banda sonora de un nuevo anuncio de inter\u00e9s p\u00fablico destinado a inspirar a las ni\u00f1as.<\/p>\n<p>Recientemente, aprovech\u00f3 su presencia en las redes sociales para pedir a sus seguidores que apoyen los esfuerzos de asistencia de Unicef en favor de los ni\u00f1os en situaciones de emergencia, incluidos los afectados por el tif\u00f3n Haiyan, que sacudi\u00f3 Filipinas a comienzos de noviembre.<\/p>\n<p>Como embajadora de Buena Voluntad, la cantante, de 29 a\u00f1os, se une a una lista de celebridades como David Beckham, Harry Belafonte, Orlando Bloom, Jackie Chan, Mia Farrow, Danny Glover, Liam Neeson, Leo Messi, Roger Moore, Vanessa Redgrave o Susan Sarandon.<\/p>\n","protected":false},"excerpt":{"rendered":"<p>Nueva York, 3 dic (EFE).- La cantante estadounidense Katy Perry fue designada hoy nueva embajadora de Buena Voluntad del Fondo de Naciones Unidas para la Infancia (Unicef) con la misi\u00f3n principal de hacer participar a los j\u00f3venes en la labor que realiza el organismo para mejorar las vidas de los ni\u00f1os y adolescentes m\u00e1s vulnerables. [&hellip;]<\/p>\n","protected":false},"author":1,"featured_media":457398,"comment_status":"closed","ping_status":"open","sticky":false,"template":"","format":"standard","meta":{"footnotes":""},"categories":[28],"tags":[],"class_list":["post-457397","post","type-post","status-publish","format-standard","has-post-thumbnail","hentry","category-sociedad"],"aioseo_notices":[],"aioseo_head":"\n\t\t<!-- All in One SEO Pro 5.0.1 - aioseo.com -->\n\t<meta name=\"description\" content=\"Nueva York, 3 dic (EFE).- La cantante estadounidense Katy Perry fue designada hoy nueva embajadora de Buena Voluntad del Fondo de Naciones Unidas para la Infancia (Unicef) con la misi\u00f3n principal de hacer participar a los j\u00f3venes en la labor que realiza el organismo para mejorar las vidas de los ni\u00f1os y adolescentes m\u00e1s vulnerables.\" \/>\n\t<meta name=\"robots\" content=\"max-image-preview:large\" \/>\n\t<meta name=\"author\" content=\"El Digital de Asturias\"\/>\n\t<meta name=\"google-site-verification\" content=\"UA-38556648-1\" \/>\n\t<meta name=\"msvalidate.01\" content=\"7dfe9f3f1b24437ab69f4f2559babe99\" \/>\n\t<meta name=\"keywords\" content=\"sociedad\" \/>\n\t<link rel=\"canonical\" href=\"https:\/\/www.eldigitaldeasturias.com\/noticias\/katy-perry-nueva-embajadora-de-buena-voluntad-de-unicef\/\" \/>\n\t<meta name=\"generator\" content=\"All in One SEO Pro (AIOSEO) 5.0.1\" \/>\n\t\t<meta property=\"og:locale\" content=\"es_ES\" \/>\n\t\t<meta property=\"og:site_name\" content=\"El Digital de Asturias\" \/>\n\t\t<meta property=\"og:type\" content=\"article\" \/>\n\t\t<meta property=\"og:title\" content=\"Katy Perry, nueva embajadora de Buena Voluntad de Unicef - El Digital de Asturias\" \/>\n\t\t<meta property=\"og:description\" content=\"Nueva York, 3 dic (EFE).- La cantante estadounidense Katy Perry fue designada hoy nueva embajadora de Buena Voluntad del Fondo de Naciones Unidas para la Infancia (Unicef) con la misi\u00f3n principal de hacer participar a los j\u00f3venes en la labor que realiza el organismo para mejorar las vidas de los ni\u00f1os y adolescentes m\u00e1s vulnerables.\" \/>\n\t\t<meta property=\"og:url\" content=\"https:\/\/www.eldigitaldeasturias.com\/noticias\/katy-perry-nueva-embajadora-de-buena-voluntad-de-unicef\/\" \/>\n\t\t<meta property=\"article:tag\" content=\"sociedad\" \/>\n\t\t<meta property=\"article:published_time\" content=\"2013-12-04T07:11:31+00:00\" \/>\n\t\t<meta property=\"article:modified_time\" content=\"2013-12-04T07:11:31+00:00\" \/>\n\t\t<meta property=\"article:publisher\" content=\"https:\/\/facebook.com\/eldigitaldeasturias\" \/>\n\t\t<meta name=\"twitter:card\" content=\"summary_large_image\" \/>\n\t\t<meta name=\"twitter:title\" content=\"Katy Perry, nueva embajadora de Buena Voluntad de Unicef - El Digital de Asturias\" \/>\n\t\t<meta name=\"twitter:description\" content=\"Nueva York, 3 dic (EFE).- La cantante estadounidense Katy Perry fue designada hoy nueva embajadora de Buena Voluntad del Fondo de Naciones Unidas para la Infancia (Unicef) con la misi\u00f3n principal de hacer participar a los j\u00f3venes en la labor que realiza el organismo para mejorar las vidas de los ni\u00f1os y adolescentes m\u00e1s vulnerables.\" \/>\n\t\t<meta name=\"twitter:label1\" content=\"Escrito por\" \/>\n\t\t<meta name=\"twitter:data1\" content=\"El Digital de Asturias\" \/>\n\t\t<meta name=\"twitter:label2\" content=\"Tiempo de lectura estimado\" \/>\n\t\t<meta name=\"twitter:data2\" content=\"2 minutos\" \/>\n\t\t<script type=\"application\/ld+json\" class=\"aioseo-schema\">\n\t\t\t{\"@context\":\"https:\\\/\\\/schema.org\",\"@graph\":[{\"@type\":\"BlogPosting\",\"@id\":\"https:\\\/\\\/www.eldigitaldeasturias.com\\\/noticias\\\/katy-perry-nueva-embajadora-de-buena-voluntad-de-unicef\\\/#blogposting\",\"name\":\"Katy Perry, nueva embajadora de Buena Voluntad de Unicef - El Digital de Asturias\",\"headline\":\"Katy Perry, nueva embajadora de Buena Voluntad de Unicef\",\"author\":{\"@id\":\"https:\\\/\\\/www.eldigitaldeasturias.com\\\/noticias\\\/author\\\/admin\\\/#author\"},\"publisher\":{\"@id\":\"https:\\\/\\\/www.eldigitaldeasturias.com\\\/noticias\\\/#organization\"},\"image\":{\"@type\":\"ImageObject\",\"url\":457398},\"datePublished\":\"2013-12-04T06:11:31+01:00\",\"dateModified\":\"2013-12-04T06:11:31+01:00\",\"inLanguage\":\"es-ES\",\"mainEntityOfPage\":{\"@id\":\"https:\\\/\\\/www.eldigitaldeasturias.com\\\/noticias\\\/katy-perry-nueva-embajadora-de-buena-voluntad-de-unicef\\\/#webpage\"},\"isPartOf\":{\"@id\":\"https:\\\/\\\/www.eldigitaldeasturias.com\\\/noticias\\\/katy-perry-nueva-embajadora-de-buena-voluntad-de-unicef\\\/#webpage\"},\"articleSection\":\"Sociedad\"},{\"@type\":\"BreadcrumbList\",\"@id\":\"https:\\\/\\\/www.eldigitaldeasturias.com\\\/noticias\\\/katy-perry-nueva-embajadora-de-buena-voluntad-de-unicef\\\/#breadcrumblist\",\"itemListElement\":[{\"@type\":\"ListItem\",\"@id\":\"https:\\\/\\\/www.eldigitaldeasturias.com\\\/noticias#listItem\",\"position\":1,\"name\":\"Home\",\"item\":\"https:\\\/\\\/www.eldigitaldeasturias.com\\\/noticias\",\"nextItem\":{\"@type\":\"ListItem\",\"@id\":\"https:\\\/\\\/www.eldigitaldeasturias.com\\\/noticias\\\/category\\\/sociedad\\\/#listItem\",\"name\":\"Sociedad\"}},{\"@type\":\"ListItem\",\"@id\":\"https:\\\/\\\/www.eldigitaldeasturias.com\\\/noticias\\\/category\\\/sociedad\\\/#listItem\",\"position\":2,\"name\":\"Sociedad\",\"item\":\"https:\\\/\\\/www.eldigitaldeasturias.com\\\/noticias\\\/category\\\/sociedad\\\/\",\"nextItem\":{\"@type\":\"ListItem\",\"@id\":\"https:\\\/\\\/www.eldigitaldeasturias.com\\\/noticias\\\/katy-perry-nueva-embajadora-de-buena-voluntad-de-unicef\\\/#listItem\",\"name\":\"Katy Perry, nueva embajadora de Buena Voluntad de Unicef\"},\"previousItem\":{\"@type\":\"ListItem\",\"@id\":\"https:\\\/\\\/www.eldigitaldeasturias.com\\\/noticias#listItem\",\"name\":\"Home\"}},{\"@type\":\"ListItem\",\"@id\":\"https:\\\/\\\/www.eldigitaldeasturias.com\\\/noticias\\\/katy-perry-nueva-embajadora-de-buena-voluntad-de-unicef\\\/#listItem\",\"position\":3,\"name\":\"Katy Perry, nueva embajadora de Buena Voluntad de Unicef\",\"previousItem\":{\"@type\":\"ListItem\",\"@id\":\"https:\\\/\\\/www.eldigitaldeasturias.com\\\/noticias\\\/category\\\/sociedad\\\/#listItem\",\"name\":\"Sociedad\"}}]},{\"@type\":\"Organization\",\"@id\":\"https:\\\/\\\/www.eldigitaldeasturias.com\\\/noticias\\\/#organization\",\"name\":\"El Digital de Asturias\",\"description\":\"Hemeroteca\",\"url\":\"https:\\\/\\\/www.eldigitaldeasturias.com\\\/noticias\\\/\",\"email\":\"info@eldigitaldeasturias.com\",\"telephone\":\"+34652131393\",\"logo\":{\"@type\":\"ImageObject\",\"url\":\"https:\\\/\\\/www.eldigitaldeasturias.com\\\/noticias\\\/wp-content\\\/uploads\\\/2020\\\/12\\\/EDA.jpg\",\"@id\":\"https:\\\/\\\/www.eldigitaldeasturias.com\\\/noticias\\\/katy-perry-nueva-embajadora-de-buena-voluntad-de-unicef\\\/#organizationLogo\"},\"image\":{\"@id\":\"https:\\\/\\\/www.eldigitaldeasturias.com\\\/noticias\\\/katy-perry-nueva-embajadora-de-buena-voluntad-de-unicef\\\/#organizationLogo\"},\"sameAs\":[\"https:\\\/\\\/facebook.com\\\/eldigitaldeasturias\",\"https:\\\/\\\/www.youtube.com\\\/channel\\\/UCZP-2wLEB9Rv6erhFmqVnvg\"],\"address\":{\"@id\":\"https:\\\/\\\/www.eldigitaldeasturias.com\\\/noticias\\\/#postaladdress\",\"@type\":\"PostalAddress\",\"streetAddress\":\"san antonio 4\",\"postalCode\":\"33430\",\"addressLocality\":\"Cand\\u00e1s\",\"addressRegion\":\"Asturias\",\"addressCountry\":\"ES\"}},{\"@type\":\"Person\",\"@id\":\"https:\\\/\\\/www.eldigitaldeasturias.com\\\/noticias\\\/author\\\/admin\\\/#author\",\"url\":\"https:\\\/\\\/www.eldigitaldeasturias.com\\\/noticias\\\/author\\\/admin\\\/\",\"name\":\"El Digital de Asturias\",\"image\":{\"@type\":\"ImageObject\",\"@id\":\"https:\\\/\\\/www.eldigitaldeasturias.com\\\/noticias\\\/katy-perry-nueva-embajadora-de-buena-voluntad-de-unicef\\\/#authorImage\",\"url\":\"https:\\\/\\\/secure.gravatar.com\\\/avatar\\\/df2aeffc32bcd13f8d26072ef8a91b623d677766deac7f97ca815868cd41bf5e?s=96&d=mm&r=g\",\"width\":96,\"height\":96,\"caption\":\"El Digital de Asturias\"}},{\"@type\":\"WebPage\",\"@id\":\"https:\\\/\\\/www.eldigitaldeasturias.com\\\/noticias\\\/katy-perry-nueva-embajadora-de-buena-voluntad-de-unicef\\\/#webpage\",\"url\":\"https:\\\/\\\/www.eldigitaldeasturias.com\\\/noticias\\\/katy-perry-nueva-embajadora-de-buena-voluntad-de-unicef\\\/\",\"name\":\"Katy Perry, nueva embajadora de Buena Voluntad de Unicef - El Digital de Asturias\",\"description\":\"Nueva York, 3 dic (EFE).- La cantante estadounidense Katy Perry fue designada hoy nueva embajadora de Buena Voluntad del Fondo de Naciones Unidas para la Infancia (Unicef) con la misi\\u00f3n principal de hacer participar a los j\\u00f3venes en la labor que realiza el organismo para mejorar las vidas de los ni\\u00f1os y adolescentes m\\u00e1s vulnerables.\",\"inLanguage\":\"es-ES\",\"isPartOf\":{\"@id\":\"https:\\\/\\\/www.eldigitaldeasturias.com\\\/noticias\\\/#website\"},\"breadcrumb\":{\"@id\":\"https:\\\/\\\/www.eldigitaldeasturias.com\\\/noticias\\\/katy-perry-nueva-embajadora-de-buena-voluntad-de-unicef\\\/#breadcrumblist\"},\"author\":{\"@id\":\"https:\\\/\\\/www.eldigitaldeasturias.com\\\/noticias\\\/author\\\/admin\\\/#author\"},\"creator\":{\"@id\":\"https:\\\/\\\/www.eldigitaldeasturias.com\\\/noticias\\\/author\\\/admin\\\/#author\"},\"image\":{\"@type\":\"ImageObject\",\"url\":457398,\"@id\":\"https:\\\/\\\/www.eldigitaldeasturias.com\\\/noticias\\\/katy-perry-nueva-embajadora-de-buena-voluntad-de-unicef\\\/#mainImage\"},\"primaryImageOfPage\":{\"@id\":\"https:\\\/\\\/www.eldigitaldeasturias.com\\\/noticias\\\/katy-perry-nueva-embajadora-de-buena-voluntad-de-unicef\\\/#mainImage\"},\"datePublished\":\"2013-12-04T06:11:31+01:00\",\"dateModified\":\"2013-12-04T06:11:31+01:00\"},{\"@type\":\"WebSite\",\"@id\":\"https:\\\/\\\/www.eldigitaldeasturias.com\\\/noticias\\\/#website\",\"url\":\"https:\\\/\\\/www.eldigitaldeasturias.com\\\/noticias\\\/\",\"name\":\"El Digital de Asturias - Diario de actualidad y noticias\",\"alternateName\":\"El Digital de Asturias - Diario de actualidad y noticias\",\"description\":\"Hemeroteca\",\"inLanguage\":\"es-ES\",\"publisher\":{\"@id\":\"https:\\\/\\\/www.eldigitaldeasturias.com\\\/noticias\\\/#organization\"}}]}\n\t\t<\/script>\n\t\t<!-- All in One SEO Pro -->\r\n\t\t<title>Katy Perry, nueva embajadora de Buena Voluntad de Unicef - El Digital de Asturias<\/title>\n\n","aioseo_head_json":{"title":"Katy Perry, nueva embajadora de Buena Voluntad de Unicef - El Digital de Asturias","description":"Nueva York, 3 dic (EFE).- La cantante estadounidense Katy Perry fue designada hoy nueva embajadora de Buena Voluntad del Fondo de Naciones Unidas para la Infancia (Unicef) con la misi\u00f3n principal de hacer participar a los j\u00f3venes en la labor que realiza el organismo para mejorar las vidas de los ni\u00f1os y adolescentes m\u00e1s vulnerables.","canonical_url":"https:\/\/www.eldigitaldeasturias.com\/noticias\/katy-perry-nueva-embajadora-de-buena-voluntad-de-unicef\/","robots":"max-image-preview:large","keywords":"sociedad","webmasterTools":{"google-site-verification":"UA-38556648-1","msvalidate.01":"7dfe9f3f1b24437ab69f4f2559babe99","miscellaneous":""},"schema":{"@context":"https:\/\/schema.org","@graph":[{"@type":"BlogPosting","@id":"https:\/\/www.eldigitaldeasturias.com\/noticias\/katy-perry-nueva-embajadora-de-buena-voluntad-de-unicef\/#blogposting","name":"Katy Perry, nueva embajadora de Buena Voluntad de Unicef - El Digital de Asturias","headline":"Katy Perry, nueva embajadora de Buena Voluntad de Unicef","author":{"@id":"https:\/\/www.eldigitaldeasturias.com\/noticias\/author\/admin\/#author"},"publisher":{"@id":"https:\/\/www.eldigitaldeasturias.com\/noticias\/#organization"},"image":{"@type":"ImageObject","url":457398},"datePublished":"2013-12-04T06:11:31+01:00","dateModified":"2013-12-04T06:11:31+01:00","inLanguage":"es-ES","mainEntityOfPage":{"@id":"https:\/\/www.eldigitaldeasturias.com\/noticias\/katy-perry-nueva-embajadora-de-buena-voluntad-de-unicef\/#webpage"},"isPartOf":{"@id":"https:\/\/www.eldigitaldeasturias.com\/noticias\/katy-perry-nueva-embajadora-de-buena-voluntad-de-unicef\/#webpage"},"articleSection":"Sociedad"},{"@type":"BreadcrumbList","@id":"https:\/\/www.eldigitaldeasturias.com\/noticias\/katy-perry-nueva-embajadora-de-buena-voluntad-de-unicef\/#breadcrumblist","itemListElement":[{"@type":"ListItem","@id":"https:\/\/www.eldigitaldeasturias.com\/noticias#listItem","position":1,"name":"Home","item":"https:\/\/www.eldigitaldeasturias.com\/noticias","nextItem":{"@type":"ListItem","@id":"https:\/\/www.eldigitaldeasturias.com\/noticias\/category\/sociedad\/#listItem","name":"Sociedad"}},{"@type":"ListItem","@id":"https:\/\/www.eldigitaldeasturias.com\/noticias\/category\/sociedad\/#listItem","position":2,"name":"Sociedad","item":"https:\/\/www.eldigitaldeasturias.com\/noticias\/category\/sociedad\/","nextItem":{"@type":"ListItem","@id":"https:\/\/www.eldigitaldeasturias.com\/noticias\/katy-perry-nueva-embajadora-de-buena-voluntad-de-unicef\/#listItem","name":"Katy Perry, nueva embajadora de Buena Voluntad de Unicef"},"previousItem":{"@type":"ListItem","@id":"https:\/\/www.eldigitaldeasturias.com\/noticias#listItem","name":"Home"}},{"@type":"ListItem","@id":"https:\/\/www.eldigitaldeasturias.com\/noticias\/katy-perry-nueva-embajadora-de-buena-voluntad-de-unicef\/#listItem","position":3,"name":"Katy Perry, nueva embajadora de Buena Voluntad de Unicef","previousItem":{"@type":"ListItem","@id":"https:\/\/www.eldigitaldeasturias.com\/noticias\/category\/sociedad\/#listItem","name":"Sociedad"}}]},{"@type":"Organization","@id":"https:\/\/www.eldigitaldeasturias.com\/noticias\/#organization","name":"El Digital de Asturias","description":"Hemeroteca","url":"https:\/\/www.eldigitaldeasturias.com\/noticias\/","email":"info@eldigitaldeasturias.com","telephone":"+34652131393","logo":{"@type":"ImageObject","url":"https:\/\/www.eldigitaldeasturias.com\/noticias\/wp-content\/uploads\/2020\/12\/EDA.jpg","@id":"https:\/\/www.eldigitaldeasturias.com\/noticias\/katy-perry-nueva-embajadora-de-buena-voluntad-de-unicef\/#organizationLogo"},"image":{"@id":"https:\/\/www.eldigitaldeasturias.com\/noticias\/katy-perry-nueva-embajadora-de-buena-voluntad-de-unicef\/#organizationLogo"},"sameAs":["https:\/\/facebook.com\/eldigitaldeasturias","https:\/\/www.youtube.com\/channel\/UCZP-2wLEB9Rv6erhFmqVnvg"],"address":{"@id":"https:\/\/www.eldigitaldeasturias.com\/noticias\/#postaladdress","@type":"PostalAddress","streetAddress":"san antonio 4","postalCode":"33430","addressLocality":"Cand\u00e1s","addressRegion":"Asturias","addressCountry":"ES"}},{"@type":"Person","@id":"https:\/\/www.eldigitaldeasturias.com\/noticias\/author\/admin\/#author","url":"https:\/\/www.eldigitaldeasturias.com\/noticias\/author\/admin\/","name":"El Digital de Asturias","image":{"@type":"ImageObject","@id":"https:\/\/www.eldigitaldeasturias.com\/noticias\/katy-perry-nueva-embajadora-de-buena-voluntad-de-unicef\/#authorImage","url":"https:\/\/secure.gravatar.com\/avatar\/df2aeffc32bcd13f8d26072ef8a91b623d677766deac7f97ca815868cd41bf5e?s=96&d=mm&r=g","width":96,"height":96,"caption":"El Digital de Asturias"}},{"@type":"WebPage","@id":"https:\/\/www.eldigitaldeasturias.com\/noticias\/katy-perry-nueva-embajadora-de-buena-voluntad-de-unicef\/#webpage","url":"https:\/\/www.eldigitaldeasturias.com\/noticias\/katy-perry-nueva-embajadora-de-buena-voluntad-de-unicef\/","name":"Katy Perry, nueva embajadora de Buena Voluntad de Unicef - El Digital de Asturias","description":"Nueva York, 3 dic (EFE).- La cantante estadounidense Katy Perry fue designada hoy nueva embajadora de Buena Voluntad del Fondo de Naciones Unidas para la Infancia (Unicef) con la misi\u00f3n principal de hacer participar a los j\u00f3venes en la labor que realiza el organismo para mejorar las vidas de los ni\u00f1os y adolescentes m\u00e1s vulnerables.","inLanguage":"es-ES","isPartOf":{"@id":"https:\/\/www.eldigitaldeasturias.com\/noticias\/#website"},"breadcrumb":{"@id":"https:\/\/www.eldigitaldeasturias.com\/noticias\/katy-perry-nueva-embajadora-de-buena-voluntad-de-unicef\/#breadcrumblist"},"author":{"@id":"https:\/\/www.eldigitaldeasturias.com\/noticias\/author\/admin\/#author"},"creator":{"@id":"https:\/\/www.eldigitaldeasturias.com\/noticias\/author\/admin\/#author"},"image":{"@type":"ImageObject","url":457398,"@id":"https:\/\/www.eldigitaldeasturias.com\/noticias\/katy-perry-nueva-embajadora-de-buena-voluntad-de-unicef\/#mainImage"},"primaryImageOfPage":{"@id":"https:\/\/www.eldigitaldeasturias.com\/noticias\/katy-perry-nueva-embajadora-de-buena-voluntad-de-unicef\/#mainImage"},"datePublished":"2013-12-04T06:11:31+01:00","dateModified":"2013-12-04T06:11:31+01:00"},{"@type":"WebSite","@id":"https:\/\/www.eldigitaldeasturias.com\/noticias\/#website","url":"https:\/\/www.eldigitaldeasturias.com\/noticias\/","name":"El Digital de Asturias - Diario de actualidad y noticias","alternateName":"El Digital de Asturias - Diario de actualidad y noticias","description":"Hemeroteca","inLanguage":"es-ES","publisher":{"@id":"https:\/\/www.eldigitaldeasturias.com\/noticias\/#organization"}}]},"og:locale":"es_ES","og:site_name":"El Digital de Asturias","og:type":"article","og:title":"Katy Perry, nueva embajadora de Buena Voluntad de Unicef - El Digital de Asturias","og:description":"Nueva York, 3 dic (EFE).- La cantante estadounidense Katy Perry fue designada hoy nueva embajadora de Buena Voluntad del Fondo de Naciones Unidas para la Infancia (Unicef) con la misi\u00f3n principal de hacer participar a los j\u00f3venes en la labor que realiza el organismo para mejorar las vidas de los ni\u00f1os y adolescentes m\u00e1s vulnerables.","og:url":"https:\/\/www.eldigitaldeasturias.com\/noticias\/katy-perry-nueva-embajadora-de-buena-voluntad-de-unicef\/","article:tag":["sociedad"],"article:published_time":"2013-12-04T07:11:31+00:00","article:modified_time":"2013-12-04T07:11:31+00:00","article:publisher":"https:\/\/facebook.com\/eldigitaldeasturias","twitter:card":"summary_large_image","twitter:title":"Katy Perry, nueva embajadora de Buena Voluntad de Unicef - El Digital de Asturias","twitter:description":"Nueva York, 3 dic (EFE).- La cantante estadounidense Katy Perry fue designada hoy nueva embajadora de Buena Voluntad del Fondo de Naciones Unidas para la Infancia (Unicef) con la misi\u00f3n principal de hacer participar a los j\u00f3venes en la labor que realiza el organismo para mejorar las vidas de los ni\u00f1os y adolescentes m\u00e1s vulnerables.","twitter:label1":"Escrito por","twitter:data1":"El Digital de Asturias","twitter:label2":"Tiempo de lectura estimado","twitter:data2":"2 minutos"},"aioseo_meta_data":{"post_id":"457397","title":null,"description":null,"keywords":null,"keyphrases":null,"primary_term":null,"canonical_url":null,"og_title":null,"og_description":null,"og_object_type":"default","og_image_type":"default","og_image_url":null,"og_image_width":null,"og_image_height":null,"og_image_custom_url":null,"og_image_custom_fields":null,"og_video":null,"og_custom_url":null,"og_article_section":null,"og_article_tags":null,"twitter_use_og":true,"twitter_card":"default","twitter_image_type":"default","twitter_image_url":null,"twitter_image_custom_url":null,"twitter_image_custom_fields":null,"twitter_title":null,"twitter_description":null,"schema":{"blockGraphs":[],"customGraphs":[],"default":{"data":{"Article":[],"Course":[],"Dataset":[],"FAQPage":[],"Movie":[],"Person":[],"Product":[],"ProductReview":[],"Car":[],"Recipe":[],"Service":[],"SoftwareApplication":[],"WebPage":[]},"graphName":"","isEnabled":true},"graphs":[],"defaultGraph":"","defaultPostTypeGraph":""},"schema_type":null,"schema_type_options":null,"pillar_content":false,"robots_default":true,"robots_noindex":false,"robots_noarchive":false,"robots_nosnippet":false,"robots_nofollow":false,"robots_noimageindex":false,"robots_noodp":false,"robots_notranslate":false,"robots_max_snippet":null,"robots_max_videopreview":null,"robots_max_imagepreview":"none","priority":null,"frequency":null,"local_seo":null,"seo_analyzer_scan_date":"2026-05-30 01:24:59","breadcrumb_settings":null,"limit_modified_date":false,"open_ai":null,"ai":null,"created":"2020-11-14 22:46:07","updated":"2026-05-30 01:24:59","focus_keyword":null,"additional_keywords":null,"truseo_locale":null},"aioseo_breadcrumb":"<div class=\"aioseo-breadcrumbs\"><span class=\"aioseo-breadcrumb\">\n\t<a href=\"https:\/\/www.eldigitaldeasturias.com\/noticias\" title=\"Home\">Home<\/a>\n<\/span><span class=\"aioseo-breadcrumb-separator\">\u2013<\/span><span class=\"aioseo-breadcrumb\">\n\t<a href=\"https:\/\/www.eldigitaldeasturias.com\/noticias\/category\/sociedad\/\" title=\"Sociedad\">Sociedad<\/a>\n<\/span><span class=\"aioseo-breadcrumb-separator\">\u2013<\/span><span class=\"aioseo-breadcrumb\">\n\t<a href=\"https:\/\/www.eldigitaldeasturias.com\/noticias\/katy-perry-nueva-embajadora-de-buena-voluntad-de-unicef\/\" title=\"Katy Perry, nueva embajadora de Buena Voluntad de Unicef\">Katy Perry, nueva embajadora de Buena Voluntad de Unicef<\/a>\n<\/span><\/div>","aioseo_breadcrumb_json":[{"label":"Home","link":"https:\/\/www.eldigitaldeasturias.com\/noticias"},{"label":"Sociedad","link":"https:\/\/www.eldigitaldeasturias.com\/noticias\/category\/sociedad\/"},{"label":"Katy Perry, nueva embajadora de Buena Voluntad de Unicef","link":"https:\/\/www.eldigitaldeasturias.com\/noticias\/katy-perry-nueva-embajadora-de-buena-voluntad-de-unicef\/"}],"_links":{"self":[{"href":"https:\/\/www.eldigitaldeasturias.com\/noticias\/wp-json\/wp\/v2\/posts\/457397","targetHints":{"allow":["GET"]}}],"collection":[{"href":"https:\/\/www.eldigitaldeasturias.com\/noticias\/wp-json\/wp\/v2\/posts"}],"about":[{"href":"https:\/\/www.eldigitaldeasturias.com\/noticias\/wp-json\/wp\/v2\/types\/post"}],"author":[{"embeddable":true,"href":"https:\/\/www.eldigitaldeasturias.com\/noticias\/wp-json\/wp\/v2\/users\/1"}],"replies":[{"embeddable":true,"href":"https:\/\/www.eldigitaldeasturias.com\/noticias\/wp-json\/wp\/v2\/comments?post=457397"}],"version-history":[{"count":0,"href":"https:\/\/www.eldigitaldeasturias.com\/noticias\/wp-json\/wp\/v2\/posts\/457397\/revisions"}],"wp:attachment":[{"href":"https:\/\/www.eldigitaldeasturias.com\/noticias\/wp-json\/wp\/v2\/media?parent=457397"}],"wp:term":[{"taxonomy":"category","embeddable":true,"href":"https:\/\/www.eldigitaldeasturias.com\/noticias\/wp-json\/wp\/v2\/categories?post=457397"},{"taxonomy":"post_tag","embeddable":true,"href":"https:\/\/www.eldigitaldeasturias.com\/noticias\/wp-json\/wp\/v2\/tags?post=457397"}],"curies":[{"name":"wp","href":"https:\/\/api.w.org\/{rel}","templated":true}]}}