{"id":457391,"date":"2013-12-04T06:08:09","date_gmt":"2013-12-04T07:08:09","guid":{"rendered":"http:\/\/www.eldigitaldeasturias.com\/noticias\/?p=457391"},"modified":"2013-12-04T06:08:09","modified_gmt":"2013-12-04T07:08:09","slug":"el-pez-de-barcelona-deja-su-sello-en-los-muros-de-cartagena-de-indias","status":"publish","type":"post","link":"https:\/\/www.eldigitaldeasturias.com\/noticias\/el-pez-de-barcelona-deja-su-sello-en-los-muros-de-cartagena-de-indias\/","title":{"rendered":"El \u00abPez\u00bb de Barcelona deja su sello en los muros de Cartagena de Indias"},"content":{"rendered":"<p><img loading=\"lazy\" decoding=\"async\" class=\"alignleft size-medium wp-image-457392\" alt=\"5770377w\" src=\"https:\/\/www.eldigitaldeasturias.com\/noticias\/wp-content\/uploads\/2013\/12\/5770377w-360x239.jpg\" width=\"360\" height=\"239\" \/>Cartagena (Colombia), 3 dic (EFE).- El artista barcelon\u00e9s Jos\u00e9 Sabat\u00e9, m\u00e1s conocido como \u00abEl Pez\u00bb, dej\u00f3 su sello en la ciudad caribe\u00f1a de Cartagena de Indias durante su participaci\u00f3n en el Primer Festival Internacional de Arte Urbano de Colombia.<\/p>\n<p>\u00abEl Pez\u00bb pint\u00f3 un mural como contribuci\u00f3n a este festival del grafiti, llamado Ciudad Mural, que se desarrolla desde hoy y hasta el pr\u00f3ximo s\u00e1bado en Getseman\u00ed, un barrio tradicional y colonial.<\/p>\n<p>El artista plasm\u00f3 a personajes y figuras emblem\u00e1ticas de esta ciudad, como las reconocidas palenqueras, mujeres morenas y con vistosos y coloridos trajes que venden frutas en las calles.<\/p>\n<p>\u00abYo me inspir\u00e9 b\u00e1sicamente en aquellas figuras que cuando uno las ve dice &#8216;es Cartagena&#8217;, entonces retrat\u00e9 varias palenqueras, retrat\u00e9 a la India Catalina e hice una interpretaci\u00f3n del escudo de Cartagena\u00bb, dijo en una entrevista con Efe.<\/p>\n<p>Un grafiti muy tropical, que lo complet\u00f3 con una especie de mandala de delfines y guacamayas. \u00abPuedo decir que me inspir\u00e9 en lo que m\u00e1s me marc\u00f3, que es el colorido de esos trajes tradicionales y folcl\u00f3ricos que llevan las palenqueras y tambi\u00e9n utilic\u00e9 los colores de la bandera de Cartagena y de Colombia\u00bb, agreg\u00f3.<\/p>\n<p>Getseman\u00ed es un barrio que forma parte del conjunto de monumentos hist\u00f3ricos de Cartagena y habitado hist\u00f3ricamente por afrocolombianos de bajos recursos.<\/p>\n<p>Pero este barrio hoy est\u00e1 siendo invadido por lujosos hoteles boutique, restaurantes y comercios que atienden al creciente turismo, lo que ha producido un desplazamiento forzado de los nativos, pues los precios de la vivienda y servicios p\u00fablicos se han disparado.<\/p>\n<p>\u00abLa gente que lleva toda su vida viviendo all\u00ed se est\u00e1 yendo porque no pueden sustentar los costos tan elevados de los impuestos, entonces es una l\u00e1stima porque se est\u00e1 perdiendo la esencia del barrio, lo que deber\u00edan hacer es respetar a la gente que se quiere quedar\u00bb, dijo el \u00abPez\u00bb.<\/p>\n<p>Y puntualiz\u00f3: \u00abA esa gente le est\u00e1n metiendo una patada en el culo para que se vayan\u00bb.<\/p>\n<p>Ni la legislaci\u00f3n ni las administraciones p\u00fablicas de Cartagena, ciudad declarada en 1984 Patrimonio Hist\u00f3rico de la Humanidad por la Unesco, se han preocupado jam\u00e1s por los intereses de los raizales, como se llama a los nativos, por lo que hoy la mayor\u00eda de los inmuebles est\u00e1n en manos de forasteros.<\/p>\n<p>\u00abLa idea de los murales es que todos los artistas retraten la problem\u00e1tica para ver si se puede llegar a una soluci\u00f3n, entonces nuestro trabajo va a tener una fuerza y yo creo que el arte puede cambiar al mundo y la manera de pensar de la gente\u00bb, a\u00f1adi\u00f3.<\/p>\n<p>Este artista urbano de 37 a\u00f1os y que decidi\u00f3 hace un tiempo ubicar su residencia en Bogot\u00e1, record\u00f3 sus inicios en su natal Barcelona: \u00aba los 14 lo tuve que dejar porque comenc\u00e9 a tener problemas con mi mam\u00e1 porque llegaba con la ropa sucia y la Polic\u00eda tambi\u00e9n me cogi\u00f3 un par de veces\u00bb.<\/p>\n<p>El \u00abPez\u00bb, que confiesa ser un artista rebelde, manifest\u00f3 que siempre quiso acercar el arte a la gente y por ello convirti\u00f3 la calle en un lienzo: \u00abme gusta pintar en mis murales la alegr\u00eda y que la gente cuando los vea se sonr\u00eda, esa es mi finalidad y mi objetivo\u00bb.<\/p>\n<p>\u00abTrabajar en la calle te da un nexo con la gente, es poder ver la ciudad como a ti te gustar\u00eda verla, porque realmente no nos preguntan c\u00f3mo queremos ver nuestras ciudades\u00bb, matiz\u00f3.<\/p>\n<p>Los grafiti del \u00abPez\u00bb se puede ver en ciudades como Madrid, Bilbao, Sevilla, Zaragoza, Barcelona, Londres, Par\u00eds, Mil\u00e1n, Roma, Tokio, Shangai, Hong Kong, Singapur, Taipei, Se\u00fal, Los \u00c1ngeles, Nueva York, Miami, Lima, Quito, Caracas, Bogot\u00e1, Santa Marta, Cali y Cartagena de Indias.<\/p>\n<p>Tras concluir su mural en la ciudad caribe\u00f1a, Sabat\u00e9 viaj\u00f3 hoy a Miami para participar en la feria Art Basel.<\/p>\n<p>Ricardo Maldonado Rozo<\/p>\n","protected":false},"excerpt":{"rendered":"<p>Cartagena (Colombia), 3 dic (EFE).- El artista barcelon\u00e9s Jos\u00e9 Sabat\u00e9, m\u00e1s conocido como \u00abEl Pez\u00bb, dej\u00f3 su sello en la ciudad caribe\u00f1a de Cartagena de Indias durante su participaci\u00f3n en el Primer Festival Internacional de Arte Urbano de Colombia. \u00abEl Pez\u00bb pint\u00f3 un mural como contribuci\u00f3n a este festival del grafiti, llamado Ciudad Mural, que [&hellip;]<\/p>\n","protected":false},"author":1,"featured_media":457392,"comment_status":"closed","ping_status":"open","sticky":false,"template":"","format":"standard","meta":{"footnotes":""},"categories":[50],"tags":[],"class_list":["post-457391","post","type-post","status-publish","format-standard","has-post-thumbnail","hentry","category-revista-de-ocio"],"aioseo_notices":[],"aioseo_head":"\n\t\t<!-- All in One SEO Pro 5.0.1 - aioseo.com -->\n\t<meta name=\"description\" content=\"Cartagena (Colombia), 3 dic (EFE).- El artista barcelon\u00e9s Jos\u00e9 Sabat\u00e9, m\u00e1s conocido como &quot;El Pez&quot;, dej\u00f3 su sello en la ciudad caribe\u00f1a de Cartagena de Indias durante su participaci\u00f3n en el Primer Festival Internacional de Arte Urbano de Colombia. &quot;El Pez&quot; pint\u00f3 un mural como contribuci\u00f3n a este festival del grafiti, llamado Ciudad Mural, que\" \/>\n\t<meta name=\"robots\" content=\"max-image-preview:large\" \/>\n\t<meta name=\"author\" content=\"El Digital de Asturias\"\/>\n\t<meta name=\"google-site-verification\" content=\"UA-38556648-1\" \/>\n\t<meta name=\"msvalidate.01\" content=\"7dfe9f3f1b24437ab69f4f2559babe99\" \/>\n\t<meta name=\"keywords\" content=\"revista de ocio\" \/>\n\t<link rel=\"canonical\" href=\"https:\/\/www.eldigitaldeasturias.com\/noticias\/el-pez-de-barcelona-deja-su-sello-en-los-muros-de-cartagena-de-indias\/\" \/>\n\t<meta name=\"generator\" content=\"All in One SEO Pro (AIOSEO) 5.0.1\" \/>\n\t\t<meta property=\"og:locale\" content=\"es_ES\" \/>\n\t\t<meta property=\"og:site_name\" content=\"El Digital de Asturias\" \/>\n\t\t<meta property=\"og:type\" content=\"article\" \/>\n\t\t<meta property=\"og:title\" content=\"El \u00abPez\u00bb de Barcelona deja su sello en los muros de Cartagena de Indias - El Digital de Asturias\" \/>\n\t\t<meta property=\"og:description\" content=\"Cartagena (Colombia), 3 dic (EFE).- El artista barcelon\u00e9s Jos\u00e9 Sabat\u00e9, m\u00e1s conocido como &quot;El Pez&quot;, dej\u00f3 su sello en la ciudad caribe\u00f1a de Cartagena de Indias durante su participaci\u00f3n en el Primer Festival Internacional de Arte Urbano de Colombia. &quot;El Pez&quot; pint\u00f3 un mural como contribuci\u00f3n a este festival del grafiti, llamado Ciudad Mural, que\" \/>\n\t\t<meta property=\"og:url\" content=\"https:\/\/www.eldigitaldeasturias.com\/noticias\/el-pez-de-barcelona-deja-su-sello-en-los-muros-de-cartagena-de-indias\/\" \/>\n\t\t<meta property=\"article:tag\" content=\"revista de ocio\" \/>\n\t\t<meta property=\"article:published_time\" content=\"2013-12-04T07:08:09+00:00\" \/>\n\t\t<meta property=\"article:modified_time\" content=\"2013-12-04T07:08:09+00:00\" \/>\n\t\t<meta property=\"article:publisher\" content=\"https:\/\/facebook.com\/eldigitaldeasturias\" \/>\n\t\t<meta name=\"twitter:card\" content=\"summary_large_image\" \/>\n\t\t<meta name=\"twitter:title\" content=\"El \u00abPez\u00bb de Barcelona deja su sello en los muros de Cartagena de Indias - El Digital de Asturias\" \/>\n\t\t<meta name=\"twitter:description\" content=\"Cartagena (Colombia), 3 dic (EFE).- El artista barcelon\u00e9s Jos\u00e9 Sabat\u00e9, m\u00e1s conocido como &quot;El Pez&quot;, dej\u00f3 su sello en la ciudad caribe\u00f1a de Cartagena de Indias durante su participaci\u00f3n en el Primer Festival Internacional de Arte Urbano de Colombia. &quot;El Pez&quot; pint\u00f3 un mural como contribuci\u00f3n a este festival del grafiti, llamado Ciudad Mural, que\" \/>\n\t\t<meta name=\"twitter:label1\" content=\"Escrito por\" \/>\n\t\t<meta name=\"twitter:data1\" content=\"El Digital de Asturias\" \/>\n\t\t<meta name=\"twitter:label2\" content=\"Tiempo de lectura estimado\" \/>\n\t\t<meta name=\"twitter:data2\" content=\"3 minutos\" \/>\n\t\t<script type=\"application\/ld+json\" class=\"aioseo-schema\">\n\t\t\t{\"@context\":\"https:\\\/\\\/schema.org\",\"@graph\":[{\"@type\":\"BlogPosting\",\"@id\":\"https:\\\/\\\/www.eldigitaldeasturias.com\\\/noticias\\\/el-pez-de-barcelona-deja-su-sello-en-los-muros-de-cartagena-de-indias\\\/#blogposting\",\"name\":\"El \\u00abPez\\u00bb de Barcelona deja su sello en los muros de Cartagena de Indias - El Digital de Asturias\",\"headline\":\"El \\u00abPez\\u00bb de Barcelona deja su sello en los muros de Cartagena de Indias\",\"author\":{\"@id\":\"https:\\\/\\\/www.eldigitaldeasturias.com\\\/noticias\\\/author\\\/admin\\\/#author\"},\"publisher\":{\"@id\":\"https:\\\/\\\/www.eldigitaldeasturias.com\\\/noticias\\\/#organization\"},\"image\":{\"@type\":\"ImageObject\",\"url\":457392},\"datePublished\":\"2013-12-04T06:08:09+01:00\",\"dateModified\":\"2013-12-04T06:08:09+01:00\",\"inLanguage\":\"es-ES\",\"mainEntityOfPage\":{\"@id\":\"https:\\\/\\\/www.eldigitaldeasturias.com\\\/noticias\\\/el-pez-de-barcelona-deja-su-sello-en-los-muros-de-cartagena-de-indias\\\/#webpage\"},\"isPartOf\":{\"@id\":\"https:\\\/\\\/www.eldigitaldeasturias.com\\\/noticias\\\/el-pez-de-barcelona-deja-su-sello-en-los-muros-de-cartagena-de-indias\\\/#webpage\"},\"articleSection\":\"Revista de Ocio\"},{\"@type\":\"BreadcrumbList\",\"@id\":\"https:\\\/\\\/www.eldigitaldeasturias.com\\\/noticias\\\/el-pez-de-barcelona-deja-su-sello-en-los-muros-de-cartagena-de-indias\\\/#breadcrumblist\",\"itemListElement\":[{\"@type\":\"ListItem\",\"@id\":\"https:\\\/\\\/www.eldigitaldeasturias.com\\\/noticias#listItem\",\"position\":1,\"name\":\"Home\",\"item\":\"https:\\\/\\\/www.eldigitaldeasturias.com\\\/noticias\",\"nextItem\":{\"@type\":\"ListItem\",\"@id\":\"https:\\\/\\\/www.eldigitaldeasturias.com\\\/noticias\\\/category\\\/revista-de-ocio\\\/#listItem\",\"name\":\"Revista de Ocio\"}},{\"@type\":\"ListItem\",\"@id\":\"https:\\\/\\\/www.eldigitaldeasturias.com\\\/noticias\\\/category\\\/revista-de-ocio\\\/#listItem\",\"position\":2,\"name\":\"Revista de Ocio\",\"item\":\"https:\\\/\\\/www.eldigitaldeasturias.com\\\/noticias\\\/category\\\/revista-de-ocio\\\/\",\"nextItem\":{\"@type\":\"ListItem\",\"@id\":\"https:\\\/\\\/www.eldigitaldeasturias.com\\\/noticias\\\/el-pez-de-barcelona-deja-su-sello-en-los-muros-de-cartagena-de-indias\\\/#listItem\",\"name\":\"El \\u00abPez\\u00bb de Barcelona deja su sello en los muros de Cartagena de Indias\"},\"previousItem\":{\"@type\":\"ListItem\",\"@id\":\"https:\\\/\\\/www.eldigitaldeasturias.com\\\/noticias#listItem\",\"name\":\"Home\"}},{\"@type\":\"ListItem\",\"@id\":\"https:\\\/\\\/www.eldigitaldeasturias.com\\\/noticias\\\/el-pez-de-barcelona-deja-su-sello-en-los-muros-de-cartagena-de-indias\\\/#listItem\",\"position\":3,\"name\":\"El \\u00abPez\\u00bb de Barcelona deja su sello en los muros de Cartagena de Indias\",\"previousItem\":{\"@type\":\"ListItem\",\"@id\":\"https:\\\/\\\/www.eldigitaldeasturias.com\\\/noticias\\\/category\\\/revista-de-ocio\\\/#listItem\",\"name\":\"Revista de Ocio\"}}]},{\"@type\":\"Organization\",\"@id\":\"https:\\\/\\\/www.eldigitaldeasturias.com\\\/noticias\\\/#organization\",\"name\":\"El Digital de Asturias\",\"description\":\"Hemeroteca\",\"url\":\"https:\\\/\\\/www.eldigitaldeasturias.com\\\/noticias\\\/\",\"email\":\"info@eldigitaldeasturias.com\",\"telephone\":\"+34652131393\",\"logo\":{\"@type\":\"ImageObject\",\"url\":\"https:\\\/\\\/www.eldigitaldeasturias.com\\\/noticias\\\/wp-content\\\/uploads\\\/2020\\\/12\\\/EDA.jpg\",\"@id\":\"https:\\\/\\\/www.eldigitaldeasturias.com\\\/noticias\\\/el-pez-de-barcelona-deja-su-sello-en-los-muros-de-cartagena-de-indias\\\/#organizationLogo\"},\"image\":{\"@id\":\"https:\\\/\\\/www.eldigitaldeasturias.com\\\/noticias\\\/el-pez-de-barcelona-deja-su-sello-en-los-muros-de-cartagena-de-indias\\\/#organizationLogo\"},\"sameAs\":[\"https:\\\/\\\/facebook.com\\\/eldigitaldeasturias\",\"https:\\\/\\\/www.youtube.com\\\/channel\\\/UCZP-2wLEB9Rv6erhFmqVnvg\"],\"address\":{\"@id\":\"https:\\\/\\\/www.eldigitaldeasturias.com\\\/noticias\\\/#postaladdress\",\"@type\":\"PostalAddress\",\"streetAddress\":\"san antonio 4\",\"postalCode\":\"33430\",\"addressLocality\":\"Cand\\u00e1s\",\"addressRegion\":\"Asturias\",\"addressCountry\":\"ES\"}},{\"@type\":\"Person\",\"@id\":\"https:\\\/\\\/www.eldigitaldeasturias.com\\\/noticias\\\/author\\\/admin\\\/#author\",\"url\":\"https:\\\/\\\/www.eldigitaldeasturias.com\\\/noticias\\\/author\\\/admin\\\/\",\"name\":\"El Digital de Asturias\",\"image\":{\"@type\":\"ImageObject\",\"@id\":\"https:\\\/\\\/www.eldigitaldeasturias.com\\\/noticias\\\/el-pez-de-barcelona-deja-su-sello-en-los-muros-de-cartagena-de-indias\\\/#authorImage\",\"url\":\"https:\\\/\\\/secure.gravatar.com\\\/avatar\\\/df2aeffc32bcd13f8d26072ef8a91b623d677766deac7f97ca815868cd41bf5e?s=96&d=mm&r=g\",\"width\":96,\"height\":96,\"caption\":\"El Digital de Asturias\"}},{\"@type\":\"WebPage\",\"@id\":\"https:\\\/\\\/www.eldigitaldeasturias.com\\\/noticias\\\/el-pez-de-barcelona-deja-su-sello-en-los-muros-de-cartagena-de-indias\\\/#webpage\",\"url\":\"https:\\\/\\\/www.eldigitaldeasturias.com\\\/noticias\\\/el-pez-de-barcelona-deja-su-sello-en-los-muros-de-cartagena-de-indias\\\/\",\"name\":\"El \\u00abPez\\u00bb de Barcelona deja su sello en los muros de Cartagena de Indias - El Digital de Asturias\",\"description\":\"Cartagena (Colombia), 3 dic (EFE).- El artista barcelon\\u00e9s Jos\\u00e9 Sabat\\u00e9, m\\u00e1s conocido como \\\"El Pez\\\", dej\\u00f3 su sello en la ciudad caribe\\u00f1a de Cartagena de Indias durante su participaci\\u00f3n en el Primer Festival Internacional de Arte Urbano de Colombia. \\\"El Pez\\\" pint\\u00f3 un mural como contribuci\\u00f3n a este festival del grafiti, llamado Ciudad Mural, que\",\"inLanguage\":\"es-ES\",\"isPartOf\":{\"@id\":\"https:\\\/\\\/www.eldigitaldeasturias.com\\\/noticias\\\/#website\"},\"breadcrumb\":{\"@id\":\"https:\\\/\\\/www.eldigitaldeasturias.com\\\/noticias\\\/el-pez-de-barcelona-deja-su-sello-en-los-muros-de-cartagena-de-indias\\\/#breadcrumblist\"},\"author\":{\"@id\":\"https:\\\/\\\/www.eldigitaldeasturias.com\\\/noticias\\\/author\\\/admin\\\/#author\"},\"creator\":{\"@id\":\"https:\\\/\\\/www.eldigitaldeasturias.com\\\/noticias\\\/author\\\/admin\\\/#author\"},\"image\":{\"@type\":\"ImageObject\",\"url\":457392,\"@id\":\"https:\\\/\\\/www.eldigitaldeasturias.com\\\/noticias\\\/el-pez-de-barcelona-deja-su-sello-en-los-muros-de-cartagena-de-indias\\\/#mainImage\"},\"primaryImageOfPage\":{\"@id\":\"https:\\\/\\\/www.eldigitaldeasturias.com\\\/noticias\\\/el-pez-de-barcelona-deja-su-sello-en-los-muros-de-cartagena-de-indias\\\/#mainImage\"},\"datePublished\":\"2013-12-04T06:08:09+01:00\",\"dateModified\":\"2013-12-04T06:08:09+01:00\"},{\"@type\":\"WebSite\",\"@id\":\"https:\\\/\\\/www.eldigitaldeasturias.com\\\/noticias\\\/#website\",\"url\":\"https:\\\/\\\/www.eldigitaldeasturias.com\\\/noticias\\\/\",\"name\":\"El Digital de Asturias - Diario de actualidad y noticias\",\"alternateName\":\"El Digital de Asturias - Diario de actualidad y noticias\",\"description\":\"Hemeroteca\",\"inLanguage\":\"es-ES\",\"publisher\":{\"@id\":\"https:\\\/\\\/www.eldigitaldeasturias.com\\\/noticias\\\/#organization\"}}]}\n\t\t<\/script>\n\t\t<!-- All in One SEO Pro -->\r\n\t\t<title>El \u00abPez\u00bb de Barcelona deja su sello en los muros de Cartagena de Indias - El Digital de Asturias<\/title>\n\n","aioseo_head_json":{"title":"El \u00abPez\u00bb de Barcelona deja su sello en los muros de Cartagena de Indias - El Digital de Asturias","description":"Cartagena (Colombia), 3 dic (EFE).- El artista barcelon\u00e9s Jos\u00e9 Sabat\u00e9, m\u00e1s conocido como \"El Pez\", dej\u00f3 su sello en la ciudad caribe\u00f1a de Cartagena de Indias durante su participaci\u00f3n en el Primer Festival Internacional de Arte Urbano de Colombia. \"El Pez\" pint\u00f3 un mural como contribuci\u00f3n a este festival del grafiti, llamado Ciudad Mural, que","canonical_url":"https:\/\/www.eldigitaldeasturias.com\/noticias\/el-pez-de-barcelona-deja-su-sello-en-los-muros-de-cartagena-de-indias\/","robots":"max-image-preview:large","keywords":"revista de ocio","webmasterTools":{"google-site-verification":"UA-38556648-1","msvalidate.01":"7dfe9f3f1b24437ab69f4f2559babe99","miscellaneous":""},"schema":{"@context":"https:\/\/schema.org","@graph":[{"@type":"BlogPosting","@id":"https:\/\/www.eldigitaldeasturias.com\/noticias\/el-pez-de-barcelona-deja-su-sello-en-los-muros-de-cartagena-de-indias\/#blogposting","name":"El \u00abPez\u00bb de Barcelona deja su sello en los muros de Cartagena de Indias - El Digital de Asturias","headline":"El \u00abPez\u00bb de Barcelona deja su sello en los muros de Cartagena de Indias","author":{"@id":"https:\/\/www.eldigitaldeasturias.com\/noticias\/author\/admin\/#author"},"publisher":{"@id":"https:\/\/www.eldigitaldeasturias.com\/noticias\/#organization"},"image":{"@type":"ImageObject","url":457392},"datePublished":"2013-12-04T06:08:09+01:00","dateModified":"2013-12-04T06:08:09+01:00","inLanguage":"es-ES","mainEntityOfPage":{"@id":"https:\/\/www.eldigitaldeasturias.com\/noticias\/el-pez-de-barcelona-deja-su-sello-en-los-muros-de-cartagena-de-indias\/#webpage"},"isPartOf":{"@id":"https:\/\/www.eldigitaldeasturias.com\/noticias\/el-pez-de-barcelona-deja-su-sello-en-los-muros-de-cartagena-de-indias\/#webpage"},"articleSection":"Revista de Ocio"},{"@type":"BreadcrumbList","@id":"https:\/\/www.eldigitaldeasturias.com\/noticias\/el-pez-de-barcelona-deja-su-sello-en-los-muros-de-cartagena-de-indias\/#breadcrumblist","itemListElement":[{"@type":"ListItem","@id":"https:\/\/www.eldigitaldeasturias.com\/noticias#listItem","position":1,"name":"Home","item":"https:\/\/www.eldigitaldeasturias.com\/noticias","nextItem":{"@type":"ListItem","@id":"https:\/\/www.eldigitaldeasturias.com\/noticias\/category\/revista-de-ocio\/#listItem","name":"Revista de Ocio"}},{"@type":"ListItem","@id":"https:\/\/www.eldigitaldeasturias.com\/noticias\/category\/revista-de-ocio\/#listItem","position":2,"name":"Revista de Ocio","item":"https:\/\/www.eldigitaldeasturias.com\/noticias\/category\/revista-de-ocio\/","nextItem":{"@type":"ListItem","@id":"https:\/\/www.eldigitaldeasturias.com\/noticias\/el-pez-de-barcelona-deja-su-sello-en-los-muros-de-cartagena-de-indias\/#listItem","name":"El \u00abPez\u00bb de Barcelona deja su sello en los muros de Cartagena de Indias"},"previousItem":{"@type":"ListItem","@id":"https:\/\/www.eldigitaldeasturias.com\/noticias#listItem","name":"Home"}},{"@type":"ListItem","@id":"https:\/\/www.eldigitaldeasturias.com\/noticias\/el-pez-de-barcelona-deja-su-sello-en-los-muros-de-cartagena-de-indias\/#listItem","position":3,"name":"El \u00abPez\u00bb de Barcelona deja su sello en los muros de Cartagena de Indias","previousItem":{"@type":"ListItem","@id":"https:\/\/www.eldigitaldeasturias.com\/noticias\/category\/revista-de-ocio\/#listItem","name":"Revista de Ocio"}}]},{"@type":"Organization","@id":"https:\/\/www.eldigitaldeasturias.com\/noticias\/#organization","name":"El Digital de Asturias","description":"Hemeroteca","url":"https:\/\/www.eldigitaldeasturias.com\/noticias\/","email":"info@eldigitaldeasturias.com","telephone":"+34652131393","logo":{"@type":"ImageObject","url":"https:\/\/www.eldigitaldeasturias.com\/noticias\/wp-content\/uploads\/2020\/12\/EDA.jpg","@id":"https:\/\/www.eldigitaldeasturias.com\/noticias\/el-pez-de-barcelona-deja-su-sello-en-los-muros-de-cartagena-de-indias\/#organizationLogo"},"image":{"@id":"https:\/\/www.eldigitaldeasturias.com\/noticias\/el-pez-de-barcelona-deja-su-sello-en-los-muros-de-cartagena-de-indias\/#organizationLogo"},"sameAs":["https:\/\/facebook.com\/eldigitaldeasturias","https:\/\/www.youtube.com\/channel\/UCZP-2wLEB9Rv6erhFmqVnvg"],"address":{"@id":"https:\/\/www.eldigitaldeasturias.com\/noticias\/#postaladdress","@type":"PostalAddress","streetAddress":"san antonio 4","postalCode":"33430","addressLocality":"Cand\u00e1s","addressRegion":"Asturias","addressCountry":"ES"}},{"@type":"Person","@id":"https:\/\/www.eldigitaldeasturias.com\/noticias\/author\/admin\/#author","url":"https:\/\/www.eldigitaldeasturias.com\/noticias\/author\/admin\/","name":"El Digital de Asturias","image":{"@type":"ImageObject","@id":"https:\/\/www.eldigitaldeasturias.com\/noticias\/el-pez-de-barcelona-deja-su-sello-en-los-muros-de-cartagena-de-indias\/#authorImage","url":"https:\/\/secure.gravatar.com\/avatar\/df2aeffc32bcd13f8d26072ef8a91b623d677766deac7f97ca815868cd41bf5e?s=96&d=mm&r=g","width":96,"height":96,"caption":"El Digital de Asturias"}},{"@type":"WebPage","@id":"https:\/\/www.eldigitaldeasturias.com\/noticias\/el-pez-de-barcelona-deja-su-sello-en-los-muros-de-cartagena-de-indias\/#webpage","url":"https:\/\/www.eldigitaldeasturias.com\/noticias\/el-pez-de-barcelona-deja-su-sello-en-los-muros-de-cartagena-de-indias\/","name":"El \u00abPez\u00bb de Barcelona deja su sello en los muros de Cartagena de Indias - El Digital de Asturias","description":"Cartagena (Colombia), 3 dic (EFE).- El artista barcelon\u00e9s Jos\u00e9 Sabat\u00e9, m\u00e1s conocido como \"El Pez\", dej\u00f3 su sello en la ciudad caribe\u00f1a de Cartagena de Indias durante su participaci\u00f3n en el Primer Festival Internacional de Arte Urbano de Colombia. \"El Pez\" pint\u00f3 un mural como contribuci\u00f3n a este festival del grafiti, llamado Ciudad Mural, que","inLanguage":"es-ES","isPartOf":{"@id":"https:\/\/www.eldigitaldeasturias.com\/noticias\/#website"},"breadcrumb":{"@id":"https:\/\/www.eldigitaldeasturias.com\/noticias\/el-pez-de-barcelona-deja-su-sello-en-los-muros-de-cartagena-de-indias\/#breadcrumblist"},"author":{"@id":"https:\/\/www.eldigitaldeasturias.com\/noticias\/author\/admin\/#author"},"creator":{"@id":"https:\/\/www.eldigitaldeasturias.com\/noticias\/author\/admin\/#author"},"image":{"@type":"ImageObject","url":457392,"@id":"https:\/\/www.eldigitaldeasturias.com\/noticias\/el-pez-de-barcelona-deja-su-sello-en-los-muros-de-cartagena-de-indias\/#mainImage"},"primaryImageOfPage":{"@id":"https:\/\/www.eldigitaldeasturias.com\/noticias\/el-pez-de-barcelona-deja-su-sello-en-los-muros-de-cartagena-de-indias\/#mainImage"},"datePublished":"2013-12-04T06:08:09+01:00","dateModified":"2013-12-04T06:08:09+01:00"},{"@type":"WebSite","@id":"https:\/\/www.eldigitaldeasturias.com\/noticias\/#website","url":"https:\/\/www.eldigitaldeasturias.com\/noticias\/","name":"El Digital de Asturias - Diario de actualidad y noticias","alternateName":"El Digital de Asturias - Diario de actualidad y noticias","description":"Hemeroteca","inLanguage":"es-ES","publisher":{"@id":"https:\/\/www.eldigitaldeasturias.com\/noticias\/#organization"}}]},"og:locale":"es_ES","og:site_name":"El Digital de Asturias","og:type":"article","og:title":"El \u00abPez\u00bb de Barcelona deja su sello en los muros de Cartagena de Indias - El Digital de Asturias","og:description":"Cartagena (Colombia), 3 dic (EFE).- El artista barcelon\u00e9s Jos\u00e9 Sabat\u00e9, m\u00e1s conocido como &quot;El Pez&quot;, dej\u00f3 su sello en la ciudad caribe\u00f1a de Cartagena de Indias durante su participaci\u00f3n en el Primer Festival Internacional de Arte Urbano de Colombia. &quot;El Pez&quot; pint\u00f3 un mural como contribuci\u00f3n a este festival del grafiti, llamado Ciudad Mural, que","og:url":"https:\/\/www.eldigitaldeasturias.com\/noticias\/el-pez-de-barcelona-deja-su-sello-en-los-muros-de-cartagena-de-indias\/","article:tag":["revista de ocio"],"article:published_time":"2013-12-04T07:08:09+00:00","article:modified_time":"2013-12-04T07:08:09+00:00","article:publisher":"https:\/\/facebook.com\/eldigitaldeasturias","twitter:card":"summary_large_image","twitter:title":"El \u00abPez\u00bb de Barcelona deja su sello en los muros de Cartagena de Indias - El Digital de Asturias","twitter:description":"Cartagena (Colombia), 3 dic (EFE).- El artista barcelon\u00e9s Jos\u00e9 Sabat\u00e9, m\u00e1s conocido como &quot;El Pez&quot;, dej\u00f3 su sello en la ciudad caribe\u00f1a de Cartagena de Indias durante su participaci\u00f3n en el Primer Festival Internacional de Arte Urbano de Colombia. &quot;El Pez&quot; pint\u00f3 un mural como contribuci\u00f3n a este festival del grafiti, llamado Ciudad Mural, que","twitter:label1":"Escrito por","twitter:data1":"El Digital de Asturias","twitter:label2":"Tiempo de lectura estimado","twitter:data2":"3 minutos"},"aioseo_meta_data":{"post_id":"457391","title":null,"description":null,"keywords":null,"keyphrases":null,"primary_term":null,"canonical_url":null,"og_title":null,"og_description":null,"og_object_type":"default","og_image_type":"default","og_image_url":null,"og_image_width":null,"og_image_height":null,"og_image_custom_url":null,"og_image_custom_fields":null,"og_video":null,"og_custom_url":null,"og_article_section":null,"og_article_tags":null,"twitter_use_og":true,"twitter_card":"default","twitter_image_type":"default","twitter_image_url":null,"twitter_image_custom_url":null,"twitter_image_custom_fields":null,"twitter_title":null,"twitter_description":null,"schema":{"blockGraphs":[],"customGraphs":[],"default":{"data":{"Article":[],"Course":[],"Dataset":[],"FAQPage":[],"Movie":[],"Person":[],"Product":[],"ProductReview":[],"Car":[],"Recipe":[],"Service":[],"SoftwareApplication":[],"WebPage":[]},"graphName":"","isEnabled":true},"graphs":[],"defaultGraph":"","defaultPostTypeGraph":""},"schema_type":null,"schema_type_options":null,"pillar_content":false,"robots_default":true,"robots_noindex":false,"robots_noarchive":false,"robots_nosnippet":false,"robots_nofollow":false,"robots_noimageindex":false,"robots_noodp":false,"robots_notranslate":false,"robots_max_snippet":null,"robots_max_videopreview":null,"robots_max_imagepreview":"none","priority":null,"frequency":null,"local_seo":null,"seo_analyzer_scan_date":"2026-05-30 01:24:58","breadcrumb_settings":null,"limit_modified_date":false,"open_ai":null,"ai":null,"created":"2020-11-14 22:46:07","updated":"2026-05-30 01:24:58","focus_keyword":null,"additional_keywords":null,"truseo_locale":null},"aioseo_breadcrumb":"<div class=\"aioseo-breadcrumbs\"><span class=\"aioseo-breadcrumb\">\n\t<a href=\"https:\/\/www.eldigitaldeasturias.com\/noticias\" title=\"Home\">Home<\/a>\n<\/span><span class=\"aioseo-breadcrumb-separator\">\u2013<\/span><span class=\"aioseo-breadcrumb\">\n\t<a href=\"https:\/\/www.eldigitaldeasturias.com\/noticias\/category\/revista-de-ocio\/\" title=\"Revista de Ocio\">Revista de Ocio<\/a>\n<\/span><span class=\"aioseo-breadcrumb-separator\">\u2013<\/span><span class=\"aioseo-breadcrumb\">\n\t<a href=\"https:\/\/www.eldigitaldeasturias.com\/noticias\/el-pez-de-barcelona-deja-su-sello-en-los-muros-de-cartagena-de-indias\/\" title=\"El \u00abPez\u00bb de Barcelona deja su sello en los muros de Cartagena de Indias\">El \u00abPez\u00bb de Barcelona deja su sello en los muros de Cartagena de Indias<\/a>\n<\/span><\/div>","aioseo_breadcrumb_json":[{"label":"Home","link":"https:\/\/www.eldigitaldeasturias.com\/noticias"},{"label":"Revista de Ocio","link":"https:\/\/www.eldigitaldeasturias.com\/noticias\/category\/revista-de-ocio\/"},{"label":"El \u00abPez\u00bb de Barcelona deja su sello en los muros de Cartagena de Indias","link":"https:\/\/www.eldigitaldeasturias.com\/noticias\/el-pez-de-barcelona-deja-su-sello-en-los-muros-de-cartagena-de-indias\/"}],"_links":{"self":[{"href":"https:\/\/www.eldigitaldeasturias.com\/noticias\/wp-json\/wp\/v2\/posts\/457391","targetHints":{"allow":["GET"]}}],"collection":[{"href":"https:\/\/www.eldigitaldeasturias.com\/noticias\/wp-json\/wp\/v2\/posts"}],"about":[{"href":"https:\/\/www.eldigitaldeasturias.com\/noticias\/wp-json\/wp\/v2\/types\/post"}],"author":[{"embeddable":true,"href":"https:\/\/www.eldigitaldeasturias.com\/noticias\/wp-json\/wp\/v2\/users\/1"}],"replies":[{"embeddable":true,"href":"https:\/\/www.eldigitaldeasturias.com\/noticias\/wp-json\/wp\/v2\/comments?post=457391"}],"version-history":[{"count":0,"href":"https:\/\/www.eldigitaldeasturias.com\/noticias\/wp-json\/wp\/v2\/posts\/457391\/revisions"}],"wp:attachment":[{"href":"https:\/\/www.eldigitaldeasturias.com\/noticias\/wp-json\/wp\/v2\/media?parent=457391"}],"wp:term":[{"taxonomy":"category","embeddable":true,"href":"https:\/\/www.eldigitaldeasturias.com\/noticias\/wp-json\/wp\/v2\/categories?post=457391"},{"taxonomy":"post_tag","embeddable":true,"href":"https:\/\/www.eldigitaldeasturias.com\/noticias\/wp-json\/wp\/v2\/tags?post=457391"}],"curies":[{"name":"wp","href":"https:\/\/api.w.org\/{rel}","templated":true}]}}