{"id":457371,"date":"2013-12-04T05:58:24","date_gmt":"2013-12-04T06:58:24","guid":{"rendered":"http:\/\/www.eldigitaldeasturias.com\/noticias\/?p=457371"},"modified":"2013-12-04T05:58:24","modified_gmt":"2013-12-04T06:58:24","slug":"peru-celebra-su-designacion-como-el-mejor-destino-culinario-del-mundo","status":"publish","type":"post","link":"https:\/\/www.eldigitaldeasturias.com\/noticias\/peru-celebra-su-designacion-como-el-mejor-destino-culinario-del-mundo\/","title":{"rendered":"Per\u00fa celebra su designaci\u00f3n como el mejor destino culinario del mundo"},"content":{"rendered":"<p><img loading=\"lazy\" decoding=\"async\" class=\"alignleft size-medium wp-image-457372\" alt=\"5770497w\" src=\"https:\/\/www.eldigitaldeasturias.com\/noticias\/wp-content\/uploads\/2013\/12\/5770497w-360x250.jpg\" width=\"360\" height=\"250\" \/>Lima, 3 dic (EFE).- Las autoridades y los gastr\u00f3nomos peruanos celebraron hoy la designaci\u00f3n del pa\u00eds, por segundo a\u00f1o consecutivo, como el \u00abMejor destino culinario del mundo\u00bb en el r\u00e1nking del World Travel Awards (WTA) y se\u00f1alaron que eso fortalecer\u00e1 el desarrollo del turismo.<\/p>\n<p>Para el presidente de la Sociedad Peruana de Gastronom\u00eda (Apega), Bernardo Roca Rey, esta distinci\u00f3n contribuye a la identidad nacional y a impulsar la inclusi\u00f3n social y la alianza entre los cocineros y los campesinos.<\/p>\n<p>\u00abNos pone como una marca de gran categor\u00eda, de gran excelencia&#8230; Lo hemos logrado dos veces\u00bb, declar\u00f3 a Efe Roca Rey.<\/p>\n<p>La gastronom\u00eda peruana volvi\u00f3 a ser reconocida por los World Travel Award, considerado el premio m\u00e1s prestigioso de la industria tur\u00edstica mundial, en una ceremonia celebrada el s\u00e1bado pasado en Doha, Qatar.<\/p>\n<p>\u00abEs el cambio de una actividad que pod\u00eda ser sumamente fr\u00edvola (en \u00e9pocas pasadas) a una que unifica a las familias, donde se traslada los conocimientos de los ancestros a los hijos\u00bb, resalt\u00f3 Roca Rey.<\/p>\n<p>El presidente de Apega destac\u00f3 que la cocina de su pa\u00eds se basa en la biodiversidad y dijo que este tipo de reconocimientos debe motivar a los peruanos a que no dejen de innovar ni de poner un valor agregado a las cosas.<\/p>\n<p>La agencia de promoci\u00f3n tur\u00edstica de Per\u00fa (Promperu) asegur\u00f3 que los WTA son los \u00abOscar del Turismo\u00bb, porque \u00abreconocen y celebran la excelencia en cada uno de los sectores de la industria tur\u00edstica en el mundo\u00bb.<\/p>\n<p>El premio fue recibido por el Consejero Econ\u00f3mico Comercial en Dubai, \u00c1lvaro Silva-Santisteban, quien destac\u00f3 que Per\u00fa \u00aben menos de diez a\u00f1os\u00bb ha pasado \u00abde tener una cocina valorada por todos los peruanos a ser una tendencia culinaria reconocida a nivel mundial\u00bb.<\/p>\n<p>Promper\u00fa adem\u00e1s destac\u00f3 que durante la ceremonia tambi\u00e9n fue premiado el operador tur\u00edstico peruano Explorandes, que recibi\u00f3 por segunda vez el premio \u00abMejor Tour Operador Verde del Mundo\u00bb, por la aplicaci\u00f3n sostenible de buenas pr\u00e1cticas en temas ambientales.<\/p>\n<p>Los WTA ya reconocieron en 2011 a Per\u00fa como el \u00abMejor destino culinario de Sudam\u00e9rica\u00bb y en 2012 como el \u00abMejor destino culinario del mundo\u00bb, una categor\u00eda en la que particip\u00f3 junto a China, Francia, M\u00e9xico, Espa\u00f1a, Italia, Jap\u00f3n, Malasia, Australia y los Estados Unidos.<\/p>\n<p>El reconocido chef Gast\u00f3n Acurio se\u00f1al\u00f3, en una nota publicada en el diario El Comercio, que el premio \u00abconvierte a la gastronom\u00eda peruana en una poderosa herramienta de promoci\u00f3n tur\u00edstica\u00bb.<\/p>\n<p>\u00abTodo est\u00e1 conectado. La cocina peruana est\u00e1 jugando su batalla por el Per\u00fa como debe hacerlo. So\u00f1ando en grande. Poco a poco lo vamos logrando\u00bb, remarc\u00f3.<\/p>\n","protected":false},"excerpt":{"rendered":"<p>Lima, 3 dic (EFE).- Las autoridades y los gastr\u00f3nomos peruanos celebraron hoy la designaci\u00f3n del pa\u00eds, por segundo a\u00f1o consecutivo, como el \u00abMejor destino culinario del mundo\u00bb en el r\u00e1nking del World Travel Awards (WTA) y se\u00f1alaron que eso fortalecer\u00e1 el desarrollo del turismo. Para el presidente de la Sociedad Peruana de Gastronom\u00eda (Apega), Bernardo [&hellip;]<\/p>\n","protected":false},"author":1,"featured_media":457372,"comment_status":"closed","ping_status":"open","sticky":false,"template":"","format":"standard","meta":{"footnotes":""},"categories":[50],"tags":[],"class_list":["post-457371","post","type-post","status-publish","format-standard","has-post-thumbnail","hentry","category-revista-de-ocio"],"aioseo_notices":[],"aioseo_head":"\n\t\t<!-- All in One SEO Pro 5.0.1 - aioseo.com -->\n\t<meta name=\"description\" content=\"Lima, 3 dic (EFE).- Las autoridades y los gastr\u00f3nomos peruanos celebraron hoy la designaci\u00f3n del pa\u00eds, por segundo a\u00f1o consecutivo, como el &quot;Mejor destino culinario del mundo&quot; en el r\u00e1nking del World Travel Awards (WTA) y se\u00f1alaron que eso fortalecer\u00e1 el desarrollo del turismo. Para el presidente de la Sociedad Peruana de Gastronom\u00eda (Apega), Bernardo\" \/>\n\t<meta name=\"robots\" content=\"max-image-preview:large\" \/>\n\t<meta name=\"author\" content=\"El Digital de Asturias\"\/>\n\t<meta name=\"google-site-verification\" content=\"UA-38556648-1\" \/>\n\t<meta name=\"msvalidate.01\" content=\"7dfe9f3f1b24437ab69f4f2559babe99\" \/>\n\t<meta name=\"keywords\" content=\"revista de ocio\" \/>\n\t<link rel=\"canonical\" href=\"https:\/\/www.eldigitaldeasturias.com\/noticias\/peru-celebra-su-designacion-como-el-mejor-destino-culinario-del-mundo\/\" \/>\n\t<meta name=\"generator\" content=\"All in One SEO Pro (AIOSEO) 5.0.1\" \/>\n\t\t<meta property=\"og:locale\" content=\"es_ES\" \/>\n\t\t<meta property=\"og:site_name\" content=\"El Digital de Asturias\" \/>\n\t\t<meta property=\"og:type\" content=\"article\" \/>\n\t\t<meta property=\"og:title\" content=\"Per\u00fa celebra su designaci\u00f3n como el mejor destino culinario del mundo - El Digital de Asturias\" \/>\n\t\t<meta property=\"og:description\" content=\"Lima, 3 dic (EFE).- Las autoridades y los gastr\u00f3nomos peruanos celebraron hoy la designaci\u00f3n del pa\u00eds, por segundo a\u00f1o consecutivo, como el &quot;Mejor destino culinario del mundo&quot; en el r\u00e1nking del World Travel Awards (WTA) y se\u00f1alaron que eso fortalecer\u00e1 el desarrollo del turismo. Para el presidente de la Sociedad Peruana de Gastronom\u00eda (Apega), Bernardo\" \/>\n\t\t<meta property=\"og:url\" content=\"https:\/\/www.eldigitaldeasturias.com\/noticias\/peru-celebra-su-designacion-como-el-mejor-destino-culinario-del-mundo\/\" \/>\n\t\t<meta property=\"article:tag\" content=\"revista de ocio\" \/>\n\t\t<meta property=\"article:published_time\" content=\"2013-12-04T06:58:24+00:00\" \/>\n\t\t<meta property=\"article:modified_time\" content=\"2013-12-04T06:58:24+00:00\" \/>\n\t\t<meta property=\"article:publisher\" content=\"https:\/\/facebook.com\/eldigitaldeasturias\" \/>\n\t\t<meta name=\"twitter:card\" content=\"summary_large_image\" \/>\n\t\t<meta name=\"twitter:title\" content=\"Per\u00fa celebra su designaci\u00f3n como el mejor destino culinario del mundo - El Digital de Asturias\" \/>\n\t\t<meta name=\"twitter:description\" content=\"Lima, 3 dic (EFE).- Las autoridades y los gastr\u00f3nomos peruanos celebraron hoy la designaci\u00f3n del pa\u00eds, por segundo a\u00f1o consecutivo, como el &quot;Mejor destino culinario del mundo&quot; en el r\u00e1nking del World Travel Awards (WTA) y se\u00f1alaron que eso fortalecer\u00e1 el desarrollo del turismo. Para el presidente de la Sociedad Peruana de Gastronom\u00eda (Apega), Bernardo\" \/>\n\t\t<meta name=\"twitter:label1\" content=\"Escrito por\" \/>\n\t\t<meta name=\"twitter:data1\" content=\"El Digital de Asturias\" \/>\n\t\t<meta name=\"twitter:label2\" content=\"Tiempo de lectura estimado\" \/>\n\t\t<meta name=\"twitter:data2\" content=\"2 minutos\" \/>\n\t\t<script type=\"application\/ld+json\" class=\"aioseo-schema\">\n\t\t\t{\"@context\":\"https:\\\/\\\/schema.org\",\"@graph\":[{\"@type\":\"BlogPosting\",\"@id\":\"https:\\\/\\\/www.eldigitaldeasturias.com\\\/noticias\\\/peru-celebra-su-designacion-como-el-mejor-destino-culinario-del-mundo\\\/#blogposting\",\"name\":\"Per\\u00fa celebra su designaci\\u00f3n como el mejor destino culinario del mundo - El Digital de Asturias\",\"headline\":\"Per\\u00fa celebra su designaci\\u00f3n como el mejor destino culinario del mundo\",\"author\":{\"@id\":\"https:\\\/\\\/www.eldigitaldeasturias.com\\\/noticias\\\/author\\\/admin\\\/#author\"},\"publisher\":{\"@id\":\"https:\\\/\\\/www.eldigitaldeasturias.com\\\/noticias\\\/#organization\"},\"image\":{\"@type\":\"ImageObject\",\"url\":457372},\"datePublished\":\"2013-12-04T05:58:24+01:00\",\"dateModified\":\"2013-12-04T05:58:24+01:00\",\"inLanguage\":\"es-ES\",\"mainEntityOfPage\":{\"@id\":\"https:\\\/\\\/www.eldigitaldeasturias.com\\\/noticias\\\/peru-celebra-su-designacion-como-el-mejor-destino-culinario-del-mundo\\\/#webpage\"},\"isPartOf\":{\"@id\":\"https:\\\/\\\/www.eldigitaldeasturias.com\\\/noticias\\\/peru-celebra-su-designacion-como-el-mejor-destino-culinario-del-mundo\\\/#webpage\"},\"articleSection\":\"Revista de Ocio\"},{\"@type\":\"BreadcrumbList\",\"@id\":\"https:\\\/\\\/www.eldigitaldeasturias.com\\\/noticias\\\/peru-celebra-su-designacion-como-el-mejor-destino-culinario-del-mundo\\\/#breadcrumblist\",\"itemListElement\":[{\"@type\":\"ListItem\",\"@id\":\"https:\\\/\\\/www.eldigitaldeasturias.com\\\/noticias#listItem\",\"position\":1,\"name\":\"Home\",\"item\":\"https:\\\/\\\/www.eldigitaldeasturias.com\\\/noticias\",\"nextItem\":{\"@type\":\"ListItem\",\"@id\":\"https:\\\/\\\/www.eldigitaldeasturias.com\\\/noticias\\\/category\\\/revista-de-ocio\\\/#listItem\",\"name\":\"Revista de Ocio\"}},{\"@type\":\"ListItem\",\"@id\":\"https:\\\/\\\/www.eldigitaldeasturias.com\\\/noticias\\\/category\\\/revista-de-ocio\\\/#listItem\",\"position\":2,\"name\":\"Revista de Ocio\",\"item\":\"https:\\\/\\\/www.eldigitaldeasturias.com\\\/noticias\\\/category\\\/revista-de-ocio\\\/\",\"nextItem\":{\"@type\":\"ListItem\",\"@id\":\"https:\\\/\\\/www.eldigitaldeasturias.com\\\/noticias\\\/peru-celebra-su-designacion-como-el-mejor-destino-culinario-del-mundo\\\/#listItem\",\"name\":\"Per\\u00fa celebra su designaci\\u00f3n como el mejor destino culinario del mundo\"},\"previousItem\":{\"@type\":\"ListItem\",\"@id\":\"https:\\\/\\\/www.eldigitaldeasturias.com\\\/noticias#listItem\",\"name\":\"Home\"}},{\"@type\":\"ListItem\",\"@id\":\"https:\\\/\\\/www.eldigitaldeasturias.com\\\/noticias\\\/peru-celebra-su-designacion-como-el-mejor-destino-culinario-del-mundo\\\/#listItem\",\"position\":3,\"name\":\"Per\\u00fa celebra su designaci\\u00f3n como el mejor destino culinario del mundo\",\"previousItem\":{\"@type\":\"ListItem\",\"@id\":\"https:\\\/\\\/www.eldigitaldeasturias.com\\\/noticias\\\/category\\\/revista-de-ocio\\\/#listItem\",\"name\":\"Revista de Ocio\"}}]},{\"@type\":\"Organization\",\"@id\":\"https:\\\/\\\/www.eldigitaldeasturias.com\\\/noticias\\\/#organization\",\"name\":\"El Digital de Asturias\",\"description\":\"Hemeroteca\",\"url\":\"https:\\\/\\\/www.eldigitaldeasturias.com\\\/noticias\\\/\",\"email\":\"info@eldigitaldeasturias.com\",\"telephone\":\"+34652131393\",\"logo\":{\"@type\":\"ImageObject\",\"url\":\"https:\\\/\\\/www.eldigitaldeasturias.com\\\/noticias\\\/wp-content\\\/uploads\\\/2020\\\/12\\\/EDA.jpg\",\"@id\":\"https:\\\/\\\/www.eldigitaldeasturias.com\\\/noticias\\\/peru-celebra-su-designacion-como-el-mejor-destino-culinario-del-mundo\\\/#organizationLogo\"},\"image\":{\"@id\":\"https:\\\/\\\/www.eldigitaldeasturias.com\\\/noticias\\\/peru-celebra-su-designacion-como-el-mejor-destino-culinario-del-mundo\\\/#organizationLogo\"},\"sameAs\":[\"https:\\\/\\\/facebook.com\\\/eldigitaldeasturias\",\"https:\\\/\\\/www.youtube.com\\\/channel\\\/UCZP-2wLEB9Rv6erhFmqVnvg\"],\"address\":{\"@id\":\"https:\\\/\\\/www.eldigitaldeasturias.com\\\/noticias\\\/#postaladdress\",\"@type\":\"PostalAddress\",\"streetAddress\":\"san antonio 4\",\"postalCode\":\"33430\",\"addressLocality\":\"Cand\\u00e1s\",\"addressRegion\":\"Asturias\",\"addressCountry\":\"ES\"}},{\"@type\":\"Person\",\"@id\":\"https:\\\/\\\/www.eldigitaldeasturias.com\\\/noticias\\\/author\\\/admin\\\/#author\",\"url\":\"https:\\\/\\\/www.eldigitaldeasturias.com\\\/noticias\\\/author\\\/admin\\\/\",\"name\":\"El Digital de Asturias\",\"image\":{\"@type\":\"ImageObject\",\"@id\":\"https:\\\/\\\/www.eldigitaldeasturias.com\\\/noticias\\\/peru-celebra-su-designacion-como-el-mejor-destino-culinario-del-mundo\\\/#authorImage\",\"url\":\"https:\\\/\\\/secure.gravatar.com\\\/avatar\\\/df2aeffc32bcd13f8d26072ef8a91b623d677766deac7f97ca815868cd41bf5e?s=96&d=mm&r=g\",\"width\":96,\"height\":96,\"caption\":\"El Digital de Asturias\"}},{\"@type\":\"WebPage\",\"@id\":\"https:\\\/\\\/www.eldigitaldeasturias.com\\\/noticias\\\/peru-celebra-su-designacion-como-el-mejor-destino-culinario-del-mundo\\\/#webpage\",\"url\":\"https:\\\/\\\/www.eldigitaldeasturias.com\\\/noticias\\\/peru-celebra-su-designacion-como-el-mejor-destino-culinario-del-mundo\\\/\",\"name\":\"Per\\u00fa celebra su designaci\\u00f3n como el mejor destino culinario del mundo - El Digital de Asturias\",\"description\":\"Lima, 3 dic (EFE).- Las autoridades y los gastr\\u00f3nomos peruanos celebraron hoy la designaci\\u00f3n del pa\\u00eds, por segundo a\\u00f1o consecutivo, como el \\\"Mejor destino culinario del mundo\\\" en el r\\u00e1nking del World Travel Awards (WTA) y se\\u00f1alaron que eso fortalecer\\u00e1 el desarrollo del turismo. Para el presidente de la Sociedad Peruana de Gastronom\\u00eda (Apega), Bernardo\",\"inLanguage\":\"es-ES\",\"isPartOf\":{\"@id\":\"https:\\\/\\\/www.eldigitaldeasturias.com\\\/noticias\\\/#website\"},\"breadcrumb\":{\"@id\":\"https:\\\/\\\/www.eldigitaldeasturias.com\\\/noticias\\\/peru-celebra-su-designacion-como-el-mejor-destino-culinario-del-mundo\\\/#breadcrumblist\"},\"author\":{\"@id\":\"https:\\\/\\\/www.eldigitaldeasturias.com\\\/noticias\\\/author\\\/admin\\\/#author\"},\"creator\":{\"@id\":\"https:\\\/\\\/www.eldigitaldeasturias.com\\\/noticias\\\/author\\\/admin\\\/#author\"},\"image\":{\"@type\":\"ImageObject\",\"url\":457372,\"@id\":\"https:\\\/\\\/www.eldigitaldeasturias.com\\\/noticias\\\/peru-celebra-su-designacion-como-el-mejor-destino-culinario-del-mundo\\\/#mainImage\"},\"primaryImageOfPage\":{\"@id\":\"https:\\\/\\\/www.eldigitaldeasturias.com\\\/noticias\\\/peru-celebra-su-designacion-como-el-mejor-destino-culinario-del-mundo\\\/#mainImage\"},\"datePublished\":\"2013-12-04T05:58:24+01:00\",\"dateModified\":\"2013-12-04T05:58:24+01:00\"},{\"@type\":\"WebSite\",\"@id\":\"https:\\\/\\\/www.eldigitaldeasturias.com\\\/noticias\\\/#website\",\"url\":\"https:\\\/\\\/www.eldigitaldeasturias.com\\\/noticias\\\/\",\"name\":\"El Digital de Asturias - Diario de actualidad y noticias\",\"alternateName\":\"El Digital de Asturias - Diario de actualidad y noticias\",\"description\":\"Hemeroteca\",\"inLanguage\":\"es-ES\",\"publisher\":{\"@id\":\"https:\\\/\\\/www.eldigitaldeasturias.com\\\/noticias\\\/#organization\"}}]}\n\t\t<\/script>\n\t\t<!-- All in One SEO Pro -->\r\n\t\t<title>Per\u00fa celebra su designaci\u00f3n como el mejor destino culinario del mundo - El Digital de Asturias<\/title>\n\n","aioseo_head_json":{"title":"Per\u00fa celebra su designaci\u00f3n como el mejor destino culinario del mundo - El Digital de Asturias","description":"Lima, 3 dic (EFE).- Las autoridades y los gastr\u00f3nomos peruanos celebraron hoy la designaci\u00f3n del pa\u00eds, por segundo a\u00f1o consecutivo, como el \"Mejor destino culinario del mundo\" en el r\u00e1nking del World Travel Awards (WTA) y se\u00f1alaron que eso fortalecer\u00e1 el desarrollo del turismo. Para el presidente de la Sociedad Peruana de Gastronom\u00eda (Apega), Bernardo","canonical_url":"https:\/\/www.eldigitaldeasturias.com\/noticias\/peru-celebra-su-designacion-como-el-mejor-destino-culinario-del-mundo\/","robots":"max-image-preview:large","keywords":"revista de ocio","webmasterTools":{"google-site-verification":"UA-38556648-1","msvalidate.01":"7dfe9f3f1b24437ab69f4f2559babe99","miscellaneous":""},"schema":{"@context":"https:\/\/schema.org","@graph":[{"@type":"BlogPosting","@id":"https:\/\/www.eldigitaldeasturias.com\/noticias\/peru-celebra-su-designacion-como-el-mejor-destino-culinario-del-mundo\/#blogposting","name":"Per\u00fa celebra su designaci\u00f3n como el mejor destino culinario del mundo - El Digital de Asturias","headline":"Per\u00fa celebra su designaci\u00f3n como el mejor destino culinario del mundo","author":{"@id":"https:\/\/www.eldigitaldeasturias.com\/noticias\/author\/admin\/#author"},"publisher":{"@id":"https:\/\/www.eldigitaldeasturias.com\/noticias\/#organization"},"image":{"@type":"ImageObject","url":457372},"datePublished":"2013-12-04T05:58:24+01:00","dateModified":"2013-12-04T05:58:24+01:00","inLanguage":"es-ES","mainEntityOfPage":{"@id":"https:\/\/www.eldigitaldeasturias.com\/noticias\/peru-celebra-su-designacion-como-el-mejor-destino-culinario-del-mundo\/#webpage"},"isPartOf":{"@id":"https:\/\/www.eldigitaldeasturias.com\/noticias\/peru-celebra-su-designacion-como-el-mejor-destino-culinario-del-mundo\/#webpage"},"articleSection":"Revista de Ocio"},{"@type":"BreadcrumbList","@id":"https:\/\/www.eldigitaldeasturias.com\/noticias\/peru-celebra-su-designacion-como-el-mejor-destino-culinario-del-mundo\/#breadcrumblist","itemListElement":[{"@type":"ListItem","@id":"https:\/\/www.eldigitaldeasturias.com\/noticias#listItem","position":1,"name":"Home","item":"https:\/\/www.eldigitaldeasturias.com\/noticias","nextItem":{"@type":"ListItem","@id":"https:\/\/www.eldigitaldeasturias.com\/noticias\/category\/revista-de-ocio\/#listItem","name":"Revista de Ocio"}},{"@type":"ListItem","@id":"https:\/\/www.eldigitaldeasturias.com\/noticias\/category\/revista-de-ocio\/#listItem","position":2,"name":"Revista de Ocio","item":"https:\/\/www.eldigitaldeasturias.com\/noticias\/category\/revista-de-ocio\/","nextItem":{"@type":"ListItem","@id":"https:\/\/www.eldigitaldeasturias.com\/noticias\/peru-celebra-su-designacion-como-el-mejor-destino-culinario-del-mundo\/#listItem","name":"Per\u00fa celebra su designaci\u00f3n como el mejor destino culinario del mundo"},"previousItem":{"@type":"ListItem","@id":"https:\/\/www.eldigitaldeasturias.com\/noticias#listItem","name":"Home"}},{"@type":"ListItem","@id":"https:\/\/www.eldigitaldeasturias.com\/noticias\/peru-celebra-su-designacion-como-el-mejor-destino-culinario-del-mundo\/#listItem","position":3,"name":"Per\u00fa celebra su designaci\u00f3n como el mejor destino culinario del mundo","previousItem":{"@type":"ListItem","@id":"https:\/\/www.eldigitaldeasturias.com\/noticias\/category\/revista-de-ocio\/#listItem","name":"Revista de Ocio"}}]},{"@type":"Organization","@id":"https:\/\/www.eldigitaldeasturias.com\/noticias\/#organization","name":"El Digital de Asturias","description":"Hemeroteca","url":"https:\/\/www.eldigitaldeasturias.com\/noticias\/","email":"info@eldigitaldeasturias.com","telephone":"+34652131393","logo":{"@type":"ImageObject","url":"https:\/\/www.eldigitaldeasturias.com\/noticias\/wp-content\/uploads\/2020\/12\/EDA.jpg","@id":"https:\/\/www.eldigitaldeasturias.com\/noticias\/peru-celebra-su-designacion-como-el-mejor-destino-culinario-del-mundo\/#organizationLogo"},"image":{"@id":"https:\/\/www.eldigitaldeasturias.com\/noticias\/peru-celebra-su-designacion-como-el-mejor-destino-culinario-del-mundo\/#organizationLogo"},"sameAs":["https:\/\/facebook.com\/eldigitaldeasturias","https:\/\/www.youtube.com\/channel\/UCZP-2wLEB9Rv6erhFmqVnvg"],"address":{"@id":"https:\/\/www.eldigitaldeasturias.com\/noticias\/#postaladdress","@type":"PostalAddress","streetAddress":"san antonio 4","postalCode":"33430","addressLocality":"Cand\u00e1s","addressRegion":"Asturias","addressCountry":"ES"}},{"@type":"Person","@id":"https:\/\/www.eldigitaldeasturias.com\/noticias\/author\/admin\/#author","url":"https:\/\/www.eldigitaldeasturias.com\/noticias\/author\/admin\/","name":"El Digital de Asturias","image":{"@type":"ImageObject","@id":"https:\/\/www.eldigitaldeasturias.com\/noticias\/peru-celebra-su-designacion-como-el-mejor-destino-culinario-del-mundo\/#authorImage","url":"https:\/\/secure.gravatar.com\/avatar\/df2aeffc32bcd13f8d26072ef8a91b623d677766deac7f97ca815868cd41bf5e?s=96&d=mm&r=g","width":96,"height":96,"caption":"El Digital de Asturias"}},{"@type":"WebPage","@id":"https:\/\/www.eldigitaldeasturias.com\/noticias\/peru-celebra-su-designacion-como-el-mejor-destino-culinario-del-mundo\/#webpage","url":"https:\/\/www.eldigitaldeasturias.com\/noticias\/peru-celebra-su-designacion-como-el-mejor-destino-culinario-del-mundo\/","name":"Per\u00fa celebra su designaci\u00f3n como el mejor destino culinario del mundo - El Digital de Asturias","description":"Lima, 3 dic (EFE).- Las autoridades y los gastr\u00f3nomos peruanos celebraron hoy la designaci\u00f3n del pa\u00eds, por segundo a\u00f1o consecutivo, como el \"Mejor destino culinario del mundo\" en el r\u00e1nking del World Travel Awards (WTA) y se\u00f1alaron que eso fortalecer\u00e1 el desarrollo del turismo. Para el presidente de la Sociedad Peruana de Gastronom\u00eda (Apega), Bernardo","inLanguage":"es-ES","isPartOf":{"@id":"https:\/\/www.eldigitaldeasturias.com\/noticias\/#website"},"breadcrumb":{"@id":"https:\/\/www.eldigitaldeasturias.com\/noticias\/peru-celebra-su-designacion-como-el-mejor-destino-culinario-del-mundo\/#breadcrumblist"},"author":{"@id":"https:\/\/www.eldigitaldeasturias.com\/noticias\/author\/admin\/#author"},"creator":{"@id":"https:\/\/www.eldigitaldeasturias.com\/noticias\/author\/admin\/#author"},"image":{"@type":"ImageObject","url":457372,"@id":"https:\/\/www.eldigitaldeasturias.com\/noticias\/peru-celebra-su-designacion-como-el-mejor-destino-culinario-del-mundo\/#mainImage"},"primaryImageOfPage":{"@id":"https:\/\/www.eldigitaldeasturias.com\/noticias\/peru-celebra-su-designacion-como-el-mejor-destino-culinario-del-mundo\/#mainImage"},"datePublished":"2013-12-04T05:58:24+01:00","dateModified":"2013-12-04T05:58:24+01:00"},{"@type":"WebSite","@id":"https:\/\/www.eldigitaldeasturias.com\/noticias\/#website","url":"https:\/\/www.eldigitaldeasturias.com\/noticias\/","name":"El Digital de Asturias - Diario de actualidad y noticias","alternateName":"El Digital de Asturias - Diario de actualidad y noticias","description":"Hemeroteca","inLanguage":"es-ES","publisher":{"@id":"https:\/\/www.eldigitaldeasturias.com\/noticias\/#organization"}}]},"og:locale":"es_ES","og:site_name":"El Digital de Asturias","og:type":"article","og:title":"Per\u00fa celebra su designaci\u00f3n como el mejor destino culinario del mundo - El Digital de Asturias","og:description":"Lima, 3 dic (EFE).- Las autoridades y los gastr\u00f3nomos peruanos celebraron hoy la designaci\u00f3n del pa\u00eds, por segundo a\u00f1o consecutivo, como el &quot;Mejor destino culinario del mundo&quot; en el r\u00e1nking del World Travel Awards (WTA) y se\u00f1alaron que eso fortalecer\u00e1 el desarrollo del turismo. Para el presidente de la Sociedad Peruana de Gastronom\u00eda (Apega), Bernardo","og:url":"https:\/\/www.eldigitaldeasturias.com\/noticias\/peru-celebra-su-designacion-como-el-mejor-destino-culinario-del-mundo\/","article:tag":["revista de ocio"],"article:published_time":"2013-12-04T06:58:24+00:00","article:modified_time":"2013-12-04T06:58:24+00:00","article:publisher":"https:\/\/facebook.com\/eldigitaldeasturias","twitter:card":"summary_large_image","twitter:title":"Per\u00fa celebra su designaci\u00f3n como el mejor destino culinario del mundo - El Digital de Asturias","twitter:description":"Lima, 3 dic (EFE).- Las autoridades y los gastr\u00f3nomos peruanos celebraron hoy la designaci\u00f3n del pa\u00eds, por segundo a\u00f1o consecutivo, como el &quot;Mejor destino culinario del mundo&quot; en el r\u00e1nking del World Travel Awards (WTA) y se\u00f1alaron que eso fortalecer\u00e1 el desarrollo del turismo. Para el presidente de la Sociedad Peruana de Gastronom\u00eda (Apega), Bernardo","twitter:label1":"Escrito por","twitter:data1":"El Digital de Asturias","twitter:label2":"Tiempo de lectura estimado","twitter:data2":"2 minutos"},"aioseo_meta_data":{"post_id":"457371","title":null,"description":null,"keywords":null,"keyphrases":null,"primary_term":null,"canonical_url":null,"og_title":null,"og_description":null,"og_object_type":"default","og_image_type":"default","og_image_url":null,"og_image_width":null,"og_image_height":null,"og_image_custom_url":null,"og_image_custom_fields":null,"og_video":null,"og_custom_url":null,"og_article_section":null,"og_article_tags":null,"twitter_use_og":true,"twitter_card":"default","twitter_image_type":"default","twitter_image_url":null,"twitter_image_custom_url":null,"twitter_image_custom_fields":null,"twitter_title":null,"twitter_description":null,"schema":{"blockGraphs":[],"customGraphs":[],"default":{"data":{"Article":[],"Course":[],"Dataset":[],"FAQPage":[],"Movie":[],"Person":[],"Product":[],"ProductReview":[],"Car":[],"Recipe":[],"Service":[],"SoftwareApplication":[],"WebPage":[]},"graphName":"","isEnabled":true},"graphs":[],"defaultGraph":"","defaultPostTypeGraph":""},"schema_type":null,"schema_type_options":null,"pillar_content":false,"robots_default":true,"robots_noindex":false,"robots_noarchive":false,"robots_nosnippet":false,"robots_nofollow":false,"robots_noimageindex":false,"robots_noodp":false,"robots_notranslate":false,"robots_max_snippet":null,"robots_max_videopreview":null,"robots_max_imagepreview":"none","priority":null,"frequency":null,"local_seo":null,"seo_analyzer_scan_date":"2026-05-30 01:19:38","breadcrumb_settings":null,"limit_modified_date":false,"open_ai":null,"ai":null,"created":"2020-11-14 22:46:07","updated":"2026-05-30 01:19:38","focus_keyword":null,"additional_keywords":null,"truseo_locale":null},"aioseo_breadcrumb":"<div class=\"aioseo-breadcrumbs\"><span class=\"aioseo-breadcrumb\">\n\t<a href=\"https:\/\/www.eldigitaldeasturias.com\/noticias\" title=\"Home\">Home<\/a>\n<\/span><span class=\"aioseo-breadcrumb-separator\">\u2013<\/span><span class=\"aioseo-breadcrumb\">\n\t<a href=\"https:\/\/www.eldigitaldeasturias.com\/noticias\/category\/revista-de-ocio\/\" title=\"Revista de Ocio\">Revista de Ocio<\/a>\n<\/span><span class=\"aioseo-breadcrumb-separator\">\u2013<\/span><span class=\"aioseo-breadcrumb\">\n\t<a href=\"https:\/\/www.eldigitaldeasturias.com\/noticias\/peru-celebra-su-designacion-como-el-mejor-destino-culinario-del-mundo\/\" title=\"Per\u00fa celebra su designaci\u00f3n como el mejor destino culinario del mundo\">Per\u00fa celebra su designaci\u00f3n como el mejor destino culinario del mundo<\/a>\n<\/span><\/div>","aioseo_breadcrumb_json":[{"label":"Home","link":"https:\/\/www.eldigitaldeasturias.com\/noticias"},{"label":"Revista de Ocio","link":"https:\/\/www.eldigitaldeasturias.com\/noticias\/category\/revista-de-ocio\/"},{"label":"Per\u00fa celebra su designaci\u00f3n como el mejor destino culinario del mundo","link":"https:\/\/www.eldigitaldeasturias.com\/noticias\/peru-celebra-su-designacion-como-el-mejor-destino-culinario-del-mundo\/"}],"_links":{"self":[{"href":"https:\/\/www.eldigitaldeasturias.com\/noticias\/wp-json\/wp\/v2\/posts\/457371","targetHints":{"allow":["GET"]}}],"collection":[{"href":"https:\/\/www.eldigitaldeasturias.com\/noticias\/wp-json\/wp\/v2\/posts"}],"about":[{"href":"https:\/\/www.eldigitaldeasturias.com\/noticias\/wp-json\/wp\/v2\/types\/post"}],"author":[{"embeddable":true,"href":"https:\/\/www.eldigitaldeasturias.com\/noticias\/wp-json\/wp\/v2\/users\/1"}],"replies":[{"embeddable":true,"href":"https:\/\/www.eldigitaldeasturias.com\/noticias\/wp-json\/wp\/v2\/comments?post=457371"}],"version-history":[{"count":0,"href":"https:\/\/www.eldigitaldeasturias.com\/noticias\/wp-json\/wp\/v2\/posts\/457371\/revisions"}],"wp:attachment":[{"href":"https:\/\/www.eldigitaldeasturias.com\/noticias\/wp-json\/wp\/v2\/media?parent=457371"}],"wp:term":[{"taxonomy":"category","embeddable":true,"href":"https:\/\/www.eldigitaldeasturias.com\/noticias\/wp-json\/wp\/v2\/categories?post=457371"},{"taxonomy":"post_tag","embeddable":true,"href":"https:\/\/www.eldigitaldeasturias.com\/noticias\/wp-json\/wp\/v2\/tags?post=457371"}],"curies":[{"name":"wp","href":"https:\/\/api.w.org\/{rel}","templated":true}]}}