{"id":457358,"date":"2013-12-03T23:29:37","date_gmt":"2013-12-04T00:29:37","guid":{"rendered":"http:\/\/www.eldigitaldeasturias.com\/noticias\/?p=457358"},"modified":"2013-12-03T23:29:37","modified_gmt":"2013-12-04T00:29:37","slug":"el-teatro-real-pionero-en-un-sistema-de-accesibilidad-para-personas-sordas","status":"publish","type":"post","link":"https:\/\/www.eldigitaldeasturias.com\/noticias\/el-teatro-real-pionero-en-un-sistema-de-accesibilidad-para-personas-sordas\/","title":{"rendered":"El Teatro Real, pionero en un sistema de accesibilidad para personas sordas"},"content":{"rendered":"<p><img loading=\"lazy\" decoding=\"async\" class=\"alignleft size-medium wp-image-457359\" alt=\"5769070w\" src=\"https:\/\/www.eldigitaldeasturias.com\/noticias\/wp-content\/uploads\/2013\/12\/5769070w-360x225.jpg\" width=\"360\" height=\"225\" \/>Madrid, 3 dic (EFE).- El Teatro Real ha presentado hoy un novedoso sistema electr\u00f3nico de accesibilidad para personas sordas, un bucle magn\u00e9tico instalado en el patio de butacas que \u00ablimpia\u00bb el sonido de los aud\u00edfonos y mejora la calidad de sonido en los espectadores con problemas de audici\u00f3n.<\/p>\n<p>\u00abSomos el primer edificio hist\u00f3rico en Espa\u00f1a que permite este cableado en sus instalaciones\u00bb, ha declarado el director general del Teatro Real, Ignacio Garc\u00eda Belenguer, en un acto al que tambi\u00e9n han acudido la presidenta de la Fundaci\u00f3n Especial Caja Madrid, Carmen Cafranga, y el presidente de la Confederaci\u00f3n Espa\u00f1ola de Familias de Personas Sordas-FIAPAS, Jos\u00e9 Luis Aedo.<\/p>\n<p>El bucle magn\u00e9tico est\u00e1 implantado tanto en el patio de butacas como en las taquillas, e incluye receptores port\u00e1tiles inal\u00e1mbricos en las localidades de las personas que lo requieran, para que disfruten de la m\u00fasica con una mayor calidad de sonido.<\/p>\n<p>\u00abEstas herramientas promueven la democratizaci\u00f3n de las personas sordas en la sociedad y su actitud de participaci\u00f3n en el entorno cotidiano\u00bb, ha se\u00f1alado Aedo, y ha mencionado un reciente estudio del Instituto Nacional de Estad\u00edstica, que marca el acceso a la cultura como la faceta de desigualdad m\u00e1s marcada con las personas discapacitadas, un dato que asciende al 80% de deficiencias.<\/p>\n<p>El proyecto ha sido presentado con motivo del D\u00eda Internacional de las Personas con Discapacidad, y con el objetivo de ser \u00abejemplo para todos\u00bb, como ha resaltado Cafranga, quien tambi\u00e9n ha citado una encuesta de 2008 que cifra en m\u00e1s de 1.100.000 a las personas afectadas por una discapacidad auditiva.<\/p>\n<p>Este sistema de accesibilidad ya ha sido probado hace unos d\u00edas en un ensayo privado con espectadores sordos, que hoy han calificado la experiencia de \u00abc\u00f3moda\u00bb y \u00abn\u00edtida\u00bb, habiendo muchos \u00abdisfrutado\u00bb de una \u00f3pera por primera vez en su vida.<\/p>\n<p>El Teatro Real suma as\u00ed un nuevo plan de acercamiento a la cultura a los m\u00e1s impedidos despu\u00e9s de facilitar el acceso de minusv\u00e1lidos al edificio, y de conceder mayores facilidades a los discapacitados visuales; gracias a este novedoso servicio auditivo que se suma a otros recintos del mundo como la \u00d3pera de Sidney o la Sala de Conciertos de Estocolmo, entre otros.<\/p>\n<p>, quien tambi\u00e9n ha citado una encuesta de 2008 que cifra en m\u00e1s de 1.100.000 a las personas afectadas por una discapacidad auditiva.<br \/>\nEste sistema de accesibilidad ya ha sido probado hace unos d\u00edas en un ensayo privado con espectadores sordos, que hoy han calificado la experiencia de \u00abc\u00f3moda\u00bb y \u00abn\u00edtida\u00bb, habiendo muchos \u00abdisfrutado\u00bb de una \u00f3pera por primera vez en su vida.<br \/>\nEl Teatro Real suma as\u00ed un nuevo plan de acercamiento a la cultura a los m\u00e1s impedidos despu\u00e9s de facilitar el acceso de minusv\u00e1lidos al edificio, y de conceder mayores facilidades a los discapacitados visuales; gracias a este novedoso servicio auditivo que se suma a otros recintos del mundo como la \u00d3pera de Sidney o la Sala de Conciertos de Estocolmo, entre otros.<\/p>\n","protected":false},"excerpt":{"rendered":"<p>Madrid, 3 dic (EFE).- El Teatro Real ha presentado hoy un novedoso sistema electr\u00f3nico de accesibilidad para personas sordas, un bucle magn\u00e9tico instalado en el patio de butacas que \u00ablimpia\u00bb el sonido de los aud\u00edfonos y mejora la calidad de sonido en los espectadores con problemas de audici\u00f3n. \u00abSomos el primer edificio hist\u00f3rico en Espa\u00f1a [&hellip;]<\/p>\n","protected":false},"author":1,"featured_media":457359,"comment_status":"closed","ping_status":"open","sticky":false,"template":"","format":"standard","meta":{"footnotes":""},"categories":[50],"tags":[],"class_list":["post-457358","post","type-post","status-publish","format-standard","has-post-thumbnail","hentry","category-revista-de-ocio"],"aioseo_notices":[],"aioseo_head":"\n\t\t<!-- All in One SEO Pro 5.0.1 - aioseo.com -->\n\t<meta name=\"description\" content=\"Madrid, 3 dic (EFE).- El Teatro Real ha presentado hoy un novedoso sistema electr\u00f3nico de accesibilidad para personas sordas, un bucle magn\u00e9tico instalado en el patio de butacas que &quot;limpia&quot; el sonido de los aud\u00edfonos y mejora la calidad de sonido en los espectadores con problemas de audici\u00f3n. &quot;Somos el primer edificio hist\u00f3rico en Espa\u00f1a\" \/>\n\t<meta name=\"robots\" content=\"max-image-preview:large\" \/>\n\t<meta name=\"author\" content=\"El Digital de Asturias\"\/>\n\t<meta name=\"google-site-verification\" content=\"UA-38556648-1\" \/>\n\t<meta name=\"msvalidate.01\" content=\"7dfe9f3f1b24437ab69f4f2559babe99\" \/>\n\t<meta name=\"keywords\" content=\"revista de ocio\" \/>\n\t<link rel=\"canonical\" href=\"https:\/\/www.eldigitaldeasturias.com\/noticias\/el-teatro-real-pionero-en-un-sistema-de-accesibilidad-para-personas-sordas\/\" \/>\n\t<meta name=\"generator\" content=\"All in One SEO Pro (AIOSEO) 5.0.1\" \/>\n\t\t<meta property=\"og:locale\" content=\"es_ES\" \/>\n\t\t<meta property=\"og:site_name\" content=\"El Digital de Asturias\" \/>\n\t\t<meta property=\"og:type\" content=\"article\" \/>\n\t\t<meta property=\"og:title\" content=\"El Teatro Real, pionero en un sistema de accesibilidad para personas sordas - El Digital de Asturias\" \/>\n\t\t<meta property=\"og:description\" content=\"Madrid, 3 dic (EFE).- El Teatro Real ha presentado hoy un novedoso sistema electr\u00f3nico de accesibilidad para personas sordas, un bucle magn\u00e9tico instalado en el patio de butacas que &quot;limpia&quot; el sonido de los aud\u00edfonos y mejora la calidad de sonido en los espectadores con problemas de audici\u00f3n. &quot;Somos el primer edificio hist\u00f3rico en Espa\u00f1a\" \/>\n\t\t<meta property=\"og:url\" content=\"https:\/\/www.eldigitaldeasturias.com\/noticias\/el-teatro-real-pionero-en-un-sistema-de-accesibilidad-para-personas-sordas\/\" \/>\n\t\t<meta property=\"article:tag\" content=\"revista de ocio\" \/>\n\t\t<meta property=\"article:published_time\" content=\"2013-12-04T00:29:37+00:00\" \/>\n\t\t<meta property=\"article:modified_time\" content=\"2013-12-04T00:29:37+00:00\" \/>\n\t\t<meta property=\"article:publisher\" content=\"https:\/\/facebook.com\/eldigitaldeasturias\" \/>\n\t\t<meta name=\"twitter:card\" content=\"summary_large_image\" \/>\n\t\t<meta name=\"twitter:title\" content=\"El Teatro Real, pionero en un sistema de accesibilidad para personas sordas - El Digital de Asturias\" \/>\n\t\t<meta name=\"twitter:description\" content=\"Madrid, 3 dic (EFE).- El Teatro Real ha presentado hoy un novedoso sistema electr\u00f3nico de accesibilidad para personas sordas, un bucle magn\u00e9tico instalado en el patio de butacas que &quot;limpia&quot; el sonido de los aud\u00edfonos y mejora la calidad de sonido en los espectadores con problemas de audici\u00f3n. &quot;Somos el primer edificio hist\u00f3rico en Espa\u00f1a\" \/>\n\t\t<meta name=\"twitter:label1\" content=\"Escrito por\" \/>\n\t\t<meta name=\"twitter:data1\" content=\"El Digital de Asturias\" \/>\n\t\t<meta name=\"twitter:label2\" content=\"Tiempo de lectura estimado\" \/>\n\t\t<meta name=\"twitter:data2\" content=\"3 minutos\" \/>\n\t\t<script type=\"application\/ld+json\" class=\"aioseo-schema\">\n\t\t\t{\"@context\":\"https:\\\/\\\/schema.org\",\"@graph\":[{\"@type\":\"BlogPosting\",\"@id\":\"https:\\\/\\\/www.eldigitaldeasturias.com\\\/noticias\\\/el-teatro-real-pionero-en-un-sistema-de-accesibilidad-para-personas-sordas\\\/#blogposting\",\"name\":\"El Teatro Real, pionero en un sistema de accesibilidad para personas sordas - El Digital de Asturias\",\"headline\":\"El Teatro Real, pionero en un sistema de accesibilidad para personas sordas\",\"author\":{\"@id\":\"https:\\\/\\\/www.eldigitaldeasturias.com\\\/noticias\\\/author\\\/admin\\\/#author\"},\"publisher\":{\"@id\":\"https:\\\/\\\/www.eldigitaldeasturias.com\\\/noticias\\\/#organization\"},\"image\":{\"@type\":\"ImageObject\",\"url\":457359},\"datePublished\":\"2013-12-03T23:29:37+01:00\",\"dateModified\":\"2013-12-03T23:29:37+01:00\",\"inLanguage\":\"es-ES\",\"mainEntityOfPage\":{\"@id\":\"https:\\\/\\\/www.eldigitaldeasturias.com\\\/noticias\\\/el-teatro-real-pionero-en-un-sistema-de-accesibilidad-para-personas-sordas\\\/#webpage\"},\"isPartOf\":{\"@id\":\"https:\\\/\\\/www.eldigitaldeasturias.com\\\/noticias\\\/el-teatro-real-pionero-en-un-sistema-de-accesibilidad-para-personas-sordas\\\/#webpage\"},\"articleSection\":\"Revista de Ocio\"},{\"@type\":\"BreadcrumbList\",\"@id\":\"https:\\\/\\\/www.eldigitaldeasturias.com\\\/noticias\\\/el-teatro-real-pionero-en-un-sistema-de-accesibilidad-para-personas-sordas\\\/#breadcrumblist\",\"itemListElement\":[{\"@type\":\"ListItem\",\"@id\":\"https:\\\/\\\/www.eldigitaldeasturias.com\\\/noticias#listItem\",\"position\":1,\"name\":\"Home\",\"item\":\"https:\\\/\\\/www.eldigitaldeasturias.com\\\/noticias\",\"nextItem\":{\"@type\":\"ListItem\",\"@id\":\"https:\\\/\\\/www.eldigitaldeasturias.com\\\/noticias\\\/category\\\/revista-de-ocio\\\/#listItem\",\"name\":\"Revista de Ocio\"}},{\"@type\":\"ListItem\",\"@id\":\"https:\\\/\\\/www.eldigitaldeasturias.com\\\/noticias\\\/category\\\/revista-de-ocio\\\/#listItem\",\"position\":2,\"name\":\"Revista de Ocio\",\"item\":\"https:\\\/\\\/www.eldigitaldeasturias.com\\\/noticias\\\/category\\\/revista-de-ocio\\\/\",\"nextItem\":{\"@type\":\"ListItem\",\"@id\":\"https:\\\/\\\/www.eldigitaldeasturias.com\\\/noticias\\\/el-teatro-real-pionero-en-un-sistema-de-accesibilidad-para-personas-sordas\\\/#listItem\",\"name\":\"El Teatro Real, pionero en un sistema de accesibilidad para personas sordas\"},\"previousItem\":{\"@type\":\"ListItem\",\"@id\":\"https:\\\/\\\/www.eldigitaldeasturias.com\\\/noticias#listItem\",\"name\":\"Home\"}},{\"@type\":\"ListItem\",\"@id\":\"https:\\\/\\\/www.eldigitaldeasturias.com\\\/noticias\\\/el-teatro-real-pionero-en-un-sistema-de-accesibilidad-para-personas-sordas\\\/#listItem\",\"position\":3,\"name\":\"El Teatro Real, pionero en un sistema de accesibilidad para personas sordas\",\"previousItem\":{\"@type\":\"ListItem\",\"@id\":\"https:\\\/\\\/www.eldigitaldeasturias.com\\\/noticias\\\/category\\\/revista-de-ocio\\\/#listItem\",\"name\":\"Revista de Ocio\"}}]},{\"@type\":\"Organization\",\"@id\":\"https:\\\/\\\/www.eldigitaldeasturias.com\\\/noticias\\\/#organization\",\"name\":\"El Digital de Asturias\",\"description\":\"Hemeroteca\",\"url\":\"https:\\\/\\\/www.eldigitaldeasturias.com\\\/noticias\\\/\",\"email\":\"info@eldigitaldeasturias.com\",\"telephone\":\"+34652131393\",\"logo\":{\"@type\":\"ImageObject\",\"url\":\"https:\\\/\\\/www.eldigitaldeasturias.com\\\/noticias\\\/wp-content\\\/uploads\\\/2020\\\/12\\\/EDA.jpg\",\"@id\":\"https:\\\/\\\/www.eldigitaldeasturias.com\\\/noticias\\\/el-teatro-real-pionero-en-un-sistema-de-accesibilidad-para-personas-sordas\\\/#organizationLogo\"},\"image\":{\"@id\":\"https:\\\/\\\/www.eldigitaldeasturias.com\\\/noticias\\\/el-teatro-real-pionero-en-un-sistema-de-accesibilidad-para-personas-sordas\\\/#organizationLogo\"},\"sameAs\":[\"https:\\\/\\\/facebook.com\\\/eldigitaldeasturias\",\"https:\\\/\\\/www.youtube.com\\\/channel\\\/UCZP-2wLEB9Rv6erhFmqVnvg\"],\"address\":{\"@id\":\"https:\\\/\\\/www.eldigitaldeasturias.com\\\/noticias\\\/#postaladdress\",\"@type\":\"PostalAddress\",\"streetAddress\":\"san antonio 4\",\"postalCode\":\"33430\",\"addressLocality\":\"Cand\\u00e1s\",\"addressRegion\":\"Asturias\",\"addressCountry\":\"ES\"}},{\"@type\":\"Person\",\"@id\":\"https:\\\/\\\/www.eldigitaldeasturias.com\\\/noticias\\\/author\\\/admin\\\/#author\",\"url\":\"https:\\\/\\\/www.eldigitaldeasturias.com\\\/noticias\\\/author\\\/admin\\\/\",\"name\":\"El Digital de Asturias\",\"image\":{\"@type\":\"ImageObject\",\"@id\":\"https:\\\/\\\/www.eldigitaldeasturias.com\\\/noticias\\\/el-teatro-real-pionero-en-un-sistema-de-accesibilidad-para-personas-sordas\\\/#authorImage\",\"url\":\"https:\\\/\\\/secure.gravatar.com\\\/avatar\\\/df2aeffc32bcd13f8d26072ef8a91b623d677766deac7f97ca815868cd41bf5e?s=96&d=mm&r=g\",\"width\":96,\"height\":96,\"caption\":\"El Digital de Asturias\"}},{\"@type\":\"WebPage\",\"@id\":\"https:\\\/\\\/www.eldigitaldeasturias.com\\\/noticias\\\/el-teatro-real-pionero-en-un-sistema-de-accesibilidad-para-personas-sordas\\\/#webpage\",\"url\":\"https:\\\/\\\/www.eldigitaldeasturias.com\\\/noticias\\\/el-teatro-real-pionero-en-un-sistema-de-accesibilidad-para-personas-sordas\\\/\",\"name\":\"El Teatro Real, pionero en un sistema de accesibilidad para personas sordas - El Digital de Asturias\",\"description\":\"Madrid, 3 dic (EFE).- El Teatro Real ha presentado hoy un novedoso sistema electr\\u00f3nico de accesibilidad para personas sordas, un bucle magn\\u00e9tico instalado en el patio de butacas que \\\"limpia\\\" el sonido de los aud\\u00edfonos y mejora la calidad de sonido en los espectadores con problemas de audici\\u00f3n. \\\"Somos el primer edificio hist\\u00f3rico en Espa\\u00f1a\",\"inLanguage\":\"es-ES\",\"isPartOf\":{\"@id\":\"https:\\\/\\\/www.eldigitaldeasturias.com\\\/noticias\\\/#website\"},\"breadcrumb\":{\"@id\":\"https:\\\/\\\/www.eldigitaldeasturias.com\\\/noticias\\\/el-teatro-real-pionero-en-un-sistema-de-accesibilidad-para-personas-sordas\\\/#breadcrumblist\"},\"author\":{\"@id\":\"https:\\\/\\\/www.eldigitaldeasturias.com\\\/noticias\\\/author\\\/admin\\\/#author\"},\"creator\":{\"@id\":\"https:\\\/\\\/www.eldigitaldeasturias.com\\\/noticias\\\/author\\\/admin\\\/#author\"},\"image\":{\"@type\":\"ImageObject\",\"url\":457359,\"@id\":\"https:\\\/\\\/www.eldigitaldeasturias.com\\\/noticias\\\/el-teatro-real-pionero-en-un-sistema-de-accesibilidad-para-personas-sordas\\\/#mainImage\"},\"primaryImageOfPage\":{\"@id\":\"https:\\\/\\\/www.eldigitaldeasturias.com\\\/noticias\\\/el-teatro-real-pionero-en-un-sistema-de-accesibilidad-para-personas-sordas\\\/#mainImage\"},\"datePublished\":\"2013-12-03T23:29:37+01:00\",\"dateModified\":\"2013-12-03T23:29:37+01:00\"},{\"@type\":\"WebSite\",\"@id\":\"https:\\\/\\\/www.eldigitaldeasturias.com\\\/noticias\\\/#website\",\"url\":\"https:\\\/\\\/www.eldigitaldeasturias.com\\\/noticias\\\/\",\"name\":\"El Digital de Asturias - Diario de actualidad y noticias\",\"alternateName\":\"El Digital de Asturias - Diario de actualidad y noticias\",\"description\":\"Hemeroteca\",\"inLanguage\":\"es-ES\",\"publisher\":{\"@id\":\"https:\\\/\\\/www.eldigitaldeasturias.com\\\/noticias\\\/#organization\"}}]}\n\t\t<\/script>\n\t\t<!-- All in One SEO Pro -->\r\n\t\t<title>El Teatro Real, pionero en un sistema de accesibilidad para personas sordas - El Digital de Asturias<\/title>\n\n","aioseo_head_json":{"title":"El Teatro Real, pionero en un sistema de accesibilidad para personas sordas - El Digital de Asturias","description":"Madrid, 3 dic (EFE).- El Teatro Real ha presentado hoy un novedoso sistema electr\u00f3nico de accesibilidad para personas sordas, un bucle magn\u00e9tico instalado en el patio de butacas que \"limpia\" el sonido de los aud\u00edfonos y mejora la calidad de sonido en los espectadores con problemas de audici\u00f3n. \"Somos el primer edificio hist\u00f3rico en Espa\u00f1a","canonical_url":"https:\/\/www.eldigitaldeasturias.com\/noticias\/el-teatro-real-pionero-en-un-sistema-de-accesibilidad-para-personas-sordas\/","robots":"max-image-preview:large","keywords":"revista de ocio","webmasterTools":{"google-site-verification":"UA-38556648-1","msvalidate.01":"7dfe9f3f1b24437ab69f4f2559babe99","miscellaneous":""},"schema":{"@context":"https:\/\/schema.org","@graph":[{"@type":"BlogPosting","@id":"https:\/\/www.eldigitaldeasturias.com\/noticias\/el-teatro-real-pionero-en-un-sistema-de-accesibilidad-para-personas-sordas\/#blogposting","name":"El Teatro Real, pionero en un sistema de accesibilidad para personas sordas - El Digital de Asturias","headline":"El Teatro Real, pionero en un sistema de accesibilidad para personas sordas","author":{"@id":"https:\/\/www.eldigitaldeasturias.com\/noticias\/author\/admin\/#author"},"publisher":{"@id":"https:\/\/www.eldigitaldeasturias.com\/noticias\/#organization"},"image":{"@type":"ImageObject","url":457359},"datePublished":"2013-12-03T23:29:37+01:00","dateModified":"2013-12-03T23:29:37+01:00","inLanguage":"es-ES","mainEntityOfPage":{"@id":"https:\/\/www.eldigitaldeasturias.com\/noticias\/el-teatro-real-pionero-en-un-sistema-de-accesibilidad-para-personas-sordas\/#webpage"},"isPartOf":{"@id":"https:\/\/www.eldigitaldeasturias.com\/noticias\/el-teatro-real-pionero-en-un-sistema-de-accesibilidad-para-personas-sordas\/#webpage"},"articleSection":"Revista de Ocio"},{"@type":"BreadcrumbList","@id":"https:\/\/www.eldigitaldeasturias.com\/noticias\/el-teatro-real-pionero-en-un-sistema-de-accesibilidad-para-personas-sordas\/#breadcrumblist","itemListElement":[{"@type":"ListItem","@id":"https:\/\/www.eldigitaldeasturias.com\/noticias#listItem","position":1,"name":"Home","item":"https:\/\/www.eldigitaldeasturias.com\/noticias","nextItem":{"@type":"ListItem","@id":"https:\/\/www.eldigitaldeasturias.com\/noticias\/category\/revista-de-ocio\/#listItem","name":"Revista de Ocio"}},{"@type":"ListItem","@id":"https:\/\/www.eldigitaldeasturias.com\/noticias\/category\/revista-de-ocio\/#listItem","position":2,"name":"Revista de Ocio","item":"https:\/\/www.eldigitaldeasturias.com\/noticias\/category\/revista-de-ocio\/","nextItem":{"@type":"ListItem","@id":"https:\/\/www.eldigitaldeasturias.com\/noticias\/el-teatro-real-pionero-en-un-sistema-de-accesibilidad-para-personas-sordas\/#listItem","name":"El Teatro Real, pionero en un sistema de accesibilidad para personas sordas"},"previousItem":{"@type":"ListItem","@id":"https:\/\/www.eldigitaldeasturias.com\/noticias#listItem","name":"Home"}},{"@type":"ListItem","@id":"https:\/\/www.eldigitaldeasturias.com\/noticias\/el-teatro-real-pionero-en-un-sistema-de-accesibilidad-para-personas-sordas\/#listItem","position":3,"name":"El Teatro Real, pionero en un sistema de accesibilidad para personas sordas","previousItem":{"@type":"ListItem","@id":"https:\/\/www.eldigitaldeasturias.com\/noticias\/category\/revista-de-ocio\/#listItem","name":"Revista de Ocio"}}]},{"@type":"Organization","@id":"https:\/\/www.eldigitaldeasturias.com\/noticias\/#organization","name":"El Digital de Asturias","description":"Hemeroteca","url":"https:\/\/www.eldigitaldeasturias.com\/noticias\/","email":"info@eldigitaldeasturias.com","telephone":"+34652131393","logo":{"@type":"ImageObject","url":"https:\/\/www.eldigitaldeasturias.com\/noticias\/wp-content\/uploads\/2020\/12\/EDA.jpg","@id":"https:\/\/www.eldigitaldeasturias.com\/noticias\/el-teatro-real-pionero-en-un-sistema-de-accesibilidad-para-personas-sordas\/#organizationLogo"},"image":{"@id":"https:\/\/www.eldigitaldeasturias.com\/noticias\/el-teatro-real-pionero-en-un-sistema-de-accesibilidad-para-personas-sordas\/#organizationLogo"},"sameAs":["https:\/\/facebook.com\/eldigitaldeasturias","https:\/\/www.youtube.com\/channel\/UCZP-2wLEB9Rv6erhFmqVnvg"],"address":{"@id":"https:\/\/www.eldigitaldeasturias.com\/noticias\/#postaladdress","@type":"PostalAddress","streetAddress":"san antonio 4","postalCode":"33430","addressLocality":"Cand\u00e1s","addressRegion":"Asturias","addressCountry":"ES"}},{"@type":"Person","@id":"https:\/\/www.eldigitaldeasturias.com\/noticias\/author\/admin\/#author","url":"https:\/\/www.eldigitaldeasturias.com\/noticias\/author\/admin\/","name":"El Digital de Asturias","image":{"@type":"ImageObject","@id":"https:\/\/www.eldigitaldeasturias.com\/noticias\/el-teatro-real-pionero-en-un-sistema-de-accesibilidad-para-personas-sordas\/#authorImage","url":"https:\/\/secure.gravatar.com\/avatar\/df2aeffc32bcd13f8d26072ef8a91b623d677766deac7f97ca815868cd41bf5e?s=96&d=mm&r=g","width":96,"height":96,"caption":"El Digital de Asturias"}},{"@type":"WebPage","@id":"https:\/\/www.eldigitaldeasturias.com\/noticias\/el-teatro-real-pionero-en-un-sistema-de-accesibilidad-para-personas-sordas\/#webpage","url":"https:\/\/www.eldigitaldeasturias.com\/noticias\/el-teatro-real-pionero-en-un-sistema-de-accesibilidad-para-personas-sordas\/","name":"El Teatro Real, pionero en un sistema de accesibilidad para personas sordas - El Digital de Asturias","description":"Madrid, 3 dic (EFE).- El Teatro Real ha presentado hoy un novedoso sistema electr\u00f3nico de accesibilidad para personas sordas, un bucle magn\u00e9tico instalado en el patio de butacas que \"limpia\" el sonido de los aud\u00edfonos y mejora la calidad de sonido en los espectadores con problemas de audici\u00f3n. \"Somos el primer edificio hist\u00f3rico en Espa\u00f1a","inLanguage":"es-ES","isPartOf":{"@id":"https:\/\/www.eldigitaldeasturias.com\/noticias\/#website"},"breadcrumb":{"@id":"https:\/\/www.eldigitaldeasturias.com\/noticias\/el-teatro-real-pionero-en-un-sistema-de-accesibilidad-para-personas-sordas\/#breadcrumblist"},"author":{"@id":"https:\/\/www.eldigitaldeasturias.com\/noticias\/author\/admin\/#author"},"creator":{"@id":"https:\/\/www.eldigitaldeasturias.com\/noticias\/author\/admin\/#author"},"image":{"@type":"ImageObject","url":457359,"@id":"https:\/\/www.eldigitaldeasturias.com\/noticias\/el-teatro-real-pionero-en-un-sistema-de-accesibilidad-para-personas-sordas\/#mainImage"},"primaryImageOfPage":{"@id":"https:\/\/www.eldigitaldeasturias.com\/noticias\/el-teatro-real-pionero-en-un-sistema-de-accesibilidad-para-personas-sordas\/#mainImage"},"datePublished":"2013-12-03T23:29:37+01:00","dateModified":"2013-12-03T23:29:37+01:00"},{"@type":"WebSite","@id":"https:\/\/www.eldigitaldeasturias.com\/noticias\/#website","url":"https:\/\/www.eldigitaldeasturias.com\/noticias\/","name":"El Digital de Asturias - Diario de actualidad y noticias","alternateName":"El Digital de Asturias - Diario de actualidad y noticias","description":"Hemeroteca","inLanguage":"es-ES","publisher":{"@id":"https:\/\/www.eldigitaldeasturias.com\/noticias\/#organization"}}]},"og:locale":"es_ES","og:site_name":"El Digital de Asturias","og:type":"article","og:title":"El Teatro Real, pionero en un sistema de accesibilidad para personas sordas - El Digital de Asturias","og:description":"Madrid, 3 dic (EFE).- El Teatro Real ha presentado hoy un novedoso sistema electr\u00f3nico de accesibilidad para personas sordas, un bucle magn\u00e9tico instalado en el patio de butacas que &quot;limpia&quot; el sonido de los aud\u00edfonos y mejora la calidad de sonido en los espectadores con problemas de audici\u00f3n. &quot;Somos el primer edificio hist\u00f3rico en Espa\u00f1a","og:url":"https:\/\/www.eldigitaldeasturias.com\/noticias\/el-teatro-real-pionero-en-un-sistema-de-accesibilidad-para-personas-sordas\/","article:tag":["revista de ocio"],"article:published_time":"2013-12-04T00:29:37+00:00","article:modified_time":"2013-12-04T00:29:37+00:00","article:publisher":"https:\/\/facebook.com\/eldigitaldeasturias","twitter:card":"summary_large_image","twitter:title":"El Teatro Real, pionero en un sistema de accesibilidad para personas sordas - El Digital de Asturias","twitter:description":"Madrid, 3 dic (EFE).- El Teatro Real ha presentado hoy un novedoso sistema electr\u00f3nico de accesibilidad para personas sordas, un bucle magn\u00e9tico instalado en el patio de butacas que &quot;limpia&quot; el sonido de los aud\u00edfonos y mejora la calidad de sonido en los espectadores con problemas de audici\u00f3n. &quot;Somos el primer edificio hist\u00f3rico en Espa\u00f1a","twitter:label1":"Escrito por","twitter:data1":"El Digital de Asturias","twitter:label2":"Tiempo de lectura estimado","twitter:data2":"3 minutos"},"aioseo_meta_data":{"post_id":"457358","title":null,"description":null,"keywords":null,"keyphrases":null,"primary_term":null,"canonical_url":null,"og_title":null,"og_description":null,"og_object_type":"default","og_image_type":"default","og_image_url":null,"og_image_width":null,"og_image_height":null,"og_image_custom_url":null,"og_image_custom_fields":null,"og_video":null,"og_custom_url":null,"og_article_section":null,"og_article_tags":null,"twitter_use_og":true,"twitter_card":"default","twitter_image_type":"default","twitter_image_url":null,"twitter_image_custom_url":null,"twitter_image_custom_fields":null,"twitter_title":null,"twitter_description":null,"schema":{"blockGraphs":[],"customGraphs":[],"default":{"data":{"Article":[],"Course":[],"Dataset":[],"FAQPage":[],"Movie":[],"Person":[],"Product":[],"ProductReview":[],"Car":[],"Recipe":[],"Service":[],"SoftwareApplication":[],"WebPage":[]},"graphName":"","isEnabled":true},"graphs":[],"defaultGraph":"","defaultPostTypeGraph":""},"schema_type":null,"schema_type_options":null,"pillar_content":false,"robots_default":true,"robots_noindex":false,"robots_noarchive":false,"robots_nosnippet":false,"robots_nofollow":false,"robots_noimageindex":false,"robots_noodp":false,"robots_notranslate":false,"robots_max_snippet":null,"robots_max_videopreview":null,"robots_max_imagepreview":"none","priority":null,"frequency":null,"local_seo":null,"seo_analyzer_scan_date":"2026-05-30 01:19:36","breadcrumb_settings":null,"limit_modified_date":false,"open_ai":null,"ai":null,"created":"2020-11-14 22:46:07","updated":"2026-05-30 01:19:36","focus_keyword":null,"additional_keywords":null,"truseo_locale":null},"aioseo_breadcrumb":"<div class=\"aioseo-breadcrumbs\"><span class=\"aioseo-breadcrumb\">\n\t<a href=\"https:\/\/www.eldigitaldeasturias.com\/noticias\" title=\"Home\">Home<\/a>\n<\/span><span class=\"aioseo-breadcrumb-separator\">\u2013<\/span><span class=\"aioseo-breadcrumb\">\n\t<a href=\"https:\/\/www.eldigitaldeasturias.com\/noticias\/category\/revista-de-ocio\/\" title=\"Revista de Ocio\">Revista de Ocio<\/a>\n<\/span><span class=\"aioseo-breadcrumb-separator\">\u2013<\/span><span class=\"aioseo-breadcrumb\">\n\t<a href=\"https:\/\/www.eldigitaldeasturias.com\/noticias\/el-teatro-real-pionero-en-un-sistema-de-accesibilidad-para-personas-sordas\/\" title=\"El Teatro Real, pionero en un sistema de accesibilidad para personas sordas\">El Teatro Real, pionero en un sistema de accesibilidad para personas sordas<\/a>\n<\/span><\/div>","aioseo_breadcrumb_json":[{"label":"Home","link":"https:\/\/www.eldigitaldeasturias.com\/noticias"},{"label":"Revista de Ocio","link":"https:\/\/www.eldigitaldeasturias.com\/noticias\/category\/revista-de-ocio\/"},{"label":"El Teatro Real, pionero en un sistema de accesibilidad para personas sordas","link":"https:\/\/www.eldigitaldeasturias.com\/noticias\/el-teatro-real-pionero-en-un-sistema-de-accesibilidad-para-personas-sordas\/"}],"_links":{"self":[{"href":"https:\/\/www.eldigitaldeasturias.com\/noticias\/wp-json\/wp\/v2\/posts\/457358","targetHints":{"allow":["GET"]}}],"collection":[{"href":"https:\/\/www.eldigitaldeasturias.com\/noticias\/wp-json\/wp\/v2\/posts"}],"about":[{"href":"https:\/\/www.eldigitaldeasturias.com\/noticias\/wp-json\/wp\/v2\/types\/post"}],"author":[{"embeddable":true,"href":"https:\/\/www.eldigitaldeasturias.com\/noticias\/wp-json\/wp\/v2\/users\/1"}],"replies":[{"embeddable":true,"href":"https:\/\/www.eldigitaldeasturias.com\/noticias\/wp-json\/wp\/v2\/comments?post=457358"}],"version-history":[{"count":0,"href":"https:\/\/www.eldigitaldeasturias.com\/noticias\/wp-json\/wp\/v2\/posts\/457358\/revisions"}],"wp:attachment":[{"href":"https:\/\/www.eldigitaldeasturias.com\/noticias\/wp-json\/wp\/v2\/media?parent=457358"}],"wp:term":[{"taxonomy":"category","embeddable":true,"href":"https:\/\/www.eldigitaldeasturias.com\/noticias\/wp-json\/wp\/v2\/categories?post=457358"},{"taxonomy":"post_tag","embeddable":true,"href":"https:\/\/www.eldigitaldeasturias.com\/noticias\/wp-json\/wp\/v2\/tags?post=457358"}],"curies":[{"name":"wp","href":"https:\/\/api.w.org\/{rel}","templated":true}]}}