{"id":457348,"date":"2013-12-03T22:46:31","date_gmt":"2013-12-03T23:46:31","guid":{"rendered":"http:\/\/www.eldigitaldeasturias.com\/noticias\/?p=457348"},"modified":"2013-12-03T22:46:31","modified_gmt":"2013-12-03T23:46:31","slug":"ecologistas-en-accion-cumple-15-anos","status":"publish","type":"post","link":"https:\/\/www.eldigitaldeasturias.com\/noticias\/ecologistas-en-accion-cumple-15-anos\/","title":{"rendered":"Ecologistas en Acci\u00f3n cumple 15 a\u00f1os"},"content":{"rendered":"<p><img loading=\"lazy\" decoding=\"async\" class=\"alignleft size-medium wp-image-457349\" alt=\"5769215w\" src=\"https:\/\/www.eldigitaldeasturias.com\/noticias\/wp-content\/uploads\/2013\/12\/5769215w-360x239.jpg\" width=\"360\" height=\"239\" \/>Madrid, 3 dic (EFE).- Ecologistas En Acci\u00f3n celebrar\u00e1 este fin de semana una asamblea confederal para celebrar 15 a\u00f1os de vida, en los que ha sumado logros \u00abgrandes y peque\u00f1os\u00bb y optado por \u00abcrear alianzas, caminar despacio y dar espacio a todas las personas\u00bb.<\/p>\n<p>La asamblea constituyente tuvo lugar entre el 5 y 7 de diciembre de 1998 en Colmenar (Madrid) y entre sus fundadores figuraban Francisco Segura, Theo Oberhuber y Santiago Mart\u00edn Barajas.<\/p>\n<p>Para celebrar la llegada a la adolescencia, los grupos que integran Ecologistas en Acci\u00f3n han elegido quince momentos que les hacen recordar que merece la pena seguir caminando, pese a los tiempos de recortes y castigos, explica hoy la ONG en una nota.<\/p>\n<p>\u00abSon logros grandes y peque\u00f1os, unos son puntuales, otros de largo recorrido, algunos son poco conocidos y varios est\u00e1n a medio hacer\u00bb.<\/p>\n<p>En 1998 culmin\u00f3 la uni\u00f3n de 300 grupos ecologistas y de defensa de la naturaleza bajo el paraguas com\u00fan de Ecologistas en Acci\u00f3n.<\/p>\n<p>El nacimiento de la confederaci\u00f3n fue fruto de dos a\u00f1os de negociaciones y reflexi\u00f3n entre muchas personas y colectivos, capaces de dejar a un lado algunas diferencias e individualidades para apostar por el trabajo conjunto y la uni\u00f3n, a\u00f1ade la ONG.<\/p>\n<p>De esta manera, se logr\u00f3 aglutinar \u00aba buena parte\u00bb del ecologismo social, pol\u00edtico y ambiental del pa\u00eds.<\/p>\n<p>Entre los momentos cruciales vividos en estos 15 a\u00f1os, recuerda la movilizaci\u00f3n de voluntarios para la limpieza del chapapote tras el Prestige; la paralizaci\u00f3n, junto a otros colectivos, del trasvase del Ebro, la iniciativa \u00abSalvar Veneguera\u00bb, que evit\u00f3 una macrourbanizaci\u00f3n en Gran Canaria, o la movilizaci\u00f3n contra la Refiner\u00eda Balboa en Tierra de Barros (Badajoz).<\/p>\n<p>Tambi\u00e9n frenaron los proyectos de Gran Scala en Los Monegros; la incineradora de Zubieta en Gipuzkoa o la construcci\u00f3n de la T\u00e9rmica de Barajas de Melo, en Cuenca.<\/p>\n<p>Ahora, Ecologistas en Acci\u00f3n se moviliza contra el almac\u00e9n de residuos nucleares de alta radiactividad de Villar de Ca\u00f1as y contra el proyecto de Eurovegas en Alcorc\u00f3n (Madrid).<\/p>\n","protected":false},"excerpt":{"rendered":"<p>Madrid, 3 dic (EFE).- Ecologistas En Acci\u00f3n celebrar\u00e1 este fin de semana una asamblea confederal para celebrar 15 a\u00f1os de vida, en los que ha sumado logros \u00abgrandes y peque\u00f1os\u00bb y optado por \u00abcrear alianzas, caminar despacio y dar espacio a todas las personas\u00bb. La asamblea constituyente tuvo lugar entre el 5 y 7 de [&hellip;]<\/p>\n","protected":false},"author":1,"featured_media":457349,"comment_status":"closed","ping_status":"open","sticky":false,"template":"","format":"standard","meta":{"footnotes":""},"categories":[28],"tags":[],"class_list":["post-457348","post","type-post","status-publish","format-standard","has-post-thumbnail","hentry","category-sociedad"],"aioseo_notices":[],"aioseo_head":"\n\t\t<!-- All in One SEO Pro 5.0.1 - aioseo.com -->\n\t<meta name=\"description\" content=\"Madrid, 3 dic (EFE).- Ecologistas En Acci\u00f3n celebrar\u00e1 este fin de semana una asamblea confederal para celebrar 15 a\u00f1os de vida, en los que ha sumado logros &quot;grandes y peque\u00f1os&quot; y optado por &quot;crear alianzas, caminar despacio y dar espacio a todas las personas&quot;. La asamblea constituyente tuvo lugar entre el 5 y 7 de\" \/>\n\t<meta name=\"robots\" content=\"max-image-preview:large\" \/>\n\t<meta name=\"author\" content=\"El Digital de Asturias\"\/>\n\t<meta name=\"google-site-verification\" content=\"UA-38556648-1\" \/>\n\t<meta name=\"msvalidate.01\" content=\"7dfe9f3f1b24437ab69f4f2559babe99\" \/>\n\t<meta name=\"keywords\" content=\"sociedad\" \/>\n\t<link rel=\"canonical\" href=\"https:\/\/www.eldigitaldeasturias.com\/noticias\/ecologistas-en-accion-cumple-15-anos\/\" \/>\n\t<meta name=\"generator\" content=\"All in One SEO Pro (AIOSEO) 5.0.1\" \/>\n\t\t<meta property=\"og:locale\" content=\"es_ES\" \/>\n\t\t<meta property=\"og:site_name\" content=\"El Digital de Asturias\" \/>\n\t\t<meta property=\"og:type\" content=\"article\" \/>\n\t\t<meta property=\"og:title\" content=\"Ecologistas en Acci\u00f3n cumple 15 a\u00f1os - El Digital de Asturias\" \/>\n\t\t<meta property=\"og:description\" content=\"Madrid, 3 dic (EFE).- Ecologistas En Acci\u00f3n celebrar\u00e1 este fin de semana una asamblea confederal para celebrar 15 a\u00f1os de vida, en los que ha sumado logros &quot;grandes y peque\u00f1os&quot; y optado por &quot;crear alianzas, caminar despacio y dar espacio a todas las personas&quot;. La asamblea constituyente tuvo lugar entre el 5 y 7 de\" \/>\n\t\t<meta property=\"og:url\" content=\"https:\/\/www.eldigitaldeasturias.com\/noticias\/ecologistas-en-accion-cumple-15-anos\/\" \/>\n\t\t<meta property=\"article:tag\" content=\"sociedad\" \/>\n\t\t<meta property=\"article:published_time\" content=\"2013-12-03T23:46:31+00:00\" \/>\n\t\t<meta property=\"article:modified_time\" content=\"2013-12-03T23:46:31+00:00\" \/>\n\t\t<meta property=\"article:publisher\" content=\"https:\/\/facebook.com\/eldigitaldeasturias\" \/>\n\t\t<meta name=\"twitter:card\" content=\"summary_large_image\" \/>\n\t\t<meta name=\"twitter:title\" content=\"Ecologistas en Acci\u00f3n cumple 15 a\u00f1os - El Digital de Asturias\" \/>\n\t\t<meta name=\"twitter:description\" content=\"Madrid, 3 dic (EFE).- Ecologistas En Acci\u00f3n celebrar\u00e1 este fin de semana una asamblea confederal para celebrar 15 a\u00f1os de vida, en los que ha sumado logros &quot;grandes y peque\u00f1os&quot; y optado por &quot;crear alianzas, caminar despacio y dar espacio a todas las personas&quot;. La asamblea constituyente tuvo lugar entre el 5 y 7 de\" \/>\n\t\t<meta name=\"twitter:label1\" content=\"Escrito por\" \/>\n\t\t<meta name=\"twitter:data1\" content=\"El Digital de Asturias\" \/>\n\t\t<meta name=\"twitter:label2\" content=\"Tiempo de lectura estimado\" \/>\n\t\t<meta name=\"twitter:data2\" content=\"2 minutos\" \/>\n\t\t<script type=\"application\/ld+json\" class=\"aioseo-schema\">\n\t\t\t{\"@context\":\"https:\\\/\\\/schema.org\",\"@graph\":[{\"@type\":\"BlogPosting\",\"@id\":\"https:\\\/\\\/www.eldigitaldeasturias.com\\\/noticias\\\/ecologistas-en-accion-cumple-15-anos\\\/#blogposting\",\"name\":\"Ecologistas en Acci\\u00f3n cumple 15 a\\u00f1os - El Digital de Asturias\",\"headline\":\"Ecologistas en Acci\\u00f3n cumple 15 a\\u00f1os\",\"author\":{\"@id\":\"https:\\\/\\\/www.eldigitaldeasturias.com\\\/noticias\\\/author\\\/admin\\\/#author\"},\"publisher\":{\"@id\":\"https:\\\/\\\/www.eldigitaldeasturias.com\\\/noticias\\\/#organization\"},\"image\":{\"@type\":\"ImageObject\",\"url\":457349},\"datePublished\":\"2013-12-03T22:46:31+01:00\",\"dateModified\":\"2013-12-03T22:46:31+01:00\",\"inLanguage\":\"es-ES\",\"mainEntityOfPage\":{\"@id\":\"https:\\\/\\\/www.eldigitaldeasturias.com\\\/noticias\\\/ecologistas-en-accion-cumple-15-anos\\\/#webpage\"},\"isPartOf\":{\"@id\":\"https:\\\/\\\/www.eldigitaldeasturias.com\\\/noticias\\\/ecologistas-en-accion-cumple-15-anos\\\/#webpage\"},\"articleSection\":\"Sociedad\"},{\"@type\":\"BreadcrumbList\",\"@id\":\"https:\\\/\\\/www.eldigitaldeasturias.com\\\/noticias\\\/ecologistas-en-accion-cumple-15-anos\\\/#breadcrumblist\",\"itemListElement\":[{\"@type\":\"ListItem\",\"@id\":\"https:\\\/\\\/www.eldigitaldeasturias.com\\\/noticias#listItem\",\"position\":1,\"name\":\"Home\",\"item\":\"https:\\\/\\\/www.eldigitaldeasturias.com\\\/noticias\",\"nextItem\":{\"@type\":\"ListItem\",\"@id\":\"https:\\\/\\\/www.eldigitaldeasturias.com\\\/noticias\\\/category\\\/sociedad\\\/#listItem\",\"name\":\"Sociedad\"}},{\"@type\":\"ListItem\",\"@id\":\"https:\\\/\\\/www.eldigitaldeasturias.com\\\/noticias\\\/category\\\/sociedad\\\/#listItem\",\"position\":2,\"name\":\"Sociedad\",\"item\":\"https:\\\/\\\/www.eldigitaldeasturias.com\\\/noticias\\\/category\\\/sociedad\\\/\",\"nextItem\":{\"@type\":\"ListItem\",\"@id\":\"https:\\\/\\\/www.eldigitaldeasturias.com\\\/noticias\\\/ecologistas-en-accion-cumple-15-anos\\\/#listItem\",\"name\":\"Ecologistas en Acci\\u00f3n cumple 15 a\\u00f1os\"},\"previousItem\":{\"@type\":\"ListItem\",\"@id\":\"https:\\\/\\\/www.eldigitaldeasturias.com\\\/noticias#listItem\",\"name\":\"Home\"}},{\"@type\":\"ListItem\",\"@id\":\"https:\\\/\\\/www.eldigitaldeasturias.com\\\/noticias\\\/ecologistas-en-accion-cumple-15-anos\\\/#listItem\",\"position\":3,\"name\":\"Ecologistas en Acci\\u00f3n cumple 15 a\\u00f1os\",\"previousItem\":{\"@type\":\"ListItem\",\"@id\":\"https:\\\/\\\/www.eldigitaldeasturias.com\\\/noticias\\\/category\\\/sociedad\\\/#listItem\",\"name\":\"Sociedad\"}}]},{\"@type\":\"Organization\",\"@id\":\"https:\\\/\\\/www.eldigitaldeasturias.com\\\/noticias\\\/#organization\",\"name\":\"El Digital de Asturias\",\"description\":\"Hemeroteca\",\"url\":\"https:\\\/\\\/www.eldigitaldeasturias.com\\\/noticias\\\/\",\"email\":\"info@eldigitaldeasturias.com\",\"telephone\":\"+34652131393\",\"logo\":{\"@type\":\"ImageObject\",\"url\":\"https:\\\/\\\/www.eldigitaldeasturias.com\\\/noticias\\\/wp-content\\\/uploads\\\/2020\\\/12\\\/EDA.jpg\",\"@id\":\"https:\\\/\\\/www.eldigitaldeasturias.com\\\/noticias\\\/ecologistas-en-accion-cumple-15-anos\\\/#organizationLogo\"},\"image\":{\"@id\":\"https:\\\/\\\/www.eldigitaldeasturias.com\\\/noticias\\\/ecologistas-en-accion-cumple-15-anos\\\/#organizationLogo\"},\"sameAs\":[\"https:\\\/\\\/facebook.com\\\/eldigitaldeasturias\",\"https:\\\/\\\/www.youtube.com\\\/channel\\\/UCZP-2wLEB9Rv6erhFmqVnvg\"],\"address\":{\"@id\":\"https:\\\/\\\/www.eldigitaldeasturias.com\\\/noticias\\\/#postaladdress\",\"@type\":\"PostalAddress\",\"streetAddress\":\"san antonio 4\",\"postalCode\":\"33430\",\"addressLocality\":\"Cand\\u00e1s\",\"addressRegion\":\"Asturias\",\"addressCountry\":\"ES\"}},{\"@type\":\"Person\",\"@id\":\"https:\\\/\\\/www.eldigitaldeasturias.com\\\/noticias\\\/author\\\/admin\\\/#author\",\"url\":\"https:\\\/\\\/www.eldigitaldeasturias.com\\\/noticias\\\/author\\\/admin\\\/\",\"name\":\"El Digital de Asturias\",\"image\":{\"@type\":\"ImageObject\",\"@id\":\"https:\\\/\\\/www.eldigitaldeasturias.com\\\/noticias\\\/ecologistas-en-accion-cumple-15-anos\\\/#authorImage\",\"url\":\"https:\\\/\\\/secure.gravatar.com\\\/avatar\\\/df2aeffc32bcd13f8d26072ef8a91b623d677766deac7f97ca815868cd41bf5e?s=96&d=mm&r=g\",\"width\":96,\"height\":96,\"caption\":\"El Digital de Asturias\"}},{\"@type\":\"WebPage\",\"@id\":\"https:\\\/\\\/www.eldigitaldeasturias.com\\\/noticias\\\/ecologistas-en-accion-cumple-15-anos\\\/#webpage\",\"url\":\"https:\\\/\\\/www.eldigitaldeasturias.com\\\/noticias\\\/ecologistas-en-accion-cumple-15-anos\\\/\",\"name\":\"Ecologistas en Acci\\u00f3n cumple 15 a\\u00f1os - El Digital de Asturias\",\"description\":\"Madrid, 3 dic (EFE).- Ecologistas En Acci\\u00f3n celebrar\\u00e1 este fin de semana una asamblea confederal para celebrar 15 a\\u00f1os de vida, en los que ha sumado logros \\\"grandes y peque\\u00f1os\\\" y optado por \\\"crear alianzas, caminar despacio y dar espacio a todas las personas\\\". La asamblea constituyente tuvo lugar entre el 5 y 7 de\",\"inLanguage\":\"es-ES\",\"isPartOf\":{\"@id\":\"https:\\\/\\\/www.eldigitaldeasturias.com\\\/noticias\\\/#website\"},\"breadcrumb\":{\"@id\":\"https:\\\/\\\/www.eldigitaldeasturias.com\\\/noticias\\\/ecologistas-en-accion-cumple-15-anos\\\/#breadcrumblist\"},\"author\":{\"@id\":\"https:\\\/\\\/www.eldigitaldeasturias.com\\\/noticias\\\/author\\\/admin\\\/#author\"},\"creator\":{\"@id\":\"https:\\\/\\\/www.eldigitaldeasturias.com\\\/noticias\\\/author\\\/admin\\\/#author\"},\"image\":{\"@type\":\"ImageObject\",\"url\":457349,\"@id\":\"https:\\\/\\\/www.eldigitaldeasturias.com\\\/noticias\\\/ecologistas-en-accion-cumple-15-anos\\\/#mainImage\"},\"primaryImageOfPage\":{\"@id\":\"https:\\\/\\\/www.eldigitaldeasturias.com\\\/noticias\\\/ecologistas-en-accion-cumple-15-anos\\\/#mainImage\"},\"datePublished\":\"2013-12-03T22:46:31+01:00\",\"dateModified\":\"2013-12-03T22:46:31+01:00\"},{\"@type\":\"WebSite\",\"@id\":\"https:\\\/\\\/www.eldigitaldeasturias.com\\\/noticias\\\/#website\",\"url\":\"https:\\\/\\\/www.eldigitaldeasturias.com\\\/noticias\\\/\",\"name\":\"El Digital de Asturias - Diario de actualidad y noticias\",\"alternateName\":\"El Digital de Asturias - Diario de actualidad y noticias\",\"description\":\"Hemeroteca\",\"inLanguage\":\"es-ES\",\"publisher\":{\"@id\":\"https:\\\/\\\/www.eldigitaldeasturias.com\\\/noticias\\\/#organization\"}}]}\n\t\t<\/script>\n\t\t<!-- All in One SEO Pro -->\r\n\t\t<title>Ecologistas en Acci\u00f3n cumple 15 a\u00f1os - El Digital de Asturias<\/title>\n\n","aioseo_head_json":{"title":"Ecologistas en Acci\u00f3n cumple 15 a\u00f1os - El Digital de Asturias","description":"Madrid, 3 dic (EFE).- Ecologistas En Acci\u00f3n celebrar\u00e1 este fin de semana una asamblea confederal para celebrar 15 a\u00f1os de vida, en los que ha sumado logros \"grandes y peque\u00f1os\" y optado por \"crear alianzas, caminar despacio y dar espacio a todas las personas\". La asamblea constituyente tuvo lugar entre el 5 y 7 de","canonical_url":"https:\/\/www.eldigitaldeasturias.com\/noticias\/ecologistas-en-accion-cumple-15-anos\/","robots":"max-image-preview:large","keywords":"sociedad","webmasterTools":{"google-site-verification":"UA-38556648-1","msvalidate.01":"7dfe9f3f1b24437ab69f4f2559babe99","miscellaneous":""},"schema":{"@context":"https:\/\/schema.org","@graph":[{"@type":"BlogPosting","@id":"https:\/\/www.eldigitaldeasturias.com\/noticias\/ecologistas-en-accion-cumple-15-anos\/#blogposting","name":"Ecologistas en Acci\u00f3n cumple 15 a\u00f1os - El Digital de Asturias","headline":"Ecologistas en Acci\u00f3n cumple 15 a\u00f1os","author":{"@id":"https:\/\/www.eldigitaldeasturias.com\/noticias\/author\/admin\/#author"},"publisher":{"@id":"https:\/\/www.eldigitaldeasturias.com\/noticias\/#organization"},"image":{"@type":"ImageObject","url":457349},"datePublished":"2013-12-03T22:46:31+01:00","dateModified":"2013-12-03T22:46:31+01:00","inLanguage":"es-ES","mainEntityOfPage":{"@id":"https:\/\/www.eldigitaldeasturias.com\/noticias\/ecologistas-en-accion-cumple-15-anos\/#webpage"},"isPartOf":{"@id":"https:\/\/www.eldigitaldeasturias.com\/noticias\/ecologistas-en-accion-cumple-15-anos\/#webpage"},"articleSection":"Sociedad"},{"@type":"BreadcrumbList","@id":"https:\/\/www.eldigitaldeasturias.com\/noticias\/ecologistas-en-accion-cumple-15-anos\/#breadcrumblist","itemListElement":[{"@type":"ListItem","@id":"https:\/\/www.eldigitaldeasturias.com\/noticias#listItem","position":1,"name":"Home","item":"https:\/\/www.eldigitaldeasturias.com\/noticias","nextItem":{"@type":"ListItem","@id":"https:\/\/www.eldigitaldeasturias.com\/noticias\/category\/sociedad\/#listItem","name":"Sociedad"}},{"@type":"ListItem","@id":"https:\/\/www.eldigitaldeasturias.com\/noticias\/category\/sociedad\/#listItem","position":2,"name":"Sociedad","item":"https:\/\/www.eldigitaldeasturias.com\/noticias\/category\/sociedad\/","nextItem":{"@type":"ListItem","@id":"https:\/\/www.eldigitaldeasturias.com\/noticias\/ecologistas-en-accion-cumple-15-anos\/#listItem","name":"Ecologistas en Acci\u00f3n cumple 15 a\u00f1os"},"previousItem":{"@type":"ListItem","@id":"https:\/\/www.eldigitaldeasturias.com\/noticias#listItem","name":"Home"}},{"@type":"ListItem","@id":"https:\/\/www.eldigitaldeasturias.com\/noticias\/ecologistas-en-accion-cumple-15-anos\/#listItem","position":3,"name":"Ecologistas en Acci\u00f3n cumple 15 a\u00f1os","previousItem":{"@type":"ListItem","@id":"https:\/\/www.eldigitaldeasturias.com\/noticias\/category\/sociedad\/#listItem","name":"Sociedad"}}]},{"@type":"Organization","@id":"https:\/\/www.eldigitaldeasturias.com\/noticias\/#organization","name":"El Digital de Asturias","description":"Hemeroteca","url":"https:\/\/www.eldigitaldeasturias.com\/noticias\/","email":"info@eldigitaldeasturias.com","telephone":"+34652131393","logo":{"@type":"ImageObject","url":"https:\/\/www.eldigitaldeasturias.com\/noticias\/wp-content\/uploads\/2020\/12\/EDA.jpg","@id":"https:\/\/www.eldigitaldeasturias.com\/noticias\/ecologistas-en-accion-cumple-15-anos\/#organizationLogo"},"image":{"@id":"https:\/\/www.eldigitaldeasturias.com\/noticias\/ecologistas-en-accion-cumple-15-anos\/#organizationLogo"},"sameAs":["https:\/\/facebook.com\/eldigitaldeasturias","https:\/\/www.youtube.com\/channel\/UCZP-2wLEB9Rv6erhFmqVnvg"],"address":{"@id":"https:\/\/www.eldigitaldeasturias.com\/noticias\/#postaladdress","@type":"PostalAddress","streetAddress":"san antonio 4","postalCode":"33430","addressLocality":"Cand\u00e1s","addressRegion":"Asturias","addressCountry":"ES"}},{"@type":"Person","@id":"https:\/\/www.eldigitaldeasturias.com\/noticias\/author\/admin\/#author","url":"https:\/\/www.eldigitaldeasturias.com\/noticias\/author\/admin\/","name":"El Digital de Asturias","image":{"@type":"ImageObject","@id":"https:\/\/www.eldigitaldeasturias.com\/noticias\/ecologistas-en-accion-cumple-15-anos\/#authorImage","url":"https:\/\/secure.gravatar.com\/avatar\/df2aeffc32bcd13f8d26072ef8a91b623d677766deac7f97ca815868cd41bf5e?s=96&d=mm&r=g","width":96,"height":96,"caption":"El Digital de Asturias"}},{"@type":"WebPage","@id":"https:\/\/www.eldigitaldeasturias.com\/noticias\/ecologistas-en-accion-cumple-15-anos\/#webpage","url":"https:\/\/www.eldigitaldeasturias.com\/noticias\/ecologistas-en-accion-cumple-15-anos\/","name":"Ecologistas en Acci\u00f3n cumple 15 a\u00f1os - El Digital de Asturias","description":"Madrid, 3 dic (EFE).- Ecologistas En Acci\u00f3n celebrar\u00e1 este fin de semana una asamblea confederal para celebrar 15 a\u00f1os de vida, en los que ha sumado logros \"grandes y peque\u00f1os\" y optado por \"crear alianzas, caminar despacio y dar espacio a todas las personas\". La asamblea constituyente tuvo lugar entre el 5 y 7 de","inLanguage":"es-ES","isPartOf":{"@id":"https:\/\/www.eldigitaldeasturias.com\/noticias\/#website"},"breadcrumb":{"@id":"https:\/\/www.eldigitaldeasturias.com\/noticias\/ecologistas-en-accion-cumple-15-anos\/#breadcrumblist"},"author":{"@id":"https:\/\/www.eldigitaldeasturias.com\/noticias\/author\/admin\/#author"},"creator":{"@id":"https:\/\/www.eldigitaldeasturias.com\/noticias\/author\/admin\/#author"},"image":{"@type":"ImageObject","url":457349,"@id":"https:\/\/www.eldigitaldeasturias.com\/noticias\/ecologistas-en-accion-cumple-15-anos\/#mainImage"},"primaryImageOfPage":{"@id":"https:\/\/www.eldigitaldeasturias.com\/noticias\/ecologistas-en-accion-cumple-15-anos\/#mainImage"},"datePublished":"2013-12-03T22:46:31+01:00","dateModified":"2013-12-03T22:46:31+01:00"},{"@type":"WebSite","@id":"https:\/\/www.eldigitaldeasturias.com\/noticias\/#website","url":"https:\/\/www.eldigitaldeasturias.com\/noticias\/","name":"El Digital de Asturias - Diario de actualidad y noticias","alternateName":"El Digital de Asturias - Diario de actualidad y noticias","description":"Hemeroteca","inLanguage":"es-ES","publisher":{"@id":"https:\/\/www.eldigitaldeasturias.com\/noticias\/#organization"}}]},"og:locale":"es_ES","og:site_name":"El Digital de Asturias","og:type":"article","og:title":"Ecologistas en Acci\u00f3n cumple 15 a\u00f1os - El Digital de Asturias","og:description":"Madrid, 3 dic (EFE).- Ecologistas En Acci\u00f3n celebrar\u00e1 este fin de semana una asamblea confederal para celebrar 15 a\u00f1os de vida, en los que ha sumado logros &quot;grandes y peque\u00f1os&quot; y optado por &quot;crear alianzas, caminar despacio y dar espacio a todas las personas&quot;. La asamblea constituyente tuvo lugar entre el 5 y 7 de","og:url":"https:\/\/www.eldigitaldeasturias.com\/noticias\/ecologistas-en-accion-cumple-15-anos\/","article:tag":["sociedad"],"article:published_time":"2013-12-03T23:46:31+00:00","article:modified_time":"2013-12-03T23:46:31+00:00","article:publisher":"https:\/\/facebook.com\/eldigitaldeasturias","twitter:card":"summary_large_image","twitter:title":"Ecologistas en Acci\u00f3n cumple 15 a\u00f1os - El Digital de Asturias","twitter:description":"Madrid, 3 dic (EFE).- Ecologistas En Acci\u00f3n celebrar\u00e1 este fin de semana una asamblea confederal para celebrar 15 a\u00f1os de vida, en los que ha sumado logros &quot;grandes y peque\u00f1os&quot; y optado por &quot;crear alianzas, caminar despacio y dar espacio a todas las personas&quot;. La asamblea constituyente tuvo lugar entre el 5 y 7 de","twitter:label1":"Escrito por","twitter:data1":"El Digital de Asturias","twitter:label2":"Tiempo de lectura estimado","twitter:data2":"2 minutos"},"aioseo_meta_data":{"post_id":"457348","title":null,"description":null,"keywords":null,"keyphrases":null,"primary_term":null,"canonical_url":null,"og_title":null,"og_description":null,"og_object_type":"default","og_image_type":"default","og_image_url":null,"og_image_width":null,"og_image_height":null,"og_image_custom_url":null,"og_image_custom_fields":null,"og_video":null,"og_custom_url":null,"og_article_section":null,"og_article_tags":null,"twitter_use_og":true,"twitter_card":"default","twitter_image_type":"default","twitter_image_url":null,"twitter_image_custom_url":null,"twitter_image_custom_fields":null,"twitter_title":null,"twitter_description":null,"schema":{"blockGraphs":[],"customGraphs":[],"default":{"data":{"Article":[],"Course":[],"Dataset":[],"FAQPage":[],"Movie":[],"Person":[],"Product":[],"ProductReview":[],"Car":[],"Recipe":[],"Service":[],"SoftwareApplication":[],"WebPage":[]},"graphName":"","isEnabled":true},"graphs":[],"defaultGraph":"","defaultPostTypeGraph":""},"schema_type":null,"schema_type_options":null,"pillar_content":false,"robots_default":true,"robots_noindex":false,"robots_noarchive":false,"robots_nosnippet":false,"robots_nofollow":false,"robots_noimageindex":false,"robots_noodp":false,"robots_notranslate":false,"robots_max_snippet":null,"robots_max_videopreview":null,"robots_max_imagepreview":"none","priority":null,"frequency":null,"local_seo":null,"seo_analyzer_scan_date":"2026-05-30 01:16:06","breadcrumb_settings":null,"limit_modified_date":false,"open_ai":null,"ai":null,"created":"2020-11-14 22:46:07","updated":"2026-05-30 01:16:06","focus_keyword":null,"additional_keywords":null,"truseo_locale":null},"aioseo_breadcrumb":"<div class=\"aioseo-breadcrumbs\"><span class=\"aioseo-breadcrumb\">\n\t<a href=\"https:\/\/www.eldigitaldeasturias.com\/noticias\" title=\"Home\">Home<\/a>\n<\/span><span class=\"aioseo-breadcrumb-separator\">\u2013<\/span><span class=\"aioseo-breadcrumb\">\n\t<a href=\"https:\/\/www.eldigitaldeasturias.com\/noticias\/category\/sociedad\/\" title=\"Sociedad\">Sociedad<\/a>\n<\/span><span class=\"aioseo-breadcrumb-separator\">\u2013<\/span><span class=\"aioseo-breadcrumb\">\n\t<a href=\"https:\/\/www.eldigitaldeasturias.com\/noticias\/ecologistas-en-accion-cumple-15-anos\/\" title=\"Ecologistas en Acci\u00f3n cumple 15 a\u00f1os\">Ecologistas en Acci\u00f3n cumple 15 a\u00f1os<\/a>\n<\/span><\/div>","aioseo_breadcrumb_json":[{"label":"Home","link":"https:\/\/www.eldigitaldeasturias.com\/noticias"},{"label":"Sociedad","link":"https:\/\/www.eldigitaldeasturias.com\/noticias\/category\/sociedad\/"},{"label":"Ecologistas en Acci\u00f3n cumple 15 a\u00f1os","link":"https:\/\/www.eldigitaldeasturias.com\/noticias\/ecologistas-en-accion-cumple-15-anos\/"}],"_links":{"self":[{"href":"https:\/\/www.eldigitaldeasturias.com\/noticias\/wp-json\/wp\/v2\/posts\/457348","targetHints":{"allow":["GET"]}}],"collection":[{"href":"https:\/\/www.eldigitaldeasturias.com\/noticias\/wp-json\/wp\/v2\/posts"}],"about":[{"href":"https:\/\/www.eldigitaldeasturias.com\/noticias\/wp-json\/wp\/v2\/types\/post"}],"author":[{"embeddable":true,"href":"https:\/\/www.eldigitaldeasturias.com\/noticias\/wp-json\/wp\/v2\/users\/1"}],"replies":[{"embeddable":true,"href":"https:\/\/www.eldigitaldeasturias.com\/noticias\/wp-json\/wp\/v2\/comments?post=457348"}],"version-history":[{"count":0,"href":"https:\/\/www.eldigitaldeasturias.com\/noticias\/wp-json\/wp\/v2\/posts\/457348\/revisions"}],"wp:attachment":[{"href":"https:\/\/www.eldigitaldeasturias.com\/noticias\/wp-json\/wp\/v2\/media?parent=457348"}],"wp:term":[{"taxonomy":"category","embeddable":true,"href":"https:\/\/www.eldigitaldeasturias.com\/noticias\/wp-json\/wp\/v2\/categories?post=457348"},{"taxonomy":"post_tag","embeddable":true,"href":"https:\/\/www.eldigitaldeasturias.com\/noticias\/wp-json\/wp\/v2\/tags?post=457348"}],"curies":[{"name":"wp","href":"https:\/\/api.w.org\/{rel}","templated":true}]}}