{"id":457345,"date":"2013-12-03T22:42:15","date_gmt":"2013-12-03T23:42:15","guid":{"rendered":"http:\/\/www.eldigitaldeasturias.com\/noticias\/?p=457345"},"modified":"2013-12-03T22:42:15","modified_gmt":"2013-12-03T23:42:15","slug":"ocho-detenidos-por-robar-en-repetidores-de-radio-por-valor-de-200-000-euros","status":"publish","type":"post","link":"https:\/\/www.eldigitaldeasturias.com\/noticias\/ocho-detenidos-por-robar-en-repetidores-de-radio-por-valor-de-200-000-euros\/","title":{"rendered":"Ocho detenidos por robar en repetidores de radio por valor de 200.000 euros"},"content":{"rendered":"<p><img loading=\"lazy\" decoding=\"async\" class=\"alignleft size-medium wp-image-457346\" alt=\"5769189w\" src=\"https:\/\/www.eldigitaldeasturias.com\/noticias\/wp-content\/uploads\/2013\/12\/5769189w-329x320.jpg\" width=\"329\" height=\"320\" \/>Ja\u00e9n, 3 dic (EFE).- La Guardia Civil ha detenido a ocho personas en las provincias de Ja\u00e9n, Granada, Almer\u00eda y Madrid por quince robos de material electr\u00f3nico en el interior de casetas de los repetidores de transmisi\u00f3n de frecuencia modulada en los que causaron perjuicios por valor de 200.000 euros.<\/p>\n<p>La investigaci\u00f3n se inici\u00f3 a finales de 2011 tras un robo en el interior de una caseta en un repetidor en la provincia de Ja\u00e9n, del que se sustrajeron equipos valorados en 15.000 euros, seg\u00fan ha informado hoy la Guardia Civil en una nota.<\/p>\n<p>Varios d\u00edas despu\u00e9s se produjo un robo similar en otra caseta de repetidor de la provincia jiennense en el que los equipos sustra\u00eddos ten\u00edan un valor igual al anterior y que gener\u00f3 perjuicios a cuatro emisoras de radio que usaban los repetidores y que tuvieron que dejar de emitir hasta que se pudieron reponer.<\/p>\n<p>La Guardia Civil averigu\u00f3 que con anterioridad se hab\u00edan producido escasos robos de este tipo de material, solo dos en 2011 en dos localidades de la Comunidad Valenciana, pero despu\u00e9s, en 2012, se repitieron en la provincia de Ja\u00e9n y en Almer\u00eda.<\/p>\n<p>Los detenidos, dos en Ja\u00e9n, uno en Madrid, uno en Granada y cuatro en Almer\u00eda, se dedicaban a robar los equipos de los centros de transmisi\u00f3n y posteriormente los vend\u00edan a personas relacionadas con el mundo de la radio falsificando las facturas.<\/p>\n<p>Tambi\u00e9n se ha detectado que dos de los robos denunciados se hab\u00edan simulado con el objeto de reclamar al seguro el importe de lo supuestamente sustra\u00eddo y que la mayor\u00eda de las emisoras implicadas carec\u00edan de autorizaci\u00f3n para emitir.<\/p>\n","protected":false},"excerpt":{"rendered":"<p>Ja\u00e9n, 3 dic (EFE).- La Guardia Civil ha detenido a ocho personas en las provincias de Ja\u00e9n, Granada, Almer\u00eda y Madrid por quince robos de material electr\u00f3nico en el interior de casetas de los repetidores de transmisi\u00f3n de frecuencia modulada en los que causaron perjuicios por valor de 200.000 euros. La investigaci\u00f3n se inici\u00f3 a [&hellip;]<\/p>\n","protected":false},"author":1,"featured_media":457346,"comment_status":"closed","ping_status":"open","sticky":false,"template":"","format":"standard","meta":{"footnotes":""},"categories":[5],"tags":[],"class_list":["post-457345","post","type-post","status-publish","format-standard","has-post-thumbnail","hentry","category-sucesos"],"aioseo_notices":[],"aioseo_head":"\n\t\t<!-- All in One SEO Pro 5.0.1 - aioseo.com -->\n\t<meta name=\"description\" content=\"Ja\u00e9n, 3 dic (EFE).- La Guardia Civil ha detenido a ocho personas en las provincias de Ja\u00e9n, Granada, Almer\u00eda y Madrid por quince robos de material electr\u00f3nico en el interior de casetas de los repetidores de transmisi\u00f3n de frecuencia modulada en los que causaron perjuicios por valor de 200.000 euros. La investigaci\u00f3n se inici\u00f3 a\" \/>\n\t<meta name=\"robots\" content=\"max-image-preview:large\" \/>\n\t<meta name=\"author\" content=\"El Digital de Asturias\"\/>\n\t<meta name=\"google-site-verification\" content=\"UA-38556648-1\" \/>\n\t<meta name=\"msvalidate.01\" content=\"7dfe9f3f1b24437ab69f4f2559babe99\" \/>\n\t<meta name=\"keywords\" content=\"sucesos\" \/>\n\t<link rel=\"canonical\" href=\"https:\/\/www.eldigitaldeasturias.com\/noticias\/ocho-detenidos-por-robar-en-repetidores-de-radio-por-valor-de-200-000-euros\/\" \/>\n\t<meta name=\"generator\" content=\"All in One SEO Pro (AIOSEO) 5.0.1\" \/>\n\t\t<meta property=\"og:locale\" content=\"es_ES\" \/>\n\t\t<meta property=\"og:site_name\" content=\"El Digital de Asturias\" \/>\n\t\t<meta property=\"og:type\" content=\"article\" \/>\n\t\t<meta property=\"og:title\" content=\"Ocho detenidos por robar en repetidores de radio por valor de 200.000 euros - El Digital de Asturias\" \/>\n\t\t<meta property=\"og:description\" content=\"Ja\u00e9n, 3 dic (EFE).- La Guardia Civil ha detenido a ocho personas en las provincias de Ja\u00e9n, Granada, Almer\u00eda y Madrid por quince robos de material electr\u00f3nico en el interior de casetas de los repetidores de transmisi\u00f3n de frecuencia modulada en los que causaron perjuicios por valor de 200.000 euros. La investigaci\u00f3n se inici\u00f3 a\" \/>\n\t\t<meta property=\"og:url\" content=\"https:\/\/www.eldigitaldeasturias.com\/noticias\/ocho-detenidos-por-robar-en-repetidores-de-radio-por-valor-de-200-000-euros\/\" \/>\n\t\t<meta property=\"article:tag\" content=\"sucesos\" \/>\n\t\t<meta property=\"article:published_time\" content=\"2013-12-03T23:42:15+00:00\" \/>\n\t\t<meta property=\"article:modified_time\" content=\"2013-12-03T23:42:15+00:00\" \/>\n\t\t<meta property=\"article:publisher\" content=\"https:\/\/facebook.com\/eldigitaldeasturias\" \/>\n\t\t<meta name=\"twitter:card\" content=\"summary_large_image\" \/>\n\t\t<meta name=\"twitter:title\" content=\"Ocho detenidos por robar en repetidores de radio por valor de 200.000 euros - El Digital de Asturias\" \/>\n\t\t<meta name=\"twitter:description\" content=\"Ja\u00e9n, 3 dic (EFE).- La Guardia Civil ha detenido a ocho personas en las provincias de Ja\u00e9n, Granada, Almer\u00eda y Madrid por quince robos de material electr\u00f3nico en el interior de casetas de los repetidores de transmisi\u00f3n de frecuencia modulada en los que causaron perjuicios por valor de 200.000 euros. La investigaci\u00f3n se inici\u00f3 a\" \/>\n\t\t<meta name=\"twitter:label1\" content=\"Escrito por\" \/>\n\t\t<meta name=\"twitter:data1\" content=\"El Digital de Asturias\" \/>\n\t\t<meta name=\"twitter:label2\" content=\"Tiempo de lectura estimado\" \/>\n\t\t<meta name=\"twitter:data2\" content=\"1 minuto\" \/>\n\t\t<script type=\"application\/ld+json\" class=\"aioseo-schema\">\n\t\t\t{\"@context\":\"https:\\\/\\\/schema.org\",\"@graph\":[{\"@type\":\"BlogPosting\",\"@id\":\"https:\\\/\\\/www.eldigitaldeasturias.com\\\/noticias\\\/ocho-detenidos-por-robar-en-repetidores-de-radio-por-valor-de-200-000-euros\\\/#blogposting\",\"name\":\"Ocho detenidos por robar en repetidores de radio por valor de 200.000 euros - El Digital de Asturias\",\"headline\":\"Ocho detenidos por robar en repetidores de radio por valor de 200.000 euros\",\"author\":{\"@id\":\"https:\\\/\\\/www.eldigitaldeasturias.com\\\/noticias\\\/author\\\/admin\\\/#author\"},\"publisher\":{\"@id\":\"https:\\\/\\\/www.eldigitaldeasturias.com\\\/noticias\\\/#organization\"},\"image\":{\"@type\":\"ImageObject\",\"url\":457346},\"datePublished\":\"2013-12-03T22:42:15+01:00\",\"dateModified\":\"2013-12-03T22:42:15+01:00\",\"inLanguage\":\"es-ES\",\"mainEntityOfPage\":{\"@id\":\"https:\\\/\\\/www.eldigitaldeasturias.com\\\/noticias\\\/ocho-detenidos-por-robar-en-repetidores-de-radio-por-valor-de-200-000-euros\\\/#webpage\"},\"isPartOf\":{\"@id\":\"https:\\\/\\\/www.eldigitaldeasturias.com\\\/noticias\\\/ocho-detenidos-por-robar-en-repetidores-de-radio-por-valor-de-200-000-euros\\\/#webpage\"},\"articleSection\":\"Sucesos\"},{\"@type\":\"BreadcrumbList\",\"@id\":\"https:\\\/\\\/www.eldigitaldeasturias.com\\\/noticias\\\/ocho-detenidos-por-robar-en-repetidores-de-radio-por-valor-de-200-000-euros\\\/#breadcrumblist\",\"itemListElement\":[{\"@type\":\"ListItem\",\"@id\":\"https:\\\/\\\/www.eldigitaldeasturias.com\\\/noticias#listItem\",\"position\":1,\"name\":\"Home\",\"item\":\"https:\\\/\\\/www.eldigitaldeasturias.com\\\/noticias\",\"nextItem\":{\"@type\":\"ListItem\",\"@id\":\"https:\\\/\\\/www.eldigitaldeasturias.com\\\/noticias\\\/category\\\/sucesos\\\/#listItem\",\"name\":\"Sucesos\"}},{\"@type\":\"ListItem\",\"@id\":\"https:\\\/\\\/www.eldigitaldeasturias.com\\\/noticias\\\/category\\\/sucesos\\\/#listItem\",\"position\":2,\"name\":\"Sucesos\",\"item\":\"https:\\\/\\\/www.eldigitaldeasturias.com\\\/noticias\\\/category\\\/sucesos\\\/\",\"nextItem\":{\"@type\":\"ListItem\",\"@id\":\"https:\\\/\\\/www.eldigitaldeasturias.com\\\/noticias\\\/ocho-detenidos-por-robar-en-repetidores-de-radio-por-valor-de-200-000-euros\\\/#listItem\",\"name\":\"Ocho detenidos por robar en repetidores de radio por valor de 200.000 euros\"},\"previousItem\":{\"@type\":\"ListItem\",\"@id\":\"https:\\\/\\\/www.eldigitaldeasturias.com\\\/noticias#listItem\",\"name\":\"Home\"}},{\"@type\":\"ListItem\",\"@id\":\"https:\\\/\\\/www.eldigitaldeasturias.com\\\/noticias\\\/ocho-detenidos-por-robar-en-repetidores-de-radio-por-valor-de-200-000-euros\\\/#listItem\",\"position\":3,\"name\":\"Ocho detenidos por robar en repetidores de radio por valor de 200.000 euros\",\"previousItem\":{\"@type\":\"ListItem\",\"@id\":\"https:\\\/\\\/www.eldigitaldeasturias.com\\\/noticias\\\/category\\\/sucesos\\\/#listItem\",\"name\":\"Sucesos\"}}]},{\"@type\":\"Organization\",\"@id\":\"https:\\\/\\\/www.eldigitaldeasturias.com\\\/noticias\\\/#organization\",\"name\":\"El Digital de Asturias\",\"description\":\"Hemeroteca\",\"url\":\"https:\\\/\\\/www.eldigitaldeasturias.com\\\/noticias\\\/\",\"email\":\"info@eldigitaldeasturias.com\",\"telephone\":\"+34652131393\",\"logo\":{\"@type\":\"ImageObject\",\"url\":\"https:\\\/\\\/www.eldigitaldeasturias.com\\\/noticias\\\/wp-content\\\/uploads\\\/2020\\\/12\\\/EDA.jpg\",\"@id\":\"https:\\\/\\\/www.eldigitaldeasturias.com\\\/noticias\\\/ocho-detenidos-por-robar-en-repetidores-de-radio-por-valor-de-200-000-euros\\\/#organizationLogo\"},\"image\":{\"@id\":\"https:\\\/\\\/www.eldigitaldeasturias.com\\\/noticias\\\/ocho-detenidos-por-robar-en-repetidores-de-radio-por-valor-de-200-000-euros\\\/#organizationLogo\"},\"sameAs\":[\"https:\\\/\\\/facebook.com\\\/eldigitaldeasturias\",\"https:\\\/\\\/www.youtube.com\\\/channel\\\/UCZP-2wLEB9Rv6erhFmqVnvg\"],\"address\":{\"@id\":\"https:\\\/\\\/www.eldigitaldeasturias.com\\\/noticias\\\/#postaladdress\",\"@type\":\"PostalAddress\",\"streetAddress\":\"san antonio 4\",\"postalCode\":\"33430\",\"addressLocality\":\"Cand\\u00e1s\",\"addressRegion\":\"Asturias\",\"addressCountry\":\"ES\"}},{\"@type\":\"Person\",\"@id\":\"https:\\\/\\\/www.eldigitaldeasturias.com\\\/noticias\\\/author\\\/admin\\\/#author\",\"url\":\"https:\\\/\\\/www.eldigitaldeasturias.com\\\/noticias\\\/author\\\/admin\\\/\",\"name\":\"El Digital de Asturias\",\"image\":{\"@type\":\"ImageObject\",\"@id\":\"https:\\\/\\\/www.eldigitaldeasturias.com\\\/noticias\\\/ocho-detenidos-por-robar-en-repetidores-de-radio-por-valor-de-200-000-euros\\\/#authorImage\",\"url\":\"https:\\\/\\\/secure.gravatar.com\\\/avatar\\\/df2aeffc32bcd13f8d26072ef8a91b623d677766deac7f97ca815868cd41bf5e?s=96&d=mm&r=g\",\"width\":96,\"height\":96,\"caption\":\"El Digital de Asturias\"}},{\"@type\":\"WebPage\",\"@id\":\"https:\\\/\\\/www.eldigitaldeasturias.com\\\/noticias\\\/ocho-detenidos-por-robar-en-repetidores-de-radio-por-valor-de-200-000-euros\\\/#webpage\",\"url\":\"https:\\\/\\\/www.eldigitaldeasturias.com\\\/noticias\\\/ocho-detenidos-por-robar-en-repetidores-de-radio-por-valor-de-200-000-euros\\\/\",\"name\":\"Ocho detenidos por robar en repetidores de radio por valor de 200.000 euros - El Digital de Asturias\",\"description\":\"Ja\\u00e9n, 3 dic (EFE).- La Guardia Civil ha detenido a ocho personas en las provincias de Ja\\u00e9n, Granada, Almer\\u00eda y Madrid por quince robos de material electr\\u00f3nico en el interior de casetas de los repetidores de transmisi\\u00f3n de frecuencia modulada en los que causaron perjuicios por valor de 200.000 euros. La investigaci\\u00f3n se inici\\u00f3 a\",\"inLanguage\":\"es-ES\",\"isPartOf\":{\"@id\":\"https:\\\/\\\/www.eldigitaldeasturias.com\\\/noticias\\\/#website\"},\"breadcrumb\":{\"@id\":\"https:\\\/\\\/www.eldigitaldeasturias.com\\\/noticias\\\/ocho-detenidos-por-robar-en-repetidores-de-radio-por-valor-de-200-000-euros\\\/#breadcrumblist\"},\"author\":{\"@id\":\"https:\\\/\\\/www.eldigitaldeasturias.com\\\/noticias\\\/author\\\/admin\\\/#author\"},\"creator\":{\"@id\":\"https:\\\/\\\/www.eldigitaldeasturias.com\\\/noticias\\\/author\\\/admin\\\/#author\"},\"image\":{\"@type\":\"ImageObject\",\"url\":457346,\"@id\":\"https:\\\/\\\/www.eldigitaldeasturias.com\\\/noticias\\\/ocho-detenidos-por-robar-en-repetidores-de-radio-por-valor-de-200-000-euros\\\/#mainImage\"},\"primaryImageOfPage\":{\"@id\":\"https:\\\/\\\/www.eldigitaldeasturias.com\\\/noticias\\\/ocho-detenidos-por-robar-en-repetidores-de-radio-por-valor-de-200-000-euros\\\/#mainImage\"},\"datePublished\":\"2013-12-03T22:42:15+01:00\",\"dateModified\":\"2013-12-03T22:42:15+01:00\"},{\"@type\":\"WebSite\",\"@id\":\"https:\\\/\\\/www.eldigitaldeasturias.com\\\/noticias\\\/#website\",\"url\":\"https:\\\/\\\/www.eldigitaldeasturias.com\\\/noticias\\\/\",\"name\":\"El Digital de Asturias - Diario de actualidad y noticias\",\"alternateName\":\"El Digital de Asturias - Diario de actualidad y noticias\",\"description\":\"Hemeroteca\",\"inLanguage\":\"es-ES\",\"publisher\":{\"@id\":\"https:\\\/\\\/www.eldigitaldeasturias.com\\\/noticias\\\/#organization\"}}]}\n\t\t<\/script>\n\t\t<!-- All in One SEO Pro -->\r\n\t\t<title>Ocho detenidos por robar en repetidores de radio por valor de 200.000 euros - El Digital de Asturias<\/title>\n\n","aioseo_head_json":{"title":"Ocho detenidos por robar en repetidores de radio por valor de 200.000 euros - El Digital de Asturias","description":"Ja\u00e9n, 3 dic (EFE).- La Guardia Civil ha detenido a ocho personas en las provincias de Ja\u00e9n, Granada, Almer\u00eda y Madrid por quince robos de material electr\u00f3nico en el interior de casetas de los repetidores de transmisi\u00f3n de frecuencia modulada en los que causaron perjuicios por valor de 200.000 euros. La investigaci\u00f3n se inici\u00f3 a","canonical_url":"https:\/\/www.eldigitaldeasturias.com\/noticias\/ocho-detenidos-por-robar-en-repetidores-de-radio-por-valor-de-200-000-euros\/","robots":"max-image-preview:large","keywords":"sucesos","webmasterTools":{"google-site-verification":"UA-38556648-1","msvalidate.01":"7dfe9f3f1b24437ab69f4f2559babe99","miscellaneous":""},"schema":{"@context":"https:\/\/schema.org","@graph":[{"@type":"BlogPosting","@id":"https:\/\/www.eldigitaldeasturias.com\/noticias\/ocho-detenidos-por-robar-en-repetidores-de-radio-por-valor-de-200-000-euros\/#blogposting","name":"Ocho detenidos por robar en repetidores de radio por valor de 200.000 euros - El Digital de Asturias","headline":"Ocho detenidos por robar en repetidores de radio por valor de 200.000 euros","author":{"@id":"https:\/\/www.eldigitaldeasturias.com\/noticias\/author\/admin\/#author"},"publisher":{"@id":"https:\/\/www.eldigitaldeasturias.com\/noticias\/#organization"},"image":{"@type":"ImageObject","url":457346},"datePublished":"2013-12-03T22:42:15+01:00","dateModified":"2013-12-03T22:42:15+01:00","inLanguage":"es-ES","mainEntityOfPage":{"@id":"https:\/\/www.eldigitaldeasturias.com\/noticias\/ocho-detenidos-por-robar-en-repetidores-de-radio-por-valor-de-200-000-euros\/#webpage"},"isPartOf":{"@id":"https:\/\/www.eldigitaldeasturias.com\/noticias\/ocho-detenidos-por-robar-en-repetidores-de-radio-por-valor-de-200-000-euros\/#webpage"},"articleSection":"Sucesos"},{"@type":"BreadcrumbList","@id":"https:\/\/www.eldigitaldeasturias.com\/noticias\/ocho-detenidos-por-robar-en-repetidores-de-radio-por-valor-de-200-000-euros\/#breadcrumblist","itemListElement":[{"@type":"ListItem","@id":"https:\/\/www.eldigitaldeasturias.com\/noticias#listItem","position":1,"name":"Home","item":"https:\/\/www.eldigitaldeasturias.com\/noticias","nextItem":{"@type":"ListItem","@id":"https:\/\/www.eldigitaldeasturias.com\/noticias\/category\/sucesos\/#listItem","name":"Sucesos"}},{"@type":"ListItem","@id":"https:\/\/www.eldigitaldeasturias.com\/noticias\/category\/sucesos\/#listItem","position":2,"name":"Sucesos","item":"https:\/\/www.eldigitaldeasturias.com\/noticias\/category\/sucesos\/","nextItem":{"@type":"ListItem","@id":"https:\/\/www.eldigitaldeasturias.com\/noticias\/ocho-detenidos-por-robar-en-repetidores-de-radio-por-valor-de-200-000-euros\/#listItem","name":"Ocho detenidos por robar en repetidores de radio por valor de 200.000 euros"},"previousItem":{"@type":"ListItem","@id":"https:\/\/www.eldigitaldeasturias.com\/noticias#listItem","name":"Home"}},{"@type":"ListItem","@id":"https:\/\/www.eldigitaldeasturias.com\/noticias\/ocho-detenidos-por-robar-en-repetidores-de-radio-por-valor-de-200-000-euros\/#listItem","position":3,"name":"Ocho detenidos por robar en repetidores de radio por valor de 200.000 euros","previousItem":{"@type":"ListItem","@id":"https:\/\/www.eldigitaldeasturias.com\/noticias\/category\/sucesos\/#listItem","name":"Sucesos"}}]},{"@type":"Organization","@id":"https:\/\/www.eldigitaldeasturias.com\/noticias\/#organization","name":"El Digital de Asturias","description":"Hemeroteca","url":"https:\/\/www.eldigitaldeasturias.com\/noticias\/","email":"info@eldigitaldeasturias.com","telephone":"+34652131393","logo":{"@type":"ImageObject","url":"https:\/\/www.eldigitaldeasturias.com\/noticias\/wp-content\/uploads\/2020\/12\/EDA.jpg","@id":"https:\/\/www.eldigitaldeasturias.com\/noticias\/ocho-detenidos-por-robar-en-repetidores-de-radio-por-valor-de-200-000-euros\/#organizationLogo"},"image":{"@id":"https:\/\/www.eldigitaldeasturias.com\/noticias\/ocho-detenidos-por-robar-en-repetidores-de-radio-por-valor-de-200-000-euros\/#organizationLogo"},"sameAs":["https:\/\/facebook.com\/eldigitaldeasturias","https:\/\/www.youtube.com\/channel\/UCZP-2wLEB9Rv6erhFmqVnvg"],"address":{"@id":"https:\/\/www.eldigitaldeasturias.com\/noticias\/#postaladdress","@type":"PostalAddress","streetAddress":"san antonio 4","postalCode":"33430","addressLocality":"Cand\u00e1s","addressRegion":"Asturias","addressCountry":"ES"}},{"@type":"Person","@id":"https:\/\/www.eldigitaldeasturias.com\/noticias\/author\/admin\/#author","url":"https:\/\/www.eldigitaldeasturias.com\/noticias\/author\/admin\/","name":"El Digital de Asturias","image":{"@type":"ImageObject","@id":"https:\/\/www.eldigitaldeasturias.com\/noticias\/ocho-detenidos-por-robar-en-repetidores-de-radio-por-valor-de-200-000-euros\/#authorImage","url":"https:\/\/secure.gravatar.com\/avatar\/df2aeffc32bcd13f8d26072ef8a91b623d677766deac7f97ca815868cd41bf5e?s=96&d=mm&r=g","width":96,"height":96,"caption":"El Digital de Asturias"}},{"@type":"WebPage","@id":"https:\/\/www.eldigitaldeasturias.com\/noticias\/ocho-detenidos-por-robar-en-repetidores-de-radio-por-valor-de-200-000-euros\/#webpage","url":"https:\/\/www.eldigitaldeasturias.com\/noticias\/ocho-detenidos-por-robar-en-repetidores-de-radio-por-valor-de-200-000-euros\/","name":"Ocho detenidos por robar en repetidores de radio por valor de 200.000 euros - El Digital de Asturias","description":"Ja\u00e9n, 3 dic (EFE).- La Guardia Civil ha detenido a ocho personas en las provincias de Ja\u00e9n, Granada, Almer\u00eda y Madrid por quince robos de material electr\u00f3nico en el interior de casetas de los repetidores de transmisi\u00f3n de frecuencia modulada en los que causaron perjuicios por valor de 200.000 euros. La investigaci\u00f3n se inici\u00f3 a","inLanguage":"es-ES","isPartOf":{"@id":"https:\/\/www.eldigitaldeasturias.com\/noticias\/#website"},"breadcrumb":{"@id":"https:\/\/www.eldigitaldeasturias.com\/noticias\/ocho-detenidos-por-robar-en-repetidores-de-radio-por-valor-de-200-000-euros\/#breadcrumblist"},"author":{"@id":"https:\/\/www.eldigitaldeasturias.com\/noticias\/author\/admin\/#author"},"creator":{"@id":"https:\/\/www.eldigitaldeasturias.com\/noticias\/author\/admin\/#author"},"image":{"@type":"ImageObject","url":457346,"@id":"https:\/\/www.eldigitaldeasturias.com\/noticias\/ocho-detenidos-por-robar-en-repetidores-de-radio-por-valor-de-200-000-euros\/#mainImage"},"primaryImageOfPage":{"@id":"https:\/\/www.eldigitaldeasturias.com\/noticias\/ocho-detenidos-por-robar-en-repetidores-de-radio-por-valor-de-200-000-euros\/#mainImage"},"datePublished":"2013-12-03T22:42:15+01:00","dateModified":"2013-12-03T22:42:15+01:00"},{"@type":"WebSite","@id":"https:\/\/www.eldigitaldeasturias.com\/noticias\/#website","url":"https:\/\/www.eldigitaldeasturias.com\/noticias\/","name":"El Digital de Asturias - Diario de actualidad y noticias","alternateName":"El Digital de Asturias - Diario de actualidad y noticias","description":"Hemeroteca","inLanguage":"es-ES","publisher":{"@id":"https:\/\/www.eldigitaldeasturias.com\/noticias\/#organization"}}]},"og:locale":"es_ES","og:site_name":"El Digital de Asturias","og:type":"article","og:title":"Ocho detenidos por robar en repetidores de radio por valor de 200.000 euros - El Digital de Asturias","og:description":"Ja\u00e9n, 3 dic (EFE).- La Guardia Civil ha detenido a ocho personas en las provincias de Ja\u00e9n, Granada, Almer\u00eda y Madrid por quince robos de material electr\u00f3nico en el interior de casetas de los repetidores de transmisi\u00f3n de frecuencia modulada en los que causaron perjuicios por valor de 200.000 euros. La investigaci\u00f3n se inici\u00f3 a","og:url":"https:\/\/www.eldigitaldeasturias.com\/noticias\/ocho-detenidos-por-robar-en-repetidores-de-radio-por-valor-de-200-000-euros\/","article:tag":["sucesos"],"article:published_time":"2013-12-03T23:42:15+00:00","article:modified_time":"2013-12-03T23:42:15+00:00","article:publisher":"https:\/\/facebook.com\/eldigitaldeasturias","twitter:card":"summary_large_image","twitter:title":"Ocho detenidos por robar en repetidores de radio por valor de 200.000 euros - El Digital de Asturias","twitter:description":"Ja\u00e9n, 3 dic (EFE).- La Guardia Civil ha detenido a ocho personas en las provincias de Ja\u00e9n, Granada, Almer\u00eda y Madrid por quince robos de material electr\u00f3nico en el interior de casetas de los repetidores de transmisi\u00f3n de frecuencia modulada en los que causaron perjuicios por valor de 200.000 euros. La investigaci\u00f3n se inici\u00f3 a","twitter:label1":"Escrito por","twitter:data1":"El Digital de Asturias","twitter:label2":"Tiempo de lectura estimado","twitter:data2":"1 minuto"},"aioseo_meta_data":{"post_id":"457345","title":null,"description":null,"keywords":null,"keyphrases":null,"primary_term":null,"canonical_url":null,"og_title":null,"og_description":null,"og_object_type":"default","og_image_type":"default","og_image_url":null,"og_image_width":null,"og_image_height":null,"og_image_custom_url":null,"og_image_custom_fields":null,"og_video":null,"og_custom_url":null,"og_article_section":null,"og_article_tags":null,"twitter_use_og":true,"twitter_card":"default","twitter_image_type":"default","twitter_image_url":null,"twitter_image_custom_url":null,"twitter_image_custom_fields":null,"twitter_title":null,"twitter_description":null,"schema":{"blockGraphs":[],"customGraphs":[],"default":{"data":{"Article":[],"Course":[],"Dataset":[],"FAQPage":[],"Movie":[],"Person":[],"Product":[],"ProductReview":[],"Car":[],"Recipe":[],"Service":[],"SoftwareApplication":[],"WebPage":[]},"graphName":"","isEnabled":true},"graphs":[],"defaultGraph":"","defaultPostTypeGraph":""},"schema_type":null,"schema_type_options":null,"pillar_content":false,"robots_default":true,"robots_noindex":false,"robots_noarchive":false,"robots_nosnippet":false,"robots_nofollow":false,"robots_noimageindex":false,"robots_noodp":false,"robots_notranslate":false,"robots_max_snippet":null,"robots_max_videopreview":null,"robots_max_imagepreview":"none","priority":null,"frequency":null,"local_seo":null,"seo_analyzer_scan_date":"2026-05-30 01:12:20","breadcrumb_settings":null,"limit_modified_date":false,"open_ai":null,"ai":null,"created":"2020-11-14 22:46:07","updated":"2026-05-30 01:12:20","focus_keyword":null,"additional_keywords":null,"truseo_locale":null},"aioseo_breadcrumb":"<div class=\"aioseo-breadcrumbs\"><span class=\"aioseo-breadcrumb\">\n\t<a href=\"https:\/\/www.eldigitaldeasturias.com\/noticias\" title=\"Home\">Home<\/a>\n<\/span><span class=\"aioseo-breadcrumb-separator\">\u2013<\/span><span class=\"aioseo-breadcrumb\">\n\t<a href=\"https:\/\/www.eldigitaldeasturias.com\/noticias\/category\/sucesos\/\" title=\"Sucesos\">Sucesos<\/a>\n<\/span><span class=\"aioseo-breadcrumb-separator\">\u2013<\/span><span class=\"aioseo-breadcrumb\">\n\t<a href=\"https:\/\/www.eldigitaldeasturias.com\/noticias\/ocho-detenidos-por-robar-en-repetidores-de-radio-por-valor-de-200-000-euros\/\" title=\"Ocho detenidos por robar en repetidores de radio por valor de 200.000 euros\">Ocho detenidos por robar en repetidores de radio por valor de 200.000 euros<\/a>\n<\/span><\/div>","aioseo_breadcrumb_json":[{"label":"Home","link":"https:\/\/www.eldigitaldeasturias.com\/noticias"},{"label":"Sucesos","link":"https:\/\/www.eldigitaldeasturias.com\/noticias\/category\/sucesos\/"},{"label":"Ocho detenidos por robar en repetidores de radio por valor de 200.000 euros","link":"https:\/\/www.eldigitaldeasturias.com\/noticias\/ocho-detenidos-por-robar-en-repetidores-de-radio-por-valor-de-200-000-euros\/"}],"_links":{"self":[{"href":"https:\/\/www.eldigitaldeasturias.com\/noticias\/wp-json\/wp\/v2\/posts\/457345","targetHints":{"allow":["GET"]}}],"collection":[{"href":"https:\/\/www.eldigitaldeasturias.com\/noticias\/wp-json\/wp\/v2\/posts"}],"about":[{"href":"https:\/\/www.eldigitaldeasturias.com\/noticias\/wp-json\/wp\/v2\/types\/post"}],"author":[{"embeddable":true,"href":"https:\/\/www.eldigitaldeasturias.com\/noticias\/wp-json\/wp\/v2\/users\/1"}],"replies":[{"embeddable":true,"href":"https:\/\/www.eldigitaldeasturias.com\/noticias\/wp-json\/wp\/v2\/comments?post=457345"}],"version-history":[{"count":0,"href":"https:\/\/www.eldigitaldeasturias.com\/noticias\/wp-json\/wp\/v2\/posts\/457345\/revisions"}],"wp:attachment":[{"href":"https:\/\/www.eldigitaldeasturias.com\/noticias\/wp-json\/wp\/v2\/media?parent=457345"}],"wp:term":[{"taxonomy":"category","embeddable":true,"href":"https:\/\/www.eldigitaldeasturias.com\/noticias\/wp-json\/wp\/v2\/categories?post=457345"},{"taxonomy":"post_tag","embeddable":true,"href":"https:\/\/www.eldigitaldeasturias.com\/noticias\/wp-json\/wp\/v2\/tags?post=457345"}],"curies":[{"name":"wp","href":"https:\/\/api.w.org\/{rel}","templated":true}]}}