{"id":457321,"date":"2013-12-03T22:03:35","date_gmt":"2013-12-03T23:03:35","guid":{"rendered":"http:\/\/www.eldigitaldeasturias.com\/noticias\/?p=457321"},"modified":"2013-12-03T22:03:35","modified_gmt":"2013-12-03T23:03:35","slug":"el-principado-descarta-incorporar-nuevo-personal-durante-2014","status":"publish","type":"post","link":"https:\/\/www.eldigitaldeasturias.com\/noticias\/el-principado-descarta-incorporar-nuevo-personal-durante-2014\/","title":{"rendered":"El Principado descarta incorporar nuevo personal durante 2014"},"content":{"rendered":"<p><img loading=\"lazy\" decoding=\"async\" class=\"alignleft size-medium wp-image-3048\" alt=\"2013_09_25 Reunion Consejo Gobierno 1\" src=\"https:\/\/www.eldigitaldeasturias.com\/noticias\/wp-content\/uploads\/2013\/09\/2013_09_25-Reunion-Consejo-Gobierno-1-360x224.jpg\" width=\"360\" height=\"224\" \/>Oviedo, 3 dic (EFE).- El proyecto de presupuestos del Principado para 2014 contempla que en el pr\u00f3ximo ejercicio no se proceder\u00e1 a la incorporaci\u00f3n de nuevo personal a la administraci\u00f3n auton\u00f3mica salvo la que se derivase de la ejecuci\u00f3n de procesos selectivos correspondientes a ofertas p\u00fablicas de empleo de a\u00f1os anteriores.<\/p>\n<p>De esta medida, que se adapta a lo normativa estatal, est\u00e1n excluidos, condicionado a la disponibilidad presupuestaria, algunos sectores prioritarios -docentes, personal sanitario, servicios de prevenci\u00f3n de incendios o investigadores universitarios- para los que se fija una tasa de reposici\u00f3n del diez por ciento.<\/p>\n<p>Tambi\u00e9n en virtud de la legislaci\u00f3n nacional, el proyecto prev\u00e9 que los salarios en el sector p\u00fablico no registren ning\u00fan incremento respecto a 2013 y que las administraciones no puedan hacer aportaciones a planes de pensiones\u00a0 o contratos de seguro colectivos que incluyan la cobertura de la contingencia de jubilaci\u00f3n.<\/p>\n<p>El Principado prev\u00e9 destinar el pr\u00f3ximo a\u00f1o al pago de los gastos de personal un total de 1.533 millones de euros -el 39,21 por ciento del total del presupuesto- tras registrar esta partida un aumento del 1,02 por ciento derivada de la incorporaci\u00f3n al r\u00e9gimen de contabilidad p\u00fablica del nuevo Servicio de Emergencias (SEPA) fruto de la fusi\u00f3n del 112-Asturias y de Bomberos de Asturias.<\/p>\n<p>Esta circunstancia, una a la supresi\u00f3n del Instituto Asturiano de Estad\u00edstica y de la Procuradur\u00eda General, har\u00e1 que en 2014 la plantilla total del Principado experimente un aumento neto de 461 plazas al contar con diez funcionarios menos y con 471 trabajadores laborales procedentes del nuevo Servicio de Emergencias.<\/p>\n<p>De esta forma la plantilla del Principado de Asturias para 2014 ascender\u00e1 a 35.445 plazas, que se distribuyen en 15.861 plazas de personal funcionario (44,75 %), 6.227 plazas de personal laboral (17,57 %), y 13.357 plazas de personal estatutario (37,68 %).<\/p>\n<p>A estas cifras hay que a\u00f1adir 73 altos cargos, 90 eventuales de gabinete -m\u00e1s de la mitad de la Junta General y la Sindicatura de Cuentas-, once contratos de alta direcci\u00f3n y 77 cargos y puestos directivos del Servicio de Salud<\/p>\n","protected":false},"excerpt":{"rendered":"<p>Oviedo, 3 dic (EFE).- El proyecto de presupuestos del Principado para 2014 contempla que en el pr\u00f3ximo ejercicio no se proceder\u00e1 a la incorporaci\u00f3n de nuevo personal a la administraci\u00f3n auton\u00f3mica salvo la que se derivase de la ejecuci\u00f3n de procesos selectivos correspondientes a ofertas p\u00fablicas de empleo de a\u00f1os anteriores. De esta medida, que [&hellip;]<\/p>\n","protected":false},"author":1,"featured_media":1132184,"comment_status":"closed","ping_status":"open","sticky":false,"template":"","format":"standard","meta":{"footnotes":""},"categories":[12],"tags":[],"class_list":["post-457321","post","type-post","status-publish","format-standard","has-post-thumbnail","hentry","category-actualidad-asturias"],"aioseo_notices":[],"aioseo_head":"\n\t\t<!-- All in One SEO Pro 5.0.1 - aioseo.com -->\n\t<meta name=\"description\" content=\"Oviedo, 3 dic (EFE).- El proyecto de presupuestos del Principado para 2014 contempla que en el pr\u00f3ximo ejercicio no se proceder\u00e1 a la incorporaci\u00f3n de nuevo personal a la administraci\u00f3n auton\u00f3mica salvo la que se derivase de la ejecuci\u00f3n de procesos selectivos correspondientes a ofertas p\u00fablicas de empleo de a\u00f1os anteriores. De esta medida, que\" \/>\n\t<meta name=\"robots\" content=\"max-image-preview:large\" \/>\n\t<meta name=\"author\" content=\"El Digital de Asturias\"\/>\n\t<meta name=\"google-site-verification\" content=\"UA-38556648-1\" \/>\n\t<meta name=\"msvalidate.01\" content=\"7dfe9f3f1b24437ab69f4f2559babe99\" \/>\n\t<meta name=\"keywords\" content=\"actualidad asturias\" \/>\n\t<link rel=\"canonical\" href=\"https:\/\/www.eldigitaldeasturias.com\/noticias\/el-principado-descarta-incorporar-nuevo-personal-durante-2014\/\" \/>\n\t<meta name=\"generator\" content=\"All in One SEO Pro (AIOSEO) 5.0.1\" \/>\n\t\t<meta property=\"og:locale\" content=\"es_ES\" \/>\n\t\t<meta property=\"og:site_name\" content=\"El Digital de Asturias\" \/>\n\t\t<meta property=\"og:type\" content=\"article\" \/>\n\t\t<meta property=\"og:title\" content=\"El Principado descarta incorporar nuevo personal durante 2014 - El Digital de Asturias\" \/>\n\t\t<meta property=\"og:description\" content=\"Oviedo, 3 dic (EFE).- El proyecto de presupuestos del Principado para 2014 contempla que en el pr\u00f3ximo ejercicio no se proceder\u00e1 a la incorporaci\u00f3n de nuevo personal a la administraci\u00f3n auton\u00f3mica salvo la que se derivase de la ejecuci\u00f3n de procesos selectivos correspondientes a ofertas p\u00fablicas de empleo de a\u00f1os anteriores. De esta medida, que\" \/>\n\t\t<meta property=\"og:url\" content=\"https:\/\/www.eldigitaldeasturias.com\/noticias\/el-principado-descarta-incorporar-nuevo-personal-durante-2014\/\" \/>\n\t\t<meta property=\"og:image\" content=\"https:\/\/www.eldigitaldeasturias.com\/noticias\/wp-content\/uploads\/2026\/06\/Contenidos.jpg\" \/>\n\t\t<meta property=\"og:image:secure_url\" content=\"https:\/\/www.eldigitaldeasturias.com\/noticias\/wp-content\/uploads\/2026\/06\/Contenidos.jpg\" \/>\n\t\t<meta property=\"og:image:width\" content=\"1265\" \/>\n\t\t<meta property=\"og:image:height\" content=\"697\" \/>\n\t\t<meta property=\"article:tag\" content=\"actualidad asturias\" \/>\n\t\t<meta property=\"article:published_time\" content=\"2013-12-03T23:03:35+00:00\" \/>\n\t\t<meta property=\"article:modified_time\" content=\"2013-12-03T23:03:35+00:00\" \/>\n\t\t<meta property=\"article:publisher\" content=\"https:\/\/facebook.com\/eldigitaldeasturias\" \/>\n\t\t<meta name=\"twitter:card\" content=\"summary_large_image\" \/>\n\t\t<meta name=\"twitter:title\" content=\"El Principado descarta incorporar nuevo personal durante 2014 - El Digital de Asturias\" \/>\n\t\t<meta name=\"twitter:description\" content=\"Oviedo, 3 dic (EFE).- El proyecto de presupuestos del Principado para 2014 contempla que en el pr\u00f3ximo ejercicio no se proceder\u00e1 a la incorporaci\u00f3n de nuevo personal a la administraci\u00f3n auton\u00f3mica salvo la que se derivase de la ejecuci\u00f3n de procesos selectivos correspondientes a ofertas p\u00fablicas de empleo de a\u00f1os anteriores. De esta medida, que\" \/>\n\t\t<meta name=\"twitter:image\" content=\"https:\/\/www.eldigitaldeasturias.com\/noticias\/wp-content\/uploads\/2026\/06\/Contenidos.jpg\" \/>\n\t\t<meta name=\"twitter:label1\" content=\"Escrito por\" \/>\n\t\t<meta name=\"twitter:data1\" content=\"El Digital de Asturias\" \/>\n\t\t<meta name=\"twitter:label2\" content=\"Tiempo de lectura estimado\" \/>\n\t\t<meta name=\"twitter:data2\" content=\"2 minutos\" \/>\n\t\t<script type=\"application\/ld+json\" class=\"aioseo-schema\">\n\t\t\t{\"@context\":\"https:\\\/\\\/schema.org\",\"@graph\":[{\"@type\":\"BlogPosting\",\"@id\":\"https:\\\/\\\/www.eldigitaldeasturias.com\\\/noticias\\\/el-principado-descarta-incorporar-nuevo-personal-durante-2014\\\/#blogposting\",\"name\":\"El Principado descarta incorporar nuevo personal durante 2014 - El Digital de Asturias\",\"headline\":\"El Principado descarta incorporar nuevo personal durante 2014\",\"author\":{\"@id\":\"https:\\\/\\\/www.eldigitaldeasturias.com\\\/noticias\\\/author\\\/admin\\\/#author\"},\"publisher\":{\"@id\":\"https:\\\/\\\/www.eldigitaldeasturias.com\\\/noticias\\\/#organization\"},\"image\":{\"@type\":\"ImageObject\",\"url\":\"https:\\\/\\\/www.eldigitaldeasturias.com\\\/noticias\\\/wp-content\\\/uploads\\\/2026\\\/06\\\/Contenidos.jpg\",\"width\":1265,\"height\":697,\"caption\":\"Contenidos\"},\"datePublished\":\"2013-12-03T22:03:35+01:00\",\"dateModified\":\"2013-12-03T22:03:35+01:00\",\"inLanguage\":\"es-ES\",\"mainEntityOfPage\":{\"@id\":\"https:\\\/\\\/www.eldigitaldeasturias.com\\\/noticias\\\/el-principado-descarta-incorporar-nuevo-personal-durante-2014\\\/#webpage\"},\"isPartOf\":{\"@id\":\"https:\\\/\\\/www.eldigitaldeasturias.com\\\/noticias\\\/el-principado-descarta-incorporar-nuevo-personal-durante-2014\\\/#webpage\"},\"articleSection\":\"Actualidad Asturias\"},{\"@type\":\"BreadcrumbList\",\"@id\":\"https:\\\/\\\/www.eldigitaldeasturias.com\\\/noticias\\\/el-principado-descarta-incorporar-nuevo-personal-durante-2014\\\/#breadcrumblist\",\"itemListElement\":[{\"@type\":\"ListItem\",\"@id\":\"https:\\\/\\\/www.eldigitaldeasturias.com\\\/noticias#listItem\",\"position\":1,\"name\":\"Home\",\"item\":\"https:\\\/\\\/www.eldigitaldeasturias.com\\\/noticias\",\"nextItem\":{\"@type\":\"ListItem\",\"@id\":\"https:\\\/\\\/www.eldigitaldeasturias.com\\\/noticias\\\/category\\\/actualidad-asturias\\\/#listItem\",\"name\":\"Actualidad Asturias\"}},{\"@type\":\"ListItem\",\"@id\":\"https:\\\/\\\/www.eldigitaldeasturias.com\\\/noticias\\\/category\\\/actualidad-asturias\\\/#listItem\",\"position\":2,\"name\":\"Actualidad Asturias\",\"item\":\"https:\\\/\\\/www.eldigitaldeasturias.com\\\/noticias\\\/category\\\/actualidad-asturias\\\/\",\"nextItem\":{\"@type\":\"ListItem\",\"@id\":\"https:\\\/\\\/www.eldigitaldeasturias.com\\\/noticias\\\/el-principado-descarta-incorporar-nuevo-personal-durante-2014\\\/#listItem\",\"name\":\"El Principado descarta incorporar nuevo personal durante 2014\"},\"previousItem\":{\"@type\":\"ListItem\",\"@id\":\"https:\\\/\\\/www.eldigitaldeasturias.com\\\/noticias#listItem\",\"name\":\"Home\"}},{\"@type\":\"ListItem\",\"@id\":\"https:\\\/\\\/www.eldigitaldeasturias.com\\\/noticias\\\/el-principado-descarta-incorporar-nuevo-personal-durante-2014\\\/#listItem\",\"position\":3,\"name\":\"El Principado descarta incorporar nuevo personal durante 2014\",\"previousItem\":{\"@type\":\"ListItem\",\"@id\":\"https:\\\/\\\/www.eldigitaldeasturias.com\\\/noticias\\\/category\\\/actualidad-asturias\\\/#listItem\",\"name\":\"Actualidad Asturias\"}}]},{\"@type\":\"Organization\",\"@id\":\"https:\\\/\\\/www.eldigitaldeasturias.com\\\/noticias\\\/#organization\",\"name\":\"El Digital de Asturias\",\"description\":\"Hemeroteca\",\"url\":\"https:\\\/\\\/www.eldigitaldeasturias.com\\\/noticias\\\/\",\"email\":\"info@eldigitaldeasturias.com\",\"telephone\":\"+34652131393\",\"logo\":{\"@type\":\"ImageObject\",\"url\":\"https:\\\/\\\/www.eldigitaldeasturias.com\\\/noticias\\\/wp-content\\\/uploads\\\/2020\\\/12\\\/EDA.jpg\",\"@id\":\"https:\\\/\\\/www.eldigitaldeasturias.com\\\/noticias\\\/el-principado-descarta-incorporar-nuevo-personal-durante-2014\\\/#organizationLogo\"},\"image\":{\"@id\":\"https:\\\/\\\/www.eldigitaldeasturias.com\\\/noticias\\\/el-principado-descarta-incorporar-nuevo-personal-durante-2014\\\/#organizationLogo\"},\"sameAs\":[\"https:\\\/\\\/facebook.com\\\/eldigitaldeasturias\",\"https:\\\/\\\/www.youtube.com\\\/channel\\\/UCZP-2wLEB9Rv6erhFmqVnvg\"],\"address\":{\"@id\":\"https:\\\/\\\/www.eldigitaldeasturias.com\\\/noticias\\\/#postaladdress\",\"@type\":\"PostalAddress\",\"streetAddress\":\"san antonio 4\",\"postalCode\":\"33430\",\"addressLocality\":\"Cand\\u00e1s\",\"addressRegion\":\"Asturias\",\"addressCountry\":\"ES\"}},{\"@type\":\"Person\",\"@id\":\"https:\\\/\\\/www.eldigitaldeasturias.com\\\/noticias\\\/author\\\/admin\\\/#author\",\"url\":\"https:\\\/\\\/www.eldigitaldeasturias.com\\\/noticias\\\/author\\\/admin\\\/\",\"name\":\"El Digital de Asturias\",\"image\":{\"@type\":\"ImageObject\",\"@id\":\"https:\\\/\\\/www.eldigitaldeasturias.com\\\/noticias\\\/el-principado-descarta-incorporar-nuevo-personal-durante-2014\\\/#authorImage\",\"url\":\"https:\\\/\\\/secure.gravatar.com\\\/avatar\\\/df2aeffc32bcd13f8d26072ef8a91b623d677766deac7f97ca815868cd41bf5e?s=96&d=mm&r=g\",\"width\":96,\"height\":96,\"caption\":\"El Digital de Asturias\"}},{\"@type\":\"WebPage\",\"@id\":\"https:\\\/\\\/www.eldigitaldeasturias.com\\\/noticias\\\/el-principado-descarta-incorporar-nuevo-personal-durante-2014\\\/#webpage\",\"url\":\"https:\\\/\\\/www.eldigitaldeasturias.com\\\/noticias\\\/el-principado-descarta-incorporar-nuevo-personal-durante-2014\\\/\",\"name\":\"El Principado descarta incorporar nuevo personal durante 2014 - El Digital de Asturias\",\"description\":\"Oviedo, 3 dic (EFE).- El proyecto de presupuestos del Principado para 2014 contempla que en el pr\\u00f3ximo ejercicio no se proceder\\u00e1 a la incorporaci\\u00f3n de nuevo personal a la administraci\\u00f3n auton\\u00f3mica salvo la que se derivase de la ejecuci\\u00f3n de procesos selectivos correspondientes a ofertas p\\u00fablicas de empleo de a\\u00f1os anteriores. De esta medida, que\",\"inLanguage\":\"es-ES\",\"isPartOf\":{\"@id\":\"https:\\\/\\\/www.eldigitaldeasturias.com\\\/noticias\\\/#website\"},\"breadcrumb\":{\"@id\":\"https:\\\/\\\/www.eldigitaldeasturias.com\\\/noticias\\\/el-principado-descarta-incorporar-nuevo-personal-durante-2014\\\/#breadcrumblist\"},\"author\":{\"@id\":\"https:\\\/\\\/www.eldigitaldeasturias.com\\\/noticias\\\/author\\\/admin\\\/#author\"},\"creator\":{\"@id\":\"https:\\\/\\\/www.eldigitaldeasturias.com\\\/noticias\\\/author\\\/admin\\\/#author\"},\"image\":{\"@type\":\"ImageObject\",\"url\":\"https:\\\/\\\/www.eldigitaldeasturias.com\\\/noticias\\\/wp-content\\\/uploads\\\/2026\\\/06\\\/Contenidos.jpg\",\"@id\":\"https:\\\/\\\/www.eldigitaldeasturias.com\\\/noticias\\\/el-principado-descarta-incorporar-nuevo-personal-durante-2014\\\/#mainImage\",\"width\":1265,\"height\":697,\"caption\":\"Contenidos\"},\"primaryImageOfPage\":{\"@id\":\"https:\\\/\\\/www.eldigitaldeasturias.com\\\/noticias\\\/el-principado-descarta-incorporar-nuevo-personal-durante-2014\\\/#mainImage\"},\"datePublished\":\"2013-12-03T22:03:35+01:00\",\"dateModified\":\"2013-12-03T22:03:35+01:00\"},{\"@type\":\"WebSite\",\"@id\":\"https:\\\/\\\/www.eldigitaldeasturias.com\\\/noticias\\\/#website\",\"url\":\"https:\\\/\\\/www.eldigitaldeasturias.com\\\/noticias\\\/\",\"name\":\"El Digital de Asturias - Diario de actualidad y noticias\",\"alternateName\":\"El Digital de Asturias - Diario de actualidad y noticias\",\"description\":\"Hemeroteca\",\"inLanguage\":\"es-ES\",\"publisher\":{\"@id\":\"https:\\\/\\\/www.eldigitaldeasturias.com\\\/noticias\\\/#organization\"}}]}\n\t\t<\/script>\n\t\t<!-- All in One SEO Pro -->\r\n\t\t<title>El Principado descarta incorporar nuevo personal durante 2014 - El Digital de Asturias<\/title>\n\n","aioseo_head_json":{"title":"El Principado descarta incorporar nuevo personal durante 2014 - El Digital de Asturias","description":"Oviedo, 3 dic (EFE).- El proyecto de presupuestos del Principado para 2014 contempla que en el pr\u00f3ximo ejercicio no se proceder\u00e1 a la incorporaci\u00f3n de nuevo personal a la administraci\u00f3n auton\u00f3mica salvo la que se derivase de la ejecuci\u00f3n de procesos selectivos correspondientes a ofertas p\u00fablicas de empleo de a\u00f1os anteriores. De esta medida, que","canonical_url":"https:\/\/www.eldigitaldeasturias.com\/noticias\/el-principado-descarta-incorporar-nuevo-personal-durante-2014\/","robots":"max-image-preview:large","keywords":"actualidad asturias","webmasterTools":{"google-site-verification":"UA-38556648-1","msvalidate.01":"7dfe9f3f1b24437ab69f4f2559babe99","miscellaneous":""},"schema":{"@context":"https:\/\/schema.org","@graph":[{"@type":"BlogPosting","@id":"https:\/\/www.eldigitaldeasturias.com\/noticias\/el-principado-descarta-incorporar-nuevo-personal-durante-2014\/#blogposting","name":"El Principado descarta incorporar nuevo personal durante 2014 - El Digital de Asturias","headline":"El Principado descarta incorporar nuevo personal durante 2014","author":{"@id":"https:\/\/www.eldigitaldeasturias.com\/noticias\/author\/admin\/#author"},"publisher":{"@id":"https:\/\/www.eldigitaldeasturias.com\/noticias\/#organization"},"image":{"@type":"ImageObject","url":"https:\/\/www.eldigitaldeasturias.com\/noticias\/wp-content\/uploads\/2026\/06\/Contenidos.jpg","width":1265,"height":697,"caption":"Contenidos"},"datePublished":"2013-12-03T22:03:35+01:00","dateModified":"2013-12-03T22:03:35+01:00","inLanguage":"es-ES","mainEntityOfPage":{"@id":"https:\/\/www.eldigitaldeasturias.com\/noticias\/el-principado-descarta-incorporar-nuevo-personal-durante-2014\/#webpage"},"isPartOf":{"@id":"https:\/\/www.eldigitaldeasturias.com\/noticias\/el-principado-descarta-incorporar-nuevo-personal-durante-2014\/#webpage"},"articleSection":"Actualidad Asturias"},{"@type":"BreadcrumbList","@id":"https:\/\/www.eldigitaldeasturias.com\/noticias\/el-principado-descarta-incorporar-nuevo-personal-durante-2014\/#breadcrumblist","itemListElement":[{"@type":"ListItem","@id":"https:\/\/www.eldigitaldeasturias.com\/noticias#listItem","position":1,"name":"Home","item":"https:\/\/www.eldigitaldeasturias.com\/noticias","nextItem":{"@type":"ListItem","@id":"https:\/\/www.eldigitaldeasturias.com\/noticias\/category\/actualidad-asturias\/#listItem","name":"Actualidad Asturias"}},{"@type":"ListItem","@id":"https:\/\/www.eldigitaldeasturias.com\/noticias\/category\/actualidad-asturias\/#listItem","position":2,"name":"Actualidad Asturias","item":"https:\/\/www.eldigitaldeasturias.com\/noticias\/category\/actualidad-asturias\/","nextItem":{"@type":"ListItem","@id":"https:\/\/www.eldigitaldeasturias.com\/noticias\/el-principado-descarta-incorporar-nuevo-personal-durante-2014\/#listItem","name":"El Principado descarta incorporar nuevo personal durante 2014"},"previousItem":{"@type":"ListItem","@id":"https:\/\/www.eldigitaldeasturias.com\/noticias#listItem","name":"Home"}},{"@type":"ListItem","@id":"https:\/\/www.eldigitaldeasturias.com\/noticias\/el-principado-descarta-incorporar-nuevo-personal-durante-2014\/#listItem","position":3,"name":"El Principado descarta incorporar nuevo personal durante 2014","previousItem":{"@type":"ListItem","@id":"https:\/\/www.eldigitaldeasturias.com\/noticias\/category\/actualidad-asturias\/#listItem","name":"Actualidad Asturias"}}]},{"@type":"Organization","@id":"https:\/\/www.eldigitaldeasturias.com\/noticias\/#organization","name":"El Digital de Asturias","description":"Hemeroteca","url":"https:\/\/www.eldigitaldeasturias.com\/noticias\/","email":"info@eldigitaldeasturias.com","telephone":"+34652131393","logo":{"@type":"ImageObject","url":"https:\/\/www.eldigitaldeasturias.com\/noticias\/wp-content\/uploads\/2020\/12\/EDA.jpg","@id":"https:\/\/www.eldigitaldeasturias.com\/noticias\/el-principado-descarta-incorporar-nuevo-personal-durante-2014\/#organizationLogo"},"image":{"@id":"https:\/\/www.eldigitaldeasturias.com\/noticias\/el-principado-descarta-incorporar-nuevo-personal-durante-2014\/#organizationLogo"},"sameAs":["https:\/\/facebook.com\/eldigitaldeasturias","https:\/\/www.youtube.com\/channel\/UCZP-2wLEB9Rv6erhFmqVnvg"],"address":{"@id":"https:\/\/www.eldigitaldeasturias.com\/noticias\/#postaladdress","@type":"PostalAddress","streetAddress":"san antonio 4","postalCode":"33430","addressLocality":"Cand\u00e1s","addressRegion":"Asturias","addressCountry":"ES"}},{"@type":"Person","@id":"https:\/\/www.eldigitaldeasturias.com\/noticias\/author\/admin\/#author","url":"https:\/\/www.eldigitaldeasturias.com\/noticias\/author\/admin\/","name":"El Digital de Asturias","image":{"@type":"ImageObject","@id":"https:\/\/www.eldigitaldeasturias.com\/noticias\/el-principado-descarta-incorporar-nuevo-personal-durante-2014\/#authorImage","url":"https:\/\/secure.gravatar.com\/avatar\/df2aeffc32bcd13f8d26072ef8a91b623d677766deac7f97ca815868cd41bf5e?s=96&d=mm&r=g","width":96,"height":96,"caption":"El Digital de Asturias"}},{"@type":"WebPage","@id":"https:\/\/www.eldigitaldeasturias.com\/noticias\/el-principado-descarta-incorporar-nuevo-personal-durante-2014\/#webpage","url":"https:\/\/www.eldigitaldeasturias.com\/noticias\/el-principado-descarta-incorporar-nuevo-personal-durante-2014\/","name":"El Principado descarta incorporar nuevo personal durante 2014 - El Digital de Asturias","description":"Oviedo, 3 dic (EFE).- El proyecto de presupuestos del Principado para 2014 contempla que en el pr\u00f3ximo ejercicio no se proceder\u00e1 a la incorporaci\u00f3n de nuevo personal a la administraci\u00f3n auton\u00f3mica salvo la que se derivase de la ejecuci\u00f3n de procesos selectivos correspondientes a ofertas p\u00fablicas de empleo de a\u00f1os anteriores. De esta medida, que","inLanguage":"es-ES","isPartOf":{"@id":"https:\/\/www.eldigitaldeasturias.com\/noticias\/#website"},"breadcrumb":{"@id":"https:\/\/www.eldigitaldeasturias.com\/noticias\/el-principado-descarta-incorporar-nuevo-personal-durante-2014\/#breadcrumblist"},"author":{"@id":"https:\/\/www.eldigitaldeasturias.com\/noticias\/author\/admin\/#author"},"creator":{"@id":"https:\/\/www.eldigitaldeasturias.com\/noticias\/author\/admin\/#author"},"image":{"@type":"ImageObject","url":"https:\/\/www.eldigitaldeasturias.com\/noticias\/wp-content\/uploads\/2026\/06\/Contenidos.jpg","@id":"https:\/\/www.eldigitaldeasturias.com\/noticias\/el-principado-descarta-incorporar-nuevo-personal-durante-2014\/#mainImage","width":1265,"height":697,"caption":"Contenidos"},"primaryImageOfPage":{"@id":"https:\/\/www.eldigitaldeasturias.com\/noticias\/el-principado-descarta-incorporar-nuevo-personal-durante-2014\/#mainImage"},"datePublished":"2013-12-03T22:03:35+01:00","dateModified":"2013-12-03T22:03:35+01:00"},{"@type":"WebSite","@id":"https:\/\/www.eldigitaldeasturias.com\/noticias\/#website","url":"https:\/\/www.eldigitaldeasturias.com\/noticias\/","name":"El Digital de Asturias - Diario de actualidad y noticias","alternateName":"El Digital de Asturias - Diario de actualidad y noticias","description":"Hemeroteca","inLanguage":"es-ES","publisher":{"@id":"https:\/\/www.eldigitaldeasturias.com\/noticias\/#organization"}}]},"og:locale":"es_ES","og:site_name":"El Digital de Asturias","og:type":"article","og:title":"El Principado descarta incorporar nuevo personal durante 2014 - El Digital de Asturias","og:description":"Oviedo, 3 dic (EFE).- El proyecto de presupuestos del Principado para 2014 contempla que en el pr\u00f3ximo ejercicio no se proceder\u00e1 a la incorporaci\u00f3n de nuevo personal a la administraci\u00f3n auton\u00f3mica salvo la que se derivase de la ejecuci\u00f3n de procesos selectivos correspondientes a ofertas p\u00fablicas de empleo de a\u00f1os anteriores. De esta medida, que","og:url":"https:\/\/www.eldigitaldeasturias.com\/noticias\/el-principado-descarta-incorporar-nuevo-personal-durante-2014\/","og:image":"https:\/\/www.eldigitaldeasturias.com\/noticias\/wp-content\/uploads\/2026\/06\/Contenidos.jpg","og:image:secure_url":"https:\/\/www.eldigitaldeasturias.com\/noticias\/wp-content\/uploads\/2026\/06\/Contenidos.jpg","og:image:width":1265,"og:image:height":697,"article:tag":["actualidad asturias"],"article:published_time":"2013-12-03T23:03:35+00:00","article:modified_time":"2013-12-03T23:03:35+00:00","article:publisher":"https:\/\/facebook.com\/eldigitaldeasturias","twitter:card":"summary_large_image","twitter:title":"El Principado descarta incorporar nuevo personal durante 2014 - El Digital de Asturias","twitter:description":"Oviedo, 3 dic (EFE).- El proyecto de presupuestos del Principado para 2014 contempla que en el pr\u00f3ximo ejercicio no se proceder\u00e1 a la incorporaci\u00f3n de nuevo personal a la administraci\u00f3n auton\u00f3mica salvo la que se derivase de la ejecuci\u00f3n de procesos selectivos correspondientes a ofertas p\u00fablicas de empleo de a\u00f1os anteriores. De esta medida, que","twitter:image":"https:\/\/www.eldigitaldeasturias.com\/noticias\/wp-content\/uploads\/2026\/06\/Contenidos.jpg","twitter:label1":"Escrito por","twitter:data1":"El Digital de Asturias","twitter:label2":"Tiempo de lectura estimado","twitter:data2":"2 minutos"},"aioseo_meta_data":{"post_id":"457321","title":null,"description":null,"keywords":null,"keyphrases":null,"primary_term":null,"canonical_url":null,"og_title":null,"og_description":null,"og_object_type":"default","og_image_type":"default","og_image_url":null,"og_image_width":null,"og_image_height":null,"og_image_custom_url":null,"og_image_custom_fields":null,"og_video":null,"og_custom_url":null,"og_article_section":null,"og_article_tags":null,"twitter_use_og":true,"twitter_card":"default","twitter_image_type":"default","twitter_image_url":null,"twitter_image_custom_url":null,"twitter_image_custom_fields":null,"twitter_title":null,"twitter_description":null,"schema":{"blockGraphs":[],"customGraphs":[],"default":{"data":{"Article":[],"Course":[],"Dataset":[],"FAQPage":[],"Movie":[],"Person":[],"Product":[],"ProductReview":[],"Car":[],"Recipe":[],"Service":[],"SoftwareApplication":[],"WebPage":[]},"graphName":"","isEnabled":true},"graphs":[],"defaultGraph":"","defaultPostTypeGraph":""},"schema_type":null,"schema_type_options":null,"pillar_content":false,"robots_default":true,"robots_noindex":false,"robots_noarchive":false,"robots_nosnippet":false,"robots_nofollow":false,"robots_noimageindex":false,"robots_noodp":false,"robots_notranslate":false,"robots_max_snippet":null,"robots_max_videopreview":null,"robots_max_imagepreview":"none","priority":null,"frequency":null,"local_seo":null,"seo_analyzer_scan_date":"2026-05-30 01:07:01","breadcrumb_settings":null,"limit_modified_date":false,"open_ai":null,"ai":null,"created":"2020-11-14 22:46:07","updated":"2026-05-30 01:07:01","focus_keyword":null,"additional_keywords":null,"truseo_locale":null},"aioseo_breadcrumb":"<div class=\"aioseo-breadcrumbs\"><span class=\"aioseo-breadcrumb\">\n\t<a href=\"https:\/\/www.eldigitaldeasturias.com\/noticias\" title=\"Home\">Home<\/a>\n<\/span><span class=\"aioseo-breadcrumb-separator\">\u2013<\/span><span class=\"aioseo-breadcrumb\">\n\t<a href=\"https:\/\/www.eldigitaldeasturias.com\/noticias\/category\/actualidad-asturias\/\" title=\"Actualidad Asturias\">Actualidad Asturias<\/a>\n<\/span><span class=\"aioseo-breadcrumb-separator\">\u2013<\/span><span class=\"aioseo-breadcrumb\">\n\t<a href=\"https:\/\/www.eldigitaldeasturias.com\/noticias\/el-principado-descarta-incorporar-nuevo-personal-durante-2014\/\" title=\"El Principado descarta incorporar nuevo personal durante 2014\">El Principado descarta incorporar nuevo personal durante 2014<\/a>\n<\/span><\/div>","aioseo_breadcrumb_json":[{"label":"Home","link":"https:\/\/www.eldigitaldeasturias.com\/noticias"},{"label":"Actualidad Asturias","link":"https:\/\/www.eldigitaldeasturias.com\/noticias\/category\/actualidad-asturias\/"},{"label":"El Principado descarta incorporar nuevo personal durante 2014","link":"https:\/\/www.eldigitaldeasturias.com\/noticias\/el-principado-descarta-incorporar-nuevo-personal-durante-2014\/"}],"_links":{"self":[{"href":"https:\/\/www.eldigitaldeasturias.com\/noticias\/wp-json\/wp\/v2\/posts\/457321","targetHints":{"allow":["GET"]}}],"collection":[{"href":"https:\/\/www.eldigitaldeasturias.com\/noticias\/wp-json\/wp\/v2\/posts"}],"about":[{"href":"https:\/\/www.eldigitaldeasturias.com\/noticias\/wp-json\/wp\/v2\/types\/post"}],"author":[{"embeddable":true,"href":"https:\/\/www.eldigitaldeasturias.com\/noticias\/wp-json\/wp\/v2\/users\/1"}],"replies":[{"embeddable":true,"href":"https:\/\/www.eldigitaldeasturias.com\/noticias\/wp-json\/wp\/v2\/comments?post=457321"}],"version-history":[{"count":0,"href":"https:\/\/www.eldigitaldeasturias.com\/noticias\/wp-json\/wp\/v2\/posts\/457321\/revisions"}],"wp:featuredmedia":[{"embeddable":true,"href":"https:\/\/www.eldigitaldeasturias.com\/noticias\/wp-json\/wp\/v2\/media\/1132184"}],"wp:attachment":[{"href":"https:\/\/www.eldigitaldeasturias.com\/noticias\/wp-json\/wp\/v2\/media?parent=457321"}],"wp:term":[{"taxonomy":"category","embeddable":true,"href":"https:\/\/www.eldigitaldeasturias.com\/noticias\/wp-json\/wp\/v2\/categories?post=457321"},{"taxonomy":"post_tag","embeddable":true,"href":"https:\/\/www.eldigitaldeasturias.com\/noticias\/wp-json\/wp\/v2\/tags?post=457321"}],"curies":[{"name":"wp","href":"https:\/\/api.w.org\/{rel}","templated":true}]}}