{"id":457300,"date":"2013-12-03T20:47:52","date_gmt":"2013-12-03T21:47:52","guid":{"rendered":"http:\/\/www.eldigitaldeasturias.com\/noticias\/?p=457300"},"modified":"2013-12-03T20:47:52","modified_gmt":"2013-12-03T21:47:52","slug":"un-comision-establecera-como-se-gestiona-la-situacion-del-lobo-en-los-picos-de-europa","status":"publish","type":"post","link":"https:\/\/www.eldigitaldeasturias.com\/noticias\/un-comision-establecera-como-se-gestiona-la-situacion-del-lobo-en-los-picos-de-europa\/","title":{"rendered":"Un comisi\u00f3n establecer\u00e1 c\u00f3mo se gestiona la situaci\u00f3n del lobo en los Picos de Europa."},"content":{"rendered":"<p><img loading=\"lazy\" decoding=\"async\" class=\"alignleft size-medium wp-image-437263\" alt=\"picos\" src=\"https:\/\/www.eldigitaldeasturias.com\/noticias\/wp-content\/uploads\/2013\/10\/picos-360x270.jpg\" width=\"360\" height=\"270\" \/>Santander, 3 dic (EFE).- El Patronato del Parque Nacional de Picos de Europa ha decidido hoy crear una comisi\u00f3n de trabajo que establecer\u00e1 los criterios de gesti\u00f3n de la situaci\u00f3n del lobo en este espacio natural, debido al incremento del n\u00famero de ataques, por lo tanto de los da\u00f1os, y el aumento del n\u00famero de animales.<\/p>\n<p>En la reuni\u00f3n del \u00f3rgano rector del parque, celebrada en Potes, tambi\u00e9n se hablado de que el primer borrador del Plan Rector de Uso y Gesti\u00f3n estar\u00e1 finalizado a principios de 2014, con lo que ser\u00e1 trasladado al comit\u00e9 t\u00e9cnico y posteriormente al de gesti\u00f3n.<\/p>\n<p>Respecto al Plan de Ordenaci\u00f3n de los Recursos Naturales, se va a publicar en los boletines de las comunidades que gestionan este espacio (Cantabria, Castilla y Le\u00f3n y Asturias) para continuar su tramitaci\u00f3n, seg\u00fan ha informado a Efe la Consejer\u00eda c\u00e1ntabra de Ganader\u00eda, Pesca y Desarrollo Rural, que ostenta ahora la Presidencia del Patronato.<\/p>\n<p>Este \u00f3rgano ha dado el visto bueno al proyecto de remodelaci\u00f3n de la carretera nacional 621, que discurre por el Desfiladero de la Hermida, y ha analizado la posibilidad de presentar una alegaci\u00f3n a este documento -elaborado por el Ministerio de Fomento- para que incluya una actuaci\u00f3n que impida la ca\u00edda de piedras a la carretera, cuando son desprendidas por fauna del parque.<\/p>\n<p>En cuanto a la comisi\u00f3n de trabajo que analizar\u00e1 la situaci\u00f3n del lobo en este espacio natural, estar\u00e1 integrada por representantes de asociaciones agrarias, conservacionistas, y ayuntamientos de las tres comunidades, as\u00ed como expertos, tanto en aprovechamiento de pastos como en la conservaci\u00f3n de esta especie.<\/p>\n<p>La comisi\u00f3n, que deber\u00e1 entregar su estudio en la pr\u00f3xima reuni\u00f3n del Patronato en 2014, tendr\u00e1 que establecer los criterios por los que deber\u00eda o no haber controles de la poblaci\u00f3n de lobos, c\u00f3mo tendr\u00edan que llevarse a cabo en el caso de que los hubiera y analizar las medidas que propongan los ganaderos.<\/p>\n<p>Hasta ahora, seg\u00fan ha informado a Efe la Consejer\u00eda de Ganader\u00eda de Cantabria, no se producen esos controles sobre la poblaci\u00f3n de lobos debido al fallo judicial recurrido por las asociaciones conservacionistas en contra de esas medidas, y hasta que no exista una sentencia firme no se actuar\u00e1 en este sentido.<\/p>\n<p>En 2013 los ataques de los lobos en el Parque Nacional de los Picos de Europa han superado los 150 y, aunque no se llega a las \u00abcifras hist\u00f3ricas\u00bb de 1993, s\u00ed est\u00e1n produciendo da\u00f1os importantes sobre reses ovinas de los municipios c\u00e1ntabros de Camale\u00f1o y Cillorigo y, sobre todo, en el asturiano de Cagas de On\u00eds.<\/p>\n<p>Seg\u00fan se ha especificado hoy en el Patronato, se siguen manteniendo en Picos de Europa las seis manadas \u00abtradicionales\u00bb, que se han reproducido, aunque se desconoce cu\u00e1l es el n\u00famero fijo de animales.<\/p>\n<p>S\u00ed se ha llevado a cabo un an\u00e1lisis de los excrementos de los lobos, para conocer su situaci\u00f3n gen\u00e9tica y c\u00f3mo se puede realizar un control de estos animales.<\/p>\n<p>El Patronato, que tambi\u00e9n ha estudiado la nueva ley de Parques Nacionales, ha conocido el seguimiento que se est\u00e1 llevando a cabo de la situaci\u00f3n de los lepid\u00f3pteros (mariposas) en Picos de Europa, de los que se han contabilizado 111 especies en el parque.<\/p>\n<p>Y tambi\u00e9n se ha analizado la situaci\u00f3n de las colmenas y enjambres silvestres, de las que la mayor\u00eda est\u00e1n en la zona c\u00e1ntabra de Picos de Europa.<\/p>\n<p>En la reuni\u00f3n no se ha producido \u00abninguna novedad\u00bb respecto a la petici\u00f3n de algunos ayuntamientos para que se ampl\u00ede el parque nacional, y se ha informado que el pr\u00f3ximo a\u00f1o los Picos de Europa contar\u00e1 con una p\u00e1gina web oficial, adem\u00e1s de que se publicar\u00e1 un bolet\u00edn sobre el riesgo de aludes en este espacio.<\/p>\n<p>Durante el Patronato se ha informado de que la poblaci\u00f3n de rebeco en el parque est\u00e1 estabilizada, ya que el brote de sarna detectado no ha sido \u00abtan virulento\u00bb, y que se van a introducir entre 3 y 5 ejemplares de quebrantahuesos, que se capturar\u00e1n en Arag\u00f3n, y se sumar\u00e1n a los dos que ya est\u00e1n en el parque gracias al programa de recuperaci\u00f3n de esta especie.<\/p>\n<p>Se ha hablado tambi\u00e9n del lago \u00c1ndara, en Li\u00e9bana, y del estudio que ha llevado a cabo la Universidad de Oviedo que se\u00f1ala que desapareci\u00f3 por la explotaci\u00f3n minera de la zona, pero que es recuperable, con lo que se encargar\u00e1 otro informe para conocer c\u00f3mo se podr\u00eda recuperar.<\/p>\n","protected":false},"excerpt":{"rendered":"<p>Santander, 3 dic (EFE).- El Patronato del Parque Nacional de Picos de Europa ha decidido hoy crear una comisi\u00f3n de trabajo que establecer\u00e1 los criterios de gesti\u00f3n de la situaci\u00f3n del lobo en este espacio natural, debido al incremento del n\u00famero de ataques, por lo tanto de los da\u00f1os, y el aumento del n\u00famero de [&hellip;]<\/p>\n","protected":false},"author":1,"featured_media":437263,"comment_status":"closed","ping_status":"open","sticky":false,"template":"","format":"standard","meta":{"footnotes":""},"categories":[12],"tags":[],"class_list":["post-457300","post","type-post","status-publish","format-standard","has-post-thumbnail","hentry","category-actualidad-asturias"],"aioseo_notices":[],"aioseo_head":"\n\t\t<!-- All in One SEO Pro 5.0.1 - aioseo.com -->\n\t<meta name=\"description\" content=\"Santander, 3 dic (EFE).- El Patronato del Parque Nacional de Picos de Europa ha decidido hoy crear una comisi\u00f3n de trabajo que establecer\u00e1 los criterios de gesti\u00f3n de la situaci\u00f3n del lobo en este espacio natural, debido al incremento del n\u00famero de ataques, por lo tanto de los da\u00f1os, y el aumento del n\u00famero de\" \/>\n\t<meta name=\"robots\" content=\"max-image-preview:large\" \/>\n\t<meta name=\"author\" content=\"El Digital de Asturias\"\/>\n\t<meta name=\"google-site-verification\" content=\"UA-38556648-1\" \/>\n\t<meta name=\"msvalidate.01\" content=\"7dfe9f3f1b24437ab69f4f2559babe99\" \/>\n\t<meta name=\"keywords\" content=\"actualidad asturias\" \/>\n\t<link rel=\"canonical\" href=\"https:\/\/www.eldigitaldeasturias.com\/noticias\/un-comision-establecera-como-se-gestiona-la-situacion-del-lobo-en-los-picos-de-europa\/\" \/>\n\t<meta name=\"generator\" content=\"All in One SEO Pro (AIOSEO) 5.0.1\" \/>\n\t\t<meta property=\"og:locale\" content=\"es_ES\" \/>\n\t\t<meta property=\"og:site_name\" content=\"El Digital de Asturias\" \/>\n\t\t<meta property=\"og:type\" content=\"article\" \/>\n\t\t<meta property=\"og:title\" content=\"Un comisi\u00f3n establecer\u00e1 c\u00f3mo se gestiona la situaci\u00f3n del lobo en los Picos de Europa. - El Digital de Asturias\" \/>\n\t\t<meta property=\"og:description\" content=\"Santander, 3 dic (EFE).- El Patronato del Parque Nacional de Picos de Europa ha decidido hoy crear una comisi\u00f3n de trabajo que establecer\u00e1 los criterios de gesti\u00f3n de la situaci\u00f3n del lobo en este espacio natural, debido al incremento del n\u00famero de ataques, por lo tanto de los da\u00f1os, y el aumento del n\u00famero de\" \/>\n\t\t<meta property=\"og:url\" content=\"https:\/\/www.eldigitaldeasturias.com\/noticias\/un-comision-establecera-como-se-gestiona-la-situacion-del-lobo-en-los-picos-de-europa\/\" \/>\n\t\t<meta property=\"article:tag\" content=\"actualidad asturias\" \/>\n\t\t<meta property=\"article:published_time\" content=\"2013-12-03T21:47:52+00:00\" \/>\n\t\t<meta property=\"article:modified_time\" content=\"2013-12-03T21:47:52+00:00\" \/>\n\t\t<meta property=\"article:publisher\" content=\"https:\/\/facebook.com\/eldigitaldeasturias\" \/>\n\t\t<meta name=\"twitter:card\" content=\"summary_large_image\" \/>\n\t\t<meta name=\"twitter:title\" content=\"Un comisi\u00f3n establecer\u00e1 c\u00f3mo se gestiona la situaci\u00f3n del lobo en los Picos de Europa. - El Digital de Asturias\" \/>\n\t\t<meta name=\"twitter:description\" content=\"Santander, 3 dic (EFE).- El Patronato del Parque Nacional de Picos de Europa ha decidido hoy crear una comisi\u00f3n de trabajo que establecer\u00e1 los criterios de gesti\u00f3n de la situaci\u00f3n del lobo en este espacio natural, debido al incremento del n\u00famero de ataques, por lo tanto de los da\u00f1os, y el aumento del n\u00famero de\" \/>\n\t\t<meta name=\"twitter:label1\" content=\"Escrito por\" \/>\n\t\t<meta name=\"twitter:data1\" content=\"El Digital de Asturias\" \/>\n\t\t<meta name=\"twitter:label2\" content=\"Tiempo de lectura estimado\" \/>\n\t\t<meta name=\"twitter:data2\" content=\"4 minutos\" \/>\n\t\t<script type=\"application\/ld+json\" class=\"aioseo-schema\">\n\t\t\t{\"@context\":\"https:\\\/\\\/schema.org\",\"@graph\":[{\"@type\":\"BlogPosting\",\"@id\":\"https:\\\/\\\/www.eldigitaldeasturias.com\\\/noticias\\\/un-comision-establecera-como-se-gestiona-la-situacion-del-lobo-en-los-picos-de-europa\\\/#blogposting\",\"name\":\"Un comisi\\u00f3n establecer\\u00e1 c\\u00f3mo se gestiona la situaci\\u00f3n del lobo en los Picos de Europa. - El Digital de Asturias\",\"headline\":\"Un comisi\\u00f3n establecer\\u00e1 c\\u00f3mo se gestiona la situaci\\u00f3n del lobo en los Picos de Europa.\",\"author\":{\"@id\":\"https:\\\/\\\/www.eldigitaldeasturias.com\\\/noticias\\\/author\\\/admin\\\/#author\"},\"publisher\":{\"@id\":\"https:\\\/\\\/www.eldigitaldeasturias.com\\\/noticias\\\/#organization\"},\"image\":{\"@type\":\"ImageObject\",\"url\":437263},\"datePublished\":\"2013-12-03T20:47:52+01:00\",\"dateModified\":\"2013-12-03T20:47:52+01:00\",\"inLanguage\":\"es-ES\",\"mainEntityOfPage\":{\"@id\":\"https:\\\/\\\/www.eldigitaldeasturias.com\\\/noticias\\\/un-comision-establecera-como-se-gestiona-la-situacion-del-lobo-en-los-picos-de-europa\\\/#webpage\"},\"isPartOf\":{\"@id\":\"https:\\\/\\\/www.eldigitaldeasturias.com\\\/noticias\\\/un-comision-establecera-como-se-gestiona-la-situacion-del-lobo-en-los-picos-de-europa\\\/#webpage\"},\"articleSection\":\"Actualidad Asturias\"},{\"@type\":\"BreadcrumbList\",\"@id\":\"https:\\\/\\\/www.eldigitaldeasturias.com\\\/noticias\\\/un-comision-establecera-como-se-gestiona-la-situacion-del-lobo-en-los-picos-de-europa\\\/#breadcrumblist\",\"itemListElement\":[{\"@type\":\"ListItem\",\"@id\":\"https:\\\/\\\/www.eldigitaldeasturias.com\\\/noticias#listItem\",\"position\":1,\"name\":\"Home\",\"item\":\"https:\\\/\\\/www.eldigitaldeasturias.com\\\/noticias\",\"nextItem\":{\"@type\":\"ListItem\",\"@id\":\"https:\\\/\\\/www.eldigitaldeasturias.com\\\/noticias\\\/category\\\/actualidad-asturias\\\/#listItem\",\"name\":\"Actualidad Asturias\"}},{\"@type\":\"ListItem\",\"@id\":\"https:\\\/\\\/www.eldigitaldeasturias.com\\\/noticias\\\/category\\\/actualidad-asturias\\\/#listItem\",\"position\":2,\"name\":\"Actualidad Asturias\",\"item\":\"https:\\\/\\\/www.eldigitaldeasturias.com\\\/noticias\\\/category\\\/actualidad-asturias\\\/\",\"nextItem\":{\"@type\":\"ListItem\",\"@id\":\"https:\\\/\\\/www.eldigitaldeasturias.com\\\/noticias\\\/un-comision-establecera-como-se-gestiona-la-situacion-del-lobo-en-los-picos-de-europa\\\/#listItem\",\"name\":\"Un comisi\\u00f3n establecer\\u00e1 c\\u00f3mo se gestiona la situaci\\u00f3n del lobo en los Picos de Europa.\"},\"previousItem\":{\"@type\":\"ListItem\",\"@id\":\"https:\\\/\\\/www.eldigitaldeasturias.com\\\/noticias#listItem\",\"name\":\"Home\"}},{\"@type\":\"ListItem\",\"@id\":\"https:\\\/\\\/www.eldigitaldeasturias.com\\\/noticias\\\/un-comision-establecera-como-se-gestiona-la-situacion-del-lobo-en-los-picos-de-europa\\\/#listItem\",\"position\":3,\"name\":\"Un comisi\\u00f3n establecer\\u00e1 c\\u00f3mo se gestiona la situaci\\u00f3n del lobo en los Picos de Europa.\",\"previousItem\":{\"@type\":\"ListItem\",\"@id\":\"https:\\\/\\\/www.eldigitaldeasturias.com\\\/noticias\\\/category\\\/actualidad-asturias\\\/#listItem\",\"name\":\"Actualidad Asturias\"}}]},{\"@type\":\"Organization\",\"@id\":\"https:\\\/\\\/www.eldigitaldeasturias.com\\\/noticias\\\/#organization\",\"name\":\"El Digital de Asturias\",\"description\":\"Hemeroteca\",\"url\":\"https:\\\/\\\/www.eldigitaldeasturias.com\\\/noticias\\\/\",\"email\":\"info@eldigitaldeasturias.com\",\"telephone\":\"+34652131393\",\"logo\":{\"@type\":\"ImageObject\",\"url\":\"https:\\\/\\\/www.eldigitaldeasturias.com\\\/noticias\\\/wp-content\\\/uploads\\\/2020\\\/12\\\/EDA.jpg\",\"@id\":\"https:\\\/\\\/www.eldigitaldeasturias.com\\\/noticias\\\/un-comision-establecera-como-se-gestiona-la-situacion-del-lobo-en-los-picos-de-europa\\\/#organizationLogo\"},\"image\":{\"@id\":\"https:\\\/\\\/www.eldigitaldeasturias.com\\\/noticias\\\/un-comision-establecera-como-se-gestiona-la-situacion-del-lobo-en-los-picos-de-europa\\\/#organizationLogo\"},\"sameAs\":[\"https:\\\/\\\/facebook.com\\\/eldigitaldeasturias\",\"https:\\\/\\\/www.youtube.com\\\/channel\\\/UCZP-2wLEB9Rv6erhFmqVnvg\"],\"address\":{\"@id\":\"https:\\\/\\\/www.eldigitaldeasturias.com\\\/noticias\\\/#postaladdress\",\"@type\":\"PostalAddress\",\"streetAddress\":\"san antonio 4\",\"postalCode\":\"33430\",\"addressLocality\":\"Cand\\u00e1s\",\"addressRegion\":\"Asturias\",\"addressCountry\":\"ES\"}},{\"@type\":\"Person\",\"@id\":\"https:\\\/\\\/www.eldigitaldeasturias.com\\\/noticias\\\/author\\\/admin\\\/#author\",\"url\":\"https:\\\/\\\/www.eldigitaldeasturias.com\\\/noticias\\\/author\\\/admin\\\/\",\"name\":\"El Digital de Asturias\",\"image\":{\"@type\":\"ImageObject\",\"@id\":\"https:\\\/\\\/www.eldigitaldeasturias.com\\\/noticias\\\/un-comision-establecera-como-se-gestiona-la-situacion-del-lobo-en-los-picos-de-europa\\\/#authorImage\",\"url\":\"https:\\\/\\\/secure.gravatar.com\\\/avatar\\\/df2aeffc32bcd13f8d26072ef8a91b623d677766deac7f97ca815868cd41bf5e?s=96&d=mm&r=g\",\"width\":96,\"height\":96,\"caption\":\"El Digital de Asturias\"}},{\"@type\":\"WebPage\",\"@id\":\"https:\\\/\\\/www.eldigitaldeasturias.com\\\/noticias\\\/un-comision-establecera-como-se-gestiona-la-situacion-del-lobo-en-los-picos-de-europa\\\/#webpage\",\"url\":\"https:\\\/\\\/www.eldigitaldeasturias.com\\\/noticias\\\/un-comision-establecera-como-se-gestiona-la-situacion-del-lobo-en-los-picos-de-europa\\\/\",\"name\":\"Un comisi\\u00f3n establecer\\u00e1 c\\u00f3mo se gestiona la situaci\\u00f3n del lobo en los Picos de Europa. - El Digital de Asturias\",\"description\":\"Santander, 3 dic (EFE).- El Patronato del Parque Nacional de Picos de Europa ha decidido hoy crear una comisi\\u00f3n de trabajo que establecer\\u00e1 los criterios de gesti\\u00f3n de la situaci\\u00f3n del lobo en este espacio natural, debido al incremento del n\\u00famero de ataques, por lo tanto de los da\\u00f1os, y el aumento del n\\u00famero de\",\"inLanguage\":\"es-ES\",\"isPartOf\":{\"@id\":\"https:\\\/\\\/www.eldigitaldeasturias.com\\\/noticias\\\/#website\"},\"breadcrumb\":{\"@id\":\"https:\\\/\\\/www.eldigitaldeasturias.com\\\/noticias\\\/un-comision-establecera-como-se-gestiona-la-situacion-del-lobo-en-los-picos-de-europa\\\/#breadcrumblist\"},\"author\":{\"@id\":\"https:\\\/\\\/www.eldigitaldeasturias.com\\\/noticias\\\/author\\\/admin\\\/#author\"},\"creator\":{\"@id\":\"https:\\\/\\\/www.eldigitaldeasturias.com\\\/noticias\\\/author\\\/admin\\\/#author\"},\"image\":{\"@type\":\"ImageObject\",\"url\":437263,\"@id\":\"https:\\\/\\\/www.eldigitaldeasturias.com\\\/noticias\\\/un-comision-establecera-como-se-gestiona-la-situacion-del-lobo-en-los-picos-de-europa\\\/#mainImage\"},\"primaryImageOfPage\":{\"@id\":\"https:\\\/\\\/www.eldigitaldeasturias.com\\\/noticias\\\/un-comision-establecera-como-se-gestiona-la-situacion-del-lobo-en-los-picos-de-europa\\\/#mainImage\"},\"datePublished\":\"2013-12-03T20:47:52+01:00\",\"dateModified\":\"2013-12-03T20:47:52+01:00\"},{\"@type\":\"WebSite\",\"@id\":\"https:\\\/\\\/www.eldigitaldeasturias.com\\\/noticias\\\/#website\",\"url\":\"https:\\\/\\\/www.eldigitaldeasturias.com\\\/noticias\\\/\",\"name\":\"El Digital de Asturias - Diario de actualidad y noticias\",\"alternateName\":\"El Digital de Asturias - Diario de actualidad y noticias\",\"description\":\"Hemeroteca\",\"inLanguage\":\"es-ES\",\"publisher\":{\"@id\":\"https:\\\/\\\/www.eldigitaldeasturias.com\\\/noticias\\\/#organization\"}}]}\n\t\t<\/script>\n\t\t<!-- All in One SEO Pro -->\r\n\t\t<title>Un comisi\u00f3n establecer\u00e1 c\u00f3mo se gestiona la situaci\u00f3n del lobo en los Picos de Europa. - El Digital de Asturias<\/title>\n\n","aioseo_head_json":{"title":"Un comisi\u00f3n establecer\u00e1 c\u00f3mo se gestiona la situaci\u00f3n del lobo en los Picos de Europa. - El Digital de Asturias","description":"Santander, 3 dic (EFE).- El Patronato del Parque Nacional de Picos de Europa ha decidido hoy crear una comisi\u00f3n de trabajo que establecer\u00e1 los criterios de gesti\u00f3n de la situaci\u00f3n del lobo en este espacio natural, debido al incremento del n\u00famero de ataques, por lo tanto de los da\u00f1os, y el aumento del n\u00famero de","canonical_url":"https:\/\/www.eldigitaldeasturias.com\/noticias\/un-comision-establecera-como-se-gestiona-la-situacion-del-lobo-en-los-picos-de-europa\/","robots":"max-image-preview:large","keywords":"actualidad asturias","webmasterTools":{"google-site-verification":"UA-38556648-1","msvalidate.01":"7dfe9f3f1b24437ab69f4f2559babe99","miscellaneous":""},"schema":{"@context":"https:\/\/schema.org","@graph":[{"@type":"BlogPosting","@id":"https:\/\/www.eldigitaldeasturias.com\/noticias\/un-comision-establecera-como-se-gestiona-la-situacion-del-lobo-en-los-picos-de-europa\/#blogposting","name":"Un comisi\u00f3n establecer\u00e1 c\u00f3mo se gestiona la situaci\u00f3n del lobo en los Picos de Europa. - El Digital de Asturias","headline":"Un comisi\u00f3n establecer\u00e1 c\u00f3mo se gestiona la situaci\u00f3n del lobo en los Picos de Europa.","author":{"@id":"https:\/\/www.eldigitaldeasturias.com\/noticias\/author\/admin\/#author"},"publisher":{"@id":"https:\/\/www.eldigitaldeasturias.com\/noticias\/#organization"},"image":{"@type":"ImageObject","url":437263},"datePublished":"2013-12-03T20:47:52+01:00","dateModified":"2013-12-03T20:47:52+01:00","inLanguage":"es-ES","mainEntityOfPage":{"@id":"https:\/\/www.eldigitaldeasturias.com\/noticias\/un-comision-establecera-como-se-gestiona-la-situacion-del-lobo-en-los-picos-de-europa\/#webpage"},"isPartOf":{"@id":"https:\/\/www.eldigitaldeasturias.com\/noticias\/un-comision-establecera-como-se-gestiona-la-situacion-del-lobo-en-los-picos-de-europa\/#webpage"},"articleSection":"Actualidad Asturias"},{"@type":"BreadcrumbList","@id":"https:\/\/www.eldigitaldeasturias.com\/noticias\/un-comision-establecera-como-se-gestiona-la-situacion-del-lobo-en-los-picos-de-europa\/#breadcrumblist","itemListElement":[{"@type":"ListItem","@id":"https:\/\/www.eldigitaldeasturias.com\/noticias#listItem","position":1,"name":"Home","item":"https:\/\/www.eldigitaldeasturias.com\/noticias","nextItem":{"@type":"ListItem","@id":"https:\/\/www.eldigitaldeasturias.com\/noticias\/category\/actualidad-asturias\/#listItem","name":"Actualidad Asturias"}},{"@type":"ListItem","@id":"https:\/\/www.eldigitaldeasturias.com\/noticias\/category\/actualidad-asturias\/#listItem","position":2,"name":"Actualidad Asturias","item":"https:\/\/www.eldigitaldeasturias.com\/noticias\/category\/actualidad-asturias\/","nextItem":{"@type":"ListItem","@id":"https:\/\/www.eldigitaldeasturias.com\/noticias\/un-comision-establecera-como-se-gestiona-la-situacion-del-lobo-en-los-picos-de-europa\/#listItem","name":"Un comisi\u00f3n establecer\u00e1 c\u00f3mo se gestiona la situaci\u00f3n del lobo en los Picos de Europa."},"previousItem":{"@type":"ListItem","@id":"https:\/\/www.eldigitaldeasturias.com\/noticias#listItem","name":"Home"}},{"@type":"ListItem","@id":"https:\/\/www.eldigitaldeasturias.com\/noticias\/un-comision-establecera-como-se-gestiona-la-situacion-del-lobo-en-los-picos-de-europa\/#listItem","position":3,"name":"Un comisi\u00f3n establecer\u00e1 c\u00f3mo se gestiona la situaci\u00f3n del lobo en los Picos de Europa.","previousItem":{"@type":"ListItem","@id":"https:\/\/www.eldigitaldeasturias.com\/noticias\/category\/actualidad-asturias\/#listItem","name":"Actualidad Asturias"}}]},{"@type":"Organization","@id":"https:\/\/www.eldigitaldeasturias.com\/noticias\/#organization","name":"El Digital de Asturias","description":"Hemeroteca","url":"https:\/\/www.eldigitaldeasturias.com\/noticias\/","email":"info@eldigitaldeasturias.com","telephone":"+34652131393","logo":{"@type":"ImageObject","url":"https:\/\/www.eldigitaldeasturias.com\/noticias\/wp-content\/uploads\/2020\/12\/EDA.jpg","@id":"https:\/\/www.eldigitaldeasturias.com\/noticias\/un-comision-establecera-como-se-gestiona-la-situacion-del-lobo-en-los-picos-de-europa\/#organizationLogo"},"image":{"@id":"https:\/\/www.eldigitaldeasturias.com\/noticias\/un-comision-establecera-como-se-gestiona-la-situacion-del-lobo-en-los-picos-de-europa\/#organizationLogo"},"sameAs":["https:\/\/facebook.com\/eldigitaldeasturias","https:\/\/www.youtube.com\/channel\/UCZP-2wLEB9Rv6erhFmqVnvg"],"address":{"@id":"https:\/\/www.eldigitaldeasturias.com\/noticias\/#postaladdress","@type":"PostalAddress","streetAddress":"san antonio 4","postalCode":"33430","addressLocality":"Cand\u00e1s","addressRegion":"Asturias","addressCountry":"ES"}},{"@type":"Person","@id":"https:\/\/www.eldigitaldeasturias.com\/noticias\/author\/admin\/#author","url":"https:\/\/www.eldigitaldeasturias.com\/noticias\/author\/admin\/","name":"El Digital de Asturias","image":{"@type":"ImageObject","@id":"https:\/\/www.eldigitaldeasturias.com\/noticias\/un-comision-establecera-como-se-gestiona-la-situacion-del-lobo-en-los-picos-de-europa\/#authorImage","url":"https:\/\/secure.gravatar.com\/avatar\/df2aeffc32bcd13f8d26072ef8a91b623d677766deac7f97ca815868cd41bf5e?s=96&d=mm&r=g","width":96,"height":96,"caption":"El Digital de Asturias"}},{"@type":"WebPage","@id":"https:\/\/www.eldigitaldeasturias.com\/noticias\/un-comision-establecera-como-se-gestiona-la-situacion-del-lobo-en-los-picos-de-europa\/#webpage","url":"https:\/\/www.eldigitaldeasturias.com\/noticias\/un-comision-establecera-como-se-gestiona-la-situacion-del-lobo-en-los-picos-de-europa\/","name":"Un comisi\u00f3n establecer\u00e1 c\u00f3mo se gestiona la situaci\u00f3n del lobo en los Picos de Europa. - El Digital de Asturias","description":"Santander, 3 dic (EFE).- El Patronato del Parque Nacional de Picos de Europa ha decidido hoy crear una comisi\u00f3n de trabajo que establecer\u00e1 los criterios de gesti\u00f3n de la situaci\u00f3n del lobo en este espacio natural, debido al incremento del n\u00famero de ataques, por lo tanto de los da\u00f1os, y el aumento del n\u00famero de","inLanguage":"es-ES","isPartOf":{"@id":"https:\/\/www.eldigitaldeasturias.com\/noticias\/#website"},"breadcrumb":{"@id":"https:\/\/www.eldigitaldeasturias.com\/noticias\/un-comision-establecera-como-se-gestiona-la-situacion-del-lobo-en-los-picos-de-europa\/#breadcrumblist"},"author":{"@id":"https:\/\/www.eldigitaldeasturias.com\/noticias\/author\/admin\/#author"},"creator":{"@id":"https:\/\/www.eldigitaldeasturias.com\/noticias\/author\/admin\/#author"},"image":{"@type":"ImageObject","url":437263,"@id":"https:\/\/www.eldigitaldeasturias.com\/noticias\/un-comision-establecera-como-se-gestiona-la-situacion-del-lobo-en-los-picos-de-europa\/#mainImage"},"primaryImageOfPage":{"@id":"https:\/\/www.eldigitaldeasturias.com\/noticias\/un-comision-establecera-como-se-gestiona-la-situacion-del-lobo-en-los-picos-de-europa\/#mainImage"},"datePublished":"2013-12-03T20:47:52+01:00","dateModified":"2013-12-03T20:47:52+01:00"},{"@type":"WebSite","@id":"https:\/\/www.eldigitaldeasturias.com\/noticias\/#website","url":"https:\/\/www.eldigitaldeasturias.com\/noticias\/","name":"El Digital de Asturias - Diario de actualidad y noticias","alternateName":"El Digital de Asturias - Diario de actualidad y noticias","description":"Hemeroteca","inLanguage":"es-ES","publisher":{"@id":"https:\/\/www.eldigitaldeasturias.com\/noticias\/#organization"}}]},"og:locale":"es_ES","og:site_name":"El Digital de Asturias","og:type":"article","og:title":"Un comisi\u00f3n establecer\u00e1 c\u00f3mo se gestiona la situaci\u00f3n del lobo en los Picos de Europa. - El Digital de Asturias","og:description":"Santander, 3 dic (EFE).- El Patronato del Parque Nacional de Picos de Europa ha decidido hoy crear una comisi\u00f3n de trabajo que establecer\u00e1 los criterios de gesti\u00f3n de la situaci\u00f3n del lobo en este espacio natural, debido al incremento del n\u00famero de ataques, por lo tanto de los da\u00f1os, y el aumento del n\u00famero de","og:url":"https:\/\/www.eldigitaldeasturias.com\/noticias\/un-comision-establecera-como-se-gestiona-la-situacion-del-lobo-en-los-picos-de-europa\/","article:tag":["actualidad asturias"],"article:published_time":"2013-12-03T21:47:52+00:00","article:modified_time":"2013-12-03T21:47:52+00:00","article:publisher":"https:\/\/facebook.com\/eldigitaldeasturias","twitter:card":"summary_large_image","twitter:title":"Un comisi\u00f3n establecer\u00e1 c\u00f3mo se gestiona la situaci\u00f3n del lobo en los Picos de Europa. - El Digital de Asturias","twitter:description":"Santander, 3 dic (EFE).- El Patronato del Parque Nacional de Picos de Europa ha decidido hoy crear una comisi\u00f3n de trabajo que establecer\u00e1 los criterios de gesti\u00f3n de la situaci\u00f3n del lobo en este espacio natural, debido al incremento del n\u00famero de ataques, por lo tanto de los da\u00f1os, y el aumento del n\u00famero de","twitter:label1":"Escrito por","twitter:data1":"El Digital de Asturias","twitter:label2":"Tiempo de lectura estimado","twitter:data2":"4 minutos"},"aioseo_meta_data":{"post_id":"457300","title":null,"description":null,"keywords":null,"keyphrases":null,"primary_term":null,"canonical_url":null,"og_title":null,"og_description":null,"og_object_type":"default","og_image_type":"default","og_image_url":null,"og_image_width":null,"og_image_height":null,"og_image_custom_url":null,"og_image_custom_fields":null,"og_video":null,"og_custom_url":null,"og_article_section":null,"og_article_tags":null,"twitter_use_og":true,"twitter_card":"default","twitter_image_type":"default","twitter_image_url":null,"twitter_image_custom_url":null,"twitter_image_custom_fields":null,"twitter_title":null,"twitter_description":null,"schema":{"blockGraphs":[],"customGraphs":[],"default":{"data":{"Article":[],"Course":[],"Dataset":[],"FAQPage":[],"Movie":[],"Person":[],"Product":[],"ProductReview":[],"Car":[],"Recipe":[],"Service":[],"SoftwareApplication":[],"WebPage":[]},"graphName":"","isEnabled":true},"graphs":[],"defaultGraph":"","defaultPostTypeGraph":""},"schema_type":null,"schema_type_options":null,"pillar_content":false,"robots_default":true,"robots_noindex":false,"robots_noarchive":false,"robots_nosnippet":false,"robots_nofollow":false,"robots_noimageindex":false,"robots_noodp":false,"robots_notranslate":false,"robots_max_snippet":null,"robots_max_videopreview":null,"robots_max_imagepreview":"none","priority":null,"frequency":null,"local_seo":null,"seo_analyzer_scan_date":"2026-05-30 01:01:00","breadcrumb_settings":null,"limit_modified_date":false,"open_ai":null,"ai":null,"created":"2020-11-14 22:46:06","updated":"2026-05-30 01:01:00","focus_keyword":null,"additional_keywords":null,"truseo_locale":null},"aioseo_breadcrumb":"<div class=\"aioseo-breadcrumbs\"><span class=\"aioseo-breadcrumb\">\n\t<a href=\"https:\/\/www.eldigitaldeasturias.com\/noticias\" title=\"Home\">Home<\/a>\n<\/span><span class=\"aioseo-breadcrumb-separator\">\u2013<\/span><span class=\"aioseo-breadcrumb\">\n\t<a href=\"https:\/\/www.eldigitaldeasturias.com\/noticias\/category\/actualidad-asturias\/\" title=\"Actualidad Asturias\">Actualidad Asturias<\/a>\n<\/span><span class=\"aioseo-breadcrumb-separator\">\u2013<\/span><span class=\"aioseo-breadcrumb\">\n\t<a href=\"https:\/\/www.eldigitaldeasturias.com\/noticias\/un-comision-establecera-como-se-gestiona-la-situacion-del-lobo-en-los-picos-de-europa\/\" title=\"Un comisi\u00f3n establecer\u00e1 c\u00f3mo se gestiona la situaci\u00f3n del lobo en los Picos de Europa.\">Un comisi\u00f3n establecer\u00e1 c\u00f3mo se gestiona la situaci\u00f3n del lobo en los Picos de Europa.<\/a>\n<\/span><\/div>","aioseo_breadcrumb_json":[{"label":"Home","link":"https:\/\/www.eldigitaldeasturias.com\/noticias"},{"label":"Actualidad Asturias","link":"https:\/\/www.eldigitaldeasturias.com\/noticias\/category\/actualidad-asturias\/"},{"label":"Un comisi\u00f3n establecer\u00e1 c\u00f3mo se gestiona la situaci\u00f3n del lobo en los Picos de Europa.","link":"https:\/\/www.eldigitaldeasturias.com\/noticias\/un-comision-establecera-como-se-gestiona-la-situacion-del-lobo-en-los-picos-de-europa\/"}],"_links":{"self":[{"href":"https:\/\/www.eldigitaldeasturias.com\/noticias\/wp-json\/wp\/v2\/posts\/457300","targetHints":{"allow":["GET"]}}],"collection":[{"href":"https:\/\/www.eldigitaldeasturias.com\/noticias\/wp-json\/wp\/v2\/posts"}],"about":[{"href":"https:\/\/www.eldigitaldeasturias.com\/noticias\/wp-json\/wp\/v2\/types\/post"}],"author":[{"embeddable":true,"href":"https:\/\/www.eldigitaldeasturias.com\/noticias\/wp-json\/wp\/v2\/users\/1"}],"replies":[{"embeddable":true,"href":"https:\/\/www.eldigitaldeasturias.com\/noticias\/wp-json\/wp\/v2\/comments?post=457300"}],"version-history":[{"count":0,"href":"https:\/\/www.eldigitaldeasturias.com\/noticias\/wp-json\/wp\/v2\/posts\/457300\/revisions"}],"wp:attachment":[{"href":"https:\/\/www.eldigitaldeasturias.com\/noticias\/wp-json\/wp\/v2\/media?parent=457300"}],"wp:term":[{"taxonomy":"category","embeddable":true,"href":"https:\/\/www.eldigitaldeasturias.com\/noticias\/wp-json\/wp\/v2\/categories?post=457300"},{"taxonomy":"post_tag","embeddable":true,"href":"https:\/\/www.eldigitaldeasturias.com\/noticias\/wp-json\/wp\/v2\/tags?post=457300"}],"curies":[{"name":"wp","href":"https:\/\/api.w.org\/{rel}","templated":true}]}}