{"id":457298,"date":"2013-12-03T20:46:13","date_gmt":"2013-12-03T21:46:13","guid":{"rendered":"http:\/\/www.eldigitaldeasturias.com\/noticias\/?p=457298"},"modified":"2013-12-03T20:46:13","modified_gmt":"2013-12-03T21:46:13","slug":"tres-nuevos-concejales-del-psoe-de-cudillero-toman-posesion-de-sus-cargos","status":"publish","type":"post","link":"https:\/\/www.eldigitaldeasturias.com\/noticias\/tres-nuevos-concejales-del-psoe-de-cudillero-toman-posesion-de-sus-cargos\/","title":{"rendered":"Tres nuevos concejales del PSOE de Cudillero toman posesi\u00f3n de sus cargos"},"content":{"rendered":"<p><img loading=\"lazy\" decoding=\"async\" class=\"alignleft size-medium wp-image-2884\" alt=\"cudillero2\" src=\"https:\/\/www.eldigitaldeasturias.com\/noticias\/wp-content\/uploads\/2013\/09\/cudillero2-360x269.jpg\" width=\"360\" height=\"269\" \/>Avil\u00e9s, 3 dic (EFE).- Los tres concejales del PSOE de Cudillero a los que Junta Electoral Central expidi\u00f3 las correspondientes credenciales, Diego Antonio C\u00e1ndano, Pelayo Marqu\u00e9s y Ver\u00f3nica Marqu\u00e9s, han tomado hoy posesi\u00f3n de sus cargos en un pleno extraordinario en el que los grupos del PP y de Foro han expresado su rechazo.<\/p>\n<p>El orden del d\u00eda inclu\u00eda en su primer punto la toma de posesi\u00f3n de los tres nuevos ediles no electos, que pasan a ocupar las vacantes de los \u00faltimos dimisionarios, Luis Fern\u00e1ndez Garay (exalcalde), Ver\u00f3nica Vior Mart\u00ednez y Fernando Castro Garc\u00eda.<\/p>\n<p>Tanto el PP como Foro pidieron a la alcaldesa en funciones, Olga Fern\u00e1ndez, que retiran ese punto del orden del d\u00eda, dado que el \u00faltimo auto del Tribunal Superior de Justicia de Asturias (TSJA) pide que la Corporaci\u00f3n pixueta retrotraiga su situaci\u00f3n al pleno celebrado el pasado 23 de agosto y da por anuladas todas las decisiones con posterioridad a esa fecha.<\/p>\n<p>Tanto el PP como Foro entienden que esa anulaci\u00f3n incluye todos los acuerdos del pleno celebrado esta tarde, que incluye otros tres puntos m\u00e1s de \u00edndole econ\u00f3mica para pedir un pr\u00e9stamo de algo m\u00e1s de un mill\u00f3n de euros para hacer frente al pago de proveedores.<\/p>\n<p>\u00abNosotros hemos pedido que retiraran el primer punto del orden del d\u00eda para poder aprobar lo referido al pago a proveedores, pero se negaron demostrando la irresponsabilidad con la que est\u00e1n gobernando Cudillero\u00bb, ha explicado a Efe el portavoz de Foro, Juan Carragal.<\/p>\n","protected":false},"excerpt":{"rendered":"<p>Avil\u00e9s, 3 dic (EFE).- Los tres concejales del PSOE de Cudillero a los que Junta Electoral Central expidi\u00f3 las correspondientes credenciales, Diego Antonio C\u00e1ndano, Pelayo Marqu\u00e9s y Ver\u00f3nica Marqu\u00e9s, han tomado hoy posesi\u00f3n de sus cargos en un pleno extraordinario en el que los grupos del PP y de Foro han expresado su rechazo. El [&hellip;]<\/p>\n","protected":false},"author":1,"featured_media":1132184,"comment_status":"closed","ping_status":"open","sticky":false,"template":"","format":"standard","meta":{"footnotes":""},"categories":[12],"tags":[],"class_list":["post-457298","post","type-post","status-publish","format-standard","has-post-thumbnail","hentry","category-actualidad-asturias"],"aioseo_notices":[],"aioseo_head":"\n\t\t<!-- All in One SEO Pro 5.0.1 - aioseo.com -->\n\t<meta name=\"description\" content=\"Avil\u00e9s, 3 dic (EFE).- Los tres concejales del PSOE de Cudillero a los que Junta Electoral Central expidi\u00f3 las correspondientes credenciales, Diego Antonio C\u00e1ndano, Pelayo Marqu\u00e9s y Ver\u00f3nica Marqu\u00e9s, han tomado hoy posesi\u00f3n de sus cargos en un pleno extraordinario en el que los grupos del PP y de Foro han expresado su rechazo. El\" \/>\n\t<meta name=\"robots\" content=\"max-image-preview:large\" \/>\n\t<meta name=\"author\" content=\"El Digital de Asturias\"\/>\n\t<meta name=\"google-site-verification\" content=\"UA-38556648-1\" \/>\n\t<meta name=\"msvalidate.01\" content=\"7dfe9f3f1b24437ab69f4f2559babe99\" \/>\n\t<meta name=\"keywords\" content=\"actualidad asturias\" \/>\n\t<link rel=\"canonical\" href=\"https:\/\/www.eldigitaldeasturias.com\/noticias\/tres-nuevos-concejales-del-psoe-de-cudillero-toman-posesion-de-sus-cargos\/\" \/>\n\t<meta name=\"generator\" content=\"All in One SEO Pro (AIOSEO) 5.0.1\" \/>\n\t\t<meta property=\"og:locale\" content=\"es_ES\" \/>\n\t\t<meta property=\"og:site_name\" content=\"El Digital de Asturias\" \/>\n\t\t<meta property=\"og:type\" content=\"article\" \/>\n\t\t<meta property=\"og:title\" content=\"Tres nuevos concejales del PSOE de Cudillero toman posesi\u00f3n de sus cargos - El Digital de Asturias\" \/>\n\t\t<meta property=\"og:description\" content=\"Avil\u00e9s, 3 dic (EFE).- Los tres concejales del PSOE de Cudillero a los que Junta Electoral Central expidi\u00f3 las correspondientes credenciales, Diego Antonio C\u00e1ndano, Pelayo Marqu\u00e9s y Ver\u00f3nica Marqu\u00e9s, han tomado hoy posesi\u00f3n de sus cargos en un pleno extraordinario en el que los grupos del PP y de Foro han expresado su rechazo. El\" \/>\n\t\t<meta property=\"og:url\" content=\"https:\/\/www.eldigitaldeasturias.com\/noticias\/tres-nuevos-concejales-del-psoe-de-cudillero-toman-posesion-de-sus-cargos\/\" \/>\n\t\t<meta property=\"og:image\" content=\"https:\/\/www.eldigitaldeasturias.com\/noticias\/wp-content\/uploads\/2026\/06\/Contenidos.jpg\" \/>\n\t\t<meta property=\"og:image:secure_url\" content=\"https:\/\/www.eldigitaldeasturias.com\/noticias\/wp-content\/uploads\/2026\/06\/Contenidos.jpg\" \/>\n\t\t<meta property=\"og:image:width\" content=\"1265\" \/>\n\t\t<meta property=\"og:image:height\" content=\"697\" \/>\n\t\t<meta property=\"article:tag\" content=\"actualidad asturias\" \/>\n\t\t<meta property=\"article:published_time\" content=\"2013-12-03T21:46:13+00:00\" \/>\n\t\t<meta property=\"article:modified_time\" content=\"2013-12-03T21:46:13+00:00\" \/>\n\t\t<meta property=\"article:publisher\" content=\"https:\/\/facebook.com\/eldigitaldeasturias\" \/>\n\t\t<meta name=\"twitter:card\" content=\"summary_large_image\" \/>\n\t\t<meta name=\"twitter:title\" content=\"Tres nuevos concejales del PSOE de Cudillero toman posesi\u00f3n de sus cargos - El Digital de Asturias\" \/>\n\t\t<meta name=\"twitter:description\" content=\"Avil\u00e9s, 3 dic (EFE).- Los tres concejales del PSOE de Cudillero a los que Junta Electoral Central expidi\u00f3 las correspondientes credenciales, Diego Antonio C\u00e1ndano, Pelayo Marqu\u00e9s y Ver\u00f3nica Marqu\u00e9s, han tomado hoy posesi\u00f3n de sus cargos en un pleno extraordinario en el que los grupos del PP y de Foro han expresado su rechazo. El\" \/>\n\t\t<meta name=\"twitter:image\" content=\"https:\/\/www.eldigitaldeasturias.com\/noticias\/wp-content\/uploads\/2026\/06\/Contenidos.jpg\" \/>\n\t\t<meta name=\"twitter:label1\" content=\"Escrito por\" \/>\n\t\t<meta name=\"twitter:data1\" content=\"El Digital de Asturias\" \/>\n\t\t<meta name=\"twitter:label2\" content=\"Tiempo de lectura estimado\" \/>\n\t\t<meta name=\"twitter:data2\" content=\"1 minuto\" \/>\n\t\t<script type=\"application\/ld+json\" class=\"aioseo-schema\">\n\t\t\t{\"@context\":\"https:\\\/\\\/schema.org\",\"@graph\":[{\"@type\":\"BlogPosting\",\"@id\":\"https:\\\/\\\/www.eldigitaldeasturias.com\\\/noticias\\\/tres-nuevos-concejales-del-psoe-de-cudillero-toman-posesion-de-sus-cargos\\\/#blogposting\",\"name\":\"Tres nuevos concejales del PSOE de Cudillero toman posesi\\u00f3n de sus cargos - El Digital de Asturias\",\"headline\":\"Tres nuevos concejales del PSOE de Cudillero toman posesi\\u00f3n de sus cargos\",\"author\":{\"@id\":\"https:\\\/\\\/www.eldigitaldeasturias.com\\\/noticias\\\/author\\\/admin\\\/#author\"},\"publisher\":{\"@id\":\"https:\\\/\\\/www.eldigitaldeasturias.com\\\/noticias\\\/#organization\"},\"image\":{\"@type\":\"ImageObject\",\"url\":\"https:\\\/\\\/www.eldigitaldeasturias.com\\\/noticias\\\/wp-content\\\/uploads\\\/2026\\\/06\\\/Contenidos.jpg\",\"width\":1265,\"height\":697,\"caption\":\"Contenidos\"},\"datePublished\":\"2013-12-03T20:46:13+01:00\",\"dateModified\":\"2013-12-03T20:46:13+01:00\",\"inLanguage\":\"es-ES\",\"mainEntityOfPage\":{\"@id\":\"https:\\\/\\\/www.eldigitaldeasturias.com\\\/noticias\\\/tres-nuevos-concejales-del-psoe-de-cudillero-toman-posesion-de-sus-cargos\\\/#webpage\"},\"isPartOf\":{\"@id\":\"https:\\\/\\\/www.eldigitaldeasturias.com\\\/noticias\\\/tres-nuevos-concejales-del-psoe-de-cudillero-toman-posesion-de-sus-cargos\\\/#webpage\"},\"articleSection\":\"Actualidad Asturias\"},{\"@type\":\"BreadcrumbList\",\"@id\":\"https:\\\/\\\/www.eldigitaldeasturias.com\\\/noticias\\\/tres-nuevos-concejales-del-psoe-de-cudillero-toman-posesion-de-sus-cargos\\\/#breadcrumblist\",\"itemListElement\":[{\"@type\":\"ListItem\",\"@id\":\"https:\\\/\\\/www.eldigitaldeasturias.com\\\/noticias#listItem\",\"position\":1,\"name\":\"Home\",\"item\":\"https:\\\/\\\/www.eldigitaldeasturias.com\\\/noticias\",\"nextItem\":{\"@type\":\"ListItem\",\"@id\":\"https:\\\/\\\/www.eldigitaldeasturias.com\\\/noticias\\\/category\\\/actualidad-asturias\\\/#listItem\",\"name\":\"Actualidad Asturias\"}},{\"@type\":\"ListItem\",\"@id\":\"https:\\\/\\\/www.eldigitaldeasturias.com\\\/noticias\\\/category\\\/actualidad-asturias\\\/#listItem\",\"position\":2,\"name\":\"Actualidad Asturias\",\"item\":\"https:\\\/\\\/www.eldigitaldeasturias.com\\\/noticias\\\/category\\\/actualidad-asturias\\\/\",\"nextItem\":{\"@type\":\"ListItem\",\"@id\":\"https:\\\/\\\/www.eldigitaldeasturias.com\\\/noticias\\\/tres-nuevos-concejales-del-psoe-de-cudillero-toman-posesion-de-sus-cargos\\\/#listItem\",\"name\":\"Tres nuevos concejales del PSOE de Cudillero toman posesi\\u00f3n de sus cargos\"},\"previousItem\":{\"@type\":\"ListItem\",\"@id\":\"https:\\\/\\\/www.eldigitaldeasturias.com\\\/noticias#listItem\",\"name\":\"Home\"}},{\"@type\":\"ListItem\",\"@id\":\"https:\\\/\\\/www.eldigitaldeasturias.com\\\/noticias\\\/tres-nuevos-concejales-del-psoe-de-cudillero-toman-posesion-de-sus-cargos\\\/#listItem\",\"position\":3,\"name\":\"Tres nuevos concejales del PSOE de Cudillero toman posesi\\u00f3n de sus cargos\",\"previousItem\":{\"@type\":\"ListItem\",\"@id\":\"https:\\\/\\\/www.eldigitaldeasturias.com\\\/noticias\\\/category\\\/actualidad-asturias\\\/#listItem\",\"name\":\"Actualidad Asturias\"}}]},{\"@type\":\"Organization\",\"@id\":\"https:\\\/\\\/www.eldigitaldeasturias.com\\\/noticias\\\/#organization\",\"name\":\"El Digital de Asturias\",\"description\":\"Hemeroteca\",\"url\":\"https:\\\/\\\/www.eldigitaldeasturias.com\\\/noticias\\\/\",\"email\":\"info@eldigitaldeasturias.com\",\"telephone\":\"+34652131393\",\"logo\":{\"@type\":\"ImageObject\",\"url\":\"https:\\\/\\\/www.eldigitaldeasturias.com\\\/noticias\\\/wp-content\\\/uploads\\\/2020\\\/12\\\/EDA.jpg\",\"@id\":\"https:\\\/\\\/www.eldigitaldeasturias.com\\\/noticias\\\/tres-nuevos-concejales-del-psoe-de-cudillero-toman-posesion-de-sus-cargos\\\/#organizationLogo\"},\"image\":{\"@id\":\"https:\\\/\\\/www.eldigitaldeasturias.com\\\/noticias\\\/tres-nuevos-concejales-del-psoe-de-cudillero-toman-posesion-de-sus-cargos\\\/#organizationLogo\"},\"sameAs\":[\"https:\\\/\\\/facebook.com\\\/eldigitaldeasturias\",\"https:\\\/\\\/www.youtube.com\\\/channel\\\/UCZP-2wLEB9Rv6erhFmqVnvg\"],\"address\":{\"@id\":\"https:\\\/\\\/www.eldigitaldeasturias.com\\\/noticias\\\/#postaladdress\",\"@type\":\"PostalAddress\",\"streetAddress\":\"san antonio 4\",\"postalCode\":\"33430\",\"addressLocality\":\"Cand\\u00e1s\",\"addressRegion\":\"Asturias\",\"addressCountry\":\"ES\"}},{\"@type\":\"Person\",\"@id\":\"https:\\\/\\\/www.eldigitaldeasturias.com\\\/noticias\\\/author\\\/admin\\\/#author\",\"url\":\"https:\\\/\\\/www.eldigitaldeasturias.com\\\/noticias\\\/author\\\/admin\\\/\",\"name\":\"El Digital de Asturias\",\"image\":{\"@type\":\"ImageObject\",\"@id\":\"https:\\\/\\\/www.eldigitaldeasturias.com\\\/noticias\\\/tres-nuevos-concejales-del-psoe-de-cudillero-toman-posesion-de-sus-cargos\\\/#authorImage\",\"url\":\"https:\\\/\\\/secure.gravatar.com\\\/avatar\\\/df2aeffc32bcd13f8d26072ef8a91b623d677766deac7f97ca815868cd41bf5e?s=96&d=mm&r=g\",\"width\":96,\"height\":96,\"caption\":\"El Digital de Asturias\"}},{\"@type\":\"WebPage\",\"@id\":\"https:\\\/\\\/www.eldigitaldeasturias.com\\\/noticias\\\/tres-nuevos-concejales-del-psoe-de-cudillero-toman-posesion-de-sus-cargos\\\/#webpage\",\"url\":\"https:\\\/\\\/www.eldigitaldeasturias.com\\\/noticias\\\/tres-nuevos-concejales-del-psoe-de-cudillero-toman-posesion-de-sus-cargos\\\/\",\"name\":\"Tres nuevos concejales del PSOE de Cudillero toman posesi\\u00f3n de sus cargos - El Digital de Asturias\",\"description\":\"Avil\\u00e9s, 3 dic (EFE).- Los tres concejales del PSOE de Cudillero a los que Junta Electoral Central expidi\\u00f3 las correspondientes credenciales, Diego Antonio C\\u00e1ndano, Pelayo Marqu\\u00e9s y Ver\\u00f3nica Marqu\\u00e9s, han tomado hoy posesi\\u00f3n de sus cargos en un pleno extraordinario en el que los grupos del PP y de Foro han expresado su rechazo. El\",\"inLanguage\":\"es-ES\",\"isPartOf\":{\"@id\":\"https:\\\/\\\/www.eldigitaldeasturias.com\\\/noticias\\\/#website\"},\"breadcrumb\":{\"@id\":\"https:\\\/\\\/www.eldigitaldeasturias.com\\\/noticias\\\/tres-nuevos-concejales-del-psoe-de-cudillero-toman-posesion-de-sus-cargos\\\/#breadcrumblist\"},\"author\":{\"@id\":\"https:\\\/\\\/www.eldigitaldeasturias.com\\\/noticias\\\/author\\\/admin\\\/#author\"},\"creator\":{\"@id\":\"https:\\\/\\\/www.eldigitaldeasturias.com\\\/noticias\\\/author\\\/admin\\\/#author\"},\"image\":{\"@type\":\"ImageObject\",\"url\":\"https:\\\/\\\/www.eldigitaldeasturias.com\\\/noticias\\\/wp-content\\\/uploads\\\/2026\\\/06\\\/Contenidos.jpg\",\"@id\":\"https:\\\/\\\/www.eldigitaldeasturias.com\\\/noticias\\\/tres-nuevos-concejales-del-psoe-de-cudillero-toman-posesion-de-sus-cargos\\\/#mainImage\",\"width\":1265,\"height\":697,\"caption\":\"Contenidos\"},\"primaryImageOfPage\":{\"@id\":\"https:\\\/\\\/www.eldigitaldeasturias.com\\\/noticias\\\/tres-nuevos-concejales-del-psoe-de-cudillero-toman-posesion-de-sus-cargos\\\/#mainImage\"},\"datePublished\":\"2013-12-03T20:46:13+01:00\",\"dateModified\":\"2013-12-03T20:46:13+01:00\"},{\"@type\":\"WebSite\",\"@id\":\"https:\\\/\\\/www.eldigitaldeasturias.com\\\/noticias\\\/#website\",\"url\":\"https:\\\/\\\/www.eldigitaldeasturias.com\\\/noticias\\\/\",\"name\":\"El Digital de Asturias - Diario de actualidad y noticias\",\"alternateName\":\"El Digital de Asturias - Diario de actualidad y noticias\",\"description\":\"Hemeroteca\",\"inLanguage\":\"es-ES\",\"publisher\":{\"@id\":\"https:\\\/\\\/www.eldigitaldeasturias.com\\\/noticias\\\/#organization\"}}]}\n\t\t<\/script>\n\t\t<!-- All in One SEO Pro -->\r\n\t\t<title>Tres nuevos concejales del PSOE de Cudillero toman posesi\u00f3n de sus cargos - El Digital de Asturias<\/title>\n\n","aioseo_head_json":{"title":"Tres nuevos concejales del PSOE de Cudillero toman posesi\u00f3n de sus cargos - El Digital de Asturias","description":"Avil\u00e9s, 3 dic (EFE).- Los tres concejales del PSOE de Cudillero a los que Junta Electoral Central expidi\u00f3 las correspondientes credenciales, Diego Antonio C\u00e1ndano, Pelayo Marqu\u00e9s y Ver\u00f3nica Marqu\u00e9s, han tomado hoy posesi\u00f3n de sus cargos en un pleno extraordinario en el que los grupos del PP y de Foro han expresado su rechazo. El","canonical_url":"https:\/\/www.eldigitaldeasturias.com\/noticias\/tres-nuevos-concejales-del-psoe-de-cudillero-toman-posesion-de-sus-cargos\/","robots":"max-image-preview:large","keywords":"actualidad asturias","webmasterTools":{"google-site-verification":"UA-38556648-1","msvalidate.01":"7dfe9f3f1b24437ab69f4f2559babe99","miscellaneous":""},"schema":{"@context":"https:\/\/schema.org","@graph":[{"@type":"BlogPosting","@id":"https:\/\/www.eldigitaldeasturias.com\/noticias\/tres-nuevos-concejales-del-psoe-de-cudillero-toman-posesion-de-sus-cargos\/#blogposting","name":"Tres nuevos concejales del PSOE de Cudillero toman posesi\u00f3n de sus cargos - El Digital de Asturias","headline":"Tres nuevos concejales del PSOE de Cudillero toman posesi\u00f3n de sus cargos","author":{"@id":"https:\/\/www.eldigitaldeasturias.com\/noticias\/author\/admin\/#author"},"publisher":{"@id":"https:\/\/www.eldigitaldeasturias.com\/noticias\/#organization"},"image":{"@type":"ImageObject","url":"https:\/\/www.eldigitaldeasturias.com\/noticias\/wp-content\/uploads\/2026\/06\/Contenidos.jpg","width":1265,"height":697,"caption":"Contenidos"},"datePublished":"2013-12-03T20:46:13+01:00","dateModified":"2013-12-03T20:46:13+01:00","inLanguage":"es-ES","mainEntityOfPage":{"@id":"https:\/\/www.eldigitaldeasturias.com\/noticias\/tres-nuevos-concejales-del-psoe-de-cudillero-toman-posesion-de-sus-cargos\/#webpage"},"isPartOf":{"@id":"https:\/\/www.eldigitaldeasturias.com\/noticias\/tres-nuevos-concejales-del-psoe-de-cudillero-toman-posesion-de-sus-cargos\/#webpage"},"articleSection":"Actualidad Asturias"},{"@type":"BreadcrumbList","@id":"https:\/\/www.eldigitaldeasturias.com\/noticias\/tres-nuevos-concejales-del-psoe-de-cudillero-toman-posesion-de-sus-cargos\/#breadcrumblist","itemListElement":[{"@type":"ListItem","@id":"https:\/\/www.eldigitaldeasturias.com\/noticias#listItem","position":1,"name":"Home","item":"https:\/\/www.eldigitaldeasturias.com\/noticias","nextItem":{"@type":"ListItem","@id":"https:\/\/www.eldigitaldeasturias.com\/noticias\/category\/actualidad-asturias\/#listItem","name":"Actualidad Asturias"}},{"@type":"ListItem","@id":"https:\/\/www.eldigitaldeasturias.com\/noticias\/category\/actualidad-asturias\/#listItem","position":2,"name":"Actualidad Asturias","item":"https:\/\/www.eldigitaldeasturias.com\/noticias\/category\/actualidad-asturias\/","nextItem":{"@type":"ListItem","@id":"https:\/\/www.eldigitaldeasturias.com\/noticias\/tres-nuevos-concejales-del-psoe-de-cudillero-toman-posesion-de-sus-cargos\/#listItem","name":"Tres nuevos concejales del PSOE de Cudillero toman posesi\u00f3n de sus cargos"},"previousItem":{"@type":"ListItem","@id":"https:\/\/www.eldigitaldeasturias.com\/noticias#listItem","name":"Home"}},{"@type":"ListItem","@id":"https:\/\/www.eldigitaldeasturias.com\/noticias\/tres-nuevos-concejales-del-psoe-de-cudillero-toman-posesion-de-sus-cargos\/#listItem","position":3,"name":"Tres nuevos concejales del PSOE de Cudillero toman posesi\u00f3n de sus cargos","previousItem":{"@type":"ListItem","@id":"https:\/\/www.eldigitaldeasturias.com\/noticias\/category\/actualidad-asturias\/#listItem","name":"Actualidad Asturias"}}]},{"@type":"Organization","@id":"https:\/\/www.eldigitaldeasturias.com\/noticias\/#organization","name":"El Digital de Asturias","description":"Hemeroteca","url":"https:\/\/www.eldigitaldeasturias.com\/noticias\/","email":"info@eldigitaldeasturias.com","telephone":"+34652131393","logo":{"@type":"ImageObject","url":"https:\/\/www.eldigitaldeasturias.com\/noticias\/wp-content\/uploads\/2020\/12\/EDA.jpg","@id":"https:\/\/www.eldigitaldeasturias.com\/noticias\/tres-nuevos-concejales-del-psoe-de-cudillero-toman-posesion-de-sus-cargos\/#organizationLogo"},"image":{"@id":"https:\/\/www.eldigitaldeasturias.com\/noticias\/tres-nuevos-concejales-del-psoe-de-cudillero-toman-posesion-de-sus-cargos\/#organizationLogo"},"sameAs":["https:\/\/facebook.com\/eldigitaldeasturias","https:\/\/www.youtube.com\/channel\/UCZP-2wLEB9Rv6erhFmqVnvg"],"address":{"@id":"https:\/\/www.eldigitaldeasturias.com\/noticias\/#postaladdress","@type":"PostalAddress","streetAddress":"san antonio 4","postalCode":"33430","addressLocality":"Cand\u00e1s","addressRegion":"Asturias","addressCountry":"ES"}},{"@type":"Person","@id":"https:\/\/www.eldigitaldeasturias.com\/noticias\/author\/admin\/#author","url":"https:\/\/www.eldigitaldeasturias.com\/noticias\/author\/admin\/","name":"El Digital de Asturias","image":{"@type":"ImageObject","@id":"https:\/\/www.eldigitaldeasturias.com\/noticias\/tres-nuevos-concejales-del-psoe-de-cudillero-toman-posesion-de-sus-cargos\/#authorImage","url":"https:\/\/secure.gravatar.com\/avatar\/df2aeffc32bcd13f8d26072ef8a91b623d677766deac7f97ca815868cd41bf5e?s=96&d=mm&r=g","width":96,"height":96,"caption":"El Digital de Asturias"}},{"@type":"WebPage","@id":"https:\/\/www.eldigitaldeasturias.com\/noticias\/tres-nuevos-concejales-del-psoe-de-cudillero-toman-posesion-de-sus-cargos\/#webpage","url":"https:\/\/www.eldigitaldeasturias.com\/noticias\/tres-nuevos-concejales-del-psoe-de-cudillero-toman-posesion-de-sus-cargos\/","name":"Tres nuevos concejales del PSOE de Cudillero toman posesi\u00f3n de sus cargos - El Digital de Asturias","description":"Avil\u00e9s, 3 dic (EFE).- Los tres concejales del PSOE de Cudillero a los que Junta Electoral Central expidi\u00f3 las correspondientes credenciales, Diego Antonio C\u00e1ndano, Pelayo Marqu\u00e9s y Ver\u00f3nica Marqu\u00e9s, han tomado hoy posesi\u00f3n de sus cargos en un pleno extraordinario en el que los grupos del PP y de Foro han expresado su rechazo. El","inLanguage":"es-ES","isPartOf":{"@id":"https:\/\/www.eldigitaldeasturias.com\/noticias\/#website"},"breadcrumb":{"@id":"https:\/\/www.eldigitaldeasturias.com\/noticias\/tres-nuevos-concejales-del-psoe-de-cudillero-toman-posesion-de-sus-cargos\/#breadcrumblist"},"author":{"@id":"https:\/\/www.eldigitaldeasturias.com\/noticias\/author\/admin\/#author"},"creator":{"@id":"https:\/\/www.eldigitaldeasturias.com\/noticias\/author\/admin\/#author"},"image":{"@type":"ImageObject","url":"https:\/\/www.eldigitaldeasturias.com\/noticias\/wp-content\/uploads\/2026\/06\/Contenidos.jpg","@id":"https:\/\/www.eldigitaldeasturias.com\/noticias\/tres-nuevos-concejales-del-psoe-de-cudillero-toman-posesion-de-sus-cargos\/#mainImage","width":1265,"height":697,"caption":"Contenidos"},"primaryImageOfPage":{"@id":"https:\/\/www.eldigitaldeasturias.com\/noticias\/tres-nuevos-concejales-del-psoe-de-cudillero-toman-posesion-de-sus-cargos\/#mainImage"},"datePublished":"2013-12-03T20:46:13+01:00","dateModified":"2013-12-03T20:46:13+01:00"},{"@type":"WebSite","@id":"https:\/\/www.eldigitaldeasturias.com\/noticias\/#website","url":"https:\/\/www.eldigitaldeasturias.com\/noticias\/","name":"El Digital de Asturias - Diario de actualidad y noticias","alternateName":"El Digital de Asturias - Diario de actualidad y noticias","description":"Hemeroteca","inLanguage":"es-ES","publisher":{"@id":"https:\/\/www.eldigitaldeasturias.com\/noticias\/#organization"}}]},"og:locale":"es_ES","og:site_name":"El Digital de Asturias","og:type":"article","og:title":"Tres nuevos concejales del PSOE de Cudillero toman posesi\u00f3n de sus cargos - El Digital de Asturias","og:description":"Avil\u00e9s, 3 dic (EFE).- Los tres concejales del PSOE de Cudillero a los que Junta Electoral Central expidi\u00f3 las correspondientes credenciales, Diego Antonio C\u00e1ndano, Pelayo Marqu\u00e9s y Ver\u00f3nica Marqu\u00e9s, han tomado hoy posesi\u00f3n de sus cargos en un pleno extraordinario en el que los grupos del PP y de Foro han expresado su rechazo. El","og:url":"https:\/\/www.eldigitaldeasturias.com\/noticias\/tres-nuevos-concejales-del-psoe-de-cudillero-toman-posesion-de-sus-cargos\/","og:image":"https:\/\/www.eldigitaldeasturias.com\/noticias\/wp-content\/uploads\/2026\/06\/Contenidos.jpg","og:image:secure_url":"https:\/\/www.eldigitaldeasturias.com\/noticias\/wp-content\/uploads\/2026\/06\/Contenidos.jpg","og:image:width":1265,"og:image:height":697,"article:tag":["actualidad asturias"],"article:published_time":"2013-12-03T21:46:13+00:00","article:modified_time":"2013-12-03T21:46:13+00:00","article:publisher":"https:\/\/facebook.com\/eldigitaldeasturias","twitter:card":"summary_large_image","twitter:title":"Tres nuevos concejales del PSOE de Cudillero toman posesi\u00f3n de sus cargos - El Digital de Asturias","twitter:description":"Avil\u00e9s, 3 dic (EFE).- Los tres concejales del PSOE de Cudillero a los que Junta Electoral Central expidi\u00f3 las correspondientes credenciales, Diego Antonio C\u00e1ndano, Pelayo Marqu\u00e9s y Ver\u00f3nica Marqu\u00e9s, han tomado hoy posesi\u00f3n de sus cargos en un pleno extraordinario en el que los grupos del PP y de Foro han expresado su rechazo. El","twitter:image":"https:\/\/www.eldigitaldeasturias.com\/noticias\/wp-content\/uploads\/2026\/06\/Contenidos.jpg","twitter:label1":"Escrito por","twitter:data1":"El Digital de Asturias","twitter:label2":"Tiempo de lectura estimado","twitter:data2":"1 minuto"},"aioseo_meta_data":{"post_id":"457298","title":null,"description":null,"keywords":null,"keyphrases":null,"primary_term":null,"canonical_url":null,"og_title":null,"og_description":null,"og_object_type":"default","og_image_type":"default","og_image_url":null,"og_image_width":null,"og_image_height":null,"og_image_custom_url":null,"og_image_custom_fields":null,"og_video":null,"og_custom_url":null,"og_article_section":null,"og_article_tags":null,"twitter_use_og":true,"twitter_card":"default","twitter_image_type":"default","twitter_image_url":null,"twitter_image_custom_url":null,"twitter_image_custom_fields":null,"twitter_title":null,"twitter_description":null,"schema":{"blockGraphs":[],"customGraphs":[],"default":{"data":{"Article":[],"Course":[],"Dataset":[],"FAQPage":[],"Movie":[],"Person":[],"Product":[],"ProductReview":[],"Car":[],"Recipe":[],"Service":[],"SoftwareApplication":[],"WebPage":[]},"graphName":"","isEnabled":true},"graphs":[],"defaultGraph":"","defaultPostTypeGraph":""},"schema_type":null,"schema_type_options":null,"pillar_content":false,"robots_default":true,"robots_noindex":false,"robots_noarchive":false,"robots_nosnippet":false,"robots_nofollow":false,"robots_noimageindex":false,"robots_noodp":false,"robots_notranslate":false,"robots_max_snippet":null,"robots_max_videopreview":null,"robots_max_imagepreview":"none","priority":null,"frequency":null,"local_seo":null,"seo_analyzer_scan_date":"2026-05-30 01:00:59","breadcrumb_settings":null,"limit_modified_date":false,"open_ai":null,"ai":null,"created":"2020-11-14 22:46:06","updated":"2026-05-30 01:00:59","focus_keyword":null,"additional_keywords":null,"truseo_locale":null},"aioseo_breadcrumb":"<div class=\"aioseo-breadcrumbs\"><span class=\"aioseo-breadcrumb\">\n\t<a href=\"https:\/\/www.eldigitaldeasturias.com\/noticias\" title=\"Home\">Home<\/a>\n<\/span><span class=\"aioseo-breadcrumb-separator\">\u2013<\/span><span class=\"aioseo-breadcrumb\">\n\t<a href=\"https:\/\/www.eldigitaldeasturias.com\/noticias\/category\/actualidad-asturias\/\" title=\"Actualidad Asturias\">Actualidad Asturias<\/a>\n<\/span><span class=\"aioseo-breadcrumb-separator\">\u2013<\/span><span class=\"aioseo-breadcrumb\">\n\t<a href=\"https:\/\/www.eldigitaldeasturias.com\/noticias\/tres-nuevos-concejales-del-psoe-de-cudillero-toman-posesion-de-sus-cargos\/\" title=\"Tres nuevos concejales del PSOE de Cudillero toman posesi\u00f3n de sus cargos\">Tres nuevos concejales del PSOE de Cudillero toman posesi\u00f3n de sus cargos<\/a>\n<\/span><\/div>","aioseo_breadcrumb_json":[{"label":"Home","link":"https:\/\/www.eldigitaldeasturias.com\/noticias"},{"label":"Actualidad Asturias","link":"https:\/\/www.eldigitaldeasturias.com\/noticias\/category\/actualidad-asturias\/"},{"label":"Tres nuevos concejales del PSOE de Cudillero toman posesi\u00f3n de sus cargos","link":"https:\/\/www.eldigitaldeasturias.com\/noticias\/tres-nuevos-concejales-del-psoe-de-cudillero-toman-posesion-de-sus-cargos\/"}],"_links":{"self":[{"href":"https:\/\/www.eldigitaldeasturias.com\/noticias\/wp-json\/wp\/v2\/posts\/457298","targetHints":{"allow":["GET"]}}],"collection":[{"href":"https:\/\/www.eldigitaldeasturias.com\/noticias\/wp-json\/wp\/v2\/posts"}],"about":[{"href":"https:\/\/www.eldigitaldeasturias.com\/noticias\/wp-json\/wp\/v2\/types\/post"}],"author":[{"embeddable":true,"href":"https:\/\/www.eldigitaldeasturias.com\/noticias\/wp-json\/wp\/v2\/users\/1"}],"replies":[{"embeddable":true,"href":"https:\/\/www.eldigitaldeasturias.com\/noticias\/wp-json\/wp\/v2\/comments?post=457298"}],"version-history":[{"count":0,"href":"https:\/\/www.eldigitaldeasturias.com\/noticias\/wp-json\/wp\/v2\/posts\/457298\/revisions"}],"wp:featuredmedia":[{"embeddable":true,"href":"https:\/\/www.eldigitaldeasturias.com\/noticias\/wp-json\/wp\/v2\/media\/1132184"}],"wp:attachment":[{"href":"https:\/\/www.eldigitaldeasturias.com\/noticias\/wp-json\/wp\/v2\/media?parent=457298"}],"wp:term":[{"taxonomy":"category","embeddable":true,"href":"https:\/\/www.eldigitaldeasturias.com\/noticias\/wp-json\/wp\/v2\/categories?post=457298"},{"taxonomy":"post_tag","embeddable":true,"href":"https:\/\/www.eldigitaldeasturias.com\/noticias\/wp-json\/wp\/v2\/tags?post=457298"}],"curies":[{"name":"wp","href":"https:\/\/api.w.org\/{rel}","templated":true}]}}