{"id":457287,"date":"2013-12-03T20:29:28","date_gmt":"2013-12-03T21:29:28","guid":{"rendered":"http:\/\/www.eldigitaldeasturias.com\/noticias\/?p=457287"},"modified":"2013-12-03T20:29:28","modified_gmt":"2013-12-03T21:29:28","slug":"el-paro-baja-en-asturias-el-017-en-noviembre-sin-que-mejore-la-afiliacion","status":"publish","type":"post","link":"https:\/\/www.eldigitaldeasturias.com\/noticias\/el-paro-baja-en-asturias-el-017-en-noviembre-sin-que-mejore-la-afiliacion\/","title":{"rendered":"El paro baja en Asturias el 0,17% en noviembre sin que mejore la afiliaci\u00f3n"},"content":{"rendered":"<p><img loading=\"lazy\" decoding=\"async\" class=\"alignleft size-medium wp-image-3081\" alt=\"paro\" src=\"https:\/\/www.eldigitaldeasturias.com\/noticias\/wp-content\/uploads\/2013\/09\/paro-360x240.jpg\" width=\"360\" height=\"240\" \/>Oviedo, 3 dic (EFE).- El paro registrado baj\u00f3 en Asturias en noviembre en 172 personas respecto a octubre, lo que supone la primera reducci\u00f3n en un mes de noviembre en quince a\u00f1os, aunque lo hizo en paralelo a una p\u00e9rdida en la afiliaci\u00f3n a la Seguridad Social.<\/p>\n<p>El Principado cerr\u00f3 el mes con 103.118 parados registrados, el 0,17 por ciento menos que en octubre, seg\u00fan los datos publicados hoy por el Ministerio de Empleo y Seguridad Social.<\/p>\n<p>Este dato pone fin a dos meses de subidas (septiembre y octubre) y retoma la tendencia a la baja reflejada en los seis meses anteriores.<\/p>\n<p>No obstante, el paro registrado se redujo sin que repuntase la ocupaci\u00f3n, ya que Asturias perdi\u00f3 en el mismo mes 882 afiliados a la Seguridad Social respecto a octubre, lo que supone un descenso del 0,26 por ciento, hasta situar la media en 342.374 personas.<\/p>\n<p>En t\u00e9rminos interanuales, el paro registrado se ha reducido en 2.098 personas, el 1,99 por ciento, mientras que la afiliaci\u00f3n ha ca\u00eddo en 7.494 personas, el 2,14 por ciento.<\/p>\n<p>Asimismo, en noviembre se firmaron en Asturias 20.055 contratos, lo que supone un descenso del 25,4 por ciento respecto a octubre, aunque un aumento del 6 por ciento en comparaci\u00f3n con noviembre de 2012.<\/p>\n<p>El 93 por ciento de los contratos firmados fueron temporales, en l\u00ednea con la tendencia del resto del a\u00f1o.<\/p>\n<p>De hecho, en t\u00e9rminos interanuales la contrataci\u00f3n indefinida ha ca\u00eddo en Asturias el 14,6 por ciento, mientras que la temporal refleja un aumento de 7,8 por ciento.<\/p>\n<p>El paro se redujo en todos los sectores, a excepci\u00f3n de la industria, donde aument\u00f3 en 60 personas, hasta un total de 10.748.<\/p>\n<p>La mayor bajada se produjo en la construcci\u00f3n, con 153 parados menos, hasta 14.264 personas, y en el colectivo sin empleo anterior, con 58 desempleados menos, hasta un total de 7.992.<\/p>\n<p>El paro baj\u00f3 en menor medida en los servicios, con 19 parados menos, hasta 68.514 personas, mientras que la lista del paro en la agricultura solo se redujo en dos personas, hasta 1.600.<\/p>\n<p>De las personas que salieron de las listas del paro en noviembre en Asturias solo diez son mujeres, hasta un total de 52.867, mientras que la reducci\u00f3n entre los hombres fue de 162 personas, hasta 50.251.<\/p>\n<p>Entre el colectivo extranjero, el paro se situ\u00f3 en noviembre en 6.580 personas -2.406 procedentes de pa\u00edses comunitarios y 4.174 de terceros pa\u00edses-, lo que supone un repunte del 1,79 por ciento respecto a octubre, aunque en tasa interanual revela una reducci\u00f3n del 8,18 por ciento.<\/p>\n<p>Con estos datos, el director del Servicio P\u00fablico de Empleo del Principado de Asturias (Sepepa), Jos\u00e9 Luis \u00c1lvarez, ha abogado por la \u00abprudencia\u00bb pese a la \u00abbuena noticia\u00bb que supone una bajada del paro en un mes de noviembre en quince a\u00f1os, ya que seg\u00fan ha dicho la situaci\u00f3n econ\u00f3mica \u00absigue siendo muy delicada\u00bb, todav\u00eda \u00abhay muchas personas en desempleo\u00bb y \u00ablos expertos sit\u00faan las previsiones de crecimiento econ\u00f3mico a medio plazo\u00bb.<\/p>\n<p>El secretario general de la Federaci\u00f3n Asturiana de Empresarios (FADE), Alberto Gonz\u00e1lez, ha admitido que los datos pueden ofrecer \u00abun cierto hilo de esperanza\u00bb y apuntar \u00abun cierto cambio de tendencia\u00bb, aunque igualmente ha precisado que es \u00abmuy prematuro\u00bb para confirmarlo.<\/p>\n<p>Por su parte, los sindicatos mayoritarios han coincidido en se\u00f1alar que la reducci\u00f3n del paro no se debe a la creaci\u00f3n de empleo, de acuerdo a los datos de afiliaci\u00f3n a la Seguridad Social, a la vez que han alertado del aumento de la \u00abprecariedad\u00bb por la mayor temporalidad.<\/p>\n<p>Adem\u00e1s, tanto UGT como CCOO han subrayado la importancia de contar unos nuevos presupuestos regionales para hacer frente a la crisis econ\u00f3mica, junto con el desarrollo de las medidas recogidas en el acuerdo de concertaci\u00f3n.<\/p>\n<p>Otro de los datos difundidos hoy por el Ministerio revela que las prestaciones por desempleo daban cobertura en Asturias el pasado octubre a 56.730 personas, el 55 por ciento de los parados registrados ese mismo mes.<\/p>\n","protected":false},"excerpt":{"rendered":"<p>Oviedo, 3 dic (EFE).- El paro registrado baj\u00f3 en Asturias en noviembre en 172 personas respecto a octubre, lo que supone la primera reducci\u00f3n en un mes de noviembre en quince a\u00f1os, aunque lo hizo en paralelo a una p\u00e9rdida en la afiliaci\u00f3n a la Seguridad Social. El Principado cerr\u00f3 el mes con 103.118 parados [&hellip;]<\/p>\n","protected":false},"author":1,"featured_media":1132184,"comment_status":"closed","ping_status":"open","sticky":false,"template":"","format":"standard","meta":{"footnotes":""},"categories":[12],"tags":[],"class_list":["post-457287","post","type-post","status-publish","format-standard","has-post-thumbnail","hentry","category-actualidad-asturias"],"aioseo_notices":[],"aioseo_head":"\n\t\t<!-- All in One SEO Pro 5.0.1 - aioseo.com -->\n\t<meta name=\"description\" content=\"Oviedo, 3 dic (EFE).- El paro registrado baj\u00f3 en Asturias en noviembre en 172 personas respecto a octubre, lo que supone la primera reducci\u00f3n en un mes de noviembre en quince a\u00f1os, aunque lo hizo en paralelo a una p\u00e9rdida en la afiliaci\u00f3n a la Seguridad Social. El Principado cerr\u00f3 el mes con 103.118 parados\" \/>\n\t<meta name=\"robots\" content=\"max-image-preview:large\" \/>\n\t<meta name=\"author\" content=\"El Digital de Asturias\"\/>\n\t<meta name=\"google-site-verification\" content=\"UA-38556648-1\" \/>\n\t<meta name=\"msvalidate.01\" content=\"7dfe9f3f1b24437ab69f4f2559babe99\" \/>\n\t<meta name=\"keywords\" content=\"actualidad asturias\" \/>\n\t<link rel=\"canonical\" href=\"https:\/\/www.eldigitaldeasturias.com\/noticias\/el-paro-baja-en-asturias-el-017-en-noviembre-sin-que-mejore-la-afiliacion\/\" \/>\n\t<meta name=\"generator\" content=\"All in One SEO Pro (AIOSEO) 5.0.1\" \/>\n\t\t<meta property=\"og:locale\" content=\"es_ES\" \/>\n\t\t<meta property=\"og:site_name\" content=\"El Digital de Asturias\" \/>\n\t\t<meta property=\"og:type\" content=\"article\" \/>\n\t\t<meta property=\"og:title\" content=\"El paro baja en Asturias el 0,17% en noviembre sin que mejore la afiliaci\u00f3n - El Digital de Asturias\" \/>\n\t\t<meta property=\"og:description\" content=\"Oviedo, 3 dic (EFE).- El paro registrado baj\u00f3 en Asturias en noviembre en 172 personas respecto a octubre, lo que supone la primera reducci\u00f3n en un mes de noviembre en quince a\u00f1os, aunque lo hizo en paralelo a una p\u00e9rdida en la afiliaci\u00f3n a la Seguridad Social. El Principado cerr\u00f3 el mes con 103.118 parados\" \/>\n\t\t<meta property=\"og:url\" content=\"https:\/\/www.eldigitaldeasturias.com\/noticias\/el-paro-baja-en-asturias-el-017-en-noviembre-sin-que-mejore-la-afiliacion\/\" \/>\n\t\t<meta property=\"og:image\" content=\"https:\/\/www.eldigitaldeasturias.com\/noticias\/wp-content\/uploads\/2026\/06\/Contenidos.jpg\" \/>\n\t\t<meta property=\"og:image:secure_url\" content=\"https:\/\/www.eldigitaldeasturias.com\/noticias\/wp-content\/uploads\/2026\/06\/Contenidos.jpg\" \/>\n\t\t<meta property=\"og:image:width\" content=\"1265\" \/>\n\t\t<meta property=\"og:image:height\" content=\"697\" \/>\n\t\t<meta property=\"article:tag\" content=\"actualidad asturias\" \/>\n\t\t<meta property=\"article:published_time\" content=\"2013-12-03T21:29:28+00:00\" \/>\n\t\t<meta property=\"article:modified_time\" content=\"2013-12-03T21:29:28+00:00\" \/>\n\t\t<meta property=\"article:publisher\" content=\"https:\/\/facebook.com\/eldigitaldeasturias\" \/>\n\t\t<meta name=\"twitter:card\" content=\"summary_large_image\" \/>\n\t\t<meta name=\"twitter:title\" content=\"El paro baja en Asturias el 0,17% en noviembre sin que mejore la afiliaci\u00f3n - El Digital de Asturias\" \/>\n\t\t<meta name=\"twitter:description\" content=\"Oviedo, 3 dic (EFE).- El paro registrado baj\u00f3 en Asturias en noviembre en 172 personas respecto a octubre, lo que supone la primera reducci\u00f3n en un mes de noviembre en quince a\u00f1os, aunque lo hizo en paralelo a una p\u00e9rdida en la afiliaci\u00f3n a la Seguridad Social. El Principado cerr\u00f3 el mes con 103.118 parados\" \/>\n\t\t<meta name=\"twitter:image\" content=\"https:\/\/www.eldigitaldeasturias.com\/noticias\/wp-content\/uploads\/2026\/06\/Contenidos.jpg\" \/>\n\t\t<meta name=\"twitter:label1\" content=\"Escrito por\" \/>\n\t\t<meta name=\"twitter:data1\" content=\"El Digital de Asturias\" \/>\n\t\t<meta name=\"twitter:label2\" content=\"Tiempo de lectura estimado\" \/>\n\t\t<meta name=\"twitter:data2\" content=\"3 minutos\" \/>\n\t\t<script type=\"application\/ld+json\" class=\"aioseo-schema\">\n\t\t\t{\"@context\":\"https:\\\/\\\/schema.org\",\"@graph\":[{\"@type\":\"BlogPosting\",\"@id\":\"https:\\\/\\\/www.eldigitaldeasturias.com\\\/noticias\\\/el-paro-baja-en-asturias-el-017-en-noviembre-sin-que-mejore-la-afiliacion\\\/#blogposting\",\"name\":\"El paro baja en Asturias el 0,17% en noviembre sin que mejore la afiliaci\\u00f3n - El Digital de Asturias\",\"headline\":\"El paro baja en Asturias el 0,17% en noviembre sin que mejore la afiliaci\\u00f3n\",\"author\":{\"@id\":\"https:\\\/\\\/www.eldigitaldeasturias.com\\\/noticias\\\/author\\\/admin\\\/#author\"},\"publisher\":{\"@id\":\"https:\\\/\\\/www.eldigitaldeasturias.com\\\/noticias\\\/#organization\"},\"image\":{\"@type\":\"ImageObject\",\"url\":\"https:\\\/\\\/www.eldigitaldeasturias.com\\\/noticias\\\/wp-content\\\/uploads\\\/2026\\\/06\\\/Contenidos.jpg\",\"width\":1265,\"height\":697,\"caption\":\"Contenidos\"},\"datePublished\":\"2013-12-03T20:29:28+01:00\",\"dateModified\":\"2013-12-03T20:29:28+01:00\",\"inLanguage\":\"es-ES\",\"mainEntityOfPage\":{\"@id\":\"https:\\\/\\\/www.eldigitaldeasturias.com\\\/noticias\\\/el-paro-baja-en-asturias-el-017-en-noviembre-sin-que-mejore-la-afiliacion\\\/#webpage\"},\"isPartOf\":{\"@id\":\"https:\\\/\\\/www.eldigitaldeasturias.com\\\/noticias\\\/el-paro-baja-en-asturias-el-017-en-noviembre-sin-que-mejore-la-afiliacion\\\/#webpage\"},\"articleSection\":\"Actualidad Asturias\"},{\"@type\":\"BreadcrumbList\",\"@id\":\"https:\\\/\\\/www.eldigitaldeasturias.com\\\/noticias\\\/el-paro-baja-en-asturias-el-017-en-noviembre-sin-que-mejore-la-afiliacion\\\/#breadcrumblist\",\"itemListElement\":[{\"@type\":\"ListItem\",\"@id\":\"https:\\\/\\\/www.eldigitaldeasturias.com\\\/noticias#listItem\",\"position\":1,\"name\":\"Home\",\"item\":\"https:\\\/\\\/www.eldigitaldeasturias.com\\\/noticias\",\"nextItem\":{\"@type\":\"ListItem\",\"@id\":\"https:\\\/\\\/www.eldigitaldeasturias.com\\\/noticias\\\/category\\\/actualidad-asturias\\\/#listItem\",\"name\":\"Actualidad Asturias\"}},{\"@type\":\"ListItem\",\"@id\":\"https:\\\/\\\/www.eldigitaldeasturias.com\\\/noticias\\\/category\\\/actualidad-asturias\\\/#listItem\",\"position\":2,\"name\":\"Actualidad Asturias\",\"item\":\"https:\\\/\\\/www.eldigitaldeasturias.com\\\/noticias\\\/category\\\/actualidad-asturias\\\/\",\"nextItem\":{\"@type\":\"ListItem\",\"@id\":\"https:\\\/\\\/www.eldigitaldeasturias.com\\\/noticias\\\/el-paro-baja-en-asturias-el-017-en-noviembre-sin-que-mejore-la-afiliacion\\\/#listItem\",\"name\":\"El paro baja en Asturias el 0,17% en noviembre sin que mejore la afiliaci\\u00f3n\"},\"previousItem\":{\"@type\":\"ListItem\",\"@id\":\"https:\\\/\\\/www.eldigitaldeasturias.com\\\/noticias#listItem\",\"name\":\"Home\"}},{\"@type\":\"ListItem\",\"@id\":\"https:\\\/\\\/www.eldigitaldeasturias.com\\\/noticias\\\/el-paro-baja-en-asturias-el-017-en-noviembre-sin-que-mejore-la-afiliacion\\\/#listItem\",\"position\":3,\"name\":\"El paro baja en Asturias el 0,17% en noviembre sin que mejore la afiliaci\\u00f3n\",\"previousItem\":{\"@type\":\"ListItem\",\"@id\":\"https:\\\/\\\/www.eldigitaldeasturias.com\\\/noticias\\\/category\\\/actualidad-asturias\\\/#listItem\",\"name\":\"Actualidad Asturias\"}}]},{\"@type\":\"Organization\",\"@id\":\"https:\\\/\\\/www.eldigitaldeasturias.com\\\/noticias\\\/#organization\",\"name\":\"El Digital de Asturias\",\"description\":\"Hemeroteca\",\"url\":\"https:\\\/\\\/www.eldigitaldeasturias.com\\\/noticias\\\/\",\"email\":\"info@eldigitaldeasturias.com\",\"telephone\":\"+34652131393\",\"logo\":{\"@type\":\"ImageObject\",\"url\":\"https:\\\/\\\/www.eldigitaldeasturias.com\\\/noticias\\\/wp-content\\\/uploads\\\/2020\\\/12\\\/EDA.jpg\",\"@id\":\"https:\\\/\\\/www.eldigitaldeasturias.com\\\/noticias\\\/el-paro-baja-en-asturias-el-017-en-noviembre-sin-que-mejore-la-afiliacion\\\/#organizationLogo\"},\"image\":{\"@id\":\"https:\\\/\\\/www.eldigitaldeasturias.com\\\/noticias\\\/el-paro-baja-en-asturias-el-017-en-noviembre-sin-que-mejore-la-afiliacion\\\/#organizationLogo\"},\"sameAs\":[\"https:\\\/\\\/facebook.com\\\/eldigitaldeasturias\",\"https:\\\/\\\/www.youtube.com\\\/channel\\\/UCZP-2wLEB9Rv6erhFmqVnvg\"],\"address\":{\"@id\":\"https:\\\/\\\/www.eldigitaldeasturias.com\\\/noticias\\\/#postaladdress\",\"@type\":\"PostalAddress\",\"streetAddress\":\"san antonio 4\",\"postalCode\":\"33430\",\"addressLocality\":\"Cand\\u00e1s\",\"addressRegion\":\"Asturias\",\"addressCountry\":\"ES\"}},{\"@type\":\"Person\",\"@id\":\"https:\\\/\\\/www.eldigitaldeasturias.com\\\/noticias\\\/author\\\/admin\\\/#author\",\"url\":\"https:\\\/\\\/www.eldigitaldeasturias.com\\\/noticias\\\/author\\\/admin\\\/\",\"name\":\"El Digital de Asturias\",\"image\":{\"@type\":\"ImageObject\",\"@id\":\"https:\\\/\\\/www.eldigitaldeasturias.com\\\/noticias\\\/el-paro-baja-en-asturias-el-017-en-noviembre-sin-que-mejore-la-afiliacion\\\/#authorImage\",\"url\":\"https:\\\/\\\/secure.gravatar.com\\\/avatar\\\/df2aeffc32bcd13f8d26072ef8a91b623d677766deac7f97ca815868cd41bf5e?s=96&d=mm&r=g\",\"width\":96,\"height\":96,\"caption\":\"El Digital de Asturias\"}},{\"@type\":\"WebPage\",\"@id\":\"https:\\\/\\\/www.eldigitaldeasturias.com\\\/noticias\\\/el-paro-baja-en-asturias-el-017-en-noviembre-sin-que-mejore-la-afiliacion\\\/#webpage\",\"url\":\"https:\\\/\\\/www.eldigitaldeasturias.com\\\/noticias\\\/el-paro-baja-en-asturias-el-017-en-noviembre-sin-que-mejore-la-afiliacion\\\/\",\"name\":\"El paro baja en Asturias el 0,17% en noviembre sin que mejore la afiliaci\\u00f3n - El Digital de Asturias\",\"description\":\"Oviedo, 3 dic (EFE).- El paro registrado baj\\u00f3 en Asturias en noviembre en 172 personas respecto a octubre, lo que supone la primera reducci\\u00f3n en un mes de noviembre en quince a\\u00f1os, aunque lo hizo en paralelo a una p\\u00e9rdida en la afiliaci\\u00f3n a la Seguridad Social. El Principado cerr\\u00f3 el mes con 103.118 parados\",\"inLanguage\":\"es-ES\",\"isPartOf\":{\"@id\":\"https:\\\/\\\/www.eldigitaldeasturias.com\\\/noticias\\\/#website\"},\"breadcrumb\":{\"@id\":\"https:\\\/\\\/www.eldigitaldeasturias.com\\\/noticias\\\/el-paro-baja-en-asturias-el-017-en-noviembre-sin-que-mejore-la-afiliacion\\\/#breadcrumblist\"},\"author\":{\"@id\":\"https:\\\/\\\/www.eldigitaldeasturias.com\\\/noticias\\\/author\\\/admin\\\/#author\"},\"creator\":{\"@id\":\"https:\\\/\\\/www.eldigitaldeasturias.com\\\/noticias\\\/author\\\/admin\\\/#author\"},\"image\":{\"@type\":\"ImageObject\",\"url\":\"https:\\\/\\\/www.eldigitaldeasturias.com\\\/noticias\\\/wp-content\\\/uploads\\\/2026\\\/06\\\/Contenidos.jpg\",\"@id\":\"https:\\\/\\\/www.eldigitaldeasturias.com\\\/noticias\\\/el-paro-baja-en-asturias-el-017-en-noviembre-sin-que-mejore-la-afiliacion\\\/#mainImage\",\"width\":1265,\"height\":697,\"caption\":\"Contenidos\"},\"primaryImageOfPage\":{\"@id\":\"https:\\\/\\\/www.eldigitaldeasturias.com\\\/noticias\\\/el-paro-baja-en-asturias-el-017-en-noviembre-sin-que-mejore-la-afiliacion\\\/#mainImage\"},\"datePublished\":\"2013-12-03T20:29:28+01:00\",\"dateModified\":\"2013-12-03T20:29:28+01:00\"},{\"@type\":\"WebSite\",\"@id\":\"https:\\\/\\\/www.eldigitaldeasturias.com\\\/noticias\\\/#website\",\"url\":\"https:\\\/\\\/www.eldigitaldeasturias.com\\\/noticias\\\/\",\"name\":\"El Digital de Asturias - Diario de actualidad y noticias\",\"alternateName\":\"El Digital de Asturias - Diario de actualidad y noticias\",\"description\":\"Hemeroteca\",\"inLanguage\":\"es-ES\",\"publisher\":{\"@id\":\"https:\\\/\\\/www.eldigitaldeasturias.com\\\/noticias\\\/#organization\"}}]}\n\t\t<\/script>\n\t\t<!-- All in One SEO Pro -->\r\n\t\t<title>El paro baja en Asturias el 0,17% en noviembre sin que mejore la afiliaci\u00f3n - El Digital de Asturias<\/title>\n\n","aioseo_head_json":{"title":"El paro baja en Asturias el 0,17% en noviembre sin que mejore la afiliaci\u00f3n - El Digital de Asturias","description":"Oviedo, 3 dic (EFE).- El paro registrado baj\u00f3 en Asturias en noviembre en 172 personas respecto a octubre, lo que supone la primera reducci\u00f3n en un mes de noviembre en quince a\u00f1os, aunque lo hizo en paralelo a una p\u00e9rdida en la afiliaci\u00f3n a la Seguridad Social. El Principado cerr\u00f3 el mes con 103.118 parados","canonical_url":"https:\/\/www.eldigitaldeasturias.com\/noticias\/el-paro-baja-en-asturias-el-017-en-noviembre-sin-que-mejore-la-afiliacion\/","robots":"max-image-preview:large","keywords":"actualidad asturias","webmasterTools":{"google-site-verification":"UA-38556648-1","msvalidate.01":"7dfe9f3f1b24437ab69f4f2559babe99","miscellaneous":""},"schema":{"@context":"https:\/\/schema.org","@graph":[{"@type":"BlogPosting","@id":"https:\/\/www.eldigitaldeasturias.com\/noticias\/el-paro-baja-en-asturias-el-017-en-noviembre-sin-que-mejore-la-afiliacion\/#blogposting","name":"El paro baja en Asturias el 0,17% en noviembre sin que mejore la afiliaci\u00f3n - El Digital de Asturias","headline":"El paro baja en Asturias el 0,17% en noviembre sin que mejore la afiliaci\u00f3n","author":{"@id":"https:\/\/www.eldigitaldeasturias.com\/noticias\/author\/admin\/#author"},"publisher":{"@id":"https:\/\/www.eldigitaldeasturias.com\/noticias\/#organization"},"image":{"@type":"ImageObject","url":"https:\/\/www.eldigitaldeasturias.com\/noticias\/wp-content\/uploads\/2026\/06\/Contenidos.jpg","width":1265,"height":697,"caption":"Contenidos"},"datePublished":"2013-12-03T20:29:28+01:00","dateModified":"2013-12-03T20:29:28+01:00","inLanguage":"es-ES","mainEntityOfPage":{"@id":"https:\/\/www.eldigitaldeasturias.com\/noticias\/el-paro-baja-en-asturias-el-017-en-noviembre-sin-que-mejore-la-afiliacion\/#webpage"},"isPartOf":{"@id":"https:\/\/www.eldigitaldeasturias.com\/noticias\/el-paro-baja-en-asturias-el-017-en-noviembre-sin-que-mejore-la-afiliacion\/#webpage"},"articleSection":"Actualidad Asturias"},{"@type":"BreadcrumbList","@id":"https:\/\/www.eldigitaldeasturias.com\/noticias\/el-paro-baja-en-asturias-el-017-en-noviembre-sin-que-mejore-la-afiliacion\/#breadcrumblist","itemListElement":[{"@type":"ListItem","@id":"https:\/\/www.eldigitaldeasturias.com\/noticias#listItem","position":1,"name":"Home","item":"https:\/\/www.eldigitaldeasturias.com\/noticias","nextItem":{"@type":"ListItem","@id":"https:\/\/www.eldigitaldeasturias.com\/noticias\/category\/actualidad-asturias\/#listItem","name":"Actualidad Asturias"}},{"@type":"ListItem","@id":"https:\/\/www.eldigitaldeasturias.com\/noticias\/category\/actualidad-asturias\/#listItem","position":2,"name":"Actualidad Asturias","item":"https:\/\/www.eldigitaldeasturias.com\/noticias\/category\/actualidad-asturias\/","nextItem":{"@type":"ListItem","@id":"https:\/\/www.eldigitaldeasturias.com\/noticias\/el-paro-baja-en-asturias-el-017-en-noviembre-sin-que-mejore-la-afiliacion\/#listItem","name":"El paro baja en Asturias el 0,17% en noviembre sin que mejore la afiliaci\u00f3n"},"previousItem":{"@type":"ListItem","@id":"https:\/\/www.eldigitaldeasturias.com\/noticias#listItem","name":"Home"}},{"@type":"ListItem","@id":"https:\/\/www.eldigitaldeasturias.com\/noticias\/el-paro-baja-en-asturias-el-017-en-noviembre-sin-que-mejore-la-afiliacion\/#listItem","position":3,"name":"El paro baja en Asturias el 0,17% en noviembre sin que mejore la afiliaci\u00f3n","previousItem":{"@type":"ListItem","@id":"https:\/\/www.eldigitaldeasturias.com\/noticias\/category\/actualidad-asturias\/#listItem","name":"Actualidad Asturias"}}]},{"@type":"Organization","@id":"https:\/\/www.eldigitaldeasturias.com\/noticias\/#organization","name":"El Digital de Asturias","description":"Hemeroteca","url":"https:\/\/www.eldigitaldeasturias.com\/noticias\/","email":"info@eldigitaldeasturias.com","telephone":"+34652131393","logo":{"@type":"ImageObject","url":"https:\/\/www.eldigitaldeasturias.com\/noticias\/wp-content\/uploads\/2020\/12\/EDA.jpg","@id":"https:\/\/www.eldigitaldeasturias.com\/noticias\/el-paro-baja-en-asturias-el-017-en-noviembre-sin-que-mejore-la-afiliacion\/#organizationLogo"},"image":{"@id":"https:\/\/www.eldigitaldeasturias.com\/noticias\/el-paro-baja-en-asturias-el-017-en-noviembre-sin-que-mejore-la-afiliacion\/#organizationLogo"},"sameAs":["https:\/\/facebook.com\/eldigitaldeasturias","https:\/\/www.youtube.com\/channel\/UCZP-2wLEB9Rv6erhFmqVnvg"],"address":{"@id":"https:\/\/www.eldigitaldeasturias.com\/noticias\/#postaladdress","@type":"PostalAddress","streetAddress":"san antonio 4","postalCode":"33430","addressLocality":"Cand\u00e1s","addressRegion":"Asturias","addressCountry":"ES"}},{"@type":"Person","@id":"https:\/\/www.eldigitaldeasturias.com\/noticias\/author\/admin\/#author","url":"https:\/\/www.eldigitaldeasturias.com\/noticias\/author\/admin\/","name":"El Digital de Asturias","image":{"@type":"ImageObject","@id":"https:\/\/www.eldigitaldeasturias.com\/noticias\/el-paro-baja-en-asturias-el-017-en-noviembre-sin-que-mejore-la-afiliacion\/#authorImage","url":"https:\/\/secure.gravatar.com\/avatar\/df2aeffc32bcd13f8d26072ef8a91b623d677766deac7f97ca815868cd41bf5e?s=96&d=mm&r=g","width":96,"height":96,"caption":"El Digital de Asturias"}},{"@type":"WebPage","@id":"https:\/\/www.eldigitaldeasturias.com\/noticias\/el-paro-baja-en-asturias-el-017-en-noviembre-sin-que-mejore-la-afiliacion\/#webpage","url":"https:\/\/www.eldigitaldeasturias.com\/noticias\/el-paro-baja-en-asturias-el-017-en-noviembre-sin-que-mejore-la-afiliacion\/","name":"El paro baja en Asturias el 0,17% en noviembre sin que mejore la afiliaci\u00f3n - El Digital de Asturias","description":"Oviedo, 3 dic (EFE).- El paro registrado baj\u00f3 en Asturias en noviembre en 172 personas respecto a octubre, lo que supone la primera reducci\u00f3n en un mes de noviembre en quince a\u00f1os, aunque lo hizo en paralelo a una p\u00e9rdida en la afiliaci\u00f3n a la Seguridad Social. El Principado cerr\u00f3 el mes con 103.118 parados","inLanguage":"es-ES","isPartOf":{"@id":"https:\/\/www.eldigitaldeasturias.com\/noticias\/#website"},"breadcrumb":{"@id":"https:\/\/www.eldigitaldeasturias.com\/noticias\/el-paro-baja-en-asturias-el-017-en-noviembre-sin-que-mejore-la-afiliacion\/#breadcrumblist"},"author":{"@id":"https:\/\/www.eldigitaldeasturias.com\/noticias\/author\/admin\/#author"},"creator":{"@id":"https:\/\/www.eldigitaldeasturias.com\/noticias\/author\/admin\/#author"},"image":{"@type":"ImageObject","url":"https:\/\/www.eldigitaldeasturias.com\/noticias\/wp-content\/uploads\/2026\/06\/Contenidos.jpg","@id":"https:\/\/www.eldigitaldeasturias.com\/noticias\/el-paro-baja-en-asturias-el-017-en-noviembre-sin-que-mejore-la-afiliacion\/#mainImage","width":1265,"height":697,"caption":"Contenidos"},"primaryImageOfPage":{"@id":"https:\/\/www.eldigitaldeasturias.com\/noticias\/el-paro-baja-en-asturias-el-017-en-noviembre-sin-que-mejore-la-afiliacion\/#mainImage"},"datePublished":"2013-12-03T20:29:28+01:00","dateModified":"2013-12-03T20:29:28+01:00"},{"@type":"WebSite","@id":"https:\/\/www.eldigitaldeasturias.com\/noticias\/#website","url":"https:\/\/www.eldigitaldeasturias.com\/noticias\/","name":"El Digital de Asturias - Diario de actualidad y noticias","alternateName":"El Digital de Asturias - Diario de actualidad y noticias","description":"Hemeroteca","inLanguage":"es-ES","publisher":{"@id":"https:\/\/www.eldigitaldeasturias.com\/noticias\/#organization"}}]},"og:locale":"es_ES","og:site_name":"El Digital de Asturias","og:type":"article","og:title":"El paro baja en Asturias el 0,17% en noviembre sin que mejore la afiliaci\u00f3n - El Digital de Asturias","og:description":"Oviedo, 3 dic (EFE).- El paro registrado baj\u00f3 en Asturias en noviembre en 172 personas respecto a octubre, lo que supone la primera reducci\u00f3n en un mes de noviembre en quince a\u00f1os, aunque lo hizo en paralelo a una p\u00e9rdida en la afiliaci\u00f3n a la Seguridad Social. El Principado cerr\u00f3 el mes con 103.118 parados","og:url":"https:\/\/www.eldigitaldeasturias.com\/noticias\/el-paro-baja-en-asturias-el-017-en-noviembre-sin-que-mejore-la-afiliacion\/","og:image":"https:\/\/www.eldigitaldeasturias.com\/noticias\/wp-content\/uploads\/2026\/06\/Contenidos.jpg","og:image:secure_url":"https:\/\/www.eldigitaldeasturias.com\/noticias\/wp-content\/uploads\/2026\/06\/Contenidos.jpg","og:image:width":1265,"og:image:height":697,"article:tag":["actualidad asturias"],"article:published_time":"2013-12-03T21:29:28+00:00","article:modified_time":"2013-12-03T21:29:28+00:00","article:publisher":"https:\/\/facebook.com\/eldigitaldeasturias","twitter:card":"summary_large_image","twitter:title":"El paro baja en Asturias el 0,17% en noviembre sin que mejore la afiliaci\u00f3n - El Digital de Asturias","twitter:description":"Oviedo, 3 dic (EFE).- El paro registrado baj\u00f3 en Asturias en noviembre en 172 personas respecto a octubre, lo que supone la primera reducci\u00f3n en un mes de noviembre en quince a\u00f1os, aunque lo hizo en paralelo a una p\u00e9rdida en la afiliaci\u00f3n a la Seguridad Social. El Principado cerr\u00f3 el mes con 103.118 parados","twitter:image":"https:\/\/www.eldigitaldeasturias.com\/noticias\/wp-content\/uploads\/2026\/06\/Contenidos.jpg","twitter:label1":"Escrito por","twitter:data1":"El Digital de Asturias","twitter:label2":"Tiempo de lectura estimado","twitter:data2":"3 minutos"},"aioseo_meta_data":{"post_id":"457287","title":null,"description":null,"keywords":null,"keyphrases":null,"primary_term":null,"canonical_url":null,"og_title":null,"og_description":null,"og_object_type":"default","og_image_type":"default","og_image_url":null,"og_image_width":null,"og_image_height":null,"og_image_custom_url":null,"og_image_custom_fields":null,"og_video":null,"og_custom_url":null,"og_article_section":null,"og_article_tags":null,"twitter_use_og":true,"twitter_card":"default","twitter_image_type":"default","twitter_image_url":null,"twitter_image_custom_url":null,"twitter_image_custom_fields":null,"twitter_title":null,"twitter_description":null,"schema":{"blockGraphs":[],"customGraphs":[],"default":{"data":{"Article":[],"Course":[],"Dataset":[],"FAQPage":[],"Movie":[],"Person":[],"Product":[],"ProductReview":[],"Car":[],"Recipe":[],"Service":[],"SoftwareApplication":[],"WebPage":[]},"graphName":"","isEnabled":true},"graphs":[],"defaultGraph":"","defaultPostTypeGraph":""},"schema_type":null,"schema_type_options":null,"pillar_content":false,"robots_default":true,"robots_noindex":false,"robots_noarchive":false,"robots_nosnippet":false,"robots_nofollow":false,"robots_noimageindex":false,"robots_noodp":false,"robots_notranslate":false,"robots_max_snippet":null,"robots_max_videopreview":null,"robots_max_imagepreview":"none","priority":null,"frequency":null,"local_seo":null,"seo_analyzer_scan_date":"2026-05-30 00:59:05","breadcrumb_settings":null,"limit_modified_date":false,"open_ai":null,"ai":null,"created":"2020-11-14 22:46:06","updated":"2026-05-30 00:59:05","focus_keyword":null,"additional_keywords":null,"truseo_locale":null},"aioseo_breadcrumb":"<div class=\"aioseo-breadcrumbs\"><span class=\"aioseo-breadcrumb\">\n\t<a href=\"https:\/\/www.eldigitaldeasturias.com\/noticias\" title=\"Home\">Home<\/a>\n<\/span><span class=\"aioseo-breadcrumb-separator\">\u2013<\/span><span class=\"aioseo-breadcrumb\">\n\t<a href=\"https:\/\/www.eldigitaldeasturias.com\/noticias\/category\/actualidad-asturias\/\" title=\"Actualidad Asturias\">Actualidad Asturias<\/a>\n<\/span><span class=\"aioseo-breadcrumb-separator\">\u2013<\/span><span class=\"aioseo-breadcrumb\">\n\t<a href=\"https:\/\/www.eldigitaldeasturias.com\/noticias\/el-paro-baja-en-asturias-el-017-en-noviembre-sin-que-mejore-la-afiliacion\/\" title=\"El paro baja en Asturias el 0,17% en noviembre sin que mejore la afiliaci\u00f3n\">El paro baja en Asturias el 0,17% en noviembre sin que mejore la afiliaci\u00f3n<\/a>\n<\/span><\/div>","aioseo_breadcrumb_json":[{"label":"Home","link":"https:\/\/www.eldigitaldeasturias.com\/noticias"},{"label":"Actualidad Asturias","link":"https:\/\/www.eldigitaldeasturias.com\/noticias\/category\/actualidad-asturias\/"},{"label":"El paro baja en Asturias el 0,17% en noviembre sin que mejore la afiliaci\u00f3n","link":"https:\/\/www.eldigitaldeasturias.com\/noticias\/el-paro-baja-en-asturias-el-017-en-noviembre-sin-que-mejore-la-afiliacion\/"}],"_links":{"self":[{"href":"https:\/\/www.eldigitaldeasturias.com\/noticias\/wp-json\/wp\/v2\/posts\/457287","targetHints":{"allow":["GET"]}}],"collection":[{"href":"https:\/\/www.eldigitaldeasturias.com\/noticias\/wp-json\/wp\/v2\/posts"}],"about":[{"href":"https:\/\/www.eldigitaldeasturias.com\/noticias\/wp-json\/wp\/v2\/types\/post"}],"author":[{"embeddable":true,"href":"https:\/\/www.eldigitaldeasturias.com\/noticias\/wp-json\/wp\/v2\/users\/1"}],"replies":[{"embeddable":true,"href":"https:\/\/www.eldigitaldeasturias.com\/noticias\/wp-json\/wp\/v2\/comments?post=457287"}],"version-history":[{"count":0,"href":"https:\/\/www.eldigitaldeasturias.com\/noticias\/wp-json\/wp\/v2\/posts\/457287\/revisions"}],"wp:featuredmedia":[{"embeddable":true,"href":"https:\/\/www.eldigitaldeasturias.com\/noticias\/wp-json\/wp\/v2\/media\/1132184"}],"wp:attachment":[{"href":"https:\/\/www.eldigitaldeasturias.com\/noticias\/wp-json\/wp\/v2\/media?parent=457287"}],"wp:term":[{"taxonomy":"category","embeddable":true,"href":"https:\/\/www.eldigitaldeasturias.com\/noticias\/wp-json\/wp\/v2\/categories?post=457287"},{"taxonomy":"post_tag","embeddable":true,"href":"https:\/\/www.eldigitaldeasturias.com\/noticias\/wp-json\/wp\/v2\/tags?post=457287"}],"curies":[{"name":"wp","href":"https:\/\/api.w.org\/{rel}","templated":true}]}}