{"id":457273,"date":"2013-12-03T18:33:27","date_gmt":"2013-12-03T19:33:27","guid":{"rendered":"http:\/\/www.eldigitaldeasturias.com\/noticias\/?p=457273"},"modified":"2013-12-03T18:33:27","modified_gmt":"2013-12-03T19:33:27","slug":"juan-ramon-jimenez-y-benjamin-palencia-dos-creadores-a-los-que-unio-el-amor-al-arte","status":"publish","type":"post","link":"https:\/\/www.eldigitaldeasturias.com\/noticias\/juan-ramon-jimenez-y-benjamin-palencia-dos-creadores-a-los-que-unio-el-amor-al-arte\/","title":{"rendered":"Juan Ram\u00f3n Jim\u00e9nez y Benjam\u00edn Palencia, dos creadores a los que uni\u00f3 el amor al arte"},"content":{"rendered":"<p><img loading=\"lazy\" decoding=\"async\" class=\"alignleft size-medium wp-image-457274\" alt=\"5768877w\" src=\"https:\/\/www.eldigitaldeasturias.com\/noticias\/wp-content\/uploads\/2013\/12\/5768877w-360x261.jpg\" width=\"360\" height=\"261\" \/>Huelva, 3 dic (EFE).- El gusto de Juan Ram\u00f3n Jim\u00e9nez por la pintura no es desconocido. No en vano fue pintor antes que escritor, una faceta reconocida por muchos que hicieron de \u00e9l su consejero, como es el caso del pintor albacete\u00f1o Benjam\u00edn Palencia quien conoci\u00f3 al poeta en su adolescencia.<\/p>\n<p>La relaci\u00f3n de estos dos creadores basada en el amor al arte, a la pintura y a la poes\u00eda, se recuerda este mes en la Casa Museo Zenobia-Juan Ram\u00f3n de Moguer (Huelva), donde se exhibe un dibujo de &#8216;Platero&#8217; pintado con rotuladores de colores que Palencia emple\u00f3 como tarjeta navide\u00f1a para felicitar la entrada del a\u00f1o 1973 a este lugar y sus gestores.<\/p>\n<p>La gran iniciaci\u00f3n de Juan Ram\u00f3n Jim\u00e9nez a la creaci\u00f3n fue la pintura, seg\u00fan ha explicado a Efe el director de la Casa-Museo, Antonio Ram\u00edrez.<\/p>\n<p>Cuando en 1896 se traslada a Sevilla, tras obtener el t\u00edtulo de Bachiller en Artes el colegio de San Luis Gonzaga del Puerto de Santa Mar\u00eda (C\u00e1diz), Juan Ram\u00f3n pensaba que su vocaci\u00f3n era la pintura, se fue a estudiar con Salvador Clemente y se rode\u00f3 de pintores costumbristas sevillanos.<\/p>\n<p>Sin embargo, esta incipiente vocaci\u00f3n la fue relegando a un segundo plano a medida que se reun\u00eda con escritores del entorno del Ateneo de Sevilla y ya a partir de los 17 a\u00f1os comienza a publicar sus primeros textos.<\/p>\n<p>La opci\u00f3n por la escritura, seg\u00fan Ram\u00edrez, no signific\u00f3 que abandonara su pasi\u00f3n por la pintura y el dise\u00f1o, algo que queda patente en bocetos y cuadros que forman parte del legado del poeta y en su relaci\u00f3n con artistas pl\u00e1sticos como Palencia, al que le uni\u00f3 una gran amistad.<\/p>\n<p>Palencia, que fund\u00f3 la Escuela de Vallecas junto al escultor Alberto S\u00e1nchez, es uno de los m\u00e1s importantes herederos de la po\u00e9tica del paisaje castellano definida por la generaci\u00f3n del 98 y conoci\u00f3 a Juan Ram\u00f3n Jim\u00e9nez en una exposici\u00f3n de pintores noveles, cuando el poeta ya se hab\u00eda hecho un hueco en el panorama literario espa\u00f1ol.<\/p>\n<p>El pintor recordaba a Jim\u00e9nez con estas palabras: \u00abTodos ten\u00edamos catorce o quince a\u00f1os. Yo mand\u00e9 dos cuadros que le interesaron mucho. Ese fue mi primer contacto con el mundo intelectual elevado. Ya no me separ\u00e9 de Juan Ram\u00f3n: fue uno de mis protectores y gu\u00edas\u00bb.<\/p>\n<p>Esta relaci\u00f3n que surgi\u00f3 en ese primer contacto se traducir\u00eda en una amistad que se mantuvo siempre, seg\u00fan el director de la Casa Museo Zenobia-Juan Ram\u00f3n, hasta que el poeta se marcha a Am\u00e9rica en el a\u00f1o 1936.<\/p>\n<p>Juan Ram\u00f3n fue para Benjam\u00edn Palencia un consejero y no solamente en poes\u00eda, sino tambi\u00e9n en pintura, en aquella vocaci\u00f3n inicial que guardaba el Nobel y lleg\u00f3 a decir de \u00e9l: \u00abPero antes que poeta hab\u00eda sido pintor, hab\u00eda estudiado en Sevilla. \u00c9l fue aqu\u00ed tambi\u00e9n un alto consejero\u00bb.<\/p>\n<p>La relaci\u00f3n de amistad tuvo su correlato en lo art\u00edstico pues el pintor, buen conocedor de la obra del moguere\u00f1o, colabor\u00f3 con Juan Ram\u00f3n ilustrando algunas de sus revistas y en 1964 una edici\u00f3n lujosa de \u00abPlatero y yo\u00bb; y su vinculaci\u00f3n con Juan Ram\u00f3n se mantuvo m\u00e1s all\u00e1 de la muerte del poeta.<\/p>\n<p>Ejemplo de ello es la tarjeta de felicitaci\u00f3n navide\u00f1a que se exhibe este mes en Moguer, remitida por Palencia al lugar juanramoniano por excelencia, casi 20 a\u00f1os despu\u00e9s de la muerte del Nobel.<\/p>\n<p>Con esta tarjeta, adem\u00e1s de constatar que en \u00e9l segu\u00eda vivo el recuerdo del Nobel, quiso rendir homenaje a su obra pintando uno de sus personajes m\u00e1s emblem\u00e1ticos, el burro Platero.<\/p>\n<p>Por Laura Ram\u00edrez<\/p>\n","protected":false},"excerpt":{"rendered":"<p>Huelva, 3 dic (EFE).- El gusto de Juan Ram\u00f3n Jim\u00e9nez por la pintura no es desconocido. No en vano fue pintor antes que escritor, una faceta reconocida por muchos que hicieron de \u00e9l su consejero, como es el caso del pintor albacete\u00f1o Benjam\u00edn Palencia quien conoci\u00f3 al poeta en su adolescencia. La relaci\u00f3n de estos [&hellip;]<\/p>\n","protected":false},"author":1,"featured_media":457274,"comment_status":"closed","ping_status":"open","sticky":false,"template":"","format":"standard","meta":{"footnotes":""},"categories":[28],"tags":[],"class_list":["post-457273","post","type-post","status-publish","format-standard","has-post-thumbnail","hentry","category-sociedad"],"aioseo_notices":[],"aioseo_head":"\n\t\t<!-- All in One SEO Pro 5.0.1 - aioseo.com -->\n\t<meta name=\"description\" content=\"Huelva, 3 dic (EFE).- El gusto de Juan Ram\u00f3n Jim\u00e9nez por la pintura no es desconocido. No en vano fue pintor antes que escritor, una faceta reconocida por muchos que hicieron de \u00e9l su consejero, como es el caso del pintor albacete\u00f1o Benjam\u00edn Palencia quien conoci\u00f3 al poeta en su adolescencia. La relaci\u00f3n de estos\" \/>\n\t<meta name=\"robots\" content=\"max-image-preview:large\" \/>\n\t<meta name=\"author\" content=\"El Digital de Asturias\"\/>\n\t<meta name=\"google-site-verification\" content=\"UA-38556648-1\" \/>\n\t<meta name=\"msvalidate.01\" content=\"7dfe9f3f1b24437ab69f4f2559babe99\" \/>\n\t<meta name=\"keywords\" content=\"sociedad\" \/>\n\t<link rel=\"canonical\" href=\"https:\/\/www.eldigitaldeasturias.com\/noticias\/juan-ramon-jimenez-y-benjamin-palencia-dos-creadores-a-los-que-unio-el-amor-al-arte\/\" \/>\n\t<meta name=\"generator\" content=\"All in One SEO Pro (AIOSEO) 5.0.1\" \/>\n\t\t<meta property=\"og:locale\" content=\"es_ES\" \/>\n\t\t<meta property=\"og:site_name\" content=\"El Digital de Asturias\" \/>\n\t\t<meta property=\"og:type\" content=\"article\" \/>\n\t\t<meta property=\"og:title\" content=\"Juan Ram\u00f3n Jim\u00e9nez y Benjam\u00edn Palencia, dos creadores a los que uni\u00f3 el amor al arte - El Digital de Asturias\" \/>\n\t\t<meta property=\"og:description\" content=\"Huelva, 3 dic (EFE).- El gusto de Juan Ram\u00f3n Jim\u00e9nez por la pintura no es desconocido. No en vano fue pintor antes que escritor, una faceta reconocida por muchos que hicieron de \u00e9l su consejero, como es el caso del pintor albacete\u00f1o Benjam\u00edn Palencia quien conoci\u00f3 al poeta en su adolescencia. La relaci\u00f3n de estos\" \/>\n\t\t<meta property=\"og:url\" content=\"https:\/\/www.eldigitaldeasturias.com\/noticias\/juan-ramon-jimenez-y-benjamin-palencia-dos-creadores-a-los-que-unio-el-amor-al-arte\/\" \/>\n\t\t<meta property=\"article:tag\" content=\"sociedad\" \/>\n\t\t<meta property=\"article:published_time\" content=\"2013-12-03T19:33:27+00:00\" \/>\n\t\t<meta property=\"article:modified_time\" content=\"2013-12-03T19:33:27+00:00\" \/>\n\t\t<meta property=\"article:publisher\" content=\"https:\/\/facebook.com\/eldigitaldeasturias\" \/>\n\t\t<meta name=\"twitter:card\" content=\"summary_large_image\" \/>\n\t\t<meta name=\"twitter:title\" content=\"Juan Ram\u00f3n Jim\u00e9nez y Benjam\u00edn Palencia, dos creadores a los que uni\u00f3 el amor al arte - El Digital de Asturias\" \/>\n\t\t<meta name=\"twitter:description\" content=\"Huelva, 3 dic (EFE).- El gusto de Juan Ram\u00f3n Jim\u00e9nez por la pintura no es desconocido. No en vano fue pintor antes que escritor, una faceta reconocida por muchos que hicieron de \u00e9l su consejero, como es el caso del pintor albacete\u00f1o Benjam\u00edn Palencia quien conoci\u00f3 al poeta en su adolescencia. La relaci\u00f3n de estos\" \/>\n\t\t<meta name=\"twitter:label1\" content=\"Escrito por\" \/>\n\t\t<meta name=\"twitter:data1\" content=\"El Digital de Asturias\" \/>\n\t\t<meta name=\"twitter:label2\" content=\"Tiempo de lectura estimado\" \/>\n\t\t<meta name=\"twitter:data2\" content=\"3 minutos\" \/>\n\t\t<script type=\"application\/ld+json\" class=\"aioseo-schema\">\n\t\t\t{\"@context\":\"https:\\\/\\\/schema.org\",\"@graph\":[{\"@type\":\"BlogPosting\",\"@id\":\"https:\\\/\\\/www.eldigitaldeasturias.com\\\/noticias\\\/juan-ramon-jimenez-y-benjamin-palencia-dos-creadores-a-los-que-unio-el-amor-al-arte\\\/#blogposting\",\"name\":\"Juan Ram\\u00f3n Jim\\u00e9nez y Benjam\\u00edn Palencia, dos creadores a los que uni\\u00f3 el amor al arte - El Digital de Asturias\",\"headline\":\"Juan Ram\\u00f3n Jim\\u00e9nez y Benjam\\u00edn Palencia, dos creadores a los que uni\\u00f3 el amor al arte\",\"author\":{\"@id\":\"https:\\\/\\\/www.eldigitaldeasturias.com\\\/noticias\\\/author\\\/admin\\\/#author\"},\"publisher\":{\"@id\":\"https:\\\/\\\/www.eldigitaldeasturias.com\\\/noticias\\\/#organization\"},\"image\":{\"@type\":\"ImageObject\",\"url\":457274},\"datePublished\":\"2013-12-03T18:33:27+01:00\",\"dateModified\":\"2013-12-03T18:33:27+01:00\",\"inLanguage\":\"es-ES\",\"mainEntityOfPage\":{\"@id\":\"https:\\\/\\\/www.eldigitaldeasturias.com\\\/noticias\\\/juan-ramon-jimenez-y-benjamin-palencia-dos-creadores-a-los-que-unio-el-amor-al-arte\\\/#webpage\"},\"isPartOf\":{\"@id\":\"https:\\\/\\\/www.eldigitaldeasturias.com\\\/noticias\\\/juan-ramon-jimenez-y-benjamin-palencia-dos-creadores-a-los-que-unio-el-amor-al-arte\\\/#webpage\"},\"articleSection\":\"Sociedad\"},{\"@type\":\"BreadcrumbList\",\"@id\":\"https:\\\/\\\/www.eldigitaldeasturias.com\\\/noticias\\\/juan-ramon-jimenez-y-benjamin-palencia-dos-creadores-a-los-que-unio-el-amor-al-arte\\\/#breadcrumblist\",\"itemListElement\":[{\"@type\":\"ListItem\",\"@id\":\"https:\\\/\\\/www.eldigitaldeasturias.com\\\/noticias#listItem\",\"position\":1,\"name\":\"Home\",\"item\":\"https:\\\/\\\/www.eldigitaldeasturias.com\\\/noticias\",\"nextItem\":{\"@type\":\"ListItem\",\"@id\":\"https:\\\/\\\/www.eldigitaldeasturias.com\\\/noticias\\\/category\\\/sociedad\\\/#listItem\",\"name\":\"Sociedad\"}},{\"@type\":\"ListItem\",\"@id\":\"https:\\\/\\\/www.eldigitaldeasturias.com\\\/noticias\\\/category\\\/sociedad\\\/#listItem\",\"position\":2,\"name\":\"Sociedad\",\"item\":\"https:\\\/\\\/www.eldigitaldeasturias.com\\\/noticias\\\/category\\\/sociedad\\\/\",\"nextItem\":{\"@type\":\"ListItem\",\"@id\":\"https:\\\/\\\/www.eldigitaldeasturias.com\\\/noticias\\\/juan-ramon-jimenez-y-benjamin-palencia-dos-creadores-a-los-que-unio-el-amor-al-arte\\\/#listItem\",\"name\":\"Juan Ram\\u00f3n Jim\\u00e9nez y Benjam\\u00edn Palencia, dos creadores a los que uni\\u00f3 el amor al arte\"},\"previousItem\":{\"@type\":\"ListItem\",\"@id\":\"https:\\\/\\\/www.eldigitaldeasturias.com\\\/noticias#listItem\",\"name\":\"Home\"}},{\"@type\":\"ListItem\",\"@id\":\"https:\\\/\\\/www.eldigitaldeasturias.com\\\/noticias\\\/juan-ramon-jimenez-y-benjamin-palencia-dos-creadores-a-los-que-unio-el-amor-al-arte\\\/#listItem\",\"position\":3,\"name\":\"Juan Ram\\u00f3n Jim\\u00e9nez y Benjam\\u00edn Palencia, dos creadores a los que uni\\u00f3 el amor al arte\",\"previousItem\":{\"@type\":\"ListItem\",\"@id\":\"https:\\\/\\\/www.eldigitaldeasturias.com\\\/noticias\\\/category\\\/sociedad\\\/#listItem\",\"name\":\"Sociedad\"}}]},{\"@type\":\"Organization\",\"@id\":\"https:\\\/\\\/www.eldigitaldeasturias.com\\\/noticias\\\/#organization\",\"name\":\"El Digital de Asturias\",\"description\":\"Hemeroteca\",\"url\":\"https:\\\/\\\/www.eldigitaldeasturias.com\\\/noticias\\\/\",\"email\":\"info@eldigitaldeasturias.com\",\"telephone\":\"+34652131393\",\"logo\":{\"@type\":\"ImageObject\",\"url\":\"https:\\\/\\\/www.eldigitaldeasturias.com\\\/noticias\\\/wp-content\\\/uploads\\\/2020\\\/12\\\/EDA.jpg\",\"@id\":\"https:\\\/\\\/www.eldigitaldeasturias.com\\\/noticias\\\/juan-ramon-jimenez-y-benjamin-palencia-dos-creadores-a-los-que-unio-el-amor-al-arte\\\/#organizationLogo\"},\"image\":{\"@id\":\"https:\\\/\\\/www.eldigitaldeasturias.com\\\/noticias\\\/juan-ramon-jimenez-y-benjamin-palencia-dos-creadores-a-los-que-unio-el-amor-al-arte\\\/#organizationLogo\"},\"sameAs\":[\"https:\\\/\\\/facebook.com\\\/eldigitaldeasturias\",\"https:\\\/\\\/www.youtube.com\\\/channel\\\/UCZP-2wLEB9Rv6erhFmqVnvg\"],\"address\":{\"@id\":\"https:\\\/\\\/www.eldigitaldeasturias.com\\\/noticias\\\/#postaladdress\",\"@type\":\"PostalAddress\",\"streetAddress\":\"san antonio 4\",\"postalCode\":\"33430\",\"addressLocality\":\"Cand\\u00e1s\",\"addressRegion\":\"Asturias\",\"addressCountry\":\"ES\"}},{\"@type\":\"Person\",\"@id\":\"https:\\\/\\\/www.eldigitaldeasturias.com\\\/noticias\\\/author\\\/admin\\\/#author\",\"url\":\"https:\\\/\\\/www.eldigitaldeasturias.com\\\/noticias\\\/author\\\/admin\\\/\",\"name\":\"El Digital de Asturias\",\"image\":{\"@type\":\"ImageObject\",\"@id\":\"https:\\\/\\\/www.eldigitaldeasturias.com\\\/noticias\\\/juan-ramon-jimenez-y-benjamin-palencia-dos-creadores-a-los-que-unio-el-amor-al-arte\\\/#authorImage\",\"url\":\"https:\\\/\\\/secure.gravatar.com\\\/avatar\\\/df2aeffc32bcd13f8d26072ef8a91b623d677766deac7f97ca815868cd41bf5e?s=96&d=mm&r=g\",\"width\":96,\"height\":96,\"caption\":\"El Digital de Asturias\"}},{\"@type\":\"WebPage\",\"@id\":\"https:\\\/\\\/www.eldigitaldeasturias.com\\\/noticias\\\/juan-ramon-jimenez-y-benjamin-palencia-dos-creadores-a-los-que-unio-el-amor-al-arte\\\/#webpage\",\"url\":\"https:\\\/\\\/www.eldigitaldeasturias.com\\\/noticias\\\/juan-ramon-jimenez-y-benjamin-palencia-dos-creadores-a-los-que-unio-el-amor-al-arte\\\/\",\"name\":\"Juan Ram\\u00f3n Jim\\u00e9nez y Benjam\\u00edn Palencia, dos creadores a los que uni\\u00f3 el amor al arte - El Digital de Asturias\",\"description\":\"Huelva, 3 dic (EFE).- El gusto de Juan Ram\\u00f3n Jim\\u00e9nez por la pintura no es desconocido. No en vano fue pintor antes que escritor, una faceta reconocida por muchos que hicieron de \\u00e9l su consejero, como es el caso del pintor albacete\\u00f1o Benjam\\u00edn Palencia quien conoci\\u00f3 al poeta en su adolescencia. La relaci\\u00f3n de estos\",\"inLanguage\":\"es-ES\",\"isPartOf\":{\"@id\":\"https:\\\/\\\/www.eldigitaldeasturias.com\\\/noticias\\\/#website\"},\"breadcrumb\":{\"@id\":\"https:\\\/\\\/www.eldigitaldeasturias.com\\\/noticias\\\/juan-ramon-jimenez-y-benjamin-palencia-dos-creadores-a-los-que-unio-el-amor-al-arte\\\/#breadcrumblist\"},\"author\":{\"@id\":\"https:\\\/\\\/www.eldigitaldeasturias.com\\\/noticias\\\/author\\\/admin\\\/#author\"},\"creator\":{\"@id\":\"https:\\\/\\\/www.eldigitaldeasturias.com\\\/noticias\\\/author\\\/admin\\\/#author\"},\"image\":{\"@type\":\"ImageObject\",\"url\":457274,\"@id\":\"https:\\\/\\\/www.eldigitaldeasturias.com\\\/noticias\\\/juan-ramon-jimenez-y-benjamin-palencia-dos-creadores-a-los-que-unio-el-amor-al-arte\\\/#mainImage\"},\"primaryImageOfPage\":{\"@id\":\"https:\\\/\\\/www.eldigitaldeasturias.com\\\/noticias\\\/juan-ramon-jimenez-y-benjamin-palencia-dos-creadores-a-los-que-unio-el-amor-al-arte\\\/#mainImage\"},\"datePublished\":\"2013-12-03T18:33:27+01:00\",\"dateModified\":\"2013-12-03T18:33:27+01:00\"},{\"@type\":\"WebSite\",\"@id\":\"https:\\\/\\\/www.eldigitaldeasturias.com\\\/noticias\\\/#website\",\"url\":\"https:\\\/\\\/www.eldigitaldeasturias.com\\\/noticias\\\/\",\"name\":\"El Digital de Asturias - Diario de actualidad y noticias\",\"alternateName\":\"El Digital de Asturias - Diario de actualidad y noticias\",\"description\":\"Hemeroteca\",\"inLanguage\":\"es-ES\",\"publisher\":{\"@id\":\"https:\\\/\\\/www.eldigitaldeasturias.com\\\/noticias\\\/#organization\"}}]}\n\t\t<\/script>\n\t\t<!-- All in One SEO Pro -->\r\n\t\t<title>Juan Ram\u00f3n Jim\u00e9nez y Benjam\u00edn Palencia, dos creadores a los que uni\u00f3 el amor al arte - El Digital de Asturias<\/title>\n\n","aioseo_head_json":{"title":"Juan Ram\u00f3n Jim\u00e9nez y Benjam\u00edn Palencia, dos creadores a los que uni\u00f3 el amor al arte - El Digital de Asturias","description":"Huelva, 3 dic (EFE).- El gusto de Juan Ram\u00f3n Jim\u00e9nez por la pintura no es desconocido. No en vano fue pintor antes que escritor, una faceta reconocida por muchos que hicieron de \u00e9l su consejero, como es el caso del pintor albacete\u00f1o Benjam\u00edn Palencia quien conoci\u00f3 al poeta en su adolescencia. La relaci\u00f3n de estos","canonical_url":"https:\/\/www.eldigitaldeasturias.com\/noticias\/juan-ramon-jimenez-y-benjamin-palencia-dos-creadores-a-los-que-unio-el-amor-al-arte\/","robots":"max-image-preview:large","keywords":"sociedad","webmasterTools":{"google-site-verification":"UA-38556648-1","msvalidate.01":"7dfe9f3f1b24437ab69f4f2559babe99","miscellaneous":""},"schema":{"@context":"https:\/\/schema.org","@graph":[{"@type":"BlogPosting","@id":"https:\/\/www.eldigitaldeasturias.com\/noticias\/juan-ramon-jimenez-y-benjamin-palencia-dos-creadores-a-los-que-unio-el-amor-al-arte\/#blogposting","name":"Juan Ram\u00f3n Jim\u00e9nez y Benjam\u00edn Palencia, dos creadores a los que uni\u00f3 el amor al arte - El Digital de Asturias","headline":"Juan Ram\u00f3n Jim\u00e9nez y Benjam\u00edn Palencia, dos creadores a los que uni\u00f3 el amor al arte","author":{"@id":"https:\/\/www.eldigitaldeasturias.com\/noticias\/author\/admin\/#author"},"publisher":{"@id":"https:\/\/www.eldigitaldeasturias.com\/noticias\/#organization"},"image":{"@type":"ImageObject","url":457274},"datePublished":"2013-12-03T18:33:27+01:00","dateModified":"2013-12-03T18:33:27+01:00","inLanguage":"es-ES","mainEntityOfPage":{"@id":"https:\/\/www.eldigitaldeasturias.com\/noticias\/juan-ramon-jimenez-y-benjamin-palencia-dos-creadores-a-los-que-unio-el-amor-al-arte\/#webpage"},"isPartOf":{"@id":"https:\/\/www.eldigitaldeasturias.com\/noticias\/juan-ramon-jimenez-y-benjamin-palencia-dos-creadores-a-los-que-unio-el-amor-al-arte\/#webpage"},"articleSection":"Sociedad"},{"@type":"BreadcrumbList","@id":"https:\/\/www.eldigitaldeasturias.com\/noticias\/juan-ramon-jimenez-y-benjamin-palencia-dos-creadores-a-los-que-unio-el-amor-al-arte\/#breadcrumblist","itemListElement":[{"@type":"ListItem","@id":"https:\/\/www.eldigitaldeasturias.com\/noticias#listItem","position":1,"name":"Home","item":"https:\/\/www.eldigitaldeasturias.com\/noticias","nextItem":{"@type":"ListItem","@id":"https:\/\/www.eldigitaldeasturias.com\/noticias\/category\/sociedad\/#listItem","name":"Sociedad"}},{"@type":"ListItem","@id":"https:\/\/www.eldigitaldeasturias.com\/noticias\/category\/sociedad\/#listItem","position":2,"name":"Sociedad","item":"https:\/\/www.eldigitaldeasturias.com\/noticias\/category\/sociedad\/","nextItem":{"@type":"ListItem","@id":"https:\/\/www.eldigitaldeasturias.com\/noticias\/juan-ramon-jimenez-y-benjamin-palencia-dos-creadores-a-los-que-unio-el-amor-al-arte\/#listItem","name":"Juan Ram\u00f3n Jim\u00e9nez y Benjam\u00edn Palencia, dos creadores a los que uni\u00f3 el amor al arte"},"previousItem":{"@type":"ListItem","@id":"https:\/\/www.eldigitaldeasturias.com\/noticias#listItem","name":"Home"}},{"@type":"ListItem","@id":"https:\/\/www.eldigitaldeasturias.com\/noticias\/juan-ramon-jimenez-y-benjamin-palencia-dos-creadores-a-los-que-unio-el-amor-al-arte\/#listItem","position":3,"name":"Juan Ram\u00f3n Jim\u00e9nez y Benjam\u00edn Palencia, dos creadores a los que uni\u00f3 el amor al arte","previousItem":{"@type":"ListItem","@id":"https:\/\/www.eldigitaldeasturias.com\/noticias\/category\/sociedad\/#listItem","name":"Sociedad"}}]},{"@type":"Organization","@id":"https:\/\/www.eldigitaldeasturias.com\/noticias\/#organization","name":"El Digital de Asturias","description":"Hemeroteca","url":"https:\/\/www.eldigitaldeasturias.com\/noticias\/","email":"info@eldigitaldeasturias.com","telephone":"+34652131393","logo":{"@type":"ImageObject","url":"https:\/\/www.eldigitaldeasturias.com\/noticias\/wp-content\/uploads\/2020\/12\/EDA.jpg","@id":"https:\/\/www.eldigitaldeasturias.com\/noticias\/juan-ramon-jimenez-y-benjamin-palencia-dos-creadores-a-los-que-unio-el-amor-al-arte\/#organizationLogo"},"image":{"@id":"https:\/\/www.eldigitaldeasturias.com\/noticias\/juan-ramon-jimenez-y-benjamin-palencia-dos-creadores-a-los-que-unio-el-amor-al-arte\/#organizationLogo"},"sameAs":["https:\/\/facebook.com\/eldigitaldeasturias","https:\/\/www.youtube.com\/channel\/UCZP-2wLEB9Rv6erhFmqVnvg"],"address":{"@id":"https:\/\/www.eldigitaldeasturias.com\/noticias\/#postaladdress","@type":"PostalAddress","streetAddress":"san antonio 4","postalCode":"33430","addressLocality":"Cand\u00e1s","addressRegion":"Asturias","addressCountry":"ES"}},{"@type":"Person","@id":"https:\/\/www.eldigitaldeasturias.com\/noticias\/author\/admin\/#author","url":"https:\/\/www.eldigitaldeasturias.com\/noticias\/author\/admin\/","name":"El Digital de Asturias","image":{"@type":"ImageObject","@id":"https:\/\/www.eldigitaldeasturias.com\/noticias\/juan-ramon-jimenez-y-benjamin-palencia-dos-creadores-a-los-que-unio-el-amor-al-arte\/#authorImage","url":"https:\/\/secure.gravatar.com\/avatar\/df2aeffc32bcd13f8d26072ef8a91b623d677766deac7f97ca815868cd41bf5e?s=96&d=mm&r=g","width":96,"height":96,"caption":"El Digital de Asturias"}},{"@type":"WebPage","@id":"https:\/\/www.eldigitaldeasturias.com\/noticias\/juan-ramon-jimenez-y-benjamin-palencia-dos-creadores-a-los-que-unio-el-amor-al-arte\/#webpage","url":"https:\/\/www.eldigitaldeasturias.com\/noticias\/juan-ramon-jimenez-y-benjamin-palencia-dos-creadores-a-los-que-unio-el-amor-al-arte\/","name":"Juan Ram\u00f3n Jim\u00e9nez y Benjam\u00edn Palencia, dos creadores a los que uni\u00f3 el amor al arte - El Digital de Asturias","description":"Huelva, 3 dic (EFE).- El gusto de Juan Ram\u00f3n Jim\u00e9nez por la pintura no es desconocido. No en vano fue pintor antes que escritor, una faceta reconocida por muchos que hicieron de \u00e9l su consejero, como es el caso del pintor albacete\u00f1o Benjam\u00edn Palencia quien conoci\u00f3 al poeta en su adolescencia. La relaci\u00f3n de estos","inLanguage":"es-ES","isPartOf":{"@id":"https:\/\/www.eldigitaldeasturias.com\/noticias\/#website"},"breadcrumb":{"@id":"https:\/\/www.eldigitaldeasturias.com\/noticias\/juan-ramon-jimenez-y-benjamin-palencia-dos-creadores-a-los-que-unio-el-amor-al-arte\/#breadcrumblist"},"author":{"@id":"https:\/\/www.eldigitaldeasturias.com\/noticias\/author\/admin\/#author"},"creator":{"@id":"https:\/\/www.eldigitaldeasturias.com\/noticias\/author\/admin\/#author"},"image":{"@type":"ImageObject","url":457274,"@id":"https:\/\/www.eldigitaldeasturias.com\/noticias\/juan-ramon-jimenez-y-benjamin-palencia-dos-creadores-a-los-que-unio-el-amor-al-arte\/#mainImage"},"primaryImageOfPage":{"@id":"https:\/\/www.eldigitaldeasturias.com\/noticias\/juan-ramon-jimenez-y-benjamin-palencia-dos-creadores-a-los-que-unio-el-amor-al-arte\/#mainImage"},"datePublished":"2013-12-03T18:33:27+01:00","dateModified":"2013-12-03T18:33:27+01:00"},{"@type":"WebSite","@id":"https:\/\/www.eldigitaldeasturias.com\/noticias\/#website","url":"https:\/\/www.eldigitaldeasturias.com\/noticias\/","name":"El Digital de Asturias - Diario de actualidad y noticias","alternateName":"El Digital de Asturias - Diario de actualidad y noticias","description":"Hemeroteca","inLanguage":"es-ES","publisher":{"@id":"https:\/\/www.eldigitaldeasturias.com\/noticias\/#organization"}}]},"og:locale":"es_ES","og:site_name":"El Digital de Asturias","og:type":"article","og:title":"Juan Ram\u00f3n Jim\u00e9nez y Benjam\u00edn Palencia, dos creadores a los que uni\u00f3 el amor al arte - El Digital de Asturias","og:description":"Huelva, 3 dic (EFE).- El gusto de Juan Ram\u00f3n Jim\u00e9nez por la pintura no es desconocido. No en vano fue pintor antes que escritor, una faceta reconocida por muchos que hicieron de \u00e9l su consejero, como es el caso del pintor albacete\u00f1o Benjam\u00edn Palencia quien conoci\u00f3 al poeta en su adolescencia. La relaci\u00f3n de estos","og:url":"https:\/\/www.eldigitaldeasturias.com\/noticias\/juan-ramon-jimenez-y-benjamin-palencia-dos-creadores-a-los-que-unio-el-amor-al-arte\/","article:tag":["sociedad"],"article:published_time":"2013-12-03T19:33:27+00:00","article:modified_time":"2013-12-03T19:33:27+00:00","article:publisher":"https:\/\/facebook.com\/eldigitaldeasturias","twitter:card":"summary_large_image","twitter:title":"Juan Ram\u00f3n Jim\u00e9nez y Benjam\u00edn Palencia, dos creadores a los que uni\u00f3 el amor al arte - El Digital de Asturias","twitter:description":"Huelva, 3 dic (EFE).- El gusto de Juan Ram\u00f3n Jim\u00e9nez por la pintura no es desconocido. No en vano fue pintor antes que escritor, una faceta reconocida por muchos que hicieron de \u00e9l su consejero, como es el caso del pintor albacete\u00f1o Benjam\u00edn Palencia quien conoci\u00f3 al poeta en su adolescencia. La relaci\u00f3n de estos","twitter:label1":"Escrito por","twitter:data1":"El Digital de Asturias","twitter:label2":"Tiempo de lectura estimado","twitter:data2":"3 minutos"},"aioseo_meta_data":{"post_id":"457273","title":null,"description":null,"keywords":null,"keyphrases":null,"primary_term":null,"canonical_url":null,"og_title":null,"og_description":null,"og_object_type":"default","og_image_type":"default","og_image_url":null,"og_image_width":null,"og_image_height":null,"og_image_custom_url":null,"og_image_custom_fields":null,"og_video":null,"og_custom_url":null,"og_article_section":null,"og_article_tags":null,"twitter_use_og":true,"twitter_card":"default","twitter_image_type":"default","twitter_image_url":null,"twitter_image_custom_url":null,"twitter_image_custom_fields":null,"twitter_title":null,"twitter_description":null,"schema":{"blockGraphs":[],"customGraphs":[],"default":{"data":{"Article":[],"Course":[],"Dataset":[],"FAQPage":[],"Movie":[],"Person":[],"Product":[],"ProductReview":[],"Car":[],"Recipe":[],"Service":[],"SoftwareApplication":[],"WebPage":[]},"graphName":"","isEnabled":true},"graphs":[],"defaultGraph":"","defaultPostTypeGraph":""},"schema_type":null,"schema_type_options":null,"pillar_content":false,"robots_default":true,"robots_noindex":false,"robots_noarchive":false,"robots_nosnippet":false,"robots_nofollow":false,"robots_noimageindex":false,"robots_noodp":false,"robots_notranslate":false,"robots_max_snippet":null,"robots_max_videopreview":null,"robots_max_imagepreview":"none","priority":null,"frequency":null,"local_seo":null,"seo_analyzer_scan_date":"2026-05-30 00:54:11","breadcrumb_settings":null,"limit_modified_date":false,"open_ai":null,"ai":null,"created":"2020-11-14 22:46:06","updated":"2026-05-30 00:54:11","focus_keyword":null,"additional_keywords":null,"truseo_locale":null},"aioseo_breadcrumb":"<div class=\"aioseo-breadcrumbs\"><span class=\"aioseo-breadcrumb\">\n\t<a href=\"https:\/\/www.eldigitaldeasturias.com\/noticias\" title=\"Home\">Home<\/a>\n<\/span><span class=\"aioseo-breadcrumb-separator\">\u2013<\/span><span class=\"aioseo-breadcrumb\">\n\t<a href=\"https:\/\/www.eldigitaldeasturias.com\/noticias\/category\/sociedad\/\" title=\"Sociedad\">Sociedad<\/a>\n<\/span><span class=\"aioseo-breadcrumb-separator\">\u2013<\/span><span class=\"aioseo-breadcrumb\">\n\t<a href=\"https:\/\/www.eldigitaldeasturias.com\/noticias\/juan-ramon-jimenez-y-benjamin-palencia-dos-creadores-a-los-que-unio-el-amor-al-arte\/\" title=\"Juan Ram\u00f3n Jim\u00e9nez y Benjam\u00edn Palencia, dos creadores a los que uni\u00f3 el amor al arte\">Juan Ram\u00f3n Jim\u00e9nez y Benjam\u00edn Palencia, dos creadores a los que uni\u00f3 el amor al arte<\/a>\n<\/span><\/div>","aioseo_breadcrumb_json":[{"label":"Home","link":"https:\/\/www.eldigitaldeasturias.com\/noticias"},{"label":"Sociedad","link":"https:\/\/www.eldigitaldeasturias.com\/noticias\/category\/sociedad\/"},{"label":"Juan Ram\u00f3n Jim\u00e9nez y Benjam\u00edn Palencia, dos creadores a los que uni\u00f3 el amor al arte","link":"https:\/\/www.eldigitaldeasturias.com\/noticias\/juan-ramon-jimenez-y-benjamin-palencia-dos-creadores-a-los-que-unio-el-amor-al-arte\/"}],"_links":{"self":[{"href":"https:\/\/www.eldigitaldeasturias.com\/noticias\/wp-json\/wp\/v2\/posts\/457273","targetHints":{"allow":["GET"]}}],"collection":[{"href":"https:\/\/www.eldigitaldeasturias.com\/noticias\/wp-json\/wp\/v2\/posts"}],"about":[{"href":"https:\/\/www.eldigitaldeasturias.com\/noticias\/wp-json\/wp\/v2\/types\/post"}],"author":[{"embeddable":true,"href":"https:\/\/www.eldigitaldeasturias.com\/noticias\/wp-json\/wp\/v2\/users\/1"}],"replies":[{"embeddable":true,"href":"https:\/\/www.eldigitaldeasturias.com\/noticias\/wp-json\/wp\/v2\/comments?post=457273"}],"version-history":[{"count":0,"href":"https:\/\/www.eldigitaldeasturias.com\/noticias\/wp-json\/wp\/v2\/posts\/457273\/revisions"}],"wp:attachment":[{"href":"https:\/\/www.eldigitaldeasturias.com\/noticias\/wp-json\/wp\/v2\/media?parent=457273"}],"wp:term":[{"taxonomy":"category","embeddable":true,"href":"https:\/\/www.eldigitaldeasturias.com\/noticias\/wp-json\/wp\/v2\/categories?post=457273"},{"taxonomy":"post_tag","embeddable":true,"href":"https:\/\/www.eldigitaldeasturias.com\/noticias\/wp-json\/wp\/v2\/tags?post=457273"}],"curies":[{"name":"wp","href":"https:\/\/api.w.org\/{rel}","templated":true}]}}