{"id":457264,"date":"2013-12-03T18:20:31","date_gmt":"2013-12-03T19:20:31","guid":{"rendered":"http:\/\/www.eldigitaldeasturias.com\/noticias\/?p=457264"},"modified":"2013-12-03T18:20:46","modified_gmt":"2013-12-03T19:20:46","slug":"sanidad-va-a-regular-la-comercializacion-de-los-productos-homeopaticos","status":"publish","type":"post","link":"https:\/\/www.eldigitaldeasturias.com\/noticias\/sanidad-va-a-regular-la-comercializacion-de-los-productos-homeopaticos\/","title":{"rendered":"Sanidad va a regular la comercializaci\u00f3n de los productos homeop\u00e1ticos"},"content":{"rendered":"<p><img loading=\"lazy\" decoding=\"async\" class=\"alignleft size-medium wp-image-457265\" alt=\"5768512w\" src=\"https:\/\/www.eldigitaldeasturias.com\/noticias\/wp-content\/uploads\/2013\/12\/5768512w-360x279.jpg\" width=\"360\" height=\"279\" \/>Madrid, 3 dic (EFE).- Sanidad va a regular los requisitos necesarios para la comunicaci\u00f3n de los productos homeop\u00e1ticos y su autorizaci\u00f3n de comercializaci\u00f3n.<\/p>\n<p>Seg\u00fan un borrador de la orden ministerial, para obtener la autorizaci\u00f3n estos productos tendr\u00e1n que cumplir unos requisitos, parecidos a los exigidos a los medicamentos de uso humano fabricados industrialmente.<\/p>\n<p>As\u00ed, deber\u00e1n incluir en la comunicaci\u00f3n datos como el nombre, si tiene indicaci\u00f3n terap\u00e9utica, las condiciones de prescripci\u00f3n, los datos del fabricante y la autorizaci\u00f3n en alg\u00fan pa\u00eds de la UE.<\/p>\n<p>Se considera medicamento homeop\u00e1tico el obtenido a partir de sustancias denominadas cepas homeop\u00e1ticas, con arreglo a un procedimiento de fabricaci\u00f3n homeop\u00e1tico descrito en la Farmacopea Europea o en la Real Farmacopea Espa\u00f1ola o en su defecto en una farmacopea utilizada de forma oficial en un pa\u00eds de la UE.<\/p>\n<p>Un medicamento homeop\u00e1tico podr\u00e1 tener contener varios principios activos y todas las disoluciones de un medicamento formar\u00e1n parte de la misma autorizaci\u00f3n de comercializaci\u00f3n, explica la orden ministerial.<\/p>\n<p>Tambi\u00e9n indica que aquellos medicamentos que pretendan permanecer en el mercado, deber\u00e1n presentar solicitud de comercializaci\u00f3n de nuevo registro de acuerdo con lo establecido por la Agencia Espa\u00f1ola de Medicamentos y Productos Sanitarios.<\/p>\n<p>El borrador debe ser revisado en el marco del Consejo Interterritorial del Sistema Nacional de Salud, aunque seg\u00fan fuentes de Sanidad, todav\u00eda no se ha acordado si este asunto ser\u00e1 analizado en la reuni\u00f3n prevista para este mes de diciembre.<\/p>\n<p>Uno de cada tres espa\u00f1oles ha recurrido a la homeopat\u00eda en alguna ocasi\u00f3n y un 27 por ciento lo hace de forma ocasional o regular, en un pa\u00eds donde m\u00e1s de 10.000 m\u00e9dicos la integran en su pr\u00e1ctica diaria, seg\u00fan recoge el Libro Blanco de la Homeopat\u00eda.<\/p>\n<p>En Espa\u00f1a la homeopat\u00eda supuso en el a\u00f1o 2011 una facturaci\u00f3n de sesenta millones de euros<\/p>\n","protected":false},"excerpt":{"rendered":"<p>Madrid, 3 dic (EFE).- Sanidad va a regular los requisitos necesarios para la comunicaci\u00f3n de los productos homeop\u00e1ticos y su autorizaci\u00f3n de comercializaci\u00f3n. Seg\u00fan un borrador de la orden ministerial, para obtener la autorizaci\u00f3n estos productos tendr\u00e1n que cumplir unos requisitos, parecidos a los exigidos a los medicamentos de uso humano fabricados industrialmente. As\u00ed, deber\u00e1n [&hellip;]<\/p>\n","protected":false},"author":1,"featured_media":457265,"comment_status":"closed","ping_status":"open","sticky":false,"template":"","format":"standard","meta":{"footnotes":""},"categories":[28],"tags":[],"class_list":["post-457264","post","type-post","status-publish","format-standard","has-post-thumbnail","hentry","category-sociedad"],"aioseo_notices":[],"aioseo_head":"\n\t\t<!-- All in One SEO Pro 5.0.1 - aioseo.com -->\n\t<meta name=\"description\" content=\"Madrid, 3 dic (EFE).- Sanidad va a regular los requisitos necesarios para la comunicaci\u00f3n de los productos homeop\u00e1ticos y su autorizaci\u00f3n de comercializaci\u00f3n. Seg\u00fan un borrador de la orden ministerial, para obtener la autorizaci\u00f3n estos productos tendr\u00e1n que cumplir unos requisitos, parecidos a los exigidos a los medicamentos de uso humano fabricados industrialmente. As\u00ed, deber\u00e1n\" \/>\n\t<meta name=\"robots\" content=\"max-image-preview:large\" \/>\n\t<meta name=\"author\" content=\"El Digital de Asturias\"\/>\n\t<meta name=\"google-site-verification\" content=\"UA-38556648-1\" \/>\n\t<meta name=\"msvalidate.01\" content=\"7dfe9f3f1b24437ab69f4f2559babe99\" \/>\n\t<meta name=\"keywords\" content=\"sociedad\" \/>\n\t<link rel=\"canonical\" href=\"https:\/\/www.eldigitaldeasturias.com\/noticias\/sanidad-va-a-regular-la-comercializacion-de-los-productos-homeopaticos\/\" \/>\n\t<meta name=\"generator\" content=\"All in One SEO Pro (AIOSEO) 5.0.1\" \/>\n\t\t<meta property=\"og:locale\" content=\"es_ES\" \/>\n\t\t<meta property=\"og:site_name\" content=\"El Digital de Asturias\" \/>\n\t\t<meta property=\"og:type\" content=\"article\" \/>\n\t\t<meta property=\"og:title\" content=\"Sanidad va a regular la comercializaci\u00f3n de los productos homeop\u00e1ticos - El Digital de Asturias\" \/>\n\t\t<meta property=\"og:description\" content=\"Madrid, 3 dic (EFE).- Sanidad va a regular los requisitos necesarios para la comunicaci\u00f3n de los productos homeop\u00e1ticos y su autorizaci\u00f3n de comercializaci\u00f3n. Seg\u00fan un borrador de la orden ministerial, para obtener la autorizaci\u00f3n estos productos tendr\u00e1n que cumplir unos requisitos, parecidos a los exigidos a los medicamentos de uso humano fabricados industrialmente. As\u00ed, deber\u00e1n\" \/>\n\t\t<meta property=\"og:url\" content=\"https:\/\/www.eldigitaldeasturias.com\/noticias\/sanidad-va-a-regular-la-comercializacion-de-los-productos-homeopaticos\/\" \/>\n\t\t<meta property=\"article:tag\" content=\"sociedad\" \/>\n\t\t<meta property=\"article:published_time\" content=\"2013-12-03T19:20:31+00:00\" \/>\n\t\t<meta property=\"article:modified_time\" content=\"2013-12-03T19:20:46+00:00\" \/>\n\t\t<meta property=\"article:publisher\" content=\"https:\/\/facebook.com\/eldigitaldeasturias\" \/>\n\t\t<meta name=\"twitter:card\" content=\"summary_large_image\" \/>\n\t\t<meta name=\"twitter:title\" content=\"Sanidad va a regular la comercializaci\u00f3n de los productos homeop\u00e1ticos - El Digital de Asturias\" \/>\n\t\t<meta name=\"twitter:description\" content=\"Madrid, 3 dic (EFE).- Sanidad va a regular los requisitos necesarios para la comunicaci\u00f3n de los productos homeop\u00e1ticos y su autorizaci\u00f3n de comercializaci\u00f3n. Seg\u00fan un borrador de la orden ministerial, para obtener la autorizaci\u00f3n estos productos tendr\u00e1n que cumplir unos requisitos, parecidos a los exigidos a los medicamentos de uso humano fabricados industrialmente. As\u00ed, deber\u00e1n\" \/>\n\t\t<meta name=\"twitter:label1\" content=\"Escrito por\" \/>\n\t\t<meta name=\"twitter:data1\" content=\"El Digital de Asturias\" \/>\n\t\t<meta name=\"twitter:label2\" content=\"Tiempo de lectura estimado\" \/>\n\t\t<meta name=\"twitter:data2\" content=\"2 minutos\" \/>\n\t\t<script type=\"application\/ld+json\" class=\"aioseo-schema\">\n\t\t\t{\"@context\":\"https:\\\/\\\/schema.org\",\"@graph\":[{\"@type\":\"BlogPosting\",\"@id\":\"https:\\\/\\\/www.eldigitaldeasturias.com\\\/noticias\\\/sanidad-va-a-regular-la-comercializacion-de-los-productos-homeopaticos\\\/#blogposting\",\"name\":\"Sanidad va a regular la comercializaci\\u00f3n de los productos homeop\\u00e1ticos - El Digital de Asturias\",\"headline\":\"Sanidad va a regular la comercializaci\\u00f3n de los productos homeop\\u00e1ticos\",\"author\":{\"@id\":\"https:\\\/\\\/www.eldigitaldeasturias.com\\\/noticias\\\/author\\\/admin\\\/#author\"},\"publisher\":{\"@id\":\"https:\\\/\\\/www.eldigitaldeasturias.com\\\/noticias\\\/#organization\"},\"image\":{\"@type\":\"ImageObject\",\"url\":457265},\"datePublished\":\"2013-12-03T18:20:31+01:00\",\"dateModified\":\"2013-12-03T18:20:46+01:00\",\"inLanguage\":\"es-ES\",\"mainEntityOfPage\":{\"@id\":\"https:\\\/\\\/www.eldigitaldeasturias.com\\\/noticias\\\/sanidad-va-a-regular-la-comercializacion-de-los-productos-homeopaticos\\\/#webpage\"},\"isPartOf\":{\"@id\":\"https:\\\/\\\/www.eldigitaldeasturias.com\\\/noticias\\\/sanidad-va-a-regular-la-comercializacion-de-los-productos-homeopaticos\\\/#webpage\"},\"articleSection\":\"Sociedad\"},{\"@type\":\"BreadcrumbList\",\"@id\":\"https:\\\/\\\/www.eldigitaldeasturias.com\\\/noticias\\\/sanidad-va-a-regular-la-comercializacion-de-los-productos-homeopaticos\\\/#breadcrumblist\",\"itemListElement\":[{\"@type\":\"ListItem\",\"@id\":\"https:\\\/\\\/www.eldigitaldeasturias.com\\\/noticias#listItem\",\"position\":1,\"name\":\"Home\",\"item\":\"https:\\\/\\\/www.eldigitaldeasturias.com\\\/noticias\",\"nextItem\":{\"@type\":\"ListItem\",\"@id\":\"https:\\\/\\\/www.eldigitaldeasturias.com\\\/noticias\\\/category\\\/sociedad\\\/#listItem\",\"name\":\"Sociedad\"}},{\"@type\":\"ListItem\",\"@id\":\"https:\\\/\\\/www.eldigitaldeasturias.com\\\/noticias\\\/category\\\/sociedad\\\/#listItem\",\"position\":2,\"name\":\"Sociedad\",\"item\":\"https:\\\/\\\/www.eldigitaldeasturias.com\\\/noticias\\\/category\\\/sociedad\\\/\",\"nextItem\":{\"@type\":\"ListItem\",\"@id\":\"https:\\\/\\\/www.eldigitaldeasturias.com\\\/noticias\\\/sanidad-va-a-regular-la-comercializacion-de-los-productos-homeopaticos\\\/#listItem\",\"name\":\"Sanidad va a regular la comercializaci\\u00f3n de los productos homeop\\u00e1ticos\"},\"previousItem\":{\"@type\":\"ListItem\",\"@id\":\"https:\\\/\\\/www.eldigitaldeasturias.com\\\/noticias#listItem\",\"name\":\"Home\"}},{\"@type\":\"ListItem\",\"@id\":\"https:\\\/\\\/www.eldigitaldeasturias.com\\\/noticias\\\/sanidad-va-a-regular-la-comercializacion-de-los-productos-homeopaticos\\\/#listItem\",\"position\":3,\"name\":\"Sanidad va a regular la comercializaci\\u00f3n de los productos homeop\\u00e1ticos\",\"previousItem\":{\"@type\":\"ListItem\",\"@id\":\"https:\\\/\\\/www.eldigitaldeasturias.com\\\/noticias\\\/category\\\/sociedad\\\/#listItem\",\"name\":\"Sociedad\"}}]},{\"@type\":\"Organization\",\"@id\":\"https:\\\/\\\/www.eldigitaldeasturias.com\\\/noticias\\\/#organization\",\"name\":\"El Digital de Asturias\",\"description\":\"Hemeroteca\",\"url\":\"https:\\\/\\\/www.eldigitaldeasturias.com\\\/noticias\\\/\",\"email\":\"info@eldigitaldeasturias.com\",\"telephone\":\"+34652131393\",\"logo\":{\"@type\":\"ImageObject\",\"url\":\"https:\\\/\\\/www.eldigitaldeasturias.com\\\/noticias\\\/wp-content\\\/uploads\\\/2020\\\/12\\\/EDA.jpg\",\"@id\":\"https:\\\/\\\/www.eldigitaldeasturias.com\\\/noticias\\\/sanidad-va-a-regular-la-comercializacion-de-los-productos-homeopaticos\\\/#organizationLogo\"},\"image\":{\"@id\":\"https:\\\/\\\/www.eldigitaldeasturias.com\\\/noticias\\\/sanidad-va-a-regular-la-comercializacion-de-los-productos-homeopaticos\\\/#organizationLogo\"},\"sameAs\":[\"https:\\\/\\\/facebook.com\\\/eldigitaldeasturias\",\"https:\\\/\\\/www.youtube.com\\\/channel\\\/UCZP-2wLEB9Rv6erhFmqVnvg\"],\"address\":{\"@id\":\"https:\\\/\\\/www.eldigitaldeasturias.com\\\/noticias\\\/#postaladdress\",\"@type\":\"PostalAddress\",\"streetAddress\":\"san antonio 4\",\"postalCode\":\"33430\",\"addressLocality\":\"Cand\\u00e1s\",\"addressRegion\":\"Asturias\",\"addressCountry\":\"ES\"}},{\"@type\":\"Person\",\"@id\":\"https:\\\/\\\/www.eldigitaldeasturias.com\\\/noticias\\\/author\\\/admin\\\/#author\",\"url\":\"https:\\\/\\\/www.eldigitaldeasturias.com\\\/noticias\\\/author\\\/admin\\\/\",\"name\":\"El Digital de Asturias\",\"image\":{\"@type\":\"ImageObject\",\"@id\":\"https:\\\/\\\/www.eldigitaldeasturias.com\\\/noticias\\\/sanidad-va-a-regular-la-comercializacion-de-los-productos-homeopaticos\\\/#authorImage\",\"url\":\"https:\\\/\\\/secure.gravatar.com\\\/avatar\\\/df2aeffc32bcd13f8d26072ef8a91b623d677766deac7f97ca815868cd41bf5e?s=96&d=mm&r=g\",\"width\":96,\"height\":96,\"caption\":\"El Digital de Asturias\"}},{\"@type\":\"WebPage\",\"@id\":\"https:\\\/\\\/www.eldigitaldeasturias.com\\\/noticias\\\/sanidad-va-a-regular-la-comercializacion-de-los-productos-homeopaticos\\\/#webpage\",\"url\":\"https:\\\/\\\/www.eldigitaldeasturias.com\\\/noticias\\\/sanidad-va-a-regular-la-comercializacion-de-los-productos-homeopaticos\\\/\",\"name\":\"Sanidad va a regular la comercializaci\\u00f3n de los productos homeop\\u00e1ticos - El Digital de Asturias\",\"description\":\"Madrid, 3 dic (EFE).- Sanidad va a regular los requisitos necesarios para la comunicaci\\u00f3n de los productos homeop\\u00e1ticos y su autorizaci\\u00f3n de comercializaci\\u00f3n. Seg\\u00fan un borrador de la orden ministerial, para obtener la autorizaci\\u00f3n estos productos tendr\\u00e1n que cumplir unos requisitos, parecidos a los exigidos a los medicamentos de uso humano fabricados industrialmente. As\\u00ed, deber\\u00e1n\",\"inLanguage\":\"es-ES\",\"isPartOf\":{\"@id\":\"https:\\\/\\\/www.eldigitaldeasturias.com\\\/noticias\\\/#website\"},\"breadcrumb\":{\"@id\":\"https:\\\/\\\/www.eldigitaldeasturias.com\\\/noticias\\\/sanidad-va-a-regular-la-comercializacion-de-los-productos-homeopaticos\\\/#breadcrumblist\"},\"author\":{\"@id\":\"https:\\\/\\\/www.eldigitaldeasturias.com\\\/noticias\\\/author\\\/admin\\\/#author\"},\"creator\":{\"@id\":\"https:\\\/\\\/www.eldigitaldeasturias.com\\\/noticias\\\/author\\\/admin\\\/#author\"},\"image\":{\"@type\":\"ImageObject\",\"url\":457265,\"@id\":\"https:\\\/\\\/www.eldigitaldeasturias.com\\\/noticias\\\/sanidad-va-a-regular-la-comercializacion-de-los-productos-homeopaticos\\\/#mainImage\"},\"primaryImageOfPage\":{\"@id\":\"https:\\\/\\\/www.eldigitaldeasturias.com\\\/noticias\\\/sanidad-va-a-regular-la-comercializacion-de-los-productos-homeopaticos\\\/#mainImage\"},\"datePublished\":\"2013-12-03T18:20:31+01:00\",\"dateModified\":\"2013-12-03T18:20:46+01:00\"},{\"@type\":\"WebSite\",\"@id\":\"https:\\\/\\\/www.eldigitaldeasturias.com\\\/noticias\\\/#website\",\"url\":\"https:\\\/\\\/www.eldigitaldeasturias.com\\\/noticias\\\/\",\"name\":\"El Digital de Asturias - Diario de actualidad y noticias\",\"alternateName\":\"El Digital de Asturias - Diario de actualidad y noticias\",\"description\":\"Hemeroteca\",\"inLanguage\":\"es-ES\",\"publisher\":{\"@id\":\"https:\\\/\\\/www.eldigitaldeasturias.com\\\/noticias\\\/#organization\"}}]}\n\t\t<\/script>\n\t\t<!-- All in One SEO Pro -->\r\n\t\t<title>Sanidad va a regular la comercializaci\u00f3n de los productos homeop\u00e1ticos - El Digital de Asturias<\/title>\n\n","aioseo_head_json":{"title":"Sanidad va a regular la comercializaci\u00f3n de los productos homeop\u00e1ticos - El Digital de Asturias","description":"Madrid, 3 dic (EFE).- Sanidad va a regular los requisitos necesarios para la comunicaci\u00f3n de los productos homeop\u00e1ticos y su autorizaci\u00f3n de comercializaci\u00f3n. Seg\u00fan un borrador de la orden ministerial, para obtener la autorizaci\u00f3n estos productos tendr\u00e1n que cumplir unos requisitos, parecidos a los exigidos a los medicamentos de uso humano fabricados industrialmente. As\u00ed, deber\u00e1n","canonical_url":"https:\/\/www.eldigitaldeasturias.com\/noticias\/sanidad-va-a-regular-la-comercializacion-de-los-productos-homeopaticos\/","robots":"max-image-preview:large","keywords":"sociedad","webmasterTools":{"google-site-verification":"UA-38556648-1","msvalidate.01":"7dfe9f3f1b24437ab69f4f2559babe99","miscellaneous":""},"schema":{"@context":"https:\/\/schema.org","@graph":[{"@type":"BlogPosting","@id":"https:\/\/www.eldigitaldeasturias.com\/noticias\/sanidad-va-a-regular-la-comercializacion-de-los-productos-homeopaticos\/#blogposting","name":"Sanidad va a regular la comercializaci\u00f3n de los productos homeop\u00e1ticos - El Digital de Asturias","headline":"Sanidad va a regular la comercializaci\u00f3n de los productos homeop\u00e1ticos","author":{"@id":"https:\/\/www.eldigitaldeasturias.com\/noticias\/author\/admin\/#author"},"publisher":{"@id":"https:\/\/www.eldigitaldeasturias.com\/noticias\/#organization"},"image":{"@type":"ImageObject","url":457265},"datePublished":"2013-12-03T18:20:31+01:00","dateModified":"2013-12-03T18:20:46+01:00","inLanguage":"es-ES","mainEntityOfPage":{"@id":"https:\/\/www.eldigitaldeasturias.com\/noticias\/sanidad-va-a-regular-la-comercializacion-de-los-productos-homeopaticos\/#webpage"},"isPartOf":{"@id":"https:\/\/www.eldigitaldeasturias.com\/noticias\/sanidad-va-a-regular-la-comercializacion-de-los-productos-homeopaticos\/#webpage"},"articleSection":"Sociedad"},{"@type":"BreadcrumbList","@id":"https:\/\/www.eldigitaldeasturias.com\/noticias\/sanidad-va-a-regular-la-comercializacion-de-los-productos-homeopaticos\/#breadcrumblist","itemListElement":[{"@type":"ListItem","@id":"https:\/\/www.eldigitaldeasturias.com\/noticias#listItem","position":1,"name":"Home","item":"https:\/\/www.eldigitaldeasturias.com\/noticias","nextItem":{"@type":"ListItem","@id":"https:\/\/www.eldigitaldeasturias.com\/noticias\/category\/sociedad\/#listItem","name":"Sociedad"}},{"@type":"ListItem","@id":"https:\/\/www.eldigitaldeasturias.com\/noticias\/category\/sociedad\/#listItem","position":2,"name":"Sociedad","item":"https:\/\/www.eldigitaldeasturias.com\/noticias\/category\/sociedad\/","nextItem":{"@type":"ListItem","@id":"https:\/\/www.eldigitaldeasturias.com\/noticias\/sanidad-va-a-regular-la-comercializacion-de-los-productos-homeopaticos\/#listItem","name":"Sanidad va a regular la comercializaci\u00f3n de los productos homeop\u00e1ticos"},"previousItem":{"@type":"ListItem","@id":"https:\/\/www.eldigitaldeasturias.com\/noticias#listItem","name":"Home"}},{"@type":"ListItem","@id":"https:\/\/www.eldigitaldeasturias.com\/noticias\/sanidad-va-a-regular-la-comercializacion-de-los-productos-homeopaticos\/#listItem","position":3,"name":"Sanidad va a regular la comercializaci\u00f3n de los productos homeop\u00e1ticos","previousItem":{"@type":"ListItem","@id":"https:\/\/www.eldigitaldeasturias.com\/noticias\/category\/sociedad\/#listItem","name":"Sociedad"}}]},{"@type":"Organization","@id":"https:\/\/www.eldigitaldeasturias.com\/noticias\/#organization","name":"El Digital de Asturias","description":"Hemeroteca","url":"https:\/\/www.eldigitaldeasturias.com\/noticias\/","email":"info@eldigitaldeasturias.com","telephone":"+34652131393","logo":{"@type":"ImageObject","url":"https:\/\/www.eldigitaldeasturias.com\/noticias\/wp-content\/uploads\/2020\/12\/EDA.jpg","@id":"https:\/\/www.eldigitaldeasturias.com\/noticias\/sanidad-va-a-regular-la-comercializacion-de-los-productos-homeopaticos\/#organizationLogo"},"image":{"@id":"https:\/\/www.eldigitaldeasturias.com\/noticias\/sanidad-va-a-regular-la-comercializacion-de-los-productos-homeopaticos\/#organizationLogo"},"sameAs":["https:\/\/facebook.com\/eldigitaldeasturias","https:\/\/www.youtube.com\/channel\/UCZP-2wLEB9Rv6erhFmqVnvg"],"address":{"@id":"https:\/\/www.eldigitaldeasturias.com\/noticias\/#postaladdress","@type":"PostalAddress","streetAddress":"san antonio 4","postalCode":"33430","addressLocality":"Cand\u00e1s","addressRegion":"Asturias","addressCountry":"ES"}},{"@type":"Person","@id":"https:\/\/www.eldigitaldeasturias.com\/noticias\/author\/admin\/#author","url":"https:\/\/www.eldigitaldeasturias.com\/noticias\/author\/admin\/","name":"El Digital de Asturias","image":{"@type":"ImageObject","@id":"https:\/\/www.eldigitaldeasturias.com\/noticias\/sanidad-va-a-regular-la-comercializacion-de-los-productos-homeopaticos\/#authorImage","url":"https:\/\/secure.gravatar.com\/avatar\/df2aeffc32bcd13f8d26072ef8a91b623d677766deac7f97ca815868cd41bf5e?s=96&d=mm&r=g","width":96,"height":96,"caption":"El Digital de Asturias"}},{"@type":"WebPage","@id":"https:\/\/www.eldigitaldeasturias.com\/noticias\/sanidad-va-a-regular-la-comercializacion-de-los-productos-homeopaticos\/#webpage","url":"https:\/\/www.eldigitaldeasturias.com\/noticias\/sanidad-va-a-regular-la-comercializacion-de-los-productos-homeopaticos\/","name":"Sanidad va a regular la comercializaci\u00f3n de los productos homeop\u00e1ticos - El Digital de Asturias","description":"Madrid, 3 dic (EFE).- Sanidad va a regular los requisitos necesarios para la comunicaci\u00f3n de los productos homeop\u00e1ticos y su autorizaci\u00f3n de comercializaci\u00f3n. Seg\u00fan un borrador de la orden ministerial, para obtener la autorizaci\u00f3n estos productos tendr\u00e1n que cumplir unos requisitos, parecidos a los exigidos a los medicamentos de uso humano fabricados industrialmente. As\u00ed, deber\u00e1n","inLanguage":"es-ES","isPartOf":{"@id":"https:\/\/www.eldigitaldeasturias.com\/noticias\/#website"},"breadcrumb":{"@id":"https:\/\/www.eldigitaldeasturias.com\/noticias\/sanidad-va-a-regular-la-comercializacion-de-los-productos-homeopaticos\/#breadcrumblist"},"author":{"@id":"https:\/\/www.eldigitaldeasturias.com\/noticias\/author\/admin\/#author"},"creator":{"@id":"https:\/\/www.eldigitaldeasturias.com\/noticias\/author\/admin\/#author"},"image":{"@type":"ImageObject","url":457265,"@id":"https:\/\/www.eldigitaldeasturias.com\/noticias\/sanidad-va-a-regular-la-comercializacion-de-los-productos-homeopaticos\/#mainImage"},"primaryImageOfPage":{"@id":"https:\/\/www.eldigitaldeasturias.com\/noticias\/sanidad-va-a-regular-la-comercializacion-de-los-productos-homeopaticos\/#mainImage"},"datePublished":"2013-12-03T18:20:31+01:00","dateModified":"2013-12-03T18:20:46+01:00"},{"@type":"WebSite","@id":"https:\/\/www.eldigitaldeasturias.com\/noticias\/#website","url":"https:\/\/www.eldigitaldeasturias.com\/noticias\/","name":"El Digital de Asturias - Diario de actualidad y noticias","alternateName":"El Digital de Asturias - Diario de actualidad y noticias","description":"Hemeroteca","inLanguage":"es-ES","publisher":{"@id":"https:\/\/www.eldigitaldeasturias.com\/noticias\/#organization"}}]},"og:locale":"es_ES","og:site_name":"El Digital de Asturias","og:type":"article","og:title":"Sanidad va a regular la comercializaci\u00f3n de los productos homeop\u00e1ticos - El Digital de Asturias","og:description":"Madrid, 3 dic (EFE).- Sanidad va a regular los requisitos necesarios para la comunicaci\u00f3n de los productos homeop\u00e1ticos y su autorizaci\u00f3n de comercializaci\u00f3n. Seg\u00fan un borrador de la orden ministerial, para obtener la autorizaci\u00f3n estos productos tendr\u00e1n que cumplir unos requisitos, parecidos a los exigidos a los medicamentos de uso humano fabricados industrialmente. As\u00ed, deber\u00e1n","og:url":"https:\/\/www.eldigitaldeasturias.com\/noticias\/sanidad-va-a-regular-la-comercializacion-de-los-productos-homeopaticos\/","article:tag":["sociedad"],"article:published_time":"2013-12-03T19:20:31+00:00","article:modified_time":"2013-12-03T19:20:46+00:00","article:publisher":"https:\/\/facebook.com\/eldigitaldeasturias","twitter:card":"summary_large_image","twitter:title":"Sanidad va a regular la comercializaci\u00f3n de los productos homeop\u00e1ticos - El Digital de Asturias","twitter:description":"Madrid, 3 dic (EFE).- Sanidad va a regular los requisitos necesarios para la comunicaci\u00f3n de los productos homeop\u00e1ticos y su autorizaci\u00f3n de comercializaci\u00f3n. Seg\u00fan un borrador de la orden ministerial, para obtener la autorizaci\u00f3n estos productos tendr\u00e1n que cumplir unos requisitos, parecidos a los exigidos a los medicamentos de uso humano fabricados industrialmente. As\u00ed, deber\u00e1n","twitter:label1":"Escrito por","twitter:data1":"El Digital de Asturias","twitter:label2":"Tiempo de lectura estimado","twitter:data2":"2 minutos"},"aioseo_meta_data":{"post_id":"457264","title":null,"description":null,"keywords":null,"keyphrases":null,"primary_term":null,"canonical_url":null,"og_title":null,"og_description":null,"og_object_type":"default","og_image_type":"default","og_image_url":null,"og_image_width":null,"og_image_height":null,"og_image_custom_url":null,"og_image_custom_fields":null,"og_video":null,"og_custom_url":null,"og_article_section":null,"og_article_tags":null,"twitter_use_og":true,"twitter_card":"default","twitter_image_type":"default","twitter_image_url":null,"twitter_image_custom_url":null,"twitter_image_custom_fields":null,"twitter_title":null,"twitter_description":null,"schema":{"blockGraphs":[],"customGraphs":[],"default":{"data":{"Article":[],"Course":[],"Dataset":[],"FAQPage":[],"Movie":[],"Person":[],"Product":[],"ProductReview":[],"Car":[],"Recipe":[],"Service":[],"SoftwareApplication":[],"WebPage":[]},"graphName":"","isEnabled":true},"graphs":[],"defaultGraph":"","defaultPostTypeGraph":""},"schema_type":null,"schema_type_options":null,"pillar_content":false,"robots_default":true,"robots_noindex":false,"robots_noarchive":false,"robots_nosnippet":false,"robots_nofollow":false,"robots_noimageindex":false,"robots_noodp":false,"robots_notranslate":false,"robots_max_snippet":null,"robots_max_videopreview":null,"robots_max_imagepreview":"none","priority":null,"frequency":null,"local_seo":null,"seo_analyzer_scan_date":"2026-05-30 00:54:07","breadcrumb_settings":null,"limit_modified_date":false,"open_ai":null,"ai":null,"created":"2020-11-14 22:46:06","updated":"2026-05-30 00:54:07","focus_keyword":null,"additional_keywords":null,"truseo_locale":null},"aioseo_breadcrumb":"<div class=\"aioseo-breadcrumbs\"><span class=\"aioseo-breadcrumb\">\n\t<a href=\"https:\/\/www.eldigitaldeasturias.com\/noticias\" title=\"Home\">Home<\/a>\n<\/span><span class=\"aioseo-breadcrumb-separator\">\u2013<\/span><span class=\"aioseo-breadcrumb\">\n\t<a href=\"https:\/\/www.eldigitaldeasturias.com\/noticias\/category\/sociedad\/\" title=\"Sociedad\">Sociedad<\/a>\n<\/span><span class=\"aioseo-breadcrumb-separator\">\u2013<\/span><span class=\"aioseo-breadcrumb\">\n\t<a href=\"https:\/\/www.eldigitaldeasturias.com\/noticias\/sanidad-va-a-regular-la-comercializacion-de-los-productos-homeopaticos\/\" title=\"Sanidad va a regular la comercializaci\u00f3n de los productos homeop\u00e1ticos\">Sanidad va a regular la comercializaci\u00f3n de los productos homeop\u00e1ticos<\/a>\n<\/span><\/div>","aioseo_breadcrumb_json":[{"label":"Home","link":"https:\/\/www.eldigitaldeasturias.com\/noticias"},{"label":"Sociedad","link":"https:\/\/www.eldigitaldeasturias.com\/noticias\/category\/sociedad\/"},{"label":"Sanidad va a regular la comercializaci\u00f3n de los productos homeop\u00e1ticos","link":"https:\/\/www.eldigitaldeasturias.com\/noticias\/sanidad-va-a-regular-la-comercializacion-de-los-productos-homeopaticos\/"}],"_links":{"self":[{"href":"https:\/\/www.eldigitaldeasturias.com\/noticias\/wp-json\/wp\/v2\/posts\/457264","targetHints":{"allow":["GET"]}}],"collection":[{"href":"https:\/\/www.eldigitaldeasturias.com\/noticias\/wp-json\/wp\/v2\/posts"}],"about":[{"href":"https:\/\/www.eldigitaldeasturias.com\/noticias\/wp-json\/wp\/v2\/types\/post"}],"author":[{"embeddable":true,"href":"https:\/\/www.eldigitaldeasturias.com\/noticias\/wp-json\/wp\/v2\/users\/1"}],"replies":[{"embeddable":true,"href":"https:\/\/www.eldigitaldeasturias.com\/noticias\/wp-json\/wp\/v2\/comments?post=457264"}],"version-history":[{"count":0,"href":"https:\/\/www.eldigitaldeasturias.com\/noticias\/wp-json\/wp\/v2\/posts\/457264\/revisions"}],"wp:attachment":[{"href":"https:\/\/www.eldigitaldeasturias.com\/noticias\/wp-json\/wp\/v2\/media?parent=457264"}],"wp:term":[{"taxonomy":"category","embeddable":true,"href":"https:\/\/www.eldigitaldeasturias.com\/noticias\/wp-json\/wp\/v2\/categories?post=457264"},{"taxonomy":"post_tag","embeddable":true,"href":"https:\/\/www.eldigitaldeasturias.com\/noticias\/wp-json\/wp\/v2\/tags?post=457264"}],"curies":[{"name":"wp","href":"https:\/\/api.w.org\/{rel}","templated":true}]}}