{"id":457261,"date":"2013-12-03T18:19:01","date_gmt":"2013-12-03T19:19:01","guid":{"rendered":"http:\/\/www.eldigitaldeasturias.com\/noticias\/?p=457261"},"modified":"2013-12-03T18:19:01","modified_gmt":"2013-12-03T19:19:01","slug":"la-agencia-tributaria-dice-que-trata-a-todos-los-contribuyentes-con-igualdad","status":"publish","type":"post","link":"https:\/\/www.eldigitaldeasturias.com\/noticias\/la-agencia-tributaria-dice-que-trata-a-todos-los-contribuyentes-con-igualdad\/","title":{"rendered":"La Agencia Tributaria dice que trata a todos los contribuyentes con igualdad"},"content":{"rendered":"<p><img loading=\"lazy\" decoding=\"async\" class=\"alignleft size-medium wp-image-457262\" alt=\"5768835w\" src=\"https:\/\/www.eldigitaldeasturias.com\/noticias\/wp-content\/uploads\/2013\/12\/5768835w-213x320.jpg\" width=\"213\" height=\"320\" \/>Madrid, 3 dic (EFE).- El director de la Agencia Tributaria (AEAT), Santiago Men\u00e9ndez, ha afirmado hoy, sobre la controversia en torno a la situaci\u00f3n fiscal de la infanta Cristina en el marco del caso N\u00f3os, que Hacienda trata a todos los contribuyentes con \u00abgeneralidad e igualdad\u00bb.<\/p>\n<p>Tras intervenir en una jornada sobre fiscalidad internacional organizada por Deloitte, Men\u00e9ndez ha incidido en que la AEAT no habla de contribuyentes concretos por \u00abprudencia y sentido com\u00fan\u00bb.<\/p>\n<p>Anteriormente, durante su exposici\u00f3n, Men\u00e9ndez ha destacado que la Agencia Tributaria cuenta con un personal \u00abmuy bueno\u00bb, que trabaja de forma ejemplar y del que se siente \u00abmuy orgulloso\u00bb.<\/p>\n<p>Adem\u00e1s, Men\u00e9ndez ha abogado por aportar seguridad operativa para intentar \u00ablimar\u00bb discrepancias de criterio en el cumplimiento de las normas y evitar disconformidades en las liquidaciones.<\/p>\n<p>A su juicio, con ello se evitar\u00edan pleitos prolongados en el tiempo \u00abque con car\u00e1cter general suele ganar la Agencia Tributaria\u00bb.<\/p>\n<p>El director de la AEAT ha recalcado que los ciudadanos quieren que las reglas sean claras y ha a\u00f1adido que en este sentido van encaminados los esfuerzos de Hacienda.<\/p>\n<p>Tambi\u00e9n ha defendido el incremento del intercambio de informaci\u00f3n fiscal entre pa\u00edses y el uso de un n\u00famero de identificaci\u00f3n de contribuyentes a nivel europeo.<\/p>\n<p>Men\u00e9ndez ha se\u00f1alado que es un firme defensor de las actas con acuerdo como instrumento \u00fatil para solucionar situaciones de conflicto que podr\u00edan acabar con liquidaciones \u00abexacerbadas\u00bb y discusiones prolongadas que perjudican a la AEAT y a los contribuyentes.<\/p>\n<p>Asimismo, en la jornada ha intervenido el jefe de la Oficina Nacional de Fiscalidad Internacional (ONIF), N\u00e9stor Carmona, quien ha asegurado que este organismo, creado el 1 de abril de este a\u00f1o, ya desempe\u00f1a un \u00abbuen\u00bb n\u00famero de actuaciones y cumple \u00abm\u00e1s que razonablemente\u00bb con las expectativas.<\/p>\n","protected":false},"excerpt":{"rendered":"<p>Madrid, 3 dic (EFE).- El director de la Agencia Tributaria (AEAT), Santiago Men\u00e9ndez, ha afirmado hoy, sobre la controversia en torno a la situaci\u00f3n fiscal de la infanta Cristina en el marco del caso N\u00f3os, que Hacienda trata a todos los contribuyentes con \u00abgeneralidad e igualdad\u00bb. Tras intervenir en una jornada sobre fiscalidad internacional organizada [&hellip;]<\/p>\n","protected":false},"author":1,"featured_media":457262,"comment_status":"closed","ping_status":"open","sticky":false,"template":"","format":"standard","meta":{"footnotes":""},"categories":[5],"tags":[],"class_list":["post-457261","post","type-post","status-publish","format-standard","has-post-thumbnail","hentry","category-sucesos"],"aioseo_notices":[],"aioseo_head":"\n\t\t<!-- All in One SEO Pro 5.0.1 - aioseo.com -->\n\t<meta name=\"description\" content=\"Madrid, 3 dic (EFE).- El director de la Agencia Tributaria (AEAT), Santiago Men\u00e9ndez, ha afirmado hoy, sobre la controversia en torno a la situaci\u00f3n fiscal de la infanta Cristina en el marco del caso N\u00f3os, que Hacienda trata a todos los contribuyentes con &quot;generalidad e igualdad&quot;. Tras intervenir en una jornada sobre fiscalidad internacional organizada\" \/>\n\t<meta name=\"robots\" content=\"max-image-preview:large\" \/>\n\t<meta name=\"author\" content=\"El Digital de Asturias\"\/>\n\t<meta name=\"google-site-verification\" content=\"UA-38556648-1\" \/>\n\t<meta name=\"msvalidate.01\" content=\"7dfe9f3f1b24437ab69f4f2559babe99\" \/>\n\t<meta name=\"keywords\" content=\"sucesos\" \/>\n\t<link rel=\"canonical\" href=\"https:\/\/www.eldigitaldeasturias.com\/noticias\/la-agencia-tributaria-dice-que-trata-a-todos-los-contribuyentes-con-igualdad\/\" \/>\n\t<meta name=\"generator\" content=\"All in One SEO Pro (AIOSEO) 5.0.1\" \/>\n\t\t<meta property=\"og:locale\" content=\"es_ES\" \/>\n\t\t<meta property=\"og:site_name\" content=\"El Digital de Asturias\" \/>\n\t\t<meta property=\"og:type\" content=\"article\" \/>\n\t\t<meta property=\"og:title\" content=\"La Agencia Tributaria dice que trata a todos los contribuyentes con igualdad - El Digital de Asturias\" \/>\n\t\t<meta property=\"og:description\" content=\"Madrid, 3 dic (EFE).- El director de la Agencia Tributaria (AEAT), Santiago Men\u00e9ndez, ha afirmado hoy, sobre la controversia en torno a la situaci\u00f3n fiscal de la infanta Cristina en el marco del caso N\u00f3os, que Hacienda trata a todos los contribuyentes con &quot;generalidad e igualdad&quot;. Tras intervenir en una jornada sobre fiscalidad internacional organizada\" \/>\n\t\t<meta property=\"og:url\" content=\"https:\/\/www.eldigitaldeasturias.com\/noticias\/la-agencia-tributaria-dice-que-trata-a-todos-los-contribuyentes-con-igualdad\/\" \/>\n\t\t<meta property=\"article:tag\" content=\"sucesos\" \/>\n\t\t<meta property=\"article:published_time\" content=\"2013-12-03T19:19:01+00:00\" \/>\n\t\t<meta property=\"article:modified_time\" content=\"2013-12-03T19:19:01+00:00\" \/>\n\t\t<meta property=\"article:publisher\" content=\"https:\/\/facebook.com\/eldigitaldeasturias\" \/>\n\t\t<meta name=\"twitter:card\" content=\"summary_large_image\" \/>\n\t\t<meta name=\"twitter:title\" content=\"La Agencia Tributaria dice que trata a todos los contribuyentes con igualdad - El Digital de Asturias\" \/>\n\t\t<meta name=\"twitter:description\" content=\"Madrid, 3 dic (EFE).- El director de la Agencia Tributaria (AEAT), Santiago Men\u00e9ndez, ha afirmado hoy, sobre la controversia en torno a la situaci\u00f3n fiscal de la infanta Cristina en el marco del caso N\u00f3os, que Hacienda trata a todos los contribuyentes con &quot;generalidad e igualdad&quot;. Tras intervenir en una jornada sobre fiscalidad internacional organizada\" \/>\n\t\t<meta name=\"twitter:label1\" content=\"Escrito por\" \/>\n\t\t<meta name=\"twitter:data1\" content=\"El Digital de Asturias\" \/>\n\t\t<meta name=\"twitter:label2\" content=\"Tiempo de lectura estimado\" \/>\n\t\t<meta name=\"twitter:data2\" content=\"2 minutos\" \/>\n\t\t<script type=\"application\/ld+json\" class=\"aioseo-schema\">\n\t\t\t{\"@context\":\"https:\\\/\\\/schema.org\",\"@graph\":[{\"@type\":\"BlogPosting\",\"@id\":\"https:\\\/\\\/www.eldigitaldeasturias.com\\\/noticias\\\/la-agencia-tributaria-dice-que-trata-a-todos-los-contribuyentes-con-igualdad\\\/#blogposting\",\"name\":\"La Agencia Tributaria dice que trata a todos los contribuyentes con igualdad - El Digital de Asturias\",\"headline\":\"La Agencia Tributaria dice que trata a todos los contribuyentes con igualdad\",\"author\":{\"@id\":\"https:\\\/\\\/www.eldigitaldeasturias.com\\\/noticias\\\/author\\\/admin\\\/#author\"},\"publisher\":{\"@id\":\"https:\\\/\\\/www.eldigitaldeasturias.com\\\/noticias\\\/#organization\"},\"image\":{\"@type\":\"ImageObject\",\"url\":457262},\"datePublished\":\"2013-12-03T18:19:01+01:00\",\"dateModified\":\"2013-12-03T18:19:01+01:00\",\"inLanguage\":\"es-ES\",\"mainEntityOfPage\":{\"@id\":\"https:\\\/\\\/www.eldigitaldeasturias.com\\\/noticias\\\/la-agencia-tributaria-dice-que-trata-a-todos-los-contribuyentes-con-igualdad\\\/#webpage\"},\"isPartOf\":{\"@id\":\"https:\\\/\\\/www.eldigitaldeasturias.com\\\/noticias\\\/la-agencia-tributaria-dice-que-trata-a-todos-los-contribuyentes-con-igualdad\\\/#webpage\"},\"articleSection\":\"Sucesos\"},{\"@type\":\"BreadcrumbList\",\"@id\":\"https:\\\/\\\/www.eldigitaldeasturias.com\\\/noticias\\\/la-agencia-tributaria-dice-que-trata-a-todos-los-contribuyentes-con-igualdad\\\/#breadcrumblist\",\"itemListElement\":[{\"@type\":\"ListItem\",\"@id\":\"https:\\\/\\\/www.eldigitaldeasturias.com\\\/noticias#listItem\",\"position\":1,\"name\":\"Home\",\"item\":\"https:\\\/\\\/www.eldigitaldeasturias.com\\\/noticias\",\"nextItem\":{\"@type\":\"ListItem\",\"@id\":\"https:\\\/\\\/www.eldigitaldeasturias.com\\\/noticias\\\/category\\\/sucesos\\\/#listItem\",\"name\":\"Sucesos\"}},{\"@type\":\"ListItem\",\"@id\":\"https:\\\/\\\/www.eldigitaldeasturias.com\\\/noticias\\\/category\\\/sucesos\\\/#listItem\",\"position\":2,\"name\":\"Sucesos\",\"item\":\"https:\\\/\\\/www.eldigitaldeasturias.com\\\/noticias\\\/category\\\/sucesos\\\/\",\"nextItem\":{\"@type\":\"ListItem\",\"@id\":\"https:\\\/\\\/www.eldigitaldeasturias.com\\\/noticias\\\/la-agencia-tributaria-dice-que-trata-a-todos-los-contribuyentes-con-igualdad\\\/#listItem\",\"name\":\"La Agencia Tributaria dice que trata a todos los contribuyentes con igualdad\"},\"previousItem\":{\"@type\":\"ListItem\",\"@id\":\"https:\\\/\\\/www.eldigitaldeasturias.com\\\/noticias#listItem\",\"name\":\"Home\"}},{\"@type\":\"ListItem\",\"@id\":\"https:\\\/\\\/www.eldigitaldeasturias.com\\\/noticias\\\/la-agencia-tributaria-dice-que-trata-a-todos-los-contribuyentes-con-igualdad\\\/#listItem\",\"position\":3,\"name\":\"La Agencia Tributaria dice que trata a todos los contribuyentes con igualdad\",\"previousItem\":{\"@type\":\"ListItem\",\"@id\":\"https:\\\/\\\/www.eldigitaldeasturias.com\\\/noticias\\\/category\\\/sucesos\\\/#listItem\",\"name\":\"Sucesos\"}}]},{\"@type\":\"Organization\",\"@id\":\"https:\\\/\\\/www.eldigitaldeasturias.com\\\/noticias\\\/#organization\",\"name\":\"El Digital de Asturias\",\"description\":\"Hemeroteca\",\"url\":\"https:\\\/\\\/www.eldigitaldeasturias.com\\\/noticias\\\/\",\"email\":\"info@eldigitaldeasturias.com\",\"telephone\":\"+34652131393\",\"logo\":{\"@type\":\"ImageObject\",\"url\":\"https:\\\/\\\/www.eldigitaldeasturias.com\\\/noticias\\\/wp-content\\\/uploads\\\/2020\\\/12\\\/EDA.jpg\",\"@id\":\"https:\\\/\\\/www.eldigitaldeasturias.com\\\/noticias\\\/la-agencia-tributaria-dice-que-trata-a-todos-los-contribuyentes-con-igualdad\\\/#organizationLogo\"},\"image\":{\"@id\":\"https:\\\/\\\/www.eldigitaldeasturias.com\\\/noticias\\\/la-agencia-tributaria-dice-que-trata-a-todos-los-contribuyentes-con-igualdad\\\/#organizationLogo\"},\"sameAs\":[\"https:\\\/\\\/facebook.com\\\/eldigitaldeasturias\",\"https:\\\/\\\/www.youtube.com\\\/channel\\\/UCZP-2wLEB9Rv6erhFmqVnvg\"],\"address\":{\"@id\":\"https:\\\/\\\/www.eldigitaldeasturias.com\\\/noticias\\\/#postaladdress\",\"@type\":\"PostalAddress\",\"streetAddress\":\"san antonio 4\",\"postalCode\":\"33430\",\"addressLocality\":\"Cand\\u00e1s\",\"addressRegion\":\"Asturias\",\"addressCountry\":\"ES\"}},{\"@type\":\"Person\",\"@id\":\"https:\\\/\\\/www.eldigitaldeasturias.com\\\/noticias\\\/author\\\/admin\\\/#author\",\"url\":\"https:\\\/\\\/www.eldigitaldeasturias.com\\\/noticias\\\/author\\\/admin\\\/\",\"name\":\"El Digital de Asturias\",\"image\":{\"@type\":\"ImageObject\",\"@id\":\"https:\\\/\\\/www.eldigitaldeasturias.com\\\/noticias\\\/la-agencia-tributaria-dice-que-trata-a-todos-los-contribuyentes-con-igualdad\\\/#authorImage\",\"url\":\"https:\\\/\\\/secure.gravatar.com\\\/avatar\\\/df2aeffc32bcd13f8d26072ef8a91b623d677766deac7f97ca815868cd41bf5e?s=96&d=mm&r=g\",\"width\":96,\"height\":96,\"caption\":\"El Digital de Asturias\"}},{\"@type\":\"WebPage\",\"@id\":\"https:\\\/\\\/www.eldigitaldeasturias.com\\\/noticias\\\/la-agencia-tributaria-dice-que-trata-a-todos-los-contribuyentes-con-igualdad\\\/#webpage\",\"url\":\"https:\\\/\\\/www.eldigitaldeasturias.com\\\/noticias\\\/la-agencia-tributaria-dice-que-trata-a-todos-los-contribuyentes-con-igualdad\\\/\",\"name\":\"La Agencia Tributaria dice que trata a todos los contribuyentes con igualdad - El Digital de Asturias\",\"description\":\"Madrid, 3 dic (EFE).- El director de la Agencia Tributaria (AEAT), Santiago Men\\u00e9ndez, ha afirmado hoy, sobre la controversia en torno a la situaci\\u00f3n fiscal de la infanta Cristina en el marco del caso N\\u00f3os, que Hacienda trata a todos los contribuyentes con \\\"generalidad e igualdad\\\". Tras intervenir en una jornada sobre fiscalidad internacional organizada\",\"inLanguage\":\"es-ES\",\"isPartOf\":{\"@id\":\"https:\\\/\\\/www.eldigitaldeasturias.com\\\/noticias\\\/#website\"},\"breadcrumb\":{\"@id\":\"https:\\\/\\\/www.eldigitaldeasturias.com\\\/noticias\\\/la-agencia-tributaria-dice-que-trata-a-todos-los-contribuyentes-con-igualdad\\\/#breadcrumblist\"},\"author\":{\"@id\":\"https:\\\/\\\/www.eldigitaldeasturias.com\\\/noticias\\\/author\\\/admin\\\/#author\"},\"creator\":{\"@id\":\"https:\\\/\\\/www.eldigitaldeasturias.com\\\/noticias\\\/author\\\/admin\\\/#author\"},\"image\":{\"@type\":\"ImageObject\",\"url\":457262,\"@id\":\"https:\\\/\\\/www.eldigitaldeasturias.com\\\/noticias\\\/la-agencia-tributaria-dice-que-trata-a-todos-los-contribuyentes-con-igualdad\\\/#mainImage\"},\"primaryImageOfPage\":{\"@id\":\"https:\\\/\\\/www.eldigitaldeasturias.com\\\/noticias\\\/la-agencia-tributaria-dice-que-trata-a-todos-los-contribuyentes-con-igualdad\\\/#mainImage\"},\"datePublished\":\"2013-12-03T18:19:01+01:00\",\"dateModified\":\"2013-12-03T18:19:01+01:00\"},{\"@type\":\"WebSite\",\"@id\":\"https:\\\/\\\/www.eldigitaldeasturias.com\\\/noticias\\\/#website\",\"url\":\"https:\\\/\\\/www.eldigitaldeasturias.com\\\/noticias\\\/\",\"name\":\"El Digital de Asturias - Diario de actualidad y noticias\",\"alternateName\":\"El Digital de Asturias - Diario de actualidad y noticias\",\"description\":\"Hemeroteca\",\"inLanguage\":\"es-ES\",\"publisher\":{\"@id\":\"https:\\\/\\\/www.eldigitaldeasturias.com\\\/noticias\\\/#organization\"}}]}\n\t\t<\/script>\n\t\t<!-- All in One SEO Pro -->\r\n\t\t<title>La Agencia Tributaria dice que trata a todos los contribuyentes con igualdad - El Digital de Asturias<\/title>\n\n","aioseo_head_json":{"title":"La Agencia Tributaria dice que trata a todos los contribuyentes con igualdad - El Digital de Asturias","description":"Madrid, 3 dic (EFE).- El director de la Agencia Tributaria (AEAT), Santiago Men\u00e9ndez, ha afirmado hoy, sobre la controversia en torno a la situaci\u00f3n fiscal de la infanta Cristina en el marco del caso N\u00f3os, que Hacienda trata a todos los contribuyentes con \"generalidad e igualdad\". Tras intervenir en una jornada sobre fiscalidad internacional organizada","canonical_url":"https:\/\/www.eldigitaldeasturias.com\/noticias\/la-agencia-tributaria-dice-que-trata-a-todos-los-contribuyentes-con-igualdad\/","robots":"max-image-preview:large","keywords":"sucesos","webmasterTools":{"google-site-verification":"UA-38556648-1","msvalidate.01":"7dfe9f3f1b24437ab69f4f2559babe99","miscellaneous":""},"schema":{"@context":"https:\/\/schema.org","@graph":[{"@type":"BlogPosting","@id":"https:\/\/www.eldigitaldeasturias.com\/noticias\/la-agencia-tributaria-dice-que-trata-a-todos-los-contribuyentes-con-igualdad\/#blogposting","name":"La Agencia Tributaria dice que trata a todos los contribuyentes con igualdad - El Digital de Asturias","headline":"La Agencia Tributaria dice que trata a todos los contribuyentes con igualdad","author":{"@id":"https:\/\/www.eldigitaldeasturias.com\/noticias\/author\/admin\/#author"},"publisher":{"@id":"https:\/\/www.eldigitaldeasturias.com\/noticias\/#organization"},"image":{"@type":"ImageObject","url":457262},"datePublished":"2013-12-03T18:19:01+01:00","dateModified":"2013-12-03T18:19:01+01:00","inLanguage":"es-ES","mainEntityOfPage":{"@id":"https:\/\/www.eldigitaldeasturias.com\/noticias\/la-agencia-tributaria-dice-que-trata-a-todos-los-contribuyentes-con-igualdad\/#webpage"},"isPartOf":{"@id":"https:\/\/www.eldigitaldeasturias.com\/noticias\/la-agencia-tributaria-dice-que-trata-a-todos-los-contribuyentes-con-igualdad\/#webpage"},"articleSection":"Sucesos"},{"@type":"BreadcrumbList","@id":"https:\/\/www.eldigitaldeasturias.com\/noticias\/la-agencia-tributaria-dice-que-trata-a-todos-los-contribuyentes-con-igualdad\/#breadcrumblist","itemListElement":[{"@type":"ListItem","@id":"https:\/\/www.eldigitaldeasturias.com\/noticias#listItem","position":1,"name":"Home","item":"https:\/\/www.eldigitaldeasturias.com\/noticias","nextItem":{"@type":"ListItem","@id":"https:\/\/www.eldigitaldeasturias.com\/noticias\/category\/sucesos\/#listItem","name":"Sucesos"}},{"@type":"ListItem","@id":"https:\/\/www.eldigitaldeasturias.com\/noticias\/category\/sucesos\/#listItem","position":2,"name":"Sucesos","item":"https:\/\/www.eldigitaldeasturias.com\/noticias\/category\/sucesos\/","nextItem":{"@type":"ListItem","@id":"https:\/\/www.eldigitaldeasturias.com\/noticias\/la-agencia-tributaria-dice-que-trata-a-todos-los-contribuyentes-con-igualdad\/#listItem","name":"La Agencia Tributaria dice que trata a todos los contribuyentes con igualdad"},"previousItem":{"@type":"ListItem","@id":"https:\/\/www.eldigitaldeasturias.com\/noticias#listItem","name":"Home"}},{"@type":"ListItem","@id":"https:\/\/www.eldigitaldeasturias.com\/noticias\/la-agencia-tributaria-dice-que-trata-a-todos-los-contribuyentes-con-igualdad\/#listItem","position":3,"name":"La Agencia Tributaria dice que trata a todos los contribuyentes con igualdad","previousItem":{"@type":"ListItem","@id":"https:\/\/www.eldigitaldeasturias.com\/noticias\/category\/sucesos\/#listItem","name":"Sucesos"}}]},{"@type":"Organization","@id":"https:\/\/www.eldigitaldeasturias.com\/noticias\/#organization","name":"El Digital de Asturias","description":"Hemeroteca","url":"https:\/\/www.eldigitaldeasturias.com\/noticias\/","email":"info@eldigitaldeasturias.com","telephone":"+34652131393","logo":{"@type":"ImageObject","url":"https:\/\/www.eldigitaldeasturias.com\/noticias\/wp-content\/uploads\/2020\/12\/EDA.jpg","@id":"https:\/\/www.eldigitaldeasturias.com\/noticias\/la-agencia-tributaria-dice-que-trata-a-todos-los-contribuyentes-con-igualdad\/#organizationLogo"},"image":{"@id":"https:\/\/www.eldigitaldeasturias.com\/noticias\/la-agencia-tributaria-dice-que-trata-a-todos-los-contribuyentes-con-igualdad\/#organizationLogo"},"sameAs":["https:\/\/facebook.com\/eldigitaldeasturias","https:\/\/www.youtube.com\/channel\/UCZP-2wLEB9Rv6erhFmqVnvg"],"address":{"@id":"https:\/\/www.eldigitaldeasturias.com\/noticias\/#postaladdress","@type":"PostalAddress","streetAddress":"san antonio 4","postalCode":"33430","addressLocality":"Cand\u00e1s","addressRegion":"Asturias","addressCountry":"ES"}},{"@type":"Person","@id":"https:\/\/www.eldigitaldeasturias.com\/noticias\/author\/admin\/#author","url":"https:\/\/www.eldigitaldeasturias.com\/noticias\/author\/admin\/","name":"El Digital de Asturias","image":{"@type":"ImageObject","@id":"https:\/\/www.eldigitaldeasturias.com\/noticias\/la-agencia-tributaria-dice-que-trata-a-todos-los-contribuyentes-con-igualdad\/#authorImage","url":"https:\/\/secure.gravatar.com\/avatar\/df2aeffc32bcd13f8d26072ef8a91b623d677766deac7f97ca815868cd41bf5e?s=96&d=mm&r=g","width":96,"height":96,"caption":"El Digital de Asturias"}},{"@type":"WebPage","@id":"https:\/\/www.eldigitaldeasturias.com\/noticias\/la-agencia-tributaria-dice-que-trata-a-todos-los-contribuyentes-con-igualdad\/#webpage","url":"https:\/\/www.eldigitaldeasturias.com\/noticias\/la-agencia-tributaria-dice-que-trata-a-todos-los-contribuyentes-con-igualdad\/","name":"La Agencia Tributaria dice que trata a todos los contribuyentes con igualdad - El Digital de Asturias","description":"Madrid, 3 dic (EFE).- El director de la Agencia Tributaria (AEAT), Santiago Men\u00e9ndez, ha afirmado hoy, sobre la controversia en torno a la situaci\u00f3n fiscal de la infanta Cristina en el marco del caso N\u00f3os, que Hacienda trata a todos los contribuyentes con \"generalidad e igualdad\". Tras intervenir en una jornada sobre fiscalidad internacional organizada","inLanguage":"es-ES","isPartOf":{"@id":"https:\/\/www.eldigitaldeasturias.com\/noticias\/#website"},"breadcrumb":{"@id":"https:\/\/www.eldigitaldeasturias.com\/noticias\/la-agencia-tributaria-dice-que-trata-a-todos-los-contribuyentes-con-igualdad\/#breadcrumblist"},"author":{"@id":"https:\/\/www.eldigitaldeasturias.com\/noticias\/author\/admin\/#author"},"creator":{"@id":"https:\/\/www.eldigitaldeasturias.com\/noticias\/author\/admin\/#author"},"image":{"@type":"ImageObject","url":457262,"@id":"https:\/\/www.eldigitaldeasturias.com\/noticias\/la-agencia-tributaria-dice-que-trata-a-todos-los-contribuyentes-con-igualdad\/#mainImage"},"primaryImageOfPage":{"@id":"https:\/\/www.eldigitaldeasturias.com\/noticias\/la-agencia-tributaria-dice-que-trata-a-todos-los-contribuyentes-con-igualdad\/#mainImage"},"datePublished":"2013-12-03T18:19:01+01:00","dateModified":"2013-12-03T18:19:01+01:00"},{"@type":"WebSite","@id":"https:\/\/www.eldigitaldeasturias.com\/noticias\/#website","url":"https:\/\/www.eldigitaldeasturias.com\/noticias\/","name":"El Digital de Asturias - Diario de actualidad y noticias","alternateName":"El Digital de Asturias - Diario de actualidad y noticias","description":"Hemeroteca","inLanguage":"es-ES","publisher":{"@id":"https:\/\/www.eldigitaldeasturias.com\/noticias\/#organization"}}]},"og:locale":"es_ES","og:site_name":"El Digital de Asturias","og:type":"article","og:title":"La Agencia Tributaria dice que trata a todos los contribuyentes con igualdad - El Digital de Asturias","og:description":"Madrid, 3 dic (EFE).- El director de la Agencia Tributaria (AEAT), Santiago Men\u00e9ndez, ha afirmado hoy, sobre la controversia en torno a la situaci\u00f3n fiscal de la infanta Cristina en el marco del caso N\u00f3os, que Hacienda trata a todos los contribuyentes con &quot;generalidad e igualdad&quot;. Tras intervenir en una jornada sobre fiscalidad internacional organizada","og:url":"https:\/\/www.eldigitaldeasturias.com\/noticias\/la-agencia-tributaria-dice-que-trata-a-todos-los-contribuyentes-con-igualdad\/","article:tag":["sucesos"],"article:published_time":"2013-12-03T19:19:01+00:00","article:modified_time":"2013-12-03T19:19:01+00:00","article:publisher":"https:\/\/facebook.com\/eldigitaldeasturias","twitter:card":"summary_large_image","twitter:title":"La Agencia Tributaria dice que trata a todos los contribuyentes con igualdad - El Digital de Asturias","twitter:description":"Madrid, 3 dic (EFE).- El director de la Agencia Tributaria (AEAT), Santiago Men\u00e9ndez, ha afirmado hoy, sobre la controversia en torno a la situaci\u00f3n fiscal de la infanta Cristina en el marco del caso N\u00f3os, que Hacienda trata a todos los contribuyentes con &quot;generalidad e igualdad&quot;. Tras intervenir en una jornada sobre fiscalidad internacional organizada","twitter:label1":"Escrito por","twitter:data1":"El Digital de Asturias","twitter:label2":"Tiempo de lectura estimado","twitter:data2":"2 minutos"},"aioseo_meta_data":{"post_id":"457261","title":null,"description":null,"keywords":null,"keyphrases":null,"primary_term":null,"canonical_url":null,"og_title":null,"og_description":null,"og_object_type":"default","og_image_type":"default","og_image_url":null,"og_image_width":null,"og_image_height":null,"og_image_custom_url":null,"og_image_custom_fields":null,"og_video":null,"og_custom_url":null,"og_article_section":null,"og_article_tags":null,"twitter_use_og":true,"twitter_card":"default","twitter_image_type":"default","twitter_image_url":null,"twitter_image_custom_url":null,"twitter_image_custom_fields":null,"twitter_title":null,"twitter_description":null,"schema":{"blockGraphs":[],"customGraphs":[],"default":{"data":{"Article":[],"Course":[],"Dataset":[],"FAQPage":[],"Movie":[],"Person":[],"Product":[],"ProductReview":[],"Car":[],"Recipe":[],"Service":[],"SoftwareApplication":[],"WebPage":[]},"graphName":"","isEnabled":true},"graphs":[],"defaultGraph":"","defaultPostTypeGraph":""},"schema_type":null,"schema_type_options":null,"pillar_content":false,"robots_default":true,"robots_noindex":false,"robots_noarchive":false,"robots_nosnippet":false,"robots_nofollow":false,"robots_noimageindex":false,"robots_noodp":false,"robots_notranslate":false,"robots_max_snippet":null,"robots_max_videopreview":null,"robots_max_imagepreview":"none","priority":null,"frequency":null,"local_seo":null,"seo_analyzer_scan_date":"2026-05-30 00:52:04","breadcrumb_settings":null,"limit_modified_date":false,"open_ai":null,"ai":null,"created":"2020-11-14 22:46:06","updated":"2026-05-30 00:52:04","focus_keyword":null,"additional_keywords":null,"truseo_locale":null},"aioseo_breadcrumb":"<div class=\"aioseo-breadcrumbs\"><span class=\"aioseo-breadcrumb\">\n\t<a href=\"https:\/\/www.eldigitaldeasturias.com\/noticias\" title=\"Home\">Home<\/a>\n<\/span><span class=\"aioseo-breadcrumb-separator\">\u2013<\/span><span class=\"aioseo-breadcrumb\">\n\t<a href=\"https:\/\/www.eldigitaldeasturias.com\/noticias\/category\/sucesos\/\" title=\"Sucesos\">Sucesos<\/a>\n<\/span><span class=\"aioseo-breadcrumb-separator\">\u2013<\/span><span class=\"aioseo-breadcrumb\">\n\t<a href=\"https:\/\/www.eldigitaldeasturias.com\/noticias\/la-agencia-tributaria-dice-que-trata-a-todos-los-contribuyentes-con-igualdad\/\" title=\"La Agencia Tributaria dice que trata a todos los contribuyentes con igualdad\">La Agencia Tributaria dice que trata a todos los contribuyentes con igualdad<\/a>\n<\/span><\/div>","aioseo_breadcrumb_json":[{"label":"Home","link":"https:\/\/www.eldigitaldeasturias.com\/noticias"},{"label":"Sucesos","link":"https:\/\/www.eldigitaldeasturias.com\/noticias\/category\/sucesos\/"},{"label":"La Agencia Tributaria dice que trata a todos los contribuyentes con igualdad","link":"https:\/\/www.eldigitaldeasturias.com\/noticias\/la-agencia-tributaria-dice-que-trata-a-todos-los-contribuyentes-con-igualdad\/"}],"_links":{"self":[{"href":"https:\/\/www.eldigitaldeasturias.com\/noticias\/wp-json\/wp\/v2\/posts\/457261","targetHints":{"allow":["GET"]}}],"collection":[{"href":"https:\/\/www.eldigitaldeasturias.com\/noticias\/wp-json\/wp\/v2\/posts"}],"about":[{"href":"https:\/\/www.eldigitaldeasturias.com\/noticias\/wp-json\/wp\/v2\/types\/post"}],"author":[{"embeddable":true,"href":"https:\/\/www.eldigitaldeasturias.com\/noticias\/wp-json\/wp\/v2\/users\/1"}],"replies":[{"embeddable":true,"href":"https:\/\/www.eldigitaldeasturias.com\/noticias\/wp-json\/wp\/v2\/comments?post=457261"}],"version-history":[{"count":0,"href":"https:\/\/www.eldigitaldeasturias.com\/noticias\/wp-json\/wp\/v2\/posts\/457261\/revisions"}],"wp:attachment":[{"href":"https:\/\/www.eldigitaldeasturias.com\/noticias\/wp-json\/wp\/v2\/media?parent=457261"}],"wp:term":[{"taxonomy":"category","embeddable":true,"href":"https:\/\/www.eldigitaldeasturias.com\/noticias\/wp-json\/wp\/v2\/categories?post=457261"},{"taxonomy":"post_tag","embeddable":true,"href":"https:\/\/www.eldigitaldeasturias.com\/noticias\/wp-json\/wp\/v2\/tags?post=457261"}],"curies":[{"name":"wp","href":"https:\/\/api.w.org\/{rel}","templated":true}]}}