{"id":457255,"date":"2013-12-03T18:15:30","date_gmt":"2013-12-03T19:15:30","guid":{"rendered":"http:\/\/www.eldigitaldeasturias.com\/noticias\/?p=457255"},"modified":"2013-12-03T18:15:30","modified_gmt":"2013-12-03T19:15:30","slug":"un-diario-recibe-una-carta-con-amenazas-a-la-princesa-elisabeth-de-belgica","status":"publish","type":"post","link":"https:\/\/www.eldigitaldeasturias.com\/noticias\/un-diario-recibe-una-carta-con-amenazas-a-la-princesa-elisabeth-de-belgica\/","title":{"rendered":"Un diario recibe una carta con amenazas a la princesa Elisabeth de B\u00e9lgica"},"content":{"rendered":"<p><img loading=\"lazy\" decoding=\"async\" class=\"alignleft size-medium wp-image-457256\" alt=\"5768779w\" src=\"https:\/\/www.eldigitaldeasturias.com\/noticias\/wp-content\/uploads\/2013\/12\/5768779w-360x239.jpg\" width=\"360\" height=\"239\" \/>Bruselas, 3 dic (EFE).- La princesa Elisabeth, hija de los reyes Felipe y Matilde de B\u00e9lgica y heredera de la corona belga, ha sido amenazada de secuestro mediante una carta dirigida al diario \u00abLa Derni\u00e8re Heure\u00bb, confirm\u00f3 hoy a Efe un portavoz de la Casa Real belga.<\/p>\n<p>\u00abAyer por la ma\u00f1ana la redacci\u00f3n del diario La Derni\u00e8re Heure recibi\u00f3 un correo an\u00f3nimo en el que se profer\u00edan amenazas contra la seguridad de la princesa\u00bb, explic\u00f3 el portavoz, quien indic\u00f3 que el diario se puso inmediatamente en contacto con la Casa Real, que a su vez inform\u00f3 al rey Felipe y a la reina Matilde del suceso.<\/p>\n<p>La carta, dirigida al rey Felipe y escrita en franc\u00e9s y alem\u00e1n, lleg\u00f3 a la redacci\u00f3n de ese diario el lunes y en ella, adem\u00e1s de las amenazas a la primog\u00e9nita de los monarcas belgas, se culpa a los inmigrantes extranjeros de representar un coste de 30.000 millones de euros para este pa\u00eds, publica este medio.<\/p>\n<p>\u00abVoy a secuestrar a la princesa Elisabeth. No es una broma\u00bb, se\u00f1ala la misiva, que el diario entreg\u00f3 tambi\u00e9n a las autoridades policiales belgas, que han reforzado el dispositivo de seguridad en torno a la escuela a la que acude la ni\u00f1a, seg\u00fan el diario.<\/p>\n<p>Los \u00abservicios competentes de la Polic\u00eda est\u00e1n analizando el contenido del correo\u00bb, explic\u00f3 a Efe el mismo portavoz sobre una carta que lleg\u00f3 a la redacci\u00f3n del peri\u00f3dico en un sobre con sellos pero sin el timbre del servicio de correos.<\/p>\n<p>En la misiva hay referencias a sat\u00e1n y su autor emplea t\u00e9rminos utilizados por la ideolog\u00eda nazi, adem\u00e1s de utilizar en ella un logo \u00abque recuerda a la bandera nazi, con los mismos colores y gr\u00e1ficos\u00bb, se\u00f1ala \u00abLa Derni\u00e8re Heure\u00bb.<\/p>\n<p>Tras este incidente, el servicio de seguridad del Palacio Real belga trat\u00f3 la situaci\u00f3n \u00abde manera adecuada\u00bb, indic\u00f3 el portavoz, quien declin\u00f3 aportar m\u00e1s detalles sobre las medidas de seguridad tomadas para proteger a la princesa por tratarse de informaci\u00f3n confidencial.<\/p>\n<p>La princesa Elisabeth, duquesa de Brabante, tiene 12 a\u00f1os y se convirti\u00f3 en la heredera del trono belga el pasado 21 de julio, cuando su padre, el rey Felipe, asumi\u00f3 la jefatura del Estado belga tras la abdicaci\u00f3n de su abuelo, Alberto II, por motivos de edad y de salud.<\/p>\n<p>Seg\u00fan el diario \u00abLa Libre B\u00e9lgique\u00bb, los reyes Felipe y Matilde fueron informados de inmediato el lunes sobre las amenazas pero decidieron no modificar el programa de su visita de Estado a Luxemburgo prevista para ese d\u00eda.<\/p>\n<p>Felipe y Matilde de B\u00e9lgica son tambi\u00e9n padres de los pr\u00edncipes Gabriel, de 10 a\u00f1os, y Pierre Emmanuel, de 8, as\u00ed como de la princesa El\u00e9onore, de 5.<\/p>\n<p>Elisabeth de B\u00e9lgica estudia en un colegio del centro de Bruselas, al que tambi\u00e9n asistieron sus primos mayores, los hijos de los archiduques de Austria-Este, los pr\u00edncipes Lorenzo y Astrid.<\/p>\n","protected":false},"excerpt":{"rendered":"<p>Bruselas, 3 dic (EFE).- La princesa Elisabeth, hija de los reyes Felipe y Matilde de B\u00e9lgica y heredera de la corona belga, ha sido amenazada de secuestro mediante una carta dirigida al diario \u00abLa Derni\u00e8re Heure\u00bb, confirm\u00f3 hoy a Efe un portavoz de la Casa Real belga. \u00abAyer por la ma\u00f1ana la redacci\u00f3n del diario [&hellip;]<\/p>\n","protected":false},"author":1,"featured_media":457256,"comment_status":"closed","ping_status":"open","sticky":false,"template":"","format":"standard","meta":{"footnotes":""},"categories":[5],"tags":[],"class_list":["post-457255","post","type-post","status-publish","format-standard","has-post-thumbnail","hentry","category-sucesos"],"aioseo_notices":[],"aioseo_head":"\n\t\t<!-- All in One SEO Pro 5.0.1 - aioseo.com -->\n\t<meta name=\"description\" content=\"Bruselas, 3 dic (EFE).- La princesa Elisabeth, hija de los reyes Felipe y Matilde de B\u00e9lgica y heredera de la corona belga, ha sido amenazada de secuestro mediante una carta dirigida al diario &quot;La Derni\u00e8re Heure&quot;, confirm\u00f3 hoy a Efe un portavoz de la Casa Real belga. &quot;Ayer por la ma\u00f1ana la redacci\u00f3n del diario\" \/>\n\t<meta name=\"robots\" content=\"max-image-preview:large\" \/>\n\t<meta name=\"author\" content=\"El Digital de Asturias\"\/>\n\t<meta name=\"google-site-verification\" content=\"UA-38556648-1\" \/>\n\t<meta name=\"msvalidate.01\" content=\"7dfe9f3f1b24437ab69f4f2559babe99\" \/>\n\t<meta name=\"keywords\" content=\"sucesos\" \/>\n\t<link rel=\"canonical\" href=\"https:\/\/www.eldigitaldeasturias.com\/noticias\/un-diario-recibe-una-carta-con-amenazas-a-la-princesa-elisabeth-de-belgica\/\" \/>\n\t<meta name=\"generator\" content=\"All in One SEO Pro (AIOSEO) 5.0.1\" \/>\n\t\t<meta property=\"og:locale\" content=\"es_ES\" \/>\n\t\t<meta property=\"og:site_name\" content=\"El Digital de Asturias\" \/>\n\t\t<meta property=\"og:type\" content=\"article\" \/>\n\t\t<meta property=\"og:title\" content=\"Un diario recibe una carta con amenazas a la princesa Elisabeth de B\u00e9lgica - El Digital de Asturias\" \/>\n\t\t<meta property=\"og:description\" content=\"Bruselas, 3 dic (EFE).- La princesa Elisabeth, hija de los reyes Felipe y Matilde de B\u00e9lgica y heredera de la corona belga, ha sido amenazada de secuestro mediante una carta dirigida al diario &quot;La Derni\u00e8re Heure&quot;, confirm\u00f3 hoy a Efe un portavoz de la Casa Real belga. &quot;Ayer por la ma\u00f1ana la redacci\u00f3n del diario\" \/>\n\t\t<meta property=\"og:url\" content=\"https:\/\/www.eldigitaldeasturias.com\/noticias\/un-diario-recibe-una-carta-con-amenazas-a-la-princesa-elisabeth-de-belgica\/\" \/>\n\t\t<meta property=\"article:tag\" content=\"sucesos\" \/>\n\t\t<meta property=\"article:published_time\" content=\"2013-12-03T19:15:30+00:00\" \/>\n\t\t<meta property=\"article:modified_time\" content=\"2013-12-03T19:15:30+00:00\" \/>\n\t\t<meta property=\"article:publisher\" content=\"https:\/\/facebook.com\/eldigitaldeasturias\" \/>\n\t\t<meta name=\"twitter:card\" content=\"summary_large_image\" \/>\n\t\t<meta name=\"twitter:title\" content=\"Un diario recibe una carta con amenazas a la princesa Elisabeth de B\u00e9lgica - El Digital de Asturias\" \/>\n\t\t<meta name=\"twitter:description\" content=\"Bruselas, 3 dic (EFE).- La princesa Elisabeth, hija de los reyes Felipe y Matilde de B\u00e9lgica y heredera de la corona belga, ha sido amenazada de secuestro mediante una carta dirigida al diario &quot;La Derni\u00e8re Heure&quot;, confirm\u00f3 hoy a Efe un portavoz de la Casa Real belga. &quot;Ayer por la ma\u00f1ana la redacci\u00f3n del diario\" \/>\n\t\t<meta name=\"twitter:label1\" content=\"Escrito por\" \/>\n\t\t<meta name=\"twitter:data1\" content=\"El Digital de Asturias\" \/>\n\t\t<meta name=\"twitter:label2\" content=\"Tiempo de lectura estimado\" \/>\n\t\t<meta name=\"twitter:data2\" content=\"3 minutos\" \/>\n\t\t<script type=\"application\/ld+json\" class=\"aioseo-schema\">\n\t\t\t{\"@context\":\"https:\\\/\\\/schema.org\",\"@graph\":[{\"@type\":\"BlogPosting\",\"@id\":\"https:\\\/\\\/www.eldigitaldeasturias.com\\\/noticias\\\/un-diario-recibe-una-carta-con-amenazas-a-la-princesa-elisabeth-de-belgica\\\/#blogposting\",\"name\":\"Un diario recibe una carta con amenazas a la princesa Elisabeth de B\\u00e9lgica - El Digital de Asturias\",\"headline\":\"Un diario recibe una carta con amenazas a la princesa Elisabeth de B\\u00e9lgica\",\"author\":{\"@id\":\"https:\\\/\\\/www.eldigitaldeasturias.com\\\/noticias\\\/author\\\/admin\\\/#author\"},\"publisher\":{\"@id\":\"https:\\\/\\\/www.eldigitaldeasturias.com\\\/noticias\\\/#organization\"},\"image\":{\"@type\":\"ImageObject\",\"url\":457256},\"datePublished\":\"2013-12-03T18:15:30+01:00\",\"dateModified\":\"2013-12-03T18:15:30+01:00\",\"inLanguage\":\"es-ES\",\"mainEntityOfPage\":{\"@id\":\"https:\\\/\\\/www.eldigitaldeasturias.com\\\/noticias\\\/un-diario-recibe-una-carta-con-amenazas-a-la-princesa-elisabeth-de-belgica\\\/#webpage\"},\"isPartOf\":{\"@id\":\"https:\\\/\\\/www.eldigitaldeasturias.com\\\/noticias\\\/un-diario-recibe-una-carta-con-amenazas-a-la-princesa-elisabeth-de-belgica\\\/#webpage\"},\"articleSection\":\"Sucesos\"},{\"@type\":\"BreadcrumbList\",\"@id\":\"https:\\\/\\\/www.eldigitaldeasturias.com\\\/noticias\\\/un-diario-recibe-una-carta-con-amenazas-a-la-princesa-elisabeth-de-belgica\\\/#breadcrumblist\",\"itemListElement\":[{\"@type\":\"ListItem\",\"@id\":\"https:\\\/\\\/www.eldigitaldeasturias.com\\\/noticias#listItem\",\"position\":1,\"name\":\"Home\",\"item\":\"https:\\\/\\\/www.eldigitaldeasturias.com\\\/noticias\",\"nextItem\":{\"@type\":\"ListItem\",\"@id\":\"https:\\\/\\\/www.eldigitaldeasturias.com\\\/noticias\\\/category\\\/sucesos\\\/#listItem\",\"name\":\"Sucesos\"}},{\"@type\":\"ListItem\",\"@id\":\"https:\\\/\\\/www.eldigitaldeasturias.com\\\/noticias\\\/category\\\/sucesos\\\/#listItem\",\"position\":2,\"name\":\"Sucesos\",\"item\":\"https:\\\/\\\/www.eldigitaldeasturias.com\\\/noticias\\\/category\\\/sucesos\\\/\",\"nextItem\":{\"@type\":\"ListItem\",\"@id\":\"https:\\\/\\\/www.eldigitaldeasturias.com\\\/noticias\\\/un-diario-recibe-una-carta-con-amenazas-a-la-princesa-elisabeth-de-belgica\\\/#listItem\",\"name\":\"Un diario recibe una carta con amenazas a la princesa Elisabeth de B\\u00e9lgica\"},\"previousItem\":{\"@type\":\"ListItem\",\"@id\":\"https:\\\/\\\/www.eldigitaldeasturias.com\\\/noticias#listItem\",\"name\":\"Home\"}},{\"@type\":\"ListItem\",\"@id\":\"https:\\\/\\\/www.eldigitaldeasturias.com\\\/noticias\\\/un-diario-recibe-una-carta-con-amenazas-a-la-princesa-elisabeth-de-belgica\\\/#listItem\",\"position\":3,\"name\":\"Un diario recibe una carta con amenazas a la princesa Elisabeth de B\\u00e9lgica\",\"previousItem\":{\"@type\":\"ListItem\",\"@id\":\"https:\\\/\\\/www.eldigitaldeasturias.com\\\/noticias\\\/category\\\/sucesos\\\/#listItem\",\"name\":\"Sucesos\"}}]},{\"@type\":\"Organization\",\"@id\":\"https:\\\/\\\/www.eldigitaldeasturias.com\\\/noticias\\\/#organization\",\"name\":\"El Digital de Asturias\",\"description\":\"Hemeroteca\",\"url\":\"https:\\\/\\\/www.eldigitaldeasturias.com\\\/noticias\\\/\",\"email\":\"info@eldigitaldeasturias.com\",\"telephone\":\"+34652131393\",\"logo\":{\"@type\":\"ImageObject\",\"url\":\"https:\\\/\\\/www.eldigitaldeasturias.com\\\/noticias\\\/wp-content\\\/uploads\\\/2020\\\/12\\\/EDA.jpg\",\"@id\":\"https:\\\/\\\/www.eldigitaldeasturias.com\\\/noticias\\\/un-diario-recibe-una-carta-con-amenazas-a-la-princesa-elisabeth-de-belgica\\\/#organizationLogo\"},\"image\":{\"@id\":\"https:\\\/\\\/www.eldigitaldeasturias.com\\\/noticias\\\/un-diario-recibe-una-carta-con-amenazas-a-la-princesa-elisabeth-de-belgica\\\/#organizationLogo\"},\"sameAs\":[\"https:\\\/\\\/facebook.com\\\/eldigitaldeasturias\",\"https:\\\/\\\/www.youtube.com\\\/channel\\\/UCZP-2wLEB9Rv6erhFmqVnvg\"],\"address\":{\"@id\":\"https:\\\/\\\/www.eldigitaldeasturias.com\\\/noticias\\\/#postaladdress\",\"@type\":\"PostalAddress\",\"streetAddress\":\"san antonio 4\",\"postalCode\":\"33430\",\"addressLocality\":\"Cand\\u00e1s\",\"addressRegion\":\"Asturias\",\"addressCountry\":\"ES\"}},{\"@type\":\"Person\",\"@id\":\"https:\\\/\\\/www.eldigitaldeasturias.com\\\/noticias\\\/author\\\/admin\\\/#author\",\"url\":\"https:\\\/\\\/www.eldigitaldeasturias.com\\\/noticias\\\/author\\\/admin\\\/\",\"name\":\"El Digital de Asturias\",\"image\":{\"@type\":\"ImageObject\",\"@id\":\"https:\\\/\\\/www.eldigitaldeasturias.com\\\/noticias\\\/un-diario-recibe-una-carta-con-amenazas-a-la-princesa-elisabeth-de-belgica\\\/#authorImage\",\"url\":\"https:\\\/\\\/secure.gravatar.com\\\/avatar\\\/df2aeffc32bcd13f8d26072ef8a91b623d677766deac7f97ca815868cd41bf5e?s=96&d=mm&r=g\",\"width\":96,\"height\":96,\"caption\":\"El Digital de Asturias\"}},{\"@type\":\"WebPage\",\"@id\":\"https:\\\/\\\/www.eldigitaldeasturias.com\\\/noticias\\\/un-diario-recibe-una-carta-con-amenazas-a-la-princesa-elisabeth-de-belgica\\\/#webpage\",\"url\":\"https:\\\/\\\/www.eldigitaldeasturias.com\\\/noticias\\\/un-diario-recibe-una-carta-con-amenazas-a-la-princesa-elisabeth-de-belgica\\\/\",\"name\":\"Un diario recibe una carta con amenazas a la princesa Elisabeth de B\\u00e9lgica - El Digital de Asturias\",\"description\":\"Bruselas, 3 dic (EFE).- La princesa Elisabeth, hija de los reyes Felipe y Matilde de B\\u00e9lgica y heredera de la corona belga, ha sido amenazada de secuestro mediante una carta dirigida al diario \\\"La Derni\\u00e8re Heure\\\", confirm\\u00f3 hoy a Efe un portavoz de la Casa Real belga. \\\"Ayer por la ma\\u00f1ana la redacci\\u00f3n del diario\",\"inLanguage\":\"es-ES\",\"isPartOf\":{\"@id\":\"https:\\\/\\\/www.eldigitaldeasturias.com\\\/noticias\\\/#website\"},\"breadcrumb\":{\"@id\":\"https:\\\/\\\/www.eldigitaldeasturias.com\\\/noticias\\\/un-diario-recibe-una-carta-con-amenazas-a-la-princesa-elisabeth-de-belgica\\\/#breadcrumblist\"},\"author\":{\"@id\":\"https:\\\/\\\/www.eldigitaldeasturias.com\\\/noticias\\\/author\\\/admin\\\/#author\"},\"creator\":{\"@id\":\"https:\\\/\\\/www.eldigitaldeasturias.com\\\/noticias\\\/author\\\/admin\\\/#author\"},\"image\":{\"@type\":\"ImageObject\",\"url\":457256,\"@id\":\"https:\\\/\\\/www.eldigitaldeasturias.com\\\/noticias\\\/un-diario-recibe-una-carta-con-amenazas-a-la-princesa-elisabeth-de-belgica\\\/#mainImage\"},\"primaryImageOfPage\":{\"@id\":\"https:\\\/\\\/www.eldigitaldeasturias.com\\\/noticias\\\/un-diario-recibe-una-carta-con-amenazas-a-la-princesa-elisabeth-de-belgica\\\/#mainImage\"},\"datePublished\":\"2013-12-03T18:15:30+01:00\",\"dateModified\":\"2013-12-03T18:15:30+01:00\"},{\"@type\":\"WebSite\",\"@id\":\"https:\\\/\\\/www.eldigitaldeasturias.com\\\/noticias\\\/#website\",\"url\":\"https:\\\/\\\/www.eldigitaldeasturias.com\\\/noticias\\\/\",\"name\":\"El Digital de Asturias - Diario de actualidad y noticias\",\"alternateName\":\"El Digital de Asturias - Diario de actualidad y noticias\",\"description\":\"Hemeroteca\",\"inLanguage\":\"es-ES\",\"publisher\":{\"@id\":\"https:\\\/\\\/www.eldigitaldeasturias.com\\\/noticias\\\/#organization\"}}]}\n\t\t<\/script>\n\t\t<!-- All in One SEO Pro -->\r\n\t\t<title>Un diario recibe una carta con amenazas a la princesa Elisabeth de B\u00e9lgica - El Digital de Asturias<\/title>\n\n","aioseo_head_json":{"title":"Un diario recibe una carta con amenazas a la princesa Elisabeth de B\u00e9lgica - El Digital de Asturias","description":"Bruselas, 3 dic (EFE).- La princesa Elisabeth, hija de los reyes Felipe y Matilde de B\u00e9lgica y heredera de la corona belga, ha sido amenazada de secuestro mediante una carta dirigida al diario \"La Derni\u00e8re Heure\", confirm\u00f3 hoy a Efe un portavoz de la Casa Real belga. \"Ayer por la ma\u00f1ana la redacci\u00f3n del diario","canonical_url":"https:\/\/www.eldigitaldeasturias.com\/noticias\/un-diario-recibe-una-carta-con-amenazas-a-la-princesa-elisabeth-de-belgica\/","robots":"max-image-preview:large","keywords":"sucesos","webmasterTools":{"google-site-verification":"UA-38556648-1","msvalidate.01":"7dfe9f3f1b24437ab69f4f2559babe99","miscellaneous":""},"schema":{"@context":"https:\/\/schema.org","@graph":[{"@type":"BlogPosting","@id":"https:\/\/www.eldigitaldeasturias.com\/noticias\/un-diario-recibe-una-carta-con-amenazas-a-la-princesa-elisabeth-de-belgica\/#blogposting","name":"Un diario recibe una carta con amenazas a la princesa Elisabeth de B\u00e9lgica - El Digital de Asturias","headline":"Un diario recibe una carta con amenazas a la princesa Elisabeth de B\u00e9lgica","author":{"@id":"https:\/\/www.eldigitaldeasturias.com\/noticias\/author\/admin\/#author"},"publisher":{"@id":"https:\/\/www.eldigitaldeasturias.com\/noticias\/#organization"},"image":{"@type":"ImageObject","url":457256},"datePublished":"2013-12-03T18:15:30+01:00","dateModified":"2013-12-03T18:15:30+01:00","inLanguage":"es-ES","mainEntityOfPage":{"@id":"https:\/\/www.eldigitaldeasturias.com\/noticias\/un-diario-recibe-una-carta-con-amenazas-a-la-princesa-elisabeth-de-belgica\/#webpage"},"isPartOf":{"@id":"https:\/\/www.eldigitaldeasturias.com\/noticias\/un-diario-recibe-una-carta-con-amenazas-a-la-princesa-elisabeth-de-belgica\/#webpage"},"articleSection":"Sucesos"},{"@type":"BreadcrumbList","@id":"https:\/\/www.eldigitaldeasturias.com\/noticias\/un-diario-recibe-una-carta-con-amenazas-a-la-princesa-elisabeth-de-belgica\/#breadcrumblist","itemListElement":[{"@type":"ListItem","@id":"https:\/\/www.eldigitaldeasturias.com\/noticias#listItem","position":1,"name":"Home","item":"https:\/\/www.eldigitaldeasturias.com\/noticias","nextItem":{"@type":"ListItem","@id":"https:\/\/www.eldigitaldeasturias.com\/noticias\/category\/sucesos\/#listItem","name":"Sucesos"}},{"@type":"ListItem","@id":"https:\/\/www.eldigitaldeasturias.com\/noticias\/category\/sucesos\/#listItem","position":2,"name":"Sucesos","item":"https:\/\/www.eldigitaldeasturias.com\/noticias\/category\/sucesos\/","nextItem":{"@type":"ListItem","@id":"https:\/\/www.eldigitaldeasturias.com\/noticias\/un-diario-recibe-una-carta-con-amenazas-a-la-princesa-elisabeth-de-belgica\/#listItem","name":"Un diario recibe una carta con amenazas a la princesa Elisabeth de B\u00e9lgica"},"previousItem":{"@type":"ListItem","@id":"https:\/\/www.eldigitaldeasturias.com\/noticias#listItem","name":"Home"}},{"@type":"ListItem","@id":"https:\/\/www.eldigitaldeasturias.com\/noticias\/un-diario-recibe-una-carta-con-amenazas-a-la-princesa-elisabeth-de-belgica\/#listItem","position":3,"name":"Un diario recibe una carta con amenazas a la princesa Elisabeth de B\u00e9lgica","previousItem":{"@type":"ListItem","@id":"https:\/\/www.eldigitaldeasturias.com\/noticias\/category\/sucesos\/#listItem","name":"Sucesos"}}]},{"@type":"Organization","@id":"https:\/\/www.eldigitaldeasturias.com\/noticias\/#organization","name":"El Digital de Asturias","description":"Hemeroteca","url":"https:\/\/www.eldigitaldeasturias.com\/noticias\/","email":"info@eldigitaldeasturias.com","telephone":"+34652131393","logo":{"@type":"ImageObject","url":"https:\/\/www.eldigitaldeasturias.com\/noticias\/wp-content\/uploads\/2020\/12\/EDA.jpg","@id":"https:\/\/www.eldigitaldeasturias.com\/noticias\/un-diario-recibe-una-carta-con-amenazas-a-la-princesa-elisabeth-de-belgica\/#organizationLogo"},"image":{"@id":"https:\/\/www.eldigitaldeasturias.com\/noticias\/un-diario-recibe-una-carta-con-amenazas-a-la-princesa-elisabeth-de-belgica\/#organizationLogo"},"sameAs":["https:\/\/facebook.com\/eldigitaldeasturias","https:\/\/www.youtube.com\/channel\/UCZP-2wLEB9Rv6erhFmqVnvg"],"address":{"@id":"https:\/\/www.eldigitaldeasturias.com\/noticias\/#postaladdress","@type":"PostalAddress","streetAddress":"san antonio 4","postalCode":"33430","addressLocality":"Cand\u00e1s","addressRegion":"Asturias","addressCountry":"ES"}},{"@type":"Person","@id":"https:\/\/www.eldigitaldeasturias.com\/noticias\/author\/admin\/#author","url":"https:\/\/www.eldigitaldeasturias.com\/noticias\/author\/admin\/","name":"El Digital de Asturias","image":{"@type":"ImageObject","@id":"https:\/\/www.eldigitaldeasturias.com\/noticias\/un-diario-recibe-una-carta-con-amenazas-a-la-princesa-elisabeth-de-belgica\/#authorImage","url":"https:\/\/secure.gravatar.com\/avatar\/df2aeffc32bcd13f8d26072ef8a91b623d677766deac7f97ca815868cd41bf5e?s=96&d=mm&r=g","width":96,"height":96,"caption":"El Digital de Asturias"}},{"@type":"WebPage","@id":"https:\/\/www.eldigitaldeasturias.com\/noticias\/un-diario-recibe-una-carta-con-amenazas-a-la-princesa-elisabeth-de-belgica\/#webpage","url":"https:\/\/www.eldigitaldeasturias.com\/noticias\/un-diario-recibe-una-carta-con-amenazas-a-la-princesa-elisabeth-de-belgica\/","name":"Un diario recibe una carta con amenazas a la princesa Elisabeth de B\u00e9lgica - El Digital de Asturias","description":"Bruselas, 3 dic (EFE).- La princesa Elisabeth, hija de los reyes Felipe y Matilde de B\u00e9lgica y heredera de la corona belga, ha sido amenazada de secuestro mediante una carta dirigida al diario \"La Derni\u00e8re Heure\", confirm\u00f3 hoy a Efe un portavoz de la Casa Real belga. \"Ayer por la ma\u00f1ana la redacci\u00f3n del diario","inLanguage":"es-ES","isPartOf":{"@id":"https:\/\/www.eldigitaldeasturias.com\/noticias\/#website"},"breadcrumb":{"@id":"https:\/\/www.eldigitaldeasturias.com\/noticias\/un-diario-recibe-una-carta-con-amenazas-a-la-princesa-elisabeth-de-belgica\/#breadcrumblist"},"author":{"@id":"https:\/\/www.eldigitaldeasturias.com\/noticias\/author\/admin\/#author"},"creator":{"@id":"https:\/\/www.eldigitaldeasturias.com\/noticias\/author\/admin\/#author"},"image":{"@type":"ImageObject","url":457256,"@id":"https:\/\/www.eldigitaldeasturias.com\/noticias\/un-diario-recibe-una-carta-con-amenazas-a-la-princesa-elisabeth-de-belgica\/#mainImage"},"primaryImageOfPage":{"@id":"https:\/\/www.eldigitaldeasturias.com\/noticias\/un-diario-recibe-una-carta-con-amenazas-a-la-princesa-elisabeth-de-belgica\/#mainImage"},"datePublished":"2013-12-03T18:15:30+01:00","dateModified":"2013-12-03T18:15:30+01:00"},{"@type":"WebSite","@id":"https:\/\/www.eldigitaldeasturias.com\/noticias\/#website","url":"https:\/\/www.eldigitaldeasturias.com\/noticias\/","name":"El Digital de Asturias - Diario de actualidad y noticias","alternateName":"El Digital de Asturias - Diario de actualidad y noticias","description":"Hemeroteca","inLanguage":"es-ES","publisher":{"@id":"https:\/\/www.eldigitaldeasturias.com\/noticias\/#organization"}}]},"og:locale":"es_ES","og:site_name":"El Digital de Asturias","og:type":"article","og:title":"Un diario recibe una carta con amenazas a la princesa Elisabeth de B\u00e9lgica - El Digital de Asturias","og:description":"Bruselas, 3 dic (EFE).- La princesa Elisabeth, hija de los reyes Felipe y Matilde de B\u00e9lgica y heredera de la corona belga, ha sido amenazada de secuestro mediante una carta dirigida al diario &quot;La Derni\u00e8re Heure&quot;, confirm\u00f3 hoy a Efe un portavoz de la Casa Real belga. &quot;Ayer por la ma\u00f1ana la redacci\u00f3n del diario","og:url":"https:\/\/www.eldigitaldeasturias.com\/noticias\/un-diario-recibe-una-carta-con-amenazas-a-la-princesa-elisabeth-de-belgica\/","article:tag":["sucesos"],"article:published_time":"2013-12-03T19:15:30+00:00","article:modified_time":"2013-12-03T19:15:30+00:00","article:publisher":"https:\/\/facebook.com\/eldigitaldeasturias","twitter:card":"summary_large_image","twitter:title":"Un diario recibe una carta con amenazas a la princesa Elisabeth de B\u00e9lgica - El Digital de Asturias","twitter:description":"Bruselas, 3 dic (EFE).- La princesa Elisabeth, hija de los reyes Felipe y Matilde de B\u00e9lgica y heredera de la corona belga, ha sido amenazada de secuestro mediante una carta dirigida al diario &quot;La Derni\u00e8re Heure&quot;, confirm\u00f3 hoy a Efe un portavoz de la Casa Real belga. &quot;Ayer por la ma\u00f1ana la redacci\u00f3n del diario","twitter:label1":"Escrito por","twitter:data1":"El Digital de Asturias","twitter:label2":"Tiempo de lectura estimado","twitter:data2":"3 minutos"},"aioseo_meta_data":{"post_id":"457255","title":null,"description":null,"keywords":null,"keyphrases":null,"primary_term":null,"canonical_url":null,"og_title":null,"og_description":null,"og_object_type":"default","og_image_type":"default","og_image_url":null,"og_image_width":null,"og_image_height":null,"og_image_custom_url":null,"og_image_custom_fields":null,"og_video":null,"og_custom_url":null,"og_article_section":null,"og_article_tags":null,"twitter_use_og":true,"twitter_card":"default","twitter_image_type":"default","twitter_image_url":null,"twitter_image_custom_url":null,"twitter_image_custom_fields":null,"twitter_title":null,"twitter_description":null,"schema":{"blockGraphs":[],"customGraphs":[],"default":{"data":{"Article":[],"Course":[],"Dataset":[],"FAQPage":[],"Movie":[],"Person":[],"Product":[],"ProductReview":[],"Car":[],"Recipe":[],"Service":[],"SoftwareApplication":[],"WebPage":[]},"graphName":"","isEnabled":true},"graphs":[],"defaultGraph":"","defaultPostTypeGraph":""},"schema_type":null,"schema_type_options":null,"pillar_content":false,"robots_default":true,"robots_noindex":false,"robots_noarchive":false,"robots_nosnippet":false,"robots_nofollow":false,"robots_noimageindex":false,"robots_noodp":false,"robots_notranslate":false,"robots_max_snippet":null,"robots_max_videopreview":null,"robots_max_imagepreview":"none","priority":null,"frequency":null,"local_seo":null,"seo_analyzer_scan_date":"2026-05-30 00:52:03","breadcrumb_settings":null,"limit_modified_date":false,"open_ai":null,"ai":null,"created":"2020-11-14 22:46:06","updated":"2026-05-30 00:52:03","focus_keyword":null,"additional_keywords":null,"truseo_locale":null},"aioseo_breadcrumb":"<div class=\"aioseo-breadcrumbs\"><span class=\"aioseo-breadcrumb\">\n\t<a href=\"https:\/\/www.eldigitaldeasturias.com\/noticias\" title=\"Home\">Home<\/a>\n<\/span><span class=\"aioseo-breadcrumb-separator\">\u2013<\/span><span class=\"aioseo-breadcrumb\">\n\t<a href=\"https:\/\/www.eldigitaldeasturias.com\/noticias\/category\/sucesos\/\" title=\"Sucesos\">Sucesos<\/a>\n<\/span><span class=\"aioseo-breadcrumb-separator\">\u2013<\/span><span class=\"aioseo-breadcrumb\">\n\t<a href=\"https:\/\/www.eldigitaldeasturias.com\/noticias\/un-diario-recibe-una-carta-con-amenazas-a-la-princesa-elisabeth-de-belgica\/\" title=\"Un diario recibe una carta con amenazas a la princesa Elisabeth de B\u00e9lgica\">Un diario recibe una carta con amenazas a la princesa Elisabeth de B\u00e9lgica<\/a>\n<\/span><\/div>","aioseo_breadcrumb_json":[{"label":"Home","link":"https:\/\/www.eldigitaldeasturias.com\/noticias"},{"label":"Sucesos","link":"https:\/\/www.eldigitaldeasturias.com\/noticias\/category\/sucesos\/"},{"label":"Un diario recibe una carta con amenazas a la princesa Elisabeth de B\u00e9lgica","link":"https:\/\/www.eldigitaldeasturias.com\/noticias\/un-diario-recibe-una-carta-con-amenazas-a-la-princesa-elisabeth-de-belgica\/"}],"_links":{"self":[{"href":"https:\/\/www.eldigitaldeasturias.com\/noticias\/wp-json\/wp\/v2\/posts\/457255","targetHints":{"allow":["GET"]}}],"collection":[{"href":"https:\/\/www.eldigitaldeasturias.com\/noticias\/wp-json\/wp\/v2\/posts"}],"about":[{"href":"https:\/\/www.eldigitaldeasturias.com\/noticias\/wp-json\/wp\/v2\/types\/post"}],"author":[{"embeddable":true,"href":"https:\/\/www.eldigitaldeasturias.com\/noticias\/wp-json\/wp\/v2\/users\/1"}],"replies":[{"embeddable":true,"href":"https:\/\/www.eldigitaldeasturias.com\/noticias\/wp-json\/wp\/v2\/comments?post=457255"}],"version-history":[{"count":0,"href":"https:\/\/www.eldigitaldeasturias.com\/noticias\/wp-json\/wp\/v2\/posts\/457255\/revisions"}],"wp:attachment":[{"href":"https:\/\/www.eldigitaldeasturias.com\/noticias\/wp-json\/wp\/v2\/media?parent=457255"}],"wp:term":[{"taxonomy":"category","embeddable":true,"href":"https:\/\/www.eldigitaldeasturias.com\/noticias\/wp-json\/wp\/v2\/categories?post=457255"},{"taxonomy":"post_tag","embeddable":true,"href":"https:\/\/www.eldigitaldeasturias.com\/noticias\/wp-json\/wp\/v2\/tags?post=457255"}],"curies":[{"name":"wp","href":"https:\/\/api.w.org\/{rel}","templated":true}]}}