{"id":457251,"date":"2013-12-03T18:13:29","date_gmt":"2013-12-03T19:13:29","guid":{"rendered":"http:\/\/www.eldigitaldeasturias.com\/noticias\/?p=457251"},"modified":"2013-12-03T18:13:29","modified_gmt":"2013-12-03T19:13:29","slug":"rodrigo-cortes-dice-que-su-cuenta-de-twitter-es-radicalmente-inutil","status":"publish","type":"post","link":"https:\/\/www.eldigitaldeasturias.com\/noticias\/rodrigo-cortes-dice-que-su-cuenta-de-twitter-es-radicalmente-inutil\/","title":{"rendered":"Rodrigo Cort\u00e9s dice que su cuenta de Twitter es \u00abradicalmente in\u00fatil\u00bb"},"content":{"rendered":"<p><img loading=\"lazy\" decoding=\"async\" class=\"alignleft size-medium wp-image-457252\" alt=\"5768635w\" src=\"https:\/\/www.eldigitaldeasturias.com\/noticias\/wp-content\/uploads\/2013\/12\/5768635w-213x320.jpg\" width=\"213\" height=\"320\" \/>Madrid, 3 dic (EFE).- \u00abAqu\u00ed Rodrigo Cort\u00e9s. En 90 minutos todos muertos\u00bb. As\u00ed debut\u00f3 el cineasta gallego en Twitter hace m\u00e1s de dos a\u00f1os, justo antes de estrenar \u00abBuried\u00bb, pero lo que empez\u00f3 como herramienta de promoci\u00f3n se convirti\u00f3 pronto en laboratorio creativo y sus aforismos cuentan ya con m\u00e1s de 37.000 seguidores.<\/p>\n<p>\u00abMi cuenta de Twitter es radicalmente in\u00fatil, no explico c\u00f3mo han sido mis fiestas ni hago fotos del \u00faltimo capuchino que me han servido\u00bb, asegura Cort\u00e9s a Efe, con la misma iron\u00eda que destilan esos tuits, ahora seleccionados y recopilados en papel por la editorial Delirio.<\/p>\n<p>El t\u00edtulo, \u00abA las 3 son las 2\u00bb, refleja una de sus obsesiones, el tiempo. \u00abHabla de una hora como un par\u00e9ntesis en el que puedes modificar las cosas, ese momento m\u00e1gico en el que viajas en el tiempo hacia atr\u00e1s y puedes por un instante modificar la realidad\u00bb, explica el hombre que se atrevi\u00f3 a rodar toda una pel\u00edcula dentro de un ata\u00fad.<\/p>\n<p>Algo as\u00ed, \u00absuspender el tiempo un instante\u00bb, es a lo que Cort\u00e9s aspira con esta colecci\u00f3n de p\u00edldoras que combinan poes\u00eda, humor y reflexi\u00f3n.<\/p>\n<p>\u00abEso es lo que intentan, generar esos peque\u00f1os parones en la realidad que te permitan contemplarla desde un punto de vista por lo menos un poco diferente\u00bb, se\u00f1ala.<\/p>\n<p>Aunque tambi\u00e9n hay otra perspectiva m\u00e1s prosaica: \u00abLo que haces es tratar de canalizar una v\u00eda expresiva que quiz\u00e1 a nadie de a tu alrededor le interesa y, por razones puramente terap\u00e9uticas, la acabas lanzando a otros\u00bb.<\/p>\n<p>\u00abEl cuadro es normalito pero el marco incomparable\u00bb, \u00abEn &#8216;Spanish Beauty&#8217;, la bolsa que da vueltas es del D\u00eda\u00bb o \u00abEn Espa\u00f1a se tambalea todo, pero no se cae nada\u00bb, son ejemplos de sus ocurrencias, paradojas o juegos de palabras que abarcan desde el amor, al cine o la pol\u00edtica y, en general, todo lo que significa ser humano.<\/p>\n<p>\u00abTwitter te exige un ejercicio de condensaci\u00f3n que se parece mucho al de la poes\u00eda, no en t\u00e9rminos l\u00edricos sino como mirada diseccionadora de la realidad\u00bb, asegura Cort\u00e9s.<\/p>\n<p>\u00abPartes de un concepto complejo y te ves obligado a comprimirlo, de modo que quien lo lea lo desempaquete y vuelva a recuperar toda esa informaci\u00f3n codificada. Es una gimnasia mental que me result\u00f3 muy estimulante desde el principio\u00bb, a\u00f1ade.<\/p>\n<p>Una gimnasia que practica, generalmente, en momentos de espera -\u00abesos cinco minutos muertos antes de algo son la oportunidad perfecta\u00bb, dice- y que cuenta con otro aficionado ilustre del cine, Jos\u00e9 Luis Cuerda.<\/p>\n<p>\u00abSu cuenta es una forma de literatura\u00bb, asegura el director de \u00abLuces Rojas\u00bb. Aunque entre sus favoritos de Twitter cita tambi\u00e9n nombres desconocidos como Sandra Calvente (@Cucutras).<\/p>\n<p>En ocasiones los aforismos de Cort\u00e9s rozan el surrealismo: \u00abLas \u00faltimas galletas de los surtidos se las acaba el que se come la cereza de los pasteles\u00bb, \u00abEste calor no me representa\u00bb, \u00abMe he golpeado la rodilla contra una mesita de caf\u00e9 y ya no temo la muerte\u00bb.<\/p>\n<p>\u00abSin querer este libro ha acabado siendo lo que he hecho que m\u00e1s se parece a mi mismo\u00bb, confiesa.<\/p>\n<p>\u00abCada una de las sentencias o aforismos ha sido parido de forma diferente, con tonalidades muy distintas y humores muy diversos, de modo que al final se acaban reflejando todas las caras y todas las aristas del poliedro m\u00e1s o menos complejo que uno pueda ser\u00bb, dice.<\/p>\n<p>\u00abLa parte m\u00e1s seria, la m\u00e1s payasa, la m\u00e1s reflexiva, la m\u00e1s absurda, la m\u00e1s interesante y la m\u00e1s prescindible inevitablemente acaban reflej\u00e1ndose. Tanto ese laboratorio en que se ha convertido mi cuenta de Twitter como este libro son una especie de acceso a mi subconsciente\u00bb.<\/p>\n<p>Por Magdalena Tsanis<\/p>\n","protected":false},"excerpt":{"rendered":"<p>Madrid, 3 dic (EFE).- \u00abAqu\u00ed Rodrigo Cort\u00e9s. En 90 minutos todos muertos\u00bb. As\u00ed debut\u00f3 el cineasta gallego en Twitter hace m\u00e1s de dos a\u00f1os, justo antes de estrenar \u00abBuried\u00bb, pero lo que empez\u00f3 como herramienta de promoci\u00f3n se convirti\u00f3 pronto en laboratorio creativo y sus aforismos cuentan ya con m\u00e1s de 37.000 seguidores. \u00abMi cuenta [&hellip;]<\/p>\n","protected":false},"author":1,"featured_media":457252,"comment_status":"closed","ping_status":"open","sticky":false,"template":"","format":"standard","meta":{"footnotes":""},"categories":[28],"tags":[],"class_list":["post-457251","post","type-post","status-publish","format-standard","has-post-thumbnail","hentry","category-sociedad"],"aioseo_notices":[],"aioseo_head":"\n\t\t<!-- All in One SEO Pro 5.0.1 - aioseo.com -->\n\t<meta name=\"description\" content=\"Madrid, 3 dic (EFE).- &quot;Aqu\u00ed Rodrigo Cort\u00e9s. En 90 minutos todos muertos&quot;. As\u00ed debut\u00f3 el cineasta gallego en Twitter hace m\u00e1s de dos a\u00f1os, justo antes de estrenar &quot;Buried&quot;, pero lo que empez\u00f3 como herramienta de promoci\u00f3n se convirti\u00f3 pronto en laboratorio creativo y sus aforismos cuentan ya con m\u00e1s de 37.000 seguidores. &quot;Mi cuenta\" \/>\n\t<meta name=\"robots\" content=\"max-image-preview:large\" \/>\n\t<meta name=\"author\" content=\"El Digital de Asturias\"\/>\n\t<meta name=\"google-site-verification\" content=\"UA-38556648-1\" \/>\n\t<meta name=\"msvalidate.01\" content=\"7dfe9f3f1b24437ab69f4f2559babe99\" \/>\n\t<meta name=\"keywords\" content=\"sociedad\" \/>\n\t<link rel=\"canonical\" href=\"https:\/\/www.eldigitaldeasturias.com\/noticias\/rodrigo-cortes-dice-que-su-cuenta-de-twitter-es-radicalmente-inutil\/\" \/>\n\t<meta name=\"generator\" content=\"All in One SEO Pro (AIOSEO) 5.0.1\" \/>\n\t\t<meta property=\"og:locale\" content=\"es_ES\" \/>\n\t\t<meta property=\"og:site_name\" content=\"El Digital de Asturias\" \/>\n\t\t<meta property=\"og:type\" content=\"article\" \/>\n\t\t<meta property=\"og:title\" content=\"Rodrigo Cort\u00e9s dice que su cuenta de Twitter es \u00abradicalmente in\u00fatil\u00bb - El Digital de Asturias\" \/>\n\t\t<meta property=\"og:description\" content=\"Madrid, 3 dic (EFE).- &quot;Aqu\u00ed Rodrigo Cort\u00e9s. En 90 minutos todos muertos&quot;. As\u00ed debut\u00f3 el cineasta gallego en Twitter hace m\u00e1s de dos a\u00f1os, justo antes de estrenar &quot;Buried&quot;, pero lo que empez\u00f3 como herramienta de promoci\u00f3n se convirti\u00f3 pronto en laboratorio creativo y sus aforismos cuentan ya con m\u00e1s de 37.000 seguidores. &quot;Mi cuenta\" \/>\n\t\t<meta property=\"og:url\" content=\"https:\/\/www.eldigitaldeasturias.com\/noticias\/rodrigo-cortes-dice-que-su-cuenta-de-twitter-es-radicalmente-inutil\/\" \/>\n\t\t<meta property=\"article:tag\" content=\"sociedad\" \/>\n\t\t<meta property=\"article:published_time\" content=\"2013-12-03T19:13:29+00:00\" \/>\n\t\t<meta property=\"article:modified_time\" content=\"2013-12-03T19:13:29+00:00\" \/>\n\t\t<meta property=\"article:publisher\" content=\"https:\/\/facebook.com\/eldigitaldeasturias\" \/>\n\t\t<meta name=\"twitter:card\" content=\"summary_large_image\" \/>\n\t\t<meta name=\"twitter:title\" content=\"Rodrigo Cort\u00e9s dice que su cuenta de Twitter es \u00abradicalmente in\u00fatil\u00bb - El Digital de Asturias\" \/>\n\t\t<meta name=\"twitter:description\" content=\"Madrid, 3 dic (EFE).- &quot;Aqu\u00ed Rodrigo Cort\u00e9s. En 90 minutos todos muertos&quot;. As\u00ed debut\u00f3 el cineasta gallego en Twitter hace m\u00e1s de dos a\u00f1os, justo antes de estrenar &quot;Buried&quot;, pero lo que empez\u00f3 como herramienta de promoci\u00f3n se convirti\u00f3 pronto en laboratorio creativo y sus aforismos cuentan ya con m\u00e1s de 37.000 seguidores. &quot;Mi cuenta\" \/>\n\t\t<meta name=\"twitter:label1\" content=\"Escrito por\" \/>\n\t\t<meta name=\"twitter:data1\" content=\"El Digital de Asturias\" \/>\n\t\t<meta name=\"twitter:label2\" content=\"Tiempo de lectura estimado\" \/>\n\t\t<meta name=\"twitter:data2\" content=\"3 minutos\" \/>\n\t\t<script type=\"application\/ld+json\" class=\"aioseo-schema\">\n\t\t\t{\"@context\":\"https:\\\/\\\/schema.org\",\"@graph\":[{\"@type\":\"BlogPosting\",\"@id\":\"https:\\\/\\\/www.eldigitaldeasturias.com\\\/noticias\\\/rodrigo-cortes-dice-que-su-cuenta-de-twitter-es-radicalmente-inutil\\\/#blogposting\",\"name\":\"Rodrigo Cort\\u00e9s dice que su cuenta de Twitter es \\u00abradicalmente in\\u00fatil\\u00bb - El Digital de Asturias\",\"headline\":\"Rodrigo Cort\\u00e9s dice que su cuenta de Twitter es \\u00abradicalmente in\\u00fatil\\u00bb\",\"author\":{\"@id\":\"https:\\\/\\\/www.eldigitaldeasturias.com\\\/noticias\\\/author\\\/admin\\\/#author\"},\"publisher\":{\"@id\":\"https:\\\/\\\/www.eldigitaldeasturias.com\\\/noticias\\\/#organization\"},\"image\":{\"@type\":\"ImageObject\",\"url\":457252},\"datePublished\":\"2013-12-03T18:13:29+01:00\",\"dateModified\":\"2013-12-03T18:13:29+01:00\",\"inLanguage\":\"es-ES\",\"mainEntityOfPage\":{\"@id\":\"https:\\\/\\\/www.eldigitaldeasturias.com\\\/noticias\\\/rodrigo-cortes-dice-que-su-cuenta-de-twitter-es-radicalmente-inutil\\\/#webpage\"},\"isPartOf\":{\"@id\":\"https:\\\/\\\/www.eldigitaldeasturias.com\\\/noticias\\\/rodrigo-cortes-dice-que-su-cuenta-de-twitter-es-radicalmente-inutil\\\/#webpage\"},\"articleSection\":\"Sociedad\"},{\"@type\":\"BreadcrumbList\",\"@id\":\"https:\\\/\\\/www.eldigitaldeasturias.com\\\/noticias\\\/rodrigo-cortes-dice-que-su-cuenta-de-twitter-es-radicalmente-inutil\\\/#breadcrumblist\",\"itemListElement\":[{\"@type\":\"ListItem\",\"@id\":\"https:\\\/\\\/www.eldigitaldeasturias.com\\\/noticias#listItem\",\"position\":1,\"name\":\"Home\",\"item\":\"https:\\\/\\\/www.eldigitaldeasturias.com\\\/noticias\",\"nextItem\":{\"@type\":\"ListItem\",\"@id\":\"https:\\\/\\\/www.eldigitaldeasturias.com\\\/noticias\\\/category\\\/sociedad\\\/#listItem\",\"name\":\"Sociedad\"}},{\"@type\":\"ListItem\",\"@id\":\"https:\\\/\\\/www.eldigitaldeasturias.com\\\/noticias\\\/category\\\/sociedad\\\/#listItem\",\"position\":2,\"name\":\"Sociedad\",\"item\":\"https:\\\/\\\/www.eldigitaldeasturias.com\\\/noticias\\\/category\\\/sociedad\\\/\",\"nextItem\":{\"@type\":\"ListItem\",\"@id\":\"https:\\\/\\\/www.eldigitaldeasturias.com\\\/noticias\\\/rodrigo-cortes-dice-que-su-cuenta-de-twitter-es-radicalmente-inutil\\\/#listItem\",\"name\":\"Rodrigo Cort\\u00e9s dice que su cuenta de Twitter es \\u00abradicalmente in\\u00fatil\\u00bb\"},\"previousItem\":{\"@type\":\"ListItem\",\"@id\":\"https:\\\/\\\/www.eldigitaldeasturias.com\\\/noticias#listItem\",\"name\":\"Home\"}},{\"@type\":\"ListItem\",\"@id\":\"https:\\\/\\\/www.eldigitaldeasturias.com\\\/noticias\\\/rodrigo-cortes-dice-que-su-cuenta-de-twitter-es-radicalmente-inutil\\\/#listItem\",\"position\":3,\"name\":\"Rodrigo Cort\\u00e9s dice que su cuenta de Twitter es \\u00abradicalmente in\\u00fatil\\u00bb\",\"previousItem\":{\"@type\":\"ListItem\",\"@id\":\"https:\\\/\\\/www.eldigitaldeasturias.com\\\/noticias\\\/category\\\/sociedad\\\/#listItem\",\"name\":\"Sociedad\"}}]},{\"@type\":\"Organization\",\"@id\":\"https:\\\/\\\/www.eldigitaldeasturias.com\\\/noticias\\\/#organization\",\"name\":\"El Digital de Asturias\",\"description\":\"Hemeroteca\",\"url\":\"https:\\\/\\\/www.eldigitaldeasturias.com\\\/noticias\\\/\",\"email\":\"info@eldigitaldeasturias.com\",\"telephone\":\"+34652131393\",\"logo\":{\"@type\":\"ImageObject\",\"url\":\"https:\\\/\\\/www.eldigitaldeasturias.com\\\/noticias\\\/wp-content\\\/uploads\\\/2020\\\/12\\\/EDA.jpg\",\"@id\":\"https:\\\/\\\/www.eldigitaldeasturias.com\\\/noticias\\\/rodrigo-cortes-dice-que-su-cuenta-de-twitter-es-radicalmente-inutil\\\/#organizationLogo\"},\"image\":{\"@id\":\"https:\\\/\\\/www.eldigitaldeasturias.com\\\/noticias\\\/rodrigo-cortes-dice-que-su-cuenta-de-twitter-es-radicalmente-inutil\\\/#organizationLogo\"},\"sameAs\":[\"https:\\\/\\\/facebook.com\\\/eldigitaldeasturias\",\"https:\\\/\\\/www.youtube.com\\\/channel\\\/UCZP-2wLEB9Rv6erhFmqVnvg\"],\"address\":{\"@id\":\"https:\\\/\\\/www.eldigitaldeasturias.com\\\/noticias\\\/#postaladdress\",\"@type\":\"PostalAddress\",\"streetAddress\":\"san antonio 4\",\"postalCode\":\"33430\",\"addressLocality\":\"Cand\\u00e1s\",\"addressRegion\":\"Asturias\",\"addressCountry\":\"ES\"}},{\"@type\":\"Person\",\"@id\":\"https:\\\/\\\/www.eldigitaldeasturias.com\\\/noticias\\\/author\\\/admin\\\/#author\",\"url\":\"https:\\\/\\\/www.eldigitaldeasturias.com\\\/noticias\\\/author\\\/admin\\\/\",\"name\":\"El Digital de Asturias\",\"image\":{\"@type\":\"ImageObject\",\"@id\":\"https:\\\/\\\/www.eldigitaldeasturias.com\\\/noticias\\\/rodrigo-cortes-dice-que-su-cuenta-de-twitter-es-radicalmente-inutil\\\/#authorImage\",\"url\":\"https:\\\/\\\/secure.gravatar.com\\\/avatar\\\/df2aeffc32bcd13f8d26072ef8a91b623d677766deac7f97ca815868cd41bf5e?s=96&d=mm&r=g\",\"width\":96,\"height\":96,\"caption\":\"El Digital de Asturias\"}},{\"@type\":\"WebPage\",\"@id\":\"https:\\\/\\\/www.eldigitaldeasturias.com\\\/noticias\\\/rodrigo-cortes-dice-que-su-cuenta-de-twitter-es-radicalmente-inutil\\\/#webpage\",\"url\":\"https:\\\/\\\/www.eldigitaldeasturias.com\\\/noticias\\\/rodrigo-cortes-dice-que-su-cuenta-de-twitter-es-radicalmente-inutil\\\/\",\"name\":\"Rodrigo Cort\\u00e9s dice que su cuenta de Twitter es \\u00abradicalmente in\\u00fatil\\u00bb - El Digital de Asturias\",\"description\":\"Madrid, 3 dic (EFE).- \\\"Aqu\\u00ed Rodrigo Cort\\u00e9s. En 90 minutos todos muertos\\\". As\\u00ed debut\\u00f3 el cineasta gallego en Twitter hace m\\u00e1s de dos a\\u00f1os, justo antes de estrenar \\\"Buried\\\", pero lo que empez\\u00f3 como herramienta de promoci\\u00f3n se convirti\\u00f3 pronto en laboratorio creativo y sus aforismos cuentan ya con m\\u00e1s de 37.000 seguidores. \\\"Mi cuenta\",\"inLanguage\":\"es-ES\",\"isPartOf\":{\"@id\":\"https:\\\/\\\/www.eldigitaldeasturias.com\\\/noticias\\\/#website\"},\"breadcrumb\":{\"@id\":\"https:\\\/\\\/www.eldigitaldeasturias.com\\\/noticias\\\/rodrigo-cortes-dice-que-su-cuenta-de-twitter-es-radicalmente-inutil\\\/#breadcrumblist\"},\"author\":{\"@id\":\"https:\\\/\\\/www.eldigitaldeasturias.com\\\/noticias\\\/author\\\/admin\\\/#author\"},\"creator\":{\"@id\":\"https:\\\/\\\/www.eldigitaldeasturias.com\\\/noticias\\\/author\\\/admin\\\/#author\"},\"image\":{\"@type\":\"ImageObject\",\"url\":457252,\"@id\":\"https:\\\/\\\/www.eldigitaldeasturias.com\\\/noticias\\\/rodrigo-cortes-dice-que-su-cuenta-de-twitter-es-radicalmente-inutil\\\/#mainImage\"},\"primaryImageOfPage\":{\"@id\":\"https:\\\/\\\/www.eldigitaldeasturias.com\\\/noticias\\\/rodrigo-cortes-dice-que-su-cuenta-de-twitter-es-radicalmente-inutil\\\/#mainImage\"},\"datePublished\":\"2013-12-03T18:13:29+01:00\",\"dateModified\":\"2013-12-03T18:13:29+01:00\"},{\"@type\":\"WebSite\",\"@id\":\"https:\\\/\\\/www.eldigitaldeasturias.com\\\/noticias\\\/#website\",\"url\":\"https:\\\/\\\/www.eldigitaldeasturias.com\\\/noticias\\\/\",\"name\":\"El Digital de Asturias - Diario de actualidad y noticias\",\"alternateName\":\"El Digital de Asturias - Diario de actualidad y noticias\",\"description\":\"Hemeroteca\",\"inLanguage\":\"es-ES\",\"publisher\":{\"@id\":\"https:\\\/\\\/www.eldigitaldeasturias.com\\\/noticias\\\/#organization\"}}]}\n\t\t<\/script>\n\t\t<!-- All in One SEO Pro -->\r\n\t\t<title>Rodrigo Cort\u00e9s dice que su cuenta de Twitter es \u00abradicalmente in\u00fatil\u00bb - El Digital de Asturias<\/title>\n\n","aioseo_head_json":{"title":"Rodrigo Cort\u00e9s dice que su cuenta de Twitter es \u00abradicalmente in\u00fatil\u00bb - El Digital de Asturias","description":"Madrid, 3 dic (EFE).- \"Aqu\u00ed Rodrigo Cort\u00e9s. En 90 minutos todos muertos\". As\u00ed debut\u00f3 el cineasta gallego en Twitter hace m\u00e1s de dos a\u00f1os, justo antes de estrenar \"Buried\", pero lo que empez\u00f3 como herramienta de promoci\u00f3n se convirti\u00f3 pronto en laboratorio creativo y sus aforismos cuentan ya con m\u00e1s de 37.000 seguidores. \"Mi cuenta","canonical_url":"https:\/\/www.eldigitaldeasturias.com\/noticias\/rodrigo-cortes-dice-que-su-cuenta-de-twitter-es-radicalmente-inutil\/","robots":"max-image-preview:large","keywords":"sociedad","webmasterTools":{"google-site-verification":"UA-38556648-1","msvalidate.01":"7dfe9f3f1b24437ab69f4f2559babe99","miscellaneous":""},"schema":{"@context":"https:\/\/schema.org","@graph":[{"@type":"BlogPosting","@id":"https:\/\/www.eldigitaldeasturias.com\/noticias\/rodrigo-cortes-dice-que-su-cuenta-de-twitter-es-radicalmente-inutil\/#blogposting","name":"Rodrigo Cort\u00e9s dice que su cuenta de Twitter es \u00abradicalmente in\u00fatil\u00bb - El Digital de Asturias","headline":"Rodrigo Cort\u00e9s dice que su cuenta de Twitter es \u00abradicalmente in\u00fatil\u00bb","author":{"@id":"https:\/\/www.eldigitaldeasturias.com\/noticias\/author\/admin\/#author"},"publisher":{"@id":"https:\/\/www.eldigitaldeasturias.com\/noticias\/#organization"},"image":{"@type":"ImageObject","url":457252},"datePublished":"2013-12-03T18:13:29+01:00","dateModified":"2013-12-03T18:13:29+01:00","inLanguage":"es-ES","mainEntityOfPage":{"@id":"https:\/\/www.eldigitaldeasturias.com\/noticias\/rodrigo-cortes-dice-que-su-cuenta-de-twitter-es-radicalmente-inutil\/#webpage"},"isPartOf":{"@id":"https:\/\/www.eldigitaldeasturias.com\/noticias\/rodrigo-cortes-dice-que-su-cuenta-de-twitter-es-radicalmente-inutil\/#webpage"},"articleSection":"Sociedad"},{"@type":"BreadcrumbList","@id":"https:\/\/www.eldigitaldeasturias.com\/noticias\/rodrigo-cortes-dice-que-su-cuenta-de-twitter-es-radicalmente-inutil\/#breadcrumblist","itemListElement":[{"@type":"ListItem","@id":"https:\/\/www.eldigitaldeasturias.com\/noticias#listItem","position":1,"name":"Home","item":"https:\/\/www.eldigitaldeasturias.com\/noticias","nextItem":{"@type":"ListItem","@id":"https:\/\/www.eldigitaldeasturias.com\/noticias\/category\/sociedad\/#listItem","name":"Sociedad"}},{"@type":"ListItem","@id":"https:\/\/www.eldigitaldeasturias.com\/noticias\/category\/sociedad\/#listItem","position":2,"name":"Sociedad","item":"https:\/\/www.eldigitaldeasturias.com\/noticias\/category\/sociedad\/","nextItem":{"@type":"ListItem","@id":"https:\/\/www.eldigitaldeasturias.com\/noticias\/rodrigo-cortes-dice-que-su-cuenta-de-twitter-es-radicalmente-inutil\/#listItem","name":"Rodrigo Cort\u00e9s dice que su cuenta de Twitter es \u00abradicalmente in\u00fatil\u00bb"},"previousItem":{"@type":"ListItem","@id":"https:\/\/www.eldigitaldeasturias.com\/noticias#listItem","name":"Home"}},{"@type":"ListItem","@id":"https:\/\/www.eldigitaldeasturias.com\/noticias\/rodrigo-cortes-dice-que-su-cuenta-de-twitter-es-radicalmente-inutil\/#listItem","position":3,"name":"Rodrigo Cort\u00e9s dice que su cuenta de Twitter es \u00abradicalmente in\u00fatil\u00bb","previousItem":{"@type":"ListItem","@id":"https:\/\/www.eldigitaldeasturias.com\/noticias\/category\/sociedad\/#listItem","name":"Sociedad"}}]},{"@type":"Organization","@id":"https:\/\/www.eldigitaldeasturias.com\/noticias\/#organization","name":"El Digital de Asturias","description":"Hemeroteca","url":"https:\/\/www.eldigitaldeasturias.com\/noticias\/","email":"info@eldigitaldeasturias.com","telephone":"+34652131393","logo":{"@type":"ImageObject","url":"https:\/\/www.eldigitaldeasturias.com\/noticias\/wp-content\/uploads\/2020\/12\/EDA.jpg","@id":"https:\/\/www.eldigitaldeasturias.com\/noticias\/rodrigo-cortes-dice-que-su-cuenta-de-twitter-es-radicalmente-inutil\/#organizationLogo"},"image":{"@id":"https:\/\/www.eldigitaldeasturias.com\/noticias\/rodrigo-cortes-dice-que-su-cuenta-de-twitter-es-radicalmente-inutil\/#organizationLogo"},"sameAs":["https:\/\/facebook.com\/eldigitaldeasturias","https:\/\/www.youtube.com\/channel\/UCZP-2wLEB9Rv6erhFmqVnvg"],"address":{"@id":"https:\/\/www.eldigitaldeasturias.com\/noticias\/#postaladdress","@type":"PostalAddress","streetAddress":"san antonio 4","postalCode":"33430","addressLocality":"Cand\u00e1s","addressRegion":"Asturias","addressCountry":"ES"}},{"@type":"Person","@id":"https:\/\/www.eldigitaldeasturias.com\/noticias\/author\/admin\/#author","url":"https:\/\/www.eldigitaldeasturias.com\/noticias\/author\/admin\/","name":"El Digital de Asturias","image":{"@type":"ImageObject","@id":"https:\/\/www.eldigitaldeasturias.com\/noticias\/rodrigo-cortes-dice-que-su-cuenta-de-twitter-es-radicalmente-inutil\/#authorImage","url":"https:\/\/secure.gravatar.com\/avatar\/df2aeffc32bcd13f8d26072ef8a91b623d677766deac7f97ca815868cd41bf5e?s=96&d=mm&r=g","width":96,"height":96,"caption":"El Digital de Asturias"}},{"@type":"WebPage","@id":"https:\/\/www.eldigitaldeasturias.com\/noticias\/rodrigo-cortes-dice-que-su-cuenta-de-twitter-es-radicalmente-inutil\/#webpage","url":"https:\/\/www.eldigitaldeasturias.com\/noticias\/rodrigo-cortes-dice-que-su-cuenta-de-twitter-es-radicalmente-inutil\/","name":"Rodrigo Cort\u00e9s dice que su cuenta de Twitter es \u00abradicalmente in\u00fatil\u00bb - El Digital de Asturias","description":"Madrid, 3 dic (EFE).- \"Aqu\u00ed Rodrigo Cort\u00e9s. En 90 minutos todos muertos\". As\u00ed debut\u00f3 el cineasta gallego en Twitter hace m\u00e1s de dos a\u00f1os, justo antes de estrenar \"Buried\", pero lo que empez\u00f3 como herramienta de promoci\u00f3n se convirti\u00f3 pronto en laboratorio creativo y sus aforismos cuentan ya con m\u00e1s de 37.000 seguidores. \"Mi cuenta","inLanguage":"es-ES","isPartOf":{"@id":"https:\/\/www.eldigitaldeasturias.com\/noticias\/#website"},"breadcrumb":{"@id":"https:\/\/www.eldigitaldeasturias.com\/noticias\/rodrigo-cortes-dice-que-su-cuenta-de-twitter-es-radicalmente-inutil\/#breadcrumblist"},"author":{"@id":"https:\/\/www.eldigitaldeasturias.com\/noticias\/author\/admin\/#author"},"creator":{"@id":"https:\/\/www.eldigitaldeasturias.com\/noticias\/author\/admin\/#author"},"image":{"@type":"ImageObject","url":457252,"@id":"https:\/\/www.eldigitaldeasturias.com\/noticias\/rodrigo-cortes-dice-que-su-cuenta-de-twitter-es-radicalmente-inutil\/#mainImage"},"primaryImageOfPage":{"@id":"https:\/\/www.eldigitaldeasturias.com\/noticias\/rodrigo-cortes-dice-que-su-cuenta-de-twitter-es-radicalmente-inutil\/#mainImage"},"datePublished":"2013-12-03T18:13:29+01:00","dateModified":"2013-12-03T18:13:29+01:00"},{"@type":"WebSite","@id":"https:\/\/www.eldigitaldeasturias.com\/noticias\/#website","url":"https:\/\/www.eldigitaldeasturias.com\/noticias\/","name":"El Digital de Asturias - Diario de actualidad y noticias","alternateName":"El Digital de Asturias - Diario de actualidad y noticias","description":"Hemeroteca","inLanguage":"es-ES","publisher":{"@id":"https:\/\/www.eldigitaldeasturias.com\/noticias\/#organization"}}]},"og:locale":"es_ES","og:site_name":"El Digital de Asturias","og:type":"article","og:title":"Rodrigo Cort\u00e9s dice que su cuenta de Twitter es \u00abradicalmente in\u00fatil\u00bb - El Digital de Asturias","og:description":"Madrid, 3 dic (EFE).- &quot;Aqu\u00ed Rodrigo Cort\u00e9s. En 90 minutos todos muertos&quot;. As\u00ed debut\u00f3 el cineasta gallego en Twitter hace m\u00e1s de dos a\u00f1os, justo antes de estrenar &quot;Buried&quot;, pero lo que empez\u00f3 como herramienta de promoci\u00f3n se convirti\u00f3 pronto en laboratorio creativo y sus aforismos cuentan ya con m\u00e1s de 37.000 seguidores. &quot;Mi cuenta","og:url":"https:\/\/www.eldigitaldeasturias.com\/noticias\/rodrigo-cortes-dice-que-su-cuenta-de-twitter-es-radicalmente-inutil\/","article:tag":["sociedad"],"article:published_time":"2013-12-03T19:13:29+00:00","article:modified_time":"2013-12-03T19:13:29+00:00","article:publisher":"https:\/\/facebook.com\/eldigitaldeasturias","twitter:card":"summary_large_image","twitter:title":"Rodrigo Cort\u00e9s dice que su cuenta de Twitter es \u00abradicalmente in\u00fatil\u00bb - El Digital de Asturias","twitter:description":"Madrid, 3 dic (EFE).- &quot;Aqu\u00ed Rodrigo Cort\u00e9s. En 90 minutos todos muertos&quot;. As\u00ed debut\u00f3 el cineasta gallego en Twitter hace m\u00e1s de dos a\u00f1os, justo antes de estrenar &quot;Buried&quot;, pero lo que empez\u00f3 como herramienta de promoci\u00f3n se convirti\u00f3 pronto en laboratorio creativo y sus aforismos cuentan ya con m\u00e1s de 37.000 seguidores. &quot;Mi cuenta","twitter:label1":"Escrito por","twitter:data1":"El Digital de Asturias","twitter:label2":"Tiempo de lectura estimado","twitter:data2":"3 minutos"},"aioseo_meta_data":{"post_id":"457251","title":null,"description":null,"keywords":null,"keyphrases":null,"primary_term":null,"canonical_url":null,"og_title":null,"og_description":null,"og_object_type":"default","og_image_type":"default","og_image_url":null,"og_image_width":null,"og_image_height":null,"og_image_custom_url":null,"og_image_custom_fields":null,"og_video":null,"og_custom_url":null,"og_article_section":null,"og_article_tags":null,"twitter_use_og":true,"twitter_card":"default","twitter_image_type":"default","twitter_image_url":null,"twitter_image_custom_url":null,"twitter_image_custom_fields":null,"twitter_title":null,"twitter_description":null,"schema":{"blockGraphs":[],"customGraphs":[],"default":{"data":{"Article":[],"Course":[],"Dataset":[],"FAQPage":[],"Movie":[],"Person":[],"Product":[],"ProductReview":[],"Car":[],"Recipe":[],"Service":[],"SoftwareApplication":[],"WebPage":[]},"graphName":"","isEnabled":true},"graphs":[],"defaultGraph":"","defaultPostTypeGraph":""},"schema_type":null,"schema_type_options":null,"pillar_content":false,"robots_default":true,"robots_noindex":false,"robots_noarchive":false,"robots_nosnippet":false,"robots_nofollow":false,"robots_noimageindex":false,"robots_noodp":false,"robots_notranslate":false,"robots_max_snippet":null,"robots_max_videopreview":null,"robots_max_imagepreview":"none","priority":null,"frequency":null,"local_seo":null,"seo_analyzer_scan_date":"2026-05-30 00:52:02","breadcrumb_settings":null,"limit_modified_date":false,"open_ai":null,"ai":null,"created":"2020-11-14 22:46:06","updated":"2026-05-30 00:52:02","focus_keyword":null,"additional_keywords":null,"truseo_locale":null},"aioseo_breadcrumb":"<div class=\"aioseo-breadcrumbs\"><span class=\"aioseo-breadcrumb\">\n\t<a href=\"https:\/\/www.eldigitaldeasturias.com\/noticias\" title=\"Home\">Home<\/a>\n<\/span><span class=\"aioseo-breadcrumb-separator\">\u2013<\/span><span class=\"aioseo-breadcrumb\">\n\t<a href=\"https:\/\/www.eldigitaldeasturias.com\/noticias\/category\/sociedad\/\" title=\"Sociedad\">Sociedad<\/a>\n<\/span><span class=\"aioseo-breadcrumb-separator\">\u2013<\/span><span class=\"aioseo-breadcrumb\">\n\t<a href=\"https:\/\/www.eldigitaldeasturias.com\/noticias\/rodrigo-cortes-dice-que-su-cuenta-de-twitter-es-radicalmente-inutil\/\" title=\"Rodrigo Cort\u00e9s dice que su cuenta de Twitter es \u00abradicalmente in\u00fatil\u00bb\">Rodrigo Cort\u00e9s dice que su cuenta de Twitter es \u00abradicalmente in\u00fatil\u00bb<\/a>\n<\/span><\/div>","aioseo_breadcrumb_json":[{"label":"Home","link":"https:\/\/www.eldigitaldeasturias.com\/noticias"},{"label":"Sociedad","link":"https:\/\/www.eldigitaldeasturias.com\/noticias\/category\/sociedad\/"},{"label":"Rodrigo Cort\u00e9s dice que su cuenta de Twitter es \u00abradicalmente in\u00fatil\u00bb","link":"https:\/\/www.eldigitaldeasturias.com\/noticias\/rodrigo-cortes-dice-que-su-cuenta-de-twitter-es-radicalmente-inutil\/"}],"_links":{"self":[{"href":"https:\/\/www.eldigitaldeasturias.com\/noticias\/wp-json\/wp\/v2\/posts\/457251","targetHints":{"allow":["GET"]}}],"collection":[{"href":"https:\/\/www.eldigitaldeasturias.com\/noticias\/wp-json\/wp\/v2\/posts"}],"about":[{"href":"https:\/\/www.eldigitaldeasturias.com\/noticias\/wp-json\/wp\/v2\/types\/post"}],"author":[{"embeddable":true,"href":"https:\/\/www.eldigitaldeasturias.com\/noticias\/wp-json\/wp\/v2\/users\/1"}],"replies":[{"embeddable":true,"href":"https:\/\/www.eldigitaldeasturias.com\/noticias\/wp-json\/wp\/v2\/comments?post=457251"}],"version-history":[{"count":0,"href":"https:\/\/www.eldigitaldeasturias.com\/noticias\/wp-json\/wp\/v2\/posts\/457251\/revisions"}],"wp:attachment":[{"href":"https:\/\/www.eldigitaldeasturias.com\/noticias\/wp-json\/wp\/v2\/media?parent=457251"}],"wp:term":[{"taxonomy":"category","embeddable":true,"href":"https:\/\/www.eldigitaldeasturias.com\/noticias\/wp-json\/wp\/v2\/categories?post=457251"},{"taxonomy":"post_tag","embeddable":true,"href":"https:\/\/www.eldigitaldeasturias.com\/noticias\/wp-json\/wp\/v2\/tags?post=457251"}],"curies":[{"name":"wp","href":"https:\/\/api.w.org\/{rel}","templated":true}]}}