{"id":457243,"date":"2013-12-03T17:29:48","date_gmt":"2013-12-03T18:29:48","guid":{"rendered":"http:\/\/www.eldigitaldeasturias.com\/noticias\/?p=457243"},"modified":"2013-12-03T17:29:48","modified_gmt":"2013-12-03T18:29:48","slug":"los-fabricantes-miran-al-carsharing","status":"publish","type":"post","link":"https:\/\/www.eldigitaldeasturias.com\/noticias\/los-fabricantes-miran-al-carsharing\/","title":{"rendered":"Los fabricantes miran al \u00abcarsharing\u00bb"},"content":{"rendered":"<p><img loading=\"lazy\" decoding=\"async\" class=\"alignleft size-medium wp-image-457244\" alt=\"Autobauer auf der \u00d6ko-Schiene: Carsharing-Angebote im \u00dcberblick\" src=\"https:\/\/www.eldigitaldeasturias.com\/noticias\/wp-content\/uploads\/2013\/12\/LOS_FABRICANTES_MIRA_36536180-360x229.jpg\" width=\"360\" height=\"229\" \/>M\u00daNICH\/STUTTGART (dpa) &#8211; Al principio s\u00f3lo era una alternativa verde, pero ahora los altos ejecutivos de las automotrices est\u00e1n convencidos del desarollo del \u00abcarsharing\u00bb, el compartir un auto entre m\u00faltiples usuarios.<\/p>\n<p>La idea naci\u00f3 en los a\u00f1os &#8217;70 porque hab\u00eda gente que no se pod\u00eda permitir un coche. Pronto se vio la idea verde que hab\u00eda detr\u00e1s, por lo que la abrazaron los ecologistas. Ahora cada vez es m\u00e1s popular en ciudades de Europa y de Estados Unidos para ir a trabajar o para hacer un trayecto corto.<\/p>\n<p>El coche ya ha dejado de ser para muchos un s\u00edmbolo de status y el \u00abcarsharing\u00bb se amolda perfectamente a la \u00e9poca actual del \u00absmartphone\u00bb: una mirada a la App correspondiente basta para saber d\u00f3nde est\u00e1 el coche libre m\u00e1s pr\u00f3ximo.<\/p>\n<p>Ya hace tiempo que los fabricantes han descubierto este mercado, al que han entrado con diferentes conceptos. Daimler lo hizo con el Car2Go hace cinco a\u00f1os: fue el primer modelo de compartir coche con independencia de d\u00f3nde est\u00e9 estacionado. Ya est\u00e1 en 23 ciudades y en siete pa\u00edses. BMW ofrece el DriveNow en seis grandes ciudades, entre ellas San Francisco.<\/p>\n<p>A diferencia del cl\u00e1sico \u00abcarsharing\u00bb, Daimler, BMW y compa\u00f1\u00eda apuestan a las ofertas del llamado \u00abfree-floating\u00bb: los coches no est\u00e1n ligados a estaciones de pr\u00e9stamo, sino que pueden ser usados all\u00e1 donde se encuentren. Una App en el tel\u00e9fono permite saber d\u00f3nde hay uno disponible. La condici\u00f3n es el registro inicial en la p\u00e1gina web y el pago de un coste que var\u00eda desde el m\u00e1s barato del Multicity de Citro\u00ebn al m\u00e1s caro de Ford Carsharing.<\/p>\n<p>Luego, el pago de cada trayecto se hace por tiempo de utilizaci\u00f3n y tambi\u00e9n existen diferente tarifas. Ford, sin embargo, cobra por kil\u00f3metro adem\u00e1s de un precio fijo por hora. El coste por el uso de un d\u00eda completo var\u00eda entre los 39 euros (52,7 d\u00f3lares) de Multicity y Ford y los 59 de Car2Go.<\/p>\n<p>Pese a que hay diferencias de precio claras, la competencia entre las firmas es escasa. En Berl\u00edn, por ejemplo, operan Car2Go, DriveNow y Multicity. Mientras que los veh\u00edculos de Daimler y BMW se recogen en cualquier parte de la ciudad, los clientes de Citro\u00ebn, adem\u00e1s de la posibilidad de acceder a la flota de modelos C-Zero, pueden cambiar a la bicicleta en las estaciones de Flinkster. Tambi\u00e9n Ford coopera con Flinkster, pero su radio de acci\u00f3n queda fuera de las aglomeraciones de tr\u00e1fico del centro.<\/p>\n<p>Los coches usados son los m\u00e1s peque\u00f1os y los el\u00e9ctricos, ya que el \u00abcarsharing\u00bb es visto por los fabricantes tambi\u00e9n como campo de pruebas para nuevos modelos y tecnolog\u00edas. \u00abDesde 2012 ofrecemos en DriveNow el modelo completamente el\u00e9ctrico BMW ActiveE que el cliente puede usar sin tener que acordar una prueba\u00bb, dice Bernhard Bl\u00e4ttel, director de movilidad de BMW. De esta manera se solucionan problemas que van surgiendo con el uso diario del coche el\u00e9ctrico. Para 2014 est\u00e1 prevista la introducci\u00f3n del modelo i3.<\/p>\n<p>Daimler usa sobre todo el Smart para el Car2Go, pero apuesta cada vez m\u00e1s por los coches el\u00e9ctricos, mientras que Citro\u00ebn incluso tiene una flota plenamente el\u00e9ctrica en Berl\u00edn. \u00abPodemos as\u00ed poner a disposici\u00f3n del usuario novedades t\u00e9cnicas recientes\u00bb, dice Stephan L\u00fctzenkirchen, portavoz de Citro\u00ebn.<\/p>\n<p>No est\u00e1 tan avanzado Volkswagen, que con Quicar ha probado los primeros Golfs diesel. Una parte de la flota la quiere sustituir ahora por E-Ups.<\/p>\n<p>\u00abA Volkswagen le gustar\u00eda ofrecer una plataforma de &#8216;carsharing&#8217; para todas las marcas del consorcio\u00bb, afirma Gregor Fa\u00dfbender-Menzel, de la firma filial de Volkswagen Financial Services, encargada de desarrollar estas actividades para la matriz. Est\u00e1 previsto un \u00abcarsharing\u00bb de Audi para algunos clientes.<\/p>\n<p>La Asociaci\u00f3n Alemana de Carsharing (BCS por sus siglas en alem\u00e1n) es, sin embargo, cr\u00edtica con los fabricantes. \u00abEl &#8216;carsharing&#8217; deber\u00eda ayudar a proteger el medio ambiente a trav\u00e9s de la reducci\u00f3n del uso del coche\u00bb, dijo la portavoz de la BCS, Gabi Lambrecht.<\/p>\n<p>Las ofertas de las marcas se centran en los trayectos cortos en zonas de aglomeraci\u00f3n, donde habitualmente existe transporte p\u00fablico, critic\u00f3. \u00abAdem\u00e1s, en modelos como el Smart no cabe una familia\u00bb, agreg\u00f3 Lambrecht.<\/p>\n<p>El ideal en el futuro es que aquel que recorra menos de 10.000 kil\u00f3metros al a\u00f1o se d\u00e9 cuenta de que le conviene m\u00e1s recurrir al \u00abcarsharing\u00bb.<\/p>\n<p><i>Por Claudius L\u00fcder <\/i><\/p>\n","protected":false},"excerpt":{"rendered":"<p>M\u00daNICH\/STUTTGART (dpa) &#8211; Al principio s\u00f3lo era una alternativa verde, pero ahora los altos ejecutivos de las automotrices est\u00e1n convencidos del desarollo del \u00abcarsharing\u00bb, el compartir un auto entre m\u00faltiples usuarios. La idea naci\u00f3 en los a\u00f1os &#8217;70 porque hab\u00eda gente que no se pod\u00eda permitir un coche. Pronto se vio la idea verde que [&hellip;]<\/p>\n","protected":false},"author":1,"featured_media":457244,"comment_status":"closed","ping_status":"open","sticky":false,"template":"","format":"standard","meta":{"footnotes":""},"categories":[50],"tags":[],"class_list":["post-457243","post","type-post","status-publish","format-standard","has-post-thumbnail","hentry","category-revista-de-ocio"],"aioseo_notices":[],"aioseo_head":"\n\t\t<!-- All in One SEO Pro 5.0.1 - aioseo.com -->\n\t<meta name=\"description\" content=\"M\u00daNICH\/STUTTGART (dpa) - Al principio s\u00f3lo era una alternativa verde, pero ahora los altos ejecutivos de las automotrices est\u00e1n convencidos del desarollo del &quot;carsharing&quot;, el compartir un auto entre m\u00faltiples usuarios. La idea naci\u00f3 en los a\u00f1os &#039;70 porque hab\u00eda gente que no se pod\u00eda permitir un coche. Pronto se vio la idea verde que\" \/>\n\t<meta name=\"robots\" content=\"max-image-preview:large\" \/>\n\t<meta name=\"author\" content=\"El Digital de Asturias\"\/>\n\t<meta name=\"google-site-verification\" content=\"UA-38556648-1\" \/>\n\t<meta name=\"msvalidate.01\" content=\"7dfe9f3f1b24437ab69f4f2559babe99\" \/>\n\t<meta name=\"keywords\" content=\"revista de ocio\" \/>\n\t<link rel=\"canonical\" href=\"https:\/\/www.eldigitaldeasturias.com\/noticias\/los-fabricantes-miran-al-carsharing\/\" \/>\n\t<meta name=\"generator\" content=\"All in One SEO Pro (AIOSEO) 5.0.1\" \/>\n\t\t<meta property=\"og:locale\" content=\"es_ES\" \/>\n\t\t<meta property=\"og:site_name\" content=\"El Digital de Asturias\" \/>\n\t\t<meta property=\"og:type\" content=\"article\" \/>\n\t\t<meta property=\"og:title\" content=\"Los fabricantes miran al \u00abcarsharing\u00bb - El Digital de Asturias\" \/>\n\t\t<meta property=\"og:description\" content=\"M\u00daNICH\/STUTTGART (dpa) - Al principio s\u00f3lo era una alternativa verde, pero ahora los altos ejecutivos de las automotrices est\u00e1n convencidos del desarollo del &quot;carsharing&quot;, el compartir un auto entre m\u00faltiples usuarios. La idea naci\u00f3 en los a\u00f1os &#039;70 porque hab\u00eda gente que no se pod\u00eda permitir un coche. Pronto se vio la idea verde que\" \/>\n\t\t<meta property=\"og:url\" content=\"https:\/\/www.eldigitaldeasturias.com\/noticias\/los-fabricantes-miran-al-carsharing\/\" \/>\n\t\t<meta property=\"article:tag\" content=\"revista de ocio\" \/>\n\t\t<meta property=\"article:published_time\" content=\"2013-12-03T18:29:48+00:00\" \/>\n\t\t<meta property=\"article:modified_time\" content=\"2013-12-03T18:29:48+00:00\" \/>\n\t\t<meta property=\"article:publisher\" content=\"https:\/\/facebook.com\/eldigitaldeasturias\" \/>\n\t\t<meta name=\"twitter:card\" content=\"summary_large_image\" \/>\n\t\t<meta name=\"twitter:title\" content=\"Los fabricantes miran al \u00abcarsharing\u00bb - El Digital de Asturias\" \/>\n\t\t<meta name=\"twitter:description\" content=\"M\u00daNICH\/STUTTGART (dpa) - Al principio s\u00f3lo era una alternativa verde, pero ahora los altos ejecutivos de las automotrices est\u00e1n convencidos del desarollo del &quot;carsharing&quot;, el compartir un auto entre m\u00faltiples usuarios. La idea naci\u00f3 en los a\u00f1os &#039;70 porque hab\u00eda gente que no se pod\u00eda permitir un coche. Pronto se vio la idea verde que\" \/>\n\t\t<meta name=\"twitter:label1\" content=\"Escrito por\" \/>\n\t\t<meta name=\"twitter:data1\" content=\"El Digital de Asturias\" \/>\n\t\t<meta name=\"twitter:label2\" content=\"Tiempo de lectura estimado\" \/>\n\t\t<meta name=\"twitter:data2\" content=\"4 minutos\" \/>\n\t\t<script type=\"application\/ld+json\" class=\"aioseo-schema\">\n\t\t\t{\"@context\":\"https:\\\/\\\/schema.org\",\"@graph\":[{\"@type\":\"BlogPosting\",\"@id\":\"https:\\\/\\\/www.eldigitaldeasturias.com\\\/noticias\\\/los-fabricantes-miran-al-carsharing\\\/#blogposting\",\"name\":\"Los fabricantes miran al \\u00abcarsharing\\u00bb - El Digital de Asturias\",\"headline\":\"Los fabricantes miran al \\u00abcarsharing\\u00bb\",\"author\":{\"@id\":\"https:\\\/\\\/www.eldigitaldeasturias.com\\\/noticias\\\/author\\\/admin\\\/#author\"},\"publisher\":{\"@id\":\"https:\\\/\\\/www.eldigitaldeasturias.com\\\/noticias\\\/#organization\"},\"image\":{\"@type\":\"ImageObject\",\"url\":457244},\"datePublished\":\"2013-12-03T17:29:48+01:00\",\"dateModified\":\"2013-12-03T17:29:48+01:00\",\"inLanguage\":\"es-ES\",\"mainEntityOfPage\":{\"@id\":\"https:\\\/\\\/www.eldigitaldeasturias.com\\\/noticias\\\/los-fabricantes-miran-al-carsharing\\\/#webpage\"},\"isPartOf\":{\"@id\":\"https:\\\/\\\/www.eldigitaldeasturias.com\\\/noticias\\\/los-fabricantes-miran-al-carsharing\\\/#webpage\"},\"articleSection\":\"Revista de Ocio\"},{\"@type\":\"BreadcrumbList\",\"@id\":\"https:\\\/\\\/www.eldigitaldeasturias.com\\\/noticias\\\/los-fabricantes-miran-al-carsharing\\\/#breadcrumblist\",\"itemListElement\":[{\"@type\":\"ListItem\",\"@id\":\"https:\\\/\\\/www.eldigitaldeasturias.com\\\/noticias#listItem\",\"position\":1,\"name\":\"Home\",\"item\":\"https:\\\/\\\/www.eldigitaldeasturias.com\\\/noticias\",\"nextItem\":{\"@type\":\"ListItem\",\"@id\":\"https:\\\/\\\/www.eldigitaldeasturias.com\\\/noticias\\\/category\\\/revista-de-ocio\\\/#listItem\",\"name\":\"Revista de Ocio\"}},{\"@type\":\"ListItem\",\"@id\":\"https:\\\/\\\/www.eldigitaldeasturias.com\\\/noticias\\\/category\\\/revista-de-ocio\\\/#listItem\",\"position\":2,\"name\":\"Revista de Ocio\",\"item\":\"https:\\\/\\\/www.eldigitaldeasturias.com\\\/noticias\\\/category\\\/revista-de-ocio\\\/\",\"nextItem\":{\"@type\":\"ListItem\",\"@id\":\"https:\\\/\\\/www.eldigitaldeasturias.com\\\/noticias\\\/los-fabricantes-miran-al-carsharing\\\/#listItem\",\"name\":\"Los fabricantes miran al \\u00abcarsharing\\u00bb\"},\"previousItem\":{\"@type\":\"ListItem\",\"@id\":\"https:\\\/\\\/www.eldigitaldeasturias.com\\\/noticias#listItem\",\"name\":\"Home\"}},{\"@type\":\"ListItem\",\"@id\":\"https:\\\/\\\/www.eldigitaldeasturias.com\\\/noticias\\\/los-fabricantes-miran-al-carsharing\\\/#listItem\",\"position\":3,\"name\":\"Los fabricantes miran al \\u00abcarsharing\\u00bb\",\"previousItem\":{\"@type\":\"ListItem\",\"@id\":\"https:\\\/\\\/www.eldigitaldeasturias.com\\\/noticias\\\/category\\\/revista-de-ocio\\\/#listItem\",\"name\":\"Revista de Ocio\"}}]},{\"@type\":\"Organization\",\"@id\":\"https:\\\/\\\/www.eldigitaldeasturias.com\\\/noticias\\\/#organization\",\"name\":\"El Digital de Asturias\",\"description\":\"Hemeroteca\",\"url\":\"https:\\\/\\\/www.eldigitaldeasturias.com\\\/noticias\\\/\",\"email\":\"info@eldigitaldeasturias.com\",\"telephone\":\"+34652131393\",\"logo\":{\"@type\":\"ImageObject\",\"url\":\"https:\\\/\\\/www.eldigitaldeasturias.com\\\/noticias\\\/wp-content\\\/uploads\\\/2020\\\/12\\\/EDA.jpg\",\"@id\":\"https:\\\/\\\/www.eldigitaldeasturias.com\\\/noticias\\\/los-fabricantes-miran-al-carsharing\\\/#organizationLogo\"},\"image\":{\"@id\":\"https:\\\/\\\/www.eldigitaldeasturias.com\\\/noticias\\\/los-fabricantes-miran-al-carsharing\\\/#organizationLogo\"},\"sameAs\":[\"https:\\\/\\\/facebook.com\\\/eldigitaldeasturias\",\"https:\\\/\\\/www.youtube.com\\\/channel\\\/UCZP-2wLEB9Rv6erhFmqVnvg\"],\"address\":{\"@id\":\"https:\\\/\\\/www.eldigitaldeasturias.com\\\/noticias\\\/#postaladdress\",\"@type\":\"PostalAddress\",\"streetAddress\":\"san antonio 4\",\"postalCode\":\"33430\",\"addressLocality\":\"Cand\\u00e1s\",\"addressRegion\":\"Asturias\",\"addressCountry\":\"ES\"}},{\"@type\":\"Person\",\"@id\":\"https:\\\/\\\/www.eldigitaldeasturias.com\\\/noticias\\\/author\\\/admin\\\/#author\",\"url\":\"https:\\\/\\\/www.eldigitaldeasturias.com\\\/noticias\\\/author\\\/admin\\\/\",\"name\":\"El Digital de Asturias\",\"image\":{\"@type\":\"ImageObject\",\"@id\":\"https:\\\/\\\/www.eldigitaldeasturias.com\\\/noticias\\\/los-fabricantes-miran-al-carsharing\\\/#authorImage\",\"url\":\"https:\\\/\\\/secure.gravatar.com\\\/avatar\\\/df2aeffc32bcd13f8d26072ef8a91b623d677766deac7f97ca815868cd41bf5e?s=96&d=mm&r=g\",\"width\":96,\"height\":96,\"caption\":\"El Digital de Asturias\"}},{\"@type\":\"WebPage\",\"@id\":\"https:\\\/\\\/www.eldigitaldeasturias.com\\\/noticias\\\/los-fabricantes-miran-al-carsharing\\\/#webpage\",\"url\":\"https:\\\/\\\/www.eldigitaldeasturias.com\\\/noticias\\\/los-fabricantes-miran-al-carsharing\\\/\",\"name\":\"Los fabricantes miran al \\u00abcarsharing\\u00bb - El Digital de Asturias\",\"description\":\"M\\u00daNICH\\\/STUTTGART (dpa) - Al principio s\\u00f3lo era una alternativa verde, pero ahora los altos ejecutivos de las automotrices est\\u00e1n convencidos del desarollo del \\\"carsharing\\\", el compartir un auto entre m\\u00faltiples usuarios. La idea naci\\u00f3 en los a\\u00f1os '70 porque hab\\u00eda gente que no se pod\\u00eda permitir un coche. Pronto se vio la idea verde que\",\"inLanguage\":\"es-ES\",\"isPartOf\":{\"@id\":\"https:\\\/\\\/www.eldigitaldeasturias.com\\\/noticias\\\/#website\"},\"breadcrumb\":{\"@id\":\"https:\\\/\\\/www.eldigitaldeasturias.com\\\/noticias\\\/los-fabricantes-miran-al-carsharing\\\/#breadcrumblist\"},\"author\":{\"@id\":\"https:\\\/\\\/www.eldigitaldeasturias.com\\\/noticias\\\/author\\\/admin\\\/#author\"},\"creator\":{\"@id\":\"https:\\\/\\\/www.eldigitaldeasturias.com\\\/noticias\\\/author\\\/admin\\\/#author\"},\"image\":{\"@type\":\"ImageObject\",\"url\":457244,\"@id\":\"https:\\\/\\\/www.eldigitaldeasturias.com\\\/noticias\\\/los-fabricantes-miran-al-carsharing\\\/#mainImage\"},\"primaryImageOfPage\":{\"@id\":\"https:\\\/\\\/www.eldigitaldeasturias.com\\\/noticias\\\/los-fabricantes-miran-al-carsharing\\\/#mainImage\"},\"datePublished\":\"2013-12-03T17:29:48+01:00\",\"dateModified\":\"2013-12-03T17:29:48+01:00\"},{\"@type\":\"WebSite\",\"@id\":\"https:\\\/\\\/www.eldigitaldeasturias.com\\\/noticias\\\/#website\",\"url\":\"https:\\\/\\\/www.eldigitaldeasturias.com\\\/noticias\\\/\",\"name\":\"El Digital de Asturias - Diario de actualidad y noticias\",\"alternateName\":\"El Digital de Asturias - Diario de actualidad y noticias\",\"description\":\"Hemeroteca\",\"inLanguage\":\"es-ES\",\"publisher\":{\"@id\":\"https:\\\/\\\/www.eldigitaldeasturias.com\\\/noticias\\\/#organization\"}}]}\n\t\t<\/script>\n\t\t<!-- All in One SEO Pro -->\r\n\t\t<title>Los fabricantes miran al \u00abcarsharing\u00bb - El Digital de Asturias<\/title>\n\n","aioseo_head_json":{"title":"Los fabricantes miran al \u00abcarsharing\u00bb - El Digital de Asturias","description":"M\u00daNICH\/STUTTGART (dpa) - Al principio s\u00f3lo era una alternativa verde, pero ahora los altos ejecutivos de las automotrices est\u00e1n convencidos del desarollo del \"carsharing\", el compartir un auto entre m\u00faltiples usuarios. La idea naci\u00f3 en los a\u00f1os '70 porque hab\u00eda gente que no se pod\u00eda permitir un coche. Pronto se vio la idea verde que","canonical_url":"https:\/\/www.eldigitaldeasturias.com\/noticias\/los-fabricantes-miran-al-carsharing\/","robots":"max-image-preview:large","keywords":"revista de ocio","webmasterTools":{"google-site-verification":"UA-38556648-1","msvalidate.01":"7dfe9f3f1b24437ab69f4f2559babe99","miscellaneous":""},"schema":{"@context":"https:\/\/schema.org","@graph":[{"@type":"BlogPosting","@id":"https:\/\/www.eldigitaldeasturias.com\/noticias\/los-fabricantes-miran-al-carsharing\/#blogposting","name":"Los fabricantes miran al \u00abcarsharing\u00bb - El Digital de Asturias","headline":"Los fabricantes miran al \u00abcarsharing\u00bb","author":{"@id":"https:\/\/www.eldigitaldeasturias.com\/noticias\/author\/admin\/#author"},"publisher":{"@id":"https:\/\/www.eldigitaldeasturias.com\/noticias\/#organization"},"image":{"@type":"ImageObject","url":457244},"datePublished":"2013-12-03T17:29:48+01:00","dateModified":"2013-12-03T17:29:48+01:00","inLanguage":"es-ES","mainEntityOfPage":{"@id":"https:\/\/www.eldigitaldeasturias.com\/noticias\/los-fabricantes-miran-al-carsharing\/#webpage"},"isPartOf":{"@id":"https:\/\/www.eldigitaldeasturias.com\/noticias\/los-fabricantes-miran-al-carsharing\/#webpage"},"articleSection":"Revista de Ocio"},{"@type":"BreadcrumbList","@id":"https:\/\/www.eldigitaldeasturias.com\/noticias\/los-fabricantes-miran-al-carsharing\/#breadcrumblist","itemListElement":[{"@type":"ListItem","@id":"https:\/\/www.eldigitaldeasturias.com\/noticias#listItem","position":1,"name":"Home","item":"https:\/\/www.eldigitaldeasturias.com\/noticias","nextItem":{"@type":"ListItem","@id":"https:\/\/www.eldigitaldeasturias.com\/noticias\/category\/revista-de-ocio\/#listItem","name":"Revista de Ocio"}},{"@type":"ListItem","@id":"https:\/\/www.eldigitaldeasturias.com\/noticias\/category\/revista-de-ocio\/#listItem","position":2,"name":"Revista de Ocio","item":"https:\/\/www.eldigitaldeasturias.com\/noticias\/category\/revista-de-ocio\/","nextItem":{"@type":"ListItem","@id":"https:\/\/www.eldigitaldeasturias.com\/noticias\/los-fabricantes-miran-al-carsharing\/#listItem","name":"Los fabricantes miran al \u00abcarsharing\u00bb"},"previousItem":{"@type":"ListItem","@id":"https:\/\/www.eldigitaldeasturias.com\/noticias#listItem","name":"Home"}},{"@type":"ListItem","@id":"https:\/\/www.eldigitaldeasturias.com\/noticias\/los-fabricantes-miran-al-carsharing\/#listItem","position":3,"name":"Los fabricantes miran al \u00abcarsharing\u00bb","previousItem":{"@type":"ListItem","@id":"https:\/\/www.eldigitaldeasturias.com\/noticias\/category\/revista-de-ocio\/#listItem","name":"Revista de Ocio"}}]},{"@type":"Organization","@id":"https:\/\/www.eldigitaldeasturias.com\/noticias\/#organization","name":"El Digital de Asturias","description":"Hemeroteca","url":"https:\/\/www.eldigitaldeasturias.com\/noticias\/","email":"info@eldigitaldeasturias.com","telephone":"+34652131393","logo":{"@type":"ImageObject","url":"https:\/\/www.eldigitaldeasturias.com\/noticias\/wp-content\/uploads\/2020\/12\/EDA.jpg","@id":"https:\/\/www.eldigitaldeasturias.com\/noticias\/los-fabricantes-miran-al-carsharing\/#organizationLogo"},"image":{"@id":"https:\/\/www.eldigitaldeasturias.com\/noticias\/los-fabricantes-miran-al-carsharing\/#organizationLogo"},"sameAs":["https:\/\/facebook.com\/eldigitaldeasturias","https:\/\/www.youtube.com\/channel\/UCZP-2wLEB9Rv6erhFmqVnvg"],"address":{"@id":"https:\/\/www.eldigitaldeasturias.com\/noticias\/#postaladdress","@type":"PostalAddress","streetAddress":"san antonio 4","postalCode":"33430","addressLocality":"Cand\u00e1s","addressRegion":"Asturias","addressCountry":"ES"}},{"@type":"Person","@id":"https:\/\/www.eldigitaldeasturias.com\/noticias\/author\/admin\/#author","url":"https:\/\/www.eldigitaldeasturias.com\/noticias\/author\/admin\/","name":"El Digital de Asturias","image":{"@type":"ImageObject","@id":"https:\/\/www.eldigitaldeasturias.com\/noticias\/los-fabricantes-miran-al-carsharing\/#authorImage","url":"https:\/\/secure.gravatar.com\/avatar\/df2aeffc32bcd13f8d26072ef8a91b623d677766deac7f97ca815868cd41bf5e?s=96&d=mm&r=g","width":96,"height":96,"caption":"El Digital de Asturias"}},{"@type":"WebPage","@id":"https:\/\/www.eldigitaldeasturias.com\/noticias\/los-fabricantes-miran-al-carsharing\/#webpage","url":"https:\/\/www.eldigitaldeasturias.com\/noticias\/los-fabricantes-miran-al-carsharing\/","name":"Los fabricantes miran al \u00abcarsharing\u00bb - El Digital de Asturias","description":"M\u00daNICH\/STUTTGART (dpa) - Al principio s\u00f3lo era una alternativa verde, pero ahora los altos ejecutivos de las automotrices est\u00e1n convencidos del desarollo del \"carsharing\", el compartir un auto entre m\u00faltiples usuarios. La idea naci\u00f3 en los a\u00f1os '70 porque hab\u00eda gente que no se pod\u00eda permitir un coche. Pronto se vio la idea verde que","inLanguage":"es-ES","isPartOf":{"@id":"https:\/\/www.eldigitaldeasturias.com\/noticias\/#website"},"breadcrumb":{"@id":"https:\/\/www.eldigitaldeasturias.com\/noticias\/los-fabricantes-miran-al-carsharing\/#breadcrumblist"},"author":{"@id":"https:\/\/www.eldigitaldeasturias.com\/noticias\/author\/admin\/#author"},"creator":{"@id":"https:\/\/www.eldigitaldeasturias.com\/noticias\/author\/admin\/#author"},"image":{"@type":"ImageObject","url":457244,"@id":"https:\/\/www.eldigitaldeasturias.com\/noticias\/los-fabricantes-miran-al-carsharing\/#mainImage"},"primaryImageOfPage":{"@id":"https:\/\/www.eldigitaldeasturias.com\/noticias\/los-fabricantes-miran-al-carsharing\/#mainImage"},"datePublished":"2013-12-03T17:29:48+01:00","dateModified":"2013-12-03T17:29:48+01:00"},{"@type":"WebSite","@id":"https:\/\/www.eldigitaldeasturias.com\/noticias\/#website","url":"https:\/\/www.eldigitaldeasturias.com\/noticias\/","name":"El Digital de Asturias - Diario de actualidad y noticias","alternateName":"El Digital de Asturias - Diario de actualidad y noticias","description":"Hemeroteca","inLanguage":"es-ES","publisher":{"@id":"https:\/\/www.eldigitaldeasturias.com\/noticias\/#organization"}}]},"og:locale":"es_ES","og:site_name":"El Digital de Asturias","og:type":"article","og:title":"Los fabricantes miran al \u00abcarsharing\u00bb - El Digital de Asturias","og:description":"M\u00daNICH\/STUTTGART (dpa) - Al principio s\u00f3lo era una alternativa verde, pero ahora los altos ejecutivos de las automotrices est\u00e1n convencidos del desarollo del &quot;carsharing&quot;, el compartir un auto entre m\u00faltiples usuarios. La idea naci\u00f3 en los a\u00f1os '70 porque hab\u00eda gente que no se pod\u00eda permitir un coche. Pronto se vio la idea verde que","og:url":"https:\/\/www.eldigitaldeasturias.com\/noticias\/los-fabricantes-miran-al-carsharing\/","article:tag":["revista de ocio"],"article:published_time":"2013-12-03T18:29:48+00:00","article:modified_time":"2013-12-03T18:29:48+00:00","article:publisher":"https:\/\/facebook.com\/eldigitaldeasturias","twitter:card":"summary_large_image","twitter:title":"Los fabricantes miran al \u00abcarsharing\u00bb - El Digital de Asturias","twitter:description":"M\u00daNICH\/STUTTGART (dpa) - Al principio s\u00f3lo era una alternativa verde, pero ahora los altos ejecutivos de las automotrices est\u00e1n convencidos del desarollo del &quot;carsharing&quot;, el compartir un auto entre m\u00faltiples usuarios. La idea naci\u00f3 en los a\u00f1os '70 porque hab\u00eda gente que no se pod\u00eda permitir un coche. Pronto se vio la idea verde que","twitter:label1":"Escrito por","twitter:data1":"El Digital de Asturias","twitter:label2":"Tiempo de lectura estimado","twitter:data2":"4 minutos"},"aioseo_meta_data":{"post_id":"457243","title":null,"description":null,"keywords":null,"keyphrases":null,"primary_term":null,"canonical_url":null,"og_title":null,"og_description":null,"og_object_type":"default","og_image_type":"default","og_image_url":null,"og_image_width":null,"og_image_height":null,"og_image_custom_url":null,"og_image_custom_fields":null,"og_video":null,"og_custom_url":null,"og_article_section":null,"og_article_tags":null,"twitter_use_og":true,"twitter_card":"default","twitter_image_type":"default","twitter_image_url":null,"twitter_image_custom_url":null,"twitter_image_custom_fields":null,"twitter_title":null,"twitter_description":null,"schema":{"blockGraphs":[],"customGraphs":[],"default":{"data":{"Article":[],"Course":[],"Dataset":[],"FAQPage":[],"Movie":[],"Person":[],"Product":[],"ProductReview":[],"Car":[],"Recipe":[],"Service":[],"SoftwareApplication":[],"WebPage":[]},"graphName":"","isEnabled":true},"graphs":[],"defaultGraph":"","defaultPostTypeGraph":""},"schema_type":null,"schema_type_options":null,"pillar_content":false,"robots_default":true,"robots_noindex":false,"robots_noarchive":false,"robots_nosnippet":false,"robots_nofollow":false,"robots_noimageindex":false,"robots_noodp":false,"robots_notranslate":false,"robots_max_snippet":null,"robots_max_videopreview":null,"robots_max_imagepreview":"none","priority":null,"frequency":null,"local_seo":null,"seo_analyzer_scan_date":"2026-05-30 00:49:16","breadcrumb_settings":null,"limit_modified_date":false,"open_ai":null,"ai":null,"created":"2020-11-14 22:46:06","updated":"2026-05-30 00:49:16","focus_keyword":null,"additional_keywords":null,"truseo_locale":null},"aioseo_breadcrumb":"<div class=\"aioseo-breadcrumbs\"><span class=\"aioseo-breadcrumb\">\n\t<a href=\"https:\/\/www.eldigitaldeasturias.com\/noticias\" title=\"Home\">Home<\/a>\n<\/span><span class=\"aioseo-breadcrumb-separator\">\u2013<\/span><span class=\"aioseo-breadcrumb\">\n\t<a href=\"https:\/\/www.eldigitaldeasturias.com\/noticias\/category\/revista-de-ocio\/\" title=\"Revista de Ocio\">Revista de Ocio<\/a>\n<\/span><span class=\"aioseo-breadcrumb-separator\">\u2013<\/span><span class=\"aioseo-breadcrumb\">\n\t<a href=\"https:\/\/www.eldigitaldeasturias.com\/noticias\/los-fabricantes-miran-al-carsharing\/\" title=\"Los fabricantes miran al \u00abcarsharing\u00bb\">Los fabricantes miran al \u00abcarsharing\u00bb<\/a>\n<\/span><\/div>","aioseo_breadcrumb_json":[{"label":"Home","link":"https:\/\/www.eldigitaldeasturias.com\/noticias"},{"label":"Revista de Ocio","link":"https:\/\/www.eldigitaldeasturias.com\/noticias\/category\/revista-de-ocio\/"},{"label":"Los fabricantes miran al \u00abcarsharing\u00bb","link":"https:\/\/www.eldigitaldeasturias.com\/noticias\/los-fabricantes-miran-al-carsharing\/"}],"_links":{"self":[{"href":"https:\/\/www.eldigitaldeasturias.com\/noticias\/wp-json\/wp\/v2\/posts\/457243","targetHints":{"allow":["GET"]}}],"collection":[{"href":"https:\/\/www.eldigitaldeasturias.com\/noticias\/wp-json\/wp\/v2\/posts"}],"about":[{"href":"https:\/\/www.eldigitaldeasturias.com\/noticias\/wp-json\/wp\/v2\/types\/post"}],"author":[{"embeddable":true,"href":"https:\/\/www.eldigitaldeasturias.com\/noticias\/wp-json\/wp\/v2\/users\/1"}],"replies":[{"embeddable":true,"href":"https:\/\/www.eldigitaldeasturias.com\/noticias\/wp-json\/wp\/v2\/comments?post=457243"}],"version-history":[{"count":0,"href":"https:\/\/www.eldigitaldeasturias.com\/noticias\/wp-json\/wp\/v2\/posts\/457243\/revisions"}],"wp:attachment":[{"href":"https:\/\/www.eldigitaldeasturias.com\/noticias\/wp-json\/wp\/v2\/media?parent=457243"}],"wp:term":[{"taxonomy":"category","embeddable":true,"href":"https:\/\/www.eldigitaldeasturias.com\/noticias\/wp-json\/wp\/v2\/categories?post=457243"},{"taxonomy":"post_tag","embeddable":true,"href":"https:\/\/www.eldigitaldeasturias.com\/noticias\/wp-json\/wp\/v2\/tags?post=457243"}],"curies":[{"name":"wp","href":"https:\/\/api.w.org\/{rel}","templated":true}]}}