{"id":457213,"date":"2013-12-03T16:55:21","date_gmt":"2013-12-03T17:55:21","guid":{"rendered":"http:\/\/www.eldigitaldeasturias.com\/noticias\/?p=457213"},"modified":"2013-12-03T16:55:21","modified_gmt":"2013-12-03T17:55:21","slug":"protos-reserva-2009-llevara-corses-de-maya-hansen-disenadora-de-lady-gaga","status":"publish","type":"post","link":"https:\/\/www.eldigitaldeasturias.com\/noticias\/protos-reserva-2009-llevara-corses-de-maya-hansen-disenadora-de-lady-gaga\/","title":{"rendered":"Protos Reserva 2009 llevar\u00e1 cors\u00e9s de Maya Hansen, dise\u00f1adora de Lady Gaga"},"content":{"rendered":"<p><img loading=\"lazy\" decoding=\"async\" class=\"alignleft size-medium wp-image-457214\" alt=\"5768670w\" src=\"https:\/\/www.eldigitaldeasturias.com\/noticias\/wp-content\/uploads\/2013\/12\/5768670w-274x320.jpg\" width=\"274\" height=\"320\" \/>Madrid, 3 dic (EFE).- La dise\u00f1adora espa\u00f1ola Maya Hansen, que ha vestido a Lady Gaga, Nieves \u00c1lvarez o Paz Vega, ha perfilado tres cors\u00e9s exclusivos para vestir durante las pr\u00f3ximas Navidades la a\u00f1ada 2009 de Protos Reserva, inform\u00f3 la bodega en un comunicado.<\/p>\n<p>Se trata de \u00abtres cors\u00e9s \u00fanicos, con acabados metalizados que proyectan sobre una de las joyas de la bodega el esp\u00edritu y estilo de los dise\u00f1os de Maya Hansen\u00bb, precis\u00f3 la bodega.<\/p>\n<p>\u00abEstas tres artesanales creaciones son una muestra del extraordinario maridaje que surge al fusionar el mundo del vino con la moda, en concreto Bodegas Protos y Maya Hansen\u00bb, agrega la compa\u00f1\u00eda de la Ribera del Duero en el mismo comunicado.<\/p>\n","protected":false},"excerpt":{"rendered":"<p>Madrid, 3 dic (EFE).- La dise\u00f1adora espa\u00f1ola Maya Hansen, que ha vestido a Lady Gaga, Nieves \u00c1lvarez o Paz Vega, ha perfilado tres cors\u00e9s exclusivos para vestir durante las pr\u00f3ximas Navidades la a\u00f1ada 2009 de Protos Reserva, inform\u00f3 la bodega en un comunicado. Se trata de \u00abtres cors\u00e9s \u00fanicos, con acabados metalizados que proyectan sobre [&hellip;]<\/p>\n","protected":false},"author":1,"featured_media":457214,"comment_status":"closed","ping_status":"open","sticky":false,"template":"","format":"standard","meta":{"footnotes":""},"categories":[50],"tags":[],"class_list":["post-457213","post","type-post","status-publish","format-standard","has-post-thumbnail","hentry","category-revista-de-ocio"],"aioseo_notices":[],"aioseo_head":"\n\t\t<!-- All in One SEO Pro 5.0.1 - aioseo.com -->\n\t<meta name=\"description\" content=\"Madrid, 3 dic (EFE).- La dise\u00f1adora espa\u00f1ola Maya Hansen, que ha vestido a Lady Gaga, Nieves \u00c1lvarez o Paz Vega, ha perfilado tres cors\u00e9s exclusivos para vestir durante las pr\u00f3ximas Navidades la a\u00f1ada 2009 de Protos Reserva, inform\u00f3 la bodega en un comunicado. Se trata de &quot;tres cors\u00e9s \u00fanicos, con acabados metalizados que proyectan sobre\" \/>\n\t<meta name=\"robots\" content=\"max-image-preview:large\" \/>\n\t<meta name=\"author\" content=\"El Digital de Asturias\"\/>\n\t<meta name=\"google-site-verification\" content=\"UA-38556648-1\" \/>\n\t<meta name=\"msvalidate.01\" content=\"7dfe9f3f1b24437ab69f4f2559babe99\" \/>\n\t<meta name=\"keywords\" content=\"revista de ocio\" \/>\n\t<link rel=\"canonical\" href=\"https:\/\/www.eldigitaldeasturias.com\/noticias\/protos-reserva-2009-llevara-corses-de-maya-hansen-disenadora-de-lady-gaga\/\" \/>\n\t<meta name=\"generator\" content=\"All in One SEO Pro (AIOSEO) 5.0.1\" \/>\n\t\t<meta property=\"og:locale\" content=\"es_ES\" \/>\n\t\t<meta property=\"og:site_name\" content=\"El Digital de Asturias\" \/>\n\t\t<meta property=\"og:type\" content=\"article\" \/>\n\t\t<meta property=\"og:title\" content=\"Protos Reserva 2009 llevar\u00e1 cors\u00e9s de Maya Hansen, dise\u00f1adora de Lady Gaga - El Digital de Asturias\" \/>\n\t\t<meta property=\"og:description\" content=\"Madrid, 3 dic (EFE).- La dise\u00f1adora espa\u00f1ola Maya Hansen, que ha vestido a Lady Gaga, Nieves \u00c1lvarez o Paz Vega, ha perfilado tres cors\u00e9s exclusivos para vestir durante las pr\u00f3ximas Navidades la a\u00f1ada 2009 de Protos Reserva, inform\u00f3 la bodega en un comunicado. Se trata de &quot;tres cors\u00e9s \u00fanicos, con acabados metalizados que proyectan sobre\" \/>\n\t\t<meta property=\"og:url\" content=\"https:\/\/www.eldigitaldeasturias.com\/noticias\/protos-reserva-2009-llevara-corses-de-maya-hansen-disenadora-de-lady-gaga\/\" \/>\n\t\t<meta property=\"article:tag\" content=\"revista de ocio\" \/>\n\t\t<meta property=\"article:published_time\" content=\"2013-12-03T17:55:21+00:00\" \/>\n\t\t<meta property=\"article:modified_time\" content=\"2013-12-03T17:55:21+00:00\" \/>\n\t\t<meta property=\"article:publisher\" content=\"https:\/\/facebook.com\/eldigitaldeasturias\" \/>\n\t\t<meta name=\"twitter:card\" content=\"summary_large_image\" \/>\n\t\t<meta name=\"twitter:title\" content=\"Protos Reserva 2009 llevar\u00e1 cors\u00e9s de Maya Hansen, dise\u00f1adora de Lady Gaga - El Digital de Asturias\" \/>\n\t\t<meta name=\"twitter:description\" content=\"Madrid, 3 dic (EFE).- La dise\u00f1adora espa\u00f1ola Maya Hansen, que ha vestido a Lady Gaga, Nieves \u00c1lvarez o Paz Vega, ha perfilado tres cors\u00e9s exclusivos para vestir durante las pr\u00f3ximas Navidades la a\u00f1ada 2009 de Protos Reserva, inform\u00f3 la bodega en un comunicado. Se trata de &quot;tres cors\u00e9s \u00fanicos, con acabados metalizados que proyectan sobre\" \/>\n\t\t<meta name=\"twitter:label1\" content=\"Escrito por\" \/>\n\t\t<meta name=\"twitter:data1\" content=\"El Digital de Asturias\" \/>\n\t\t<meta name=\"twitter:label2\" content=\"Tiempo de lectura estimado\" \/>\n\t\t<meta name=\"twitter:data2\" content=\"1 minuto\" \/>\n\t\t<script type=\"application\/ld+json\" class=\"aioseo-schema\">\n\t\t\t{\"@context\":\"https:\\\/\\\/schema.org\",\"@graph\":[{\"@type\":\"BlogPosting\",\"@id\":\"https:\\\/\\\/www.eldigitaldeasturias.com\\\/noticias\\\/protos-reserva-2009-llevara-corses-de-maya-hansen-disenadora-de-lady-gaga\\\/#blogposting\",\"name\":\"Protos Reserva 2009 llevar\\u00e1 cors\\u00e9s de Maya Hansen, dise\\u00f1adora de Lady Gaga - El Digital de Asturias\",\"headline\":\"Protos Reserva 2009 llevar\\u00e1 cors\\u00e9s de Maya Hansen, dise\\u00f1adora de Lady Gaga\",\"author\":{\"@id\":\"https:\\\/\\\/www.eldigitaldeasturias.com\\\/noticias\\\/author\\\/admin\\\/#author\"},\"publisher\":{\"@id\":\"https:\\\/\\\/www.eldigitaldeasturias.com\\\/noticias\\\/#organization\"},\"image\":{\"@type\":\"ImageObject\",\"url\":457214},\"datePublished\":\"2013-12-03T16:55:21+01:00\",\"dateModified\":\"2013-12-03T16:55:21+01:00\",\"inLanguage\":\"es-ES\",\"mainEntityOfPage\":{\"@id\":\"https:\\\/\\\/www.eldigitaldeasturias.com\\\/noticias\\\/protos-reserva-2009-llevara-corses-de-maya-hansen-disenadora-de-lady-gaga\\\/#webpage\"},\"isPartOf\":{\"@id\":\"https:\\\/\\\/www.eldigitaldeasturias.com\\\/noticias\\\/protos-reserva-2009-llevara-corses-de-maya-hansen-disenadora-de-lady-gaga\\\/#webpage\"},\"articleSection\":\"Revista de Ocio\"},{\"@type\":\"BreadcrumbList\",\"@id\":\"https:\\\/\\\/www.eldigitaldeasturias.com\\\/noticias\\\/protos-reserva-2009-llevara-corses-de-maya-hansen-disenadora-de-lady-gaga\\\/#breadcrumblist\",\"itemListElement\":[{\"@type\":\"ListItem\",\"@id\":\"https:\\\/\\\/www.eldigitaldeasturias.com\\\/noticias#listItem\",\"position\":1,\"name\":\"Home\",\"item\":\"https:\\\/\\\/www.eldigitaldeasturias.com\\\/noticias\",\"nextItem\":{\"@type\":\"ListItem\",\"@id\":\"https:\\\/\\\/www.eldigitaldeasturias.com\\\/noticias\\\/category\\\/revista-de-ocio\\\/#listItem\",\"name\":\"Revista de Ocio\"}},{\"@type\":\"ListItem\",\"@id\":\"https:\\\/\\\/www.eldigitaldeasturias.com\\\/noticias\\\/category\\\/revista-de-ocio\\\/#listItem\",\"position\":2,\"name\":\"Revista de Ocio\",\"item\":\"https:\\\/\\\/www.eldigitaldeasturias.com\\\/noticias\\\/category\\\/revista-de-ocio\\\/\",\"nextItem\":{\"@type\":\"ListItem\",\"@id\":\"https:\\\/\\\/www.eldigitaldeasturias.com\\\/noticias\\\/protos-reserva-2009-llevara-corses-de-maya-hansen-disenadora-de-lady-gaga\\\/#listItem\",\"name\":\"Protos Reserva 2009 llevar\\u00e1 cors\\u00e9s de Maya Hansen, dise\\u00f1adora de Lady Gaga\"},\"previousItem\":{\"@type\":\"ListItem\",\"@id\":\"https:\\\/\\\/www.eldigitaldeasturias.com\\\/noticias#listItem\",\"name\":\"Home\"}},{\"@type\":\"ListItem\",\"@id\":\"https:\\\/\\\/www.eldigitaldeasturias.com\\\/noticias\\\/protos-reserva-2009-llevara-corses-de-maya-hansen-disenadora-de-lady-gaga\\\/#listItem\",\"position\":3,\"name\":\"Protos Reserva 2009 llevar\\u00e1 cors\\u00e9s de Maya Hansen, dise\\u00f1adora de Lady Gaga\",\"previousItem\":{\"@type\":\"ListItem\",\"@id\":\"https:\\\/\\\/www.eldigitaldeasturias.com\\\/noticias\\\/category\\\/revista-de-ocio\\\/#listItem\",\"name\":\"Revista de Ocio\"}}]},{\"@type\":\"Organization\",\"@id\":\"https:\\\/\\\/www.eldigitaldeasturias.com\\\/noticias\\\/#organization\",\"name\":\"El Digital de Asturias\",\"description\":\"Hemeroteca\",\"url\":\"https:\\\/\\\/www.eldigitaldeasturias.com\\\/noticias\\\/\",\"email\":\"info@eldigitaldeasturias.com\",\"telephone\":\"+34652131393\",\"logo\":{\"@type\":\"ImageObject\",\"url\":\"https:\\\/\\\/www.eldigitaldeasturias.com\\\/noticias\\\/wp-content\\\/uploads\\\/2020\\\/12\\\/EDA.jpg\",\"@id\":\"https:\\\/\\\/www.eldigitaldeasturias.com\\\/noticias\\\/protos-reserva-2009-llevara-corses-de-maya-hansen-disenadora-de-lady-gaga\\\/#organizationLogo\"},\"image\":{\"@id\":\"https:\\\/\\\/www.eldigitaldeasturias.com\\\/noticias\\\/protos-reserva-2009-llevara-corses-de-maya-hansen-disenadora-de-lady-gaga\\\/#organizationLogo\"},\"sameAs\":[\"https:\\\/\\\/facebook.com\\\/eldigitaldeasturias\",\"https:\\\/\\\/www.youtube.com\\\/channel\\\/UCZP-2wLEB9Rv6erhFmqVnvg\"],\"address\":{\"@id\":\"https:\\\/\\\/www.eldigitaldeasturias.com\\\/noticias\\\/#postaladdress\",\"@type\":\"PostalAddress\",\"streetAddress\":\"san antonio 4\",\"postalCode\":\"33430\",\"addressLocality\":\"Cand\\u00e1s\",\"addressRegion\":\"Asturias\",\"addressCountry\":\"ES\"}},{\"@type\":\"Person\",\"@id\":\"https:\\\/\\\/www.eldigitaldeasturias.com\\\/noticias\\\/author\\\/admin\\\/#author\",\"url\":\"https:\\\/\\\/www.eldigitaldeasturias.com\\\/noticias\\\/author\\\/admin\\\/\",\"name\":\"El Digital de Asturias\",\"image\":{\"@type\":\"ImageObject\",\"@id\":\"https:\\\/\\\/www.eldigitaldeasturias.com\\\/noticias\\\/protos-reserva-2009-llevara-corses-de-maya-hansen-disenadora-de-lady-gaga\\\/#authorImage\",\"url\":\"https:\\\/\\\/secure.gravatar.com\\\/avatar\\\/df2aeffc32bcd13f8d26072ef8a91b623d677766deac7f97ca815868cd41bf5e?s=96&d=mm&r=g\",\"width\":96,\"height\":96,\"caption\":\"El Digital de Asturias\"}},{\"@type\":\"WebPage\",\"@id\":\"https:\\\/\\\/www.eldigitaldeasturias.com\\\/noticias\\\/protos-reserva-2009-llevara-corses-de-maya-hansen-disenadora-de-lady-gaga\\\/#webpage\",\"url\":\"https:\\\/\\\/www.eldigitaldeasturias.com\\\/noticias\\\/protos-reserva-2009-llevara-corses-de-maya-hansen-disenadora-de-lady-gaga\\\/\",\"name\":\"Protos Reserva 2009 llevar\\u00e1 cors\\u00e9s de Maya Hansen, dise\\u00f1adora de Lady Gaga - El Digital de Asturias\",\"description\":\"Madrid, 3 dic (EFE).- La dise\\u00f1adora espa\\u00f1ola Maya Hansen, que ha vestido a Lady Gaga, Nieves \\u00c1lvarez o Paz Vega, ha perfilado tres cors\\u00e9s exclusivos para vestir durante las pr\\u00f3ximas Navidades la a\\u00f1ada 2009 de Protos Reserva, inform\\u00f3 la bodega en un comunicado. Se trata de \\\"tres cors\\u00e9s \\u00fanicos, con acabados metalizados que proyectan sobre\",\"inLanguage\":\"es-ES\",\"isPartOf\":{\"@id\":\"https:\\\/\\\/www.eldigitaldeasturias.com\\\/noticias\\\/#website\"},\"breadcrumb\":{\"@id\":\"https:\\\/\\\/www.eldigitaldeasturias.com\\\/noticias\\\/protos-reserva-2009-llevara-corses-de-maya-hansen-disenadora-de-lady-gaga\\\/#breadcrumblist\"},\"author\":{\"@id\":\"https:\\\/\\\/www.eldigitaldeasturias.com\\\/noticias\\\/author\\\/admin\\\/#author\"},\"creator\":{\"@id\":\"https:\\\/\\\/www.eldigitaldeasturias.com\\\/noticias\\\/author\\\/admin\\\/#author\"},\"image\":{\"@type\":\"ImageObject\",\"url\":457214,\"@id\":\"https:\\\/\\\/www.eldigitaldeasturias.com\\\/noticias\\\/protos-reserva-2009-llevara-corses-de-maya-hansen-disenadora-de-lady-gaga\\\/#mainImage\"},\"primaryImageOfPage\":{\"@id\":\"https:\\\/\\\/www.eldigitaldeasturias.com\\\/noticias\\\/protos-reserva-2009-llevara-corses-de-maya-hansen-disenadora-de-lady-gaga\\\/#mainImage\"},\"datePublished\":\"2013-12-03T16:55:21+01:00\",\"dateModified\":\"2013-12-03T16:55:21+01:00\"},{\"@type\":\"WebSite\",\"@id\":\"https:\\\/\\\/www.eldigitaldeasturias.com\\\/noticias\\\/#website\",\"url\":\"https:\\\/\\\/www.eldigitaldeasturias.com\\\/noticias\\\/\",\"name\":\"El Digital de Asturias - Diario de actualidad y noticias\",\"alternateName\":\"El Digital de Asturias - Diario de actualidad y noticias\",\"description\":\"Hemeroteca\",\"inLanguage\":\"es-ES\",\"publisher\":{\"@id\":\"https:\\\/\\\/www.eldigitaldeasturias.com\\\/noticias\\\/#organization\"}}]}\n\t\t<\/script>\n\t\t<!-- All in One SEO Pro -->\r\n\t\t<title>Protos Reserva 2009 llevar\u00e1 cors\u00e9s de Maya Hansen, dise\u00f1adora de Lady Gaga - El Digital de Asturias<\/title>\n\n","aioseo_head_json":{"title":"Protos Reserva 2009 llevar\u00e1 cors\u00e9s de Maya Hansen, dise\u00f1adora de Lady Gaga - El Digital de Asturias","description":"Madrid, 3 dic (EFE).- La dise\u00f1adora espa\u00f1ola Maya Hansen, que ha vestido a Lady Gaga, Nieves \u00c1lvarez o Paz Vega, ha perfilado tres cors\u00e9s exclusivos para vestir durante las pr\u00f3ximas Navidades la a\u00f1ada 2009 de Protos Reserva, inform\u00f3 la bodega en un comunicado. Se trata de \"tres cors\u00e9s \u00fanicos, con acabados metalizados que proyectan sobre","canonical_url":"https:\/\/www.eldigitaldeasturias.com\/noticias\/protos-reserva-2009-llevara-corses-de-maya-hansen-disenadora-de-lady-gaga\/","robots":"max-image-preview:large","keywords":"revista de ocio","webmasterTools":{"google-site-verification":"UA-38556648-1","msvalidate.01":"7dfe9f3f1b24437ab69f4f2559babe99","miscellaneous":""},"schema":{"@context":"https:\/\/schema.org","@graph":[{"@type":"BlogPosting","@id":"https:\/\/www.eldigitaldeasturias.com\/noticias\/protos-reserva-2009-llevara-corses-de-maya-hansen-disenadora-de-lady-gaga\/#blogposting","name":"Protos Reserva 2009 llevar\u00e1 cors\u00e9s de Maya Hansen, dise\u00f1adora de Lady Gaga - El Digital de Asturias","headline":"Protos Reserva 2009 llevar\u00e1 cors\u00e9s de Maya Hansen, dise\u00f1adora de Lady Gaga","author":{"@id":"https:\/\/www.eldigitaldeasturias.com\/noticias\/author\/admin\/#author"},"publisher":{"@id":"https:\/\/www.eldigitaldeasturias.com\/noticias\/#organization"},"image":{"@type":"ImageObject","url":457214},"datePublished":"2013-12-03T16:55:21+01:00","dateModified":"2013-12-03T16:55:21+01:00","inLanguage":"es-ES","mainEntityOfPage":{"@id":"https:\/\/www.eldigitaldeasturias.com\/noticias\/protos-reserva-2009-llevara-corses-de-maya-hansen-disenadora-de-lady-gaga\/#webpage"},"isPartOf":{"@id":"https:\/\/www.eldigitaldeasturias.com\/noticias\/protos-reserva-2009-llevara-corses-de-maya-hansen-disenadora-de-lady-gaga\/#webpage"},"articleSection":"Revista de Ocio"},{"@type":"BreadcrumbList","@id":"https:\/\/www.eldigitaldeasturias.com\/noticias\/protos-reserva-2009-llevara-corses-de-maya-hansen-disenadora-de-lady-gaga\/#breadcrumblist","itemListElement":[{"@type":"ListItem","@id":"https:\/\/www.eldigitaldeasturias.com\/noticias#listItem","position":1,"name":"Home","item":"https:\/\/www.eldigitaldeasturias.com\/noticias","nextItem":{"@type":"ListItem","@id":"https:\/\/www.eldigitaldeasturias.com\/noticias\/category\/revista-de-ocio\/#listItem","name":"Revista de Ocio"}},{"@type":"ListItem","@id":"https:\/\/www.eldigitaldeasturias.com\/noticias\/category\/revista-de-ocio\/#listItem","position":2,"name":"Revista de Ocio","item":"https:\/\/www.eldigitaldeasturias.com\/noticias\/category\/revista-de-ocio\/","nextItem":{"@type":"ListItem","@id":"https:\/\/www.eldigitaldeasturias.com\/noticias\/protos-reserva-2009-llevara-corses-de-maya-hansen-disenadora-de-lady-gaga\/#listItem","name":"Protos Reserva 2009 llevar\u00e1 cors\u00e9s de Maya Hansen, dise\u00f1adora de Lady Gaga"},"previousItem":{"@type":"ListItem","@id":"https:\/\/www.eldigitaldeasturias.com\/noticias#listItem","name":"Home"}},{"@type":"ListItem","@id":"https:\/\/www.eldigitaldeasturias.com\/noticias\/protos-reserva-2009-llevara-corses-de-maya-hansen-disenadora-de-lady-gaga\/#listItem","position":3,"name":"Protos Reserva 2009 llevar\u00e1 cors\u00e9s de Maya Hansen, dise\u00f1adora de Lady Gaga","previousItem":{"@type":"ListItem","@id":"https:\/\/www.eldigitaldeasturias.com\/noticias\/category\/revista-de-ocio\/#listItem","name":"Revista de Ocio"}}]},{"@type":"Organization","@id":"https:\/\/www.eldigitaldeasturias.com\/noticias\/#organization","name":"El Digital de Asturias","description":"Hemeroteca","url":"https:\/\/www.eldigitaldeasturias.com\/noticias\/","email":"info@eldigitaldeasturias.com","telephone":"+34652131393","logo":{"@type":"ImageObject","url":"https:\/\/www.eldigitaldeasturias.com\/noticias\/wp-content\/uploads\/2020\/12\/EDA.jpg","@id":"https:\/\/www.eldigitaldeasturias.com\/noticias\/protos-reserva-2009-llevara-corses-de-maya-hansen-disenadora-de-lady-gaga\/#organizationLogo"},"image":{"@id":"https:\/\/www.eldigitaldeasturias.com\/noticias\/protos-reserva-2009-llevara-corses-de-maya-hansen-disenadora-de-lady-gaga\/#organizationLogo"},"sameAs":["https:\/\/facebook.com\/eldigitaldeasturias","https:\/\/www.youtube.com\/channel\/UCZP-2wLEB9Rv6erhFmqVnvg"],"address":{"@id":"https:\/\/www.eldigitaldeasturias.com\/noticias\/#postaladdress","@type":"PostalAddress","streetAddress":"san antonio 4","postalCode":"33430","addressLocality":"Cand\u00e1s","addressRegion":"Asturias","addressCountry":"ES"}},{"@type":"Person","@id":"https:\/\/www.eldigitaldeasturias.com\/noticias\/author\/admin\/#author","url":"https:\/\/www.eldigitaldeasturias.com\/noticias\/author\/admin\/","name":"El Digital de Asturias","image":{"@type":"ImageObject","@id":"https:\/\/www.eldigitaldeasturias.com\/noticias\/protos-reserva-2009-llevara-corses-de-maya-hansen-disenadora-de-lady-gaga\/#authorImage","url":"https:\/\/secure.gravatar.com\/avatar\/df2aeffc32bcd13f8d26072ef8a91b623d677766deac7f97ca815868cd41bf5e?s=96&d=mm&r=g","width":96,"height":96,"caption":"El Digital de Asturias"}},{"@type":"WebPage","@id":"https:\/\/www.eldigitaldeasturias.com\/noticias\/protos-reserva-2009-llevara-corses-de-maya-hansen-disenadora-de-lady-gaga\/#webpage","url":"https:\/\/www.eldigitaldeasturias.com\/noticias\/protos-reserva-2009-llevara-corses-de-maya-hansen-disenadora-de-lady-gaga\/","name":"Protos Reserva 2009 llevar\u00e1 cors\u00e9s de Maya Hansen, dise\u00f1adora de Lady Gaga - El Digital de Asturias","description":"Madrid, 3 dic (EFE).- La dise\u00f1adora espa\u00f1ola Maya Hansen, que ha vestido a Lady Gaga, Nieves \u00c1lvarez o Paz Vega, ha perfilado tres cors\u00e9s exclusivos para vestir durante las pr\u00f3ximas Navidades la a\u00f1ada 2009 de Protos Reserva, inform\u00f3 la bodega en un comunicado. Se trata de \"tres cors\u00e9s \u00fanicos, con acabados metalizados que proyectan sobre","inLanguage":"es-ES","isPartOf":{"@id":"https:\/\/www.eldigitaldeasturias.com\/noticias\/#website"},"breadcrumb":{"@id":"https:\/\/www.eldigitaldeasturias.com\/noticias\/protos-reserva-2009-llevara-corses-de-maya-hansen-disenadora-de-lady-gaga\/#breadcrumblist"},"author":{"@id":"https:\/\/www.eldigitaldeasturias.com\/noticias\/author\/admin\/#author"},"creator":{"@id":"https:\/\/www.eldigitaldeasturias.com\/noticias\/author\/admin\/#author"},"image":{"@type":"ImageObject","url":457214,"@id":"https:\/\/www.eldigitaldeasturias.com\/noticias\/protos-reserva-2009-llevara-corses-de-maya-hansen-disenadora-de-lady-gaga\/#mainImage"},"primaryImageOfPage":{"@id":"https:\/\/www.eldigitaldeasturias.com\/noticias\/protos-reserva-2009-llevara-corses-de-maya-hansen-disenadora-de-lady-gaga\/#mainImage"},"datePublished":"2013-12-03T16:55:21+01:00","dateModified":"2013-12-03T16:55:21+01:00"},{"@type":"WebSite","@id":"https:\/\/www.eldigitaldeasturias.com\/noticias\/#website","url":"https:\/\/www.eldigitaldeasturias.com\/noticias\/","name":"El Digital de Asturias - Diario de actualidad y noticias","alternateName":"El Digital de Asturias - Diario de actualidad y noticias","description":"Hemeroteca","inLanguage":"es-ES","publisher":{"@id":"https:\/\/www.eldigitaldeasturias.com\/noticias\/#organization"}}]},"og:locale":"es_ES","og:site_name":"El Digital de Asturias","og:type":"article","og:title":"Protos Reserva 2009 llevar\u00e1 cors\u00e9s de Maya Hansen, dise\u00f1adora de Lady Gaga - El Digital de Asturias","og:description":"Madrid, 3 dic (EFE).- La dise\u00f1adora espa\u00f1ola Maya Hansen, que ha vestido a Lady Gaga, Nieves \u00c1lvarez o Paz Vega, ha perfilado tres cors\u00e9s exclusivos para vestir durante las pr\u00f3ximas Navidades la a\u00f1ada 2009 de Protos Reserva, inform\u00f3 la bodega en un comunicado. Se trata de &quot;tres cors\u00e9s \u00fanicos, con acabados metalizados que proyectan sobre","og:url":"https:\/\/www.eldigitaldeasturias.com\/noticias\/protos-reserva-2009-llevara-corses-de-maya-hansen-disenadora-de-lady-gaga\/","article:tag":["revista de ocio"],"article:published_time":"2013-12-03T17:55:21+00:00","article:modified_time":"2013-12-03T17:55:21+00:00","article:publisher":"https:\/\/facebook.com\/eldigitaldeasturias","twitter:card":"summary_large_image","twitter:title":"Protos Reserva 2009 llevar\u00e1 cors\u00e9s de Maya Hansen, dise\u00f1adora de Lady Gaga - El Digital de Asturias","twitter:description":"Madrid, 3 dic (EFE).- La dise\u00f1adora espa\u00f1ola Maya Hansen, que ha vestido a Lady Gaga, Nieves \u00c1lvarez o Paz Vega, ha perfilado tres cors\u00e9s exclusivos para vestir durante las pr\u00f3ximas Navidades la a\u00f1ada 2009 de Protos Reserva, inform\u00f3 la bodega en un comunicado. Se trata de &quot;tres cors\u00e9s \u00fanicos, con acabados metalizados que proyectan sobre","twitter:label1":"Escrito por","twitter:data1":"El Digital de Asturias","twitter:label2":"Tiempo de lectura estimado","twitter:data2":"1 minuto"},"aioseo_meta_data":{"post_id":"457213","title":null,"description":null,"keywords":null,"keyphrases":null,"primary_term":null,"canonical_url":null,"og_title":null,"og_description":null,"og_object_type":"default","og_image_type":"default","og_image_url":null,"og_image_width":null,"og_image_height":null,"og_image_custom_url":null,"og_image_custom_fields":null,"og_video":null,"og_custom_url":null,"og_article_section":null,"og_article_tags":null,"twitter_use_og":true,"twitter_card":"default","twitter_image_type":"default","twitter_image_url":null,"twitter_image_custom_url":null,"twitter_image_custom_fields":null,"twitter_title":null,"twitter_description":null,"schema":{"blockGraphs":[],"customGraphs":[],"default":{"data":{"Article":[],"Course":[],"Dataset":[],"FAQPage":[],"Movie":[],"Person":[],"Product":[],"ProductReview":[],"Car":[],"Recipe":[],"Service":[],"SoftwareApplication":[],"WebPage":[]},"graphName":"","isEnabled":true},"graphs":[],"defaultGraph":"","defaultPostTypeGraph":""},"schema_type":null,"schema_type_options":null,"pillar_content":false,"robots_default":true,"robots_noindex":false,"robots_noarchive":false,"robots_nosnippet":false,"robots_nofollow":false,"robots_noimageindex":false,"robots_noodp":false,"robots_notranslate":false,"robots_max_snippet":null,"robots_max_videopreview":null,"robots_max_imagepreview":"none","priority":null,"frequency":null,"local_seo":null,"seo_analyzer_scan_date":"2026-05-30 00:44:58","breadcrumb_settings":null,"limit_modified_date":false,"open_ai":null,"ai":null,"created":"2020-11-14 22:46:06","updated":"2026-05-30 00:44:58","focus_keyword":null,"additional_keywords":null,"truseo_locale":null},"aioseo_breadcrumb":"<div class=\"aioseo-breadcrumbs\"><span class=\"aioseo-breadcrumb\">\n\t<a href=\"https:\/\/www.eldigitaldeasturias.com\/noticias\" title=\"Home\">Home<\/a>\n<\/span><span class=\"aioseo-breadcrumb-separator\">\u2013<\/span><span class=\"aioseo-breadcrumb\">\n\t<a href=\"https:\/\/www.eldigitaldeasturias.com\/noticias\/category\/revista-de-ocio\/\" title=\"Revista de Ocio\">Revista de Ocio<\/a>\n<\/span><span class=\"aioseo-breadcrumb-separator\">\u2013<\/span><span class=\"aioseo-breadcrumb\">\n\t<a href=\"https:\/\/www.eldigitaldeasturias.com\/noticias\/protos-reserva-2009-llevara-corses-de-maya-hansen-disenadora-de-lady-gaga\/\" title=\"Protos Reserva 2009 llevar\u00e1 cors\u00e9s de Maya Hansen, dise\u00f1adora de Lady Gaga\">Protos Reserva 2009 llevar\u00e1 cors\u00e9s de Maya Hansen, dise\u00f1adora de Lady Gaga<\/a>\n<\/span><\/div>","aioseo_breadcrumb_json":[{"label":"Home","link":"https:\/\/www.eldigitaldeasturias.com\/noticias"},{"label":"Revista de Ocio","link":"https:\/\/www.eldigitaldeasturias.com\/noticias\/category\/revista-de-ocio\/"},{"label":"Protos Reserva 2009 llevar\u00e1 cors\u00e9s de Maya Hansen, dise\u00f1adora de Lady Gaga","link":"https:\/\/www.eldigitaldeasturias.com\/noticias\/protos-reserva-2009-llevara-corses-de-maya-hansen-disenadora-de-lady-gaga\/"}],"_links":{"self":[{"href":"https:\/\/www.eldigitaldeasturias.com\/noticias\/wp-json\/wp\/v2\/posts\/457213","targetHints":{"allow":["GET"]}}],"collection":[{"href":"https:\/\/www.eldigitaldeasturias.com\/noticias\/wp-json\/wp\/v2\/posts"}],"about":[{"href":"https:\/\/www.eldigitaldeasturias.com\/noticias\/wp-json\/wp\/v2\/types\/post"}],"author":[{"embeddable":true,"href":"https:\/\/www.eldigitaldeasturias.com\/noticias\/wp-json\/wp\/v2\/users\/1"}],"replies":[{"embeddable":true,"href":"https:\/\/www.eldigitaldeasturias.com\/noticias\/wp-json\/wp\/v2\/comments?post=457213"}],"version-history":[{"count":0,"href":"https:\/\/www.eldigitaldeasturias.com\/noticias\/wp-json\/wp\/v2\/posts\/457213\/revisions"}],"wp:attachment":[{"href":"https:\/\/www.eldigitaldeasturias.com\/noticias\/wp-json\/wp\/v2\/media?parent=457213"}],"wp:term":[{"taxonomy":"category","embeddable":true,"href":"https:\/\/www.eldigitaldeasturias.com\/noticias\/wp-json\/wp\/v2\/categories?post=457213"},{"taxonomy":"post_tag","embeddable":true,"href":"https:\/\/www.eldigitaldeasturias.com\/noticias\/wp-json\/wp\/v2\/tags?post=457213"}],"curies":[{"name":"wp","href":"https:\/\/api.w.org\/{rel}","templated":true}]}}